{"id":24987,"date":"2025-12-11T15:51:11","date_gmt":"2025-12-11T18:51:11","guid":{"rendered":"https:\/\/www.mpc.pr.gov.br\/?p=24987"},"modified":"2026-01-13T09:00:06","modified_gmt":"2026-01-13T12:00:06","slug":"mpc-pr-intensifica-acoes-para-fortalecer-defesas-civis-municipais-e-amplia-articulacao-com-a-coordenadoria-estadual-de-defesa-civil","status":"publish","type":"post","link":"https:\/\/www.mpc.pr.gov.br\/index.php\/mpc-pr-intensifica-acoes-para-fortalecer-defesas-civis-municipais-e-amplia-articulacao-com-a-coordenadoria-estadual-de-defesa-civil\/","title":{"rendered":"MPC-PR intensifica a\u00e7\u00f5es para fortalecer Defesas Civis Municipais e amplia articula\u00e7\u00e3o com a Coordenadoria Estadual de Defesa Civil"},"content":{"rendered":"<figure id=\"attachment_24988\" aria-describedby=\"caption-attachment-24988\" style=\"width: 300px\" class=\"wp-caption alignleft\"><img fetchpriority=\"high\" decoding=\"async\" class=\"size-medium wp-image-24988\" src=\"https:\/\/www.mpc.pr.gov.br\/wp-content\/uploads\/2025\/12\/WhatsApp-Image-2025-12-11-at-14.47.05-2-300x225.jpeg\" alt=\"\" width=\"300\" height=\"225\" srcset=\"https:\/\/www.mpc.pr.gov.br\/wp-content\/uploads\/2025\/12\/WhatsApp-Image-2025-12-11-at-14.47.05-2-300x225.jpeg 300w, https:\/\/www.mpc.pr.gov.br\/wp-content\/uploads\/2025\/12\/WhatsApp-Image-2025-12-11-at-14.47.05-2-1024x768.jpeg 1024w, https:\/\/www.mpc.pr.gov.br\/wp-content\/uploads\/2025\/12\/WhatsApp-Image-2025-12-11-at-14.47.05-2-768x576.jpeg 768w, https:\/\/www.mpc.pr.gov.br\/wp-content\/uploads\/2025\/12\/WhatsApp-Image-2025-12-11-at-14.47.05-2.jpeg 1280w\" sizes=\"(max-width: 300px) 100vw, 300px\" \/><figcaption id=\"caption-attachment-24988\" class=\"wp-caption-text\">Reuni\u00e3o t\u00e9cnica entre o MPC-PR e a Coordenadoria de Defesa Civil do Estado.<\/figcaption><\/figure>\n<p><span data-contrast=\"none\">O Minist\u00e9rio P\u00fablico de Contas do Paran\u00e1 (MPC-PR) vem consolidando, nos \u00faltimos dois anos, uma agenda de articula\u00e7\u00e3o interinstitucional para apoiar os Munic\u00edpios do Paran\u00e1 na estrutura\u00e7\u00e3o de suas Defesas Civis e na preven\u00e7\u00e3o de desastres clim\u00e1ticos. <\/span><span data-contrast=\"none\">Como parte dessas a\u00e7\u00f5es, nesta quinta-feira (11 de dezembro), a equipe do Projeto de Atua\u00e7\u00e3o Especial \u201cEstrutura de Prote\u00e7\u00e3o e Defesa Civil dos Munic\u00edpios\u201d do Minist\u00e9rio P\u00fablico de Contas do Paran\u00e1 (MPC-PR), participou de uma reuni\u00e3o t\u00e9cnica com o Coordenador Executivo da <a href=\"https:\/\/www.defesacivil.pr.gov.br\/\">Defesa Civil Estadual<\/a>, Cel. QOBM Ivan Ricardo Fernandes, no Pal\u00e1cio das Arauc\u00e1rias, em Curitiba.<\/span><span data-ccp-props=\"{&quot;201341983&quot;:0,&quot;335551550&quot;:6,&quot;335551620&quot;:6,&quot;335559738&quot;:210,&quot;335559739&quot;:210,&quot;335559740&quot;:360}\">\u00a0<\/span><\/p>\n<p><span data-contrast=\"none\">O encontro teve como foco o alinhamento institucional sobre a preven\u00e7\u00e3o de desastres no Estado, apresenta\u00e7\u00e3o dos sistemas utilizados pela Defesa Civil para monitoramento, gest\u00e3o de riscos, registro de ocorr\u00eancias e solicita\u00e7\u00e3o de apoio em emerg\u00eancias, bem como a <a href=\"https:\/\/www.mpc.pr.gov.br\/wp-content\/uploads\/2025\/12\/Recomendacao-Administrativa-n.-03-2025-GPGMPC-PR.pdf\">Recomenda\u00e7\u00e3o Administrativa n\u00ba 03\/2025<\/a>, emitida pelo MPC-PR na quarta-feira (10 de dezembro) aos 399 munic\u00edpios paranaenses.<\/span><span data-ccp-props=\"{&quot;201341983&quot;:0,&quot;335551550&quot;:6,&quot;335551620&quot;:6,&quot;335559738&quot;:210,&quot;335559739&quot;:210,&quot;335559740&quot;:360}\">\u00a0<\/span><\/p>\n<p><span data-contrast=\"none\">Representando o MPC-PR, participaram do encontro o Procurador-Geral Gabriel Guy L\u00e9ger, a Diretora-Geral Barbara Krysttal Motta Almeida Reis, e as servidoras Cec\u00edlia Passos Brand\u00e3o, Mykaella Ribeiro Mello, Suiane Volpato de Oliveira Zanardi, Viviane da Costa Suckow e Giovanna Menezes Faria. A reuni\u00e3o contou ainda com a presen\u00e7a do Presidente da Comiss\u00e3o do Tribunal de Contas do Paran\u00e1 (TCE-PR) de Acompanhamento do Estado de Calamidade P\u00fablica no Munic\u00edpio de Rio Bonito do Igua\u00e7u, Mario Ant\u00f4nio Cecato.\u00a0<\/span><span data-ccp-props=\"{&quot;201341983&quot;:0,&quot;335551550&quot;:6,&quot;335551620&quot;:6,&quot;335559738&quot;:210,&quot;335559739&quot;:210,&quot;335559740&quot;:360}\">\u00a0<\/span><\/p>\n<figure id=\"attachment_24989\" aria-describedby=\"caption-attachment-24989\" style=\"width: 300px\" class=\"wp-caption alignright\"><img decoding=\"async\" class=\"size-medium wp-image-24989\" src=\"https:\/\/www.mpc.pr.gov.br\/wp-content\/uploads\/2025\/12\/WhatsApp-Image-2025-12-11-at-14.47.03-300x225.jpeg\" alt=\"\" width=\"300\" height=\"225\" srcset=\"https:\/\/www.mpc.pr.gov.br\/wp-content\/uploads\/2025\/12\/WhatsApp-Image-2025-12-11-at-14.47.03-300x225.jpeg 300w, https:\/\/www.mpc.pr.gov.br\/wp-content\/uploads\/2025\/12\/WhatsApp-Image-2025-12-11-at-14.47.03-1024x768.jpeg 1024w, https:\/\/www.mpc.pr.gov.br\/wp-content\/uploads\/2025\/12\/WhatsApp-Image-2025-12-11-at-14.47.03-768x576.jpeg 768w, https:\/\/www.mpc.pr.gov.br\/wp-content\/uploads\/2025\/12\/WhatsApp-Image-2025-12-11-at-14.47.03.jpeg 1280w\" sizes=\"(max-width: 300px) 100vw, 300px\" \/><figcaption id=\"caption-attachment-24989\" class=\"wp-caption-text\">Entrega da Recomenda\u00e7\u00e3o Administrativa n\u00ba 03\/2025 emitida pelo MPC-PR aos 399 munic\u00edpios paranaenses.<\/figcaption><\/figure>\n<p><span data-contrast=\"none\">Durante a reuni\u00e3o, o Coronel Fernandes parabenizou o MPC-PR pelo apoio institucional e destacou a relev\u00e2ncia da Recomenda\u00e7\u00e3o Administrativa n\u00ba 03\/2025, que orienta os gestores municipais a institu\u00edrem o Fundo Municipal de Calamidade P\u00fablica e a estruturarem suas Defesas Civis conforme a Lei Estadual n\u00ba 18.519\/2015. Segundo ele, a iniciativa do MPC-PR fortalece de forma significativa o trabalho da Defesa Civil, uma vez que muitos munic\u00edpios ainda n\u00e3o reconhecem como problema a aus\u00eancia de uma estrutura local de prote\u00e7\u00e3o e defesa civil, percep\u00e7\u00e3o que, na maioria das vezes, s\u00f3 surge diante de situa\u00e7\u00f5es de emerg\u00eancia.<\/span><span data-ccp-props=\"{&quot;201341983&quot;:0,&quot;335551550&quot;:6,&quot;335551620&quot;:6,&quot;335559738&quot;:210,&quot;335559739&quot;:210,&quot;335559740&quot;:360}\">\u00a0<\/span><\/p>\n<p><span data-contrast=\"none\">O Coronel explicou tamb\u00e9m que a Coordenadoria Estadual tem atuado para ampliar essa conscientiza\u00e7\u00e3o, promovendo capacita\u00e7\u00f5es, prestando suporte t\u00e9cnico e viabilizando repasses de recursos destinados a preparar os munic\u00edpios para enfrentar eventos clim\u00e1ticos extremos. Para ele, investir em preven\u00e7\u00e3o \u00e9 essencial para reduzir a necessidade de a\u00e7\u00f5es emergenciais e minimizar os preju\u00edzos decorrentes de desastres.\u00a0<\/span><span data-ccp-props=\"{&quot;201341983&quot;:0,&quot;335551550&quot;:6,&quot;335551620&quot;:6,&quot;335559738&quot;:210,&quot;335559739&quot;:210,&quot;335559740&quot;:360}\">\u00a0<\/span><\/p>\n<p><span data-contrast=\"none\">Nesse cen\u00e1rio, o MPC-PR se consolida como um parceiro estrat\u00e9gico, contribuindo para transformar a cultura de gest\u00e3o de riscos e fortalecer a atua\u00e7\u00e3o do Estado diante dos desafios clim\u00e1ticos.<\/span><span data-ccp-props=\"{&quot;201341983&quot;:0,&quot;335551550&quot;:6,&quot;335551620&quot;:6,&quot;335559738&quot;:210,&quot;335559739&quot;:210,&quot;335559740&quot;:360}\">\u00a0<\/span><\/p>\n<h4><b><span data-contrast=\"none\">Articula\u00e7\u00e3o estrat\u00e9gica<\/span><\/b><span data-ccp-props=\"{&quot;201341983&quot;:0,&quot;335551550&quot;:6,&quot;335551620&quot;:6,&quot;335559738&quot;:210,&quot;335559739&quot;:210,&quot;335559740&quot;:360}\">\u00a0<\/span><\/h4>\n<p><span data-contrast=\"none\">Concebido para responder ao aumento de eventos clim\u00e1ticos extremos e ao desafio de preparar as cidades para agir com rapidez e prevenir desastres, o projeto do MPC-PR foi idealizado pelo Procurador-Geral Gabriel Guy L\u00e9ger, em conjunto com o Gerente T\u00e9cnico do N\u00facleo de Apoio Estrat\u00e9gico (NAE), Fernando Aquino Scaliante. <\/span><span data-ccp-props=\"{&quot;201341983&quot;:0,&quot;335551550&quot;:6,&quot;335551620&quot;:6,&quot;335559738&quot;:210,&quot;335559739&quot;:210,&quot;335559740&quot;:360}\">\u00a0<\/span><\/p>\n<p><span data-contrast=\"none\">Atualmente, a iniciativa est\u00e1 sendo conduzida pelas servidoras Cec\u00edlia Passos Brand\u00e3o, Mykaella Ribeiro Mello, Suiane Volpato de Oliveira Zanardi e Viviane da Costa Suckow, que t\u00eam participado de eventos estrat\u00e9gicos que aproximaram o MPC-PR de autoridades da Defesa Civil e de outras institui\u00e7\u00f5es parceiras, criando condi\u00e7\u00f5es para troca de experi\u00eancias, dados e informa\u00e7\u00f5es, al\u00e9m de integra\u00e7\u00e3o e expans\u00e3o de parcerias operacionais.<\/span><span data-ccp-props=\"{&quot;201341983&quot;:0,&quot;335551550&quot;:6,&quot;335551620&quot;:6,&quot;335559738&quot;:210,&quot;335559739&quot;:210,&quot;335559740&quot;:360}\">\u00a0<\/span><\/p>\n<p><span data-contrast=\"none\">No momento tamb\u00e9m est\u00e3o sendo viabilizadas, pelo Procurador-Geral do MPC-PR, Gabriel Guy L\u00e9ger, e pela Diretora-Geral do MPC-PR, Barbara Krysttal Motta Almeida Reis, a articula\u00e7\u00e3o com institui\u00e7\u00f5es a fim de gerar uma matriz de responsabilidade e fortalecimento das bases de dados, cujo principal objetivo \u00e9 garantir a clareza das atribui\u00e7\u00f5es, facilitar a comunica\u00e7\u00e3o e a presta\u00e7\u00e3o de contas dentro da administra\u00e7\u00e3o p\u00fablica.\u00a0\u00a0<\/span><span data-ccp-props=\"{&quot;201341983&quot;:0,&quot;335551550&quot;:6,&quot;335551620&quot;:6,&quot;335559738&quot;:210,&quot;335559739&quot;:210,&quot;335559740&quot;:360}\">\u00a0<\/span><\/p>\n<p><span data-contrast=\"none\">Abaixo, uma s\u00edntese dos eventos e reuni\u00f5es t\u00e9cnicas realizadas pela equipe para aperfei\u00e7oamento do projeto: <\/span><span data-ccp-props=\"{&quot;201341983&quot;:0,&quot;335551550&quot;:6,&quot;335551620&quot;:6,&quot;335559738&quot;:210,&quot;335559739&quot;:210,&quot;335559740&quot;:360}\">\u00a0<\/span><\/p>\n<ul>\n<li aria-setsize=\"-1\" data-leveltext=\"\uf0b7\" data-font=\"Symbol\" data-listid=\"1\" data-list-defn-props=\"{&quot;335552541&quot;:1,&quot;335559685&quot;:720,&quot;335559991&quot;:360,&quot;469769226&quot;:&quot;Symbol&quot;,&quot;469769242&quot;:[8226],&quot;469777803&quot;:&quot;left&quot;,&quot;469777804&quot;:&quot;\uf0b7&quot;,&quot;469777815&quot;:&quot;hybridMultilevel&quot;}\" data-aria-posinset=\"1\" data-aria-level=\"1\"><em>1\u00ba Workshop \u201cMunic\u00edpios Mais Resilientes em Desastres do Litoral do Paran\u00e1\u201d, no ISULPAR (Paranagu\u00e1)\u00a0<\/em><\/li>\n<\/ul>\n<p><span data-contrast=\"none\">Em 13 e 14 de novembro, na ISULPAR de Paranagu\u00e1\/PR, foi realizado o 1\u00ba workshop voltado \u00e0 capacita\u00e7\u00e3o de gestores e comunidades do Litoral. Entre as palestras, a programa\u00e7\u00e3o trouxe temas relacionados a cidades resilientes; integra\u00e7\u00e3o de setores p\u00fablicos na prote\u00e7\u00e3o da popula\u00e7\u00e3o; monitoramento meteorol\u00f3gico (Simepar); for\u00e7a-tarefa de resposta a desastres; movimenta\u00e7\u00e3o de massas na Serra do Mar; planos municipais de redu\u00e7\u00e3o de riscos, entre outros. A Autoridade Portu\u00e1ria (Portos do Paran\u00e1) e parceiros do Plano de Ajuda M\u00fatua (PAM) tamb\u00e9m compartilharam boas pr\u00e1ticas de gerenciamento de riscos e simula\u00e7\u00f5es de emerg\u00eancia, refor\u00e7ando o papel das parcerias p\u00fablico-privadas nas a\u00e7\u00f5es de preven\u00e7\u00e3o e resposta \u00e0 desastres.\u00a0<\/span><span data-ccp-props=\"{&quot;201341983&quot;:0,&quot;335551550&quot;:6,&quot;335551620&quot;:6,&quot;335559738&quot;:210,&quot;335559739&quot;:210,&quot;335559740&quot;:360}\">\u00a0<\/span><\/p>\n<ul>\n<li aria-setsize=\"-1\" data-leveltext=\"\uf0b7\" data-font=\"Symbol\" data-listid=\"2\" data-list-defn-props=\"{&quot;335552541&quot;:1,&quot;335559685&quot;:720,&quot;335559991&quot;:360,&quot;469769226&quot;:&quot;Symbol&quot;,&quot;469769242&quot;:[8226],&quot;469777803&quot;:&quot;left&quot;,&quot;469777804&quot;:&quot;\uf0b7&quot;,&quot;469777815&quot;:&quot;hybridMultilevel&quot;}\" data-aria-posinset=\"1\" data-aria-level=\"1\"><em>1\u00aa Confer\u00eancia do Clima do Paran\u00e1, em Curitiba: dados, alertas e governan\u00e7a de risco\u00a0<\/em><\/li>\n<\/ul>\n<figure id=\"attachment_24991\" aria-describedby=\"caption-attachment-24991\" style=\"width: 300px\" class=\"wp-caption alignleft\"><img decoding=\"async\" class=\"size-medium wp-image-24991\" src=\"https:\/\/www.mpc.pr.gov.br\/wp-content\/uploads\/2025\/12\/WhatsApp-Image-2025-12-11-at-15.06.41-1-300x169.jpeg\" alt=\"\" width=\"300\" height=\"169\" srcset=\"https:\/\/www.mpc.pr.gov.br\/wp-content\/uploads\/2025\/12\/WhatsApp-Image-2025-12-11-at-15.06.41-1-300x169.jpeg 300w, https:\/\/www.mpc.pr.gov.br\/wp-content\/uploads\/2025\/12\/WhatsApp-Image-2025-12-11-at-15.06.41-1-1024x576.jpeg 1024w, https:\/\/www.mpc.pr.gov.br\/wp-content\/uploads\/2025\/12\/WhatsApp-Image-2025-12-11-at-15.06.41-1-768x432.jpeg 768w, https:\/\/www.mpc.pr.gov.br\/wp-content\/uploads\/2025\/12\/WhatsApp-Image-2025-12-11-at-15.06.41-1-1536x864.jpeg 1536w, https:\/\/www.mpc.pr.gov.br\/wp-content\/uploads\/2025\/12\/WhatsApp-Image-2025-12-11-at-15.06.41-1-800x450.jpeg 800w, https:\/\/www.mpc.pr.gov.br\/wp-content\/uploads\/2025\/12\/WhatsApp-Image-2025-12-11-at-15.06.41-1.jpeg 1600w\" sizes=\"(max-width: 300px) 100vw, 300px\" \/><figcaption id=\"caption-attachment-24991\" class=\"wp-caption-text\">MPC-PR marca presen\u00e7a na 1\u00aa Confer\u00eancia do Clima do Paran\u00e1, realizada em Curitiba no dia 26 de novembro.<\/figcaption><\/figure>\n<p><span data-contrast=\"none\">No dia 26 de novembro, o Governo do Estado, Secretaria de Desenvolvimento Sustent\u00e1vel (SEDEST), Simepar, IAT e Defesa Civil promoveram a 1\u00aa Confer\u00eancia do Clima do Paran\u00e1, destinada a prefeitos e representantes municipais. O evento apresentou a estrutura de previs\u00e3o do tempo do Simepar, explicando como s\u00e3o emitidos avisos e alertas e quais as caracter\u00edsticas dos eventos geo-hidrol\u00f3gicos. No per\u00edodo da tarde as palestras ficaram por conta da Defesa Civil, em que o Coronel Ivan Ricardo Fernandes, Major Anderson Gomes e Subtenente Rog\u00e9rio Marcos Hammes detalharam quais os procedimentos de registro necess\u00e1rios que precisam ser formalizados ap\u00f3s a ocorr\u00eancia dos desastres. A confer\u00eancia foi transmitida ao vivo pelo YouTube do Simepar e reuniu representantes de cerca de 200 munic\u00edpios, consolidando uma agenda de capacita\u00e7\u00e3o pr\u00e1tica para a tomada de decis\u00e3o baseada em dados.\u00a0<\/span><span data-ccp-props=\"{&quot;201341983&quot;:0,&quot;335551550&quot;:6,&quot;335551620&quot;:6,&quot;335559738&quot;:210,&quot;335559739&quot;:210,&quot;335559740&quot;:360}\">\u00a0<\/span><\/p>\n<p><span data-contrast=\"none\"><img loading=\"lazy\" decoding=\"async\" class=\"size-medium wp-image-24990 alignright\" src=\"https:\/\/www.mpc.pr.gov.br\/wp-content\/uploads\/2025\/12\/WhatsApp-Image-2025-12-11-at-15.06.41-300x225.jpeg\" alt=\"\" width=\"300\" height=\"225\" srcset=\"https:\/\/www.mpc.pr.gov.br\/wp-content\/uploads\/2025\/12\/WhatsApp-Image-2025-12-11-at-15.06.41-300x225.jpeg 300w, https:\/\/www.mpc.pr.gov.br\/wp-content\/uploads\/2025\/12\/WhatsApp-Image-2025-12-11-at-15.06.41-1024x768.jpeg 1024w, https:\/\/www.mpc.pr.gov.br\/wp-content\/uploads\/2025\/12\/WhatsApp-Image-2025-12-11-at-15.06.41-768x576.jpeg 768w, https:\/\/www.mpc.pr.gov.br\/wp-content\/uploads\/2025\/12\/WhatsApp-Image-2025-12-11-at-15.06.41.jpeg 1280w\" sizes=\"(max-width: 300px) 100vw, 300px\" \/>Durante as discuss\u00f5es, o Coordenador Estadual da Defesa Civil, Coronel Fernando Schunig, ressaltou a import\u00e2ncia do n\u00edvel municipal na difus\u00e3o de informa\u00e7\u00f5es e nas respostas, e lembrou que o Paran\u00e1 disp\u00f5e do Fundo Estadual para Calamidades P\u00fablicas (Fecap), que financia obras de resili\u00eancia e preven\u00e7\u00e3o, com projetos apresentados diretamente \u00e0 Defesa Civil. A confer\u00eancia tamb\u00e9m abordou o laudo t\u00e9cnico sobre tr\u00eas tornados que atingiram o Estado em 7 de novembro, refor\u00e7ando a necessidade de arquitetura de resili\u00eancia com apoio de \u00f3rg\u00e3os t\u00e9cnicos e do CREA.\u00a0<\/span><span data-ccp-props=\"{&quot;201341983&quot;:0,&quot;335551550&quot;:6,&quot;335551620&quot;:6,&quot;335559738&quot;:210,&quot;335559739&quot;:210,&quot;335559740&quot;:360}\">\u00a0<\/span><\/p>\n<ul>\n<li aria-setsize=\"-1\" data-leveltext=\"\uf0b7\" data-font=\"Symbol\" data-listid=\"3\" data-list-defn-props=\"{&quot;335552541&quot;:1,&quot;335559685&quot;:720,&quot;335559991&quot;:360,&quot;469769226&quot;:&quot;Symbol&quot;,&quot;469769242&quot;:[8226],&quot;469777803&quot;:&quot;left&quot;,&quot;469777804&quot;:&quot;\uf0b7&quot;,&quot;469777815&quot;:&quot;hybridMultilevel&quot;}\" data-aria-posinset=\"1\" data-aria-level=\"1\"><em>Reuni\u00e3o T\u00e9cnica no Pal\u00e1cio Igua\u00e7u\u00a0<\/em><\/li>\n<\/ul>\n<figure id=\"attachment_24992\" aria-describedby=\"caption-attachment-24992\" style=\"width: 300px\" class=\"wp-caption alignleft\"><img loading=\"lazy\" decoding=\"async\" class=\"size-medium wp-image-24992\" src=\"https:\/\/www.mpc.pr.gov.br\/wp-content\/uploads\/2025\/12\/WhatsApp-Image-2025-12-03-at-17.04.14-300x225.jpeg\" alt=\"\" width=\"300\" height=\"225\" srcset=\"https:\/\/www.mpc.pr.gov.br\/wp-content\/uploads\/2025\/12\/WhatsApp-Image-2025-12-03-at-17.04.14-300x225.jpeg 300w, https:\/\/www.mpc.pr.gov.br\/wp-content\/uploads\/2025\/12\/WhatsApp-Image-2025-12-03-at-17.04.14-1024x768.jpeg 1024w, https:\/\/www.mpc.pr.gov.br\/wp-content\/uploads\/2025\/12\/WhatsApp-Image-2025-12-03-at-17.04.14-768x576.jpeg 768w, https:\/\/www.mpc.pr.gov.br\/wp-content\/uploads\/2025\/12\/WhatsApp-Image-2025-12-03-at-17.04.14-1536x1152.jpeg 1536w, https:\/\/www.mpc.pr.gov.br\/wp-content\/uploads\/2025\/12\/WhatsApp-Image-2025-12-03-at-17.04.14.jpeg 1600w\" sizes=\"(max-width: 300px) 100vw, 300px\" \/><figcaption id=\"caption-attachment-24992\" class=\"wp-caption-text\">Equipe do MPC-PR durante a 3\u00aa Reuni\u00e3o de Gerenciamento de Risco Clim\u00e1tico, realizada pela Coordenadoria Estadual de Defesa Civil do Paran\u00e1 (CEDEC) em parceria com a Casa Civil, no Pal\u00e1cio Igua\u00e7u em 3 de dezembro.<\/figcaption><\/figure>\n<p><span data-contrast=\"none\">No dia 03 dezembro as servidoras do MPC-PR tiveram o privil\u00e9gio de participar, presencialmente, da 3\u00aa Reuni\u00e3o de Gerenciamento de Risco Clim\u00e1tico, realizada pela Coordenadoria Estadual de Defesa Civil do Paran\u00e1 (CEDEC) em parceria com a Casa Civil, tendo como objetivo a articula\u00e7\u00e3o e integra\u00e7\u00e3o institucional voltada ao aprimoramento das a\u00e7\u00f5es preventivas frente aos eventos clim\u00e1ticos extremos.<\/span><span data-ccp-props=\"{&quot;201341983&quot;:0,&quot;335551550&quot;:6,&quot;335551620&quot;:6,&quot;335559738&quot;:210,&quot;335559739&quot;:210,&quot;335559740&quot;:360}\">\u00a0<\/span><\/p>\n<p><span data-contrast=\"none\">Na ocasi\u00e3o foram apresentados dados t\u00e9cnicos e mapas preliminares elaborados pela Empresa Brasileira de Pesquisa Agropecu\u00e1ria (Embrapa), Instituto \u00c1gua e Terra (IAT) e Defesa Civil, a fim de subsidiar a an\u00e1lise e planejamento entre \u00f3rg\u00e3os governamentais, institui\u00e7\u00f5es de pesquisa e demais entidades convidadas. As a\u00e7\u00f5es discutidas t\u00eam como objetivo futuro, e comum, o fortalecimento dos instrumentos de preven\u00e7\u00e3o, prepara\u00e7\u00e3o e mitiga\u00e7\u00e3o frente a eventos clim\u00e1ticos extremos.<\/span><span data-ccp-props=\"{&quot;201341983&quot;:0,&quot;335551550&quot;:6,&quot;335551620&quot;:6,&quot;335559738&quot;:210,&quot;335559739&quot;:210,&quot;335559740&quot;:360}\">\u00a0<\/span><\/p>\n<h4 aria-level=\"3\"><b><span data-contrast=\"none\">Capacita\u00e7\u00e3o Cont\u00ednua<\/span><\/b><span data-ccp-props=\"{&quot;134245418&quot;:true,&quot;134245529&quot;:true,&quot;201341983&quot;:0,&quot;335551550&quot;:6,&quot;335551620&quot;:6,&quot;335559738&quot;:246,&quot;335559739&quot;:246,&quot;335559740&quot;:360}\">\u00a0<\/span><\/h4>\n<p><span data-contrast=\"none\">A participa\u00e7\u00e3o nesses eventos tem gerado ganhos concretos para o Projeto Especial do MPC-PR, a partir do melhor entendimento das informa\u00e7\u00f5es meteorol\u00f3gicas (radar, sat\u00e9lite e detec\u00e7\u00e3o de raios), ao ciclo municipal de preven\u00e7\u00e3o, melhorando planejamento e prontid\u00e3o perante temporais e deslizamentos.\u00a0<\/span><span data-ccp-props=\"{&quot;201341983&quot;:0,&quot;335551550&quot;:6,&quot;335551620&quot;:6,&quot;335559738&quot;:210,&quot;335559739&quot;:210,&quot;335559740&quot;:360}\">\u00a0<\/span><\/p>\n<p><span data-contrast=\"none\">Ainda, a aproxima\u00e7\u00e3o das lideran\u00e7as operacionais facilita a coopera\u00e7\u00e3o entre institui\u00e7\u00f5es, possibilitando o desenvolvimento de a\u00e7\u00f5es estrat\u00e9gicas voltadas \u00e0 orienta\u00e7\u00e3o dos gestores, como por exemplo, sobre a decreta\u00e7\u00e3o de situa\u00e7\u00e3o de emerg\u00eancia ou calamidade p\u00fablica, a qual \u00e9 imprescind\u00edvel para a libera\u00e7\u00e3o de recursos ao Munic\u00edpio e \u00e0 popula\u00e7\u00e3o afetada.\u00a0<\/span><span data-ccp-props=\"{&quot;201341983&quot;:0,&quot;335551550&quot;:6,&quot;335551620&quot;:6,&quot;335559738&quot;:210,&quot;335559739&quot;:210,&quot;335559740&quot;:360}\">\u00a0<\/span><\/p>\n<h4><b><span data-contrast=\"none\">Relev\u00e2ncia do Projeto\u00a0<\/span><\/b><span data-ccp-props=\"{&quot;201341983&quot;:0,&quot;335551550&quot;:6,&quot;335551620&quot;:6,&quot;335559738&quot;:210,&quot;335559739&quot;:210,&quot;335559740&quot;:360}\">\u00a0<\/span><\/h4>\n<p><span data-contrast=\"none\">A preven\u00e7\u00e3o salva vidas e reduz custos, por isso, a exist\u00eancia de estruturas municipais bem planejadas, com protocolos de monitoramento e alerta, engenharia de risco, educa\u00e7\u00e3o comunit\u00e1ria e planos setoriais tendem a evitar perdas humanas, minimizar danos materiais e acelerar os processos de recupera\u00e7\u00e3o ap\u00f3s eventos extremos.\u00a0<\/span><span data-ccp-props=\"{&quot;201341983&quot;:0,&quot;335551550&quot;:6,&quot;335551620&quot;:6,&quot;335559738&quot;:210,&quot;335559739&quot;:210,&quot;335559740&quot;:360}\">\u00a0<\/span><\/p>\n<p><span data-contrast=\"none\">O MPC-PR tem reiterado que essa agenda deve ser priorizada pela administra\u00e7\u00e3o p\u00fablica, pois est\u00e1 diretamente relacionada aos compromissos nacionais de sustentabilidade e seguran\u00e7a clim\u00e1tica, como os reafirmados pela Carta de Macap\u00e1. Nesse sentido, s\u00f3 ser\u00e1 poss\u00edvel construir uma na\u00e7\u00e3o resiliente se existirem Munic\u00edpios resilientes.<\/span><span data-ccp-props=\"{&quot;201341983&quot;:0,&quot;335551550&quot;:6,&quot;335551620&quot;:6,&quot;335559738&quot;:210,&quot;335559739&quot;:210,&quot;335559740&quot;:360}\">\u00a0<\/span><\/p>\n<p><span data-contrast=\"none\">Com a rede de contatos fortalecida, o MPC-PR seguir\u00e1 expandindo o diagn\u00f3stico das Defesas Civis Municipais e aprofundando as a\u00e7\u00f5es de fiscaliza\u00e7\u00e3o, orienta\u00e7\u00e3o e capacita\u00e7\u00e3o, em articula\u00e7\u00e3o com institui\u00e7\u00f5es e parceiros estrat\u00e9gicos a partir de Termos de Coopera\u00e7\u00e3o. Oportunamente, ser\u00e3o produzidos relat\u00f3rios para compartilhar os resultados de cada fase de an\u00e1lise, os quais ser\u00e3o disponibilizados para acesso no site do MPC-PR.\u00a0<\/span><span data-ccp-props=\"{&quot;201341983&quot;:0,&quot;335551550&quot;:6,&quot;335551620&quot;:6,&quot;335559738&quot;:210,&quot;335559739&quot;:210,&quot;335559740&quot;:360}\">\u00a0<\/span><\/p>\n","protected":false},"excerpt":{"rendered":"<p>O Minist\u00e9rio P\u00fablico de Contas do Paran\u00e1 (MPC-PR) vem consolidando, nos \u00faltimos dois anos, uma agenda de articula\u00e7\u00e3o interinstitucional para apoiar os Munic\u00edpios do Paran\u00e1 na estrutura\u00e7\u00e3o de suas Defesas Civis e na preven\u00e7\u00e3o de desastres clim\u00e1ticos. Como parte dessas a\u00e7\u00f5es, nesta quinta-feira (11 de dezembro), a equipe do Projeto de Atua\u00e7\u00e3o Especial \u201cEstrutura de [&hellip;]<\/p>\n","protected":false},"author":1,"featured_media":24988,"comment_status":"open","ping_status":"open","sticky":false,"template":"","format":"standard","meta":{"_monsterinsights_skip_tracking":false,"_monsterinsights_sitenote_active":false,"_monsterinsights_sitenote_note":"","_monsterinsights_sitenote_category":0,"footnotes":""},"categories":[7],"tags":[652,870,13,30,47,648],"class_list":["post-24987","post","type-post","status-publish","format-standard","has-post-thumbnail","hentry","category-todas-as-noticias","tag-defesa-civil","tag-desastres-climaticos","tag-mpc-pr","tag-parana","tag-projeto-de-atuacao-especial","tag-recomendacao-administrativa","entry","has-media"],"yoast_head":"<!-- This site is optimized with the Yoast SEO plugin v27.3 - https:\/\/yoast.com\/product\/yoast-seo-wordpress\/ -->\n<title>MPC-PR intensifica a\u00e7\u00f5es para fortalecer Defesas Civis Municipais e amplia articula\u00e7\u00e3o com a Coordenadoria Estadual de Defesa Civil - Minist\u00e9rio P\u00fablico de Contas do Estado do Paran\u00e1<\/title>\n<meta name=\"robots\" content=\"index, follow, max-snippet:-1, max-image-preview:large, max-video-preview:-1\" \/>\n<link rel=\"canonical\" href=\"https:\/\/www.mpc.pr.gov.br\/index.php\/mpc-pr-intensifica-acoes-para-fortalecer-defesas-civis-municipais-e-amplia-articulacao-com-a-coordenadoria-estadual-de-defesa-civil\/\" \/>\n<meta property=\"og:locale\" content=\"pt_BR\" \/>\n<meta property=\"og:type\" content=\"article\" \/>\n<meta property=\"og:title\" content=\"MPC-PR intensifica a\u00e7\u00f5es para fortalecer Defesas Civis Municipais e amplia articula\u00e7\u00e3o com a Coordenadoria Estadual de Defesa Civil - Minist\u00e9rio P\u00fablico de Contas do Estado do Paran\u00e1\" \/>\n<meta property=\"og:description\" content=\"O Minist\u00e9rio P\u00fablico de Contas do Paran\u00e1 (MPC-PR) vem consolidando, nos \u00faltimos dois anos, uma agenda de articula\u00e7\u00e3o interinstitucional para apoiar os Munic\u00edpios do Paran\u00e1 na estrutura\u00e7\u00e3o de suas Defesas Civis e na preven\u00e7\u00e3o de desastres clim\u00e1ticos. Como parte dessas a\u00e7\u00f5es, nesta quinta-feira (11 de dezembro), a equipe do Projeto de Atua\u00e7\u00e3o Especial \u201cEstrutura de [&hellip;]\" \/>\n<meta property=\"og:url\" content=\"https:\/\/www.mpc.pr.gov.br\/index.php\/mpc-pr-intensifica-acoes-para-fortalecer-defesas-civis-municipais-e-amplia-articulacao-com-a-coordenadoria-estadual-de-defesa-civil\/\" \/>\n<meta property=\"og:site_name\" content=\"Minist\u00e9rio P\u00fablico de Contas do Estado do Paran\u00e1\" \/>\n<meta property=\"article:publisher\" content=\"https:\/\/www.facebook.com\/mpc.pr\" \/>\n<meta property=\"article:published_time\" content=\"2025-12-11T18:51:11+00:00\" \/>\n<meta property=\"article:modified_time\" content=\"2026-01-13T12:00:06+00:00\" \/>\n<meta property=\"og:image\" content=\"https:\/\/www.mpc.pr.gov.br\/wp-content\/uploads\/2025\/12\/WhatsApp-Image-2025-12-11-at-14.47.05-2.jpeg\" \/>\n\t<meta property=\"og:image:width\" content=\"1280\" \/>\n\t<meta property=\"og:image:height\" content=\"960\" \/>\n\t<meta property=\"og:image:type\" content=\"image\/jpeg\" \/>\n<meta name=\"author\" content=\"mpcontaspr\" \/>\n<meta name=\"twitter:card\" content=\"summary_large_image\" \/>\n<meta name=\"twitter:label1\" content=\"Escrito por\" \/>\n\t<meta name=\"twitter:data1\" content=\"mpcontaspr\" \/>\n\t<meta name=\"twitter:label2\" content=\"Est. tempo de leitura\" \/>\n\t<meta name=\"twitter:data2\" content=\"9 minutos\" \/>\n<script type=\"application\/ld+json\" class=\"yoast-schema-graph\">{\"@context\":\"https:\\\/\\\/schema.org\",\"@graph\":[{\"@type\":\"Article\",\"@id\":\"https:\\\/\\\/www.mpc.pr.gov.br\\\/index.php\\\/mpc-pr-intensifica-acoes-para-fortalecer-defesas-civis-municipais-e-amplia-articulacao-com-a-coordenadoria-estadual-de-defesa-civil\\\/#article\",\"isPartOf\":{\"@id\":\"https:\\\/\\\/www.mpc.pr.gov.br\\\/index.php\\\/mpc-pr-intensifica-acoes-para-fortalecer-defesas-civis-municipais-e-amplia-articulacao-com-a-coordenadoria-estadual-de-defesa-civil\\\/\"},\"author\":{\"name\":\"mpcontaspr\",\"@id\":\"https:\\\/\\\/www.mpc.pr.gov.br\\\/#\\\/schema\\\/person\\\/2d83cb8980538d0ec174e8a6284f5e11\"},\"headline\":\"MPC-PR intensifica a\u00e7\u00f5es para fortalecer Defesas Civis Municipais e amplia articula\u00e7\u00e3o com a Coordenadoria Estadual de Defesa Civil\",\"datePublished\":\"2025-12-11T18:51:11+00:00\",\"dateModified\":\"2026-01-13T12:00:06+00:00\",\"mainEntityOfPage\":{\"@id\":\"https:\\\/\\\/www.mpc.pr.gov.br\\\/index.php\\\/mpc-pr-intensifica-acoes-para-fortalecer-defesas-civis-municipais-e-amplia-articulacao-com-a-coordenadoria-estadual-de-defesa-civil\\\/\"},\"wordCount\":1650,\"commentCount\":0,\"publisher\":{\"@id\":\"https:\\\/\\\/www.mpc.pr.gov.br\\\/#organization\"},\"image\":{\"@id\":\"https:\\\/\\\/www.mpc.pr.gov.br\\\/index.php\\\/mpc-pr-intensifica-acoes-para-fortalecer-defesas-civis-municipais-e-amplia-articulacao-com-a-coordenadoria-estadual-de-defesa-civil\\\/#primaryimage\"},\"thumbnailUrl\":\"https:\\\/\\\/www.mpc.pr.gov.br\\\/wp-content\\\/uploads\\\/2025\\\/12\\\/WhatsApp-Image-2025-12-11-at-14.47.05-2.jpeg\",\"keywords\":[\"Defesa Civil\",\"Desastres Clim\u00e1ticos\",\"MPC-PR\",\"Paran\u00e1\",\"Projeto de Atua\u00e7\u00e3o Especial\",\"Recomenda\u00e7\u00e3o Administrativa\"],\"articleSection\":[\"Todas as not\u00edcias\"],\"inLanguage\":\"pt-BR\",\"potentialAction\":[{\"@type\":\"CommentAction\",\"name\":\"Comment\",\"target\":[\"https:\\\/\\\/www.mpc.pr.gov.br\\\/index.php\\\/mpc-pr-intensifica-acoes-para-fortalecer-defesas-civis-municipais-e-amplia-articulacao-com-a-coordenadoria-estadual-de-defesa-civil\\\/#respond\"]}]},{\"@type\":\"WebPage\",\"@id\":\"https:\\\/\\\/www.mpc.pr.gov.br\\\/index.php\\\/mpc-pr-intensifica-acoes-para-fortalecer-defesas-civis-municipais-e-amplia-articulacao-com-a-coordenadoria-estadual-de-defesa-civil\\\/\",\"url\":\"https:\\\/\\\/www.mpc.pr.gov.br\\\/index.php\\\/mpc-pr-intensifica-acoes-para-fortalecer-defesas-civis-municipais-e-amplia-articulacao-com-a-coordenadoria-estadual-de-defesa-civil\\\/\",\"name\":\"MPC-PR intensifica a\u00e7\u00f5es para fortalecer Defesas Civis Municipais e amplia articula\u00e7\u00e3o com a Coordenadoria Estadual de Defesa Civil - Minist\u00e9rio P\u00fablico de Contas do Estado do Paran\u00e1\",\"isPartOf\":{\"@id\":\"https:\\\/\\\/www.mpc.pr.gov.br\\\/#website\"},\"primaryImageOfPage\":{\"@id\":\"https:\\\/\\\/www.mpc.pr.gov.br\\\/index.php\\\/mpc-pr-intensifica-acoes-para-fortalecer-defesas-civis-municipais-e-amplia-articulacao-com-a-coordenadoria-estadual-de-defesa-civil\\\/#primaryimage\"},\"image\":{\"@id\":\"https:\\\/\\\/www.mpc.pr.gov.br\\\/index.php\\\/mpc-pr-intensifica-acoes-para-fortalecer-defesas-civis-municipais-e-amplia-articulacao-com-a-coordenadoria-estadual-de-defesa-civil\\\/#primaryimage\"},\"thumbnailUrl\":\"https:\\\/\\\/www.mpc.pr.gov.br\\\/wp-content\\\/uploads\\\/2025\\\/12\\\/WhatsApp-Image-2025-12-11-at-14.47.05-2.jpeg\",\"datePublished\":\"2025-12-11T18:51:11+00:00\",\"dateModified\":\"2026-01-13T12:00:06+00:00\",\"breadcrumb\":{\"@id\":\"https:\\\/\\\/www.mpc.pr.gov.br\\\/index.php\\\/mpc-pr-intensifica-acoes-para-fortalecer-defesas-civis-municipais-e-amplia-articulacao-com-a-coordenadoria-estadual-de-defesa-civil\\\/#breadcrumb\"},\"inLanguage\":\"pt-BR\",\"potentialAction\":[{\"@type\":\"ReadAction\",\"target\":[\"https:\\\/\\\/www.mpc.pr.gov.br\\\/index.php\\\/mpc-pr-intensifica-acoes-para-fortalecer-defesas-civis-municipais-e-amplia-articulacao-com-a-coordenadoria-estadual-de-defesa-civil\\\/\"]}]},{\"@type\":\"ImageObject\",\"inLanguage\":\"pt-BR\",\"@id\":\"https:\\\/\\\/www.mpc.pr.gov.br\\\/index.php\\\/mpc-pr-intensifica-acoes-para-fortalecer-defesas-civis-municipais-e-amplia-articulacao-com-a-coordenadoria-estadual-de-defesa-civil\\\/#primaryimage\",\"url\":\"https:\\\/\\\/www.mpc.pr.gov.br\\\/wp-content\\\/uploads\\\/2025\\\/12\\\/WhatsApp-Image-2025-12-11-at-14.47.05-2.jpeg\",\"contentUrl\":\"https:\\\/\\\/www.mpc.pr.gov.br\\\/wp-content\\\/uploads\\\/2025\\\/12\\\/WhatsApp-Image-2025-12-11-at-14.47.05-2.jpeg\",\"width\":1280,\"height\":960,\"caption\":\"Reuni\u00e3o t\u00e9cnica entre o MPC-PR e a Coordenadoria de Defesa Civil do Estado.\"},{\"@type\":\"BreadcrumbList\",\"@id\":\"https:\\\/\\\/www.mpc.pr.gov.br\\\/index.php\\\/mpc-pr-intensifica-acoes-para-fortalecer-defesas-civis-municipais-e-amplia-articulacao-com-a-coordenadoria-estadual-de-defesa-civil\\\/#breadcrumb\",\"itemListElement\":[{\"@type\":\"ListItem\",\"position\":1,\"name\":\"In\u00edcio\",\"item\":\"https:\\\/\\\/www.mpc.pr.gov.br\\\/\"},{\"@type\":\"ListItem\",\"position\":2,\"name\":\"MPC-PR intensifica a\u00e7\u00f5es para fortalecer Defesas Civis Municipais e amplia articula\u00e7\u00e3o com a Coordenadoria Estadual de Defesa Civil\"}]},{\"@type\":\"WebSite\",\"@id\":\"https:\\\/\\\/www.mpc.pr.gov.br\\\/#website\",\"url\":\"https:\\\/\\\/www.mpc.pr.gov.br\\\/\",\"name\":\"Minist\u00e9rio P\u00fablico de Contas do Estado do Paran\u00e1\",\"description\":\"\",\"publisher\":{\"@id\":\"https:\\\/\\\/www.mpc.pr.gov.br\\\/#organization\"},\"potentialAction\":[{\"@type\":\"SearchAction\",\"target\":{\"@type\":\"EntryPoint\",\"urlTemplate\":\"https:\\\/\\\/www.mpc.pr.gov.br\\\/?s={search_term_string}\"},\"query-input\":{\"@type\":\"PropertyValueSpecification\",\"valueRequired\":true,\"valueName\":\"search_term_string\"}}],\"inLanguage\":\"pt-BR\"},{\"@type\":\"Organization\",\"@id\":\"https:\\\/\\\/www.mpc.pr.gov.br\\\/#organization\",\"name\":\"Minist\u00e9rio P\u00fablico de Contas do Estado do Paran\u00e1\",\"url\":\"https:\\\/\\\/www.mpc.pr.gov.br\\\/\",\"logo\":{\"@type\":\"ImageObject\",\"inLanguage\":\"pt-BR\",\"@id\":\"https:\\\/\\\/www.mpc.pr.gov.br\\\/#\\\/schema\\\/logo\\\/image\\\/\",\"url\":\"https:\\\/\\\/www.mpc.pr.gov.br\\\/wp-content\\\/uploads\\\/2020\\\/06\\\/99423647_1593460364143890_6706793420720963584_n-1-e1591387983167.png\",\"contentUrl\":\"https:\\\/\\\/www.mpc.pr.gov.br\\\/wp-content\\\/uploads\\\/2020\\\/06\\\/99423647_1593460364143890_6706793420720963584_n-1-e1591387983167.png\",\"width\":243,\"height\":73,\"caption\":\"Minist\u00e9rio P\u00fablico de Contas do Estado do Paran\u00e1\"},\"image\":{\"@id\":\"https:\\\/\\\/www.mpc.pr.gov.br\\\/#\\\/schema\\\/logo\\\/image\\\/\"},\"sameAs\":[\"https:\\\/\\\/www.facebook.com\\\/mpc.pr\",\"https:\\\/\\\/www.instagram.com\\\/mpc.pr\\\/?hl=pt-br\",\"https:\\\/\\\/www.youtube.com\\\/channel\\\/UCHri5oEM8DV0ztX57E0sBSw\"]},{\"@type\":\"Person\",\"@id\":\"https:\\\/\\\/www.mpc.pr.gov.br\\\/#\\\/schema\\\/person\\\/2d83cb8980538d0ec174e8a6284f5e11\",\"name\":\"mpcontaspr\",\"image\":{\"@type\":\"ImageObject\",\"inLanguage\":\"pt-BR\",\"@id\":\"https:\\\/\\\/secure.gravatar.com\\\/avatar\\\/1aef51541db7622e05fd639336c9c9f312c2a618396e2b6ca96846362fc5403f?s=96&d=mm&r=g\",\"url\":\"https:\\\/\\\/secure.gravatar.com\\\/avatar\\\/1aef51541db7622e05fd639336c9c9f312c2a618396e2b6ca96846362fc5403f?s=96&d=mm&r=g\",\"contentUrl\":\"https:\\\/\\\/secure.gravatar.com\\\/avatar\\\/1aef51541db7622e05fd639336c9c9f312c2a618396e2b6ca96846362fc5403f?s=96&d=mm&r=g\",\"caption\":\"mpcontaspr\"},\"sameAs\":[\"http:\\\/\\\/www.mpc.pr.gov.br\"]}]}<\/script>\n<!-- \/ Yoast SEO plugin. -->","yoast_head_json":{"title":"MPC-PR intensifica a\u00e7\u00f5es para fortalecer Defesas Civis Municipais e amplia articula\u00e7\u00e3o com a Coordenadoria Estadual de Defesa Civil - Minist\u00e9rio P\u00fablico de Contas do Estado do Paran\u00e1","robots":{"index":"index","follow":"follow","max-snippet":"max-snippet:-1","max-image-preview":"max-image-preview:large","max-video-preview":"max-video-preview:-1"},"canonical":"https:\/\/www.mpc.pr.gov.br\/index.php\/mpc-pr-intensifica-acoes-para-fortalecer-defesas-civis-municipais-e-amplia-articulacao-com-a-coordenadoria-estadual-de-defesa-civil\/","og_locale":"pt_BR","og_type":"article","og_title":"MPC-PR intensifica a\u00e7\u00f5es para fortalecer Defesas Civis Municipais e amplia articula\u00e7\u00e3o com a Coordenadoria Estadual de Defesa Civil - Minist\u00e9rio P\u00fablico de Contas do Estado do Paran\u00e1","og_description":"O Minist\u00e9rio P\u00fablico de Contas do Paran\u00e1 (MPC-PR) vem consolidando, nos \u00faltimos dois anos, uma agenda de articula\u00e7\u00e3o interinstitucional para apoiar os Munic\u00edpios do Paran\u00e1 na estrutura\u00e7\u00e3o de suas Defesas Civis e na preven\u00e7\u00e3o de desastres clim\u00e1ticos. Como parte dessas a\u00e7\u00f5es, nesta quinta-feira (11 de dezembro), a equipe do Projeto de Atua\u00e7\u00e3o Especial \u201cEstrutura de [&hellip;]","og_url":"https:\/\/www.mpc.pr.gov.br\/index.php\/mpc-pr-intensifica-acoes-para-fortalecer-defesas-civis-municipais-e-amplia-articulacao-com-a-coordenadoria-estadual-de-defesa-civil\/","og_site_name":"Minist\u00e9rio P\u00fablico de Contas do Estado do Paran\u00e1","article_publisher":"https:\/\/www.facebook.com\/mpc.pr","article_published_time":"2025-12-11T18:51:11+00:00","article_modified_time":"2026-01-13T12:00:06+00:00","og_image":[{"width":1280,"height":960,"url":"https:\/\/www.mpc.pr.gov.br\/wp-content\/uploads\/2025\/12\/WhatsApp-Image-2025-12-11-at-14.47.05-2.jpeg","type":"image\/jpeg"}],"author":"mpcontaspr","twitter_card":"summary_large_image","twitter_misc":{"Escrito por":"mpcontaspr","Est. tempo de leitura":"9 minutos"},"schema":{"@context":"https:\/\/schema.org","@graph":[{"@type":"Article","@id":"https:\/\/www.mpc.pr.gov.br\/index.php\/mpc-pr-intensifica-acoes-para-fortalecer-defesas-civis-municipais-e-amplia-articulacao-com-a-coordenadoria-estadual-de-defesa-civil\/#article","isPartOf":{"@id":"https:\/\/www.mpc.pr.gov.br\/index.php\/mpc-pr-intensifica-acoes-para-fortalecer-defesas-civis-municipais-e-amplia-articulacao-com-a-coordenadoria-estadual-de-defesa-civil\/"},"author":{"name":"mpcontaspr","@id":"https:\/\/www.mpc.pr.gov.br\/#\/schema\/person\/2d83cb8980538d0ec174e8a6284f5e11"},"headline":"MPC-PR intensifica a\u00e7\u00f5es para fortalecer Defesas Civis Municipais e amplia articula\u00e7\u00e3o com a Coordenadoria Estadual de Defesa Civil","datePublished":"2025-12-11T18:51:11+00:00","dateModified":"2026-01-13T12:00:06+00:00","mainEntityOfPage":{"@id":"https:\/\/www.mpc.pr.gov.br\/index.php\/mpc-pr-intensifica-acoes-para-fortalecer-defesas-civis-municipais-e-amplia-articulacao-com-a-coordenadoria-estadual-de-defesa-civil\/"},"wordCount":1650,"commentCount":0,"publisher":{"@id":"https:\/\/www.mpc.pr.gov.br\/#organization"},"image":{"@id":"https:\/\/www.mpc.pr.gov.br\/index.php\/mpc-pr-intensifica-acoes-para-fortalecer-defesas-civis-municipais-e-amplia-articulacao-com-a-coordenadoria-estadual-de-defesa-civil\/#primaryimage"},"thumbnailUrl":"https:\/\/www.mpc.pr.gov.br\/wp-content\/uploads\/2025\/12\/WhatsApp-Image-2025-12-11-at-14.47.05-2.jpeg","keywords":["Defesa Civil","Desastres Clim\u00e1ticos","MPC-PR","Paran\u00e1","Projeto de Atua\u00e7\u00e3o Especial","Recomenda\u00e7\u00e3o Administrativa"],"articleSection":["Todas as not\u00edcias"],"inLanguage":"pt-BR","potentialAction":[{"@type":"CommentAction","name":"Comment","target":["https:\/\/www.mpc.pr.gov.br\/index.php\/mpc-pr-intensifica-acoes-para-fortalecer-defesas-civis-municipais-e-amplia-articulacao-com-a-coordenadoria-estadual-de-defesa-civil\/#respond"]}]},{"@type":"WebPage","@id":"https:\/\/www.mpc.pr.gov.br\/index.php\/mpc-pr-intensifica-acoes-para-fortalecer-defesas-civis-municipais-e-amplia-articulacao-com-a-coordenadoria-estadual-de-defesa-civil\/","url":"https:\/\/www.mpc.pr.gov.br\/index.php\/mpc-pr-intensifica-acoes-para-fortalecer-defesas-civis-municipais-e-amplia-articulacao-com-a-coordenadoria-estadual-de-defesa-civil\/","name":"MPC-PR intensifica a\u00e7\u00f5es para fortalecer Defesas Civis Municipais e amplia articula\u00e7\u00e3o com a Coordenadoria Estadual de Defesa Civil - Minist\u00e9rio P\u00fablico de Contas do Estado do Paran\u00e1","isPartOf":{"@id":"https:\/\/www.mpc.pr.gov.br\/#website"},"primaryImageOfPage":{"@id":"https:\/\/www.mpc.pr.gov.br\/index.php\/mpc-pr-intensifica-acoes-para-fortalecer-defesas-civis-municipais-e-amplia-articulacao-com-a-coordenadoria-estadual-de-defesa-civil\/#primaryimage"},"image":{"@id":"https:\/\/www.mpc.pr.gov.br\/index.php\/mpc-pr-intensifica-acoes-para-fortalecer-defesas-civis-municipais-e-amplia-articulacao-com-a-coordenadoria-estadual-de-defesa-civil\/#primaryimage"},"thumbnailUrl":"https:\/\/www.mpc.pr.gov.br\/wp-content\/uploads\/2025\/12\/WhatsApp-Image-2025-12-11-at-14.47.05-2.jpeg","datePublished":"2025-12-11T18:51:11+00:00","dateModified":"2026-01-13T12:00:06+00:00","breadcrumb":{"@id":"https:\/\/www.mpc.pr.gov.br\/index.php\/mpc-pr-intensifica-acoes-para-fortalecer-defesas-civis-municipais-e-amplia-articulacao-com-a-coordenadoria-estadual-de-defesa-civil\/#breadcrumb"},"inLanguage":"pt-BR","potentialAction":[{"@type":"ReadAction","target":["https:\/\/www.mpc.pr.gov.br\/index.php\/mpc-pr-intensifica-acoes-para-fortalecer-defesas-civis-municipais-e-amplia-articulacao-com-a-coordenadoria-estadual-de-defesa-civil\/"]}]},{"@type":"ImageObject","inLanguage":"pt-BR","@id":"https:\/\/www.mpc.pr.gov.br\/index.php\/mpc-pr-intensifica-acoes-para-fortalecer-defesas-civis-municipais-e-amplia-articulacao-com-a-coordenadoria-estadual-de-defesa-civil\/#primaryimage","url":"https:\/\/www.mpc.pr.gov.br\/wp-content\/uploads\/2025\/12\/WhatsApp-Image-2025-12-11-at-14.47.05-2.jpeg","contentUrl":"https:\/\/www.mpc.pr.gov.br\/wp-content\/uploads\/2025\/12\/WhatsApp-Image-2025-12-11-at-14.47.05-2.jpeg","width":1280,"height":960,"caption":"Reuni\u00e3o t\u00e9cnica entre o MPC-PR e a Coordenadoria de Defesa Civil do Estado."},{"@type":"BreadcrumbList","@id":"https:\/\/www.mpc.pr.gov.br\/index.php\/mpc-pr-intensifica-acoes-para-fortalecer-defesas-civis-municipais-e-amplia-articulacao-com-a-coordenadoria-estadual-de-defesa-civil\/#breadcrumb","itemListElement":[{"@type":"ListItem","position":1,"name":"In\u00edcio","item":"https:\/\/www.mpc.pr.gov.br\/"},{"@type":"ListItem","position":2,"name":"MPC-PR intensifica a\u00e7\u00f5es para fortalecer Defesas Civis Municipais e amplia articula\u00e7\u00e3o com a Coordenadoria Estadual de Defesa Civil"}]},{"@type":"WebSite","@id":"https:\/\/www.mpc.pr.gov.br\/#website","url":"https:\/\/www.mpc.pr.gov.br\/","name":"Minist\u00e9rio P\u00fablico de Contas do Estado do Paran\u00e1","description":"","publisher":{"@id":"https:\/\/www.mpc.pr.gov.br\/#organization"},"potentialAction":[{"@type":"SearchAction","target":{"@type":"EntryPoint","urlTemplate":"https:\/\/www.mpc.pr.gov.br\/?s={search_term_string}"},"query-input":{"@type":"PropertyValueSpecification","valueRequired":true,"valueName":"search_term_string"}}],"inLanguage":"pt-BR"},{"@type":"Organization","@id":"https:\/\/www.mpc.pr.gov.br\/#organization","name":"Minist\u00e9rio P\u00fablico de Contas do Estado do Paran\u00e1","url":"https:\/\/www.mpc.pr.gov.br\/","logo":{"@type":"ImageObject","inLanguage":"pt-BR","@id":"https:\/\/www.mpc.pr.gov.br\/#\/schema\/logo\/image\/","url":"https:\/\/www.mpc.pr.gov.br\/wp-content\/uploads\/2020\/06\/99423647_1593460364143890_6706793420720963584_n-1-e1591387983167.png","contentUrl":"https:\/\/www.mpc.pr.gov.br\/wp-content\/uploads\/2020\/06\/99423647_1593460364143890_6706793420720963584_n-1-e1591387983167.png","width":243,"height":73,"caption":"Minist\u00e9rio P\u00fablico de Contas do Estado do Paran\u00e1"},"image":{"@id":"https:\/\/www.mpc.pr.gov.br\/#\/schema\/logo\/image\/"},"sameAs":["https:\/\/www.facebook.com\/mpc.pr","https:\/\/www.instagram.com\/mpc.pr\/?hl=pt-br","https:\/\/www.youtube.com\/channel\/UCHri5oEM8DV0ztX57E0sBSw"]},{"@type":"Person","@id":"https:\/\/www.mpc.pr.gov.br\/#\/schema\/person\/2d83cb8980538d0ec174e8a6284f5e11","name":"mpcontaspr","image":{"@type":"ImageObject","inLanguage":"pt-BR","@id":"https:\/\/secure.gravatar.com\/avatar\/1aef51541db7622e05fd639336c9c9f312c2a618396e2b6ca96846362fc5403f?s=96&d=mm&r=g","url":"https:\/\/secure.gravatar.com\/avatar\/1aef51541db7622e05fd639336c9c9f312c2a618396e2b6ca96846362fc5403f?s=96&d=mm&r=g","contentUrl":"https:\/\/secure.gravatar.com\/avatar\/1aef51541db7622e05fd639336c9c9f312c2a618396e2b6ca96846362fc5403f?s=96&d=mm&r=g","caption":"mpcontaspr"},"sameAs":["http:\/\/www.mpc.pr.gov.br"]}]}},"rttpg_featured_image_url":{"full":["https:\/\/www.mpc.pr.gov.br\/wp-content\/uploads\/2025\/12\/WhatsApp-Image-2025-12-11-at-14.47.05-2.jpeg",1280,960,false],"landscape":["https:\/\/www.mpc.pr.gov.br\/wp-content\/uploads\/2025\/12\/WhatsApp-Image-2025-12-11-at-14.47.05-2.jpeg",1280,960,false],"portraits":["https:\/\/www.mpc.pr.gov.br\/wp-content\/uploads\/2025\/12\/WhatsApp-Image-2025-12-11-at-14.47.05-2.jpeg",1280,960,false],"thumbnail":["https:\/\/www.mpc.pr.gov.br\/wp-content\/uploads\/2025\/12\/WhatsApp-Image-2025-12-11-at-14.47.05-2-150x150.jpeg",150,150,true],"medium":["https:\/\/www.mpc.pr.gov.br\/wp-content\/uploads\/2025\/12\/WhatsApp-Image-2025-12-11-at-14.47.05-2-300x225.jpeg",300,225,true],"large":["https:\/\/www.mpc.pr.gov.br\/wp-content\/uploads\/2025\/12\/WhatsApp-Image-2025-12-11-at-14.47.05-2-1024x768.jpeg",1024,768,true],"1536x1536":["https:\/\/www.mpc.pr.gov.br\/wp-content\/uploads\/2025\/12\/WhatsApp-Image-2025-12-11-at-14.47.05-2.jpeg",1280,960,false],"2048x2048":["https:\/\/www.mpc.pr.gov.br\/wp-content\/uploads\/2025\/12\/WhatsApp-Image-2025-12-11-at-14.47.05-2.jpeg",1280,960,false],"ocean-thumb-m":["https:\/\/www.mpc.pr.gov.br\/wp-content\/uploads\/2025\/12\/WhatsApp-Image-2025-12-11-at-14.47.05-2-600x600.jpeg",600,600,true],"ocean-thumb-ml":["https:\/\/www.mpc.pr.gov.br\/wp-content\/uploads\/2025\/12\/WhatsApp-Image-2025-12-11-at-14.47.05-2-800x450.jpeg",800,450,true],"ocean-thumb-l":["https:\/\/www.mpc.pr.gov.br\/wp-content\/uploads\/2025\/12\/WhatsApp-Image-2025-12-11-at-14.47.05-2-1200x700.jpeg",1200,700,true]},"rttpg_author":{"display_name":"mpcontaspr","author_link":"https:\/\/www.mpc.pr.gov.br\/index.php\/author\/mpcontaspr\/"},"rttpg_comment":0,"rttpg_category":"<a href=\"https:\/\/www.mpc.pr.gov.br\/index.php\/category\/todas-as-noticias\/\" rel=\"category tag\">Todas as not\u00edcias<\/a>","rttpg_excerpt":"O Minist\u00e9rio P\u00fablico de Contas do Paran\u00e1 (MPC-PR) vem consolidando, nos \u00faltimos dois anos, uma agenda de articula\u00e7\u00e3o interinstitucional para apoiar os Munic\u00edpios do Paran\u00e1 na estrutura\u00e7\u00e3o de suas Defesas Civis e na preven\u00e7\u00e3o de desastres clim\u00e1ticos. Como parte dessas a\u00e7\u00f5es, nesta quinta-feira (11 de dezembro), a equipe do Projeto de Atua\u00e7\u00e3o Especial \u201cEstrutura de&hellip;","_links":{"self":[{"href":"https:\/\/www.mpc.pr.gov.br\/index.php\/wp-json\/wp\/v2\/posts\/24987","targetHints":{"allow":["GET"]}}],"collection":[{"href":"https:\/\/www.mpc.pr.gov.br\/index.php\/wp-json\/wp\/v2\/posts"}],"about":[{"href":"https:\/\/www.mpc.pr.gov.br\/index.php\/wp-json\/wp\/v2\/types\/post"}],"author":[{"embeddable":true,"href":"https:\/\/www.mpc.pr.gov.br\/index.php\/wp-json\/wp\/v2\/users\/1"}],"replies":[{"embeddable":true,"href":"https:\/\/www.mpc.pr.gov.br\/index.php\/wp-json\/wp\/v2\/comments?post=24987"}],"version-history":[{"count":2,"href":"https:\/\/www.mpc.pr.gov.br\/index.php\/wp-json\/wp\/v2\/posts\/24987\/revisions"}],"predecessor-version":[{"id":24994,"href":"https:\/\/www.mpc.pr.gov.br\/index.php\/wp-json\/wp\/v2\/posts\/24987\/revisions\/24994"}],"wp:featuredmedia":[{"embeddable":true,"href":"https:\/\/www.mpc.pr.gov.br\/index.php\/wp-json\/wp\/v2\/media\/24988"}],"wp:attachment":[{"href":"https:\/\/www.mpc.pr.gov.br\/index.php\/wp-json\/wp\/v2\/media?parent=24987"}],"wp:term":[{"taxonomy":"category","embeddable":true,"href":"https:\/\/www.mpc.pr.gov.br\/index.php\/wp-json\/wp\/v2\/categories?post=24987"},{"taxonomy":"post_tag","embeddable":true,"href":"https:\/\/www.mpc.pr.gov.br\/index.php\/wp-json\/wp\/v2\/tags?post=24987"}],"curies":[{"name":"wp","href":"https:\/\/api.w.org\/{rel}","templated":true}]}}