{"id":25089,"date":"2026-01-20T15:18:17","date_gmt":"2026-01-20T18:18:17","guid":{"rendered":"https:\/\/www.mpc.pr.gov.br\/?p=25089"},"modified":"2026-02-04T11:21:58","modified_gmt":"2026-02-04T14:21:58","slug":"tce-pr-mantem-determinacao-para-provimento-de-cargo-de-auditor-fiscal-em-terra-boa","status":"publish","type":"post","link":"https:\/\/www.mpc.pr.gov.br\/index.php\/tce-pr-mantem-determinacao-para-provimento-de-cargo-de-auditor-fiscal-em-terra-boa\/","title":{"rendered":"TCE-PR mant\u00e9m determina\u00e7\u00e3o para provimento de cargo de Auditor Fiscal em Terra Boa"},"content":{"rendered":"<p style=\"text-align: center;\"><span style=\"color: #993300;\"><span class=\"TextRun SCXW35857290 BCX0\" lang=\"PT-BR\" xml:lang=\"PT-BR\" data-contrast=\"auto\"><span class=\"NormalTextRun SCXW35857290 BCX0\">A medida foi proposta pelo MPC-PR, ao<\/span><span class=\"NormalTextRun SCXW35857290 BCX0\">\u00a0refor\u00e7a<\/span><span class=\"NormalTextRun SCXW35857290 BCX0\">r a<\/span><span class=\"NormalTextRun SCXW35857290 BCX0\">\u00a0necessidade de profissionaliza\u00e7\u00e3o da carreira tribut\u00e1ria<\/span><span class=\"NormalTextRun SCXW35857290 BCX0\">.<\/span><\/span><span class=\"EOP SCXW35857290 BCX0\" data-ccp-props=\"{&quot;201341983&quot;:0,&quot;335551550&quot;:6,&quot;335551620&quot;:6,&quot;335559740&quot;:360}\">\u00a0<\/span><\/span><\/p>\n<figure id=\"attachment_25091\" aria-describedby=\"caption-attachment-25091\" style=\"width: 300px\" class=\"wp-caption alignleft\"><img fetchpriority=\"high\" decoding=\"async\" class=\"size-medium wp-image-25091\" src=\"https:\/\/www.mpc.pr.gov.br\/wp-content\/uploads\/2026\/01\/terra-boa-praca-santos-dumont-foto-prefeitura-300x200.jpg\" alt=\"\" width=\"300\" height=\"200\" srcset=\"https:\/\/www.mpc.pr.gov.br\/wp-content\/uploads\/2026\/01\/terra-boa-praca-santos-dumont-foto-prefeitura-300x200.jpg 300w, https:\/\/www.mpc.pr.gov.br\/wp-content\/uploads\/2026\/01\/terra-boa-praca-santos-dumont-foto-prefeitura-768x513.jpg 768w, https:\/\/www.mpc.pr.gov.br\/wp-content\/uploads\/2026\/01\/terra-boa-praca-santos-dumont-foto-prefeitura.jpg 960w\" sizes=\"(max-width: 300px) 100vw, 300px\" \/><figcaption id=\"caption-attachment-25091\" class=\"wp-caption-text\">Pra\u00e7a Santos Dumont, localizada no Munic\u00edpio de Terra Boa, na regi\u00e3o noroeste do Estado do Paran\u00e1. Foto: Prefeitura Municipal<\/figcaption><\/figure>\n<p><span data-contrast=\"auto\">O Tribunal de Contas do Paran\u00e1 (TCE-PR)\u00a0negou\u00a0o\u00a0pedido do <a href=\"https:\/\/terraboa.pr.gov.br\/\">Munic\u00edpio de Terra Boa<\/a> para\u00a0ser\u00a0dispensado do\u00a0cumprimento da\u00a0determina\u00e7\u00e3o\u00a0proposta pelo Minist\u00e9rio P\u00fablico de Contas do Paran\u00e1 (MPC-PR),\u00a0que obriga o ente a adotar\u00a0medidas\u00a0para nomear, no prazo de 90 dias, o cargo de Auditor Fiscal de Tributos, ofertado no Concurso P\u00fablico n\u00ba 01\/2024.\u00a0<\/span><span data-ccp-props=\"{&quot;134233117&quot;:false,&quot;134233118&quot;:false,&quot;201341983&quot;:0,&quot;335551550&quot;:6,&quot;335551620&quot;:6,&quot;335559738&quot;:240,&quot;335559739&quot;:240,&quot;335559740&quot;:360}\">\u00a0<\/span><\/p>\n<p><span data-contrast=\"auto\">A decis\u00e3o consta do\u00a0Despacho n\u00ba 1816\/25, proferido pelo Conselheiro Fernando Augusto Mello Guimar\u00e3es,\u00a0que\u00a0reafirmou\u00a0a orienta\u00e7\u00e3o fixada no <a href=\"https:\/\/www.mpc.pr.gov.br\/wp-content\/uploads\/2026\/01\/terra-boa-ACO-2828_25-STP.pdf\">Ac\u00f3rd\u00e3o n\u00ba 2828\/25<\/a>,\u00a0por meio do qual os membros do Tribunal Pleno do TCE-PR julgaram procedente\u00a0den\u00fancia sobre\u00a0<\/span><span data-contrast=\"auto\">omiss\u00e3o na convoca\u00e7\u00e3o de aprovados para o cargo de Auditor Fiscal de Tributos.<\/span><span data-ccp-props=\"{&quot;134233117&quot;:false,&quot;134233118&quot;:false,&quot;201341983&quot;:0,&quot;335551550&quot;:6,&quot;335551620&quot;:6,&quot;335559738&quot;:240,&quot;335559739&quot;:240,&quot;335559740&quot;:360}\">\u00a0<\/span><\/p>\n<h4><b><span data-contrast=\"auto\">Entenda o caso<\/span><\/b><span data-ccp-props=\"{&quot;134233117&quot;:false,&quot;134233118&quot;:false,&quot;201341983&quot;:0,&quot;335551550&quot;:6,&quot;335551620&quot;:6,&quot;335559738&quot;:240,&quot;335559739&quot;:240,&quot;335559740&quot;:360}\">\u00a0<\/span><\/h4>\n<p><span data-contrast=\"auto\">A den\u00fancia foi apresentada por candidato aprovado em primeiro lugar no\u00a0<\/span><span data-contrast=\"auto\">Concurso P\u00fablico n\u00ba 01\/2024<\/span><span data-contrast=\"auto\">\u00a0para\u00a0Auditor Fiscal de Tributos, relatando que\u00a0o cargo permanece vago, apesar da exist\u00eancia de candidatos aprovados e aptos ao exerc\u00edcio da fun\u00e7\u00e3o.\u00a0Segundo o denunciante,\u00a0a aus\u00eancia do Auditor Fiscal tem potencial para provocar nulidade nos lan\u00e7amentos efetuados por servidores sem habilita\u00e7\u00e3o legal, ocasionando devolu\u00e7\u00e3o indevida de tributos,\u00a0ajuizamento de a\u00e7\u00f5es judiciais contra o\u00a0Munic\u00edpio, al\u00e9m de poder resultar na\u00a0perda do\u00a0conv\u00eanio com a Receita Federal para fiscaliza\u00e7\u00e3o do ITR, cuja arrecada\u00e7\u00e3o anual \u00e9 de aproximadamente R$ 1,6 milh\u00e3o, valor que poderia ser reduzido em at\u00e9 50%.<\/span><span data-ccp-props=\"{&quot;134233117&quot;:false,&quot;134233118&quot;:false,&quot;201341983&quot;:0,&quot;335551550&quot;:6,&quot;335551620&quot;:6,&quot;335559685&quot;:0,&quot;335559737&quot;:0,&quot;335559738&quot;:240,&quot;335559739&quot;:240,&quot;335559740&quot;:360}\">\u00a0<\/span><\/p>\n<p><span data-contrast=\"auto\">Por fim, afirmou que buscou solu\u00e7\u00f5es por vias administrativas junto \u00e0 Ouvidoria, ao Controle Interno e ao Prefeito Municipal, mas que n\u00e3o houve provid\u00eancias efetivas para regularizar a situa\u00e7\u00e3o.<\/span><span data-ccp-props=\"{&quot;134233117&quot;:false,&quot;134233118&quot;:false,&quot;201341983&quot;:0,&quot;335551550&quot;:6,&quot;335551620&quot;:6,&quot;335559738&quot;:240,&quot;335559739&quot;:240,&quot;335559740&quot;:360}\">\u00a0<\/span><\/p>\n<p><span data-contrast=\"auto\">Antes de receber a den\u00fancia,\u00a0mediante o <a href=\"https:\/\/www.mpc.pr.gov.br\/wp-content\/uploads\/2026\/01\/terra-boa-DPD-418_25-GCFAMG.pdf\">Despacho n\u00ba 418\/25<\/a>,\u00a0o\u00a0Relator Conselheiro Fernando Augusto Mello Guimar\u00e3es\u00a0solicitou\u00a0que o\u00a0denunciante\u00a0esclarecesse se\u00a0foi formalizada den\u00fancia de teor id\u00eantico perante o Minist\u00e9rio P\u00fablico do Estado\u00a0(MPPR), a fim\u00a0evitar a\u00a0sobreposi\u00e7\u00e3o de an\u00e1lises\u00a0entre os \u00f3rg\u00e3os de controle\u00a0sobre as mesmas quest\u00f5es.\u00a0<\/span><span data-ccp-props=\"{&quot;134233117&quot;:false,&quot;134233118&quot;:false,&quot;201341983&quot;:0,&quot;335551550&quot;:6,&quot;335551620&quot;:6,&quot;335559738&quot;:240,&quot;335559739&quot;:240,&quot;335559740&quot;:360}\">\u00a0<\/span><\/p>\n<p><span data-contrast=\"auto\">Em resposta, o denunciante informou que n\u00e3o houve den\u00fancia id\u00eantica apresentada ao MPPR,\u00a0mas apenas um pedido\u00a0de verifica\u00e7\u00e3o de poss\u00edvel preteri\u00e7\u00e3o na nomea\u00e7\u00e3o para cargo p\u00fablico, sem que, at\u00e9\u00a0abril de\u00a02025, tenha\u00a0havido instaura\u00e7\u00e3o de procedimento ou formaliza\u00e7\u00e3o de not\u00edcia de fato.<\/span><span data-ccp-props=\"{&quot;134233117&quot;:false,&quot;134233118&quot;:false,&quot;201341983&quot;:0,&quot;335551550&quot;:6,&quot;335551620&quot;:6,&quot;335559738&quot;:240,&quot;335559739&quot;:240,&quot;335559740&quot;:360}\">\u00a0<\/span><\/p>\n<p><span data-contrast=\"auto\">Feito tais esclarecimentos, o Relator recebeu a den\u00fancia\u00a0e\u00a0determinou a\u00a0cita\u00e7\u00e3o do Munic\u00edpio de Terra Boa.\u00a0Em aten\u00e7\u00e3o, o ente\u00a0informou que\u00a0a Lei Municipal n\u00ba 1.782\/2024 criou o cargo de Auditor Fiscal de Tributos,\u00a0que o concurso foi homologado em 24\u00a0de mar\u00e7o de\u00a02025\u00a0e\u00a0que\u00a0at\u00e9 o momento n\u00e3o haviam nomeados\u00a0neste cargo, por crit\u00e9rios leg\u00edtimos de conveni\u00eancia administrativa e planejamento or\u00e7ament\u00e1rio. Asseverou que o\u00a0certame\u00a0possui validade\u00a0de at\u00e9 2 anos, prorrog\u00e1vel uma vez, por igual per\u00edodo, conforme\u00a0prev\u00ea\u00a0o art. 37, III da Constitui\u00e7\u00e3o Federal e reiterada jurisprud\u00eancia do Supremo Tribunal Federal (S<\/span><span data-contrast=\"auto\">TF).\u00a0<\/span><span data-ccp-props=\"{&quot;134233117&quot;:false,&quot;134233118&quot;:false,&quot;201341983&quot;:0,&quot;335551550&quot;:6,&quot;335551620&quot;:6,&quot;335559685&quot;:0,&quot;335559737&quot;:0,&quot;335559738&quot;:240,&quot;335559739&quot;:240,&quot;335559740&quot;:360}\">\u00a0<\/span><\/p>\n<p><span data-contrast=\"auto\">J\u00e1 sobre o respons\u00e1vel pelas\u00a0fun\u00e7\u00f5es de lan\u00e7amento de cr\u00e9dito tribut\u00e1rio e fiscaliza\u00e7\u00e3o,\u00a0o Munic\u00edpio\u00a0informou que elas\u00a0est\u00e3o sendo desempenhadas por servidor efetivo ocupante do cargo de Agente Administrativo,\u00a0que\u00a0atualmente exerce a fun\u00e7\u00e3o de Dire\u00e7\u00e3o do Departamento de Tributa\u00e7\u00e3o e Fiscaliza\u00e7\u00e3o.\u00a0<\/span><span data-ccp-props=\"{&quot;134233117&quot;:false,&quot;134233118&quot;:false,&quot;201341983&quot;:0,&quot;335551550&quot;:6,&quot;335551620&quot;:6,&quot;335559685&quot;:0,&quot;335559737&quot;:0,&quot;335559738&quot;:240,&quot;335559739&quot;:240,&quot;335559740&quot;:360}\">\u00a0<\/span><\/p>\n<p><span data-contrast=\"auto\">Na sequ\u00eancia,\u00a0os autos foram encaminhados para an\u00e1lise da\u00a0Coordenadoria de Apoio e Instru\u00e7\u00e3o Suplementar\u00a0(CAIS),\u00a0que constatou que fun\u00e7\u00f5es t\u00edpicas do cargo de Auditor Fiscal de Tributos, de n\u00edvel superior, v\u00eam sendo atribu\u00eddas a servidores de n\u00edvel m\u00e9dio (Agente Administrativo e Agente Fiscal de Tributos) no Munic\u00edpio de Terra Boa.\u00a0<\/span><span data-ccp-props=\"{&quot;134233117&quot;:false,&quot;134233118&quot;:false,&quot;201341983&quot;:0,&quot;335551550&quot;:6,&quot;335551620&quot;:6,&quot;335559685&quot;:0,&quot;335559737&quot;:0,&quot;335559738&quot;:240,&quot;335559739&quot;:240,&quot;335559740&quot;:360}\">\u00a0<\/span><\/p>\n<p><span data-contrast=\"auto\">Nesse sentido, a unidade t\u00e9cnica verificou que a\u00a0Lei Municipal n\u00ba 1.782\/2024\u00a0alterou as atribui\u00e7\u00f5es do cargo de Agente Fiscal de Tributos (n\u00edvel m\u00e9dio), bem como criou o cargo de Auditor Fiscal de Tributos, cujo requisito de ingresso \u00e9 conclus\u00e3o no Ensino Superior e registro no Conselho de Classe correspondente.\u00a0Em rela\u00e7\u00e3o as atribui\u00e7\u00f5es dos cargos, embora a legisla\u00e7\u00e3o municipal preveja\u00a0remunera\u00e7\u00f5es\u00a0distintas (Agente Administrativo e Agente Fiscal de Tributos vencimentos entre R$ 1.734,51 e R$ 4.214,16 e para o cargo de Auditor Fiscal de Tributos entre R$ 4.997,60 e R$ 10.512,69),\u00a0os tr\u00eas cargos possuem atribui\u00e7\u00f5es\u00a0similares\u00a0relacionadas \u00e0 \u00e1rea de tributa\u00e7\u00e3o.<\/span><span data-ccp-props=\"{&quot;134233117&quot;:false,&quot;134233118&quot;:false,&quot;201341983&quot;:0,&quot;335551550&quot;:6,&quot;335551620&quot;:6,&quot;335559738&quot;:240,&quot;335559739&quot;:240,&quot;335559740&quot;:360}\">\u00a0<\/span><\/p>\n<p><span data-contrast=\"auto\">Diante desse cen\u00e1rio, a\u00a0CAIS\u00a0alertou que essa pr\u00e1tica configura poss\u00edvel desvio de fun\u00e7\u00e3o e usurpa\u00e7\u00e3o de compet\u00eancia, podendo gerar nulidade de atos e responsabiliza\u00e7\u00e3o dos agentes.\u00a0Ela tamb\u00e9m refor\u00e7ou que casos semelhantes envolvendo a baixa remunera\u00e7\u00e3o e n\u00edvel escolar inadequado atribu\u00eddo a cargos\u00a0da\u00a0carreira de fiscal tribut\u00e1rio t\u00eam sido objeto de in\u00fameros protocolos perante o TCE-PR, muitos deles, inclusive, apresentados pelo Minist\u00e9rio P\u00fablico de Contas do Paran\u00e1,\u00a0o qual\u00a0emitiu a\u00a0<\/span><a href=\"https:\/\/www.mpc.pr.gov.br\/wp-content\/uploads\/2025\/07\/Recomendacao-Administrativa-01.2025-Fiscos-municipais-VF.pdf\"><span data-contrast=\"none\">Recomenda\u00e7\u00e3o Administrativa n\u00ba 01\/2025<\/span><\/a><span data-contrast=\"auto\">, em 24\/07\/2025, refor\u00e7ando a necessidade\u00a0de que os\u00a0cargos voltados \u00e0 fiscaliza\u00e7\u00e3o e arrecada\u00e7\u00e3o de tributos\u00a0sejam\u00a0&#8220;exercidos por servidores de carreira espec\u00edfica, aprovados em concurso p\u00fablico, com forma\u00e7\u00e3o superior em \u00e1reas como Direito, Contabilidade, Administra\u00e7\u00e3o, Economia, Engenharia, TI, entre outras relacionadas \u00e0 \u00e1rea tribut\u00e1ria&#8221;.<\/span><span data-ccp-props=\"{&quot;134233117&quot;:false,&quot;134233118&quot;:false,&quot;201341983&quot;:0,&quot;335551550&quot;:6,&quot;335551620&quot;:6,&quot;335559738&quot;:240,&quot;335559739&quot;:240,&quot;335559740&quot;:360}\">\u00a0<\/span><\/p>\n<p><span data-contrast=\"auto\">Ao final, opinou pela proced\u00eancia da den\u00fancia e recomendou que o\u00a0Munic\u00edpio institua o Conselho de Pol\u00edtica de Administra\u00e7\u00e3o e Remunera\u00e7\u00e3o de Pessoal e revise as atribui\u00e7\u00f5es dos cargos da \u00e1rea tribut\u00e1ria, garantindo compatibilidade com a complexidade e qualifica\u00e7\u00e3o exigidas.<\/span><span data-ccp-props=\"{&quot;134233117&quot;:false,&quot;134233118&quot;:false,&quot;201341983&quot;:0,&quot;335551550&quot;:6,&quot;335551620&quot;:6,&quot;335559738&quot;:240,&quot;335559739&quot;:240,&quot;335559740&quot;:360}\">\u00a0<\/span><\/p>\n<h4><b><span data-contrast=\"auto\">Parecer Ministerial<\/span><\/b><span data-ccp-props=\"{&quot;134233117&quot;:false,&quot;134233118&quot;:false,&quot;201341983&quot;:0,&quot;335551550&quot;:6,&quot;335551620&quot;:6,&quot;335559738&quot;:240,&quot;335559739&quot;:240,&quot;335559740&quot;:360}\">\u00a0<\/span><\/h4>\n<p><span data-contrast=\"auto\">Instada a se manifestar,\u00a0a 5\u00aa Procuradoria de Contas do MPC-PR acompanhou integralmente o opinativo da\u00a0unidade t\u00e9cnica, em rela\u00e7\u00e3o \u00e0 necessidade de revis\u00e3o das atribui\u00e7\u00f5es dos cargos que atuam junto ao Fisco Municipal.\u00a0Mediante o <a href=\"https:\/\/www.mpc.pr.gov.br\/wp-content\/uploads\/2026\/01\/terra-boa-PAR-734_25-5PC.pdf\">Parecer n\u00ba 734\/25<\/a>, a 5PC\u00a0destacou que\u00a0a pr\u00f3pria Mensagem ao Projeto de Lei n\u00ba 06\/2024, que originou a Lei Municipal n\u00ba 1.782\/2024, justificou a cria\u00e7\u00e3o do cargo em cumprimento \u00e0 Constitui\u00e7\u00e3o Federal e atendimento a recomenda\u00e7\u00f5es do TCE-PR, MPC-PR e Controladoria Interna, de modo\u00a0que\u00a0entende que\u00a0n\u00e3o foram apresentados motivos leg\u00edtimos\u00a0pelo ente\u00a0para a omiss\u00e3o na convoca\u00e7\u00e3o dos\u00a0candidatos\u00a0aprovados, a despeito da previs\u00e3o em edital de uma vaga imediata\u00a0<\/span><span data-contrast=\"auto\">e da premente necessidade de seu provimento.<\/span><span data-ccp-props=\"{&quot;134233117&quot;:false,&quot;134233118&quot;:false,&quot;201341983&quot;:0,&quot;335551550&quot;:6,&quot;335551620&quot;:6,&quot;335559738&quot;:240,&quot;335559739&quot;:240,&quot;335559740&quot;:360}\">\u00a0<\/span><\/p>\n<p><span data-contrast=\"auto\">Dessa forma, para al\u00e9m da proced\u00eancia da Den\u00fancia e recomenda\u00e7\u00e3o\u00a0sugerida pela CAIS, o MPC-PR se manifestou pela expedi\u00e7\u00e3o de\u00a0determina\u00e7\u00e3o para que, no prazo de 90 dias, o Munic\u00edpio de Terra Boa comprovasse\u00a0a ado\u00e7\u00e3o de medidas com vistas ao provimento da vaga de Auditor Fiscal de Tributos, salvo comprova\u00e7\u00e3o de impedimento de ordem t\u00e9cnica.<\/span><span data-ccp-props=\"{&quot;134233117&quot;:false,&quot;134233118&quot;:false,&quot;201341983&quot;:0,&quot;335551550&quot;:6,&quot;335551620&quot;:6,&quot;335559738&quot;:240,&quot;335559739&quot;:240,&quot;335559740&quot;:360}\">\u00a0<\/span><\/p>\n<h4><b><span data-contrast=\"auto\">Decis\u00e3o<\/span><\/b><span data-ccp-props=\"{&quot;134233117&quot;:false,&quot;134233118&quot;:false,&quot;201341983&quot;:0,&quot;335551550&quot;:6,&quot;335551620&quot;:6,&quot;335559738&quot;:240,&quot;335559739&quot;:240,&quot;335559740&quot;:360}\">\u00a0<\/span><\/h4>\n<p><span data-contrast=\"auto\">Em sede de julgamento, o Relator frisou que a situa\u00e7\u00e3o observada no Munic\u00edpio de\u00a0Terra\u00a0Boa\u00a0extrapola mero ato discricion\u00e1rio\u00a0do gestor,\u00a0pois tal\u00a0conduta comprometeu\u00a0a efic\u00e1cia e a legalidade da administra\u00e7\u00e3o tribut\u00e1ria, violando preceitos constitucionais e legais em diferentes n\u00edveis.<\/span><span data-ccp-props=\"{&quot;134233117&quot;:false,&quot;134233118&quot;:false,&quot;201341983&quot;:0,&quot;335551550&quot;:6,&quot;335551620&quot;:6,&quot;335559738&quot;:240,&quot;335559739&quot;:240,&quot;335559740&quot;:360}\">\u00a0<\/span><\/p>\n<p><span data-contrast=\"auto\">No mesmo sentido \u00e9 a jurisprud\u00eancia\u00a0do STF, que estabelece que havendo vaga prevista no edital e necessidade de seu\u00a0preenchimento, configura-se o direito subjetivo do aprovado \u00e0 nomea\u00e7\u00e3o, n\u00e3o sendo admiss\u00edvel o adiamento imotivado sob o argumento gen\u00e9rico de conveni\u00eancia administrativa.\u00a0Portanto, a manuten\u00e7\u00e3o da vaga ociosa, aliada \u00e0 delega\u00e7\u00e3o de suas atribui\u00e7\u00f5es a servidores sem habilita\u00e7\u00e3o legal, afasta a presun\u00e7\u00e3o de legitimidade da decis\u00e3o administrativa e evidencia afronta aos princ\u00edpios do concurso p\u00fablico, da efici\u00eancia e da legalidade.<\/span><span data-ccp-props=\"{&quot;134233117&quot;:false,&quot;134233118&quot;:false,&quot;201341983&quot;:0,&quot;335551550&quot;:6,&quot;335551620&quot;:6,&quot;335559685&quot;:0,&quot;335559737&quot;:0,&quot;335559738&quot;:240,&quot;335559739&quot;:240,&quot;335559740&quot;:360}\">\u00a0<\/span><\/p>\n<p><span data-contrast=\"auto\">No que se refere as compet\u00eancias e atribui\u00e7\u00f5es do cargo de Auditor Fiscal de Tributos, o Relator\u00a0observou que a lei municipal n\u00e3o pode, por meio de nomenclatura ou exig\u00eancia de n\u00edvel m\u00e9dio, alterar a ess\u00eancia de uma fun\u00e7\u00e3o que a Constitui\u00e7\u00e3o e a jurisprud\u00eancia reconhecem como complexa e exclusiva de Estado, que deve ser desempenhada por servidores de carreira pr\u00f3pria, recrutados por concurso p\u00fablico espec\u00edfico, com exig\u00eancia de qualifica\u00e7\u00e3o compat\u00edvel.\u00a0Por essas raz\u00f5es,\u00a0entende que a designa\u00e7\u00e3o de profissionais sem a forma\u00e7\u00e3o exigida compromete a validade de atos como lan\u00e7amentos tribut\u00e1rios e fiscaliza\u00e7\u00f5es, podendo acarretar nulidade, preju\u00edzos \u00e0 arrecada\u00e7\u00e3o e inseguran\u00e7a jur\u00eddica, bem como coloca em risco\u00a0conv\u00eanios.<\/span><span data-ccp-props=\"{&quot;134233117&quot;:false,&quot;134233118&quot;:false,&quot;201341983&quot;:0,&quot;335551550&quot;:6,&quot;335551620&quot;:6,&quot;335559685&quot;:0,&quot;335559737&quot;:0,&quot;335559738&quot;:240,&quot;335559739&quot;:240,&quot;335559740&quot;:360}\">\u00a0<\/span><\/p>\n<p><span data-contrast=\"auto\">Diante do exposto, o Relator acompanhou integralmente os opinativos da CAIS e MPC-PR, pela proced\u00eancia da den\u00fancia, a fim de determinar ao Munic\u00edpio de Terra Boa que, no prazo de 90 dias, adote as provid\u00eancias necess\u00e1rias ao provimento do cargo de Auditor Fiscal de Tributos, ofertado no Concurso P\u00fablico n\u00ba 01\/2024, ressalvada a hip\u00f3tese de comprovado impedimento de ordem t\u00e9cnica ou or\u00e7ament\u00e1ria, devidamente justificado.<\/span><span data-ccp-props=\"{&quot;134233117&quot;:false,&quot;134233118&quot;:false,&quot;201341983&quot;:0,&quot;335551550&quot;:6,&quot;335551620&quot;:6,&quot;335559685&quot;:0,&quot;335559737&quot;:0,&quot;335559738&quot;:240,&quot;335559739&quot;:240,&quot;335559740&quot;:360}\">\u00a0<\/span><\/p>\n<p><span data-contrast=\"auto\">Ao final, recomendou tamb\u00e9m que o ente\u00a0revise as atribui\u00e7\u00f5es e requisitos dos cargos da \u00e1rea tribut\u00e1ria, a fim de adequ\u00e1-los \u00e0 complexidade e \u00e0 qualifica\u00e7\u00e3o exigida para o seu exerc\u00edcio; cesse a pr\u00e1tica de atribuir a servidores de n\u00edvel m\u00e9dio fun\u00e7\u00f5es privativas do cargo de\u00a0n\u00edvel superior de\u00a0Auditor Fiscal de Tributos;\u00a0e\u00a0institua o\u00a0Conselho de Pol\u00edtica de Administra\u00e7\u00e3o e Remunera\u00e7\u00e3o de Pessoal, nos termos do art. 39, \u00a7 1\u00ba, da Constitui\u00e7\u00e3o Federal.<\/span><span data-ccp-props=\"{&quot;134233117&quot;:false,&quot;134233118&quot;:false,&quot;201341983&quot;:0,&quot;335551550&quot;:6,&quot;335551620&quot;:6,&quot;335559685&quot;:0,&quot;335559737&quot;:0,&quot;335559738&quot;:240,&quot;335559739&quot;:240,&quot;335559740&quot;:360}\">\u00a0<\/span><\/p>\n<p><span data-contrast=\"auto\">Os membros do Tribunal Pleno acompanharam, por unanimidade o voto do Relator, conforme a decis\u00e3o expressa no <a href=\"https:\/\/www.mpc.pr.gov.br\/wp-content\/uploads\/2026\/01\/terra-boa-ACO-2828_25-STP.pdf\">Ac\u00f3rd\u00e3o n\u00ba 2828\/25<\/a>.<\/span><span data-ccp-props=\"{&quot;134233117&quot;:false,&quot;134233118&quot;:false,&quot;201341983&quot;:0,&quot;335551550&quot;:6,&quot;335551620&quot;:6,&quot;335559685&quot;:0,&quot;335559737&quot;:0,&quot;335559738&quot;:240,&quot;335559739&quot;:240,&quot;335559740&quot;:360}\">\u00a0<\/span><\/p>\n<h4><b><span data-contrast=\"auto\">Peti\u00e7\u00e3o Municipal<\/span><\/b><span data-ccp-props=\"{&quot;134233117&quot;:false,&quot;134233118&quot;:false,&quot;201341983&quot;:0,&quot;335551550&quot;:6,&quot;335551620&quot;:6,&quot;335559685&quot;:0,&quot;335559737&quot;:0,&quot;335559738&quot;:240,&quot;335559739&quot;:240,&quot;335559740&quot;:360}\">\u00a0<\/span><\/h4>\n<p><span data-contrast=\"auto\">Mediante\u00a0o\u00a0requerimento protocolado nos autos, ap\u00f3s encerrada a fase recursal\u00a0do processo, o Munic\u00edpio de Terra\u00a0Boa\u00a0peticionou o TCE-PR a fim de\u00a0solicitar a dispensa do cumprimento da determina\u00e7\u00e3o\u00a0referente ao prazo de 90 dias para do\u00e7\u00e3o das provid\u00eancias necess\u00e1rias ao provimento do cargo de Auditor Fiscal de Tributo.<\/span><span data-ccp-props=\"{&quot;134233117&quot;:false,&quot;134233118&quot;:false,&quot;201341983&quot;:0,&quot;335551550&quot;:6,&quot;335551620&quot;:6,&quot;335559685&quot;:0,&quot;335559737&quot;:0,&quot;335559738&quot;:240,&quot;335559739&quot;:240,&quot;335559740&quot;:360}\">\u00a0<\/span><\/p>\n<p><span data-contrast=\"auto\">Segundo o ente, o denunciante tamb\u00e9m impetrou um mandado de seguran\u00e7a junto \u00e0 Vara da Fazenda P\u00fablica da Comarca de Terra Boa, com a finalidade de ser imediatamente nomeado para o cargo.\u00a0O\u00a0pedido foi objeto de an\u00e1lise em sede de decis\u00e3o liminar, por meio da qual o\u00a0Magistrado indeferiu o pedido de nomea\u00e7\u00e3o para o cargo em quest\u00e3o, sob o fundamento de que\u00a0n\u00e3o foi poss\u00edvel observar\u00a0des\u00eddia da Administra\u00e7\u00e3o em nomear os aprovados por concurso p\u00fablico.<\/span><span data-ccp-props=\"{&quot;134233117&quot;:false,&quot;134233118&quot;:false,&quot;201341983&quot;:0,&quot;335551550&quot;:6,&quot;335551620&quot;:6,&quot;335559685&quot;:0,&quot;335559737&quot;:0,&quot;335559738&quot;:240,&quot;335559739&quot;:240,&quot;335559740&quot;:360}\">\u00a0<\/span><\/p>\n<p><span data-contrast=\"auto\">Portando,\u00a0o Munic\u00edpio alega\u00a0que\u00a0a decis\u00e3o do TCE-PR estaria em conflito com a decis\u00e3o judicial, tendo em vista que a primeira\u00a0determina a nomea\u00e7\u00e3o do denunciante no prazo de 90 dias, e a\u00a0segunda\u00a0reconhece que n\u00e3o houve des\u00eddia da Administra\u00e7\u00e3o P\u00fablica.\u00a0Sendo assim,\u00a0com base no inciso XXXV, do art. 5\u00ba, da Constitui\u00e7\u00e3o Federal, requereu ao TCE-PR a dispensa do cumprimento da determina\u00e7\u00e3o e, caso seja indeferido o pedido, que ao menos fosse\u00a0renovado o prazo para ado\u00e7\u00e3o das provid\u00eancias determinadas no Ac\u00f3rd\u00e3o n\u00ba 2828\/25.<\/span><span data-ccp-props=\"{&quot;134233117&quot;:false,&quot;134233118&quot;:false,&quot;201341983&quot;:0,&quot;335551550&quot;:6,&quot;335551620&quot;:6,&quot;335559685&quot;:0,&quot;335559737&quot;:0,&quot;335559738&quot;:240,&quot;335559739&quot;:240,&quot;335559740&quot;:360}\">\u00a0<\/span><\/p>\n<p><span data-contrast=\"auto\">Por meio do Despacho n 1185\/25, o Relator Conselheiro Fernando Augusto Mello Guimar\u00e3es destacou, em s\u00edntese,\u00a0que as decis\u00f5es do TCE-PR e\u00a0do\u00a0<\/span><span data-contrast=\"auto\">Ju\u00edzo da Vara da Fazenda P\u00fablica de Terra Boa\u00a0operam em esferas diferentes com objetos e par\u00e2metros de controle pr\u00f3prios, podendo\u00a0conviver harmonicamente sem contradi\u00e7\u00e3o normativa ou pr\u00e1tica.<\/span><span data-ccp-props=\"{&quot;134233117&quot;:false,&quot;134233118&quot;:false,&quot;201341983&quot;:0,&quot;335551550&quot;:6,&quot;335551620&quot;:6,&quot;335559685&quot;:0,&quot;335559737&quot;:0,&quot;335559738&quot;:240,&quot;335559739&quot;:240,&quot;335559740&quot;:360}\">\u00a0<\/span><\/p>\n<p><span data-contrast=\"auto\">O Relator tamb\u00e9m rejeitou o pedido de prorroga\u00e7\u00e3o do prazo, destacando que n\u00e3o foram apresentados elementos concretos que comprovem impedimento t\u00e9cnico ou or\u00e7ament\u00e1rio. Nesse sentido, observou que a obriga\u00e7\u00e3o consiste em medidas administrativas ordin\u00e1rias e que a posterga\u00e7\u00e3o injustificada compromete a arrecada\u00e7\u00e3o municipal e afronta princ\u00edpios constitucionais.\u00a0<\/span><span data-ccp-props=\"{&quot;134233117&quot;:false,&quot;134233118&quot;:false,&quot;201341983&quot;:0,&quot;335551550&quot;:6,&quot;335551620&quot;:6,&quot;335559685&quot;:0,&quot;335559737&quot;:0,&quot;335559738&quot;:240,&quot;335559739&quot;:240,&quot;335559740&quot;:360}\">\u00a0<\/span><\/p>\n<p><span data-contrast=\"auto\">Dessa forma,\u00a0determinou\u00a0a manuten\u00e7\u00e3o do prazo original para cumprimento da\u00a0determina\u00e7\u00e3o e recomenda\u00e7\u00f5es expostas\u00a0no\u00a0Ac\u00f3rd\u00e3o 2828\/25.<\/span><span data-ccp-props=\"{&quot;134233117&quot;:false,&quot;134233118&quot;:false,&quot;201341983&quot;:0,&quot;335551550&quot;:6,&quot;335551620&quot;:6,&quot;335559685&quot;:0,&quot;335559737&quot;:0,&quot;335559738&quot;:240,&quot;335559739&quot;:240,&quot;335559740&quot;:360}\">\u00a0<\/span><\/p>\n<blockquote><p><span style=\"color: #820007;\"><strong><u>Informa\u00e7\u00e3o para consulta processual<\/u><\/strong><\/span><\/p>\n<table style=\"height: 183px;\" border=\"0\" width=\"478\" cellspacing=\"0\" cellpadding=\"0\">\n<tbody>\n<tr>\n<td><strong>Processo n\u00ba<\/strong>:<\/td>\n<td>215779\/25<\/td>\n<\/tr>\n<tr>\n<td><strong>Ac\u00f3rd\u00e3o n\u00ba<\/strong>:<\/td>\n<td><span class=\"TextRun SCXW44987904 BCX0\" lang=\"PT-BR\" xml:lang=\"PT-BR\" data-contrast=\"auto\"><span class=\"NormalTextRun SCXW44987904 BCX0\"><span class=\"TextRun SCXW122174835 BCX0\" lang=\"PT-PT\" xml:lang=\"PT-PT\" data-contrast=\"auto\"><span class=\"NormalTextRun SCXW122174835 BCX0\">2828\/25<\/span><\/span><\/span><\/span><\/td>\n<\/tr>\n<tr>\n<td><strong>Assunto<\/strong>:<\/td>\n<td>Den\u00fancia<\/td>\n<\/tr>\n<tr>\n<td><strong>Interessado<\/strong>:<\/td>\n<td><span class=\"NormalTextRun SCXW187976841 BCX0\">Munic\u00edpio de Terra Boa<\/span><\/td>\n<\/tr>\n<tr>\n<td><strong>Relator<\/strong>:<\/td>\n<td><span class=\"TextRun SCXW259496958 BCX0\" lang=\"PT-BR\" xml:lang=\"PT-BR\" data-contrast=\"auto\"><span class=\"NormalTextRun SCXW259496958 BCX0\">Conselheiro Fernando Augusto Mello Guimar\u00e3es<\/span><\/span><\/td>\n<\/tr>\n<\/tbody>\n<\/table>\n<\/blockquote>\n","protected":false},"excerpt":{"rendered":"<p>A medida foi proposta pelo MPC-PR, ao\u00a0refor\u00e7ar a\u00a0necessidade de profissionaliza\u00e7\u00e3o da carreira tribut\u00e1ria.\u00a0 O Tribunal de Contas do Paran\u00e1 (TCE-PR)\u00a0negou\u00a0o\u00a0pedido do Munic\u00edpio de Terra Boa para\u00a0ser\u00a0dispensado do\u00a0cumprimento da\u00a0determina\u00e7\u00e3o\u00a0proposta pelo Minist\u00e9rio P\u00fablico de Contas do Paran\u00e1 (MPC-PR),\u00a0que obriga o ente a adotar\u00a0medidas\u00a0para nomear, no prazo de 90 dias, o cargo de Auditor Fiscal de Tributos, ofertado [&hellip;]<\/p>\n","protected":false},"author":1,"featured_media":25091,"comment_status":"open","ping_status":"open","sticky":false,"template":"","format":"standard","meta":{"_monsterinsights_skip_tracking":false,"_monsterinsights_sitenote_active":false,"_monsterinsights_sitenote_note":"","_monsterinsights_sitenote_category":0,"footnotes":""},"categories":[7],"tags":[794,141,13,39,876],"class_list":["post-25089","post","type-post","status-publish","format-standard","has-post-thumbnail","hentry","category-todas-as-noticias","tag-auditor-fiscal","tag-denuncia","tag-mpc-pr","tag-tce-pr","tag-terra-boa","entry","has-media"],"yoast_head":"<!-- This site is optimized with the Yoast SEO plugin v27.3 - https:\/\/yoast.com\/product\/yoast-seo-wordpress\/ -->\n<title>TCE-PR mant\u00e9m determina\u00e7\u00e3o para provimento de cargo de Auditor Fiscal em Terra Boa - Minist\u00e9rio P\u00fablico de Contas do Estado do Paran\u00e1<\/title>\n<meta name=\"robots\" content=\"index, follow, max-snippet:-1, max-image-preview:large, max-video-preview:-1\" \/>\n<link rel=\"canonical\" href=\"https:\/\/www.mpc.pr.gov.br\/index.php\/tce-pr-mantem-determinacao-para-provimento-de-cargo-de-auditor-fiscal-em-terra-boa\/\" \/>\n<meta property=\"og:locale\" content=\"pt_BR\" \/>\n<meta property=\"og:type\" content=\"article\" \/>\n<meta property=\"og:title\" content=\"TCE-PR mant\u00e9m determina\u00e7\u00e3o para provimento de cargo de Auditor Fiscal em Terra Boa - Minist\u00e9rio P\u00fablico de Contas do Estado do Paran\u00e1\" \/>\n<meta property=\"og:description\" content=\"A medida foi proposta pelo MPC-PR, ao\u00a0refor\u00e7ar a\u00a0necessidade de profissionaliza\u00e7\u00e3o da carreira tribut\u00e1ria.\u00a0 O Tribunal de Contas do Paran\u00e1 (TCE-PR)\u00a0negou\u00a0o\u00a0pedido do Munic\u00edpio de Terra Boa para\u00a0ser\u00a0dispensado do\u00a0cumprimento da\u00a0determina\u00e7\u00e3o\u00a0proposta pelo Minist\u00e9rio P\u00fablico de Contas do Paran\u00e1 (MPC-PR),\u00a0que obriga o ente a adotar\u00a0medidas\u00a0para nomear, no prazo de 90 dias, o cargo de Auditor Fiscal de Tributos, ofertado [&hellip;]\" \/>\n<meta property=\"og:url\" content=\"https:\/\/www.mpc.pr.gov.br\/index.php\/tce-pr-mantem-determinacao-para-provimento-de-cargo-de-auditor-fiscal-em-terra-boa\/\" \/>\n<meta property=\"og:site_name\" content=\"Minist\u00e9rio P\u00fablico de Contas do Estado do Paran\u00e1\" \/>\n<meta property=\"article:publisher\" content=\"https:\/\/www.facebook.com\/mpc.pr\" \/>\n<meta property=\"article:published_time\" content=\"2026-01-20T18:18:17+00:00\" \/>\n<meta property=\"article:modified_time\" content=\"2026-02-04T14:21:58+00:00\" \/>\n<meta property=\"og:image\" content=\"https:\/\/www.mpc.pr.gov.br\/wp-content\/uploads\/2026\/01\/terra-boa-praca-santos-dumont-foto-prefeitura.jpg\" \/>\n\t<meta property=\"og:image:width\" content=\"960\" \/>\n\t<meta property=\"og:image:height\" content=\"641\" \/>\n\t<meta property=\"og:image:type\" content=\"image\/jpeg\" \/>\n<meta name=\"author\" content=\"mpcontaspr\" \/>\n<meta name=\"twitter:card\" content=\"summary_large_image\" \/>\n<meta name=\"twitter:label1\" content=\"Escrito por\" \/>\n\t<meta name=\"twitter:data1\" content=\"mpcontaspr\" \/>\n\t<meta name=\"twitter:label2\" content=\"Est. tempo de leitura\" \/>\n\t<meta name=\"twitter:data2\" content=\"11 minutos\" \/>\n<script type=\"application\/ld+json\" class=\"yoast-schema-graph\">{\"@context\":\"https:\\\/\\\/schema.org\",\"@graph\":[{\"@type\":\"Article\",\"@id\":\"https:\\\/\\\/www.mpc.pr.gov.br\\\/index.php\\\/tce-pr-mantem-determinacao-para-provimento-de-cargo-de-auditor-fiscal-em-terra-boa\\\/#article\",\"isPartOf\":{\"@id\":\"https:\\\/\\\/www.mpc.pr.gov.br\\\/index.php\\\/tce-pr-mantem-determinacao-para-provimento-de-cargo-de-auditor-fiscal-em-terra-boa\\\/\"},\"author\":{\"name\":\"mpcontaspr\",\"@id\":\"https:\\\/\\\/www.mpc.pr.gov.br\\\/#\\\/schema\\\/person\\\/2d83cb8980538d0ec174e8a6284f5e11\"},\"headline\":\"TCE-PR mant\u00e9m determina\u00e7\u00e3o para provimento de cargo de Auditor Fiscal em Terra Boa\",\"datePublished\":\"2026-01-20T18:18:17+00:00\",\"dateModified\":\"2026-02-04T14:21:58+00:00\",\"mainEntityOfPage\":{\"@id\":\"https:\\\/\\\/www.mpc.pr.gov.br\\\/index.php\\\/tce-pr-mantem-determinacao-para-provimento-de-cargo-de-auditor-fiscal-em-terra-boa\\\/\"},\"wordCount\":2034,\"commentCount\":0,\"publisher\":{\"@id\":\"https:\\\/\\\/www.mpc.pr.gov.br\\\/#organization\"},\"image\":{\"@id\":\"https:\\\/\\\/www.mpc.pr.gov.br\\\/index.php\\\/tce-pr-mantem-determinacao-para-provimento-de-cargo-de-auditor-fiscal-em-terra-boa\\\/#primaryimage\"},\"thumbnailUrl\":\"https:\\\/\\\/www.mpc.pr.gov.br\\\/wp-content\\\/uploads\\\/2026\\\/01\\\/terra-boa-praca-santos-dumont-foto-prefeitura.jpg\",\"keywords\":[\"Auditor Fiscal\",\"Den\u00fancia\",\"MPC-PR\",\"TCE-PR\",\"Terra Boa\"],\"articleSection\":[\"Todas as not\u00edcias\"],\"inLanguage\":\"pt-BR\",\"potentialAction\":[{\"@type\":\"CommentAction\",\"name\":\"Comment\",\"target\":[\"https:\\\/\\\/www.mpc.pr.gov.br\\\/index.php\\\/tce-pr-mantem-determinacao-para-provimento-de-cargo-de-auditor-fiscal-em-terra-boa\\\/#respond\"]}]},{\"@type\":\"WebPage\",\"@id\":\"https:\\\/\\\/www.mpc.pr.gov.br\\\/index.php\\\/tce-pr-mantem-determinacao-para-provimento-de-cargo-de-auditor-fiscal-em-terra-boa\\\/\",\"url\":\"https:\\\/\\\/www.mpc.pr.gov.br\\\/index.php\\\/tce-pr-mantem-determinacao-para-provimento-de-cargo-de-auditor-fiscal-em-terra-boa\\\/\",\"name\":\"TCE-PR mant\u00e9m determina\u00e7\u00e3o para provimento de cargo de Auditor Fiscal em Terra Boa - Minist\u00e9rio P\u00fablico de Contas do Estado do Paran\u00e1\",\"isPartOf\":{\"@id\":\"https:\\\/\\\/www.mpc.pr.gov.br\\\/#website\"},\"primaryImageOfPage\":{\"@id\":\"https:\\\/\\\/www.mpc.pr.gov.br\\\/index.php\\\/tce-pr-mantem-determinacao-para-provimento-de-cargo-de-auditor-fiscal-em-terra-boa\\\/#primaryimage\"},\"image\":{\"@id\":\"https:\\\/\\\/www.mpc.pr.gov.br\\\/index.php\\\/tce-pr-mantem-determinacao-para-provimento-de-cargo-de-auditor-fiscal-em-terra-boa\\\/#primaryimage\"},\"thumbnailUrl\":\"https:\\\/\\\/www.mpc.pr.gov.br\\\/wp-content\\\/uploads\\\/2026\\\/01\\\/terra-boa-praca-santos-dumont-foto-prefeitura.jpg\",\"datePublished\":\"2026-01-20T18:18:17+00:00\",\"dateModified\":\"2026-02-04T14:21:58+00:00\",\"breadcrumb\":{\"@id\":\"https:\\\/\\\/www.mpc.pr.gov.br\\\/index.php\\\/tce-pr-mantem-determinacao-para-provimento-de-cargo-de-auditor-fiscal-em-terra-boa\\\/#breadcrumb\"},\"inLanguage\":\"pt-BR\",\"potentialAction\":[{\"@type\":\"ReadAction\",\"target\":[\"https:\\\/\\\/www.mpc.pr.gov.br\\\/index.php\\\/tce-pr-mantem-determinacao-para-provimento-de-cargo-de-auditor-fiscal-em-terra-boa\\\/\"]}]},{\"@type\":\"ImageObject\",\"inLanguage\":\"pt-BR\",\"@id\":\"https:\\\/\\\/www.mpc.pr.gov.br\\\/index.php\\\/tce-pr-mantem-determinacao-para-provimento-de-cargo-de-auditor-fiscal-em-terra-boa\\\/#primaryimage\",\"url\":\"https:\\\/\\\/www.mpc.pr.gov.br\\\/wp-content\\\/uploads\\\/2026\\\/01\\\/terra-boa-praca-santos-dumont-foto-prefeitura.jpg\",\"contentUrl\":\"https:\\\/\\\/www.mpc.pr.gov.br\\\/wp-content\\\/uploads\\\/2026\\\/01\\\/terra-boa-praca-santos-dumont-foto-prefeitura.jpg\",\"width\":960,\"height\":641,\"caption\":\"Pra\u00e7a Santos Dumont, localizada no Munic\u00edpio de Terra Boa, na regi\u00e3o noroeste do Estado do Paran\u00e1. Foto: Prefeitura Municipal\"},{\"@type\":\"BreadcrumbList\",\"@id\":\"https:\\\/\\\/www.mpc.pr.gov.br\\\/index.php\\\/tce-pr-mantem-determinacao-para-provimento-de-cargo-de-auditor-fiscal-em-terra-boa\\\/#breadcrumb\",\"itemListElement\":[{\"@type\":\"ListItem\",\"position\":1,\"name\":\"In\u00edcio\",\"item\":\"https:\\\/\\\/www.mpc.pr.gov.br\\\/\"},{\"@type\":\"ListItem\",\"position\":2,\"name\":\"TCE-PR mant\u00e9m determina\u00e7\u00e3o para provimento de cargo de Auditor Fiscal em Terra Boa\"}]},{\"@type\":\"WebSite\",\"@id\":\"https:\\\/\\\/www.mpc.pr.gov.br\\\/#website\",\"url\":\"https:\\\/\\\/www.mpc.pr.gov.br\\\/\",\"name\":\"Minist\u00e9rio P\u00fablico de Contas do Estado do Paran\u00e1\",\"description\":\"\",\"publisher\":{\"@id\":\"https:\\\/\\\/www.mpc.pr.gov.br\\\/#organization\"},\"potentialAction\":[{\"@type\":\"SearchAction\",\"target\":{\"@type\":\"EntryPoint\",\"urlTemplate\":\"https:\\\/\\\/www.mpc.pr.gov.br\\\/?s={search_term_string}\"},\"query-input\":{\"@type\":\"PropertyValueSpecification\",\"valueRequired\":true,\"valueName\":\"search_term_string\"}}],\"inLanguage\":\"pt-BR\"},{\"@type\":\"Organization\",\"@id\":\"https:\\\/\\\/www.mpc.pr.gov.br\\\/#organization\",\"name\":\"Minist\u00e9rio P\u00fablico de Contas do Estado do Paran\u00e1\",\"url\":\"https:\\\/\\\/www.mpc.pr.gov.br\\\/\",\"logo\":{\"@type\":\"ImageObject\",\"inLanguage\":\"pt-BR\",\"@id\":\"https:\\\/\\\/www.mpc.pr.gov.br\\\/#\\\/schema\\\/logo\\\/image\\\/\",\"url\":\"https:\\\/\\\/www.mpc.pr.gov.br\\\/wp-content\\\/uploads\\\/2020\\\/06\\\/99423647_1593460364143890_6706793420720963584_n-1-e1591387983167.png\",\"contentUrl\":\"https:\\\/\\\/www.mpc.pr.gov.br\\\/wp-content\\\/uploads\\\/2020\\\/06\\\/99423647_1593460364143890_6706793420720963584_n-1-e1591387983167.png\",\"width\":243,\"height\":73,\"caption\":\"Minist\u00e9rio P\u00fablico de Contas do Estado do Paran\u00e1\"},\"image\":{\"@id\":\"https:\\\/\\\/www.mpc.pr.gov.br\\\/#\\\/schema\\\/logo\\\/image\\\/\"},\"sameAs\":[\"https:\\\/\\\/www.facebook.com\\\/mpc.pr\",\"https:\\\/\\\/www.instagram.com\\\/mpc.pr\\\/?hl=pt-br\",\"https:\\\/\\\/www.youtube.com\\\/channel\\\/UCHri5oEM8DV0ztX57E0sBSw\"]},{\"@type\":\"Person\",\"@id\":\"https:\\\/\\\/www.mpc.pr.gov.br\\\/#\\\/schema\\\/person\\\/2d83cb8980538d0ec174e8a6284f5e11\",\"name\":\"mpcontaspr\",\"image\":{\"@type\":\"ImageObject\",\"inLanguage\":\"pt-BR\",\"@id\":\"https:\\\/\\\/secure.gravatar.com\\\/avatar\\\/1aef51541db7622e05fd639336c9c9f312c2a618396e2b6ca96846362fc5403f?s=96&d=mm&r=g\",\"url\":\"https:\\\/\\\/secure.gravatar.com\\\/avatar\\\/1aef51541db7622e05fd639336c9c9f312c2a618396e2b6ca96846362fc5403f?s=96&d=mm&r=g\",\"contentUrl\":\"https:\\\/\\\/secure.gravatar.com\\\/avatar\\\/1aef51541db7622e05fd639336c9c9f312c2a618396e2b6ca96846362fc5403f?s=96&d=mm&r=g\",\"caption\":\"mpcontaspr\"},\"sameAs\":[\"http:\\\/\\\/www.mpc.pr.gov.br\"]}]}<\/script>\n<!-- \/ Yoast SEO plugin. -->","yoast_head_json":{"title":"TCE-PR mant\u00e9m determina\u00e7\u00e3o para provimento de cargo de Auditor Fiscal em Terra Boa - Minist\u00e9rio P\u00fablico de Contas do Estado do Paran\u00e1","robots":{"index":"index","follow":"follow","max-snippet":"max-snippet:-1","max-image-preview":"max-image-preview:large","max-video-preview":"max-video-preview:-1"},"canonical":"https:\/\/www.mpc.pr.gov.br\/index.php\/tce-pr-mantem-determinacao-para-provimento-de-cargo-de-auditor-fiscal-em-terra-boa\/","og_locale":"pt_BR","og_type":"article","og_title":"TCE-PR mant\u00e9m determina\u00e7\u00e3o para provimento de cargo de Auditor Fiscal em Terra Boa - Minist\u00e9rio P\u00fablico de Contas do Estado do Paran\u00e1","og_description":"A medida foi proposta pelo MPC-PR, ao\u00a0refor\u00e7ar a\u00a0necessidade de profissionaliza\u00e7\u00e3o da carreira tribut\u00e1ria.\u00a0 O Tribunal de Contas do Paran\u00e1 (TCE-PR)\u00a0negou\u00a0o\u00a0pedido do Munic\u00edpio de Terra Boa para\u00a0ser\u00a0dispensado do\u00a0cumprimento da\u00a0determina\u00e7\u00e3o\u00a0proposta pelo Minist\u00e9rio P\u00fablico de Contas do Paran\u00e1 (MPC-PR),\u00a0que obriga o ente a adotar\u00a0medidas\u00a0para nomear, no prazo de 90 dias, o cargo de Auditor Fiscal de Tributos, ofertado [&hellip;]","og_url":"https:\/\/www.mpc.pr.gov.br\/index.php\/tce-pr-mantem-determinacao-para-provimento-de-cargo-de-auditor-fiscal-em-terra-boa\/","og_site_name":"Minist\u00e9rio P\u00fablico de Contas do Estado do Paran\u00e1","article_publisher":"https:\/\/www.facebook.com\/mpc.pr","article_published_time":"2026-01-20T18:18:17+00:00","article_modified_time":"2026-02-04T14:21:58+00:00","og_image":[{"width":960,"height":641,"url":"https:\/\/www.mpc.pr.gov.br\/wp-content\/uploads\/2026\/01\/terra-boa-praca-santos-dumont-foto-prefeitura.jpg","type":"image\/jpeg"}],"author":"mpcontaspr","twitter_card":"summary_large_image","twitter_misc":{"Escrito por":"mpcontaspr","Est. tempo de leitura":"11 minutos"},"schema":{"@context":"https:\/\/schema.org","@graph":[{"@type":"Article","@id":"https:\/\/www.mpc.pr.gov.br\/index.php\/tce-pr-mantem-determinacao-para-provimento-de-cargo-de-auditor-fiscal-em-terra-boa\/#article","isPartOf":{"@id":"https:\/\/www.mpc.pr.gov.br\/index.php\/tce-pr-mantem-determinacao-para-provimento-de-cargo-de-auditor-fiscal-em-terra-boa\/"},"author":{"name":"mpcontaspr","@id":"https:\/\/www.mpc.pr.gov.br\/#\/schema\/person\/2d83cb8980538d0ec174e8a6284f5e11"},"headline":"TCE-PR mant\u00e9m determina\u00e7\u00e3o para provimento de cargo de Auditor Fiscal em Terra Boa","datePublished":"2026-01-20T18:18:17+00:00","dateModified":"2026-02-04T14:21:58+00:00","mainEntityOfPage":{"@id":"https:\/\/www.mpc.pr.gov.br\/index.php\/tce-pr-mantem-determinacao-para-provimento-de-cargo-de-auditor-fiscal-em-terra-boa\/"},"wordCount":2034,"commentCount":0,"publisher":{"@id":"https:\/\/www.mpc.pr.gov.br\/#organization"},"image":{"@id":"https:\/\/www.mpc.pr.gov.br\/index.php\/tce-pr-mantem-determinacao-para-provimento-de-cargo-de-auditor-fiscal-em-terra-boa\/#primaryimage"},"thumbnailUrl":"https:\/\/www.mpc.pr.gov.br\/wp-content\/uploads\/2026\/01\/terra-boa-praca-santos-dumont-foto-prefeitura.jpg","keywords":["Auditor Fiscal","Den\u00fancia","MPC-PR","TCE-PR","Terra Boa"],"articleSection":["Todas as not\u00edcias"],"inLanguage":"pt-BR","potentialAction":[{"@type":"CommentAction","name":"Comment","target":["https:\/\/www.mpc.pr.gov.br\/index.php\/tce-pr-mantem-determinacao-para-provimento-de-cargo-de-auditor-fiscal-em-terra-boa\/#respond"]}]},{"@type":"WebPage","@id":"https:\/\/www.mpc.pr.gov.br\/index.php\/tce-pr-mantem-determinacao-para-provimento-de-cargo-de-auditor-fiscal-em-terra-boa\/","url":"https:\/\/www.mpc.pr.gov.br\/index.php\/tce-pr-mantem-determinacao-para-provimento-de-cargo-de-auditor-fiscal-em-terra-boa\/","name":"TCE-PR mant\u00e9m determina\u00e7\u00e3o para provimento de cargo de Auditor Fiscal em Terra Boa - Minist\u00e9rio P\u00fablico de Contas do Estado do Paran\u00e1","isPartOf":{"@id":"https:\/\/www.mpc.pr.gov.br\/#website"},"primaryImageOfPage":{"@id":"https:\/\/www.mpc.pr.gov.br\/index.php\/tce-pr-mantem-determinacao-para-provimento-de-cargo-de-auditor-fiscal-em-terra-boa\/#primaryimage"},"image":{"@id":"https:\/\/www.mpc.pr.gov.br\/index.php\/tce-pr-mantem-determinacao-para-provimento-de-cargo-de-auditor-fiscal-em-terra-boa\/#primaryimage"},"thumbnailUrl":"https:\/\/www.mpc.pr.gov.br\/wp-content\/uploads\/2026\/01\/terra-boa-praca-santos-dumont-foto-prefeitura.jpg","datePublished":"2026-01-20T18:18:17+00:00","dateModified":"2026-02-04T14:21:58+00:00","breadcrumb":{"@id":"https:\/\/www.mpc.pr.gov.br\/index.php\/tce-pr-mantem-determinacao-para-provimento-de-cargo-de-auditor-fiscal-em-terra-boa\/#breadcrumb"},"inLanguage":"pt-BR","potentialAction":[{"@type":"ReadAction","target":["https:\/\/www.mpc.pr.gov.br\/index.php\/tce-pr-mantem-determinacao-para-provimento-de-cargo-de-auditor-fiscal-em-terra-boa\/"]}]},{"@type":"ImageObject","inLanguage":"pt-BR","@id":"https:\/\/www.mpc.pr.gov.br\/index.php\/tce-pr-mantem-determinacao-para-provimento-de-cargo-de-auditor-fiscal-em-terra-boa\/#primaryimage","url":"https:\/\/www.mpc.pr.gov.br\/wp-content\/uploads\/2026\/01\/terra-boa-praca-santos-dumont-foto-prefeitura.jpg","contentUrl":"https:\/\/www.mpc.pr.gov.br\/wp-content\/uploads\/2026\/01\/terra-boa-praca-santos-dumont-foto-prefeitura.jpg","width":960,"height":641,"caption":"Pra\u00e7a Santos Dumont, localizada no Munic\u00edpio de Terra Boa, na regi\u00e3o noroeste do Estado do Paran\u00e1. Foto: Prefeitura Municipal"},{"@type":"BreadcrumbList","@id":"https:\/\/www.mpc.pr.gov.br\/index.php\/tce-pr-mantem-determinacao-para-provimento-de-cargo-de-auditor-fiscal-em-terra-boa\/#breadcrumb","itemListElement":[{"@type":"ListItem","position":1,"name":"In\u00edcio","item":"https:\/\/www.mpc.pr.gov.br\/"},{"@type":"ListItem","position":2,"name":"TCE-PR mant\u00e9m determina\u00e7\u00e3o para provimento de cargo de Auditor Fiscal em Terra Boa"}]},{"@type":"WebSite","@id":"https:\/\/www.mpc.pr.gov.br\/#website","url":"https:\/\/www.mpc.pr.gov.br\/","name":"Minist\u00e9rio P\u00fablico de Contas do Estado do Paran\u00e1","description":"","publisher":{"@id":"https:\/\/www.mpc.pr.gov.br\/#organization"},"potentialAction":[{"@type":"SearchAction","target":{"@type":"EntryPoint","urlTemplate":"https:\/\/www.mpc.pr.gov.br\/?s={search_term_string}"},"query-input":{"@type":"PropertyValueSpecification","valueRequired":true,"valueName":"search_term_string"}}],"inLanguage":"pt-BR"},{"@type":"Organization","@id":"https:\/\/www.mpc.pr.gov.br\/#organization","name":"Minist\u00e9rio P\u00fablico de Contas do Estado do Paran\u00e1","url":"https:\/\/www.mpc.pr.gov.br\/","logo":{"@type":"ImageObject","inLanguage":"pt-BR","@id":"https:\/\/www.mpc.pr.gov.br\/#\/schema\/logo\/image\/","url":"https:\/\/www.mpc.pr.gov.br\/wp-content\/uploads\/2020\/06\/99423647_1593460364143890_6706793420720963584_n-1-e1591387983167.png","contentUrl":"https:\/\/www.mpc.pr.gov.br\/wp-content\/uploads\/2020\/06\/99423647_1593460364143890_6706793420720963584_n-1-e1591387983167.png","width":243,"height":73,"caption":"Minist\u00e9rio P\u00fablico de Contas do Estado do Paran\u00e1"},"image":{"@id":"https:\/\/www.mpc.pr.gov.br\/#\/schema\/logo\/image\/"},"sameAs":["https:\/\/www.facebook.com\/mpc.pr","https:\/\/www.instagram.com\/mpc.pr\/?hl=pt-br","https:\/\/www.youtube.com\/channel\/UCHri5oEM8DV0ztX57E0sBSw"]},{"@type":"Person","@id":"https:\/\/www.mpc.pr.gov.br\/#\/schema\/person\/2d83cb8980538d0ec174e8a6284f5e11","name":"mpcontaspr","image":{"@type":"ImageObject","inLanguage":"pt-BR","@id":"https:\/\/secure.gravatar.com\/avatar\/1aef51541db7622e05fd639336c9c9f312c2a618396e2b6ca96846362fc5403f?s=96&d=mm&r=g","url":"https:\/\/secure.gravatar.com\/avatar\/1aef51541db7622e05fd639336c9c9f312c2a618396e2b6ca96846362fc5403f?s=96&d=mm&r=g","contentUrl":"https:\/\/secure.gravatar.com\/avatar\/1aef51541db7622e05fd639336c9c9f312c2a618396e2b6ca96846362fc5403f?s=96&d=mm&r=g","caption":"mpcontaspr"},"sameAs":["http:\/\/www.mpc.pr.gov.br"]}]}},"rttpg_featured_image_url":{"full":["https:\/\/www.mpc.pr.gov.br\/wp-content\/uploads\/2026\/01\/terra-boa-praca-santos-dumont-foto-prefeitura.jpg",960,641,false],"landscape":["https:\/\/www.mpc.pr.gov.br\/wp-content\/uploads\/2026\/01\/terra-boa-praca-santos-dumont-foto-prefeitura.jpg",960,641,false],"portraits":["https:\/\/www.mpc.pr.gov.br\/wp-content\/uploads\/2026\/01\/terra-boa-praca-santos-dumont-foto-prefeitura.jpg",960,641,false],"thumbnail":["https:\/\/www.mpc.pr.gov.br\/wp-content\/uploads\/2026\/01\/terra-boa-praca-santos-dumont-foto-prefeitura-150x150.jpg",150,150,true],"medium":["https:\/\/www.mpc.pr.gov.br\/wp-content\/uploads\/2026\/01\/terra-boa-praca-santos-dumont-foto-prefeitura-300x200.jpg",300,200,true],"large":["https:\/\/www.mpc.pr.gov.br\/wp-content\/uploads\/2026\/01\/terra-boa-praca-santos-dumont-foto-prefeitura.jpg",960,641,false],"1536x1536":["https:\/\/www.mpc.pr.gov.br\/wp-content\/uploads\/2026\/01\/terra-boa-praca-santos-dumont-foto-prefeitura.jpg",960,641,false],"2048x2048":["https:\/\/www.mpc.pr.gov.br\/wp-content\/uploads\/2026\/01\/terra-boa-praca-santos-dumont-foto-prefeitura.jpg",960,641,false],"ocean-thumb-m":["https:\/\/www.mpc.pr.gov.br\/wp-content\/uploads\/2026\/01\/terra-boa-praca-santos-dumont-foto-prefeitura-600x600.jpg",600,600,true],"ocean-thumb-ml":["https:\/\/www.mpc.pr.gov.br\/wp-content\/uploads\/2026\/01\/terra-boa-praca-santos-dumont-foto-prefeitura-800x450.jpg",800,450,true],"ocean-thumb-l":["https:\/\/www.mpc.pr.gov.br\/wp-content\/uploads\/2026\/01\/terra-boa-praca-santos-dumont-foto-prefeitura.jpg",960,641,false]},"rttpg_author":{"display_name":"mpcontaspr","author_link":"https:\/\/www.mpc.pr.gov.br\/index.php\/author\/mpcontaspr\/"},"rttpg_comment":0,"rttpg_category":"<a href=\"https:\/\/www.mpc.pr.gov.br\/index.php\/category\/todas-as-noticias\/\" rel=\"category tag\">Todas as not\u00edcias<\/a>","rttpg_excerpt":"A medida foi proposta pelo MPC-PR, ao\u00a0refor\u00e7ar a\u00a0necessidade de profissionaliza\u00e7\u00e3o da carreira tribut\u00e1ria.\u00a0 O Tribunal de Contas do Paran\u00e1 (TCE-PR)\u00a0negou\u00a0o\u00a0pedido do Munic\u00edpio de Terra Boa para\u00a0ser\u00a0dispensado do\u00a0cumprimento da\u00a0determina\u00e7\u00e3o\u00a0proposta pelo Minist\u00e9rio P\u00fablico de Contas do Paran\u00e1 (MPC-PR),\u00a0que obriga o ente a adotar\u00a0medidas\u00a0para nomear, no prazo de 90 dias, o cargo de Auditor Fiscal de Tributos, ofertado&hellip;","_links":{"self":[{"href":"https:\/\/www.mpc.pr.gov.br\/index.php\/wp-json\/wp\/v2\/posts\/25089","targetHints":{"allow":["GET"]}}],"collection":[{"href":"https:\/\/www.mpc.pr.gov.br\/index.php\/wp-json\/wp\/v2\/posts"}],"about":[{"href":"https:\/\/www.mpc.pr.gov.br\/index.php\/wp-json\/wp\/v2\/types\/post"}],"author":[{"embeddable":true,"href":"https:\/\/www.mpc.pr.gov.br\/index.php\/wp-json\/wp\/v2\/users\/1"}],"replies":[{"embeddable":true,"href":"https:\/\/www.mpc.pr.gov.br\/index.php\/wp-json\/wp\/v2\/comments?post=25089"}],"version-history":[{"count":2,"href":"https:\/\/www.mpc.pr.gov.br\/index.php\/wp-json\/wp\/v2\/posts\/25089\/revisions"}],"predecessor-version":[{"id":25193,"href":"https:\/\/www.mpc.pr.gov.br\/index.php\/wp-json\/wp\/v2\/posts\/25089\/revisions\/25193"}],"wp:featuredmedia":[{"embeddable":true,"href":"https:\/\/www.mpc.pr.gov.br\/index.php\/wp-json\/wp\/v2\/media\/25091"}],"wp:attachment":[{"href":"https:\/\/www.mpc.pr.gov.br\/index.php\/wp-json\/wp\/v2\/media?parent=25089"}],"wp:term":[{"taxonomy":"category","embeddable":true,"href":"https:\/\/www.mpc.pr.gov.br\/index.php\/wp-json\/wp\/v2\/categories?post=25089"},{"taxonomy":"post_tag","embeddable":true,"href":"https:\/\/www.mpc.pr.gov.br\/index.php\/wp-json\/wp\/v2\/tags?post=25089"}],"curies":[{"name":"wp","href":"https:\/\/api.w.org\/{rel}","templated":true}]}}