{"id":25131,"date":"2026-01-22T10:22:32","date_gmt":"2026-01-22T13:22:32","guid":{"rendered":"https:\/\/www.mpc.pr.gov.br\/?p=25131"},"modified":"2026-02-05T14:59:51","modified_gmt":"2026-02-05T17:59:51","slug":"mpc-pr-divulga-relatorio-tecnico-no-01-2026-e-avanca-na-estrategia-de-fortalecimento-das-defesas-civis-municipais","status":"publish","type":"post","link":"https:\/\/www.mpc.pr.gov.br\/index.php\/mpc-pr-divulga-relatorio-tecnico-no-01-2026-e-avanca-na-estrategia-de-fortalecimento-das-defesas-civis-municipais\/","title":{"rendered":"MPC-PR divulga Relat\u00f3rio T\u00e9cnico n\u00ba 01\/2026 e avan\u00e7a na estrat\u00e9gia de fortalecimento das Defesas Civis municipais"},"content":{"rendered":"<p><span style=\"color: #800000;\"><em><span class=\"TextRun SCXW182282342 BCX0\" lang=\"PT-BR\" xml:lang=\"PT-BR\" data-contrast=\"auto\"><span class=\"NormalTextRun SCXW182282342 BCX0\">Diagn\u00f3stico inicial revela fragilidades estruturais e refor\u00e7a atua\u00e7\u00e3o preventiva do controle externo<\/span><\/span><span class=\"EOP SCXW182282342 BCX0\" data-ccp-props=\"{&quot;201341983&quot;:0,&quot;335551550&quot;:6,&quot;335551620&quot;:6,&quot;335559740&quot;:360}\">\u00a0<\/span><\/em><\/span><\/p>\n<figure id=\"attachment_25132\" aria-describedby=\"caption-attachment-25132\" style=\"width: 300px\" class=\"wp-caption alignleft\"><img fetchpriority=\"high\" decoding=\"async\" class=\"size-medium wp-image-25132\" src=\"https:\/\/www.mpc.pr.gov.br\/wp-content\/uploads\/2026\/01\/IMAGEM-SITE-300x169.png\" alt=\"\" width=\"300\" height=\"169\" srcset=\"https:\/\/www.mpc.pr.gov.br\/wp-content\/uploads\/2026\/01\/IMAGEM-SITE-300x169.png 300w, https:\/\/www.mpc.pr.gov.br\/wp-content\/uploads\/2026\/01\/IMAGEM-SITE.png 560w\" sizes=\"(max-width: 300px) 100vw, 300px\" \/><figcaption id=\"caption-attachment-25132\" class=\"wp-caption-text\">O Estado do Paran\u00e1 est\u00e1 no segundo maior corredor de tornados e ciclones do mundo. Imagem meramente ilustrativa.<\/figcaption><\/figure>\n<p><span data-contrast=\"auto\">O Minist\u00e9rio P\u00fablico de Contas do Estado do Paran\u00e1 (MPC-PR) concluiu, no in\u00edcio de 2026, o <a href=\"https:\/\/www.mpc.pr.gov.br\/wp-content\/uploads\/2026\/01\/Relatorio-Tecnico-012026-Fortalecimento-das-estruturas-de-defesa-civil-nos-municipios.pdf\">Relat\u00f3rio T\u00e9cnico n\u00ba 01\/2026<\/a>, documento que apresenta um diagn\u00f3stico preliminar sobre a estrutura\u00e7\u00e3o das Defesas Civis\u00a0nos 399\u00a0Munic\u00edpios paranaenses. A iniciativa integra o Projeto Especial de Atua\u00e7\u00e3o \u201cFortalecimento das\u00a0Estruturas de Defesa Civil\u00a0nos Munic\u00edpios\u201d,\u00a0o qual est\u00e1 sendo conduzido pelo Procurador-Geral, Gabriel Guy L\u00e9ger, pela Diretora\u00a0Barbara\u00a0Krysttal\u00a0Motta Almeida Reis,\u00a0e\u00a0demais servidores que comp\u00f5em a equipe t\u00e9cnica.\u00a0<\/span><span data-ccp-props=\"{&quot;201341983&quot;:0,&quot;335551550&quot;:6,&quot;335551620&quot;:6,&quot;335559740&quot;:360}\">\u00a0<\/span><\/p>\n<p><span data-contrast=\"auto\">Com o objetivo de induzir pol\u00edticas p\u00fablicas preventivas\u00a0e\u00a0fortalecer a capacidade institucional local, o\u00a0Relat\u00f3rio\u00a0T\u00e9cnico\u00a0n\u00ba 01\/2026\u00a0consolida a primeira etapa do projeto, tendo como ponto de partida\u00a0as informa\u00e7\u00f5es encaminhadas por 86\u00a0Munic\u00edpios\u00a0do Paran\u00e1\u00a0que responderam\u00a0ao\u00a0question\u00e1rio t\u00e9cnico disponibilizado pelo MPC-PR,\u00a0por meio do Canal de Comunica\u00e7\u00e3o (CACO) do Tribunal de Contas do Estado do Paran\u00e1 (TCE-PR).\u00a0O\u00a0levantamento\u00a0avaliou\u00a0a dimens\u00e3o do planejamento municipal,\u00a0contribuindo para uma vis\u00e3o de gest\u00e3o que engloba\u00a0oportunidades de melhorias,\u00a0e, principalmente,\u00a0as\u00a0fragilidades relevantes que demandam atua\u00e7\u00e3o articulada e continuada por parte dos entes p\u00fablicos.<\/span><span data-ccp-props=\"{&quot;201341983&quot;:0,&quot;335551550&quot;:6,&quot;335551620&quot;:6,&quot;335559740&quot;:360}\">\u00a0<\/span><\/p>\n<h4><b><span data-contrast=\"auto\">Contexto clim\u00e1tico e a indu\u00e7\u00e3o de pol\u00edticas preventivas<\/span><\/b><span data-ccp-props=\"{&quot;201341983&quot;:0,&quot;335551550&quot;:6,&quot;335551620&quot;:6,&quot;335559740&quot;:360}\">\u00a0<\/span><\/h4>\n<p><span data-contrast=\"auto\">O Projeto Especial surgiu em raz\u00e3o de\u00a0um contexto de intensifica\u00e7\u00e3o e maior frequ\u00eancia de eventos clim\u00e1ticos extremos, cen\u00e1rio que vem impactando diretamente\u00a0a capacidade de resposta das administra\u00e7\u00f5es locais.\u00a0Inunda\u00e7\u00f5es, deslizamentos, tempestades severas e per\u00edodos prolongados de estiagem t\u00eam exposto a vulnerabilidade dos\u00a0territ\u00f3rios urbanos, especialmente\u00a0nos Munic\u00edpios de pequeno e m\u00e9dio porte, onde as estruturas de Defesa Civil ainda se mostram incipientes\u00a0ou excessivamente dependentes da atua\u00e7\u00e3o estadual.<\/span><span data-ccp-props=\"{&quot;201341983&quot;:0,&quot;335551550&quot;:6,&quot;335551620&quot;:6,&quot;335559740&quot;:360}\">\u00a0<\/span><\/p>\n<p><span data-contrast=\"auto\">Diante desse quadro, o MPC-PR passou a adotar uma atua\u00e7\u00e3o estrat\u00e9gica voltada\u00a0\u00e0\u00a0<\/span><span data-contrast=\"auto\">orienta\u00e7\u00e3o, preven\u00e7\u00e3o e indu\u00e7\u00e3o de boas pr\u00e1ticas administrativas<\/span><span data-contrast=\"auto\">, reconhecendo que a aus\u00eancia de planejamento e de organiza\u00e7\u00e3o institucional potencializa riscos \u00e0 vida, ao patrim\u00f4nio p\u00fablico e aos direitos fundamentais da popula\u00e7\u00e3o. A iniciativa dialoga\u00a0entre as a\u00e7\u00f5es predominantemente voltadas \u00e0\u00a0preven\u00e7\u00e3o, assim como no aprimoramento da\u00a0gest\u00e3o de riscos\u00a0e defini\u00e7\u00e3o de\u00a0responsabilidades\u00a0pelos agentes p\u00fablicos.<\/span><span data-ccp-props=\"{&quot;134233117&quot;:false,&quot;134233118&quot;:false,&quot;201341983&quot;:0,&quot;335551550&quot;:6,&quot;335551620&quot;:6,&quot;335559685&quot;:0,&quot;335559737&quot;:0,&quot;335559738&quot;:0,&quot;335559739&quot;:160,&quot;335559740&quot;:360}\">\u00a0<\/span><\/p>\n<p><span data-contrast=\"auto\">O\u00a0projeto articula-se com outras frentes institucionais j\u00e1 desenvolvidas pelo MPC-PR, como\u00a0\u00e9 o caso da <a href=\"https:\/\/www.mpc.pr.gov.br\/wp-content\/uploads\/2025\/12\/Recomendacao-Administrativa-n.-03-2025-GPGMPC-PR.pdf\">Recomenda\u00e7\u00e3o Administrativa n\u00ba 03\/2025<\/a>, que orienta os\u00a0Munic\u00edpios paranaenses quanto \u00e0 institui\u00e7\u00e3o e \u00e0 operacionaliza\u00e7\u00e3o do Fundo Municipal de Calamidade P\u00fablica\u00a0(FECAP), instrumento considerado essencial para conferir previsibilidade or\u00e7ament\u00e1ria e agilidade \u00e0s a\u00e7\u00f5es de preven\u00e7\u00e3o, mitiga\u00e7\u00e3o, resposta e recupera\u00e7\u00e3o.\u00a0<\/span><span data-ccp-props=\"{&quot;201341983&quot;:0,&quot;335551550&quot;:6,&quot;335551620&quot;:6,&quot;335559740&quot;:360}\">\u00a0<\/span><\/p>\n<p><span data-contrast=\"auto\">Nesse sentido, a <a href=\"https:\/\/www.defesacivil.pr.gov.br\/\">Defesa Civil do Estado do Paran\u00e1<\/a> tem contribu\u00eddo em muito para o andamento do projeto, possibilitando a realiza\u00e7\u00e3o\u00a0de reuni\u00f5es t\u00e9cnicas e compartilhando\u00a0bases de dados que s\u00e3o essenciais para a atua\u00e7\u00e3o conjunta e estrat\u00e9gica entre as institui\u00e7\u00f5es.<\/span><span data-ccp-props=\"{&quot;201341983&quot;:0,&quot;335551550&quot;:6,&quot;335551620&quot;:6,&quot;335559740&quot;:360}\">\u00a0<\/span><\/p>\n<h4><b><span data-contrast=\"auto\">Metodologia e escopo de\u00a0an\u00e1lise\u00a0<\/span><\/b><span data-ccp-props=\"{&quot;201341983&quot;:0,&quot;335551550&quot;:6,&quot;335551620&quot;:6,&quot;335559740&quot;:360}\">\u00a0<\/span><\/h4>\n<p><span data-contrast=\"auto\">O <a href=\"https:\/\/www.mpc.pr.gov.br\/wp-content\/uploads\/2026\/01\/Relatorio-Tecnico-012026-Fortalecimento-das-estruturas-de-defesa-civil-nos-municipios.pdf\">Relat\u00f3rio T\u00e9cnico n\u00ba 01\/2026<\/a> foi constru\u00eddo a partir de\u00a0uma\u00a0metodologia qualitativo-quantitativa, baseada\u00a0na an\u00e1lise documental e nas respostas fornecidas pelos\u00a0Munic\u00edpios\u00a0diante de\u00a0um question\u00e1rio composto por dez quest\u00f5es\u00a0objetivas. As perguntas foram estruturadas com base nos eixos do \u00cdndice de Capacidade Municipal (ICM) de Prote\u00e7\u00e3o e Defesa Civil, com foco predominante na exist\u00eancia e na operacionaliza\u00e7\u00e3o de instrumentos de planejamento, governan\u00e7a e gest\u00e3o da informa\u00e7\u00e3o.<\/span><span data-ccp-props=\"{&quot;201341983&quot;:0,&quot;335551550&quot;:6,&quot;335551620&quot;:6,&quot;335559740&quot;:360}\">\u00a0<\/span><\/p>\n<p><span data-contrast=\"auto\">Foram avaliados aspectos como a incorpora\u00e7\u00e3o da Defesa Civil ao Plano Diretor municipal;\u00a0a exist\u00eancia de Plano Municipal de Redu\u00e7\u00e3o de Riscos;\u00a0mapeamentos de \u00e1reas suscet\u00edveis e de risco;\u00a0planos de conting\u00eancia;\u00a0protocolos de prepara\u00e7\u00e3o e alerta;\u00a0cadastros de popula\u00e7\u00f5es vulner\u00e1veis;\u00a0registros hist\u00f3ricos de desastres e a institucionaliza\u00e7\u00e3o de conselhos municipais de gest\u00e3o de riscos e desastres.\u00a0<\/span><span data-ccp-props=\"{&quot;201341983&quot;:0,&quot;335551550&quot;:6,&quot;335551620&quot;:6,&quot;335559740&quot;:360}\">\u00a0<\/span><\/p>\n<h4><b><span data-contrast=\"auto\">Principais conclus\u00f5es\u00a0<\/span><\/b><span data-ccp-props=\"{&quot;201341983&quot;:0,&quot;335551550&quot;:6,&quot;335551620&quot;:6,&quot;335559740&quot;:360}\">\u00a0<\/span><\/h4>\n<p><span data-contrast=\"auto\">Embora existam avan\u00e7os pontuais,\u00a0os dados obtidos\u00a0revelam\u00a0que\u00a0a maioria dos\u00a0Munic\u00edpios ainda n\u00e3o alcan\u00e7ou um patamar m\u00ednimo de estrutura\u00e7\u00e3o compat\u00edvel com as exig\u00eancias legais e com a complexidade dos riscos enfrentados. Observou-se que pouco mais da metade dos\u00a0Munic\u00edpios possui Plano Diretor com alguma men\u00e7\u00e3o \u00e0 Prote\u00e7\u00e3o e Defesa Civil,\u00a0contudo, em parcela significativa dos casos, a gest\u00e3o de riscos permanece dissociada do planejamento urbano e do ordenamento territorial.<\/span><span data-ccp-props=\"{&quot;134233117&quot;:false,&quot;134233118&quot;:false,&quot;201341983&quot;:0,&quot;335551550&quot;:6,&quot;335551620&quot;:6,&quot;335559685&quot;:0,&quot;335559737&quot;:0,&quot;335559738&quot;:0,&quot;335559739&quot;:160,&quot;335559740&quot;:360}\">\u00a0<\/span><\/p>\n<p><span data-contrast=\"auto\">Uma das fragilidades mais expressivas diz respeito \u00e0\u00a0<\/span><span data-contrast=\"auto\">aus\u00eancia do Plano Municipal de Redu\u00e7\u00e3o de Riscos, instrumento estrat\u00e9gico para diagn\u00f3stico territorial, defini\u00e7\u00e3o de prioridades e planejamento preventivo<\/span><span data-contrast=\"auto\">. Ainda que sua elabora\u00e7\u00e3o esteja condicionada \u00e0 exist\u00eancia de \u00e1reas suscet\u00edveis espec\u00edficas, a inexist\u00eancia desse plano em grande parte dos\u00a0Munic\u00edpios analisados indica limita\u00e7\u00f5es relevantes na internaliza\u00e7\u00e3o da l\u00f3gica preventiva e refor\u00e7a a depend\u00eancia de respostas emergenciais.<\/span><span data-ccp-props=\"{&quot;201341983&quot;:0,&quot;335551550&quot;:6,&quot;335551620&quot;:6,&quot;335559740&quot;:360}\">\u00a0<\/span><\/p>\n<p><span data-contrast=\"auto\">O levantamento tamb\u00e9m evidenciou lacunas importantes nos mapeamentos de \u00e1reas suscet\u00edveis a eventos adversos e de \u00e1reas de risco, bem como na apropria\u00e7\u00e3o, pelos\u00a0Munic\u00edpios, de estudos t\u00e9cnicos j\u00e1 produzidos em articula\u00e7\u00e3o com o Estado. A aus\u00eancia ou subutiliza\u00e7\u00e3o dessas informa\u00e7\u00f5es compromete o controle do uso e ocupa\u00e7\u00e3o do solo, dificulta a fiscaliza\u00e7\u00e3o de \u00e1reas vulner\u00e1veis e limita o acesso a programas e recursos vinculados \u00e0 preven\u00e7\u00e3o e \u00e0 redu\u00e7\u00e3o de riscos.\u00a0<\/span><span data-ccp-props=\"{&quot;201341983&quot;:0,&quot;335551550&quot;:6,&quot;335551620&quot;:6,&quot;335559740&quot;:360}\">\u00a0<\/span><\/p>\n<p><span data-contrast=\"auto\">Outros pontos cr\u00edticos identificados incluem a inexist\u00eancia de protocolos formais de prepara\u00e7\u00e3o e alerta em boa parte dos munic\u00edpios,\u00a0bem como\u00a0a fragilidade dos cadastros de fam\u00edlias residentes em \u00e1reas de risco,\u00a0cujas\u00a0informa\u00e7\u00f5es\u00a0s\u00e3o\u00a0essenciais para planejamento, monitoramento e avalia\u00e7\u00e3o da recorr\u00eancia e da gravidade dos eventos.<\/span><span data-ccp-props=\"{&quot;201341983&quot;:0,&quot;335551550&quot;:6,&quot;335551620&quot;:6,&quot;335559740&quot;:360}\">\u00a0<\/span><\/p>\n<p><span data-contrast=\"auto\">No eixo da governan\u00e7a, o relat\u00f3rio destaca que a maioria dos\u00a0Munic\u00edpios ainda n\u00e3o instituiu Conselhos Municipais, apesar da previs\u00e3o expressa na legisla\u00e7\u00e3o estadual.\u00a0\u00a0Por outro lado, nos casos em que esses colegiados existem,\u00a0se observa que\u00a0sua atua\u00e7\u00e3o nem sempre se mostra integrada ao processo decis\u00f3rio da administra\u00e7\u00e3o municipal, o que fragiliza a participa\u00e7\u00e3o social, a transpar\u00eancia e o acompanhamento das pol\u00edticas p\u00fablicas.<\/span><span data-ccp-props=\"{&quot;201341983&quot;:0,&quot;335551550&quot;:6,&quot;335551620&quot;:6,&quot;335559740&quot;:360}\">\u00a0<\/span><\/p>\n<h4><b><span data-contrast=\"auto\">Desdobramentos do projeto e perspectiva de continuidade<\/span><\/b><span data-ccp-props=\"{&quot;201341983&quot;:0,&quot;335551550&quot;:6,&quot;335551620&quot;:6,&quot;335559740&quot;:360}\">\u00a0<\/span><\/h4>\n<p><span data-contrast=\"auto\">A divulga\u00e7\u00e3o deste diagn\u00f3stico preliminar representa um marco importante no desenvolvimento do Projeto\u00a0de fortalecimento das estruturas de Defesa Civil nos Munic\u00edpios,\u00a0ao fornecer uma base emp\u00edrica consistente para a defini\u00e7\u00e3o das pr\u00f3ximas fases de trabalho. A partir dos achados do <a href=\"https:\/\/www.mpc.pr.gov.br\/wp-content\/uploads\/2026\/01\/Relatorio-Tecnico-012026-Fortalecimento-das-estruturas-de-defesa-civil-nos-municipios.pdf\">Relat\u00f3rio T\u00e9cnico n\u00ba 01\/2026<\/a>, o MPC-PR pretende aprofundar as an\u00e1lises, ampliar o diagn\u00f3stico para outros\u00a0Munic\u00edpios e intensificar a\u00e7\u00f5es orientativas e preventivas, em articula\u00e7\u00e3o com a Defesa Civil Estadual, o Tribunal de Contas do Estado do Paran\u00e1 e demais institui\u00e7\u00f5es parceiras.<\/span><span data-ccp-props=\"{&quot;201341983&quot;:0,&quot;335551550&quot;:6,&quot;335551620&quot;:6,&quot;335559740&quot;:360}\">\u00a0<\/span><\/p>\n<p><span data-contrast=\"auto\">A atua\u00e7\u00e3o continuar\u00e1 pautada pelo fortalecimento das capacidades locais, pela integra\u00e7\u00e3o entre planejamento, or\u00e7amento e execu\u00e7\u00e3o e pela indu\u00e7\u00e3o de uma cultura administrativa voltada \u00e0 preven\u00e7\u00e3o de desastres.\u00a0<\/span><span data-ccp-props=\"{&quot;201341983&quot;:0,&quot;335551550&quot;:6,&quot;335551620&quot;:6,&quot;335559740&quot;:360}\">\u00a0<\/span><\/p>\n<p><span data-contrast=\"auto\">Com essas iniciativas, o\u00a0MPC-PR\u00a0reafirma\u00a0seu compromisso institucional com a promo\u00e7\u00e3o da seguran\u00e7a da popula\u00e7\u00e3o, da sustentabilidade e da efetividade das pol\u00edticas p\u00fablicas, reconhecendo que\u00a0Munic\u00edpios estruturalmente preparados contribuem\u00a0n\u00e3o apenas\u00a0para a constru\u00e7\u00e3o de um Estado mais resiliente, mas para um Brasil preparado\u00a0frente aos desafios clim\u00e1ticos contempor\u00e2neos.<\/span><span data-ccp-props=\"{&quot;201341983&quot;:0,&quot;335551550&quot;:6,&quot;335551620&quot;:6,&quot;335559740&quot;:360}\">\u00a0<\/span><\/p>\n<p><span data-ccp-props=\"{}\">\u00a0<\/span><\/p>\n","protected":false},"excerpt":{"rendered":"<p>Diagn\u00f3stico inicial revela fragilidades estruturais e refor\u00e7a atua\u00e7\u00e3o preventiva do controle externo\u00a0 O Minist\u00e9rio P\u00fablico de Contas do Estado do Paran\u00e1 (MPC-PR) concluiu, no in\u00edcio de 2026, o Relat\u00f3rio T\u00e9cnico n\u00ba 01\/2026, documento que apresenta um diagn\u00f3stico preliminar sobre a estrutura\u00e7\u00e3o das Defesas Civis\u00a0nos 399\u00a0Munic\u00edpios paranaenses. A iniciativa integra o Projeto Especial de Atua\u00e7\u00e3o \u201cFortalecimento [&hellip;]<\/p>\n","protected":false},"author":1,"featured_media":25132,"comment_status":"open","ping_status":"open","sticky":false,"template":"","format":"standard","meta":{"_monsterinsights_skip_tracking":false,"_monsterinsights_sitenote_active":false,"_monsterinsights_sitenote_note":"","_monsterinsights_sitenote_category":0,"footnotes":""},"categories":[7],"tags":[652,13,797,742,877],"class_list":["post-25131","post","type-post","status-publish","format-standard","has-post-thumbnail","hentry","category-todas-as-noticias","tag-defesa-civil","tag-mpc-pr","tag-municipios","tag-projetos-especiais","tag-relatorio-tecnico","entry","has-media"],"yoast_head":"<!-- This site is optimized with the Yoast SEO plugin v27.3 - https:\/\/yoast.com\/product\/yoast-seo-wordpress\/ -->\n<title>MPC-PR divulga Relat\u00f3rio T\u00e9cnico n\u00ba 01\/2026 e avan\u00e7a na estrat\u00e9gia de fortalecimento das Defesas Civis municipais - Minist\u00e9rio P\u00fablico de Contas do Estado do Paran\u00e1<\/title>\n<meta name=\"robots\" content=\"index, follow, max-snippet:-1, max-image-preview:large, max-video-preview:-1\" \/>\n<link rel=\"canonical\" href=\"https:\/\/www.mpc.pr.gov.br\/index.php\/mpc-pr-divulga-relatorio-tecnico-no-01-2026-e-avanca-na-estrategia-de-fortalecimento-das-defesas-civis-municipais\/\" \/>\n<meta property=\"og:locale\" content=\"pt_BR\" \/>\n<meta property=\"og:type\" content=\"article\" \/>\n<meta property=\"og:title\" content=\"MPC-PR divulga Relat\u00f3rio T\u00e9cnico n\u00ba 01\/2026 e avan\u00e7a na estrat\u00e9gia de fortalecimento das Defesas Civis municipais - Minist\u00e9rio P\u00fablico de Contas do Estado do Paran\u00e1\" \/>\n<meta property=\"og:description\" content=\"Diagn\u00f3stico inicial revela fragilidades estruturais e refor\u00e7a atua\u00e7\u00e3o preventiva do controle externo\u00a0 O Minist\u00e9rio P\u00fablico de Contas do Estado do Paran\u00e1 (MPC-PR) concluiu, no in\u00edcio de 2026, o Relat\u00f3rio T\u00e9cnico n\u00ba 01\/2026, documento que apresenta um diagn\u00f3stico preliminar sobre a estrutura\u00e7\u00e3o das Defesas Civis\u00a0nos 399\u00a0Munic\u00edpios paranaenses. A iniciativa integra o Projeto Especial de Atua\u00e7\u00e3o \u201cFortalecimento [&hellip;]\" \/>\n<meta property=\"og:url\" content=\"https:\/\/www.mpc.pr.gov.br\/index.php\/mpc-pr-divulga-relatorio-tecnico-no-01-2026-e-avanca-na-estrategia-de-fortalecimento-das-defesas-civis-municipais\/\" \/>\n<meta property=\"og:site_name\" content=\"Minist\u00e9rio P\u00fablico de Contas do Estado do Paran\u00e1\" \/>\n<meta property=\"article:publisher\" content=\"https:\/\/www.facebook.com\/mpc.pr\" \/>\n<meta property=\"article:published_time\" content=\"2026-01-22T13:22:32+00:00\" \/>\n<meta property=\"article:modified_time\" content=\"2026-02-05T17:59:51+00:00\" \/>\n<meta property=\"og:image\" content=\"https:\/\/www.mpc.pr.gov.br\/wp-content\/uploads\/2026\/01\/IMAGEM-SITE.png\" \/>\n\t<meta property=\"og:image:width\" content=\"560\" \/>\n\t<meta property=\"og:image:height\" content=\"315\" \/>\n\t<meta property=\"og:image:type\" content=\"image\/png\" \/>\n<meta name=\"author\" content=\"mpcontaspr\" \/>\n<meta name=\"twitter:card\" content=\"summary_large_image\" \/>\n<meta name=\"twitter:label1\" content=\"Escrito por\" \/>\n\t<meta name=\"twitter:data1\" content=\"mpcontaspr\" \/>\n\t<meta name=\"twitter:label2\" content=\"Est. tempo de leitura\" \/>\n\t<meta name=\"twitter:data2\" content=\"7 minutos\" \/>\n<script type=\"application\/ld+json\" class=\"yoast-schema-graph\">{\"@context\":\"https:\\\/\\\/schema.org\",\"@graph\":[{\"@type\":\"Article\",\"@id\":\"https:\\\/\\\/www.mpc.pr.gov.br\\\/index.php\\\/mpc-pr-divulga-relatorio-tecnico-no-01-2026-e-avanca-na-estrategia-de-fortalecimento-das-defesas-civis-municipais\\\/#article\",\"isPartOf\":{\"@id\":\"https:\\\/\\\/www.mpc.pr.gov.br\\\/index.php\\\/mpc-pr-divulga-relatorio-tecnico-no-01-2026-e-avanca-na-estrategia-de-fortalecimento-das-defesas-civis-municipais\\\/\"},\"author\":{\"name\":\"mpcontaspr\",\"@id\":\"https:\\\/\\\/www.mpc.pr.gov.br\\\/#\\\/schema\\\/person\\\/2d83cb8980538d0ec174e8a6284f5e11\"},\"headline\":\"MPC-PR divulga Relat\u00f3rio T\u00e9cnico n\u00ba 01\\\/2026 e avan\u00e7a na estrat\u00e9gia de fortalecimento das Defesas Civis municipais\",\"datePublished\":\"2026-01-22T13:22:32+00:00\",\"dateModified\":\"2026-02-05T17:59:51+00:00\",\"mainEntityOfPage\":{\"@id\":\"https:\\\/\\\/www.mpc.pr.gov.br\\\/index.php\\\/mpc-pr-divulga-relatorio-tecnico-no-01-2026-e-avanca-na-estrategia-de-fortalecimento-das-defesas-civis-municipais\\\/\"},\"wordCount\":1272,\"commentCount\":0,\"publisher\":{\"@id\":\"https:\\\/\\\/www.mpc.pr.gov.br\\\/#organization\"},\"image\":{\"@id\":\"https:\\\/\\\/www.mpc.pr.gov.br\\\/index.php\\\/mpc-pr-divulga-relatorio-tecnico-no-01-2026-e-avanca-na-estrategia-de-fortalecimento-das-defesas-civis-municipais\\\/#primaryimage\"},\"thumbnailUrl\":\"https:\\\/\\\/www.mpc.pr.gov.br\\\/wp-content\\\/uploads\\\/2026\\\/01\\\/IMAGEM-SITE.png\",\"keywords\":[\"Defesa Civil\",\"MPC-PR\",\"Munic\u00edpios\",\"Projetos Especiais\",\"Relat\u00f3rio T\u00e9cnico\"],\"articleSection\":[\"Todas as not\u00edcias\"],\"inLanguage\":\"pt-BR\",\"potentialAction\":[{\"@type\":\"CommentAction\",\"name\":\"Comment\",\"target\":[\"https:\\\/\\\/www.mpc.pr.gov.br\\\/index.php\\\/mpc-pr-divulga-relatorio-tecnico-no-01-2026-e-avanca-na-estrategia-de-fortalecimento-das-defesas-civis-municipais\\\/#respond\"]}]},{\"@type\":\"WebPage\",\"@id\":\"https:\\\/\\\/www.mpc.pr.gov.br\\\/index.php\\\/mpc-pr-divulga-relatorio-tecnico-no-01-2026-e-avanca-na-estrategia-de-fortalecimento-das-defesas-civis-municipais\\\/\",\"url\":\"https:\\\/\\\/www.mpc.pr.gov.br\\\/index.php\\\/mpc-pr-divulga-relatorio-tecnico-no-01-2026-e-avanca-na-estrategia-de-fortalecimento-das-defesas-civis-municipais\\\/\",\"name\":\"MPC-PR divulga Relat\u00f3rio T\u00e9cnico n\u00ba 01\\\/2026 e avan\u00e7a na estrat\u00e9gia de fortalecimento das Defesas Civis municipais - Minist\u00e9rio P\u00fablico de Contas do Estado do Paran\u00e1\",\"isPartOf\":{\"@id\":\"https:\\\/\\\/www.mpc.pr.gov.br\\\/#website\"},\"primaryImageOfPage\":{\"@id\":\"https:\\\/\\\/www.mpc.pr.gov.br\\\/index.php\\\/mpc-pr-divulga-relatorio-tecnico-no-01-2026-e-avanca-na-estrategia-de-fortalecimento-das-defesas-civis-municipais\\\/#primaryimage\"},\"image\":{\"@id\":\"https:\\\/\\\/www.mpc.pr.gov.br\\\/index.php\\\/mpc-pr-divulga-relatorio-tecnico-no-01-2026-e-avanca-na-estrategia-de-fortalecimento-das-defesas-civis-municipais\\\/#primaryimage\"},\"thumbnailUrl\":\"https:\\\/\\\/www.mpc.pr.gov.br\\\/wp-content\\\/uploads\\\/2026\\\/01\\\/IMAGEM-SITE.png\",\"datePublished\":\"2026-01-22T13:22:32+00:00\",\"dateModified\":\"2026-02-05T17:59:51+00:00\",\"breadcrumb\":{\"@id\":\"https:\\\/\\\/www.mpc.pr.gov.br\\\/index.php\\\/mpc-pr-divulga-relatorio-tecnico-no-01-2026-e-avanca-na-estrategia-de-fortalecimento-das-defesas-civis-municipais\\\/#breadcrumb\"},\"inLanguage\":\"pt-BR\",\"potentialAction\":[{\"@type\":\"ReadAction\",\"target\":[\"https:\\\/\\\/www.mpc.pr.gov.br\\\/index.php\\\/mpc-pr-divulga-relatorio-tecnico-no-01-2026-e-avanca-na-estrategia-de-fortalecimento-das-defesas-civis-municipais\\\/\"]}]},{\"@type\":\"ImageObject\",\"inLanguage\":\"pt-BR\",\"@id\":\"https:\\\/\\\/www.mpc.pr.gov.br\\\/index.php\\\/mpc-pr-divulga-relatorio-tecnico-no-01-2026-e-avanca-na-estrategia-de-fortalecimento-das-defesas-civis-municipais\\\/#primaryimage\",\"url\":\"https:\\\/\\\/www.mpc.pr.gov.br\\\/wp-content\\\/uploads\\\/2026\\\/01\\\/IMAGEM-SITE.png\",\"contentUrl\":\"https:\\\/\\\/www.mpc.pr.gov.br\\\/wp-content\\\/uploads\\\/2026\\\/01\\\/IMAGEM-SITE.png\",\"width\":560,\"height\":315,\"caption\":\"O Estado do Paran\u00e1 est\u00e1 no segundo maior corredor de tornados e ciclones do mundo. Imagem meramente ilustrativa.\"},{\"@type\":\"BreadcrumbList\",\"@id\":\"https:\\\/\\\/www.mpc.pr.gov.br\\\/index.php\\\/mpc-pr-divulga-relatorio-tecnico-no-01-2026-e-avanca-na-estrategia-de-fortalecimento-das-defesas-civis-municipais\\\/#breadcrumb\",\"itemListElement\":[{\"@type\":\"ListItem\",\"position\":1,\"name\":\"In\u00edcio\",\"item\":\"https:\\\/\\\/www.mpc.pr.gov.br\\\/\"},{\"@type\":\"ListItem\",\"position\":2,\"name\":\"MPC-PR divulga Relat\u00f3rio T\u00e9cnico n\u00ba 01\\\/2026 e avan\u00e7a na estrat\u00e9gia de fortalecimento das Defesas Civis municipais\"}]},{\"@type\":\"WebSite\",\"@id\":\"https:\\\/\\\/www.mpc.pr.gov.br\\\/#website\",\"url\":\"https:\\\/\\\/www.mpc.pr.gov.br\\\/\",\"name\":\"Minist\u00e9rio P\u00fablico de Contas do Estado do Paran\u00e1\",\"description\":\"\",\"publisher\":{\"@id\":\"https:\\\/\\\/www.mpc.pr.gov.br\\\/#organization\"},\"potentialAction\":[{\"@type\":\"SearchAction\",\"target\":{\"@type\":\"EntryPoint\",\"urlTemplate\":\"https:\\\/\\\/www.mpc.pr.gov.br\\\/?s={search_term_string}\"},\"query-input\":{\"@type\":\"PropertyValueSpecification\",\"valueRequired\":true,\"valueName\":\"search_term_string\"}}],\"inLanguage\":\"pt-BR\"},{\"@type\":\"Organization\",\"@id\":\"https:\\\/\\\/www.mpc.pr.gov.br\\\/#organization\",\"name\":\"Minist\u00e9rio P\u00fablico de Contas do Estado do Paran\u00e1\",\"url\":\"https:\\\/\\\/www.mpc.pr.gov.br\\\/\",\"logo\":{\"@type\":\"ImageObject\",\"inLanguage\":\"pt-BR\",\"@id\":\"https:\\\/\\\/www.mpc.pr.gov.br\\\/#\\\/schema\\\/logo\\\/image\\\/\",\"url\":\"https:\\\/\\\/www.mpc.pr.gov.br\\\/wp-content\\\/uploads\\\/2020\\\/06\\\/99423647_1593460364143890_6706793420720963584_n-1-e1591387983167.png\",\"contentUrl\":\"https:\\\/\\\/www.mpc.pr.gov.br\\\/wp-content\\\/uploads\\\/2020\\\/06\\\/99423647_1593460364143890_6706793420720963584_n-1-e1591387983167.png\",\"width\":243,\"height\":73,\"caption\":\"Minist\u00e9rio P\u00fablico de Contas do Estado do Paran\u00e1\"},\"image\":{\"@id\":\"https:\\\/\\\/www.mpc.pr.gov.br\\\/#\\\/schema\\\/logo\\\/image\\\/\"},\"sameAs\":[\"https:\\\/\\\/www.facebook.com\\\/mpc.pr\",\"https:\\\/\\\/www.instagram.com\\\/mpc.pr\\\/?hl=pt-br\",\"https:\\\/\\\/www.youtube.com\\\/channel\\\/UCHri5oEM8DV0ztX57E0sBSw\"]},{\"@type\":\"Person\",\"@id\":\"https:\\\/\\\/www.mpc.pr.gov.br\\\/#\\\/schema\\\/person\\\/2d83cb8980538d0ec174e8a6284f5e11\",\"name\":\"mpcontaspr\",\"image\":{\"@type\":\"ImageObject\",\"inLanguage\":\"pt-BR\",\"@id\":\"https:\\\/\\\/secure.gravatar.com\\\/avatar\\\/1aef51541db7622e05fd639336c9c9f312c2a618396e2b6ca96846362fc5403f?s=96&d=mm&r=g\",\"url\":\"https:\\\/\\\/secure.gravatar.com\\\/avatar\\\/1aef51541db7622e05fd639336c9c9f312c2a618396e2b6ca96846362fc5403f?s=96&d=mm&r=g\",\"contentUrl\":\"https:\\\/\\\/secure.gravatar.com\\\/avatar\\\/1aef51541db7622e05fd639336c9c9f312c2a618396e2b6ca96846362fc5403f?s=96&d=mm&r=g\",\"caption\":\"mpcontaspr\"},\"sameAs\":[\"http:\\\/\\\/www.mpc.pr.gov.br\"]}]}<\/script>\n<!-- \/ Yoast SEO plugin. -->","yoast_head_json":{"title":"MPC-PR divulga Relat\u00f3rio T\u00e9cnico n\u00ba 01\/2026 e avan\u00e7a na estrat\u00e9gia de fortalecimento das Defesas Civis municipais - Minist\u00e9rio P\u00fablico de Contas do Estado do Paran\u00e1","robots":{"index":"index","follow":"follow","max-snippet":"max-snippet:-1","max-image-preview":"max-image-preview:large","max-video-preview":"max-video-preview:-1"},"canonical":"https:\/\/www.mpc.pr.gov.br\/index.php\/mpc-pr-divulga-relatorio-tecnico-no-01-2026-e-avanca-na-estrategia-de-fortalecimento-das-defesas-civis-municipais\/","og_locale":"pt_BR","og_type":"article","og_title":"MPC-PR divulga Relat\u00f3rio T\u00e9cnico n\u00ba 01\/2026 e avan\u00e7a na estrat\u00e9gia de fortalecimento das Defesas Civis municipais - Minist\u00e9rio P\u00fablico de Contas do Estado do Paran\u00e1","og_description":"Diagn\u00f3stico inicial revela fragilidades estruturais e refor\u00e7a atua\u00e7\u00e3o preventiva do controle externo\u00a0 O Minist\u00e9rio P\u00fablico de Contas do Estado do Paran\u00e1 (MPC-PR) concluiu, no in\u00edcio de 2026, o Relat\u00f3rio T\u00e9cnico n\u00ba 01\/2026, documento que apresenta um diagn\u00f3stico preliminar sobre a estrutura\u00e7\u00e3o das Defesas Civis\u00a0nos 399\u00a0Munic\u00edpios paranaenses. A iniciativa integra o Projeto Especial de Atua\u00e7\u00e3o \u201cFortalecimento [&hellip;]","og_url":"https:\/\/www.mpc.pr.gov.br\/index.php\/mpc-pr-divulga-relatorio-tecnico-no-01-2026-e-avanca-na-estrategia-de-fortalecimento-das-defesas-civis-municipais\/","og_site_name":"Minist\u00e9rio P\u00fablico de Contas do Estado do Paran\u00e1","article_publisher":"https:\/\/www.facebook.com\/mpc.pr","article_published_time":"2026-01-22T13:22:32+00:00","article_modified_time":"2026-02-05T17:59:51+00:00","og_image":[{"width":560,"height":315,"url":"https:\/\/www.mpc.pr.gov.br\/wp-content\/uploads\/2026\/01\/IMAGEM-SITE.png","type":"image\/png"}],"author":"mpcontaspr","twitter_card":"summary_large_image","twitter_misc":{"Escrito por":"mpcontaspr","Est. tempo de leitura":"7 minutos"},"schema":{"@context":"https:\/\/schema.org","@graph":[{"@type":"Article","@id":"https:\/\/www.mpc.pr.gov.br\/index.php\/mpc-pr-divulga-relatorio-tecnico-no-01-2026-e-avanca-na-estrategia-de-fortalecimento-das-defesas-civis-municipais\/#article","isPartOf":{"@id":"https:\/\/www.mpc.pr.gov.br\/index.php\/mpc-pr-divulga-relatorio-tecnico-no-01-2026-e-avanca-na-estrategia-de-fortalecimento-das-defesas-civis-municipais\/"},"author":{"name":"mpcontaspr","@id":"https:\/\/www.mpc.pr.gov.br\/#\/schema\/person\/2d83cb8980538d0ec174e8a6284f5e11"},"headline":"MPC-PR divulga Relat\u00f3rio T\u00e9cnico n\u00ba 01\/2026 e avan\u00e7a na estrat\u00e9gia de fortalecimento das Defesas Civis municipais","datePublished":"2026-01-22T13:22:32+00:00","dateModified":"2026-02-05T17:59:51+00:00","mainEntityOfPage":{"@id":"https:\/\/www.mpc.pr.gov.br\/index.php\/mpc-pr-divulga-relatorio-tecnico-no-01-2026-e-avanca-na-estrategia-de-fortalecimento-das-defesas-civis-municipais\/"},"wordCount":1272,"commentCount":0,"publisher":{"@id":"https:\/\/www.mpc.pr.gov.br\/#organization"},"image":{"@id":"https:\/\/www.mpc.pr.gov.br\/index.php\/mpc-pr-divulga-relatorio-tecnico-no-01-2026-e-avanca-na-estrategia-de-fortalecimento-das-defesas-civis-municipais\/#primaryimage"},"thumbnailUrl":"https:\/\/www.mpc.pr.gov.br\/wp-content\/uploads\/2026\/01\/IMAGEM-SITE.png","keywords":["Defesa Civil","MPC-PR","Munic\u00edpios","Projetos Especiais","Relat\u00f3rio T\u00e9cnico"],"articleSection":["Todas as not\u00edcias"],"inLanguage":"pt-BR","potentialAction":[{"@type":"CommentAction","name":"Comment","target":["https:\/\/www.mpc.pr.gov.br\/index.php\/mpc-pr-divulga-relatorio-tecnico-no-01-2026-e-avanca-na-estrategia-de-fortalecimento-das-defesas-civis-municipais\/#respond"]}]},{"@type":"WebPage","@id":"https:\/\/www.mpc.pr.gov.br\/index.php\/mpc-pr-divulga-relatorio-tecnico-no-01-2026-e-avanca-na-estrategia-de-fortalecimento-das-defesas-civis-municipais\/","url":"https:\/\/www.mpc.pr.gov.br\/index.php\/mpc-pr-divulga-relatorio-tecnico-no-01-2026-e-avanca-na-estrategia-de-fortalecimento-das-defesas-civis-municipais\/","name":"MPC-PR divulga Relat\u00f3rio T\u00e9cnico n\u00ba 01\/2026 e avan\u00e7a na estrat\u00e9gia de fortalecimento das Defesas Civis municipais - Minist\u00e9rio P\u00fablico de Contas do Estado do Paran\u00e1","isPartOf":{"@id":"https:\/\/www.mpc.pr.gov.br\/#website"},"primaryImageOfPage":{"@id":"https:\/\/www.mpc.pr.gov.br\/index.php\/mpc-pr-divulga-relatorio-tecnico-no-01-2026-e-avanca-na-estrategia-de-fortalecimento-das-defesas-civis-municipais\/#primaryimage"},"image":{"@id":"https:\/\/www.mpc.pr.gov.br\/index.php\/mpc-pr-divulga-relatorio-tecnico-no-01-2026-e-avanca-na-estrategia-de-fortalecimento-das-defesas-civis-municipais\/#primaryimage"},"thumbnailUrl":"https:\/\/www.mpc.pr.gov.br\/wp-content\/uploads\/2026\/01\/IMAGEM-SITE.png","datePublished":"2026-01-22T13:22:32+00:00","dateModified":"2026-02-05T17:59:51+00:00","breadcrumb":{"@id":"https:\/\/www.mpc.pr.gov.br\/index.php\/mpc-pr-divulga-relatorio-tecnico-no-01-2026-e-avanca-na-estrategia-de-fortalecimento-das-defesas-civis-municipais\/#breadcrumb"},"inLanguage":"pt-BR","potentialAction":[{"@type":"ReadAction","target":["https:\/\/www.mpc.pr.gov.br\/index.php\/mpc-pr-divulga-relatorio-tecnico-no-01-2026-e-avanca-na-estrategia-de-fortalecimento-das-defesas-civis-municipais\/"]}]},{"@type":"ImageObject","inLanguage":"pt-BR","@id":"https:\/\/www.mpc.pr.gov.br\/index.php\/mpc-pr-divulga-relatorio-tecnico-no-01-2026-e-avanca-na-estrategia-de-fortalecimento-das-defesas-civis-municipais\/#primaryimage","url":"https:\/\/www.mpc.pr.gov.br\/wp-content\/uploads\/2026\/01\/IMAGEM-SITE.png","contentUrl":"https:\/\/www.mpc.pr.gov.br\/wp-content\/uploads\/2026\/01\/IMAGEM-SITE.png","width":560,"height":315,"caption":"O Estado do Paran\u00e1 est\u00e1 no segundo maior corredor de tornados e ciclones do mundo. Imagem meramente ilustrativa."},{"@type":"BreadcrumbList","@id":"https:\/\/www.mpc.pr.gov.br\/index.php\/mpc-pr-divulga-relatorio-tecnico-no-01-2026-e-avanca-na-estrategia-de-fortalecimento-das-defesas-civis-municipais\/#breadcrumb","itemListElement":[{"@type":"ListItem","position":1,"name":"In\u00edcio","item":"https:\/\/www.mpc.pr.gov.br\/"},{"@type":"ListItem","position":2,"name":"MPC-PR divulga Relat\u00f3rio T\u00e9cnico n\u00ba 01\/2026 e avan\u00e7a na estrat\u00e9gia de fortalecimento das Defesas Civis municipais"}]},{"@type":"WebSite","@id":"https:\/\/www.mpc.pr.gov.br\/#website","url":"https:\/\/www.mpc.pr.gov.br\/","name":"Minist\u00e9rio P\u00fablico de Contas do Estado do Paran\u00e1","description":"","publisher":{"@id":"https:\/\/www.mpc.pr.gov.br\/#organization"},"potentialAction":[{"@type":"SearchAction","target":{"@type":"EntryPoint","urlTemplate":"https:\/\/www.mpc.pr.gov.br\/?s={search_term_string}"},"query-input":{"@type":"PropertyValueSpecification","valueRequired":true,"valueName":"search_term_string"}}],"inLanguage":"pt-BR"},{"@type":"Organization","@id":"https:\/\/www.mpc.pr.gov.br\/#organization","name":"Minist\u00e9rio P\u00fablico de Contas do Estado do Paran\u00e1","url":"https:\/\/www.mpc.pr.gov.br\/","logo":{"@type":"ImageObject","inLanguage":"pt-BR","@id":"https:\/\/www.mpc.pr.gov.br\/#\/schema\/logo\/image\/","url":"https:\/\/www.mpc.pr.gov.br\/wp-content\/uploads\/2020\/06\/99423647_1593460364143890_6706793420720963584_n-1-e1591387983167.png","contentUrl":"https:\/\/www.mpc.pr.gov.br\/wp-content\/uploads\/2020\/06\/99423647_1593460364143890_6706793420720963584_n-1-e1591387983167.png","width":243,"height":73,"caption":"Minist\u00e9rio P\u00fablico de Contas do Estado do Paran\u00e1"},"image":{"@id":"https:\/\/www.mpc.pr.gov.br\/#\/schema\/logo\/image\/"},"sameAs":["https:\/\/www.facebook.com\/mpc.pr","https:\/\/www.instagram.com\/mpc.pr\/?hl=pt-br","https:\/\/www.youtube.com\/channel\/UCHri5oEM8DV0ztX57E0sBSw"]},{"@type":"Person","@id":"https:\/\/www.mpc.pr.gov.br\/#\/schema\/person\/2d83cb8980538d0ec174e8a6284f5e11","name":"mpcontaspr","image":{"@type":"ImageObject","inLanguage":"pt-BR","@id":"https:\/\/secure.gravatar.com\/avatar\/1aef51541db7622e05fd639336c9c9f312c2a618396e2b6ca96846362fc5403f?s=96&d=mm&r=g","url":"https:\/\/secure.gravatar.com\/avatar\/1aef51541db7622e05fd639336c9c9f312c2a618396e2b6ca96846362fc5403f?s=96&d=mm&r=g","contentUrl":"https:\/\/secure.gravatar.com\/avatar\/1aef51541db7622e05fd639336c9c9f312c2a618396e2b6ca96846362fc5403f?s=96&d=mm&r=g","caption":"mpcontaspr"},"sameAs":["http:\/\/www.mpc.pr.gov.br"]}]}},"rttpg_featured_image_url":{"full":["https:\/\/www.mpc.pr.gov.br\/wp-content\/uploads\/2026\/01\/IMAGEM-SITE.png",560,315,false],"landscape":["https:\/\/www.mpc.pr.gov.br\/wp-content\/uploads\/2026\/01\/IMAGEM-SITE.png",560,315,false],"portraits":["https:\/\/www.mpc.pr.gov.br\/wp-content\/uploads\/2026\/01\/IMAGEM-SITE.png",560,315,false],"thumbnail":["https:\/\/www.mpc.pr.gov.br\/wp-content\/uploads\/2026\/01\/IMAGEM-SITE-150x150.png",150,150,true],"medium":["https:\/\/www.mpc.pr.gov.br\/wp-content\/uploads\/2026\/01\/IMAGEM-SITE-300x169.png",300,169,true],"large":["https:\/\/www.mpc.pr.gov.br\/wp-content\/uploads\/2026\/01\/IMAGEM-SITE.png",560,315,false],"1536x1536":["https:\/\/www.mpc.pr.gov.br\/wp-content\/uploads\/2026\/01\/IMAGEM-SITE.png",560,315,false],"2048x2048":["https:\/\/www.mpc.pr.gov.br\/wp-content\/uploads\/2026\/01\/IMAGEM-SITE.png",560,315,false],"ocean-thumb-m":["https:\/\/www.mpc.pr.gov.br\/wp-content\/uploads\/2026\/01\/IMAGEM-SITE.png",560,315,false],"ocean-thumb-ml":["https:\/\/www.mpc.pr.gov.br\/wp-content\/uploads\/2026\/01\/IMAGEM-SITE.png",560,315,false],"ocean-thumb-l":["https:\/\/www.mpc.pr.gov.br\/wp-content\/uploads\/2026\/01\/IMAGEM-SITE.png",560,315,false]},"rttpg_author":{"display_name":"mpcontaspr","author_link":"https:\/\/www.mpc.pr.gov.br\/index.php\/author\/mpcontaspr\/"},"rttpg_comment":0,"rttpg_category":"<a href=\"https:\/\/www.mpc.pr.gov.br\/index.php\/category\/todas-as-noticias\/\" rel=\"category tag\">Todas as not\u00edcias<\/a>","rttpg_excerpt":"Diagn\u00f3stico inicial revela fragilidades estruturais e refor\u00e7a atua\u00e7\u00e3o preventiva do controle externo\u00a0 O Minist\u00e9rio P\u00fablico de Contas do Estado do Paran\u00e1 (MPC-PR) concluiu, no in\u00edcio de 2026, o Relat\u00f3rio T\u00e9cnico n\u00ba 01\/2026, documento que apresenta um diagn\u00f3stico preliminar sobre a estrutura\u00e7\u00e3o das Defesas Civis\u00a0nos 399\u00a0Munic\u00edpios paranaenses. A iniciativa integra o Projeto Especial de Atua\u00e7\u00e3o \u201cFortalecimento&hellip;","_links":{"self":[{"href":"https:\/\/www.mpc.pr.gov.br\/index.php\/wp-json\/wp\/v2\/posts\/25131","targetHints":{"allow":["GET"]}}],"collection":[{"href":"https:\/\/www.mpc.pr.gov.br\/index.php\/wp-json\/wp\/v2\/posts"}],"about":[{"href":"https:\/\/www.mpc.pr.gov.br\/index.php\/wp-json\/wp\/v2\/types\/post"}],"author":[{"embeddable":true,"href":"https:\/\/www.mpc.pr.gov.br\/index.php\/wp-json\/wp\/v2\/users\/1"}],"replies":[{"embeddable":true,"href":"https:\/\/www.mpc.pr.gov.br\/index.php\/wp-json\/wp\/v2\/comments?post=25131"}],"version-history":[{"count":2,"href":"https:\/\/www.mpc.pr.gov.br\/index.php\/wp-json\/wp\/v2\/posts\/25131\/revisions"}],"predecessor-version":[{"id":25134,"href":"https:\/\/www.mpc.pr.gov.br\/index.php\/wp-json\/wp\/v2\/posts\/25131\/revisions\/25134"}],"wp:featuredmedia":[{"embeddable":true,"href":"https:\/\/www.mpc.pr.gov.br\/index.php\/wp-json\/wp\/v2\/media\/25132"}],"wp:attachment":[{"href":"https:\/\/www.mpc.pr.gov.br\/index.php\/wp-json\/wp\/v2\/media?parent=25131"}],"wp:term":[{"taxonomy":"category","embeddable":true,"href":"https:\/\/www.mpc.pr.gov.br\/index.php\/wp-json\/wp\/v2\/categories?post=25131"},{"taxonomy":"post_tag","embeddable":true,"href":"https:\/\/www.mpc.pr.gov.br\/index.php\/wp-json\/wp\/v2\/tags?post=25131"}],"curies":[{"name":"wp","href":"https:\/\/api.w.org\/{rel}","templated":true}]}}