{"id":25154,"date":"2026-01-27T10:31:09","date_gmt":"2026-01-27T13:31:09","guid":{"rendered":"https:\/\/www.mpc.pr.gov.br\/?p=25154"},"modified":"2026-02-10T11:13:58","modified_gmt":"2026-02-10T14:13:58","slug":"seguindo-recomendacao-do-mpc-pr-tribunal-de-contas-determina-fiscalizacao-sobre-terceirizacao-de-servicos-de-saude-em-jundiai-do-sul","status":"publish","type":"post","link":"https:\/\/www.mpc.pr.gov.br\/index.php\/seguindo-recomendacao-do-mpc-pr-tribunal-de-contas-determina-fiscalizacao-sobre-terceirizacao-de-servicos-de-saude-em-jundiai-do-sul\/","title":{"rendered":"Seguindo recomenda\u00e7\u00e3o do MPC-PR, Tribunal de Contas determina fiscaliza\u00e7\u00e3o sobre terceiriza\u00e7\u00e3o de servi\u00e7os de sa\u00fade em Jundia\u00ed do Sul"},"content":{"rendered":"<figure id=\"attachment_25157\" aria-describedby=\"caption-attachment-25157\" style=\"width: 300px\" class=\"wp-caption alignleft\"><img fetchpriority=\"high\" decoding=\"async\" class=\"size-medium wp-image-25157\" src=\"https:\/\/www.mpc.pr.gov.br\/wp-content\/uploads\/2026\/01\/jundiai-do-sul-paroquia-sao-francisco-de-assis-300x168.png\" alt=\"\" width=\"300\" height=\"168\" srcset=\"https:\/\/www.mpc.pr.gov.br\/wp-content\/uploads\/2026\/01\/jundiai-do-sul-paroquia-sao-francisco-de-assis-300x168.png 300w, https:\/\/www.mpc.pr.gov.br\/wp-content\/uploads\/2026\/01\/jundiai-do-sul-paroquia-sao-francisco-de-assis-1024x573.png 1024w, https:\/\/www.mpc.pr.gov.br\/wp-content\/uploads\/2026\/01\/jundiai-do-sul-paroquia-sao-francisco-de-assis-768x430.png 768w, https:\/\/www.mpc.pr.gov.br\/wp-content\/uploads\/2026\/01\/jundiai-do-sul-paroquia-sao-francisco-de-assis-800x450.png 800w, https:\/\/www.mpc.pr.gov.br\/wp-content\/uploads\/2026\/01\/jundiai-do-sul-paroquia-sao-francisco-de-assis.png 1236w\" sizes=\"(max-width: 300px) 100vw, 300px\" \/><figcaption id=\"caption-attachment-25157\" class=\"wp-caption-text\">Refer\u00eancia no Munic\u00edpio de Jundia\u00ed do Sul, Par\u00f3quia S\u00e3o Francisco de Assis possui mais de 74 anos de hist\u00f3ria. Foto: divulga\u00e7\u00e3o.<\/figcaption><\/figure>\n<p><span data-contrast=\"auto\">Acompanhando o opinativo do Minist\u00e9rio P\u00fablico de Contas do Paran\u00e1 (MPC-PR), os membros do Pleno do Tribunal de Contas do Estado (TCE-PR) determinaram a instaura\u00e7\u00e3o de procedimento de fiscaliza\u00e7\u00e3o espec\u00edfica junto ao <a href=\"https:\/\/www.jundiaidosul.pr.gov.br\/\">Munic\u00edpio de Jundia\u00ed do Sul<\/a>. A medida visa apurar ind\u00edcios de irregularidades\u00a0relacionadas \u00e0 terceiriza\u00e7\u00e3o dos servi\u00e7os de sa\u00fade e \u00e0 aus\u00eancia de concurso p\u00fablico para cargos m\u00e9dicos.<\/span><span data-ccp-props=\"{&quot;201341983&quot;:0,&quot;335551550&quot;:6,&quot;335551620&quot;:6,&quot;335559740&quot;:360}\">\u00a0<\/span><\/p>\n<p><span data-contrast=\"auto\">A decis\u00e3o, expressa por meio do <a href=\"https:\/\/www.mpc.pr.gov.br\/wp-content\/uploads\/2026\/01\/jundiai-ACO-3005_25-STP.pdf\">Ac\u00f3rd\u00e3o n\u00ba 3005\/25<\/a>,\u00a0ocorreu em sede de an\u00e1lise\u00a0de\u00a0Representa\u00e7\u00e3o\u00a0proposta pela empresa\u00a0MASMED \u2013 GEST\u00c3O EM SA\u00daDE LTDA, em que noticiava supostas irregularidades no procedimento licitat\u00f3rio de edital de Credenciamento n\u00ba 001\/2023 do Munic\u00edpio,\u00a0destinado a\u00a0contrata\u00e7\u00e3o de empresa para a presta\u00e7\u00e3o de servi\u00e7os de plant\u00f5es m\u00e9dicos hospitalares de 24 horas.<\/span><span data-ccp-props=\"{&quot;201341983&quot;:0,&quot;335551550&quot;:6,&quot;335551620&quot;:6,&quot;335559740&quot;:360}\">\u00a0<\/span><\/p>\n<h4><b><span data-contrast=\"auto\">Entenda o caso<\/span><\/b><span data-ccp-props=\"{&quot;201341983&quot;:0,&quot;335551550&quot;:6,&quot;335551620&quot;:6,&quot;335559740&quot;:360}\">\u00a0<\/span><\/h4>\n<p><span data-contrast=\"auto\">Em s\u00edntese, a representante alegou que\u00a0duas empresas teriam sido habilitadas indevidamente por n\u00e3o apresentarem os documentos exigidos,\u00a0a primeira por n\u00e3o ter entregado o contrato de presta\u00e7\u00e3o de servi\u00e7os de responsabilidade t\u00e9cnica junto ao CRM\/PR e a segunda por apresentar cadastro inv\u00e1lido no Sistema de Cadastro Nacional de Estabelecimentos de Sa\u00fade (SCNES).<\/span><span data-ccp-props=\"{&quot;201341983&quot;:0,&quot;335551550&quot;:6,&quot;335551620&quot;:6,&quot;335559740&quot;:360}\">\u00a0<\/span><\/p>\n<p><span data-contrast=\"auto\">Previamente ao ju\u00edzo de admissibilidade, o Relator Conselheiro Maur\u00edcio Requi\u00e3o de Mello e Silva determinou a intima\u00e7\u00e3o do Munic\u00edpio de Jundia\u00ed do Sul (Despacho n\u00ba 1812\/23), o qual, em resposta,\u00a0sustentou que o credenciamento \u00e9 procedimento de contrata\u00e7\u00e3o n\u00e3o competitivo, e que as empresas\u00a0habilitadas\u00a0atenderam \u00e0s exig\u00eancias\u00a0do edital, de modo que n\u00e3o haveria\u00a0fundamento para desabilita\u00e7\u00e3o.<\/span><span data-ccp-props=\"{&quot;201341983&quot;:0,&quot;335551550&quot;:6,&quot;335551620&quot;:6,&quot;335559740&quot;:360}\">\u00a0<\/span><\/p>\n<p><span data-contrast=\"auto\">Dando sequ\u00eancia ao processo, o Relator\u00a0recebeu a representa\u00e7\u00e3o, por meio do Despacho n\u00ba 2071\/23, ampliando o seu escopo\u00a0de an\u00e1lise, com o objetivo de apurar se a terceiriza\u00e7\u00e3o de servi\u00e7o p\u00fablico de sa\u00fade atendia aos requisitos legais, diante de ind\u00edcios de irregularidade referente \u00e0 aus\u00eancia de concurso p\u00fablico na \u00e1rea da sa\u00fade.<\/span><span data-ccp-props=\"{&quot;201341983&quot;:0,&quot;335551550&quot;:6,&quot;335551620&quot;:6,&quot;335559740&quot;:360}\">\u00a0<\/span><\/p>\n<h4><b><span data-contrast=\"auto\">Instru\u00e7\u00e3o do processo<\/span><\/b><span data-ccp-props=\"{&quot;201341983&quot;:0,&quot;335551550&quot;:6,&quot;335551620&quot;:6,&quot;335559740&quot;:360}\">\u00a0<\/span><\/h4>\n<p><span data-contrast=\"auto\">Oportunizado novo contradit\u00f3rio, a municipalidade apresentou\u00a0um Of\u00edcio da Diretora do Departamento Municipal de Sa\u00fade, no qual reconhece a necessidade de regulariza\u00e7\u00e3o do problema apresentado que envolve a aus\u00eancia de um quadro efetivo de m\u00e9dicos contratados por meio de concurso p\u00fablico.\u00a0Por fim, afirmou que em que pese os esfor\u00e7os do referido departamento para realizar o concurso,\u00a0seria necess\u00e1rio,\u00a0previamente, criar\u00a0os cargos de m\u00e9dicos no \u00e2mbito municipal, uma vez que os cargos existentes j\u00e1 est\u00e3o devidamente preenchidos.\u00a0<\/span><span data-ccp-props=\"{&quot;201341983&quot;:0,&quot;335551550&quot;:6,&quot;335551620&quot;:6,&quot;335559740&quot;:360}\">\u00a0<\/span><\/p>\n<p><span data-contrast=\"auto\">Instada a se manifestar, a Coordenadoria de Apoio e de Instru\u00e7\u00e3o Suplementar (CAIS)\u00a0opinou conclusivamente pela improced\u00eancia da representa\u00e7\u00e3o quanto aos fatos narrados na peti\u00e7\u00e3o inicial e, no que\u00a0diz respeito\u00a0\u00e0 terceiriza\u00e7\u00e3o do servi\u00e7o de sa\u00fade, entendeu\u00a0que os documentos que constam\u00a0nos autos n\u00e3o permitem avaliar a real situa\u00e7\u00e3o do Munic\u00edpio. Nesse sentido, pontuou que seria poss\u00edvel, a crit\u00e9rio do Relator, levar a situa\u00e7\u00e3o ao\u00a0Plen\u00e1rio do TCE-PR, a fim de abrir procedimento de fiscaliza\u00e7\u00e3o com base no artigo 259-A, II, do Regimento Interno.<\/span><span data-ccp-props=\"{&quot;201341983&quot;:0,&quot;335551550&quot;:6,&quot;335551620&quot;:6,&quot;335559740&quot;:360}\">\u00a0<\/span><\/p>\n<h4><b><span data-contrast=\"auto\">Parecer Ministerial<\/span><\/b><span data-ccp-props=\"{&quot;201341983&quot;:0,&quot;335551550&quot;:6,&quot;335551620&quot;:6,&quot;335559740&quot;:360}\">\u00a0<\/span><\/h4>\n<p><span data-contrast=\"auto\">Mediante o <a href=\"https:\/\/www.mpc.pr.gov.br\/wp-content\/uploads\/2026\/01\/jundiai-PAR-633_25-2PC.pdf\">Parecer n\u00ba 633\/25<\/a>, a 2\u00aa Procuradoria de Contas\u00a0do MPC-PR\u00a0acompanhou o opinativo da CAIS, ap\u00f3s verificar que as empresas questionadas apresentaram integralmente a documenta\u00e7\u00e3o exigida para a fase de habilita\u00e7\u00e3o no procedimento de Credenciamento n\u00ba 001\/2023, atendendo, portanto, aos requisitos expressamente previstos no instrumento convocat\u00f3rio. Ademais,\u00a0pontuou que\u00a0n\u00e3o foram identificadas falhas ou omiss\u00f5es que pudessem\u00a0justificar a inabilita\u00e7\u00e3o das licitantes, de modo que\u00a0a procuradoria concluiu que\u00a0as alega\u00e7\u00f5es\u00a0apresentadas pela empresa denunciante\u00a0n\u00e3o encontram respaldo.<\/span><span data-ccp-props=\"{&quot;201341983&quot;:0,&quot;335551550&quot;:6,&quot;335551620&quot;:6,&quot;335559740&quot;:360}\">\u00a0<\/span><\/p>\n<p><span data-contrast=\"auto\">Todavia,\u00a0a Procuradoria entende que h\u00e1, sim,\u00a0elementos nos autos\u00a0que\u00a0apontam para um quadro persistente de terceiriza\u00e7\u00e3o dos servi\u00e7os m\u00e9dicos no Munic\u00edpio de Jundia\u00ed do Sul, como a\u00a0aus\u00eancia de concurso p\u00fablico para provimento de cargos\u00a0efetivos e\u00a0ind\u00edcios de que grande parte do servi\u00e7o de sa\u00fade estaria sendo prestada por empresas contratadas, em desacordo com o regime constitucional\u00a0em que a\u00a0atua\u00e7\u00e3o\u00a0da iniciativa privada deve ocorrer de maneira complementar.<\/span><span data-ccp-props=\"{&quot;201341983&quot;:0,&quot;335551550&quot;:6,&quot;335551620&quot;:6,&quot;335559740&quot;:360}\">\u00a0<\/span><\/p>\n<p><span data-contrast=\"auto\">Nesse sentido, observou que o reconhecimento do problema pela pr\u00f3pria Diretoria do Departamento Municipal de Sa\u00fade, ao afirmar a necessidade de regulariza\u00e7\u00e3o e de cria\u00e7\u00e3o de cargos efetivos, refor\u00e7a a gravidade dos ind\u00edcios e a pertin\u00eancia de fiscaliza\u00e7\u00e3o espec\u00edfica.\u00a0<\/span><span data-ccp-props=\"{&quot;201341983&quot;:0,&quot;335551550&quot;:6,&quot;335551620&quot;:6,&quot;335559740&quot;:360}\">\u00a0<\/span><\/p>\n<p><span data-contrast=\"auto\">Uma vez que tais fatos extrapolam o objeto inicial da Representa\u00e7\u00e3o, a Procuradoria recomendou ao Relator que determine a instaura\u00e7\u00e3o de procedimento de fiscaliza\u00e7\u00e3o espec\u00edfica para apurar as irregularidades relacionadas \u00e0 terceiriza\u00e7\u00e3o dos servi\u00e7os de sa\u00fade e \u00e0 aus\u00eancia de concurso p\u00fablico para cargos m\u00e9dicos no Munic\u00edpio de Jundia\u00ed do Sul.<\/span><span data-ccp-props=\"{&quot;201341983&quot;:0,&quot;335551550&quot;:6,&quot;335551620&quot;:6,&quot;335559740&quot;:360}\">\u00a0<\/span><\/p>\n<h4><b><span data-contrast=\"auto\">Decis\u00e3o<\/span><\/b><span data-ccp-props=\"{&quot;201341983&quot;:0,&quot;335551550&quot;:6,&quot;335551620&quot;:6,&quot;335559740&quot;:360}\">\u00a0<\/span><\/h4>\n<p><span data-contrast=\"auto\">Em sede\u00a0de julgamento, o Relator\u00a0Conselheiro Maur\u00edcio Requi\u00e3o de Melo e Silva, conforme fundamenta\u00e7\u00e3o do Ac\u00f3rd\u00e3o n\u00ba 3005\/25,\u00a0acompanhou integralmente o entendimento da unidade t\u00e9cnica e do Minist\u00e9rio P\u00fablico de Contas. Em seu voto, destacou que\u00a0n\u00e3o houve irregularidade na habilita\u00e7\u00e3o das empresas, pois os documentos exigidos foram apresentados conforme o edital.\u00a0<\/span><span data-ccp-props=\"{&quot;201341983&quot;:0,&quot;335551550&quot;:6,&quot;335551620&quot;:6,&quot;335559740&quot;:360}\">\u00a0<\/span><\/p>\n<p><span data-contrast=\"auto\">Entretanto, o Relator\u00a0verificou ind\u00edcios de terceiriza\u00e7\u00e3o irregular\u00a0dos servi\u00e7os m\u00e9dicos e aus\u00eancia de concurso p\u00fablico para cargos efetivos, situa\u00e7\u00e3o que extrapolaria\u00a0o car\u00e1ter complementar previsto na Constitui\u00e7\u00e3o Federal.\u00a0Tal situa\u00e7\u00e3o foi evidenciada\u00a0pelos pareceres\u00a0da\u00a0Procuradoria Jur\u00eddica\u00a0municipal\u00a0juntados\u00a0aos autos, por meio do qual alertava\u00a0sobre\u00a0a necessidade de realiza\u00e7\u00e3o de concurso p\u00fablico na \u00e1rea da sa\u00fade, al\u00e9m de destacar a persist\u00eancia na falta de planejamento no \u00e2mbito do Munic\u00edpio.<\/span><span data-ccp-props=\"{&quot;201341983&quot;:0,&quot;335551550&quot;:6,&quot;335551620&quot;:6,&quot;335559740&quot;:360}\">\u00a0<\/span><\/p>\n<p><span data-contrast=\"auto\">Os documentos demonstraram, ainda, que terceiriza\u00e7\u00e3o ocorre de forma cont\u00ednua, ao menos desde 2019 (quando do primeiro parecer), sem a aparente ado\u00e7\u00e3o de provid\u00eancias para a solu\u00e7\u00e3o definitiva da quest\u00e3o.<\/span><span data-ccp-props=\"{&quot;201341983&quot;:0,&quot;335551550&quot;:6,&quot;335551620&quot;:6,&quot;335559740&quot;:360}\">\u00a0<\/span><\/p>\n<p><span data-contrast=\"auto\">Conforme ressaltado pelo Relator, os fatos contrariam o entendimento do TCE-PR\u00a0de\u00a0que a terceiriza\u00e7\u00e3o \u00e9 permitida desde que os servi\u00e7os prestados pela entidade n\u00e3o se refiram \u00e0 substitui\u00e7\u00e3o de servidores e empregados p\u00fablicos ent\u00e3o existentes (ou que deveriam existir) no\u00a0quadro de pessoal do munic\u00edpio.\u00a0Da mesma forma, o\u00a0art. 199, \u00a7 1\u00ba, da Constitui\u00e7\u00e3o Federal disp\u00f5e que as institui\u00e7\u00f5es privadas somente poder\u00e3o participar de forma complementar ao Sistema \u00danico de Sa\u00fade (SUS), mediante contrato de direito p\u00fablico ou conv\u00eanio, tendo prefer\u00eancia as entidades filantr\u00f3picas e as sem fins lucrativos.<\/span><span data-ccp-props=\"{&quot;201341983&quot;:0,&quot;335551550&quot;:6,&quot;335551620&quot;:6,&quot;335559740&quot;:360}\">\u00a0<\/span><\/p>\n<p><span data-contrast=\"auto\">Ocorre que a situa\u00e7\u00e3o verificada do Munic\u00edpio de Jundia\u00ed do Sul extrapola a exce\u00e7\u00e3o constitucional referente \u00e0 presta\u00e7\u00e3o de servi\u00e7os de sa\u00fade em car\u00e1ter complementar por institui\u00e7\u00e3o privada, de forma que a transfer\u00eancia dessa compet\u00eancia para entidade particular\u00a0caracteriza\u00a0terceiriza\u00e7\u00e3o irregular.<\/span><span data-ccp-props=\"{&quot;201341983&quot;:0,&quot;335551550&quot;:6,&quot;335551620&quot;:6,&quot;335559740&quot;:360}\">\u00a0<\/span><\/p>\n<p><span data-contrast=\"auto\">Dessa forma,\u00a0considerando\u00a0que desde 2019\u00a0h\u00e1 orienta\u00e7\u00e3o t\u00e9cnica sobre a irregularidade da contrata\u00e7\u00e3o de forma terceirizada, o Relator entende que\u00a0a municipalidade est\u00e1 se furtando a realizar concurso p\u00fablico e adotar medidas para regularizar o\u00a0seu\u00a0quadro de m\u00e9dicos.<\/span><span data-ccp-props=\"{&quot;201341983&quot;:0,&quot;335551550&quot;:6,&quot;335551620&quot;:6,&quot;335559740&quot;:360}\">\u00a0<\/span><\/p>\n<p><span data-contrast=\"auto\">Portanto, o Relator concluiu seu voto pela improced\u00eancia da Representa\u00e7\u00e3o\u00a0quanto aos fatos narrados na pe\u00e7a inicial e determinou a instaura\u00e7\u00e3o de procedimento de fiscaliza\u00e7\u00e3o espec\u00edfica, nos termos do art. 259-A, II, do Regimento Interno do TCE-PR, para apurar as irregularidades relacionadas \u00e0 terceiriza\u00e7\u00e3o dos servi\u00e7os de sa\u00fade e \u00e0 aus\u00eancia de concurso p\u00fablico para cargos m\u00e9dicos no munic\u00edpio de Jundia\u00ed do Sul.<\/span><span data-ccp-props=\"{&quot;201341983&quot;:0,&quot;335551550&quot;:6,&quot;335551620&quot;:6,&quot;335559740&quot;:360}\">\u00a0<\/span><\/p>\n<p><span data-contrast=\"auto\">Mediante o Ac\u00f3rd\u00e3o n\u00ba\u00a03005\/25,\u00a0os membros do Tribunal Pleno acompanharam, por unanimidade, o voto do Relator.\u00a0A decis\u00e3o transitou em julgado em 1\u00ba de dezembro de 2025, estando encerrado o prazo para apresenta\u00e7\u00e3o de recurso contra a decis\u00e3o.\u00a0<\/span><span data-ccp-props=\"{&quot;201341983&quot;:0,&quot;335551550&quot;:6,&quot;335551620&quot;:6,&quot;335559740&quot;:360}\">\u00a0<\/span><\/p>\n<blockquote><p><span style=\"color: #820007;\"><strong><u>Informa\u00e7\u00e3o para consulta processual<\/u><\/strong><\/span><\/p>\n<table style=\"height: 183px;\" border=\"0\" width=\"478\" cellspacing=\"0\" cellpadding=\"0\">\n<tbody>\n<tr>\n<td><strong>Processo n\u00ba<\/strong>:<\/td>\n<td>711671\/23<\/td>\n<\/tr>\n<tr>\n<td><strong>Ac\u00f3rd\u00e3o n\u00ba<\/strong>:<\/td>\n<td><span class=\"TextRun SCXW44987904 BCX0\" lang=\"PT-BR\" xml:lang=\"PT-BR\" data-contrast=\"auto\"><span class=\"NormalTextRun SCXW44987904 BCX0\"><span class=\"TextRun SCXW122174835 BCX0\" lang=\"PT-PT\" xml:lang=\"PT-PT\" data-contrast=\"auto\"><span class=\"NormalTextRun SCXW122174835 BCX0\">3005\/25<\/span><\/span><\/span><\/span><\/td>\n<\/tr>\n<tr>\n<td><strong>Assunto<\/strong>:<\/td>\n<td>Representa\u00e7\u00e3o da Lei de Licita\u00e7\u00f5es<\/td>\n<\/tr>\n<tr>\n<td><strong>Interessado<\/strong>:<\/td>\n<td><span class=\"NormalTextRun SCXW187976841 BCX0\">Munic\u00edpio de Jundia\u00ed do Sul<\/span><\/td>\n<\/tr>\n<tr>\n<td><strong>Relator<\/strong>:<\/td>\n<td><span class=\"TextRun SCXW259496958 BCX0\" lang=\"PT-BR\" xml:lang=\"PT-BR\" data-contrast=\"auto\"><span class=\"NormalTextRun SCXW259496958 BCX0\">Conselheiro Maur\u00edcio Requi\u00e3o de Mello e Silva<\/span><\/span><\/td>\n<\/tr>\n<\/tbody>\n<\/table>\n<\/blockquote>\n","protected":false},"excerpt":{"rendered":"<p>Acompanhando o opinativo do Minist\u00e9rio P\u00fablico de Contas do Paran\u00e1 (MPC-PR), os membros do Pleno do Tribunal de Contas do Estado (TCE-PR) determinaram a instaura\u00e7\u00e3o de procedimento de fiscaliza\u00e7\u00e3o espec\u00edfica junto ao Munic\u00edpio de Jundia\u00ed do Sul. A medida visa apurar ind\u00edcios de irregularidades\u00a0relacionadas \u00e0 terceiriza\u00e7\u00e3o dos servi\u00e7os de sa\u00fade e \u00e0 aus\u00eancia de concurso [&hellip;]<\/p>\n","protected":false},"author":1,"featured_media":25157,"comment_status":"open","ping_status":"open","sticky":false,"template":"","format":"standard","meta":{"_monsterinsights_skip_tracking":false,"_monsterinsights_sitenote_active":false,"_monsterinsights_sitenote_note":"","_monsterinsights_sitenote_category":0,"footnotes":""},"categories":[7],"tags":[853,236,43,13,49,39,124],"class_list":["post-25154","post","type-post","status-publish","format-standard","has-post-thumbnail","hentry","category-todas-as-noticias","tag-habilitacao","tag-jundiai-do-sul","tag-licitacao","tag-mpc-pr","tag-representacao","tag-tce-pr","tag-terceirizacao","entry","has-media"],"yoast_head":"<!-- This site is optimized with the Yoast SEO plugin v27.3 - https:\/\/yoast.com\/product\/yoast-seo-wordpress\/ -->\n<title>Seguindo recomenda\u00e7\u00e3o do MPC-PR, Tribunal de Contas determina fiscaliza\u00e7\u00e3o sobre terceiriza\u00e7\u00e3o de servi\u00e7os de sa\u00fade em Jundia\u00ed do Sul - Minist\u00e9rio P\u00fablico de Contas do Estado do Paran\u00e1<\/title>\n<meta name=\"robots\" content=\"index, follow, max-snippet:-1, max-image-preview:large, max-video-preview:-1\" \/>\n<link rel=\"canonical\" href=\"https:\/\/www.mpc.pr.gov.br\/index.php\/seguindo-recomendacao-do-mpc-pr-tribunal-de-contas-determina-fiscalizacao-sobre-terceirizacao-de-servicos-de-saude-em-jundiai-do-sul\/\" \/>\n<meta property=\"og:locale\" content=\"pt_BR\" \/>\n<meta property=\"og:type\" content=\"article\" \/>\n<meta property=\"og:title\" content=\"Seguindo recomenda\u00e7\u00e3o do MPC-PR, Tribunal de Contas determina fiscaliza\u00e7\u00e3o sobre terceiriza\u00e7\u00e3o de servi\u00e7os de sa\u00fade em Jundia\u00ed do Sul - Minist\u00e9rio P\u00fablico de Contas do Estado do Paran\u00e1\" \/>\n<meta property=\"og:description\" content=\"Acompanhando o opinativo do Minist\u00e9rio P\u00fablico de Contas do Paran\u00e1 (MPC-PR), os membros do Pleno do Tribunal de Contas do Estado (TCE-PR) determinaram a instaura\u00e7\u00e3o de procedimento de fiscaliza\u00e7\u00e3o espec\u00edfica junto ao Munic\u00edpio de Jundia\u00ed do Sul. A medida visa apurar ind\u00edcios de irregularidades\u00a0relacionadas \u00e0 terceiriza\u00e7\u00e3o dos servi\u00e7os de sa\u00fade e \u00e0 aus\u00eancia de concurso [&hellip;]\" \/>\n<meta property=\"og:url\" content=\"https:\/\/www.mpc.pr.gov.br\/index.php\/seguindo-recomendacao-do-mpc-pr-tribunal-de-contas-determina-fiscalizacao-sobre-terceirizacao-de-servicos-de-saude-em-jundiai-do-sul\/\" \/>\n<meta property=\"og:site_name\" content=\"Minist\u00e9rio P\u00fablico de Contas do Estado do Paran\u00e1\" \/>\n<meta property=\"article:publisher\" content=\"https:\/\/www.facebook.com\/mpc.pr\" \/>\n<meta property=\"article:published_time\" content=\"2026-01-27T13:31:09+00:00\" \/>\n<meta property=\"article:modified_time\" content=\"2026-02-10T14:13:58+00:00\" \/>\n<meta property=\"og:image\" content=\"https:\/\/www.mpc.pr.gov.br\/wp-content\/uploads\/2026\/01\/jundiai-do-sul-paroquia-sao-francisco-de-assis.png\" \/>\n\t<meta property=\"og:image:width\" content=\"1236\" \/>\n\t<meta property=\"og:image:height\" content=\"692\" \/>\n\t<meta property=\"og:image:type\" content=\"image\/png\" \/>\n<meta name=\"author\" content=\"mpcontaspr\" \/>\n<meta name=\"twitter:card\" content=\"summary_large_image\" \/>\n<meta name=\"twitter:label1\" content=\"Escrito por\" \/>\n\t<meta name=\"twitter:data1\" content=\"mpcontaspr\" \/>\n\t<meta name=\"twitter:label2\" content=\"Est. tempo de leitura\" \/>\n\t<meta name=\"twitter:data2\" content=\"7 minutos\" \/>\n<script type=\"application\/ld+json\" class=\"yoast-schema-graph\">{\"@context\":\"https:\\\/\\\/schema.org\",\"@graph\":[{\"@type\":\"Article\",\"@id\":\"https:\\\/\\\/www.mpc.pr.gov.br\\\/index.php\\\/seguindo-recomendacao-do-mpc-pr-tribunal-de-contas-determina-fiscalizacao-sobre-terceirizacao-de-servicos-de-saude-em-jundiai-do-sul\\\/#article\",\"isPartOf\":{\"@id\":\"https:\\\/\\\/www.mpc.pr.gov.br\\\/index.php\\\/seguindo-recomendacao-do-mpc-pr-tribunal-de-contas-determina-fiscalizacao-sobre-terceirizacao-de-servicos-de-saude-em-jundiai-do-sul\\\/\"},\"author\":{\"name\":\"mpcontaspr\",\"@id\":\"https:\\\/\\\/www.mpc.pr.gov.br\\\/#\\\/schema\\\/person\\\/2d83cb8980538d0ec174e8a6284f5e11\"},\"headline\":\"Seguindo recomenda\u00e7\u00e3o do MPC-PR, Tribunal de Contas determina fiscaliza\u00e7\u00e3o sobre terceiriza\u00e7\u00e3o de servi\u00e7os de sa\u00fade em Jundia\u00ed do Sul\",\"datePublished\":\"2026-01-27T13:31:09+00:00\",\"dateModified\":\"2026-02-10T14:13:58+00:00\",\"mainEntityOfPage\":{\"@id\":\"https:\\\/\\\/www.mpc.pr.gov.br\\\/index.php\\\/seguindo-recomendacao-do-mpc-pr-tribunal-de-contas-determina-fiscalizacao-sobre-terceirizacao-de-servicos-de-saude-em-jundiai-do-sul\\\/\"},\"wordCount\":1396,\"commentCount\":0,\"publisher\":{\"@id\":\"https:\\\/\\\/www.mpc.pr.gov.br\\\/#organization\"},\"image\":{\"@id\":\"https:\\\/\\\/www.mpc.pr.gov.br\\\/index.php\\\/seguindo-recomendacao-do-mpc-pr-tribunal-de-contas-determina-fiscalizacao-sobre-terceirizacao-de-servicos-de-saude-em-jundiai-do-sul\\\/#primaryimage\"},\"thumbnailUrl\":\"https:\\\/\\\/www.mpc.pr.gov.br\\\/wp-content\\\/uploads\\\/2026\\\/01\\\/jundiai-do-sul-paroquia-sao-francisco-de-assis.png\",\"keywords\":[\"Habilita\u00e7\u00e3o\",\"Jundia\u00ed do Sul\",\"Licita\u00e7\u00e3o\",\"MPC-PR\",\"Representa\u00e7\u00e3o\",\"TCE-PR\",\"Terceiriza\u00e7\u00e3o\"],\"articleSection\":[\"Todas as not\u00edcias\"],\"inLanguage\":\"pt-BR\",\"potentialAction\":[{\"@type\":\"CommentAction\",\"name\":\"Comment\",\"target\":[\"https:\\\/\\\/www.mpc.pr.gov.br\\\/index.php\\\/seguindo-recomendacao-do-mpc-pr-tribunal-de-contas-determina-fiscalizacao-sobre-terceirizacao-de-servicos-de-saude-em-jundiai-do-sul\\\/#respond\"]}]},{\"@type\":\"WebPage\",\"@id\":\"https:\\\/\\\/www.mpc.pr.gov.br\\\/index.php\\\/seguindo-recomendacao-do-mpc-pr-tribunal-de-contas-determina-fiscalizacao-sobre-terceirizacao-de-servicos-de-saude-em-jundiai-do-sul\\\/\",\"url\":\"https:\\\/\\\/www.mpc.pr.gov.br\\\/index.php\\\/seguindo-recomendacao-do-mpc-pr-tribunal-de-contas-determina-fiscalizacao-sobre-terceirizacao-de-servicos-de-saude-em-jundiai-do-sul\\\/\",\"name\":\"Seguindo recomenda\u00e7\u00e3o do MPC-PR, Tribunal de Contas determina fiscaliza\u00e7\u00e3o sobre terceiriza\u00e7\u00e3o de servi\u00e7os de sa\u00fade em Jundia\u00ed do Sul - Minist\u00e9rio P\u00fablico de Contas do Estado do Paran\u00e1\",\"isPartOf\":{\"@id\":\"https:\\\/\\\/www.mpc.pr.gov.br\\\/#website\"},\"primaryImageOfPage\":{\"@id\":\"https:\\\/\\\/www.mpc.pr.gov.br\\\/index.php\\\/seguindo-recomendacao-do-mpc-pr-tribunal-de-contas-determina-fiscalizacao-sobre-terceirizacao-de-servicos-de-saude-em-jundiai-do-sul\\\/#primaryimage\"},\"image\":{\"@id\":\"https:\\\/\\\/www.mpc.pr.gov.br\\\/index.php\\\/seguindo-recomendacao-do-mpc-pr-tribunal-de-contas-determina-fiscalizacao-sobre-terceirizacao-de-servicos-de-saude-em-jundiai-do-sul\\\/#primaryimage\"},\"thumbnailUrl\":\"https:\\\/\\\/www.mpc.pr.gov.br\\\/wp-content\\\/uploads\\\/2026\\\/01\\\/jundiai-do-sul-paroquia-sao-francisco-de-assis.png\",\"datePublished\":\"2026-01-27T13:31:09+00:00\",\"dateModified\":\"2026-02-10T14:13:58+00:00\",\"breadcrumb\":{\"@id\":\"https:\\\/\\\/www.mpc.pr.gov.br\\\/index.php\\\/seguindo-recomendacao-do-mpc-pr-tribunal-de-contas-determina-fiscalizacao-sobre-terceirizacao-de-servicos-de-saude-em-jundiai-do-sul\\\/#breadcrumb\"},\"inLanguage\":\"pt-BR\",\"potentialAction\":[{\"@type\":\"ReadAction\",\"target\":[\"https:\\\/\\\/www.mpc.pr.gov.br\\\/index.php\\\/seguindo-recomendacao-do-mpc-pr-tribunal-de-contas-determina-fiscalizacao-sobre-terceirizacao-de-servicos-de-saude-em-jundiai-do-sul\\\/\"]}]},{\"@type\":\"ImageObject\",\"inLanguage\":\"pt-BR\",\"@id\":\"https:\\\/\\\/www.mpc.pr.gov.br\\\/index.php\\\/seguindo-recomendacao-do-mpc-pr-tribunal-de-contas-determina-fiscalizacao-sobre-terceirizacao-de-servicos-de-saude-em-jundiai-do-sul\\\/#primaryimage\",\"url\":\"https:\\\/\\\/www.mpc.pr.gov.br\\\/wp-content\\\/uploads\\\/2026\\\/01\\\/jundiai-do-sul-paroquia-sao-francisco-de-assis.png\",\"contentUrl\":\"https:\\\/\\\/www.mpc.pr.gov.br\\\/wp-content\\\/uploads\\\/2026\\\/01\\\/jundiai-do-sul-paroquia-sao-francisco-de-assis.png\",\"width\":1236,\"height\":692,\"caption\":\"Refer\u00eancia no Munic\u00edpio de Jundia\u00ed do Sul, Par\u00f3quia S\u00e3o Francisco de Assis possui mais de 74 anos de hist\u00f3ria. Foto: divulga\u00e7\u00e3o.\"},{\"@type\":\"BreadcrumbList\",\"@id\":\"https:\\\/\\\/www.mpc.pr.gov.br\\\/index.php\\\/seguindo-recomendacao-do-mpc-pr-tribunal-de-contas-determina-fiscalizacao-sobre-terceirizacao-de-servicos-de-saude-em-jundiai-do-sul\\\/#breadcrumb\",\"itemListElement\":[{\"@type\":\"ListItem\",\"position\":1,\"name\":\"In\u00edcio\",\"item\":\"https:\\\/\\\/www.mpc.pr.gov.br\\\/\"},{\"@type\":\"ListItem\",\"position\":2,\"name\":\"Seguindo recomenda\u00e7\u00e3o do MPC-PR, Tribunal de Contas determina fiscaliza\u00e7\u00e3o sobre terceiriza\u00e7\u00e3o de servi\u00e7os de sa\u00fade em Jundia\u00ed do Sul\"}]},{\"@type\":\"WebSite\",\"@id\":\"https:\\\/\\\/www.mpc.pr.gov.br\\\/#website\",\"url\":\"https:\\\/\\\/www.mpc.pr.gov.br\\\/\",\"name\":\"Minist\u00e9rio P\u00fablico de Contas do Estado do Paran\u00e1\",\"description\":\"\",\"publisher\":{\"@id\":\"https:\\\/\\\/www.mpc.pr.gov.br\\\/#organization\"},\"potentialAction\":[{\"@type\":\"SearchAction\",\"target\":{\"@type\":\"EntryPoint\",\"urlTemplate\":\"https:\\\/\\\/www.mpc.pr.gov.br\\\/?s={search_term_string}\"},\"query-input\":{\"@type\":\"PropertyValueSpecification\",\"valueRequired\":true,\"valueName\":\"search_term_string\"}}],\"inLanguage\":\"pt-BR\"},{\"@type\":\"Organization\",\"@id\":\"https:\\\/\\\/www.mpc.pr.gov.br\\\/#organization\",\"name\":\"Minist\u00e9rio P\u00fablico de Contas do Estado do Paran\u00e1\",\"url\":\"https:\\\/\\\/www.mpc.pr.gov.br\\\/\",\"logo\":{\"@type\":\"ImageObject\",\"inLanguage\":\"pt-BR\",\"@id\":\"https:\\\/\\\/www.mpc.pr.gov.br\\\/#\\\/schema\\\/logo\\\/image\\\/\",\"url\":\"https:\\\/\\\/www.mpc.pr.gov.br\\\/wp-content\\\/uploads\\\/2020\\\/06\\\/99423647_1593460364143890_6706793420720963584_n-1-e1591387983167.png\",\"contentUrl\":\"https:\\\/\\\/www.mpc.pr.gov.br\\\/wp-content\\\/uploads\\\/2020\\\/06\\\/99423647_1593460364143890_6706793420720963584_n-1-e1591387983167.png\",\"width\":243,\"height\":73,\"caption\":\"Minist\u00e9rio P\u00fablico de Contas do Estado do Paran\u00e1\"},\"image\":{\"@id\":\"https:\\\/\\\/www.mpc.pr.gov.br\\\/#\\\/schema\\\/logo\\\/image\\\/\"},\"sameAs\":[\"https:\\\/\\\/www.facebook.com\\\/mpc.pr\",\"https:\\\/\\\/www.instagram.com\\\/mpc.pr\\\/?hl=pt-br\",\"https:\\\/\\\/www.youtube.com\\\/channel\\\/UCHri5oEM8DV0ztX57E0sBSw\"]},{\"@type\":\"Person\",\"@id\":\"https:\\\/\\\/www.mpc.pr.gov.br\\\/#\\\/schema\\\/person\\\/2d83cb8980538d0ec174e8a6284f5e11\",\"name\":\"mpcontaspr\",\"image\":{\"@type\":\"ImageObject\",\"inLanguage\":\"pt-BR\",\"@id\":\"https:\\\/\\\/secure.gravatar.com\\\/avatar\\\/1aef51541db7622e05fd639336c9c9f312c2a618396e2b6ca96846362fc5403f?s=96&d=mm&r=g\",\"url\":\"https:\\\/\\\/secure.gravatar.com\\\/avatar\\\/1aef51541db7622e05fd639336c9c9f312c2a618396e2b6ca96846362fc5403f?s=96&d=mm&r=g\",\"contentUrl\":\"https:\\\/\\\/secure.gravatar.com\\\/avatar\\\/1aef51541db7622e05fd639336c9c9f312c2a618396e2b6ca96846362fc5403f?s=96&d=mm&r=g\",\"caption\":\"mpcontaspr\"},\"sameAs\":[\"http:\\\/\\\/www.mpc.pr.gov.br\"]}]}<\/script>\n<!-- \/ Yoast SEO plugin. -->","yoast_head_json":{"title":"Seguindo recomenda\u00e7\u00e3o do MPC-PR, Tribunal de Contas determina fiscaliza\u00e7\u00e3o sobre terceiriza\u00e7\u00e3o de servi\u00e7os de sa\u00fade em Jundia\u00ed do Sul - Minist\u00e9rio P\u00fablico de Contas do Estado do Paran\u00e1","robots":{"index":"index","follow":"follow","max-snippet":"max-snippet:-1","max-image-preview":"max-image-preview:large","max-video-preview":"max-video-preview:-1"},"canonical":"https:\/\/www.mpc.pr.gov.br\/index.php\/seguindo-recomendacao-do-mpc-pr-tribunal-de-contas-determina-fiscalizacao-sobre-terceirizacao-de-servicos-de-saude-em-jundiai-do-sul\/","og_locale":"pt_BR","og_type":"article","og_title":"Seguindo recomenda\u00e7\u00e3o do MPC-PR, Tribunal de Contas determina fiscaliza\u00e7\u00e3o sobre terceiriza\u00e7\u00e3o de servi\u00e7os de sa\u00fade em Jundia\u00ed do Sul - Minist\u00e9rio P\u00fablico de Contas do Estado do Paran\u00e1","og_description":"Acompanhando o opinativo do Minist\u00e9rio P\u00fablico de Contas do Paran\u00e1 (MPC-PR), os membros do Pleno do Tribunal de Contas do Estado (TCE-PR) determinaram a instaura\u00e7\u00e3o de procedimento de fiscaliza\u00e7\u00e3o espec\u00edfica junto ao Munic\u00edpio de Jundia\u00ed do Sul. A medida visa apurar ind\u00edcios de irregularidades\u00a0relacionadas \u00e0 terceiriza\u00e7\u00e3o dos servi\u00e7os de sa\u00fade e \u00e0 aus\u00eancia de concurso [&hellip;]","og_url":"https:\/\/www.mpc.pr.gov.br\/index.php\/seguindo-recomendacao-do-mpc-pr-tribunal-de-contas-determina-fiscalizacao-sobre-terceirizacao-de-servicos-de-saude-em-jundiai-do-sul\/","og_site_name":"Minist\u00e9rio P\u00fablico de Contas do Estado do Paran\u00e1","article_publisher":"https:\/\/www.facebook.com\/mpc.pr","article_published_time":"2026-01-27T13:31:09+00:00","article_modified_time":"2026-02-10T14:13:58+00:00","og_image":[{"width":1236,"height":692,"url":"https:\/\/www.mpc.pr.gov.br\/wp-content\/uploads\/2026\/01\/jundiai-do-sul-paroquia-sao-francisco-de-assis.png","type":"image\/png"}],"author":"mpcontaspr","twitter_card":"summary_large_image","twitter_misc":{"Escrito por":"mpcontaspr","Est. tempo de leitura":"7 minutos"},"schema":{"@context":"https:\/\/schema.org","@graph":[{"@type":"Article","@id":"https:\/\/www.mpc.pr.gov.br\/index.php\/seguindo-recomendacao-do-mpc-pr-tribunal-de-contas-determina-fiscalizacao-sobre-terceirizacao-de-servicos-de-saude-em-jundiai-do-sul\/#article","isPartOf":{"@id":"https:\/\/www.mpc.pr.gov.br\/index.php\/seguindo-recomendacao-do-mpc-pr-tribunal-de-contas-determina-fiscalizacao-sobre-terceirizacao-de-servicos-de-saude-em-jundiai-do-sul\/"},"author":{"name":"mpcontaspr","@id":"https:\/\/www.mpc.pr.gov.br\/#\/schema\/person\/2d83cb8980538d0ec174e8a6284f5e11"},"headline":"Seguindo recomenda\u00e7\u00e3o do MPC-PR, Tribunal de Contas determina fiscaliza\u00e7\u00e3o sobre terceiriza\u00e7\u00e3o de servi\u00e7os de sa\u00fade em Jundia\u00ed do Sul","datePublished":"2026-01-27T13:31:09+00:00","dateModified":"2026-02-10T14:13:58+00:00","mainEntityOfPage":{"@id":"https:\/\/www.mpc.pr.gov.br\/index.php\/seguindo-recomendacao-do-mpc-pr-tribunal-de-contas-determina-fiscalizacao-sobre-terceirizacao-de-servicos-de-saude-em-jundiai-do-sul\/"},"wordCount":1396,"commentCount":0,"publisher":{"@id":"https:\/\/www.mpc.pr.gov.br\/#organization"},"image":{"@id":"https:\/\/www.mpc.pr.gov.br\/index.php\/seguindo-recomendacao-do-mpc-pr-tribunal-de-contas-determina-fiscalizacao-sobre-terceirizacao-de-servicos-de-saude-em-jundiai-do-sul\/#primaryimage"},"thumbnailUrl":"https:\/\/www.mpc.pr.gov.br\/wp-content\/uploads\/2026\/01\/jundiai-do-sul-paroquia-sao-francisco-de-assis.png","keywords":["Habilita\u00e7\u00e3o","Jundia\u00ed do Sul","Licita\u00e7\u00e3o","MPC-PR","Representa\u00e7\u00e3o","TCE-PR","Terceiriza\u00e7\u00e3o"],"articleSection":["Todas as not\u00edcias"],"inLanguage":"pt-BR","potentialAction":[{"@type":"CommentAction","name":"Comment","target":["https:\/\/www.mpc.pr.gov.br\/index.php\/seguindo-recomendacao-do-mpc-pr-tribunal-de-contas-determina-fiscalizacao-sobre-terceirizacao-de-servicos-de-saude-em-jundiai-do-sul\/#respond"]}]},{"@type":"WebPage","@id":"https:\/\/www.mpc.pr.gov.br\/index.php\/seguindo-recomendacao-do-mpc-pr-tribunal-de-contas-determina-fiscalizacao-sobre-terceirizacao-de-servicos-de-saude-em-jundiai-do-sul\/","url":"https:\/\/www.mpc.pr.gov.br\/index.php\/seguindo-recomendacao-do-mpc-pr-tribunal-de-contas-determina-fiscalizacao-sobre-terceirizacao-de-servicos-de-saude-em-jundiai-do-sul\/","name":"Seguindo recomenda\u00e7\u00e3o do MPC-PR, Tribunal de Contas determina fiscaliza\u00e7\u00e3o sobre terceiriza\u00e7\u00e3o de servi\u00e7os de sa\u00fade em Jundia\u00ed do Sul - Minist\u00e9rio P\u00fablico de Contas do Estado do Paran\u00e1","isPartOf":{"@id":"https:\/\/www.mpc.pr.gov.br\/#website"},"primaryImageOfPage":{"@id":"https:\/\/www.mpc.pr.gov.br\/index.php\/seguindo-recomendacao-do-mpc-pr-tribunal-de-contas-determina-fiscalizacao-sobre-terceirizacao-de-servicos-de-saude-em-jundiai-do-sul\/#primaryimage"},"image":{"@id":"https:\/\/www.mpc.pr.gov.br\/index.php\/seguindo-recomendacao-do-mpc-pr-tribunal-de-contas-determina-fiscalizacao-sobre-terceirizacao-de-servicos-de-saude-em-jundiai-do-sul\/#primaryimage"},"thumbnailUrl":"https:\/\/www.mpc.pr.gov.br\/wp-content\/uploads\/2026\/01\/jundiai-do-sul-paroquia-sao-francisco-de-assis.png","datePublished":"2026-01-27T13:31:09+00:00","dateModified":"2026-02-10T14:13:58+00:00","breadcrumb":{"@id":"https:\/\/www.mpc.pr.gov.br\/index.php\/seguindo-recomendacao-do-mpc-pr-tribunal-de-contas-determina-fiscalizacao-sobre-terceirizacao-de-servicos-de-saude-em-jundiai-do-sul\/#breadcrumb"},"inLanguage":"pt-BR","potentialAction":[{"@type":"ReadAction","target":["https:\/\/www.mpc.pr.gov.br\/index.php\/seguindo-recomendacao-do-mpc-pr-tribunal-de-contas-determina-fiscalizacao-sobre-terceirizacao-de-servicos-de-saude-em-jundiai-do-sul\/"]}]},{"@type":"ImageObject","inLanguage":"pt-BR","@id":"https:\/\/www.mpc.pr.gov.br\/index.php\/seguindo-recomendacao-do-mpc-pr-tribunal-de-contas-determina-fiscalizacao-sobre-terceirizacao-de-servicos-de-saude-em-jundiai-do-sul\/#primaryimage","url":"https:\/\/www.mpc.pr.gov.br\/wp-content\/uploads\/2026\/01\/jundiai-do-sul-paroquia-sao-francisco-de-assis.png","contentUrl":"https:\/\/www.mpc.pr.gov.br\/wp-content\/uploads\/2026\/01\/jundiai-do-sul-paroquia-sao-francisco-de-assis.png","width":1236,"height":692,"caption":"Refer\u00eancia no Munic\u00edpio de Jundia\u00ed do Sul, Par\u00f3quia S\u00e3o Francisco de Assis possui mais de 74 anos de hist\u00f3ria. Foto: divulga\u00e7\u00e3o."},{"@type":"BreadcrumbList","@id":"https:\/\/www.mpc.pr.gov.br\/index.php\/seguindo-recomendacao-do-mpc-pr-tribunal-de-contas-determina-fiscalizacao-sobre-terceirizacao-de-servicos-de-saude-em-jundiai-do-sul\/#breadcrumb","itemListElement":[{"@type":"ListItem","position":1,"name":"In\u00edcio","item":"https:\/\/www.mpc.pr.gov.br\/"},{"@type":"ListItem","position":2,"name":"Seguindo recomenda\u00e7\u00e3o do MPC-PR, Tribunal de Contas determina fiscaliza\u00e7\u00e3o sobre terceiriza\u00e7\u00e3o de servi\u00e7os de sa\u00fade em Jundia\u00ed do Sul"}]},{"@type":"WebSite","@id":"https:\/\/www.mpc.pr.gov.br\/#website","url":"https:\/\/www.mpc.pr.gov.br\/","name":"Minist\u00e9rio P\u00fablico de Contas do Estado do Paran\u00e1","description":"","publisher":{"@id":"https:\/\/www.mpc.pr.gov.br\/#organization"},"potentialAction":[{"@type":"SearchAction","target":{"@type":"EntryPoint","urlTemplate":"https:\/\/www.mpc.pr.gov.br\/?s={search_term_string}"},"query-input":{"@type":"PropertyValueSpecification","valueRequired":true,"valueName":"search_term_string"}}],"inLanguage":"pt-BR"},{"@type":"Organization","@id":"https:\/\/www.mpc.pr.gov.br\/#organization","name":"Minist\u00e9rio P\u00fablico de Contas do Estado do Paran\u00e1","url":"https:\/\/www.mpc.pr.gov.br\/","logo":{"@type":"ImageObject","inLanguage":"pt-BR","@id":"https:\/\/www.mpc.pr.gov.br\/#\/schema\/logo\/image\/","url":"https:\/\/www.mpc.pr.gov.br\/wp-content\/uploads\/2020\/06\/99423647_1593460364143890_6706793420720963584_n-1-e1591387983167.png","contentUrl":"https:\/\/www.mpc.pr.gov.br\/wp-content\/uploads\/2020\/06\/99423647_1593460364143890_6706793420720963584_n-1-e1591387983167.png","width":243,"height":73,"caption":"Minist\u00e9rio P\u00fablico de Contas do Estado do Paran\u00e1"},"image":{"@id":"https:\/\/www.mpc.pr.gov.br\/#\/schema\/logo\/image\/"},"sameAs":["https:\/\/www.facebook.com\/mpc.pr","https:\/\/www.instagram.com\/mpc.pr\/?hl=pt-br","https:\/\/www.youtube.com\/channel\/UCHri5oEM8DV0ztX57E0sBSw"]},{"@type":"Person","@id":"https:\/\/www.mpc.pr.gov.br\/#\/schema\/person\/2d83cb8980538d0ec174e8a6284f5e11","name":"mpcontaspr","image":{"@type":"ImageObject","inLanguage":"pt-BR","@id":"https:\/\/secure.gravatar.com\/avatar\/1aef51541db7622e05fd639336c9c9f312c2a618396e2b6ca96846362fc5403f?s=96&d=mm&r=g","url":"https:\/\/secure.gravatar.com\/avatar\/1aef51541db7622e05fd639336c9c9f312c2a618396e2b6ca96846362fc5403f?s=96&d=mm&r=g","contentUrl":"https:\/\/secure.gravatar.com\/avatar\/1aef51541db7622e05fd639336c9c9f312c2a618396e2b6ca96846362fc5403f?s=96&d=mm&r=g","caption":"mpcontaspr"},"sameAs":["http:\/\/www.mpc.pr.gov.br"]}]}},"rttpg_featured_image_url":{"full":["https:\/\/www.mpc.pr.gov.br\/wp-content\/uploads\/2026\/01\/jundiai-do-sul-paroquia-sao-francisco-de-assis.png",1236,692,false],"landscape":["https:\/\/www.mpc.pr.gov.br\/wp-content\/uploads\/2026\/01\/jundiai-do-sul-paroquia-sao-francisco-de-assis.png",1236,692,false],"portraits":["https:\/\/www.mpc.pr.gov.br\/wp-content\/uploads\/2026\/01\/jundiai-do-sul-paroquia-sao-francisco-de-assis.png",1236,692,false],"thumbnail":["https:\/\/www.mpc.pr.gov.br\/wp-content\/uploads\/2026\/01\/jundiai-do-sul-paroquia-sao-francisco-de-assis-150x150.png",150,150,true],"medium":["https:\/\/www.mpc.pr.gov.br\/wp-content\/uploads\/2026\/01\/jundiai-do-sul-paroquia-sao-francisco-de-assis-300x168.png",300,168,true],"large":["https:\/\/www.mpc.pr.gov.br\/wp-content\/uploads\/2026\/01\/jundiai-do-sul-paroquia-sao-francisco-de-assis-1024x573.png",1024,573,true],"1536x1536":["https:\/\/www.mpc.pr.gov.br\/wp-content\/uploads\/2026\/01\/jundiai-do-sul-paroquia-sao-francisco-de-assis.png",1236,692,false],"2048x2048":["https:\/\/www.mpc.pr.gov.br\/wp-content\/uploads\/2026\/01\/jundiai-do-sul-paroquia-sao-francisco-de-assis.png",1236,692,false],"ocean-thumb-m":["https:\/\/www.mpc.pr.gov.br\/wp-content\/uploads\/2026\/01\/jundiai-do-sul-paroquia-sao-francisco-de-assis-600x600.png",600,600,true],"ocean-thumb-ml":["https:\/\/www.mpc.pr.gov.br\/wp-content\/uploads\/2026\/01\/jundiai-do-sul-paroquia-sao-francisco-de-assis-800x450.png",800,450,true],"ocean-thumb-l":["https:\/\/www.mpc.pr.gov.br\/wp-content\/uploads\/2026\/01\/jundiai-do-sul-paroquia-sao-francisco-de-assis-1200x692.png",1200,692,true]},"rttpg_author":{"display_name":"mpcontaspr","author_link":"https:\/\/www.mpc.pr.gov.br\/index.php\/author\/mpcontaspr\/"},"rttpg_comment":4,"rttpg_category":"<a href=\"https:\/\/www.mpc.pr.gov.br\/index.php\/category\/todas-as-noticias\/\" rel=\"category tag\">Todas as not\u00edcias<\/a>","rttpg_excerpt":"Acompanhando o opinativo do Minist\u00e9rio P\u00fablico de Contas do Paran\u00e1 (MPC-PR), os membros do Pleno do Tribunal de Contas do Estado (TCE-PR) determinaram a instaura\u00e7\u00e3o de procedimento de fiscaliza\u00e7\u00e3o espec\u00edfica junto ao Munic\u00edpio de Jundia\u00ed do Sul. A medida visa apurar ind\u00edcios de irregularidades\u00a0relacionadas \u00e0 terceiriza\u00e7\u00e3o dos servi\u00e7os de sa\u00fade e \u00e0 aus\u00eancia de concurso&hellip;","_links":{"self":[{"href":"https:\/\/www.mpc.pr.gov.br\/index.php\/wp-json\/wp\/v2\/posts\/25154","targetHints":{"allow":["GET"]}}],"collection":[{"href":"https:\/\/www.mpc.pr.gov.br\/index.php\/wp-json\/wp\/v2\/posts"}],"about":[{"href":"https:\/\/www.mpc.pr.gov.br\/index.php\/wp-json\/wp\/v2\/types\/post"}],"author":[{"embeddable":true,"href":"https:\/\/www.mpc.pr.gov.br\/index.php\/wp-json\/wp\/v2\/users\/1"}],"replies":[{"embeddable":true,"href":"https:\/\/www.mpc.pr.gov.br\/index.php\/wp-json\/wp\/v2\/comments?post=25154"}],"version-history":[{"count":1,"href":"https:\/\/www.mpc.pr.gov.br\/index.php\/wp-json\/wp\/v2\/posts\/25154\/revisions"}],"predecessor-version":[{"id":25159,"href":"https:\/\/www.mpc.pr.gov.br\/index.php\/wp-json\/wp\/v2\/posts\/25154\/revisions\/25159"}],"wp:featuredmedia":[{"embeddable":true,"href":"https:\/\/www.mpc.pr.gov.br\/index.php\/wp-json\/wp\/v2\/media\/25157"}],"wp:attachment":[{"href":"https:\/\/www.mpc.pr.gov.br\/index.php\/wp-json\/wp\/v2\/media?parent=25154"}],"wp:term":[{"taxonomy":"category","embeddable":true,"href":"https:\/\/www.mpc.pr.gov.br\/index.php\/wp-json\/wp\/v2\/categories?post=25154"},{"taxonomy":"post_tag","embeddable":true,"href":"https:\/\/www.mpc.pr.gov.br\/index.php\/wp-json\/wp\/v2\/tags?post=25154"}],"curies":[{"name":"wp","href":"https:\/\/api.w.org\/{rel}","templated":true}]}}