{"id":25402,"date":"2026-03-04T16:57:48","date_gmt":"2026-03-04T19:57:48","guid":{"rendered":"https:\/\/www.mpc.pr.gov.br\/?p=25402"},"modified":"2026-03-12T16:28:24","modified_gmt":"2026-03-12T19:28:24","slug":"mpc-pr-divulga-relatorio-tecnico-no-02-2026-e-reforca-a-importancia-do-registro-de-desastres-em-sistema-estadual-e-federal-para-o-efetivo-acesso-a-direitos-e-recursos-publicos","status":"publish","type":"post","link":"https:\/\/www.mpc.pr.gov.br\/index.php\/mpc-pr-divulga-relatorio-tecnico-no-02-2026-e-reforca-a-importancia-do-registro-de-desastres-em-sistema-estadual-e-federal-para-o-efetivo-acesso-a-direitos-e-recursos-publicos\/","title":{"rendered":"MPC-PR divulga Relat\u00f3rio T\u00e9cnico n\u00ba 02\/2026 e refor\u00e7a a import\u00e2ncia do registro de desastres em sistema estadual e federal para o efetivo acesso a direitos e recursos p\u00fablicos"},"content":{"rendered":"<p><span data-contrast=\"auto\"><img fetchpriority=\"high\" decoding=\"async\" class=\"size-medium wp-image-25403 alignleft\" src=\"https:\/\/www.mpc.pr.gov.br\/wp-content\/uploads\/2026\/03\/IMAGEM-SITE-2-300x169.jpg\" alt=\"\" width=\"300\" height=\"169\" srcset=\"https:\/\/www.mpc.pr.gov.br\/wp-content\/uploads\/2026\/03\/IMAGEM-SITE-2-300x169.jpg 300w, https:\/\/www.mpc.pr.gov.br\/wp-content\/uploads\/2026\/03\/IMAGEM-SITE-2.jpg 560w\" sizes=\"(max-width: 300px) 100vw, 300px\" \/>O Minist\u00e9rio P\u00fablico de Contas do Estado do Paran\u00e1 (MPC-PR)\u00a0<\/span><span data-contrast=\"none\">acaba de lan\u00e7ar o\u00a0<\/span><span data-contrast=\"auto\"><a href=\"https:\/\/www.mpc.pr.gov.br\/wp-content\/uploads\/2026\/03\/Relatorio-Tecnico-022026-S2iD-MPC-PR-.pdf\">Relat\u00f3rio T\u00e9cnico n\u00ba 02\/2026<\/a>, elaborado no \u00e2mbito do Projeto Especial \u201cEstruturas de Prote\u00e7\u00e3o e Defesa Civil dos Munic\u00edpios\u201d, que analisa o cadastramento de ocorr\u00eancias de desastres no Sistema Integrado de Informa\u00e7\u00f5es sobre Desastres (S2iD) ao longo do exerc\u00edcio de 2025.<\/span><span data-ccp-props=\"{&quot;201341983&quot;:0,&quot;335551550&quot;:6,&quot;335551620&quot;:6,&quot;335559740&quot;:360}\">\u00a0<\/span><\/p>\n<p><span data-contrast=\"auto\">O relat\u00f3rio d\u00e1 continuidade \u00e0 atua\u00e7\u00e3o institucional voltada ao fortalecimento das Defesas Civis municipais e aprofunda a an\u00e1lise sobre a gest\u00e3o da informa\u00e7\u00e3o como eixo estruturante da pol\u00edtica p\u00fablica de prote\u00e7\u00e3o e defesa civil, avaliando a correspond\u00eancia entre os registros efetuados no Sistema Informatizado da Defesa Civil do Paran\u00e1 (SISDC)\u00a0e aqueles efetivamente formalizados no sistema federal.<\/span><span data-ccp-props=\"{&quot;201341983&quot;:0,&quot;335551550&quot;:6,&quot;335551620&quot;:6,&quot;335559740&quot;:360}\">\u00a0<\/span><\/p>\n<p><span data-contrast=\"auto\">A partir do cruzamento de dados estaduais e federais, o estudo evidencia que o correto registro das ocorr\u00eancias n\u00e3o se limita a uma etapa administrativa, mas constitui condi\u00e7\u00e3o essencial para o reconhecimento nacional dos desastres, para o planejamento governamental e para o acesso da popula\u00e7\u00e3o atingida a direitos e pol\u00edticas p\u00fablicas.<\/span><span data-ccp-props=\"{&quot;201341983&quot;:0,&quot;335551550&quot;:6,&quot;335551620&quot;:6,&quot;335559740&quot;:360}\">\u00a0<\/span><\/p>\n<h4><b><span data-contrast=\"auto\">Principais achados e impactos da aus\u00eancia de registro federal<\/span><\/b><span data-ccp-props=\"{&quot;201341983&quot;:0,&quot;335551550&quot;:6,&quot;335551620&quot;:6,&quot;335559740&quot;:360}\">\u00a0<\/span><\/h4>\n<p><span data-contrast=\"auto\">A an\u00e1lise comparativa revelou diferen\u00e7a expressiva entre o n\u00famero de ocorr\u00eancias registradas no sistema estadual e aquelas inseridas no S2iD, evidenciando fragilidades no fluxo de registro e reconhecimento federal. Embora centenas de eventos tenham sido homologados em \u00e2mbito estadual, parcela relevante dessas ocorr\u00eancias n\u00e3o foi formalizada no sistema federal ou\u00a0cadastrada de forma intempestiva\u00a0ou\u00a0incompleta.<\/span><span data-ccp-props=\"{&quot;201341983&quot;:0,&quot;335551550&quot;:6,&quot;335551620&quot;:6,&quot;335559740&quot;:360}\">\u00a0<\/span><\/p>\n<p><span data-contrast=\"auto\">O Relat\u00f3rio tamb\u00e9m destaca que, somente no exerc\u00edcio de 2025, f<\/span><span data-contrast=\"none\">oram estimados mais de 50 milh\u00f5es de reais em preju\u00edzos, correspondente a ocorr\u00eancias informadas por 17 munic\u00edpios\u00a0<\/span><span data-contrast=\"auto\">de\u00a0eventos j\u00e1 reconhecidos pelo Estado,\u00a0que\u00a0n\u00e3o foram incorporados \u00e0 base federal de dados, em raz\u00e3o da aus\u00eancia ou irregularidade do cadastramento no sistema S2iD. Al\u00e9m do impacto financeiro, milhares de pessoas afetadas por desastres deixaram de ser contempladas por mecanismos federais de prote\u00e7\u00e3o e apoio.<\/span><span data-ccp-props=\"{&quot;201341983&quot;:0,&quot;335551550&quot;:6,&quot;335551620&quot;:6,&quot;335559740&quot;:360}\">\u00a0<\/span><\/p>\n<p><span data-contrast=\"auto\">O diagn\u00f3stico aponta que essas falhas decorrem, em grande medida, de dificuldades institucionais e operacionais enfrentadas pelas Defesas Civis municipais, como o ac\u00famulo de fun\u00e7\u00f5es administrativas, a inexist\u00eancia de equipes t\u00e9cnicas dedicadas, o desconhecimento dos prazos federais e a percep\u00e7\u00e3o equivocada de que o registro no S2iD seria necess\u00e1rio apenas em situa\u00e7\u00f5es de solicita\u00e7\u00e3o imediata de recursos financeiros.<\/span><span data-ccp-props=\"{&quot;201341983&quot;:0,&quot;335551550&quot;:6,&quot;335551620&quot;:6,&quot;335559740&quot;:360}\">\u00a0<\/span><\/p>\n<p><span data-contrast=\"auto\">Outro achado relevante do relat\u00f3rio diz respeito \u00e0 correla\u00e7\u00e3o entre o grau de estrutura\u00e7\u00e3o das Defesas Civis municipais e o desempenho no cadastramento das ocorr\u00eancias. Munic\u00edpios com coordena\u00e7\u00e3o formalmente designada, equipe t\u00e9cnica identificada e maior dom\u00ednio dos sistemas oficiais apresentaram melhor desempenho no cumprimento dos prazos e maior \u00eaxito na obten\u00e7\u00e3o do reconhecimento federal.<\/span><span data-ccp-props=\"{&quot;201341983&quot;:0,&quot;335551550&quot;:6,&quot;335551620&quot;:6,&quot;335559740&quot;:360}\">\u00a0<\/span><\/p>\n<p><span data-contrast=\"auto\">Em sentido oposto, Munic\u00edpios com estruturas incipientes, ac\u00famulo de atribui\u00e7\u00f5es administrativas e limita\u00e7\u00f5es operacionais enfrentaram maiores dificuldades na instru\u00e7\u00e3o dos processos e na gest\u00e3o da informa\u00e7\u00e3o, o que contribuiu para a perda de oportunidades de acesso a pol\u00edticas p\u00fablicas e recursos federais. O relat\u00f3rio refor\u00e7a, assim, que a gest\u00e3o qualificada da informa\u00e7\u00e3o reflete o n\u00edvel de maturidade institucional da pol\u00edtica municipal de prote\u00e7\u00e3o e defesa civil.<\/span><span data-ccp-props=\"{&quot;201341983&quot;:0,&quot;335551550&quot;:6,&quot;335551620&quot;:6,&quot;335559740&quot;:360}\">\u00a0<\/span><\/p>\n<h4><b><span data-contrast=\"auto\">Registro como instrumento de prote\u00e7\u00e3o social e garantia de direitos<\/span><\/b><span data-ccp-props=\"{&quot;201341983&quot;:0,&quot;335551550&quot;:6,&quot;335551620&quot;:6,&quot;335559740&quot;:360}\">\u00a0<\/span><\/h4>\n<p><span data-contrast=\"auto\">De maneira bastante completa, o\u00a0Relat\u00f3rio T\u00e9cnico n\u00ba 02\/2026 enfatiza que o registro tempestivo e adequado das ocorr\u00eancias nos sistemas estadual e federal deve ser compreendido como instrumento permanente de governan\u00e7a da pol\u00edtica de defesa civil, visto que pode resultar em impactos positivos ao cidad\u00e3o, na ponta, que precisa enfrentar as consequ\u00eancias de um desastre natural.\u00a0Isto \u00e9, o\u00a0reconhecimento federal da\u00a0situa\u00e7\u00e3o de emerg\u00eancia\u00a0ou do estado de calamidade p\u00fablica, formalizado por meio do S2iD, possibilita uma s\u00e9rie de efeitos pr\u00e1ticos diretos para a popula\u00e7\u00e3o atingida.<\/span><span data-ccp-props=\"{&quot;201341983&quot;:0,&quot;335551550&quot;:6,&quot;335551620&quot;:6,&quot;335559740&quot;:360}\">\u00a0<\/span><\/p>\n<p><span data-contrast=\"auto\">Entre os principais benef\u00edcios associados ao reconhecimento federal est\u00e3o:<\/span><span data-ccp-props=\"{&quot;201341983&quot;:0,&quot;335551550&quot;:6,&quot;335551620&quot;:6,&quot;335559740&quot;:360}\">\u00a0<\/span><\/p>\n<ul>\n<li aria-setsize=\"-1\" data-leveltext=\"\uf0b7\" data-font=\"Symbol\" data-listid=\"2\" data-list-defn-props=\"{&quot;335552541&quot;:1,&quot;335559683&quot;:0,&quot;335559684&quot;:-2,&quot;335559685&quot;:720,&quot;335559991&quot;:360,&quot;469769226&quot;:&quot;Symbol&quot;,&quot;469769242&quot;:[8226],&quot;469777803&quot;:&quot;left&quot;,&quot;469777804&quot;:&quot;\uf0b7&quot;,&quot;469777815&quot;:&quot;hybridMultilevel&quot;}\" data-aria-posinset=\"1\" data-aria-level=\"1\"><span data-contrast=\"auto\">o acesso a benef\u00edcios sociais e assistenciais, como a\u00a0antecipa\u00e7\u00e3o do Bolsa Fam\u00edlia e do Benef\u00edcio de Presta\u00e7\u00e3o Continuada (BPC);\u00a0<\/span><span data-ccp-props=\"{&quot;201341983&quot;:0,&quot;335551550&quot;:6,&quot;335551620&quot;:6,&quot;335559740&quot;:360}\">\u00a0<\/span><\/li>\n<\/ul>\n<ul>\n<li aria-setsize=\"-1\" data-leveltext=\"\uf0b7\" data-font=\"Symbol\" data-listid=\"2\" data-list-defn-props=\"{&quot;335552541&quot;:1,&quot;335559683&quot;:0,&quot;335559684&quot;:-2,&quot;335559685&quot;:720,&quot;335559991&quot;:360,&quot;469769226&quot;:&quot;Symbol&quot;,&quot;469769242&quot;:[8226],&quot;469777803&quot;:&quot;left&quot;,&quot;469777804&quot;:&quot;\uf0b7&quot;,&quot;469777815&quot;:&quot;hybridMultilevel&quot;}\" data-aria-posinset=\"2\" data-aria-level=\"1\"><span data-contrast=\"auto\">medidas de prote\u00e7\u00e3o previdenci\u00e1ria e trabalhista, incluindo a antecipa\u00e7\u00e3o de benef\u00edcios do INSS e o saque do FGTS na modalidade saque-calamidade;<\/span><span data-ccp-props=\"{&quot;201341983&quot;:0,&quot;335551550&quot;:6,&quot;335551620&quot;:6,&quot;335559740&quot;:360}\">\u00a0<\/span><\/li>\n<\/ul>\n<ul>\n<li aria-setsize=\"-1\" data-leveltext=\"\uf0b7\" data-font=\"Symbol\" data-listid=\"2\" data-list-defn-props=\"{&quot;335552541&quot;:1,&quot;335559683&quot;:0,&quot;335559684&quot;:-2,&quot;335559685&quot;:720,&quot;335559991&quot;:360,&quot;469769226&quot;:&quot;Symbol&quot;,&quot;469769242&quot;:[8226],&quot;469777803&quot;:&quot;left&quot;,&quot;469777804&quot;:&quot;\uf0b7&quot;,&quot;469777815&quot;:&quot;hybridMultilevel&quot;}\" data-aria-posinset=\"3\" data-aria-level=\"1\"><span data-contrast=\"auto\">\u00a0prioridade em programas habitacionais federais voltados \u00e0 reconstru\u00e7\u00e3o de moradias atingidas;\u00a0<\/span><span data-ccp-props=\"{&quot;201341983&quot;:0,&quot;335551550&quot;:6,&quot;335551620&quot;:6,&quot;335559740&quot;:360}\">\u00a0<\/span><\/li>\n<\/ul>\n<ul>\n<li aria-setsize=\"-1\" data-leveltext=\"\uf0b7\" data-font=\"Symbol\" data-listid=\"2\" data-list-defn-props=\"{&quot;335552541&quot;:1,&quot;335559683&quot;:0,&quot;335559684&quot;:-2,&quot;335559685&quot;:720,&quot;335559991&quot;:360,&quot;469769226&quot;:&quot;Symbol&quot;,&quot;469769242&quot;:[8226],&quot;469777803&quot;:&quot;left&quot;,&quot;469777804&quot;:&quot;\uf0b7&quot;,&quot;469777815&quot;:&quot;hybridMultilevel&quot;}\" data-aria-posinset=\"4\" data-aria-level=\"1\"><span data-contrast=\"auto\">al\u00e9m da ado\u00e7\u00e3o de medidas tribut\u00e1rias e fiscais excepcionais que aliviam a situa\u00e7\u00e3o econ\u00f4mica de cidad\u00e3os, produtores rurais e empresas localizadas em \u00e1reas afetadas.<\/span><span data-ccp-props=\"{&quot;201341983&quot;:0,&quot;335551550&quot;:6,&quot;335551620&quot;:6,&quot;335559740&quot;:360}\">\u00a0<\/span><\/li>\n<\/ul>\n<p><span data-contrast=\"auto\">Al\u00e9m disso, o reconhecimento federal viabiliza a libera\u00e7\u00e3o de recursos da Uni\u00e3o aos Munic\u00edpios para a\u00e7\u00f5es de resposta, recupera\u00e7\u00e3o e reconstru\u00e7\u00e3o de infraestrutura p\u00fablica. A aus\u00eancia de cadastramento no S2iD, ainda que n\u00e3o impe\u00e7a a atua\u00e7\u00e3o emergencial local ou estadual, limita significativamente o alcance dessas pol\u00edticas p\u00fablicas, com reflexos diretos sobre a prote\u00e7\u00e3o social e a recupera\u00e7\u00e3o das \u00e1reas atingidas.<\/span><span data-ccp-props=\"{&quot;201341983&quot;:0,&quot;335551550&quot;:6,&quot;335551620&quot;:6,&quot;335559740&quot;:360}\">\u00a0<\/span><\/p>\n<h4><b><span data-contrast=\"auto\">Articula\u00e7\u00e3o institucional e continuidade do Projeto Especial<\/span><\/b><span data-ccp-props=\"{&quot;201341983&quot;:0,&quot;335551550&quot;:6,&quot;335551620&quot;:6,&quot;335559740&quot;:360}\">\u00a0<\/span><\/h4>\n<p><span data-contrast=\"auto\">O Relat\u00f3rio T\u00e9cnico n\u00ba 02\/2026 integra uma a\u00e7\u00e3o cont\u00ednua do MPC-PR, de car\u00e1ter preventivo e orientador, voltada ao fortalecimento das capacidades locais\u00a0de\u00a0<\/span><span data-contrast=\"none\">preven\u00e7\u00e3o e recupera\u00e7\u00e3o de desastres,\u00a0bem\u00a0como\u00a0<\/span><span data-contrast=\"auto\">\u00e0 indu\u00e7\u00e3o de boas pr\u00e1ticas administrativas. A atua\u00e7\u00e3o n\u00e3o possui finalidade sancionat\u00f3ria, mas busca qualificar a gest\u00e3o municipal e aprimorar a articula\u00e7\u00e3o entre os entes federativos.<\/span><span data-ccp-props=\"{&quot;201341983&quot;:0,&quot;335551550&quot;:6,&quot;335551620&quot;:6,&quot;335559740&quot;:360}\">\u00a0<\/span><\/p>\n<p><span data-contrast=\"auto\">Nesse contexto, a articula\u00e7\u00e3o com a Defesa Civil do Estado do Paran\u00e1 tem contribu\u00eddo de forma decisiva para o desenvolvimento do Projeto Especial, por meio do compartilhamento de dados, da realiza\u00e7\u00e3o de reuni\u00f5es t\u00e9cnicas e do alinhamento de fluxos administrativos entre as esferas municipal, estadual e federal.<\/span><span data-ccp-props=\"{&quot;201341983&quot;:0,&quot;335551550&quot;:6,&quot;335551620&quot;:6,&quot;335559740&quot;:360}\">\u00a0<\/span><\/p>\n<p><span data-contrast=\"none\">Como parte desse esfor\u00e7o de integra\u00e7\u00e3o, destaca-se tamb\u00e9m o curso promovido pela Secretaria do Desenvolvimento Social e Fam\u00edlia e pela Coordenadoria Estadual da Defesa Civil, que ser\u00e1 lan\u00e7ado no dia 10 de mar\u00e7o, em Curitiba, voltado \u00e0 interven\u00e7\u00e3o e \u00e0 gest\u00e3o em desastres, que contribui diretamente para a qualifica\u00e7\u00e3o de gestores e servidores. Embora a capacita\u00e7\u00e3o seja \u00fatil a diversas \u00e1reas, recomenda-se aten\u00e7\u00e3o especial do Secret\u00e1rio de Finan\u00e7as e das equipes vinculadas ao controle interno e \u00e0s procuradorias municipais, por serem setores estrat\u00e9gicos na organiza\u00e7\u00e3o do fluxo administrativo, na seguran\u00e7a jur\u00eddica das decis\u00f5es, na formaliza\u00e7\u00e3o de procedimentos e na gest\u00e3o de recursos e instrumentos necess\u00e1rios para resposta e recupera\u00e7\u00e3o em cen\u00e1rios cr\u00edticos (como calamidade e emerg\u00eancia).\u00a0<\/span><span data-ccp-props=\"{&quot;201341983&quot;:0,&quot;335551550&quot;:6,&quot;335551620&quot;:6,&quot;335559740&quot;:360}\">\u00a0<\/span><\/p>\n<p><span data-contrast=\"none\">As inscri\u00e7\u00f5es para a primeira turma do curso \u201cInterven\u00e7\u00e3o e Gest\u00e3o em Desastres\u201d s\u00e3o gratuitas e podem ser realizas no portal da Escola de Gest\u00e3o do Paran\u00e1, no link https:\/\/www.ead.pr.gov.br\/enrol\/index.php?id=3377.<\/span><span data-ccp-props=\"{&quot;201341983&quot;:0,&quot;335551550&quot;:6,&quot;335551620&quot;:6,&quot;335559740&quot;:360}\">\u00a0<\/span><\/p>\n<h4><b><span data-contrast=\"none\">Pr\u00f3ximos passos<\/span><\/b><span data-ccp-props=\"{&quot;201341983&quot;:0,&quot;335551550&quot;:6,&quot;335551620&quot;:6,&quot;335559740&quot;:360}\">\u00a0<\/span><\/h4>\n<p><span data-contrast=\"auto\">O MPC-PR informa que novos relat\u00f3rios\u00a0ser\u00e3o elaborados, com o objetivo de dar continuidade ao diagn\u00f3stico iniciado e aprofundar a an\u00e1lise sobre diferentes dimens\u00f5es da estrutura\u00e7\u00e3o das Defesas Civis municipais. A proposta \u00e9 consolidar uma atua\u00e7\u00e3o estrat\u00e9gica, baseada em dados, que contribua para o fortalecimento institucional dos Munic\u00edpios\u00a0e\u00a0para a\u00a0articula\u00e7\u00e3o de novas pol\u00edticas p\u00fablicas voltadas \u00e0 preven\u00e7\u00e3o,\u00a0o que ir\u00e1 contribuir\u00a0diretamente\u00a0para o exerc\u00edcio dos direitos da popula\u00e7\u00e3o e para a constru\u00e7\u00e3o de territ\u00f3rios mais resilientes frente\u00a0\u00e0s mudan\u00e7as\u00a0clim\u00e1ticas.<\/span><span data-ccp-props=\"{&quot;201341983&quot;:0,&quot;335551550&quot;:6,&quot;335551620&quot;:6,&quot;335559740&quot;:360}\">\u00a0<\/span><\/p>\n","protected":false},"excerpt":{"rendered":"<p>O Minist\u00e9rio P\u00fablico de Contas do Estado do Paran\u00e1 (MPC-PR)\u00a0acaba de lan\u00e7ar o\u00a0Relat\u00f3rio T\u00e9cnico n\u00ba 02\/2026, elaborado no \u00e2mbito do Projeto Especial \u201cEstruturas de Prote\u00e7\u00e3o e Defesa Civil dos Munic\u00edpios\u201d, que analisa o cadastramento de ocorr\u00eancias de desastres no Sistema Integrado de Informa\u00e7\u00f5es sobre Desastres (S2iD) ao longo do exerc\u00edcio de 2025.\u00a0 O relat\u00f3rio d\u00e1 [&hellip;]<\/p>\n","protected":false},"author":1,"featured_media":25403,"comment_status":"open","ping_status":"open","sticky":false,"template":"","format":"standard","meta":{"_monsterinsights_skip_tracking":false,"_monsterinsights_sitenote_active":false,"_monsterinsights_sitenote_note":"","_monsterinsights_sitenote_category":0,"footnotes":""},"categories":[7],"tags":[652,899,13,811,877],"class_list":["post-25402","post","type-post","status-publish","format-standard","has-post-thumbnail","hentry","category-todas-as-noticias","tag-defesa-civil","tag-estrutura-de-protecao-e-defesa-civil-dos-municipios","tag-mpc-pr","tag-projeto-especial","tag-relatorio-tecnico","entry","has-media"],"yoast_head":"<!-- This site is optimized with the Yoast SEO plugin v27.3 - https:\/\/yoast.com\/product\/yoast-seo-wordpress\/ -->\n<title>MPC-PR divulga Relat\u00f3rio T\u00e9cnico n\u00ba 02\/2026 e refor\u00e7a a import\u00e2ncia do registro de desastres em sistema estadual e federal para o efetivo acesso a direitos e recursos p\u00fablicos - Minist\u00e9rio P\u00fablico de Contas do Estado do Paran\u00e1<\/title>\n<meta name=\"robots\" content=\"index, follow, max-snippet:-1, max-image-preview:large, max-video-preview:-1\" \/>\n<link rel=\"canonical\" href=\"https:\/\/www.mpc.pr.gov.br\/index.php\/mpc-pr-divulga-relatorio-tecnico-no-02-2026-e-reforca-a-importancia-do-registro-de-desastres-em-sistema-estadual-e-federal-para-o-efetivo-acesso-a-direitos-e-recursos-publicos\/\" \/>\n<meta property=\"og:locale\" content=\"pt_BR\" \/>\n<meta property=\"og:type\" content=\"article\" \/>\n<meta property=\"og:title\" content=\"MPC-PR divulga Relat\u00f3rio T\u00e9cnico n\u00ba 02\/2026 e refor\u00e7a a import\u00e2ncia do registro de desastres em sistema estadual e federal para o efetivo acesso a direitos e recursos p\u00fablicos - Minist\u00e9rio P\u00fablico de Contas do Estado do Paran\u00e1\" \/>\n<meta property=\"og:description\" content=\"O Minist\u00e9rio P\u00fablico de Contas do Estado do Paran\u00e1 (MPC-PR)\u00a0acaba de lan\u00e7ar o\u00a0Relat\u00f3rio T\u00e9cnico n\u00ba 02\/2026, elaborado no \u00e2mbito do Projeto Especial \u201cEstruturas de Prote\u00e7\u00e3o e Defesa Civil dos Munic\u00edpios\u201d, que analisa o cadastramento de ocorr\u00eancias de desastres no Sistema Integrado de Informa\u00e7\u00f5es sobre Desastres (S2iD) ao longo do exerc\u00edcio de 2025.\u00a0 O relat\u00f3rio d\u00e1 [&hellip;]\" \/>\n<meta property=\"og:url\" content=\"https:\/\/www.mpc.pr.gov.br\/index.php\/mpc-pr-divulga-relatorio-tecnico-no-02-2026-e-reforca-a-importancia-do-registro-de-desastres-em-sistema-estadual-e-federal-para-o-efetivo-acesso-a-direitos-e-recursos-publicos\/\" \/>\n<meta property=\"og:site_name\" content=\"Minist\u00e9rio P\u00fablico de Contas do Estado do Paran\u00e1\" \/>\n<meta property=\"article:publisher\" content=\"https:\/\/www.facebook.com\/mpc.pr\" \/>\n<meta property=\"article:published_time\" content=\"2026-03-04T19:57:48+00:00\" \/>\n<meta property=\"article:modified_time\" content=\"2026-03-12T19:28:24+00:00\" \/>\n<meta property=\"og:image\" content=\"https:\/\/www.mpc.pr.gov.br\/wp-content\/uploads\/2026\/03\/IMAGEM-SITE-2.jpg\" \/>\n\t<meta property=\"og:image:width\" content=\"560\" \/>\n\t<meta property=\"og:image:height\" content=\"315\" \/>\n\t<meta property=\"og:image:type\" content=\"image\/jpeg\" \/>\n<meta name=\"author\" content=\"mpcontaspr\" \/>\n<meta name=\"twitter:card\" content=\"summary_large_image\" \/>\n<meta name=\"twitter:label1\" content=\"Escrito por\" \/>\n\t<meta name=\"twitter:data1\" content=\"mpcontaspr\" \/>\n\t<meta name=\"twitter:label2\" content=\"Est. tempo de leitura\" \/>\n\t<meta name=\"twitter:data2\" content=\"7 minutos\" \/>\n<script type=\"application\/ld+json\" class=\"yoast-schema-graph\">{\"@context\":\"https:\\\/\\\/schema.org\",\"@graph\":[{\"@type\":\"Article\",\"@id\":\"https:\\\/\\\/www.mpc.pr.gov.br\\\/index.php\\\/mpc-pr-divulga-relatorio-tecnico-no-02-2026-e-reforca-a-importancia-do-registro-de-desastres-em-sistema-estadual-e-federal-para-o-efetivo-acesso-a-direitos-e-recursos-publicos\\\/#article\",\"isPartOf\":{\"@id\":\"https:\\\/\\\/www.mpc.pr.gov.br\\\/index.php\\\/mpc-pr-divulga-relatorio-tecnico-no-02-2026-e-reforca-a-importancia-do-registro-de-desastres-em-sistema-estadual-e-federal-para-o-efetivo-acesso-a-direitos-e-recursos-publicos\\\/\"},\"author\":{\"name\":\"mpcontaspr\",\"@id\":\"https:\\\/\\\/www.mpc.pr.gov.br\\\/#\\\/schema\\\/person\\\/2d83cb8980538d0ec174e8a6284f5e11\"},\"headline\":\"MPC-PR divulga Relat\u00f3rio T\u00e9cnico n\u00ba 02\\\/2026 e refor\u00e7a a import\u00e2ncia do registro de desastres em sistema estadual e federal para o efetivo acesso a direitos e recursos p\u00fablicos\",\"datePublished\":\"2026-03-04T19:57:48+00:00\",\"dateModified\":\"2026-03-12T19:28:24+00:00\",\"mainEntityOfPage\":{\"@id\":\"https:\\\/\\\/www.mpc.pr.gov.br\\\/index.php\\\/mpc-pr-divulga-relatorio-tecnico-no-02-2026-e-reforca-a-importancia-do-registro-de-desastres-em-sistema-estadual-e-federal-para-o-efetivo-acesso-a-direitos-e-recursos-publicos\\\/\"},\"wordCount\":1288,\"commentCount\":0,\"publisher\":{\"@id\":\"https:\\\/\\\/www.mpc.pr.gov.br\\\/#organization\"},\"image\":{\"@id\":\"https:\\\/\\\/www.mpc.pr.gov.br\\\/index.php\\\/mpc-pr-divulga-relatorio-tecnico-no-02-2026-e-reforca-a-importancia-do-registro-de-desastres-em-sistema-estadual-e-federal-para-o-efetivo-acesso-a-direitos-e-recursos-publicos\\\/#primaryimage\"},\"thumbnailUrl\":\"https:\\\/\\\/www.mpc.pr.gov.br\\\/wp-content\\\/uploads\\\/2026\\\/03\\\/IMAGEM-SITE-2.jpg\",\"keywords\":[\"Defesa Civil\",\"Estrutura de Prote\u00e7\u00e3o e Defesa Civil dos Munic\u00edpios\",\"MPC-PR\",\"Projeto Especial\",\"Relat\u00f3rio T\u00e9cnico\"],\"articleSection\":[\"Todas as not\u00edcias\"],\"inLanguage\":\"pt-BR\",\"potentialAction\":[{\"@type\":\"CommentAction\",\"name\":\"Comment\",\"target\":[\"https:\\\/\\\/www.mpc.pr.gov.br\\\/index.php\\\/mpc-pr-divulga-relatorio-tecnico-no-02-2026-e-reforca-a-importancia-do-registro-de-desastres-em-sistema-estadual-e-federal-para-o-efetivo-acesso-a-direitos-e-recursos-publicos\\\/#respond\"]}]},{\"@type\":\"WebPage\",\"@id\":\"https:\\\/\\\/www.mpc.pr.gov.br\\\/index.php\\\/mpc-pr-divulga-relatorio-tecnico-no-02-2026-e-reforca-a-importancia-do-registro-de-desastres-em-sistema-estadual-e-federal-para-o-efetivo-acesso-a-direitos-e-recursos-publicos\\\/\",\"url\":\"https:\\\/\\\/www.mpc.pr.gov.br\\\/index.php\\\/mpc-pr-divulga-relatorio-tecnico-no-02-2026-e-reforca-a-importancia-do-registro-de-desastres-em-sistema-estadual-e-federal-para-o-efetivo-acesso-a-direitos-e-recursos-publicos\\\/\",\"name\":\"MPC-PR divulga Relat\u00f3rio T\u00e9cnico n\u00ba 02\\\/2026 e refor\u00e7a a import\u00e2ncia do registro de desastres em sistema estadual e federal para o efetivo acesso a direitos e recursos p\u00fablicos - Minist\u00e9rio P\u00fablico de Contas do Estado do Paran\u00e1\",\"isPartOf\":{\"@id\":\"https:\\\/\\\/www.mpc.pr.gov.br\\\/#website\"},\"primaryImageOfPage\":{\"@id\":\"https:\\\/\\\/www.mpc.pr.gov.br\\\/index.php\\\/mpc-pr-divulga-relatorio-tecnico-no-02-2026-e-reforca-a-importancia-do-registro-de-desastres-em-sistema-estadual-e-federal-para-o-efetivo-acesso-a-direitos-e-recursos-publicos\\\/#primaryimage\"},\"image\":{\"@id\":\"https:\\\/\\\/www.mpc.pr.gov.br\\\/index.php\\\/mpc-pr-divulga-relatorio-tecnico-no-02-2026-e-reforca-a-importancia-do-registro-de-desastres-em-sistema-estadual-e-federal-para-o-efetivo-acesso-a-direitos-e-recursos-publicos\\\/#primaryimage\"},\"thumbnailUrl\":\"https:\\\/\\\/www.mpc.pr.gov.br\\\/wp-content\\\/uploads\\\/2026\\\/03\\\/IMAGEM-SITE-2.jpg\",\"datePublished\":\"2026-03-04T19:57:48+00:00\",\"dateModified\":\"2026-03-12T19:28:24+00:00\",\"breadcrumb\":{\"@id\":\"https:\\\/\\\/www.mpc.pr.gov.br\\\/index.php\\\/mpc-pr-divulga-relatorio-tecnico-no-02-2026-e-reforca-a-importancia-do-registro-de-desastres-em-sistema-estadual-e-federal-para-o-efetivo-acesso-a-direitos-e-recursos-publicos\\\/#breadcrumb\"},\"inLanguage\":\"pt-BR\",\"potentialAction\":[{\"@type\":\"ReadAction\",\"target\":[\"https:\\\/\\\/www.mpc.pr.gov.br\\\/index.php\\\/mpc-pr-divulga-relatorio-tecnico-no-02-2026-e-reforca-a-importancia-do-registro-de-desastres-em-sistema-estadual-e-federal-para-o-efetivo-acesso-a-direitos-e-recursos-publicos\\\/\"]}]},{\"@type\":\"ImageObject\",\"inLanguage\":\"pt-BR\",\"@id\":\"https:\\\/\\\/www.mpc.pr.gov.br\\\/index.php\\\/mpc-pr-divulga-relatorio-tecnico-no-02-2026-e-reforca-a-importancia-do-registro-de-desastres-em-sistema-estadual-e-federal-para-o-efetivo-acesso-a-direitos-e-recursos-publicos\\\/#primaryimage\",\"url\":\"https:\\\/\\\/www.mpc.pr.gov.br\\\/wp-content\\\/uploads\\\/2026\\\/03\\\/IMAGEM-SITE-2.jpg\",\"contentUrl\":\"https:\\\/\\\/www.mpc.pr.gov.br\\\/wp-content\\\/uploads\\\/2026\\\/03\\\/IMAGEM-SITE-2.jpg\",\"width\":560,\"height\":315},{\"@type\":\"BreadcrumbList\",\"@id\":\"https:\\\/\\\/www.mpc.pr.gov.br\\\/index.php\\\/mpc-pr-divulga-relatorio-tecnico-no-02-2026-e-reforca-a-importancia-do-registro-de-desastres-em-sistema-estadual-e-federal-para-o-efetivo-acesso-a-direitos-e-recursos-publicos\\\/#breadcrumb\",\"itemListElement\":[{\"@type\":\"ListItem\",\"position\":1,\"name\":\"In\u00edcio\",\"item\":\"https:\\\/\\\/www.mpc.pr.gov.br\\\/\"},{\"@type\":\"ListItem\",\"position\":2,\"name\":\"MPC-PR divulga Relat\u00f3rio T\u00e9cnico n\u00ba 02\\\/2026 e refor\u00e7a a import\u00e2ncia do registro de desastres em sistema estadual e federal para o efetivo acesso a direitos e recursos p\u00fablicos\"}]},{\"@type\":\"WebSite\",\"@id\":\"https:\\\/\\\/www.mpc.pr.gov.br\\\/#website\",\"url\":\"https:\\\/\\\/www.mpc.pr.gov.br\\\/\",\"name\":\"Minist\u00e9rio P\u00fablico de Contas do Estado do Paran\u00e1\",\"description\":\"\",\"publisher\":{\"@id\":\"https:\\\/\\\/www.mpc.pr.gov.br\\\/#organization\"},\"potentialAction\":[{\"@type\":\"SearchAction\",\"target\":{\"@type\":\"EntryPoint\",\"urlTemplate\":\"https:\\\/\\\/www.mpc.pr.gov.br\\\/?s={search_term_string}\"},\"query-input\":{\"@type\":\"PropertyValueSpecification\",\"valueRequired\":true,\"valueName\":\"search_term_string\"}}],\"inLanguage\":\"pt-BR\"},{\"@type\":\"Organization\",\"@id\":\"https:\\\/\\\/www.mpc.pr.gov.br\\\/#organization\",\"name\":\"Minist\u00e9rio P\u00fablico de Contas do Estado do Paran\u00e1\",\"url\":\"https:\\\/\\\/www.mpc.pr.gov.br\\\/\",\"logo\":{\"@type\":\"ImageObject\",\"inLanguage\":\"pt-BR\",\"@id\":\"https:\\\/\\\/www.mpc.pr.gov.br\\\/#\\\/schema\\\/logo\\\/image\\\/\",\"url\":\"https:\\\/\\\/www.mpc.pr.gov.br\\\/wp-content\\\/uploads\\\/2020\\\/06\\\/99423647_1593460364143890_6706793420720963584_n-1-e1591387983167.png\",\"contentUrl\":\"https:\\\/\\\/www.mpc.pr.gov.br\\\/wp-content\\\/uploads\\\/2020\\\/06\\\/99423647_1593460364143890_6706793420720963584_n-1-e1591387983167.png\",\"width\":243,\"height\":73,\"caption\":\"Minist\u00e9rio P\u00fablico de Contas do Estado do Paran\u00e1\"},\"image\":{\"@id\":\"https:\\\/\\\/www.mpc.pr.gov.br\\\/#\\\/schema\\\/logo\\\/image\\\/\"},\"sameAs\":[\"https:\\\/\\\/www.facebook.com\\\/mpc.pr\",\"https:\\\/\\\/www.instagram.com\\\/mpc.pr\\\/?hl=pt-br\",\"https:\\\/\\\/www.youtube.com\\\/channel\\\/UCHri5oEM8DV0ztX57E0sBSw\"]},{\"@type\":\"Person\",\"@id\":\"https:\\\/\\\/www.mpc.pr.gov.br\\\/#\\\/schema\\\/person\\\/2d83cb8980538d0ec174e8a6284f5e11\",\"name\":\"mpcontaspr\",\"image\":{\"@type\":\"ImageObject\",\"inLanguage\":\"pt-BR\",\"@id\":\"https:\\\/\\\/secure.gravatar.com\\\/avatar\\\/1aef51541db7622e05fd639336c9c9f312c2a618396e2b6ca96846362fc5403f?s=96&d=mm&r=g\",\"url\":\"https:\\\/\\\/secure.gravatar.com\\\/avatar\\\/1aef51541db7622e05fd639336c9c9f312c2a618396e2b6ca96846362fc5403f?s=96&d=mm&r=g\",\"contentUrl\":\"https:\\\/\\\/secure.gravatar.com\\\/avatar\\\/1aef51541db7622e05fd639336c9c9f312c2a618396e2b6ca96846362fc5403f?s=96&d=mm&r=g\",\"caption\":\"mpcontaspr\"},\"sameAs\":[\"http:\\\/\\\/www.mpc.pr.gov.br\"]}]}<\/script>\n<!-- \/ Yoast SEO plugin. -->","yoast_head_json":{"title":"MPC-PR divulga Relat\u00f3rio T\u00e9cnico n\u00ba 02\/2026 e refor\u00e7a a import\u00e2ncia do registro de desastres em sistema estadual e federal para o efetivo acesso a direitos e recursos p\u00fablicos - Minist\u00e9rio P\u00fablico de Contas do Estado do Paran\u00e1","robots":{"index":"index","follow":"follow","max-snippet":"max-snippet:-1","max-image-preview":"max-image-preview:large","max-video-preview":"max-video-preview:-1"},"canonical":"https:\/\/www.mpc.pr.gov.br\/index.php\/mpc-pr-divulga-relatorio-tecnico-no-02-2026-e-reforca-a-importancia-do-registro-de-desastres-em-sistema-estadual-e-federal-para-o-efetivo-acesso-a-direitos-e-recursos-publicos\/","og_locale":"pt_BR","og_type":"article","og_title":"MPC-PR divulga Relat\u00f3rio T\u00e9cnico n\u00ba 02\/2026 e refor\u00e7a a import\u00e2ncia do registro de desastres em sistema estadual e federal para o efetivo acesso a direitos e recursos p\u00fablicos - Minist\u00e9rio P\u00fablico de Contas do Estado do Paran\u00e1","og_description":"O Minist\u00e9rio P\u00fablico de Contas do Estado do Paran\u00e1 (MPC-PR)\u00a0acaba de lan\u00e7ar o\u00a0Relat\u00f3rio T\u00e9cnico n\u00ba 02\/2026, elaborado no \u00e2mbito do Projeto Especial \u201cEstruturas de Prote\u00e7\u00e3o e Defesa Civil dos Munic\u00edpios\u201d, que analisa o cadastramento de ocorr\u00eancias de desastres no Sistema Integrado de Informa\u00e7\u00f5es sobre Desastres (S2iD) ao longo do exerc\u00edcio de 2025.\u00a0 O relat\u00f3rio d\u00e1 [&hellip;]","og_url":"https:\/\/www.mpc.pr.gov.br\/index.php\/mpc-pr-divulga-relatorio-tecnico-no-02-2026-e-reforca-a-importancia-do-registro-de-desastres-em-sistema-estadual-e-federal-para-o-efetivo-acesso-a-direitos-e-recursos-publicos\/","og_site_name":"Minist\u00e9rio P\u00fablico de Contas do Estado do Paran\u00e1","article_publisher":"https:\/\/www.facebook.com\/mpc.pr","article_published_time":"2026-03-04T19:57:48+00:00","article_modified_time":"2026-03-12T19:28:24+00:00","og_image":[{"width":560,"height":315,"url":"https:\/\/www.mpc.pr.gov.br\/wp-content\/uploads\/2026\/03\/IMAGEM-SITE-2.jpg","type":"image\/jpeg"}],"author":"mpcontaspr","twitter_card":"summary_large_image","twitter_misc":{"Escrito por":"mpcontaspr","Est. tempo de leitura":"7 minutos"},"schema":{"@context":"https:\/\/schema.org","@graph":[{"@type":"Article","@id":"https:\/\/www.mpc.pr.gov.br\/index.php\/mpc-pr-divulga-relatorio-tecnico-no-02-2026-e-reforca-a-importancia-do-registro-de-desastres-em-sistema-estadual-e-federal-para-o-efetivo-acesso-a-direitos-e-recursos-publicos\/#article","isPartOf":{"@id":"https:\/\/www.mpc.pr.gov.br\/index.php\/mpc-pr-divulga-relatorio-tecnico-no-02-2026-e-reforca-a-importancia-do-registro-de-desastres-em-sistema-estadual-e-federal-para-o-efetivo-acesso-a-direitos-e-recursos-publicos\/"},"author":{"name":"mpcontaspr","@id":"https:\/\/www.mpc.pr.gov.br\/#\/schema\/person\/2d83cb8980538d0ec174e8a6284f5e11"},"headline":"MPC-PR divulga Relat\u00f3rio T\u00e9cnico n\u00ba 02\/2026 e refor\u00e7a a import\u00e2ncia do registro de desastres em sistema estadual e federal para o efetivo acesso a direitos e recursos p\u00fablicos","datePublished":"2026-03-04T19:57:48+00:00","dateModified":"2026-03-12T19:28:24+00:00","mainEntityOfPage":{"@id":"https:\/\/www.mpc.pr.gov.br\/index.php\/mpc-pr-divulga-relatorio-tecnico-no-02-2026-e-reforca-a-importancia-do-registro-de-desastres-em-sistema-estadual-e-federal-para-o-efetivo-acesso-a-direitos-e-recursos-publicos\/"},"wordCount":1288,"commentCount":0,"publisher":{"@id":"https:\/\/www.mpc.pr.gov.br\/#organization"},"image":{"@id":"https:\/\/www.mpc.pr.gov.br\/index.php\/mpc-pr-divulga-relatorio-tecnico-no-02-2026-e-reforca-a-importancia-do-registro-de-desastres-em-sistema-estadual-e-federal-para-o-efetivo-acesso-a-direitos-e-recursos-publicos\/#primaryimage"},"thumbnailUrl":"https:\/\/www.mpc.pr.gov.br\/wp-content\/uploads\/2026\/03\/IMAGEM-SITE-2.jpg","keywords":["Defesa Civil","Estrutura de Prote\u00e7\u00e3o e Defesa Civil dos Munic\u00edpios","MPC-PR","Projeto Especial","Relat\u00f3rio T\u00e9cnico"],"articleSection":["Todas as not\u00edcias"],"inLanguage":"pt-BR","potentialAction":[{"@type":"CommentAction","name":"Comment","target":["https:\/\/www.mpc.pr.gov.br\/index.php\/mpc-pr-divulga-relatorio-tecnico-no-02-2026-e-reforca-a-importancia-do-registro-de-desastres-em-sistema-estadual-e-federal-para-o-efetivo-acesso-a-direitos-e-recursos-publicos\/#respond"]}]},{"@type":"WebPage","@id":"https:\/\/www.mpc.pr.gov.br\/index.php\/mpc-pr-divulga-relatorio-tecnico-no-02-2026-e-reforca-a-importancia-do-registro-de-desastres-em-sistema-estadual-e-federal-para-o-efetivo-acesso-a-direitos-e-recursos-publicos\/","url":"https:\/\/www.mpc.pr.gov.br\/index.php\/mpc-pr-divulga-relatorio-tecnico-no-02-2026-e-reforca-a-importancia-do-registro-de-desastres-em-sistema-estadual-e-federal-para-o-efetivo-acesso-a-direitos-e-recursos-publicos\/","name":"MPC-PR divulga Relat\u00f3rio T\u00e9cnico n\u00ba 02\/2026 e refor\u00e7a a import\u00e2ncia do registro de desastres em sistema estadual e federal para o efetivo acesso a direitos e recursos p\u00fablicos - Minist\u00e9rio P\u00fablico de Contas do Estado do Paran\u00e1","isPartOf":{"@id":"https:\/\/www.mpc.pr.gov.br\/#website"},"primaryImageOfPage":{"@id":"https:\/\/www.mpc.pr.gov.br\/index.php\/mpc-pr-divulga-relatorio-tecnico-no-02-2026-e-reforca-a-importancia-do-registro-de-desastres-em-sistema-estadual-e-federal-para-o-efetivo-acesso-a-direitos-e-recursos-publicos\/#primaryimage"},"image":{"@id":"https:\/\/www.mpc.pr.gov.br\/index.php\/mpc-pr-divulga-relatorio-tecnico-no-02-2026-e-reforca-a-importancia-do-registro-de-desastres-em-sistema-estadual-e-federal-para-o-efetivo-acesso-a-direitos-e-recursos-publicos\/#primaryimage"},"thumbnailUrl":"https:\/\/www.mpc.pr.gov.br\/wp-content\/uploads\/2026\/03\/IMAGEM-SITE-2.jpg","datePublished":"2026-03-04T19:57:48+00:00","dateModified":"2026-03-12T19:28:24+00:00","breadcrumb":{"@id":"https:\/\/www.mpc.pr.gov.br\/index.php\/mpc-pr-divulga-relatorio-tecnico-no-02-2026-e-reforca-a-importancia-do-registro-de-desastres-em-sistema-estadual-e-federal-para-o-efetivo-acesso-a-direitos-e-recursos-publicos\/#breadcrumb"},"inLanguage":"pt-BR","potentialAction":[{"@type":"ReadAction","target":["https:\/\/www.mpc.pr.gov.br\/index.php\/mpc-pr-divulga-relatorio-tecnico-no-02-2026-e-reforca-a-importancia-do-registro-de-desastres-em-sistema-estadual-e-federal-para-o-efetivo-acesso-a-direitos-e-recursos-publicos\/"]}]},{"@type":"ImageObject","inLanguage":"pt-BR","@id":"https:\/\/www.mpc.pr.gov.br\/index.php\/mpc-pr-divulga-relatorio-tecnico-no-02-2026-e-reforca-a-importancia-do-registro-de-desastres-em-sistema-estadual-e-federal-para-o-efetivo-acesso-a-direitos-e-recursos-publicos\/#primaryimage","url":"https:\/\/www.mpc.pr.gov.br\/wp-content\/uploads\/2026\/03\/IMAGEM-SITE-2.jpg","contentUrl":"https:\/\/www.mpc.pr.gov.br\/wp-content\/uploads\/2026\/03\/IMAGEM-SITE-2.jpg","width":560,"height":315},{"@type":"BreadcrumbList","@id":"https:\/\/www.mpc.pr.gov.br\/index.php\/mpc-pr-divulga-relatorio-tecnico-no-02-2026-e-reforca-a-importancia-do-registro-de-desastres-em-sistema-estadual-e-federal-para-o-efetivo-acesso-a-direitos-e-recursos-publicos\/#breadcrumb","itemListElement":[{"@type":"ListItem","position":1,"name":"In\u00edcio","item":"https:\/\/www.mpc.pr.gov.br\/"},{"@type":"ListItem","position":2,"name":"MPC-PR divulga Relat\u00f3rio T\u00e9cnico n\u00ba 02\/2026 e refor\u00e7a a import\u00e2ncia do registro de desastres em sistema estadual e federal para o efetivo acesso a direitos e recursos p\u00fablicos"}]},{"@type":"WebSite","@id":"https:\/\/www.mpc.pr.gov.br\/#website","url":"https:\/\/www.mpc.pr.gov.br\/","name":"Minist\u00e9rio P\u00fablico de Contas do Estado do Paran\u00e1","description":"","publisher":{"@id":"https:\/\/www.mpc.pr.gov.br\/#organization"},"potentialAction":[{"@type":"SearchAction","target":{"@type":"EntryPoint","urlTemplate":"https:\/\/www.mpc.pr.gov.br\/?s={search_term_string}"},"query-input":{"@type":"PropertyValueSpecification","valueRequired":true,"valueName":"search_term_string"}}],"inLanguage":"pt-BR"},{"@type":"Organization","@id":"https:\/\/www.mpc.pr.gov.br\/#organization","name":"Minist\u00e9rio P\u00fablico de Contas do Estado do Paran\u00e1","url":"https:\/\/www.mpc.pr.gov.br\/","logo":{"@type":"ImageObject","inLanguage":"pt-BR","@id":"https:\/\/www.mpc.pr.gov.br\/#\/schema\/logo\/image\/","url":"https:\/\/www.mpc.pr.gov.br\/wp-content\/uploads\/2020\/06\/99423647_1593460364143890_6706793420720963584_n-1-e1591387983167.png","contentUrl":"https:\/\/www.mpc.pr.gov.br\/wp-content\/uploads\/2020\/06\/99423647_1593460364143890_6706793420720963584_n-1-e1591387983167.png","width":243,"height":73,"caption":"Minist\u00e9rio P\u00fablico de Contas do Estado do Paran\u00e1"},"image":{"@id":"https:\/\/www.mpc.pr.gov.br\/#\/schema\/logo\/image\/"},"sameAs":["https:\/\/www.facebook.com\/mpc.pr","https:\/\/www.instagram.com\/mpc.pr\/?hl=pt-br","https:\/\/www.youtube.com\/channel\/UCHri5oEM8DV0ztX57E0sBSw"]},{"@type":"Person","@id":"https:\/\/www.mpc.pr.gov.br\/#\/schema\/person\/2d83cb8980538d0ec174e8a6284f5e11","name":"mpcontaspr","image":{"@type":"ImageObject","inLanguage":"pt-BR","@id":"https:\/\/secure.gravatar.com\/avatar\/1aef51541db7622e05fd639336c9c9f312c2a618396e2b6ca96846362fc5403f?s=96&d=mm&r=g","url":"https:\/\/secure.gravatar.com\/avatar\/1aef51541db7622e05fd639336c9c9f312c2a618396e2b6ca96846362fc5403f?s=96&d=mm&r=g","contentUrl":"https:\/\/secure.gravatar.com\/avatar\/1aef51541db7622e05fd639336c9c9f312c2a618396e2b6ca96846362fc5403f?s=96&d=mm&r=g","caption":"mpcontaspr"},"sameAs":["http:\/\/www.mpc.pr.gov.br"]}]}},"rttpg_featured_image_url":{"full":["https:\/\/www.mpc.pr.gov.br\/wp-content\/uploads\/2026\/03\/IMAGEM-SITE-2.jpg",560,315,false],"landscape":["https:\/\/www.mpc.pr.gov.br\/wp-content\/uploads\/2026\/03\/IMAGEM-SITE-2.jpg",560,315,false],"portraits":["https:\/\/www.mpc.pr.gov.br\/wp-content\/uploads\/2026\/03\/IMAGEM-SITE-2.jpg",560,315,false],"thumbnail":["https:\/\/www.mpc.pr.gov.br\/wp-content\/uploads\/2026\/03\/IMAGEM-SITE-2-150x150.jpg",150,150,true],"medium":["https:\/\/www.mpc.pr.gov.br\/wp-content\/uploads\/2026\/03\/IMAGEM-SITE-2-300x169.jpg",300,169,true],"large":["https:\/\/www.mpc.pr.gov.br\/wp-content\/uploads\/2026\/03\/IMAGEM-SITE-2.jpg",560,315,false],"1536x1536":["https:\/\/www.mpc.pr.gov.br\/wp-content\/uploads\/2026\/03\/IMAGEM-SITE-2.jpg",560,315,false],"2048x2048":["https:\/\/www.mpc.pr.gov.br\/wp-content\/uploads\/2026\/03\/IMAGEM-SITE-2.jpg",560,315,false],"ocean-thumb-m":["https:\/\/www.mpc.pr.gov.br\/wp-content\/uploads\/2026\/03\/IMAGEM-SITE-2.jpg",560,315,false],"ocean-thumb-ml":["https:\/\/www.mpc.pr.gov.br\/wp-content\/uploads\/2026\/03\/IMAGEM-SITE-2.jpg",560,315,false],"ocean-thumb-l":["https:\/\/www.mpc.pr.gov.br\/wp-content\/uploads\/2026\/03\/IMAGEM-SITE-2.jpg",560,315,false]},"rttpg_author":{"display_name":"mpcontaspr","author_link":"https:\/\/www.mpc.pr.gov.br\/index.php\/author\/mpcontaspr\/"},"rttpg_comment":0,"rttpg_category":"<a href=\"https:\/\/www.mpc.pr.gov.br\/index.php\/category\/todas-as-noticias\/\" rel=\"category tag\">Todas as not\u00edcias<\/a>","rttpg_excerpt":"O Minist\u00e9rio P\u00fablico de Contas do Estado do Paran\u00e1 (MPC-PR)\u00a0acaba de lan\u00e7ar o\u00a0Relat\u00f3rio T\u00e9cnico n\u00ba 02\/2026, elaborado no \u00e2mbito do Projeto Especial \u201cEstruturas de Prote\u00e7\u00e3o e Defesa Civil dos Munic\u00edpios\u201d, que analisa o cadastramento de ocorr\u00eancias de desastres no Sistema Integrado de Informa\u00e7\u00f5es sobre Desastres (S2iD) ao longo do exerc\u00edcio de 2025.\u00a0 O relat\u00f3rio d\u00e1&hellip;","_links":{"self":[{"href":"https:\/\/www.mpc.pr.gov.br\/index.php\/wp-json\/wp\/v2\/posts\/25402","targetHints":{"allow":["GET"]}}],"collection":[{"href":"https:\/\/www.mpc.pr.gov.br\/index.php\/wp-json\/wp\/v2\/posts"}],"about":[{"href":"https:\/\/www.mpc.pr.gov.br\/index.php\/wp-json\/wp\/v2\/types\/post"}],"author":[{"embeddable":true,"href":"https:\/\/www.mpc.pr.gov.br\/index.php\/wp-json\/wp\/v2\/users\/1"}],"replies":[{"embeddable":true,"href":"https:\/\/www.mpc.pr.gov.br\/index.php\/wp-json\/wp\/v2\/comments?post=25402"}],"version-history":[{"count":1,"href":"https:\/\/www.mpc.pr.gov.br\/index.php\/wp-json\/wp\/v2\/posts\/25402\/revisions"}],"predecessor-version":[{"id":25404,"href":"https:\/\/www.mpc.pr.gov.br\/index.php\/wp-json\/wp\/v2\/posts\/25402\/revisions\/25404"}],"wp:featuredmedia":[{"embeddable":true,"href":"https:\/\/www.mpc.pr.gov.br\/index.php\/wp-json\/wp\/v2\/media\/25403"}],"wp:attachment":[{"href":"https:\/\/www.mpc.pr.gov.br\/index.php\/wp-json\/wp\/v2\/media?parent=25402"}],"wp:term":[{"taxonomy":"category","embeddable":true,"href":"https:\/\/www.mpc.pr.gov.br\/index.php\/wp-json\/wp\/v2\/categories?post=25402"},{"taxonomy":"post_tag","embeddable":true,"href":"https:\/\/www.mpc.pr.gov.br\/index.php\/wp-json\/wp\/v2\/tags?post=25402"}],"curies":[{"name":"wp","href":"https:\/\/api.w.org\/{rel}","templated":true}]}}