{"id":25419,"date":"2026-03-06T17:24:32","date_gmt":"2026-03-06T20:24:32","guid":{"rendered":"https:\/\/www.mpc.pr.gov.br\/?p=25419"},"modified":"2026-03-13T16:21:30","modified_gmt":"2026-03-13T19:21:30","slug":"mpc-pr-lanca-a-22a-edicao-de-sua-revista-agora-classificada-como-b1-no-qualis-capes","status":"publish","type":"post","link":"https:\/\/www.mpc.pr.gov.br\/index.php\/mpc-pr-lanca-a-22a-edicao-de-sua-revista-agora-classificada-como-b1-no-qualis-capes\/","title":{"rendered":"MPC-PR lan\u00e7a a 22\u00aa edi\u00e7\u00e3o de sua Revista, agora classificada como B1 no Qualis-CAPES"},"content":{"rendered":"<blockquote><p><i><span data-contrast=\"auto\"><img decoding=\"async\" class=\"size-medium wp-image-25420 alignleft\" src=\"https:\/\/www.mpc.pr.gov.br\/wp-content\/uploads\/2026\/03\/imagem-300x157.jpg\" alt=\"\" width=\"300\" height=\"157\" srcset=\"https:\/\/www.mpc.pr.gov.br\/wp-content\/uploads\/2026\/03\/imagem-300x157.jpg 300w, https:\/\/www.mpc.pr.gov.br\/wp-content\/uploads\/2026\/03\/imagem.jpg 429w\" sizes=\"(max-width: 300px) 100vw, 300px\" \/>Edi\u00e7\u00e3o re\u00fane 15 artigos in\u00e9ditos e \u201cEstudos Selecionados\u201d sobre temas atuais e desafios enfrentados por gestores, \u00f3rg\u00e3os de controle e institui\u00e7\u00f5es p\u00fablicas.<\/span><\/i><span data-ccp-props=\"{&quot;134233117&quot;:false,&quot;134233118&quot;:false,&quot;201341983&quot;:0,&quot;335551550&quot;:6,&quot;335551620&quot;:6,&quot;335559738&quot;:0,&quot;335559739&quot;:160,&quot;335559740&quot;:360}\">\u00a0<\/span><\/p><\/blockquote>\n<p><span data-contrast=\"auto\">Nesta sexta-feira (6), o Minist\u00e9rio P\u00fablico de Contas do Paran\u00e1 (MPC-PR) lan\u00e7a a <a href=\"https:\/\/revista.mpc.pr.gov.br\/index.php\/RMPCPR\/issue\/view\/26\/25\">edi\u00e7\u00e3o de n\u00famero 22 (volume 13) da sua Revista institucional.<\/a> O peri\u00f3dico semestral, referente ao per\u00edodo de julho a dezembro de 2025, pode ser acessado\u00a0<\/span><i><span data-contrast=\"auto\">online<\/span><\/i><span data-contrast=\"auto\">\u00a0na plataforma exclusiva da Revista (acesse aqui).\u00a0<\/span><span data-ccp-props=\"{&quot;134233117&quot;:false,&quot;134233118&quot;:false,&quot;201341983&quot;:0,&quot;335551550&quot;:6,&quot;335551620&quot;:6,&quot;335559738&quot;:0,&quot;335559739&quot;:160,&quot;335559740&quot;:360}\">\u00a0<\/span><\/p>\n<p><span data-contrast=\"auto\">A nova edi\u00e7\u00e3o ser\u00e1 lan\u00e7ada em um momento relevante para o peri\u00f3dico, que recentemente alcan\u00e7ou a classifica\u00e7\u00e3o B1 no sistema Qualis Peri\u00f3dicos, da Coordena\u00e7\u00e3o de Aperfei\u00e7oamento de Pessoal de N\u00edvel Superior (CAPES), referente ao quadri\u00eanio 2021\u20132024. A classifica\u00e7\u00e3o reconhece o atendimento a crit\u00e9rios acad\u00eamicos relacionados ao processo editorial, \u00e0 avalia\u00e7\u00e3o por pares e \u00e0 consist\u00eancia cient\u00edfica dos trabalhos publicados.<\/span><span data-ccp-props=\"{&quot;134233117&quot;:false,&quot;134233118&quot;:false,&quot;201341983&quot;:0,&quot;335551550&quot;:6,&quot;335551620&quot;:6,&quot;335559738&quot;:0,&quot;335559739&quot;:160,&quot;335559740&quot;:360}\">\u00a0<\/span><\/p>\n<p><span data-contrast=\"auto\">Assinando a edi\u00e7\u00e3o, a Diretora do MPC-PR, Barbara\u00a0Krysttal\u00a0Motta Almeida Reis, e a Editora-Chefe, Amanda\u00a0Gabriely\u00a0Santos Pereira, destacam que \u201c<\/span><i><span data-contrast=\"auto\">mais do que uma classifica\u00e7\u00e3o, esse reconhecimento reafirma o compromisso permanente da Revista com a qualidade cient\u00edfica, a seriedade do processo editorial e a promo\u00e7\u00e3o do debate t\u00e9cnico qualificado nas \u00e1reas relacionadas ao controle da Administra\u00e7\u00e3o P\u00fablica, \u00e0 gest\u00e3o e \u00e0s pol\u00edticas p\u00fablicas<\/span><\/i><span data-contrast=\"auto\">.\u201d<\/span><span data-ccp-props=\"{&quot;134233117&quot;:false,&quot;134233118&quot;:false,&quot;201341983&quot;:0,&quot;335551550&quot;:6,&quot;335551620&quot;:6,&quot;335559738&quot;:0,&quot;335559739&quot;:160,&quot;335559740&quot;:360}\">\u00a0<\/span><\/p>\n<h4><b><span data-contrast=\"auto\">Edi\u00e7\u00e3o re\u00fane 15 artigos in\u00e9ditos sobre temas centrais da gest\u00e3o p\u00fablica<\/span><\/b><span data-ccp-props=\"{&quot;134233117&quot;:false,&quot;134233118&quot;:false,&quot;201341983&quot;:0,&quot;335551550&quot;:6,&quot;335551620&quot;:6,&quot;335559738&quot;:0,&quot;335559739&quot;:160,&quot;335559740&quot;:360}\">\u00a0<\/span><\/h4>\n<p><span data-contrast=\"auto\">A\u00a0apresenta 15 artigos in\u00e9ditos, de autoria de pesquisadores de diversas regi\u00f5es do Brasil. Sob uma perspectiva multidisciplinar, que para al\u00e9m do Direito explora quest\u00f5es relacionadas ao campo Econ\u00f4mico, Social, Cont\u00e1bil, Filos\u00f3fico, Administrativo e Pol\u00edtico, o peri\u00f3dico aborda temas atuais e desafios enfrentados por gestores, \u00f3rg\u00e3os de controle e institui\u00e7\u00f5es p\u00fablicas.<\/span><span data-ccp-props=\"{&quot;134233117&quot;:false,&quot;134233118&quot;:false,&quot;201341983&quot;:0,&quot;335551550&quot;:6,&quot;335551620&quot;:6,&quot;335559738&quot;:0,&quot;335559739&quot;:160,&quot;335559740&quot;:360}\">\u00a0<\/span><\/p>\n<p><span data-contrast=\"auto\">Entre os assuntos contemplados est\u00e3o an\u00e1lises relacionadas ao controle p\u00fablico, governan\u00e7a, pol\u00edticas p\u00fablicas, contratos administrativos, finan\u00e7as p\u00fablicas, sustentabilidade, prote\u00e7\u00e3o de direitos fundamentais e desafios enfrentados pelo setor p\u00fablico diante de transforma\u00e7\u00f5es normativas, econ\u00f4micas e sociais.<\/span><span data-ccp-props=\"{&quot;134233117&quot;:false,&quot;134233118&quot;:false,&quot;201341983&quot;:0,&quot;335551550&quot;:6,&quot;335551620&quot;:6,&quot;335559738&quot;:0,&quot;335559739&quot;:160,&quot;335559740&quot;:360}\">\u00a0<\/span><\/p>\n<p><span data-contrast=\"auto\">A edi\u00e7\u00e3o conta ainda com uma se\u00e7\u00e3o de \u201cEstudos Selecionados\u201d que apresenta duas pesquisas relevantes para a Administra\u00e7\u00e3o P\u00fablica e o Controle Externo.<\/span><span data-ccp-props=\"{&quot;134233117&quot;:false,&quot;134233118&quot;:false,&quot;201341983&quot;:0,&quot;335551550&quot;:6,&quot;335551620&quot;:6,&quot;335559738&quot;:0,&quot;335559739&quot;:160,&quot;335559740&quot;:360}\">\u00a0<\/span><\/p>\n<p><span data-contrast=\"auto\">A primeira, prop\u00f5e uma reconfigura\u00e7\u00e3o te\u00f3rica do controle p\u00fablico brasileiro, ao questionar a perman\u00eancia do paradigma da desconfian\u00e7a e do punitivismo institucional e sugerir a consolida\u00e7\u00e3o de um microssistema jur\u00eddico de preserva\u00e7\u00e3o contratual, estruturado nos princ\u00edpios da proporcionalidade, da an\u00e1lise consequencialista e da defer\u00eancia administrativa como virtude institucional, a partir de uma releitura da atua\u00e7\u00e3o das Cortes de Contas e do Minist\u00e9rio P\u00fablico de Contas.<\/span><span data-ccp-props=\"{&quot;134233117&quot;:false,&quot;134233118&quot;:false,&quot;201341983&quot;:0,&quot;335551550&quot;:6,&quot;335551620&quot;:6,&quot;335559738&quot;:0,&quot;335559739&quot;:160,&quot;335559740&quot;:360}\">\u00a0<\/span><\/p>\n<p><span data-contrast=\"auto\">J\u00e1 o segundo estudo foi elaborado por servidores do MPC-PR e do Tribunal de Contas do Paran\u00e1 (TCE-PR), em colabora\u00e7\u00e3o com pesquisadores externos, cujo conte\u00fado oferece an\u00e1lise emp\u00edrica e cr\u00edtica sobre a capacidade institucional dos munic\u00edpios paranaenses frente aos riscos e desastres naturais.<\/span><span data-ccp-props=\"{&quot;134233117&quot;:false,&quot;134233118&quot;:false,&quot;201341983&quot;:0,&quot;335551550&quot;:6,&quot;335551620&quot;:6,&quot;335559738&quot;:0,&quot;335559739&quot;:160,&quot;335559740&quot;:360}\">\u00a0<\/span><\/p>\n<p><span data-contrast=\"auto\">\u202fConfira a lista completa dos artigos que integram essa edi\u00e7\u00e3o:<\/span><span data-ccp-props=\"{&quot;134233117&quot;:false,&quot;134233118&quot;:false,&quot;201341983&quot;:0,&quot;335551550&quot;:6,&quot;335551620&quot;:6,&quot;335559738&quot;:0,&quot;335559739&quot;:160,&quot;335559740&quot;:360}\">\u00a0<\/span><\/p>\n<h4><b><span data-contrast=\"auto\">Artigos Cient\u00edficos:<\/span><\/b><span data-ccp-props=\"{&quot;134233117&quot;:false,&quot;134233118&quot;:false,&quot;201341983&quot;:0,&quot;335551550&quot;:6,&quot;335551620&quot;:6,&quot;335559738&quot;:0,&quot;335559739&quot;:160,&quot;335559740&quot;:360}\">\u00a0<\/span><\/h4>\n<ul>\n<li aria-setsize=\"-1\" data-leveltext=\"\uf0b7\" data-font=\"Symbol\" data-listid=\"1\" data-list-defn-props=\"{&quot;335552541&quot;:1,&quot;335559685&quot;:720,&quot;335559991&quot;:360,&quot;469769226&quot;:&quot;Symbol&quot;,&quot;469769242&quot;:[8226],&quot;469777803&quot;:&quot;left&quot;,&quot;469777804&quot;:&quot;\uf0b7&quot;,&quot;469777815&quot;:&quot;hybridMultilevel&quot;}\" data-aria-posinset=\"1\" data-aria-level=\"1\"><i><span data-contrast=\"auto\">\u201cOs efeitos negativos do jus\u00a0postulandi\u00a0na justi\u00e7a do trabalho\u201d\u00a0<\/span><\/i><b><i><span data-contrast=\"auto\">\u2013<\/span><\/i><\/b><i><span data-contrast=\"auto\">\u00a0<\/span><\/i><b><i><span data-contrast=\"auto\">Ana Paula Santos Faria;<\/span><\/i><\/b><i><span data-contrast=\"auto\">\u00a0<\/span><\/i><span data-ccp-props=\"{&quot;134233117&quot;:false,&quot;134233118&quot;:false,&quot;201341983&quot;:0,&quot;335551550&quot;:6,&quot;335551620&quot;:6,&quot;335559738&quot;:0,&quot;335559739&quot;:0,&quot;335559740&quot;:360}\">\u00a0<\/span><\/li>\n<\/ul>\n<ul>\n<li aria-setsize=\"-1\" data-leveltext=\"\uf0b7\" data-font=\"Symbol\" data-listid=\"1\" data-list-defn-props=\"{&quot;335552541&quot;:1,&quot;335559685&quot;:720,&quot;335559991&quot;:360,&quot;469769226&quot;:&quot;Symbol&quot;,&quot;469769242&quot;:[8226],&quot;469777803&quot;:&quot;left&quot;,&quot;469777804&quot;:&quot;\uf0b7&quot;,&quot;469777815&quot;:&quot;hybridMultilevel&quot;}\" data-aria-posinset=\"2\" data-aria-level=\"1\"><i><span data-contrast=\"auto\">\u201cA concretiza\u00e7\u00e3o dos Princ\u00edpios de\u00a0Ruggie\u00a0no Brasil: o papel da Lei de Recupera\u00e7\u00e3o Judicial e Fal\u00eancias como instrumento de prote\u00e7\u00e3o humana e econ\u00f4mica\u201d\u00a0<\/span><\/i><b><i><span data-contrast=\"auto\">\u2013 Alexandre Nasser de Melo e Caio Henrique de Mello Goto<\/span><\/i><\/b><i><span data-contrast=\"auto\">;<\/span><\/i><span data-ccp-props=\"{&quot;134233117&quot;:false,&quot;134233118&quot;:false,&quot;201341983&quot;:0,&quot;335551550&quot;:6,&quot;335551620&quot;:6,&quot;335559738&quot;:0,&quot;335559739&quot;:0,&quot;335559740&quot;:360}\">\u00a0<\/span><\/li>\n<\/ul>\n<ul>\n<li aria-setsize=\"-1\" data-leveltext=\"\uf0b7\" data-font=\"Symbol\" data-listid=\"1\" data-list-defn-props=\"{&quot;335552541&quot;:1,&quot;335559685&quot;:720,&quot;335559991&quot;:360,&quot;469769226&quot;:&quot;Symbol&quot;,&quot;469769242&quot;:[8226],&quot;469777803&quot;:&quot;left&quot;,&quot;469777804&quot;:&quot;\uf0b7&quot;,&quot;469777815&quot;:&quot;hybridMultilevel&quot;}\" data-aria-posinset=\"3\" data-aria-level=\"1\"><i><span data-contrast=\"auto\">\u201cA teoria da imprevis\u00e3o nos contratos p\u00fablicos de longo prazo como incentivo \u00e0 negocia\u00e7\u00e3o\u201d \u2013\u00a0<\/span><\/i><b><i><span data-contrast=\"auto\">Lu\u00eds Augusto\u00a0Salami\u00a0Lacerda<\/span><\/i><\/b><i><span data-contrast=\"auto\">;<\/span><\/i><span data-ccp-props=\"{&quot;134233117&quot;:false,&quot;134233118&quot;:false,&quot;201341983&quot;:0,&quot;335551550&quot;:6,&quot;335551620&quot;:6,&quot;335559738&quot;:0,&quot;335559739&quot;:0,&quot;335559740&quot;:360}\">\u00a0<\/span><\/li>\n<\/ul>\n<ul>\n<li aria-setsize=\"-1\" data-leveltext=\"\uf0b7\" data-font=\"Symbol\" data-listid=\"1\" data-list-defn-props=\"{&quot;335552541&quot;:1,&quot;335559685&quot;:720,&quot;335559991&quot;:360,&quot;469769226&quot;:&quot;Symbol&quot;,&quot;469769242&quot;:[8226],&quot;469777803&quot;:&quot;left&quot;,&quot;469777804&quot;:&quot;\uf0b7&quot;,&quot;469777815&quot;:&quot;hybridMultilevel&quot;}\" data-aria-posinset=\"4\" data-aria-level=\"1\"><i><span data-contrast=\"auto\">\u201cProtagonista ou alvo? O parecer jur\u00eddico e os limites da responsabiliza\u00e7\u00e3o na Nova Lei de Licita\u00e7\u00f5es\u201d \u2013\u00a0<\/span><\/i><b><i><span data-contrast=\"auto\">Carlos Corn\u00e9lio\u00a0Olivi<\/span><\/i><\/b><i><span data-contrast=\"auto\">;<\/span><\/i><span data-ccp-props=\"{&quot;134233117&quot;:false,&quot;134233118&quot;:false,&quot;201341983&quot;:0,&quot;335551550&quot;:6,&quot;335551620&quot;:6,&quot;335559738&quot;:0,&quot;335559739&quot;:0,&quot;335559740&quot;:360}\">\u00a0<\/span><\/li>\n<\/ul>\n<ul>\n<li aria-setsize=\"-1\" data-leveltext=\"\uf0b7\" data-font=\"Symbol\" data-listid=\"1\" data-list-defn-props=\"{&quot;335552541&quot;:1,&quot;335559685&quot;:720,&quot;335559991&quot;:360,&quot;469769226&quot;:&quot;Symbol&quot;,&quot;469769242&quot;:[8226],&quot;469777803&quot;:&quot;left&quot;,&quot;469777804&quot;:&quot;\uf0b7&quot;,&quot;469777815&quot;:&quot;hybridMultilevel&quot;}\" data-aria-posinset=\"5\" data-aria-level=\"1\"><i><span data-contrast=\"auto\">\u201cAdoecimento ps\u00edquico e constitucionalismo social: a s\u00edndrome de burnout como indicador da crise institucional\u201d \u2013\u00a0<\/span><\/i><b><i><span data-contrast=\"auto\">Denise Rodrigues Martins Forti e Ana J\u00falia Martins Lima<\/span><\/i><\/b><i><span data-contrast=\"auto\">;<\/span><\/i><span data-ccp-props=\"{&quot;134233117&quot;:false,&quot;134233118&quot;:false,&quot;201341983&quot;:0,&quot;335551550&quot;:6,&quot;335551620&quot;:6,&quot;335559738&quot;:0,&quot;335559739&quot;:0,&quot;335559740&quot;:360}\">\u00a0<\/span><\/li>\n<\/ul>\n<ul>\n<li aria-setsize=\"-1\" data-leveltext=\"\uf0b7\" data-font=\"Symbol\" data-listid=\"1\" data-list-defn-props=\"{&quot;335552541&quot;:1,&quot;335559685&quot;:720,&quot;335559991&quot;:360,&quot;469769226&quot;:&quot;Symbol&quot;,&quot;469769242&quot;:[8226],&quot;469777803&quot;:&quot;left&quot;,&quot;469777804&quot;:&quot;\uf0b7&quot;,&quot;469777815&quot;:&quot;hybridMultilevel&quot;}\" data-aria-posinset=\"6\" data-aria-level=\"1\"><i><span data-contrast=\"auto\">\u201cA an\u00e1lise econ\u00f4mica do Direito como metodologia da pesquisa em Direito Financeiro e Or\u00e7ament\u00e1rio\u201d \u2013\u00a0<\/span><\/i><b><i><span data-contrast=\"auto\">Deiver\u00a0Neves Ferreira Barbosa<\/span><\/i><\/b><i><span data-contrast=\"auto\">;<\/span><\/i><span data-ccp-props=\"{&quot;134233117&quot;:false,&quot;134233118&quot;:false,&quot;201341983&quot;:0,&quot;335551550&quot;:6,&quot;335551620&quot;:6,&quot;335559738&quot;:0,&quot;335559739&quot;:0,&quot;335559740&quot;:360}\">\u00a0<\/span><\/li>\n<\/ul>\n<ul>\n<li aria-setsize=\"-1\" data-leveltext=\"\uf0b7\" data-font=\"Symbol\" data-listid=\"1\" data-list-defn-props=\"{&quot;335552541&quot;:1,&quot;335559685&quot;:720,&quot;335559991&quot;:360,&quot;469769226&quot;:&quot;Symbol&quot;,&quot;469769242&quot;:[8226],&quot;469777803&quot;:&quot;left&quot;,&quot;469777804&quot;:&quot;\uf0b7&quot;,&quot;469777815&quot;:&quot;hybridMultilevel&quot;}\" data-aria-posinset=\"7\" data-aria-level=\"1\"><i><span data-contrast=\"auto\">\u201cDa legalidade \u00e0 efetividade: a consensualidade e o IEG-M como instrumentos de aprimoramento do controle p\u00fablico exercido pelos Tribunais de Contas\u201d \u2013\u00a0<\/span><\/i><b><i><span data-contrast=\"auto\">Johnny Edson Souza Vieira de Jesus<\/span><\/i><\/b><i><span data-contrast=\"auto\">;<\/span><\/i><span data-ccp-props=\"{&quot;134233117&quot;:false,&quot;134233118&quot;:false,&quot;201341983&quot;:0,&quot;335551550&quot;:6,&quot;335551620&quot;:6,&quot;335559738&quot;:0,&quot;335559739&quot;:0,&quot;335559740&quot;:360}\">\u00a0<\/span><\/li>\n<\/ul>\n<ul>\n<li aria-setsize=\"-1\" data-leveltext=\"\uf0b7\" data-font=\"Symbol\" data-listid=\"1\" data-list-defn-props=\"{&quot;335552541&quot;:1,&quot;335559685&quot;:720,&quot;335559991&quot;:360,&quot;469769226&quot;:&quot;Symbol&quot;,&quot;469769242&quot;:[8226],&quot;469777803&quot;:&quot;left&quot;,&quot;469777804&quot;:&quot;\uf0b7&quot;,&quot;469777815&quot;:&quot;hybridMultilevel&quot;}\" data-aria-posinset=\"8\" data-aria-level=\"1\"><i><span data-contrast=\"auto\">\u201cAs emendas parlamentares e a sustentabilidade das finan\u00e7as p\u00fablicas no Brasil: entre a constitui\u00e7\u00e3o econ\u00f4mica e a constitui\u00e7\u00e3o financeira\u201d \u2013\u00a0<\/span><\/i><b><i><span data-contrast=\"auto\">Denival\u00a0Dias de Souza<\/span><\/i><\/b><i><span data-contrast=\"auto\">;<\/span><\/i><span data-ccp-props=\"{&quot;134233117&quot;:false,&quot;134233118&quot;:false,&quot;201341983&quot;:0,&quot;335551550&quot;:6,&quot;335551620&quot;:6,&quot;335559738&quot;:0,&quot;335559739&quot;:0,&quot;335559740&quot;:360}\">\u00a0<\/span><\/li>\n<\/ul>\n<ul>\n<li aria-setsize=\"-1\" data-leveltext=\"\uf0b7\" data-font=\"Symbol\" data-listid=\"1\" data-list-defn-props=\"{&quot;335552541&quot;:1,&quot;335559685&quot;:720,&quot;335559991&quot;:360,&quot;469769226&quot;:&quot;Symbol&quot;,&quot;469769242&quot;:[8226],&quot;469777803&quot;:&quot;left&quot;,&quot;469777804&quot;:&quot;\uf0b7&quot;,&quot;469777815&quot;:&quot;hybridMultilevel&quot;}\" data-aria-posinset=\"9\" data-aria-level=\"1\"><i><span data-contrast=\"auto\">\u201cDo lix\u00e3o ao aterro sanit\u00e1rio: desafios e avan\u00e7os na gest\u00e3o de res\u00edduos s\u00f3lidos no brasil \u2013 o caso de Pernambuco como exemplo de sucesso\u201d \u2013\u00a0<\/span><\/i><b><i><span data-contrast=\"auto\">Erivaldo Pereira de Paula<\/span><\/i><\/b><i><span data-contrast=\"auto\">;<\/span><\/i><span data-ccp-props=\"{&quot;134233117&quot;:false,&quot;134233118&quot;:false,&quot;201341983&quot;:0,&quot;335551550&quot;:6,&quot;335551620&quot;:6,&quot;335559738&quot;:0,&quot;335559739&quot;:0,&quot;335559740&quot;:360}\">\u00a0<\/span><\/li>\n<\/ul>\n<ul>\n<li aria-setsize=\"-1\" data-leveltext=\"\uf0b7\" data-font=\"Symbol\" data-listid=\"1\" data-list-defn-props=\"{&quot;335552541&quot;:1,&quot;335559685&quot;:720,&quot;335559991&quot;:360,&quot;469769226&quot;:&quot;Symbol&quot;,&quot;469769242&quot;:[8226],&quot;469777803&quot;:&quot;left&quot;,&quot;469777804&quot;:&quot;\uf0b7&quot;,&quot;469777815&quot;:&quot;hybridMultilevel&quot;}\" data-aria-posinset=\"10\" data-aria-level=\"1\"><i><span data-contrast=\"auto\">\u201cEstudo t\u00e9cnico preliminar na NLLC: an\u00e1lise dos regulamentos nos \u00e2mbitos Federal, Estadual e Municipal\u201d \u2013\u00a0<\/span><\/i><b><i><span data-contrast=\"auto\">Jaqueline Martinez de Oliva<\/span><\/i><\/b><i><span data-contrast=\"auto\">;<\/span><\/i><span data-ccp-props=\"{&quot;134233117&quot;:false,&quot;134233118&quot;:false,&quot;201341983&quot;:0,&quot;335551550&quot;:6,&quot;335551620&quot;:6,&quot;335559738&quot;:0,&quot;335559739&quot;:0,&quot;335559740&quot;:360}\">\u00a0<\/span><\/li>\n<\/ul>\n<ul>\n<li aria-setsize=\"-1\" data-leveltext=\"\uf0b7\" data-font=\"Symbol\" data-listid=\"1\" data-list-defn-props=\"{&quot;335552541&quot;:1,&quot;335559685&quot;:720,&quot;335559991&quot;:360,&quot;469769226&quot;:&quot;Symbol&quot;,&quot;469769242&quot;:[8226],&quot;469777803&quot;:&quot;left&quot;,&quot;469777804&quot;:&quot;\uf0b7&quot;,&quot;469777815&quot;:&quot;hybridMultilevel&quot;}\" data-aria-posinset=\"11\" data-aria-level=\"1\"><i><span data-contrast=\"auto\">\u201cA racionalidade neoliberal e prote\u00e7\u00e3o da inf\u00e2ncia\u201d \u2013\u00a0<\/span><\/i><b><i><span data-contrast=\"auto\">Arom\u00a0Ol\u00edmpio Pereira e Cassio Leite de Barros Netto<\/span><\/i><\/b><i><span data-contrast=\"auto\">;\u00a0<\/span><\/i><span data-ccp-props=\"{&quot;134233117&quot;:false,&quot;134233118&quot;:false,&quot;201341983&quot;:0,&quot;335551550&quot;:6,&quot;335551620&quot;:6,&quot;335559738&quot;:0,&quot;335559739&quot;:0,&quot;335559740&quot;:360}\">\u00a0<\/span><\/li>\n<\/ul>\n<ul>\n<li aria-setsize=\"-1\" data-leveltext=\"\uf0b7\" data-font=\"Symbol\" data-listid=\"1\" data-list-defn-props=\"{&quot;335552541&quot;:1,&quot;335559685&quot;:720,&quot;335559991&quot;:360,&quot;469769226&quot;:&quot;Symbol&quot;,&quot;469769242&quot;:[8226],&quot;469777803&quot;:&quot;left&quot;,&quot;469777804&quot;:&quot;\uf0b7&quot;,&quot;469777815&quot;:&quot;hybridMultilevel&quot;}\" data-aria-posinset=\"12\" data-aria-level=\"1\"><i><span data-contrast=\"auto\">\u201cO pacto global para uma migra\u00e7\u00e3o segura, ordenada e regular e a litig\u00e2ncia estrutural da defensoria p\u00fablica: um estudo de caso da a\u00e7\u00e3o civil p\u00fablica ajuizada em Campo Grande (MS)\u201d \u2013\u00a0<\/span><\/i><b><i><span data-contrast=\"auto\">Ana Paula Martins Amaral e Mateus Augusto\u00a0Sutana\u00a0e Silva<\/span><\/i><\/b><i><span data-contrast=\"auto\">;<\/span><\/i><span data-ccp-props=\"{&quot;134233117&quot;:false,&quot;134233118&quot;:false,&quot;201341983&quot;:0,&quot;335551550&quot;:6,&quot;335551620&quot;:6,&quot;335559738&quot;:0,&quot;335559739&quot;:0,&quot;335559740&quot;:360}\">\u00a0<\/span><\/li>\n<\/ul>\n<ul>\n<li aria-setsize=\"-1\" data-leveltext=\"\uf0b7\" data-font=\"Symbol\" data-listid=\"1\" data-list-defn-props=\"{&quot;335552541&quot;:1,&quot;335559685&quot;:720,&quot;335559991&quot;:360,&quot;469769226&quot;:&quot;Symbol&quot;,&quot;469769242&quot;:[8226],&quot;469777803&quot;:&quot;left&quot;,&quot;469777804&quot;:&quot;\uf0b7&quot;,&quot;469777815&quot;:&quot;hybridMultilevel&quot;}\" data-aria-posinset=\"13\" data-aria-level=\"1\"><i><span data-contrast=\"auto\">\u201cO artigo 155, inciso x, da Lei 14.133\/2021 como norma de abertura sistem\u00e1tica: \u201ccomportar-se de modo inid\u00f4neo\u201d e \u201cfraude de qualquer natureza\u201d sob a perspectiva da interpreta\u00e7\u00e3o conforme \u00e0 constitui\u00e7\u00e3o\u201d \u2013\u00a0<\/span><\/i><b><i><span data-contrast=\"auto\">Carlos Ogawa\u00a0Colontonio<\/span><\/i><\/b><i><span data-contrast=\"auto\">;<\/span><\/i><span data-ccp-props=\"{&quot;134233117&quot;:false,&quot;134233118&quot;:false,&quot;201341983&quot;:0,&quot;335551550&quot;:6,&quot;335551620&quot;:6,&quot;335559738&quot;:0,&quot;335559739&quot;:0,&quot;335559740&quot;:360}\">\u00a0<\/span><\/li>\n<\/ul>\n<ul>\n<li aria-setsize=\"-1\" data-leveltext=\"\uf0b7\" data-font=\"Symbol\" data-listid=\"1\" data-list-defn-props=\"{&quot;335552541&quot;:1,&quot;335559685&quot;:720,&quot;335559991&quot;:360,&quot;469769226&quot;:&quot;Symbol&quot;,&quot;469769242&quot;:[8226],&quot;469777803&quot;:&quot;left&quot;,&quot;469777804&quot;:&quot;\uf0b7&quot;,&quot;469777815&quot;:&quot;hybridMultilevel&quot;}\" data-aria-posinset=\"14\" data-aria-level=\"1\"><i><span data-contrast=\"auto\">\u201cA incompatibilidade da nomea\u00e7\u00e3o de pessoas com direitos pol\u00edticos suspensos, em raz\u00e3o de condena\u00e7\u00e3o por ato de improbidade administrativa, para ocuparem cargos de provimento em comiss\u00e3o ou exercerem fun\u00e7\u00f5es de agentes pol\u00edticos: an\u00e1lise \u00e0 luz da lei da Ficha Limpa e do Tema 1190 do STF\u201d \u2013\u00a0<\/span><\/i><b><i><span data-contrast=\"auto\">Gabriel Guy L\u00e9ger e Isabel Moreira\u00a0Kl\u00fcck<\/span><\/i><\/b><i><span data-contrast=\"auto\">;<\/span><\/i><span data-ccp-props=\"{&quot;134233117&quot;:false,&quot;134233118&quot;:false,&quot;201341983&quot;:0,&quot;335551550&quot;:6,&quot;335551620&quot;:6,&quot;335559738&quot;:0,&quot;335559739&quot;:0,&quot;335559740&quot;:360}\">\u00a0<\/span><\/li>\n<\/ul>\n<ul>\n<li aria-setsize=\"-1\" data-leveltext=\"\uf0b7\" data-font=\"Symbol\" data-listid=\"1\" data-list-defn-props=\"{&quot;335552541&quot;:1,&quot;335559685&quot;:720,&quot;335559991&quot;:360,&quot;469769226&quot;:&quot;Symbol&quot;,&quot;469769242&quot;:[8226],&quot;469777803&quot;:&quot;left&quot;,&quot;469777804&quot;:&quot;\uf0b7&quot;,&quot;469777815&quot;:&quot;hybridMultilevel&quot;}\" data-aria-posinset=\"15\" data-aria-level=\"1\"><i><span data-contrast=\"auto\">\u201cA judicializa\u00e7\u00e3o do fornecimento de medicamentos no Brasil: tens\u00f5es entre equidade e sustentabilidade no SUS\u201d \u2013\u00a0<\/span><\/i><b><i><span data-contrast=\"auto\">Suelen Bianca de Oliveira Sales e Aline Ramalho Moreira<\/span><\/i><\/b><i><span data-contrast=\"auto\">.<\/span><\/i><span data-ccp-props=\"{&quot;134233117&quot;:false,&quot;134233118&quot;:false,&quot;201341983&quot;:0,&quot;335551550&quot;:6,&quot;335551620&quot;:6,&quot;335559738&quot;:0,&quot;335559739&quot;:0,&quot;335559740&quot;:360}\">\u00a0<\/span><\/li>\n<\/ul>\n<h4><b><span data-contrast=\"auto\">Estudos Selecionados\u00a0<\/span><\/b><span data-ccp-props=\"{&quot;134233117&quot;:false,&quot;134233118&quot;:false,&quot;201341983&quot;:0,&quot;335559738&quot;:0,&quot;335559739&quot;:160,&quot;335559740&quot;:360}\">\u00a0<\/span><\/h4>\n<ul>\n<li aria-setsize=\"-1\" data-leveltext=\"\uf0b7\" data-font=\"Symbol\" data-listid=\"2\" data-list-defn-props=\"{&quot;335552541&quot;:1,&quot;335559685&quot;:720,&quot;335559991&quot;:360,&quot;469769226&quot;:&quot;Symbol&quot;,&quot;469769242&quot;:[8226],&quot;469777803&quot;:&quot;left&quot;,&quot;469777804&quot;:&quot;\uf0b7&quot;,&quot;469777815&quot;:&quot;hybridMultilevel&quot;}\" data-aria-posinset=\"1\" data-aria-level=\"1\"><i><span data-contrast=\"auto\">\u201cDefer\u00eancia, confian\u00e7a e coautoria institucional: fundamentos para um novo paradigma de controle p\u00fablico\u201d \u2013\u00a0<\/span><\/i><b><i><span data-contrast=\"auto\">Lourdes Isabelle Andrade Tavares e Sheyla Barreto Braga de Queiroz<\/span><\/i><\/b><i><span data-contrast=\"auto\">;<\/span><\/i><span data-ccp-props=\"{&quot;134233117&quot;:false,&quot;134233118&quot;:false,&quot;201341983&quot;:0,&quot;335559738&quot;:0,&quot;335559739&quot;:0,&quot;335559740&quot;:360}\">\u00a0<\/span><\/li>\n<\/ul>\n<ul>\n<li aria-setsize=\"-1\" data-leveltext=\"\uf0b7\" data-font=\"Symbol\" data-listid=\"2\" data-list-defn-props=\"{&quot;335552541&quot;:1,&quot;335559685&quot;:720,&quot;335559991&quot;:360,&quot;469769226&quot;:&quot;Symbol&quot;,&quot;469769242&quot;:[8226],&quot;469777803&quot;:&quot;left&quot;,&quot;469777804&quot;:&quot;\uf0b7&quot;,&quot;469777815&quot;:&quot;hybridMultilevel&quot;}\" data-aria-posinset=\"2\" data-aria-level=\"1\"><i><span data-contrast=\"auto\">\u201cAvalia\u00e7\u00e3o cr\u00edtica do Indicador de Capacidade Municipal (ICM) aplicado ao Estado do Paran\u00e1: identifica\u00e7\u00e3o de lacunas em munic\u00edpios priorit\u00e1rios de baixa pontua\u00e7\u00e3o e a rela\u00e7\u00e3o com par\u00e2metros socioecon\u00f4mico\u201d \u2013\u00a0<\/span><\/i><b><i><span data-contrast=\"auto\">Hor\u00e1cio Aaron\u00a0Christhian\u00a0Galdezanni\u00a0Pedroso, Mar\u00edlia Minatel, Mykaella Ribeiro Mello,\u00a0Suiane\u00a0Volpato de Oliveira Zanardi e Viviane da Costa Suckow<\/span><\/i><\/b><i><span data-contrast=\"auto\">.<\/span><\/i><span data-ccp-props=\"{&quot;134233117&quot;:false,&quot;134233118&quot;:false,&quot;201341983&quot;:0,&quot;335559738&quot;:0,&quot;335559739&quot;:0,&quot;335559740&quot;:360}\">\u00a0<\/span><\/li>\n<\/ul>\n<p><span data-contrast=\"auto\">Com o lan\u00e7amento da 22\u00aa edi\u00e7\u00e3o da sua Revista, o MPC-PR reafirma seu compromisso institucional com a produ\u00e7\u00e3o e a difus\u00e3o do conhecimento, o fortalecimento do controle externo e o incentivo ao debate t\u00e9cnico qualificado sobre temas sens\u00edveis \u00e0 Administra\u00e7\u00e3o P\u00fablica contempor\u00e2nea.<\/span><span data-ccp-props=\"{&quot;134233117&quot;:false,&quot;134233118&quot;:false,&quot;201341983&quot;:0,&quot;335551550&quot;:6,&quot;335551620&quot;:6,&quot;335559738&quot;:0,&quot;335559739&quot;:160,&quot;335559740&quot;:360}\">\u00a0<\/span><\/p>\n<p><span data-contrast=\"auto\">Todas as edi\u00e7\u00f5es da Revista est\u00e3o dispon\u00edveis para consulta no site oficial:\u00a0<\/span><a href=\"https:\/\/revista.mpc.pr.gov.br\/\"><span data-contrast=\"none\">https:\/\/revista.mpc.pr.gov.br\/<\/span><\/a><span data-contrast=\"auto\">.<\/span><span data-ccp-props=\"{&quot;134233117&quot;:false,&quot;134233118&quot;:false,&quot;201341983&quot;:0,&quot;335551550&quot;:6,&quot;335551620&quot;:6,&quot;335559738&quot;:0,&quot;335559739&quot;:160,&quot;335559740&quot;:360}\">\u00a0<\/span><\/p>\n<h4><b><span data-contrast=\"auto\">Revista do MPC-PR<\/span><\/b><span data-ccp-props=\"{&quot;134233117&quot;:false,&quot;134233118&quot;:false,&quot;201341983&quot;:0,&quot;335551550&quot;:6,&quot;335551620&quot;:6,&quot;335559738&quot;:0,&quot;335559739&quot;:160,&quot;335559740&quot;:360}\">\u00a0<\/span><\/h4>\n<p><span data-contrast=\"auto\">O atual patamar da Revista \u00e9 resultado de um processo cont\u00ednuo de aprimoramento editorial, intensificado a partir de 2021, com a ado\u00e7\u00e3o obrigat\u00f3ria da avalia\u00e7\u00e3o dupla cega por pares (<\/span><i><span data-contrast=\"auto\">double\u00a0blind\u00a0peer\u00a0review<\/span><\/i><span data-contrast=\"auto\">) e a migra\u00e7\u00e3o para a plataforma\u00a0<\/span><i><span data-contrast=\"auto\">Open\u00a0Journal\u00a0Systems<\/span><\/i><span data-contrast=\"auto\">\u00a0(<\/span><i><span data-contrast=\"auto\">OJS<\/span><\/i><span data-contrast=\"auto\">), que ampliou a transpar\u00eancia do fluxo editorial, a indexa\u00e7\u00e3o em bases cient\u00edficas e a visibilidade dos trabalhos publicados. Em 2023, o peri\u00f3dico havia avan\u00e7ado do estrato C para o B3 e, agora, alcan\u00e7ou o estrato B1.<\/span><span data-ccp-props=\"{&quot;134233117&quot;:false,&quot;134233118&quot;:false,&quot;201341983&quot;:0,&quot;335551550&quot;:6,&quot;335551620&quot;:6,&quot;335559738&quot;:0,&quot;335559739&quot;:160,&quot;335559740&quot;:360}\">\u00a0<\/span><\/p>\n<p><span data-contrast=\"auto\">Atualmente, a Revista do MPC<\/span><span data-contrast=\"auto\">\u2011<\/span><span data-contrast=\"auto\">PR conta com um Conselho de Avaliadores composto por mais de 150 pesquisadores mestres e doutores, de diferentes regi\u00f5es do pa\u00eds, que contribuem para a manuten\u00e7\u00e3o dos padr\u00f5es cient\u00edficos do peri\u00f3dico.<\/span><span data-ccp-props=\"{&quot;134233117&quot;:false,&quot;134233118&quot;:false,&quot;201341983&quot;:0,&quot;335551550&quot;:6,&quot;335551620&quot;:6,&quot;335559738&quot;:0,&quot;335559739&quot;:160,&quot;335559740&quot;:360}\">\u00a0<\/span><\/p>\n","protected":false},"excerpt":{"rendered":"<p>Edi\u00e7\u00e3o re\u00fane 15 artigos in\u00e9ditos e \u201cEstudos Selecionados\u201d sobre temas atuais e desafios enfrentados por gestores, \u00f3rg\u00e3os de controle e institui\u00e7\u00f5es p\u00fablicas.\u00a0 Nesta sexta-feira (6), o Minist\u00e9rio P\u00fablico de Contas do Paran\u00e1 (MPC-PR) lan\u00e7a a edi\u00e7\u00e3o de n\u00famero 22 (volume 13) da sua Revista institucional. O peri\u00f3dico semestral, referente ao per\u00edodo de julho a dezembro [&hellip;]<\/p>\n","protected":false},"author":1,"featured_media":25420,"comment_status":"open","ping_status":"open","sticky":false,"template":"","format":"standard","meta":{"_monsterinsights_skip_tracking":false,"_monsterinsights_sitenote_active":false,"_monsterinsights_sitenote_note":"","_monsterinsights_sitenote_category":0,"footnotes":""},"categories":[7],"tags":[55,903,902,13,901],"class_list":["post-25419","post","type-post","status-publish","format-standard","has-post-thumbnail","hentry","category-todas-as-noticias","tag-artigos","tag-estrato-b1","tag-estudos-selecionados","tag-mpc-pr","tag-revista-do-mpc-pr","entry","has-media"],"yoast_head":"<!-- This site is optimized with the Yoast SEO plugin v27.3 - https:\/\/yoast.com\/product\/yoast-seo-wordpress\/ -->\n<title>MPC-PR lan\u00e7a a 22\u00aa edi\u00e7\u00e3o de sua Revista, agora classificada como B1 no Qualis-CAPES - Minist\u00e9rio P\u00fablico de Contas do Estado do Paran\u00e1<\/title>\n<meta name=\"robots\" content=\"index, follow, max-snippet:-1, max-image-preview:large, max-video-preview:-1\" \/>\n<link rel=\"canonical\" href=\"https:\/\/www.mpc.pr.gov.br\/index.php\/mpc-pr-lanca-a-22a-edicao-de-sua-revista-agora-classificada-como-b1-no-qualis-capes\/\" \/>\n<meta property=\"og:locale\" content=\"pt_BR\" \/>\n<meta property=\"og:type\" content=\"article\" \/>\n<meta property=\"og:title\" content=\"MPC-PR lan\u00e7a a 22\u00aa edi\u00e7\u00e3o de sua Revista, agora classificada como B1 no Qualis-CAPES - Minist\u00e9rio P\u00fablico de Contas do Estado do Paran\u00e1\" \/>\n<meta property=\"og:description\" content=\"Edi\u00e7\u00e3o re\u00fane 15 artigos in\u00e9ditos e \u201cEstudos Selecionados\u201d sobre temas atuais e desafios enfrentados por gestores, \u00f3rg\u00e3os de controle e institui\u00e7\u00f5es p\u00fablicas.\u00a0 Nesta sexta-feira (6), o Minist\u00e9rio P\u00fablico de Contas do Paran\u00e1 (MPC-PR) lan\u00e7a a edi\u00e7\u00e3o de n\u00famero 22 (volume 13) da sua Revista institucional. O peri\u00f3dico semestral, referente ao per\u00edodo de julho a dezembro [&hellip;]\" \/>\n<meta property=\"og:url\" content=\"https:\/\/www.mpc.pr.gov.br\/index.php\/mpc-pr-lanca-a-22a-edicao-de-sua-revista-agora-classificada-como-b1-no-qualis-capes\/\" \/>\n<meta property=\"og:site_name\" content=\"Minist\u00e9rio P\u00fablico de Contas do Estado do Paran\u00e1\" \/>\n<meta property=\"article:publisher\" content=\"https:\/\/www.facebook.com\/mpc.pr\" \/>\n<meta property=\"article:published_time\" content=\"2026-03-06T20:24:32+00:00\" \/>\n<meta property=\"article:modified_time\" content=\"2026-03-13T19:21:30+00:00\" \/>\n<meta property=\"og:image\" content=\"https:\/\/www.mpc.pr.gov.br\/wp-content\/uploads\/2026\/03\/imagem.jpg\" \/>\n\t<meta property=\"og:image:width\" content=\"429\" \/>\n\t<meta property=\"og:image:height\" content=\"224\" \/>\n\t<meta property=\"og:image:type\" content=\"image\/jpeg\" \/>\n<meta name=\"author\" content=\"mpcontaspr\" \/>\n<meta name=\"twitter:card\" content=\"summary_large_image\" \/>\n<meta name=\"twitter:label1\" content=\"Escrito por\" \/>\n\t<meta name=\"twitter:data1\" content=\"mpcontaspr\" \/>\n\t<meta name=\"twitter:label2\" content=\"Est. tempo de leitura\" \/>\n\t<meta name=\"twitter:data2\" content=\"6 minutos\" \/>\n<script type=\"application\/ld+json\" class=\"yoast-schema-graph\">{\"@context\":\"https:\\\/\\\/schema.org\",\"@graph\":[{\"@type\":\"Article\",\"@id\":\"https:\\\/\\\/www.mpc.pr.gov.br\\\/index.php\\\/mpc-pr-lanca-a-22a-edicao-de-sua-revista-agora-classificada-como-b1-no-qualis-capes\\\/#article\",\"isPartOf\":{\"@id\":\"https:\\\/\\\/www.mpc.pr.gov.br\\\/index.php\\\/mpc-pr-lanca-a-22a-edicao-de-sua-revista-agora-classificada-como-b1-no-qualis-capes\\\/\"},\"author\":{\"name\":\"mpcontaspr\",\"@id\":\"https:\\\/\\\/www.mpc.pr.gov.br\\\/#\\\/schema\\\/person\\\/2d83cb8980538d0ec174e8a6284f5e11\"},\"headline\":\"MPC-PR lan\u00e7a a 22\u00aa edi\u00e7\u00e3o de sua Revista, agora classificada como B1 no Qualis-CAPES\",\"datePublished\":\"2026-03-06T20:24:32+00:00\",\"dateModified\":\"2026-03-13T19:21:30+00:00\",\"mainEntityOfPage\":{\"@id\":\"https:\\\/\\\/www.mpc.pr.gov.br\\\/index.php\\\/mpc-pr-lanca-a-22a-edicao-de-sua-revista-agora-classificada-como-b1-no-qualis-capes\\\/\"},\"wordCount\":1258,\"commentCount\":0,\"publisher\":{\"@id\":\"https:\\\/\\\/www.mpc.pr.gov.br\\\/#organization\"},\"image\":{\"@id\":\"https:\\\/\\\/www.mpc.pr.gov.br\\\/index.php\\\/mpc-pr-lanca-a-22a-edicao-de-sua-revista-agora-classificada-como-b1-no-qualis-capes\\\/#primaryimage\"},\"thumbnailUrl\":\"https:\\\/\\\/www.mpc.pr.gov.br\\\/wp-content\\\/uploads\\\/2026\\\/03\\\/imagem.jpg\",\"keywords\":[\"Artigos\",\"Estrato B1\",\"Estudos selecionados\",\"MPC-PR\",\"Revista do MPC-PR\"],\"articleSection\":[\"Todas as not\u00edcias\"],\"inLanguage\":\"pt-BR\",\"potentialAction\":[{\"@type\":\"CommentAction\",\"name\":\"Comment\",\"target\":[\"https:\\\/\\\/www.mpc.pr.gov.br\\\/index.php\\\/mpc-pr-lanca-a-22a-edicao-de-sua-revista-agora-classificada-como-b1-no-qualis-capes\\\/#respond\"]}]},{\"@type\":\"WebPage\",\"@id\":\"https:\\\/\\\/www.mpc.pr.gov.br\\\/index.php\\\/mpc-pr-lanca-a-22a-edicao-de-sua-revista-agora-classificada-como-b1-no-qualis-capes\\\/\",\"url\":\"https:\\\/\\\/www.mpc.pr.gov.br\\\/index.php\\\/mpc-pr-lanca-a-22a-edicao-de-sua-revista-agora-classificada-como-b1-no-qualis-capes\\\/\",\"name\":\"MPC-PR lan\u00e7a a 22\u00aa edi\u00e7\u00e3o de sua Revista, agora classificada como B1 no Qualis-CAPES - Minist\u00e9rio P\u00fablico de Contas do Estado do Paran\u00e1\",\"isPartOf\":{\"@id\":\"https:\\\/\\\/www.mpc.pr.gov.br\\\/#website\"},\"primaryImageOfPage\":{\"@id\":\"https:\\\/\\\/www.mpc.pr.gov.br\\\/index.php\\\/mpc-pr-lanca-a-22a-edicao-de-sua-revista-agora-classificada-como-b1-no-qualis-capes\\\/#primaryimage\"},\"image\":{\"@id\":\"https:\\\/\\\/www.mpc.pr.gov.br\\\/index.php\\\/mpc-pr-lanca-a-22a-edicao-de-sua-revista-agora-classificada-como-b1-no-qualis-capes\\\/#primaryimage\"},\"thumbnailUrl\":\"https:\\\/\\\/www.mpc.pr.gov.br\\\/wp-content\\\/uploads\\\/2026\\\/03\\\/imagem.jpg\",\"datePublished\":\"2026-03-06T20:24:32+00:00\",\"dateModified\":\"2026-03-13T19:21:30+00:00\",\"breadcrumb\":{\"@id\":\"https:\\\/\\\/www.mpc.pr.gov.br\\\/index.php\\\/mpc-pr-lanca-a-22a-edicao-de-sua-revista-agora-classificada-como-b1-no-qualis-capes\\\/#breadcrumb\"},\"inLanguage\":\"pt-BR\",\"potentialAction\":[{\"@type\":\"ReadAction\",\"target\":[\"https:\\\/\\\/www.mpc.pr.gov.br\\\/index.php\\\/mpc-pr-lanca-a-22a-edicao-de-sua-revista-agora-classificada-como-b1-no-qualis-capes\\\/\"]}]},{\"@type\":\"ImageObject\",\"inLanguage\":\"pt-BR\",\"@id\":\"https:\\\/\\\/www.mpc.pr.gov.br\\\/index.php\\\/mpc-pr-lanca-a-22a-edicao-de-sua-revista-agora-classificada-como-b1-no-qualis-capes\\\/#primaryimage\",\"url\":\"https:\\\/\\\/www.mpc.pr.gov.br\\\/wp-content\\\/uploads\\\/2026\\\/03\\\/imagem.jpg\",\"contentUrl\":\"https:\\\/\\\/www.mpc.pr.gov.br\\\/wp-content\\\/uploads\\\/2026\\\/03\\\/imagem.jpg\",\"width\":429,\"height\":224},{\"@type\":\"BreadcrumbList\",\"@id\":\"https:\\\/\\\/www.mpc.pr.gov.br\\\/index.php\\\/mpc-pr-lanca-a-22a-edicao-de-sua-revista-agora-classificada-como-b1-no-qualis-capes\\\/#breadcrumb\",\"itemListElement\":[{\"@type\":\"ListItem\",\"position\":1,\"name\":\"In\u00edcio\",\"item\":\"https:\\\/\\\/www.mpc.pr.gov.br\\\/\"},{\"@type\":\"ListItem\",\"position\":2,\"name\":\"MPC-PR lan\u00e7a a 22\u00aa edi\u00e7\u00e3o de sua Revista, agora classificada como B1 no Qualis-CAPES\"}]},{\"@type\":\"WebSite\",\"@id\":\"https:\\\/\\\/www.mpc.pr.gov.br\\\/#website\",\"url\":\"https:\\\/\\\/www.mpc.pr.gov.br\\\/\",\"name\":\"Minist\u00e9rio P\u00fablico de Contas do Estado do Paran\u00e1\",\"description\":\"\",\"publisher\":{\"@id\":\"https:\\\/\\\/www.mpc.pr.gov.br\\\/#organization\"},\"potentialAction\":[{\"@type\":\"SearchAction\",\"target\":{\"@type\":\"EntryPoint\",\"urlTemplate\":\"https:\\\/\\\/www.mpc.pr.gov.br\\\/?s={search_term_string}\"},\"query-input\":{\"@type\":\"PropertyValueSpecification\",\"valueRequired\":true,\"valueName\":\"search_term_string\"}}],\"inLanguage\":\"pt-BR\"},{\"@type\":\"Organization\",\"@id\":\"https:\\\/\\\/www.mpc.pr.gov.br\\\/#organization\",\"name\":\"Minist\u00e9rio P\u00fablico de Contas do Estado do Paran\u00e1\",\"url\":\"https:\\\/\\\/www.mpc.pr.gov.br\\\/\",\"logo\":{\"@type\":\"ImageObject\",\"inLanguage\":\"pt-BR\",\"@id\":\"https:\\\/\\\/www.mpc.pr.gov.br\\\/#\\\/schema\\\/logo\\\/image\\\/\",\"url\":\"https:\\\/\\\/www.mpc.pr.gov.br\\\/wp-content\\\/uploads\\\/2020\\\/06\\\/99423647_1593460364143890_6706793420720963584_n-1-e1591387983167.png\",\"contentUrl\":\"https:\\\/\\\/www.mpc.pr.gov.br\\\/wp-content\\\/uploads\\\/2020\\\/06\\\/99423647_1593460364143890_6706793420720963584_n-1-e1591387983167.png\",\"width\":243,\"height\":73,\"caption\":\"Minist\u00e9rio P\u00fablico de Contas do Estado do Paran\u00e1\"},\"image\":{\"@id\":\"https:\\\/\\\/www.mpc.pr.gov.br\\\/#\\\/schema\\\/logo\\\/image\\\/\"},\"sameAs\":[\"https:\\\/\\\/www.facebook.com\\\/mpc.pr\",\"https:\\\/\\\/www.instagram.com\\\/mpc.pr\\\/?hl=pt-br\",\"https:\\\/\\\/www.youtube.com\\\/channel\\\/UCHri5oEM8DV0ztX57E0sBSw\"]},{\"@type\":\"Person\",\"@id\":\"https:\\\/\\\/www.mpc.pr.gov.br\\\/#\\\/schema\\\/person\\\/2d83cb8980538d0ec174e8a6284f5e11\",\"name\":\"mpcontaspr\",\"image\":{\"@type\":\"ImageObject\",\"inLanguage\":\"pt-BR\",\"@id\":\"https:\\\/\\\/secure.gravatar.com\\\/avatar\\\/1aef51541db7622e05fd639336c9c9f312c2a618396e2b6ca96846362fc5403f?s=96&d=mm&r=g\",\"url\":\"https:\\\/\\\/secure.gravatar.com\\\/avatar\\\/1aef51541db7622e05fd639336c9c9f312c2a618396e2b6ca96846362fc5403f?s=96&d=mm&r=g\",\"contentUrl\":\"https:\\\/\\\/secure.gravatar.com\\\/avatar\\\/1aef51541db7622e05fd639336c9c9f312c2a618396e2b6ca96846362fc5403f?s=96&d=mm&r=g\",\"caption\":\"mpcontaspr\"},\"sameAs\":[\"http:\\\/\\\/www.mpc.pr.gov.br\"]}]}<\/script>\n<!-- \/ Yoast SEO plugin. -->","yoast_head_json":{"title":"MPC-PR lan\u00e7a a 22\u00aa edi\u00e7\u00e3o de sua Revista, agora classificada como B1 no Qualis-CAPES - Minist\u00e9rio P\u00fablico de Contas do Estado do Paran\u00e1","robots":{"index":"index","follow":"follow","max-snippet":"max-snippet:-1","max-image-preview":"max-image-preview:large","max-video-preview":"max-video-preview:-1"},"canonical":"https:\/\/www.mpc.pr.gov.br\/index.php\/mpc-pr-lanca-a-22a-edicao-de-sua-revista-agora-classificada-como-b1-no-qualis-capes\/","og_locale":"pt_BR","og_type":"article","og_title":"MPC-PR lan\u00e7a a 22\u00aa edi\u00e7\u00e3o de sua Revista, agora classificada como B1 no Qualis-CAPES - Minist\u00e9rio P\u00fablico de Contas do Estado do Paran\u00e1","og_description":"Edi\u00e7\u00e3o re\u00fane 15 artigos in\u00e9ditos e \u201cEstudos Selecionados\u201d sobre temas atuais e desafios enfrentados por gestores, \u00f3rg\u00e3os de controle e institui\u00e7\u00f5es p\u00fablicas.\u00a0 Nesta sexta-feira (6), o Minist\u00e9rio P\u00fablico de Contas do Paran\u00e1 (MPC-PR) lan\u00e7a a edi\u00e7\u00e3o de n\u00famero 22 (volume 13) da sua Revista institucional. O peri\u00f3dico semestral, referente ao per\u00edodo de julho a dezembro [&hellip;]","og_url":"https:\/\/www.mpc.pr.gov.br\/index.php\/mpc-pr-lanca-a-22a-edicao-de-sua-revista-agora-classificada-como-b1-no-qualis-capes\/","og_site_name":"Minist\u00e9rio P\u00fablico de Contas do Estado do Paran\u00e1","article_publisher":"https:\/\/www.facebook.com\/mpc.pr","article_published_time":"2026-03-06T20:24:32+00:00","article_modified_time":"2026-03-13T19:21:30+00:00","og_image":[{"width":429,"height":224,"url":"https:\/\/www.mpc.pr.gov.br\/wp-content\/uploads\/2026\/03\/imagem.jpg","type":"image\/jpeg"}],"author":"mpcontaspr","twitter_card":"summary_large_image","twitter_misc":{"Escrito por":"mpcontaspr","Est. tempo de leitura":"6 minutos"},"schema":{"@context":"https:\/\/schema.org","@graph":[{"@type":"Article","@id":"https:\/\/www.mpc.pr.gov.br\/index.php\/mpc-pr-lanca-a-22a-edicao-de-sua-revista-agora-classificada-como-b1-no-qualis-capes\/#article","isPartOf":{"@id":"https:\/\/www.mpc.pr.gov.br\/index.php\/mpc-pr-lanca-a-22a-edicao-de-sua-revista-agora-classificada-como-b1-no-qualis-capes\/"},"author":{"name":"mpcontaspr","@id":"https:\/\/www.mpc.pr.gov.br\/#\/schema\/person\/2d83cb8980538d0ec174e8a6284f5e11"},"headline":"MPC-PR lan\u00e7a a 22\u00aa edi\u00e7\u00e3o de sua Revista, agora classificada como B1 no Qualis-CAPES","datePublished":"2026-03-06T20:24:32+00:00","dateModified":"2026-03-13T19:21:30+00:00","mainEntityOfPage":{"@id":"https:\/\/www.mpc.pr.gov.br\/index.php\/mpc-pr-lanca-a-22a-edicao-de-sua-revista-agora-classificada-como-b1-no-qualis-capes\/"},"wordCount":1258,"commentCount":0,"publisher":{"@id":"https:\/\/www.mpc.pr.gov.br\/#organization"},"image":{"@id":"https:\/\/www.mpc.pr.gov.br\/index.php\/mpc-pr-lanca-a-22a-edicao-de-sua-revista-agora-classificada-como-b1-no-qualis-capes\/#primaryimage"},"thumbnailUrl":"https:\/\/www.mpc.pr.gov.br\/wp-content\/uploads\/2026\/03\/imagem.jpg","keywords":["Artigos","Estrato B1","Estudos selecionados","MPC-PR","Revista do MPC-PR"],"articleSection":["Todas as not\u00edcias"],"inLanguage":"pt-BR","potentialAction":[{"@type":"CommentAction","name":"Comment","target":["https:\/\/www.mpc.pr.gov.br\/index.php\/mpc-pr-lanca-a-22a-edicao-de-sua-revista-agora-classificada-como-b1-no-qualis-capes\/#respond"]}]},{"@type":"WebPage","@id":"https:\/\/www.mpc.pr.gov.br\/index.php\/mpc-pr-lanca-a-22a-edicao-de-sua-revista-agora-classificada-como-b1-no-qualis-capes\/","url":"https:\/\/www.mpc.pr.gov.br\/index.php\/mpc-pr-lanca-a-22a-edicao-de-sua-revista-agora-classificada-como-b1-no-qualis-capes\/","name":"MPC-PR lan\u00e7a a 22\u00aa edi\u00e7\u00e3o de sua Revista, agora classificada como B1 no Qualis-CAPES - Minist\u00e9rio P\u00fablico de Contas do Estado do Paran\u00e1","isPartOf":{"@id":"https:\/\/www.mpc.pr.gov.br\/#website"},"primaryImageOfPage":{"@id":"https:\/\/www.mpc.pr.gov.br\/index.php\/mpc-pr-lanca-a-22a-edicao-de-sua-revista-agora-classificada-como-b1-no-qualis-capes\/#primaryimage"},"image":{"@id":"https:\/\/www.mpc.pr.gov.br\/index.php\/mpc-pr-lanca-a-22a-edicao-de-sua-revista-agora-classificada-como-b1-no-qualis-capes\/#primaryimage"},"thumbnailUrl":"https:\/\/www.mpc.pr.gov.br\/wp-content\/uploads\/2026\/03\/imagem.jpg","datePublished":"2026-03-06T20:24:32+00:00","dateModified":"2026-03-13T19:21:30+00:00","breadcrumb":{"@id":"https:\/\/www.mpc.pr.gov.br\/index.php\/mpc-pr-lanca-a-22a-edicao-de-sua-revista-agora-classificada-como-b1-no-qualis-capes\/#breadcrumb"},"inLanguage":"pt-BR","potentialAction":[{"@type":"ReadAction","target":["https:\/\/www.mpc.pr.gov.br\/index.php\/mpc-pr-lanca-a-22a-edicao-de-sua-revista-agora-classificada-como-b1-no-qualis-capes\/"]}]},{"@type":"ImageObject","inLanguage":"pt-BR","@id":"https:\/\/www.mpc.pr.gov.br\/index.php\/mpc-pr-lanca-a-22a-edicao-de-sua-revista-agora-classificada-como-b1-no-qualis-capes\/#primaryimage","url":"https:\/\/www.mpc.pr.gov.br\/wp-content\/uploads\/2026\/03\/imagem.jpg","contentUrl":"https:\/\/www.mpc.pr.gov.br\/wp-content\/uploads\/2026\/03\/imagem.jpg","width":429,"height":224},{"@type":"BreadcrumbList","@id":"https:\/\/www.mpc.pr.gov.br\/index.php\/mpc-pr-lanca-a-22a-edicao-de-sua-revista-agora-classificada-como-b1-no-qualis-capes\/#breadcrumb","itemListElement":[{"@type":"ListItem","position":1,"name":"In\u00edcio","item":"https:\/\/www.mpc.pr.gov.br\/"},{"@type":"ListItem","position":2,"name":"MPC-PR lan\u00e7a a 22\u00aa edi\u00e7\u00e3o de sua Revista, agora classificada como B1 no Qualis-CAPES"}]},{"@type":"WebSite","@id":"https:\/\/www.mpc.pr.gov.br\/#website","url":"https:\/\/www.mpc.pr.gov.br\/","name":"Minist\u00e9rio P\u00fablico de Contas do Estado do Paran\u00e1","description":"","publisher":{"@id":"https:\/\/www.mpc.pr.gov.br\/#organization"},"potentialAction":[{"@type":"SearchAction","target":{"@type":"EntryPoint","urlTemplate":"https:\/\/www.mpc.pr.gov.br\/?s={search_term_string}"},"query-input":{"@type":"PropertyValueSpecification","valueRequired":true,"valueName":"search_term_string"}}],"inLanguage":"pt-BR"},{"@type":"Organization","@id":"https:\/\/www.mpc.pr.gov.br\/#organization","name":"Minist\u00e9rio P\u00fablico de Contas do Estado do Paran\u00e1","url":"https:\/\/www.mpc.pr.gov.br\/","logo":{"@type":"ImageObject","inLanguage":"pt-BR","@id":"https:\/\/www.mpc.pr.gov.br\/#\/schema\/logo\/image\/","url":"https:\/\/www.mpc.pr.gov.br\/wp-content\/uploads\/2020\/06\/99423647_1593460364143890_6706793420720963584_n-1-e1591387983167.png","contentUrl":"https:\/\/www.mpc.pr.gov.br\/wp-content\/uploads\/2020\/06\/99423647_1593460364143890_6706793420720963584_n-1-e1591387983167.png","width":243,"height":73,"caption":"Minist\u00e9rio P\u00fablico de Contas do Estado do Paran\u00e1"},"image":{"@id":"https:\/\/www.mpc.pr.gov.br\/#\/schema\/logo\/image\/"},"sameAs":["https:\/\/www.facebook.com\/mpc.pr","https:\/\/www.instagram.com\/mpc.pr\/?hl=pt-br","https:\/\/www.youtube.com\/channel\/UCHri5oEM8DV0ztX57E0sBSw"]},{"@type":"Person","@id":"https:\/\/www.mpc.pr.gov.br\/#\/schema\/person\/2d83cb8980538d0ec174e8a6284f5e11","name":"mpcontaspr","image":{"@type":"ImageObject","inLanguage":"pt-BR","@id":"https:\/\/secure.gravatar.com\/avatar\/1aef51541db7622e05fd639336c9c9f312c2a618396e2b6ca96846362fc5403f?s=96&d=mm&r=g","url":"https:\/\/secure.gravatar.com\/avatar\/1aef51541db7622e05fd639336c9c9f312c2a618396e2b6ca96846362fc5403f?s=96&d=mm&r=g","contentUrl":"https:\/\/secure.gravatar.com\/avatar\/1aef51541db7622e05fd639336c9c9f312c2a618396e2b6ca96846362fc5403f?s=96&d=mm&r=g","caption":"mpcontaspr"},"sameAs":["http:\/\/www.mpc.pr.gov.br"]}]}},"rttpg_featured_image_url":{"full":["https:\/\/www.mpc.pr.gov.br\/wp-content\/uploads\/2026\/03\/imagem.jpg",429,224,false],"landscape":["https:\/\/www.mpc.pr.gov.br\/wp-content\/uploads\/2026\/03\/imagem.jpg",429,224,false],"portraits":["https:\/\/www.mpc.pr.gov.br\/wp-content\/uploads\/2026\/03\/imagem.jpg",429,224,false],"thumbnail":["https:\/\/www.mpc.pr.gov.br\/wp-content\/uploads\/2026\/03\/imagem-150x150.jpg",150,150,true],"medium":["https:\/\/www.mpc.pr.gov.br\/wp-content\/uploads\/2026\/03\/imagem-300x157.jpg",300,157,true],"large":["https:\/\/www.mpc.pr.gov.br\/wp-content\/uploads\/2026\/03\/imagem.jpg",429,224,false],"1536x1536":["https:\/\/www.mpc.pr.gov.br\/wp-content\/uploads\/2026\/03\/imagem.jpg",429,224,false],"2048x2048":["https:\/\/www.mpc.pr.gov.br\/wp-content\/uploads\/2026\/03\/imagem.jpg",429,224,false],"ocean-thumb-m":["https:\/\/www.mpc.pr.gov.br\/wp-content\/uploads\/2026\/03\/imagem.jpg",429,224,false],"ocean-thumb-ml":["https:\/\/www.mpc.pr.gov.br\/wp-content\/uploads\/2026\/03\/imagem.jpg",429,224,false],"ocean-thumb-l":["https:\/\/www.mpc.pr.gov.br\/wp-content\/uploads\/2026\/03\/imagem.jpg",429,224,false]},"rttpg_author":{"display_name":"mpcontaspr","author_link":"https:\/\/www.mpc.pr.gov.br\/index.php\/author\/mpcontaspr\/"},"rttpg_comment":2,"rttpg_category":"<a href=\"https:\/\/www.mpc.pr.gov.br\/index.php\/category\/todas-as-noticias\/\" rel=\"category tag\">Todas as not\u00edcias<\/a>","rttpg_excerpt":"Edi\u00e7\u00e3o re\u00fane 15 artigos in\u00e9ditos e \u201cEstudos Selecionados\u201d sobre temas atuais e desafios enfrentados por gestores, \u00f3rg\u00e3os de controle e institui\u00e7\u00f5es p\u00fablicas.\u00a0 Nesta sexta-feira (6), o Minist\u00e9rio P\u00fablico de Contas do Paran\u00e1 (MPC-PR) lan\u00e7a a edi\u00e7\u00e3o de n\u00famero 22 (volume 13) da sua Revista institucional. O peri\u00f3dico semestral, referente ao per\u00edodo de julho a dezembro&hellip;","_links":{"self":[{"href":"https:\/\/www.mpc.pr.gov.br\/index.php\/wp-json\/wp\/v2\/posts\/25419","targetHints":{"allow":["GET"]}}],"collection":[{"href":"https:\/\/www.mpc.pr.gov.br\/index.php\/wp-json\/wp\/v2\/posts"}],"about":[{"href":"https:\/\/www.mpc.pr.gov.br\/index.php\/wp-json\/wp\/v2\/types\/post"}],"author":[{"embeddable":true,"href":"https:\/\/www.mpc.pr.gov.br\/index.php\/wp-json\/wp\/v2\/users\/1"}],"replies":[{"embeddable":true,"href":"https:\/\/www.mpc.pr.gov.br\/index.php\/wp-json\/wp\/v2\/comments?post=25419"}],"version-history":[{"count":1,"href":"https:\/\/www.mpc.pr.gov.br\/index.php\/wp-json\/wp\/v2\/posts\/25419\/revisions"}],"predecessor-version":[{"id":25421,"href":"https:\/\/www.mpc.pr.gov.br\/index.php\/wp-json\/wp\/v2\/posts\/25419\/revisions\/25421"}],"wp:featuredmedia":[{"embeddable":true,"href":"https:\/\/www.mpc.pr.gov.br\/index.php\/wp-json\/wp\/v2\/media\/25420"}],"wp:attachment":[{"href":"https:\/\/www.mpc.pr.gov.br\/index.php\/wp-json\/wp\/v2\/media?parent=25419"}],"wp:term":[{"taxonomy":"category","embeddable":true,"href":"https:\/\/www.mpc.pr.gov.br\/index.php\/wp-json\/wp\/v2\/categories?post=25419"},{"taxonomy":"post_tag","embeddable":true,"href":"https:\/\/www.mpc.pr.gov.br\/index.php\/wp-json\/wp\/v2\/tags?post=25419"}],"curies":[{"name":"wp","href":"https:\/\/api.w.org\/{rel}","templated":true}]}}