{"id":25434,"date":"2026-03-10T15:26:49","date_gmt":"2026-03-10T18:26:49","guid":{"rendered":"https:\/\/www.mpc.pr.gov.br\/?p=25434"},"modified":"2026-03-16T15:03:59","modified_gmt":"2026-03-16T18:03:59","slug":"consulta-esclarece-prazo-para-aprovacao-do-13o-subsidio-de-prefeito-vice-e-vereadores","status":"publish","type":"post","link":"https:\/\/www.mpc.pr.gov.br\/index.php\/consulta-esclarece-prazo-para-aprovacao-do-13o-subsidio-de-prefeito-vice-e-vereadores\/","title":{"rendered":"Consulta esclarece prazo para aprova\u00e7\u00e3o do 13\u00ba subs\u00eddio de prefeito, vice e vereadores"},"content":{"rendered":"<figure id=\"attachment_11483\" aria-describedby=\"caption-attachment-11483\" style=\"width: 300px\" class=\"wp-caption alignleft\"><img fetchpriority=\"high\" decoding=\"async\" class=\"size-medium wp-image-11483\" src=\"https:\/\/www.mpc.pr.gov.br\/wp-content\/uploads\/2021\/02\/Camara-Municipal-300x247.jpg\" alt=\"\" width=\"300\" height=\"247\" srcset=\"https:\/\/www.mpc.pr.gov.br\/wp-content\/uploads\/2021\/02\/Camara-Municipal-300x247.jpg 300w, https:\/\/www.mpc.pr.gov.br\/wp-content\/uploads\/2021\/02\/Camara-Municipal.jpg 640w\" sizes=\"(max-width: 300px) 100vw, 300px\" \/><figcaption id=\"caption-attachment-11483\" class=\"wp-caption-text\">Fiscalizar os gastos das 399 c\u00e2maras de vereadores do Paran\u00e1 \u00e9 fun\u00e7\u00e3o do TCE-PR. Ilustra\u00e7\u00e3o: N\u00facleo de Imagem &#8211; Diretoria de Comunica\u00e7\u00e3o Social\/Divulga\u00e7\u00e3o TCE-PR.<\/figcaption><\/figure>\n<p>\u201cN\u00e3o \u00e9 poss\u00edvel aprovar e publicar a lei que institui o 13\u00ba subs\u00eddio ap\u00f3s o pleito eleitoral, ainda que at\u00e9 31 de dezembro da legislatura anterior. Portanto, o ato fixador deve ser aprovado e publicado antes das elei\u00e7\u00f5es, para vig\u00eancia na legislatura subsequente.\u201d<\/p>\n<p>Essa \u00e9 a orienta\u00e7\u00e3o dos membros do Pleno do Tribunal de Contas do Estado (TCE-PR), em resposta \u00e0 Consulta formulada pelo Presidente da <a href=\"https:\/\/www.santoantoniodoparaiso.pr.leg.br\/\">C\u00e2mara Municipal de Santo Ant\u00f4nio do Para\u00edso<\/a>, Luiz de Moura, por meio da qual apresentou questionamentos acerca da legalidade do pagamento de d\u00e9cimo terceiro subs\u00eddio aos agentes pol\u00edticos locais (Prefeito, Vice-Prefeito e Vereadores).<\/p>\n<p>A decis\u00e3o, proferida no <a href=\"https:\/\/www.mpc.pr.gov.br\/wp-content\/uploads\/2026\/03\/Acordao-151-26.pdf\">Ac\u00f3rd\u00e3o n\u00ba 151\/26<\/a>, acompanhou o entendimento da Coordenadoria de Apoio e Instru\u00e7\u00e3o Suplementar (CAIS) e do Minist\u00e9rio P\u00fablico de Contas do Paran\u00e1 (MPC-PR).<\/p>\n<p><strong>Entenda a Consulta<\/strong><\/p>\n<p>Na pe\u00e7a inicial, a C\u00e2mara Municipal informou que, em legislatura anterior, aprovou emenda \u00e0 Lei Org\u00e2nica do Munic\u00edpio autorizando o pagamento do 13\u00ba subs\u00eddio e, na sequ\u00eancia, editou lei municipal espec\u00edfica regulamentando a mat\u00e9ria. Afirmou que tais atos observaram o rito do art. 29 da <a href=\"https:\/\/www.planalto.gov.br\/ccivil_03\/constituicao\/constituicao.htm\">Constitui\u00e7\u00e3o Federal<\/a> e o art. 142 do Regimento Interno da C\u00e2mara, com vota\u00e7\u00e3o em dois turnos e interst\u00edcio m\u00ednimo exigido, mas que at\u00e9 o momento nenhum valor teria sido pago aos agentes pol\u00edticos, uma vez que o ente estava aguardando a orienta\u00e7\u00e3o do TCE-PR antes de realizar qualquer execu\u00e7\u00e3o financeira.<\/p>\n<p>Dessa forma, o consulente apresentou os seguintes questionamentos:<\/p>\n<ol>\n<li><em>Para Fixa\u00e7\u00e3o de 13\u00b0 Sal\u00e1rio para agentes pol\u00edticos (prefeito, viceprefeito e vereadores) \u00e9 necess\u00e1rio a previs\u00e3o em Lei Org\u00e2nica e posterior Lei Espec\u00edfica? <\/em><\/li>\n<li><em>Pode ser aprovada e publicada Lei que institui 13\u00b0 sal\u00e1rio para os Vereadores at\u00e9 31 Dezembro da legislatura anterior? <\/em><\/li>\n<li><em>A Lei de Responsabilidade Fiscal se aplica na fixa\u00e7\u00e3o de 13\u00b0 sal\u00e1rio aos agentes pol\u00edticos?<\/em><\/li>\n<\/ol>\n<p>A Consulta veio acompanhada de Parecer Jur\u00eddico elaborado pela assessoria da C\u00e2mara, a qual sustentou n\u00e3o haver \u00f3bice constitucional ao pagamento do ter\u00e7o de f\u00e9rias e do d\u00e9cimo terceiro aos agentes pol\u00edticos, \u00e0 luz do julgamento do Supremo Tribunal Federal (STF) no Recurso Extraordin\u00e1rio n\u00ba 650.898 (Tema 484), que reconheceu a compatibilidade do art. 39, \u00a7 4\u00ba, da <a href=\"https:\/\/www.planalto.gov.br\/ccivil_03\/constituicao\/constituicao.htm\">Constitui\u00e7\u00e3o Federal de 1988<\/a> com tais parcelas, condicionando-as \u00e0 exist\u00eancia de previs\u00e3o infraconstitucional.<\/p>\n<p>Ao final, concluiu, em s\u00edntese, que \u00e9 necess\u00e1ria lei espec\u00edfica para instituir o 13\u00ba aos Vereadores, conforme entendimento firmado pelo TCE-PR no Ac\u00f3rd\u00e3o n\u00ba 4529\/17; que a lei pode ser aprovada e publicada at\u00e9 31 de dezembro da legislatura anterior, recomendando-se a observ\u00e2ncia do art. 21, II, da Lei de Responsabilidade Fiscal \u2013 LRF (Lei Complementar 101\/2000); e que a LRF se aplica integralmente \u00e0 fixa\u00e7\u00e3o do benef\u00edcio.<\/p>\n<p><strong>Instru\u00e7\u00e3o do Processo<\/strong><\/p>\n<p>Mediante o Despacho 555\/2025, o Relator Conselheiro Fernando Augusto Mello Guimar\u00e3es recebeu a Consulta e determinou o seu encaminhamento \u00e0 Supervis\u00e3o de Jurisprud\u00eancia e Biblioteca, que destacou seis decis\u00f5es tratando de temas correlatos \u00e0s quest\u00f5es indagadas.<\/p>\n<p>Nesse sentido, o Relator considerou que as respostas aos quesitos j\u00e1 se encontram pacificadas pelo Ac\u00f3rd\u00e3o n\u00ba 4529\/17, que assentou a possibilidade de institui\u00e7\u00e3o do 13\u00ba subs\u00eddio e adicional de f\u00e9rias aos agentes pol\u00edticos, desde que mediante lei espec\u00edfica aprovada na legislatura anterior, observadas a Lei de Diretrizes Or\u00e7ament\u00e1rias (LDO), a Lei Or\u00e7ament\u00e1ria Anual (LOA), a Lei de Responsabilidade Fiscal (LRF) e limites constitucionais. Por essa raz\u00e3o, determinou a comunica\u00e7\u00e3o eletr\u00f4nica \u00e0 C\u00e2mara e o arquivamento do feito, nos termos do art. 313, \u00a7 4\u00ba, do Regimento Interno.<\/p>\n<p>Contudo, preliminarmente os autos foram encaminhados ao Minist\u00e9rio P\u00fablico de Contas, que se manifestou por meio do <a href=\"https:\/\/www.mpc.pr.gov.br\/wp-content\/uploads\/2026\/03\/Parecer-347-25.pdf\">Parecer n\u00ba 347\/25<\/a> pelo prosseguimento do processo, a fim consolidar a jurisprud\u00eancia do TCE-PR quanto ao prazo de vota\u00e7\u00e3o e publica\u00e7\u00e3o da lei que institui o d\u00e9cimo terceiro subs\u00eddio aos agentes pol\u00edticos. Caso tal proposta n\u00e3o fosse acolhida, requereu que fosse fixado o entendimento de que a lei deve ser aprovada antes do pleito eleitoral, para produzir efeitos na legislatura subsequente.<\/p>\n<p>Ao analisar o parecer ministerial, o Relator reviu sua decis\u00e3o e acolheu a orienta\u00e7\u00e3o pelo prosseguimento do processo t\u00e3o somente quanto a quest\u00e3o \u201cb\u201d, uma vez que as perguntas \u201ca\u201d e \u201cc\u201d j\u00e1 encontram resposta adequada no Ac\u00f3rd\u00e3o 4529\/17.<\/p>\n<p>Instada a se manifestar, a Coordenadoria de Apoio e de Instru\u00e7\u00e3o Suplementar, reafirmou a necessidade de lei espec\u00edfica para fixa\u00e7\u00e3o do 13\u00ba subs\u00eddio, bem como a observ\u00e2ncia \u00e0 realidade financeira do Munic\u00edpio, a LDO, LOA, arts. 16 e 17 da LRF e os limites do art. 29-A e \u00a71\u00ba da Constitui\u00e7\u00e3o Federal.<\/p>\n<p>Quanto a aprova\u00e7\u00e3o da lei ap\u00f3s as elei\u00e7\u00f5es, ainda que antes de 31 de dezembro, apontou que tal pr\u00e1tica viola os princ\u00edpios da moralidade e impessoalidade, conforme j\u00e1 decidido pelo STF no Recurso Extraordin\u00e1rio n\u00ba 62.594, em que o Exmo. Relator Min. Djaci Falc\u00e3o entendeu que a anterioridade estar\u00e1 observada desde que a fixa\u00e7\u00e3o da remunera\u00e7\u00e3o seja anterior \u00e0s elei\u00e7\u00f5es, quando ainda n\u00e3o se conhece o resultado das urnas.<\/p>\n<p>Sendo assim, prop\u00f4s que a Consulta seja respondida apenas quanto ao quesito \u201cb\u201d, nos seguintes termos:<\/p>\n<p><em>\u201cN\u00e3o. No exerc\u00edcio em que ocorre o pleito eleitoral, a fixa\u00e7\u00e3o dos subs\u00eddios deve observar, al\u00e9m do princ\u00edpio da anterioridade, estatu\u00eddo no inciso V do art. 29 da Constitui\u00e7\u00e3o Federal\/1988, tamb\u00e9m o princ\u00edpio da moralidade previsto constitucionalmente no art. 37, caput. Portanto, o ato fixador deve ser aprovado e publicado na legislatura anterior \u00e0 que ir\u00e1 reger, antes das elei\u00e7\u00f5es. A fixa\u00e7\u00e3o dos subs\u00eddios ap\u00f3s a realiza\u00e7\u00e3o do pleito eleitoral configura viola\u00e7\u00e3o aos princ\u00edpios da impessoalidade e moralidade administrativa, padecendo de v\u00edcio de constitucionalidade.\u201d<\/em><\/p>\n<p><strong>Parecer Ministerial<\/strong><\/p>\n<p>Encaminhados os autos para manifesta\u00e7\u00e3o conclusiva do Minist\u00e9rio P\u00fablico de Contas, a Procuradoria-Geral destacou que o consulente juntou aos autos duas leis publicadas em 31 de dezembro de 2024, uma instituindo o d\u00e9cimo terceiro subs\u00eddio para vereadores e outra para prefeito e vice-prefeito, reconhecendo que, embora atendam \u00e0 anterioridade, foram aprovadas ap\u00f3s o pleito e, portanto, ferem o princ\u00edpio da moralidade por comprometerem a equidist\u00e2ncia exigida, especialmente quando j\u00e1 se conhece a composi\u00e7\u00e3o e eventuais reelei\u00e7\u00f5es da legislatura subsequente.<\/p>\n<p>Dessa forma, conforme o <a href=\"https:\/\/www.mpc.pr.gov.br\/wp-content\/uploads\/2026\/03\/Parecer-372-25.pdf\">Parecer n\u00ba 372\/25<\/a>, o MPC-PR reiterou ser imposs\u00edvel instituir d\u00e9cimo terceiro subs\u00eddio a agentes pol\u00edticos por meio de lei editada ap\u00f3s o pleito eleitoral, por afrontar o princ\u00edpio da moralidade, devendo a fixa\u00e7\u00e3o ocorrer na legislatura anterior antes das elei\u00e7\u00f5es, em harmonia com o princ\u00edpio da anterioridade.<\/p>\n<p><strong>Decis\u00e3o<\/strong><\/p>\n<p>Em sede de julgamento, o Relator refor\u00e7ou que os questionamentos \u201ca\u201d e \u201cc\u201d j\u00e1 encontram resposta e entendimento pacificado no \u00e2mbito do TCE-PR, no sentido de que a institui\u00e7\u00e3o do d\u00e9cimo terceiro subs\u00eddio e do ter\u00e7o de f\u00e9rias aos agentes pol\u00edticos depende de lei municipal espec\u00edfica, em conson\u00e2ncia com a Lei Org\u00e2nica, nos termos do Ac\u00f3rd\u00e3o n\u00ba 4529\/17, e sua cria\u00e7\u00e3o e execu\u00e7\u00e3o submetem-se integralmente aos arts. 16 e 17 da LRF, \u00e0 compatibilidade com PPA, LDO e LOA e aos limites do art. 29-A e \u00a7 1\u00ba da CF.<\/p>\n<p>Especificamente quanto ao item \u201cb\u201d, refor\u00e7ou que o Ac\u00f3rd\u00e3o n\u00ba 645\/20122 (Consulta n\u00ba 35817\/2011, Tribunal Pleno) fixou como marco temporal adequado o momento anterior \u00e0s elei\u00e7\u00f5es, de modo que a delibera\u00e7\u00e3o ocorra sem conhecimento do resultado das urnas, preservando a neutralidade decis\u00f3ria e evitando tanto majora\u00e7\u00e3o oportunista por maioria reeleita quanto redu\u00e7\u00e3o retaliat\u00f3ria por maioria n\u00e3o reconduzida.<\/p>\n<p>No caso concreto, conforme apontado pelo MPC-PR, as leis municipais foram editadas ap\u00f3s as elei\u00e7\u00f5es e, embora formalmente atendam \u00e0 anterioridade de legislatura, materialmente violam a moralidade e a impessoalidade, raz\u00e3o pela qual n\u00e3o se prestam a produzir efeitos v\u00e1lidos na legislatura subsequente.<\/p>\n<p>Portanto, em face de todo o exposto, o Relator acompanhou o opinativo da CAIS e do MPC-PR, emitindo seu voto pelo conhecimento da Consulta e, no m\u00e9rito, pela resposta ao questionamento \u201cb\u201d nos seguintes termos:<\/p>\n<p><strong>Resposta ao questionamento \u201cb\u201d:<\/strong> N\u00e3o \u00e9 poss\u00edvel aprovar e publicar a lei instituidora do 13\u00ba subs\u00eddio ap\u00f3s o pleito eleitoral, ainda que at\u00e9 31 de dezembro da legislatura anterior; o ato fixador deve ser aprovado e publicado antes das elei\u00e7\u00f5es, para vig\u00eancia na legislatura subsequente;<\/p>\n<p>Os membros do Tribunal Pleno acompanharam, por unanimidade, o voto do Relator, conforme a decis\u00e3o expressa no <a href=\"https:\/\/www.mpc.pr.gov.br\/wp-content\/uploads\/2026\/03\/Acordao-151-26.pdf\">Ac\u00f3rd\u00e3o n\u00ba 151\/26<\/a>.<\/p>\n","protected":false},"excerpt":{"rendered":"<p>\u201cN\u00e3o \u00e9 poss\u00edvel aprovar e publicar a lei que institui o 13\u00ba subs\u00eddio ap\u00f3s o pleito eleitoral, ainda que at\u00e9 31 de dezembro da legislatura anterior. Portanto, o ato fixador deve ser aprovado e publicado antes das elei\u00e7\u00f5es, para vig\u00eancia na legislatura subsequente.\u201d Essa \u00e9 a orienta\u00e7\u00e3o dos membros do Pleno do Tribunal de Contas [&hellip;]<\/p>\n","protected":false},"author":1,"featured_media":11483,"comment_status":"open","ping_status":"open","sticky":false,"template":"","format":"standard","meta":{"_monsterinsights_skip_tracking":false,"_monsterinsights_sitenote_active":false,"_monsterinsights_sitenote_note":"","_monsterinsights_sitenote_category":0,"footnotes":""},"categories":[7],"tags":[],"class_list":["post-25434","post","type-post","status-publish","format-standard","has-post-thumbnail","hentry","category-todas-as-noticias","entry","has-media"],"yoast_head":"<!-- This site is optimized with the Yoast SEO plugin v27.3 - https:\/\/yoast.com\/product\/yoast-seo-wordpress\/ -->\n<title>Consulta esclarece prazo para aprova\u00e7\u00e3o do 13\u00ba subs\u00eddio de prefeito, vice e vereadores - Minist\u00e9rio P\u00fablico de Contas do Estado do Paran\u00e1<\/title>\n<meta name=\"robots\" content=\"index, follow, max-snippet:-1, max-image-preview:large, max-video-preview:-1\" \/>\n<link rel=\"canonical\" href=\"https:\/\/www.mpc.pr.gov.br\/index.php\/consulta-esclarece-prazo-para-aprovacao-do-13o-subsidio-de-prefeito-vice-e-vereadores\/\" \/>\n<meta property=\"og:locale\" content=\"pt_BR\" \/>\n<meta property=\"og:type\" content=\"article\" \/>\n<meta property=\"og:title\" content=\"Consulta esclarece prazo para aprova\u00e7\u00e3o do 13\u00ba subs\u00eddio de prefeito, vice e vereadores - Minist\u00e9rio P\u00fablico de Contas do Estado do Paran\u00e1\" \/>\n<meta property=\"og:description\" content=\"\u201cN\u00e3o \u00e9 poss\u00edvel aprovar e publicar a lei que institui o 13\u00ba subs\u00eddio ap\u00f3s o pleito eleitoral, ainda que at\u00e9 31 de dezembro da legislatura anterior. Portanto, o ato fixador deve ser aprovado e publicado antes das elei\u00e7\u00f5es, para vig\u00eancia na legislatura subsequente.\u201d Essa \u00e9 a orienta\u00e7\u00e3o dos membros do Pleno do Tribunal de Contas [&hellip;]\" \/>\n<meta property=\"og:url\" content=\"https:\/\/www.mpc.pr.gov.br\/index.php\/consulta-esclarece-prazo-para-aprovacao-do-13o-subsidio-de-prefeito-vice-e-vereadores\/\" \/>\n<meta property=\"og:site_name\" content=\"Minist\u00e9rio P\u00fablico de Contas do Estado do Paran\u00e1\" \/>\n<meta property=\"article:publisher\" content=\"https:\/\/www.facebook.com\/mpc.pr\" \/>\n<meta property=\"article:published_time\" content=\"2026-03-10T18:26:49+00:00\" \/>\n<meta property=\"article:modified_time\" content=\"2026-03-16T18:03:59+00:00\" \/>\n<meta property=\"og:image\" content=\"https:\/\/www.mpc.pr.gov.br\/wp-content\/uploads\/2021\/02\/Camara-Municipal.jpg\" \/>\n\t<meta property=\"og:image:width\" content=\"640\" \/>\n\t<meta property=\"og:image:height\" content=\"526\" \/>\n\t<meta property=\"og:image:type\" content=\"image\/jpeg\" \/>\n<meta name=\"author\" content=\"mpcontaspr\" \/>\n<meta name=\"twitter:card\" content=\"summary_large_image\" \/>\n<meta name=\"twitter:label1\" content=\"Escrito por\" \/>\n\t<meta name=\"twitter:data1\" content=\"mpcontaspr\" \/>\n\t<meta name=\"twitter:label2\" content=\"Est. tempo de leitura\" \/>\n\t<meta name=\"twitter:data2\" content=\"8 minutos\" \/>\n<script type=\"application\/ld+json\" class=\"yoast-schema-graph\">{\"@context\":\"https:\\\/\\\/schema.org\",\"@graph\":[{\"@type\":\"Article\",\"@id\":\"https:\\\/\\\/www.mpc.pr.gov.br\\\/index.php\\\/consulta-esclarece-prazo-para-aprovacao-do-13o-subsidio-de-prefeito-vice-e-vereadores\\\/#article\",\"isPartOf\":{\"@id\":\"https:\\\/\\\/www.mpc.pr.gov.br\\\/index.php\\\/consulta-esclarece-prazo-para-aprovacao-do-13o-subsidio-de-prefeito-vice-e-vereadores\\\/\"},\"author\":{\"name\":\"mpcontaspr\",\"@id\":\"https:\\\/\\\/www.mpc.pr.gov.br\\\/#\\\/schema\\\/person\\\/2d83cb8980538d0ec174e8a6284f5e11\"},\"headline\":\"Consulta esclarece prazo para aprova\u00e7\u00e3o do 13\u00ba subs\u00eddio de prefeito, vice e vereadores\",\"datePublished\":\"2026-03-10T18:26:49+00:00\",\"dateModified\":\"2026-03-16T18:03:59+00:00\",\"mainEntityOfPage\":{\"@id\":\"https:\\\/\\\/www.mpc.pr.gov.br\\\/index.php\\\/consulta-esclarece-prazo-para-aprovacao-do-13o-subsidio-de-prefeito-vice-e-vereadores\\\/\"},\"wordCount\":1495,\"commentCount\":0,\"publisher\":{\"@id\":\"https:\\\/\\\/www.mpc.pr.gov.br\\\/#organization\"},\"image\":{\"@id\":\"https:\\\/\\\/www.mpc.pr.gov.br\\\/index.php\\\/consulta-esclarece-prazo-para-aprovacao-do-13o-subsidio-de-prefeito-vice-e-vereadores\\\/#primaryimage\"},\"thumbnailUrl\":\"https:\\\/\\\/www.mpc.pr.gov.br\\\/wp-content\\\/uploads\\\/2021\\\/02\\\/Camara-Municipal.jpg\",\"articleSection\":[\"Todas as not\u00edcias\"],\"inLanguage\":\"pt-BR\",\"potentialAction\":[{\"@type\":\"CommentAction\",\"name\":\"Comment\",\"target\":[\"https:\\\/\\\/www.mpc.pr.gov.br\\\/index.php\\\/consulta-esclarece-prazo-para-aprovacao-do-13o-subsidio-de-prefeito-vice-e-vereadores\\\/#respond\"]}]},{\"@type\":\"WebPage\",\"@id\":\"https:\\\/\\\/www.mpc.pr.gov.br\\\/index.php\\\/consulta-esclarece-prazo-para-aprovacao-do-13o-subsidio-de-prefeito-vice-e-vereadores\\\/\",\"url\":\"https:\\\/\\\/www.mpc.pr.gov.br\\\/index.php\\\/consulta-esclarece-prazo-para-aprovacao-do-13o-subsidio-de-prefeito-vice-e-vereadores\\\/\",\"name\":\"Consulta esclarece prazo para aprova\u00e7\u00e3o do 13\u00ba subs\u00eddio de prefeito, vice e vereadores - Minist\u00e9rio P\u00fablico de Contas do Estado do Paran\u00e1\",\"isPartOf\":{\"@id\":\"https:\\\/\\\/www.mpc.pr.gov.br\\\/#website\"},\"primaryImageOfPage\":{\"@id\":\"https:\\\/\\\/www.mpc.pr.gov.br\\\/index.php\\\/consulta-esclarece-prazo-para-aprovacao-do-13o-subsidio-de-prefeito-vice-e-vereadores\\\/#primaryimage\"},\"image\":{\"@id\":\"https:\\\/\\\/www.mpc.pr.gov.br\\\/index.php\\\/consulta-esclarece-prazo-para-aprovacao-do-13o-subsidio-de-prefeito-vice-e-vereadores\\\/#primaryimage\"},\"thumbnailUrl\":\"https:\\\/\\\/www.mpc.pr.gov.br\\\/wp-content\\\/uploads\\\/2021\\\/02\\\/Camara-Municipal.jpg\",\"datePublished\":\"2026-03-10T18:26:49+00:00\",\"dateModified\":\"2026-03-16T18:03:59+00:00\",\"breadcrumb\":{\"@id\":\"https:\\\/\\\/www.mpc.pr.gov.br\\\/index.php\\\/consulta-esclarece-prazo-para-aprovacao-do-13o-subsidio-de-prefeito-vice-e-vereadores\\\/#breadcrumb\"},\"inLanguage\":\"pt-BR\",\"potentialAction\":[{\"@type\":\"ReadAction\",\"target\":[\"https:\\\/\\\/www.mpc.pr.gov.br\\\/index.php\\\/consulta-esclarece-prazo-para-aprovacao-do-13o-subsidio-de-prefeito-vice-e-vereadores\\\/\"]}]},{\"@type\":\"ImageObject\",\"inLanguage\":\"pt-BR\",\"@id\":\"https:\\\/\\\/www.mpc.pr.gov.br\\\/index.php\\\/consulta-esclarece-prazo-para-aprovacao-do-13o-subsidio-de-prefeito-vice-e-vereadores\\\/#primaryimage\",\"url\":\"https:\\\/\\\/www.mpc.pr.gov.br\\\/wp-content\\\/uploads\\\/2021\\\/02\\\/Camara-Municipal.jpg\",\"contentUrl\":\"https:\\\/\\\/www.mpc.pr.gov.br\\\/wp-content\\\/uploads\\\/2021\\\/02\\\/Camara-Municipal.jpg\",\"width\":640,\"height\":526,\"caption\":\"Fiscalizar os gastos das 399 c\u00e2maras de vereadores do Paran\u00e1 \u00e9 fun\u00e7\u00e3o do TCE-PR e MPC-PR. Ilustra\u00e7\u00e3o: N\u00facleo de Imagem - Diretoria de Comunica\u00e7\u00e3o Social\\\/Divulga\u00e7\u00e3o TCE-PR.\"},{\"@type\":\"BreadcrumbList\",\"@id\":\"https:\\\/\\\/www.mpc.pr.gov.br\\\/index.php\\\/consulta-esclarece-prazo-para-aprovacao-do-13o-subsidio-de-prefeito-vice-e-vereadores\\\/#breadcrumb\",\"itemListElement\":[{\"@type\":\"ListItem\",\"position\":1,\"name\":\"In\u00edcio\",\"item\":\"https:\\\/\\\/www.mpc.pr.gov.br\\\/\"},{\"@type\":\"ListItem\",\"position\":2,\"name\":\"Consulta esclarece prazo para aprova\u00e7\u00e3o do 13\u00ba subs\u00eddio de prefeito, vice e vereadores\"}]},{\"@type\":\"WebSite\",\"@id\":\"https:\\\/\\\/www.mpc.pr.gov.br\\\/#website\",\"url\":\"https:\\\/\\\/www.mpc.pr.gov.br\\\/\",\"name\":\"Minist\u00e9rio P\u00fablico de Contas do Estado do Paran\u00e1\",\"description\":\"\",\"publisher\":{\"@id\":\"https:\\\/\\\/www.mpc.pr.gov.br\\\/#organization\"},\"potentialAction\":[{\"@type\":\"SearchAction\",\"target\":{\"@type\":\"EntryPoint\",\"urlTemplate\":\"https:\\\/\\\/www.mpc.pr.gov.br\\\/?s={search_term_string}\"},\"query-input\":{\"@type\":\"PropertyValueSpecification\",\"valueRequired\":true,\"valueName\":\"search_term_string\"}}],\"inLanguage\":\"pt-BR\"},{\"@type\":\"Organization\",\"@id\":\"https:\\\/\\\/www.mpc.pr.gov.br\\\/#organization\",\"name\":\"Minist\u00e9rio P\u00fablico de Contas do Estado do Paran\u00e1\",\"url\":\"https:\\\/\\\/www.mpc.pr.gov.br\\\/\",\"logo\":{\"@type\":\"ImageObject\",\"inLanguage\":\"pt-BR\",\"@id\":\"https:\\\/\\\/www.mpc.pr.gov.br\\\/#\\\/schema\\\/logo\\\/image\\\/\",\"url\":\"https:\\\/\\\/www.mpc.pr.gov.br\\\/wp-content\\\/uploads\\\/2020\\\/06\\\/99423647_1593460364143890_6706793420720963584_n-1-e1591387983167.png\",\"contentUrl\":\"https:\\\/\\\/www.mpc.pr.gov.br\\\/wp-content\\\/uploads\\\/2020\\\/06\\\/99423647_1593460364143890_6706793420720963584_n-1-e1591387983167.png\",\"width\":243,\"height\":73,\"caption\":\"Minist\u00e9rio P\u00fablico de Contas do Estado do Paran\u00e1\"},\"image\":{\"@id\":\"https:\\\/\\\/www.mpc.pr.gov.br\\\/#\\\/schema\\\/logo\\\/image\\\/\"},\"sameAs\":[\"https:\\\/\\\/www.facebook.com\\\/mpc.pr\",\"https:\\\/\\\/www.instagram.com\\\/mpc.pr\\\/?hl=pt-br\",\"https:\\\/\\\/www.youtube.com\\\/channel\\\/UCHri5oEM8DV0ztX57E0sBSw\"]},{\"@type\":\"Person\",\"@id\":\"https:\\\/\\\/www.mpc.pr.gov.br\\\/#\\\/schema\\\/person\\\/2d83cb8980538d0ec174e8a6284f5e11\",\"name\":\"mpcontaspr\",\"image\":{\"@type\":\"ImageObject\",\"inLanguage\":\"pt-BR\",\"@id\":\"https:\\\/\\\/secure.gravatar.com\\\/avatar\\\/1aef51541db7622e05fd639336c9c9f312c2a618396e2b6ca96846362fc5403f?s=96&d=mm&r=g\",\"url\":\"https:\\\/\\\/secure.gravatar.com\\\/avatar\\\/1aef51541db7622e05fd639336c9c9f312c2a618396e2b6ca96846362fc5403f?s=96&d=mm&r=g\",\"contentUrl\":\"https:\\\/\\\/secure.gravatar.com\\\/avatar\\\/1aef51541db7622e05fd639336c9c9f312c2a618396e2b6ca96846362fc5403f?s=96&d=mm&r=g\",\"caption\":\"mpcontaspr\"},\"sameAs\":[\"http:\\\/\\\/www.mpc.pr.gov.br\"]}]}<\/script>\n<!-- \/ Yoast SEO plugin. -->","yoast_head_json":{"title":"Consulta esclarece prazo para aprova\u00e7\u00e3o do 13\u00ba subs\u00eddio de prefeito, vice e vereadores - Minist\u00e9rio P\u00fablico de Contas do Estado do Paran\u00e1","robots":{"index":"index","follow":"follow","max-snippet":"max-snippet:-1","max-image-preview":"max-image-preview:large","max-video-preview":"max-video-preview:-1"},"canonical":"https:\/\/www.mpc.pr.gov.br\/index.php\/consulta-esclarece-prazo-para-aprovacao-do-13o-subsidio-de-prefeito-vice-e-vereadores\/","og_locale":"pt_BR","og_type":"article","og_title":"Consulta esclarece prazo para aprova\u00e7\u00e3o do 13\u00ba subs\u00eddio de prefeito, vice e vereadores - Minist\u00e9rio P\u00fablico de Contas do Estado do Paran\u00e1","og_description":"\u201cN\u00e3o \u00e9 poss\u00edvel aprovar e publicar a lei que institui o 13\u00ba subs\u00eddio ap\u00f3s o pleito eleitoral, ainda que at\u00e9 31 de dezembro da legislatura anterior. Portanto, o ato fixador deve ser aprovado e publicado antes das elei\u00e7\u00f5es, para vig\u00eancia na legislatura subsequente.\u201d Essa \u00e9 a orienta\u00e7\u00e3o dos membros do Pleno do Tribunal de Contas [&hellip;]","og_url":"https:\/\/www.mpc.pr.gov.br\/index.php\/consulta-esclarece-prazo-para-aprovacao-do-13o-subsidio-de-prefeito-vice-e-vereadores\/","og_site_name":"Minist\u00e9rio P\u00fablico de Contas do Estado do Paran\u00e1","article_publisher":"https:\/\/www.facebook.com\/mpc.pr","article_published_time":"2026-03-10T18:26:49+00:00","article_modified_time":"2026-03-16T18:03:59+00:00","og_image":[{"width":640,"height":526,"url":"https:\/\/www.mpc.pr.gov.br\/wp-content\/uploads\/2021\/02\/Camara-Municipal.jpg","type":"image\/jpeg"}],"author":"mpcontaspr","twitter_card":"summary_large_image","twitter_misc":{"Escrito por":"mpcontaspr","Est. tempo de leitura":"8 minutos"},"schema":{"@context":"https:\/\/schema.org","@graph":[{"@type":"Article","@id":"https:\/\/www.mpc.pr.gov.br\/index.php\/consulta-esclarece-prazo-para-aprovacao-do-13o-subsidio-de-prefeito-vice-e-vereadores\/#article","isPartOf":{"@id":"https:\/\/www.mpc.pr.gov.br\/index.php\/consulta-esclarece-prazo-para-aprovacao-do-13o-subsidio-de-prefeito-vice-e-vereadores\/"},"author":{"name":"mpcontaspr","@id":"https:\/\/www.mpc.pr.gov.br\/#\/schema\/person\/2d83cb8980538d0ec174e8a6284f5e11"},"headline":"Consulta esclarece prazo para aprova\u00e7\u00e3o do 13\u00ba subs\u00eddio de prefeito, vice e vereadores","datePublished":"2026-03-10T18:26:49+00:00","dateModified":"2026-03-16T18:03:59+00:00","mainEntityOfPage":{"@id":"https:\/\/www.mpc.pr.gov.br\/index.php\/consulta-esclarece-prazo-para-aprovacao-do-13o-subsidio-de-prefeito-vice-e-vereadores\/"},"wordCount":1495,"commentCount":0,"publisher":{"@id":"https:\/\/www.mpc.pr.gov.br\/#organization"},"image":{"@id":"https:\/\/www.mpc.pr.gov.br\/index.php\/consulta-esclarece-prazo-para-aprovacao-do-13o-subsidio-de-prefeito-vice-e-vereadores\/#primaryimage"},"thumbnailUrl":"https:\/\/www.mpc.pr.gov.br\/wp-content\/uploads\/2021\/02\/Camara-Municipal.jpg","articleSection":["Todas as not\u00edcias"],"inLanguage":"pt-BR","potentialAction":[{"@type":"CommentAction","name":"Comment","target":["https:\/\/www.mpc.pr.gov.br\/index.php\/consulta-esclarece-prazo-para-aprovacao-do-13o-subsidio-de-prefeito-vice-e-vereadores\/#respond"]}]},{"@type":"WebPage","@id":"https:\/\/www.mpc.pr.gov.br\/index.php\/consulta-esclarece-prazo-para-aprovacao-do-13o-subsidio-de-prefeito-vice-e-vereadores\/","url":"https:\/\/www.mpc.pr.gov.br\/index.php\/consulta-esclarece-prazo-para-aprovacao-do-13o-subsidio-de-prefeito-vice-e-vereadores\/","name":"Consulta esclarece prazo para aprova\u00e7\u00e3o do 13\u00ba subs\u00eddio de prefeito, vice e vereadores - Minist\u00e9rio P\u00fablico de Contas do Estado do Paran\u00e1","isPartOf":{"@id":"https:\/\/www.mpc.pr.gov.br\/#website"},"primaryImageOfPage":{"@id":"https:\/\/www.mpc.pr.gov.br\/index.php\/consulta-esclarece-prazo-para-aprovacao-do-13o-subsidio-de-prefeito-vice-e-vereadores\/#primaryimage"},"image":{"@id":"https:\/\/www.mpc.pr.gov.br\/index.php\/consulta-esclarece-prazo-para-aprovacao-do-13o-subsidio-de-prefeito-vice-e-vereadores\/#primaryimage"},"thumbnailUrl":"https:\/\/www.mpc.pr.gov.br\/wp-content\/uploads\/2021\/02\/Camara-Municipal.jpg","datePublished":"2026-03-10T18:26:49+00:00","dateModified":"2026-03-16T18:03:59+00:00","breadcrumb":{"@id":"https:\/\/www.mpc.pr.gov.br\/index.php\/consulta-esclarece-prazo-para-aprovacao-do-13o-subsidio-de-prefeito-vice-e-vereadores\/#breadcrumb"},"inLanguage":"pt-BR","potentialAction":[{"@type":"ReadAction","target":["https:\/\/www.mpc.pr.gov.br\/index.php\/consulta-esclarece-prazo-para-aprovacao-do-13o-subsidio-de-prefeito-vice-e-vereadores\/"]}]},{"@type":"ImageObject","inLanguage":"pt-BR","@id":"https:\/\/www.mpc.pr.gov.br\/index.php\/consulta-esclarece-prazo-para-aprovacao-do-13o-subsidio-de-prefeito-vice-e-vereadores\/#primaryimage","url":"https:\/\/www.mpc.pr.gov.br\/wp-content\/uploads\/2021\/02\/Camara-Municipal.jpg","contentUrl":"https:\/\/www.mpc.pr.gov.br\/wp-content\/uploads\/2021\/02\/Camara-Municipal.jpg","width":640,"height":526,"caption":"Fiscalizar os gastos das 399 c\u00e2maras de vereadores do Paran\u00e1 \u00e9 fun\u00e7\u00e3o do TCE-PR e MPC-PR. Ilustra\u00e7\u00e3o: N\u00facleo de Imagem - Diretoria de Comunica\u00e7\u00e3o Social\/Divulga\u00e7\u00e3o TCE-PR."},{"@type":"BreadcrumbList","@id":"https:\/\/www.mpc.pr.gov.br\/index.php\/consulta-esclarece-prazo-para-aprovacao-do-13o-subsidio-de-prefeito-vice-e-vereadores\/#breadcrumb","itemListElement":[{"@type":"ListItem","position":1,"name":"In\u00edcio","item":"https:\/\/www.mpc.pr.gov.br\/"},{"@type":"ListItem","position":2,"name":"Consulta esclarece prazo para aprova\u00e7\u00e3o do 13\u00ba subs\u00eddio de prefeito, vice e vereadores"}]},{"@type":"WebSite","@id":"https:\/\/www.mpc.pr.gov.br\/#website","url":"https:\/\/www.mpc.pr.gov.br\/","name":"Minist\u00e9rio P\u00fablico de Contas do Estado do Paran\u00e1","description":"","publisher":{"@id":"https:\/\/www.mpc.pr.gov.br\/#organization"},"potentialAction":[{"@type":"SearchAction","target":{"@type":"EntryPoint","urlTemplate":"https:\/\/www.mpc.pr.gov.br\/?s={search_term_string}"},"query-input":{"@type":"PropertyValueSpecification","valueRequired":true,"valueName":"search_term_string"}}],"inLanguage":"pt-BR"},{"@type":"Organization","@id":"https:\/\/www.mpc.pr.gov.br\/#organization","name":"Minist\u00e9rio P\u00fablico de Contas do Estado do Paran\u00e1","url":"https:\/\/www.mpc.pr.gov.br\/","logo":{"@type":"ImageObject","inLanguage":"pt-BR","@id":"https:\/\/www.mpc.pr.gov.br\/#\/schema\/logo\/image\/","url":"https:\/\/www.mpc.pr.gov.br\/wp-content\/uploads\/2020\/06\/99423647_1593460364143890_6706793420720963584_n-1-e1591387983167.png","contentUrl":"https:\/\/www.mpc.pr.gov.br\/wp-content\/uploads\/2020\/06\/99423647_1593460364143890_6706793420720963584_n-1-e1591387983167.png","width":243,"height":73,"caption":"Minist\u00e9rio P\u00fablico de Contas do Estado do Paran\u00e1"},"image":{"@id":"https:\/\/www.mpc.pr.gov.br\/#\/schema\/logo\/image\/"},"sameAs":["https:\/\/www.facebook.com\/mpc.pr","https:\/\/www.instagram.com\/mpc.pr\/?hl=pt-br","https:\/\/www.youtube.com\/channel\/UCHri5oEM8DV0ztX57E0sBSw"]},{"@type":"Person","@id":"https:\/\/www.mpc.pr.gov.br\/#\/schema\/person\/2d83cb8980538d0ec174e8a6284f5e11","name":"mpcontaspr","image":{"@type":"ImageObject","inLanguage":"pt-BR","@id":"https:\/\/secure.gravatar.com\/avatar\/1aef51541db7622e05fd639336c9c9f312c2a618396e2b6ca96846362fc5403f?s=96&d=mm&r=g","url":"https:\/\/secure.gravatar.com\/avatar\/1aef51541db7622e05fd639336c9c9f312c2a618396e2b6ca96846362fc5403f?s=96&d=mm&r=g","contentUrl":"https:\/\/secure.gravatar.com\/avatar\/1aef51541db7622e05fd639336c9c9f312c2a618396e2b6ca96846362fc5403f?s=96&d=mm&r=g","caption":"mpcontaspr"},"sameAs":["http:\/\/www.mpc.pr.gov.br"]}]}},"rttpg_featured_image_url":{"full":["https:\/\/www.mpc.pr.gov.br\/wp-content\/uploads\/2021\/02\/Camara-Municipal.jpg",640,526,false],"landscape":["https:\/\/www.mpc.pr.gov.br\/wp-content\/uploads\/2021\/02\/Camara-Municipal.jpg",640,526,false],"portraits":["https:\/\/www.mpc.pr.gov.br\/wp-content\/uploads\/2021\/02\/Camara-Municipal.jpg",640,526,false],"thumbnail":["https:\/\/www.mpc.pr.gov.br\/wp-content\/uploads\/2021\/02\/Camara-Municipal-150x150.jpg",150,150,true],"medium":["https:\/\/www.mpc.pr.gov.br\/wp-content\/uploads\/2021\/02\/Camara-Municipal-300x247.jpg",300,247,true],"large":["https:\/\/www.mpc.pr.gov.br\/wp-content\/uploads\/2021\/02\/Camara-Municipal.jpg",640,526,false],"1536x1536":["https:\/\/www.mpc.pr.gov.br\/wp-content\/uploads\/2021\/02\/Camara-Municipal.jpg",640,526,false],"2048x2048":["https:\/\/www.mpc.pr.gov.br\/wp-content\/uploads\/2021\/02\/Camara-Municipal.jpg",640,526,false],"ocean-thumb-m":["https:\/\/www.mpc.pr.gov.br\/wp-content\/uploads\/2021\/02\/Camara-Municipal.jpg",600,493,false],"ocean-thumb-ml":["https:\/\/www.mpc.pr.gov.br\/wp-content\/uploads\/2021\/02\/Camara-Municipal.jpg",548,450,false],"ocean-thumb-l":["https:\/\/www.mpc.pr.gov.br\/wp-content\/uploads\/2021\/02\/Camara-Municipal.jpg",640,526,false]},"rttpg_author":{"display_name":"mpcontaspr","author_link":"https:\/\/www.mpc.pr.gov.br\/index.php\/author\/mpcontaspr\/"},"rttpg_comment":0,"rttpg_category":"<a href=\"https:\/\/www.mpc.pr.gov.br\/index.php\/category\/todas-as-noticias\/\" rel=\"category tag\">Todas as not\u00edcias<\/a>","rttpg_excerpt":"\u201cN\u00e3o \u00e9 poss\u00edvel aprovar e publicar a lei que institui o 13\u00ba subs\u00eddio ap\u00f3s o pleito eleitoral, ainda que at\u00e9 31 de dezembro da legislatura anterior. Portanto, o ato fixador deve ser aprovado e publicado antes das elei\u00e7\u00f5es, para vig\u00eancia na legislatura subsequente.\u201d Essa \u00e9 a orienta\u00e7\u00e3o dos membros do Pleno do Tribunal de Contas&hellip;","_links":{"self":[{"href":"https:\/\/www.mpc.pr.gov.br\/index.php\/wp-json\/wp\/v2\/posts\/25434","targetHints":{"allow":["GET"]}}],"collection":[{"href":"https:\/\/www.mpc.pr.gov.br\/index.php\/wp-json\/wp\/v2\/posts"}],"about":[{"href":"https:\/\/www.mpc.pr.gov.br\/index.php\/wp-json\/wp\/v2\/types\/post"}],"author":[{"embeddable":true,"href":"https:\/\/www.mpc.pr.gov.br\/index.php\/wp-json\/wp\/v2\/users\/1"}],"replies":[{"embeddable":true,"href":"https:\/\/www.mpc.pr.gov.br\/index.php\/wp-json\/wp\/v2\/comments?post=25434"}],"version-history":[{"count":1,"href":"https:\/\/www.mpc.pr.gov.br\/index.php\/wp-json\/wp\/v2\/posts\/25434\/revisions"}],"predecessor-version":[{"id":25438,"href":"https:\/\/www.mpc.pr.gov.br\/index.php\/wp-json\/wp\/v2\/posts\/25434\/revisions\/25438"}],"wp:featuredmedia":[{"embeddable":true,"href":"https:\/\/www.mpc.pr.gov.br\/index.php\/wp-json\/wp\/v2\/media\/11483"}],"wp:attachment":[{"href":"https:\/\/www.mpc.pr.gov.br\/index.php\/wp-json\/wp\/v2\/media?parent=25434"}],"wp:term":[{"taxonomy":"category","embeddable":true,"href":"https:\/\/www.mpc.pr.gov.br\/index.php\/wp-json\/wp\/v2\/categories?post=25434"},{"taxonomy":"post_tag","embeddable":true,"href":"https:\/\/www.mpc.pr.gov.br\/index.php\/wp-json\/wp\/v2\/tags?post=25434"}],"curies":[{"name":"wp","href":"https:\/\/api.w.org\/{rel}","templated":true}]}}