{"id":25467,"date":"2026-03-11T16:59:34","date_gmt":"2026-03-11T19:59:34","guid":{"rendered":"https:\/\/www.mpc.pr.gov.br\/?p=25467"},"modified":"2026-03-17T14:05:09","modified_gmt":"2026-03-17T17:05:09","slug":"mpc-pr-destaca-prevencao-e-fortalecimento-das-defesas-civis-municipais-em-evento-de-capacitacao-para-gestao-de-desastres","status":"publish","type":"post","link":"https:\/\/www.mpc.pr.gov.br\/index.php\/mpc-pr-destaca-prevencao-e-fortalecimento-das-defesas-civis-municipais-em-evento-de-capacitacao-para-gestao-de-desastres\/","title":{"rendered":"MPC-PR destaca preven\u00e7\u00e3o e fortalecimento das Defesas Civis municipais em evento de capacita\u00e7\u00e3o para gest\u00e3o de desastres"},"content":{"rendered":"<figure id=\"attachment_25468\" aria-describedby=\"caption-attachment-25468\" style=\"width: 300px\" class=\"wp-caption alignleft\"><img fetchpriority=\"high\" decoding=\"async\" class=\"size-medium wp-image-25468\" src=\"https:\/\/www.mpc.pr.gov.br\/wp-content\/uploads\/2026\/03\/imagem-1-300x200.jpg\" alt=\"\" width=\"300\" height=\"200\" srcset=\"https:\/\/www.mpc.pr.gov.br\/wp-content\/uploads\/2026\/03\/imagem-1-300x200.jpg 300w, https:\/\/www.mpc.pr.gov.br\/wp-content\/uploads\/2026\/03\/imagem-1-768x512.jpg 768w, https:\/\/www.mpc.pr.gov.br\/wp-content\/uploads\/2026\/03\/imagem-1.jpg 800w\" sizes=\"(max-width: 300px) 100vw, 300px\" \/><figcaption id=\"caption-attachment-25468\" class=\"wp-caption-text\">Foto: Amie Feitosa\/Defesa Civil.<\/figcaption><\/figure>\n<p><span data-contrast=\"auto\">O Minist\u00e9rio P\u00fablico de Contas do Paran\u00e1 (MPC-PR)\u00a0teve participa\u00e7\u00e3o especial, nesta ter\u00e7a-feira (10),\u00a0no evento promovido pela\u00a0<a href=\"https:\/\/www.defesacivil.pr.gov.br\/\">Coordenadoria Estadual de Defesa Civil<\/a> em parceria com a <a href=\"https:\/\/www.desenvolvimentosocial.pr.gov.br\/\">Secretaria do Desenvolvimento e Fam\u00edlia (SEDEF)<\/a> e o Centro Estadual de Estudos e Pesquisas sobre Desastres (CEDEP), realizado no Teatro Gua\u00edra, em Curitiba.\u00a0O\u00a0evento\u00a0marcou o lan\u00e7amento do\u00a0curso\u00a0de capacita\u00e7\u00e3o\u00a0sobre \u201cInterven\u00e7\u00e3o\u00a0e Gest\u00e3o de Desastres\u201d\u00a0voltado aos\u00a0profissionais da Defesa Civil e da Assist\u00eancia Social dos Munic\u00edpios paranaenses,\u00a0o qual\u00a0ser\u00e1 realizado de maneira h\u00edbrida (encontros presenciais e online)\u00a0e ter\u00e1\u00a0seis meses\u00a0de dura\u00e7\u00e3o.<\/span><span data-ccp-props=\"{&quot;201341983&quot;:0,&quot;335551550&quot;:6,&quot;335551620&quot;:6,&quot;335559731&quot;:708,&quot;335559740&quot;:360}\">\u00a0<\/span><\/p>\n<p><span data-contrast=\"auto\">Este\u00a0primeiro encontro,\u00a0teve como objetivo\u00a0discutir\u00a0a integra\u00e7\u00e3o necess\u00e1ria entre\u00a0Defesa\u00a0Civil\u00a0e\u00a0Assist\u00eancia\u00a0Social,\u00a0tendo em vista seu potencial determinante diante da\u00a0ocorr\u00eancia de eventos clim\u00e1ticos extremos\u00a0e a\u00a0import\u00e2ncia do cuidado com a popula\u00e7\u00e3o diretamente afetada, em especial aqueles considerados socialmente vulner\u00e1veis.\u00a0Na ocasi\u00e3o, o MPC-PR\u00a0foi\u00a0representado pelo Procurador-Geral, Gabriel Guy L\u00e9ger, a Diretora-Geral, Barbara\u00a0Krysttal\u00a0Motta\u00a0Almeida\u00a0Reis, e a Coordenadora do Projeto Especial \u201cEstruturas de Prote\u00e7\u00e3o e Defesa Civil dos Munic\u00edpios\u201d, Cecilia Passos Brand\u00e3o, al\u00e9m das servidoras Giovanna Faria,\u00a0Mykaella\u00a0Mello e\u00a0Suiane\u00a0Volpato.\u00a0<\/span><span data-ccp-props=\"{&quot;201341983&quot;:0,&quot;335551550&quot;:6,&quot;335551620&quot;:6,&quot;335559731&quot;:708,&quot;335559740&quot;:360}\">\u00a0<\/span><\/p>\n<h4><b><span data-contrast=\"auto\">Mesa de Abertura<\/span><\/b><span data-ccp-props=\"{&quot;201341983&quot;:0,&quot;335551550&quot;:6,&quot;335551620&quot;:6,&quot;335559740&quot;:360}\">\u00a0<\/span><\/h4>\n<p><span data-contrast=\"auto\">No per\u00edodo da manh\u00e3, a mesa de abertura contou com a presen\u00e7a de autoridades\u00a0ilustres como<\/span><span data-contrast=\"auto\">\u00a0o\u00a0Coordenador Estadual de Defesa Civil, Coronel Fernando\u00a0Schunig;\u00a0o Secret\u00e1rio do Desenvolvimento Social e Fam\u00edlia, Rog\u00e9rio Carboni;\u00a0o Secret\u00e1rio de Estado da Administra\u00e7\u00e3o e da Previd\u00eancia,\u00a0<\/span><span data-contrast=\"none\">Luiz\u00a0Goularte\u00a0Alves (\u201cLuiz\u00e3o\u201d);<\/span><span data-contrast=\"auto\">\u00a0\u00a0a Diretora de Desenvolvimento Social,\u00a0Ticyana\u00a0Paula\u00a0Begnini;\u00a0o Procurador-Geral do MPC-PR, Gabriel Guy L\u00e9ger; o Coordenador-Geral de Fiscaliza\u00e7\u00e3o do Tribunal de Contas do Paran\u00e1 (TCE-PR), Rafael Ayres; al\u00e9m de Prefeitos e Vices convidados.\u00a0<\/span><span data-ccp-props=\"{&quot;201341983&quot;:0,&quot;335551550&quot;:6,&quot;335551620&quot;:6,&quot;335559731&quot;:708,&quot;335559740&quot;:360}\">\u00a0<\/span><\/p>\n<p><span data-contrast=\"auto\">Em breve momento de fala, o\u00a0Secret\u00e1rio do Desenvolvimento Social e Fam\u00edlia, Rog\u00e9rio Carboni,\u00a0<\/span><span data-contrast=\"auto\">destacou a import\u00e2ncia dessa capacita\u00e7\u00e3o\u00a0para\u00a0os\u00a0gestores, relembrando a necessidade de respostas r\u00e1pidas diante de ocorr\u00eancias extremas. O\u00a0Secret\u00e1rio de Administra\u00e7\u00e3o e Previd\u00eancia,\u00a0Luiz Goulart,\u00a0por sua vez,\u00a0mencionou os\u00a0desafios\u00a0enfrentados\u00a0pelo\u00a0Munic\u00edpio de Pinhais\u00a0sobre\u00a0os\u00a0alagamentos\u00a0recorrentes na cidade,\u00a0enfatizando que tais cen\u00e1rios podem ser superados por meio da\u00a0organiza\u00e7\u00e3o e\u00a0articula\u00e7\u00e3o de\u00a0a\u00e7\u00f5es\u00a0conjuntas de defesa civil e assist\u00eancia social.<\/span><span data-ccp-props=\"{&quot;201341983&quot;:0,&quot;335551550&quot;:6,&quot;335551620&quot;:6,&quot;335559731&quot;:708,&quot;335559740&quot;:360}\">\u00a0<\/span><\/p>\n<p><span data-contrast=\"auto\">O Procurador-Geral do MPC-PR, Gabriel Guy L\u00e9ger,\u00a0ao iniciar sua fala, destacou a import\u00e2ncia de\u00a0se\u00a0fazer\u00a0uma\u00a0sauda\u00e7\u00e3o\u00a0inicial\u00a0longe dos microfones para que pessoas com problema auditivo possam localizar a origem do som corretamente, sendo\u00a0esta\u00a0uma\u00a0das formas de promover a inclus\u00e3o e acessibilidade. Em rela\u00e7\u00e3o ao evento, o Procurador-Geral\u00a0reafirmou o compromisso ministerial com projetos voltados \u00e0 preven\u00e7\u00e3o\u00a0de desastres\u00a0e\u00a0enfatizou a import\u00e2ncia de profissionais de outras \u00e1reas como engenharia, controle interno e\u00a0jur\u00eddico\u00a0participarem\u00a0de eventos\u00a0de capacita\u00e7\u00e3o\u00a0como esse, como forma de qualificar o corpo t\u00e9cnico dos\u00a0munic\u00edpios.\u00a0\u00a0<\/span><span data-ccp-props=\"{&quot;201341983&quot;:0,&quot;335551550&quot;:6,&quot;335551620&quot;:6,&quot;335559740&quot;:360}\">\u00a0<\/span><\/p>\n<h4><b><span data-contrast=\"auto\">Palestras<\/span><\/b><span data-ccp-props=\"{&quot;201341983&quot;:0,&quot;335551550&quot;:6,&quot;335551620&quot;:6,&quot;335559740&quot;:360}\">\u00a0<\/span><\/h4>\n<figure id=\"attachment_25469\" aria-describedby=\"caption-attachment-25469\" style=\"width: 300px\" class=\"wp-caption alignleft\"><img decoding=\"async\" class=\"size-medium wp-image-25469\" src=\"https:\/\/www.mpc.pr.gov.br\/wp-content\/uploads\/2026\/03\/curso-capcitacao-dc-300x200.jpg\" alt=\"\" width=\"300\" height=\"200\" srcset=\"https:\/\/www.mpc.pr.gov.br\/wp-content\/uploads\/2026\/03\/curso-capcitacao-dc-300x200.jpg 300w, https:\/\/www.mpc.pr.gov.br\/wp-content\/uploads\/2026\/03\/curso-capcitacao-dc-1024x683.jpg 1024w, https:\/\/www.mpc.pr.gov.br\/wp-content\/uploads\/2026\/03\/curso-capcitacao-dc-768x512.jpg 768w, https:\/\/www.mpc.pr.gov.br\/wp-content\/uploads\/2026\/03\/curso-capcitacao-dc-1536x1024.jpg 1536w, https:\/\/www.mpc.pr.gov.br\/wp-content\/uploads\/2026\/03\/curso-capcitacao-dc-2048x1365.jpg 2048w\" sizes=\"(max-width: 300px) 100vw, 300px\" \/><figcaption id=\"caption-attachment-25469\" class=\"wp-caption-text\">Foto\/Divulga\u00e7\u00e3o: Escola de Gest\u00e3o do Paran\u00e1.<\/figcaption><\/figure>\n<p><span data-contrast=\"auto\">Dando in\u00edcio a sequ\u00eancia de apresenta\u00e7\u00f5es\u00a0do dia, a primeira palestra contou com a presen\u00e7a do Coordenador Executivo da Defesa Civil, Coronel Ivan Ricardo Fernandes, junto \u00e0\u00a0Paula\u00a0Cristina\u00a0Calsavara,\u00a0representando a Secretaria do Desenvolvimento Social e\u00a0Fam\u00edlia (SEDEF).\u00a0Dentre os temas abordados, foram esclarecidos conceitos t\u00e9cnicos sobre a Defesa Civil e Assist\u00eancia Social nos Munic\u00edpios,\u00a0explicando de maneira\u00a0did\u00e1tica\u00a0quais os fluxos de procedimentos que devem ser adotados e quais agentes devem ser envolvidos diante da ocorr\u00eancia de um desastre natural.\u00a0<\/span><span data-ccp-props=\"{&quot;201341983&quot;:0,&quot;335551550&quot;:6,&quot;335551620&quot;:6,&quot;335559740&quot;:360}\">\u00a0<\/span><\/p>\n<p><span data-contrast=\"auto\">Em sua fala, o Coronel Ivan Ricardo Fernandes detalhou sobre o funcionamento do sistema estadual de prote\u00e7\u00e3o e defesa civil\u00a0e do Fundo Estadual de Calamidade P\u00fablica (FECAP). Apresentou, tamb\u00e9m, um checklist para gestores municipais, o qual deve compreender: o reconhecimento formal da situa\u00e7\u00e3o de emerg\u00eancia ou calamidade; o requerimento do prefeito municipal; o registro das fam\u00edlias desabrigadas e desalojadas no Formul\u00e1rio de Informa\u00e7\u00e3o do Desastre de Defesa Civil (FIDE); solicita\u00e7\u00e3o de recursos \u00e0 SEDEF; e, articula\u00e7\u00f5es necess\u00e1rias\u00a0entre a Defesa Civil Municipal e Estadual.\u00a0<\/span><span data-ccp-props=\"{&quot;201341983&quot;:0,&quot;335551550&quot;:6,&quot;335551620&quot;:6,&quot;335559740&quot;:360}\">\u00a0<\/span><\/p>\n<p><span data-contrast=\"auto\">Quanto a parte t\u00e9cnica de assist\u00eancia social, Paula\u00a0Cristina\u00a0destacou a import\u00e2ncia do trabalho social nos Munic\u00edpios,\u00a0bem como\u00a0a concess\u00e3o de benef\u00edcios eventuais de regulamenta\u00e7\u00e3o local. Neste sentido, explicou sobre o Decreto n\u00ba 6.307\/2007, o qual prev\u00ea provis\u00f5es suplementares e provis\u00f3rias, prestadas aos indiv\u00edduos e \u00e0s fam\u00edlias em virtude de morte, situa\u00e7\u00f5es de vulnerabilidade tempor\u00e1ria e de calamidade p\u00fablica e emerg\u00eancia. Em complemento, informou sobre as regras de\u00a0execu\u00e7\u00e3o\u00a0e presta\u00e7\u00e3o de contas previstas na Resolu\u00e7\u00e3o n\u00ba 189\/23-SEDEF.<\/span><span data-ccp-props=\"{&quot;201341983&quot;:0,&quot;335551550&quot;:6,&quot;335551620&quot;:6,&quot;335559740&quot;:360}\">\u00a0<\/span><\/p>\n<p><span data-contrast=\"auto\">Em suma, muito se falou sobre a\u00a0necess\u00e1ria integra\u00e7\u00e3o da Defesa Civil e da Assist\u00eancia Social nos Munic\u00edpios, de forma que\u00a0cada institui\u00e7\u00e3o possui suas atribui\u00e7\u00f5es t\u00edpicas e, de maneira conjunta, contribuem para uma rede de apoio municipal voltada \u00e0 prote\u00e7\u00e3o\u00a0da\u00a0popula\u00e7\u00e3o.<\/span><span data-ccp-props=\"{&quot;201341983&quot;:0,&quot;335551550&quot;:6,&quot;335551620&quot;:6,&quot;335559740&quot;:360}\">\u00a0<\/span><\/p>\n<p><span data-contrast=\"auto\">Na sequ\u00eancia, foi chamado ao palco o Controlador-Geral de Fiscaliza\u00e7\u00e3o do Tribunal de Contas do Estado do Paran\u00e1 (TCE-PR), Rafael Ayres, o qual explicou\u00a0sobre os eixos de atua\u00e7\u00e3o do\u00a0ProGov\u00a0e sobre como o \u00f3rg\u00e3o pode atuar\u00a0estrategicamente\u00a0para a constru\u00e7\u00e3o de Munic\u00edpios mais resilientes.\u00a0\u201cPor isso, essa iniciativa \u00e9 magn\u00edfica e muito oportuna, principalmente porque os desastres t\u00eam ocorrido com cada vez mais frequ\u00eancia. \u00c9 fundamental que os munic\u00edpios estejam preparados para mitigar os efeitos de tudo o que vem acontecendo\u201d, afirmou.<\/span><span data-ccp-props=\"{&quot;201341983&quot;:0,&quot;335551550&quot;:6,&quot;335551620&quot;:6,&quot;335559740&quot;:360}\">\u00a0<\/span><\/p>\n<h4><b><span data-contrast=\"auto\">Atua\u00e7\u00e3o do Minist\u00e9rio P\u00fablico de Contas<\/span><\/b><span data-ccp-props=\"{&quot;201341983&quot;:0,&quot;335551550&quot;:6,&quot;335551620&quot;:6,&quot;335559740&quot;:360}\">\u00a0<\/span><\/h4>\n<p><span data-contrast=\"auto\">Representando o MPC-PR, a\u00a0Coordenadora do Projeto Especial \u201cEstruturas de Prote\u00e7\u00e3o e Defesa Civil dos Munic\u00edpios\u201d,\u00a0Cecilia Passos Brand\u00e3o,\u00a0iniciou sua apresenta\u00e7\u00e3o destacando\u00a0os principais achados e reflex\u00f5es decorrentes dos dois relat\u00f3rios t\u00e9cnicos publicados pelo MPC-PR em 2026, os quais\u00a0cont\u00eam\u00a0uma an\u00e1lise detalhada sobre as estruturas municipais de prote\u00e7\u00e3o e defesa civil. Em sua fala,\u00a0Cecilia destacou que o trabalho do\u00a0MPC-PR\u00a0tem adotado uma perspectiva preventiva e orientadora, voltada \u00e0 compreens\u00e3o da realidade local, \u00e0 indu\u00e7\u00e3o de boas pr\u00e1ticas administrativas e ao fortalecimento institucional dos Munic\u00edpios, com foco na consolida\u00e7\u00e3o da pol\u00edtica p\u00fablica de prote\u00e7\u00e3o e defesa civil como uma estrutura permanente de gest\u00e3o, e n\u00e3o apenas de resposta a crises.<\/span><span data-ccp-props=\"{&quot;134233117&quot;:false,&quot;134233118&quot;:false,&quot;201341983&quot;:0,&quot;335551550&quot;:6,&quot;335551620&quot;:6,&quot;335559685&quot;:0,&quot;335559737&quot;:0,&quot;335559738&quot;:0,&quot;335559739&quot;:160,&quot;335559740&quot;:360}\">\u00a0<\/span><\/p>\n<p><span data-contrast=\"auto\">Ao detalhar o conte\u00fado do <a href=\"https:\/\/www.mpc.pr.gov.br\/wp-content\/uploads\/2026\/01\/Relatorio-Tecnico-012026-Fortalecimento-das-estruturas-de-defesa-civil-nos-municipios.pdf\">Relat\u00f3rio T\u00e9cnico n\u00ba 01\/2026<\/a>, a servidora explicou que o diagn\u00f3stico, realizado junto a 96 munic\u00edpios paranaenses, revelou a exist\u00eancia de estruturas de defesa civil ainda incipientes em grande parte do territ\u00f3rio, al\u00e9m de fragilidades no planejamento e na integra\u00e7\u00e3o de instrumentos essenciais de gest\u00e3o de riscos, como\u00a0\u00e9 o caso do Plano Municipal de Redu\u00e7\u00e3o de Riscos e o Plano Diretor. Segundo\u00a0Cecilia, os dados evidenciam uma cultura institucional pouco orientada \u00e0 preven\u00e7\u00e3o, o que compromete a capacidade administrativa local para enfrentar eventos adversos de forma mais eficaz e planejada.<\/span><span data-ccp-props=\"{&quot;201341983&quot;:0,&quot;335551550&quot;:6,&quot;335551620&quot;:6,&quot;335559740&quot;:360}\">\u00a0<\/span><\/p>\n<p><span data-contrast=\"auto\">J\u00e1 em rela\u00e7\u00e3o ao <a href=\"https:\/\/www.mpc.pr.gov.br\/wp-content\/uploads\/2026\/03\/Relatorio-Tecnico-022026-S2iD-MPC-PR-.pdf\">Relat\u00f3rio T\u00e9cnico n\u00ba 02\/2026<\/a>,\u00a0Cecilia\u00a0enfatizou os impactos advindos de uma m\u00e1 gest\u00e3o da informa\u00e7\u00e3o sobre desastres, especialmente no que se refere ao cadastramento e ao reconhecimento de ocorr\u00eancias nos sistemas oficiais SISDC (estadual) e S2iD (federal). Na ocasi\u00e3o, foi apontado que falhas como perda de prazos, aus\u00eancia de capacita\u00e7\u00e3o e inconsist\u00eancias documentais resultaram\u00a0na estimativa de\u00a0preju\u00edzos milion\u00e1rios aos\u00a0Munic\u00edpios e, sobretudo, na impossibilidade de acesso a recursos federais e a um conjunto relevante de medidas de prote\u00e7\u00e3o social, previdenci\u00e1ria e financeira destinadas \u00e0 popula\u00e7\u00e3o afetada. Ao final, se refor\u00e7ou a ideia de que a\u00a0correta gest\u00e3o da informa\u00e7\u00e3o n\u00e3o \u00e9 mera formalidade administrativa, mas\u00a0sim\u00a0condi\u00e7\u00e3o essencial para garantia de\u00a0direitos e prote\u00e7\u00e3o\u00a0dos cidad\u00e3os\u00a0diante de\u00a0situa\u00e7\u00f5es\u00a0emeg\u00eancia\u00a0e\u00a0de calamidade.<\/span><span data-ccp-props=\"{&quot;201341983&quot;:0,&quot;335551550&quot;:6,&quot;335551620&quot;:6,&quot;335559740&quot;:360}\">\u00a0<\/span><\/p>\n<p><span data-contrast=\"none\">Cecilia tamb\u00e9m aproveitou a ocasi\u00e3o para refor\u00e7ar as recomenda\u00e7\u00f5es expedidas pelo MPC-PR aos 399 munic\u00edpios do Paran\u00e1. A primeira delas\u00a0\u00e9 a\u00a0<a href=\"https:\/\/www.mpc.pr.gov.br\/wp-content\/uploads\/2025\/12\/Recomendacao-Administrativa-n.-03-2025-GPGMPC-PR.pdf\">Recomenda\u00e7\u00e3o Administrativa n\u00ba 03\/2025<\/a>, que orientas os entes municipais a institu\u00edrem o Fundo Municipal de Calamidade P\u00fablica e a estruturarem suas Defesas Civis, nos termos da Lei Estadual n\u00ba 18.519\/2015. Por sua vez, a Recomenda\u00e7\u00e3o Administrativa n\u00ba 02\/2026 orienta\u00a0os gestores a aprimorarem o registro de ocorr\u00eancias de desastres nos sistemas oficiais do Estado e da Uni\u00e3o, SISDC e o S2iD, a fim de\u00a0padronizar procedimentos, reduzir diverg\u00eancias entre bases de dados e fortalecer a governan\u00e7a da informa\u00e7\u00e3o necess\u00e1ria ao planejamento e \u00e0 articula\u00e7\u00e3o federativa em prote\u00e7\u00e3o e defesa civil.<\/span><span data-ccp-props=\"{&quot;201341983&quot;:0,&quot;335551550&quot;:6,&quot;335551620&quot;:6,&quot;335559740&quot;:360}\">\u00a0<\/span><\/p>\n<h4><b><span data-contrast=\"auto\">Per\u00edodo da tarde<\/span><\/b><span data-ccp-props=\"{&quot;201341983&quot;:0,&quot;335551550&quot;:6,&quot;335551620&quot;:6,&quot;335559740&quot;:360}\">\u00a0<\/span><\/h4>\n<p><span data-contrast=\"auto\">O retorno do evento, no\u00a0per\u00edodo da tarde, teve como ponto de partida uma mesa redonda com o Secret\u00e1rio\u00a0<\/span><span data-contrast=\"auto\">Rog\u00e9rio Carboni, o Coronel Fernando\u00a0Schunig, o Major Anderson Gomes e,\u00a0Leandro\u00a0Telles,\u00a0Coordenador\u00a0Estadual\u00a0do Cadastro \u00danico do Programa Bolsa Fam\u00edlia. Na ocasi\u00e3o, foram discutidos pontos espec\u00edficos sobre a atua\u00e7\u00e3o da Defesa Civil, como o cadastramento regular de im\u00f3veis nos Munic\u00edpios (que facilita a condu\u00e7\u00e3o de obras\u00a0de recupera\u00e7\u00e3o), funcionamento do Saque-<\/span><span data-contrast=\"none\">Calamidade do FGTS, \u00e1reas afetadas, sobre o\u00a0<\/span><span data-contrast=\"auto\">uso\u00a0do\u00a0Cad\u00danico\u00a0do Governo Federal como\u00a0refer\u00eancia para\u00a0fam\u00edlias em vulnerabilidade social, dentre outros.\u00a0<\/span><span data-ccp-props=\"{&quot;201341983&quot;:0,&quot;335551550&quot;:6,&quot;335551620&quot;:6,&quot;335559740&quot;:360}\">\u00a0<\/span><\/p>\n<p><span data-contrast=\"auto\">Na ocasi\u00e3o,\u00a0tamb\u00e9m foi oportunizado um momento para perguntas e respostas dos participantes do curso, os quais puderam tirar suas d\u00favidas e, tamb\u00e9m, enaltecer os trabalhos dos agentes envolvidos na prote\u00e7\u00e3o e defesa civil, bem como da assist\u00eancia social.<\/span><span data-ccp-props=\"{&quot;201341983&quot;:0,&quot;335551550&quot;:6,&quot;335551620&quot;:6,&quot;335559740&quot;:360}\">\u00a0<\/span><\/p>\n<p><span data-contrast=\"auto\">A apresenta\u00e7\u00e3o de encerramento foi realizada pela Diretora do Desenvolvimento Social,\u00a0Ticyana\u00a0Paula\u00a0Begnini, a qual retratou o cen\u00e1rio da gest\u00e3o de riscos e desastres perante uma perspectiva de primeiros cuidados psicossociais. Em sua fala, destacou como funcionam os mecanismos psicol\u00f3gicos e biol\u00f3gicos das pessoas quando da ocorr\u00eancia de um evento traum\u00e1tico como de Rio Bonito de Igua\u00e7u, por exemplo.\u00a0<\/span><span data-ccp-props=\"{&quot;134233117&quot;:false,&quot;134233118&quot;:false,&quot;201341983&quot;:0,&quot;335551550&quot;:6,&quot;335551620&quot;:6,&quot;335559685&quot;:0,&quot;335559737&quot;:0,&quot;335559738&quot;:0,&quot;335559739&quot;:160,&quot;335559740&quot;:360}\">\u00a0<\/span><\/p>\n<p><span data-contrast=\"auto\">Ainda, destacou que diante de situa\u00e7\u00f5es de estresse agudo, hipervigil\u00e2ncia, mem\u00f3rias fragmentadas e sentimento de impot\u00eancia, \u00e9 fundamental que\u00a0sejam garantidas as necessidades b\u00e1sicas do cidad\u00e3o (alimenta\u00e7\u00e3o, abrigo e prote\u00e7\u00e3o), assim como o exerc\u00edcio de uma escuta ativa, normaliza\u00e7\u00e3o das emo\u00e7\u00f5es e reconex\u00e3o social.\u00a0<\/span><span data-ccp-props=\"{&quot;134233117&quot;:false,&quot;134233118&quot;:false,&quot;201341983&quot;:0,&quot;335551550&quot;:6,&quot;335551620&quot;:6,&quot;335559685&quot;:0,&quot;335559737&quot;:0,&quot;335559738&quot;:0,&quot;335559739&quot;:160,&quot;335559740&quot;:360}\">\u00a0<\/span><\/p>\n<h4><b><span data-contrast=\"auto\">Continua\u00e7\u00e3o da Capacita\u00e7\u00e3o<\/span><\/b><span data-ccp-props=\"{&quot;201341983&quot;:0,&quot;335551550&quot;:6,&quot;335551620&quot;:6,&quot;335559740&quot;:360}\">\u00a0<\/span><\/h4>\n<p><span data-contrast=\"none\">Com dura\u00e7\u00e3o de seis meses e carga hor\u00e1ria total de 46\u00a0horas, o curso seguir\u00e1 em formato h\u00edbrido: a etapa\u00a0inicial foi realizada nesta ter\u00e7a-feira (10) no Teatro Gua\u00edra, e a etapa\u00a0EAD ocorrer\u00e1 de mar\u00e7o a setembro de 2026, com posterior etapa presencial para encerramento. A iniciativa refor\u00e7a a relev\u00e2ncia da articula\u00e7\u00e3o entre as institui\u00e7\u00f5es envolvidas para a constru\u00e7\u00e3o de respostas mais coordenadas e eficazes diante de desastres.\u00a0<\/span><span data-ccp-props=\"{&quot;201341983&quot;:0,&quot;335551550&quot;:6,&quot;335551620&quot;:6,&quot;335559740&quot;:360}\">\u00a0<\/span><\/p>\n<p><span data-contrast=\"none\">Nesse contexto, o MPC-PR tem se empenhado em contribuir para a forma\u00e7\u00e3o e a capacita\u00e7\u00e3o de gestores municipais, visando\u00a0o fortalecimento das\u00a0estruturas de prote\u00e7\u00e3o e defesa civil dos munic\u00edpios, estimulando boas pr\u00e1ticas, integra\u00e7\u00e3o intersetorial e uma cultura permanente de preven\u00e7\u00e3o e prepara\u00e7\u00e3o.<\/span><span data-ccp-props=\"{&quot;201341983&quot;:0,&quot;335551550&quot;:6,&quot;335551620&quot;:6,&quot;335559740&quot;:360}\">\u00a0<\/span><\/p>\n","protected":false},"excerpt":{"rendered":"<p>O Minist\u00e9rio P\u00fablico de Contas do Paran\u00e1 (MPC-PR)\u00a0teve participa\u00e7\u00e3o especial, nesta ter\u00e7a-feira (10),\u00a0no evento promovido pela\u00a0Coordenadoria Estadual de Defesa Civil em parceria com a Secretaria do Desenvolvimento e Fam\u00edlia (SEDEF) e o Centro Estadual de Estudos e Pesquisas sobre Desastres (CEDEP), realizado no Teatro Gua\u00edra, em Curitiba.\u00a0O\u00a0evento\u00a0marcou o lan\u00e7amento do\u00a0curso\u00a0de capacita\u00e7\u00e3o\u00a0sobre \u201cInterven\u00e7\u00e3o\u00a0e Gest\u00e3o de Desastres\u201d\u00a0voltado [&hellip;]<\/p>\n","protected":false},"author":1,"featured_media":25468,"comment_status":"open","ping_status":"open","sticky":false,"template":"","format":"standard","meta":{"_monsterinsights_skip_tracking":false,"_monsterinsights_sitenote_active":false,"_monsterinsights_sitenote_note":"","_monsterinsights_sitenote_category":0,"footnotes":""},"categories":[7],"tags":[905,776,652,785,904,13,797],"class_list":["post-25467","post","type-post","status-publish","format-standard","has-post-thumbnail","hentry","category-todas-as-noticias","tag-assistencia-social","tag-curso-de-capacitacao","tag-defesa-civil","tag-desastres-naturais","tag-gestao-de-desastres","tag-mpc-pr","tag-municipios","entry","has-media"],"yoast_head":"<!-- This site is optimized with the Yoast SEO plugin v27.3 - https:\/\/yoast.com\/product\/yoast-seo-wordpress\/ -->\n<title>MPC-PR destaca preven\u00e7\u00e3o e fortalecimento das Defesas Civis municipais em evento de capacita\u00e7\u00e3o para gest\u00e3o de desastres - Minist\u00e9rio P\u00fablico de Contas do Estado do Paran\u00e1<\/title>\n<meta name=\"robots\" content=\"index, follow, max-snippet:-1, max-image-preview:large, max-video-preview:-1\" \/>\n<link rel=\"canonical\" href=\"https:\/\/www.mpc.pr.gov.br\/index.php\/mpc-pr-destaca-prevencao-e-fortalecimento-das-defesas-civis-municipais-em-evento-de-capacitacao-para-gestao-de-desastres\/\" \/>\n<meta property=\"og:locale\" content=\"pt_BR\" \/>\n<meta property=\"og:type\" content=\"article\" \/>\n<meta property=\"og:title\" content=\"MPC-PR destaca preven\u00e7\u00e3o e fortalecimento das Defesas Civis municipais em evento de capacita\u00e7\u00e3o para gest\u00e3o de desastres - Minist\u00e9rio P\u00fablico de Contas do Estado do Paran\u00e1\" \/>\n<meta property=\"og:description\" content=\"O Minist\u00e9rio P\u00fablico de Contas do Paran\u00e1 (MPC-PR)\u00a0teve participa\u00e7\u00e3o especial, nesta ter\u00e7a-feira (10),\u00a0no evento promovido pela\u00a0Coordenadoria Estadual de Defesa Civil em parceria com a Secretaria do Desenvolvimento e Fam\u00edlia (SEDEF) e o Centro Estadual de Estudos e Pesquisas sobre Desastres (CEDEP), realizado no Teatro Gua\u00edra, em Curitiba.\u00a0O\u00a0evento\u00a0marcou o lan\u00e7amento do\u00a0curso\u00a0de capacita\u00e7\u00e3o\u00a0sobre \u201cInterven\u00e7\u00e3o\u00a0e Gest\u00e3o de Desastres\u201d\u00a0voltado [&hellip;]\" \/>\n<meta property=\"og:url\" content=\"https:\/\/www.mpc.pr.gov.br\/index.php\/mpc-pr-destaca-prevencao-e-fortalecimento-das-defesas-civis-municipais-em-evento-de-capacitacao-para-gestao-de-desastres\/\" \/>\n<meta property=\"og:site_name\" content=\"Minist\u00e9rio P\u00fablico de Contas do Estado do Paran\u00e1\" \/>\n<meta property=\"article:publisher\" content=\"https:\/\/www.facebook.com\/mpc.pr\" \/>\n<meta property=\"article:published_time\" content=\"2026-03-11T19:59:34+00:00\" \/>\n<meta property=\"article:modified_time\" content=\"2026-03-17T17:05:09+00:00\" \/>\n<meta property=\"og:image\" content=\"https:\/\/www.mpc.pr.gov.br\/wp-content\/uploads\/2026\/03\/imagem-1.jpg\" \/>\n\t<meta property=\"og:image:width\" content=\"800\" \/>\n\t<meta property=\"og:image:height\" content=\"533\" \/>\n\t<meta property=\"og:image:type\" content=\"image\/jpeg\" \/>\n<meta name=\"author\" content=\"mpcontaspr\" \/>\n<meta name=\"twitter:card\" content=\"summary_large_image\" \/>\n<meta name=\"twitter:label1\" content=\"Escrito por\" \/>\n\t<meta name=\"twitter:data1\" content=\"mpcontaspr\" \/>\n\t<meta name=\"twitter:label2\" content=\"Est. tempo de leitura\" \/>\n\t<meta name=\"twitter:data2\" content=\"10 minutos\" \/>\n<script type=\"application\/ld+json\" class=\"yoast-schema-graph\">{\"@context\":\"https:\\\/\\\/schema.org\",\"@graph\":[{\"@type\":\"Article\",\"@id\":\"https:\\\/\\\/www.mpc.pr.gov.br\\\/index.php\\\/mpc-pr-destaca-prevencao-e-fortalecimento-das-defesas-civis-municipais-em-evento-de-capacitacao-para-gestao-de-desastres\\\/#article\",\"isPartOf\":{\"@id\":\"https:\\\/\\\/www.mpc.pr.gov.br\\\/index.php\\\/mpc-pr-destaca-prevencao-e-fortalecimento-das-defesas-civis-municipais-em-evento-de-capacitacao-para-gestao-de-desastres\\\/\"},\"author\":{\"name\":\"mpcontaspr\",\"@id\":\"https:\\\/\\\/www.mpc.pr.gov.br\\\/#\\\/schema\\\/person\\\/2d83cb8980538d0ec174e8a6284f5e11\"},\"headline\":\"MPC-PR destaca preven\u00e7\u00e3o e fortalecimento das Defesas Civis municipais em evento de capacita\u00e7\u00e3o para gest\u00e3o de desastres\",\"datePublished\":\"2026-03-11T19:59:34+00:00\",\"dateModified\":\"2026-03-17T17:05:09+00:00\",\"mainEntityOfPage\":{\"@id\":\"https:\\\/\\\/www.mpc.pr.gov.br\\\/index.php\\\/mpc-pr-destaca-prevencao-e-fortalecimento-das-defesas-civis-municipais-em-evento-de-capacitacao-para-gestao-de-desastres\\\/\"},\"wordCount\":1912,\"commentCount\":0,\"publisher\":{\"@id\":\"https:\\\/\\\/www.mpc.pr.gov.br\\\/#organization\"},\"image\":{\"@id\":\"https:\\\/\\\/www.mpc.pr.gov.br\\\/index.php\\\/mpc-pr-destaca-prevencao-e-fortalecimento-das-defesas-civis-municipais-em-evento-de-capacitacao-para-gestao-de-desastres\\\/#primaryimage\"},\"thumbnailUrl\":\"https:\\\/\\\/www.mpc.pr.gov.br\\\/wp-content\\\/uploads\\\/2026\\\/03\\\/imagem-1.jpg\",\"keywords\":[\"Assist\u00eancia Social\",\"Curso de Capacita\u00e7\u00e3o\",\"Defesa Civil\",\"Desastres Naturais\",\"Gest\u00e3o de Desastres\",\"MPC-PR\",\"Munic\u00edpios\"],\"articleSection\":[\"Todas as not\u00edcias\"],\"inLanguage\":\"pt-BR\",\"potentialAction\":[{\"@type\":\"CommentAction\",\"name\":\"Comment\",\"target\":[\"https:\\\/\\\/www.mpc.pr.gov.br\\\/index.php\\\/mpc-pr-destaca-prevencao-e-fortalecimento-das-defesas-civis-municipais-em-evento-de-capacitacao-para-gestao-de-desastres\\\/#respond\"]}]},{\"@type\":\"WebPage\",\"@id\":\"https:\\\/\\\/www.mpc.pr.gov.br\\\/index.php\\\/mpc-pr-destaca-prevencao-e-fortalecimento-das-defesas-civis-municipais-em-evento-de-capacitacao-para-gestao-de-desastres\\\/\",\"url\":\"https:\\\/\\\/www.mpc.pr.gov.br\\\/index.php\\\/mpc-pr-destaca-prevencao-e-fortalecimento-das-defesas-civis-municipais-em-evento-de-capacitacao-para-gestao-de-desastres\\\/\",\"name\":\"MPC-PR destaca preven\u00e7\u00e3o e fortalecimento das Defesas Civis municipais em evento de capacita\u00e7\u00e3o para gest\u00e3o de desastres - Minist\u00e9rio P\u00fablico de Contas do Estado do Paran\u00e1\",\"isPartOf\":{\"@id\":\"https:\\\/\\\/www.mpc.pr.gov.br\\\/#website\"},\"primaryImageOfPage\":{\"@id\":\"https:\\\/\\\/www.mpc.pr.gov.br\\\/index.php\\\/mpc-pr-destaca-prevencao-e-fortalecimento-das-defesas-civis-municipais-em-evento-de-capacitacao-para-gestao-de-desastres\\\/#primaryimage\"},\"image\":{\"@id\":\"https:\\\/\\\/www.mpc.pr.gov.br\\\/index.php\\\/mpc-pr-destaca-prevencao-e-fortalecimento-das-defesas-civis-municipais-em-evento-de-capacitacao-para-gestao-de-desastres\\\/#primaryimage\"},\"thumbnailUrl\":\"https:\\\/\\\/www.mpc.pr.gov.br\\\/wp-content\\\/uploads\\\/2026\\\/03\\\/imagem-1.jpg\",\"datePublished\":\"2026-03-11T19:59:34+00:00\",\"dateModified\":\"2026-03-17T17:05:09+00:00\",\"breadcrumb\":{\"@id\":\"https:\\\/\\\/www.mpc.pr.gov.br\\\/index.php\\\/mpc-pr-destaca-prevencao-e-fortalecimento-das-defesas-civis-municipais-em-evento-de-capacitacao-para-gestao-de-desastres\\\/#breadcrumb\"},\"inLanguage\":\"pt-BR\",\"potentialAction\":[{\"@type\":\"ReadAction\",\"target\":[\"https:\\\/\\\/www.mpc.pr.gov.br\\\/index.php\\\/mpc-pr-destaca-prevencao-e-fortalecimento-das-defesas-civis-municipais-em-evento-de-capacitacao-para-gestao-de-desastres\\\/\"]}]},{\"@type\":\"ImageObject\",\"inLanguage\":\"pt-BR\",\"@id\":\"https:\\\/\\\/www.mpc.pr.gov.br\\\/index.php\\\/mpc-pr-destaca-prevencao-e-fortalecimento-das-defesas-civis-municipais-em-evento-de-capacitacao-para-gestao-de-desastres\\\/#primaryimage\",\"url\":\"https:\\\/\\\/www.mpc.pr.gov.br\\\/wp-content\\\/uploads\\\/2026\\\/03\\\/imagem-1.jpg\",\"contentUrl\":\"https:\\\/\\\/www.mpc.pr.gov.br\\\/wp-content\\\/uploads\\\/2026\\\/03\\\/imagem-1.jpg\",\"width\":800,\"height\":533,\"caption\":\"Foto: Amie Feitosa\\\/Defesa Civil.\"},{\"@type\":\"BreadcrumbList\",\"@id\":\"https:\\\/\\\/www.mpc.pr.gov.br\\\/index.php\\\/mpc-pr-destaca-prevencao-e-fortalecimento-das-defesas-civis-municipais-em-evento-de-capacitacao-para-gestao-de-desastres\\\/#breadcrumb\",\"itemListElement\":[{\"@type\":\"ListItem\",\"position\":1,\"name\":\"In\u00edcio\",\"item\":\"https:\\\/\\\/www.mpc.pr.gov.br\\\/\"},{\"@type\":\"ListItem\",\"position\":2,\"name\":\"MPC-PR destaca preven\u00e7\u00e3o e fortalecimento das Defesas Civis municipais em evento de capacita\u00e7\u00e3o para gest\u00e3o de desastres\"}]},{\"@type\":\"WebSite\",\"@id\":\"https:\\\/\\\/www.mpc.pr.gov.br\\\/#website\",\"url\":\"https:\\\/\\\/www.mpc.pr.gov.br\\\/\",\"name\":\"Minist\u00e9rio P\u00fablico de Contas do Estado do Paran\u00e1\",\"description\":\"\",\"publisher\":{\"@id\":\"https:\\\/\\\/www.mpc.pr.gov.br\\\/#organization\"},\"potentialAction\":[{\"@type\":\"SearchAction\",\"target\":{\"@type\":\"EntryPoint\",\"urlTemplate\":\"https:\\\/\\\/www.mpc.pr.gov.br\\\/?s={search_term_string}\"},\"query-input\":{\"@type\":\"PropertyValueSpecification\",\"valueRequired\":true,\"valueName\":\"search_term_string\"}}],\"inLanguage\":\"pt-BR\"},{\"@type\":\"Organization\",\"@id\":\"https:\\\/\\\/www.mpc.pr.gov.br\\\/#organization\",\"name\":\"Minist\u00e9rio P\u00fablico de Contas do Estado do Paran\u00e1\",\"url\":\"https:\\\/\\\/www.mpc.pr.gov.br\\\/\",\"logo\":{\"@type\":\"ImageObject\",\"inLanguage\":\"pt-BR\",\"@id\":\"https:\\\/\\\/www.mpc.pr.gov.br\\\/#\\\/schema\\\/logo\\\/image\\\/\",\"url\":\"https:\\\/\\\/www.mpc.pr.gov.br\\\/wp-content\\\/uploads\\\/2020\\\/06\\\/99423647_1593460364143890_6706793420720963584_n-1-e1591387983167.png\",\"contentUrl\":\"https:\\\/\\\/www.mpc.pr.gov.br\\\/wp-content\\\/uploads\\\/2020\\\/06\\\/99423647_1593460364143890_6706793420720963584_n-1-e1591387983167.png\",\"width\":243,\"height\":73,\"caption\":\"Minist\u00e9rio P\u00fablico de Contas do Estado do Paran\u00e1\"},\"image\":{\"@id\":\"https:\\\/\\\/www.mpc.pr.gov.br\\\/#\\\/schema\\\/logo\\\/image\\\/\"},\"sameAs\":[\"https:\\\/\\\/www.facebook.com\\\/mpc.pr\",\"https:\\\/\\\/www.instagram.com\\\/mpc.pr\\\/?hl=pt-br\",\"https:\\\/\\\/www.youtube.com\\\/channel\\\/UCHri5oEM8DV0ztX57E0sBSw\"]},{\"@type\":\"Person\",\"@id\":\"https:\\\/\\\/www.mpc.pr.gov.br\\\/#\\\/schema\\\/person\\\/2d83cb8980538d0ec174e8a6284f5e11\",\"name\":\"mpcontaspr\",\"image\":{\"@type\":\"ImageObject\",\"inLanguage\":\"pt-BR\",\"@id\":\"https:\\\/\\\/secure.gravatar.com\\\/avatar\\\/1aef51541db7622e05fd639336c9c9f312c2a618396e2b6ca96846362fc5403f?s=96&d=mm&r=g\",\"url\":\"https:\\\/\\\/secure.gravatar.com\\\/avatar\\\/1aef51541db7622e05fd639336c9c9f312c2a618396e2b6ca96846362fc5403f?s=96&d=mm&r=g\",\"contentUrl\":\"https:\\\/\\\/secure.gravatar.com\\\/avatar\\\/1aef51541db7622e05fd639336c9c9f312c2a618396e2b6ca96846362fc5403f?s=96&d=mm&r=g\",\"caption\":\"mpcontaspr\"},\"sameAs\":[\"http:\\\/\\\/www.mpc.pr.gov.br\"]}]}<\/script>\n<!-- \/ Yoast SEO plugin. -->","yoast_head_json":{"title":"MPC-PR destaca preven\u00e7\u00e3o e fortalecimento das Defesas Civis municipais em evento de capacita\u00e7\u00e3o para gest\u00e3o de desastres - Minist\u00e9rio P\u00fablico de Contas do Estado do Paran\u00e1","robots":{"index":"index","follow":"follow","max-snippet":"max-snippet:-1","max-image-preview":"max-image-preview:large","max-video-preview":"max-video-preview:-1"},"canonical":"https:\/\/www.mpc.pr.gov.br\/index.php\/mpc-pr-destaca-prevencao-e-fortalecimento-das-defesas-civis-municipais-em-evento-de-capacitacao-para-gestao-de-desastres\/","og_locale":"pt_BR","og_type":"article","og_title":"MPC-PR destaca preven\u00e7\u00e3o e fortalecimento das Defesas Civis municipais em evento de capacita\u00e7\u00e3o para gest\u00e3o de desastres - Minist\u00e9rio P\u00fablico de Contas do Estado do Paran\u00e1","og_description":"O Minist\u00e9rio P\u00fablico de Contas do Paran\u00e1 (MPC-PR)\u00a0teve participa\u00e7\u00e3o especial, nesta ter\u00e7a-feira (10),\u00a0no evento promovido pela\u00a0Coordenadoria Estadual de Defesa Civil em parceria com a Secretaria do Desenvolvimento e Fam\u00edlia (SEDEF) e o Centro Estadual de Estudos e Pesquisas sobre Desastres (CEDEP), realizado no Teatro Gua\u00edra, em Curitiba.\u00a0O\u00a0evento\u00a0marcou o lan\u00e7amento do\u00a0curso\u00a0de capacita\u00e7\u00e3o\u00a0sobre \u201cInterven\u00e7\u00e3o\u00a0e Gest\u00e3o de Desastres\u201d\u00a0voltado [&hellip;]","og_url":"https:\/\/www.mpc.pr.gov.br\/index.php\/mpc-pr-destaca-prevencao-e-fortalecimento-das-defesas-civis-municipais-em-evento-de-capacitacao-para-gestao-de-desastres\/","og_site_name":"Minist\u00e9rio P\u00fablico de Contas do Estado do Paran\u00e1","article_publisher":"https:\/\/www.facebook.com\/mpc.pr","article_published_time":"2026-03-11T19:59:34+00:00","article_modified_time":"2026-03-17T17:05:09+00:00","og_image":[{"width":800,"height":533,"url":"https:\/\/www.mpc.pr.gov.br\/wp-content\/uploads\/2026\/03\/imagem-1.jpg","type":"image\/jpeg"}],"author":"mpcontaspr","twitter_card":"summary_large_image","twitter_misc":{"Escrito por":"mpcontaspr","Est. tempo de leitura":"10 minutos"},"schema":{"@context":"https:\/\/schema.org","@graph":[{"@type":"Article","@id":"https:\/\/www.mpc.pr.gov.br\/index.php\/mpc-pr-destaca-prevencao-e-fortalecimento-das-defesas-civis-municipais-em-evento-de-capacitacao-para-gestao-de-desastres\/#article","isPartOf":{"@id":"https:\/\/www.mpc.pr.gov.br\/index.php\/mpc-pr-destaca-prevencao-e-fortalecimento-das-defesas-civis-municipais-em-evento-de-capacitacao-para-gestao-de-desastres\/"},"author":{"name":"mpcontaspr","@id":"https:\/\/www.mpc.pr.gov.br\/#\/schema\/person\/2d83cb8980538d0ec174e8a6284f5e11"},"headline":"MPC-PR destaca preven\u00e7\u00e3o e fortalecimento das Defesas Civis municipais em evento de capacita\u00e7\u00e3o para gest\u00e3o de desastres","datePublished":"2026-03-11T19:59:34+00:00","dateModified":"2026-03-17T17:05:09+00:00","mainEntityOfPage":{"@id":"https:\/\/www.mpc.pr.gov.br\/index.php\/mpc-pr-destaca-prevencao-e-fortalecimento-das-defesas-civis-municipais-em-evento-de-capacitacao-para-gestao-de-desastres\/"},"wordCount":1912,"commentCount":0,"publisher":{"@id":"https:\/\/www.mpc.pr.gov.br\/#organization"},"image":{"@id":"https:\/\/www.mpc.pr.gov.br\/index.php\/mpc-pr-destaca-prevencao-e-fortalecimento-das-defesas-civis-municipais-em-evento-de-capacitacao-para-gestao-de-desastres\/#primaryimage"},"thumbnailUrl":"https:\/\/www.mpc.pr.gov.br\/wp-content\/uploads\/2026\/03\/imagem-1.jpg","keywords":["Assist\u00eancia Social","Curso de Capacita\u00e7\u00e3o","Defesa Civil","Desastres Naturais","Gest\u00e3o de Desastres","MPC-PR","Munic\u00edpios"],"articleSection":["Todas as not\u00edcias"],"inLanguage":"pt-BR","potentialAction":[{"@type":"CommentAction","name":"Comment","target":["https:\/\/www.mpc.pr.gov.br\/index.php\/mpc-pr-destaca-prevencao-e-fortalecimento-das-defesas-civis-municipais-em-evento-de-capacitacao-para-gestao-de-desastres\/#respond"]}]},{"@type":"WebPage","@id":"https:\/\/www.mpc.pr.gov.br\/index.php\/mpc-pr-destaca-prevencao-e-fortalecimento-das-defesas-civis-municipais-em-evento-de-capacitacao-para-gestao-de-desastres\/","url":"https:\/\/www.mpc.pr.gov.br\/index.php\/mpc-pr-destaca-prevencao-e-fortalecimento-das-defesas-civis-municipais-em-evento-de-capacitacao-para-gestao-de-desastres\/","name":"MPC-PR destaca preven\u00e7\u00e3o e fortalecimento das Defesas Civis municipais em evento de capacita\u00e7\u00e3o para gest\u00e3o de desastres - Minist\u00e9rio P\u00fablico de Contas do Estado do Paran\u00e1","isPartOf":{"@id":"https:\/\/www.mpc.pr.gov.br\/#website"},"primaryImageOfPage":{"@id":"https:\/\/www.mpc.pr.gov.br\/index.php\/mpc-pr-destaca-prevencao-e-fortalecimento-das-defesas-civis-municipais-em-evento-de-capacitacao-para-gestao-de-desastres\/#primaryimage"},"image":{"@id":"https:\/\/www.mpc.pr.gov.br\/index.php\/mpc-pr-destaca-prevencao-e-fortalecimento-das-defesas-civis-municipais-em-evento-de-capacitacao-para-gestao-de-desastres\/#primaryimage"},"thumbnailUrl":"https:\/\/www.mpc.pr.gov.br\/wp-content\/uploads\/2026\/03\/imagem-1.jpg","datePublished":"2026-03-11T19:59:34+00:00","dateModified":"2026-03-17T17:05:09+00:00","breadcrumb":{"@id":"https:\/\/www.mpc.pr.gov.br\/index.php\/mpc-pr-destaca-prevencao-e-fortalecimento-das-defesas-civis-municipais-em-evento-de-capacitacao-para-gestao-de-desastres\/#breadcrumb"},"inLanguage":"pt-BR","potentialAction":[{"@type":"ReadAction","target":["https:\/\/www.mpc.pr.gov.br\/index.php\/mpc-pr-destaca-prevencao-e-fortalecimento-das-defesas-civis-municipais-em-evento-de-capacitacao-para-gestao-de-desastres\/"]}]},{"@type":"ImageObject","inLanguage":"pt-BR","@id":"https:\/\/www.mpc.pr.gov.br\/index.php\/mpc-pr-destaca-prevencao-e-fortalecimento-das-defesas-civis-municipais-em-evento-de-capacitacao-para-gestao-de-desastres\/#primaryimage","url":"https:\/\/www.mpc.pr.gov.br\/wp-content\/uploads\/2026\/03\/imagem-1.jpg","contentUrl":"https:\/\/www.mpc.pr.gov.br\/wp-content\/uploads\/2026\/03\/imagem-1.jpg","width":800,"height":533,"caption":"Foto: Amie Feitosa\/Defesa Civil."},{"@type":"BreadcrumbList","@id":"https:\/\/www.mpc.pr.gov.br\/index.php\/mpc-pr-destaca-prevencao-e-fortalecimento-das-defesas-civis-municipais-em-evento-de-capacitacao-para-gestao-de-desastres\/#breadcrumb","itemListElement":[{"@type":"ListItem","position":1,"name":"In\u00edcio","item":"https:\/\/www.mpc.pr.gov.br\/"},{"@type":"ListItem","position":2,"name":"MPC-PR destaca preven\u00e7\u00e3o e fortalecimento das Defesas Civis municipais em evento de capacita\u00e7\u00e3o para gest\u00e3o de desastres"}]},{"@type":"WebSite","@id":"https:\/\/www.mpc.pr.gov.br\/#website","url":"https:\/\/www.mpc.pr.gov.br\/","name":"Minist\u00e9rio P\u00fablico de Contas do Estado do Paran\u00e1","description":"","publisher":{"@id":"https:\/\/www.mpc.pr.gov.br\/#organization"},"potentialAction":[{"@type":"SearchAction","target":{"@type":"EntryPoint","urlTemplate":"https:\/\/www.mpc.pr.gov.br\/?s={search_term_string}"},"query-input":{"@type":"PropertyValueSpecification","valueRequired":true,"valueName":"search_term_string"}}],"inLanguage":"pt-BR"},{"@type":"Organization","@id":"https:\/\/www.mpc.pr.gov.br\/#organization","name":"Minist\u00e9rio P\u00fablico de Contas do Estado do Paran\u00e1","url":"https:\/\/www.mpc.pr.gov.br\/","logo":{"@type":"ImageObject","inLanguage":"pt-BR","@id":"https:\/\/www.mpc.pr.gov.br\/#\/schema\/logo\/image\/","url":"https:\/\/www.mpc.pr.gov.br\/wp-content\/uploads\/2020\/06\/99423647_1593460364143890_6706793420720963584_n-1-e1591387983167.png","contentUrl":"https:\/\/www.mpc.pr.gov.br\/wp-content\/uploads\/2020\/06\/99423647_1593460364143890_6706793420720963584_n-1-e1591387983167.png","width":243,"height":73,"caption":"Minist\u00e9rio P\u00fablico de Contas do Estado do Paran\u00e1"},"image":{"@id":"https:\/\/www.mpc.pr.gov.br\/#\/schema\/logo\/image\/"},"sameAs":["https:\/\/www.facebook.com\/mpc.pr","https:\/\/www.instagram.com\/mpc.pr\/?hl=pt-br","https:\/\/www.youtube.com\/channel\/UCHri5oEM8DV0ztX57E0sBSw"]},{"@type":"Person","@id":"https:\/\/www.mpc.pr.gov.br\/#\/schema\/person\/2d83cb8980538d0ec174e8a6284f5e11","name":"mpcontaspr","image":{"@type":"ImageObject","inLanguage":"pt-BR","@id":"https:\/\/secure.gravatar.com\/avatar\/1aef51541db7622e05fd639336c9c9f312c2a618396e2b6ca96846362fc5403f?s=96&d=mm&r=g","url":"https:\/\/secure.gravatar.com\/avatar\/1aef51541db7622e05fd639336c9c9f312c2a618396e2b6ca96846362fc5403f?s=96&d=mm&r=g","contentUrl":"https:\/\/secure.gravatar.com\/avatar\/1aef51541db7622e05fd639336c9c9f312c2a618396e2b6ca96846362fc5403f?s=96&d=mm&r=g","caption":"mpcontaspr"},"sameAs":["http:\/\/www.mpc.pr.gov.br"]}]}},"rttpg_featured_image_url":{"full":["https:\/\/www.mpc.pr.gov.br\/wp-content\/uploads\/2026\/03\/imagem-1.jpg",800,533,false],"landscape":["https:\/\/www.mpc.pr.gov.br\/wp-content\/uploads\/2026\/03\/imagem-1.jpg",800,533,false],"portraits":["https:\/\/www.mpc.pr.gov.br\/wp-content\/uploads\/2026\/03\/imagem-1.jpg",800,533,false],"thumbnail":["https:\/\/www.mpc.pr.gov.br\/wp-content\/uploads\/2026\/03\/imagem-1-150x150.jpg",150,150,true],"medium":["https:\/\/www.mpc.pr.gov.br\/wp-content\/uploads\/2026\/03\/imagem-1-300x200.jpg",300,200,true],"large":["https:\/\/www.mpc.pr.gov.br\/wp-content\/uploads\/2026\/03\/imagem-1.jpg",800,533,false],"1536x1536":["https:\/\/www.mpc.pr.gov.br\/wp-content\/uploads\/2026\/03\/imagem-1.jpg",800,533,false],"2048x2048":["https:\/\/www.mpc.pr.gov.br\/wp-content\/uploads\/2026\/03\/imagem-1.jpg",800,533,false],"ocean-thumb-m":["https:\/\/www.mpc.pr.gov.br\/wp-content\/uploads\/2026\/03\/imagem-1-600x533.jpg",600,533,true],"ocean-thumb-ml":["https:\/\/www.mpc.pr.gov.br\/wp-content\/uploads\/2026\/03\/imagem-1-800x450.jpg",800,450,true],"ocean-thumb-l":["https:\/\/www.mpc.pr.gov.br\/wp-content\/uploads\/2026\/03\/imagem-1.jpg",800,533,false]},"rttpg_author":{"display_name":"mpcontaspr","author_link":"https:\/\/www.mpc.pr.gov.br\/index.php\/author\/mpcontaspr\/"},"rttpg_comment":0,"rttpg_category":"<a href=\"https:\/\/www.mpc.pr.gov.br\/index.php\/category\/todas-as-noticias\/\" rel=\"category tag\">Todas as not\u00edcias<\/a>","rttpg_excerpt":"O Minist\u00e9rio P\u00fablico de Contas do Paran\u00e1 (MPC-PR)\u00a0teve participa\u00e7\u00e3o especial, nesta ter\u00e7a-feira (10),\u00a0no evento promovido pela\u00a0Coordenadoria Estadual de Defesa Civil em parceria com a Secretaria do Desenvolvimento e Fam\u00edlia (SEDEF) e o Centro Estadual de Estudos e Pesquisas sobre Desastres (CEDEP), realizado no Teatro Gua\u00edra, em Curitiba.\u00a0O\u00a0evento\u00a0marcou o lan\u00e7amento do\u00a0curso\u00a0de capacita\u00e7\u00e3o\u00a0sobre \u201cInterven\u00e7\u00e3o\u00a0e Gest\u00e3o de Desastres\u201d\u00a0voltado&hellip;","_links":{"self":[{"href":"https:\/\/www.mpc.pr.gov.br\/index.php\/wp-json\/wp\/v2\/posts\/25467","targetHints":{"allow":["GET"]}}],"collection":[{"href":"https:\/\/www.mpc.pr.gov.br\/index.php\/wp-json\/wp\/v2\/posts"}],"about":[{"href":"https:\/\/www.mpc.pr.gov.br\/index.php\/wp-json\/wp\/v2\/types\/post"}],"author":[{"embeddable":true,"href":"https:\/\/www.mpc.pr.gov.br\/index.php\/wp-json\/wp\/v2\/users\/1"}],"replies":[{"embeddable":true,"href":"https:\/\/www.mpc.pr.gov.br\/index.php\/wp-json\/wp\/v2\/comments?post=25467"}],"version-history":[{"count":2,"href":"https:\/\/www.mpc.pr.gov.br\/index.php\/wp-json\/wp\/v2\/posts\/25467\/revisions"}],"predecessor-version":[{"id":25471,"href":"https:\/\/www.mpc.pr.gov.br\/index.php\/wp-json\/wp\/v2\/posts\/25467\/revisions\/25471"}],"wp:featuredmedia":[{"embeddable":true,"href":"https:\/\/www.mpc.pr.gov.br\/index.php\/wp-json\/wp\/v2\/media\/25468"}],"wp:attachment":[{"href":"https:\/\/www.mpc.pr.gov.br\/index.php\/wp-json\/wp\/v2\/media?parent=25467"}],"wp:term":[{"taxonomy":"category","embeddable":true,"href":"https:\/\/www.mpc.pr.gov.br\/index.php\/wp-json\/wp\/v2\/categories?post=25467"},{"taxonomy":"post_tag","embeddable":true,"href":"https:\/\/www.mpc.pr.gov.br\/index.php\/wp-json\/wp\/v2\/tags?post=25467"}],"curies":[{"name":"wp","href":"https:\/\/api.w.org\/{rel}","templated":true}]}}