{"id":25472,"date":"2026-03-12T16:28:07","date_gmt":"2026-03-12T19:28:07","guid":{"rendered":"https:\/\/www.mpc.pr.gov.br\/?p=25472"},"modified":"2026-03-18T10:50:43","modified_gmt":"2026-03-18T13:50:43","slug":"conferencia-innovate4cities-2026-i4c26-programa-inovacidades-mpc-e-selecionado-para-evento-internacional-da-onu-habitat","status":"publish","type":"post","link":"https:\/\/www.mpc.pr.gov.br\/index.php\/conferencia-innovate4cities-2026-i4c26-programa-inovacidades-mpc-e-selecionado-para-evento-internacional-da-onu-habitat\/","title":{"rendered":"Confer\u00eancia Innovate4Cities 2026 (I4C26): Programa InovaCidades MPC \u00e9 selecionado para evento internacional da ONU-Habitat"},"content":{"rendered":"<p><img fetchpriority=\"high\" decoding=\"async\" class=\"size-medium wp-image-25473 alignleft\" src=\"https:\/\/www.mpc.pr.gov.br\/wp-content\/uploads\/2026\/03\/IMAGEM-SITE-Innovate4Cities-onu-habitat-300x169.png\" alt=\"\" width=\"300\" height=\"169\" srcset=\"https:\/\/www.mpc.pr.gov.br\/wp-content\/uploads\/2026\/03\/IMAGEM-SITE-Innovate4Cities-onu-habitat-300x169.png 300w, https:\/\/www.mpc.pr.gov.br\/wp-content\/uploads\/2026\/03\/IMAGEM-SITE-Innovate4Cities-onu-habitat.png 560w\" sizes=\"(max-width: 300px) 100vw, 300px\" \/>O Minist\u00e9rio P\u00fablico de Contas do Estado do Paran\u00e1 (MPC-PR) teve aprovada a inscri\u00e7\u00e3o para apresenta\u00e7\u00e3o do Programa InovaCidades MPC na <a href=\"https:\/\/www.innovate4cities.org\/\">Confer\u00eancia Innovate4Cities 2026 (I4C26)<\/a>, um dos principais f\u00f3runs globais dedicados \u00e0 pesquisa, \u00e0 inova\u00e7\u00e3o e \u00e0s solu\u00e7\u00f5es para cidades sustent\u00e1veis e resilientes.<\/p>\n<p>O evento \u00e9 organizado pelo <a href=\"https:\/\/www.globalcovenantofmayors.org\/\">Global Covenant of Mayors for Climate &amp; Energy<\/a> (Pacto Global de Prefeitos pelo Clima e a Energia \u2013 GCoM) e pelo <a href=\"https:\/\/unhabitat.org\/about-us\">Programa das Na\u00e7\u00f5es Unidas para os Assentamentos Humanos (ONU-Habitat)<\/a>, e ser\u00e1 realizado entre os dias 21 e 24 de junho de 2026, na sede do ONU-Habitat, em Nair\u00f3bi, no Qu\u00eania.<\/p>\n<p>Desenvolvido pelo Minist\u00e9rio P\u00fablico de Contas do Paran\u00e1 em parceria com o<a href=\"https:\/\/pitsjc.org.br\/\"> Parque de Inova\u00e7\u00e3o Tecnol\u00f3gica de S\u00e3o Jos\u00e9 dos Campos (PIT)<\/a>, o Programa InovaCidades MPC tem como prop\u00f3sito ampliar a atua\u00e7\u00e3o do controle externo, integrando a atividade de fiscaliza\u00e7\u00e3o \u00e0 promo\u00e7\u00e3o de conhecimento, inova\u00e7\u00e3o e boas pr\u00e1ticas na gest\u00e3o p\u00fablica municipal.<\/p>\n<p>A iniciativa re\u00fane um conjunto estruturado de a\u00e7\u00f5es voltadas aos 399 munic\u00edpios paranaenses e tamb\u00e9m abertas a gestores de todo o pa\u00eds, ampliando o alcance nacional do Programa.<\/p>\n<p>Entre os principais componentes do InovaCidades MPC est\u00e3o:<\/p>\n<ul>\n<li>Pain\u00e9is tem\u00e1ticos para debates e troca de experi\u00eancias sobre cidades inteligentes e governan\u00e7a;<\/li>\n<li>Portal espec\u00edfico do projeto, com conte\u00fados, cartilhas e materiais de apoio para gestores p\u00fablicos;<\/li>\n<li>Eventos institucionais e capacita\u00e7\u00f5es, incluindo aulas voltadas ao uso de tecnologias e dados na gest\u00e3o municipal;<\/li>\n<li>Cartilhas e guias orientativos com boas pr\u00e1ticas de administra\u00e7\u00e3o e planejamento urbano.<\/li>\n<\/ul>\n<p>As capacita\u00e7\u00f5es promovidas pelo programa j\u00e1 registraram mais de mil inscri\u00e7\u00f5es. Al\u00e9m disso, o Programa InovaCidades MPC promove a articula\u00e7\u00e3o entre a atua\u00e7\u00e3o do controle externo e as agendas internacionais de desenvolvimento sustent\u00e1vel, incentivando que as administra\u00e7\u00f5es municipais alinhem suas pol\u00edticas \u00e0s diretrizes globais relacionadas a cidades inteligentes, sustentabilidade urbana, a\u00e7\u00e3o clim\u00e1tica e inova\u00e7\u00e3o na gest\u00e3o p\u00fablica.<\/p>\n<p>Ao integrar a programa\u00e7\u00e3o da Innovate4Cities 2026, o MPC-PR levar\u00e1 ao debate internacional a experi\u00eancia do Programa InovaCidades como exemplo de atua\u00e7\u00e3o institucional que combina orienta\u00e7\u00e3o, preven\u00e7\u00e3o, capacita\u00e7\u00e3o, inova\u00e7\u00e3o tecnol\u00f3gica e governan\u00e7a, contribuindo para o fortalecimento da administra\u00e7\u00e3o p\u00fablica local e para a implementa\u00e7\u00e3o de agendas globais de desenvolvimento urbano sustent\u00e1vel.<\/p>\n","protected":false},"excerpt":{"rendered":"<p>O Minist\u00e9rio P\u00fablico de Contas do Estado do Paran\u00e1 (MPC-PR) teve aprovada a inscri\u00e7\u00e3o para apresenta\u00e7\u00e3o do Programa InovaCidades MPC na Confer\u00eancia Innovate4Cities 2026 (I4C26), um dos principais f\u00f3runs globais dedicados \u00e0 pesquisa, \u00e0 inova\u00e7\u00e3o e \u00e0s solu\u00e7\u00f5es para cidades sustent\u00e1veis e resilientes. O evento \u00e9 organizado pelo Global Covenant of Mayors for Climate &amp; [&hellip;]<\/p>\n","protected":false},"author":1,"featured_media":25473,"comment_status":"open","ping_status":"open","sticky":false,"template":"","format":"standard","meta":{"_monsterinsights_skip_tracking":false,"_monsterinsights_sitenote_active":false,"_monsterinsights_sitenote_note":"","_monsterinsights_sitenote_category":0,"footnotes":""},"categories":[7],"tags":[825,763,725,840,615,906],"class_list":["post-25472","post","type-post","status-publish","format-standard","has-post-thumbnail","hentry","category-todas-as-noticias","tag-cidades-inteligentes","tag-gestao-publica","tag-inovacao","tag-inovacidades-mpc","tag-onu","tag-pit","entry","has-media"],"yoast_head":"<!-- This site is optimized with the Yoast SEO plugin v27.3 - https:\/\/yoast.com\/product\/yoast-seo-wordpress\/ -->\n<title>Confer\u00eancia Innovate4Cities 2026 (I4C26): Programa InovaCidades MPC \u00e9 selecionado para evento internacional da ONU-Habitat - Minist\u00e9rio P\u00fablico de Contas do Estado do Paran\u00e1<\/title>\n<meta name=\"robots\" content=\"index, follow, max-snippet:-1, max-image-preview:large, max-video-preview:-1\" \/>\n<link rel=\"canonical\" href=\"https:\/\/www.mpc.pr.gov.br\/index.php\/conferencia-innovate4cities-2026-i4c26-programa-inovacidades-mpc-e-selecionado-para-evento-internacional-da-onu-habitat\/\" \/>\n<meta property=\"og:locale\" content=\"pt_BR\" \/>\n<meta property=\"og:type\" content=\"article\" \/>\n<meta property=\"og:title\" content=\"Confer\u00eancia Innovate4Cities 2026 (I4C26): Programa InovaCidades MPC \u00e9 selecionado para evento internacional da ONU-Habitat - Minist\u00e9rio P\u00fablico de Contas do Estado do Paran\u00e1\" \/>\n<meta property=\"og:description\" content=\"O Minist\u00e9rio P\u00fablico de Contas do Estado do Paran\u00e1 (MPC-PR) teve aprovada a inscri\u00e7\u00e3o para apresenta\u00e7\u00e3o do Programa InovaCidades MPC na Confer\u00eancia Innovate4Cities 2026 (I4C26), um dos principais f\u00f3runs globais dedicados \u00e0 pesquisa, \u00e0 inova\u00e7\u00e3o e \u00e0s solu\u00e7\u00f5es para cidades sustent\u00e1veis e resilientes. O evento \u00e9 organizado pelo Global Covenant of Mayors for Climate &amp; [&hellip;]\" \/>\n<meta property=\"og:url\" content=\"https:\/\/www.mpc.pr.gov.br\/index.php\/conferencia-innovate4cities-2026-i4c26-programa-inovacidades-mpc-e-selecionado-para-evento-internacional-da-onu-habitat\/\" \/>\n<meta property=\"og:site_name\" content=\"Minist\u00e9rio P\u00fablico de Contas do Estado do Paran\u00e1\" \/>\n<meta property=\"article:publisher\" content=\"https:\/\/www.facebook.com\/mpc.pr\" \/>\n<meta property=\"article:published_time\" content=\"2026-03-12T19:28:07+00:00\" \/>\n<meta property=\"article:modified_time\" content=\"2026-03-18T13:50:43+00:00\" \/>\n<meta property=\"og:image\" content=\"https:\/\/www.mpc.pr.gov.br\/wp-content\/uploads\/2026\/03\/IMAGEM-SITE-Innovate4Cities-onu-habitat.png\" \/>\n\t<meta property=\"og:image:width\" content=\"560\" \/>\n\t<meta property=\"og:image:height\" content=\"315\" \/>\n\t<meta property=\"og:image:type\" content=\"image\/png\" \/>\n<meta name=\"author\" content=\"mpcontaspr\" \/>\n<meta name=\"twitter:card\" content=\"summary_large_image\" \/>\n<meta name=\"twitter:label1\" content=\"Escrito por\" \/>\n\t<meta name=\"twitter:data1\" content=\"mpcontaspr\" \/>\n\t<meta name=\"twitter:label2\" content=\"Est. tempo de leitura\" \/>\n\t<meta name=\"twitter:data2\" content=\"3 minutos\" \/>\n<script type=\"application\/ld+json\" class=\"yoast-schema-graph\">{\"@context\":\"https:\\\/\\\/schema.org\",\"@graph\":[{\"@type\":\"Article\",\"@id\":\"https:\\\/\\\/www.mpc.pr.gov.br\\\/index.php\\\/conferencia-innovate4cities-2026-i4c26-programa-inovacidades-mpc-e-selecionado-para-evento-internacional-da-onu-habitat\\\/#article\",\"isPartOf\":{\"@id\":\"https:\\\/\\\/www.mpc.pr.gov.br\\\/index.php\\\/conferencia-innovate4cities-2026-i4c26-programa-inovacidades-mpc-e-selecionado-para-evento-internacional-da-onu-habitat\\\/\"},\"author\":{\"name\":\"mpcontaspr\",\"@id\":\"https:\\\/\\\/www.mpc.pr.gov.br\\\/#\\\/schema\\\/person\\\/2d83cb8980538d0ec174e8a6284f5e11\"},\"headline\":\"Confer\u00eancia Innovate4Cities 2026 (I4C26): Programa InovaCidades MPC \u00e9 selecionado para evento internacional da ONU-Habitat\",\"datePublished\":\"2026-03-12T19:28:07+00:00\",\"dateModified\":\"2026-03-18T13:50:43+00:00\",\"mainEntityOfPage\":{\"@id\":\"https:\\\/\\\/www.mpc.pr.gov.br\\\/index.php\\\/conferencia-innovate4cities-2026-i4c26-programa-inovacidades-mpc-e-selecionado-para-evento-internacional-da-onu-habitat\\\/\"},\"wordCount\":425,\"commentCount\":0,\"publisher\":{\"@id\":\"https:\\\/\\\/www.mpc.pr.gov.br\\\/#organization\"},\"image\":{\"@id\":\"https:\\\/\\\/www.mpc.pr.gov.br\\\/index.php\\\/conferencia-innovate4cities-2026-i4c26-programa-inovacidades-mpc-e-selecionado-para-evento-internacional-da-onu-habitat\\\/#primaryimage\"},\"thumbnailUrl\":\"https:\\\/\\\/www.mpc.pr.gov.br\\\/wp-content\\\/uploads\\\/2026\\\/03\\\/IMAGEM-SITE-Innovate4Cities-onu-habitat.png\",\"keywords\":[\"Cidades Inteligentes\",\"Gest\u00e3o P\u00fablica\",\"Inova\u00e7\u00e3o\",\"InovaCidades MPC\",\"ONU\",\"PIT\"],\"articleSection\":[\"Todas as not\u00edcias\"],\"inLanguage\":\"pt-BR\",\"potentialAction\":[{\"@type\":\"CommentAction\",\"name\":\"Comment\",\"target\":[\"https:\\\/\\\/www.mpc.pr.gov.br\\\/index.php\\\/conferencia-innovate4cities-2026-i4c26-programa-inovacidades-mpc-e-selecionado-para-evento-internacional-da-onu-habitat\\\/#respond\"]}]},{\"@type\":\"WebPage\",\"@id\":\"https:\\\/\\\/www.mpc.pr.gov.br\\\/index.php\\\/conferencia-innovate4cities-2026-i4c26-programa-inovacidades-mpc-e-selecionado-para-evento-internacional-da-onu-habitat\\\/\",\"url\":\"https:\\\/\\\/www.mpc.pr.gov.br\\\/index.php\\\/conferencia-innovate4cities-2026-i4c26-programa-inovacidades-mpc-e-selecionado-para-evento-internacional-da-onu-habitat\\\/\",\"name\":\"Confer\u00eancia Innovate4Cities 2026 (I4C26): Programa InovaCidades MPC \u00e9 selecionado para evento internacional da ONU-Habitat - Minist\u00e9rio P\u00fablico de Contas do Estado do Paran\u00e1\",\"isPartOf\":{\"@id\":\"https:\\\/\\\/www.mpc.pr.gov.br\\\/#website\"},\"primaryImageOfPage\":{\"@id\":\"https:\\\/\\\/www.mpc.pr.gov.br\\\/index.php\\\/conferencia-innovate4cities-2026-i4c26-programa-inovacidades-mpc-e-selecionado-para-evento-internacional-da-onu-habitat\\\/#primaryimage\"},\"image\":{\"@id\":\"https:\\\/\\\/www.mpc.pr.gov.br\\\/index.php\\\/conferencia-innovate4cities-2026-i4c26-programa-inovacidades-mpc-e-selecionado-para-evento-internacional-da-onu-habitat\\\/#primaryimage\"},\"thumbnailUrl\":\"https:\\\/\\\/www.mpc.pr.gov.br\\\/wp-content\\\/uploads\\\/2026\\\/03\\\/IMAGEM-SITE-Innovate4Cities-onu-habitat.png\",\"datePublished\":\"2026-03-12T19:28:07+00:00\",\"dateModified\":\"2026-03-18T13:50:43+00:00\",\"breadcrumb\":{\"@id\":\"https:\\\/\\\/www.mpc.pr.gov.br\\\/index.php\\\/conferencia-innovate4cities-2026-i4c26-programa-inovacidades-mpc-e-selecionado-para-evento-internacional-da-onu-habitat\\\/#breadcrumb\"},\"inLanguage\":\"pt-BR\",\"potentialAction\":[{\"@type\":\"ReadAction\",\"target\":[\"https:\\\/\\\/www.mpc.pr.gov.br\\\/index.php\\\/conferencia-innovate4cities-2026-i4c26-programa-inovacidades-mpc-e-selecionado-para-evento-internacional-da-onu-habitat\\\/\"]}]},{\"@type\":\"ImageObject\",\"inLanguage\":\"pt-BR\",\"@id\":\"https:\\\/\\\/www.mpc.pr.gov.br\\\/index.php\\\/conferencia-innovate4cities-2026-i4c26-programa-inovacidades-mpc-e-selecionado-para-evento-internacional-da-onu-habitat\\\/#primaryimage\",\"url\":\"https:\\\/\\\/www.mpc.pr.gov.br\\\/wp-content\\\/uploads\\\/2026\\\/03\\\/IMAGEM-SITE-Innovate4Cities-onu-habitat.png\",\"contentUrl\":\"https:\\\/\\\/www.mpc.pr.gov.br\\\/wp-content\\\/uploads\\\/2026\\\/03\\\/IMAGEM-SITE-Innovate4Cities-onu-habitat.png\",\"width\":560,\"height\":315},{\"@type\":\"BreadcrumbList\",\"@id\":\"https:\\\/\\\/www.mpc.pr.gov.br\\\/index.php\\\/conferencia-innovate4cities-2026-i4c26-programa-inovacidades-mpc-e-selecionado-para-evento-internacional-da-onu-habitat\\\/#breadcrumb\",\"itemListElement\":[{\"@type\":\"ListItem\",\"position\":1,\"name\":\"In\u00edcio\",\"item\":\"https:\\\/\\\/www.mpc.pr.gov.br\\\/\"},{\"@type\":\"ListItem\",\"position\":2,\"name\":\"Confer\u00eancia Innovate4Cities 2026 (I4C26): Programa InovaCidades MPC \u00e9 selecionado para evento internacional da ONU-Habitat\"}]},{\"@type\":\"WebSite\",\"@id\":\"https:\\\/\\\/www.mpc.pr.gov.br\\\/#website\",\"url\":\"https:\\\/\\\/www.mpc.pr.gov.br\\\/\",\"name\":\"Minist\u00e9rio P\u00fablico de Contas do Estado do Paran\u00e1\",\"description\":\"\",\"publisher\":{\"@id\":\"https:\\\/\\\/www.mpc.pr.gov.br\\\/#organization\"},\"potentialAction\":[{\"@type\":\"SearchAction\",\"target\":{\"@type\":\"EntryPoint\",\"urlTemplate\":\"https:\\\/\\\/www.mpc.pr.gov.br\\\/?s={search_term_string}\"},\"query-input\":{\"@type\":\"PropertyValueSpecification\",\"valueRequired\":true,\"valueName\":\"search_term_string\"}}],\"inLanguage\":\"pt-BR\"},{\"@type\":\"Organization\",\"@id\":\"https:\\\/\\\/www.mpc.pr.gov.br\\\/#organization\",\"name\":\"Minist\u00e9rio P\u00fablico de Contas do Estado do Paran\u00e1\",\"url\":\"https:\\\/\\\/www.mpc.pr.gov.br\\\/\",\"logo\":{\"@type\":\"ImageObject\",\"inLanguage\":\"pt-BR\",\"@id\":\"https:\\\/\\\/www.mpc.pr.gov.br\\\/#\\\/schema\\\/logo\\\/image\\\/\",\"url\":\"https:\\\/\\\/www.mpc.pr.gov.br\\\/wp-content\\\/uploads\\\/2020\\\/06\\\/99423647_1593460364143890_6706793420720963584_n-1-e1591387983167.png\",\"contentUrl\":\"https:\\\/\\\/www.mpc.pr.gov.br\\\/wp-content\\\/uploads\\\/2020\\\/06\\\/99423647_1593460364143890_6706793420720963584_n-1-e1591387983167.png\",\"width\":243,\"height\":73,\"caption\":\"Minist\u00e9rio P\u00fablico de Contas do Estado do Paran\u00e1\"},\"image\":{\"@id\":\"https:\\\/\\\/www.mpc.pr.gov.br\\\/#\\\/schema\\\/logo\\\/image\\\/\"},\"sameAs\":[\"https:\\\/\\\/www.facebook.com\\\/mpc.pr\",\"https:\\\/\\\/www.instagram.com\\\/mpc.pr\\\/?hl=pt-br\",\"https:\\\/\\\/www.youtube.com\\\/channel\\\/UCHri5oEM8DV0ztX57E0sBSw\"]},{\"@type\":\"Person\",\"@id\":\"https:\\\/\\\/www.mpc.pr.gov.br\\\/#\\\/schema\\\/person\\\/2d83cb8980538d0ec174e8a6284f5e11\",\"name\":\"mpcontaspr\",\"image\":{\"@type\":\"ImageObject\",\"inLanguage\":\"pt-BR\",\"@id\":\"https:\\\/\\\/secure.gravatar.com\\\/avatar\\\/1aef51541db7622e05fd639336c9c9f312c2a618396e2b6ca96846362fc5403f?s=96&d=mm&r=g\",\"url\":\"https:\\\/\\\/secure.gravatar.com\\\/avatar\\\/1aef51541db7622e05fd639336c9c9f312c2a618396e2b6ca96846362fc5403f?s=96&d=mm&r=g\",\"contentUrl\":\"https:\\\/\\\/secure.gravatar.com\\\/avatar\\\/1aef51541db7622e05fd639336c9c9f312c2a618396e2b6ca96846362fc5403f?s=96&d=mm&r=g\",\"caption\":\"mpcontaspr\"},\"sameAs\":[\"http:\\\/\\\/www.mpc.pr.gov.br\"]}]}<\/script>\n<!-- \/ Yoast SEO plugin. -->","yoast_head_json":{"title":"Confer\u00eancia Innovate4Cities 2026 (I4C26): Programa InovaCidades MPC \u00e9 selecionado para evento internacional da ONU-Habitat - Minist\u00e9rio P\u00fablico de Contas do Estado do Paran\u00e1","robots":{"index":"index","follow":"follow","max-snippet":"max-snippet:-1","max-image-preview":"max-image-preview:large","max-video-preview":"max-video-preview:-1"},"canonical":"https:\/\/www.mpc.pr.gov.br\/index.php\/conferencia-innovate4cities-2026-i4c26-programa-inovacidades-mpc-e-selecionado-para-evento-internacional-da-onu-habitat\/","og_locale":"pt_BR","og_type":"article","og_title":"Confer\u00eancia Innovate4Cities 2026 (I4C26): Programa InovaCidades MPC \u00e9 selecionado para evento internacional da ONU-Habitat - Minist\u00e9rio P\u00fablico de Contas do Estado do Paran\u00e1","og_description":"O Minist\u00e9rio P\u00fablico de Contas do Estado do Paran\u00e1 (MPC-PR) teve aprovada a inscri\u00e7\u00e3o para apresenta\u00e7\u00e3o do Programa InovaCidades MPC na Confer\u00eancia Innovate4Cities 2026 (I4C26), um dos principais f\u00f3runs globais dedicados \u00e0 pesquisa, \u00e0 inova\u00e7\u00e3o e \u00e0s solu\u00e7\u00f5es para cidades sustent\u00e1veis e resilientes. O evento \u00e9 organizado pelo Global Covenant of Mayors for Climate &amp; [&hellip;]","og_url":"https:\/\/www.mpc.pr.gov.br\/index.php\/conferencia-innovate4cities-2026-i4c26-programa-inovacidades-mpc-e-selecionado-para-evento-internacional-da-onu-habitat\/","og_site_name":"Minist\u00e9rio P\u00fablico de Contas do Estado do Paran\u00e1","article_publisher":"https:\/\/www.facebook.com\/mpc.pr","article_published_time":"2026-03-12T19:28:07+00:00","article_modified_time":"2026-03-18T13:50:43+00:00","og_image":[{"width":560,"height":315,"url":"https:\/\/www.mpc.pr.gov.br\/wp-content\/uploads\/2026\/03\/IMAGEM-SITE-Innovate4Cities-onu-habitat.png","type":"image\/png"}],"author":"mpcontaspr","twitter_card":"summary_large_image","twitter_misc":{"Escrito por":"mpcontaspr","Est. tempo de leitura":"3 minutos"},"schema":{"@context":"https:\/\/schema.org","@graph":[{"@type":"Article","@id":"https:\/\/www.mpc.pr.gov.br\/index.php\/conferencia-innovate4cities-2026-i4c26-programa-inovacidades-mpc-e-selecionado-para-evento-internacional-da-onu-habitat\/#article","isPartOf":{"@id":"https:\/\/www.mpc.pr.gov.br\/index.php\/conferencia-innovate4cities-2026-i4c26-programa-inovacidades-mpc-e-selecionado-para-evento-internacional-da-onu-habitat\/"},"author":{"name":"mpcontaspr","@id":"https:\/\/www.mpc.pr.gov.br\/#\/schema\/person\/2d83cb8980538d0ec174e8a6284f5e11"},"headline":"Confer\u00eancia Innovate4Cities 2026 (I4C26): Programa InovaCidades MPC \u00e9 selecionado para evento internacional da ONU-Habitat","datePublished":"2026-03-12T19:28:07+00:00","dateModified":"2026-03-18T13:50:43+00:00","mainEntityOfPage":{"@id":"https:\/\/www.mpc.pr.gov.br\/index.php\/conferencia-innovate4cities-2026-i4c26-programa-inovacidades-mpc-e-selecionado-para-evento-internacional-da-onu-habitat\/"},"wordCount":425,"commentCount":0,"publisher":{"@id":"https:\/\/www.mpc.pr.gov.br\/#organization"},"image":{"@id":"https:\/\/www.mpc.pr.gov.br\/index.php\/conferencia-innovate4cities-2026-i4c26-programa-inovacidades-mpc-e-selecionado-para-evento-internacional-da-onu-habitat\/#primaryimage"},"thumbnailUrl":"https:\/\/www.mpc.pr.gov.br\/wp-content\/uploads\/2026\/03\/IMAGEM-SITE-Innovate4Cities-onu-habitat.png","keywords":["Cidades Inteligentes","Gest\u00e3o P\u00fablica","Inova\u00e7\u00e3o","InovaCidades MPC","ONU","PIT"],"articleSection":["Todas as not\u00edcias"],"inLanguage":"pt-BR","potentialAction":[{"@type":"CommentAction","name":"Comment","target":["https:\/\/www.mpc.pr.gov.br\/index.php\/conferencia-innovate4cities-2026-i4c26-programa-inovacidades-mpc-e-selecionado-para-evento-internacional-da-onu-habitat\/#respond"]}]},{"@type":"WebPage","@id":"https:\/\/www.mpc.pr.gov.br\/index.php\/conferencia-innovate4cities-2026-i4c26-programa-inovacidades-mpc-e-selecionado-para-evento-internacional-da-onu-habitat\/","url":"https:\/\/www.mpc.pr.gov.br\/index.php\/conferencia-innovate4cities-2026-i4c26-programa-inovacidades-mpc-e-selecionado-para-evento-internacional-da-onu-habitat\/","name":"Confer\u00eancia Innovate4Cities 2026 (I4C26): Programa InovaCidades MPC \u00e9 selecionado para evento internacional da ONU-Habitat - Minist\u00e9rio P\u00fablico de Contas do Estado do Paran\u00e1","isPartOf":{"@id":"https:\/\/www.mpc.pr.gov.br\/#website"},"primaryImageOfPage":{"@id":"https:\/\/www.mpc.pr.gov.br\/index.php\/conferencia-innovate4cities-2026-i4c26-programa-inovacidades-mpc-e-selecionado-para-evento-internacional-da-onu-habitat\/#primaryimage"},"image":{"@id":"https:\/\/www.mpc.pr.gov.br\/index.php\/conferencia-innovate4cities-2026-i4c26-programa-inovacidades-mpc-e-selecionado-para-evento-internacional-da-onu-habitat\/#primaryimage"},"thumbnailUrl":"https:\/\/www.mpc.pr.gov.br\/wp-content\/uploads\/2026\/03\/IMAGEM-SITE-Innovate4Cities-onu-habitat.png","datePublished":"2026-03-12T19:28:07+00:00","dateModified":"2026-03-18T13:50:43+00:00","breadcrumb":{"@id":"https:\/\/www.mpc.pr.gov.br\/index.php\/conferencia-innovate4cities-2026-i4c26-programa-inovacidades-mpc-e-selecionado-para-evento-internacional-da-onu-habitat\/#breadcrumb"},"inLanguage":"pt-BR","potentialAction":[{"@type":"ReadAction","target":["https:\/\/www.mpc.pr.gov.br\/index.php\/conferencia-innovate4cities-2026-i4c26-programa-inovacidades-mpc-e-selecionado-para-evento-internacional-da-onu-habitat\/"]}]},{"@type":"ImageObject","inLanguage":"pt-BR","@id":"https:\/\/www.mpc.pr.gov.br\/index.php\/conferencia-innovate4cities-2026-i4c26-programa-inovacidades-mpc-e-selecionado-para-evento-internacional-da-onu-habitat\/#primaryimage","url":"https:\/\/www.mpc.pr.gov.br\/wp-content\/uploads\/2026\/03\/IMAGEM-SITE-Innovate4Cities-onu-habitat.png","contentUrl":"https:\/\/www.mpc.pr.gov.br\/wp-content\/uploads\/2026\/03\/IMAGEM-SITE-Innovate4Cities-onu-habitat.png","width":560,"height":315},{"@type":"BreadcrumbList","@id":"https:\/\/www.mpc.pr.gov.br\/index.php\/conferencia-innovate4cities-2026-i4c26-programa-inovacidades-mpc-e-selecionado-para-evento-internacional-da-onu-habitat\/#breadcrumb","itemListElement":[{"@type":"ListItem","position":1,"name":"In\u00edcio","item":"https:\/\/www.mpc.pr.gov.br\/"},{"@type":"ListItem","position":2,"name":"Confer\u00eancia Innovate4Cities 2026 (I4C26): Programa InovaCidades MPC \u00e9 selecionado para evento internacional da ONU-Habitat"}]},{"@type":"WebSite","@id":"https:\/\/www.mpc.pr.gov.br\/#website","url":"https:\/\/www.mpc.pr.gov.br\/","name":"Minist\u00e9rio P\u00fablico de Contas do Estado do Paran\u00e1","description":"","publisher":{"@id":"https:\/\/www.mpc.pr.gov.br\/#organization"},"potentialAction":[{"@type":"SearchAction","target":{"@type":"EntryPoint","urlTemplate":"https:\/\/www.mpc.pr.gov.br\/?s={search_term_string}"},"query-input":{"@type":"PropertyValueSpecification","valueRequired":true,"valueName":"search_term_string"}}],"inLanguage":"pt-BR"},{"@type":"Organization","@id":"https:\/\/www.mpc.pr.gov.br\/#organization","name":"Minist\u00e9rio P\u00fablico de Contas do Estado do Paran\u00e1","url":"https:\/\/www.mpc.pr.gov.br\/","logo":{"@type":"ImageObject","inLanguage":"pt-BR","@id":"https:\/\/www.mpc.pr.gov.br\/#\/schema\/logo\/image\/","url":"https:\/\/www.mpc.pr.gov.br\/wp-content\/uploads\/2020\/06\/99423647_1593460364143890_6706793420720963584_n-1-e1591387983167.png","contentUrl":"https:\/\/www.mpc.pr.gov.br\/wp-content\/uploads\/2020\/06\/99423647_1593460364143890_6706793420720963584_n-1-e1591387983167.png","width":243,"height":73,"caption":"Minist\u00e9rio P\u00fablico de Contas do Estado do Paran\u00e1"},"image":{"@id":"https:\/\/www.mpc.pr.gov.br\/#\/schema\/logo\/image\/"},"sameAs":["https:\/\/www.facebook.com\/mpc.pr","https:\/\/www.instagram.com\/mpc.pr\/?hl=pt-br","https:\/\/www.youtube.com\/channel\/UCHri5oEM8DV0ztX57E0sBSw"]},{"@type":"Person","@id":"https:\/\/www.mpc.pr.gov.br\/#\/schema\/person\/2d83cb8980538d0ec174e8a6284f5e11","name":"mpcontaspr","image":{"@type":"ImageObject","inLanguage":"pt-BR","@id":"https:\/\/secure.gravatar.com\/avatar\/1aef51541db7622e05fd639336c9c9f312c2a618396e2b6ca96846362fc5403f?s=96&d=mm&r=g","url":"https:\/\/secure.gravatar.com\/avatar\/1aef51541db7622e05fd639336c9c9f312c2a618396e2b6ca96846362fc5403f?s=96&d=mm&r=g","contentUrl":"https:\/\/secure.gravatar.com\/avatar\/1aef51541db7622e05fd639336c9c9f312c2a618396e2b6ca96846362fc5403f?s=96&d=mm&r=g","caption":"mpcontaspr"},"sameAs":["http:\/\/www.mpc.pr.gov.br"]}]}},"rttpg_featured_image_url":{"full":["https:\/\/www.mpc.pr.gov.br\/wp-content\/uploads\/2026\/03\/IMAGEM-SITE-Innovate4Cities-onu-habitat.png",560,315,false],"landscape":["https:\/\/www.mpc.pr.gov.br\/wp-content\/uploads\/2026\/03\/IMAGEM-SITE-Innovate4Cities-onu-habitat.png",560,315,false],"portraits":["https:\/\/www.mpc.pr.gov.br\/wp-content\/uploads\/2026\/03\/IMAGEM-SITE-Innovate4Cities-onu-habitat.png",560,315,false],"thumbnail":["https:\/\/www.mpc.pr.gov.br\/wp-content\/uploads\/2026\/03\/IMAGEM-SITE-Innovate4Cities-onu-habitat-150x150.png",150,150,true],"medium":["https:\/\/www.mpc.pr.gov.br\/wp-content\/uploads\/2026\/03\/IMAGEM-SITE-Innovate4Cities-onu-habitat-300x169.png",300,169,true],"large":["https:\/\/www.mpc.pr.gov.br\/wp-content\/uploads\/2026\/03\/IMAGEM-SITE-Innovate4Cities-onu-habitat.png",560,315,false],"1536x1536":["https:\/\/www.mpc.pr.gov.br\/wp-content\/uploads\/2026\/03\/IMAGEM-SITE-Innovate4Cities-onu-habitat.png",560,315,false],"2048x2048":["https:\/\/www.mpc.pr.gov.br\/wp-content\/uploads\/2026\/03\/IMAGEM-SITE-Innovate4Cities-onu-habitat.png",560,315,false],"ocean-thumb-m":["https:\/\/www.mpc.pr.gov.br\/wp-content\/uploads\/2026\/03\/IMAGEM-SITE-Innovate4Cities-onu-habitat.png",560,315,false],"ocean-thumb-ml":["https:\/\/www.mpc.pr.gov.br\/wp-content\/uploads\/2026\/03\/IMAGEM-SITE-Innovate4Cities-onu-habitat.png",560,315,false],"ocean-thumb-l":["https:\/\/www.mpc.pr.gov.br\/wp-content\/uploads\/2026\/03\/IMAGEM-SITE-Innovate4Cities-onu-habitat.png",560,315,false]},"rttpg_author":{"display_name":"mpcontaspr","author_link":"https:\/\/www.mpc.pr.gov.br\/index.php\/author\/mpcontaspr\/"},"rttpg_comment":0,"rttpg_category":"<a href=\"https:\/\/www.mpc.pr.gov.br\/index.php\/category\/todas-as-noticias\/\" rel=\"category tag\">Todas as not\u00edcias<\/a>","rttpg_excerpt":"O Minist\u00e9rio P\u00fablico de Contas do Estado do Paran\u00e1 (MPC-PR) teve aprovada a inscri\u00e7\u00e3o para apresenta\u00e7\u00e3o do Programa InovaCidades MPC na Confer\u00eancia Innovate4Cities 2026 (I4C26), um dos principais f\u00f3runs globais dedicados \u00e0 pesquisa, \u00e0 inova\u00e7\u00e3o e \u00e0s solu\u00e7\u00f5es para cidades sustent\u00e1veis e resilientes. O evento \u00e9 organizado pelo Global Covenant of Mayors for Climate &amp;&hellip;","_links":{"self":[{"href":"https:\/\/www.mpc.pr.gov.br\/index.php\/wp-json\/wp\/v2\/posts\/25472","targetHints":{"allow":["GET"]}}],"collection":[{"href":"https:\/\/www.mpc.pr.gov.br\/index.php\/wp-json\/wp\/v2\/posts"}],"about":[{"href":"https:\/\/www.mpc.pr.gov.br\/index.php\/wp-json\/wp\/v2\/types\/post"}],"author":[{"embeddable":true,"href":"https:\/\/www.mpc.pr.gov.br\/index.php\/wp-json\/wp\/v2\/users\/1"}],"replies":[{"embeddable":true,"href":"https:\/\/www.mpc.pr.gov.br\/index.php\/wp-json\/wp\/v2\/comments?post=25472"}],"version-history":[{"count":1,"href":"https:\/\/www.mpc.pr.gov.br\/index.php\/wp-json\/wp\/v2\/posts\/25472\/revisions"}],"predecessor-version":[{"id":25474,"href":"https:\/\/www.mpc.pr.gov.br\/index.php\/wp-json\/wp\/v2\/posts\/25472\/revisions\/25474"}],"wp:featuredmedia":[{"embeddable":true,"href":"https:\/\/www.mpc.pr.gov.br\/index.php\/wp-json\/wp\/v2\/media\/25473"}],"wp:attachment":[{"href":"https:\/\/www.mpc.pr.gov.br\/index.php\/wp-json\/wp\/v2\/media?parent=25472"}],"wp:term":[{"taxonomy":"category","embeddable":true,"href":"https:\/\/www.mpc.pr.gov.br\/index.php\/wp-json\/wp\/v2\/categories?post=25472"},{"taxonomy":"post_tag","embeddable":true,"href":"https:\/\/www.mpc.pr.gov.br\/index.php\/wp-json\/wp\/v2\/tags?post=25472"}],"curies":[{"name":"wp","href":"https:\/\/api.w.org\/{rel}","templated":true}]}}