{"id":25476,"date":"2026-03-13T11:35:26","date_gmt":"2026-03-13T14:35:26","guid":{"rendered":"https:\/\/www.mpc.pr.gov.br\/?p=25476"},"modified":"2026-03-19T10:57:49","modified_gmt":"2026-03-19T13:57:49","slug":"programa-inovacidades-mpc-apresenta-case-de-campo-mourao-em-primeiro-webinario-de-2026","status":"publish","type":"post","link":"https:\/\/www.mpc.pr.gov.br\/index.php\/programa-inovacidades-mpc-apresenta-case-de-campo-mourao-em-primeiro-webinario-de-2026\/","title":{"rendered":"Programa InovaCidades MPC apresenta case de Campo Mour\u00e3o em primeiro webin\u00e1rio de 2026"},"content":{"rendered":"<p><span data-contrast=\"auto\"><img fetchpriority=\"high\" decoding=\"async\" class=\"size-medium wp-image-25477 alignleft\" src=\"https:\/\/www.mpc.pr.gov.br\/wp-content\/uploads\/2026\/03\/IMAGEM-SITE-2-1-300x169.jpg\" alt=\"\" width=\"300\" height=\"169\" srcset=\"https:\/\/www.mpc.pr.gov.br\/wp-content\/uploads\/2026\/03\/IMAGEM-SITE-2-1-300x169.jpg 300w, https:\/\/www.mpc.pr.gov.br\/wp-content\/uploads\/2026\/03\/IMAGEM-SITE-2-1.jpg 560w\" sizes=\"(max-width: 300px) 100vw, 300px\" \/>O Minist\u00e9rio P\u00fablico de Contas do Paran\u00e1 (MPC-PR), em parceria com o Parque de Inova\u00e7\u00e3o Tecnol\u00f3gica de S\u00e3o Jos\u00e9 dos Campos (PIT-SJC), realizou nesta quarta-feira (12) o primeiro webinar de 2026 do Programa InovaCidades MPC. O encontro inaugurou um novo ciclo de capacita\u00e7\u00f5es voltadas \u00e0 apresenta\u00e7\u00e3o de experi\u00eancias bem-sucedidas de munic\u00edpios paranaenses em temas estrat\u00e9gicos da administra\u00e7\u00e3o p\u00fablica, tendo como destaque o case do\u00a0Munic\u00edpio de Campo Mour\u00e3o, refer\u00eancia nacional em gest\u00e3o baseada em indicadores, inova\u00e7\u00e3o e certifica\u00e7\u00e3o internacional de cidades inteligentes.<\/span><span data-ccp-props=\"{&quot;134233117&quot;:false,&quot;134233118&quot;:false,&quot;201341983&quot;:0,&quot;335551550&quot;:6,&quot;335551620&quot;:6,&quot;335559738&quot;:210,&quot;335559739&quot;:210,&quot;335559740&quot;:300}\">\u00a0<\/span><\/p>\n<p><span data-contrast=\"auto\">O Programa\u00a0InovaCidades\u00a0MPC \u00e9 uma iniciativa institucional do MPC-PR que busca aproximar o controle externo da agenda contempor\u00e2nea de moderniza\u00e7\u00e3o da gest\u00e3o p\u00fablica, oferecendo capacita\u00e7\u00f5es, materiais de apoio e metodologias voltadas \u00e0 inova\u00e7\u00e3o, \u00e0 governan\u00e7a e \u00e0 tomada de decis\u00e3o baseada em evid\u00eancias. O programa tem como objetivo auxiliar gestores p\u00fablicos, servidores e equipes t\u00e9cnicas na constru\u00e7\u00e3o de cidades mais inteligentes, sustent\u00e1veis e resilientes, com foco em resultados concretos para a popula\u00e7\u00e3o e no fortalecimento da integridade e da efici\u00eancia administrativa.<\/span><span data-ccp-props=\"{&quot;134233117&quot;:false,&quot;134233118&quot;:false,&quot;201341983&quot;:0,&quot;335551550&quot;:6,&quot;335551620&quot;:6,&quot;335559738&quot;:210,&quot;335559739&quot;:210,&quot;335559740&quot;:300}\">\u00a0<\/span><\/p>\n<h4><b><span data-contrast=\"auto\">Ciclo de Webinars<\/span><\/b><span data-ccp-props=\"{&quot;134233117&quot;:false,&quot;134233118&quot;:false,&quot;201341983&quot;:0,&quot;335551550&quot;:6,&quot;335551620&quot;:6,&quot;335559738&quot;:210,&quot;335559739&quot;:210,&quot;335559740&quot;:300}\">\u00a0<\/span><\/h4>\n<p><span data-contrast=\"auto\">Em 2026, o\u00a0InovaCidades\u00a0passa a contar com um formato ampliado de capacita\u00e7\u00e3o, estruturado em ciclos de webinars que se estender\u00e3o de mar\u00e7o a novembro. Ao longo do ano, ser\u00e3o apresentados casos reais de munic\u00edpios que v\u00eam implementando solu\u00e7\u00f5es inovadoras para enfrentar desafios contempor\u00e2neos, como sustentabilidade, mudan\u00e7as clim\u00e1ticas, acessibilidade, defesa civil, inova\u00e7\u00e3o tecnol\u00f3gica e moderniza\u00e7\u00e3o da gest\u00e3o.\u00a0<\/span><span data-ccp-props=\"{&quot;134233117&quot;:false,&quot;134233118&quot;:false,&quot;201341983&quot;:0,&quot;335551550&quot;:6,&quot;335551620&quot;:6,&quot;335559738&quot;:210,&quot;335559739&quot;:210,&quot;335559740&quot;:300}\">\u00a0<\/span><\/p>\n<p><span data-contrast=\"auto\">A proposta do ciclo \u00e9 fomentar a troca de experi\u00eancias entre os entes p\u00fablicos, estimular a replicabilidade de boas pr\u00e1ticas e consolidar uma rede colaborativa de aprendizagem entre gestores e servidores de diferentes regi\u00f5es.<\/span><span data-ccp-props=\"{&quot;134233117&quot;:false,&quot;134233118&quot;:false,&quot;201341983&quot;:0,&quot;335551550&quot;:6,&quot;335551620&quot;:6,&quot;335559738&quot;:210,&quot;335559739&quot;:210,&quot;335559740&quot;:300}\">\u00a0<\/span><\/p>\n<h4><b><span data-contrast=\"auto\">Fala inicial\u00a0<\/span><\/b><span data-ccp-props=\"{&quot;134233117&quot;:false,&quot;134233118&quot;:false,&quot;201341983&quot;:0,&quot;335551550&quot;:6,&quot;335551620&quot;:6,&quot;335559738&quot;:210,&quot;335559739&quot;:210,&quot;335559740&quot;:300}\">\u00a0<\/span><\/h4>\n<p><span data-contrast=\"auto\">Durante a abertura do webinar, a Diretora-Geral do MPC-PR, B\u00e1rbara\u00a0Krysttal\u00a0Motta Almeida Reis, destacou a import\u00e2ncia da continuidade do Programa\u00a0InovaCidades\u00a0e o compromisso institucional de dar vida \u00e0s iniciativas desenvolvidas ao longo dos \u00faltimos anos. Em sua fala, ressaltou que mais do que lan\u00e7ar programas, o desafio est\u00e1 em mant\u00ea-los ativos:\u00a0<\/span><i><span data-contrast=\"auto\">\u201cLan\u00e7ar um programa \u00e9 simples. O desafio \u00e9 dar continuidade, trazer conte\u00fado e dar vida a esse programa, e isso demonstra a capacidade tanto do Minist\u00e9rio P\u00fablico de Contas quanto dos parceiros envolvidos.\u201d<\/span><\/i><span data-ccp-props=\"{&quot;134233117&quot;:false,&quot;134233118&quot;:false,&quot;201341983&quot;:0,&quot;335551550&quot;:6,&quot;335551620&quot;:6,&quot;335559738&quot;:0,&quot;335559739&quot;:0,&quot;335559740&quot;:300}\">\u00a0<\/span><\/p>\n<p><span data-contrast=\"auto\">A diretora tamb\u00e9m anunciou o lan\u00e7amento de um painel que reunir\u00e1 todas as aulas e a\u00e7\u00f5es j\u00e1 realizadas no \u00e2mbito do\u00a0InovaCidades.\u00a0B\u00e1rbara enfatizou,\u00a0ainda,\u00a0que o\u00a0InovaCidades\u00a0\u00e9 um dos programas priorit\u00e1rios da gest\u00e3o do MPC-PR, com foco n\u00e3o apenas na constru\u00e7\u00e3o de cidades inteligentes, mas de cidades que sejam, ao mesmo tempo, sustent\u00e1veis, resilientes e capazes de gerar resultados concretos \u00e0 popula\u00e7\u00e3o.<\/span><span data-ccp-props=\"{&quot;134233117&quot;:false,&quot;134233118&quot;:false,&quot;201341983&quot;:0,&quot;335551550&quot;:6,&quot;335551620&quot;:6,&quot;335559685&quot;:0,&quot;335559737&quot;:0,&quot;335559738&quot;:210,&quot;335559739&quot;:210,&quot;335559740&quot;:300}\">\u00a0<\/span><\/p>\n<p><span data-contrast=\"auto\">Nesse contexto, destacou a relev\u00e2ncia da certifica\u00e7\u00e3o internacional de cidades e da ado\u00e7\u00e3o de instrumentos inovadores de contrata\u00e7\u00e3o p\u00fablica, como a Contrata\u00e7\u00e3o P\u00fablica de Solu\u00e7\u00e3o Inovadora (CPSI), que permite aos munic\u00edpios\u00a0transformar\u00a0desafios p\u00fablicos em oportunidades para o desenvolvimento de solu\u00e7\u00f5es criativas e eficientes, envolvendo startups, empresas e o ecossistema local de inova\u00e7\u00e3o.\u00a0<\/span><span data-ccp-props=\"{&quot;134233117&quot;:false,&quot;134233118&quot;:false,&quot;201341983&quot;:0,&quot;335551550&quot;:6,&quot;335551620&quot;:6,&quot;335559685&quot;:0,&quot;335559737&quot;:0,&quot;335559738&quot;:210,&quot;335559739&quot;:210,&quot;335559740&quot;:300}\">\u00a0<\/span><\/p>\n<p><span data-contrast=\"auto\">Ao final, anunciou o lan\u00e7amento do\u00a0HubGov\u00a0Tech\u00a0do\u00a0Governo do Paran\u00e1,\u00a0que ir\u00e1 promover uma\u00a0hackathon\u00a0no Estado, em\u00a0parceria\u00a0com o\u00a0Parque Tecnol\u00f3gico e o\u00a0MPC-PR, voltado ao desenvolvimento de solu\u00e7\u00f5es para problemas complexos da administra\u00e7\u00e3o p\u00fablica:\u00a0<\/span><i><span data-contrast=\"auto\">\u201cA nossa preocupa\u00e7\u00e3o n\u00e3o \u00e9 apenas com cidades mais inteligentes, mas com cidades inteligentes, sustent\u00e1veis e resilientes, que tragam resultados concretos \u00e0 popula\u00e7\u00e3o e promovam um ambiente \u00edntegro de competi\u00e7\u00e3o.\u201d<\/span><\/i><span data-ccp-props=\"{&quot;134233117&quot;:false,&quot;134233118&quot;:false,&quot;201341983&quot;:0,&quot;335551550&quot;:6,&quot;335551620&quot;:6,&quot;335559685&quot;:0,&quot;335559737&quot;:0,&quot;335559738&quot;:210,&quot;335559739&quot;:210,&quot;335559740&quot;:300}\">\u00a0<\/span><\/p>\n<h4><b><span data-contrast=\"auto\">Palestrantes<\/span><\/b><span data-ccp-props=\"{&quot;134233117&quot;:false,&quot;134233118&quot;:false,&quot;201341983&quot;:0,&quot;335551550&quot;:6,&quot;335551620&quot;:6,&quot;335559738&quot;:210,&quot;335559739&quot;:210,&quot;335559740&quot;:300}\">\u00a0<\/span><\/h4>\n<p><span data-contrast=\"auto\">Na sequ\u00eancia, o webinar\u00a0apresentou o case do Munic\u00edpio de Campo Mour\u00e3o, conduzido por\u00a0<\/span><b><span data-contrast=\"auto\">Rosinaldo Nunes Cardoso<\/span><\/b><span data-contrast=\"auto\">,\u00a0Diretor do Instituto de Pesquisa e Planejamento de Campo Mour\u00e3o (IPPLAN). Em sua apresenta\u00e7\u00e3o, Rosinaldo compartilhou a trajet\u00f3ria do munic\u00edpio rumo \u00e0 certifica\u00e7\u00e3o internacional como cidade inteligente, sustent\u00e1vel e resiliente, destacando o papel central da gest\u00e3o baseada em indicadores e da articula\u00e7\u00e3o de um ecossistema local de inova\u00e7\u00e3o.<\/span><span data-ccp-props=\"{&quot;134233117&quot;:false,&quot;134233118&quot;:false,&quot;201341983&quot;:0,&quot;335551550&quot;:6,&quot;335551620&quot;:6,&quot;335559738&quot;:210,&quot;335559739&quot;:210,&quot;335559740&quot;:300}\">\u00a0<\/span><\/p>\n<p><span data-contrast=\"auto\">Embora Campo Mour\u00e3o seja tradicionalmente reconhecida por sua forte voca\u00e7\u00e3o no agroneg\u00f3cio, o munic\u00edpio passou, ao longo dos \u00faltimos anos, por um processo estruturado de diversifica\u00e7\u00e3o econ\u00f4mica e fortalecimento do ambiente de inova\u00e7\u00e3o. Esse movimento foi impulsionado pela integra\u00e7\u00e3o entre o poder p\u00fablico, universidades, empresas, startups e sociedade civil, formalizado sob a denomina\u00e7\u00e3o \u201c<\/span><i><span data-contrast=\"auto\">Campo Valley<\/span><\/i><span data-contrast=\"auto\">\u201d, que consolidou um modelo de governan\u00e7a colaborativa voltado ao desenvolvimento local.<\/span><span data-ccp-props=\"{&quot;134233117&quot;:false,&quot;134233118&quot;:false,&quot;201341983&quot;:0,&quot;335551550&quot;:6,&quot;335551620&quot;:6,&quot;335559738&quot;:210,&quot;335559739&quot;:210,&quot;335559740&quot;:300}\">\u00a0<\/span><\/p>\n<p><i><span data-contrast=\"auto\">\u201cA certifica\u00e7\u00e3o vai nos tornar refer\u00eancia. A expectativa \u00e9 que Campo Mour\u00e3o seja a primeira cidade do Paran\u00e1 \u2014 e possivelmente do Sul do pa\u00eds \u2014 a alcan\u00e7ar esse n\u00edvel de certifica\u00e7\u00e3o.\u201d<\/span><\/i><span data-ccp-props=\"{&quot;134233117&quot;:false,&quot;134233118&quot;:false,&quot;201341983&quot;:0,&quot;335551550&quot;:6,&quot;335551620&quot;:6,&quot;335559738&quot;:0,&quot;335559739&quot;:0,&quot;335559740&quot;:300}\">\u00a0<\/span><\/p>\n<p><span data-contrast=\"auto\">Rosinaldo ressaltou que o munic\u00edpio conta atualmente com quatro institui\u00e7\u00f5es de ensino superior\u00a0(IES) parceiras, reunindo cerca de 11 mil estudantes universit\u00e1rios, o que contribui significativamente para a forma\u00e7\u00e3o de capital humano qualificado e para a gera\u00e7\u00e3o de solu\u00e7\u00f5es inovadoras. Como resultado desse ambiente favor\u00e1vel, Campo Mour\u00e3o abriga hoje a maior empresa de RFID\u00a0(r\u00e1dio frequ\u00eancia)\u00a0da Am\u00e9rica Latina, o maior fabricante de autoclaves do pa\u00eds, empresas l\u00edderes no mercado nacional\u00a0de equipamentos de agricultura de precis\u00e3o, al\u00e9m de uma incubadora de empresas reconhecida nacionalmente, respons\u00e1vel por gerar mais de R$ 200 milh\u00f5es em faturamento.<\/span><span data-ccp-props=\"{&quot;134233117&quot;:false,&quot;134233118&quot;:false,&quot;201341983&quot;:0,&quot;335551550&quot;:6,&quot;335551620&quot;:6,&quot;335559738&quot;:210,&quot;335559739&quot;:210,&quot;335559740&quot;:300}\">\u00a0<\/span><\/p>\n<p><span data-contrast=\"auto\">No \u00e2mbito da gest\u00e3o p\u00fablica,\u00a0Nunes\u00a0detalhou o processo de certifica\u00e7\u00e3o internacional do munic\u00edpio, baseado nas normas ISO 37120, 37122 e 37123, que avaliam indicadores relacionados a cidades sustent\u00e1veis, inteligentes e resilientes. Ao todo, s\u00e3o 276 indicadores poss\u00edveis, dos quais Campo Mour\u00e3o j\u00e1 monitora 213, distribu\u00eddos entre os eixos de sustentabilidade, intelig\u00eancia urbana e resili\u00eancia.\u00a0<\/span><span data-ccp-props=\"{&quot;134233117&quot;:false,&quot;134233118&quot;:false,&quot;201341983&quot;:0,&quot;335551550&quot;:6,&quot;335551620&quot;:6,&quot;335559738&quot;:210,&quot;335559739&quot;:210,&quot;335559740&quot;:300}\">\u00a0<\/span><\/p>\n<p><span data-contrast=\"auto\">Rosinaldo tamb\u00e9m abordou os desafios associados \u00e0 manuten\u00e7\u00e3o do sistema de indicadores e da governan\u00e7a intersetorial, destacando a import\u00e2ncia da comunica\u00e7\u00e3o com a comunidade e do engajamento cont\u00ednuo das diferentes \u00e1reas da administra\u00e7\u00e3o p\u00fablica para que o conceito de cidade inteligente seja compreendido e incorporado de forma ampla.<\/span><span data-ccp-props=\"{&quot;134233117&quot;:false,&quot;134233118&quot;:false,&quot;201341983&quot;:0,&quot;335551550&quot;:6,&quot;335551620&quot;:6,&quot;335559738&quot;:210,&quot;335559739&quot;:210,&quot;335559740&quot;:300}\">\u00a0<\/span><\/p>\n<p><span data-contrast=\"auto\">Outro ponto central do webin\u00e1rio foi a apresenta\u00e7\u00e3o da experi\u00eancia de Campo Mour\u00e3o com a Contrata\u00e7\u00e3o P\u00fablica de Solu\u00e7\u00e3o Inovadora (CPSI), tema aprofundado por<\/span><b><span data-contrast=\"auto\">\u00a0Rafael Fonseca<\/span><\/b><span data-contrast=\"auto\">, gerente de licita\u00e7\u00f5es do munic\u00edpio e especialista em direito p\u00fablico. Em sua fala, Rafael explicou que\u00a0<\/span><i><span data-contrast=\"auto\">\u201co CPSI decorre do Marco Legal das Startups, do empreendedorismo e da inova\u00e7\u00e3o, e tem como finalidade justamente permitir que o poder p\u00fablico teste solu\u00e7\u00f5es inovadoras.\u201d<\/span><\/i><span data-ccp-props=\"{&quot;134233117&quot;:false,&quot;134233118&quot;:false,&quot;201341983&quot;:0,&quot;335551550&quot;:6,&quot;335551620&quot;:6,&quot;335559738&quot;:0,&quot;335559739&quot;:0,&quot;335559740&quot;:300}\">\u00a0<\/span><\/p>\n<p><span data-contrast=\"auto\">O especialista detalhou que o CPSI se estrutura em tr\u00eas grandes etapas: planejamento, sele\u00e7\u00e3o e contrata\u00e7\u00e3o. Na fase inicial, o \u00f3rg\u00e3o p\u00fablico identifica o problema a ser enfrentado, realiza estudos t\u00e9cnicos preliminares e constitui uma comiss\u00e3o avaliadora multidisciplinar. Em seguida, ocorre o processo de sele\u00e7\u00e3o das propostas, com habilita\u00e7\u00e3o simplificada e possibilidade de negocia\u00e7\u00e3o, visando desburocratizar o acesso de startups e empresas inovadoras. A etapa de contrata\u00e7\u00e3o prev\u00ea um contrato com vig\u00eancia inicial de at\u00e9 12 meses, prorrog\u00e1vel, com defini\u00e7\u00e3o clara de metas, riscos e acompanhamento dos resultados.<\/span><span data-ccp-props=\"{&quot;134233117&quot;:false,&quot;134233118&quot;:false,&quot;201341983&quot;:0,&quot;335551550&quot;:6,&quot;335551620&quot;:6,&quot;335559738&quot;:210,&quot;335559739&quot;:210,&quot;335559740&quot;:300}\">\u00a0<\/span><\/p>\n<p><span data-contrast=\"auto\">Rafael destacou que a finalidade do CPSI \u00e9 justamente permitir o teste de solu\u00e7\u00f5es inovadoras, ressaltando que a eventual n\u00e3o valida\u00e7\u00e3o completa de uma solu\u00e7\u00e3o n\u00e3o deve ser interpretada como fracasso, mas como parte natural do processo de inova\u00e7\u00e3o. Caso a solu\u00e7\u00e3o seja validada, a legisla\u00e7\u00e3o permite a contrata\u00e7\u00e3o direta do fornecedor por per\u00edodo adicional, ampliando a escala da inova\u00e7\u00e3o desenvolvida.<\/span><span data-ccp-props=\"{&quot;134233117&quot;:false,&quot;134233118&quot;:false,&quot;201341983&quot;:0,&quot;335551550&quot;:6,&quot;335551620&quot;:6,&quot;335559738&quot;:210,&quot;335559739&quot;:210,&quot;335559740&quot;:300}\">\u00a0<\/span><\/p>\n<p><span data-contrast=\"auto\">Em Campo Mour\u00e3o, a ado\u00e7\u00e3o do CPSI resultou em iniciativas concretas, como o desenvolvimento de plataformas digitais para transporte compartilhado de servidores, solu\u00e7\u00f5es voltadas \u00e0 sa\u00fade mental dos servidores p\u00fablicos e a cria\u00e7\u00e3o de equipamentos tecnol\u00f3gicos de monitoramento urbano, desenvolvidos a custos significativamente inferiores aos praticados no mercado tradicional. As experi\u00eancias demonstram o potencial do CPSI como instrumento de efici\u00eancia administrativa, est\u00edmulo \u00e0 inova\u00e7\u00e3o local e melhoria dos servi\u00e7os p\u00fablicos.<\/span><span data-ccp-props=\"{&quot;134233117&quot;:false,&quot;134233118&quot;:false,&quot;201341983&quot;:0,&quot;335551550&quot;:6,&quot;335551620&quot;:6,&quot;335559738&quot;:210,&quot;335559739&quot;:210,&quot;335559740&quot;:300}\">\u00a0<\/span><\/p>\n<p><span data-contrast=\"auto\">Ao final do webin\u00e1rio, foi refor\u00e7ado que o case de Campo Mour\u00e3o inaugura o ciclo de webin\u00e1rios do\u00a0InovaCidades\u00a0em 2026 e serve como inspira\u00e7\u00e3o para outros munic\u00edpios que buscam modernizar sua gest\u00e3o, adotar pr\u00e1ticas inovadoras e fortalecer a governan\u00e7a p\u00fablica. O pr\u00f3ximo encontro j\u00e1 est\u00e1 previsto para o m\u00eas de abril, com a apresenta\u00e7\u00e3o do case do Munic\u00edpio de Pinhais, que abordar\u00e1 projetos de engenharia e capta\u00e7\u00e3o de recursos, seguido de novo webin\u00e1rio em maio, dando continuidade \u00e0 s\u00e9rie de experi\u00eancias exitosas.<\/span><span data-ccp-props=\"{&quot;134233117&quot;:false,&quot;134233118&quot;:false,&quot;201341983&quot;:0,&quot;335551550&quot;:6,&quot;335551620&quot;:6,&quot;335559738&quot;:210,&quot;335559739&quot;:210,&quot;335559740&quot;:300}\">\u00a0<\/span><\/p>\n<h4><b><span data-contrast=\"auto\">Pr\u00f3ximo\u00a0encontro<\/span><\/b><span data-ccp-props=\"{&quot;134233117&quot;:false,&quot;134233118&quot;:false,&quot;201341983&quot;:0,&quot;335551550&quot;:6,&quot;335551620&quot;:6,&quot;335559738&quot;:210,&quot;335559739&quot;:210,&quot;335559740&quot;:300}\">\u00a0<\/span><\/h4>\n<p><span data-contrast=\"auto\">Dando continuidade ao ciclo de webin\u00e1rios de 2026, o pr\u00f3ximo encontro j\u00e1 est\u00e1 confirmado para o dia\u00a0<\/span><b><span data-contrast=\"auto\">9 de abril<\/span><\/b><span data-contrast=\"auto\">,\u00a0oportunidade em que\u00a0ser\u00e1 apresentado o\u00a0<\/span><b><span data-contrast=\"auto\">case do Munic\u00edpio de Pinhais<\/span><\/b><span data-contrast=\"auto\">, com\u00a0<\/span><b><span data-contrast=\"auto\">foco em\u00a0projetos de engenharia e capta\u00e7\u00e3o de recursos em munic\u00edpios<\/span><\/b><span data-contrast=\"auto\">. A iniciativa dar\u00e1 sequ\u00eancia \u00e0 proposta do\u00a0InovaCidades\u00a0de compartilhar experi\u00eancias concretas e replic\u00e1veis, evidenciando como o planejamento t\u00e9cnico, a inova\u00e7\u00e3o e o uso estrat\u00e9gico de instrumentos de gest\u00e3o podem contribuir para a melhoria da execu\u00e7\u00e3o de pol\u00edticas p\u00fablicas e para o fortalecimento da governan\u00e7a municipal.\u00a0<\/span><span data-ccp-props=\"{&quot;134233117&quot;:false,&quot;134233118&quot;:false,&quot;201341983&quot;:0,&quot;335551550&quot;:6,&quot;335551620&quot;:6,&quot;335559738&quot;:0,&quot;335559739&quot;:0,&quot;335559740&quot;:300}\">\u00a0<\/span><\/p>\n<p><span data-ccp-props=\"{&quot;134233117&quot;:false,&quot;134233118&quot;:false,&quot;201341983&quot;:0,&quot;335551550&quot;:6,&quot;335551620&quot;:6,&quot;335559738&quot;:0,&quot;335559739&quot;:0,&quot;335559740&quot;:300}\">\u00a0<\/span><span data-contrast=\"auto\">O MPC-PR e o PIT-SJC convidam gestores, servidores e demais interessados a acompanharem os canais oficiais de comunica\u00e7\u00e3o para obter informa\u00e7\u00f5es sobre as pr\u00f3ximas capacita\u00e7\u00f5es e participar ativamente do Programa\u00a0InovaCidades, fortalecendo a constru\u00e7\u00e3o coletiva de uma administra\u00e7\u00e3o p\u00fablica mais inovadora, eficiente e orientada a resultados.<\/span><span data-ccp-props=\"{&quot;134233117&quot;:false,&quot;134233118&quot;:false,&quot;201341983&quot;:0,&quot;335551550&quot;:6,&quot;335551620&quot;:6,&quot;335559738&quot;:0,&quot;335559739&quot;:0,&quot;335559740&quot;:300}\">\u00a0<\/span><\/p>\n","protected":false},"excerpt":{"rendered":"<p>O Minist\u00e9rio P\u00fablico de Contas do Paran\u00e1 (MPC-PR), em parceria com o Parque de Inova\u00e7\u00e3o Tecnol\u00f3gica de S\u00e3o Jos\u00e9 dos Campos (PIT-SJC), realizou nesta quarta-feira (12) o primeiro webinar de 2026 do Programa InovaCidades MPC. O encontro inaugurou um novo ciclo de capacita\u00e7\u00f5es voltadas \u00e0 apresenta\u00e7\u00e3o de experi\u00eancias bem-sucedidas de munic\u00edpios paranaenses em temas estrat\u00e9gicos [&hellip;]<\/p>\n","protected":false},"author":1,"featured_media":25477,"comment_status":"open","ping_status":"open","sticky":false,"template":"","format":"standard","meta":{"_monsterinsights_skip_tracking":false,"_monsterinsights_sitenote_active":false,"_monsterinsights_sitenote_note":"","_monsterinsights_sitenote_category":0,"footnotes":""},"categories":[7],"tags":[449,825,907,840,13,833],"class_list":["post-25476","post","type-post","status-publish","format-standard","has-post-thumbnail","hentry","category-todas-as-noticias","tag-campo-mourao","tag-cidades-inteligentes","tag-cpsi","tag-inovacidades-mpc","tag-mpc-pr","tag-pit-sjc","entry","has-media"],"yoast_head":"<!-- This site is optimized with the Yoast SEO plugin v27.3 - https:\/\/yoast.com\/product\/yoast-seo-wordpress\/ -->\n<title>Programa InovaCidades MPC apresenta case de Campo Mour\u00e3o em primeiro webin\u00e1rio de 2026 - Minist\u00e9rio P\u00fablico de Contas do Estado do Paran\u00e1<\/title>\n<meta name=\"robots\" content=\"index, follow, max-snippet:-1, max-image-preview:large, max-video-preview:-1\" \/>\n<link rel=\"canonical\" href=\"https:\/\/www.mpc.pr.gov.br\/index.php\/programa-inovacidades-mpc-apresenta-case-de-campo-mourao-em-primeiro-webinario-de-2026\/\" \/>\n<meta property=\"og:locale\" content=\"pt_BR\" \/>\n<meta property=\"og:type\" content=\"article\" \/>\n<meta property=\"og:title\" content=\"Programa InovaCidades MPC apresenta case de Campo Mour\u00e3o em primeiro webin\u00e1rio de 2026 - Minist\u00e9rio P\u00fablico de Contas do Estado do Paran\u00e1\" \/>\n<meta property=\"og:description\" content=\"O Minist\u00e9rio P\u00fablico de Contas do Paran\u00e1 (MPC-PR), em parceria com o Parque de Inova\u00e7\u00e3o Tecnol\u00f3gica de S\u00e3o Jos\u00e9 dos Campos (PIT-SJC), realizou nesta quarta-feira (12) o primeiro webinar de 2026 do Programa InovaCidades MPC. O encontro inaugurou um novo ciclo de capacita\u00e7\u00f5es voltadas \u00e0 apresenta\u00e7\u00e3o de experi\u00eancias bem-sucedidas de munic\u00edpios paranaenses em temas estrat\u00e9gicos [&hellip;]\" \/>\n<meta property=\"og:url\" content=\"https:\/\/www.mpc.pr.gov.br\/index.php\/programa-inovacidades-mpc-apresenta-case-de-campo-mourao-em-primeiro-webinario-de-2026\/\" \/>\n<meta property=\"og:site_name\" content=\"Minist\u00e9rio P\u00fablico de Contas do Estado do Paran\u00e1\" \/>\n<meta property=\"article:publisher\" content=\"https:\/\/www.facebook.com\/mpc.pr\" \/>\n<meta property=\"article:published_time\" content=\"2026-03-13T14:35:26+00:00\" \/>\n<meta property=\"article:modified_time\" content=\"2026-03-19T13:57:49+00:00\" \/>\n<meta property=\"og:image\" content=\"https:\/\/www.mpc.pr.gov.br\/wp-content\/uploads\/2026\/03\/IMAGEM-SITE-2-1.jpg\" \/>\n\t<meta property=\"og:image:width\" content=\"560\" \/>\n\t<meta property=\"og:image:height\" content=\"315\" \/>\n\t<meta property=\"og:image:type\" content=\"image\/jpeg\" \/>\n<meta name=\"author\" content=\"mpcontaspr\" \/>\n<meta name=\"twitter:card\" content=\"summary_large_image\" \/>\n<meta name=\"twitter:label1\" content=\"Escrito por\" \/>\n\t<meta name=\"twitter:data1\" content=\"mpcontaspr\" \/>\n\t<meta name=\"twitter:label2\" content=\"Est. tempo de leitura\" \/>\n\t<meta name=\"twitter:data2\" content=\"9 minutos\" \/>\n<script type=\"application\/ld+json\" class=\"yoast-schema-graph\">{\"@context\":\"https:\\\/\\\/schema.org\",\"@graph\":[{\"@type\":\"Article\",\"@id\":\"https:\\\/\\\/www.mpc.pr.gov.br\\\/index.php\\\/programa-inovacidades-mpc-apresenta-case-de-campo-mourao-em-primeiro-webinario-de-2026\\\/#article\",\"isPartOf\":{\"@id\":\"https:\\\/\\\/www.mpc.pr.gov.br\\\/index.php\\\/programa-inovacidades-mpc-apresenta-case-de-campo-mourao-em-primeiro-webinario-de-2026\\\/\"},\"author\":{\"name\":\"mpcontaspr\",\"@id\":\"https:\\\/\\\/www.mpc.pr.gov.br\\\/#\\\/schema\\\/person\\\/2d83cb8980538d0ec174e8a6284f5e11\"},\"headline\":\"Programa InovaCidades MPC apresenta case de Campo Mour\u00e3o em primeiro webin\u00e1rio de 2026\",\"datePublished\":\"2026-03-13T14:35:26+00:00\",\"dateModified\":\"2026-03-19T13:57:49+00:00\",\"mainEntityOfPage\":{\"@id\":\"https:\\\/\\\/www.mpc.pr.gov.br\\\/index.php\\\/programa-inovacidades-mpc-apresenta-case-de-campo-mourao-em-primeiro-webinario-de-2026\\\/\"},\"wordCount\":1629,\"commentCount\":0,\"publisher\":{\"@id\":\"https:\\\/\\\/www.mpc.pr.gov.br\\\/#organization\"},\"image\":{\"@id\":\"https:\\\/\\\/www.mpc.pr.gov.br\\\/index.php\\\/programa-inovacidades-mpc-apresenta-case-de-campo-mourao-em-primeiro-webinario-de-2026\\\/#primaryimage\"},\"thumbnailUrl\":\"https:\\\/\\\/www.mpc.pr.gov.br\\\/wp-content\\\/uploads\\\/2026\\\/03\\\/IMAGEM-SITE-2-1.jpg\",\"keywords\":[\"Campo Mour\u00e3o\",\"Cidades Inteligentes\",\"CPSI\",\"InovaCidades MPC\",\"MPC-PR\",\"PIT-SJC\"],\"articleSection\":[\"Todas as not\u00edcias\"],\"inLanguage\":\"pt-BR\",\"potentialAction\":[{\"@type\":\"CommentAction\",\"name\":\"Comment\",\"target\":[\"https:\\\/\\\/www.mpc.pr.gov.br\\\/index.php\\\/programa-inovacidades-mpc-apresenta-case-de-campo-mourao-em-primeiro-webinario-de-2026\\\/#respond\"]}]},{\"@type\":\"WebPage\",\"@id\":\"https:\\\/\\\/www.mpc.pr.gov.br\\\/index.php\\\/programa-inovacidades-mpc-apresenta-case-de-campo-mourao-em-primeiro-webinario-de-2026\\\/\",\"url\":\"https:\\\/\\\/www.mpc.pr.gov.br\\\/index.php\\\/programa-inovacidades-mpc-apresenta-case-de-campo-mourao-em-primeiro-webinario-de-2026\\\/\",\"name\":\"Programa InovaCidades MPC apresenta case de Campo Mour\u00e3o em primeiro webin\u00e1rio de 2026 - Minist\u00e9rio P\u00fablico de Contas do Estado do Paran\u00e1\",\"isPartOf\":{\"@id\":\"https:\\\/\\\/www.mpc.pr.gov.br\\\/#website\"},\"primaryImageOfPage\":{\"@id\":\"https:\\\/\\\/www.mpc.pr.gov.br\\\/index.php\\\/programa-inovacidades-mpc-apresenta-case-de-campo-mourao-em-primeiro-webinario-de-2026\\\/#primaryimage\"},\"image\":{\"@id\":\"https:\\\/\\\/www.mpc.pr.gov.br\\\/index.php\\\/programa-inovacidades-mpc-apresenta-case-de-campo-mourao-em-primeiro-webinario-de-2026\\\/#primaryimage\"},\"thumbnailUrl\":\"https:\\\/\\\/www.mpc.pr.gov.br\\\/wp-content\\\/uploads\\\/2026\\\/03\\\/IMAGEM-SITE-2-1.jpg\",\"datePublished\":\"2026-03-13T14:35:26+00:00\",\"dateModified\":\"2026-03-19T13:57:49+00:00\",\"breadcrumb\":{\"@id\":\"https:\\\/\\\/www.mpc.pr.gov.br\\\/index.php\\\/programa-inovacidades-mpc-apresenta-case-de-campo-mourao-em-primeiro-webinario-de-2026\\\/#breadcrumb\"},\"inLanguage\":\"pt-BR\",\"potentialAction\":[{\"@type\":\"ReadAction\",\"target\":[\"https:\\\/\\\/www.mpc.pr.gov.br\\\/index.php\\\/programa-inovacidades-mpc-apresenta-case-de-campo-mourao-em-primeiro-webinario-de-2026\\\/\"]}]},{\"@type\":\"ImageObject\",\"inLanguage\":\"pt-BR\",\"@id\":\"https:\\\/\\\/www.mpc.pr.gov.br\\\/index.php\\\/programa-inovacidades-mpc-apresenta-case-de-campo-mourao-em-primeiro-webinario-de-2026\\\/#primaryimage\",\"url\":\"https:\\\/\\\/www.mpc.pr.gov.br\\\/wp-content\\\/uploads\\\/2026\\\/03\\\/IMAGEM-SITE-2-1.jpg\",\"contentUrl\":\"https:\\\/\\\/www.mpc.pr.gov.br\\\/wp-content\\\/uploads\\\/2026\\\/03\\\/IMAGEM-SITE-2-1.jpg\",\"width\":560,\"height\":315},{\"@type\":\"BreadcrumbList\",\"@id\":\"https:\\\/\\\/www.mpc.pr.gov.br\\\/index.php\\\/programa-inovacidades-mpc-apresenta-case-de-campo-mourao-em-primeiro-webinario-de-2026\\\/#breadcrumb\",\"itemListElement\":[{\"@type\":\"ListItem\",\"position\":1,\"name\":\"In\u00edcio\",\"item\":\"https:\\\/\\\/www.mpc.pr.gov.br\\\/\"},{\"@type\":\"ListItem\",\"position\":2,\"name\":\"Programa InovaCidades MPC apresenta case de Campo Mour\u00e3o em primeiro webin\u00e1rio de 2026\"}]},{\"@type\":\"WebSite\",\"@id\":\"https:\\\/\\\/www.mpc.pr.gov.br\\\/#website\",\"url\":\"https:\\\/\\\/www.mpc.pr.gov.br\\\/\",\"name\":\"Minist\u00e9rio P\u00fablico de Contas do Estado do Paran\u00e1\",\"description\":\"\",\"publisher\":{\"@id\":\"https:\\\/\\\/www.mpc.pr.gov.br\\\/#organization\"},\"potentialAction\":[{\"@type\":\"SearchAction\",\"target\":{\"@type\":\"EntryPoint\",\"urlTemplate\":\"https:\\\/\\\/www.mpc.pr.gov.br\\\/?s={search_term_string}\"},\"query-input\":{\"@type\":\"PropertyValueSpecification\",\"valueRequired\":true,\"valueName\":\"search_term_string\"}}],\"inLanguage\":\"pt-BR\"},{\"@type\":\"Organization\",\"@id\":\"https:\\\/\\\/www.mpc.pr.gov.br\\\/#organization\",\"name\":\"Minist\u00e9rio P\u00fablico de Contas do Estado do Paran\u00e1\",\"url\":\"https:\\\/\\\/www.mpc.pr.gov.br\\\/\",\"logo\":{\"@type\":\"ImageObject\",\"inLanguage\":\"pt-BR\",\"@id\":\"https:\\\/\\\/www.mpc.pr.gov.br\\\/#\\\/schema\\\/logo\\\/image\\\/\",\"url\":\"https:\\\/\\\/www.mpc.pr.gov.br\\\/wp-content\\\/uploads\\\/2020\\\/06\\\/99423647_1593460364143890_6706793420720963584_n-1-e1591387983167.png\",\"contentUrl\":\"https:\\\/\\\/www.mpc.pr.gov.br\\\/wp-content\\\/uploads\\\/2020\\\/06\\\/99423647_1593460364143890_6706793420720963584_n-1-e1591387983167.png\",\"width\":243,\"height\":73,\"caption\":\"Minist\u00e9rio P\u00fablico de Contas do Estado do Paran\u00e1\"},\"image\":{\"@id\":\"https:\\\/\\\/www.mpc.pr.gov.br\\\/#\\\/schema\\\/logo\\\/image\\\/\"},\"sameAs\":[\"https:\\\/\\\/www.facebook.com\\\/mpc.pr\",\"https:\\\/\\\/www.instagram.com\\\/mpc.pr\\\/?hl=pt-br\",\"https:\\\/\\\/www.youtube.com\\\/channel\\\/UCHri5oEM8DV0ztX57E0sBSw\"]},{\"@type\":\"Person\",\"@id\":\"https:\\\/\\\/www.mpc.pr.gov.br\\\/#\\\/schema\\\/person\\\/2d83cb8980538d0ec174e8a6284f5e11\",\"name\":\"mpcontaspr\",\"image\":{\"@type\":\"ImageObject\",\"inLanguage\":\"pt-BR\",\"@id\":\"https:\\\/\\\/secure.gravatar.com\\\/avatar\\\/1aef51541db7622e05fd639336c9c9f312c2a618396e2b6ca96846362fc5403f?s=96&d=mm&r=g\",\"url\":\"https:\\\/\\\/secure.gravatar.com\\\/avatar\\\/1aef51541db7622e05fd639336c9c9f312c2a618396e2b6ca96846362fc5403f?s=96&d=mm&r=g\",\"contentUrl\":\"https:\\\/\\\/secure.gravatar.com\\\/avatar\\\/1aef51541db7622e05fd639336c9c9f312c2a618396e2b6ca96846362fc5403f?s=96&d=mm&r=g\",\"caption\":\"mpcontaspr\"},\"sameAs\":[\"http:\\\/\\\/www.mpc.pr.gov.br\"]}]}<\/script>\n<!-- \/ Yoast SEO plugin. -->","yoast_head_json":{"title":"Programa InovaCidades MPC apresenta case de Campo Mour\u00e3o em primeiro webin\u00e1rio de 2026 - Minist\u00e9rio P\u00fablico de Contas do Estado do Paran\u00e1","robots":{"index":"index","follow":"follow","max-snippet":"max-snippet:-1","max-image-preview":"max-image-preview:large","max-video-preview":"max-video-preview:-1"},"canonical":"https:\/\/www.mpc.pr.gov.br\/index.php\/programa-inovacidades-mpc-apresenta-case-de-campo-mourao-em-primeiro-webinario-de-2026\/","og_locale":"pt_BR","og_type":"article","og_title":"Programa InovaCidades MPC apresenta case de Campo Mour\u00e3o em primeiro webin\u00e1rio de 2026 - Minist\u00e9rio P\u00fablico de Contas do Estado do Paran\u00e1","og_description":"O Minist\u00e9rio P\u00fablico de Contas do Paran\u00e1 (MPC-PR), em parceria com o Parque de Inova\u00e7\u00e3o Tecnol\u00f3gica de S\u00e3o Jos\u00e9 dos Campos (PIT-SJC), realizou nesta quarta-feira (12) o primeiro webinar de 2026 do Programa InovaCidades MPC. O encontro inaugurou um novo ciclo de capacita\u00e7\u00f5es voltadas \u00e0 apresenta\u00e7\u00e3o de experi\u00eancias bem-sucedidas de munic\u00edpios paranaenses em temas estrat\u00e9gicos [&hellip;]","og_url":"https:\/\/www.mpc.pr.gov.br\/index.php\/programa-inovacidades-mpc-apresenta-case-de-campo-mourao-em-primeiro-webinario-de-2026\/","og_site_name":"Minist\u00e9rio P\u00fablico de Contas do Estado do Paran\u00e1","article_publisher":"https:\/\/www.facebook.com\/mpc.pr","article_published_time":"2026-03-13T14:35:26+00:00","article_modified_time":"2026-03-19T13:57:49+00:00","og_image":[{"width":560,"height":315,"url":"https:\/\/www.mpc.pr.gov.br\/wp-content\/uploads\/2026\/03\/IMAGEM-SITE-2-1.jpg","type":"image\/jpeg"}],"author":"mpcontaspr","twitter_card":"summary_large_image","twitter_misc":{"Escrito por":"mpcontaspr","Est. tempo de leitura":"9 minutos"},"schema":{"@context":"https:\/\/schema.org","@graph":[{"@type":"Article","@id":"https:\/\/www.mpc.pr.gov.br\/index.php\/programa-inovacidades-mpc-apresenta-case-de-campo-mourao-em-primeiro-webinario-de-2026\/#article","isPartOf":{"@id":"https:\/\/www.mpc.pr.gov.br\/index.php\/programa-inovacidades-mpc-apresenta-case-de-campo-mourao-em-primeiro-webinario-de-2026\/"},"author":{"name":"mpcontaspr","@id":"https:\/\/www.mpc.pr.gov.br\/#\/schema\/person\/2d83cb8980538d0ec174e8a6284f5e11"},"headline":"Programa InovaCidades MPC apresenta case de Campo Mour\u00e3o em primeiro webin\u00e1rio de 2026","datePublished":"2026-03-13T14:35:26+00:00","dateModified":"2026-03-19T13:57:49+00:00","mainEntityOfPage":{"@id":"https:\/\/www.mpc.pr.gov.br\/index.php\/programa-inovacidades-mpc-apresenta-case-de-campo-mourao-em-primeiro-webinario-de-2026\/"},"wordCount":1629,"commentCount":0,"publisher":{"@id":"https:\/\/www.mpc.pr.gov.br\/#organization"},"image":{"@id":"https:\/\/www.mpc.pr.gov.br\/index.php\/programa-inovacidades-mpc-apresenta-case-de-campo-mourao-em-primeiro-webinario-de-2026\/#primaryimage"},"thumbnailUrl":"https:\/\/www.mpc.pr.gov.br\/wp-content\/uploads\/2026\/03\/IMAGEM-SITE-2-1.jpg","keywords":["Campo Mour\u00e3o","Cidades Inteligentes","CPSI","InovaCidades MPC","MPC-PR","PIT-SJC"],"articleSection":["Todas as not\u00edcias"],"inLanguage":"pt-BR","potentialAction":[{"@type":"CommentAction","name":"Comment","target":["https:\/\/www.mpc.pr.gov.br\/index.php\/programa-inovacidades-mpc-apresenta-case-de-campo-mourao-em-primeiro-webinario-de-2026\/#respond"]}]},{"@type":"WebPage","@id":"https:\/\/www.mpc.pr.gov.br\/index.php\/programa-inovacidades-mpc-apresenta-case-de-campo-mourao-em-primeiro-webinario-de-2026\/","url":"https:\/\/www.mpc.pr.gov.br\/index.php\/programa-inovacidades-mpc-apresenta-case-de-campo-mourao-em-primeiro-webinario-de-2026\/","name":"Programa InovaCidades MPC apresenta case de Campo Mour\u00e3o em primeiro webin\u00e1rio de 2026 - Minist\u00e9rio P\u00fablico de Contas do Estado do Paran\u00e1","isPartOf":{"@id":"https:\/\/www.mpc.pr.gov.br\/#website"},"primaryImageOfPage":{"@id":"https:\/\/www.mpc.pr.gov.br\/index.php\/programa-inovacidades-mpc-apresenta-case-de-campo-mourao-em-primeiro-webinario-de-2026\/#primaryimage"},"image":{"@id":"https:\/\/www.mpc.pr.gov.br\/index.php\/programa-inovacidades-mpc-apresenta-case-de-campo-mourao-em-primeiro-webinario-de-2026\/#primaryimage"},"thumbnailUrl":"https:\/\/www.mpc.pr.gov.br\/wp-content\/uploads\/2026\/03\/IMAGEM-SITE-2-1.jpg","datePublished":"2026-03-13T14:35:26+00:00","dateModified":"2026-03-19T13:57:49+00:00","breadcrumb":{"@id":"https:\/\/www.mpc.pr.gov.br\/index.php\/programa-inovacidades-mpc-apresenta-case-de-campo-mourao-em-primeiro-webinario-de-2026\/#breadcrumb"},"inLanguage":"pt-BR","potentialAction":[{"@type":"ReadAction","target":["https:\/\/www.mpc.pr.gov.br\/index.php\/programa-inovacidades-mpc-apresenta-case-de-campo-mourao-em-primeiro-webinario-de-2026\/"]}]},{"@type":"ImageObject","inLanguage":"pt-BR","@id":"https:\/\/www.mpc.pr.gov.br\/index.php\/programa-inovacidades-mpc-apresenta-case-de-campo-mourao-em-primeiro-webinario-de-2026\/#primaryimage","url":"https:\/\/www.mpc.pr.gov.br\/wp-content\/uploads\/2026\/03\/IMAGEM-SITE-2-1.jpg","contentUrl":"https:\/\/www.mpc.pr.gov.br\/wp-content\/uploads\/2026\/03\/IMAGEM-SITE-2-1.jpg","width":560,"height":315},{"@type":"BreadcrumbList","@id":"https:\/\/www.mpc.pr.gov.br\/index.php\/programa-inovacidades-mpc-apresenta-case-de-campo-mourao-em-primeiro-webinario-de-2026\/#breadcrumb","itemListElement":[{"@type":"ListItem","position":1,"name":"In\u00edcio","item":"https:\/\/www.mpc.pr.gov.br\/"},{"@type":"ListItem","position":2,"name":"Programa InovaCidades MPC apresenta case de Campo Mour\u00e3o em primeiro webin\u00e1rio de 2026"}]},{"@type":"WebSite","@id":"https:\/\/www.mpc.pr.gov.br\/#website","url":"https:\/\/www.mpc.pr.gov.br\/","name":"Minist\u00e9rio P\u00fablico de Contas do Estado do Paran\u00e1","description":"","publisher":{"@id":"https:\/\/www.mpc.pr.gov.br\/#organization"},"potentialAction":[{"@type":"SearchAction","target":{"@type":"EntryPoint","urlTemplate":"https:\/\/www.mpc.pr.gov.br\/?s={search_term_string}"},"query-input":{"@type":"PropertyValueSpecification","valueRequired":true,"valueName":"search_term_string"}}],"inLanguage":"pt-BR"},{"@type":"Organization","@id":"https:\/\/www.mpc.pr.gov.br\/#organization","name":"Minist\u00e9rio P\u00fablico de Contas do Estado do Paran\u00e1","url":"https:\/\/www.mpc.pr.gov.br\/","logo":{"@type":"ImageObject","inLanguage":"pt-BR","@id":"https:\/\/www.mpc.pr.gov.br\/#\/schema\/logo\/image\/","url":"https:\/\/www.mpc.pr.gov.br\/wp-content\/uploads\/2020\/06\/99423647_1593460364143890_6706793420720963584_n-1-e1591387983167.png","contentUrl":"https:\/\/www.mpc.pr.gov.br\/wp-content\/uploads\/2020\/06\/99423647_1593460364143890_6706793420720963584_n-1-e1591387983167.png","width":243,"height":73,"caption":"Minist\u00e9rio P\u00fablico de Contas do Estado do Paran\u00e1"},"image":{"@id":"https:\/\/www.mpc.pr.gov.br\/#\/schema\/logo\/image\/"},"sameAs":["https:\/\/www.facebook.com\/mpc.pr","https:\/\/www.instagram.com\/mpc.pr\/?hl=pt-br","https:\/\/www.youtube.com\/channel\/UCHri5oEM8DV0ztX57E0sBSw"]},{"@type":"Person","@id":"https:\/\/www.mpc.pr.gov.br\/#\/schema\/person\/2d83cb8980538d0ec174e8a6284f5e11","name":"mpcontaspr","image":{"@type":"ImageObject","inLanguage":"pt-BR","@id":"https:\/\/secure.gravatar.com\/avatar\/1aef51541db7622e05fd639336c9c9f312c2a618396e2b6ca96846362fc5403f?s=96&d=mm&r=g","url":"https:\/\/secure.gravatar.com\/avatar\/1aef51541db7622e05fd639336c9c9f312c2a618396e2b6ca96846362fc5403f?s=96&d=mm&r=g","contentUrl":"https:\/\/secure.gravatar.com\/avatar\/1aef51541db7622e05fd639336c9c9f312c2a618396e2b6ca96846362fc5403f?s=96&d=mm&r=g","caption":"mpcontaspr"},"sameAs":["http:\/\/www.mpc.pr.gov.br"]}]}},"rttpg_featured_image_url":{"full":["https:\/\/www.mpc.pr.gov.br\/wp-content\/uploads\/2026\/03\/IMAGEM-SITE-2-1.jpg",560,315,false],"landscape":["https:\/\/www.mpc.pr.gov.br\/wp-content\/uploads\/2026\/03\/IMAGEM-SITE-2-1.jpg",560,315,false],"portraits":["https:\/\/www.mpc.pr.gov.br\/wp-content\/uploads\/2026\/03\/IMAGEM-SITE-2-1.jpg",560,315,false],"thumbnail":["https:\/\/www.mpc.pr.gov.br\/wp-content\/uploads\/2026\/03\/IMAGEM-SITE-2-1-150x150.jpg",150,150,true],"medium":["https:\/\/www.mpc.pr.gov.br\/wp-content\/uploads\/2026\/03\/IMAGEM-SITE-2-1-300x169.jpg",300,169,true],"large":["https:\/\/www.mpc.pr.gov.br\/wp-content\/uploads\/2026\/03\/IMAGEM-SITE-2-1.jpg",560,315,false],"1536x1536":["https:\/\/www.mpc.pr.gov.br\/wp-content\/uploads\/2026\/03\/IMAGEM-SITE-2-1.jpg",560,315,false],"2048x2048":["https:\/\/www.mpc.pr.gov.br\/wp-content\/uploads\/2026\/03\/IMAGEM-SITE-2-1.jpg",560,315,false],"ocean-thumb-m":["https:\/\/www.mpc.pr.gov.br\/wp-content\/uploads\/2026\/03\/IMAGEM-SITE-2-1.jpg",560,315,false],"ocean-thumb-ml":["https:\/\/www.mpc.pr.gov.br\/wp-content\/uploads\/2026\/03\/IMAGEM-SITE-2-1.jpg",560,315,false],"ocean-thumb-l":["https:\/\/www.mpc.pr.gov.br\/wp-content\/uploads\/2026\/03\/IMAGEM-SITE-2-1.jpg",560,315,false]},"rttpg_author":{"display_name":"mpcontaspr","author_link":"https:\/\/www.mpc.pr.gov.br\/index.php\/author\/mpcontaspr\/"},"rttpg_comment":0,"rttpg_category":"<a href=\"https:\/\/www.mpc.pr.gov.br\/index.php\/category\/todas-as-noticias\/\" rel=\"category tag\">Todas as not\u00edcias<\/a>","rttpg_excerpt":"O Minist\u00e9rio P\u00fablico de Contas do Paran\u00e1 (MPC-PR), em parceria com o Parque de Inova\u00e7\u00e3o Tecnol\u00f3gica de S\u00e3o Jos\u00e9 dos Campos (PIT-SJC), realizou nesta quarta-feira (12) o primeiro webinar de 2026 do Programa InovaCidades MPC. O encontro inaugurou um novo ciclo de capacita\u00e7\u00f5es voltadas \u00e0 apresenta\u00e7\u00e3o de experi\u00eancias bem-sucedidas de munic\u00edpios paranaenses em temas estrat\u00e9gicos&hellip;","_links":{"self":[{"href":"https:\/\/www.mpc.pr.gov.br\/index.php\/wp-json\/wp\/v2\/posts\/25476","targetHints":{"allow":["GET"]}}],"collection":[{"href":"https:\/\/www.mpc.pr.gov.br\/index.php\/wp-json\/wp\/v2\/posts"}],"about":[{"href":"https:\/\/www.mpc.pr.gov.br\/index.php\/wp-json\/wp\/v2\/types\/post"}],"author":[{"embeddable":true,"href":"https:\/\/www.mpc.pr.gov.br\/index.php\/wp-json\/wp\/v2\/users\/1"}],"replies":[{"embeddable":true,"href":"https:\/\/www.mpc.pr.gov.br\/index.php\/wp-json\/wp\/v2\/comments?post=25476"}],"version-history":[{"count":1,"href":"https:\/\/www.mpc.pr.gov.br\/index.php\/wp-json\/wp\/v2\/posts\/25476\/revisions"}],"predecessor-version":[{"id":25478,"href":"https:\/\/www.mpc.pr.gov.br\/index.php\/wp-json\/wp\/v2\/posts\/25476\/revisions\/25478"}],"wp:featuredmedia":[{"embeddable":true,"href":"https:\/\/www.mpc.pr.gov.br\/index.php\/wp-json\/wp\/v2\/media\/25477"}],"wp:attachment":[{"href":"https:\/\/www.mpc.pr.gov.br\/index.php\/wp-json\/wp\/v2\/media?parent=25476"}],"wp:term":[{"taxonomy":"category","embeddable":true,"href":"https:\/\/www.mpc.pr.gov.br\/index.php\/wp-json\/wp\/v2\/categories?post=25476"},{"taxonomy":"post_tag","embeddable":true,"href":"https:\/\/www.mpc.pr.gov.br\/index.php\/wp-json\/wp\/v2\/tags?post=25476"}],"curies":[{"name":"wp","href":"https:\/\/api.w.org\/{rel}","templated":true}]}}