{"id":25479,"date":"2026-03-13T16:20:23","date_gmt":"2026-03-13T19:20:23","guid":{"rendered":"https:\/\/www.mpc.pr.gov.br\/?p=25479"},"modified":"2026-03-23T10:50:39","modified_gmt":"2026-03-23T13:50:39","slug":"mpc-pr-e-sebrae-pr-firmam-parceria-para-incentivar-praticas-de-esg-nas-contratacoes-publicas-municipais","status":"publish","type":"post","link":"https:\/\/www.mpc.pr.gov.br\/index.php\/mpc-pr-e-sebrae-pr-firmam-parceria-para-incentivar-praticas-de-esg-nas-contratacoes-publicas-municipais\/","title":{"rendered":"MPC-PR e Sebrae-PR firmam parceria para incentivar pr\u00e1ticas de ESG nas contrata\u00e7\u00f5es p\u00fablicas municipais"},"content":{"rendered":"<figure id=\"attachment_25480\" aria-describedby=\"caption-attachment-25480\" style=\"width: 300px\" class=\"wp-caption alignleft\"><img fetchpriority=\"high\" decoding=\"async\" class=\"size-medium wp-image-25480\" src=\"https:\/\/www.mpc.pr.gov.br\/wp-content\/uploads\/2026\/03\/IMAGEM-SITE-PARCERIA-MPC-PR-E-SEBRAE-300x169.png\" alt=\"\" width=\"300\" height=\"169\" srcset=\"https:\/\/www.mpc.pr.gov.br\/wp-content\/uploads\/2026\/03\/IMAGEM-SITE-PARCERIA-MPC-PR-E-SEBRAE-300x169.png 300w, https:\/\/www.mpc.pr.gov.br\/wp-content\/uploads\/2026\/03\/IMAGEM-SITE-PARCERIA-MPC-PR-E-SEBRAE.png 560w\" sizes=\"(max-width: 300px) 100vw, 300px\" \/><figcaption id=\"caption-attachment-25480\" class=\"wp-caption-text\">A Diretora do MPC-PR, Barbara Krysttal Motta Almeida Reis, e o Gerente da Unidade de Ambiente de Neg\u00f3cios do Sebrae-PR, Luiz Marcelo Padilha.<\/figcaption><\/figure>\n<p>Nesta quarta-feira (11 de mar\u00e7o), a Diretora do Minist\u00e9rio P\u00fablico de Contas do Paran\u00e1 (MPC-PR), Barbara Krysttal Motta Almeida Reis, recebeu o Gerente da Unidade de Ambiente de Neg\u00f3cios do <a href=\"https:\/\/sebraepr.com.br\/?srsltid=AfmBOorztuPXsP-MEXDELOkvZnNZuK_CRD2K4r2FWgqmdyGJ5XM8axzk\">Sebrae-PR<\/a>, Luiz Marcelo Padilha, para alinhar a implementa\u00e7\u00e3o de um novo programa institucional voltado ao incentivo e \u00e0 promo\u00e7\u00e3o de pr\u00e1ticas de ESG (Ambiental, Social e Governan\u00e7a) no \u00e2mbito das contrata\u00e7\u00f5es p\u00fablicas municipais.<\/p>\n<p>A iniciativa tem como objetivo fomentar a gera\u00e7\u00e3o de um ambiente competitivo, sustent\u00e1vel e \u00edntegro nas compras p\u00fablicas, direcionando-se especialmente aos fornecedores atuais das prefeituras e tamb\u00e9m aos potenciais interessados em ingressar no mercado de compras p\u00fablicas.<\/p>\n<p>O programa ir\u00e1 abranger diferentes modalidades de contrata\u00e7\u00f5es p\u00fablicas, incluindo a\u00e7\u00f5es que estimulam o desenvolvimento econ\u00f4mico local. A proposta \u00e9 ampliar oportunidades para empresas que adotam boas pr\u00e1ticas de governan\u00e7a, responsabilidade social e sustentabilidade.<\/p>\n<p>A implanta\u00e7\u00e3o do programa ocorrer\u00e1 por meio de parceria estrat\u00e9gica entre o MPC-PR e o <a href=\"https:\/\/sebraepr.com.br\/?srsltid=AfmBOorztuPXsP-MEXDELOkvZnNZuK_CRD2K4r2FWgqmdyGJ5XM8axzk\">Servi\u00e7o Brasileiro de Apoio \u00e0s Micro e Pequenas Empresas (Sebrae-PR)<\/a>. O trabalho conjunto ser\u00e1 formalizado por meio de um Acordo de Coopera\u00e7\u00e3o e contar\u00e1 com um plano de trabalho estruturado para orientar a\u00e7\u00f5es conjuntas voltadas \u00e0 qualifica\u00e7\u00e3o de gestores e fornecedores.<\/p>\n<p>Entre os principais eixos que ser\u00e3o explorados est\u00e3o o aprimoramento da gest\u00e3o p\u00fablica municipal, a promo\u00e7\u00e3o de integridade e transpar\u00eancia nos processos de compras governamentais, o est\u00edmulo \u00e0 ado\u00e7\u00e3o de pr\u00e1ticas ESG por fornecedores e o fortalecimento da cultura de conformidade normativa nas rela\u00e7\u00f5es entre o setor p\u00fablico e o setor privado.<\/p>\n<p>Al\u00e9m disso, iniciativa tamb\u00e9m ir\u00e1 incorporar diretrizes da <a href=\"https:\/\/www.planalto.gov.br\/ccivil_03\/_ato2015-2018\/2018\/lei\/l13709.htm\">Lei Geral de Prote\u00e7\u00e3o de Dados Pessoais \u2013 LGPD (Lei n\u00ba 13.709\/18)<\/a>, refor\u00e7ando a import\u00e2ncia da prote\u00e7\u00e3o de dados pessoais e da governan\u00e7a de informa\u00e7\u00f5es sens\u00edveis nos processos de contrata\u00e7\u00e3o p\u00fablica.<\/p>\n<p>O p\u00fablico-alvo da parceria inclui gestores municipais, fornecedores j\u00e1 cadastrados e empresas com potencial de inser\u00e7\u00e3o nas compras p\u00fablicas. A proposta \u00e9 disseminar boas pr\u00e1ticas e aumentar a confian\u00e7a nas rela\u00e7\u00f5es entre o setor p\u00fablico e o setor privado, contribuindo para a constru\u00e7\u00e3o de um ambiente de neg\u00f3cios mais transparente, \u00e9tico e competitivo.<\/p>\n<p>Com essa a\u00e7\u00e3o, o MPC-PR pretende elevar a qualidade da gest\u00e3o p\u00fablica e dos servi\u00e7os prestados \u00e0 sociedade, consolidando um modelo de contrata\u00e7\u00e3o p\u00fablica orientado por princ\u00edpios de integridade, sustentabilidade, inova\u00e7\u00e3o e responsabilidade, alinhado \u00e0s melhores pr\u00e1ticas de governan\u00e7a e ao desenvolvimento local.<\/p>\n","protected":false},"excerpt":{"rendered":"<p>Nesta quarta-feira (11 de mar\u00e7o), a Diretora do Minist\u00e9rio P\u00fablico de Contas do Paran\u00e1 (MPC-PR), Barbara Krysttal Motta Almeida Reis, recebeu o Gerente da Unidade de Ambiente de Neg\u00f3cios do Sebrae-PR, Luiz Marcelo Padilha, para alinhar a implementa\u00e7\u00e3o de um novo programa institucional voltado ao incentivo e \u00e0 promo\u00e7\u00e3o de pr\u00e1ticas de ESG (Ambiental, Social [&hellip;]<\/p>\n","protected":false},"author":1,"featured_media":25480,"comment_status":"open","ping_status":"open","sticky":false,"template":"","format":"standard","meta":{"_monsterinsights_skip_tracking":false,"_monsterinsights_sitenote_active":false,"_monsterinsights_sitenote_note":"","_monsterinsights_sitenote_category":0,"footnotes":""},"categories":[7],"tags":[909,911,910,313,13,635,908],"class_list":["post-25479","post","type-post","status-publish","format-standard","has-post-thumbnail","hentry","category-todas-as-noticias","tag-acorde-de-cooperacao","tag-contratacoes-publicas","tag-esg","tag-lgpd","tag-mpc-pr","tag-parcerias","tag-sebrae-pr","entry","has-media"],"yoast_head":"<!-- This site is optimized with the Yoast SEO plugin v27.3 - https:\/\/yoast.com\/product\/yoast-seo-wordpress\/ -->\n<title>MPC-PR e Sebrae-PR firmam parceria para incentivar pr\u00e1ticas de ESG nas contrata\u00e7\u00f5es p\u00fablicas municipais - Minist\u00e9rio P\u00fablico de Contas do Estado do Paran\u00e1<\/title>\n<meta name=\"robots\" content=\"index, follow, max-snippet:-1, max-image-preview:large, max-video-preview:-1\" \/>\n<link rel=\"canonical\" href=\"https:\/\/www.mpc.pr.gov.br\/index.php\/mpc-pr-e-sebrae-pr-firmam-parceria-para-incentivar-praticas-de-esg-nas-contratacoes-publicas-municipais\/\" \/>\n<meta property=\"og:locale\" content=\"pt_BR\" \/>\n<meta property=\"og:type\" content=\"article\" \/>\n<meta property=\"og:title\" content=\"MPC-PR e Sebrae-PR firmam parceria para incentivar pr\u00e1ticas de ESG nas contrata\u00e7\u00f5es p\u00fablicas municipais - Minist\u00e9rio P\u00fablico de Contas do Estado do Paran\u00e1\" \/>\n<meta property=\"og:description\" content=\"Nesta quarta-feira (11 de mar\u00e7o), a Diretora do Minist\u00e9rio P\u00fablico de Contas do Paran\u00e1 (MPC-PR), Barbara Krysttal Motta Almeida Reis, recebeu o Gerente da Unidade de Ambiente de Neg\u00f3cios do Sebrae-PR, Luiz Marcelo Padilha, para alinhar a implementa\u00e7\u00e3o de um novo programa institucional voltado ao incentivo e \u00e0 promo\u00e7\u00e3o de pr\u00e1ticas de ESG (Ambiental, Social [&hellip;]\" \/>\n<meta property=\"og:url\" content=\"https:\/\/www.mpc.pr.gov.br\/index.php\/mpc-pr-e-sebrae-pr-firmam-parceria-para-incentivar-praticas-de-esg-nas-contratacoes-publicas-municipais\/\" \/>\n<meta property=\"og:site_name\" content=\"Minist\u00e9rio P\u00fablico de Contas do Estado do Paran\u00e1\" \/>\n<meta property=\"article:publisher\" content=\"https:\/\/www.facebook.com\/mpc.pr\" \/>\n<meta property=\"article:published_time\" content=\"2026-03-13T19:20:23+00:00\" \/>\n<meta property=\"article:modified_time\" content=\"2026-03-23T13:50:39+00:00\" \/>\n<meta property=\"og:image\" content=\"https:\/\/www.mpc.pr.gov.br\/wp-content\/uploads\/2026\/03\/IMAGEM-SITE-PARCERIA-MPC-PR-E-SEBRAE.png\" \/>\n\t<meta property=\"og:image:width\" content=\"560\" \/>\n\t<meta property=\"og:image:height\" content=\"315\" \/>\n\t<meta property=\"og:image:type\" content=\"image\/png\" \/>\n<meta name=\"author\" content=\"mpcontaspr\" \/>\n<meta name=\"twitter:card\" content=\"summary_large_image\" \/>\n<meta name=\"twitter:label1\" content=\"Escrito por\" \/>\n\t<meta name=\"twitter:data1\" content=\"mpcontaspr\" \/>\n\t<meta name=\"twitter:label2\" content=\"Est. tempo de leitura\" \/>\n\t<meta name=\"twitter:data2\" content=\"3 minutos\" \/>\n<script type=\"application\/ld+json\" class=\"yoast-schema-graph\">{\"@context\":\"https:\\\/\\\/schema.org\",\"@graph\":[{\"@type\":\"Article\",\"@id\":\"https:\\\/\\\/www.mpc.pr.gov.br\\\/index.php\\\/mpc-pr-e-sebrae-pr-firmam-parceria-para-incentivar-praticas-de-esg-nas-contratacoes-publicas-municipais\\\/#article\",\"isPartOf\":{\"@id\":\"https:\\\/\\\/www.mpc.pr.gov.br\\\/index.php\\\/mpc-pr-e-sebrae-pr-firmam-parceria-para-incentivar-praticas-de-esg-nas-contratacoes-publicas-municipais\\\/\"},\"author\":{\"name\":\"mpcontaspr\",\"@id\":\"https:\\\/\\\/www.mpc.pr.gov.br\\\/#\\\/schema\\\/person\\\/2d83cb8980538d0ec174e8a6284f5e11\"},\"headline\":\"MPC-PR e Sebrae-PR firmam parceria para incentivar pr\u00e1ticas de ESG nas contrata\u00e7\u00f5es p\u00fablicas municipais\",\"datePublished\":\"2026-03-13T19:20:23+00:00\",\"dateModified\":\"2026-03-23T13:50:39+00:00\",\"mainEntityOfPage\":{\"@id\":\"https:\\\/\\\/www.mpc.pr.gov.br\\\/index.php\\\/mpc-pr-e-sebrae-pr-firmam-parceria-para-incentivar-praticas-de-esg-nas-contratacoes-publicas-municipais\\\/\"},\"wordCount\":484,\"commentCount\":0,\"publisher\":{\"@id\":\"https:\\\/\\\/www.mpc.pr.gov.br\\\/#organization\"},\"image\":{\"@id\":\"https:\\\/\\\/www.mpc.pr.gov.br\\\/index.php\\\/mpc-pr-e-sebrae-pr-firmam-parceria-para-incentivar-praticas-de-esg-nas-contratacoes-publicas-municipais\\\/#primaryimage\"},\"thumbnailUrl\":\"https:\\\/\\\/www.mpc.pr.gov.br\\\/wp-content\\\/uploads\\\/2026\\\/03\\\/IMAGEM-SITE-PARCERIA-MPC-PR-E-SEBRAE.png\",\"keywords\":[\"Acorde de Coopera\u00e7\u00e3o\",\"Contrata\u00e7\u00f5es P\u00fablicas\",\"ESG\",\"LGPD\",\"MPC-PR\",\"Parcerias\",\"Sebrae-PR\"],\"articleSection\":[\"Todas as not\u00edcias\"],\"inLanguage\":\"pt-BR\",\"potentialAction\":[{\"@type\":\"CommentAction\",\"name\":\"Comment\",\"target\":[\"https:\\\/\\\/www.mpc.pr.gov.br\\\/index.php\\\/mpc-pr-e-sebrae-pr-firmam-parceria-para-incentivar-praticas-de-esg-nas-contratacoes-publicas-municipais\\\/#respond\"]}]},{\"@type\":\"WebPage\",\"@id\":\"https:\\\/\\\/www.mpc.pr.gov.br\\\/index.php\\\/mpc-pr-e-sebrae-pr-firmam-parceria-para-incentivar-praticas-de-esg-nas-contratacoes-publicas-municipais\\\/\",\"url\":\"https:\\\/\\\/www.mpc.pr.gov.br\\\/index.php\\\/mpc-pr-e-sebrae-pr-firmam-parceria-para-incentivar-praticas-de-esg-nas-contratacoes-publicas-municipais\\\/\",\"name\":\"MPC-PR e Sebrae-PR firmam parceria para incentivar pr\u00e1ticas de ESG nas contrata\u00e7\u00f5es p\u00fablicas municipais - Minist\u00e9rio P\u00fablico de Contas do Estado do Paran\u00e1\",\"isPartOf\":{\"@id\":\"https:\\\/\\\/www.mpc.pr.gov.br\\\/#website\"},\"primaryImageOfPage\":{\"@id\":\"https:\\\/\\\/www.mpc.pr.gov.br\\\/index.php\\\/mpc-pr-e-sebrae-pr-firmam-parceria-para-incentivar-praticas-de-esg-nas-contratacoes-publicas-municipais\\\/#primaryimage\"},\"image\":{\"@id\":\"https:\\\/\\\/www.mpc.pr.gov.br\\\/index.php\\\/mpc-pr-e-sebrae-pr-firmam-parceria-para-incentivar-praticas-de-esg-nas-contratacoes-publicas-municipais\\\/#primaryimage\"},\"thumbnailUrl\":\"https:\\\/\\\/www.mpc.pr.gov.br\\\/wp-content\\\/uploads\\\/2026\\\/03\\\/IMAGEM-SITE-PARCERIA-MPC-PR-E-SEBRAE.png\",\"datePublished\":\"2026-03-13T19:20:23+00:00\",\"dateModified\":\"2026-03-23T13:50:39+00:00\",\"breadcrumb\":{\"@id\":\"https:\\\/\\\/www.mpc.pr.gov.br\\\/index.php\\\/mpc-pr-e-sebrae-pr-firmam-parceria-para-incentivar-praticas-de-esg-nas-contratacoes-publicas-municipais\\\/#breadcrumb\"},\"inLanguage\":\"pt-BR\",\"potentialAction\":[{\"@type\":\"ReadAction\",\"target\":[\"https:\\\/\\\/www.mpc.pr.gov.br\\\/index.php\\\/mpc-pr-e-sebrae-pr-firmam-parceria-para-incentivar-praticas-de-esg-nas-contratacoes-publicas-municipais\\\/\"]}]},{\"@type\":\"ImageObject\",\"inLanguage\":\"pt-BR\",\"@id\":\"https:\\\/\\\/www.mpc.pr.gov.br\\\/index.php\\\/mpc-pr-e-sebrae-pr-firmam-parceria-para-incentivar-praticas-de-esg-nas-contratacoes-publicas-municipais\\\/#primaryimage\",\"url\":\"https:\\\/\\\/www.mpc.pr.gov.br\\\/wp-content\\\/uploads\\\/2026\\\/03\\\/IMAGEM-SITE-PARCERIA-MPC-PR-E-SEBRAE.png\",\"contentUrl\":\"https:\\\/\\\/www.mpc.pr.gov.br\\\/wp-content\\\/uploads\\\/2026\\\/03\\\/IMAGEM-SITE-PARCERIA-MPC-PR-E-SEBRAE.png\",\"width\":560,\"height\":315,\"caption\":\"A Diretora do MPC-PR, Barbara Krysttal Motta Almeida Reis, e o Gerente da Unidade de Ambiente de Neg\u00f3cios do Sebrae-PR, Luiz Marcelo Padilha.\"},{\"@type\":\"BreadcrumbList\",\"@id\":\"https:\\\/\\\/www.mpc.pr.gov.br\\\/index.php\\\/mpc-pr-e-sebrae-pr-firmam-parceria-para-incentivar-praticas-de-esg-nas-contratacoes-publicas-municipais\\\/#breadcrumb\",\"itemListElement\":[{\"@type\":\"ListItem\",\"position\":1,\"name\":\"In\u00edcio\",\"item\":\"https:\\\/\\\/www.mpc.pr.gov.br\\\/\"},{\"@type\":\"ListItem\",\"position\":2,\"name\":\"MPC-PR e Sebrae-PR firmam parceria para incentivar pr\u00e1ticas de ESG nas contrata\u00e7\u00f5es p\u00fablicas municipais\"}]},{\"@type\":\"WebSite\",\"@id\":\"https:\\\/\\\/www.mpc.pr.gov.br\\\/#website\",\"url\":\"https:\\\/\\\/www.mpc.pr.gov.br\\\/\",\"name\":\"Minist\u00e9rio P\u00fablico de Contas do Estado do Paran\u00e1\",\"description\":\"\",\"publisher\":{\"@id\":\"https:\\\/\\\/www.mpc.pr.gov.br\\\/#organization\"},\"potentialAction\":[{\"@type\":\"SearchAction\",\"target\":{\"@type\":\"EntryPoint\",\"urlTemplate\":\"https:\\\/\\\/www.mpc.pr.gov.br\\\/?s={search_term_string}\"},\"query-input\":{\"@type\":\"PropertyValueSpecification\",\"valueRequired\":true,\"valueName\":\"search_term_string\"}}],\"inLanguage\":\"pt-BR\"},{\"@type\":\"Organization\",\"@id\":\"https:\\\/\\\/www.mpc.pr.gov.br\\\/#organization\",\"name\":\"Minist\u00e9rio P\u00fablico de Contas do Estado do Paran\u00e1\",\"url\":\"https:\\\/\\\/www.mpc.pr.gov.br\\\/\",\"logo\":{\"@type\":\"ImageObject\",\"inLanguage\":\"pt-BR\",\"@id\":\"https:\\\/\\\/www.mpc.pr.gov.br\\\/#\\\/schema\\\/logo\\\/image\\\/\",\"url\":\"https:\\\/\\\/www.mpc.pr.gov.br\\\/wp-content\\\/uploads\\\/2020\\\/06\\\/99423647_1593460364143890_6706793420720963584_n-1-e1591387983167.png\",\"contentUrl\":\"https:\\\/\\\/www.mpc.pr.gov.br\\\/wp-content\\\/uploads\\\/2020\\\/06\\\/99423647_1593460364143890_6706793420720963584_n-1-e1591387983167.png\",\"width\":243,\"height\":73,\"caption\":\"Minist\u00e9rio P\u00fablico de Contas do Estado do Paran\u00e1\"},\"image\":{\"@id\":\"https:\\\/\\\/www.mpc.pr.gov.br\\\/#\\\/schema\\\/logo\\\/image\\\/\"},\"sameAs\":[\"https:\\\/\\\/www.facebook.com\\\/mpc.pr\",\"https:\\\/\\\/www.instagram.com\\\/mpc.pr\\\/?hl=pt-br\",\"https:\\\/\\\/www.youtube.com\\\/channel\\\/UCHri5oEM8DV0ztX57E0sBSw\"]},{\"@type\":\"Person\",\"@id\":\"https:\\\/\\\/www.mpc.pr.gov.br\\\/#\\\/schema\\\/person\\\/2d83cb8980538d0ec174e8a6284f5e11\",\"name\":\"mpcontaspr\",\"image\":{\"@type\":\"ImageObject\",\"inLanguage\":\"pt-BR\",\"@id\":\"https:\\\/\\\/secure.gravatar.com\\\/avatar\\\/1aef51541db7622e05fd639336c9c9f312c2a618396e2b6ca96846362fc5403f?s=96&d=mm&r=g\",\"url\":\"https:\\\/\\\/secure.gravatar.com\\\/avatar\\\/1aef51541db7622e05fd639336c9c9f312c2a618396e2b6ca96846362fc5403f?s=96&d=mm&r=g\",\"contentUrl\":\"https:\\\/\\\/secure.gravatar.com\\\/avatar\\\/1aef51541db7622e05fd639336c9c9f312c2a618396e2b6ca96846362fc5403f?s=96&d=mm&r=g\",\"caption\":\"mpcontaspr\"},\"sameAs\":[\"http:\\\/\\\/www.mpc.pr.gov.br\"]}]}<\/script>\n<!-- \/ Yoast SEO plugin. -->","yoast_head_json":{"title":"MPC-PR e Sebrae-PR firmam parceria para incentivar pr\u00e1ticas de ESG nas contrata\u00e7\u00f5es p\u00fablicas municipais - Minist\u00e9rio P\u00fablico de Contas do Estado do Paran\u00e1","robots":{"index":"index","follow":"follow","max-snippet":"max-snippet:-1","max-image-preview":"max-image-preview:large","max-video-preview":"max-video-preview:-1"},"canonical":"https:\/\/www.mpc.pr.gov.br\/index.php\/mpc-pr-e-sebrae-pr-firmam-parceria-para-incentivar-praticas-de-esg-nas-contratacoes-publicas-municipais\/","og_locale":"pt_BR","og_type":"article","og_title":"MPC-PR e Sebrae-PR firmam parceria para incentivar pr\u00e1ticas de ESG nas contrata\u00e7\u00f5es p\u00fablicas municipais - Minist\u00e9rio P\u00fablico de Contas do Estado do Paran\u00e1","og_description":"Nesta quarta-feira (11 de mar\u00e7o), a Diretora do Minist\u00e9rio P\u00fablico de Contas do Paran\u00e1 (MPC-PR), Barbara Krysttal Motta Almeida Reis, recebeu o Gerente da Unidade de Ambiente de Neg\u00f3cios do Sebrae-PR, Luiz Marcelo Padilha, para alinhar a implementa\u00e7\u00e3o de um novo programa institucional voltado ao incentivo e \u00e0 promo\u00e7\u00e3o de pr\u00e1ticas de ESG (Ambiental, Social [&hellip;]","og_url":"https:\/\/www.mpc.pr.gov.br\/index.php\/mpc-pr-e-sebrae-pr-firmam-parceria-para-incentivar-praticas-de-esg-nas-contratacoes-publicas-municipais\/","og_site_name":"Minist\u00e9rio P\u00fablico de Contas do Estado do Paran\u00e1","article_publisher":"https:\/\/www.facebook.com\/mpc.pr","article_published_time":"2026-03-13T19:20:23+00:00","article_modified_time":"2026-03-23T13:50:39+00:00","og_image":[{"width":560,"height":315,"url":"https:\/\/www.mpc.pr.gov.br\/wp-content\/uploads\/2026\/03\/IMAGEM-SITE-PARCERIA-MPC-PR-E-SEBRAE.png","type":"image\/png"}],"author":"mpcontaspr","twitter_card":"summary_large_image","twitter_misc":{"Escrito por":"mpcontaspr","Est. tempo de leitura":"3 minutos"},"schema":{"@context":"https:\/\/schema.org","@graph":[{"@type":"Article","@id":"https:\/\/www.mpc.pr.gov.br\/index.php\/mpc-pr-e-sebrae-pr-firmam-parceria-para-incentivar-praticas-de-esg-nas-contratacoes-publicas-municipais\/#article","isPartOf":{"@id":"https:\/\/www.mpc.pr.gov.br\/index.php\/mpc-pr-e-sebrae-pr-firmam-parceria-para-incentivar-praticas-de-esg-nas-contratacoes-publicas-municipais\/"},"author":{"name":"mpcontaspr","@id":"https:\/\/www.mpc.pr.gov.br\/#\/schema\/person\/2d83cb8980538d0ec174e8a6284f5e11"},"headline":"MPC-PR e Sebrae-PR firmam parceria para incentivar pr\u00e1ticas de ESG nas contrata\u00e7\u00f5es p\u00fablicas municipais","datePublished":"2026-03-13T19:20:23+00:00","dateModified":"2026-03-23T13:50:39+00:00","mainEntityOfPage":{"@id":"https:\/\/www.mpc.pr.gov.br\/index.php\/mpc-pr-e-sebrae-pr-firmam-parceria-para-incentivar-praticas-de-esg-nas-contratacoes-publicas-municipais\/"},"wordCount":484,"commentCount":0,"publisher":{"@id":"https:\/\/www.mpc.pr.gov.br\/#organization"},"image":{"@id":"https:\/\/www.mpc.pr.gov.br\/index.php\/mpc-pr-e-sebrae-pr-firmam-parceria-para-incentivar-praticas-de-esg-nas-contratacoes-publicas-municipais\/#primaryimage"},"thumbnailUrl":"https:\/\/www.mpc.pr.gov.br\/wp-content\/uploads\/2026\/03\/IMAGEM-SITE-PARCERIA-MPC-PR-E-SEBRAE.png","keywords":["Acorde de Coopera\u00e7\u00e3o","Contrata\u00e7\u00f5es P\u00fablicas","ESG","LGPD","MPC-PR","Parcerias","Sebrae-PR"],"articleSection":["Todas as not\u00edcias"],"inLanguage":"pt-BR","potentialAction":[{"@type":"CommentAction","name":"Comment","target":["https:\/\/www.mpc.pr.gov.br\/index.php\/mpc-pr-e-sebrae-pr-firmam-parceria-para-incentivar-praticas-de-esg-nas-contratacoes-publicas-municipais\/#respond"]}]},{"@type":"WebPage","@id":"https:\/\/www.mpc.pr.gov.br\/index.php\/mpc-pr-e-sebrae-pr-firmam-parceria-para-incentivar-praticas-de-esg-nas-contratacoes-publicas-municipais\/","url":"https:\/\/www.mpc.pr.gov.br\/index.php\/mpc-pr-e-sebrae-pr-firmam-parceria-para-incentivar-praticas-de-esg-nas-contratacoes-publicas-municipais\/","name":"MPC-PR e Sebrae-PR firmam parceria para incentivar pr\u00e1ticas de ESG nas contrata\u00e7\u00f5es p\u00fablicas municipais - Minist\u00e9rio P\u00fablico de Contas do Estado do Paran\u00e1","isPartOf":{"@id":"https:\/\/www.mpc.pr.gov.br\/#website"},"primaryImageOfPage":{"@id":"https:\/\/www.mpc.pr.gov.br\/index.php\/mpc-pr-e-sebrae-pr-firmam-parceria-para-incentivar-praticas-de-esg-nas-contratacoes-publicas-municipais\/#primaryimage"},"image":{"@id":"https:\/\/www.mpc.pr.gov.br\/index.php\/mpc-pr-e-sebrae-pr-firmam-parceria-para-incentivar-praticas-de-esg-nas-contratacoes-publicas-municipais\/#primaryimage"},"thumbnailUrl":"https:\/\/www.mpc.pr.gov.br\/wp-content\/uploads\/2026\/03\/IMAGEM-SITE-PARCERIA-MPC-PR-E-SEBRAE.png","datePublished":"2026-03-13T19:20:23+00:00","dateModified":"2026-03-23T13:50:39+00:00","breadcrumb":{"@id":"https:\/\/www.mpc.pr.gov.br\/index.php\/mpc-pr-e-sebrae-pr-firmam-parceria-para-incentivar-praticas-de-esg-nas-contratacoes-publicas-municipais\/#breadcrumb"},"inLanguage":"pt-BR","potentialAction":[{"@type":"ReadAction","target":["https:\/\/www.mpc.pr.gov.br\/index.php\/mpc-pr-e-sebrae-pr-firmam-parceria-para-incentivar-praticas-de-esg-nas-contratacoes-publicas-municipais\/"]}]},{"@type":"ImageObject","inLanguage":"pt-BR","@id":"https:\/\/www.mpc.pr.gov.br\/index.php\/mpc-pr-e-sebrae-pr-firmam-parceria-para-incentivar-praticas-de-esg-nas-contratacoes-publicas-municipais\/#primaryimage","url":"https:\/\/www.mpc.pr.gov.br\/wp-content\/uploads\/2026\/03\/IMAGEM-SITE-PARCERIA-MPC-PR-E-SEBRAE.png","contentUrl":"https:\/\/www.mpc.pr.gov.br\/wp-content\/uploads\/2026\/03\/IMAGEM-SITE-PARCERIA-MPC-PR-E-SEBRAE.png","width":560,"height":315,"caption":"A Diretora do MPC-PR, Barbara Krysttal Motta Almeida Reis, e o Gerente da Unidade de Ambiente de Neg\u00f3cios do Sebrae-PR, Luiz Marcelo Padilha."},{"@type":"BreadcrumbList","@id":"https:\/\/www.mpc.pr.gov.br\/index.php\/mpc-pr-e-sebrae-pr-firmam-parceria-para-incentivar-praticas-de-esg-nas-contratacoes-publicas-municipais\/#breadcrumb","itemListElement":[{"@type":"ListItem","position":1,"name":"In\u00edcio","item":"https:\/\/www.mpc.pr.gov.br\/"},{"@type":"ListItem","position":2,"name":"MPC-PR e Sebrae-PR firmam parceria para incentivar pr\u00e1ticas de ESG nas contrata\u00e7\u00f5es p\u00fablicas municipais"}]},{"@type":"WebSite","@id":"https:\/\/www.mpc.pr.gov.br\/#website","url":"https:\/\/www.mpc.pr.gov.br\/","name":"Minist\u00e9rio P\u00fablico de Contas do Estado do Paran\u00e1","description":"","publisher":{"@id":"https:\/\/www.mpc.pr.gov.br\/#organization"},"potentialAction":[{"@type":"SearchAction","target":{"@type":"EntryPoint","urlTemplate":"https:\/\/www.mpc.pr.gov.br\/?s={search_term_string}"},"query-input":{"@type":"PropertyValueSpecification","valueRequired":true,"valueName":"search_term_string"}}],"inLanguage":"pt-BR"},{"@type":"Organization","@id":"https:\/\/www.mpc.pr.gov.br\/#organization","name":"Minist\u00e9rio P\u00fablico de Contas do Estado do Paran\u00e1","url":"https:\/\/www.mpc.pr.gov.br\/","logo":{"@type":"ImageObject","inLanguage":"pt-BR","@id":"https:\/\/www.mpc.pr.gov.br\/#\/schema\/logo\/image\/","url":"https:\/\/www.mpc.pr.gov.br\/wp-content\/uploads\/2020\/06\/99423647_1593460364143890_6706793420720963584_n-1-e1591387983167.png","contentUrl":"https:\/\/www.mpc.pr.gov.br\/wp-content\/uploads\/2020\/06\/99423647_1593460364143890_6706793420720963584_n-1-e1591387983167.png","width":243,"height":73,"caption":"Minist\u00e9rio P\u00fablico de Contas do Estado do Paran\u00e1"},"image":{"@id":"https:\/\/www.mpc.pr.gov.br\/#\/schema\/logo\/image\/"},"sameAs":["https:\/\/www.facebook.com\/mpc.pr","https:\/\/www.instagram.com\/mpc.pr\/?hl=pt-br","https:\/\/www.youtube.com\/channel\/UCHri5oEM8DV0ztX57E0sBSw"]},{"@type":"Person","@id":"https:\/\/www.mpc.pr.gov.br\/#\/schema\/person\/2d83cb8980538d0ec174e8a6284f5e11","name":"mpcontaspr","image":{"@type":"ImageObject","inLanguage":"pt-BR","@id":"https:\/\/secure.gravatar.com\/avatar\/1aef51541db7622e05fd639336c9c9f312c2a618396e2b6ca96846362fc5403f?s=96&d=mm&r=g","url":"https:\/\/secure.gravatar.com\/avatar\/1aef51541db7622e05fd639336c9c9f312c2a618396e2b6ca96846362fc5403f?s=96&d=mm&r=g","contentUrl":"https:\/\/secure.gravatar.com\/avatar\/1aef51541db7622e05fd639336c9c9f312c2a618396e2b6ca96846362fc5403f?s=96&d=mm&r=g","caption":"mpcontaspr"},"sameAs":["http:\/\/www.mpc.pr.gov.br"]}]}},"rttpg_featured_image_url":{"full":["https:\/\/www.mpc.pr.gov.br\/wp-content\/uploads\/2026\/03\/IMAGEM-SITE-PARCERIA-MPC-PR-E-SEBRAE.png",560,315,false],"landscape":["https:\/\/www.mpc.pr.gov.br\/wp-content\/uploads\/2026\/03\/IMAGEM-SITE-PARCERIA-MPC-PR-E-SEBRAE.png",560,315,false],"portraits":["https:\/\/www.mpc.pr.gov.br\/wp-content\/uploads\/2026\/03\/IMAGEM-SITE-PARCERIA-MPC-PR-E-SEBRAE.png",560,315,false],"thumbnail":["https:\/\/www.mpc.pr.gov.br\/wp-content\/uploads\/2026\/03\/IMAGEM-SITE-PARCERIA-MPC-PR-E-SEBRAE-150x150.png",150,150,true],"medium":["https:\/\/www.mpc.pr.gov.br\/wp-content\/uploads\/2026\/03\/IMAGEM-SITE-PARCERIA-MPC-PR-E-SEBRAE-300x169.png",300,169,true],"large":["https:\/\/www.mpc.pr.gov.br\/wp-content\/uploads\/2026\/03\/IMAGEM-SITE-PARCERIA-MPC-PR-E-SEBRAE.png",560,315,false],"1536x1536":["https:\/\/www.mpc.pr.gov.br\/wp-content\/uploads\/2026\/03\/IMAGEM-SITE-PARCERIA-MPC-PR-E-SEBRAE.png",560,315,false],"2048x2048":["https:\/\/www.mpc.pr.gov.br\/wp-content\/uploads\/2026\/03\/IMAGEM-SITE-PARCERIA-MPC-PR-E-SEBRAE.png",560,315,false],"ocean-thumb-m":["https:\/\/www.mpc.pr.gov.br\/wp-content\/uploads\/2026\/03\/IMAGEM-SITE-PARCERIA-MPC-PR-E-SEBRAE.png",560,315,false],"ocean-thumb-ml":["https:\/\/www.mpc.pr.gov.br\/wp-content\/uploads\/2026\/03\/IMAGEM-SITE-PARCERIA-MPC-PR-E-SEBRAE.png",560,315,false],"ocean-thumb-l":["https:\/\/www.mpc.pr.gov.br\/wp-content\/uploads\/2026\/03\/IMAGEM-SITE-PARCERIA-MPC-PR-E-SEBRAE.png",560,315,false]},"rttpg_author":{"display_name":"mpcontaspr","author_link":"https:\/\/www.mpc.pr.gov.br\/index.php\/author\/mpcontaspr\/"},"rttpg_comment":1,"rttpg_category":"<a href=\"https:\/\/www.mpc.pr.gov.br\/index.php\/category\/todas-as-noticias\/\" rel=\"category tag\">Todas as not\u00edcias<\/a>","rttpg_excerpt":"Nesta quarta-feira (11 de mar\u00e7o), a Diretora do Minist\u00e9rio P\u00fablico de Contas do Paran\u00e1 (MPC-PR), Barbara Krysttal Motta Almeida Reis, recebeu o Gerente da Unidade de Ambiente de Neg\u00f3cios do Sebrae-PR, Luiz Marcelo Padilha, para alinhar a implementa\u00e7\u00e3o de um novo programa institucional voltado ao incentivo e \u00e0 promo\u00e7\u00e3o de pr\u00e1ticas de ESG (Ambiental, Social&hellip;","_links":{"self":[{"href":"https:\/\/www.mpc.pr.gov.br\/index.php\/wp-json\/wp\/v2\/posts\/25479","targetHints":{"allow":["GET"]}}],"collection":[{"href":"https:\/\/www.mpc.pr.gov.br\/index.php\/wp-json\/wp\/v2\/posts"}],"about":[{"href":"https:\/\/www.mpc.pr.gov.br\/index.php\/wp-json\/wp\/v2\/types\/post"}],"author":[{"embeddable":true,"href":"https:\/\/www.mpc.pr.gov.br\/index.php\/wp-json\/wp\/v2\/users\/1"}],"replies":[{"embeddable":true,"href":"https:\/\/www.mpc.pr.gov.br\/index.php\/wp-json\/wp\/v2\/comments?post=25479"}],"version-history":[{"count":1,"href":"https:\/\/www.mpc.pr.gov.br\/index.php\/wp-json\/wp\/v2\/posts\/25479\/revisions"}],"predecessor-version":[{"id":25481,"href":"https:\/\/www.mpc.pr.gov.br\/index.php\/wp-json\/wp\/v2\/posts\/25479\/revisions\/25481"}],"wp:featuredmedia":[{"embeddable":true,"href":"https:\/\/www.mpc.pr.gov.br\/index.php\/wp-json\/wp\/v2\/media\/25480"}],"wp:attachment":[{"href":"https:\/\/www.mpc.pr.gov.br\/index.php\/wp-json\/wp\/v2\/media?parent=25479"}],"wp:term":[{"taxonomy":"category","embeddable":true,"href":"https:\/\/www.mpc.pr.gov.br\/index.php\/wp-json\/wp\/v2\/categories?post=25479"},{"taxonomy":"post_tag","embeddable":true,"href":"https:\/\/www.mpc.pr.gov.br\/index.php\/wp-json\/wp\/v2\/tags?post=25479"}],"curies":[{"name":"wp","href":"https:\/\/api.w.org\/{rel}","templated":true}]}}