{"id":25711,"date":"2026-04-27T16:06:39","date_gmt":"2026-04-27T19:06:39","guid":{"rendered":"https:\/\/www.mpc.pr.gov.br\/?p=25711"},"modified":"2026-04-28T14:18:46","modified_gmt":"2026-04-28T17:18:46","slug":"mpc-pr-promove-debate-internacional-sobre-governanca-integridade-e-cooperacao-global-para-municipios","status":"publish","type":"post","link":"https:\/\/www.mpc.pr.gov.br\/index.php\/mpc-pr-promove-debate-internacional-sobre-governanca-integridade-e-cooperacao-global-para-municipios\/","title":{"rendered":"MPC\u2011PR promove debate internacional sobre governan\u00e7a, integridade e coopera\u00e7\u00e3o global para munic\u00edpios"},"content":{"rendered":"<p><span data-contrast=\"auto\"><img fetchpriority=\"high\" decoding=\"async\" class=\"size-medium wp-image-25712 alignleft\" src=\"https:\/\/www.mpc.pr.gov.br\/wp-content\/uploads\/2026\/04\/IMAGEM-SITE-3-1-300x169.png\" alt=\"\" width=\"300\" height=\"169\" srcset=\"https:\/\/www.mpc.pr.gov.br\/wp-content\/uploads\/2026\/04\/IMAGEM-SITE-3-1-300x169.png 300w, https:\/\/www.mpc.pr.gov.br\/wp-content\/uploads\/2026\/04\/IMAGEM-SITE-3-1.png 560w\" sizes=\"(max-width: 300px) 100vw, 300px\" \/>O Minist\u00e9rio P\u00fablico de Contas do Paran\u00e1 (MPC<\/span>\u2011<span data-contrast=\"auto\">PR) promoveu, no dia 24 de abril, o\u00a0webin\u00e1rio\u00a0\u201cJornada de Internacionaliza\u00e7\u00e3o: Governan\u00e7a, Integridade e Conex\u00f5es Globais para Munic\u00edpios\u201d, reunindo especialistas do Brasil e do exterior para discutir como a governan\u00e7a p\u00fablica, a integridade e a coopera\u00e7\u00e3o internacional podem apoiar o desenvolvimento institucional e econ\u00f4mico dos munic\u00edpios brasileiros.\u00a0<\/span><span data-ccp-props=\"{&quot;134233117&quot;:false,&quot;134233118&quot;:false,&quot;201341983&quot;:0,&quot;335551550&quot;:6,&quot;335551620&quot;:6,&quot;335559738&quot;:0,&quot;335559739&quot;:160,&quot;335559740&quot;:360}\">\u00a0<\/span><\/p>\n<p><span data-contrast=\"auto\">Realizado de forma 100% online, com transmiss\u00e3o ao vivo pelo canal do MPC<\/span>\u2011<span data-contrast=\"auto\">PR no YouTube, o evento ampliou o alcance da discuss\u00e3o e reuniu participantes de todo o Brasil, com\u00a0registro\u00a0de ao menos um telespectador de cada Estado e do Distrito Federal.\u00a0<\/span><span data-ccp-props=\"{&quot;134233117&quot;:false,&quot;134233118&quot;:false,&quot;201341983&quot;:0,&quot;335551550&quot;:6,&quot;335551620&quot;:6,&quot;335559738&quot;:0,&quot;335559739&quot;:160,&quot;335559740&quot;:360}\">\u00a0<\/span><\/p>\n<p><span data-contrast=\"auto\">A iniciativa, que integra a agenda institucional de capacita\u00e7\u00e3o voltada ao fortalecimento da gest\u00e3o p\u00fablica municipal, contou\u00a0nesta edi\u00e7\u00e3o\u00a0com o apoio da\u00a0<\/span><i><span data-contrast=\"auto\">Sister\u00a0Cities\u00a0Brazil<\/span><\/i><span data-contrast=\"auto\">, entidade reconhecida como a principal rede de\u00a0paradiplomacia\u00a0do pa\u00eds, que atua na articula\u00e7\u00e3o de parcerias internacionais entre cidades por meio de parcerias estrat\u00e9gicas.<\/span><span data-ccp-props=\"{&quot;134233117&quot;:false,&quot;134233118&quot;:false,&quot;201341983&quot;:0,&quot;335551550&quot;:6,&quot;335551620&quot;:6,&quot;335559738&quot;:0,&quot;335559739&quot;:160,&quot;335559740&quot;:360}\">\u00a0<\/span><\/p>\n<h4><b><span data-contrast=\"auto\">Abertura institucional caminhos para fortalecer a gest\u00e3o municipal<\/span><\/b><span data-ccp-props=\"{&quot;134233117&quot;:false,&quot;134233118&quot;:false,&quot;201341983&quot;:0,&quot;335551550&quot;:6,&quot;335551620&quot;:6,&quot;335559738&quot;:0,&quot;335559739&quot;:160,&quot;335559740&quot;:360}\">\u00a0<\/span><\/h4>\n<p><span data-contrast=\"auto\">Conduzido pelas assessoras do N\u00facleo de Comunica\u00e7\u00e3o (NuCom), Giovanna Menezes Faria e Mykaella Ribeiro Mello, o\u00a0webin\u00e1rio\u00a0foi oficialmente aberto pelo Procurador-Geral Gabriel Guy L\u00e9ger,\u00a0<\/span><span data-contrast=\"none\">o qual reafirmou\u00a0<\/span><span data-contrast=\"auto\">que os temas debatidos \u2014 governan\u00e7a, integridade e conex\u00f5es globais \u2014 s\u00e3o centrais para o desenvolvimento dos munic\u00edpios brasileiros, especialmente diante de um cen\u00e1rio de desafios cada vez mais complexos para a administra\u00e7\u00e3o p\u00fablica local.<\/span><span data-ccp-props=\"{&quot;134233117&quot;:false,&quot;134233118&quot;:false,&quot;201341983&quot;:0,&quot;335551550&quot;:6,&quot;335551620&quot;:6,&quot;335559738&quot;:0,&quot;335559739&quot;:160,&quot;335559740&quot;:360}\">\u00a0<\/span><\/p>\n<p><span data-contrast=\"auto\">L\u00e9ger tamb\u00e9m destacou a relev\u00e2ncia do evento ao reunir representantes da Organiza\u00e7\u00e3o para a Coopera\u00e7\u00e3o e Desenvolvimento Econ\u00f4mico (OCDE), da\u00a0<\/span><i><span data-contrast=\"auto\">Sister\u00a0Cities\u00a0Brazil<\/span><\/i><span data-contrast=\"auto\">\u00a0e de outros organismos internacionais com atua\u00e7\u00e3o direta na coopera\u00e7\u00e3o entre cidades e no desenvolvimento econ\u00f4mico global. Segundo ele, as contribui\u00e7\u00f5es apresentadas ao longo do evento oferecem refer\u00eancias t\u00e9cnicas e diretrizes operacionais que auxiliam os munic\u00edpios na estrutura\u00e7\u00e3o de uma atua\u00e7\u00e3o internacional capaz de viabilizar parcerias e investimentos.<\/span><span data-ccp-props=\"{&quot;134233117&quot;:false,&quot;134233118&quot;:false,&quot;201341983&quot;:0,&quot;335551550&quot;:6,&quot;335551620&quot;:6,&quot;335559738&quot;:0,&quot;335559739&quot;:160,&quot;335559740&quot;:360}\">\u00a0<\/span><\/p>\n<p><span data-contrast=\"auto\">Ao contextualizar a atua\u00e7\u00e3o institucional do \u00f3rg\u00e3o, o Procurador-Geral L\u00e9ger explicou que essas agendas dialogam diretamente com as iniciativas do MPC<\/span>\u2011<span data-contrast=\"auto\">PR, que, al\u00e9m de sua fun\u00e7\u00e3o constitucional de controle e fiscaliza\u00e7\u00e3o, tem fortalecido uma abordagem preventiva e orientadora. \u201c<\/span><i><span data-contrast=\"auto\">A nossa compreens\u00e3o \u00e9 de que a preven\u00e7\u00e3o, a orienta\u00e7\u00e3o e a qualifica\u00e7\u00e3o t\u00e9cnica s\u00e3o caminhos que fortalecem a administra\u00e7\u00e3o p\u00fablica municipal e, no fim, se traduzem em melhores servi\u00e7os para a popula\u00e7\u00e3o, que \u00e9 o objetivo de qualquer servidor p\u00fablico<\/span><\/i><span data-contrast=\"auto\">\u201d, frisou.<\/span><span data-ccp-props=\"{&quot;134233117&quot;:false,&quot;134233118&quot;:false,&quot;201341983&quot;:0,&quot;335551550&quot;:6,&quot;335551620&quot;:6,&quot;335559738&quot;:0,&quot;335559739&quot;:160,&quot;335559740&quot;:360}\">\u00a0<\/span><\/p>\n<p><span data-contrast=\"auto\">Ao encerrar, agradeceu o apoio da\u00a0<\/span><i><span data-contrast=\"auto\">Sister\u00a0Cities\u00a0Brazil<\/span><\/i><span data-contrast=\"auto\">, na pessoa de sua presidente Liz Rodrigues, pela parceria que viabilizou a realiza\u00e7\u00e3o do evento, bem como \u00e0\u00a0Diretora<\/span>\u2011<span data-contrast=\"auto\">Geral\u00a0do MPC<\/span>\u2011<span data-contrast=\"auto\">PR, Barbara\u00a0Krysttal\u00a0Motta Almeida Reis, pela idealiza\u00e7\u00e3o do evento.\u00a0<\/span><span data-ccp-props=\"{&quot;134233117&quot;:false,&quot;134233118&quot;:false,&quot;201341983&quot;:0,&quot;335551550&quot;:6,&quot;335551620&quot;:6,&quot;335559738&quot;:0,&quot;335559739&quot;:160,&quot;335559740&quot;:360}\">\u00a0<\/span><\/p>\n<p><span data-contrast=\"auto\">Tamb\u00e9m participou da abertura o assessor jur\u00eddico da 7\u00aa Procuradoria de Contas do MPC<\/span>\u2011<span data-contrast=\"auto\">PR, Gabriel\u00a0Bernert\u00a0Ribas, que trouxe uma reflex\u00e3o sobre o protagonismo crescente dos munic\u00edpios no cen\u00e1rio internacional, destacando que a internacionaliza\u00e7\u00e3o deve estar diretamente vinculada \u00e0 efetiva\u00e7\u00e3o de pol\u00edticas p\u00fablicas e de direitos humanos.\u00a0<\/span><span data-ccp-props=\"{&quot;134233117&quot;:false,&quot;134233118&quot;:false,&quot;201341983&quot;:0,&quot;335551550&quot;:6,&quot;335551620&quot;:6,&quot;335559738&quot;:0,&quot;335559739&quot;:160,&quot;335559740&quot;:360}\">\u00a0<\/span><\/p>\n<p><span data-contrast=\"auto\">Advogado e Mestre em Direito Internacional P\u00fablico pela Universidade de Leiden (Pa\u00edses Baixos), com experi\u00eancia profissional no Tribunal de Justi\u00e7a do Paran\u00e1 (TJPR) e em tribunais internacionais sediados em Haia, como a Corte Penal Internacional, Ribas observou que a atua\u00e7\u00e3o internacional dos entes locais vai al\u00e9m da busca por moderniza\u00e7\u00e3o ou parcerias econ\u00f4micas, estando relacionada ao dever de garantir<\/span><span data-contrast=\"auto\">\u00a0<\/span><span data-contrast=\"auto\">direitos e melhorar a qualidade de vida da popula\u00e7\u00e3o.<\/span><span data-ccp-props=\"{&quot;134233117&quot;:false,&quot;134233118&quot;:false,&quot;201341983&quot;:0,&quot;335551550&quot;:6,&quot;335551620&quot;:6,&quot;335559738&quot;:0,&quot;335559739&quot;:160,&quot;335559740&quot;:360}\">\u00a0<\/span><\/p>\n<p><span data-contrast=\"auto\">\u201c<\/span><i><span data-contrast=\"auto\">S\u00e3o, com efeito, as pol\u00edticas p\u00fablicas que movem esse debate, e o seu foco \u00e9 a garantia e a efetiva\u00e7\u00e3o de direitos humanos<\/span><\/i><span data-contrast=\"auto\">\u201d, afirmou o assessor, ao destacar temas como inclus\u00e3o social, prote\u00e7\u00e3o de minorias, preserva\u00e7\u00e3o ambiental, combate \u00e0 viol\u00eancia contra a mulher e conscientiza\u00e7\u00e3o racial como agendas que devem caminhar conjuntamente com pol\u00edticas urbanas estruturantes,\u00a0<\/span><span data-contrast=\"none\">assim\u00a0<\/span><span data-contrast=\"auto\">como\u00a0transporte e habita\u00e7\u00e3o.<\/span><span data-ccp-props=\"{&quot;134233117&quot;:false,&quot;134233118&quot;:false,&quot;201341983&quot;:0,&quot;335551550&quot;:6,&quot;335551620&quot;:6,&quot;335559738&quot;:0,&quot;335559739&quot;:160,&quot;335559740&quot;:360}\">\u00a0<\/span><\/p>\n<p><span data-contrast=\"auto\">Ribas ressaltou que alinhar a agenda de governan\u00e7a e integridade \u00e0 coopera\u00e7\u00e3o internacional contribui para o cumprimento da Agenda 2030 para o Desenvolvimento Sustent\u00e1vel, al\u00e9m de permitir que os munic\u00edpios repensem solu\u00e7\u00f5es locais a partir de experi\u00eancias comparadas. Por fim, ele destacou ainda que a internacionaliza\u00e7\u00e3o, quando planejada e orientada por governan\u00e7a, amplia oportunidades culturais e socioecon\u00f4micas, fortalece redes de cidades e estimula a inova\u00e7\u00e3o como instrumento para enfrentar desafios complexos da gest\u00e3o p\u00fablica municipal.<\/span><span data-ccp-props=\"{&quot;134233117&quot;:false,&quot;134233118&quot;:false,&quot;201341983&quot;:0,&quot;335551550&quot;:6,&quot;335551620&quot;:6,&quot;335559738&quot;:0,&quot;335559739&quot;:160,&quot;335559740&quot;:360}\">\u00a0<\/span><\/p>\n<h4><b><span data-contrast=\"auto\">OCDE apresenta padr\u00f5es internacionais de integridade p\u00fablica<\/span><\/b><span data-ccp-props=\"{&quot;134233117&quot;:false,&quot;134233118&quot;:false,&quot;201341983&quot;:0,&quot;335551550&quot;:6,&quot;335551620&quot;:6,&quot;335559738&quot;:0,&quot;335559739&quot;:160,&quot;335559740&quot;:360}\">\u00a0<\/span><\/h4>\n<p><span data-contrast=\"auto\">A primeira palestra foi conduzida por Laura C\u00f3rdoba\u00a0Reyes, Analista de Pol\u00edticas P\u00fablicas da Organiza\u00e7\u00e3o para a Coopera\u00e7\u00e3o e Desenvolvimento Econ\u00f4mico (OCDE). A especialista apresentou a atua\u00e7\u00e3o da organiza\u00e7\u00e3o no fortalecimento de pol\u00edticas de integridade p\u00fablica e na implementa\u00e7\u00e3o de padr\u00f5es internacionais em governos subnacionais.<\/span><span data-ccp-props=\"{&quot;134233117&quot;:false,&quot;134233118&quot;:false,&quot;201341983&quot;:0,&quot;335551550&quot;:6,&quot;335551620&quot;:6,&quot;335559738&quot;:0,&quot;335559739&quot;:160,&quot;335559740&quot;:360}\">\u00a0<\/span><\/p>\n<p><span data-contrast=\"auto\">Durante a exposi\u00e7\u00e3o, Laura destacou que a abordagem da OCDE parte de uma l\u00f3gica preventiva e sist\u00eamica, que vai al\u00e9m do combate pontual \u00e0 corrup\u00e7\u00e3o. Segundo ela, integridade p\u00fablica envolve \u201c<\/span><i><span data-contrast=\"auto\">arrumar a casa<\/span><\/i><span data-contrast=\"auto\">\u201d, estruturando processos\u00a0<\/span><span data-contrast=\"none\">com<\/span><span data-contrast=\"auto\">\u00a0regras claras,\u00a0<\/span><span data-contrast=\"none\">implementando a\u00a0<\/span><span data-contrast=\"auto\">gest\u00e3o de riscos e\u00a0<\/span><span data-contrast=\"none\">fortalecendo a\u00a0<\/span><span data-contrast=\"auto\">cultura organizacional. Nesse contexto, citou a Recomenda\u00e7\u00e3o da OCDE sobre Integridade P\u00fablica como instrumento para apoiar governos subnacionais na preven\u00e7\u00e3o da corrup\u00e7\u00e3o, ressaltando que programas de integridade e\u00a0<\/span><i><span data-contrast=\"auto\">compliance\u00a0<\/span><\/i><span data-contrast=\"auto\">contribuem diretamente para a credibilidade institucional, criando um ambiente mais favor\u00e1vel \u00e0 coopera\u00e7\u00e3o, a parcerias e \u00e0 confian\u00e7a da sociedade.<\/span><span data-ccp-props=\"{&quot;134233117&quot;:false,&quot;134233118&quot;:false,&quot;201341983&quot;:0,&quot;335551550&quot;:6,&quot;335551620&quot;:6,&quot;335559738&quot;:0,&quot;335559739&quot;:160,&quot;335559740&quot;:360}\">\u00a0<\/span><\/p>\n<p><span data-contrast=\"auto\">Outro ponto enfatizado foi a import\u00e2ncia de adaptar recomenda\u00e7\u00f5es internacionais \u00e0 realidade local. Laura explicou que a OCDE trabalha com evid\u00eancias, experi\u00eancias comparadas e boas pr\u00e1ticas aplic\u00e1veis a diferentes contextos institucionais, respeitando o porte e a capacidade administrativa de cada munic\u00edpio. \u201c<\/span><i><span data-contrast=\"auto\">N\u00e3o existe modelo \u00fanico. O desafio \u00e9 adaptar os padr\u00f5es internacionais \u00e0s realidades locais, de forma pr\u00e1tica e vi\u00e1vel<\/span><\/i><span data-contrast=\"auto\">\u201d.<\/span><span data-ccp-props=\"{&quot;134233117&quot;:false,&quot;134233118&quot;:false,&quot;201341983&quot;:0,&quot;335551550&quot;:6,&quot;335551620&quot;:6,&quot;335559738&quot;:0,&quot;335559739&quot;:160,&quot;335559740&quot;:360}\">\u00a0<\/span><\/p>\n<h4><b><span data-contrast=\"auto\">Experi\u00eancia do Munic\u00edpio de Guimar\u00e3es (Portugal) na coopera\u00e7\u00e3o internacional<\/span><\/b><span data-ccp-props=\"{&quot;134233117&quot;:false,&quot;134233118&quot;:false,&quot;201341983&quot;:0,&quot;335551550&quot;:6,&quot;335551620&quot;:6,&quot;335559738&quot;:0,&quot;335559739&quot;:160,&quot;335559740&quot;:360}\">\u00a0<\/span><\/h4>\n<p><span data-contrast=\"auto\">Na sequ\u00eancia, F\u00e1tima Bastos,\u00a0<\/span><span data-contrast=\"none\">que atua como\u00a0<\/span><span data-contrast=\"auto\">Rela\u00e7\u00f5es\u00a0P\u00fablicas\u00a0na C\u00e2mara Municipal de Guimar\u00e3es (Portugal), apresentou a experi\u00eancia do munic\u00edpio portugu\u00eas na constru\u00e7\u00e3o de uma estrat\u00e9gia cont\u00ednua de coopera\u00e7\u00e3o internacional. A palestrante destacou que a internacionaliza\u00e7\u00e3o, em Guimar\u00e3es, \u00e9 tratada como estrat\u00e9gia de desenvolvimento local, envolvendo \u00e1reas como sustentabilidade, cultura, educa\u00e7\u00e3o e promo\u00e7\u00e3o econ\u00f4mica.<\/span><span data-ccp-props=\"{&quot;134233117&quot;:false,&quot;134233118&quot;:false,&quot;201341983&quot;:0,&quot;335551550&quot;:6,&quot;335551620&quot;:6,&quot;335559738&quot;:0,&quot;335559739&quot;:160,&quot;335559740&quot;:360}\">\u00a0<\/span><\/p>\n<p><span data-contrast=\"auto\">F\u00e1tima tamb\u00e9m explicou que um dos principais desafios da internacionaliza\u00e7\u00e3o \u00e9 fazer com que as parcerias cheguem ao conhecimento do cidad\u00e3o e do setor produtivo. Segundo ela, a coopera\u00e7\u00e3o internacional s\u00f3 gera resultados quando \u00e9 compreendida e apropriada pela sociedade local. Entre as estrat\u00e9gias adotadas pelo munic\u00edpio, ela destacou a\u00e7\u00f5es de comunica\u00e7\u00e3o direta com a popula\u00e7\u00e3o, como campanhas visuais nos transportes p\u00fablicos, uso de carros de som e redes sociais para divulgar as cidades parceiras e a agenda internacional do munic\u00edpio.<\/span><span data-ccp-props=\"{&quot;134233117&quot;:false,&quot;134233118&quot;:false,&quot;201341983&quot;:0,&quot;335551550&quot;:6,&quot;335551620&quot;:6,&quot;335559738&quot;:0,&quot;335559739&quot;:160,&quot;335559740&quot;:360}\">\u00a0<\/span><\/p>\n<p><span data-contrast=\"auto\">A palestrante ressaltou ainda a import\u00e2ncia de envolver escolas, empres\u00e1rios e institui\u00e7\u00f5es locais nesse processo, como forma de ampliar os benef\u00edcios das parcerias internacionais. Para ela, a coopera\u00e7\u00e3o entre cidades deve ir al\u00e9m do \u00e2mbito institucional e se refletir em oportunidades concretas para a economia local, a cultura e a educa\u00e7\u00e3o.<\/span><span data-ccp-props=\"{&quot;134233117&quot;:false,&quot;134233118&quot;:false,&quot;201341983&quot;:0,&quot;335551550&quot;:6,&quot;335551620&quot;:6,&quot;335559738&quot;:0,&quot;335559739&quot;:160,&quot;335559740&quot;:360}\">\u00a0<\/span><\/p>\n<p><span data-contrast=\"auto\">Por fim, F\u00e1tima apresentou exemplos de projetos desenvolvidos com cidades parceiras, interc\u00e2mbio t\u00e9cnico entre servidores, a\u00e7\u00f5es culturais e iniciativas de promo\u00e7\u00e3o territorial, ressaltando que a coopera\u00e7\u00e3o entre cidades permite aprendizagem m\u00fatua, otimiza\u00e7\u00e3o de recursos e fortalecimento das pol\u00edticas p\u00fablicas locais.\u00a0<\/span><span data-ccp-props=\"{&quot;134233117&quot;:false,&quot;134233118&quot;:false,&quot;201341983&quot;:0,&quot;335551550&quot;:6,&quot;335551620&quot;:6,&quot;335559738&quot;:0,&quot;335559739&quot;:160,&quot;335559740&quot;:360}\">\u00a0<\/span><\/p>\n<h4><b><span data-contrast=\"auto\">Conex\u00f5es globais e impacto econ\u00f3mico nos munic\u00edpios<\/span><\/b><span data-ccp-props=\"{&quot;134233117&quot;:false,&quot;134233118&quot;:false,&quot;201341983&quot;:0,&quot;335551550&quot;:6,&quot;335551620&quot;:6,&quot;335559738&quot;:0,&quot;335559739&quot;:160,&quot;335559740&quot;:360}\">\u00a0<\/span><\/h4>\n<p><span data-contrast=\"auto\">O tema do desenvolvimento econ\u00f4mico foi aprofundado por J\u00fanior Camargo, Diretor de Desenvolvimento Internacional da\u00a0<\/span><i><span data-contrast=\"auto\">Sister\u00a0Cities\u00a0Brazil<\/span><\/i><span data-contrast=\"auto\">. O palestrante abordou como a inser\u00e7\u00e3o dos munic\u00edpios em ecossistemas globais pode ampliar o Produto Interno Bruto\u00a0(PIB)\u00a0local, atrair investimentos, estimular exporta\u00e7\u00f5es e reduzir a depend\u00eancia de transfer\u00eancias intergovernamentais.\u00a0<\/span><span data-ccp-props=\"{&quot;134233117&quot;:false,&quot;134233118&quot;:false,&quot;201341983&quot;:0,&quot;335551550&quot;:6,&quot;335551620&quot;:6,&quot;335559738&quot;:0,&quot;335559739&quot;:160,&quot;335559740&quot;:360}\">\u00a0<\/span><\/p>\n<p><span data-contrast=\"auto\">Durante a apresenta\u00e7\u00e3o, Camargo destacou que a internacionaliza\u00e7\u00e3o municipal deve ser compreendida como\u00a0<\/span><span data-contrast=\"none\">uma\u00a0<\/span><span data-contrast=\"auto\">pol\u00edtica p\u00fablica estruturada, e n\u00e3o como a\u00e7\u00e3o pontual ou isolada. Segundo ele, a conex\u00e3o com o mundo passa pela mobiliza\u00e7\u00e3o do ecossistema local, envolvendo poder p\u00fablico, setor privado e institui\u00e7\u00f5es de apoio.<\/span><span data-ccp-props=\"{&quot;134233117&quot;:false,&quot;134233118&quot;:false,&quot;201341983&quot;:0,&quot;335551550&quot;:6,&quot;335551620&quot;:6,&quot;335559738&quot;:0,&quot;335559739&quot;:160,&quot;335559740&quot;:360}\">\u00a0<\/span><\/p>\n<p><span data-contrast=\"auto\">Nesse sentido, o palestrante ressaltou que empresas locais desempenham papel estrat\u00e9gico nesse processo, ao contribu\u00edrem para o desenvolvimento do territ\u00f3rio e, ao mesmo tempo, se beneficiarem dele. Para Camargo, quando empresas bem estruturadas ajudam a cidade a se desenvolver, fortalecem tamb\u00e9m sua pr\u00f3pria competitividade. \u201c<\/span><i><span data-contrast=\"auto\">Se a empresa ajuda a cidade a se desenvolver, consequentemente ela vai se desenvolver ainda mais<\/span><\/i><span data-contrast=\"auto\">\u201d, destacou, ao mencionar experi\u00eancias internacionais em que grandes empresas atuam como parceiras do poder p\u00fablico no crescimento econ\u00f4mico local.<\/span><span data-ccp-props=\"{&quot;134233117&quot;:false,&quot;134233118&quot;:false,&quot;201341983&quot;:0,&quot;335551550&quot;:6,&quot;335551620&quot;:6,&quot;335559738&quot;:0,&quot;335559739&quot;:160,&quot;335559740&quot;:360}\">\u00a0<\/span><\/p>\n<p><span data-contrast=\"auto\">Camargo enfatizou tamb\u00e9m a necessidade de transformar a internacionaliza\u00e7\u00e3o em pol\u00edtica p\u00fablica cont\u00ednua, capaz de gerar resultados no m\u00e9dio e longo prazo. J\u00fanior explicou que esse tipo de estrat\u00e9gia n\u00e3o produz efeitos imediatos, mas constr\u00f3i bases s\u00f3lidas para o futuro das cidades.<\/span><span data-ccp-props=\"{&quot;134233117&quot;:false,&quot;134233118&quot;:false,&quot;201341983&quot;:0,&quot;335551550&quot;:6,&quot;335551620&quot;:6,&quot;335559738&quot;:0,&quot;335559739&quot;:160,&quot;335559740&quot;:360}\">\u00a0<\/span><\/p>\n<h4><b><span data-contrast=\"auto\">Rela\u00e7\u00f5es econ\u00f4micas com os Estados Unidos<\/span><\/b><span data-ccp-props=\"{&quot;134233117&quot;:false,&quot;134233118&quot;:false,&quot;201341983&quot;:0,&quot;335551550&quot;:6,&quot;335551620&quot;:6,&quot;335559738&quot;:0,&quot;335559739&quot;:160,&quot;335559740&quot;:360}\">\u00a0<\/span><\/h4>\n<p><span data-contrast=\"auto\">O quarto painel contou com a participa\u00e7\u00e3o de Carlos\u00a0Mariaca,\u00a0Board\u00a0Member\u00a0da\u00a0Brazilian<\/span>\u2011<span data-contrast=\"auto\">American\u00a0Chamber\u00a0of\u00a0Commerce\u00a0of\u00a0Florida (BACCF). O especialista apresentou dados sobre as rela\u00e7\u00f5es comerciais entre Brasil e Estados Unidos, com destaque para o papel estrat\u00e9gico do estado da Fl\u00f3rida como principal porta de entrada de produtos brasileiros naquele mercado.\u00a0<\/span><span data-ccp-props=\"{&quot;134233117&quot;:false,&quot;134233118&quot;:false,&quot;201341983&quot;:0,&quot;335551550&quot;:6,&quot;335551620&quot;:6,&quot;335559738&quot;:0,&quot;335559739&quot;:160,&quot;335559740&quot;:360}\">\u00a0<\/span><\/p>\n<p><span data-contrast=\"auto\">Durante a sua fala,\u00a0Mariaca\u00a0ressaltou que um dos principais obst\u00e1culos enfrentados por gestores p\u00fablicos e empres\u00e1rios \u00e9 a falta de informa\u00e7\u00e3o qualificada e a compreens\u00e3o insuficiente das diferen\u00e7as culturais, institucionais e geogr\u00e1ficas entre os mercados. \u201cA maior barreira \u00e9 a falta de informa\u00e7\u00e3o e de entender as diferen\u00e7as de como os neg\u00f3cios s\u00e3o feitos\u201d, afirmou, ao destacar que os Estados Unidos n\u00e3o constituem um mercado homog\u00e9neo e exigem prepara\u00e7\u00e3o espec\u00edfica para cada regi\u00e3o.<\/span><span data-ccp-props=\"{&quot;134233117&quot;:false,&quot;134233118&quot;:false,&quot;201341983&quot;:0,&quot;335551550&quot;:6,&quot;335551620&quot;:6,&quot;335559738&quot;:0,&quot;335559739&quot;:160,&quot;335559740&quot;:360}\">\u00a0<\/span><\/p>\n<p><span data-contrast=\"auto\">Por essa raz\u00e3o, o palestrante chamou aten\u00e7\u00e3o para a import\u00e2ncia do planejamento pr\u00e9vio e da capacita\u00e7\u00e3o antes da busca por parcerias internacionais. Segundo ele, muitos insucessos decorrem da aus\u00eancia de prepara\u00e7\u00e3o t\u00e9cnica e estrat\u00e9gica. \u201cN\u00f3s cansamos de ver brasileiros virem para c\u00e1 e cometerem os mesmos erros\u201d, relatou, ao explicar que iniciativas como\u00a0<\/span><i><span data-contrast=\"auto\">road\u00a0shows<\/span><\/i><span data-contrast=\"auto\">\u00a0(eventos itinerantes), semin\u00e1rios e guias t\u00e9cnicos foram criadas justamente para orientar munic\u00edpios e empres\u00e1rios a atuar de forma mais segura no ambiente internacional.<\/span><span data-ccp-props=\"{&quot;134233117&quot;:false,&quot;134233118&quot;:false,&quot;201341983&quot;:0,&quot;335551550&quot;:6,&quot;335551620&quot;:6,&quot;335559738&quot;:0,&quot;335559739&quot;:160,&quot;335559740&quot;:360}\">\u00a0<\/span><\/p>\n<p><span data-contrast=\"auto\">Ao final, o representante da BACCF refor\u00e7ou que a aproxima\u00e7\u00e3o com entidades de apoio e c\u00e2maras de com\u00e9rcio internacionais contribui para reduzir riscos\u00a0<\/span><span data-contrast=\"none\">e<\/span><span data-contrast=\"auto\">\u00a0ampliar a confian\u00e7a institucional. Para ele, quando bem estruturada, a coopera\u00e7\u00e3o internacional amplia a capacidade de atra\u00e7\u00e3o de investimentos e fortalece o desenvolvimento econ\u00f4mico local de forma consistente.<\/span><span data-ccp-props=\"{&quot;134233117&quot;:false,&quot;134233118&quot;:false,&quot;201341983&quot;:0,&quot;335551550&quot;:6,&quot;335551620&quot;:6,&quot;335559738&quot;:0,&quot;335559739&quot;:160,&quot;335559740&quot;:360}\">\u00a0<\/span><\/p>\n<h4><b><span data-contrast=\"auto\">Governan\u00e7a internacional como pol\u00edtica p\u00fablica municipal<\/span><\/b><span data-ccp-props=\"{&quot;134233117&quot;:false,&quot;134233118&quot;:false,&quot;201341983&quot;:0,&quot;335551550&quot;:6,&quot;335551620&quot;:6,&quot;335559738&quot;:0,&quot;335559739&quot;:160,&quot;335559740&quot;:360}\">\u00a0<\/span><\/h4>\n<p><span data-contrast=\"auto\">Encerrando o ciclo de palestras, Liz Rodrigues, Presidente da\u00a0<\/span><i><span data-contrast=\"auto\">Sister\u00a0Cities\u00a0Brazil<\/span><\/i><span data-contrast=\"auto\">, destacou que a internacionaliza\u00e7\u00e3o municipal precisa ser compreendida e estruturada como pol\u00edtica p\u00fablica cont\u00ednua, orientada por governan\u00e7a, planejamento e articula\u00e7\u00e3o institucional, para que produza resultados duradouros e n\u00e3o se perca a cada mudan\u00e7a de gest\u00e3o.<\/span><span data-ccp-props=\"{&quot;134233117&quot;:false,&quot;134233118&quot;:false,&quot;201341983&quot;:0,&quot;335551550&quot;:6,&quot;335551620&quot;:6,&quot;335559738&quot;:0,&quot;335559739&quot;:160,&quot;335559740&quot;:360}\">\u00a0<\/span><\/p>\n<p><span data-contrast=\"auto\">Liz tamb\u00e9m destacou que cidades de todos os portes podem atuar no cen\u00e1rio internacional, desde que haja organiza\u00e7\u00e3o interna e clareza quanto \u00e0s voca\u00e7\u00f5es e necessidades locais. Segundo ela, mecanismos como cons\u00f3rcios intermunicipais podem ser alternativas vi\u00e1veis para munic\u00edpios menores iniciarem processos de internacionaliza\u00e7\u00e3o de forma mais robusta. \u201cA entrada por meio de cons\u00f3rcios \u00e9 muito interessante, porque d\u00e1 mais for\u00e7a nesse primeiro momento de estrutura\u00e7\u00e3o\u201d, explicou.<\/span><span data-ccp-props=\"{&quot;134233117&quot;:false,&quot;134233118&quot;:false,&quot;201341983&quot;:0,&quot;335551550&quot;:6,&quot;335551620&quot;:6,&quot;335559738&quot;:0,&quot;335559739&quot;:160,&quot;335559740&quot;:360}\">\u00a0<\/span><\/p>\n<p><span data-contrast=\"auto\">Ao final, Liz refor\u00e7ou que a governan\u00e7a internacional deve caminhar lado a lado com transpar\u00eancia, integridade e comunica\u00e7\u00e3o com a popula\u00e7\u00e3o. Para ela, fortalecer a confian\u00e7a institucional e tornar as parcerias vis\u00edveis aos cidad\u00e3os s\u00e3o passos essenciais para consolidar a internacionaliza\u00e7\u00e3o como instrumento de desenvolvimento local. \u201cAbrir as portas da cidade para o mundo exige confian\u00e7a, governan\u00e7a e preparo\u201d, concluiu, colocando a\u00a0<\/span><i><span data-contrast=\"auto\">Sister\u00a0Cities\u00a0Brazil<\/span><\/i><span data-contrast=\"auto\">\u00a0\u00e0 disposi\u00e7\u00e3o para apoiar os munic\u00edpios brasileiros na estrutura\u00e7\u00e3o dessa agenda.<\/span><span data-ccp-props=\"{&quot;134233117&quot;:false,&quot;134233118&quot;:false,&quot;201341983&quot;:0,&quot;335551550&quot;:6,&quot;335551620&quot;:6,&quot;335559738&quot;:0,&quot;335559739&quot;:160,&quot;335559740&quot;:360}\">\u00a0<\/span><\/p>\n<h4><b><span data-contrast=\"auto\">Capacita\u00e7\u00e3o e fortalecimento da gest\u00e3o p\u00fablica<\/span><\/b><span data-ccp-props=\"{&quot;134233117&quot;:false,&quot;134233118&quot;:false,&quot;201341983&quot;:0,&quot;335551550&quot;:6,&quot;335551620&quot;:6,&quot;335559738&quot;:0,&quot;335559739&quot;:160,&quot;335559740&quot;:360}\">\u00a0<\/span><\/h4>\n<p><span data-contrast=\"auto\">O\u00a0webin\u00e1rio\u00a0\u201cJornada de Internacionaliza\u00e7\u00e3o: Governan\u00e7a, Integridade e Conex\u00f5es Globais para Munic\u00edpios\u201d integra um conjunto mais amplo de a\u00e7\u00f5es formativas desenvolvidas pelo MPC-PR, no \u00e2mbito do programa Trilhas de Forma\u00e7\u00e3o e Especializa\u00e7\u00e3o Avan\u00e7ada. A iniciativa tem como objetivo apoiar gestores e servidores municipais no aperfei\u00e7oamento da gest\u00e3o p\u00fablica, com foco na preven\u00e7\u00e3o de irregularidades, na qualifica\u00e7\u00e3o do planejamento e execu\u00e7\u00e3o das pol\u00edticas p\u00fablicas e na melhoria da entrega de servi\u00e7os \u00e0 popula\u00e7\u00e3o.<\/span><span data-ccp-props=\"{&quot;134233117&quot;:false,&quot;134233118&quot;:false,&quot;201341983&quot;:0,&quot;335551550&quot;:6,&quot;335551620&quot;:6,&quot;335559738&quot;:0,&quot;335559739&quot;:160,&quot;335559740&quot;:360}\">\u00a0<\/span><\/p>\n<p><span data-contrast=\"auto\">Para quem n\u00e3o conseguiu acompanhar ao vivo, ou deseja rever e compartilhar os conte\u00fados, a grava\u00e7\u00e3o do\u00a0webin\u00e1rio\u00a0permanece dispon\u00edvel no canal do MPC<\/span>\u2011<span data-contrast=\"auto\">PR no YouTube, permitindo amplo acesso ao debate realizado.<\/span><span data-ccp-props=\"{&quot;134233117&quot;:false,&quot;134233118&quot;:false,&quot;201341983&quot;:0,&quot;335551550&quot;:6,&quot;335551620&quot;:6,&quot;335559738&quot;:0,&quot;335559739&quot;:160,&quot;335559740&quot;:360}\">\u00a0<\/span><\/p>\n<p><span data-contrast=\"auto\">Al\u00e9m disso, para os interessados em se aprofundar nos temas abordados, as apresenta\u00e7\u00f5es dos palestrantes est\u00e3o dispon\u00edveis para consulta, nos links abaixo:<\/span><span data-ccp-props=\"{&quot;134233117&quot;:false,&quot;134233118&quot;:false,&quot;201341983&quot;:0,&quot;335551550&quot;:6,&quot;335551620&quot;:6,&quot;335559738&quot;:0,&quot;335559739&quot;:160,&quot;335559740&quot;:360}\">\u00a0<\/span><\/p>\n<ul>\n<li aria-setsize=\"-1\" data-leveltext=\"\uf0b7\" data-font=\"Symbol\" data-listid=\"1\" data-list-defn-props=\"{&quot;335552541&quot;:1,&quot;335559685&quot;:720,&quot;335559991&quot;:360,&quot;469769226&quot;:&quot;Symbol&quot;,&quot;469769242&quot;:[8226],&quot;469777803&quot;:&quot;left&quot;,&quot;469777804&quot;:&quot;\uf0b7&quot;,&quot;469777815&quot;:&quot;hybridMultilevel&quot;}\" data-aria-posinset=\"1\" data-aria-level=\"1\"><a href=\"https:\/\/www.mpc.pr.gov.br\/wp-content\/uploads\/2026\/04\/Jornada-de-Internacionalizacao.pdf\"><span data-contrast=\"auto\">Laura C\u00f3rdoba\u00a0Reyes\u00a0\u2013\u00a0Recomenda\u00e7\u00e3o da OCDE: integridade p\u00fablica e sua implementa\u00e7\u00e3o em governos subnacionais;<\/span><span data-ccp-props=\"{&quot;134233117&quot;:false,&quot;134233118&quot;:false,&quot;201341983&quot;:0,&quot;335551550&quot;:6,&quot;335551620&quot;:6,&quot;335559738&quot;:0,&quot;335559739&quot;:0,&quot;335559740&quot;:360}\">\u00a0<\/span><\/a><\/li>\n<\/ul>\n<ul>\n<li aria-setsize=\"-1\" data-leveltext=\"\uf0b7\" data-font=\"Symbol\" data-listid=\"1\" data-list-defn-props=\"{&quot;335552541&quot;:1,&quot;335559685&quot;:720,&quot;335559991&quot;:360,&quot;469769226&quot;:&quot;Symbol&quot;,&quot;469769242&quot;:[8226],&quot;469777803&quot;:&quot;left&quot;,&quot;469777804&quot;:&quot;\uf0b7&quot;,&quot;469777815&quot;:&quot;hybridMultilevel&quot;}\" data-aria-posinset=\"2\" data-aria-level=\"1\"><a href=\"https:\/\/www.mpc.pr.gov.br\/wp-content\/uploads\/2026\/04\/apresentacao.pdf\"><span data-contrast=\"auto\">J\u00fanior Camargo \u2013 Ecossistemas globais: como a conex\u00e3o com o mundo alavanca o PIB municipal;<\/span><span data-ccp-props=\"{&quot;134233117&quot;:false,&quot;134233118&quot;:false,&quot;201341983&quot;:0,&quot;335551550&quot;:6,&quot;335551620&quot;:6,&quot;335559738&quot;:0,&quot;335559739&quot;:0,&quot;335559740&quot;:360}\">\u00a0<\/span><\/a><\/li>\n<\/ul>\n<ul>\n<li aria-setsize=\"-1\" data-leveltext=\"\uf0b7\" data-font=\"Symbol\" data-listid=\"1\" data-list-defn-props=\"{&quot;335552541&quot;:1,&quot;335559685&quot;:720,&quot;335559991&quot;:360,&quot;469769226&quot;:&quot;Symbol&quot;,&quot;469769242&quot;:[8226],&quot;469777803&quot;:&quot;left&quot;,&quot;469777804&quot;:&quot;\uf0b7&quot;,&quot;469777815&quot;:&quot;hybridMultilevel&quot;}\" data-aria-posinset=\"3\" data-aria-level=\"1\"><a href=\"https:\/\/www.mpc.pr.gov.br\/wp-content\/uploads\/2026\/04\/BACCF-MPC-PR-Jornada-de-Internacionalizacao-Webinar-2026.pdf\"><span data-contrast=\"auto\">Carlos\u00a0Mariaca\u00a0\u2013 Oportunidades internacionais: conex\u00f5es estrat\u00e9gicas na Fl\u00f3rida (EUA);<\/span><\/a><span data-ccp-props=\"{&quot;134233117&quot;:false,&quot;134233118&quot;:false,&quot;201341983&quot;:0,&quot;335551550&quot;:6,&quot;335551620&quot;:6,&quot;335559738&quot;:0,&quot;335559739&quot;:0,&quot;335559740&quot;:360}\">\u00a0<\/span><\/li>\n<\/ul>\n<ul>\n<li aria-setsize=\"-1\" data-leveltext=\"\uf0b7\" data-font=\"Symbol\" data-listid=\"1\" data-list-defn-props=\"{&quot;335552541&quot;:1,&quot;335559685&quot;:720,&quot;335559991&quot;:360,&quot;469769226&quot;:&quot;Symbol&quot;,&quot;469769242&quot;:[8226],&quot;469777803&quot;:&quot;left&quot;,&quot;469777804&quot;:&quot;\uf0b7&quot;,&quot;469777815&quot;:&quot;hybridMultilevel&quot;}\" data-aria-posinset=\"4\" data-aria-level=\"1\"><a href=\"https:\/\/www.mpc.pr.gov.br\/wp-content\/uploads\/2026\/04\/Governanca-Internacional-o-Caminho-Estruturado-para-Cidades-Globais-3-1.pdf\"><span data-contrast=\"auto\">Liz Rodrigues \u2013 Governan\u00e7a internacional: o caminho estruturado para cidades globais.<\/span><span data-ccp-props=\"{&quot;134233117&quot;:false,&quot;134233118&quot;:false,&quot;201341983&quot;:0,&quot;335551550&quot;:6,&quot;335551620&quot;:6,&quot;335559738&quot;:0,&quot;335559739&quot;:0,&quot;335559740&quot;:360}\">\u00a0<\/span><\/a><\/li>\n<\/ul>\n<p>Link para grava\u00e7\u00e3o no Youtube:<\/p>\n<p class=\"responsive-video-wrap clr\"><iframe title=\"Jornada de Internacionaliza\u00e7\u00e3o: Governan\u00e7a, Integridade e Conex\u00f5es Globais para Munic\u00edpios\" width=\"1200\" height=\"675\" src=\"https:\/\/www.youtube.com\/embed\/h9V7g3JBV_Q?feature=oembed\" frameborder=\"0\" allow=\"accelerometer; autoplay; clipboard-write; encrypted-media; gyroscope; picture-in-picture; web-share\" referrerpolicy=\"strict-origin-when-cross-origin\" allowfullscreen><\/iframe><\/p>\n","protected":false},"excerpt":{"rendered":"<p>O Minist\u00e9rio P\u00fablico de Contas do Paran\u00e1 (MPC\u2011PR) promoveu, no dia 24 de abril, o\u00a0webin\u00e1rio\u00a0\u201cJornada de Internacionaliza\u00e7\u00e3o: Governan\u00e7a, Integridade e Conex\u00f5es Globais para Munic\u00edpios\u201d, reunindo especialistas do Brasil e do exterior para discutir como a governan\u00e7a p\u00fablica, a integridade e a coopera\u00e7\u00e3o internacional podem apoiar o desenvolvimento institucional e econ\u00f4mico dos munic\u00edpios brasileiros.\u00a0\u00a0 Realizado de [&hellip;]<\/p>\n","protected":false},"author":1,"featured_media":25712,"comment_status":"open","ping_status":"open","sticky":false,"template":"","format":"standard","meta":{"_monsterinsights_skip_tracking":false,"_monsterinsights_sitenote_active":false,"_monsterinsights_sitenote_note":"","_monsterinsights_sitenote_category":0,"footnotes":""},"categories":[7,14],"tags":[475,927,929,13,713,943],"class_list":["post-25711","post","type-post","status-publish","format-standard","has-post-thumbnail","hentry","category-todas-as-noticias","category-ultimas-noticias","tag-capacitacao","tag-cooperacao-internacional","tag-internacionalizacao","tag-mpc-pr","tag-programa-trilhas-de-formacao-e-especializacao-avancada","tag-sister-cities-brazil","entry","has-media"],"yoast_head":"<!-- This site is optimized with the Yoast SEO plugin v27.3 - https:\/\/yoast.com\/product\/yoast-seo-wordpress\/ -->\n<title>MPC\u2011PR promove debate internacional sobre governan\u00e7a, integridade e coopera\u00e7\u00e3o global para munic\u00edpios - Minist\u00e9rio P\u00fablico de Contas do Estado do Paran\u00e1<\/title>\n<meta name=\"robots\" content=\"index, follow, max-snippet:-1, max-image-preview:large, max-video-preview:-1\" \/>\n<link rel=\"canonical\" href=\"https:\/\/www.mpc.pr.gov.br\/index.php\/mpc-pr-promove-debate-internacional-sobre-governanca-integridade-e-cooperacao-global-para-municipios\/\" \/>\n<meta property=\"og:locale\" content=\"pt_BR\" \/>\n<meta property=\"og:type\" content=\"article\" \/>\n<meta property=\"og:title\" content=\"MPC\u2011PR promove debate internacional sobre governan\u00e7a, integridade e coopera\u00e7\u00e3o global para munic\u00edpios - Minist\u00e9rio P\u00fablico de Contas do Estado do Paran\u00e1\" \/>\n<meta property=\"og:description\" content=\"O Minist\u00e9rio P\u00fablico de Contas do Paran\u00e1 (MPC\u2011PR) promoveu, no dia 24 de abril, o\u00a0webin\u00e1rio\u00a0\u201cJornada de Internacionaliza\u00e7\u00e3o: Governan\u00e7a, Integridade e Conex\u00f5es Globais para Munic\u00edpios\u201d, reunindo especialistas do Brasil e do exterior para discutir como a governan\u00e7a p\u00fablica, a integridade e a coopera\u00e7\u00e3o internacional podem apoiar o desenvolvimento institucional e econ\u00f4mico dos munic\u00edpios brasileiros.\u00a0\u00a0 Realizado de [&hellip;]\" \/>\n<meta property=\"og:url\" content=\"https:\/\/www.mpc.pr.gov.br\/index.php\/mpc-pr-promove-debate-internacional-sobre-governanca-integridade-e-cooperacao-global-para-municipios\/\" \/>\n<meta property=\"og:site_name\" content=\"Minist\u00e9rio P\u00fablico de Contas do Estado do Paran\u00e1\" \/>\n<meta property=\"article:publisher\" content=\"https:\/\/www.facebook.com\/mpc.pr\" \/>\n<meta property=\"article:published_time\" content=\"2026-04-27T19:06:39+00:00\" \/>\n<meta property=\"article:modified_time\" content=\"2026-04-28T17:18:46+00:00\" \/>\n<meta property=\"og:image\" content=\"https:\/\/www.mpc.pr.gov.br\/wp-content\/uploads\/2026\/04\/IMAGEM-SITE-3-1.png\" \/>\n\t<meta property=\"og:image:width\" content=\"560\" \/>\n\t<meta property=\"og:image:height\" content=\"315\" \/>\n\t<meta property=\"og:image:type\" content=\"image\/png\" \/>\n<meta name=\"author\" content=\"mpcontaspr\" \/>\n<meta name=\"twitter:card\" content=\"summary_large_image\" \/>\n<meta name=\"twitter:label1\" content=\"Escrito por\" \/>\n\t<meta name=\"twitter:data1\" content=\"mpcontaspr\" \/>\n\t<meta name=\"twitter:label2\" content=\"Est. tempo de leitura\" \/>\n\t<meta name=\"twitter:data2\" content=\"12 minutos\" \/>\n<script type=\"application\/ld+json\" class=\"yoast-schema-graph\">{\"@context\":\"https:\\\/\\\/schema.org\",\"@graph\":[{\"@type\":\"Article\",\"@id\":\"https:\\\/\\\/www.mpc.pr.gov.br\\\/index.php\\\/mpc-pr-promove-debate-internacional-sobre-governanca-integridade-e-cooperacao-global-para-municipios\\\/#article\",\"isPartOf\":{\"@id\":\"https:\\\/\\\/www.mpc.pr.gov.br\\\/index.php\\\/mpc-pr-promove-debate-internacional-sobre-governanca-integridade-e-cooperacao-global-para-municipios\\\/\"},\"author\":{\"name\":\"mpcontaspr\",\"@id\":\"https:\\\/\\\/www.mpc.pr.gov.br\\\/#\\\/schema\\\/person\\\/2d83cb8980538d0ec174e8a6284f5e11\"},\"headline\":\"MPC\u2011PR promove debate internacional sobre governan\u00e7a, integridade e coopera\u00e7\u00e3o global para munic\u00edpios\",\"datePublished\":\"2026-04-27T19:06:39+00:00\",\"dateModified\":\"2026-04-28T17:18:46+00:00\",\"mainEntityOfPage\":{\"@id\":\"https:\\\/\\\/www.mpc.pr.gov.br\\\/index.php\\\/mpc-pr-promove-debate-internacional-sobre-governanca-integridade-e-cooperacao-global-para-municipios\\\/\"},\"wordCount\":2341,\"commentCount\":0,\"publisher\":{\"@id\":\"https:\\\/\\\/www.mpc.pr.gov.br\\\/#organization\"},\"image\":{\"@id\":\"https:\\\/\\\/www.mpc.pr.gov.br\\\/index.php\\\/mpc-pr-promove-debate-internacional-sobre-governanca-integridade-e-cooperacao-global-para-municipios\\\/#primaryimage\"},\"thumbnailUrl\":\"https:\\\/\\\/www.mpc.pr.gov.br\\\/wp-content\\\/uploads\\\/2026\\\/04\\\/IMAGEM-SITE-3-1.png\",\"keywords\":[\"Capacita\u00e7\u00e3o\",\"Coopera\u00e7\u00e3o Internacional\",\"Internacionaliza\u00e7\u00e3o\",\"MPC-PR\",\"Programa Trilhas de Forma\u00e7\u00e3o e Especializa\u00e7\u00e3o Avan\u00e7ada\",\"Sister Cities Brazil\"],\"articleSection\":[\"Todas as not\u00edcias\",\"\u00daltimas not\u00edcias\"],\"inLanguage\":\"pt-BR\",\"potentialAction\":[{\"@type\":\"CommentAction\",\"name\":\"Comment\",\"target\":[\"https:\\\/\\\/www.mpc.pr.gov.br\\\/index.php\\\/mpc-pr-promove-debate-internacional-sobre-governanca-integridade-e-cooperacao-global-para-municipios\\\/#respond\"]}]},{\"@type\":\"WebPage\",\"@id\":\"https:\\\/\\\/www.mpc.pr.gov.br\\\/index.php\\\/mpc-pr-promove-debate-internacional-sobre-governanca-integridade-e-cooperacao-global-para-municipios\\\/\",\"url\":\"https:\\\/\\\/www.mpc.pr.gov.br\\\/index.php\\\/mpc-pr-promove-debate-internacional-sobre-governanca-integridade-e-cooperacao-global-para-municipios\\\/\",\"name\":\"MPC\u2011PR promove debate internacional sobre governan\u00e7a, integridade e coopera\u00e7\u00e3o global para munic\u00edpios - Minist\u00e9rio P\u00fablico de Contas do Estado do Paran\u00e1\",\"isPartOf\":{\"@id\":\"https:\\\/\\\/www.mpc.pr.gov.br\\\/#website\"},\"primaryImageOfPage\":{\"@id\":\"https:\\\/\\\/www.mpc.pr.gov.br\\\/index.php\\\/mpc-pr-promove-debate-internacional-sobre-governanca-integridade-e-cooperacao-global-para-municipios\\\/#primaryimage\"},\"image\":{\"@id\":\"https:\\\/\\\/www.mpc.pr.gov.br\\\/index.php\\\/mpc-pr-promove-debate-internacional-sobre-governanca-integridade-e-cooperacao-global-para-municipios\\\/#primaryimage\"},\"thumbnailUrl\":\"https:\\\/\\\/www.mpc.pr.gov.br\\\/wp-content\\\/uploads\\\/2026\\\/04\\\/IMAGEM-SITE-3-1.png\",\"datePublished\":\"2026-04-27T19:06:39+00:00\",\"dateModified\":\"2026-04-28T17:18:46+00:00\",\"breadcrumb\":{\"@id\":\"https:\\\/\\\/www.mpc.pr.gov.br\\\/index.php\\\/mpc-pr-promove-debate-internacional-sobre-governanca-integridade-e-cooperacao-global-para-municipios\\\/#breadcrumb\"},\"inLanguage\":\"pt-BR\",\"potentialAction\":[{\"@type\":\"ReadAction\",\"target\":[\"https:\\\/\\\/www.mpc.pr.gov.br\\\/index.php\\\/mpc-pr-promove-debate-internacional-sobre-governanca-integridade-e-cooperacao-global-para-municipios\\\/\"]}]},{\"@type\":\"ImageObject\",\"inLanguage\":\"pt-BR\",\"@id\":\"https:\\\/\\\/www.mpc.pr.gov.br\\\/index.php\\\/mpc-pr-promove-debate-internacional-sobre-governanca-integridade-e-cooperacao-global-para-municipios\\\/#primaryimage\",\"url\":\"https:\\\/\\\/www.mpc.pr.gov.br\\\/wp-content\\\/uploads\\\/2026\\\/04\\\/IMAGEM-SITE-3-1.png\",\"contentUrl\":\"https:\\\/\\\/www.mpc.pr.gov.br\\\/wp-content\\\/uploads\\\/2026\\\/04\\\/IMAGEM-SITE-3-1.png\",\"width\":560,\"height\":315},{\"@type\":\"BreadcrumbList\",\"@id\":\"https:\\\/\\\/www.mpc.pr.gov.br\\\/index.php\\\/mpc-pr-promove-debate-internacional-sobre-governanca-integridade-e-cooperacao-global-para-municipios\\\/#breadcrumb\",\"itemListElement\":[{\"@type\":\"ListItem\",\"position\":1,\"name\":\"In\u00edcio\",\"item\":\"https:\\\/\\\/www.mpc.pr.gov.br\\\/\"},{\"@type\":\"ListItem\",\"position\":2,\"name\":\"MPC\u2011PR promove debate internacional sobre governan\u00e7a, integridade e coopera\u00e7\u00e3o global para munic\u00edpios\"}]},{\"@type\":\"WebSite\",\"@id\":\"https:\\\/\\\/www.mpc.pr.gov.br\\\/#website\",\"url\":\"https:\\\/\\\/www.mpc.pr.gov.br\\\/\",\"name\":\"Minist\u00e9rio P\u00fablico de Contas do Estado do Paran\u00e1\",\"description\":\"\",\"publisher\":{\"@id\":\"https:\\\/\\\/www.mpc.pr.gov.br\\\/#organization\"},\"potentialAction\":[{\"@type\":\"SearchAction\",\"target\":{\"@type\":\"EntryPoint\",\"urlTemplate\":\"https:\\\/\\\/www.mpc.pr.gov.br\\\/?s={search_term_string}\"},\"query-input\":{\"@type\":\"PropertyValueSpecification\",\"valueRequired\":true,\"valueName\":\"search_term_string\"}}],\"inLanguage\":\"pt-BR\"},{\"@type\":\"Organization\",\"@id\":\"https:\\\/\\\/www.mpc.pr.gov.br\\\/#organization\",\"name\":\"Minist\u00e9rio P\u00fablico de Contas do Estado do Paran\u00e1\",\"url\":\"https:\\\/\\\/www.mpc.pr.gov.br\\\/\",\"logo\":{\"@type\":\"ImageObject\",\"inLanguage\":\"pt-BR\",\"@id\":\"https:\\\/\\\/www.mpc.pr.gov.br\\\/#\\\/schema\\\/logo\\\/image\\\/\",\"url\":\"https:\\\/\\\/www.mpc.pr.gov.br\\\/wp-content\\\/uploads\\\/2020\\\/06\\\/99423647_1593460364143890_6706793420720963584_n-1-e1591387983167.png\",\"contentUrl\":\"https:\\\/\\\/www.mpc.pr.gov.br\\\/wp-content\\\/uploads\\\/2020\\\/06\\\/99423647_1593460364143890_6706793420720963584_n-1-e1591387983167.png\",\"width\":243,\"height\":73,\"caption\":\"Minist\u00e9rio P\u00fablico de Contas do Estado do Paran\u00e1\"},\"image\":{\"@id\":\"https:\\\/\\\/www.mpc.pr.gov.br\\\/#\\\/schema\\\/logo\\\/image\\\/\"},\"sameAs\":[\"https:\\\/\\\/www.facebook.com\\\/mpc.pr\",\"https:\\\/\\\/www.instagram.com\\\/mpc.pr\\\/?hl=pt-br\",\"https:\\\/\\\/www.youtube.com\\\/channel\\\/UCHri5oEM8DV0ztX57E0sBSw\"]},{\"@type\":\"Person\",\"@id\":\"https:\\\/\\\/www.mpc.pr.gov.br\\\/#\\\/schema\\\/person\\\/2d83cb8980538d0ec174e8a6284f5e11\",\"name\":\"mpcontaspr\",\"image\":{\"@type\":\"ImageObject\",\"inLanguage\":\"pt-BR\",\"@id\":\"https:\\\/\\\/secure.gravatar.com\\\/avatar\\\/1aef51541db7622e05fd639336c9c9f312c2a618396e2b6ca96846362fc5403f?s=96&d=mm&r=g\",\"url\":\"https:\\\/\\\/secure.gravatar.com\\\/avatar\\\/1aef51541db7622e05fd639336c9c9f312c2a618396e2b6ca96846362fc5403f?s=96&d=mm&r=g\",\"contentUrl\":\"https:\\\/\\\/secure.gravatar.com\\\/avatar\\\/1aef51541db7622e05fd639336c9c9f312c2a618396e2b6ca96846362fc5403f?s=96&d=mm&r=g\",\"caption\":\"mpcontaspr\"},\"sameAs\":[\"http:\\\/\\\/www.mpc.pr.gov.br\"]}]}<\/script>\n<!-- \/ Yoast SEO plugin. -->","yoast_head_json":{"title":"MPC\u2011PR promove debate internacional sobre governan\u00e7a, integridade e coopera\u00e7\u00e3o global para munic\u00edpios - Minist\u00e9rio P\u00fablico de Contas do Estado do Paran\u00e1","robots":{"index":"index","follow":"follow","max-snippet":"max-snippet:-1","max-image-preview":"max-image-preview:large","max-video-preview":"max-video-preview:-1"},"canonical":"https:\/\/www.mpc.pr.gov.br\/index.php\/mpc-pr-promove-debate-internacional-sobre-governanca-integridade-e-cooperacao-global-para-municipios\/","og_locale":"pt_BR","og_type":"article","og_title":"MPC\u2011PR promove debate internacional sobre governan\u00e7a, integridade e coopera\u00e7\u00e3o global para munic\u00edpios - Minist\u00e9rio P\u00fablico de Contas do Estado do Paran\u00e1","og_description":"O Minist\u00e9rio P\u00fablico de Contas do Paran\u00e1 (MPC\u2011PR) promoveu, no dia 24 de abril, o\u00a0webin\u00e1rio\u00a0\u201cJornada de Internacionaliza\u00e7\u00e3o: Governan\u00e7a, Integridade e Conex\u00f5es Globais para Munic\u00edpios\u201d, reunindo especialistas do Brasil e do exterior para discutir como a governan\u00e7a p\u00fablica, a integridade e a coopera\u00e7\u00e3o internacional podem apoiar o desenvolvimento institucional e econ\u00f4mico dos munic\u00edpios brasileiros.\u00a0\u00a0 Realizado de [&hellip;]","og_url":"https:\/\/www.mpc.pr.gov.br\/index.php\/mpc-pr-promove-debate-internacional-sobre-governanca-integridade-e-cooperacao-global-para-municipios\/","og_site_name":"Minist\u00e9rio P\u00fablico de Contas do Estado do Paran\u00e1","article_publisher":"https:\/\/www.facebook.com\/mpc.pr","article_published_time":"2026-04-27T19:06:39+00:00","article_modified_time":"2026-04-28T17:18:46+00:00","og_image":[{"width":560,"height":315,"url":"https:\/\/www.mpc.pr.gov.br\/wp-content\/uploads\/2026\/04\/IMAGEM-SITE-3-1.png","type":"image\/png"}],"author":"mpcontaspr","twitter_card":"summary_large_image","twitter_misc":{"Escrito por":"mpcontaspr","Est. tempo de leitura":"12 minutos"},"schema":{"@context":"https:\/\/schema.org","@graph":[{"@type":"Article","@id":"https:\/\/www.mpc.pr.gov.br\/index.php\/mpc-pr-promove-debate-internacional-sobre-governanca-integridade-e-cooperacao-global-para-municipios\/#article","isPartOf":{"@id":"https:\/\/www.mpc.pr.gov.br\/index.php\/mpc-pr-promove-debate-internacional-sobre-governanca-integridade-e-cooperacao-global-para-municipios\/"},"author":{"name":"mpcontaspr","@id":"https:\/\/www.mpc.pr.gov.br\/#\/schema\/person\/2d83cb8980538d0ec174e8a6284f5e11"},"headline":"MPC\u2011PR promove debate internacional sobre governan\u00e7a, integridade e coopera\u00e7\u00e3o global para munic\u00edpios","datePublished":"2026-04-27T19:06:39+00:00","dateModified":"2026-04-28T17:18:46+00:00","mainEntityOfPage":{"@id":"https:\/\/www.mpc.pr.gov.br\/index.php\/mpc-pr-promove-debate-internacional-sobre-governanca-integridade-e-cooperacao-global-para-municipios\/"},"wordCount":2341,"commentCount":0,"publisher":{"@id":"https:\/\/www.mpc.pr.gov.br\/#organization"},"image":{"@id":"https:\/\/www.mpc.pr.gov.br\/index.php\/mpc-pr-promove-debate-internacional-sobre-governanca-integridade-e-cooperacao-global-para-municipios\/#primaryimage"},"thumbnailUrl":"https:\/\/www.mpc.pr.gov.br\/wp-content\/uploads\/2026\/04\/IMAGEM-SITE-3-1.png","keywords":["Capacita\u00e7\u00e3o","Coopera\u00e7\u00e3o Internacional","Internacionaliza\u00e7\u00e3o","MPC-PR","Programa Trilhas de Forma\u00e7\u00e3o e Especializa\u00e7\u00e3o Avan\u00e7ada","Sister Cities Brazil"],"articleSection":["Todas as not\u00edcias","\u00daltimas not\u00edcias"],"inLanguage":"pt-BR","potentialAction":[{"@type":"CommentAction","name":"Comment","target":["https:\/\/www.mpc.pr.gov.br\/index.php\/mpc-pr-promove-debate-internacional-sobre-governanca-integridade-e-cooperacao-global-para-municipios\/#respond"]}]},{"@type":"WebPage","@id":"https:\/\/www.mpc.pr.gov.br\/index.php\/mpc-pr-promove-debate-internacional-sobre-governanca-integridade-e-cooperacao-global-para-municipios\/","url":"https:\/\/www.mpc.pr.gov.br\/index.php\/mpc-pr-promove-debate-internacional-sobre-governanca-integridade-e-cooperacao-global-para-municipios\/","name":"MPC\u2011PR promove debate internacional sobre governan\u00e7a, integridade e coopera\u00e7\u00e3o global para munic\u00edpios - Minist\u00e9rio P\u00fablico de Contas do Estado do Paran\u00e1","isPartOf":{"@id":"https:\/\/www.mpc.pr.gov.br\/#website"},"primaryImageOfPage":{"@id":"https:\/\/www.mpc.pr.gov.br\/index.php\/mpc-pr-promove-debate-internacional-sobre-governanca-integridade-e-cooperacao-global-para-municipios\/#primaryimage"},"image":{"@id":"https:\/\/www.mpc.pr.gov.br\/index.php\/mpc-pr-promove-debate-internacional-sobre-governanca-integridade-e-cooperacao-global-para-municipios\/#primaryimage"},"thumbnailUrl":"https:\/\/www.mpc.pr.gov.br\/wp-content\/uploads\/2026\/04\/IMAGEM-SITE-3-1.png","datePublished":"2026-04-27T19:06:39+00:00","dateModified":"2026-04-28T17:18:46+00:00","breadcrumb":{"@id":"https:\/\/www.mpc.pr.gov.br\/index.php\/mpc-pr-promove-debate-internacional-sobre-governanca-integridade-e-cooperacao-global-para-municipios\/#breadcrumb"},"inLanguage":"pt-BR","potentialAction":[{"@type":"ReadAction","target":["https:\/\/www.mpc.pr.gov.br\/index.php\/mpc-pr-promove-debate-internacional-sobre-governanca-integridade-e-cooperacao-global-para-municipios\/"]}]},{"@type":"ImageObject","inLanguage":"pt-BR","@id":"https:\/\/www.mpc.pr.gov.br\/index.php\/mpc-pr-promove-debate-internacional-sobre-governanca-integridade-e-cooperacao-global-para-municipios\/#primaryimage","url":"https:\/\/www.mpc.pr.gov.br\/wp-content\/uploads\/2026\/04\/IMAGEM-SITE-3-1.png","contentUrl":"https:\/\/www.mpc.pr.gov.br\/wp-content\/uploads\/2026\/04\/IMAGEM-SITE-3-1.png","width":560,"height":315},{"@type":"BreadcrumbList","@id":"https:\/\/www.mpc.pr.gov.br\/index.php\/mpc-pr-promove-debate-internacional-sobre-governanca-integridade-e-cooperacao-global-para-municipios\/#breadcrumb","itemListElement":[{"@type":"ListItem","position":1,"name":"In\u00edcio","item":"https:\/\/www.mpc.pr.gov.br\/"},{"@type":"ListItem","position":2,"name":"MPC\u2011PR promove debate internacional sobre governan\u00e7a, integridade e coopera\u00e7\u00e3o global para munic\u00edpios"}]},{"@type":"WebSite","@id":"https:\/\/www.mpc.pr.gov.br\/#website","url":"https:\/\/www.mpc.pr.gov.br\/","name":"Minist\u00e9rio P\u00fablico de Contas do Estado do Paran\u00e1","description":"","publisher":{"@id":"https:\/\/www.mpc.pr.gov.br\/#organization"},"potentialAction":[{"@type":"SearchAction","target":{"@type":"EntryPoint","urlTemplate":"https:\/\/www.mpc.pr.gov.br\/?s={search_term_string}"},"query-input":{"@type":"PropertyValueSpecification","valueRequired":true,"valueName":"search_term_string"}}],"inLanguage":"pt-BR"},{"@type":"Organization","@id":"https:\/\/www.mpc.pr.gov.br\/#organization","name":"Minist\u00e9rio P\u00fablico de Contas do Estado do Paran\u00e1","url":"https:\/\/www.mpc.pr.gov.br\/","logo":{"@type":"ImageObject","inLanguage":"pt-BR","@id":"https:\/\/www.mpc.pr.gov.br\/#\/schema\/logo\/image\/","url":"https:\/\/www.mpc.pr.gov.br\/wp-content\/uploads\/2020\/06\/99423647_1593460364143890_6706793420720963584_n-1-e1591387983167.png","contentUrl":"https:\/\/www.mpc.pr.gov.br\/wp-content\/uploads\/2020\/06\/99423647_1593460364143890_6706793420720963584_n-1-e1591387983167.png","width":243,"height":73,"caption":"Minist\u00e9rio P\u00fablico de Contas do Estado do Paran\u00e1"},"image":{"@id":"https:\/\/www.mpc.pr.gov.br\/#\/schema\/logo\/image\/"},"sameAs":["https:\/\/www.facebook.com\/mpc.pr","https:\/\/www.instagram.com\/mpc.pr\/?hl=pt-br","https:\/\/www.youtube.com\/channel\/UCHri5oEM8DV0ztX57E0sBSw"]},{"@type":"Person","@id":"https:\/\/www.mpc.pr.gov.br\/#\/schema\/person\/2d83cb8980538d0ec174e8a6284f5e11","name":"mpcontaspr","image":{"@type":"ImageObject","inLanguage":"pt-BR","@id":"https:\/\/secure.gravatar.com\/avatar\/1aef51541db7622e05fd639336c9c9f312c2a618396e2b6ca96846362fc5403f?s=96&d=mm&r=g","url":"https:\/\/secure.gravatar.com\/avatar\/1aef51541db7622e05fd639336c9c9f312c2a618396e2b6ca96846362fc5403f?s=96&d=mm&r=g","contentUrl":"https:\/\/secure.gravatar.com\/avatar\/1aef51541db7622e05fd639336c9c9f312c2a618396e2b6ca96846362fc5403f?s=96&d=mm&r=g","caption":"mpcontaspr"},"sameAs":["http:\/\/www.mpc.pr.gov.br"]}]}},"rttpg_featured_image_url":{"full":["https:\/\/www.mpc.pr.gov.br\/wp-content\/uploads\/2026\/04\/IMAGEM-SITE-3-1.png",560,315,false],"landscape":["https:\/\/www.mpc.pr.gov.br\/wp-content\/uploads\/2026\/04\/IMAGEM-SITE-3-1.png",560,315,false],"portraits":["https:\/\/www.mpc.pr.gov.br\/wp-content\/uploads\/2026\/04\/IMAGEM-SITE-3-1.png",560,315,false],"thumbnail":["https:\/\/www.mpc.pr.gov.br\/wp-content\/uploads\/2026\/04\/IMAGEM-SITE-3-1-150x150.png",150,150,true],"medium":["https:\/\/www.mpc.pr.gov.br\/wp-content\/uploads\/2026\/04\/IMAGEM-SITE-3-1-300x169.png",300,169,true],"large":["https:\/\/www.mpc.pr.gov.br\/wp-content\/uploads\/2026\/04\/IMAGEM-SITE-3-1.png",560,315,false],"1536x1536":["https:\/\/www.mpc.pr.gov.br\/wp-content\/uploads\/2026\/04\/IMAGEM-SITE-3-1.png",560,315,false],"2048x2048":["https:\/\/www.mpc.pr.gov.br\/wp-content\/uploads\/2026\/04\/IMAGEM-SITE-3-1.png",560,315,false],"ocean-thumb-m":["https:\/\/www.mpc.pr.gov.br\/wp-content\/uploads\/2026\/04\/IMAGEM-SITE-3-1.png",560,315,false],"ocean-thumb-ml":["https:\/\/www.mpc.pr.gov.br\/wp-content\/uploads\/2026\/04\/IMAGEM-SITE-3-1.png",560,315,false],"ocean-thumb-l":["https:\/\/www.mpc.pr.gov.br\/wp-content\/uploads\/2026\/04\/IMAGEM-SITE-3-1.png",560,315,false]},"rttpg_author":{"display_name":"mpcontaspr","author_link":"https:\/\/www.mpc.pr.gov.br\/index.php\/author\/mpcontaspr\/"},"rttpg_comment":0,"rttpg_category":"<a href=\"https:\/\/www.mpc.pr.gov.br\/index.php\/category\/todas-as-noticias\/\" rel=\"category tag\">Todas as not\u00edcias<\/a> <a href=\"https:\/\/www.mpc.pr.gov.br\/index.php\/category\/ultimas-noticias\/\" rel=\"category tag\">\u00daltimas not\u00edcias<\/a>","rttpg_excerpt":"O Minist\u00e9rio P\u00fablico de Contas do Paran\u00e1 (MPC\u2011PR) promoveu, no dia 24 de abril, o\u00a0webin\u00e1rio\u00a0\u201cJornada de Internacionaliza\u00e7\u00e3o: Governan\u00e7a, Integridade e Conex\u00f5es Globais para Munic\u00edpios\u201d, reunindo especialistas do Brasil e do exterior para discutir como a governan\u00e7a p\u00fablica, a integridade e a coopera\u00e7\u00e3o internacional podem apoiar o desenvolvimento institucional e econ\u00f4mico dos munic\u00edpios brasileiros.\u00a0\u00a0 Realizado de&hellip;","_links":{"self":[{"href":"https:\/\/www.mpc.pr.gov.br\/index.php\/wp-json\/wp\/v2\/posts\/25711","targetHints":{"allow":["GET"]}}],"collection":[{"href":"https:\/\/www.mpc.pr.gov.br\/index.php\/wp-json\/wp\/v2\/posts"}],"about":[{"href":"https:\/\/www.mpc.pr.gov.br\/index.php\/wp-json\/wp\/v2\/types\/post"}],"author":[{"embeddable":true,"href":"https:\/\/www.mpc.pr.gov.br\/index.php\/wp-json\/wp\/v2\/users\/1"}],"replies":[{"embeddable":true,"href":"https:\/\/www.mpc.pr.gov.br\/index.php\/wp-json\/wp\/v2\/comments?post=25711"}],"version-history":[{"count":2,"href":"https:\/\/www.mpc.pr.gov.br\/index.php\/wp-json\/wp\/v2\/posts\/25711\/revisions"}],"predecessor-version":[{"id":25718,"href":"https:\/\/www.mpc.pr.gov.br\/index.php\/wp-json\/wp\/v2\/posts\/25711\/revisions\/25718"}],"wp:featuredmedia":[{"embeddable":true,"href":"https:\/\/www.mpc.pr.gov.br\/index.php\/wp-json\/wp\/v2\/media\/25712"}],"wp:attachment":[{"href":"https:\/\/www.mpc.pr.gov.br\/index.php\/wp-json\/wp\/v2\/media?parent=25711"}],"wp:term":[{"taxonomy":"category","embeddable":true,"href":"https:\/\/www.mpc.pr.gov.br\/index.php\/wp-json\/wp\/v2\/categories?post=25711"},{"taxonomy":"post_tag","embeddable":true,"href":"https:\/\/www.mpc.pr.gov.br\/index.php\/wp-json\/wp\/v2\/tags?post=25711"}],"curies":[{"name":"wp","href":"https:\/\/api.w.org\/{rel}","templated":true}]}}