{"id":25726,"date":"2026-04-28T14:19:00","date_gmt":"2026-04-28T17:19:00","guid":{"rendered":"https:\/\/www.mpc.pr.gov.br\/?p=25726"},"modified":"2026-04-28T14:19:00","modified_gmt":"2026-04-28T17:19:00","slug":"tce-pr-acolhe-integralmente-parecer-do-mpc-pr-em-consulta-sobre-aplicacao-da-ec-136-2025-no-pagamento-de-precatorios","status":"publish","type":"post","link":"https:\/\/www.mpc.pr.gov.br\/index.php\/tce-pr-acolhe-integralmente-parecer-do-mpc-pr-em-consulta-sobre-aplicacao-da-ec-136-2025-no-pagamento-de-precatorios\/","title":{"rendered":"TCE-PR acolhe integralmente parecer do MPC-PR em consulta sobre aplica\u00e7\u00e3o da EC 136\/2025 no pagamento de precat\u00f3rios"},"content":{"rendered":"<figure id=\"attachment_25728\" aria-describedby=\"caption-attachment-25728\" style=\"width: 300px\" class=\"wp-caption alignleft\"><img fetchpriority=\"high\" decoding=\"async\" class=\"size-medium wp-image-25728\" src=\"https:\/\/www.mpc.pr.gov.br\/wp-content\/uploads\/2026\/04\/PHOTO-2024-10-11-09-45-25-2prefeitura-300x169.jpg\" alt=\"\" width=\"300\" height=\"169\" srcset=\"https:\/\/www.mpc.pr.gov.br\/wp-content\/uploads\/2026\/04\/PHOTO-2024-10-11-09-45-25-2prefeitura-300x169.jpg 300w, https:\/\/www.mpc.pr.gov.br\/wp-content\/uploads\/2026\/04\/PHOTO-2024-10-11-09-45-25-2prefeitura-1024x576.jpg 1024w, https:\/\/www.mpc.pr.gov.br\/wp-content\/uploads\/2026\/04\/PHOTO-2024-10-11-09-45-25-2prefeitura-768x432.jpg 768w, https:\/\/www.mpc.pr.gov.br\/wp-content\/uploads\/2026\/04\/PHOTO-2024-10-11-09-45-25-2prefeitura-800x450.jpg 800w, https:\/\/www.mpc.pr.gov.br\/wp-content\/uploads\/2026\/04\/PHOTO-2024-10-11-09-45-25-2prefeitura.jpg 1170w\" sizes=\"(max-width: 300px) 100vw, 300px\" \/><figcaption id=\"caption-attachment-25728\" class=\"wp-caption-text\">Vis\u00e3o a\u00e9rea do Munic\u00edpio de Itapejara Do Oeste, localizado na regi\u00e3o Sudoeste do Estado do Paran\u00e1. Foto: Prefeitura Municipal.<\/figcaption><\/figure>\n<p><span data-contrast=\"auto\">O Tribunal de Contas do Estado do Paran\u00e1 (TCE-PR), ao julgar a Consulta n\u00ba 726790\/25, formulada pelo <a href=\"https:\/\/www.itapejaradoeste.pr.gov.br\/\">Munic\u00edpio de Itapejara d\u2019Oeste<\/a>, fixou entendimento sobre a aplica\u00e7\u00e3o imediata das regras introduzidas pela Emenda Constitucional n\u00ba 136\/2025 no regime de pagamento de precat\u00f3rios. A decis\u00e3o foi formalizada no <a href=\"https:\/\/www.mpc.pr.gov.br\/wp-content\/uploads\/2026\/04\/ACO-730_26-STP-itapejara.pdf\">Ac\u00f3rd\u00e3o n\u00ba 730\/26<\/a> do\u00a0Tribunal Pleno, de relatoria do Conselheiro Augustinho Zucchi, e acolheu integralmente o <a href=\"https:\/\/www.mpc.pr.gov.br\/wp-content\/uploads\/2026\/04\/PAR-52_26-PGC-itapejara.pdf\">Parecer Ministerial n\u00ba 52\/26<\/a>, do Minist\u00e9rio P\u00fablico de Contas do Paran\u00e1 (MPC-PR).\u00a0<\/span><span data-ccp-props=\"{&quot;134233117&quot;:false,&quot;134233118&quot;:false,&quot;201341983&quot;:0,&quot;335551550&quot;:6,&quot;335551620&quot;:6,&quot;335559738&quot;:210,&quot;335559739&quot;:210,&quot;335559740&quot;:360}\">\u00a0<\/span><\/p>\n<p><span data-contrast=\"auto\">Por se tratar de processo de consulta, o objeto de\u00a0julgamento n\u00e3o\u00a0se\u00a0analisa\u00a0uma situa\u00e7\u00e3o concreta, mas\u00a0deve\u00a0esclarecer, em tese, d\u00favidas sobre a interpreta\u00e7\u00e3o e aplica\u00e7\u00e3o do novo regime constitucional.\u00a0Nesse sentido,\u00a0resumidamente,\u00a0o\u00a0Munic\u00edpio\u00a0de Itapejara do Oeste\u00a0questionou: (I) se\u00a0poderia aplicar as disposi\u00e7\u00f5es da Emenda\u00a0Constitucional n\u00ba\u00a0136\/2025 independentemente de haver saldo reservado na LOA de 2025 e independentemente de as decis\u00f5es judiciais que originaram os precat\u00f3rios serem anteriores \u00e0 promulga\u00e7\u00e3o;\u00a0(II)\u00a0se, para\u00a0o exerc\u00edcio de\u00a02026, poderia reservar 1% da Receita Corrente L\u00edquida para o pagamento, diante do estoque existente; e, (III)\u00a0se seria necess\u00e1rio eliminar previamente o estoque de precat\u00f3rios para aderir ao novo regime ou se o novo percentual poderia ser aplicado concomitantemente.\u00a0<\/span><span data-ccp-props=\"{&quot;134233117&quot;:false,&quot;134233118&quot;:false,&quot;201341983&quot;:0,&quot;335551550&quot;:6,&quot;335551620&quot;:6,&quot;335559738&quot;:210,&quot;335559739&quot;:210,&quot;335559740&quot;:360}\">\u00a0<\/span><\/p>\n<h4><b><span data-contrast=\"auto\">Instru\u00e7\u00e3o do Processo<\/span><\/b><span data-ccp-props=\"{&quot;134233117&quot;:false,&quot;134233118&quot;:false,&quot;201341983&quot;:0,&quot;335551550&quot;:6,&quot;335551620&quot;:6,&quot;335559738&quot;:210,&quot;335559739&quot;:210,&quot;335559740&quot;:360}\">\u00a0<\/span><\/h4>\n<p><span data-contrast=\"auto\">\u00a0O prosseguimento da consulta foi deferido por meio do Despacho n\u00ba 1667\/25,\u00a0tendo em vista o cumprimento dos pressupostos de admissibilidade, estando a peti\u00e7\u00e3o inicial da consulta acompanhada de parecer jur\u00eddico.\u00a0Contudo, o Relator entendeu\u00a0ser pertinente\u00a0delimitar parcialmente o objeto dos quesitos pelo Munic\u00edpio, nos seguintes termos:<\/span><span data-ccp-props=\"{&quot;134233117&quot;:false,&quot;134233118&quot;:false,&quot;201341983&quot;:0,&quot;335551550&quot;:6,&quot;335551620&quot;:6,&quot;335559738&quot;:210,&quot;335559739&quot;:210,&quot;335559740&quot;:360}\">\u00a0<\/span><\/p>\n<ol>\n<li>\n<blockquote><p><span data-contrast=\"auto\">O esclarecimento quanto \u00e0 aplicabilidade imediata da Emenda Constitucional n\u00ba 136\/2025 aos precat\u00f3rios j\u00e1 existentes;<\/span><span data-ccp-props=\"{&quot;134233117&quot;:false,&quot;134233118&quot;:false,&quot;335551550&quot;:6,&quot;335551620&quot;:6,&quot;335559738&quot;:0,&quot;335559739&quot;:0}\">\u00a0<\/span><\/p><\/blockquote>\n<\/li>\n<li>\n<blockquote><p><span data-contrast=\"auto\">A manifesta\u00e7\u00e3o quanto \u00e0 possibilidade de reserva de 1% da RCL para 2026, conforme os valores apresentados, sem a necessidade de quita\u00e7\u00e3o integral do estoque atual de precat\u00f3rios.<\/span><span data-ccp-props=\"{&quot;134233117&quot;:false,&quot;134233118&quot;:false,&quot;335551550&quot;:6,&quot;335551620&quot;:6,&quot;335559738&quot;:0,&quot;335559739&quot;:0}\">\u00a0<\/span><\/p><\/blockquote>\n<\/li>\n<\/ol>\n<p><span data-contrast=\"auto\">Encaminhados os autos, a\u00a0Escola de Gest\u00e3o P\u00fablica (EGP), por meio da Supervis\u00e3o de Jurisprud\u00eancia e Biblioteca (SJB), informou\u00a0que no \u00e2mbito do TCE-PR n\u00e3o existe an\u00e1lise espec\u00edfica sobre o tema, no entanto, destacou\u00a0a exist\u00eancia da A\u00e7\u00e3o\u00a0Direta de\u00a0Inconstitucionalidade (ADI)\u00a0n\u00ba 7873, em que se questiona a constitucionalidade da EC\u00a0n\u00ba\u00a0136\/2025,\u00a0at\u00e9 o momento sem\u00a0concess\u00e3o de liminar, permanecendo\u00a0inalterado\u00a0o texto constitucional at\u00e9\u00a0posterior\u00a0delibera\u00e7\u00e3o.\u00a0<\/span><span data-ccp-props=\"{&quot;134233117&quot;:false,&quot;134233118&quot;:false,&quot;201341983&quot;:0,&quot;335551550&quot;:6,&quot;335551620&quot;:6,&quot;335559685&quot;:0,&quot;335559737&quot;:0,&quot;335559738&quot;:210,&quot;335559739&quot;:210,&quot;335559740&quot;:360}\">\u00a0<\/span><\/p>\n<p><span data-contrast=\"auto\">Na sequ\u00eancia, a\u00a0<\/span><span data-contrast=\"auto\">Coordenadoria de Apoio e Instru\u00e7\u00e3o Suplementar (CAIS),<\/span><span data-contrast=\"auto\">\u00a0por meio da Instru\u00e7\u00e3o n\u00ba 100\/26, reconheceu que a Emenda\u00a0Constitucional n\u00ba\u00a0136\/2025\u00a0est\u00e1\u00a0vigente e sinalizou a necessidade de\u00a0que o Munic\u00edpio acompanhe o andamento da\u00a0ADI.\u00a0Em acr\u00e9scimo, pontuou que a an\u00e1lise processual das consultas, caso seja vinculada\u00a0a\u00a0an\u00e1lise\u00a0de\u00a0n\u00fameros apresentados pelo Munic\u00edpio,\u00a0n\u00e3o se adequaria ao car\u00e1ter \u201cem tese\u201d\u00a0assim\u00a0exigido, o que deve ser feito em termos gerais, abstendo-se\u00a0a\u00a0uma an\u00e1lise sobre os\u00a0par\u00e2metros relacionados ao ciclo or\u00e7ament\u00e1rio e observa\u00e7\u00f5es quanto \u00e0 adequa\u00e7\u00e3o de previs\u00f5es para exerc\u00edcios futuros.\u00a0<\/span><span data-ccp-props=\"{&quot;134233117&quot;:false,&quot;134233118&quot;:false,&quot;201341983&quot;:0,&quot;335551550&quot;:6,&quot;335551620&quot;:6,&quot;335559738&quot;:210,&quot;335559739&quot;:210,&quot;335559740&quot;:360}\">\u00a0<\/span><\/p>\n<p><span data-contrast=\"auto\">Ao final,\u00a0respondendo ao\u00a0primeiro\u00a0quesito,\u00a0a Coordenadoria mencionou que devem ser promovidas as adequa\u00e7\u00f5es\u00a0or\u00e7ament\u00e1rias e, considerando que a\u00a0nova data de apresenta\u00e7\u00e3o dos precat\u00f3rios fixada na Emenda\u00a0Constitucional n\u00ba 136\/2025 \u00e9 de 1\u00ba de fevereiro (2026), somente ser\u00e1\u00a0aplic\u00e1vel na elabora\u00e7\u00e3o dos projetos da LDO e da LOA com vig\u00eancia\u00a0para o exerc\u00edcio de 2027.\u00a0<\/span><span data-ccp-props=\"{&quot;134233117&quot;:false,&quot;134233118&quot;:false,&quot;201341983&quot;:0,&quot;335551550&quot;:6,&quot;335551620&quot;:6,&quot;335559738&quot;:210,&quot;335559739&quot;:210,&quot;335559740&quot;:360}\">\u00a0<\/span><\/p>\n<p><span data-contrast=\"auto\">Quanto ao segundo questionamento,\u00a0especificamente em rela\u00e7\u00e3o \u00e0 segunda parte da pergunta, a qual pode ser respondida em tese, deve seguir a orienta\u00e7\u00e3o contida na\u00a0<a href=\"https:\/\/www.mpc.pr.gov.br\/wp-content\/uploads\/2025\/11\/RA-no-002.2025-GPGMPC.pdf\">Recomenda\u00e7\u00e3o Administrativa n\u00ba 002\/2025 do MPC-PR<\/a>, isto \u00e9,\u00a0para os munic\u00edpios que n\u00e3o aderiram ao\u00a0regime especial de pagamento de precat\u00f3rios previsto no artigo 105, do\u00a0ADCT, havia a obrigatoriedade de incluir na LOA a ser aprovada em\u00a02025, para vig\u00eancia em 2026, a integralidade dos montantes devidos a\u00a0t\u00edtulo de precat\u00f3rios judici\u00e1rios apresentados at\u00e9 02 de abril de 2025,\u00a0fazendo-se o pagamento at\u00e9 o final do exerc\u00edcio de 2026, conforme\u00a0disposto no \u00a7 5\u00ba, do artigo 100, da Constitui\u00e7\u00e3o Federal \u2013 na reda\u00e7\u00e3o anterior \u00e0 edi\u00e7\u00e3o da Emenda Constitucional n\u00ba 136\/2025 (promulgada\u00a0em setembro de 2025).<\/span><span data-ccp-props=\"{&quot;134233117&quot;:false,&quot;134233118&quot;:false,&quot;201341983&quot;:0,&quot;335551550&quot;:6,&quot;335551620&quot;:6,&quot;335559738&quot;:210,&quot;335559739&quot;:210,&quot;335559740&quot;:360}\">\u00a0<\/span><\/p>\n<h4><b><span data-contrast=\"auto\">Posicionamento do MPC-PR<\/span><\/b><span data-ccp-props=\"{&quot;134233117&quot;:false,&quot;134233118&quot;:false,&quot;201341983&quot;:0,&quot;335551550&quot;:6,&quot;335551620&quot;:6,&quot;335559738&quot;:210,&quot;335559739&quot;:210,&quot;335559740&quot;:360}\">\u00a0<\/span><\/h4>\n<p><span data-contrast=\"auto\">O <a href=\"https:\/\/www.mpc.pr.gov.br\/wp-content\/uploads\/2026\/04\/PAR-52_26-PGC-itapejara.pdf\">Parecer Ministerial n\u00ba 52\/26<\/a>,\u00a0examinou o objeto tal como delimitado no despacho de admissibilidade \u2014 isto \u00e9, concentrando-se em dois pontos: (I) a aplicabilidade imediata da EC\u00a0n\u00ba\u00a0136\/2025 aos precat\u00f3rios j\u00e1 existentes e (II) a possibilidade de reserva de 1% da RCL para 2026, em tese, sem necessidade de elimina\u00e7\u00e3o pr\u00e9via do estoque, evitando ingressar em exame cont\u00e1bil espec\u00edfico do Munic\u00edpio.\u00a0<\/span><span data-ccp-props=\"{&quot;134233117&quot;:false,&quot;134233118&quot;:false,&quot;201341983&quot;:0,&quot;335551550&quot;:6,&quot;335551620&quot;:6,&quot;335559738&quot;:210,&quot;335559739&quot;:210,&quot;335559740&quot;:360}\">\u00a0<\/span><\/p>\n<p><span data-contrast=\"auto\">Na fundamenta\u00e7\u00e3o, o MPC-PR sustentou que a EC\u00a0n\u00ba\u00a0136\/2025 possui efic\u00e1cia imediata, pois seu artigo 9\u00ba determina vig\u00eancia na data da publica\u00e7\u00e3o, e que o alcance temporal foi explicitado pelo artigo 8\u00ba, ao estabelecer que a nova reda\u00e7\u00e3o do art. 100, \u00a723, da Constitui\u00e7\u00e3o aplica-se inclusive aos precat\u00f3rios inscritos at\u00e9 a data de promulga\u00e7\u00e3o. A partir dessa leitura, o parecer concluiu que a nova sistem\u00e1tica incide sobre o passivo j\u00e1 constitu\u00eddo, sem distin\u00e7\u00e3o pela data da senten\u00e7a ou do tr\u00e2nsito em julgado, e que eventual previs\u00e3o or\u00e7ament\u00e1ria anterior n\u00e3o impede a ado\u00e7\u00e3o imediata do novo regime, j\u00e1 que a supremacia da Constitui\u00e7\u00e3o autoriza os ajustes necess\u00e1rios mediante instrumentos de modifica\u00e7\u00e3o or\u00e7ament\u00e1ria.\u00a0<\/span><span data-ccp-props=\"{&quot;134233117&quot;:false,&quot;134233118&quot;:false,&quot;201341983&quot;:0,&quot;335551550&quot;:6,&quot;335551620&quot;:6,&quot;335559738&quot;:210,&quot;335559739&quot;:210,&quot;335559740&quot;:360}\">\u00a0<\/span><\/p>\n<p><span data-contrast=\"auto\">Para refor\u00e7ar a interpreta\u00e7\u00e3o, o MPC-PR citou o Provimento n\u00ba 207\/2025 do Conselho Nacional de Justi\u00e7a (CNJ), destacando que o normativo reconheceu a aplicabilidade imediata dos limites percentuais do art. 100, \u00a723, e admitiu a revis\u00e3o de planos de pagamento em curso, mediante requerimento do ente devedor, o que evidencia compatibilidade do novo regime com a readequa\u00e7\u00e3o de pr\u00e1ticas j\u00e1 em andamento.\u00a0<\/span><span data-ccp-props=\"{&quot;134233117&quot;:false,&quot;134233118&quot;:false,&quot;201341983&quot;:0,&quot;335551550&quot;:6,&quot;335551620&quot;:6,&quot;335559738&quot;:210,&quot;335559739&quot;:210,&quot;335559740&quot;:360}\">\u00a0<\/span><\/p>\n<p><span data-contrast=\"auto\">Quanto ao segundo ponto, o MPC-PR assinalou que a Emenda\u00a0Constitucional\u00a0em quest\u00e3o\u00a0n\u00e3o institui um \u201cteto discricion\u00e1rio\u201d escolhido pelo gestor, mas\u00a0sim\u00a0um crit\u00e9rio constitucional de enquadramento a partir da rela\u00e7\u00e3o entre\u00a0o\u00a0estoque de precat\u00f3rios em mora e\u00a0a\u00a0Receita Corrente L\u00edquida, com percentuais escalonados. Nessa l\u00f3gica, o\u00a0Parecer esclareceu que n\u00e3o \u00e9 condi\u00e7\u00e3o para aplica\u00e7\u00e3o do novo regime eliminar previamente o estoque existente; ao contr\u00e1rio, o desenho constitucional pressup\u00f5e a exist\u00eancia de passivo e disciplina sua\u00a0amortiza\u00e7\u00e3o gradual, inclusive com mecanismos que incentivam medidas de redu\u00e7\u00e3o do estoque sem convert\u00ea-las em requisito de \u201cquita\u00e7\u00e3o pr\u00e9via\u201d. Por isso, o MPC-PR prop\u00f4s, como respostas, que (I) a EC 136\/2025 se aplica aos precat\u00f3rios j\u00e1 existentes e,\u00a0(II) a ado\u00e7\u00e3o do regime n\u00e3o depende de elimina\u00e7\u00e3o pr\u00e9via do estoque, sendo poss\u00edvel a utiliza\u00e7\u00e3o imediata da sistem\u00e1tica do art. 100, \u00a723.\u00a0<\/span><span data-ccp-props=\"{&quot;134233117&quot;:false,&quot;134233118&quot;:false,&quot;201341983&quot;:0,&quot;335551550&quot;:6,&quot;335551620&quot;:6,&quot;335559685&quot;:0,&quot;335559737&quot;:0,&quot;335559738&quot;:210,&quot;335559739&quot;:210,&quot;335559740&quot;:360}\">\u00a0<\/span><\/p>\n<h4><b><span data-contrast=\"auto\">Decis\u00e3o pelo Tribunal Pleno<\/span><\/b><span data-ccp-props=\"{&quot;134233117&quot;:false,&quot;134233118&quot;:false,&quot;201341983&quot;:0,&quot;335551550&quot;:6,&quot;335551620&quot;:6,&quot;335559685&quot;:0,&quot;335559737&quot;:0,&quot;335559738&quot;:210,&quot;335559739&quot;:210,&quot;335559740&quot;:360}\">\u00a0<\/span><\/h4>\n<p><span data-contrast=\"auto\">Conforme fundamenta\u00e7\u00e3o contida no <a href=\"https:\/\/www.mpc.pr.gov.br\/wp-content\/uploads\/2026\/04\/ACO-730_26-STP-itapejara.pdf\">Ac\u00f3rd\u00e3o n\u00ba 730\/26<\/a>,\u00a0de Relatoria do\u00a0Conselheiro\u00a0Augustinho Zucchi,\u00a0adotou-se\u00a0integralmente a linha de entendimento do MPC-PR.\u00a0No voto,\u00a0registrou-se\u00a0que, apesar de haver ADI em tr\u00e2mite, sem liminar ou julgamento definitivo, o texto constitucional permanece v\u00e1lido e eficaz. Nesse sentido, em\u00a0resposta \u00e0 consulta,\u00a0as disposi\u00e7\u00f5es da EC\u00a0n\u00ba\u00a0136\/2025 aplicam-se aos precat\u00f3rios j\u00e1 existentes, em raz\u00e3o da efic\u00e1cia imediata do art. 9\u00ba e da determina\u00e7\u00e3o de aplica\u00e7\u00e3o aos precat\u00f3rios inscritos at\u00e9 a promulga\u00e7\u00e3o, prevista no art. 8\u00ba, ressaltando tamb\u00e9m que a exist\u00eancia de previs\u00e3o or\u00e7ament\u00e1ria anterior n\u00e3o constitui obst\u00e1culo \u00e0 ado\u00e7\u00e3o do novo regime, diante da supremacia normativa constitucional e da possibilidade de ajustes or\u00e7ament\u00e1rios previstos no direito financeiro.<\/span><span data-ccp-props=\"{&quot;134233117&quot;:false,&quot;134233118&quot;:false,&quot;201341983&quot;:0,&quot;335551550&quot;:6,&quot;335551620&quot;:6,&quot;335559738&quot;:210,&quot;335559739&quot;:210,&quot;335559740&quot;:360}\">\u00a0<\/span><\/p>\n<p><span data-contrast=\"auto\">No mesmo sentido, o ac\u00f3rd\u00e3o consignou que a ado\u00e7\u00e3o do regime institu\u00eddo pela EC 136\/2025 n\u00e3o est\u00e1 condicionada \u00e0 pr\u00e9via elimina\u00e7\u00e3o do estoque de precat\u00f3rios, reconhecendo como poss\u00edvel a aplica\u00e7\u00e3o imediata da sistem\u00e1tica do art. 100, \u00a723, e destacando expressamente, como elemento de refor\u00e7o argumentativo, a men\u00e7\u00e3o ao Provimento n\u00ba 207\/2025 do CNJ, que disciplina procedimentos imediatos relacionados ao pagamento de requisit\u00f3rios.\u00a0<\/span><span data-ccp-props=\"{&quot;134233117&quot;:false,&quot;134233118&quot;:false,&quot;201341983&quot;:0,&quot;335551550&quot;:6,&quot;335551620&quot;:6,&quot;335559738&quot;:210,&quot;335559739&quot;:210,&quot;335559740&quot;:360}\">\u00a0<\/span><\/p>\n<p><span data-contrast=\"auto\">Ao final, por unanimidade, o Tribunal Pleno conheceu da consulta e a respondeu nos\u00a0seguintes termos:<\/span><span data-ccp-props=\"{&quot;134233117&quot;:false,&quot;134233118&quot;:false,&quot;201341983&quot;:0,&quot;335551550&quot;:6,&quot;335551620&quot;:6,&quot;335559738&quot;:210,&quot;335559739&quot;:210,&quot;335559740&quot;:360}\">\u00a0<\/span><\/p>\n<p><b><span data-contrast=\"auto\">Questionamento 1)<\/span><\/b><span data-contrast=\"auto\">\u00a0O esclarecimento quanto \u00e0 aplicabilidade imediata da Emenda Constitucional n\u00ba 136\/2025 aos precat\u00f3rios j\u00e1 existentes.\u00a0<\/span><span data-ccp-props=\"{&quot;134233117&quot;:false,&quot;134233118&quot;:false,&quot;201341983&quot;:0,&quot;335551550&quot;:6,&quot;335551620&quot;:6,&quot;335559685&quot;:0,&quot;335559738&quot;:0,&quot;335559739&quot;:0,&quot;335559740&quot;:360}\">\u00a0<\/span><\/p>\n<p><span data-ccp-props=\"{&quot;134233117&quot;:false,&quot;134233118&quot;:false,&quot;201341983&quot;:0,&quot;335551550&quot;:6,&quot;335551620&quot;:6,&quot;335559685&quot;:0,&quot;335559738&quot;:0,&quot;335559739&quot;:0,&quot;335559740&quot;:360}\">\u00a0<\/span><span data-contrast=\"auto\">RESPOSTA: As disposi\u00e7\u00f5es da Emenda Constitucional n\u00ba 136\/25 aplicam-se aos precat\u00f3rios j\u00e1 existentes, em raz\u00e3o da efic\u00e1cia imediata conferida pela cl\u00e1usula de vig\u00eancia contida em seu artigo 9\u00ba e da expressa determina\u00e7\u00e3o de aplica\u00e7\u00e3o retroativa estabelecida em seu art. 8\u00ba. Tal entendimento \u00e9 refor\u00e7ado pelo teor do Provimento n\u00ba 207\/2025 expedido pelo Conselho Nacional de Justi\u00e7a, que estabeleceu procedimentos imediatos a serem adotadas especificamente sobre o pagamento de requisit\u00f3rios. Ressalta-se que a exist\u00eancia de previs\u00e3o or\u00e7ament\u00e1ria anterior n\u00e3o constitui obst\u00e1culo \u00e0 ado\u00e7\u00e3o imediata do novo regime, porquanto a\u00a0supremacia normativa constitucional imp\u00f5e-se sobre as disposi\u00e7\u00f5es or\u00e7ament\u00e1rias\u00a0infraconstitucionais, franqueando os ajustes necess\u00e1rios mediante instrumentos de\u00a0modifica\u00e7\u00e3o or\u00e7ament\u00e1ria previstos na legisla\u00e7\u00e3o regente do direito financeiro.<\/span><span data-ccp-props=\"{&quot;134233117&quot;:false,&quot;134233118&quot;:false,&quot;201341983&quot;:0,&quot;335551550&quot;:6,&quot;335551620&quot;:6,&quot;335559685&quot;:0,&quot;335559738&quot;:0,&quot;335559739&quot;:0,&quot;335559740&quot;:360}\">\u00a0<\/span><\/p>\n<p><span data-ccp-props=\"{&quot;134233117&quot;:false,&quot;134233118&quot;:false,&quot;201341983&quot;:0,&quot;335551550&quot;:6,&quot;335551620&quot;:6,&quot;335559685&quot;:0,&quot;335559738&quot;:0,&quot;335559739&quot;:0,&quot;335559740&quot;:360}\">\u00a0<\/span><b><span data-contrast=\"auto\">Questionamento 2)<\/span><\/b><span data-contrast=\"auto\">\u00a0A manifesta\u00e7\u00e3o quanto \u00e0 possibilidade de reserva de 1% da RCL\u00a0para 2026, conforme os valores apresentados, sem a necessidade de quita\u00e7\u00e3o\u00a0integral do estoque atual de precat\u00f3rios.\u00a0<\/span><span data-ccp-props=\"{&quot;134233117&quot;:false,&quot;134233118&quot;:false,&quot;201341983&quot;:0,&quot;335551550&quot;:6,&quot;335551620&quot;:6,&quot;335559685&quot;:0,&quot;335559738&quot;:0,&quot;335559739&quot;:0,&quot;335559740&quot;:360}\">\u00a0<\/span><\/p>\n<p><span data-ccp-props=\"{&quot;134233117&quot;:false,&quot;134233118&quot;:false,&quot;201341983&quot;:0,&quot;335551550&quot;:6,&quot;335551620&quot;:6,&quot;335559685&quot;:0,&quot;335559738&quot;:0,&quot;335559739&quot;:0,&quot;335559740&quot;:360}\">\u00a0<\/span><span data-contrast=\"auto\">RESPOSTA: A ado\u00e7\u00e3o do regime institu\u00eddo pela Emenda\u00a0Constitucional n\u00ba 136\/25 n\u00e3o est\u00e1 condicionada \u00e0 pr\u00e9via elimina\u00e7\u00e3o do estoque de\u00a0precat\u00f3rios existentes, revelando-se poss\u00edvel a imediata utiliza\u00e7\u00e3o da sistem\u00e1tica\u00a0fixada no art. 100, \u00a7 23 da CF\/88.<\/span><span data-ccp-props=\"{&quot;134233117&quot;:false,&quot;134233118&quot;:false,&quot;201341983&quot;:0,&quot;335551550&quot;:6,&quot;335551620&quot;:6,&quot;335559685&quot;:0,&quot;335559738&quot;:0,&quot;335559739&quot;:0,&quot;335559740&quot;:360}\">\u00a0<\/span><\/p>\n<h4><b><span data-contrast=\"auto\">A atua\u00e7\u00e3o do MPC-PR no aprimoramento da gest\u00e3o de precat\u00f3rios municipais<\/span><\/b><span data-ccp-props=\"{&quot;134233117&quot;:false,&quot;134233118&quot;:false,&quot;201341983&quot;:0,&quot;335551550&quot;:6,&quot;335551620&quot;:6,&quot;335559738&quot;:210,&quot;335559739&quot;:210,&quot;335559740&quot;:360}\">\u00a0<\/span><\/h4>\n<p><span data-contrast=\"auto\">O resultado do julgamento dialoga diretamente com a atua\u00e7\u00e3o institucional\u00a0em\u00a0que o MPC-PR vem desenvolvendo para qualificar a governan\u00e7a, o planejamento e a transpar\u00eancia na gest\u00e3o de precat\u00f3rios pelos munic\u00edpios paranaenses.\u00a0\u00a0Recentemente foi divulgada a publica\u00e7\u00e3o\u00a0do\u00a0<a href=\"https:\/\/www.mpc.pr.gov.br\/wp-content\/uploads\/2026\/04\/RT01.2026-Gestao-dos-Precatorios-Municipais.pdf\">Relat\u00f3rio T\u00e9cnico n\u00ba 01\/2026<\/a>, no \u00e2mbito do projeto especial dedicado ao acompanhamento da \u201cGest\u00e3o dos Precat\u00f3rios Municipais\u201d.\u00a0<\/span><span data-ccp-props=\"{&quot;134233117&quot;:false,&quot;134233118&quot;:false,&quot;201341983&quot;:0,&quot;335551550&quot;:6,&quot;335551620&quot;:6,&quot;335559738&quot;:210,&quot;335559739&quot;:210,&quot;335559740&quot;:360}\">\u00a0<\/span><\/p>\n<p><span data-contrast=\"auto\">O relat\u00f3rio enfatiza que os precat\u00f3rios, por serem d\u00edvidas judiciais com disciplina constitucional, exigem controle administrativo consistente\u00a0e\u00a0previs\u00e3o or\u00e7ament\u00e1ria adequada, al\u00e9m de transpar\u00eancia nos atos que que assegurem\u00a0o cumprimento das\u00a0regras do art. 100 da Constitui\u00e7\u00e3o, sob pena de riscos fiscais e responsabiliza\u00e7\u00e3o.\u00a0<\/span><span data-ccp-props=\"{&quot;134233117&quot;:false,&quot;134233118&quot;:false,&quot;201341983&quot;:0,&quot;335551550&quot;:6,&quot;335551620&quot;:6,&quot;335559685&quot;:0,&quot;335559737&quot;:0,&quot;335559738&quot;:210,&quot;335559739&quot;:210,&quot;335559740&quot;:360}\">\u00a0<\/span><\/p>\n<p><span data-contrast=\"auto\">Ao analisar o cen\u00e1rio estadual, o\u00a0estudo\u00a0apontou que a d\u00edvida total de precat\u00f3rios dos\u00a0Munic\u00edpios alcan\u00e7ou R$ 2,27 bilh\u00f5es em 31 de dezembro de 2025, e que, embora haja evolu\u00e7\u00e3o no percentual de quita\u00e7\u00e3o, persistem atrasos relevantes, sobretudo entre entes no regime especial. O documento tamb\u00e9m identificou fragilidades como aus\u00eancia de controles administrativos pr\u00f3prios em parcela significativa dos munic\u00edpios e falhas recorrentes na instru\u00e7\u00e3o e an\u00e1lise t\u00e9cnica do processo legislativo-or\u00e7ament\u00e1rio.<\/span><span data-ccp-props=\"{&quot;134233117&quot;:false,&quot;134233118&quot;:false,&quot;201341983&quot;:0,&quot;335551550&quot;:6,&quot;335551620&quot;:6,&quot;335559685&quot;:0,&quot;335559737&quot;:0,&quot;335559738&quot;:210,&quot;335559739&quot;:210,&quot;335559740&quot;:360}\">\u00a0<\/span><\/p>\n<p><span data-contrast=\"auto\">Nesse contexto, o entendimento firmado pelo TCE-PR na Consulta de Itapejara d\u2019Oeste refor\u00e7a um ponto central do projeto do MPC-PR: mudan\u00e7as constitucionais relevantes, como as introduzidas pela EC 136\/2025, exigem dos munic\u00edpios capacidade de resposta institucional imediata, com ajustes de planejamento e de execu\u00e7\u00e3o financeira compat\u00edveis com o regime vigente, sem que isso dependa de \u201czerar\u201d passivos previamente existentes.\u00a0<\/span><span data-ccp-props=\"{&quot;134233117&quot;:false,&quot;134233118&quot;:false,&quot;201341983&quot;:0,&quot;335551550&quot;:6,&quot;335551620&quot;:6,&quot;335559738&quot;:210,&quot;335559739&quot;:210,&quot;335559740&quot;:360}\">\u00a0<\/span><\/p>\n<blockquote><p><span style=\"color: #820007;\"><strong><u>Informa\u00e7\u00e3o para consulta processual<\/u><\/strong><\/span><\/p>\n<table style=\"height: 183px;\" border=\"0\" width=\"478\" cellspacing=\"0\" cellpadding=\"0\">\n<tbody>\n<tr>\n<td><strong>Processo n\u00ba<\/strong>:<\/td>\n<td>726790\/25<\/td>\n<\/tr>\n<tr>\n<td><strong>Ac\u00f3rd\u00e3o n\u00ba<\/strong>:<\/td>\n<td><span class=\"TextRun SCXW44987904 BCX0\" lang=\"PT-BR\" xml:lang=\"PT-BR\" data-contrast=\"auto\"><span class=\"NormalTextRun SCXW44987904 BCX0\"><span class=\"TextRun SCXW122174835 BCX0\" lang=\"PT-PT\" xml:lang=\"PT-PT\" data-contrast=\"auto\"><span class=\"NormalTextRun SCXW122174835 BCX0\">730\/26<\/span><\/span><\/span><\/span><\/td>\n<\/tr>\n<tr>\n<td><strong>Assunto<\/strong>:<\/td>\n<td>Consulta<\/td>\n<\/tr>\n<tr>\n<td><strong>Interessado<\/strong>:<\/td>\n<td><span class=\"NormalTextRun SCXW187976841 BCX0\">Munic\u00edpio de Itapejara Do Oeste<\/span><\/td>\n<\/tr>\n<tr>\n<td><strong>Relator<\/strong>:<\/td>\n<td><span class=\"TextRun SCXW259496958 BCX0\" lang=\"PT-BR\" xml:lang=\"PT-BR\" data-contrast=\"auto\"><span class=\"NormalTextRun SCXW259496958 BCX0\">Conselheiro Augustinho Zucchi<\/span><\/span><\/td>\n<\/tr>\n<\/tbody>\n<\/table>\n<\/blockquote>\n","protected":false},"excerpt":{"rendered":"<p>O Tribunal de Contas do Estado do Paran\u00e1 (TCE-PR), ao julgar a Consulta n\u00ba 726790\/25, formulada pelo Munic\u00edpio de Itapejara d\u2019Oeste, fixou entendimento sobre a aplica\u00e7\u00e3o imediata das regras introduzidas pela Emenda Constitucional n\u00ba 136\/2025 no regime de pagamento de precat\u00f3rios. A decis\u00e3o foi formalizada no Ac\u00f3rd\u00e3o n\u00ba 730\/26 do\u00a0Tribunal Pleno, de relatoria do Conselheiro [&hellip;]<\/p>\n","protected":false},"author":1,"featured_media":25728,"comment_status":"open","ping_status":"open","sticky":false,"template":"","format":"standard","meta":{"_monsterinsights_skip_tracking":false,"_monsterinsights_sitenote_active":false,"_monsterinsights_sitenote_note":"","_monsterinsights_sitenote_category":0,"footnotes":""},"categories":[2,7],"tags":[197,944,878,13,649,39,71],"class_list":["post-25726","post","type-post","status-publish","format-standard","has-post-thumbnail","hentry","category-destaques","category-todas-as-noticias","tag-consulta","tag-emenda-constitucional-136-2025","tag-itapejara-do-oeste","tag-mpc-pr","tag-precatorios","tag-tce-pr","tag-tribunal-pleno","entry","has-media"],"yoast_head":"<!-- This site is optimized with the Yoast SEO plugin v27.3 - https:\/\/yoast.com\/product\/yoast-seo-wordpress\/ -->\n<title>TCE-PR acolhe integralmente parecer do MPC-PR em consulta sobre aplica\u00e7\u00e3o da EC 136\/2025 no pagamento de precat\u00f3rios - Minist\u00e9rio P\u00fablico de Contas do Estado do Paran\u00e1<\/title>\n<meta name=\"robots\" content=\"index, follow, max-snippet:-1, max-image-preview:large, max-video-preview:-1\" \/>\n<link rel=\"canonical\" href=\"https:\/\/www.mpc.pr.gov.br\/index.php\/tce-pr-acolhe-integralmente-parecer-do-mpc-pr-em-consulta-sobre-aplicacao-da-ec-136-2025-no-pagamento-de-precatorios\/\" \/>\n<meta property=\"og:locale\" content=\"pt_BR\" \/>\n<meta property=\"og:type\" content=\"article\" \/>\n<meta property=\"og:title\" content=\"TCE-PR acolhe integralmente parecer do MPC-PR em consulta sobre aplica\u00e7\u00e3o da EC 136\/2025 no pagamento de precat\u00f3rios - Minist\u00e9rio P\u00fablico de Contas do Estado do Paran\u00e1\" \/>\n<meta property=\"og:description\" content=\"O Tribunal de Contas do Estado do Paran\u00e1 (TCE-PR), ao julgar a Consulta n\u00ba 726790\/25, formulada pelo Munic\u00edpio de Itapejara d\u2019Oeste, fixou entendimento sobre a aplica\u00e7\u00e3o imediata das regras introduzidas pela Emenda Constitucional n\u00ba 136\/2025 no regime de pagamento de precat\u00f3rios. A decis\u00e3o foi formalizada no Ac\u00f3rd\u00e3o n\u00ba 730\/26 do\u00a0Tribunal Pleno, de relatoria do Conselheiro [&hellip;]\" \/>\n<meta property=\"og:url\" content=\"https:\/\/www.mpc.pr.gov.br\/index.php\/tce-pr-acolhe-integralmente-parecer-do-mpc-pr-em-consulta-sobre-aplicacao-da-ec-136-2025-no-pagamento-de-precatorios\/\" \/>\n<meta property=\"og:site_name\" content=\"Minist\u00e9rio P\u00fablico de Contas do Estado do Paran\u00e1\" \/>\n<meta property=\"article:publisher\" content=\"https:\/\/www.facebook.com\/mpc.pr\" \/>\n<meta property=\"article:published_time\" content=\"2026-04-28T17:19:00+00:00\" \/>\n<meta property=\"og:image\" content=\"https:\/\/www.mpc.pr.gov.br\/wp-content\/uploads\/2026\/04\/PHOTO-2024-10-11-09-45-25-2prefeitura.jpg\" \/>\n\t<meta property=\"og:image:width\" content=\"1170\" \/>\n\t<meta property=\"og:image:height\" content=\"658\" \/>\n\t<meta property=\"og:image:type\" content=\"image\/jpeg\" \/>\n<meta name=\"author\" content=\"mpcontaspr\" \/>\n<meta name=\"twitter:card\" content=\"summary_large_image\" \/>\n<meta name=\"twitter:label1\" content=\"Escrito por\" \/>\n\t<meta name=\"twitter:data1\" content=\"mpcontaspr\" \/>\n\t<meta name=\"twitter:label2\" content=\"Est. tempo de leitura\" \/>\n\t<meta name=\"twitter:data2\" content=\"10 minutos\" \/>\n<script type=\"application\/ld+json\" class=\"yoast-schema-graph\">{\"@context\":\"https:\\\/\\\/schema.org\",\"@graph\":[{\"@type\":\"Article\",\"@id\":\"https:\\\/\\\/www.mpc.pr.gov.br\\\/index.php\\\/tce-pr-acolhe-integralmente-parecer-do-mpc-pr-em-consulta-sobre-aplicacao-da-ec-136-2025-no-pagamento-de-precatorios\\\/#article\",\"isPartOf\":{\"@id\":\"https:\\\/\\\/www.mpc.pr.gov.br\\\/index.php\\\/tce-pr-acolhe-integralmente-parecer-do-mpc-pr-em-consulta-sobre-aplicacao-da-ec-136-2025-no-pagamento-de-precatorios\\\/\"},\"author\":{\"name\":\"mpcontaspr\",\"@id\":\"https:\\\/\\\/www.mpc.pr.gov.br\\\/#\\\/schema\\\/person\\\/2d83cb8980538d0ec174e8a6284f5e11\"},\"headline\":\"TCE-PR acolhe integralmente parecer do MPC-PR em consulta sobre aplica\u00e7\u00e3o da EC 136\\\/2025 no pagamento de precat\u00f3rios\",\"datePublished\":\"2026-04-28T17:19:00+00:00\",\"mainEntityOfPage\":{\"@id\":\"https:\\\/\\\/www.mpc.pr.gov.br\\\/index.php\\\/tce-pr-acolhe-integralmente-parecer-do-mpc-pr-em-consulta-sobre-aplicacao-da-ec-136-2025-no-pagamento-de-precatorios\\\/\"},\"wordCount\":1898,\"commentCount\":0,\"publisher\":{\"@id\":\"https:\\\/\\\/www.mpc.pr.gov.br\\\/#organization\"},\"image\":{\"@id\":\"https:\\\/\\\/www.mpc.pr.gov.br\\\/index.php\\\/tce-pr-acolhe-integralmente-parecer-do-mpc-pr-em-consulta-sobre-aplicacao-da-ec-136-2025-no-pagamento-de-precatorios\\\/#primaryimage\"},\"thumbnailUrl\":\"https:\\\/\\\/www.mpc.pr.gov.br\\\/wp-content\\\/uploads\\\/2026\\\/04\\\/PHOTO-2024-10-11-09-45-25-2prefeitura.jpg\",\"keywords\":[\"Consulta\",\"Emenda Constitucional 136\\\/2025\",\"Itapejara Do Oeste\",\"MPC-PR\",\"Precat\u00f3rios\",\"TCE-PR\",\"Tribunal Pleno\"],\"articleSection\":[\"Destaques\",\"Todas as not\u00edcias\"],\"inLanguage\":\"pt-BR\",\"potentialAction\":[{\"@type\":\"CommentAction\",\"name\":\"Comment\",\"target\":[\"https:\\\/\\\/www.mpc.pr.gov.br\\\/index.php\\\/tce-pr-acolhe-integralmente-parecer-do-mpc-pr-em-consulta-sobre-aplicacao-da-ec-136-2025-no-pagamento-de-precatorios\\\/#respond\"]}]},{\"@type\":\"WebPage\",\"@id\":\"https:\\\/\\\/www.mpc.pr.gov.br\\\/index.php\\\/tce-pr-acolhe-integralmente-parecer-do-mpc-pr-em-consulta-sobre-aplicacao-da-ec-136-2025-no-pagamento-de-precatorios\\\/\",\"url\":\"https:\\\/\\\/www.mpc.pr.gov.br\\\/index.php\\\/tce-pr-acolhe-integralmente-parecer-do-mpc-pr-em-consulta-sobre-aplicacao-da-ec-136-2025-no-pagamento-de-precatorios\\\/\",\"name\":\"TCE-PR acolhe integralmente parecer do MPC-PR em consulta sobre aplica\u00e7\u00e3o da EC 136\\\/2025 no pagamento de precat\u00f3rios - Minist\u00e9rio P\u00fablico de Contas do Estado do Paran\u00e1\",\"isPartOf\":{\"@id\":\"https:\\\/\\\/www.mpc.pr.gov.br\\\/#website\"},\"primaryImageOfPage\":{\"@id\":\"https:\\\/\\\/www.mpc.pr.gov.br\\\/index.php\\\/tce-pr-acolhe-integralmente-parecer-do-mpc-pr-em-consulta-sobre-aplicacao-da-ec-136-2025-no-pagamento-de-precatorios\\\/#primaryimage\"},\"image\":{\"@id\":\"https:\\\/\\\/www.mpc.pr.gov.br\\\/index.php\\\/tce-pr-acolhe-integralmente-parecer-do-mpc-pr-em-consulta-sobre-aplicacao-da-ec-136-2025-no-pagamento-de-precatorios\\\/#primaryimage\"},\"thumbnailUrl\":\"https:\\\/\\\/www.mpc.pr.gov.br\\\/wp-content\\\/uploads\\\/2026\\\/04\\\/PHOTO-2024-10-11-09-45-25-2prefeitura.jpg\",\"datePublished\":\"2026-04-28T17:19:00+00:00\",\"breadcrumb\":{\"@id\":\"https:\\\/\\\/www.mpc.pr.gov.br\\\/index.php\\\/tce-pr-acolhe-integralmente-parecer-do-mpc-pr-em-consulta-sobre-aplicacao-da-ec-136-2025-no-pagamento-de-precatorios\\\/#breadcrumb\"},\"inLanguage\":\"pt-BR\",\"potentialAction\":[{\"@type\":\"ReadAction\",\"target\":[\"https:\\\/\\\/www.mpc.pr.gov.br\\\/index.php\\\/tce-pr-acolhe-integralmente-parecer-do-mpc-pr-em-consulta-sobre-aplicacao-da-ec-136-2025-no-pagamento-de-precatorios\\\/\"]}]},{\"@type\":\"ImageObject\",\"inLanguage\":\"pt-BR\",\"@id\":\"https:\\\/\\\/www.mpc.pr.gov.br\\\/index.php\\\/tce-pr-acolhe-integralmente-parecer-do-mpc-pr-em-consulta-sobre-aplicacao-da-ec-136-2025-no-pagamento-de-precatorios\\\/#primaryimage\",\"url\":\"https:\\\/\\\/www.mpc.pr.gov.br\\\/wp-content\\\/uploads\\\/2026\\\/04\\\/PHOTO-2024-10-11-09-45-25-2prefeitura.jpg\",\"contentUrl\":\"https:\\\/\\\/www.mpc.pr.gov.br\\\/wp-content\\\/uploads\\\/2026\\\/04\\\/PHOTO-2024-10-11-09-45-25-2prefeitura.jpg\",\"width\":1170,\"height\":658,\"caption\":\"Vis\u00e3o a\u00e9rea do Munic\u00edpio de Itapejara Do Oeste, localizado na regi\u00e3o Sudoeste do Estado do Paran\u00e1. Foto: Prefeitura Municipal.\"},{\"@type\":\"BreadcrumbList\",\"@id\":\"https:\\\/\\\/www.mpc.pr.gov.br\\\/index.php\\\/tce-pr-acolhe-integralmente-parecer-do-mpc-pr-em-consulta-sobre-aplicacao-da-ec-136-2025-no-pagamento-de-precatorios\\\/#breadcrumb\",\"itemListElement\":[{\"@type\":\"ListItem\",\"position\":1,\"name\":\"In\u00edcio\",\"item\":\"https:\\\/\\\/www.mpc.pr.gov.br\\\/\"},{\"@type\":\"ListItem\",\"position\":2,\"name\":\"TCE-PR acolhe integralmente parecer do MPC-PR em consulta sobre aplica\u00e7\u00e3o da EC 136\\\/2025 no pagamento de precat\u00f3rios\"}]},{\"@type\":\"WebSite\",\"@id\":\"https:\\\/\\\/www.mpc.pr.gov.br\\\/#website\",\"url\":\"https:\\\/\\\/www.mpc.pr.gov.br\\\/\",\"name\":\"Minist\u00e9rio P\u00fablico de Contas do Estado do Paran\u00e1\",\"description\":\"\",\"publisher\":{\"@id\":\"https:\\\/\\\/www.mpc.pr.gov.br\\\/#organization\"},\"potentialAction\":[{\"@type\":\"SearchAction\",\"target\":{\"@type\":\"EntryPoint\",\"urlTemplate\":\"https:\\\/\\\/www.mpc.pr.gov.br\\\/?s={search_term_string}\"},\"query-input\":{\"@type\":\"PropertyValueSpecification\",\"valueRequired\":true,\"valueName\":\"search_term_string\"}}],\"inLanguage\":\"pt-BR\"},{\"@type\":\"Organization\",\"@id\":\"https:\\\/\\\/www.mpc.pr.gov.br\\\/#organization\",\"name\":\"Minist\u00e9rio P\u00fablico de Contas do Estado do Paran\u00e1\",\"url\":\"https:\\\/\\\/www.mpc.pr.gov.br\\\/\",\"logo\":{\"@type\":\"ImageObject\",\"inLanguage\":\"pt-BR\",\"@id\":\"https:\\\/\\\/www.mpc.pr.gov.br\\\/#\\\/schema\\\/logo\\\/image\\\/\",\"url\":\"https:\\\/\\\/www.mpc.pr.gov.br\\\/wp-content\\\/uploads\\\/2020\\\/06\\\/99423647_1593460364143890_6706793420720963584_n-1-e1591387983167.png\",\"contentUrl\":\"https:\\\/\\\/www.mpc.pr.gov.br\\\/wp-content\\\/uploads\\\/2020\\\/06\\\/99423647_1593460364143890_6706793420720963584_n-1-e1591387983167.png\",\"width\":243,\"height\":73,\"caption\":\"Minist\u00e9rio P\u00fablico de Contas do Estado do Paran\u00e1\"},\"image\":{\"@id\":\"https:\\\/\\\/www.mpc.pr.gov.br\\\/#\\\/schema\\\/logo\\\/image\\\/\"},\"sameAs\":[\"https:\\\/\\\/www.facebook.com\\\/mpc.pr\",\"https:\\\/\\\/www.instagram.com\\\/mpc.pr\\\/?hl=pt-br\",\"https:\\\/\\\/www.youtube.com\\\/channel\\\/UCHri5oEM8DV0ztX57E0sBSw\"]},{\"@type\":\"Person\",\"@id\":\"https:\\\/\\\/www.mpc.pr.gov.br\\\/#\\\/schema\\\/person\\\/2d83cb8980538d0ec174e8a6284f5e11\",\"name\":\"mpcontaspr\",\"image\":{\"@type\":\"ImageObject\",\"inLanguage\":\"pt-BR\",\"@id\":\"https:\\\/\\\/secure.gravatar.com\\\/avatar\\\/1aef51541db7622e05fd639336c9c9f312c2a618396e2b6ca96846362fc5403f?s=96&d=mm&r=g\",\"url\":\"https:\\\/\\\/secure.gravatar.com\\\/avatar\\\/1aef51541db7622e05fd639336c9c9f312c2a618396e2b6ca96846362fc5403f?s=96&d=mm&r=g\",\"contentUrl\":\"https:\\\/\\\/secure.gravatar.com\\\/avatar\\\/1aef51541db7622e05fd639336c9c9f312c2a618396e2b6ca96846362fc5403f?s=96&d=mm&r=g\",\"caption\":\"mpcontaspr\"},\"sameAs\":[\"http:\\\/\\\/www.mpc.pr.gov.br\"]}]}<\/script>\n<!-- \/ Yoast SEO plugin. -->","yoast_head_json":{"title":"TCE-PR acolhe integralmente parecer do MPC-PR em consulta sobre aplica\u00e7\u00e3o da EC 136\/2025 no pagamento de precat\u00f3rios - Minist\u00e9rio P\u00fablico de Contas do Estado do Paran\u00e1","robots":{"index":"index","follow":"follow","max-snippet":"max-snippet:-1","max-image-preview":"max-image-preview:large","max-video-preview":"max-video-preview:-1"},"canonical":"https:\/\/www.mpc.pr.gov.br\/index.php\/tce-pr-acolhe-integralmente-parecer-do-mpc-pr-em-consulta-sobre-aplicacao-da-ec-136-2025-no-pagamento-de-precatorios\/","og_locale":"pt_BR","og_type":"article","og_title":"TCE-PR acolhe integralmente parecer do MPC-PR em consulta sobre aplica\u00e7\u00e3o da EC 136\/2025 no pagamento de precat\u00f3rios - Minist\u00e9rio P\u00fablico de Contas do Estado do Paran\u00e1","og_description":"O Tribunal de Contas do Estado do Paran\u00e1 (TCE-PR), ao julgar a Consulta n\u00ba 726790\/25, formulada pelo Munic\u00edpio de Itapejara d\u2019Oeste, fixou entendimento sobre a aplica\u00e7\u00e3o imediata das regras introduzidas pela Emenda Constitucional n\u00ba 136\/2025 no regime de pagamento de precat\u00f3rios. A decis\u00e3o foi formalizada no Ac\u00f3rd\u00e3o n\u00ba 730\/26 do\u00a0Tribunal Pleno, de relatoria do Conselheiro [&hellip;]","og_url":"https:\/\/www.mpc.pr.gov.br\/index.php\/tce-pr-acolhe-integralmente-parecer-do-mpc-pr-em-consulta-sobre-aplicacao-da-ec-136-2025-no-pagamento-de-precatorios\/","og_site_name":"Minist\u00e9rio P\u00fablico de Contas do Estado do Paran\u00e1","article_publisher":"https:\/\/www.facebook.com\/mpc.pr","article_published_time":"2026-04-28T17:19:00+00:00","og_image":[{"width":1170,"height":658,"url":"https:\/\/www.mpc.pr.gov.br\/wp-content\/uploads\/2026\/04\/PHOTO-2024-10-11-09-45-25-2prefeitura.jpg","type":"image\/jpeg"}],"author":"mpcontaspr","twitter_card":"summary_large_image","twitter_misc":{"Escrito por":"mpcontaspr","Est. tempo de leitura":"10 minutos"},"schema":{"@context":"https:\/\/schema.org","@graph":[{"@type":"Article","@id":"https:\/\/www.mpc.pr.gov.br\/index.php\/tce-pr-acolhe-integralmente-parecer-do-mpc-pr-em-consulta-sobre-aplicacao-da-ec-136-2025-no-pagamento-de-precatorios\/#article","isPartOf":{"@id":"https:\/\/www.mpc.pr.gov.br\/index.php\/tce-pr-acolhe-integralmente-parecer-do-mpc-pr-em-consulta-sobre-aplicacao-da-ec-136-2025-no-pagamento-de-precatorios\/"},"author":{"name":"mpcontaspr","@id":"https:\/\/www.mpc.pr.gov.br\/#\/schema\/person\/2d83cb8980538d0ec174e8a6284f5e11"},"headline":"TCE-PR acolhe integralmente parecer do MPC-PR em consulta sobre aplica\u00e7\u00e3o da EC 136\/2025 no pagamento de precat\u00f3rios","datePublished":"2026-04-28T17:19:00+00:00","mainEntityOfPage":{"@id":"https:\/\/www.mpc.pr.gov.br\/index.php\/tce-pr-acolhe-integralmente-parecer-do-mpc-pr-em-consulta-sobre-aplicacao-da-ec-136-2025-no-pagamento-de-precatorios\/"},"wordCount":1898,"commentCount":0,"publisher":{"@id":"https:\/\/www.mpc.pr.gov.br\/#organization"},"image":{"@id":"https:\/\/www.mpc.pr.gov.br\/index.php\/tce-pr-acolhe-integralmente-parecer-do-mpc-pr-em-consulta-sobre-aplicacao-da-ec-136-2025-no-pagamento-de-precatorios\/#primaryimage"},"thumbnailUrl":"https:\/\/www.mpc.pr.gov.br\/wp-content\/uploads\/2026\/04\/PHOTO-2024-10-11-09-45-25-2prefeitura.jpg","keywords":["Consulta","Emenda Constitucional 136\/2025","Itapejara Do Oeste","MPC-PR","Precat\u00f3rios","TCE-PR","Tribunal Pleno"],"articleSection":["Destaques","Todas as not\u00edcias"],"inLanguage":"pt-BR","potentialAction":[{"@type":"CommentAction","name":"Comment","target":["https:\/\/www.mpc.pr.gov.br\/index.php\/tce-pr-acolhe-integralmente-parecer-do-mpc-pr-em-consulta-sobre-aplicacao-da-ec-136-2025-no-pagamento-de-precatorios\/#respond"]}]},{"@type":"WebPage","@id":"https:\/\/www.mpc.pr.gov.br\/index.php\/tce-pr-acolhe-integralmente-parecer-do-mpc-pr-em-consulta-sobre-aplicacao-da-ec-136-2025-no-pagamento-de-precatorios\/","url":"https:\/\/www.mpc.pr.gov.br\/index.php\/tce-pr-acolhe-integralmente-parecer-do-mpc-pr-em-consulta-sobre-aplicacao-da-ec-136-2025-no-pagamento-de-precatorios\/","name":"TCE-PR acolhe integralmente parecer do MPC-PR em consulta sobre aplica\u00e7\u00e3o da EC 136\/2025 no pagamento de precat\u00f3rios - Minist\u00e9rio P\u00fablico de Contas do Estado do Paran\u00e1","isPartOf":{"@id":"https:\/\/www.mpc.pr.gov.br\/#website"},"primaryImageOfPage":{"@id":"https:\/\/www.mpc.pr.gov.br\/index.php\/tce-pr-acolhe-integralmente-parecer-do-mpc-pr-em-consulta-sobre-aplicacao-da-ec-136-2025-no-pagamento-de-precatorios\/#primaryimage"},"image":{"@id":"https:\/\/www.mpc.pr.gov.br\/index.php\/tce-pr-acolhe-integralmente-parecer-do-mpc-pr-em-consulta-sobre-aplicacao-da-ec-136-2025-no-pagamento-de-precatorios\/#primaryimage"},"thumbnailUrl":"https:\/\/www.mpc.pr.gov.br\/wp-content\/uploads\/2026\/04\/PHOTO-2024-10-11-09-45-25-2prefeitura.jpg","datePublished":"2026-04-28T17:19:00+00:00","breadcrumb":{"@id":"https:\/\/www.mpc.pr.gov.br\/index.php\/tce-pr-acolhe-integralmente-parecer-do-mpc-pr-em-consulta-sobre-aplicacao-da-ec-136-2025-no-pagamento-de-precatorios\/#breadcrumb"},"inLanguage":"pt-BR","potentialAction":[{"@type":"ReadAction","target":["https:\/\/www.mpc.pr.gov.br\/index.php\/tce-pr-acolhe-integralmente-parecer-do-mpc-pr-em-consulta-sobre-aplicacao-da-ec-136-2025-no-pagamento-de-precatorios\/"]}]},{"@type":"ImageObject","inLanguage":"pt-BR","@id":"https:\/\/www.mpc.pr.gov.br\/index.php\/tce-pr-acolhe-integralmente-parecer-do-mpc-pr-em-consulta-sobre-aplicacao-da-ec-136-2025-no-pagamento-de-precatorios\/#primaryimage","url":"https:\/\/www.mpc.pr.gov.br\/wp-content\/uploads\/2026\/04\/PHOTO-2024-10-11-09-45-25-2prefeitura.jpg","contentUrl":"https:\/\/www.mpc.pr.gov.br\/wp-content\/uploads\/2026\/04\/PHOTO-2024-10-11-09-45-25-2prefeitura.jpg","width":1170,"height":658,"caption":"Vis\u00e3o a\u00e9rea do Munic\u00edpio de Itapejara Do Oeste, localizado na regi\u00e3o Sudoeste do Estado do Paran\u00e1. Foto: Prefeitura Municipal."},{"@type":"BreadcrumbList","@id":"https:\/\/www.mpc.pr.gov.br\/index.php\/tce-pr-acolhe-integralmente-parecer-do-mpc-pr-em-consulta-sobre-aplicacao-da-ec-136-2025-no-pagamento-de-precatorios\/#breadcrumb","itemListElement":[{"@type":"ListItem","position":1,"name":"In\u00edcio","item":"https:\/\/www.mpc.pr.gov.br\/"},{"@type":"ListItem","position":2,"name":"TCE-PR acolhe integralmente parecer do MPC-PR em consulta sobre aplica\u00e7\u00e3o da EC 136\/2025 no pagamento de precat\u00f3rios"}]},{"@type":"WebSite","@id":"https:\/\/www.mpc.pr.gov.br\/#website","url":"https:\/\/www.mpc.pr.gov.br\/","name":"Minist\u00e9rio P\u00fablico de Contas do Estado do Paran\u00e1","description":"","publisher":{"@id":"https:\/\/www.mpc.pr.gov.br\/#organization"},"potentialAction":[{"@type":"SearchAction","target":{"@type":"EntryPoint","urlTemplate":"https:\/\/www.mpc.pr.gov.br\/?s={search_term_string}"},"query-input":{"@type":"PropertyValueSpecification","valueRequired":true,"valueName":"search_term_string"}}],"inLanguage":"pt-BR"},{"@type":"Organization","@id":"https:\/\/www.mpc.pr.gov.br\/#organization","name":"Minist\u00e9rio P\u00fablico de Contas do Estado do Paran\u00e1","url":"https:\/\/www.mpc.pr.gov.br\/","logo":{"@type":"ImageObject","inLanguage":"pt-BR","@id":"https:\/\/www.mpc.pr.gov.br\/#\/schema\/logo\/image\/","url":"https:\/\/www.mpc.pr.gov.br\/wp-content\/uploads\/2020\/06\/99423647_1593460364143890_6706793420720963584_n-1-e1591387983167.png","contentUrl":"https:\/\/www.mpc.pr.gov.br\/wp-content\/uploads\/2020\/06\/99423647_1593460364143890_6706793420720963584_n-1-e1591387983167.png","width":243,"height":73,"caption":"Minist\u00e9rio P\u00fablico de Contas do Estado do Paran\u00e1"},"image":{"@id":"https:\/\/www.mpc.pr.gov.br\/#\/schema\/logo\/image\/"},"sameAs":["https:\/\/www.facebook.com\/mpc.pr","https:\/\/www.instagram.com\/mpc.pr\/?hl=pt-br","https:\/\/www.youtube.com\/channel\/UCHri5oEM8DV0ztX57E0sBSw"]},{"@type":"Person","@id":"https:\/\/www.mpc.pr.gov.br\/#\/schema\/person\/2d83cb8980538d0ec174e8a6284f5e11","name":"mpcontaspr","image":{"@type":"ImageObject","inLanguage":"pt-BR","@id":"https:\/\/secure.gravatar.com\/avatar\/1aef51541db7622e05fd639336c9c9f312c2a618396e2b6ca96846362fc5403f?s=96&d=mm&r=g","url":"https:\/\/secure.gravatar.com\/avatar\/1aef51541db7622e05fd639336c9c9f312c2a618396e2b6ca96846362fc5403f?s=96&d=mm&r=g","contentUrl":"https:\/\/secure.gravatar.com\/avatar\/1aef51541db7622e05fd639336c9c9f312c2a618396e2b6ca96846362fc5403f?s=96&d=mm&r=g","caption":"mpcontaspr"},"sameAs":["http:\/\/www.mpc.pr.gov.br"]}]}},"rttpg_featured_image_url":{"full":["https:\/\/www.mpc.pr.gov.br\/wp-content\/uploads\/2026\/04\/PHOTO-2024-10-11-09-45-25-2prefeitura.jpg",1170,658,false],"landscape":["https:\/\/www.mpc.pr.gov.br\/wp-content\/uploads\/2026\/04\/PHOTO-2024-10-11-09-45-25-2prefeitura.jpg",1170,658,false],"portraits":["https:\/\/www.mpc.pr.gov.br\/wp-content\/uploads\/2026\/04\/PHOTO-2024-10-11-09-45-25-2prefeitura.jpg",1170,658,false],"thumbnail":["https:\/\/www.mpc.pr.gov.br\/wp-content\/uploads\/2026\/04\/PHOTO-2024-10-11-09-45-25-2prefeitura-150x150.jpg",150,150,true],"medium":["https:\/\/www.mpc.pr.gov.br\/wp-content\/uploads\/2026\/04\/PHOTO-2024-10-11-09-45-25-2prefeitura-300x169.jpg",300,169,true],"large":["https:\/\/www.mpc.pr.gov.br\/wp-content\/uploads\/2026\/04\/PHOTO-2024-10-11-09-45-25-2prefeitura-1024x576.jpg",1024,576,true],"1536x1536":["https:\/\/www.mpc.pr.gov.br\/wp-content\/uploads\/2026\/04\/PHOTO-2024-10-11-09-45-25-2prefeitura.jpg",1170,658,false],"2048x2048":["https:\/\/www.mpc.pr.gov.br\/wp-content\/uploads\/2026\/04\/PHOTO-2024-10-11-09-45-25-2prefeitura.jpg",1170,658,false],"ocean-thumb-m":["https:\/\/www.mpc.pr.gov.br\/wp-content\/uploads\/2026\/04\/PHOTO-2024-10-11-09-45-25-2prefeitura-600x600.jpg",600,600,true],"ocean-thumb-ml":["https:\/\/www.mpc.pr.gov.br\/wp-content\/uploads\/2026\/04\/PHOTO-2024-10-11-09-45-25-2prefeitura-800x450.jpg",800,450,true],"ocean-thumb-l":["https:\/\/www.mpc.pr.gov.br\/wp-content\/uploads\/2026\/04\/PHOTO-2024-10-11-09-45-25-2prefeitura.jpg",1170,658,false]},"rttpg_author":{"display_name":"mpcontaspr","author_link":"https:\/\/www.mpc.pr.gov.br\/index.php\/author\/mpcontaspr\/"},"rttpg_comment":0,"rttpg_category":"<a href=\"https:\/\/www.mpc.pr.gov.br\/index.php\/category\/destaques\/\" rel=\"category tag\">Destaques<\/a> <a href=\"https:\/\/www.mpc.pr.gov.br\/index.php\/category\/todas-as-noticias\/\" rel=\"category tag\">Todas as not\u00edcias<\/a>","rttpg_excerpt":"O Tribunal de Contas do Estado do Paran\u00e1 (TCE-PR), ao julgar a Consulta n\u00ba 726790\/25, formulada pelo Munic\u00edpio de Itapejara d\u2019Oeste, fixou entendimento sobre a aplica\u00e7\u00e3o imediata das regras introduzidas pela Emenda Constitucional n\u00ba 136\/2025 no regime de pagamento de precat\u00f3rios. A decis\u00e3o foi formalizada no Ac\u00f3rd\u00e3o n\u00ba 730\/26 do\u00a0Tribunal Pleno, de relatoria do Conselheiro&hellip;","_links":{"self":[{"href":"https:\/\/www.mpc.pr.gov.br\/index.php\/wp-json\/wp\/v2\/posts\/25726","targetHints":{"allow":["GET"]}}],"collection":[{"href":"https:\/\/www.mpc.pr.gov.br\/index.php\/wp-json\/wp\/v2\/posts"}],"about":[{"href":"https:\/\/www.mpc.pr.gov.br\/index.php\/wp-json\/wp\/v2\/types\/post"}],"author":[{"embeddable":true,"href":"https:\/\/www.mpc.pr.gov.br\/index.php\/wp-json\/wp\/v2\/users\/1"}],"replies":[{"embeddable":true,"href":"https:\/\/www.mpc.pr.gov.br\/index.php\/wp-json\/wp\/v2\/comments?post=25726"}],"version-history":[{"count":1,"href":"https:\/\/www.mpc.pr.gov.br\/index.php\/wp-json\/wp\/v2\/posts\/25726\/revisions"}],"predecessor-version":[{"id":25730,"href":"https:\/\/www.mpc.pr.gov.br\/index.php\/wp-json\/wp\/v2\/posts\/25726\/revisions\/25730"}],"wp:featuredmedia":[{"embeddable":true,"href":"https:\/\/www.mpc.pr.gov.br\/index.php\/wp-json\/wp\/v2\/media\/25728"}],"wp:attachment":[{"href":"https:\/\/www.mpc.pr.gov.br\/index.php\/wp-json\/wp\/v2\/media?parent=25726"}],"wp:term":[{"taxonomy":"category","embeddable":true,"href":"https:\/\/www.mpc.pr.gov.br\/index.php\/wp-json\/wp\/v2\/categories?post=25726"},{"taxonomy":"post_tag","embeddable":true,"href":"https:\/\/www.mpc.pr.gov.br\/index.php\/wp-json\/wp\/v2\/tags?post=25726"}],"curies":[{"name":"wp","href":"https:\/\/api.w.org\/{rel}","templated":true}]}}