{"id":25738,"date":"2026-04-30T15:54:18","date_gmt":"2026-04-30T18:54:18","guid":{"rendered":"https:\/\/www.mpc.pr.gov.br\/?p=25738"},"modified":"2026-04-30T15:55:19","modified_gmt":"2026-04-30T18:55:19","slug":"mpc-pr-destaca-educacao-fiscal-como-ferramenta-de-cidadania-e-convida-municipios-a-aderirem-ao-programa-nas-escolas","status":"publish","type":"post","link":"https:\/\/www.mpc.pr.gov.br\/index.php\/mpc-pr-destaca-educacao-fiscal-como-ferramenta-de-cidadania-e-convida-municipios-a-aderirem-ao-programa-nas-escolas\/","title":{"rendered":"MPC-PR destaca Educa\u00e7\u00e3o Fiscal como ferramenta de cidadania e convida munic\u00edpios a aderirem ao programa nas escolas"},"content":{"rendered":"<p><img fetchpriority=\"high\" decoding=\"async\" class=\"size-medium wp-image-25740 alignleft\" src=\"https:\/\/www.mpc.pr.gov.br\/wp-content\/uploads\/2026\/04\/IMAGEM-SITE-live-educacao-fiscal-300x169.png\" alt=\"\" width=\"300\" height=\"169\" srcset=\"https:\/\/www.mpc.pr.gov.br\/wp-content\/uploads\/2026\/04\/IMAGEM-SITE-live-educacao-fiscal-300x169.png 300w, https:\/\/www.mpc.pr.gov.br\/wp-content\/uploads\/2026\/04\/IMAGEM-SITE-live-educacao-fiscal.png 560w\" sizes=\"(max-width: 300px) 100vw, 300px\" \/>A Educa\u00e7\u00e3o Fiscal deve come\u00e7ar cedo, ainda na escola, para formar cidad\u00e3os mais conscientes sobre tributos, or\u00e7amento p\u00fablico e controle social. Essa foi a mensagem central defendida pelo Procurador-Geral do Minist\u00e9rio P\u00fablico de Contas do Paran\u00e1 (MPC-PR), Gabriel Guy L\u00e9ger, durante a <strong><em>8\u00aa live do ciclo \u201cConex\u00e3o Cidadania Fiscal\u201d<\/em><\/strong>, promovida pela <a href=\"https:\/\/efaz.fazenda.pr.gov.br\/\">Escola Fazend\u00e1ria do Paran\u00e1 (EFAZ)<\/a> na manh\u00e3 desta quinta-feira (30 de abril). A transmiss\u00e3o tamb\u00e9m contou com a participa\u00e7\u00e3o da Diretora do MPC-PR, Barbara Krysttal Motta Almeida Reis, e apresentou orienta\u00e7\u00f5es e experi\u00eancias voltadas \u00e0 implementa\u00e7\u00e3o de pol\u00edticas municipais de educa\u00e7\u00e3o fiscal nas escolas paranaenses.<\/p>\n<p>A live foi aberta por M\u00e1rio Brito, Diretor da EFAZ, que destacou a import\u00e2ncia do ciclo Conex\u00e3o Cidadania Fiscal como espa\u00e7o de di\u00e1logo entre institui\u00e7\u00f5es p\u00fablicas e munic\u00edpios, voltado ao fortalecimento da educa\u00e7\u00e3o fiscal e da cidadania desde a escola.<\/p>\n<p>Ao longo da transmiss\u00e3o, os participantes abordaram a Educa\u00e7\u00e3o Fiscal nas Escolas do Paran\u00e1, com destaque para o Programa Municipal de Educa\u00e7\u00e3o Fiscal nas Escolas, iniciativa coordenada pelo MPC-PR em parceria com a Associa\u00e7\u00e3o dos Auditores e Fiscais Tribut\u00e1rios Municipais do Paran\u00e1 (AFISCOPR), voltada especialmente a estudantes do 1\u00ba ao 5\u00ba ano do Ensino Fundamental.<\/p>\n<p><strong>Educa\u00e7\u00e3o fiscal como instrumento de cidadania<\/strong><\/p>\n<p>Em sua exposi\u00e7\u00e3o, o Procurador-Geral Gabriel Guy L\u00e9ger ressaltou que a educa\u00e7\u00e3o fiscal deve ser compreendida como um eixo estruturante da cidadania, da transpar\u00eancia e do controle social, defendendo que a forma\u00e7\u00e3o do cidad\u00e3o come\u00e7a ainda no ambiente escolar.<\/p>\n<p>Segundo ele, ao levar \u00e0s crian\u00e7as conte\u00fados relacionados a tributa\u00e7\u00e3o, or\u00e7amento p\u00fablico, servi\u00e7os essenciais, direitos e deveres do cidad\u00e3o e fiscaliza\u00e7\u00e3o das pol\u00edticas p\u00fablicas, fortalece-se uma consci\u00eancia cr\u00edtica respons\u00e1vel e participativa, capaz de compreender o papel do Estado e da sociedade.<\/p>\n<p>Al\u00e9m de abordar os fundamentos da cidadania fiscal, Gabriel Guy L\u00e9ger apresentou iniciativas de educa\u00e7\u00e3o fiscal implementadas no Paran\u00e1 e em outros entes federativos, resgatando marcos institucionais, programas j\u00e1 consolidados e boas pr\u00e1ticas que contribu\u00edram para a forma\u00e7\u00e3o de uma cultura fiscal mais participativa.<\/p>\n<p>O Procurador-Geral tamb\u00e9m refor\u00e7ou o entendimento institucional de que a\u00e7\u00f5es preventivas, orientativas e indutoras de boas pr\u00e1ticas tendem a produzir resultados mais duradouros para a gest\u00e3o p\u00fablica do que medidas exclusivamente repressivas. Nesse contexto, destacou o compromisso do MPC-PR em estimular e apoiar os munic\u00edpios na ado\u00e7\u00e3o de pol\u00edticas p\u00fablicas permanentes de educa\u00e7\u00e3o fiscal, com metodologias j\u00e1 testadas e parcerias consolidadas.<\/p>\n<p>Durante a apresenta\u00e7\u00e3o, Gabriel Guy L\u00e9ger detalhou ainda o passo a passo para ades\u00e3o dos munic\u00edpios, incluindo a sensibiliza\u00e7\u00e3o dos gestores, a capacita\u00e7\u00e3o de professores e servidores, a inser\u00e7\u00e3o do tema nas escolas, o engajamento da comunidade local e o acompanhamento dos resultados obtidos.<\/p>\n<p><strong>Transversalidade e forma\u00e7\u00e3o para o futuro<\/strong><\/p>\n<p>Por sua vez, a Diretora do MPC-PR, Barbara Krysttal Motta Almeida Reis, destacou que, embora o trabalho com educa\u00e7\u00e3o fiscal nas escolas possa aparentar simplicidade, ele envolve um complexo processo de articula\u00e7\u00e3o da gest\u00e3o p\u00fablica, exigindo integra\u00e7\u00e3o entre diferentes secretarias e atores institucionais.<\/p>\n<p>Segundo a Diretora, um dos principais diferenciais do programa \u00e9 sua transversalidade, que permite aos munic\u00edpios conectar a educa\u00e7\u00e3o fiscal a \u00e1reas como educa\u00e7\u00e3o, sa\u00fade, turismo, desenvolvimento local e cidades inteligentes, ampliando o alcance social da iniciativa.<\/p>\n<p>Outro ponto destacado foi a cria\u00e7\u00e3o de pertencimento e engajamento por meio de elementos l\u00fadicos, como o mascote \u201cEd\u201d (gralha-azul), que pode receber caracter\u00edsticas locais, refor\u00e7ando a identidade do munic\u00edpio com o projeto e aproximando o tema do p\u00fablico infantil.<\/p>\n<p>Por fim, Barbara tamb\u00e9m enfatizou o impacto geracional do programa, ao apostar nas crian\u00e7as como protagonistas do processo educativo e agentes multiplicadores do conhecimento em suas fam\u00edlias e comunidades. Para ela, investir na forma\u00e7\u00e3o fiscal desde a inf\u00e2ncia \u00e9 apostar em uma sociedade mais consciente, participativa e preparada para exercer a cidadania ao longo da vida.<\/p>\n<p><strong>Programa Municipal de Educa\u00e7\u00e3o Fiscal: como funciona e por que \u00e9 pioneiro no Paran\u00e1<\/strong><\/p>\n<p>O Programa Municipal de Educa\u00e7\u00e3o Fiscal nas Escolas \u00e9 uma iniciativa in\u00e9dita no Paran\u00e1, desenvolvida pelo MPC-PR em parceria com a AFISCOPR, com apoio da SEFAZ, EFAZ, Receita Estadual, entidades municipalistas e outras institui\u00e7\u00f5es parceiras.<\/p>\n<p>Voltado principalmente a estudantes do 1\u00ba ao 5\u00ba ano do Ensino Fundamental, o programa objetiva estimular valores como responsabilidade, \u00e9tica e transpar\u00eancia, despertando o interesse das novas gera\u00e7\u00f5es pelo controle social e pela boa governan\u00e7a.<\/p>\n<p>O programa j\u00e1 foi implementado de forma piloto no Munic\u00edpio de Jaguaria\u00edva, envolvendo mais de 500 alunos da rede municipal, e atualmente est\u00e1 sendo desenvolvido em Missal, al\u00e9m de estar aberto \u00e0 ades\u00e3o de outros munic\u00edpios interessados. A proposta busca alcan\u00e7ar, de forma progressiva, os 399 munic\u00edpios paranaenses, consolidando uma cultura de cidadania fiscal baseada na participa\u00e7\u00e3o e na responsabilidade social.<\/p>\n<p>Al\u00e9m do aspecto formativo, o MPC-PR tamb\u00e9m associa o programa ao contexto de mudan\u00e7as tribut\u00e1rias no pa\u00eds, diante da Reforma Tribut\u00e1ria (EC n\u00ba 132\/2023) e das novas legisla\u00e7\u00f5es que exigem dos munic\u00edpios maior efici\u00eancia na arrecada\u00e7\u00e3o, transpar\u00eancia fiscal e fortalecimento das administra\u00e7\u00f5es tribut\u00e1rias locais, apontando que a educa\u00e7\u00e3o fiscal nas escolas \u00e9 parte desse esfor\u00e7o.<\/p>\n<p><strong>Capacita\u00e7\u00e3o e fortalecimento da gest\u00e3o p\u00fablica <\/strong><\/p>\n<p>A 8\u00aa live \u201cConex\u00e3o Cidadania Fiscal \u2013 Educa\u00e7\u00e3o Fiscal nas Escolas do Paran\u00e1\u201d integra um conjunto de a\u00e7\u00f5es formativas voltadas \u00e0 dissemina\u00e7\u00e3o da cidadania fiscal e ao fortalecimento da gest\u00e3o p\u00fablica municipal. A iniciativa teve como objetivo orientar gestores, servidores, educadores e demais interessados sobre a import\u00e2ncia da educa\u00e7\u00e3o fiscal como instrumento de participa\u00e7\u00e3o social, transpar\u00eancia e qualifica\u00e7\u00e3o das pol\u00edticas p\u00fablicas.<\/p>\n<p>Para quem n\u00e3o conseguiu acompanhar a transmiss\u00e3o ao vivo ou deseja rever e compartilhar os conte\u00fados apresentados, a grava\u00e7\u00e3o da live permanece dispon\u00edvel no canal da EFAZ\u00a0 no YouTube, ampliando o acesso ao debate realizado.<\/p>\n<p>Al\u00e9m disso, para os interessados em se aprofundar nos temas abordados, a apresenta\u00e7\u00e3o do Procurador-Geral Gabriel Guy L\u00e9ger, utilizada durante a live, est\u00e1 dispon\u00edvel para consulta clicando <a href=\"https:\/\/www.mpc.pr.gov.br\/wp-content\/uploads\/2026\/04\/Programa-de-educacao-fiscal-nas-escolas.pdf\">aqui<\/a>.<\/p>\n<p class=\"responsive-video-wrap clr\"><iframe title=\"Conex\u00e3o Cidadania Fiscal\" width=\"1200\" height=\"675\" src=\"https:\/\/www.youtube.com\/embed\/NObq-m1MWMc?start=2290&#038;feature=oembed\" frameborder=\"0\" allow=\"accelerometer; autoplay; clipboard-write; encrypted-media; gyroscope; picture-in-picture; web-share\" referrerpolicy=\"strict-origin-when-cross-origin\" allowfullscreen><\/iframe><\/p>\n","protected":false},"excerpt":{"rendered":"<p>A Educa\u00e7\u00e3o Fiscal deve come\u00e7ar cedo, ainda na escola, para formar cidad\u00e3os mais conscientes sobre tributos, or\u00e7amento p\u00fablico e controle social. Essa foi a mensagem central defendida pelo Procurador-Geral do Minist\u00e9rio P\u00fablico de Contas do Paran\u00e1 (MPC-PR), Gabriel Guy L\u00e9ger, durante a 8\u00aa live do ciclo \u201cConex\u00e3o Cidadania Fiscal\u201d, promovida pela Escola Fazend\u00e1ria do Paran\u00e1 [&hellip;]<\/p>\n","protected":false},"author":1,"featured_media":25740,"comment_status":"open","ping_status":"open","sticky":false,"template":"","format":"standard","meta":{"_monsterinsights_skip_tracking":false,"_monsterinsights_sitenote_active":false,"_monsterinsights_sitenote_note":"","_monsterinsights_sitenote_category":0,"footnotes":""},"categories":[945,2,7,14],"tags":[739,561,798,893,775],"class_list":["post-25738","post","type-post","status-publish","format-standard","has-post-thumbnail","hentry","category-agenda-institucional","category-destaques","category-todas-as-noticias","category-ultimas-noticias","tag-afiscopr","tag-agenda-institucional","tag-educacao-fiscal","tag-efaz","tag-programa-educacao-fiscal","entry","has-media"],"yoast_head":"<!-- This site is optimized with the Yoast SEO plugin v27.3 - https:\/\/yoast.com\/product\/yoast-seo-wordpress\/ -->\n<title>MPC-PR destaca Educa\u00e7\u00e3o Fiscal como ferramenta de cidadania e convida munic\u00edpios a aderirem ao programa nas escolas - Minist\u00e9rio P\u00fablico de Contas do Estado do Paran\u00e1<\/title>\n<meta name=\"robots\" content=\"index, follow, max-snippet:-1, max-image-preview:large, max-video-preview:-1\" \/>\n<link rel=\"canonical\" href=\"https:\/\/www.mpc.pr.gov.br\/index.php\/mpc-pr-destaca-educacao-fiscal-como-ferramenta-de-cidadania-e-convida-municipios-a-aderirem-ao-programa-nas-escolas\/\" \/>\n<meta property=\"og:locale\" content=\"pt_BR\" \/>\n<meta property=\"og:type\" content=\"article\" \/>\n<meta property=\"og:title\" content=\"MPC-PR destaca Educa\u00e7\u00e3o Fiscal como ferramenta de cidadania e convida munic\u00edpios a aderirem ao programa nas escolas - Minist\u00e9rio P\u00fablico de Contas do Estado do Paran\u00e1\" \/>\n<meta property=\"og:description\" content=\"A Educa\u00e7\u00e3o Fiscal deve come\u00e7ar cedo, ainda na escola, para formar cidad\u00e3os mais conscientes sobre tributos, or\u00e7amento p\u00fablico e controle social. Essa foi a mensagem central defendida pelo Procurador-Geral do Minist\u00e9rio P\u00fablico de Contas do Paran\u00e1 (MPC-PR), Gabriel Guy L\u00e9ger, durante a 8\u00aa live do ciclo \u201cConex\u00e3o Cidadania Fiscal\u201d, promovida pela Escola Fazend\u00e1ria do Paran\u00e1 [&hellip;]\" \/>\n<meta property=\"og:url\" content=\"https:\/\/www.mpc.pr.gov.br\/index.php\/mpc-pr-destaca-educacao-fiscal-como-ferramenta-de-cidadania-e-convida-municipios-a-aderirem-ao-programa-nas-escolas\/\" \/>\n<meta property=\"og:site_name\" content=\"Minist\u00e9rio P\u00fablico de Contas do Estado do Paran\u00e1\" \/>\n<meta property=\"article:publisher\" content=\"https:\/\/www.facebook.com\/mpc.pr\" \/>\n<meta property=\"article:published_time\" content=\"2026-04-30T18:54:18+00:00\" \/>\n<meta property=\"article:modified_time\" content=\"2026-04-30T18:55:19+00:00\" \/>\n<meta property=\"og:image\" content=\"https:\/\/www.mpc.pr.gov.br\/wp-content\/uploads\/2026\/04\/IMAGEM-SITE-live-educacao-fiscal.png\" \/>\n\t<meta property=\"og:image:width\" content=\"560\" \/>\n\t<meta property=\"og:image:height\" content=\"315\" \/>\n\t<meta property=\"og:image:type\" content=\"image\/png\" \/>\n<meta name=\"author\" content=\"mpcontaspr\" \/>\n<meta name=\"twitter:card\" content=\"summary_large_image\" \/>\n<meta name=\"twitter:label1\" content=\"Escrito por\" \/>\n\t<meta name=\"twitter:data1\" content=\"mpcontaspr\" \/>\n\t<meta name=\"twitter:label2\" content=\"Est. tempo de leitura\" \/>\n\t<meta name=\"twitter:data2\" content=\"6 minutos\" \/>\n<script type=\"application\/ld+json\" class=\"yoast-schema-graph\">{\"@context\":\"https:\\\/\\\/schema.org\",\"@graph\":[{\"@type\":\"Article\",\"@id\":\"https:\\\/\\\/www.mpc.pr.gov.br\\\/index.php\\\/mpc-pr-destaca-educacao-fiscal-como-ferramenta-de-cidadania-e-convida-municipios-a-aderirem-ao-programa-nas-escolas\\\/#article\",\"isPartOf\":{\"@id\":\"https:\\\/\\\/www.mpc.pr.gov.br\\\/index.php\\\/mpc-pr-destaca-educacao-fiscal-como-ferramenta-de-cidadania-e-convida-municipios-a-aderirem-ao-programa-nas-escolas\\\/\"},\"author\":{\"name\":\"mpcontaspr\",\"@id\":\"https:\\\/\\\/www.mpc.pr.gov.br\\\/#\\\/schema\\\/person\\\/2d83cb8980538d0ec174e8a6284f5e11\"},\"headline\":\"MPC-PR destaca Educa\u00e7\u00e3o Fiscal como ferramenta de cidadania e convida munic\u00edpios a aderirem ao programa nas escolas\",\"datePublished\":\"2026-04-30T18:54:18+00:00\",\"dateModified\":\"2026-04-30T18:55:19+00:00\",\"mainEntityOfPage\":{\"@id\":\"https:\\\/\\\/www.mpc.pr.gov.br\\\/index.php\\\/mpc-pr-destaca-educacao-fiscal-como-ferramenta-de-cidadania-e-convida-municipios-a-aderirem-ao-programa-nas-escolas\\\/\"},\"wordCount\":1103,\"commentCount\":0,\"publisher\":{\"@id\":\"https:\\\/\\\/www.mpc.pr.gov.br\\\/#organization\"},\"image\":{\"@id\":\"https:\\\/\\\/www.mpc.pr.gov.br\\\/index.php\\\/mpc-pr-destaca-educacao-fiscal-como-ferramenta-de-cidadania-e-convida-municipios-a-aderirem-ao-programa-nas-escolas\\\/#primaryimage\"},\"thumbnailUrl\":\"https:\\\/\\\/www.mpc.pr.gov.br\\\/wp-content\\\/uploads\\\/2026\\\/04\\\/IMAGEM-SITE-live-educacao-fiscal.png\",\"keywords\":[\"AFISCOPR\",\"Agenda institucional\",\"Educa\u00e7\u00e3o Fiscal\",\"EFAZ\",\"Programa Educa\u00e7\u00e3o Fiscal\"],\"articleSection\":[\"Agenda Institucional\",\"Destaques\",\"Todas as not\u00edcias\",\"\u00daltimas not\u00edcias\"],\"inLanguage\":\"pt-BR\",\"potentialAction\":[{\"@type\":\"CommentAction\",\"name\":\"Comment\",\"target\":[\"https:\\\/\\\/www.mpc.pr.gov.br\\\/index.php\\\/mpc-pr-destaca-educacao-fiscal-como-ferramenta-de-cidadania-e-convida-municipios-a-aderirem-ao-programa-nas-escolas\\\/#respond\"]}]},{\"@type\":\"WebPage\",\"@id\":\"https:\\\/\\\/www.mpc.pr.gov.br\\\/index.php\\\/mpc-pr-destaca-educacao-fiscal-como-ferramenta-de-cidadania-e-convida-municipios-a-aderirem-ao-programa-nas-escolas\\\/\",\"url\":\"https:\\\/\\\/www.mpc.pr.gov.br\\\/index.php\\\/mpc-pr-destaca-educacao-fiscal-como-ferramenta-de-cidadania-e-convida-municipios-a-aderirem-ao-programa-nas-escolas\\\/\",\"name\":\"MPC-PR destaca Educa\u00e7\u00e3o Fiscal como ferramenta de cidadania e convida munic\u00edpios a aderirem ao programa nas escolas - Minist\u00e9rio P\u00fablico de Contas do Estado do Paran\u00e1\",\"isPartOf\":{\"@id\":\"https:\\\/\\\/www.mpc.pr.gov.br\\\/#website\"},\"primaryImageOfPage\":{\"@id\":\"https:\\\/\\\/www.mpc.pr.gov.br\\\/index.php\\\/mpc-pr-destaca-educacao-fiscal-como-ferramenta-de-cidadania-e-convida-municipios-a-aderirem-ao-programa-nas-escolas\\\/#primaryimage\"},\"image\":{\"@id\":\"https:\\\/\\\/www.mpc.pr.gov.br\\\/index.php\\\/mpc-pr-destaca-educacao-fiscal-como-ferramenta-de-cidadania-e-convida-municipios-a-aderirem-ao-programa-nas-escolas\\\/#primaryimage\"},\"thumbnailUrl\":\"https:\\\/\\\/www.mpc.pr.gov.br\\\/wp-content\\\/uploads\\\/2026\\\/04\\\/IMAGEM-SITE-live-educacao-fiscal.png\",\"datePublished\":\"2026-04-30T18:54:18+00:00\",\"dateModified\":\"2026-04-30T18:55:19+00:00\",\"breadcrumb\":{\"@id\":\"https:\\\/\\\/www.mpc.pr.gov.br\\\/index.php\\\/mpc-pr-destaca-educacao-fiscal-como-ferramenta-de-cidadania-e-convida-municipios-a-aderirem-ao-programa-nas-escolas\\\/#breadcrumb\"},\"inLanguage\":\"pt-BR\",\"potentialAction\":[{\"@type\":\"ReadAction\",\"target\":[\"https:\\\/\\\/www.mpc.pr.gov.br\\\/index.php\\\/mpc-pr-destaca-educacao-fiscal-como-ferramenta-de-cidadania-e-convida-municipios-a-aderirem-ao-programa-nas-escolas\\\/\"]}]},{\"@type\":\"ImageObject\",\"inLanguage\":\"pt-BR\",\"@id\":\"https:\\\/\\\/www.mpc.pr.gov.br\\\/index.php\\\/mpc-pr-destaca-educacao-fiscal-como-ferramenta-de-cidadania-e-convida-municipios-a-aderirem-ao-programa-nas-escolas\\\/#primaryimage\",\"url\":\"https:\\\/\\\/www.mpc.pr.gov.br\\\/wp-content\\\/uploads\\\/2026\\\/04\\\/IMAGEM-SITE-live-educacao-fiscal.png\",\"contentUrl\":\"https:\\\/\\\/www.mpc.pr.gov.br\\\/wp-content\\\/uploads\\\/2026\\\/04\\\/IMAGEM-SITE-live-educacao-fiscal.png\",\"width\":560,\"height\":315},{\"@type\":\"BreadcrumbList\",\"@id\":\"https:\\\/\\\/www.mpc.pr.gov.br\\\/index.php\\\/mpc-pr-destaca-educacao-fiscal-como-ferramenta-de-cidadania-e-convida-municipios-a-aderirem-ao-programa-nas-escolas\\\/#breadcrumb\",\"itemListElement\":[{\"@type\":\"ListItem\",\"position\":1,\"name\":\"In\u00edcio\",\"item\":\"https:\\\/\\\/www.mpc.pr.gov.br\\\/\"},{\"@type\":\"ListItem\",\"position\":2,\"name\":\"MPC-PR destaca Educa\u00e7\u00e3o Fiscal como ferramenta de cidadania e convida munic\u00edpios a aderirem ao programa nas escolas\"}]},{\"@type\":\"WebSite\",\"@id\":\"https:\\\/\\\/www.mpc.pr.gov.br\\\/#website\",\"url\":\"https:\\\/\\\/www.mpc.pr.gov.br\\\/\",\"name\":\"Minist\u00e9rio P\u00fablico de Contas do Estado do Paran\u00e1\",\"description\":\"\",\"publisher\":{\"@id\":\"https:\\\/\\\/www.mpc.pr.gov.br\\\/#organization\"},\"potentialAction\":[{\"@type\":\"SearchAction\",\"target\":{\"@type\":\"EntryPoint\",\"urlTemplate\":\"https:\\\/\\\/www.mpc.pr.gov.br\\\/?s={search_term_string}\"},\"query-input\":{\"@type\":\"PropertyValueSpecification\",\"valueRequired\":true,\"valueName\":\"search_term_string\"}}],\"inLanguage\":\"pt-BR\"},{\"@type\":\"Organization\",\"@id\":\"https:\\\/\\\/www.mpc.pr.gov.br\\\/#organization\",\"name\":\"Minist\u00e9rio P\u00fablico de Contas do Estado do Paran\u00e1\",\"url\":\"https:\\\/\\\/www.mpc.pr.gov.br\\\/\",\"logo\":{\"@type\":\"ImageObject\",\"inLanguage\":\"pt-BR\",\"@id\":\"https:\\\/\\\/www.mpc.pr.gov.br\\\/#\\\/schema\\\/logo\\\/image\\\/\",\"url\":\"https:\\\/\\\/www.mpc.pr.gov.br\\\/wp-content\\\/uploads\\\/2020\\\/06\\\/99423647_1593460364143890_6706793420720963584_n-1-e1591387983167.png\",\"contentUrl\":\"https:\\\/\\\/www.mpc.pr.gov.br\\\/wp-content\\\/uploads\\\/2020\\\/06\\\/99423647_1593460364143890_6706793420720963584_n-1-e1591387983167.png\",\"width\":243,\"height\":73,\"caption\":\"Minist\u00e9rio P\u00fablico de Contas do Estado do Paran\u00e1\"},\"image\":{\"@id\":\"https:\\\/\\\/www.mpc.pr.gov.br\\\/#\\\/schema\\\/logo\\\/image\\\/\"},\"sameAs\":[\"https:\\\/\\\/www.facebook.com\\\/mpc.pr\",\"https:\\\/\\\/www.instagram.com\\\/mpc.pr\\\/?hl=pt-br\",\"https:\\\/\\\/www.youtube.com\\\/channel\\\/UCHri5oEM8DV0ztX57E0sBSw\"]},{\"@type\":\"Person\",\"@id\":\"https:\\\/\\\/www.mpc.pr.gov.br\\\/#\\\/schema\\\/person\\\/2d83cb8980538d0ec174e8a6284f5e11\",\"name\":\"mpcontaspr\",\"image\":{\"@type\":\"ImageObject\",\"inLanguage\":\"pt-BR\",\"@id\":\"https:\\\/\\\/secure.gravatar.com\\\/avatar\\\/1aef51541db7622e05fd639336c9c9f312c2a618396e2b6ca96846362fc5403f?s=96&d=mm&r=g\",\"url\":\"https:\\\/\\\/secure.gravatar.com\\\/avatar\\\/1aef51541db7622e05fd639336c9c9f312c2a618396e2b6ca96846362fc5403f?s=96&d=mm&r=g\",\"contentUrl\":\"https:\\\/\\\/secure.gravatar.com\\\/avatar\\\/1aef51541db7622e05fd639336c9c9f312c2a618396e2b6ca96846362fc5403f?s=96&d=mm&r=g\",\"caption\":\"mpcontaspr\"},\"sameAs\":[\"http:\\\/\\\/www.mpc.pr.gov.br\"]}]}<\/script>\n<!-- \/ Yoast SEO plugin. -->","yoast_head_json":{"title":"MPC-PR destaca Educa\u00e7\u00e3o Fiscal como ferramenta de cidadania e convida munic\u00edpios a aderirem ao programa nas escolas - Minist\u00e9rio P\u00fablico de Contas do Estado do Paran\u00e1","robots":{"index":"index","follow":"follow","max-snippet":"max-snippet:-1","max-image-preview":"max-image-preview:large","max-video-preview":"max-video-preview:-1"},"canonical":"https:\/\/www.mpc.pr.gov.br\/index.php\/mpc-pr-destaca-educacao-fiscal-como-ferramenta-de-cidadania-e-convida-municipios-a-aderirem-ao-programa-nas-escolas\/","og_locale":"pt_BR","og_type":"article","og_title":"MPC-PR destaca Educa\u00e7\u00e3o Fiscal como ferramenta de cidadania e convida munic\u00edpios a aderirem ao programa nas escolas - Minist\u00e9rio P\u00fablico de Contas do Estado do Paran\u00e1","og_description":"A Educa\u00e7\u00e3o Fiscal deve come\u00e7ar cedo, ainda na escola, para formar cidad\u00e3os mais conscientes sobre tributos, or\u00e7amento p\u00fablico e controle social. Essa foi a mensagem central defendida pelo Procurador-Geral do Minist\u00e9rio P\u00fablico de Contas do Paran\u00e1 (MPC-PR), Gabriel Guy L\u00e9ger, durante a 8\u00aa live do ciclo \u201cConex\u00e3o Cidadania Fiscal\u201d, promovida pela Escola Fazend\u00e1ria do Paran\u00e1 [&hellip;]","og_url":"https:\/\/www.mpc.pr.gov.br\/index.php\/mpc-pr-destaca-educacao-fiscal-como-ferramenta-de-cidadania-e-convida-municipios-a-aderirem-ao-programa-nas-escolas\/","og_site_name":"Minist\u00e9rio P\u00fablico de Contas do Estado do Paran\u00e1","article_publisher":"https:\/\/www.facebook.com\/mpc.pr","article_published_time":"2026-04-30T18:54:18+00:00","article_modified_time":"2026-04-30T18:55:19+00:00","og_image":[{"width":560,"height":315,"url":"https:\/\/www.mpc.pr.gov.br\/wp-content\/uploads\/2026\/04\/IMAGEM-SITE-live-educacao-fiscal.png","type":"image\/png"}],"author":"mpcontaspr","twitter_card":"summary_large_image","twitter_misc":{"Escrito por":"mpcontaspr","Est. tempo de leitura":"6 minutos"},"schema":{"@context":"https:\/\/schema.org","@graph":[{"@type":"Article","@id":"https:\/\/www.mpc.pr.gov.br\/index.php\/mpc-pr-destaca-educacao-fiscal-como-ferramenta-de-cidadania-e-convida-municipios-a-aderirem-ao-programa-nas-escolas\/#article","isPartOf":{"@id":"https:\/\/www.mpc.pr.gov.br\/index.php\/mpc-pr-destaca-educacao-fiscal-como-ferramenta-de-cidadania-e-convida-municipios-a-aderirem-ao-programa-nas-escolas\/"},"author":{"name":"mpcontaspr","@id":"https:\/\/www.mpc.pr.gov.br\/#\/schema\/person\/2d83cb8980538d0ec174e8a6284f5e11"},"headline":"MPC-PR destaca Educa\u00e7\u00e3o Fiscal como ferramenta de cidadania e convida munic\u00edpios a aderirem ao programa nas escolas","datePublished":"2026-04-30T18:54:18+00:00","dateModified":"2026-04-30T18:55:19+00:00","mainEntityOfPage":{"@id":"https:\/\/www.mpc.pr.gov.br\/index.php\/mpc-pr-destaca-educacao-fiscal-como-ferramenta-de-cidadania-e-convida-municipios-a-aderirem-ao-programa-nas-escolas\/"},"wordCount":1103,"commentCount":0,"publisher":{"@id":"https:\/\/www.mpc.pr.gov.br\/#organization"},"image":{"@id":"https:\/\/www.mpc.pr.gov.br\/index.php\/mpc-pr-destaca-educacao-fiscal-como-ferramenta-de-cidadania-e-convida-municipios-a-aderirem-ao-programa-nas-escolas\/#primaryimage"},"thumbnailUrl":"https:\/\/www.mpc.pr.gov.br\/wp-content\/uploads\/2026\/04\/IMAGEM-SITE-live-educacao-fiscal.png","keywords":["AFISCOPR","Agenda institucional","Educa\u00e7\u00e3o Fiscal","EFAZ","Programa Educa\u00e7\u00e3o Fiscal"],"articleSection":["Agenda Institucional","Destaques","Todas as not\u00edcias","\u00daltimas not\u00edcias"],"inLanguage":"pt-BR","potentialAction":[{"@type":"CommentAction","name":"Comment","target":["https:\/\/www.mpc.pr.gov.br\/index.php\/mpc-pr-destaca-educacao-fiscal-como-ferramenta-de-cidadania-e-convida-municipios-a-aderirem-ao-programa-nas-escolas\/#respond"]}]},{"@type":"WebPage","@id":"https:\/\/www.mpc.pr.gov.br\/index.php\/mpc-pr-destaca-educacao-fiscal-como-ferramenta-de-cidadania-e-convida-municipios-a-aderirem-ao-programa-nas-escolas\/","url":"https:\/\/www.mpc.pr.gov.br\/index.php\/mpc-pr-destaca-educacao-fiscal-como-ferramenta-de-cidadania-e-convida-municipios-a-aderirem-ao-programa-nas-escolas\/","name":"MPC-PR destaca Educa\u00e7\u00e3o Fiscal como ferramenta de cidadania e convida munic\u00edpios a aderirem ao programa nas escolas - Minist\u00e9rio P\u00fablico de Contas do Estado do Paran\u00e1","isPartOf":{"@id":"https:\/\/www.mpc.pr.gov.br\/#website"},"primaryImageOfPage":{"@id":"https:\/\/www.mpc.pr.gov.br\/index.php\/mpc-pr-destaca-educacao-fiscal-como-ferramenta-de-cidadania-e-convida-municipios-a-aderirem-ao-programa-nas-escolas\/#primaryimage"},"image":{"@id":"https:\/\/www.mpc.pr.gov.br\/index.php\/mpc-pr-destaca-educacao-fiscal-como-ferramenta-de-cidadania-e-convida-municipios-a-aderirem-ao-programa-nas-escolas\/#primaryimage"},"thumbnailUrl":"https:\/\/www.mpc.pr.gov.br\/wp-content\/uploads\/2026\/04\/IMAGEM-SITE-live-educacao-fiscal.png","datePublished":"2026-04-30T18:54:18+00:00","dateModified":"2026-04-30T18:55:19+00:00","breadcrumb":{"@id":"https:\/\/www.mpc.pr.gov.br\/index.php\/mpc-pr-destaca-educacao-fiscal-como-ferramenta-de-cidadania-e-convida-municipios-a-aderirem-ao-programa-nas-escolas\/#breadcrumb"},"inLanguage":"pt-BR","potentialAction":[{"@type":"ReadAction","target":["https:\/\/www.mpc.pr.gov.br\/index.php\/mpc-pr-destaca-educacao-fiscal-como-ferramenta-de-cidadania-e-convida-municipios-a-aderirem-ao-programa-nas-escolas\/"]}]},{"@type":"ImageObject","inLanguage":"pt-BR","@id":"https:\/\/www.mpc.pr.gov.br\/index.php\/mpc-pr-destaca-educacao-fiscal-como-ferramenta-de-cidadania-e-convida-municipios-a-aderirem-ao-programa-nas-escolas\/#primaryimage","url":"https:\/\/www.mpc.pr.gov.br\/wp-content\/uploads\/2026\/04\/IMAGEM-SITE-live-educacao-fiscal.png","contentUrl":"https:\/\/www.mpc.pr.gov.br\/wp-content\/uploads\/2026\/04\/IMAGEM-SITE-live-educacao-fiscal.png","width":560,"height":315},{"@type":"BreadcrumbList","@id":"https:\/\/www.mpc.pr.gov.br\/index.php\/mpc-pr-destaca-educacao-fiscal-como-ferramenta-de-cidadania-e-convida-municipios-a-aderirem-ao-programa-nas-escolas\/#breadcrumb","itemListElement":[{"@type":"ListItem","position":1,"name":"In\u00edcio","item":"https:\/\/www.mpc.pr.gov.br\/"},{"@type":"ListItem","position":2,"name":"MPC-PR destaca Educa\u00e7\u00e3o Fiscal como ferramenta de cidadania e convida munic\u00edpios a aderirem ao programa nas escolas"}]},{"@type":"WebSite","@id":"https:\/\/www.mpc.pr.gov.br\/#website","url":"https:\/\/www.mpc.pr.gov.br\/","name":"Minist\u00e9rio P\u00fablico de Contas do Estado do Paran\u00e1","description":"","publisher":{"@id":"https:\/\/www.mpc.pr.gov.br\/#organization"},"potentialAction":[{"@type":"SearchAction","target":{"@type":"EntryPoint","urlTemplate":"https:\/\/www.mpc.pr.gov.br\/?s={search_term_string}"},"query-input":{"@type":"PropertyValueSpecification","valueRequired":true,"valueName":"search_term_string"}}],"inLanguage":"pt-BR"},{"@type":"Organization","@id":"https:\/\/www.mpc.pr.gov.br\/#organization","name":"Minist\u00e9rio P\u00fablico de Contas do Estado do Paran\u00e1","url":"https:\/\/www.mpc.pr.gov.br\/","logo":{"@type":"ImageObject","inLanguage":"pt-BR","@id":"https:\/\/www.mpc.pr.gov.br\/#\/schema\/logo\/image\/","url":"https:\/\/www.mpc.pr.gov.br\/wp-content\/uploads\/2020\/06\/99423647_1593460364143890_6706793420720963584_n-1-e1591387983167.png","contentUrl":"https:\/\/www.mpc.pr.gov.br\/wp-content\/uploads\/2020\/06\/99423647_1593460364143890_6706793420720963584_n-1-e1591387983167.png","width":243,"height":73,"caption":"Minist\u00e9rio P\u00fablico de Contas do Estado do Paran\u00e1"},"image":{"@id":"https:\/\/www.mpc.pr.gov.br\/#\/schema\/logo\/image\/"},"sameAs":["https:\/\/www.facebook.com\/mpc.pr","https:\/\/www.instagram.com\/mpc.pr\/?hl=pt-br","https:\/\/www.youtube.com\/channel\/UCHri5oEM8DV0ztX57E0sBSw"]},{"@type":"Person","@id":"https:\/\/www.mpc.pr.gov.br\/#\/schema\/person\/2d83cb8980538d0ec174e8a6284f5e11","name":"mpcontaspr","image":{"@type":"ImageObject","inLanguage":"pt-BR","@id":"https:\/\/secure.gravatar.com\/avatar\/1aef51541db7622e05fd639336c9c9f312c2a618396e2b6ca96846362fc5403f?s=96&d=mm&r=g","url":"https:\/\/secure.gravatar.com\/avatar\/1aef51541db7622e05fd639336c9c9f312c2a618396e2b6ca96846362fc5403f?s=96&d=mm&r=g","contentUrl":"https:\/\/secure.gravatar.com\/avatar\/1aef51541db7622e05fd639336c9c9f312c2a618396e2b6ca96846362fc5403f?s=96&d=mm&r=g","caption":"mpcontaspr"},"sameAs":["http:\/\/www.mpc.pr.gov.br"]}]}},"rttpg_featured_image_url":{"full":["https:\/\/www.mpc.pr.gov.br\/wp-content\/uploads\/2026\/04\/IMAGEM-SITE-live-educacao-fiscal.png",560,315,false],"landscape":["https:\/\/www.mpc.pr.gov.br\/wp-content\/uploads\/2026\/04\/IMAGEM-SITE-live-educacao-fiscal.png",560,315,false],"portraits":["https:\/\/www.mpc.pr.gov.br\/wp-content\/uploads\/2026\/04\/IMAGEM-SITE-live-educacao-fiscal.png",560,315,false],"thumbnail":["https:\/\/www.mpc.pr.gov.br\/wp-content\/uploads\/2026\/04\/IMAGEM-SITE-live-educacao-fiscal-150x150.png",150,150,true],"medium":["https:\/\/www.mpc.pr.gov.br\/wp-content\/uploads\/2026\/04\/IMAGEM-SITE-live-educacao-fiscal-300x169.png",300,169,true],"large":["https:\/\/www.mpc.pr.gov.br\/wp-content\/uploads\/2026\/04\/IMAGEM-SITE-live-educacao-fiscal.png",560,315,false],"1536x1536":["https:\/\/www.mpc.pr.gov.br\/wp-content\/uploads\/2026\/04\/IMAGEM-SITE-live-educacao-fiscal.png",560,315,false],"2048x2048":["https:\/\/www.mpc.pr.gov.br\/wp-content\/uploads\/2026\/04\/IMAGEM-SITE-live-educacao-fiscal.png",560,315,false],"ocean-thumb-m":["https:\/\/www.mpc.pr.gov.br\/wp-content\/uploads\/2026\/04\/IMAGEM-SITE-live-educacao-fiscal.png",560,315,false],"ocean-thumb-ml":["https:\/\/www.mpc.pr.gov.br\/wp-content\/uploads\/2026\/04\/IMAGEM-SITE-live-educacao-fiscal.png",560,315,false],"ocean-thumb-l":["https:\/\/www.mpc.pr.gov.br\/wp-content\/uploads\/2026\/04\/IMAGEM-SITE-live-educacao-fiscal.png",560,315,false]},"rttpg_author":{"display_name":"mpcontaspr","author_link":"https:\/\/www.mpc.pr.gov.br\/index.php\/author\/mpcontaspr\/"},"rttpg_comment":0,"rttpg_category":"<a href=\"https:\/\/www.mpc.pr.gov.br\/index.php\/category\/agenda-institucional\/\" rel=\"category tag\">Agenda Institucional<\/a> <a href=\"https:\/\/www.mpc.pr.gov.br\/index.php\/category\/destaques\/\" rel=\"category tag\">Destaques<\/a> <a href=\"https:\/\/www.mpc.pr.gov.br\/index.php\/category\/todas-as-noticias\/\" rel=\"category tag\">Todas as not\u00edcias<\/a> <a href=\"https:\/\/www.mpc.pr.gov.br\/index.php\/category\/ultimas-noticias\/\" rel=\"category tag\">\u00daltimas not\u00edcias<\/a>","rttpg_excerpt":"A Educa\u00e7\u00e3o Fiscal deve come\u00e7ar cedo, ainda na escola, para formar cidad\u00e3os mais conscientes sobre tributos, or\u00e7amento p\u00fablico e controle social. Essa foi a mensagem central defendida pelo Procurador-Geral do Minist\u00e9rio P\u00fablico de Contas do Paran\u00e1 (MPC-PR), Gabriel Guy L\u00e9ger, durante a 8\u00aa live do ciclo \u201cConex\u00e3o Cidadania Fiscal\u201d, promovida pela Escola Fazend\u00e1ria do Paran\u00e1&hellip;","_links":{"self":[{"href":"https:\/\/www.mpc.pr.gov.br\/index.php\/wp-json\/wp\/v2\/posts\/25738","targetHints":{"allow":["GET"]}}],"collection":[{"href":"https:\/\/www.mpc.pr.gov.br\/index.php\/wp-json\/wp\/v2\/posts"}],"about":[{"href":"https:\/\/www.mpc.pr.gov.br\/index.php\/wp-json\/wp\/v2\/types\/post"}],"author":[{"embeddable":true,"href":"https:\/\/www.mpc.pr.gov.br\/index.php\/wp-json\/wp\/v2\/users\/1"}],"replies":[{"embeddable":true,"href":"https:\/\/www.mpc.pr.gov.br\/index.php\/wp-json\/wp\/v2\/comments?post=25738"}],"version-history":[{"count":2,"href":"https:\/\/www.mpc.pr.gov.br\/index.php\/wp-json\/wp\/v2\/posts\/25738\/revisions"}],"predecessor-version":[{"id":25742,"href":"https:\/\/www.mpc.pr.gov.br\/index.php\/wp-json\/wp\/v2\/posts\/25738\/revisions\/25742"}],"wp:featuredmedia":[{"embeddable":true,"href":"https:\/\/www.mpc.pr.gov.br\/index.php\/wp-json\/wp\/v2\/media\/25740"}],"wp:attachment":[{"href":"https:\/\/www.mpc.pr.gov.br\/index.php\/wp-json\/wp\/v2\/media?parent=25738"}],"wp:term":[{"taxonomy":"category","embeddable":true,"href":"https:\/\/www.mpc.pr.gov.br\/index.php\/wp-json\/wp\/v2\/categories?post=25738"},{"taxonomy":"post_tag","embeddable":true,"href":"https:\/\/www.mpc.pr.gov.br\/index.php\/wp-json\/wp\/v2\/tags?post=25738"}],"curies":[{"name":"wp","href":"https:\/\/api.w.org\/{rel}","templated":true}]}}