{"id":26461,"date":"2026-08-31T20:28:43","date_gmt":"2026-08-31T23:28:43","guid":{"rendered":"https:\/\/www.mpc.pr.gov.br\/?p=26461"},"modified":"2026-08-31T20:28:43","modified_gmt":"2026-08-31T23:28:43","slug":"mpc-pr-participa-de-etapa-final-de-curso-estadual-sobre-intervencao-e-gestao-em-desastres","status":"publish","type":"post","link":"https:\/\/www.mpc.pr.gov.br\/index.php\/mpc-pr-participa-de-etapa-final-de-curso-estadual-sobre-intervencao-e-gestao-em-desastres\/","title":{"rendered":"MPC-PR participa de etapa final de curso estadual sobre interven\u00e7\u00e3o e gest\u00e3o em desastres"},"content":{"rendered":"<p><span data-contrast=\"auto\"><img fetchpriority=\"high\" decoding=\"async\" class=\"size-medium wp-image-26462 alignleft\" src=\"https:\/\/www.mpc.pr.gov.br\/wp-content\/uploads\/2026\/08\/IMAGEM-SITE-6-300x169.png\" alt=\"\" width=\"300\" height=\"169\" srcset=\"https:\/\/www.mpc.pr.gov.br\/wp-content\/uploads\/2026\/08\/IMAGEM-SITE-6-300x169.png 300w, https:\/\/www.mpc.pr.gov.br\/wp-content\/uploads\/2026\/08\/IMAGEM-SITE-6.png 560w\" sizes=\"(max-width: 300px) 100vw, 300px\" \/>O Minist\u00e9rio P\u00fablico de Contas do Paran\u00e1 (MPC-PR) participou, nesta segunda-feira (31 de agosto), da cerim\u00f4nia de abertura da \u00faltima fase do curso \u201cInterven\u00e7\u00e3o e Gest\u00e3o em Desastres\u201d, promovido pela Secretaria do Desenvolvimento Social e Fam\u00edlia e pela Coordenadoria Estadual da Defesa Civil. O encontro foi realizado no Centro de Eventos IMAP Barigui, em Curitiba, reunindo representantes de \u00f3rg\u00e3os estaduais, municipais e institui\u00e7\u00f5es parceiras para discutir caminhos pr\u00e1ticos diante de emerg\u00eancias e calamidade p\u00fablica.<\/span><span data-ccp-props=\"{&quot;201341983&quot;:0,&quot;335551550&quot;:6,&quot;335551620&quot;:6,&quot;335559740&quot;:360}\">\u00a0<\/span><\/p>\n<p><b><span data-contrast=\"auto\">Mesa de Abertura<\/span><\/b><span data-ccp-props=\"{&quot;201341983&quot;:0,&quot;335551550&quot;:6,&quot;335551620&quot;:6,&quot;335559740&quot;:360}\">\u00a0<\/span><\/p>\n<p><span data-contrast=\"auto\">A mesa de abertura contou com a participa\u00e7\u00e3o da <strong>Secret\u00e1ria do Desenvolvimento Social e Fam\u00edlia, Luiza Simonelli<\/strong>; do <strong>Presidente do Tribunal de Contas do Estado do Paran\u00e1 (TCE-PR), Ivens Zschoerper Linhares<\/strong>; da <strong>Coordenadora do Projeto Especial \u201cEstruturas de Prote\u00e7\u00e3o e Defesa Civil dos Munic\u00edpios\u201d do Minist\u00e9rio P\u00fablico de Contas do Paran\u00e1, Cec\u00edlia Passos Brand\u00e3o<\/strong>; e do <strong>Coordenador Executivo da Defesa Civil Estadual, Coronel QOBM Ivan Ricardo Fernandes<\/strong>.<\/span><span data-ccp-props=\"{&quot;134233117&quot;:false,&quot;134233118&quot;:false,&quot;201341983&quot;:0,&quot;335551550&quot;:6,&quot;335551620&quot;:6,&quot;335559685&quot;:0,&quot;335559737&quot;:0,&quot;335559738&quot;:0,&quot;335559739&quot;:160,&quot;335559740&quot;:360}\">\u00a0<\/span><\/p>\n<p><span data-contrast=\"auto\">Durante a abertura, Luiza Simonelli destacou os impactos recentes provocados por eventos clim\u00e1ticos severos no Paran\u00e1, mencionando o caso de Rio Bonito do Igua\u00e7u como exemplo da necessidade de fortalecer a prepara\u00e7\u00e3o dos Munic\u00edpios. A secret\u00e1ria ressaltou que as mudan\u00e7as clim\u00e1ticas exigem planejamento cont\u00ednuo, inclusive com previs\u00e3o de recursos espec\u00edficos nos instrumentos or\u00e7ament\u00e1rios municipais, como a Lei de Diretrizes Or\u00e7ament\u00e1rias (LDO) e a Lei Or\u00e7ament\u00e1ria Anual (LOA). Tamb\u00e9m defendeu a import\u00e2ncia do di\u00e1logo com as C\u00e2maras Municipais e do alinhamento entre as estruturas regionais e locais de prote\u00e7\u00e3o e defesa civil.<\/span><span data-ccp-props=\"{&quot;201341983&quot;:0,&quot;335551550&quot;:6,&quot;335551620&quot;:6,&quot;335559740&quot;:360}\">\u00a0<\/span><\/p>\n<p><span data-contrast=\"auto\">O Presidente Ivens Zschoerper Linhares, por sua vez,\u00a0refor\u00e7ou o papel do TCE-PR na orienta\u00e7\u00e3o dos gestores e relembrou a atua\u00e7\u00e3o conjunta das institui\u00e7\u00f5es em situa\u00e7\u00f5es de desastre, enfatizando que a resposta adequada depende de coopera\u00e7\u00e3o entre Defesa Civil, Assist\u00eancia Social, \u00f3rg\u00e3os de controle e administra\u00e7\u00f5es municipais. <\/span><span data-ccp-props=\"{&quot;201341983&quot;:0,&quot;335551550&quot;:6,&quot;335551620&quot;:6,&quot;335559740&quot;:360}\">\u00a0<\/span><\/p>\n<p><span data-contrast=\"auto\">Por sua vez, o\u00a0Coronel Ivan Ricardo Fernandes informou que o curso teve mais de mil inscritos e destacou o esfor\u00e7o da Defesa Civil Estadual na realiza\u00e7\u00e3o de capacita\u00e7\u00f5es em diferentes regi\u00f5es do Paran\u00e1, com mais de 10 mil quil\u00f4metros percorridos ao longo do ano para apoiar o fortalecimento das Coordenadorias Municipais.<\/span><span data-ccp-props=\"{&quot;201341983&quot;:0,&quot;335551550&quot;:6,&quot;335551620&quot;:6,&quot;335559740&quot;:360}\">\u00a0<\/span><\/p>\n<p><b><span data-contrast=\"auto\">Palestras<\/span><\/b><span data-ccp-props=\"{&quot;201341983&quot;:0,&quot;335551550&quot;:6,&quot;335551620&quot;:6,&quot;335559740&quot;:360}\">\u00a0<\/span><\/p>\n<p><span data-contrast=\"auto\">A programa\u00e7\u00e3o teve in\u00edcio com a palestra ministrada por <strong>Paula Cristina Calsavara, da Secretaria de <\/strong><span class=\"TextRun SCXW186570334 BCX0\" lang=\"PT-BR\" xml:lang=\"PT-BR\" data-contrast=\"auto\"><span class=\"NormalTextRun SCXW186570334 BCX0\"><strong>Desenvolvimento Social e Fam\u00edlia<\/strong>, <\/span><\/span>\u00a0apresentou o \u201cGuia Operacional da Assist\u00eancia Social do Estado do Paran\u00e1 para atua\u00e7\u00e3o em situa\u00e7\u00f5es de emerg\u00eancia ou calamidade p\u00fablica\u201d. A exposi\u00e7\u00e3o abordou o papel do Sistema \u00danico de Assist\u00eancia Social (SUAS) no atendimento \u00e0s fam\u00edlias e pessoas atingidas por desastres, com destaque para o preenchimento do Formul\u00e1rio Nacional de Informa\u00e7\u00f5es em Situa\u00e7\u00f5es de Emerg\u00eancia, a atualiza\u00e7\u00e3o do Cadastro \u00danico (Cad\u00danico).<\/span><span data-ccp-props=\"{&quot;201341983&quot;:0,&quot;335551550&quot;:6,&quot;335551620&quot;:6,&quot;335559740&quot;:360}\">\u00a0<\/span><\/p>\n<p><span data-contrast=\"auto\">A palestrante tamb\u00e9m tratou dos benef\u00edcios eventuais, das normas aplic\u00e1veis \u00e0 assist\u00eancia em situa\u00e7\u00f5es emergenciais e da import\u00e2ncia do repasse fundo a fundo como instrumento para viabilizar a\u00e7\u00f5es de resposta e recupera\u00e7\u00e3o, e ressaltou a import\u00e2ncia da atua\u00e7\u00e3o integrada entre Defesa Civil, Coordenadorias municipais e Assist\u00eancia social.<\/span><span data-ccp-props=\"{&quot;201341983&quot;:0,&quot;335551550&quot;:6,&quot;335551620&quot;:6,&quot;335559740&quot;:360}\">\u00a0<\/span><\/p>\n<p><span data-contrast=\"auto\">Na sequ\u00eancia, o Coronel Ivan Ricardo Fernandes, Coordenador Executivo da Defesa Civil Estadual, apresentou a palestra \u201cCompreender seu papel na atua\u00e7\u00e3o em desastres\u201d, destacando a necessidade de prepara\u00e7\u00e3o para os efeitos do fen\u00f4meno El Ni\u00f1o e para os reflexos das mudan\u00e7as clim\u00e1ticas, como \u00e9 o caso da intensifica\u00e7\u00e3o das chuvas e a necessidade de atua\u00e7\u00e3o preventiva. Tamb\u00e9m explicou sobre a articula\u00e7\u00e3o entre a Secretaria Nacional de Prote\u00e7\u00e3o e Defesa Civil (SEDEC), a Coordenadoria Estadual da Defesa Civil (CEDEC) e as Coordenadorias Municipais de Prote\u00e7\u00e3o e Defesa Civil (COMPDECs), com base na legisla\u00e7\u00e3o federal e estadual que orientam a pol\u00edtica p\u00fablica de prote\u00e7\u00e3o e defesa civil. <\/span><\/p>\n<p>O Coordenador tamb\u00e9m apresentou os cinco pilares de atua\u00e7\u00e3o em desastres: (I) conhecimento e mapeamento; (II) preven\u00e7\u00e3o e ordenamento; (III) prepara\u00e7\u00e3o e educa\u00e7\u00e3o; (IV) resposta e assist\u00eancia; e (V) informa\u00e7\u00e3o e conex\u00e3o. Entre os pontos pr\u00e1ticos debatidos, foram mencionados a atualiza\u00e7\u00e3o dos dados sobre abrigos tempor\u00e1rios, a elabora\u00e7\u00e3o de laudos comprobat\u00f3rios de danos e preju\u00edzos e a necessidade de os Coordenadores Municipais atuarem de forma integrada com as diferentes Secretarias e redes de apoio, incluindo volunt\u00e1rios, radioamadores e profissionais especializados.<\/p>\n<p><span data-contrast=\"auto\">Na sequ\u00eancia da programa\u00e7\u00e3o, o Presidente do TCE-PR, Ivens Szchoerper Linhares, tamb\u00e9m apresentou as contribui\u00e7\u00f5es que o Tribunal de Contas pode oferecer ao aprimoramento das pol\u00edticas p\u00fablicas municipais. Em sua fala, destacou instrumentos como o PROGOV e o PROLEGIS, que auxiliam na avalia\u00e7\u00e3o, orienta\u00e7\u00e3o e fortalecimento da gest\u00e3o p\u00fablica. Ao abordar os eixos do question\u00e1rio do PROGOV, ressaltou que as ferramentas de diagn\u00f3stico podem contribuir para que os Munic\u00edpios identifiquem fragilidades, qualifiquem seus processos internos e planejem a\u00e7\u00f5es mais eficientes.<\/span><span data-ccp-props=\"{&quot;201341983&quot;:0,&quot;335551550&quot;:6,&quot;335551620&quot;:6,&quot;335559740&quot;:360}\">\u00a0<\/span><\/p>\n<p><span data-contrast=\"auto\">Em seguida, <strong>Ticyana Paula Begnini, Diretora de Desenvolvimento Social<\/strong>, e o <strong>Capit\u00e3o QOBM Julian Gomes Waldrigues, chefe do 1\u00ba N\u00facleo de Atua\u00e7\u00e3o Regional (NAR) de Curitiba<\/strong>, conduziram a palestra voltada \u00e0s fases do cronograma operacional que devem orientar a atua\u00e7\u00e3o conjunta das equipes municipais de Defesa Civil e Assist\u00eancia Social. Durante a apresenta\u00e7\u00e3o conjunta, foram abordadas as etapas de prepara\u00e7\u00e3o, resposta, transi\u00e7\u00e3o e p\u00f3s-crise, com aten\u00e7\u00e3o especial \u00e0 organiza\u00e7\u00e3o de abrigos, \u00e0 atualiza\u00e7\u00e3o de cadastros, \u00e0 composi\u00e7\u00e3o de equipes respons\u00e1veis pela administra\u00e7\u00e3o dos espa\u00e7os de acolhimento e ao planejamento da atua\u00e7\u00e3o de volunt\u00e1rios em campo. Tamb\u00e9m foram respondidas perguntas feitas pelos participantes na plateia.<\/span><span data-ccp-props=\"{&quot;134233117&quot;:false,&quot;134233118&quot;:false,&quot;201341983&quot;:0,&quot;335551550&quot;:6,&quot;335551620&quot;:6,&quot;335559685&quot;:0,&quot;335559737&quot;:0,&quot;335559738&quot;:0,&quot;335559739&quot;:160,&quot;335559740&quot;:360}\">\u00a0<\/span><\/p>\n<h4 aria-level=\"2\"><b><span data-contrast=\"auto\">Nova Cartilha do MPC-PR orienta Munic\u00edpios sobre a atua\u00e7\u00e3o em desastres<\/span><\/b><span data-ccp-props=\"{&quot;134245418&quot;:true,&quot;134245529&quot;:true,&quot;201341983&quot;:0,&quot;335551550&quot;:6,&quot;335551620&quot;:6,&quot;335559738&quot;:160,&quot;335559739&quot;:80,&quot;335559740&quot;:360}\">\u00a0<\/span><\/h4>\n<p><span data-contrast=\"auto\">A programa\u00e7\u00e3o do evento tamb\u00e9m contou com a apresenta\u00e7\u00e3o da servidora do MPC-PR, Cec\u00edlia Passos Brand\u00e3o, Coordenadora do Projeto Especial \u201cEstruturas de Prote\u00e7\u00e3o e Defesa Civil dos Munic\u00edpios\u201d, que destacou inicialmente a trajet\u00f3ria da atua\u00e7\u00e3o do MPC-PR na consolida\u00e7\u00e3o dos trabalhos voltados ao fortalecimento das defesas civis municipais. A exposi\u00e7\u00e3o demonstrou como os diagn\u00f3sticos elaborados pelo \u00f3rg\u00e3o t\u00eam gerado recomenda\u00e7\u00f5es, relat\u00f3rios t\u00e9cnicos e materiais educativos cada vez mais necess\u00e1rios diante da recorr\u00eancia de desastres naturais.<\/span><span data-ccp-props=\"{&quot;134233117&quot;:false,&quot;134233118&quot;:false,&quot;201341983&quot;:0,&quot;335551550&quot;:6,&quot;335551620&quot;:6,&quot;335559685&quot;:0,&quot;335559737&quot;:0,&quot;335559738&quot;:0,&quot;335559739&quot;:160,&quot;335559740&quot;:360}\">\u00a0<\/span><\/p>\n<p><span data-contrast=\"auto\">A palestrante refor\u00e7ou que a produ\u00e7\u00e3o de conhecimento aplicado, quando traduzida em linguagem acess\u00edvel e orienta\u00e7\u00f5es objetivas, contribui para apoiar gestores locais na organiza\u00e7\u00e3o administrativa, no registro adequado de informa\u00e7\u00f5es e na constru\u00e7\u00e3o de pol\u00edticas p\u00fablicas mais preparadas para prevenir riscos e responder a emerg\u00eancias.<\/span><span data-ccp-props=\"{&quot;134233117&quot;:false,&quot;134233118&quot;:false,&quot;201341983&quot;:0,&quot;335551550&quot;:6,&quot;335551620&quot;:6,&quot;335559685&quot;:0,&quot;335559737&quot;:0,&quot;335559738&quot;:0,&quot;335559739&quot;:160,&quot;335559740&quot;:360}\">\u00a0<\/span><\/p>\n<p><span data-contrast=\"auto\">Nesse sentido, Cec\u00edlia\u00a0apresentou o lan\u00e7amento do \u201cGuia para Atua\u00e7\u00e3o Municipal em Desastres\u201d do MPC-PR, elaborado em dois volumes, em parceria com a Coordenadoria Estadual da Defesa Civil (CEDEC-PR) e com apoio institucional do Tribunal de Contas do Estado do Paran\u00e1 (TCE-PR). Os materiais foram desenvolvidos a partir de diagn\u00f3sticos, dados pr\u00e1ticos e experi\u00eancias reunidas no \u00e2mbito do Projeto Especial \u201cEstruturas de Prote\u00e7\u00e3o e Defesa Civil dos Munic\u00edpios\u201d, com o objetivo de oferecer orienta\u00e7\u00f5es claras para apoiar a atua\u00e7\u00e3o dos gestores p\u00fablicos antes, durante e depois da ocorr\u00eancia de desastres.<\/span><span data-ccp-props=\"{&quot;201341983&quot;:0,&quot;335551550&quot;:6,&quot;335551620&quot;:6,&quot;335559740&quot;:360}\">\u00a0<\/span><\/p>\n<p><span data-contrast=\"auto\"><img decoding=\"async\" class=\"size-medium wp-image-26456 alignleft\" src=\"https:\/\/www.mpc.pr.gov.br\/wp-content\/uploads\/2026\/08\/carderno-01-guia-defesa-civil-219x300.jpeg\" alt=\"\" width=\"219\" height=\"300\" srcset=\"https:\/\/www.mpc.pr.gov.br\/wp-content\/uploads\/2026\/08\/carderno-01-guia-defesa-civil-219x300.jpeg 219w, https:\/\/www.mpc.pr.gov.br\/wp-content\/uploads\/2026\/08\/carderno-01-guia-defesa-civil.jpeg 546w\" sizes=\"(max-width: 219px) 100vw, 219px\" \/>O <strong><a href=\"https:\/\/www.mpc.pr.gov.br\/wp-content\/uploads\/2026\/08\/GUIA_MUNICIPIO_DESASTRES_MPC_CEDEC_TCE_CADERNO_1.pdf\">Volume 1<\/a><\/strong> apresenta uma contextualiza\u00e7\u00e3o sobre o papel dos munic\u00edpios na pol\u00edtica de prote\u00e7\u00e3o e defesa civil, explicando conceitos essenciais relacionados \u00e0 preven\u00e7\u00e3o, mitiga\u00e7\u00e3o, prepara\u00e7\u00e3o, resposta e recupera\u00e7\u00e3o. A cartilha tamb\u00e9m aborda a import\u00e2ncia da estrutura\u00e7\u00e3o das Coordenadorias Municipais de Prote\u00e7\u00e3o e Defesa Civil (COMPDECs), da defini\u00e7\u00e3o de responsabilidades, do planejamento or\u00e7ament\u00e1rio e da integra\u00e7\u00e3o entre diferentes \u00e1reas da administra\u00e7\u00e3o p\u00fablica, como assist\u00eancia social, sa\u00fade, obras, educa\u00e7\u00e3o, meio ambiente e planejamento urbano.<\/span><span data-ccp-props=\"{&quot;201341983&quot;:0,&quot;335551550&quot;:6,&quot;335551620&quot;:6,&quot;335559740&quot;:360}\">\u00a0<\/span><\/p>\n<p><span data-contrast=\"auto\"><img decoding=\"async\" class=\"size-medium wp-image-26455 alignright\" src=\"https:\/\/www.mpc.pr.gov.br\/wp-content\/uploads\/2026\/08\/Caderno-02-guia-defesa-civil-213x300.jpeg\" alt=\"\" width=\"213\" height=\"300\" srcset=\"https:\/\/www.mpc.pr.gov.br\/wp-content\/uploads\/2026\/08\/Caderno-02-guia-defesa-civil-213x300.jpeg 213w, https:\/\/www.mpc.pr.gov.br\/wp-content\/uploads\/2026\/08\/Caderno-02-guia-defesa-civil.jpeg 550w\" sizes=\"(max-width: 213px) 100vw, 213px\" \/>J\u00e1 o <strong><a href=\"https:\/\/www.mpc.pr.gov.br\/wp-content\/uploads\/2026\/08\/GUIA_MUNICIPIO_DESASTRES_MPC_CEDEC_TCE_CADERNO_2.pdf\">Volume 2<\/a><\/strong>, traz os aspectos pr\u00e1ticos da atua\u00e7\u00e3o municipal, reunindo orienta\u00e7\u00f5es voltadas \u00e0 organiza\u00e7\u00e3o administrativa, ao registro de informa\u00e7\u00f5es, \u00e0 elabora\u00e7\u00e3o de planos, ao mapeamento de riscos e \u00e0 ado\u00e7\u00e3o de medidas que permitam respostas mais r\u00e1pidas e coordenadas em situa\u00e7\u00f5es de emerg\u00eancia ou calamidade p\u00fablica. <\/span><span data-ccp-props=\"{&quot;201341983&quot;:0,&quot;335551550&quot;:6,&quot;335551620&quot;:6,&quot;335559740&quot;:360}\">\u00a0<\/span><\/p>\n<p><span data-contrast=\"auto\">Nesse sentido, destacou que o Guia funciona como uma ferramenta de consulta para a gest\u00e3o local, aproximando linguagem t\u00e9cnica de sua aplica\u00e7\u00e3o cotidiana, de modo a auxiliar os Munic\u00edpios na tomada de decis\u00f5es e na melhoria cont\u00ednua das estruturas de prote\u00e7\u00e3o e defesa civil.<\/span><span data-ccp-props=\"{&quot;201341983&quot;:0,&quot;335551550&quot;:6,&quot;335551620&quot;:6,&quot;335559740&quot;:360}\">\u00a0<\/span><\/p>\n<h4><b><span data-contrast=\"auto\">Trabalho em conjunto<\/span><\/b><span data-ccp-props=\"{&quot;201341983&quot;:0,&quot;335551550&quot;:6,&quot;335551620&quot;:6,&quot;335559740&quot;:360}\">\u00a0<\/span><\/h4>\n<p><span data-contrast=\"auto\">A realiza\u00e7\u00e3o de um evento como este evidencia a relev\u00e2ncia do trabalho conjunto entre diferentes \u00f3rg\u00e3os do Paran\u00e1, dentre os quais, cada um no \u00e2mbito de suas fun\u00e7\u00f5es, podem atuar e contribuir para a preven\u00e7\u00e3o de desastres nos Munic\u00edpios paranaenses.<\/span><span data-ccp-props=\"{&quot;201341983&quot;:0,&quot;335551550&quot;:6,&quot;335551620&quot;:6,&quot;335559740&quot;:360}\">\u00a0<\/span><\/p>\n<p><span data-contrast=\"auto\">Ao reunir Defesa Civil, Assist\u00eancia Social, \u00f3rg\u00e3os de controle e demais institui\u00e7\u00f5es parceiras, a iniciativa fortalece a capacita\u00e7\u00e3o dos gestores e amplia a compreens\u00e3o sobre a import\u00e2ncia do planejamento permanente, da organiza\u00e7\u00e3o administrativa e da atua\u00e7\u00e3o coordenada antes, durante e depois das situa\u00e7\u00f5es de emerg\u00eancia. <\/span><span data-ccp-props=\"{&quot;201341983&quot;:0,&quot;335551550&quot;:6,&quot;335551620&quot;:6,&quot;335559740&quot;:360}\">\u00a0<\/span><\/p>\n<p><span data-contrast=\"auto\">Nesse contexto, o MPC-PR reafirma seu compromisso com a orienta\u00e7\u00e3o preventiva e com a qualifica\u00e7\u00e3o da gest\u00e3o p\u00fablica municipal, ao entregar mais uma publica\u00e7\u00e3o t\u00e9cnica voltada a apoiar os gestores na estrutura\u00e7\u00e3o de pol\u00edticas locais de prote\u00e7\u00e3o e defesa civil, transformando diagn\u00f3sticos e experi\u00eancias institucionais em conhecimento acess\u00edvel, pr\u00e1tico e aplic\u00e1vel \u00e0 realidade dos Munic\u00edpios.<\/span><span data-ccp-props=\"{&quot;201341983&quot;:0,&quot;335551550&quot;:6,&quot;335551620&quot;:6,&quot;335559740&quot;:360}\">\u00a0<\/span><\/p>\n<p><span data-ccp-props=\"{&quot;201341983&quot;:0,&quot;335551550&quot;:6,&quot;335551620&quot;:6,&quot;335559740&quot;:360}\">\u00a0<\/span><\/p>\n","protected":false},"excerpt":{"rendered":"<p>O Minist\u00e9rio P\u00fablico de Contas do Paran\u00e1 (MPC-PR) participou, nesta segunda-feira (31 de agosto), da cerim\u00f4nia de abertura da \u00faltima fase do curso \u201cInterven\u00e7\u00e3o e Gest\u00e3o em Desastres\u201d, promovido pela Secretaria do Desenvolvimento Social e Fam\u00edlia e pela Coordenadoria Estadual da Defesa Civil. O encontro foi realizado no Centro de Eventos IMAP Barigui, em Curitiba, [&hellip;]<\/p>\n","protected":false},"author":1,"featured_media":26462,"comment_status":"open","ping_status":"open","sticky":false,"template":"","format":"standard","meta":{"rop_custom_images_group":[],"rop_custom_messages_group":[],"rop_publish_now":"no","rop_publish_now_accounts":[],"rop_publish_now_history":[],"rop_publish_now_status":"pending","_monsterinsights_skip_tracking":false,"footnotes":""},"categories":[2,7],"tags":[905,994,784,13,996,39],"class_list":["post-26461","post","type-post","status-publish","format-standard","has-post-thumbnail","hentry","category-destaques","category-todas-as-noticias","tag-assistencia-social","tag-cedec-pr","tag-gestao-de-riscos","tag-mpc-pr","tag-prevencao-de-desastres","tag-tce-pr","entry","has-media"],"yoast_head":"<!-- This site is optimized with the Yoast SEO plugin v28.3 - https:\/\/yoast.com\/product\/yoast-seo-wordpress\/ -->\n<title>MPC-PR participa de etapa final de curso estadual sobre interven\u00e7\u00e3o e gest\u00e3o em desastres - Minist\u00e9rio P\u00fablico de Contas do Estado do Paran\u00e1<\/title>\n<meta name=\"robots\" content=\"index, follow, max-snippet:-1, max-image-preview:large, max-video-preview:-1\" \/>\n<link rel=\"canonical\" href=\"https:\/\/www.mpc.pr.gov.br\/index.php\/mpc-pr-participa-de-etapa-final-de-curso-estadual-sobre-intervencao-e-gestao-em-desastres\/\" \/>\n<meta property=\"og:locale\" content=\"pt_BR\" \/>\n<meta property=\"og:type\" content=\"article\" \/>\n<meta property=\"og:title\" content=\"MPC-PR participa de etapa final de curso estadual sobre interven\u00e7\u00e3o e gest\u00e3o em desastres - Minist\u00e9rio P\u00fablico de Contas do Estado do Paran\u00e1\" \/>\n<meta property=\"og:description\" content=\"O Minist\u00e9rio P\u00fablico de Contas do Paran\u00e1 (MPC-PR) participou, nesta segunda-feira (31 de agosto), da cerim\u00f4nia de abertura da \u00faltima fase do curso \u201cInterven\u00e7\u00e3o e Gest\u00e3o em Desastres\u201d, promovido pela Secretaria do Desenvolvimento Social e Fam\u00edlia e pela Coordenadoria Estadual da Defesa Civil. O encontro foi realizado no Centro de Eventos IMAP Barigui, em Curitiba, [&hellip;]\" \/>\n<meta property=\"og:url\" content=\"https:\/\/www.mpc.pr.gov.br\/index.php\/mpc-pr-participa-de-etapa-final-de-curso-estadual-sobre-intervencao-e-gestao-em-desastres\/\" \/>\n<meta property=\"og:site_name\" content=\"Minist\u00e9rio P\u00fablico de Contas do Estado do Paran\u00e1\" \/>\n<meta property=\"article:publisher\" content=\"https:\/\/www.facebook.com\/mpc.pr\" \/>\n<meta property=\"article:published_time\" content=\"2026-08-31T23:28:43+00:00\" \/>\n<meta property=\"og:image\" content=\"https:\/\/www.mpc.pr.gov.br\/wp-content\/uploads\/2026\/08\/IMAGEM-SITE-6.png\" \/>\n\t<meta property=\"og:image:width\" content=\"560\" \/>\n\t<meta property=\"og:image:height\" content=\"315\" \/>\n\t<meta property=\"og:image:type\" content=\"image\/png\" \/>\n<meta name=\"author\" content=\"mpcontaspr\" \/>\n<meta name=\"twitter:card\" content=\"summary_large_image\" \/>\n<meta name=\"twitter:label1\" content=\"Escrito por\" \/>\n\t<meta name=\"twitter:data1\" content=\"mpcontaspr\" \/>\n\t<meta name=\"twitter:label2\" content=\"Est. tempo de leitura\" \/>\n\t<meta name=\"twitter:data2\" content=\"9 minutos\" \/>\n<script type=\"application\/ld+json\" class=\"yoast-schema-graph\">{\"@context\":\"https:\\\/\\\/schema.org\",\"@graph\":[{\"@type\":\"Article\",\"@id\":\"https:\\\/\\\/www.mpc.pr.gov.br\\\/index.php\\\/mpc-pr-participa-de-etapa-final-de-curso-estadual-sobre-intervencao-e-gestao-em-desastres\\\/#article\",\"isPartOf\":{\"@id\":\"https:\\\/\\\/www.mpc.pr.gov.br\\\/index.php\\\/mpc-pr-participa-de-etapa-final-de-curso-estadual-sobre-intervencao-e-gestao-em-desastres\\\/\"},\"author\":{\"name\":\"mpcontaspr\",\"@id\":\"https:\\\/\\\/www.mpc.pr.gov.br\\\/#\\\/schema\\\/person\\\/2d83cb8980538d0ec174e8a6284f5e11\"},\"headline\":\"MPC-PR participa de etapa final de curso estadual sobre interven\u00e7\u00e3o e gest\u00e3o em desastres\",\"datePublished\":\"2026-08-31T23:28:43+00:00\",\"mainEntityOfPage\":{\"@id\":\"https:\\\/\\\/www.mpc.pr.gov.br\\\/index.php\\\/mpc-pr-participa-de-etapa-final-de-curso-estadual-sobre-intervencao-e-gestao-em-desastres\\\/\"},\"wordCount\":1622,\"commentCount\":0,\"publisher\":{\"@id\":\"https:\\\/\\\/www.mpc.pr.gov.br\\\/#organization\"},\"image\":{\"@id\":\"https:\\\/\\\/www.mpc.pr.gov.br\\\/index.php\\\/mpc-pr-participa-de-etapa-final-de-curso-estadual-sobre-intervencao-e-gestao-em-desastres\\\/#primaryimage\"},\"thumbnailUrl\":\"https:\\\/\\\/www.mpc.pr.gov.br\\\/wp-content\\\/uploads\\\/2026\\\/08\\\/IMAGEM-SITE-6.png\",\"keywords\":[\"Assist\u00eancia Social\",\"CEDEC-PR\",\"Gest\u00e3o de Riscos\",\"MPC-PR\",\"Preven\u00e7\u00e3o de Desastres\",\"TCE-PR\"],\"articleSection\":[\"Destaques\",\"Todas as not\u00edcias\"],\"inLanguage\":\"pt-BR\",\"potentialAction\":[{\"@type\":\"CommentAction\",\"name\":\"Comment\",\"target\":[\"https:\\\/\\\/www.mpc.pr.gov.br\\\/index.php\\\/mpc-pr-participa-de-etapa-final-de-curso-estadual-sobre-intervencao-e-gestao-em-desastres\\\/#respond\"]}]},{\"@type\":\"WebPage\",\"@id\":\"https:\\\/\\\/www.mpc.pr.gov.br\\\/index.php\\\/mpc-pr-participa-de-etapa-final-de-curso-estadual-sobre-intervencao-e-gestao-em-desastres\\\/\",\"url\":\"https:\\\/\\\/www.mpc.pr.gov.br\\\/index.php\\\/mpc-pr-participa-de-etapa-final-de-curso-estadual-sobre-intervencao-e-gestao-em-desastres\\\/\",\"name\":\"MPC-PR participa de etapa final de curso estadual sobre interven\u00e7\u00e3o e gest\u00e3o em desastres - Minist\u00e9rio P\u00fablico de Contas do Estado do Paran\u00e1\",\"isPartOf\":{\"@id\":\"https:\\\/\\\/www.mpc.pr.gov.br\\\/#website\"},\"primaryImageOfPage\":{\"@id\":\"https:\\\/\\\/www.mpc.pr.gov.br\\\/index.php\\\/mpc-pr-participa-de-etapa-final-de-curso-estadual-sobre-intervencao-e-gestao-em-desastres\\\/#primaryimage\"},\"image\":{\"@id\":\"https:\\\/\\\/www.mpc.pr.gov.br\\\/index.php\\\/mpc-pr-participa-de-etapa-final-de-curso-estadual-sobre-intervencao-e-gestao-em-desastres\\\/#primaryimage\"},\"thumbnailUrl\":\"https:\\\/\\\/www.mpc.pr.gov.br\\\/wp-content\\\/uploads\\\/2026\\\/08\\\/IMAGEM-SITE-6.png\",\"datePublished\":\"2026-08-31T23:28:43+00:00\",\"breadcrumb\":{\"@id\":\"https:\\\/\\\/www.mpc.pr.gov.br\\\/index.php\\\/mpc-pr-participa-de-etapa-final-de-curso-estadual-sobre-intervencao-e-gestao-em-desastres\\\/#breadcrumb\"},\"inLanguage\":\"pt-BR\",\"potentialAction\":[{\"@type\":\"ReadAction\",\"target\":[\"https:\\\/\\\/www.mpc.pr.gov.br\\\/index.php\\\/mpc-pr-participa-de-etapa-final-de-curso-estadual-sobre-intervencao-e-gestao-em-desastres\\\/\"]}]},{\"@type\":\"ImageObject\",\"inLanguage\":\"pt-BR\",\"@id\":\"https:\\\/\\\/www.mpc.pr.gov.br\\\/index.php\\\/mpc-pr-participa-de-etapa-final-de-curso-estadual-sobre-intervencao-e-gestao-em-desastres\\\/#primaryimage\",\"url\":\"https:\\\/\\\/www.mpc.pr.gov.br\\\/wp-content\\\/uploads\\\/2026\\\/08\\\/IMAGEM-SITE-6.png\",\"contentUrl\":\"https:\\\/\\\/www.mpc.pr.gov.br\\\/wp-content\\\/uploads\\\/2026\\\/08\\\/IMAGEM-SITE-6.png\",\"width\":560,\"height\":315},{\"@type\":\"BreadcrumbList\",\"@id\":\"https:\\\/\\\/www.mpc.pr.gov.br\\\/index.php\\\/mpc-pr-participa-de-etapa-final-de-curso-estadual-sobre-intervencao-e-gestao-em-desastres\\\/#breadcrumb\",\"itemListElement\":[{\"@type\":\"ListItem\",\"position\":1,\"name\":\"In\u00edcio\",\"item\":\"https:\\\/\\\/www.mpc.pr.gov.br\\\/\"},{\"@type\":\"ListItem\",\"position\":2,\"name\":\"MPC-PR participa de etapa final de curso estadual sobre interven\u00e7\u00e3o e gest\u00e3o em desastres\"}]},{\"@type\":\"WebSite\",\"@id\":\"https:\\\/\\\/www.mpc.pr.gov.br\\\/#website\",\"url\":\"https:\\\/\\\/www.mpc.pr.gov.br\\\/\",\"name\":\"Minist\u00e9rio P\u00fablico de Contas do Estado do Paran\u00e1\",\"description\":\"\",\"publisher\":{\"@id\":\"https:\\\/\\\/www.mpc.pr.gov.br\\\/#organization\"},\"potentialAction\":[{\"@type\":\"SearchAction\",\"target\":{\"@type\":\"EntryPoint\",\"urlTemplate\":\"https:\\\/\\\/www.mpc.pr.gov.br\\\/?s={search_term_string}\"},\"query-input\":{\"@type\":\"PropertyValueSpecification\",\"valueRequired\":true,\"valueName\":\"search_term_string\"}}],\"inLanguage\":\"pt-BR\"},{\"@type\":\"Organization\",\"@id\":\"https:\\\/\\\/www.mpc.pr.gov.br\\\/#organization\",\"name\":\"Minist\u00e9rio P\u00fablico de Contas do Estado do Paran\u00e1\",\"url\":\"https:\\\/\\\/www.mpc.pr.gov.br\\\/\",\"logo\":{\"@type\":\"ImageObject\",\"inLanguage\":\"pt-BR\",\"@id\":\"https:\\\/\\\/www.mpc.pr.gov.br\\\/#\\\/schema\\\/logo\\\/image\\\/\",\"url\":\"https:\\\/\\\/www.mpc.pr.gov.br\\\/wp-content\\\/uploads\\\/2020\\\/06\\\/99423647_1593460364143890_6706793420720963584_n-1-e1591387983167.png\",\"contentUrl\":\"https:\\\/\\\/www.mpc.pr.gov.br\\\/wp-content\\\/uploads\\\/2020\\\/06\\\/99423647_1593460364143890_6706793420720963584_n-1-e1591387983167.png\",\"width\":243,\"height\":73,\"caption\":\"Minist\u00e9rio P\u00fablico de Contas do Estado do Paran\u00e1\"},\"image\":{\"@id\":\"https:\\\/\\\/www.mpc.pr.gov.br\\\/#\\\/schema\\\/logo\\\/image\\\/\"},\"sameAs\":[\"https:\\\/\\\/www.facebook.com\\\/mpc.pr\",\"https:\\\/\\\/www.instagram.com\\\/mpc.pr\\\/?hl=pt-br\",\"https:\\\/\\\/www.youtube.com\\\/channel\\\/UCHri5oEM8DV0ztX57E0sBSw\"]},{\"@type\":\"Person\",\"@id\":\"https:\\\/\\\/www.mpc.pr.gov.br\\\/#\\\/schema\\\/person\\\/2d83cb8980538d0ec174e8a6284f5e11\",\"name\":\"mpcontaspr\",\"image\":{\"@type\":\"ImageObject\",\"inLanguage\":\"pt-BR\",\"@id\":\"https:\\\/\\\/secure.gravatar.com\\\/avatar\\\/1aef51541db7622e05fd639336c9c9f312c2a618396e2b6ca96846362fc5403f?s=96&d=mm&r=g\",\"url\":\"https:\\\/\\\/secure.gravatar.com\\\/avatar\\\/1aef51541db7622e05fd639336c9c9f312c2a618396e2b6ca96846362fc5403f?s=96&d=mm&r=g\",\"contentUrl\":\"https:\\\/\\\/secure.gravatar.com\\\/avatar\\\/1aef51541db7622e05fd639336c9c9f312c2a618396e2b6ca96846362fc5403f?s=96&d=mm&r=g\",\"caption\":\"mpcontaspr\"},\"sameAs\":[\"http:\\\/\\\/www.mpc.pr.gov.br\"]}]}<\/script>\n<!-- \/ Yoast SEO plugin. -->","yoast_head_json":{"title":"MPC-PR participa de etapa final de curso estadual sobre interven\u00e7\u00e3o e gest\u00e3o em desastres - Minist\u00e9rio P\u00fablico de Contas do Estado do Paran\u00e1","robots":{"index":"index","follow":"follow","max-snippet":"max-snippet:-1","max-image-preview":"max-image-preview:large","max-video-preview":"max-video-preview:-1"},"canonical":"https:\/\/www.mpc.pr.gov.br\/index.php\/mpc-pr-participa-de-etapa-final-de-curso-estadual-sobre-intervencao-e-gestao-em-desastres\/","og_locale":"pt_BR","og_type":"article","og_title":"MPC-PR participa de etapa final de curso estadual sobre interven\u00e7\u00e3o e gest\u00e3o em desastres - Minist\u00e9rio P\u00fablico de Contas do Estado do Paran\u00e1","og_description":"O Minist\u00e9rio P\u00fablico de Contas do Paran\u00e1 (MPC-PR) participou, nesta segunda-feira (31 de agosto), da cerim\u00f4nia de abertura da \u00faltima fase do curso \u201cInterven\u00e7\u00e3o e Gest\u00e3o em Desastres\u201d, promovido pela Secretaria do Desenvolvimento Social e Fam\u00edlia e pela Coordenadoria Estadual da Defesa Civil. O encontro foi realizado no Centro de Eventos IMAP Barigui, em Curitiba, [&hellip;]","og_url":"https:\/\/www.mpc.pr.gov.br\/index.php\/mpc-pr-participa-de-etapa-final-de-curso-estadual-sobre-intervencao-e-gestao-em-desastres\/","og_site_name":"Minist\u00e9rio P\u00fablico de Contas do Estado do Paran\u00e1","article_publisher":"https:\/\/www.facebook.com\/mpc.pr","article_published_time":"2026-08-31T23:28:43+00:00","og_image":[{"width":560,"height":315,"url":"https:\/\/www.mpc.pr.gov.br\/wp-content\/uploads\/2026\/08\/IMAGEM-SITE-6.png","type":"image\/png"}],"author":"mpcontaspr","twitter_card":"summary_large_image","twitter_misc":{"Escrito por":"mpcontaspr","Est. tempo de leitura":"9 minutos"},"schema":{"@context":"https:\/\/schema.org","@graph":[{"@type":"Article","@id":"https:\/\/www.mpc.pr.gov.br\/index.php\/mpc-pr-participa-de-etapa-final-de-curso-estadual-sobre-intervencao-e-gestao-em-desastres\/#article","isPartOf":{"@id":"https:\/\/www.mpc.pr.gov.br\/index.php\/mpc-pr-participa-de-etapa-final-de-curso-estadual-sobre-intervencao-e-gestao-em-desastres\/"},"author":{"name":"mpcontaspr","@id":"https:\/\/www.mpc.pr.gov.br\/#\/schema\/person\/2d83cb8980538d0ec174e8a6284f5e11"},"headline":"MPC-PR participa de etapa final de curso estadual sobre interven\u00e7\u00e3o e gest\u00e3o em desastres","datePublished":"2026-08-31T23:28:43+00:00","mainEntityOfPage":{"@id":"https:\/\/www.mpc.pr.gov.br\/index.php\/mpc-pr-participa-de-etapa-final-de-curso-estadual-sobre-intervencao-e-gestao-em-desastres\/"},"wordCount":1622,"commentCount":0,"publisher":{"@id":"https:\/\/www.mpc.pr.gov.br\/#organization"},"image":{"@id":"https:\/\/www.mpc.pr.gov.br\/index.php\/mpc-pr-participa-de-etapa-final-de-curso-estadual-sobre-intervencao-e-gestao-em-desastres\/#primaryimage"},"thumbnailUrl":"https:\/\/www.mpc.pr.gov.br\/wp-content\/uploads\/2026\/08\/IMAGEM-SITE-6.png","keywords":["Assist\u00eancia Social","CEDEC-PR","Gest\u00e3o de Riscos","MPC-PR","Preven\u00e7\u00e3o de Desastres","TCE-PR"],"articleSection":["Destaques","Todas as not\u00edcias"],"inLanguage":"pt-BR","potentialAction":[{"@type":"CommentAction","name":"Comment","target":["https:\/\/www.mpc.pr.gov.br\/index.php\/mpc-pr-participa-de-etapa-final-de-curso-estadual-sobre-intervencao-e-gestao-em-desastres\/#respond"]}]},{"@type":"WebPage","@id":"https:\/\/www.mpc.pr.gov.br\/index.php\/mpc-pr-participa-de-etapa-final-de-curso-estadual-sobre-intervencao-e-gestao-em-desastres\/","url":"https:\/\/www.mpc.pr.gov.br\/index.php\/mpc-pr-participa-de-etapa-final-de-curso-estadual-sobre-intervencao-e-gestao-em-desastres\/","name":"MPC-PR participa de etapa final de curso estadual sobre interven\u00e7\u00e3o e gest\u00e3o em desastres - Minist\u00e9rio P\u00fablico de Contas do Estado do Paran\u00e1","isPartOf":{"@id":"https:\/\/www.mpc.pr.gov.br\/#website"},"primaryImageOfPage":{"@id":"https:\/\/www.mpc.pr.gov.br\/index.php\/mpc-pr-participa-de-etapa-final-de-curso-estadual-sobre-intervencao-e-gestao-em-desastres\/#primaryimage"},"image":{"@id":"https:\/\/www.mpc.pr.gov.br\/index.php\/mpc-pr-participa-de-etapa-final-de-curso-estadual-sobre-intervencao-e-gestao-em-desastres\/#primaryimage"},"thumbnailUrl":"https:\/\/www.mpc.pr.gov.br\/wp-content\/uploads\/2026\/08\/IMAGEM-SITE-6.png","datePublished":"2026-08-31T23:28:43+00:00","breadcrumb":{"@id":"https:\/\/www.mpc.pr.gov.br\/index.php\/mpc-pr-participa-de-etapa-final-de-curso-estadual-sobre-intervencao-e-gestao-em-desastres\/#breadcrumb"},"inLanguage":"pt-BR","potentialAction":[{"@type":"ReadAction","target":["https:\/\/www.mpc.pr.gov.br\/index.php\/mpc-pr-participa-de-etapa-final-de-curso-estadual-sobre-intervencao-e-gestao-em-desastres\/"]}]},{"@type":"ImageObject","inLanguage":"pt-BR","@id":"https:\/\/www.mpc.pr.gov.br\/index.php\/mpc-pr-participa-de-etapa-final-de-curso-estadual-sobre-intervencao-e-gestao-em-desastres\/#primaryimage","url":"https:\/\/www.mpc.pr.gov.br\/wp-content\/uploads\/2026\/08\/IMAGEM-SITE-6.png","contentUrl":"https:\/\/www.mpc.pr.gov.br\/wp-content\/uploads\/2026\/08\/IMAGEM-SITE-6.png","width":560,"height":315},{"@type":"BreadcrumbList","@id":"https:\/\/www.mpc.pr.gov.br\/index.php\/mpc-pr-participa-de-etapa-final-de-curso-estadual-sobre-intervencao-e-gestao-em-desastres\/#breadcrumb","itemListElement":[{"@type":"ListItem","position":1,"name":"In\u00edcio","item":"https:\/\/www.mpc.pr.gov.br\/"},{"@type":"ListItem","position":2,"name":"MPC-PR participa de etapa final de curso estadual sobre interven\u00e7\u00e3o e gest\u00e3o em desastres"}]},{"@type":"WebSite","@id":"https:\/\/www.mpc.pr.gov.br\/#website","url":"https:\/\/www.mpc.pr.gov.br\/","name":"Minist\u00e9rio P\u00fablico de Contas do Estado do Paran\u00e1","description":"","publisher":{"@id":"https:\/\/www.mpc.pr.gov.br\/#organization"},"potentialAction":[{"@type":"SearchAction","target":{"@type":"EntryPoint","urlTemplate":"https:\/\/www.mpc.pr.gov.br\/?s={search_term_string}"},"query-input":{"@type":"PropertyValueSpecification","valueRequired":true,"valueName":"search_term_string"}}],"inLanguage":"pt-BR"},{"@type":"Organization","@id":"https:\/\/www.mpc.pr.gov.br\/#organization","name":"Minist\u00e9rio P\u00fablico de Contas do Estado do Paran\u00e1","url":"https:\/\/www.mpc.pr.gov.br\/","logo":{"@type":"ImageObject","inLanguage":"pt-BR","@id":"https:\/\/www.mpc.pr.gov.br\/#\/schema\/logo\/image\/","url":"https:\/\/www.mpc.pr.gov.br\/wp-content\/uploads\/2020\/06\/99423647_1593460364143890_6706793420720963584_n-1-e1591387983167.png","contentUrl":"https:\/\/www.mpc.pr.gov.br\/wp-content\/uploads\/2020\/06\/99423647_1593460364143890_6706793420720963584_n-1-e1591387983167.png","width":243,"height":73,"caption":"Minist\u00e9rio P\u00fablico de Contas do Estado do Paran\u00e1"},"image":{"@id":"https:\/\/www.mpc.pr.gov.br\/#\/schema\/logo\/image\/"},"sameAs":["https:\/\/www.facebook.com\/mpc.pr","https:\/\/www.instagram.com\/mpc.pr\/?hl=pt-br","https:\/\/www.youtube.com\/channel\/UCHri5oEM8DV0ztX57E0sBSw"]},{"@type":"Person","@id":"https:\/\/www.mpc.pr.gov.br\/#\/schema\/person\/2d83cb8980538d0ec174e8a6284f5e11","name":"mpcontaspr","image":{"@type":"ImageObject","inLanguage":"pt-BR","@id":"https:\/\/secure.gravatar.com\/avatar\/1aef51541db7622e05fd639336c9c9f312c2a618396e2b6ca96846362fc5403f?s=96&d=mm&r=g","url":"https:\/\/secure.gravatar.com\/avatar\/1aef51541db7622e05fd639336c9c9f312c2a618396e2b6ca96846362fc5403f?s=96&d=mm&r=g","contentUrl":"https:\/\/secure.gravatar.com\/avatar\/1aef51541db7622e05fd639336c9c9f312c2a618396e2b6ca96846362fc5403f?s=96&d=mm&r=g","caption":"mpcontaspr"},"sameAs":["http:\/\/www.mpc.pr.gov.br"]}]}},"rttpg_featured_image_url":{"full":["https:\/\/www.mpc.pr.gov.br\/wp-content\/uploads\/2026\/08\/IMAGEM-SITE-6.png",560,315,false],"landscape":["https:\/\/www.mpc.pr.gov.br\/wp-content\/uploads\/2026\/08\/IMAGEM-SITE-6.png",560,315,false],"portraits":["https:\/\/www.mpc.pr.gov.br\/wp-content\/uploads\/2026\/08\/IMAGEM-SITE-6.png",560,315,false],"thumbnail":["https:\/\/www.mpc.pr.gov.br\/wp-content\/uploads\/2026\/08\/IMAGEM-SITE-6-150x150.png",150,150,true],"medium":["https:\/\/www.mpc.pr.gov.br\/wp-content\/uploads\/2026\/08\/IMAGEM-SITE-6-300x169.png",300,169,true],"large":["https:\/\/www.mpc.pr.gov.br\/wp-content\/uploads\/2026\/08\/IMAGEM-SITE-6.png",560,315,false],"1536x1536":["https:\/\/www.mpc.pr.gov.br\/wp-content\/uploads\/2026\/08\/IMAGEM-SITE-6.png",560,315,false],"2048x2048":["https:\/\/www.mpc.pr.gov.br\/wp-content\/uploads\/2026\/08\/IMAGEM-SITE-6.png",560,315,false],"ocean-thumb-m":["https:\/\/www.mpc.pr.gov.br\/wp-content\/uploads\/2026\/08\/IMAGEM-SITE-6.png",560,315,false],"ocean-thumb-ml":["https:\/\/www.mpc.pr.gov.br\/wp-content\/uploads\/2026\/08\/IMAGEM-SITE-6.png",560,315,false],"ocean-thumb-l":["https:\/\/www.mpc.pr.gov.br\/wp-content\/uploads\/2026\/08\/IMAGEM-SITE-6.png",560,315,false]},"rttpg_author":{"display_name":"mpcontaspr","author_link":"https:\/\/www.mpc.pr.gov.br\/index.php\/author\/mpcontaspr\/"},"rttpg_comment":0,"rttpg_category":"<a href=\"https:\/\/www.mpc.pr.gov.br\/index.php\/category\/destaques\/\" rel=\"category tag\">Destaques<\/a> <a href=\"https:\/\/www.mpc.pr.gov.br\/index.php\/category\/todas-as-noticias\/\" rel=\"category tag\">Todas as not\u00edcias<\/a>","rttpg_excerpt":"O Minist\u00e9rio P\u00fablico de Contas do Paran\u00e1 (MPC-PR) participou, nesta segunda-feira (31 de agosto), da cerim\u00f4nia de abertura da \u00faltima fase do curso \u201cInterven\u00e7\u00e3o e Gest\u00e3o em Desastres\u201d, promovido pela Secretaria do Desenvolvimento Social e Fam\u00edlia e pela Coordenadoria Estadual da Defesa Civil. O encontro foi realizado no Centro de Eventos IMAP Barigui, em Curitiba,&hellip;","_links":{"self":[{"href":"https:\/\/www.mpc.pr.gov.br\/index.php\/wp-json\/wp\/v2\/posts\/26461","targetHints":{"allow":["GET"]}}],"collection":[{"href":"https:\/\/www.mpc.pr.gov.br\/index.php\/wp-json\/wp\/v2\/posts"}],"about":[{"href":"https:\/\/www.mpc.pr.gov.br\/index.php\/wp-json\/wp\/v2\/types\/post"}],"author":[{"embeddable":true,"href":"https:\/\/www.mpc.pr.gov.br\/index.php\/wp-json\/wp\/v2\/users\/1"}],"replies":[{"embeddable":true,"href":"https:\/\/www.mpc.pr.gov.br\/index.php\/wp-json\/wp\/v2\/comments?post=26461"}],"version-history":[{"count":1,"href":"https:\/\/www.mpc.pr.gov.br\/index.php\/wp-json\/wp\/v2\/posts\/26461\/revisions"}],"predecessor-version":[{"id":26463,"href":"https:\/\/www.mpc.pr.gov.br\/index.php\/wp-json\/wp\/v2\/posts\/26461\/revisions\/26463"}],"wp:featuredmedia":[{"embeddable":true,"href":"https:\/\/www.mpc.pr.gov.br\/index.php\/wp-json\/wp\/v2\/media\/26462"}],"wp:attachment":[{"href":"https:\/\/www.mpc.pr.gov.br\/index.php\/wp-json\/wp\/v2\/media?parent=26461"}],"wp:term":[{"taxonomy":"category","embeddable":true,"href":"https:\/\/www.mpc.pr.gov.br\/index.php\/wp-json\/wp\/v2\/categories?post=26461"},{"taxonomy":"post_tag","embeddable":true,"href":"https:\/\/www.mpc.pr.gov.br\/index.php\/wp-json\/wp\/v2\/tags?post=26461"}],"curies":[{"name":"wp","href":"https:\/\/api.w.org\/{rel}","templated":true}]}}