{"id":26523,"date":"2026-09-01T16:30:17","date_gmt":"2026-09-01T19:30:17","guid":{"rendered":"https:\/\/www.mpc.pr.gov.br\/?p=26523"},"modified":"2026-09-01T16:30:17","modified_gmt":"2026-09-01T19:30:17","slug":"servidores-e-procurador-geral-do-mpc-pr-participam-do-xiii-forum-nacional-do-ministerio-publico-de-contas-em-sao-paulo","status":"publish","type":"post","link":"https:\/\/www.mpc.pr.gov.br\/index.php\/servidores-e-procurador-geral-do-mpc-pr-participam-do-xiii-forum-nacional-do-ministerio-publico-de-contas-em-sao-paulo\/","title":{"rendered":"Servidores e Procurador-Geral do MPC-PR participam do XIII F\u00f3rum Nacional do Minist\u00e9rio P\u00fablico de Contas, em S\u00e3o Paulo"},"content":{"rendered":"<p><span data-contrast=\"auto\"><img fetchpriority=\"high\" decoding=\"async\" class=\"size-medium wp-image-26524 alignleft\" src=\"https:\/\/www.mpc.pr.gov.br\/wp-content\/uploads\/2026\/09\/IMAGEM-SITE-6-300x169.png\" alt=\"\" width=\"300\" height=\"169\" srcset=\"https:\/\/www.mpc.pr.gov.br\/wp-content\/uploads\/2026\/09\/IMAGEM-SITE-6-300x169.png 300w, https:\/\/www.mpc.pr.gov.br\/wp-content\/uploads\/2026\/09\/IMAGEM-SITE-6.png 560w\" sizes=\"(max-width: 300px) 100vw, 300px\" \/>O Minist\u00e9rio P\u00fablico de Contas do Paran\u00e1 (MPC-PR) participou do <a href=\"https:\/\/ampcon.org.br\/\">XIII F\u00f3rum Nacional do Minist\u00e9rio P\u00fablico de Contas<\/a>, realizado entre os dias 25 e 28 de agosto, na sede do Tribunal de Contas do Estado de S\u00e3o Paulo (TCE-SP), na capital paulista. Com o tema <em>\u201cMPC em Movimento: pr\u00e1ticas que se conectam em prote\u00e7\u00e3o dos direitos fundamentais\u201d<\/em>, o encontro reuniu membros e servidores dos Minist\u00e9rios P\u00fablicos de Contas de todo o pa\u00eds para debater os principais desafios do controle externo na fiscaliza\u00e7\u00e3o e no aperfei\u00e7oamento das pol\u00edticas p\u00fablicas. <\/span><span data-ccp-props=\"{&quot;201341983&quot;:0,&quot;335551550&quot;:6,&quot;335551620&quot;:6,&quot;335559740&quot;:360}\">\u00a0<\/span><\/p>\n<p><span data-contrast=\"auto\">Representaram a institui\u00e7\u00e3o o Procurador-Geral de Contas, Gabriel Guy L\u00e9ger, al\u00e9m dos servidores Amanda Bueno dos Santos (6\u00aa Procuradoria de Contas), Amanda Caroline Valenga (5\u00aa Procuradoria de Contas), Carlos Volchan de Carvalho (Procuradoria-Geral de Contas), Gabriela Gon\u00e7alves Nogarolli (7\u00aa Procuradoria de Contas), Marwan Glock Maltaca (2\u00aa Procuradoria de Contas), Mykaella Ribeiro Mello (N\u00facleo de Comunica\u00e7\u00e3o), Rafael Correa da Cunha (1\u00aa Procuradoria de Contas) e Victor Lima dos Passos (N\u00facleo de An\u00e1lise T\u00e9cnica). <\/span><span data-ccp-props=\"{&quot;201341983&quot;:0,&quot;335551550&quot;:6,&quot;335551620&quot;:6,&quot;335559740&quot;:360}\">\u00a0<\/span><\/p>\n<h4><b><span data-contrast=\"auto\">Programa\u00e7\u00e3o<\/span><\/b><span data-ccp-props=\"{&quot;201341983&quot;:0,&quot;335551550&quot;:6,&quot;335551620&quot;:6,&quot;335559740&quot;:360}\">\u00a0<\/span><\/h4>\n<p><span data-contrast=\"auto\"><img decoding=\"async\" class=\"size-medium wp-image-26525 alignleft\" src=\"https:\/\/www.mpc.pr.gov.br\/wp-content\/uploads\/2026\/09\/v2_53cd88b6-9029-4b32-8e1c-9e7a03ee14d2-300x200.jpg\" alt=\"\" width=\"300\" height=\"200\" srcset=\"https:\/\/www.mpc.pr.gov.br\/wp-content\/uploads\/2026\/09\/v2_53cd88b6-9029-4b32-8e1c-9e7a03ee14d2-300x200.jpg 300w, https:\/\/www.mpc.pr.gov.br\/wp-content\/uploads\/2026\/09\/v2_53cd88b6-9029-4b32-8e1c-9e7a03ee14d2-1024x683.jpg 1024w, https:\/\/www.mpc.pr.gov.br\/wp-content\/uploads\/2026\/09\/v2_53cd88b6-9029-4b32-8e1c-9e7a03ee14d2-768x513.jpg 768w, https:\/\/www.mpc.pr.gov.br\/wp-content\/uploads\/2026\/09\/v2_53cd88b6-9029-4b32-8e1c-9e7a03ee14d2-1536x1025.jpg 1536w, https:\/\/www.mpc.pr.gov.br\/wp-content\/uploads\/2026\/09\/v2_53cd88b6-9029-4b32-8e1c-9e7a03ee14d2-2048x1367.jpg 2048w\" sizes=\"(max-width: 300px) 100vw, 300px\" \/>Promovido pela Associa\u00e7\u00e3o Nacional do Minist\u00e9rio P\u00fablico de Contas (AMPCON), o F\u00f3rum contou com uma programa\u00e7\u00e3o voltada ao interc\u00e2mbio de experi\u00eancias e \u00e0 discuss\u00e3o de pr\u00e1ticas institucionais voltadas \u00e0 prote\u00e7\u00e3o dos direitos fundamentais. A abertura do evento, realizada no dia 26 de agosto, no Tribunal de Contas do Estado de S\u00e3o Paulo,\u00a0foi marcada por palestras do Ministro do Supremo Tribunal Federal (STF), Fl\u00e1vio Dino, e da ex-presidente da Corte, Ministra Ellen Gracie, que abordaram temas relacionados ao fortalecimento das institui\u00e7\u00f5es democr\u00e1ticas, ao controle da Administra\u00e7\u00e3o P\u00fablica e \u00e0 efetiva\u00e7\u00e3o de direitos constitucionais.<\/span><span data-ccp-props=\"{&quot;201341983&quot;:0,&quot;335551550&quot;:6,&quot;335551620&quot;:6,&quot;335559740&quot;:360}\">\u00a0<\/span><\/p>\n<p><span data-contrast=\"auto\">Ao longo da programa\u00e7\u00e3o nos dias seguintes, especialistas, Membros dos Minist\u00e9rios P\u00fablicos de Contas e representantes de institui\u00e7\u00f5es de controle discutiram temas centrais para a atua\u00e7\u00e3o do controle externo, como: a fiscaliza\u00e7\u00e3o das pol\u00edticas p\u00fablicas de sa\u00fade; os impactos e as compet\u00eancias do Comit\u00ea Gestor da Reforma Tribut\u00e1ria; o acompanhamento das emendas parlamentares; as pol\u00edticas voltadas \u00e0 pessoa idosa e \u00e0 pessoa com defici\u00eancia; a prote\u00e7\u00e3o do meio ambiente; a promo\u00e7\u00e3o da igualdade de g\u00eanero;\u00a0educa\u00e7\u00e3o e a gest\u00e3o dos regimes pr\u00f3prios de previd\u00eancia social.<\/span><span data-ccp-props=\"{&quot;201341983&quot;:0,&quot;335551550&quot;:6,&quot;335551620&quot;:6,&quot;335559740&quot;:360}\">\u00a0<\/span><\/p>\n<p><span data-contrast=\"auto\">A programa\u00e7\u00e3o contou, ainda, com a participa\u00e7\u00e3o de Procuradores de Contas de diversos Estados brasileiros, que atuaram como palestrantes, debatedores e mediadores dos pain\u00e9is tem\u00e1ticos. Entre eles estiveram representantes dos MPCs de Goi\u00e1s, S\u00e3o Paulo, Minas Gerais, Rio de Janeiro, Rio Grande do Norte, Pernambuco, Paran\u00e1, Santa Catarina, Sergipe, Amazonas, Alagoas, Piau\u00ed e do Minist\u00e9rio P\u00fablico junto ao Tribunal de Contas da Uni\u00e3o (MPTCU). <\/span><span data-ccp-props=\"{&quot;201341983&quot;:0,&quot;335551550&quot;:6,&quot;335551620&quot;:6,&quot;335559740&quot;:360}\">\u00a0<\/span><\/p>\n<p><span data-contrast=\"auto\">O encerramento do F\u00f3rum, por sua vez,\u00a0reuniu debates sobre educa\u00e7\u00e3o e previd\u00eancia, al\u00e9m de palestras magnas do jurista Ives Gandra Martins e do professor Juarez Freitas, que apresentaram reflex\u00f5es sobre os desafios contempor\u00e2neos da governan\u00e7a p\u00fablica, da sustentabilidade institucional e da efetividade das pol\u00edticas p\u00fablicas.<\/span><span data-ccp-props=\"{&quot;201341983&quot;:0,&quot;335551550&quot;:6,&quot;335551620&quot;:6,&quot;335559740&quot;:360}\">\u00a0<\/span><\/p>\n<h4><b><span data-contrast=\"auto\">Acessibilidade em pauta<\/span><\/b><span data-ccp-props=\"{&quot;201341983&quot;:0,&quot;335551550&quot;:6,&quot;335551620&quot;:6,&quot;335559740&quot;:360}\">\u00a0<\/span><\/h4>\n<p><span data-contrast=\"auto\"><img decoding=\"async\" class=\"size-medium wp-image-26526 alignright\" src=\"https:\/\/www.mpc.pr.gov.br\/wp-content\/uploads\/2026\/09\/v2_39c1ed6a-a9ed-4ef5-bfe6-a6d0a432461e-300x200.jpg\" alt=\"\" width=\"300\" height=\"200\" srcset=\"https:\/\/www.mpc.pr.gov.br\/wp-content\/uploads\/2026\/09\/v2_39c1ed6a-a9ed-4ef5-bfe6-a6d0a432461e-300x200.jpg 300w, https:\/\/www.mpc.pr.gov.br\/wp-content\/uploads\/2026\/09\/v2_39c1ed6a-a9ed-4ef5-bfe6-a6d0a432461e-1024x683.jpg 1024w, https:\/\/www.mpc.pr.gov.br\/wp-content\/uploads\/2026\/09\/v2_39c1ed6a-a9ed-4ef5-bfe6-a6d0a432461e-768x513.jpg 768w, https:\/\/www.mpc.pr.gov.br\/wp-content\/uploads\/2026\/09\/v2_39c1ed6a-a9ed-4ef5-bfe6-a6d0a432461e-1536x1025.jpg 1536w, https:\/\/www.mpc.pr.gov.br\/wp-content\/uploads\/2026\/09\/v2_39c1ed6a-a9ed-4ef5-bfe6-a6d0a432461e-2048x1367.jpg 2048w\" sizes=\"(max-width: 300px) 100vw, 300px\" \/>O Procurador-Geral do MPC-PR, Gabriel Guy L\u00e9ger, atuou como mediador do painel n\u00ba 4 &#8211; <\/span><i><span data-contrast=\"auto\">\u201cControle das Pol\u00edticas P\u00fablicas para Pessoa Idosa e Pessoa com Defici\u00eancia\u201d<\/span><\/i><span data-contrast=\"auto\">, que reuniu a Procuradora de Contas Ma\u00edsa de Castro Sousa (MPC-GO), o Subprocurador-Geral do Minist\u00e9rio P\u00fablico junto ao TCU S\u00e9rgio Ricardo Costa Carib\u00e9 e o advogado Cid Torquato.<\/span><span data-ccp-props=\"{&quot;134233117&quot;:false,&quot;134233118&quot;:false,&quot;201341983&quot;:0,&quot;335551550&quot;:6,&quot;335551620&quot;:6,&quot;335559738&quot;:210,&quot;335559739&quot;:210,&quot;335559740&quot;:360}\">\u00a0<\/span><\/p>\n<p><span data-contrast=\"auto\">Ao abrir os debates, L\u00e9ger destacou os avan\u00e7os promovidos pelos \u00f3rg\u00e3os de controle na tem\u00e1tica da acessibilidade, como a cria\u00e7\u00e3o do primeiro comit\u00ea do Instituto Rui Barbosa (IRB) dedicado ao tema, presidido por um Membro do Minist\u00e9rio P\u00fablico de Contas, al\u00e9m da elabora\u00e7\u00e3o de uma nota recomendat\u00f3ria para incentivar a implementa\u00e7\u00e3o de pol\u00edticas de acessibilidade e inclus\u00e3o nos Tribunais de Contas Brasileiros.<\/span><span data-ccp-props=\"{&quot;134233117&quot;:false,&quot;134233118&quot;:false,&quot;201341983&quot;:0,&quot;335551550&quot;:6,&quot;335551620&quot;:6,&quot;335559738&quot;:210,&quot;335559739&quot;:210,&quot;335559740&quot;:360}\">\u00a0<\/span><\/p>\n<p><span data-contrast=\"auto\">Durante sua exposi\u00e7\u00e3o, Ma\u00edsa de Castro Sousa ressaltou que um dos primeiros desafios enfrentados foi fazer com que os pr\u00f3prios \u00f3rg\u00e3os de controle reconhecessem a fiscaliza\u00e7\u00e3o dos direitos das pessoas com defici\u00eancia e da popula\u00e7\u00e3o idosa como parte de suas atribui\u00e7\u00f5es. Segundo ela, apesar dos avan\u00e7os normativos trazidos pela Lei Brasileira de Inclus\u00e3o, ainda \u00e9 necess\u00e1rio aperfei\u00e7oar a formula\u00e7\u00e3o das pol\u00edticas p\u00fablicas e ampliar a participa\u00e7\u00e3o direta das pessoas com defici\u00eancia na constru\u00e7\u00e3o das solu\u00e7\u00f5es voltadas a esse p\u00fablico.<\/span><span data-ccp-props=\"{&quot;134233117&quot;:false,&quot;134233118&quot;:false,&quot;201341983&quot;:0,&quot;335551550&quot;:6,&quot;335551620&quot;:6,&quot;335559738&quot;:210,&quot;335559739&quot;:210,&quot;335559740&quot;:360}\">\u00a0<\/span><\/p>\n<p><span data-contrast=\"auto\">O Procurador S\u00e9rgio Ricardo Costa Carib\u00e9, por sua vez, apresentou iniciativas desenvolvidas pelos \u00f3rg\u00e3os de controle para ampliar a inclus\u00e3o e a acessibilidade na administra\u00e7\u00e3o p\u00fablica, destacando a\u00e7\u00f5es voltadas \u00e0 empregabilidade de pessoas com defici\u00eancia, ao cumprimento das cotas legais e \u00e0 fiscaliza\u00e7\u00e3o das condi\u00e7\u00f5es de acessibilidade nos \u00f3rg\u00e3os federais. O procurador tamb\u00e9m enfatizou a necessidade de superar barreiras arquitet\u00f4nicas, digitais e atitudinais, consolidando a acessibilidade como elemento essencial para a garantia dos direitos fundamentais.<\/span><span data-ccp-props=\"{&quot;134233117&quot;:false,&quot;134233118&quot;:false,&quot;201341983&quot;:0,&quot;335551550&quot;:6,&quot;335551620&quot;:6,&quot;335559738&quot;:210,&quot;335559739&quot;:210,&quot;335559740&quot;:360}\">\u00a0<\/span><\/p>\n<p><span data-contrast=\"auto\">As discuss\u00f5es refor\u00e7aram o papel estrat\u00e9gico dos Minist\u00e9rios P\u00fablicos de Contas e dos Tribunais de Contas na indu\u00e7\u00e3o e fiscaliza\u00e7\u00e3o de pol\u00edticas p\u00fablicas voltadas \u00e0 inclus\u00e3o, \u00e0 acessibilidade e \u00e0 promo\u00e7\u00e3o da dignidade das pessoas com defici\u00eancia e da popula\u00e7\u00e3o idosa.<\/span><span data-ccp-props=\"{&quot;134233117&quot;:false,&quot;134233118&quot;:false,&quot;201341983&quot;:0,&quot;335551550&quot;:6,&quot;335551620&quot;:6,&quot;335559738&quot;:210,&quot;335559739&quot;:210,&quot;335559740&quot;:360}\">\u00a0<\/span><\/p>\n<h4><b><span data-contrast=\"auto\">Visita t\u00e9cnica ao Centro de Treinamento Paral\u00edmpico Brasileiro<\/span><\/b><span data-ccp-props=\"{&quot;201341983&quot;:0,&quot;335551550&quot;:6,&quot;335551620&quot;:6,&quot;335559740&quot;:360}\">\u00a0<\/span><\/h4>\n<p><span data-contrast=\"auto\"><img loading=\"lazy\" decoding=\"async\" class=\"size-medium wp-image-26527 alignleft\" src=\"https:\/\/www.mpc.pr.gov.br\/wp-content\/uploads\/2026\/09\/v2_0f085474-54d6-43c5-8313-9b98e10d0cc2-300x200.jpg\" alt=\"\" width=\"300\" height=\"200\" srcset=\"https:\/\/www.mpc.pr.gov.br\/wp-content\/uploads\/2026\/09\/v2_0f085474-54d6-43c5-8313-9b98e10d0cc2-300x200.jpg 300w, https:\/\/www.mpc.pr.gov.br\/wp-content\/uploads\/2026\/09\/v2_0f085474-54d6-43c5-8313-9b98e10d0cc2-1024x683.jpg 1024w, https:\/\/www.mpc.pr.gov.br\/wp-content\/uploads\/2026\/09\/v2_0f085474-54d6-43c5-8313-9b98e10d0cc2-768x513.jpg 768w, https:\/\/www.mpc.pr.gov.br\/wp-content\/uploads\/2026\/09\/v2_0f085474-54d6-43c5-8313-9b98e10d0cc2-1536x1025.jpg 1536w, https:\/\/www.mpc.pr.gov.br\/wp-content\/uploads\/2026\/09\/v2_0f085474-54d6-43c5-8313-9b98e10d0cc2-2048x1367.jpg 2048w\" sizes=\"(max-width: 300px) 100vw, 300px\" \/>A programa\u00e7\u00e3o do F\u00f3rum foi precedida, no dia 25 de agosto, por uma atividade preparat\u00f3ria realizada no Centro de Treinamento Paral\u00edmpico Brasileiro, em S\u00e3o Paulo. A visita institucional proporcionou aos participantes a oportunidade de conhecer a estrutura considerada refer\u00eancia mundial para o desenvolvimento do esporte paral\u00edmpico, al\u00e9m de acompanhar apresenta\u00e7\u00f5es sobre o Sistema Nacional do Esporte, os projetos desenvolvidos pelo Comit\u00ea Paral\u00edmpico Brasileiro (CPB) e os mecanismos de governan\u00e7a, transpar\u00eancia e controle relacionados \u00e0 aplica\u00e7\u00e3o de recursos p\u00fablicos na \u00e1rea.<\/span><span data-ccp-props=\"{&quot;201341983&quot;:0,&quot;335551550&quot;:6,&quot;335551620&quot;:6,&quot;335559740&quot;:360}\">\u00a0<\/span><\/p>\n<p><span data-contrast=\"auto\">Durante a visita t\u00e9cnica, os participantes percorreram as instala\u00e7\u00f5es esportivas e os centros de apoio aos atletas, conhecendo de perto a infraestrutura disponibilizada para o treinamento e desenvolvimento de pessoas com defici\u00eancia. Tamb\u00e9m houve demonstra\u00e7\u00f5es de modalidades paral\u00edmpicas, evidenciando o impacto social das pol\u00edticas p\u00fablicas voltadas \u00e0 inclus\u00e3o e ao desenvolvimento humano.<\/span><span data-ccp-props=\"{&quot;201341983&quot;:0,&quot;335551550&quot;:6,&quot;335551620&quot;:6,&quot;335559740&quot;:360}\">\u00a0<\/span><\/p>\n<p><span data-contrast=\"auto\">A atividade proporcionou reflex\u00f5es que ultrapassam o \u00e2mbito esportivo. Hist\u00f3rias de supera\u00e7\u00e3o, disciplina e persist\u00eancia apresentadas pelos atletas refor\u00e7aram a import\u00e2ncia da resili\u00eancia emocional diante dos desafios pessoais e profissionais. O esporte paral\u00edmpico mostrou-se, mais uma vez, uma importante ferramenta de transforma\u00e7\u00e3o social, capaz de ampliar oportunidades, promover autonomia e fortalecer a cidadania.<\/span><span data-ccp-props=\"{&quot;201341983&quot;:0,&quot;335551550&quot;:6,&quot;335551620&quot;:6,&quot;335559740&quot;:360}\">\u00a0<\/span><\/p>\n<p><span data-contrast=\"auto\">Nesse contexto, a experi\u00eancia tamb\u00e9m refor\u00e7ou o papel dos \u00f3rg\u00e3os de controle externo na fiscaliza\u00e7\u00e3o da correta aplica\u00e7\u00e3o dos recursos p\u00fablicos destinados \u00e0s pol\u00edticas inclusivas. Mais do que verificar a legalidade e a efici\u00eancia dos investimentos, institui\u00e7\u00f5es como os Minist\u00e9rios P\u00fablicos de Contas e os Tribunais de Contas contribuem para o fortalecimento de iniciativas que ampliem o acesso a direitos fundamentais, incentivem a inclus\u00e3o social e promovam igualdade de oportunidades para toda a popula\u00e7\u00e3o.<\/span><span data-ccp-props=\"{&quot;201341983&quot;:0,&quot;335551550&quot;:6,&quot;335551620&quot;:6,&quot;335559740&quot;:360}\">\u00a0<\/span><\/p>\n<p><span data-contrast=\"auto\">A participa\u00e7\u00e3o dos servidores do MPC-PR no XIII F\u00f3rum Nacional do Minist\u00e9rio P\u00fablico de Contas reafirma o compromisso da institui\u00e7\u00e3o com o aperfei\u00e7oamento t\u00e9cnico e troca de experi\u00eancias entre os \u00f3rg\u00e3os de controle, contribuindo para a busca permanente por solu\u00e7\u00f5es que contribuam para uma gest\u00e3o p\u00fablica mais eficiente, transparente e orientada \u00e0 garantia dos direitos fundamentais.<\/span><span data-ccp-props=\"{&quot;201341983&quot;:0,&quot;335551550&quot;:6,&quot;335551620&quot;:6,&quot;335559740&quot;:360}\">\u00a0<\/span><\/p>\n<p>Fotos: organiza\u00e7\u00e3o do evento &#8211; AMPCON.<\/p>\n<p>&nbsp;<\/p>\n","protected":false},"excerpt":{"rendered":"<p>O Minist\u00e9rio P\u00fablico de Contas do Paran\u00e1 (MPC-PR) participou do XIII F\u00f3rum Nacional do Minist\u00e9rio P\u00fablico de Contas, realizado entre os dias 25 e 28 de agosto, na sede do Tribunal de Contas do Estado de S\u00e3o Paulo (TCE-SP), na capital paulista. Com o tema \u201cMPC em Movimento: pr\u00e1ticas que se conectam em prote\u00e7\u00e3o dos [&hellip;]<\/p>\n","protected":false},"author":1,"featured_media":26524,"comment_status":"open","ping_status":"open","sticky":false,"template":"","format":"standard","meta":{"rop_custom_images_group":[],"rop_custom_messages_group":[],"rop_publish_now":"no","rop_publish_now_accounts":[],"rop_publish_now_history":[],"rop_publish_now_status":"pending","_monsterinsights_skip_tracking":false,"footnotes":""},"categories":[2,7],"tags":[115,63,611,114,13,997],"class_list":["post-26523","post","type-post","status-publish","format-standard","has-post-thumbnail","hentry","category-destaques","category-todas-as-noticias","tag-acessibilidade","tag-ampcon","tag-forum-nacional","tag-inclusao","tag-mpc-pr","tag-servidores","entry","has-media"],"yoast_head":"<!-- This site is optimized with the Yoast SEO plugin v28.4 - https:\/\/yoast.com\/product\/yoast-seo-wordpress\/ -->\n<title>Servidores e Procurador-Geral do MPC-PR participam do XIII F\u00f3rum Nacional do Minist\u00e9rio P\u00fablico de Contas, em S\u00e3o Paulo - Minist\u00e9rio P\u00fablico de Contas do Estado do Paran\u00e1<\/title>\n<meta name=\"robots\" content=\"index, follow, max-snippet:-1, max-image-preview:large, max-video-preview:-1\" \/>\n<link rel=\"canonical\" href=\"https:\/\/www.mpc.pr.gov.br\/index.php\/servidores-e-procurador-geral-do-mpc-pr-participam-do-xiii-forum-nacional-do-ministerio-publico-de-contas-em-sao-paulo\/\" \/>\n<meta property=\"og:locale\" content=\"pt_BR\" \/>\n<meta property=\"og:type\" content=\"article\" \/>\n<meta property=\"og:title\" content=\"Servidores e Procurador-Geral do MPC-PR participam do XIII F\u00f3rum Nacional do Minist\u00e9rio P\u00fablico de Contas, em S\u00e3o Paulo - Minist\u00e9rio P\u00fablico de Contas do Estado do Paran\u00e1\" \/>\n<meta property=\"og:description\" content=\"O Minist\u00e9rio P\u00fablico de Contas do Paran\u00e1 (MPC-PR) participou do XIII F\u00f3rum Nacional do Minist\u00e9rio P\u00fablico de Contas, realizado entre os dias 25 e 28 de agosto, na sede do Tribunal de Contas do Estado de S\u00e3o Paulo (TCE-SP), na capital paulista. Com o tema \u201cMPC em Movimento: pr\u00e1ticas que se conectam em prote\u00e7\u00e3o dos [&hellip;]\" \/>\n<meta property=\"og:url\" content=\"https:\/\/www.mpc.pr.gov.br\/index.php\/servidores-e-procurador-geral-do-mpc-pr-participam-do-xiii-forum-nacional-do-ministerio-publico-de-contas-em-sao-paulo\/\" \/>\n<meta property=\"og:site_name\" content=\"Minist\u00e9rio P\u00fablico de Contas do Estado do Paran\u00e1\" \/>\n<meta property=\"article:publisher\" content=\"https:\/\/www.facebook.com\/mpc.pr\" \/>\n<meta property=\"article:published_time\" content=\"2026-09-01T19:30:17+00:00\" \/>\n<meta property=\"og:image\" content=\"https:\/\/www.mpc.pr.gov.br\/wp-content\/uploads\/2026\/09\/IMAGEM-SITE-6.png\" \/>\n\t<meta property=\"og:image:width\" content=\"560\" \/>\n\t<meta property=\"og:image:height\" content=\"315\" \/>\n\t<meta property=\"og:image:type\" content=\"image\/png\" \/>\n<meta name=\"author\" content=\"mpcontaspr\" \/>\n<meta name=\"twitter:card\" content=\"summary_large_image\" \/>\n<meta name=\"twitter:label1\" content=\"Escrito por\" \/>\n\t<meta name=\"twitter:data1\" content=\"mpcontaspr\" \/>\n\t<meta name=\"twitter:label2\" content=\"Est. tempo de leitura\" \/>\n\t<meta name=\"twitter:data2\" content=\"8 minutos\" \/>\n<script type=\"application\/ld+json\" class=\"yoast-schema-graph\">{\"@context\":\"https:\\\/\\\/schema.org\",\"@graph\":[{\"@type\":\"Article\",\"@id\":\"https:\\\/\\\/www.mpc.pr.gov.br\\\/index.php\\\/servidores-e-procurador-geral-do-mpc-pr-participam-do-xiii-forum-nacional-do-ministerio-publico-de-contas-em-sao-paulo\\\/#article\",\"isPartOf\":{\"@id\":\"https:\\\/\\\/www.mpc.pr.gov.br\\\/index.php\\\/servidores-e-procurador-geral-do-mpc-pr-participam-do-xiii-forum-nacional-do-ministerio-publico-de-contas-em-sao-paulo\\\/\"},\"author\":{\"name\":\"mpcontaspr\",\"@id\":\"https:\\\/\\\/www.mpc.pr.gov.br\\\/#\\\/schema\\\/person\\\/2d83cb8980538d0ec174e8a6284f5e11\"},\"headline\":\"Servidores e Procurador-Geral do MPC-PR participam do XIII F\u00f3rum Nacional do Minist\u00e9rio P\u00fablico de Contas, em S\u00e3o Paulo\",\"datePublished\":\"2026-09-01T19:30:17+00:00\",\"mainEntityOfPage\":{\"@id\":\"https:\\\/\\\/www.mpc.pr.gov.br\\\/index.php\\\/servidores-e-procurador-geral-do-mpc-pr-participam-do-xiii-forum-nacional-do-ministerio-publico-de-contas-em-sao-paulo\\\/\"},\"wordCount\":1299,\"commentCount\":0,\"publisher\":{\"@id\":\"https:\\\/\\\/www.mpc.pr.gov.br\\\/#organization\"},\"image\":{\"@id\":\"https:\\\/\\\/www.mpc.pr.gov.br\\\/index.php\\\/servidores-e-procurador-geral-do-mpc-pr-participam-do-xiii-forum-nacional-do-ministerio-publico-de-contas-em-sao-paulo\\\/#primaryimage\"},\"thumbnailUrl\":\"https:\\\/\\\/www.mpc.pr.gov.br\\\/wp-content\\\/uploads\\\/2026\\\/09\\\/IMAGEM-SITE-6.png\",\"keywords\":[\"Acessibilidade\",\"AMPCON\",\"F\u00f3rum Nacional\",\"Inclus\u00e3o\",\"MPC-PR\",\"Servidores\"],\"articleSection\":[\"Destaques\",\"Todas as not\u00edcias\"],\"inLanguage\":\"pt-BR\",\"potentialAction\":[{\"@type\":\"CommentAction\",\"name\":\"Comment\",\"target\":[\"https:\\\/\\\/www.mpc.pr.gov.br\\\/index.php\\\/servidores-e-procurador-geral-do-mpc-pr-participam-do-xiii-forum-nacional-do-ministerio-publico-de-contas-em-sao-paulo\\\/#respond\"]}]},{\"@type\":\"WebPage\",\"@id\":\"https:\\\/\\\/www.mpc.pr.gov.br\\\/index.php\\\/servidores-e-procurador-geral-do-mpc-pr-participam-do-xiii-forum-nacional-do-ministerio-publico-de-contas-em-sao-paulo\\\/\",\"url\":\"https:\\\/\\\/www.mpc.pr.gov.br\\\/index.php\\\/servidores-e-procurador-geral-do-mpc-pr-participam-do-xiii-forum-nacional-do-ministerio-publico-de-contas-em-sao-paulo\\\/\",\"name\":\"Servidores e Procurador-Geral do MPC-PR participam do XIII F\u00f3rum Nacional do Minist\u00e9rio P\u00fablico de Contas, em S\u00e3o Paulo - Minist\u00e9rio P\u00fablico de Contas do Estado do Paran\u00e1\",\"isPartOf\":{\"@id\":\"https:\\\/\\\/www.mpc.pr.gov.br\\\/#website\"},\"primaryImageOfPage\":{\"@id\":\"https:\\\/\\\/www.mpc.pr.gov.br\\\/index.php\\\/servidores-e-procurador-geral-do-mpc-pr-participam-do-xiii-forum-nacional-do-ministerio-publico-de-contas-em-sao-paulo\\\/#primaryimage\"},\"image\":{\"@id\":\"https:\\\/\\\/www.mpc.pr.gov.br\\\/index.php\\\/servidores-e-procurador-geral-do-mpc-pr-participam-do-xiii-forum-nacional-do-ministerio-publico-de-contas-em-sao-paulo\\\/#primaryimage\"},\"thumbnailUrl\":\"https:\\\/\\\/www.mpc.pr.gov.br\\\/wp-content\\\/uploads\\\/2026\\\/09\\\/IMAGEM-SITE-6.png\",\"datePublished\":\"2026-09-01T19:30:17+00:00\",\"breadcrumb\":{\"@id\":\"https:\\\/\\\/www.mpc.pr.gov.br\\\/index.php\\\/servidores-e-procurador-geral-do-mpc-pr-participam-do-xiii-forum-nacional-do-ministerio-publico-de-contas-em-sao-paulo\\\/#breadcrumb\"},\"inLanguage\":\"pt-BR\",\"potentialAction\":[{\"@type\":\"ReadAction\",\"target\":[\"https:\\\/\\\/www.mpc.pr.gov.br\\\/index.php\\\/servidores-e-procurador-geral-do-mpc-pr-participam-do-xiii-forum-nacional-do-ministerio-publico-de-contas-em-sao-paulo\\\/\"]}]},{\"@type\":\"ImageObject\",\"inLanguage\":\"pt-BR\",\"@id\":\"https:\\\/\\\/www.mpc.pr.gov.br\\\/index.php\\\/servidores-e-procurador-geral-do-mpc-pr-participam-do-xiii-forum-nacional-do-ministerio-publico-de-contas-em-sao-paulo\\\/#primaryimage\",\"url\":\"https:\\\/\\\/www.mpc.pr.gov.br\\\/wp-content\\\/uploads\\\/2026\\\/09\\\/IMAGEM-SITE-6.png\",\"contentUrl\":\"https:\\\/\\\/www.mpc.pr.gov.br\\\/wp-content\\\/uploads\\\/2026\\\/09\\\/IMAGEM-SITE-6.png\",\"width\":560,\"height\":315},{\"@type\":\"BreadcrumbList\",\"@id\":\"https:\\\/\\\/www.mpc.pr.gov.br\\\/index.php\\\/servidores-e-procurador-geral-do-mpc-pr-participam-do-xiii-forum-nacional-do-ministerio-publico-de-contas-em-sao-paulo\\\/#breadcrumb\",\"itemListElement\":[{\"@type\":\"ListItem\",\"position\":1,\"name\":\"In\u00edcio\",\"item\":\"https:\\\/\\\/www.mpc.pr.gov.br\\\/\"},{\"@type\":\"ListItem\",\"position\":2,\"name\":\"Servidores e Procurador-Geral do MPC-PR participam do XIII F\u00f3rum Nacional do Minist\u00e9rio P\u00fablico de Contas, em S\u00e3o Paulo\"}]},{\"@type\":\"WebSite\",\"@id\":\"https:\\\/\\\/www.mpc.pr.gov.br\\\/#website\",\"url\":\"https:\\\/\\\/www.mpc.pr.gov.br\\\/\",\"name\":\"Minist\u00e9rio P\u00fablico de Contas do Estado do Paran\u00e1\",\"description\":\"\",\"publisher\":{\"@id\":\"https:\\\/\\\/www.mpc.pr.gov.br\\\/#organization\"},\"potentialAction\":[{\"@type\":\"SearchAction\",\"target\":{\"@type\":\"EntryPoint\",\"urlTemplate\":\"https:\\\/\\\/www.mpc.pr.gov.br\\\/?s={search_term_string}\"},\"query-input\":{\"@type\":\"PropertyValueSpecification\",\"valueRequired\":true,\"valueName\":\"search_term_string\"}}],\"inLanguage\":\"pt-BR\"},{\"@type\":\"Organization\",\"@id\":\"https:\\\/\\\/www.mpc.pr.gov.br\\\/#organization\",\"name\":\"Minist\u00e9rio P\u00fablico de Contas do Estado do Paran\u00e1\",\"url\":\"https:\\\/\\\/www.mpc.pr.gov.br\\\/\",\"logo\":{\"@type\":\"ImageObject\",\"inLanguage\":\"pt-BR\",\"@id\":\"https:\\\/\\\/www.mpc.pr.gov.br\\\/#\\\/schema\\\/logo\\\/image\\\/\",\"url\":\"https:\\\/\\\/www.mpc.pr.gov.br\\\/wp-content\\\/uploads\\\/2020\\\/06\\\/99423647_1593460364143890_6706793420720963584_n-1-e1591387983167.png\",\"contentUrl\":\"https:\\\/\\\/www.mpc.pr.gov.br\\\/wp-content\\\/uploads\\\/2020\\\/06\\\/99423647_1593460364143890_6706793420720963584_n-1-e1591387983167.png\",\"width\":243,\"height\":73,\"caption\":\"Minist\u00e9rio P\u00fablico de Contas do Estado do Paran\u00e1\"},\"image\":{\"@id\":\"https:\\\/\\\/www.mpc.pr.gov.br\\\/#\\\/schema\\\/logo\\\/image\\\/\"},\"sameAs\":[\"https:\\\/\\\/www.facebook.com\\\/mpc.pr\",\"https:\\\/\\\/www.instagram.com\\\/mpc.pr\\\/?hl=pt-br\",\"https:\\\/\\\/www.youtube.com\\\/channel\\\/UCHri5oEM8DV0ztX57E0sBSw\"]},{\"@type\":\"Person\",\"@id\":\"https:\\\/\\\/www.mpc.pr.gov.br\\\/#\\\/schema\\\/person\\\/2d83cb8980538d0ec174e8a6284f5e11\",\"name\":\"mpcontaspr\",\"image\":{\"@type\":\"ImageObject\",\"inLanguage\":\"pt-BR\",\"@id\":\"https:\\\/\\\/secure.gravatar.com\\\/avatar\\\/1aef51541db7622e05fd639336c9c9f312c2a618396e2b6ca96846362fc5403f?s=96&d=mm&r=g\",\"url\":\"https:\\\/\\\/secure.gravatar.com\\\/avatar\\\/1aef51541db7622e05fd639336c9c9f312c2a618396e2b6ca96846362fc5403f?s=96&d=mm&r=g\",\"contentUrl\":\"https:\\\/\\\/secure.gravatar.com\\\/avatar\\\/1aef51541db7622e05fd639336c9c9f312c2a618396e2b6ca96846362fc5403f?s=96&d=mm&r=g\",\"caption\":\"mpcontaspr\"},\"sameAs\":[\"http:\\\/\\\/www.mpc.pr.gov.br\"]}]}<\/script>\n<!-- \/ Yoast SEO plugin. -->","yoast_head_json":{"title":"Servidores e Procurador-Geral do MPC-PR participam do XIII F\u00f3rum Nacional do Minist\u00e9rio P\u00fablico de Contas, em S\u00e3o Paulo - Minist\u00e9rio P\u00fablico de Contas do Estado do Paran\u00e1","robots":{"index":"index","follow":"follow","max-snippet":"max-snippet:-1","max-image-preview":"max-image-preview:large","max-video-preview":"max-video-preview:-1"},"canonical":"https:\/\/www.mpc.pr.gov.br\/index.php\/servidores-e-procurador-geral-do-mpc-pr-participam-do-xiii-forum-nacional-do-ministerio-publico-de-contas-em-sao-paulo\/","og_locale":"pt_BR","og_type":"article","og_title":"Servidores e Procurador-Geral do MPC-PR participam do XIII F\u00f3rum Nacional do Minist\u00e9rio P\u00fablico de Contas, em S\u00e3o Paulo - Minist\u00e9rio P\u00fablico de Contas do Estado do Paran\u00e1","og_description":"O Minist\u00e9rio P\u00fablico de Contas do Paran\u00e1 (MPC-PR) participou do XIII F\u00f3rum Nacional do Minist\u00e9rio P\u00fablico de Contas, realizado entre os dias 25 e 28 de agosto, na sede do Tribunal de Contas do Estado de S\u00e3o Paulo (TCE-SP), na capital paulista. Com o tema \u201cMPC em Movimento: pr\u00e1ticas que se conectam em prote\u00e7\u00e3o dos [&hellip;]","og_url":"https:\/\/www.mpc.pr.gov.br\/index.php\/servidores-e-procurador-geral-do-mpc-pr-participam-do-xiii-forum-nacional-do-ministerio-publico-de-contas-em-sao-paulo\/","og_site_name":"Minist\u00e9rio P\u00fablico de Contas do Estado do Paran\u00e1","article_publisher":"https:\/\/www.facebook.com\/mpc.pr","article_published_time":"2026-09-01T19:30:17+00:00","og_image":[{"width":560,"height":315,"url":"https:\/\/www.mpc.pr.gov.br\/wp-content\/uploads\/2026\/09\/IMAGEM-SITE-6.png","type":"image\/png"}],"author":"mpcontaspr","twitter_card":"summary_large_image","twitter_misc":{"Escrito por":"mpcontaspr","Est. tempo de leitura":"8 minutos"},"schema":{"@context":"https:\/\/schema.org","@graph":[{"@type":"Article","@id":"https:\/\/www.mpc.pr.gov.br\/index.php\/servidores-e-procurador-geral-do-mpc-pr-participam-do-xiii-forum-nacional-do-ministerio-publico-de-contas-em-sao-paulo\/#article","isPartOf":{"@id":"https:\/\/www.mpc.pr.gov.br\/index.php\/servidores-e-procurador-geral-do-mpc-pr-participam-do-xiii-forum-nacional-do-ministerio-publico-de-contas-em-sao-paulo\/"},"author":{"name":"mpcontaspr","@id":"https:\/\/www.mpc.pr.gov.br\/#\/schema\/person\/2d83cb8980538d0ec174e8a6284f5e11"},"headline":"Servidores e Procurador-Geral do MPC-PR participam do XIII F\u00f3rum Nacional do Minist\u00e9rio P\u00fablico de Contas, em S\u00e3o Paulo","datePublished":"2026-09-01T19:30:17+00:00","mainEntityOfPage":{"@id":"https:\/\/www.mpc.pr.gov.br\/index.php\/servidores-e-procurador-geral-do-mpc-pr-participam-do-xiii-forum-nacional-do-ministerio-publico-de-contas-em-sao-paulo\/"},"wordCount":1299,"commentCount":0,"publisher":{"@id":"https:\/\/www.mpc.pr.gov.br\/#organization"},"image":{"@id":"https:\/\/www.mpc.pr.gov.br\/index.php\/servidores-e-procurador-geral-do-mpc-pr-participam-do-xiii-forum-nacional-do-ministerio-publico-de-contas-em-sao-paulo\/#primaryimage"},"thumbnailUrl":"https:\/\/www.mpc.pr.gov.br\/wp-content\/uploads\/2026\/09\/IMAGEM-SITE-6.png","keywords":["Acessibilidade","AMPCON","F\u00f3rum Nacional","Inclus\u00e3o","MPC-PR","Servidores"],"articleSection":["Destaques","Todas as not\u00edcias"],"inLanguage":"pt-BR","potentialAction":[{"@type":"CommentAction","name":"Comment","target":["https:\/\/www.mpc.pr.gov.br\/index.php\/servidores-e-procurador-geral-do-mpc-pr-participam-do-xiii-forum-nacional-do-ministerio-publico-de-contas-em-sao-paulo\/#respond"]}]},{"@type":"WebPage","@id":"https:\/\/www.mpc.pr.gov.br\/index.php\/servidores-e-procurador-geral-do-mpc-pr-participam-do-xiii-forum-nacional-do-ministerio-publico-de-contas-em-sao-paulo\/","url":"https:\/\/www.mpc.pr.gov.br\/index.php\/servidores-e-procurador-geral-do-mpc-pr-participam-do-xiii-forum-nacional-do-ministerio-publico-de-contas-em-sao-paulo\/","name":"Servidores e Procurador-Geral do MPC-PR participam do XIII F\u00f3rum Nacional do Minist\u00e9rio P\u00fablico de Contas, em S\u00e3o Paulo - Minist\u00e9rio P\u00fablico de Contas do Estado do Paran\u00e1","isPartOf":{"@id":"https:\/\/www.mpc.pr.gov.br\/#website"},"primaryImageOfPage":{"@id":"https:\/\/www.mpc.pr.gov.br\/index.php\/servidores-e-procurador-geral-do-mpc-pr-participam-do-xiii-forum-nacional-do-ministerio-publico-de-contas-em-sao-paulo\/#primaryimage"},"image":{"@id":"https:\/\/www.mpc.pr.gov.br\/index.php\/servidores-e-procurador-geral-do-mpc-pr-participam-do-xiii-forum-nacional-do-ministerio-publico-de-contas-em-sao-paulo\/#primaryimage"},"thumbnailUrl":"https:\/\/www.mpc.pr.gov.br\/wp-content\/uploads\/2026\/09\/IMAGEM-SITE-6.png","datePublished":"2026-09-01T19:30:17+00:00","breadcrumb":{"@id":"https:\/\/www.mpc.pr.gov.br\/index.php\/servidores-e-procurador-geral-do-mpc-pr-participam-do-xiii-forum-nacional-do-ministerio-publico-de-contas-em-sao-paulo\/#breadcrumb"},"inLanguage":"pt-BR","potentialAction":[{"@type":"ReadAction","target":["https:\/\/www.mpc.pr.gov.br\/index.php\/servidores-e-procurador-geral-do-mpc-pr-participam-do-xiii-forum-nacional-do-ministerio-publico-de-contas-em-sao-paulo\/"]}]},{"@type":"ImageObject","inLanguage":"pt-BR","@id":"https:\/\/www.mpc.pr.gov.br\/index.php\/servidores-e-procurador-geral-do-mpc-pr-participam-do-xiii-forum-nacional-do-ministerio-publico-de-contas-em-sao-paulo\/#primaryimage","url":"https:\/\/www.mpc.pr.gov.br\/wp-content\/uploads\/2026\/09\/IMAGEM-SITE-6.png","contentUrl":"https:\/\/www.mpc.pr.gov.br\/wp-content\/uploads\/2026\/09\/IMAGEM-SITE-6.png","width":560,"height":315},{"@type":"BreadcrumbList","@id":"https:\/\/www.mpc.pr.gov.br\/index.php\/servidores-e-procurador-geral-do-mpc-pr-participam-do-xiii-forum-nacional-do-ministerio-publico-de-contas-em-sao-paulo\/#breadcrumb","itemListElement":[{"@type":"ListItem","position":1,"name":"In\u00edcio","item":"https:\/\/www.mpc.pr.gov.br\/"},{"@type":"ListItem","position":2,"name":"Servidores e Procurador-Geral do MPC-PR participam do XIII F\u00f3rum Nacional do Minist\u00e9rio P\u00fablico de Contas, em S\u00e3o Paulo"}]},{"@type":"WebSite","@id":"https:\/\/www.mpc.pr.gov.br\/#website","url":"https:\/\/www.mpc.pr.gov.br\/","name":"Minist\u00e9rio P\u00fablico de Contas do Estado do Paran\u00e1","description":"","publisher":{"@id":"https:\/\/www.mpc.pr.gov.br\/#organization"},"potentialAction":[{"@type":"SearchAction","target":{"@type":"EntryPoint","urlTemplate":"https:\/\/www.mpc.pr.gov.br\/?s={search_term_string}"},"query-input":{"@type":"PropertyValueSpecification","valueRequired":true,"valueName":"search_term_string"}}],"inLanguage":"pt-BR"},{"@type":"Organization","@id":"https:\/\/www.mpc.pr.gov.br\/#organization","name":"Minist\u00e9rio P\u00fablico de Contas do Estado do Paran\u00e1","url":"https:\/\/www.mpc.pr.gov.br\/","logo":{"@type":"ImageObject","inLanguage":"pt-BR","@id":"https:\/\/www.mpc.pr.gov.br\/#\/schema\/logo\/image\/","url":"https:\/\/www.mpc.pr.gov.br\/wp-content\/uploads\/2020\/06\/99423647_1593460364143890_6706793420720963584_n-1-e1591387983167.png","contentUrl":"https:\/\/www.mpc.pr.gov.br\/wp-content\/uploads\/2020\/06\/99423647_1593460364143890_6706793420720963584_n-1-e1591387983167.png","width":243,"height":73,"caption":"Minist\u00e9rio P\u00fablico de Contas do Estado do Paran\u00e1"},"image":{"@id":"https:\/\/www.mpc.pr.gov.br\/#\/schema\/logo\/image\/"},"sameAs":["https:\/\/www.facebook.com\/mpc.pr","https:\/\/www.instagram.com\/mpc.pr\/?hl=pt-br","https:\/\/www.youtube.com\/channel\/UCHri5oEM8DV0ztX57E0sBSw"]},{"@type":"Person","@id":"https:\/\/www.mpc.pr.gov.br\/#\/schema\/person\/2d83cb8980538d0ec174e8a6284f5e11","name":"mpcontaspr","image":{"@type":"ImageObject","inLanguage":"pt-BR","@id":"https:\/\/secure.gravatar.com\/avatar\/1aef51541db7622e05fd639336c9c9f312c2a618396e2b6ca96846362fc5403f?s=96&d=mm&r=g","url":"https:\/\/secure.gravatar.com\/avatar\/1aef51541db7622e05fd639336c9c9f312c2a618396e2b6ca96846362fc5403f?s=96&d=mm&r=g","contentUrl":"https:\/\/secure.gravatar.com\/avatar\/1aef51541db7622e05fd639336c9c9f312c2a618396e2b6ca96846362fc5403f?s=96&d=mm&r=g","caption":"mpcontaspr"},"sameAs":["http:\/\/www.mpc.pr.gov.br"]}]}},"rttpg_featured_image_url":{"full":["https:\/\/www.mpc.pr.gov.br\/wp-content\/uploads\/2026\/09\/IMAGEM-SITE-6.png",560,315,false],"landscape":["https:\/\/www.mpc.pr.gov.br\/wp-content\/uploads\/2026\/09\/IMAGEM-SITE-6.png",560,315,false],"portraits":["https:\/\/www.mpc.pr.gov.br\/wp-content\/uploads\/2026\/09\/IMAGEM-SITE-6.png",560,315,false],"thumbnail":["https:\/\/www.mpc.pr.gov.br\/wp-content\/uploads\/2026\/09\/IMAGEM-SITE-6-150x150.png",150,150,true],"medium":["https:\/\/www.mpc.pr.gov.br\/wp-content\/uploads\/2026\/09\/IMAGEM-SITE-6-300x169.png",300,169,true],"large":["https:\/\/www.mpc.pr.gov.br\/wp-content\/uploads\/2026\/09\/IMAGEM-SITE-6.png",560,315,false],"1536x1536":["https:\/\/www.mpc.pr.gov.br\/wp-content\/uploads\/2026\/09\/IMAGEM-SITE-6.png",560,315,false],"2048x2048":["https:\/\/www.mpc.pr.gov.br\/wp-content\/uploads\/2026\/09\/IMAGEM-SITE-6.png",560,315,false],"ocean-thumb-m":["https:\/\/www.mpc.pr.gov.br\/wp-content\/uploads\/2026\/09\/IMAGEM-SITE-6.png",560,315,false],"ocean-thumb-ml":["https:\/\/www.mpc.pr.gov.br\/wp-content\/uploads\/2026\/09\/IMAGEM-SITE-6.png",560,315,false],"ocean-thumb-l":["https:\/\/www.mpc.pr.gov.br\/wp-content\/uploads\/2026\/09\/IMAGEM-SITE-6.png",560,315,false]},"rttpg_author":{"display_name":"mpcontaspr","author_link":"https:\/\/www.mpc.pr.gov.br\/index.php\/author\/mpcontaspr\/"},"rttpg_comment":0,"rttpg_category":"<a href=\"https:\/\/www.mpc.pr.gov.br\/index.php\/category\/destaques\/\" rel=\"category tag\">Destaques<\/a> <a href=\"https:\/\/www.mpc.pr.gov.br\/index.php\/category\/todas-as-noticias\/\" rel=\"category tag\">Todas as not\u00edcias<\/a>","rttpg_excerpt":"O Minist\u00e9rio P\u00fablico de Contas do Paran\u00e1 (MPC-PR) participou do XIII F\u00f3rum Nacional do Minist\u00e9rio P\u00fablico de Contas, realizado entre os dias 25 e 28 de agosto, na sede do Tribunal de Contas do Estado de S\u00e3o Paulo (TCE-SP), na capital paulista. Com o tema \u201cMPC em Movimento: pr\u00e1ticas que se conectam em prote\u00e7\u00e3o dos&hellip;","_links":{"self":[{"href":"https:\/\/www.mpc.pr.gov.br\/index.php\/wp-json\/wp\/v2\/posts\/26523","targetHints":{"allow":["GET"]}}],"collection":[{"href":"https:\/\/www.mpc.pr.gov.br\/index.php\/wp-json\/wp\/v2\/posts"}],"about":[{"href":"https:\/\/www.mpc.pr.gov.br\/index.php\/wp-json\/wp\/v2\/types\/post"}],"author":[{"embeddable":true,"href":"https:\/\/www.mpc.pr.gov.br\/index.php\/wp-json\/wp\/v2\/users\/1"}],"replies":[{"embeddable":true,"href":"https:\/\/www.mpc.pr.gov.br\/index.php\/wp-json\/wp\/v2\/comments?post=26523"}],"version-history":[{"count":2,"href":"https:\/\/www.mpc.pr.gov.br\/index.php\/wp-json\/wp\/v2\/posts\/26523\/revisions"}],"predecessor-version":[{"id":26529,"href":"https:\/\/www.mpc.pr.gov.br\/index.php\/wp-json\/wp\/v2\/posts\/26523\/revisions\/26529"}],"wp:featuredmedia":[{"embeddable":true,"href":"https:\/\/www.mpc.pr.gov.br\/index.php\/wp-json\/wp\/v2\/media\/26524"}],"wp:attachment":[{"href":"https:\/\/www.mpc.pr.gov.br\/index.php\/wp-json\/wp\/v2\/media?parent=26523"}],"wp:term":[{"taxonomy":"category","embeddable":true,"href":"https:\/\/www.mpc.pr.gov.br\/index.php\/wp-json\/wp\/v2\/categories?post=26523"},{"taxonomy":"post_tag","embeddable":true,"href":"https:\/\/www.mpc.pr.gov.br\/index.php\/wp-json\/wp\/v2\/tags?post=26523"}],"curies":[{"name":"wp","href":"https:\/\/api.w.org\/{rel}","templated":true}]}}