{"id":26530,"date":"2026-09-02T11:30:53","date_gmt":"2026-09-02T14:30:53","guid":{"rendered":"https:\/\/www.mpc.pr.gov.br\/?p=26530"},"modified":"2026-09-02T11:30:53","modified_gmt":"2026-09-02T14:30:53","slug":"mpc-pr-apresenta-projetos-estrategicos-a-gestores-municipais-durante-seminario-estadual-rede-de-secretarios","status":"publish","type":"post","link":"https:\/\/www.mpc.pr.gov.br\/index.php\/mpc-pr-apresenta-projetos-estrategicos-a-gestores-municipais-durante-seminario-estadual-rede-de-secretarios\/","title":{"rendered":"MPC-PR apresenta projetos estrat\u00e9gicos a gestores municipais durante Semin\u00e1rio Estadual Rede de Secret\u00e1rios"},"content":{"rendered":"<blockquote><p><em>Procurador-Geral Gabriel Guy L\u00e9ger e a Diretora Barbara Krysttal Motta Almeida Reis representaram a institui\u00e7\u00e3o em evento do Sebrae\/PR que reuniu 160 gestores de 63 munic\u00edpios paranaenses.<\/em><\/p><\/blockquote>\n<p><img fetchpriority=\"high\" decoding=\"async\" class=\"size-medium wp-image-26532 alignleft\" src=\"https:\/\/www.mpc.pr.gov.br\/wp-content\/uploads\/2026\/09\/Evento-sebrae-foz-do-iguacu-03-e1788359371510-300x270.jpeg\" alt=\"\" width=\"300\" height=\"270\" srcset=\"https:\/\/www.mpc.pr.gov.br\/wp-content\/uploads\/2026\/09\/Evento-sebrae-foz-do-iguacu-03-e1788359371510-300x270.jpeg 300w, https:\/\/www.mpc.pr.gov.br\/wp-content\/uploads\/2026\/09\/Evento-sebrae-foz-do-iguacu-03-e1788359371510-768x690.jpeg 768w, https:\/\/www.mpc.pr.gov.br\/wp-content\/uploads\/2026\/09\/Evento-sebrae-foz-do-iguacu-03-e1788359371510.jpeg 898w\" sizes=\"(max-width: 300px) 100vw, 300px\" \/>O Minist\u00e9rio P\u00fablico de Contas do Paran\u00e1 (MPC-PR) participou, nesta ter\u00e7a-feira (1\u00ba de setembro), do Semin\u00e1rio Estadual Rede de Secret\u00e1rios, promovido pelo Sebrae\/PR, em Foz do Igua\u00e7u. Representando a institui\u00e7\u00e3o, o Procurador-Geral Gabriel Guy L\u00e9ger e a Diretora Barbara Krysttal Motta Almeida Reis apresentaram aos participantes os principais projetos estruturantes desenvolvidos pelo \u00f3rg\u00e3o, destacando iniciativas voltadas ao fortalecimento da governan\u00e7a p\u00fablica e da promo\u00e7\u00e3o da inova\u00e7\u00e3o na gest\u00e3o municipal.<\/p>\n<p>O evento reuniu 160 representantes de 63 munic\u00edpios paranaenses e teve como objetivo promover a integra\u00e7\u00e3o entre gestores p\u00fablicos, estimular a troca de experi\u00eancias e disseminar solu\u00e7\u00f5es capazes de contribuir para o aprimoramento das administra\u00e7\u00f5es municipais e para o desenvolvimento dos territ\u00f3rios.<\/p>\n<p><strong><img decoding=\"async\" class=\"size-medium wp-image-26534 alignright\" src=\"https:\/\/www.mpc.pr.gov.br\/wp-content\/uploads\/2026\/09\/Evento-sebrae-foz-do-iguacu-02-300x200.jpg\" alt=\"\" width=\"300\" height=\"200\" srcset=\"https:\/\/www.mpc.pr.gov.br\/wp-content\/uploads\/2026\/09\/Evento-sebrae-foz-do-iguacu-02-300x200.jpg 300w, https:\/\/www.mpc.pr.gov.br\/wp-content\/uploads\/2026\/09\/Evento-sebrae-foz-do-iguacu-02-1024x684.jpg 1024w, https:\/\/www.mpc.pr.gov.br\/wp-content\/uploads\/2026\/09\/Evento-sebrae-foz-do-iguacu-02-768x513.jpg 768w, https:\/\/www.mpc.pr.gov.br\/wp-content\/uploads\/2026\/09\/Evento-sebrae-foz-do-iguacu-02-1536x1025.jpg 1536w, https:\/\/www.mpc.pr.gov.br\/wp-content\/uploads\/2026\/09\/Evento-sebrae-foz-do-iguacu-02-2048x1367.jpg 2048w\" sizes=\"(max-width: 300px) 100vw, 300px\" \/><\/strong><\/p>\n<p><strong>Projetos estruturantes e inova\u00e7\u00e3o na gest\u00e3o p\u00fablica<\/strong><\/p>\n<p>Durante a programa\u00e7\u00e3o, o Procurador-Geral Gabriel Guy L\u00e9ger e a Diretora Barbara Krysttal Motta Almeida Reis apresentaram os projetos estrat\u00e9gicos conduzidos pelo MPC-PR, compartilhando com os gestores municipais experi\u00eancias e ferramentas desenvolvidas para apoiar a melhoria da administra\u00e7\u00e3o p\u00fablica.<\/p>\n<p>As iniciativas apresentadas t\u00eam como foco o fortalecimento da capacidade institucional dos munic\u00edpios e a constru\u00e7\u00e3o de solu\u00e7\u00f5es voltadas \u00e0 preven\u00e7\u00e3o de irregularidades, ao aprimoramento da governan\u00e7a e \u00e0 amplia\u00e7\u00e3o da efici\u00eancia dos servi\u00e7os p\u00fablicos.<\/p>\n<p>A apresenta\u00e7\u00e3o tamb\u00e9m destacou a import\u00e2ncia da atua\u00e7\u00e3o orientativa do Minist\u00e9rio P\u00fablico de Contas e do uso de dados, diagn\u00f3sticos e instrumentos de gest\u00e3o como suporte \u00e0 tomada de decis\u00f5es pelos administradores p\u00fablicos.<\/p>\n<p><img decoding=\"async\" class=\"size-medium wp-image-26533 alignleft\" src=\"https:\/\/www.mpc.pr.gov.br\/wp-content\/uploads\/2026\/09\/Evento-sebrae-foz-do-iguacu-01-300x200.jpg\" alt=\"\" width=\"300\" height=\"200\" srcset=\"https:\/\/www.mpc.pr.gov.br\/wp-content\/uploads\/2026\/09\/Evento-sebrae-foz-do-iguacu-01-300x200.jpg 300w, https:\/\/www.mpc.pr.gov.br\/wp-content\/uploads\/2026\/09\/Evento-sebrae-foz-do-iguacu-01-1024x683.jpg 1024w, https:\/\/www.mpc.pr.gov.br\/wp-content\/uploads\/2026\/09\/Evento-sebrae-foz-do-iguacu-01-768x512.jpg 768w, https:\/\/www.mpc.pr.gov.br\/wp-content\/uploads\/2026\/09\/Evento-sebrae-foz-do-iguacu-01-1536x1024.jpg 1536w, https:\/\/www.mpc.pr.gov.br\/wp-content\/uploads\/2026\/09\/Evento-sebrae-foz-do-iguacu-01-2048x1365.jpg 2048w\" sizes=\"(max-width: 300px) 100vw, 300px\" \/><\/p>\n<p>Confira a \u00edntegra da apresenta\u00e7\u00e3o <a href=\"https:\/\/www.mpc.pr.gov.br\/wp-content\/uploads\/2026\/09\/Apresentacao-SEBRAE.pdf\">aqui<\/a>.<\/p>\n<p>A programa\u00e7\u00e3o do semin\u00e1rio tamb\u00e9m contou com a participa\u00e7\u00e3o do Coordenador-Geral de Fiscaliza\u00e7\u00e3o do Tribunal de Contas do Paran\u00e1 (TCE-PR), Rafael Ayres, que apresentou o Atendimento Virtual por Intelig\u00eancia Artificial (AVIA). A ferramenta utiliza linguagem natural para auxiliar gestores e servidores municipais em consultas relacionadas a normas, jurisprud\u00eancia e manuais t\u00e9cnicos do Tribunal, oferecendo suporte para decis\u00f5es mais seguras e fundamentadas.<\/p>\n<p><strong>Parceria em prol do desenvolvimento dos munic\u00edpios<\/strong><\/p>\n<p>A participa\u00e7\u00e3o do MPC-PR no semin\u00e1rio tamb\u00e9m refor\u00e7a a parceria estrat\u00e9gica firmada com o Sebrae\/PR por meio do programa &#8220;Compras P\u00fablicas \u00cdntegras e Desenvolvimento Local&#8221;. A iniciativa busca integrar as agendas de governan\u00e7a, controle, integridade e desenvolvimento local, incentivando o uso estrat\u00e9gico do poder de compra dos munic\u00edpios como ferramenta para fortalecer a economia regional, ampliar oportunidades para micro e pequenas empresas e melhorar a qualidade dos servi\u00e7os prestados \u00e0 popula\u00e7\u00e3o.<\/p>\n<p>Entre as a\u00e7\u00f5es previstas no \u00e2mbito da parceria est\u00e3o \u00e0 capacita\u00e7\u00e3o de gestores e fornecedores, dissemina\u00e7\u00e3o de boas pr\u00e1ticas, produ\u00e7\u00e3o de conte\u00fados t\u00e9cnicos e desenvolvimento de solu\u00e7\u00f5es de intelig\u00eancia baseadas em dados. Um dos destaques \u00e9 a constru\u00e7\u00e3o conjunta de uma plataforma de intelig\u00eancia para compras p\u00fablicas, que permitir\u00e1 relacionar informa\u00e7\u00f5es sobre as contrata\u00e7\u00f5es realizadas pelos munic\u00edpios com as voca\u00e7\u00f5es econ\u00f4micas de cada territ\u00f3rio, apoiando decis\u00f5es mais estrat\u00e9gicas e baseadas em evid\u00eancias.<\/p>\n<p>A coopera\u00e7\u00e3o tamb\u00e9m prev\u00ea a elabora\u00e7\u00e3o de uma cole\u00e7\u00e3o de cartilhas tem\u00e1ticas destinadas a transformar conhecimento t\u00e9cnico em conte\u00fado acess\u00edvel para gestores p\u00fablicos, empresas, \u00f3rg\u00e3os de controle e cidad\u00e3os.<\/p>\n<p><strong>Rede de Secret\u00e1rios promove forma\u00e7\u00e3o e troca de experi\u00eancias<\/strong><\/p>\n<p>Promovida pelo Sebrae\/PR em parceria com o Governo do Estado, a Rede de Secret\u00e1rios \u00e9 um programa de forma\u00e7\u00e3o e integra\u00e7\u00e3o voltado a gestores municipais. Ao longo da jornada, os participantes t\u00eam acesso a m\u00f3dulos presenciais e on-line, troca de experi\u00eancias e contato com ferramentas e iniciativas que podem ser aplicadas em suas cidades.<\/p>\n<p>A proposta \u00e9 criar uma rede permanente de colabora\u00e7\u00e3o entre profissionais que ocupam posi\u00e7\u00f5es estrat\u00e9gicas na administra\u00e7\u00e3o p\u00fablica, permitindo que solu\u00e7\u00f5es desenvolvidas em um munic\u00edpio possam inspirar e apoiar outros gestores diante de desafios semelhantes.<\/p>\n<p>Desde sua cria\u00e7\u00e3o, a iniciativa vem ampliando seu alcance. Somente em 2026, foram capacitados 131 gestores de 50 munic\u00edpios nos m\u00f3dulos presenciais. Somados aos participantes do ciclo anterior, o programa j\u00e1 alcan\u00e7a 461 gestores de 152 munic\u00edpios paranaenses.<\/p>\n<p><a href=\"https:\/\/pr.agenciasebrae.com.br\/economia-e-politica\/rede-de-secretarios-fortalece-integracao-entre-gestores-de-municipios-do-parana\/\"><strong><em>Fonte: Com informa\u00e7\u00f5es do Ag\u00eancia Sebrae (Thiago Leandro ASN\/PR).<\/em><\/strong><\/a><\/p>\n","protected":false},"excerpt":{"rendered":"<p>Procurador-Geral Gabriel Guy L\u00e9ger e a Diretora Barbara Krysttal Motta Almeida Reis representaram a institui\u00e7\u00e3o em evento do Sebrae\/PR que reuniu 160 gestores de 63 munic\u00edpios paranaenses. O Minist\u00e9rio P\u00fablico de Contas do Paran\u00e1 (MPC-PR) participou, nesta ter\u00e7a-feira (1\u00ba de setembro), do Semin\u00e1rio Estadual Rede de Secret\u00e1rios, promovido pelo Sebrae\/PR, em Foz do Igua\u00e7u. Representando [&hellip;]<\/p>\n","protected":false},"author":1,"featured_media":26532,"comment_status":"open","ping_status":"open","sticky":false,"template":"","format":"standard","meta":{"rop_custom_images_group":[],"rop_custom_messages_group":[],"rop_publish_now":"no","rop_publish_now_accounts":[],"rop_publish_now_history":[],"rop_publish_now_status":"pending","_monsterinsights_skip_tracking":false,"footnotes":""},"categories":[945,2,7],"tags":[475,48,725,13,30,998,908],"class_list":["post-26530","post","type-post","status-publish","format-standard","has-post-thumbnail","hentry","category-agenda-institucional","category-destaques","category-todas-as-noticias","tag-capacitacao","tag-foz-do-iguacu","tag-inovacao","tag-mpc-pr","tag-parana","tag-rede-de-secretarios","tag-sebrae-pr","entry","has-media"],"yoast_head":"<!-- This site is optimized with the Yoast SEO plugin v28.4 - https:\/\/yoast.com\/product\/yoast-seo-wordpress\/ -->\n<title>MPC-PR apresenta projetos estrat\u00e9gicos a gestores municipais durante Semin\u00e1rio Estadual Rede de Secret\u00e1rios - Minist\u00e9rio P\u00fablico de Contas do Estado do Paran\u00e1<\/title>\n<meta name=\"robots\" content=\"index, follow, max-snippet:-1, max-image-preview:large, max-video-preview:-1\" \/>\n<link rel=\"canonical\" href=\"https:\/\/www.mpc.pr.gov.br\/index.php\/mpc-pr-apresenta-projetos-estrategicos-a-gestores-municipais-durante-seminario-estadual-rede-de-secretarios\/\" \/>\n<meta property=\"og:locale\" content=\"pt_BR\" \/>\n<meta property=\"og:type\" content=\"article\" \/>\n<meta property=\"og:title\" content=\"MPC-PR apresenta projetos estrat\u00e9gicos a gestores municipais durante Semin\u00e1rio Estadual Rede de Secret\u00e1rios - Minist\u00e9rio P\u00fablico de Contas do Estado do Paran\u00e1\" \/>\n<meta property=\"og:description\" content=\"Procurador-Geral Gabriel Guy L\u00e9ger e a Diretora Barbara Krysttal Motta Almeida Reis representaram a institui\u00e7\u00e3o em evento do Sebrae\/PR que reuniu 160 gestores de 63 munic\u00edpios paranaenses. O Minist\u00e9rio P\u00fablico de Contas do Paran\u00e1 (MPC-PR) participou, nesta ter\u00e7a-feira (1\u00ba de setembro), do Semin\u00e1rio Estadual Rede de Secret\u00e1rios, promovido pelo Sebrae\/PR, em Foz do Igua\u00e7u. Representando [&hellip;]\" \/>\n<meta property=\"og:url\" content=\"https:\/\/www.mpc.pr.gov.br\/index.php\/mpc-pr-apresenta-projetos-estrategicos-a-gestores-municipais-durante-seminario-estadual-rede-de-secretarios\/\" \/>\n<meta property=\"og:site_name\" content=\"Minist\u00e9rio P\u00fablico de Contas do Estado do Paran\u00e1\" \/>\n<meta property=\"article:publisher\" content=\"https:\/\/www.facebook.com\/mpc.pr\" \/>\n<meta property=\"article:published_time\" content=\"2026-09-02T14:30:53+00:00\" \/>\n<meta property=\"og:image\" content=\"https:\/\/www.mpc.pr.gov.br\/wp-content\/uploads\/2026\/09\/Evento-sebrae-foz-do-iguacu-03-e1788359371510.jpeg\" \/>\n\t<meta property=\"og:image:width\" content=\"898\" \/>\n\t<meta property=\"og:image:height\" content=\"807\" \/>\n\t<meta property=\"og:image:type\" content=\"image\/jpeg\" \/>\n<meta name=\"author\" content=\"mpcontaspr\" \/>\n<meta name=\"twitter:card\" content=\"summary_large_image\" \/>\n<meta name=\"twitter:label1\" content=\"Escrito por\" \/>\n\t<meta name=\"twitter:data1\" content=\"mpcontaspr\" \/>\n\t<meta name=\"twitter:label2\" content=\"Est. tempo de leitura\" \/>\n\t<meta name=\"twitter:data2\" content=\"5 minutos\" \/>\n<script type=\"application\/ld+json\" class=\"yoast-schema-graph\">{\"@context\":\"https:\\\/\\\/schema.org\",\"@graph\":[{\"@type\":\"Article\",\"@id\":\"https:\\\/\\\/www.mpc.pr.gov.br\\\/index.php\\\/mpc-pr-apresenta-projetos-estrategicos-a-gestores-municipais-durante-seminario-estadual-rede-de-secretarios\\\/#article\",\"isPartOf\":{\"@id\":\"https:\\\/\\\/www.mpc.pr.gov.br\\\/index.php\\\/mpc-pr-apresenta-projetos-estrategicos-a-gestores-municipais-durante-seminario-estadual-rede-de-secretarios\\\/\"},\"author\":{\"name\":\"mpcontaspr\",\"@id\":\"https:\\\/\\\/www.mpc.pr.gov.br\\\/#\\\/schema\\\/person\\\/2d83cb8980538d0ec174e8a6284f5e11\"},\"headline\":\"MPC-PR apresenta projetos estrat\u00e9gicos a gestores municipais durante Semin\u00e1rio Estadual Rede de Secret\u00e1rios\",\"datePublished\":\"2026-09-02T14:30:53+00:00\",\"mainEntityOfPage\":{\"@id\":\"https:\\\/\\\/www.mpc.pr.gov.br\\\/index.php\\\/mpc-pr-apresenta-projetos-estrategicos-a-gestores-municipais-durante-seminario-estadual-rede-de-secretarios\\\/\"},\"wordCount\":777,\"commentCount\":0,\"publisher\":{\"@id\":\"https:\\\/\\\/www.mpc.pr.gov.br\\\/#organization\"},\"image\":{\"@id\":\"https:\\\/\\\/www.mpc.pr.gov.br\\\/index.php\\\/mpc-pr-apresenta-projetos-estrategicos-a-gestores-municipais-durante-seminario-estadual-rede-de-secretarios\\\/#primaryimage\"},\"thumbnailUrl\":\"https:\\\/\\\/www.mpc.pr.gov.br\\\/wp-content\\\/uploads\\\/2026\\\/09\\\/Evento-sebrae-foz-do-iguacu-03-e1788359371510.jpeg\",\"keywords\":[\"Capacita\u00e7\u00e3o\",\"Foz do Igua\u00e7u\",\"Inova\u00e7\u00e3o\",\"MPC-PR\",\"Paran\u00e1\",\"Rede de Secret\u00e1rios\",\"Sebrae-PR\"],\"articleSection\":[\"Agenda Institucional\",\"Destaques\",\"Todas as not\u00edcias\"],\"inLanguage\":\"pt-BR\",\"potentialAction\":[{\"@type\":\"CommentAction\",\"name\":\"Comment\",\"target\":[\"https:\\\/\\\/www.mpc.pr.gov.br\\\/index.php\\\/mpc-pr-apresenta-projetos-estrategicos-a-gestores-municipais-durante-seminario-estadual-rede-de-secretarios\\\/#respond\"]}]},{\"@type\":\"WebPage\",\"@id\":\"https:\\\/\\\/www.mpc.pr.gov.br\\\/index.php\\\/mpc-pr-apresenta-projetos-estrategicos-a-gestores-municipais-durante-seminario-estadual-rede-de-secretarios\\\/\",\"url\":\"https:\\\/\\\/www.mpc.pr.gov.br\\\/index.php\\\/mpc-pr-apresenta-projetos-estrategicos-a-gestores-municipais-durante-seminario-estadual-rede-de-secretarios\\\/\",\"name\":\"MPC-PR apresenta projetos estrat\u00e9gicos a gestores municipais durante Semin\u00e1rio Estadual Rede de Secret\u00e1rios - Minist\u00e9rio P\u00fablico de Contas do Estado do Paran\u00e1\",\"isPartOf\":{\"@id\":\"https:\\\/\\\/www.mpc.pr.gov.br\\\/#website\"},\"primaryImageOfPage\":{\"@id\":\"https:\\\/\\\/www.mpc.pr.gov.br\\\/index.php\\\/mpc-pr-apresenta-projetos-estrategicos-a-gestores-municipais-durante-seminario-estadual-rede-de-secretarios\\\/#primaryimage\"},\"image\":{\"@id\":\"https:\\\/\\\/www.mpc.pr.gov.br\\\/index.php\\\/mpc-pr-apresenta-projetos-estrategicos-a-gestores-municipais-durante-seminario-estadual-rede-de-secretarios\\\/#primaryimage\"},\"thumbnailUrl\":\"https:\\\/\\\/www.mpc.pr.gov.br\\\/wp-content\\\/uploads\\\/2026\\\/09\\\/Evento-sebrae-foz-do-iguacu-03-e1788359371510.jpeg\",\"datePublished\":\"2026-09-02T14:30:53+00:00\",\"breadcrumb\":{\"@id\":\"https:\\\/\\\/www.mpc.pr.gov.br\\\/index.php\\\/mpc-pr-apresenta-projetos-estrategicos-a-gestores-municipais-durante-seminario-estadual-rede-de-secretarios\\\/#breadcrumb\"},\"inLanguage\":\"pt-BR\",\"potentialAction\":[{\"@type\":\"ReadAction\",\"target\":[\"https:\\\/\\\/www.mpc.pr.gov.br\\\/index.php\\\/mpc-pr-apresenta-projetos-estrategicos-a-gestores-municipais-durante-seminario-estadual-rede-de-secretarios\\\/\"]}]},{\"@type\":\"ImageObject\",\"inLanguage\":\"pt-BR\",\"@id\":\"https:\\\/\\\/www.mpc.pr.gov.br\\\/index.php\\\/mpc-pr-apresenta-projetos-estrategicos-a-gestores-municipais-durante-seminario-estadual-rede-de-secretarios\\\/#primaryimage\",\"url\":\"https:\\\/\\\/www.mpc.pr.gov.br\\\/wp-content\\\/uploads\\\/2026\\\/09\\\/Evento-sebrae-foz-do-iguacu-03-e1788359371510.jpeg\",\"contentUrl\":\"https:\\\/\\\/www.mpc.pr.gov.br\\\/wp-content\\\/uploads\\\/2026\\\/09\\\/Evento-sebrae-foz-do-iguacu-03-e1788359371510.jpeg\",\"width\":898,\"height\":807},{\"@type\":\"BreadcrumbList\",\"@id\":\"https:\\\/\\\/www.mpc.pr.gov.br\\\/index.php\\\/mpc-pr-apresenta-projetos-estrategicos-a-gestores-municipais-durante-seminario-estadual-rede-de-secretarios\\\/#breadcrumb\",\"itemListElement\":[{\"@type\":\"ListItem\",\"position\":1,\"name\":\"In\u00edcio\",\"item\":\"https:\\\/\\\/www.mpc.pr.gov.br\\\/\"},{\"@type\":\"ListItem\",\"position\":2,\"name\":\"MPC-PR apresenta projetos estrat\u00e9gicos a gestores municipais durante Semin\u00e1rio Estadual Rede de Secret\u00e1rios\"}]},{\"@type\":\"WebSite\",\"@id\":\"https:\\\/\\\/www.mpc.pr.gov.br\\\/#website\",\"url\":\"https:\\\/\\\/www.mpc.pr.gov.br\\\/\",\"name\":\"Minist\u00e9rio P\u00fablico de Contas do Estado do Paran\u00e1\",\"description\":\"\",\"publisher\":{\"@id\":\"https:\\\/\\\/www.mpc.pr.gov.br\\\/#organization\"},\"potentialAction\":[{\"@type\":\"SearchAction\",\"target\":{\"@type\":\"EntryPoint\",\"urlTemplate\":\"https:\\\/\\\/www.mpc.pr.gov.br\\\/?s={search_term_string}\"},\"query-input\":{\"@type\":\"PropertyValueSpecification\",\"valueRequired\":true,\"valueName\":\"search_term_string\"}}],\"inLanguage\":\"pt-BR\"},{\"@type\":\"Organization\",\"@id\":\"https:\\\/\\\/www.mpc.pr.gov.br\\\/#organization\",\"name\":\"Minist\u00e9rio P\u00fablico de Contas do Estado do Paran\u00e1\",\"url\":\"https:\\\/\\\/www.mpc.pr.gov.br\\\/\",\"logo\":{\"@type\":\"ImageObject\",\"inLanguage\":\"pt-BR\",\"@id\":\"https:\\\/\\\/www.mpc.pr.gov.br\\\/#\\\/schema\\\/logo\\\/image\\\/\",\"url\":\"https:\\\/\\\/www.mpc.pr.gov.br\\\/wp-content\\\/uploads\\\/2020\\\/06\\\/99423647_1593460364143890_6706793420720963584_n-1-e1591387983167.png\",\"contentUrl\":\"https:\\\/\\\/www.mpc.pr.gov.br\\\/wp-content\\\/uploads\\\/2020\\\/06\\\/99423647_1593460364143890_6706793420720963584_n-1-e1591387983167.png\",\"width\":243,\"height\":73,\"caption\":\"Minist\u00e9rio P\u00fablico de Contas do Estado do Paran\u00e1\"},\"image\":{\"@id\":\"https:\\\/\\\/www.mpc.pr.gov.br\\\/#\\\/schema\\\/logo\\\/image\\\/\"},\"sameAs\":[\"https:\\\/\\\/www.facebook.com\\\/mpc.pr\",\"https:\\\/\\\/www.instagram.com\\\/mpc.pr\\\/?hl=pt-br\",\"https:\\\/\\\/www.youtube.com\\\/channel\\\/UCHri5oEM8DV0ztX57E0sBSw\"]},{\"@type\":\"Person\",\"@id\":\"https:\\\/\\\/www.mpc.pr.gov.br\\\/#\\\/schema\\\/person\\\/2d83cb8980538d0ec174e8a6284f5e11\",\"name\":\"mpcontaspr\",\"image\":{\"@type\":\"ImageObject\",\"inLanguage\":\"pt-BR\",\"@id\":\"https:\\\/\\\/secure.gravatar.com\\\/avatar\\\/1aef51541db7622e05fd639336c9c9f312c2a618396e2b6ca96846362fc5403f?s=96&d=mm&r=g\",\"url\":\"https:\\\/\\\/secure.gravatar.com\\\/avatar\\\/1aef51541db7622e05fd639336c9c9f312c2a618396e2b6ca96846362fc5403f?s=96&d=mm&r=g\",\"contentUrl\":\"https:\\\/\\\/secure.gravatar.com\\\/avatar\\\/1aef51541db7622e05fd639336c9c9f312c2a618396e2b6ca96846362fc5403f?s=96&d=mm&r=g\",\"caption\":\"mpcontaspr\"},\"sameAs\":[\"http:\\\/\\\/www.mpc.pr.gov.br\"]}]}<\/script>\n<!-- \/ Yoast SEO plugin. -->","yoast_head_json":{"title":"MPC-PR apresenta projetos estrat\u00e9gicos a gestores municipais durante Semin\u00e1rio Estadual Rede de Secret\u00e1rios - Minist\u00e9rio P\u00fablico de Contas do Estado do Paran\u00e1","robots":{"index":"index","follow":"follow","max-snippet":"max-snippet:-1","max-image-preview":"max-image-preview:large","max-video-preview":"max-video-preview:-1"},"canonical":"https:\/\/www.mpc.pr.gov.br\/index.php\/mpc-pr-apresenta-projetos-estrategicos-a-gestores-municipais-durante-seminario-estadual-rede-de-secretarios\/","og_locale":"pt_BR","og_type":"article","og_title":"MPC-PR apresenta projetos estrat\u00e9gicos a gestores municipais durante Semin\u00e1rio Estadual Rede de Secret\u00e1rios - Minist\u00e9rio P\u00fablico de Contas do Estado do Paran\u00e1","og_description":"Procurador-Geral Gabriel Guy L\u00e9ger e a Diretora Barbara Krysttal Motta Almeida Reis representaram a institui\u00e7\u00e3o em evento do Sebrae\/PR que reuniu 160 gestores de 63 munic\u00edpios paranaenses. O Minist\u00e9rio P\u00fablico de Contas do Paran\u00e1 (MPC-PR) participou, nesta ter\u00e7a-feira (1\u00ba de setembro), do Semin\u00e1rio Estadual Rede de Secret\u00e1rios, promovido pelo Sebrae\/PR, em Foz do Igua\u00e7u. Representando [&hellip;]","og_url":"https:\/\/www.mpc.pr.gov.br\/index.php\/mpc-pr-apresenta-projetos-estrategicos-a-gestores-municipais-durante-seminario-estadual-rede-de-secretarios\/","og_site_name":"Minist\u00e9rio P\u00fablico de Contas do Estado do Paran\u00e1","article_publisher":"https:\/\/www.facebook.com\/mpc.pr","article_published_time":"2026-09-02T14:30:53+00:00","og_image":[{"width":898,"height":807,"url":"https:\/\/www.mpc.pr.gov.br\/wp-content\/uploads\/2026\/09\/Evento-sebrae-foz-do-iguacu-03-e1788359371510.jpeg","type":"image\/jpeg"}],"author":"mpcontaspr","twitter_card":"summary_large_image","twitter_misc":{"Escrito por":"mpcontaspr","Est. tempo de leitura":"5 minutos"},"schema":{"@context":"https:\/\/schema.org","@graph":[{"@type":"Article","@id":"https:\/\/www.mpc.pr.gov.br\/index.php\/mpc-pr-apresenta-projetos-estrategicos-a-gestores-municipais-durante-seminario-estadual-rede-de-secretarios\/#article","isPartOf":{"@id":"https:\/\/www.mpc.pr.gov.br\/index.php\/mpc-pr-apresenta-projetos-estrategicos-a-gestores-municipais-durante-seminario-estadual-rede-de-secretarios\/"},"author":{"name":"mpcontaspr","@id":"https:\/\/www.mpc.pr.gov.br\/#\/schema\/person\/2d83cb8980538d0ec174e8a6284f5e11"},"headline":"MPC-PR apresenta projetos estrat\u00e9gicos a gestores municipais durante Semin\u00e1rio Estadual Rede de Secret\u00e1rios","datePublished":"2026-09-02T14:30:53+00:00","mainEntityOfPage":{"@id":"https:\/\/www.mpc.pr.gov.br\/index.php\/mpc-pr-apresenta-projetos-estrategicos-a-gestores-municipais-durante-seminario-estadual-rede-de-secretarios\/"},"wordCount":777,"commentCount":0,"publisher":{"@id":"https:\/\/www.mpc.pr.gov.br\/#organization"},"image":{"@id":"https:\/\/www.mpc.pr.gov.br\/index.php\/mpc-pr-apresenta-projetos-estrategicos-a-gestores-municipais-durante-seminario-estadual-rede-de-secretarios\/#primaryimage"},"thumbnailUrl":"https:\/\/www.mpc.pr.gov.br\/wp-content\/uploads\/2026\/09\/Evento-sebrae-foz-do-iguacu-03-e1788359371510.jpeg","keywords":["Capacita\u00e7\u00e3o","Foz do Igua\u00e7u","Inova\u00e7\u00e3o","MPC-PR","Paran\u00e1","Rede de Secret\u00e1rios","Sebrae-PR"],"articleSection":["Agenda Institucional","Destaques","Todas as not\u00edcias"],"inLanguage":"pt-BR","potentialAction":[{"@type":"CommentAction","name":"Comment","target":["https:\/\/www.mpc.pr.gov.br\/index.php\/mpc-pr-apresenta-projetos-estrategicos-a-gestores-municipais-durante-seminario-estadual-rede-de-secretarios\/#respond"]}]},{"@type":"WebPage","@id":"https:\/\/www.mpc.pr.gov.br\/index.php\/mpc-pr-apresenta-projetos-estrategicos-a-gestores-municipais-durante-seminario-estadual-rede-de-secretarios\/","url":"https:\/\/www.mpc.pr.gov.br\/index.php\/mpc-pr-apresenta-projetos-estrategicos-a-gestores-municipais-durante-seminario-estadual-rede-de-secretarios\/","name":"MPC-PR apresenta projetos estrat\u00e9gicos a gestores municipais durante Semin\u00e1rio Estadual Rede de Secret\u00e1rios - Minist\u00e9rio P\u00fablico de Contas do Estado do Paran\u00e1","isPartOf":{"@id":"https:\/\/www.mpc.pr.gov.br\/#website"},"primaryImageOfPage":{"@id":"https:\/\/www.mpc.pr.gov.br\/index.php\/mpc-pr-apresenta-projetos-estrategicos-a-gestores-municipais-durante-seminario-estadual-rede-de-secretarios\/#primaryimage"},"image":{"@id":"https:\/\/www.mpc.pr.gov.br\/index.php\/mpc-pr-apresenta-projetos-estrategicos-a-gestores-municipais-durante-seminario-estadual-rede-de-secretarios\/#primaryimage"},"thumbnailUrl":"https:\/\/www.mpc.pr.gov.br\/wp-content\/uploads\/2026\/09\/Evento-sebrae-foz-do-iguacu-03-e1788359371510.jpeg","datePublished":"2026-09-02T14:30:53+00:00","breadcrumb":{"@id":"https:\/\/www.mpc.pr.gov.br\/index.php\/mpc-pr-apresenta-projetos-estrategicos-a-gestores-municipais-durante-seminario-estadual-rede-de-secretarios\/#breadcrumb"},"inLanguage":"pt-BR","potentialAction":[{"@type":"ReadAction","target":["https:\/\/www.mpc.pr.gov.br\/index.php\/mpc-pr-apresenta-projetos-estrategicos-a-gestores-municipais-durante-seminario-estadual-rede-de-secretarios\/"]}]},{"@type":"ImageObject","inLanguage":"pt-BR","@id":"https:\/\/www.mpc.pr.gov.br\/index.php\/mpc-pr-apresenta-projetos-estrategicos-a-gestores-municipais-durante-seminario-estadual-rede-de-secretarios\/#primaryimage","url":"https:\/\/www.mpc.pr.gov.br\/wp-content\/uploads\/2026\/09\/Evento-sebrae-foz-do-iguacu-03-e1788359371510.jpeg","contentUrl":"https:\/\/www.mpc.pr.gov.br\/wp-content\/uploads\/2026\/09\/Evento-sebrae-foz-do-iguacu-03-e1788359371510.jpeg","width":898,"height":807},{"@type":"BreadcrumbList","@id":"https:\/\/www.mpc.pr.gov.br\/index.php\/mpc-pr-apresenta-projetos-estrategicos-a-gestores-municipais-durante-seminario-estadual-rede-de-secretarios\/#breadcrumb","itemListElement":[{"@type":"ListItem","position":1,"name":"In\u00edcio","item":"https:\/\/www.mpc.pr.gov.br\/"},{"@type":"ListItem","position":2,"name":"MPC-PR apresenta projetos estrat\u00e9gicos a gestores municipais durante Semin\u00e1rio Estadual Rede de Secret\u00e1rios"}]},{"@type":"WebSite","@id":"https:\/\/www.mpc.pr.gov.br\/#website","url":"https:\/\/www.mpc.pr.gov.br\/","name":"Minist\u00e9rio P\u00fablico de Contas do Estado do Paran\u00e1","description":"","publisher":{"@id":"https:\/\/www.mpc.pr.gov.br\/#organization"},"potentialAction":[{"@type":"SearchAction","target":{"@type":"EntryPoint","urlTemplate":"https:\/\/www.mpc.pr.gov.br\/?s={search_term_string}"},"query-input":{"@type":"PropertyValueSpecification","valueRequired":true,"valueName":"search_term_string"}}],"inLanguage":"pt-BR"},{"@type":"Organization","@id":"https:\/\/www.mpc.pr.gov.br\/#organization","name":"Minist\u00e9rio P\u00fablico de Contas do Estado do Paran\u00e1","url":"https:\/\/www.mpc.pr.gov.br\/","logo":{"@type":"ImageObject","inLanguage":"pt-BR","@id":"https:\/\/www.mpc.pr.gov.br\/#\/schema\/logo\/image\/","url":"https:\/\/www.mpc.pr.gov.br\/wp-content\/uploads\/2020\/06\/99423647_1593460364143890_6706793420720963584_n-1-e1591387983167.png","contentUrl":"https:\/\/www.mpc.pr.gov.br\/wp-content\/uploads\/2020\/06\/99423647_1593460364143890_6706793420720963584_n-1-e1591387983167.png","width":243,"height":73,"caption":"Minist\u00e9rio P\u00fablico de Contas do Estado do Paran\u00e1"},"image":{"@id":"https:\/\/www.mpc.pr.gov.br\/#\/schema\/logo\/image\/"},"sameAs":["https:\/\/www.facebook.com\/mpc.pr","https:\/\/www.instagram.com\/mpc.pr\/?hl=pt-br","https:\/\/www.youtube.com\/channel\/UCHri5oEM8DV0ztX57E0sBSw"]},{"@type":"Person","@id":"https:\/\/www.mpc.pr.gov.br\/#\/schema\/person\/2d83cb8980538d0ec174e8a6284f5e11","name":"mpcontaspr","image":{"@type":"ImageObject","inLanguage":"pt-BR","@id":"https:\/\/secure.gravatar.com\/avatar\/1aef51541db7622e05fd639336c9c9f312c2a618396e2b6ca96846362fc5403f?s=96&d=mm&r=g","url":"https:\/\/secure.gravatar.com\/avatar\/1aef51541db7622e05fd639336c9c9f312c2a618396e2b6ca96846362fc5403f?s=96&d=mm&r=g","contentUrl":"https:\/\/secure.gravatar.com\/avatar\/1aef51541db7622e05fd639336c9c9f312c2a618396e2b6ca96846362fc5403f?s=96&d=mm&r=g","caption":"mpcontaspr"},"sameAs":["http:\/\/www.mpc.pr.gov.br"]}]}},"rttpg_featured_image_url":{"full":["https:\/\/www.mpc.pr.gov.br\/wp-content\/uploads\/2026\/09\/Evento-sebrae-foz-do-iguacu-03-e1788359371510.jpeg",898,807,false],"landscape":["https:\/\/www.mpc.pr.gov.br\/wp-content\/uploads\/2026\/09\/Evento-sebrae-foz-do-iguacu-03-e1788359371510.jpeg",898,807,false],"portraits":["https:\/\/www.mpc.pr.gov.br\/wp-content\/uploads\/2026\/09\/Evento-sebrae-foz-do-iguacu-03-e1788359371510.jpeg",898,807,false],"thumbnail":["https:\/\/www.mpc.pr.gov.br\/wp-content\/uploads\/2026\/09\/Evento-sebrae-foz-do-iguacu-03-e1788359371510-150x150.jpeg",150,150,true],"medium":["https:\/\/www.mpc.pr.gov.br\/wp-content\/uploads\/2026\/09\/Evento-sebrae-foz-do-iguacu-03-e1788359371510-300x270.jpeg",300,270,true],"large":["https:\/\/www.mpc.pr.gov.br\/wp-content\/uploads\/2026\/09\/Evento-sebrae-foz-do-iguacu-03-576x1024.jpeg",576,1024,true],"1536x1536":["https:\/\/www.mpc.pr.gov.br\/wp-content\/uploads\/2026\/09\/Evento-sebrae-foz-do-iguacu-03-864x1536.jpeg",864,1536,true],"2048x2048":["https:\/\/www.mpc.pr.gov.br\/wp-content\/uploads\/2026\/09\/Evento-sebrae-foz-do-iguacu-03-e1788359371510.jpeg",898,807,false],"ocean-thumb-m":["https:\/\/www.mpc.pr.gov.br\/wp-content\/uploads\/2026\/09\/Evento-sebrae-foz-do-iguacu-03-e1788359371510-600x600.jpeg",600,600,true],"ocean-thumb-ml":["https:\/\/www.mpc.pr.gov.br\/wp-content\/uploads\/2026\/09\/Evento-sebrae-foz-do-iguacu-03-e1788359371510-800x450.jpeg",800,450,true],"ocean-thumb-l":["https:\/\/www.mpc.pr.gov.br\/wp-content\/uploads\/2026\/09\/Evento-sebrae-foz-do-iguacu-03-e1788359371510-898x700.jpeg",898,700,true]},"rttpg_author":{"display_name":"mpcontaspr","author_link":"https:\/\/www.mpc.pr.gov.br\/index.php\/author\/mpcontaspr\/"},"rttpg_comment":0,"rttpg_category":"<a href=\"https:\/\/www.mpc.pr.gov.br\/index.php\/category\/agenda-institucional\/\" rel=\"category tag\">Agenda Institucional<\/a> <a href=\"https:\/\/www.mpc.pr.gov.br\/index.php\/category\/destaques\/\" rel=\"category tag\">Destaques<\/a> <a href=\"https:\/\/www.mpc.pr.gov.br\/index.php\/category\/todas-as-noticias\/\" rel=\"category tag\">Todas as not\u00edcias<\/a>","rttpg_excerpt":"Procurador-Geral Gabriel Guy L\u00e9ger e a Diretora Barbara Krysttal Motta Almeida Reis representaram a institui\u00e7\u00e3o em evento do Sebrae\/PR que reuniu 160 gestores de 63 munic\u00edpios paranaenses. O Minist\u00e9rio P\u00fablico de Contas do Paran\u00e1 (MPC-PR) participou, nesta ter\u00e7a-feira (1\u00ba de setembro), do Semin\u00e1rio Estadual Rede de Secret\u00e1rios, promovido pelo Sebrae\/PR, em Foz do Igua\u00e7u. Representando&hellip;","_links":{"self":[{"href":"https:\/\/www.mpc.pr.gov.br\/index.php\/wp-json\/wp\/v2\/posts\/26530","targetHints":{"allow":["GET"]}}],"collection":[{"href":"https:\/\/www.mpc.pr.gov.br\/index.php\/wp-json\/wp\/v2\/posts"}],"about":[{"href":"https:\/\/www.mpc.pr.gov.br\/index.php\/wp-json\/wp\/v2\/types\/post"}],"author":[{"embeddable":true,"href":"https:\/\/www.mpc.pr.gov.br\/index.php\/wp-json\/wp\/v2\/users\/1"}],"replies":[{"embeddable":true,"href":"https:\/\/www.mpc.pr.gov.br\/index.php\/wp-json\/wp\/v2\/comments?post=26530"}],"version-history":[{"count":3,"href":"https:\/\/www.mpc.pr.gov.br\/index.php\/wp-json\/wp\/v2\/posts\/26530\/revisions"}],"predecessor-version":[{"id":26537,"href":"https:\/\/www.mpc.pr.gov.br\/index.php\/wp-json\/wp\/v2\/posts\/26530\/revisions\/26537"}],"wp:featuredmedia":[{"embeddable":true,"href":"https:\/\/www.mpc.pr.gov.br\/index.php\/wp-json\/wp\/v2\/media\/26532"}],"wp:attachment":[{"href":"https:\/\/www.mpc.pr.gov.br\/index.php\/wp-json\/wp\/v2\/media?parent=26530"}],"wp:term":[{"taxonomy":"category","embeddable":true,"href":"https:\/\/www.mpc.pr.gov.br\/index.php\/wp-json\/wp\/v2\/categories?post=26530"},{"taxonomy":"post_tag","embeddable":true,"href":"https:\/\/www.mpc.pr.gov.br\/index.php\/wp-json\/wp\/v2\/tags?post=26530"}],"curies":[{"name":"wp","href":"https:\/\/api.w.org\/{rel}","templated":true}]}}