{"id":26539,"date":"2026-09-03T14:55:31","date_gmt":"2026-09-03T17:55:31","guid":{"rendered":"https:\/\/www.mpc.pr.gov.br\/?p=26539"},"modified":"2026-09-03T14:55:31","modified_gmt":"2026-09-03T17:55:31","slug":"servidor-nao-pode-acumular-cargo-efetivo-com-cargo-comissionado-de-secretario-municipal","status":"publish","type":"post","link":"https:\/\/www.mpc.pr.gov.br\/index.php\/servidor-nao-pode-acumular-cargo-efetivo-com-cargo-comissionado-de-secretario-municipal\/","title":{"rendered":"Servidor n\u00e3o pode acumular cargo efetivo com cargo comissionado de Secret\u00e1rio Municipal\u00a0"},"content":{"rendered":"<p aria-level=\"1\"><span data-ccp-props=\"{&quot;134245418&quot;:true,&quot;134245529&quot;:true,&quot;201341983&quot;:0,&quot;335559738&quot;:281,&quot;335559739&quot;:281,&quot;335559740&quot;:300}\"><img fetchpriority=\"high\" decoding=\"async\" class=\"size-medium wp-image-26541 alignleft\" src=\"https:\/\/www.mpc.pr.gov.br\/wp-content\/uploads\/2026\/09\/3881a54cd85c1c33cd67d0c47de1777c-1-300x206.jpeg\" alt=\"\" width=\"300\" height=\"206\" srcset=\"https:\/\/www.mpc.pr.gov.br\/wp-content\/uploads\/2026\/09\/3881a54cd85c1c33cd67d0c47de1777c-1-300x206.jpeg 300w, https:\/\/www.mpc.pr.gov.br\/wp-content\/uploads\/2026\/09\/3881a54cd85c1c33cd67d0c47de1777c-1.jpeg 651w\" sizes=\"(max-width: 300px) 100vw, 300px\" \/>\u00a0<\/span><i><span data-contrast=\"auto\">\u201cN\u00e3o \u00e9 admiss\u00edvel que servidor efetivo exer\u00e7a simultaneamente cargo comissionado de secret\u00e1rio municipal, visto que os cargos de secret\u00e1rios municipais, secret\u00e1rios estaduais e ministros de Estado, diversamente dos demais cargos comissionados, det\u00eam natureza eminentemente pol\u00edtica e n\u00e3o t\u00e9cnica ou administrativa. Dada a import\u00e2ncia das atribui\u00e7\u00f5es desenvolvidas pelos titulares das variadas secretarias e minist\u00e9rios ao lado do Chefe do Poder Executivo que os nomeou para auxiliar na condu\u00e7\u00e3o dos trabalhos \u00e0 frente do ente federativo, \u00e9 exigido de tais agentes pol\u00edticos dedica\u00e7\u00e3o em tempo integral, j\u00e1 que podem ser demandados sempre que houver interesse da administra\u00e7\u00e3o.\u201d<\/span><\/i><span data-ccp-props=\"{&quot;201341983&quot;:0,&quot;335559738&quot;:210,&quot;335559739&quot;:210,&quot;335559740&quot;:300}\">\u00a0<\/span><\/p>\n<p><span data-contrast=\"auto\">Esse \u00e9 o entendimento do Tribunal de Contas do Estado (TCE-PR), em conformidade com a manifesta\u00e7\u00e3o do Minist\u00e9rio P\u00fablico de Contas do Paran\u00e1 (MPC-PR), em resposta \u00e0 Consulta formulada pelo Munic\u00edpio de Siqueira Campos, por meio da qual o Prefeito Municipal, Luiz Henrique Germano, apresentou questionamentos sobre a legalidade da acumula\u00e7\u00e3o de um cargo efetivo com o cargo comissionado de Secret\u00e1rio Municipal, dada a sua natureza de v\u00ednculo pol\u00edtico.<\/span><span data-ccp-props=\"{&quot;201341983&quot;:0,&quot;335559738&quot;:210,&quot;335559739&quot;:210,&quot;335559740&quot;:300}\">\u00a0<\/span><\/p>\n<p><span data-contrast=\"auto\">Na decis\u00e3o, proferida no <\/span><a href=\"https:\/\/www.mpc.pr.gov.br\/wp-content\/uploads\/2026\/09\/ACO-1682_26-STP.pdf\"><b><span data-contrast=\"auto\">Ac\u00f3rd\u00e3o n\u00ba 1682\/26<\/span><\/b><\/a><span data-contrast=\"auto\">, os membros do Tribunal Pleno acompanharam, por maioria absoluta, o voto do Relator Conselheiro Jose Durval Mattos do Amaral, ao esclarecer que os cargos de secret\u00e1rio municipal exigem dedica\u00e7\u00e3o exclusiva, o que impede o exerc\u00edcio simult\u00e2neo com cargo p\u00fablico efetivo<\/span><span data-ccp-props=\"{&quot;201341983&quot;:0,&quot;335559739&quot;:0,&quot;335559740&quot;:300}\">\u00a0<\/span><\/p>\n<h4 aria-level=\"2\"><b><span data-contrast=\"auto\">Entenda a consulta<\/span><\/b><span data-ccp-props=\"{&quot;134245418&quot;:true,&quot;134245529&quot;:true,&quot;201341983&quot;:0,&quot;335559738&quot;:261,&quot;335559739&quot;:261,&quot;335559740&quot;:300}\">\u00a0<\/span><\/h4>\n<p><span data-contrast=\"auto\">O Munic\u00edpio de Siqueira Campos submeteu ao TCE-PR os seguintes questionamentos:<\/span><span data-ccp-props=\"{&quot;201341983&quot;:0,&quot;335559738&quot;:210,&quot;335559739&quot;:210,&quot;335559740&quot;:300}\">\u00a0<\/span><\/p>\n<p><i><span data-contrast=\"auto\">1- \u00c9 legalmente admiss\u00edvel que servidora p\u00fablica aprovada em concurso p\u00fablico para o cargo de enfermeira tome posse no referido cargo efetivo e, simultaneamente, continue exercendo o cargo comissionado de Secret\u00e1ria Municipal de Sa\u00fade, sem preju\u00edzo de sua nomea\u00e7\u00e3o ou da validade do concurso?\u00a0<\/span><\/i><span data-ccp-props=\"{&quot;201341983&quot;:0,&quot;335559738&quot;:210,&quot;335559739&quot;:210,&quot;335559740&quot;:300}\">\u00a0<\/span><\/p>\n<p><i><span data-contrast=\"auto\">2- Seria legal ou regular a manuten\u00e7\u00e3o da pessoa no cargo de Secret\u00e1ria de Sa\u00fade se n\u00e3o exercer a fun\u00e7\u00e3o em que foi aprovada em concurso p\u00fablico?<\/span><\/i><span data-ccp-props=\"{&quot;201341983&quot;:0,&quot;335559738&quot;:210,&quot;335559739&quot;:210,&quot;335559740&quot;:300}\">\u00a0<\/span><\/p>\n<p><span data-contrast=\"auto\">O gestor justificou que, diante da complexidade do tema e visando resguardar a legalidade dos atos administrativos, entendeu prudente submeter a quest\u00e3o \u00e0 an\u00e1lise da Corte, a fim de obter orienta\u00e7\u00e3o segura e definitiva sobre o assunto.\u00a0<\/span><span data-ccp-props=\"{&quot;201341983&quot;:0,&quot;335559738&quot;:210,&quot;335559739&quot;:210,&quot;335559740&quot;:300}\">\u00a0<\/span><\/p>\n<p><span data-contrast=\"auto\">Junto com a consulta enviada ao Tribunal, o Munic\u00edpio de Siqueira Campos anexou um parecer da Procuradoria Jur\u00eddica do Munic\u00edpio. Nesse documento, os advogados do ente apontavam que seria ilegal e incompat\u00edvel uma mesma pessoa ocupar, ao mesmo tempo, o cargo efetivo (conquistado por concurso) e o cargo de secret\u00e1ria municipal.<\/span><span data-ccp-props=\"{&quot;201341983&quot;:0,&quot;335559738&quot;:210,&quot;335559739&quot;:210,&quot;335559740&quot;:300}\">\u00a0<\/span><\/p>\n<p><span data-contrast=\"auto\">Embora a d\u00favida trate de uma situa\u00e7\u00e3o espec\u00edfica do dia a dia da administra\u00e7\u00e3o do Munic\u00edpio, a consulta foi admitida pelo Relator, Conselheiro <\/span><b><span data-contrast=\"auto\">Jos\u00e9 Durval Mattos do Amaral<\/span><\/b><span data-contrast=\"auto\">, por meio do Despacho n\u00ba 980\/25, por estarem presentes os requisitos de admissibilidade previstos no art. 311, \u00a7 1\u00ba, do Regimento Interno da Casa, diante do relevante interesse p\u00fablico da mat\u00e9ria. Na sequ\u00eancia, os autos foram encaminhados \u00e0 Coordenadoria de Apoio e de Instru\u00e7\u00e3o Suplementar (CAIS) e ao Minist\u00e9rio P\u00fablico de Contas do Paran\u00e1 (MPC-PR) para instru\u00e7\u00e3o.<\/span><span data-ccp-props=\"{&quot;201341983&quot;:0,&quot;335559739&quot;:0,&quot;335559740&quot;:300}\">\u00a0<\/span><\/p>\n<h4 aria-level=\"2\"><b><span data-contrast=\"auto\">Instru\u00e7\u00e3o do processo<\/span><\/b><span data-ccp-props=\"{&quot;134245418&quot;:true,&quot;134245529&quot;:true,&quot;201341983&quot;:0,&quot;335559738&quot;:261,&quot;335559739&quot;:261,&quot;335559740&quot;:300}\">\u00a0<\/span><\/h4>\n<p><span data-contrast=\"auto\">Instada a se manifestar, a Coordenadoria de Apoio e de Instru\u00e7\u00e3o Suplementar (CAIS) pronunciou-se no sentido de que, em n\u00e3o havendo proibi\u00e7\u00e3o na lei local, n\u00e3o haveria \u00f3bice para que o servidor efetivo aprovado em concurso p\u00fablico permanecesse exercendo cargo em comiss\u00e3o na mesma esfera administrativa, desde que este fosse compat\u00edvel com as fun\u00e7\u00f5es do cargo efetivo \u2014 isto \u00e9, quando as atribui\u00e7\u00f5es de chefia, dire\u00e7\u00e3o ou supervis\u00e3o estivessem compreendidas nas fun\u00e7\u00f5es do pr\u00f3prio cargo, n\u00e3o configurando ac\u00famulo.\u00a0<\/span><span data-ccp-props=\"{&quot;201341983&quot;:0,&quot;335559738&quot;:210,&quot;335559739&quot;:210,&quot;335559740&quot;:300}\">\u00a0<\/span><\/p>\n<p><span data-contrast=\"auto\">A unidade t\u00e9cnica ponderou, ainda, que o est\u00e1gio probat\u00f3rio somente deveria ser suspenso caso o exerc\u00edcio da fun\u00e7\u00e3o comissionada impedisse a avalia\u00e7\u00e3o do servidor no desempenho das atribui\u00e7\u00f5es do cargo efetivo.<\/span><span data-ccp-props=\"{&quot;201341983&quot;:0,&quot;335559738&quot;:210,&quot;335559739&quot;:210,&quot;335559740&quot;:300}\">\u00a0<\/span><\/p>\n<h4 aria-level=\"2\"><b><span data-contrast=\"auto\">Parecer Ministerial<\/span><\/b><span data-ccp-props=\"{&quot;134245418&quot;:true,&quot;134245529&quot;:true,&quot;201341983&quot;:0,&quot;335559738&quot;:261,&quot;335559739&quot;:261,&quot;335559740&quot;:300}\">\u00a0<\/span><\/h4>\n<p><span data-contrast=\"auto\">Na sequ\u00eancia, os autos foram encaminhados ao MPC-PR, que, por meio do <\/span><a href=\"https:\/\/www.mpc.pr.gov.br\/wp-content\/uploads\/2026\/09\/PAR-305_25-PGC.pdf\"><b><span data-contrast=\"auto\">Parecer n\u00ba 305\/25<\/span><\/b><\/a><span data-contrast=\"auto\">, manifestou-se em sentido <strong>d<\/strong><\/span><strong>iverso<\/strong><b><span data-contrast=\"auto\"> ao da unidade t\u00e9cnica, opinando pela <\/span><\/b><span data-contrast=\"auto\">impossibilidade do exerc\u00edcio simult\u00e2neo<\/span><b><span data-contrast=\"auto\"> dos ca<\/span><\/b><span data-contrast=\"auto\">rgos, devendo o servidor afastar-se previamente do cargo efetivo para posteriormente exercer o cargo de natureza pol\u00edtica.<\/span><span data-ccp-props=\"{&quot;201341983&quot;:0,&quot;335559738&quot;:210,&quot;335559739&quot;:210,&quot;335559740&quot;:300}\">\u00a0<\/span><\/p>\n<p><span data-contrast=\"auto\">O \u00f3rg\u00e3o ministerial partiu da regra geral do <\/span><b><span data-contrast=\"auto\">art. 37, inciso XVI, da Constitui\u00e7\u00e3o Federal<\/span><\/b><span data-contrast=\"auto\">, que veda a acumula\u00e7\u00e3o remunerada de cargos p\u00fablicos, ressalvando apenas as hip\u00f3teses expressamente previstas, sempre condicionadas \u00e0 compatibilidade de hor\u00e1rios. Quanto aos cargos em comiss\u00e3o, disciplinados pelo<\/span> <span data-contrast=\"auto\">inciso V<\/span> <span data-contrast=\"auto\">do me<\/span><span data-contrast=\"auto\">smo artigo, o parecer destacou que se destinam apenas \u00e0s atribui\u00e7\u00f5es de dire\u00e7\u00e3o, chefia e assessoramento.<\/span><span data-ccp-props=\"{&quot;201341983&quot;:0,&quot;335559738&quot;:210,&quot;335559739&quot;:210,&quot;335559740&quot;:300}\">\u00a0<\/span><\/p>\n<p><span data-contrast=\"auto\">O ponto central da manifesta\u00e7\u00e3o, no<\/span><span data-contrast=\"auto\"> entanto,<\/span> <span data-contrast=\"auto\">foi a <\/span><span data-contrast=\"auto\">distin\u00e7\u00e3o da natureza do cargo de Secret\u00e1rio Municipal<\/span><b><span data-contrast=\"auto\">. <\/span><\/b><span data-contrast=\"auto\">Embora seja form<\/span><span data-contrast=\"auto\">almente um cargo comissionado, o MPC-PR ressaltou que ele se diferencia dos demais em raz\u00e3o de su<\/span><b><span data-contrast=\"auto\">a <\/span><\/b><span data-contrast=\"auto\">natureza eminentemente pol\u00edtica<\/span><b><span data-contrast=\"auto\">. <\/span><\/b><span data-contrast=\"auto\">Para fundamentar esse entendimento, o parecer invocou o voto do Ministr<\/span><span data-contrast=\"auto\">o G<\/span><span data-contrast=\"auto\">ilmar Mendes<\/span><b><span data-contrast=\"auto\">, <\/span><\/b><span data-contrast=\"auto\">do Supremo Tribunal Federal (STF), na Rcl. 22.339 AgR-SP, segundo o qual os cargos pol\u00edticos, a exemplo das Secretarias Estaduais e Municipais, t\u00eam por paradigma federal os cargos de Ministro de Estado, sendo de livre escolha pelo chefe do Poder Executivo, com requisitos previstos na pr\u00f3pria Constitui\u00e7\u00e3o.<\/span><span data-ccp-props=\"{&quot;201341983&quot;:0,&quot;335559739&quot;:0,&quot;335559740&quot;:300}\">\u00a0<\/span><\/p>\n<p><span data-contrast=\"auto\">A partir disso, o MPC-PR sustentou que, atuando como verdadeiros &#8220;bra\u00e7os&#8221; do Chefe do Poder Executivo nas diversas pastas, esses agentes pol\u00edticos precisam de <\/span><b><span data-contrast=\"auto\">d<\/span><\/b><b><span data-contrast=\"auto\">edica\u00e7\u00e3o em tempo integral<\/span><\/b><span data-contrast=\"auto\">, j\u00e1 que podem ser demandados sempre que houver interesse da administra\u00e7\u00e3o. <\/span><span data-contrast=\"auto\">Dessa forma, <\/span><span data-contrast=\"auto\">entende que <\/span><span data-contrast=\"auto\">n<\/span><span data-contrast=\"auto\">\u00e3o<\/span> <span data-contrast=\"auto\">pairam<\/span><span data-contrast=\"auto\"> d\u00favidas acerca da necessidade de <\/span><b><span data-contrast=\"auto\">afastamento do servidor em rela\u00e7\u00e3o ao cargo efetivo<\/span><\/b><span data-contrast=\"auto\"> para que possa exercer o cargo pol\u00edtico.<\/span><span data-ccp-props=\"{&quot;201341983&quot;:0,&quot;335559738&quot;:210,&quot;335559739&quot;:210,&quot;335559740&quot;:300}\">\u00a0<\/span><\/p>\n<p><span data-contrast=\"auto\">O MPC-PR alertou, por fim, para um efeito importante sobre a carreira do servidor: embora seja seu direito afastar-se do cargo efetivo para exercer o cargo pol\u00edtico, caso<\/span> <b><span data-contrast=\"auto\">n\u00e3o tenha completado o per\u00edodo de est\u00e1gio probat\u00f3rio<\/span><\/b><span data-contrast=\"auto\"> antes do afastamento, a contagem do prazo para tal finalidade restar\u00e1 interrompida durante todo o per\u00edodo em que estiver no exerc\u00edcio do cargo pol\u00edtico.<\/span><span data-ccp-props=\"{&quot;201341983&quot;:0,&quot;335559738&quot;:210,&quot;335559739&quot;:210,&quot;335559740&quot;:300}\">\u00a0<\/span><\/p>\n<p><span data-contrast=\"auto\">Com base nesses fundamentos, o Minist\u00e9rio P\u00fablico de Contas opinou pela resposta \u00e0 consulta nos seguintes termos:\u00a0<\/span><span data-ccp-props=\"{&quot;201341983&quot;:0,&quot;335559738&quot;:210,&quot;335559739&quot;:210,&quot;335559740&quot;:300}\">\u00a0<\/span><\/p>\n<ol>\n<li><i><span data-contrast=\"auto\">a) N\u00e3o h\u00e1 possibilidade de acumula\u00e7\u00e3o de cargo de Secret\u00e1rio Municipal com cargo efetivo (em \u201cexerc\u00edcio simult\u00e2neo\u201d, conforme questionado pelo consulente), ainda que, em tese, seja poss\u00edvel a compatibiliza\u00e7\u00e3o de hor\u00e1rio;<\/span><\/i><\/li>\n<li><i><span data-contrast=\"auto\">b) Sendo o servidor detentor de cargo efetivo, este dever\u00e1 afastar-se do cargo (por meio de licen\u00e7a) para ent\u00e3o assumir cargo de natureza pol\u00edtica;<\/span><\/i><\/li>\n<li><i><span data-contrast=\"auto\">c) Caso ainda n\u00e3o tenha completado o per\u00edodo de est\u00e1gio probat\u00f3rio no cargo efetivo quando do seu afastamento, a contagem do prazo para estes fins restar\u00e1 interrompida durante todo o per\u00edodo em que estiver no exerc\u00edcio do cargo pol\u00edtico.<\/span><\/i><\/li>\n<\/ol>\n<h4 aria-level=\"2\"><b><span data-contrast=\"auto\">Decis\u00e3o<\/span><\/b><span data-ccp-props=\"{&quot;134245418&quot;:true,&quot;134245529&quot;:true,&quot;201341983&quot;:0,&quot;335559738&quot;:261,&quot;335559739&quot;:261,&quot;335559740&quot;:300}\">\u00a0<\/span><\/h4>\n<p><span data-contrast=\"auto\">Em sede de julgamento, o Relator, Conselheiro <\/span><b><span data-contrast=\"auto\">Jos\u00e9 Durval Mattos do Amaral<\/span><\/b><span data-contrast=\"auto\">, acompanhou o parecer jur\u00eddico da procuradoria municipal e o opinativo do MPC-PR, registrando a relev\u00e2ncia do assunto, cujo posicionamento servir\u00e1 de diretriz para todos os jurisdicionados do Estado do Paran\u00e1.<\/span><span data-ccp-props=\"{&quot;201341983&quot;:0,&quot;335559738&quot;:210,&quot;335559739&quot;:210,&quot;335559740&quot;:300}\">\u00a0<\/span><\/p>\n<p><span data-contrast=\"auto\">O Relator destacou que, embora os cargos de secret\u00e1rio sejam formalmente cargos comissionados, distinguem-se dos demais em raz\u00e3o de sua natureza pol\u00edtica, exigindo dedica\u00e7\u00e3o em tempo integral. Quanto \u00e0 segunda indaga\u00e7\u00e3o, o voto ressaltou que manter a servidora \u00e0 frente da Secretaria sem assumir a fun\u00e7\u00e3o obtida no concurso configuraria desrespeito ao princ\u00edpio da isonomia em rela\u00e7\u00e3o aos demais candidatos aprovados no certame e implicaria preju\u00edzo \u00e0 presta\u00e7\u00e3o do servi\u00e7o p\u00fablico \u00e0 popula\u00e7\u00e3o local, uma vez que, havendo necessidade da convoca\u00e7\u00e3o, n\u00e3o h\u00e1 raz\u00e3o legal para o cargo permanecer vago.<\/span><span data-ccp-props=\"{&quot;201341983&quot;:0,&quot;335559738&quot;:210,&quot;335559739&quot;:210,&quot;335559740&quot;:300}\">\u00a0<\/span><\/p>\n<p><span data-contrast=\"auto\">Contudo, houve <\/span><b><span data-contrast=\"auto\">diverg\u00eancia parcial<\/span><\/b><span data-contrast=\"auto\"> do Conselheiro <\/span><b><span data-contrast=\"auto\">Maur\u00edcio Requi\u00e3o de Mello e Silva, quanto a resposta \u00e0 segunda quest\u00e3o. <\/span><\/b><span data-contrast=\"auto\">Embora tamb\u00e9m tenha conclu\u00eddo pela impossibilidade de acumula\u00e7\u00e3o do cargo efetivo com o se Secret\u00e1ria Municipal de Sa\u00fade, defendeu a inclus\u00e3o de esclarecimentos adicionais sobre o procedimento administrativo aplic\u00e1vel. Conforme exposto em seu voto divergente, a declara\u00e7\u00e3o de n\u00e3o ocupa\u00e7\u00e3o de outro cargo p\u00fablico constitui requisito legal para a posse, de modo que, para tomar posse no cargo de enfermeira, a servidora deveria ser previamente exonerada do cargo de secret\u00e1ria. O conselheiro destacou, ainda, que, ap\u00f3s entrar em exerc\u00edcio no cargo efetivo, a servidora poderia solicitar licen\u00e7a para retornar ao exerc\u00edcio do cargo pol\u00edtico, optando por uma das remunera\u00e7\u00f5es.<\/span><span data-ccp-props=\"{&quot;201341983&quot;:0,&quot;335559738&quot;:210,&quot;335559739&quot;:210,&quot;335559740&quot;:300}\">\u00a0<\/span><\/p>\n<p><span data-contrast=\"auto\">Apesar da diverg\u00eancia quanto ao procedimento, prevaleceu o entendimento do Relator, no sentido de que n\u00e3o \u00e9 poss\u00edvel o exerc\u00edcio simult\u00e2neo dos cargos nem a manuten\u00e7\u00e3o da servidora exclusivamente na secretaria sem exercer as fun\u00e7\u00f5es para as quais foi aprovada em concurso p\u00fablico.\u00a0<\/span><span data-ccp-props=\"{&quot;201341983&quot;:0,&quot;335559738&quot;:210,&quot;335559739&quot;:210,&quot;335559740&quot;:300}\">\u00a0<\/span><\/p>\n<p><span data-contrast=\"auto\">Sendo assim, e<\/span> <span data-contrast=\"auto\">diante a decis\u00e3o expressa no <\/span><b><span data-contrast=\"auto\">Ac\u00f3rd\u00e3o n\u00ba 1682\/26<\/span><\/b><span data-contrast=\"auto\">, os membros do Tribunal Pleno, por maioria absoluta, conheceram e responderam \u00e0 consulta nos seguintes termos: <\/span><span data-ccp-props=\"{&quot;201341983&quot;:0,&quot;335559738&quot;:210,&quot;335559739&quot;:210,&quot;335559740&quot;:300}\">\u00a0<\/span><\/p>\n<p><b><i><span data-contrast=\"auto\">Pergunta:<\/span><\/i><\/b><i><span data-contrast=\"auto\"> \u00c9 legalmente admiss\u00edvel que servidora p\u00fablica aprovada em concurso p\u00fablico para o cargo de enfermeira tome posse no referido cargo efetivo e, simultaneamente, continue exercendo o cargo comissionado de Secret\u00e1ria Municipal de Sa\u00fade, sem preju\u00edzo de sua nomea\u00e7\u00e3o ou da validade do concurso?<\/span><\/i><span data-ccp-props=\"{&quot;201341983&quot;:0,&quot;335559738&quot;:210,&quot;335559739&quot;:210,&quot;335559740&quot;:300}\">\u00a0<\/span><\/p>\n<p><b><i><span data-contrast=\"auto\">Resposta:<\/span><\/i><\/b><i><span data-contrast=\"auto\"> N\u00e3o \u00e9 admiss\u00edvel, visto que os cargos de secret\u00e1rios municipais, secret\u00e1rios estaduais e ministros de Estado, diversamente dos demais cargos comissionados, det\u00eam natureza eminentemente pol\u00edtica e n\u00e3o t\u00e9cnica ou administrativa. Dada a import\u00e2ncia das atribui\u00e7\u00f5es desenvolvidas pelos titulares das variadas secretarias e minist\u00e9rios ao lado do Chefe do Poder Executivo que os nomeou para auxiliar na condu\u00e7\u00e3o dos trabalhos \u00e0 frente do ente federativo, \u00e9 exigido de tais agentes pol\u00edticos dedica\u00e7\u00e3o em tempo integral, j\u00e1 que podem ser demandados sempre que houver interesse da administra\u00e7\u00e3o.<\/span><\/i><span data-ccp-props=\"{&quot;201341983&quot;:0,&quot;335559738&quot;:210,&quot;335559739&quot;:210,&quot;335559740&quot;:300}\">\u00a0<\/span><\/p>\n<p><b><i><span data-contrast=\"auto\">Pergunta:<\/span><\/i><\/b><i><span data-contrast=\"auto\"> Seria legal ou regular a manuten\u00e7\u00e3o da pessoa no cargo de Secret\u00e1ria de Sa\u00fade se n\u00e3o exercer a fun\u00e7\u00e3o em que foi aprovada em concurso p\u00fablico?<\/span><\/i><span data-ccp-props=\"{&quot;201341983&quot;:0,&quot;335559738&quot;:210,&quot;335559739&quot;:210,&quot;335559740&quot;:300}\">\u00a0<\/span><\/p>\n<p><b><i><span data-contrast=\"auto\">Resposta:<\/span><\/i><\/b><i><span data-contrast=\"auto\"> N\u00e3o, pois tal hip\u00f3tese configura desrespeito ao princ\u00edpio da Isonomia em rela\u00e7\u00e3o aos demais candidatos aprovados no certame e implica preju\u00edzo \u00e0 regular presta\u00e7\u00e3o do servi\u00e7o p\u00fablico \u00e0 popula\u00e7\u00e3o local. Na situa\u00e7\u00e3o inversa, quando o indicado para assumir Secretaria Municipal j\u00e1 \u00e9 ocupante de cargo p\u00fablico decorrente de regular aprova\u00e7\u00e3o em concurso, dever\u00e1 o interessado previamente solicitar seu afastamento do cargo efetivo para exercer o cargo de natureza pol\u00edtica, e, caso n\u00e3o tenha completado o per\u00edodo de est\u00e1gio probat\u00f3rio antes do afastamento, a contagem do prazo para tal finalidade restar\u00e1 interrompida durante todo o per\u00edodo em que estiver no exerc\u00edcio do cargo pol\u00edtico.<\/span><\/i><span data-ccp-props=\"{&quot;201341983&quot;:0,&quot;335559738&quot;:210,&quot;335559739&quot;:210,&quot;335559740&quot;:300}\">\u00a0<\/span><\/p>\n<blockquote><p><span style=\"color: #820007;\"><strong><u>Informa\u00e7\u00e3o para consulta processual<\/u><\/strong><\/span><\/p>\n<table style=\"height: 183px;\" border=\"0\" width=\"478\" cellspacing=\"0\" cellpadding=\"0\">\n<tbody>\n<tr>\n<td><strong>Processo n\u00ba<\/strong>:<\/td>\n<td><span data-teams=\"true\">468413\/25<\/span><\/td>\n<\/tr>\n<tr>\n<td><strong>Ac\u00f3rd\u00e3o n\u00ba<\/strong>:<\/td>\n<td>1682\/26<\/td>\n<\/tr>\n<tr>\n<td><strong>Assunto<\/strong>:<\/td>\n<td>Consulta<\/td>\n<\/tr>\n<tr>\n<td><strong>Interessado<\/strong>:<\/td>\n<td>Munic\u00edpio de Siqueira Campos<\/td>\n<\/tr>\n<tr>\n<td><strong>Relator<\/strong>:<\/td>\n<td><span class=\"TextRun SCXW259496958 BCX0\" lang=\"PT-BR\" xml:lang=\"PT-BR\" data-contrast=\"auto\"><span class=\"NormalTextRun SCXW259496958 BCX0\"><span class=\"TextRun SCXW229539692 BCX0\" lang=\"PT-BR\" xml:lang=\"PT-BR\" data-contrast=\"auto\"><span class=\"NormalTextRun SCXW229539692 BCX0\"><span class=\"NormalTextRun SCXW113756899 BCX0\">C<\/span><span class=\"NormalTextRun SCXW113756899 BCX0\">onselheiro Jose Durval Mattos do Amaral<br \/>\n<\/span><\/span><\/span><\/span><\/span><\/td>\n<\/tr>\n<\/tbody>\n<\/table>\n<p>&nbsp;<\/p><\/blockquote>\n","protected":false},"excerpt":{"rendered":"<p>\u00a0\u201cN\u00e3o \u00e9 admiss\u00edvel que servidor efetivo exer\u00e7a simultaneamente cargo comissionado de secret\u00e1rio municipal, visto que os cargos de secret\u00e1rios municipais, secret\u00e1rios estaduais e ministros de Estado, diversamente dos demais cargos comissionados, det\u00eam natureza eminentemente pol\u00edtica e n\u00e3o t\u00e9cnica ou administrativa. Dada a import\u00e2ncia das atribui\u00e7\u00f5es desenvolvidas pelos titulares das variadas secretarias e minist\u00e9rios ao lado [&hellip;]<\/p>\n","protected":false},"author":13,"featured_media":26541,"comment_status":"open","ping_status":"open","sticky":false,"template":"","format":"standard","meta":{"rop_custom_images_group":[],"rop_custom_messages_group":[],"rop_publish_now":"no","rop_publish_now_accounts":[],"rop_publish_now_history":[],"rop_publish_now_status":"pending","_monsterinsights_skip_tracking":false,"footnotes":""},"categories":[2,7],"tags":[197,13,541],"class_list":["post-26539","post","type-post","status-publish","format-standard","has-post-thumbnail","hentry","category-destaques","category-todas-as-noticias","tag-consulta","tag-mpc-pr","tag-siqueira-campos","entry","has-media"],"yoast_head":"<!-- This site is optimized with the Yoast SEO plugin v28.4 - https:\/\/yoast.com\/product\/yoast-seo-wordpress\/ -->\n<title>Servidor n\u00e3o pode acumular cargo efetivo com cargo comissionado de Secret\u00e1rio Municipal\u00a0 - Minist\u00e9rio P\u00fablico de Contas do Estado do Paran\u00e1<\/title>\n<meta name=\"robots\" content=\"index, follow, max-snippet:-1, max-image-preview:large, max-video-preview:-1\" \/>\n<link rel=\"canonical\" href=\"https:\/\/www.mpc.pr.gov.br\/index.php\/servidor-nao-pode-acumular-cargo-efetivo-com-cargo-comissionado-de-secretario-municipal\/\" \/>\n<meta property=\"og:locale\" content=\"pt_BR\" \/>\n<meta property=\"og:type\" content=\"article\" \/>\n<meta property=\"og:title\" content=\"Servidor n\u00e3o pode acumular cargo efetivo com cargo comissionado de Secret\u00e1rio Municipal\u00a0 - Minist\u00e9rio P\u00fablico de Contas do Estado do Paran\u00e1\" \/>\n<meta property=\"og:description\" content=\"\u00a0\u201cN\u00e3o \u00e9 admiss\u00edvel que servidor efetivo exer\u00e7a simultaneamente cargo comissionado de secret\u00e1rio municipal, visto que os cargos de secret\u00e1rios municipais, secret\u00e1rios estaduais e ministros de Estado, diversamente dos demais cargos comissionados, det\u00eam natureza eminentemente pol\u00edtica e n\u00e3o t\u00e9cnica ou administrativa. Dada a import\u00e2ncia das atribui\u00e7\u00f5es desenvolvidas pelos titulares das variadas secretarias e minist\u00e9rios ao lado [&hellip;]\" \/>\n<meta property=\"og:url\" content=\"https:\/\/www.mpc.pr.gov.br\/index.php\/servidor-nao-pode-acumular-cargo-efetivo-com-cargo-comissionado-de-secretario-municipal\/\" \/>\n<meta property=\"og:site_name\" content=\"Minist\u00e9rio P\u00fablico de Contas do Estado do Paran\u00e1\" \/>\n<meta property=\"article:publisher\" content=\"https:\/\/www.facebook.com\/mpc.pr\" \/>\n<meta property=\"article:published_time\" content=\"2026-09-03T17:55:31+00:00\" \/>\n<meta property=\"og:image\" content=\"https:\/\/www.mpc.pr.gov.br\/wp-content\/uploads\/2026\/09\/3881a54cd85c1c33cd67d0c47de1777c-1.jpeg\" \/>\n\t<meta property=\"og:image:width\" content=\"651\" \/>\n\t<meta property=\"og:image:height\" content=\"447\" \/>\n\t<meta property=\"og:image:type\" content=\"image\/jpeg\" \/>\n<meta name=\"author\" content=\"Flavia Caroline Keretch\" \/>\n<meta name=\"twitter:card\" content=\"summary_large_image\" \/>\n<meta name=\"twitter:label1\" content=\"Escrito por\" \/>\n\t<meta name=\"twitter:data1\" content=\"Flavia Caroline Keretch\" \/>\n\t<meta name=\"twitter:label2\" content=\"Est. tempo de leitura\" \/>\n\t<meta name=\"twitter:data2\" content=\"10 minutos\" \/>\n<script type=\"application\/ld+json\" class=\"yoast-schema-graph\">{\"@context\":\"https:\\\/\\\/schema.org\",\"@graph\":[{\"@type\":\"Article\",\"@id\":\"https:\\\/\\\/www.mpc.pr.gov.br\\\/index.php\\\/servidor-nao-pode-acumular-cargo-efetivo-com-cargo-comissionado-de-secretario-municipal\\\/#article\",\"isPartOf\":{\"@id\":\"https:\\\/\\\/www.mpc.pr.gov.br\\\/index.php\\\/servidor-nao-pode-acumular-cargo-efetivo-com-cargo-comissionado-de-secretario-municipal\\\/\"},\"author\":{\"name\":\"Flavia Caroline Keretch\",\"@id\":\"https:\\\/\\\/www.mpc.pr.gov.br\\\/#\\\/schema\\\/person\\\/4084fe5515d992ac9ee5ac0edc7c923e\"},\"headline\":\"Servidor n\u00e3o pode acumular cargo efetivo com cargo comissionado de Secret\u00e1rio Municipal\u00a0\",\"datePublished\":\"2026-09-03T17:55:31+00:00\",\"mainEntityOfPage\":{\"@id\":\"https:\\\/\\\/www.mpc.pr.gov.br\\\/index.php\\\/servidor-nao-pode-acumular-cargo-efetivo-com-cargo-comissionado-de-secretario-municipal\\\/\"},\"wordCount\":1871,\"commentCount\":0,\"publisher\":{\"@id\":\"https:\\\/\\\/www.mpc.pr.gov.br\\\/#organization\"},\"image\":{\"@id\":\"https:\\\/\\\/www.mpc.pr.gov.br\\\/index.php\\\/servidor-nao-pode-acumular-cargo-efetivo-com-cargo-comissionado-de-secretario-municipal\\\/#primaryimage\"},\"thumbnailUrl\":\"https:\\\/\\\/www.mpc.pr.gov.br\\\/wp-content\\\/uploads\\\/2026\\\/09\\\/3881a54cd85c1c33cd67d0c47de1777c-1.jpeg\",\"keywords\":[\"Consulta\",\"MPC-PR\",\"Siqueira Campos\"],\"articleSection\":[\"Destaques\",\"Todas as not\u00edcias\"],\"inLanguage\":\"pt-BR\",\"potentialAction\":[{\"@type\":\"CommentAction\",\"name\":\"Comment\",\"target\":[\"https:\\\/\\\/www.mpc.pr.gov.br\\\/index.php\\\/servidor-nao-pode-acumular-cargo-efetivo-com-cargo-comissionado-de-secretario-municipal\\\/#respond\"]}]},{\"@type\":\"WebPage\",\"@id\":\"https:\\\/\\\/www.mpc.pr.gov.br\\\/index.php\\\/servidor-nao-pode-acumular-cargo-efetivo-com-cargo-comissionado-de-secretario-municipal\\\/\",\"url\":\"https:\\\/\\\/www.mpc.pr.gov.br\\\/index.php\\\/servidor-nao-pode-acumular-cargo-efetivo-com-cargo-comissionado-de-secretario-municipal\\\/\",\"name\":\"Servidor n\u00e3o pode acumular cargo efetivo com cargo comissionado de Secret\u00e1rio Municipal\u00a0 - Minist\u00e9rio P\u00fablico de Contas do Estado do Paran\u00e1\",\"isPartOf\":{\"@id\":\"https:\\\/\\\/www.mpc.pr.gov.br\\\/#website\"},\"primaryImageOfPage\":{\"@id\":\"https:\\\/\\\/www.mpc.pr.gov.br\\\/index.php\\\/servidor-nao-pode-acumular-cargo-efetivo-com-cargo-comissionado-de-secretario-municipal\\\/#primaryimage\"},\"image\":{\"@id\":\"https:\\\/\\\/www.mpc.pr.gov.br\\\/index.php\\\/servidor-nao-pode-acumular-cargo-efetivo-com-cargo-comissionado-de-secretario-municipal\\\/#primaryimage\"},\"thumbnailUrl\":\"https:\\\/\\\/www.mpc.pr.gov.br\\\/wp-content\\\/uploads\\\/2026\\\/09\\\/3881a54cd85c1c33cd67d0c47de1777c-1.jpeg\",\"datePublished\":\"2026-09-03T17:55:31+00:00\",\"breadcrumb\":{\"@id\":\"https:\\\/\\\/www.mpc.pr.gov.br\\\/index.php\\\/servidor-nao-pode-acumular-cargo-efetivo-com-cargo-comissionado-de-secretario-municipal\\\/#breadcrumb\"},\"inLanguage\":\"pt-BR\",\"potentialAction\":[{\"@type\":\"ReadAction\",\"target\":[\"https:\\\/\\\/www.mpc.pr.gov.br\\\/index.php\\\/servidor-nao-pode-acumular-cargo-efetivo-com-cargo-comissionado-de-secretario-municipal\\\/\"]}]},{\"@type\":\"ImageObject\",\"inLanguage\":\"pt-BR\",\"@id\":\"https:\\\/\\\/www.mpc.pr.gov.br\\\/index.php\\\/servidor-nao-pode-acumular-cargo-efetivo-com-cargo-comissionado-de-secretario-municipal\\\/#primaryimage\",\"url\":\"https:\\\/\\\/www.mpc.pr.gov.br\\\/wp-content\\\/uploads\\\/2026\\\/09\\\/3881a54cd85c1c33cd67d0c47de1777c-1.jpeg\",\"contentUrl\":\"https:\\\/\\\/www.mpc.pr.gov.br\\\/wp-content\\\/uploads\\\/2026\\\/09\\\/3881a54cd85c1c33cd67d0c47de1777c-1.jpeg\",\"width\":651,\"height\":447},{\"@type\":\"BreadcrumbList\",\"@id\":\"https:\\\/\\\/www.mpc.pr.gov.br\\\/index.php\\\/servidor-nao-pode-acumular-cargo-efetivo-com-cargo-comissionado-de-secretario-municipal\\\/#breadcrumb\",\"itemListElement\":[{\"@type\":\"ListItem\",\"position\":1,\"name\":\"In\u00edcio\",\"item\":\"https:\\\/\\\/www.mpc.pr.gov.br\\\/\"},{\"@type\":\"ListItem\",\"position\":2,\"name\":\"Servidor n\u00e3o pode acumular cargo efetivo com cargo comissionado de Secret\u00e1rio Municipal\u00a0\"}]},{\"@type\":\"WebSite\",\"@id\":\"https:\\\/\\\/www.mpc.pr.gov.br\\\/#website\",\"url\":\"https:\\\/\\\/www.mpc.pr.gov.br\\\/\",\"name\":\"Minist\u00e9rio P\u00fablico de Contas do Estado do Paran\u00e1\",\"description\":\"\",\"publisher\":{\"@id\":\"https:\\\/\\\/www.mpc.pr.gov.br\\\/#organization\"},\"potentialAction\":[{\"@type\":\"SearchAction\",\"target\":{\"@type\":\"EntryPoint\",\"urlTemplate\":\"https:\\\/\\\/www.mpc.pr.gov.br\\\/?s={search_term_string}\"},\"query-input\":{\"@type\":\"PropertyValueSpecification\",\"valueRequired\":true,\"valueName\":\"search_term_string\"}}],\"inLanguage\":\"pt-BR\"},{\"@type\":\"Organization\",\"@id\":\"https:\\\/\\\/www.mpc.pr.gov.br\\\/#organization\",\"name\":\"Minist\u00e9rio P\u00fablico de Contas do Estado do Paran\u00e1\",\"url\":\"https:\\\/\\\/www.mpc.pr.gov.br\\\/\",\"logo\":{\"@type\":\"ImageObject\",\"inLanguage\":\"pt-BR\",\"@id\":\"https:\\\/\\\/www.mpc.pr.gov.br\\\/#\\\/schema\\\/logo\\\/image\\\/\",\"url\":\"https:\\\/\\\/www.mpc.pr.gov.br\\\/wp-content\\\/uploads\\\/2020\\\/06\\\/99423647_1593460364143890_6706793420720963584_n-1-e1591387983167.png\",\"contentUrl\":\"https:\\\/\\\/www.mpc.pr.gov.br\\\/wp-content\\\/uploads\\\/2020\\\/06\\\/99423647_1593460364143890_6706793420720963584_n-1-e1591387983167.png\",\"width\":243,\"height\":73,\"caption\":\"Minist\u00e9rio P\u00fablico de Contas do Estado do Paran\u00e1\"},\"image\":{\"@id\":\"https:\\\/\\\/www.mpc.pr.gov.br\\\/#\\\/schema\\\/logo\\\/image\\\/\"},\"sameAs\":[\"https:\\\/\\\/www.facebook.com\\\/mpc.pr\",\"https:\\\/\\\/www.instagram.com\\\/mpc.pr\\\/?hl=pt-br\",\"https:\\\/\\\/www.youtube.com\\\/channel\\\/UCHri5oEM8DV0ztX57E0sBSw\"]},{\"@type\":\"Person\",\"@id\":\"https:\\\/\\\/www.mpc.pr.gov.br\\\/#\\\/schema\\\/person\\\/4084fe5515d992ac9ee5ac0edc7c923e\",\"name\":\"Flavia Caroline Keretch\",\"image\":{\"@type\":\"ImageObject\",\"inLanguage\":\"pt-BR\",\"@id\":\"https:\\\/\\\/secure.gravatar.com\\\/avatar\\\/f8f5aa59ebe95b97c20ecbb029835e10689f6124045a5ceae40e2f18aa741998?s=96&d=mm&r=g\",\"url\":\"https:\\\/\\\/secure.gravatar.com\\\/avatar\\\/f8f5aa59ebe95b97c20ecbb029835e10689f6124045a5ceae40e2f18aa741998?s=96&d=mm&r=g\",\"contentUrl\":\"https:\\\/\\\/secure.gravatar.com\\\/avatar\\\/f8f5aa59ebe95b97c20ecbb029835e10689f6124045a5ceae40e2f18aa741998?s=96&d=mm&r=g\",\"caption\":\"Flavia Caroline Keretch\"}}]}<\/script>\n<!-- \/ Yoast SEO plugin. -->","yoast_head_json":{"title":"Servidor n\u00e3o pode acumular cargo efetivo com cargo comissionado de Secret\u00e1rio Municipal\u00a0 - Minist\u00e9rio P\u00fablico de Contas do Estado do Paran\u00e1","robots":{"index":"index","follow":"follow","max-snippet":"max-snippet:-1","max-image-preview":"max-image-preview:large","max-video-preview":"max-video-preview:-1"},"canonical":"https:\/\/www.mpc.pr.gov.br\/index.php\/servidor-nao-pode-acumular-cargo-efetivo-com-cargo-comissionado-de-secretario-municipal\/","og_locale":"pt_BR","og_type":"article","og_title":"Servidor n\u00e3o pode acumular cargo efetivo com cargo comissionado de Secret\u00e1rio Municipal\u00a0 - Minist\u00e9rio P\u00fablico de Contas do Estado do Paran\u00e1","og_description":"\u00a0\u201cN\u00e3o \u00e9 admiss\u00edvel que servidor efetivo exer\u00e7a simultaneamente cargo comissionado de secret\u00e1rio municipal, visto que os cargos de secret\u00e1rios municipais, secret\u00e1rios estaduais e ministros de Estado, diversamente dos demais cargos comissionados, det\u00eam natureza eminentemente pol\u00edtica e n\u00e3o t\u00e9cnica ou administrativa. Dada a import\u00e2ncia das atribui\u00e7\u00f5es desenvolvidas pelos titulares das variadas secretarias e minist\u00e9rios ao lado [&hellip;]","og_url":"https:\/\/www.mpc.pr.gov.br\/index.php\/servidor-nao-pode-acumular-cargo-efetivo-com-cargo-comissionado-de-secretario-municipal\/","og_site_name":"Minist\u00e9rio P\u00fablico de Contas do Estado do Paran\u00e1","article_publisher":"https:\/\/www.facebook.com\/mpc.pr","article_published_time":"2026-09-03T17:55:31+00:00","og_image":[{"width":651,"height":447,"url":"https:\/\/www.mpc.pr.gov.br\/wp-content\/uploads\/2026\/09\/3881a54cd85c1c33cd67d0c47de1777c-1.jpeg","type":"image\/jpeg"}],"author":"Flavia Caroline Keretch","twitter_card":"summary_large_image","twitter_misc":{"Escrito por":"Flavia Caroline Keretch","Est. tempo de leitura":"10 minutos"},"schema":{"@context":"https:\/\/schema.org","@graph":[{"@type":"Article","@id":"https:\/\/www.mpc.pr.gov.br\/index.php\/servidor-nao-pode-acumular-cargo-efetivo-com-cargo-comissionado-de-secretario-municipal\/#article","isPartOf":{"@id":"https:\/\/www.mpc.pr.gov.br\/index.php\/servidor-nao-pode-acumular-cargo-efetivo-com-cargo-comissionado-de-secretario-municipal\/"},"author":{"name":"Flavia Caroline Keretch","@id":"https:\/\/www.mpc.pr.gov.br\/#\/schema\/person\/4084fe5515d992ac9ee5ac0edc7c923e"},"headline":"Servidor n\u00e3o pode acumular cargo efetivo com cargo comissionado de Secret\u00e1rio Municipal\u00a0","datePublished":"2026-09-03T17:55:31+00:00","mainEntityOfPage":{"@id":"https:\/\/www.mpc.pr.gov.br\/index.php\/servidor-nao-pode-acumular-cargo-efetivo-com-cargo-comissionado-de-secretario-municipal\/"},"wordCount":1871,"commentCount":0,"publisher":{"@id":"https:\/\/www.mpc.pr.gov.br\/#organization"},"image":{"@id":"https:\/\/www.mpc.pr.gov.br\/index.php\/servidor-nao-pode-acumular-cargo-efetivo-com-cargo-comissionado-de-secretario-municipal\/#primaryimage"},"thumbnailUrl":"https:\/\/www.mpc.pr.gov.br\/wp-content\/uploads\/2026\/09\/3881a54cd85c1c33cd67d0c47de1777c-1.jpeg","keywords":["Consulta","MPC-PR","Siqueira Campos"],"articleSection":["Destaques","Todas as not\u00edcias"],"inLanguage":"pt-BR","potentialAction":[{"@type":"CommentAction","name":"Comment","target":["https:\/\/www.mpc.pr.gov.br\/index.php\/servidor-nao-pode-acumular-cargo-efetivo-com-cargo-comissionado-de-secretario-municipal\/#respond"]}]},{"@type":"WebPage","@id":"https:\/\/www.mpc.pr.gov.br\/index.php\/servidor-nao-pode-acumular-cargo-efetivo-com-cargo-comissionado-de-secretario-municipal\/","url":"https:\/\/www.mpc.pr.gov.br\/index.php\/servidor-nao-pode-acumular-cargo-efetivo-com-cargo-comissionado-de-secretario-municipal\/","name":"Servidor n\u00e3o pode acumular cargo efetivo com cargo comissionado de Secret\u00e1rio Municipal\u00a0 - Minist\u00e9rio P\u00fablico de Contas do Estado do Paran\u00e1","isPartOf":{"@id":"https:\/\/www.mpc.pr.gov.br\/#website"},"primaryImageOfPage":{"@id":"https:\/\/www.mpc.pr.gov.br\/index.php\/servidor-nao-pode-acumular-cargo-efetivo-com-cargo-comissionado-de-secretario-municipal\/#primaryimage"},"image":{"@id":"https:\/\/www.mpc.pr.gov.br\/index.php\/servidor-nao-pode-acumular-cargo-efetivo-com-cargo-comissionado-de-secretario-municipal\/#primaryimage"},"thumbnailUrl":"https:\/\/www.mpc.pr.gov.br\/wp-content\/uploads\/2026\/09\/3881a54cd85c1c33cd67d0c47de1777c-1.jpeg","datePublished":"2026-09-03T17:55:31+00:00","breadcrumb":{"@id":"https:\/\/www.mpc.pr.gov.br\/index.php\/servidor-nao-pode-acumular-cargo-efetivo-com-cargo-comissionado-de-secretario-municipal\/#breadcrumb"},"inLanguage":"pt-BR","potentialAction":[{"@type":"ReadAction","target":["https:\/\/www.mpc.pr.gov.br\/index.php\/servidor-nao-pode-acumular-cargo-efetivo-com-cargo-comissionado-de-secretario-municipal\/"]}]},{"@type":"ImageObject","inLanguage":"pt-BR","@id":"https:\/\/www.mpc.pr.gov.br\/index.php\/servidor-nao-pode-acumular-cargo-efetivo-com-cargo-comissionado-de-secretario-municipal\/#primaryimage","url":"https:\/\/www.mpc.pr.gov.br\/wp-content\/uploads\/2026\/09\/3881a54cd85c1c33cd67d0c47de1777c-1.jpeg","contentUrl":"https:\/\/www.mpc.pr.gov.br\/wp-content\/uploads\/2026\/09\/3881a54cd85c1c33cd67d0c47de1777c-1.jpeg","width":651,"height":447},{"@type":"BreadcrumbList","@id":"https:\/\/www.mpc.pr.gov.br\/index.php\/servidor-nao-pode-acumular-cargo-efetivo-com-cargo-comissionado-de-secretario-municipal\/#breadcrumb","itemListElement":[{"@type":"ListItem","position":1,"name":"In\u00edcio","item":"https:\/\/www.mpc.pr.gov.br\/"},{"@type":"ListItem","position":2,"name":"Servidor n\u00e3o pode acumular cargo efetivo com cargo comissionado de Secret\u00e1rio Municipal\u00a0"}]},{"@type":"WebSite","@id":"https:\/\/www.mpc.pr.gov.br\/#website","url":"https:\/\/www.mpc.pr.gov.br\/","name":"Minist\u00e9rio P\u00fablico de Contas do Estado do Paran\u00e1","description":"","publisher":{"@id":"https:\/\/www.mpc.pr.gov.br\/#organization"},"potentialAction":[{"@type":"SearchAction","target":{"@type":"EntryPoint","urlTemplate":"https:\/\/www.mpc.pr.gov.br\/?s={search_term_string}"},"query-input":{"@type":"PropertyValueSpecification","valueRequired":true,"valueName":"search_term_string"}}],"inLanguage":"pt-BR"},{"@type":"Organization","@id":"https:\/\/www.mpc.pr.gov.br\/#organization","name":"Minist\u00e9rio P\u00fablico de Contas do Estado do Paran\u00e1","url":"https:\/\/www.mpc.pr.gov.br\/","logo":{"@type":"ImageObject","inLanguage":"pt-BR","@id":"https:\/\/www.mpc.pr.gov.br\/#\/schema\/logo\/image\/","url":"https:\/\/www.mpc.pr.gov.br\/wp-content\/uploads\/2020\/06\/99423647_1593460364143890_6706793420720963584_n-1-e1591387983167.png","contentUrl":"https:\/\/www.mpc.pr.gov.br\/wp-content\/uploads\/2020\/06\/99423647_1593460364143890_6706793420720963584_n-1-e1591387983167.png","width":243,"height":73,"caption":"Minist\u00e9rio P\u00fablico de Contas do Estado do Paran\u00e1"},"image":{"@id":"https:\/\/www.mpc.pr.gov.br\/#\/schema\/logo\/image\/"},"sameAs":["https:\/\/www.facebook.com\/mpc.pr","https:\/\/www.instagram.com\/mpc.pr\/?hl=pt-br","https:\/\/www.youtube.com\/channel\/UCHri5oEM8DV0ztX57E0sBSw"]},{"@type":"Person","@id":"https:\/\/www.mpc.pr.gov.br\/#\/schema\/person\/4084fe5515d992ac9ee5ac0edc7c923e","name":"Flavia Caroline Keretch","image":{"@type":"ImageObject","inLanguage":"pt-BR","@id":"https:\/\/secure.gravatar.com\/avatar\/f8f5aa59ebe95b97c20ecbb029835e10689f6124045a5ceae40e2f18aa741998?s=96&d=mm&r=g","url":"https:\/\/secure.gravatar.com\/avatar\/f8f5aa59ebe95b97c20ecbb029835e10689f6124045a5ceae40e2f18aa741998?s=96&d=mm&r=g","contentUrl":"https:\/\/secure.gravatar.com\/avatar\/f8f5aa59ebe95b97c20ecbb029835e10689f6124045a5ceae40e2f18aa741998?s=96&d=mm&r=g","caption":"Flavia Caroline Keretch"}}]}},"rttpg_featured_image_url":{"full":["https:\/\/www.mpc.pr.gov.br\/wp-content\/uploads\/2026\/09\/3881a54cd85c1c33cd67d0c47de1777c-1.jpeg",651,447,false],"landscape":["https:\/\/www.mpc.pr.gov.br\/wp-content\/uploads\/2026\/09\/3881a54cd85c1c33cd67d0c47de1777c-1.jpeg",651,447,false],"portraits":["https:\/\/www.mpc.pr.gov.br\/wp-content\/uploads\/2026\/09\/3881a54cd85c1c33cd67d0c47de1777c-1.jpeg",651,447,false],"thumbnail":["https:\/\/www.mpc.pr.gov.br\/wp-content\/uploads\/2026\/09\/3881a54cd85c1c33cd67d0c47de1777c-1-150x150.jpeg",150,150,true],"medium":["https:\/\/www.mpc.pr.gov.br\/wp-content\/uploads\/2026\/09\/3881a54cd85c1c33cd67d0c47de1777c-1-300x206.jpeg",300,206,true],"large":["https:\/\/www.mpc.pr.gov.br\/wp-content\/uploads\/2026\/09\/3881a54cd85c1c33cd67d0c47de1777c-1.jpeg",651,447,false],"1536x1536":["https:\/\/www.mpc.pr.gov.br\/wp-content\/uploads\/2026\/09\/3881a54cd85c1c33cd67d0c47de1777c-1.jpeg",651,447,false],"2048x2048":["https:\/\/www.mpc.pr.gov.br\/wp-content\/uploads\/2026\/09\/3881a54cd85c1c33cd67d0c47de1777c-1.jpeg",651,447,false],"ocean-thumb-m":["https:\/\/www.mpc.pr.gov.br\/wp-content\/uploads\/2026\/09\/3881a54cd85c1c33cd67d0c47de1777c-1-600x447.jpeg",600,447,true],"ocean-thumb-ml":["https:\/\/www.mpc.pr.gov.br\/wp-content\/uploads\/2026\/09\/3881a54cd85c1c33cd67d0c47de1777c-1.jpeg",651,447,false],"ocean-thumb-l":["https:\/\/www.mpc.pr.gov.br\/wp-content\/uploads\/2026\/09\/3881a54cd85c1c33cd67d0c47de1777c-1.jpeg",651,447,false]},"rttpg_author":{"display_name":"Flavia Caroline Keretch","author_link":"https:\/\/www.mpc.pr.gov.br\/index.php\/author\/flavia-caroline-keretch\/"},"rttpg_comment":0,"rttpg_category":"<a href=\"https:\/\/www.mpc.pr.gov.br\/index.php\/category\/destaques\/\" rel=\"category tag\">Destaques<\/a> <a href=\"https:\/\/www.mpc.pr.gov.br\/index.php\/category\/todas-as-noticias\/\" rel=\"category tag\">Todas as not\u00edcias<\/a>","rttpg_excerpt":"\u00a0\u201cN\u00e3o \u00e9 admiss\u00edvel que servidor efetivo exer\u00e7a simultaneamente cargo comissionado de secret\u00e1rio municipal, visto que os cargos de secret\u00e1rios municipais, secret\u00e1rios estaduais e ministros de Estado, diversamente dos demais cargos comissionados, det\u00eam natureza eminentemente pol\u00edtica e n\u00e3o t\u00e9cnica ou administrativa. Dada a import\u00e2ncia das atribui\u00e7\u00f5es desenvolvidas pelos titulares das variadas secretarias e minist\u00e9rios ao lado&hellip;","_links":{"self":[{"href":"https:\/\/www.mpc.pr.gov.br\/index.php\/wp-json\/wp\/v2\/posts\/26539","targetHints":{"allow":["GET"]}}],"collection":[{"href":"https:\/\/www.mpc.pr.gov.br\/index.php\/wp-json\/wp\/v2\/posts"}],"about":[{"href":"https:\/\/www.mpc.pr.gov.br\/index.php\/wp-json\/wp\/v2\/types\/post"}],"author":[{"embeddable":true,"href":"https:\/\/www.mpc.pr.gov.br\/index.php\/wp-json\/wp\/v2\/users\/13"}],"replies":[{"embeddable":true,"href":"https:\/\/www.mpc.pr.gov.br\/index.php\/wp-json\/wp\/v2\/comments?post=26539"}],"version-history":[{"count":2,"href":"https:\/\/www.mpc.pr.gov.br\/index.php\/wp-json\/wp\/v2\/posts\/26539\/revisions"}],"predecessor-version":[{"id":26545,"href":"https:\/\/www.mpc.pr.gov.br\/index.php\/wp-json\/wp\/v2\/posts\/26539\/revisions\/26545"}],"wp:featuredmedia":[{"embeddable":true,"href":"https:\/\/www.mpc.pr.gov.br\/index.php\/wp-json\/wp\/v2\/media\/26541"}],"wp:attachment":[{"href":"https:\/\/www.mpc.pr.gov.br\/index.php\/wp-json\/wp\/v2\/media?parent=26539"}],"wp:term":[{"taxonomy":"category","embeddable":true,"href":"https:\/\/www.mpc.pr.gov.br\/index.php\/wp-json\/wp\/v2\/categories?post=26539"},{"taxonomy":"post_tag","embeddable":true,"href":"https:\/\/www.mpc.pr.gov.br\/index.php\/wp-json\/wp\/v2\/tags?post=26539"}],"curies":[{"name":"wp","href":"https:\/\/api.w.org\/{rel}","templated":true}]}}