{"id":26561,"date":"2026-09-04T15:51:24","date_gmt":"2026-09-04T18:51:24","guid":{"rendered":"https:\/\/www.mpc.pr.gov.br\/?p=26561"},"modified":"2026-09-04T16:40:15","modified_gmt":"2026-09-04T19:40:15","slug":"mpc-pr-promove-segunda-reuniao-tecnica-sobre-painel-de-diagnostico-de-maturidade-das-estruturas-de-controle-interno","status":"publish","type":"post","link":"https:\/\/www.mpc.pr.gov.br\/index.php\/mpc-pr-promove-segunda-reuniao-tecnica-sobre-painel-de-diagnostico-de-maturidade-das-estruturas-de-controle-interno\/","title":{"rendered":"MPC-PR promove segunda reuni\u00e3o t\u00e9cnica sobre Painel de Diagn\u00f3stico de Maturidade das Estruturas de Controle Interno"},"content":{"rendered":"<blockquote><p><i><span data-contrast=\"auto\"><img decoding=\"async\" class=\"size-medium wp-image-26421 alignleft\" src=\"https:\/\/www.mpc.pr.gov.br\/wp-content\/uploads\/2026\/08\/Print-painel-do-controle-interno-300x142.png\" alt=\"\" width=\"300\" height=\"142\" srcset=\"https:\/\/www.mpc.pr.gov.br\/wp-content\/uploads\/2026\/08\/Print-painel-do-controle-interno-300x142.png 300w, https:\/\/www.mpc.pr.gov.br\/wp-content\/uploads\/2026\/08\/Print-painel-do-controle-interno-1024x486.png 1024w, https:\/\/www.mpc.pr.gov.br\/wp-content\/uploads\/2026\/08\/Print-painel-do-controle-interno-768x365.png 768w, https:\/\/www.mpc.pr.gov.br\/wp-content\/uploads\/2026\/08\/Print-painel-do-controle-interno-1536x730.png 1536w, https:\/\/www.mpc.pr.gov.br\/wp-content\/uploads\/2026\/08\/Print-painel-do-controle-interno.png 1897w\" sizes=\"(max-width: 300px) 100vw, 300px\" \/>Encontro busca capacitar os controladores internos municipais quanto ao uso da ferramenta e \u00e0 realiza\u00e7\u00e3o do diagn\u00f3stico.<\/span><\/i><span data-ccp-props=\"{}\">\u00a0<\/span><\/p><\/blockquote>\n<p><span data-contrast=\"auto\">O Minist\u00e9rio P\u00fablico de Contas do Paran\u00e1 (MPC-PR) promover\u00e1, no dia 11 de setembro, a segunda reuni\u00e3o t\u00e9cnica sobre o <\/span><a href=\"https:\/\/iokr.com.br\/pedmc\/?pesquisa_id=21\"><span data-contrast=\"none\">Painel de Diagn\u00f3stico de Maturidade das Estruturas de Controle Interno<\/span><\/a><span data-contrast=\"auto\">. O encontro tem como objetivo orientar os controladores internos municipais respons\u00e1veis pela aplica\u00e7\u00e3o do diagn\u00f3stico e pela utiliza\u00e7\u00e3o da ferramenta, desenvolvida para apoiar o fortalecimento dos sistemas de controle interno nos Munic\u00edpios paranaenses.<\/span><span data-ccp-props=\"{&quot;134233117&quot;:false,&quot;134233118&quot;:false,&quot;201341983&quot;:0,&quot;335551550&quot;:1,&quot;335551620&quot;:1,&quot;335557856&quot;:16777215,&quot;335559685&quot;:0,&quot;335559737&quot;:0,&quot;335559738&quot;:315,&quot;335559739&quot;:315,&quot;335559740&quot;:279}\">\u00a0<\/span><\/p>\n<p><span data-contrast=\"auto\">Esse \u00e9 o segundo encontro que ser\u00e1 realizado para aqueles que n\u00e3o conseguiram participar da primeira reuni\u00e3o. A atividade ocorrer\u00e1 em formato virtual, das 14h \u00e0s 16h, e reunir\u00e1 controladores internos de todas as regi\u00f5es do Estado para uma demonstra\u00e7\u00e3o pr\u00e1tica do sistema, com orienta\u00e7\u00f5es sobre o preenchimento dos question\u00e1rios, a utiliza\u00e7\u00e3o dos recursos dispon\u00edveis e a interpreta\u00e7\u00e3o dos dados e indicadores gerados pelo painel.<\/span><span data-ccp-props=\"{&quot;134233117&quot;:false,&quot;134233118&quot;:false,&quot;335557856&quot;:16777215,&quot;335559738&quot;:315,&quot;335559739&quot;:315}\">\u00a0<\/span><\/p>\n<p><span data-contrast=\"auto\">Ao longo da capacita\u00e7\u00e3o, os participantes conhecer\u00e3o as funcionalidades da plataforma, os crit\u00e9rios e informa\u00e7\u00f5es necess\u00e1rios para o preenchimento do diagn\u00f3stico, al\u00e9m dos procedimentos para a correta alimenta\u00e7\u00e3o do sistema. Tamb\u00e9m ser\u00e3o apresentadas as possibilidades de utiliza\u00e7\u00e3o dos resultados como instrumento de planejamento, monitoramento e aperfei\u00e7oamento das estruturas de controle interno.<\/span><span data-ccp-props=\"{&quot;134233117&quot;:false,&quot;134233118&quot;:false,&quot;201341983&quot;:0,&quot;335551550&quot;:1,&quot;335551620&quot;:1,&quot;335557856&quot;:16777215,&quot;335559685&quot;:0,&quot;335559737&quot;:0,&quot;335559738&quot;:315,&quot;335559739&quot;:315,&quot;335559740&quot;:279}\">\u00a0<\/span><\/p>\n<p><span data-contrast=\"auto\">Al\u00e9m de demonstrar o funcionamento da ferramenta, a reuni\u00e3o t\u00e9cnica pretende esclarecer os controladores internos sobre a atualiza\u00e7\u00e3o dos dados inseridos no sistema. A participa\u00e7\u00e3o dos gestores \u00e9 essencial para garantir que as informa\u00e7\u00f5es reflitam a realidade atual das estruturas de controle interno, permitindo a gera\u00e7\u00e3o de diagn\u00f3sticos mais precisos e \u00fateis para o planejamento de a\u00e7\u00f5es de aprimoramento.<\/span><span data-ccp-props=\"{&quot;134233117&quot;:false,&quot;134233118&quot;:false,&quot;335557856&quot;:16777215,&quot;335559738&quot;:315,&quot;335559739&quot;:315}\">\u00a0<\/span><\/p>\n<p><span data-contrast=\"auto\">Com informa\u00e7\u00f5es atualizadas e qualificadas, os munic\u00edpios poder\u00e3o acompanhar sua evolu\u00e7\u00e3o ao longo do tempo e utilizar os resultados como subs\u00eddio para o fortalecimento da governan\u00e7a e da gest\u00e3o p\u00fablica.<\/span><span data-ccp-props=\"{&quot;134233117&quot;:false,&quot;134233118&quot;:false,&quot;335557856&quot;:16777215,&quot;335559738&quot;:315,&quot;335559739&quot;:315}\">\u00a0<\/span><\/p>\n<p><span data-contrast=\"auto\">A reuni\u00e3o ser\u00e1 realizada pela plataforma Teams, por meio do link: <a href=\"https:\/\/teams.microsoft.com\/meet\/263917553790452?p=v1Gt1KisvceH5hOkbz\">https:\/\/teams.microsoft.com\/meet\/263917553790452?p=v1Gt1KisvceH5hOkbz<\/a><\/span><span data-ccp-props=\"{&quot;134233117&quot;:false,&quot;134233118&quot;:false,&quot;201341983&quot;:0,&quot;335551550&quot;:1,&quot;335551620&quot;:1,&quot;335557856&quot;:16777215,&quot;335559685&quot;:0,&quot;335559737&quot;:0,&quot;335559738&quot;:315,&quot;335559739&quot;:315,&quot;335559740&quot;:279}\">\u00a0<\/span><\/p>\n","protected":false},"excerpt":{"rendered":"<p>Encontro busca capacitar os controladores internos municipais quanto ao uso da ferramenta e \u00e0 realiza\u00e7\u00e3o do diagn\u00f3stico.\u00a0 O Minist\u00e9rio P\u00fablico de Contas do Paran\u00e1 (MPC-PR) promover\u00e1, no dia 11 de setembro, a segunda reuni\u00e3o t\u00e9cnica sobre o Painel de Diagn\u00f3stico de Maturidade das Estruturas de Controle Interno. O encontro tem como objetivo orientar os controladores [&hellip;]<\/p>\n","protected":false},"author":13,"featured_media":26421,"comment_status":"open","ping_status":"open","sticky":false,"template":"","format":"standard","meta":{"rop_custom_images_group":[],"rop_custom_messages_group":[],"rop_publish_now":"no","rop_publish_now_accounts":[],"rop_publish_now_history":[],"rop_publish_now_status":"pending","_monsterinsights_skip_tracking":false,"footnotes":""},"categories":[7,14],"tags":[851,58,13,975,30],"class_list":["post-26561","post","type-post","status-publish","format-standard","has-post-thumbnail","hentry","category-todas-as-noticias","category-ultimas-noticias","tag-diagnostico-de-maturidade-do-controle-interno-dos-municipios-do-parana","tag-evento","tag-mpc-pr","tag-painel-controle-interno-municipal","tag-parana","entry","has-media"],"yoast_head":"<!-- This site is optimized with the Yoast SEO plugin v28.4 - https:\/\/yoast.com\/product\/yoast-seo-wordpress\/ -->\n<title>MPC-PR promove segunda reuni\u00e3o t\u00e9cnica sobre Painel de Diagn\u00f3stico de Maturidade das Estruturas de Controle Interno - Minist\u00e9rio P\u00fablico de Contas do Estado do Paran\u00e1<\/title>\n<meta name=\"robots\" content=\"index, follow, max-snippet:-1, max-image-preview:large, max-video-preview:-1\" \/>\n<link rel=\"canonical\" href=\"https:\/\/www.mpc.pr.gov.br\/index.php\/mpc-pr-promove-segunda-reuniao-tecnica-sobre-painel-de-diagnostico-de-maturidade-das-estruturas-de-controle-interno\/\" \/>\n<meta property=\"og:locale\" content=\"pt_BR\" \/>\n<meta property=\"og:type\" content=\"article\" \/>\n<meta property=\"og:title\" content=\"MPC-PR promove segunda reuni\u00e3o t\u00e9cnica sobre Painel de Diagn\u00f3stico de Maturidade das Estruturas de Controle Interno - Minist\u00e9rio P\u00fablico de Contas do Estado do Paran\u00e1\" \/>\n<meta property=\"og:description\" content=\"Encontro busca capacitar os controladores internos municipais quanto ao uso da ferramenta e \u00e0 realiza\u00e7\u00e3o do diagn\u00f3stico.\u00a0 O Minist\u00e9rio P\u00fablico de Contas do Paran\u00e1 (MPC-PR) promover\u00e1, no dia 11 de setembro, a segunda reuni\u00e3o t\u00e9cnica sobre o Painel de Diagn\u00f3stico de Maturidade das Estruturas de Controle Interno. O encontro tem como objetivo orientar os controladores [&hellip;]\" \/>\n<meta property=\"og:url\" content=\"https:\/\/www.mpc.pr.gov.br\/index.php\/mpc-pr-promove-segunda-reuniao-tecnica-sobre-painel-de-diagnostico-de-maturidade-das-estruturas-de-controle-interno\/\" \/>\n<meta property=\"og:site_name\" content=\"Minist\u00e9rio P\u00fablico de Contas do Estado do Paran\u00e1\" \/>\n<meta property=\"article:publisher\" content=\"https:\/\/www.facebook.com\/mpc.pr\" \/>\n<meta property=\"article:published_time\" content=\"2026-09-04T18:51:24+00:00\" \/>\n<meta property=\"article:modified_time\" content=\"2026-09-04T19:40:15+00:00\" \/>\n<meta property=\"og:image\" content=\"https:\/\/www.mpc.pr.gov.br\/wp-content\/uploads\/2026\/08\/Print-painel-do-controle-interno.png\" \/>\n\t<meta property=\"og:image:width\" content=\"1897\" \/>\n\t<meta property=\"og:image:height\" content=\"901\" \/>\n\t<meta property=\"og:image:type\" content=\"image\/png\" \/>\n<meta name=\"author\" content=\"Flavia Caroline Keretch\" \/>\n<meta name=\"twitter:card\" content=\"summary_large_image\" \/>\n<meta name=\"twitter:label1\" content=\"Escrito por\" \/>\n\t<meta name=\"twitter:data1\" content=\"Flavia Caroline Keretch\" \/>\n\t<meta name=\"twitter:label2\" content=\"Est. tempo de leitura\" \/>\n\t<meta name=\"twitter:data2\" content=\"2 minutos\" \/>\n<script type=\"application\/ld+json\" class=\"yoast-schema-graph\">{\"@context\":\"https:\\\/\\\/schema.org\",\"@graph\":[{\"@type\":\"Article\",\"@id\":\"https:\\\/\\\/www.mpc.pr.gov.br\\\/index.php\\\/mpc-pr-promove-segunda-reuniao-tecnica-sobre-painel-de-diagnostico-de-maturidade-das-estruturas-de-controle-interno\\\/#article\",\"isPartOf\":{\"@id\":\"https:\\\/\\\/www.mpc.pr.gov.br\\\/index.php\\\/mpc-pr-promove-segunda-reuniao-tecnica-sobre-painel-de-diagnostico-de-maturidade-das-estruturas-de-controle-interno\\\/\"},\"author\":{\"name\":\"Flavia Caroline Keretch\",\"@id\":\"https:\\\/\\\/www.mpc.pr.gov.br\\\/#\\\/schema\\\/person\\\/4084fe5515d992ac9ee5ac0edc7c923e\"},\"headline\":\"MPC-PR promove segunda reuni\u00e3o t\u00e9cnica sobre Painel de Diagn\u00f3stico de Maturidade das Estruturas de Controle Interno\",\"datePublished\":\"2026-09-04T18:51:24+00:00\",\"dateModified\":\"2026-09-04T19:40:15+00:00\",\"mainEntityOfPage\":{\"@id\":\"https:\\\/\\\/www.mpc.pr.gov.br\\\/index.php\\\/mpc-pr-promove-segunda-reuniao-tecnica-sobre-painel-de-diagnostico-de-maturidade-das-estruturas-de-controle-interno\\\/\"},\"wordCount\":373,\"commentCount\":0,\"publisher\":{\"@id\":\"https:\\\/\\\/www.mpc.pr.gov.br\\\/#organization\"},\"image\":{\"@id\":\"https:\\\/\\\/www.mpc.pr.gov.br\\\/index.php\\\/mpc-pr-promove-segunda-reuniao-tecnica-sobre-painel-de-diagnostico-de-maturidade-das-estruturas-de-controle-interno\\\/#primaryimage\"},\"thumbnailUrl\":\"https:\\\/\\\/www.mpc.pr.gov.br\\\/wp-content\\\/uploads\\\/2026\\\/08\\\/Print-painel-do-controle-interno.png\",\"keywords\":[\"Diagn\u00f3stico de Maturidade do Controle Interno dos Munic\u00edpios do Paran\u00e1\",\"Evento\",\"MPC-PR\",\"Painel Controle Interno Municipal\",\"Paran\u00e1\"],\"articleSection\":[\"Todas as not\u00edcias\",\"\u00daltimas not\u00edcias\"],\"inLanguage\":\"pt-BR\",\"potentialAction\":[{\"@type\":\"CommentAction\",\"name\":\"Comment\",\"target\":[\"https:\\\/\\\/www.mpc.pr.gov.br\\\/index.php\\\/mpc-pr-promove-segunda-reuniao-tecnica-sobre-painel-de-diagnostico-de-maturidade-das-estruturas-de-controle-interno\\\/#respond\"]}]},{\"@type\":\"WebPage\",\"@id\":\"https:\\\/\\\/www.mpc.pr.gov.br\\\/index.php\\\/mpc-pr-promove-segunda-reuniao-tecnica-sobre-painel-de-diagnostico-de-maturidade-das-estruturas-de-controle-interno\\\/\",\"url\":\"https:\\\/\\\/www.mpc.pr.gov.br\\\/index.php\\\/mpc-pr-promove-segunda-reuniao-tecnica-sobre-painel-de-diagnostico-de-maturidade-das-estruturas-de-controle-interno\\\/\",\"name\":\"MPC-PR promove segunda reuni\u00e3o t\u00e9cnica sobre Painel de Diagn\u00f3stico de Maturidade das Estruturas de Controle Interno - Minist\u00e9rio P\u00fablico de Contas do Estado do Paran\u00e1\",\"isPartOf\":{\"@id\":\"https:\\\/\\\/www.mpc.pr.gov.br\\\/#website\"},\"primaryImageOfPage\":{\"@id\":\"https:\\\/\\\/www.mpc.pr.gov.br\\\/index.php\\\/mpc-pr-promove-segunda-reuniao-tecnica-sobre-painel-de-diagnostico-de-maturidade-das-estruturas-de-controle-interno\\\/#primaryimage\"},\"image\":{\"@id\":\"https:\\\/\\\/www.mpc.pr.gov.br\\\/index.php\\\/mpc-pr-promove-segunda-reuniao-tecnica-sobre-painel-de-diagnostico-de-maturidade-das-estruturas-de-controle-interno\\\/#primaryimage\"},\"thumbnailUrl\":\"https:\\\/\\\/www.mpc.pr.gov.br\\\/wp-content\\\/uploads\\\/2026\\\/08\\\/Print-painel-do-controle-interno.png\",\"datePublished\":\"2026-09-04T18:51:24+00:00\",\"dateModified\":\"2026-09-04T19:40:15+00:00\",\"breadcrumb\":{\"@id\":\"https:\\\/\\\/www.mpc.pr.gov.br\\\/index.php\\\/mpc-pr-promove-segunda-reuniao-tecnica-sobre-painel-de-diagnostico-de-maturidade-das-estruturas-de-controle-interno\\\/#breadcrumb\"},\"inLanguage\":\"pt-BR\",\"potentialAction\":[{\"@type\":\"ReadAction\",\"target\":[\"https:\\\/\\\/www.mpc.pr.gov.br\\\/index.php\\\/mpc-pr-promove-segunda-reuniao-tecnica-sobre-painel-de-diagnostico-de-maturidade-das-estruturas-de-controle-interno\\\/\"]}]},{\"@type\":\"ImageObject\",\"inLanguage\":\"pt-BR\",\"@id\":\"https:\\\/\\\/www.mpc.pr.gov.br\\\/index.php\\\/mpc-pr-promove-segunda-reuniao-tecnica-sobre-painel-de-diagnostico-de-maturidade-das-estruturas-de-controle-interno\\\/#primaryimage\",\"url\":\"https:\\\/\\\/www.mpc.pr.gov.br\\\/wp-content\\\/uploads\\\/2026\\\/08\\\/Print-painel-do-controle-interno.png\",\"contentUrl\":\"https:\\\/\\\/www.mpc.pr.gov.br\\\/wp-content\\\/uploads\\\/2026\\\/08\\\/Print-painel-do-controle-interno.png\",\"width\":1897,\"height\":901},{\"@type\":\"BreadcrumbList\",\"@id\":\"https:\\\/\\\/www.mpc.pr.gov.br\\\/index.php\\\/mpc-pr-promove-segunda-reuniao-tecnica-sobre-painel-de-diagnostico-de-maturidade-das-estruturas-de-controle-interno\\\/#breadcrumb\",\"itemListElement\":[{\"@type\":\"ListItem\",\"position\":1,\"name\":\"In\u00edcio\",\"item\":\"https:\\\/\\\/www.mpc.pr.gov.br\\\/\"},{\"@type\":\"ListItem\",\"position\":2,\"name\":\"MPC-PR promove segunda reuni\u00e3o t\u00e9cnica sobre Painel de Diagn\u00f3stico de Maturidade das Estruturas de Controle Interno\"}]},{\"@type\":\"WebSite\",\"@id\":\"https:\\\/\\\/www.mpc.pr.gov.br\\\/#website\",\"url\":\"https:\\\/\\\/www.mpc.pr.gov.br\\\/\",\"name\":\"Minist\u00e9rio P\u00fablico de Contas do Estado do Paran\u00e1\",\"description\":\"\",\"publisher\":{\"@id\":\"https:\\\/\\\/www.mpc.pr.gov.br\\\/#organization\"},\"potentialAction\":[{\"@type\":\"SearchAction\",\"target\":{\"@type\":\"EntryPoint\",\"urlTemplate\":\"https:\\\/\\\/www.mpc.pr.gov.br\\\/?s={search_term_string}\"},\"query-input\":{\"@type\":\"PropertyValueSpecification\",\"valueRequired\":true,\"valueName\":\"search_term_string\"}}],\"inLanguage\":\"pt-BR\"},{\"@type\":\"Organization\",\"@id\":\"https:\\\/\\\/www.mpc.pr.gov.br\\\/#organization\",\"name\":\"Minist\u00e9rio P\u00fablico de Contas do Estado do Paran\u00e1\",\"url\":\"https:\\\/\\\/www.mpc.pr.gov.br\\\/\",\"logo\":{\"@type\":\"ImageObject\",\"inLanguage\":\"pt-BR\",\"@id\":\"https:\\\/\\\/www.mpc.pr.gov.br\\\/#\\\/schema\\\/logo\\\/image\\\/\",\"url\":\"https:\\\/\\\/www.mpc.pr.gov.br\\\/wp-content\\\/uploads\\\/2020\\\/06\\\/99423647_1593460364143890_6706793420720963584_n-1-e1591387983167.png\",\"contentUrl\":\"https:\\\/\\\/www.mpc.pr.gov.br\\\/wp-content\\\/uploads\\\/2020\\\/06\\\/99423647_1593460364143890_6706793420720963584_n-1-e1591387983167.png\",\"width\":243,\"height\":73,\"caption\":\"Minist\u00e9rio P\u00fablico de Contas do Estado do Paran\u00e1\"},\"image\":{\"@id\":\"https:\\\/\\\/www.mpc.pr.gov.br\\\/#\\\/schema\\\/logo\\\/image\\\/\"},\"sameAs\":[\"https:\\\/\\\/www.facebook.com\\\/mpc.pr\",\"https:\\\/\\\/www.instagram.com\\\/mpc.pr\\\/?hl=pt-br\",\"https:\\\/\\\/www.youtube.com\\\/channel\\\/UCHri5oEM8DV0ztX57E0sBSw\"]},{\"@type\":\"Person\",\"@id\":\"https:\\\/\\\/www.mpc.pr.gov.br\\\/#\\\/schema\\\/person\\\/4084fe5515d992ac9ee5ac0edc7c923e\",\"name\":\"Flavia Caroline Keretch\",\"image\":{\"@type\":\"ImageObject\",\"inLanguage\":\"pt-BR\",\"@id\":\"https:\\\/\\\/secure.gravatar.com\\\/avatar\\\/f8f5aa59ebe95b97c20ecbb029835e10689f6124045a5ceae40e2f18aa741998?s=96&d=mm&r=g\",\"url\":\"https:\\\/\\\/secure.gravatar.com\\\/avatar\\\/f8f5aa59ebe95b97c20ecbb029835e10689f6124045a5ceae40e2f18aa741998?s=96&d=mm&r=g\",\"contentUrl\":\"https:\\\/\\\/secure.gravatar.com\\\/avatar\\\/f8f5aa59ebe95b97c20ecbb029835e10689f6124045a5ceae40e2f18aa741998?s=96&d=mm&r=g\",\"caption\":\"Flavia Caroline Keretch\"}}]}<\/script>\n<!-- \/ Yoast SEO plugin. -->","yoast_head_json":{"title":"MPC-PR promove segunda reuni\u00e3o t\u00e9cnica sobre Painel de Diagn\u00f3stico de Maturidade das Estruturas de Controle Interno - Minist\u00e9rio P\u00fablico de Contas do Estado do Paran\u00e1","robots":{"index":"index","follow":"follow","max-snippet":"max-snippet:-1","max-image-preview":"max-image-preview:large","max-video-preview":"max-video-preview:-1"},"canonical":"https:\/\/www.mpc.pr.gov.br\/index.php\/mpc-pr-promove-segunda-reuniao-tecnica-sobre-painel-de-diagnostico-de-maturidade-das-estruturas-de-controle-interno\/","og_locale":"pt_BR","og_type":"article","og_title":"MPC-PR promove segunda reuni\u00e3o t\u00e9cnica sobre Painel de Diagn\u00f3stico de Maturidade das Estruturas de Controle Interno - Minist\u00e9rio P\u00fablico de Contas do Estado do Paran\u00e1","og_description":"Encontro busca capacitar os controladores internos municipais quanto ao uso da ferramenta e \u00e0 realiza\u00e7\u00e3o do diagn\u00f3stico.\u00a0 O Minist\u00e9rio P\u00fablico de Contas do Paran\u00e1 (MPC-PR) promover\u00e1, no dia 11 de setembro, a segunda reuni\u00e3o t\u00e9cnica sobre o Painel de Diagn\u00f3stico de Maturidade das Estruturas de Controle Interno. O encontro tem como objetivo orientar os controladores [&hellip;]","og_url":"https:\/\/www.mpc.pr.gov.br\/index.php\/mpc-pr-promove-segunda-reuniao-tecnica-sobre-painel-de-diagnostico-de-maturidade-das-estruturas-de-controle-interno\/","og_site_name":"Minist\u00e9rio P\u00fablico de Contas do Estado do Paran\u00e1","article_publisher":"https:\/\/www.facebook.com\/mpc.pr","article_published_time":"2026-09-04T18:51:24+00:00","article_modified_time":"2026-09-04T19:40:15+00:00","og_image":[{"width":1897,"height":901,"url":"https:\/\/www.mpc.pr.gov.br\/wp-content\/uploads\/2026\/08\/Print-painel-do-controle-interno.png","type":"image\/png"}],"author":"Flavia Caroline Keretch","twitter_card":"summary_large_image","twitter_misc":{"Escrito por":"Flavia Caroline Keretch","Est. tempo de leitura":"2 minutos"},"schema":{"@context":"https:\/\/schema.org","@graph":[{"@type":"Article","@id":"https:\/\/www.mpc.pr.gov.br\/index.php\/mpc-pr-promove-segunda-reuniao-tecnica-sobre-painel-de-diagnostico-de-maturidade-das-estruturas-de-controle-interno\/#article","isPartOf":{"@id":"https:\/\/www.mpc.pr.gov.br\/index.php\/mpc-pr-promove-segunda-reuniao-tecnica-sobre-painel-de-diagnostico-de-maturidade-das-estruturas-de-controle-interno\/"},"author":{"name":"Flavia Caroline Keretch","@id":"https:\/\/www.mpc.pr.gov.br\/#\/schema\/person\/4084fe5515d992ac9ee5ac0edc7c923e"},"headline":"MPC-PR promove segunda reuni\u00e3o t\u00e9cnica sobre Painel de Diagn\u00f3stico de Maturidade das Estruturas de Controle Interno","datePublished":"2026-09-04T18:51:24+00:00","dateModified":"2026-09-04T19:40:15+00:00","mainEntityOfPage":{"@id":"https:\/\/www.mpc.pr.gov.br\/index.php\/mpc-pr-promove-segunda-reuniao-tecnica-sobre-painel-de-diagnostico-de-maturidade-das-estruturas-de-controle-interno\/"},"wordCount":373,"commentCount":0,"publisher":{"@id":"https:\/\/www.mpc.pr.gov.br\/#organization"},"image":{"@id":"https:\/\/www.mpc.pr.gov.br\/index.php\/mpc-pr-promove-segunda-reuniao-tecnica-sobre-painel-de-diagnostico-de-maturidade-das-estruturas-de-controle-interno\/#primaryimage"},"thumbnailUrl":"https:\/\/www.mpc.pr.gov.br\/wp-content\/uploads\/2026\/08\/Print-painel-do-controle-interno.png","keywords":["Diagn\u00f3stico de Maturidade do Controle Interno dos Munic\u00edpios do Paran\u00e1","Evento","MPC-PR","Painel Controle Interno Municipal","Paran\u00e1"],"articleSection":["Todas as not\u00edcias","\u00daltimas not\u00edcias"],"inLanguage":"pt-BR","potentialAction":[{"@type":"CommentAction","name":"Comment","target":["https:\/\/www.mpc.pr.gov.br\/index.php\/mpc-pr-promove-segunda-reuniao-tecnica-sobre-painel-de-diagnostico-de-maturidade-das-estruturas-de-controle-interno\/#respond"]}]},{"@type":"WebPage","@id":"https:\/\/www.mpc.pr.gov.br\/index.php\/mpc-pr-promove-segunda-reuniao-tecnica-sobre-painel-de-diagnostico-de-maturidade-das-estruturas-de-controle-interno\/","url":"https:\/\/www.mpc.pr.gov.br\/index.php\/mpc-pr-promove-segunda-reuniao-tecnica-sobre-painel-de-diagnostico-de-maturidade-das-estruturas-de-controle-interno\/","name":"MPC-PR promove segunda reuni\u00e3o t\u00e9cnica sobre Painel de Diagn\u00f3stico de Maturidade das Estruturas de Controle Interno - Minist\u00e9rio P\u00fablico de Contas do Estado do Paran\u00e1","isPartOf":{"@id":"https:\/\/www.mpc.pr.gov.br\/#website"},"primaryImageOfPage":{"@id":"https:\/\/www.mpc.pr.gov.br\/index.php\/mpc-pr-promove-segunda-reuniao-tecnica-sobre-painel-de-diagnostico-de-maturidade-das-estruturas-de-controle-interno\/#primaryimage"},"image":{"@id":"https:\/\/www.mpc.pr.gov.br\/index.php\/mpc-pr-promove-segunda-reuniao-tecnica-sobre-painel-de-diagnostico-de-maturidade-das-estruturas-de-controle-interno\/#primaryimage"},"thumbnailUrl":"https:\/\/www.mpc.pr.gov.br\/wp-content\/uploads\/2026\/08\/Print-painel-do-controle-interno.png","datePublished":"2026-09-04T18:51:24+00:00","dateModified":"2026-09-04T19:40:15+00:00","breadcrumb":{"@id":"https:\/\/www.mpc.pr.gov.br\/index.php\/mpc-pr-promove-segunda-reuniao-tecnica-sobre-painel-de-diagnostico-de-maturidade-das-estruturas-de-controle-interno\/#breadcrumb"},"inLanguage":"pt-BR","potentialAction":[{"@type":"ReadAction","target":["https:\/\/www.mpc.pr.gov.br\/index.php\/mpc-pr-promove-segunda-reuniao-tecnica-sobre-painel-de-diagnostico-de-maturidade-das-estruturas-de-controle-interno\/"]}]},{"@type":"ImageObject","inLanguage":"pt-BR","@id":"https:\/\/www.mpc.pr.gov.br\/index.php\/mpc-pr-promove-segunda-reuniao-tecnica-sobre-painel-de-diagnostico-de-maturidade-das-estruturas-de-controle-interno\/#primaryimage","url":"https:\/\/www.mpc.pr.gov.br\/wp-content\/uploads\/2026\/08\/Print-painel-do-controle-interno.png","contentUrl":"https:\/\/www.mpc.pr.gov.br\/wp-content\/uploads\/2026\/08\/Print-painel-do-controle-interno.png","width":1897,"height":901},{"@type":"BreadcrumbList","@id":"https:\/\/www.mpc.pr.gov.br\/index.php\/mpc-pr-promove-segunda-reuniao-tecnica-sobre-painel-de-diagnostico-de-maturidade-das-estruturas-de-controle-interno\/#breadcrumb","itemListElement":[{"@type":"ListItem","position":1,"name":"In\u00edcio","item":"https:\/\/www.mpc.pr.gov.br\/"},{"@type":"ListItem","position":2,"name":"MPC-PR promove segunda reuni\u00e3o t\u00e9cnica sobre Painel de Diagn\u00f3stico de Maturidade das Estruturas de Controle Interno"}]},{"@type":"WebSite","@id":"https:\/\/www.mpc.pr.gov.br\/#website","url":"https:\/\/www.mpc.pr.gov.br\/","name":"Minist\u00e9rio P\u00fablico de Contas do Estado do Paran\u00e1","description":"","publisher":{"@id":"https:\/\/www.mpc.pr.gov.br\/#organization"},"potentialAction":[{"@type":"SearchAction","target":{"@type":"EntryPoint","urlTemplate":"https:\/\/www.mpc.pr.gov.br\/?s={search_term_string}"},"query-input":{"@type":"PropertyValueSpecification","valueRequired":true,"valueName":"search_term_string"}}],"inLanguage":"pt-BR"},{"@type":"Organization","@id":"https:\/\/www.mpc.pr.gov.br\/#organization","name":"Minist\u00e9rio P\u00fablico de Contas do Estado do Paran\u00e1","url":"https:\/\/www.mpc.pr.gov.br\/","logo":{"@type":"ImageObject","inLanguage":"pt-BR","@id":"https:\/\/www.mpc.pr.gov.br\/#\/schema\/logo\/image\/","url":"https:\/\/www.mpc.pr.gov.br\/wp-content\/uploads\/2020\/06\/99423647_1593460364143890_6706793420720963584_n-1-e1591387983167.png","contentUrl":"https:\/\/www.mpc.pr.gov.br\/wp-content\/uploads\/2020\/06\/99423647_1593460364143890_6706793420720963584_n-1-e1591387983167.png","width":243,"height":73,"caption":"Minist\u00e9rio P\u00fablico de Contas do Estado do Paran\u00e1"},"image":{"@id":"https:\/\/www.mpc.pr.gov.br\/#\/schema\/logo\/image\/"},"sameAs":["https:\/\/www.facebook.com\/mpc.pr","https:\/\/www.instagram.com\/mpc.pr\/?hl=pt-br","https:\/\/www.youtube.com\/channel\/UCHri5oEM8DV0ztX57E0sBSw"]},{"@type":"Person","@id":"https:\/\/www.mpc.pr.gov.br\/#\/schema\/person\/4084fe5515d992ac9ee5ac0edc7c923e","name":"Flavia Caroline Keretch","image":{"@type":"ImageObject","inLanguage":"pt-BR","@id":"https:\/\/secure.gravatar.com\/avatar\/f8f5aa59ebe95b97c20ecbb029835e10689f6124045a5ceae40e2f18aa741998?s=96&d=mm&r=g","url":"https:\/\/secure.gravatar.com\/avatar\/f8f5aa59ebe95b97c20ecbb029835e10689f6124045a5ceae40e2f18aa741998?s=96&d=mm&r=g","contentUrl":"https:\/\/secure.gravatar.com\/avatar\/f8f5aa59ebe95b97c20ecbb029835e10689f6124045a5ceae40e2f18aa741998?s=96&d=mm&r=g","caption":"Flavia Caroline Keretch"}}]}},"rttpg_featured_image_url":{"full":["https:\/\/www.mpc.pr.gov.br\/wp-content\/uploads\/2026\/08\/Print-painel-do-controle-interno.png",1897,901,false],"landscape":["https:\/\/www.mpc.pr.gov.br\/wp-content\/uploads\/2026\/08\/Print-painel-do-controle-interno.png",1897,901,false],"portraits":["https:\/\/www.mpc.pr.gov.br\/wp-content\/uploads\/2026\/08\/Print-painel-do-controle-interno.png",1897,901,false],"thumbnail":["https:\/\/www.mpc.pr.gov.br\/wp-content\/uploads\/2026\/08\/Print-painel-do-controle-interno-150x150.png",150,150,true],"medium":["https:\/\/www.mpc.pr.gov.br\/wp-content\/uploads\/2026\/08\/Print-painel-do-controle-interno-300x142.png",300,142,true],"large":["https:\/\/www.mpc.pr.gov.br\/wp-content\/uploads\/2026\/08\/Print-painel-do-controle-interno-1024x486.png",1024,486,true],"1536x1536":["https:\/\/www.mpc.pr.gov.br\/wp-content\/uploads\/2026\/08\/Print-painel-do-controle-interno-1536x730.png",1536,730,true],"2048x2048":["https:\/\/www.mpc.pr.gov.br\/wp-content\/uploads\/2026\/08\/Print-painel-do-controle-interno.png",1897,901,false],"ocean-thumb-m":["https:\/\/www.mpc.pr.gov.br\/wp-content\/uploads\/2026\/08\/Print-painel-do-controle-interno-600x600.png",600,600,true],"ocean-thumb-ml":["https:\/\/www.mpc.pr.gov.br\/wp-content\/uploads\/2026\/08\/Print-painel-do-controle-interno-800x450.png",800,450,true],"ocean-thumb-l":["https:\/\/www.mpc.pr.gov.br\/wp-content\/uploads\/2026\/08\/Print-painel-do-controle-interno-1200x700.png",1200,700,true]},"rttpg_author":{"display_name":"Flavia Caroline Keretch","author_link":"https:\/\/www.mpc.pr.gov.br\/index.php\/author\/flavia-caroline-keretch\/"},"rttpg_comment":0,"rttpg_category":"<a href=\"https:\/\/www.mpc.pr.gov.br\/index.php\/category\/todas-as-noticias\/\" rel=\"category tag\">Todas as not\u00edcias<\/a> <a href=\"https:\/\/www.mpc.pr.gov.br\/index.php\/category\/ultimas-noticias\/\" rel=\"category tag\">\u00daltimas not\u00edcias<\/a>","rttpg_excerpt":"Encontro busca capacitar os controladores internos municipais quanto ao uso da ferramenta e \u00e0 realiza\u00e7\u00e3o do diagn\u00f3stico.\u00a0 O Minist\u00e9rio P\u00fablico de Contas do Paran\u00e1 (MPC-PR) promover\u00e1, no dia 11 de setembro, a segunda reuni\u00e3o t\u00e9cnica sobre o Painel de Diagn\u00f3stico de Maturidade das Estruturas de Controle Interno. O encontro tem como objetivo orientar os controladores&hellip;","_links":{"self":[{"href":"https:\/\/www.mpc.pr.gov.br\/index.php\/wp-json\/wp\/v2\/posts\/26561","targetHints":{"allow":["GET"]}}],"collection":[{"href":"https:\/\/www.mpc.pr.gov.br\/index.php\/wp-json\/wp\/v2\/posts"}],"about":[{"href":"https:\/\/www.mpc.pr.gov.br\/index.php\/wp-json\/wp\/v2\/types\/post"}],"author":[{"embeddable":true,"href":"https:\/\/www.mpc.pr.gov.br\/index.php\/wp-json\/wp\/v2\/users\/13"}],"replies":[{"embeddable":true,"href":"https:\/\/www.mpc.pr.gov.br\/index.php\/wp-json\/wp\/v2\/comments?post=26561"}],"version-history":[{"count":2,"href":"https:\/\/www.mpc.pr.gov.br\/index.php\/wp-json\/wp\/v2\/posts\/26561\/revisions"}],"predecessor-version":[{"id":26568,"href":"https:\/\/www.mpc.pr.gov.br\/index.php\/wp-json\/wp\/v2\/posts\/26561\/revisions\/26568"}],"wp:featuredmedia":[{"embeddable":true,"href":"https:\/\/www.mpc.pr.gov.br\/index.php\/wp-json\/wp\/v2\/media\/26421"}],"wp:attachment":[{"href":"https:\/\/www.mpc.pr.gov.br\/index.php\/wp-json\/wp\/v2\/media?parent=26561"}],"wp:term":[{"taxonomy":"category","embeddable":true,"href":"https:\/\/www.mpc.pr.gov.br\/index.php\/wp-json\/wp\/v2\/categories?post=26561"},{"taxonomy":"post_tag","embeddable":true,"href":"https:\/\/www.mpc.pr.gov.br\/index.php\/wp-json\/wp\/v2\/tags?post=26561"}],"curies":[{"name":"wp","href":"https:\/\/api.w.org\/{rel}","templated":true}]}}