{"id":26564,"date":"2026-09-04T16:14:20","date_gmt":"2026-09-04T19:14:20","guid":{"rendered":"https:\/\/www.mpc.pr.gov.br\/?p=26564"},"modified":"2026-09-04T16:50:30","modified_gmt":"2026-09-04T19:50:30","slug":"mpc-pr-inicia-serie-de-webinars-do-projeto-de-maturidade-do-controle-interno-com-capacitacao-sobre-lgpd","status":"publish","type":"post","link":"https:\/\/www.mpc.pr.gov.br\/index.php\/mpc-pr-inicia-serie-de-webinars-do-projeto-de-maturidade-do-controle-interno-com-capacitacao-sobre-lgpd\/","title":{"rendered":"No dia 14, MPC-PR inicia s\u00e9rie de webinars do projeto de maturidade do controle interno com capacita\u00e7\u00e3o sobre LGPD"},"content":{"rendered":"<blockquote><p><em><img fetchpriority=\"high\" decoding=\"async\" class=\"size-medium wp-image-26570 alignleft\" src=\"https:\/\/www.mpc.pr.gov.br\/wp-content\/uploads\/2026\/09\/Imagem-1o-webinar-Controle-Interno-02-300x169.png\" alt=\"\" width=\"300\" height=\"169\" srcset=\"https:\/\/www.mpc.pr.gov.br\/wp-content\/uploads\/2026\/09\/Imagem-1o-webinar-Controle-Interno-02-300x169.png 300w, https:\/\/www.mpc.pr.gov.br\/wp-content\/uploads\/2026\/09\/Imagem-1o-webinar-Controle-Interno-02.png 560w\" sizes=\"(max-width: 300px) 100vw, 300px\" \/>Primeiro encontro abordar\u00e1 a aplica\u00e7\u00e3o pr\u00e1tica da LGPD no cotidiano dos \u00f3rg\u00e3os p\u00fablicos e as orienta\u00e7\u00f5es da Autoridade Nacional de Prote\u00e7\u00e3o de Dados.<\/em><\/p><\/blockquote>\n<p>O Minist\u00e9rio P\u00fablico de Contas do Paran\u00e1 (MPC-PR) realizar\u00e1, no dia 14 de setembro, das 14h \u00e0s 16h, o primeiro webinar de uma s\u00e9rie de capacita\u00e7\u00f5es voltadas ao fortalecimento da gest\u00e3o p\u00fablica municipal. A estreia da programa\u00e7\u00e3o ter\u00e1 como tema &#8220;<strong>LGPD na Pr\u00e1tica para o Setor P\u00fablico Municipal: o que todo servidor precisa saber sobre prote\u00e7\u00e3o de dados pessoais, seguran\u00e7a, atendimento ao cidad\u00e3o e orienta\u00e7\u00f5es da ANPD&#8221;.<\/strong><\/p>\n<p>O objetivo da iniciativa \u00e9 capacitar agentes p\u00fablicos e gestores municipais sobre a aplica\u00e7\u00e3o da Lei Geral de Prote\u00e7\u00e3o de Dados Pessoais (LGPD) no cotidiano da administra\u00e7\u00e3o p\u00fablica, apresentando conceitos, responsabilidades e boas pr\u00e1ticas relacionadas ao tratamento de informa\u00e7\u00f5es pessoais pelos \u00f3rg\u00e3os governamentais.<\/p>\n<p>A programa\u00e7\u00e3o abordar\u00e1 aspectos pr\u00e1ticos da prote\u00e7\u00e3o de dados no setor p\u00fablico, incluindo medidas de seguran\u00e7a da informa\u00e7\u00e3o, atendimento ao cidad\u00e3o, compartilhamento de dados, gest\u00e3o de riscos e as principais orienta\u00e7\u00f5es da Autoridade Nacional de Prote\u00e7\u00e3o de Dados (ANPD), \u00f3rg\u00e3o respons\u00e1vel por zelar, implementar e fiscalizar o cumprimento da legisla\u00e7\u00e3o de prote\u00e7\u00e3o de dados pessoais no Brasil.<\/p>\n<p>O conte\u00fado foi estruturado para auxiliar os munic\u00edpios na implementa\u00e7\u00e3o de procedimentos mais seguros, transparentes e alinhados \u00e0 legisla\u00e7\u00e3o vigente, contribuindo para a prote\u00e7\u00e3o das informa\u00e7\u00f5es dos cidad\u00e3os e para o fortalecimento da confian\u00e7a na Administra\u00e7\u00e3o P\u00fablica.<\/p>\n<p>A palestrante convidada ser\u00e1 <strong>Juliana Costa<\/strong>, advogada com mais de 20 anos de atua\u00e7\u00e3o, especialista em Direito Tribut\u00e1rio e com experi\u00eancia em consultoria e contencioso tribut\u00e1rio, regulariza\u00e7\u00e3o fiscal, transa\u00e7\u00e3o tribut\u00e1ria e estrutura\u00e7\u00e3o de solu\u00e7\u00f5es jur\u00eddicas e estrat\u00e9gicas para empresas. Mestre em Direito, Justi\u00e7a e Desenvolvimento pelo Instituto Brasileiro de Ensino, Desenvolvimento e<\/p>\n<p>Pesquisa (IDP), tamb\u00e9m possui s\u00f3lida atua\u00e7\u00e3o em Direito Digital, Prote\u00e7\u00e3o de Dados, Compliance e Intelig\u00eancia Artificial. Atualmente, \u00e9 Coordenadora da \u00e1rea de Tecnologia, Compliance Digital e Intelig\u00eancia Artificial do escrit\u00f3rio N Partners e Diretora Jur\u00eddica do Instituto ETIS.<\/p>\n<p>Ao longo do webinar, os participantes ter\u00e3o a oportunidade de aprofundar conhecimentos sobre os desafios da prote\u00e7\u00e3o de dados no ambiente p\u00fablico, compreender os impactos da LGPD nas atividades desempenhadas pelos servidores e conhecer pr\u00e1ticas voltadas \u00e0 conformidade legal e \u00e0 governan\u00e7a das informa\u00e7\u00f5es.<\/p>\n<p>O evento ser\u00e1 realizado de forma online, por meio da plataforma Microsoft Teams, permitindo a participa\u00e7\u00e3o de gestores, servidores p\u00fablicos e demais interessados de todo o Estado do Paran\u00e1.<\/p>\n<p>O webinar faz parte da etapa de capacita\u00e7\u00e3o do projeto de Diagn\u00f3stico de Maturidade das Estruturas de Controle Interno, que prev\u00ea uma s\u00e9rie de atividades formativas voltadas aos munic\u00edpios paranaenses. A iniciativa busca ampliar o conhecimento t\u00e9cnico dos gestores e servidores, oferecendo conte\u00fados alinhados aos principais desafios da administra\u00e7\u00e3o p\u00fablica contempor\u00e2nea e contribuindo para o fortalecimento das estruturas de governan\u00e7a e controle interno.<\/p>\n<h4><strong>Servi\u00e7o<\/strong><\/h4>\n<p><strong>Webinar:<\/strong> LGPD na Pr\u00e1tica para o Setor P\u00fablico Municipal<\/p>\n<p><strong>Tema:<\/strong> O que todo servidor precisa saber sobre prote\u00e7\u00e3o de dados pessoais, seguran\u00e7a, atendimento ao cidad\u00e3o e orienta\u00e7\u00f5es da ANPD<\/p>\n<p><strong>Palestrante:<\/strong> Juliana Costa<\/p>\n<p><strong>Data:<\/strong> 14 de setembro<\/p>\n<p><strong>Hor\u00e1rio:<\/strong> das 14h \u00e0s 16h<\/p>\n<p><strong>Formato:<\/strong> Online, por meio do Microsoft Teams Link de acesso: <a href=\"https:\/\/www.mpc.pr.gov.br\/index.php\/2hi3\">https:\/\/www.mpc.pr.gov.br\/index.php\/2hi3<\/a><\/p>\n","protected":false},"excerpt":{"rendered":"<p>Primeiro encontro abordar\u00e1 a aplica\u00e7\u00e3o pr\u00e1tica da LGPD no cotidiano dos \u00f3rg\u00e3os p\u00fablicos e as orienta\u00e7\u00f5es da Autoridade Nacional de Prote\u00e7\u00e3o de Dados. O Minist\u00e9rio P\u00fablico de Contas do Paran\u00e1 (MPC-PR) realizar\u00e1, no dia 14 de setembro, das 14h \u00e0s 16h, o primeiro webinar de uma s\u00e9rie de capacita\u00e7\u00f5es voltadas ao fortalecimento da gest\u00e3o p\u00fablica [&hellip;]<\/p>\n","protected":false},"author":13,"featured_media":26570,"comment_status":"open","ping_status":"open","sticky":false,"template":"","format":"standard","meta":{"rop_custom_images_group":[],"rop_custom_messages_group":[],"rop_publish_now":"no","rop_publish_now_accounts":[],"rop_publish_now_history":[],"rop_publish_now_status":"pending","_monsterinsights_skip_tracking":false,"footnotes":""},"categories":[2,7],"tags":[313,13,999,928],"class_list":["post-26564","post","type-post","status-publish","format-standard","has-post-thumbnail","hentry","category-destaques","category-todas-as-noticias","tag-lgpd","tag-mpc-pr","tag-webinar","tag-webinario","entry","has-media"],"yoast_head":"<!-- This site is optimized with the Yoast SEO plugin v28.4 - https:\/\/yoast.com\/product\/yoast-seo-wordpress\/ -->\n<title>No dia 14, MPC-PR inicia s\u00e9rie de webinars do projeto de maturidade do controle interno com capacita\u00e7\u00e3o sobre LGPD - Minist\u00e9rio P\u00fablico de Contas do Estado do Paran\u00e1<\/title>\n<meta name=\"robots\" content=\"index, follow, max-snippet:-1, max-image-preview:large, max-video-preview:-1\" \/>\n<link rel=\"canonical\" href=\"https:\/\/www.mpc.pr.gov.br\/index.php\/mpc-pr-inicia-serie-de-webinars-do-projeto-de-maturidade-do-controle-interno-com-capacitacao-sobre-lgpd\/\" \/>\n<meta property=\"og:locale\" content=\"pt_BR\" \/>\n<meta property=\"og:type\" content=\"article\" \/>\n<meta property=\"og:title\" content=\"No dia 14, MPC-PR inicia s\u00e9rie de webinars do projeto de maturidade do controle interno com capacita\u00e7\u00e3o sobre LGPD - Minist\u00e9rio P\u00fablico de Contas do Estado do Paran\u00e1\" \/>\n<meta property=\"og:description\" content=\"Primeiro encontro abordar\u00e1 a aplica\u00e7\u00e3o pr\u00e1tica da LGPD no cotidiano dos \u00f3rg\u00e3os p\u00fablicos e as orienta\u00e7\u00f5es da Autoridade Nacional de Prote\u00e7\u00e3o de Dados. O Minist\u00e9rio P\u00fablico de Contas do Paran\u00e1 (MPC-PR) realizar\u00e1, no dia 14 de setembro, das 14h \u00e0s 16h, o primeiro webinar de uma s\u00e9rie de capacita\u00e7\u00f5es voltadas ao fortalecimento da gest\u00e3o p\u00fablica [&hellip;]\" \/>\n<meta property=\"og:url\" content=\"https:\/\/www.mpc.pr.gov.br\/index.php\/mpc-pr-inicia-serie-de-webinars-do-projeto-de-maturidade-do-controle-interno-com-capacitacao-sobre-lgpd\/\" \/>\n<meta property=\"og:site_name\" content=\"Minist\u00e9rio P\u00fablico de Contas do Estado do Paran\u00e1\" \/>\n<meta property=\"article:publisher\" content=\"https:\/\/www.facebook.com\/mpc.pr\" \/>\n<meta property=\"article:published_time\" content=\"2026-09-04T19:14:20+00:00\" \/>\n<meta property=\"article:modified_time\" content=\"2026-09-04T19:50:30+00:00\" \/>\n<meta property=\"og:image\" content=\"https:\/\/www.mpc.pr.gov.br\/wp-content\/uploads\/2026\/09\/Imagem-1o-webinar-Controle-Interno-02.png\" \/>\n\t<meta property=\"og:image:width\" content=\"560\" \/>\n\t<meta property=\"og:image:height\" content=\"315\" \/>\n\t<meta property=\"og:image:type\" content=\"image\/png\" \/>\n<meta name=\"author\" content=\"Flavia Caroline Keretch\" \/>\n<meta name=\"twitter:card\" content=\"summary_large_image\" \/>\n<meta name=\"twitter:label1\" content=\"Escrito por\" \/>\n\t<meta name=\"twitter:data1\" content=\"Flavia Caroline Keretch\" \/>\n\t<meta name=\"twitter:label2\" content=\"Est. tempo de leitura\" \/>\n\t<meta name=\"twitter:data2\" content=\"3 minutos\" \/>\n<script type=\"application\/ld+json\" class=\"yoast-schema-graph\">{\"@context\":\"https:\\\/\\\/schema.org\",\"@graph\":[{\"@type\":\"Article\",\"@id\":\"https:\\\/\\\/www.mpc.pr.gov.br\\\/index.php\\\/mpc-pr-inicia-serie-de-webinars-do-projeto-de-maturidade-do-controle-interno-com-capacitacao-sobre-lgpd\\\/#article\",\"isPartOf\":{\"@id\":\"https:\\\/\\\/www.mpc.pr.gov.br\\\/index.php\\\/mpc-pr-inicia-serie-de-webinars-do-projeto-de-maturidade-do-controle-interno-com-capacitacao-sobre-lgpd\\\/\"},\"author\":{\"name\":\"Flavia Caroline Keretch\",\"@id\":\"https:\\\/\\\/www.mpc.pr.gov.br\\\/#\\\/schema\\\/person\\\/4084fe5515d992ac9ee5ac0edc7c923e\"},\"headline\":\"No dia 14, MPC-PR inicia s\u00e9rie de webinars do projeto de maturidade do controle interno com capacita\u00e7\u00e3o sobre LGPD\",\"datePublished\":\"2026-09-04T19:14:20+00:00\",\"dateModified\":\"2026-09-04T19:50:30+00:00\",\"mainEntityOfPage\":{\"@id\":\"https:\\\/\\\/www.mpc.pr.gov.br\\\/index.php\\\/mpc-pr-inicia-serie-de-webinars-do-projeto-de-maturidade-do-controle-interno-com-capacitacao-sobre-lgpd\\\/\"},\"wordCount\":623,\"commentCount\":0,\"publisher\":{\"@id\":\"https:\\\/\\\/www.mpc.pr.gov.br\\\/#organization\"},\"image\":{\"@id\":\"https:\\\/\\\/www.mpc.pr.gov.br\\\/index.php\\\/mpc-pr-inicia-serie-de-webinars-do-projeto-de-maturidade-do-controle-interno-com-capacitacao-sobre-lgpd\\\/#primaryimage\"},\"thumbnailUrl\":\"https:\\\/\\\/www.mpc.pr.gov.br\\\/wp-content\\\/uploads\\\/2026\\\/09\\\/Imagem-1o-webinar-Controle-Interno-02.png\",\"keywords\":[\"LGPD\",\"MPC-PR\",\"webinar\",\"Webin\u00e1rio\"],\"articleSection\":[\"Destaques\",\"Todas as not\u00edcias\"],\"inLanguage\":\"pt-BR\",\"potentialAction\":[{\"@type\":\"CommentAction\",\"name\":\"Comment\",\"target\":[\"https:\\\/\\\/www.mpc.pr.gov.br\\\/index.php\\\/mpc-pr-inicia-serie-de-webinars-do-projeto-de-maturidade-do-controle-interno-com-capacitacao-sobre-lgpd\\\/#respond\"]}]},{\"@type\":\"WebPage\",\"@id\":\"https:\\\/\\\/www.mpc.pr.gov.br\\\/index.php\\\/mpc-pr-inicia-serie-de-webinars-do-projeto-de-maturidade-do-controle-interno-com-capacitacao-sobre-lgpd\\\/\",\"url\":\"https:\\\/\\\/www.mpc.pr.gov.br\\\/index.php\\\/mpc-pr-inicia-serie-de-webinars-do-projeto-de-maturidade-do-controle-interno-com-capacitacao-sobre-lgpd\\\/\",\"name\":\"No dia 14, MPC-PR inicia s\u00e9rie de webinars do projeto de maturidade do controle interno com capacita\u00e7\u00e3o sobre LGPD - Minist\u00e9rio P\u00fablico de Contas do Estado do Paran\u00e1\",\"isPartOf\":{\"@id\":\"https:\\\/\\\/www.mpc.pr.gov.br\\\/#website\"},\"primaryImageOfPage\":{\"@id\":\"https:\\\/\\\/www.mpc.pr.gov.br\\\/index.php\\\/mpc-pr-inicia-serie-de-webinars-do-projeto-de-maturidade-do-controle-interno-com-capacitacao-sobre-lgpd\\\/#primaryimage\"},\"image\":{\"@id\":\"https:\\\/\\\/www.mpc.pr.gov.br\\\/index.php\\\/mpc-pr-inicia-serie-de-webinars-do-projeto-de-maturidade-do-controle-interno-com-capacitacao-sobre-lgpd\\\/#primaryimage\"},\"thumbnailUrl\":\"https:\\\/\\\/www.mpc.pr.gov.br\\\/wp-content\\\/uploads\\\/2026\\\/09\\\/Imagem-1o-webinar-Controle-Interno-02.png\",\"datePublished\":\"2026-09-04T19:14:20+00:00\",\"dateModified\":\"2026-09-04T19:50:30+00:00\",\"breadcrumb\":{\"@id\":\"https:\\\/\\\/www.mpc.pr.gov.br\\\/index.php\\\/mpc-pr-inicia-serie-de-webinars-do-projeto-de-maturidade-do-controle-interno-com-capacitacao-sobre-lgpd\\\/#breadcrumb\"},\"inLanguage\":\"pt-BR\",\"potentialAction\":[{\"@type\":\"ReadAction\",\"target\":[\"https:\\\/\\\/www.mpc.pr.gov.br\\\/index.php\\\/mpc-pr-inicia-serie-de-webinars-do-projeto-de-maturidade-do-controle-interno-com-capacitacao-sobre-lgpd\\\/\"]}]},{\"@type\":\"ImageObject\",\"inLanguage\":\"pt-BR\",\"@id\":\"https:\\\/\\\/www.mpc.pr.gov.br\\\/index.php\\\/mpc-pr-inicia-serie-de-webinars-do-projeto-de-maturidade-do-controle-interno-com-capacitacao-sobre-lgpd\\\/#primaryimage\",\"url\":\"https:\\\/\\\/www.mpc.pr.gov.br\\\/wp-content\\\/uploads\\\/2026\\\/09\\\/Imagem-1o-webinar-Controle-Interno-02.png\",\"contentUrl\":\"https:\\\/\\\/www.mpc.pr.gov.br\\\/wp-content\\\/uploads\\\/2026\\\/09\\\/Imagem-1o-webinar-Controle-Interno-02.png\",\"width\":560,\"height\":315},{\"@type\":\"BreadcrumbList\",\"@id\":\"https:\\\/\\\/www.mpc.pr.gov.br\\\/index.php\\\/mpc-pr-inicia-serie-de-webinars-do-projeto-de-maturidade-do-controle-interno-com-capacitacao-sobre-lgpd\\\/#breadcrumb\",\"itemListElement\":[{\"@type\":\"ListItem\",\"position\":1,\"name\":\"In\u00edcio\",\"item\":\"https:\\\/\\\/www.mpc.pr.gov.br\\\/\"},{\"@type\":\"ListItem\",\"position\":2,\"name\":\"No dia 14, MPC-PR inicia s\u00e9rie de webinars do projeto de maturidade do controle interno com capacita\u00e7\u00e3o sobre LGPD\"}]},{\"@type\":\"WebSite\",\"@id\":\"https:\\\/\\\/www.mpc.pr.gov.br\\\/#website\",\"url\":\"https:\\\/\\\/www.mpc.pr.gov.br\\\/\",\"name\":\"Minist\u00e9rio P\u00fablico de Contas do Estado do Paran\u00e1\",\"description\":\"\",\"publisher\":{\"@id\":\"https:\\\/\\\/www.mpc.pr.gov.br\\\/#organization\"},\"potentialAction\":[{\"@type\":\"SearchAction\",\"target\":{\"@type\":\"EntryPoint\",\"urlTemplate\":\"https:\\\/\\\/www.mpc.pr.gov.br\\\/?s={search_term_string}\"},\"query-input\":{\"@type\":\"PropertyValueSpecification\",\"valueRequired\":true,\"valueName\":\"search_term_string\"}}],\"inLanguage\":\"pt-BR\"},{\"@type\":\"Organization\",\"@id\":\"https:\\\/\\\/www.mpc.pr.gov.br\\\/#organization\",\"name\":\"Minist\u00e9rio P\u00fablico de Contas do Estado do Paran\u00e1\",\"url\":\"https:\\\/\\\/www.mpc.pr.gov.br\\\/\",\"logo\":{\"@type\":\"ImageObject\",\"inLanguage\":\"pt-BR\",\"@id\":\"https:\\\/\\\/www.mpc.pr.gov.br\\\/#\\\/schema\\\/logo\\\/image\\\/\",\"url\":\"https:\\\/\\\/www.mpc.pr.gov.br\\\/wp-content\\\/uploads\\\/2020\\\/06\\\/99423647_1593460364143890_6706793420720963584_n-1-e1591387983167.png\",\"contentUrl\":\"https:\\\/\\\/www.mpc.pr.gov.br\\\/wp-content\\\/uploads\\\/2020\\\/06\\\/99423647_1593460364143890_6706793420720963584_n-1-e1591387983167.png\",\"width\":243,\"height\":73,\"caption\":\"Minist\u00e9rio P\u00fablico de Contas do Estado do Paran\u00e1\"},\"image\":{\"@id\":\"https:\\\/\\\/www.mpc.pr.gov.br\\\/#\\\/schema\\\/logo\\\/image\\\/\"},\"sameAs\":[\"https:\\\/\\\/www.facebook.com\\\/mpc.pr\",\"https:\\\/\\\/www.instagram.com\\\/mpc.pr\\\/?hl=pt-br\",\"https:\\\/\\\/www.youtube.com\\\/channel\\\/UCHri5oEM8DV0ztX57E0sBSw\"]},{\"@type\":\"Person\",\"@id\":\"https:\\\/\\\/www.mpc.pr.gov.br\\\/#\\\/schema\\\/person\\\/4084fe5515d992ac9ee5ac0edc7c923e\",\"name\":\"Flavia Caroline Keretch\",\"image\":{\"@type\":\"ImageObject\",\"inLanguage\":\"pt-BR\",\"@id\":\"https:\\\/\\\/secure.gravatar.com\\\/avatar\\\/f8f5aa59ebe95b97c20ecbb029835e10689f6124045a5ceae40e2f18aa741998?s=96&d=mm&r=g\",\"url\":\"https:\\\/\\\/secure.gravatar.com\\\/avatar\\\/f8f5aa59ebe95b97c20ecbb029835e10689f6124045a5ceae40e2f18aa741998?s=96&d=mm&r=g\",\"contentUrl\":\"https:\\\/\\\/secure.gravatar.com\\\/avatar\\\/f8f5aa59ebe95b97c20ecbb029835e10689f6124045a5ceae40e2f18aa741998?s=96&d=mm&r=g\",\"caption\":\"Flavia Caroline Keretch\"}}]}<\/script>\n<!-- \/ Yoast SEO plugin. -->","yoast_head_json":{"title":"No dia 14, MPC-PR inicia s\u00e9rie de webinars do projeto de maturidade do controle interno com capacita\u00e7\u00e3o sobre LGPD - Minist\u00e9rio P\u00fablico de Contas do Estado do Paran\u00e1","robots":{"index":"index","follow":"follow","max-snippet":"max-snippet:-1","max-image-preview":"max-image-preview:large","max-video-preview":"max-video-preview:-1"},"canonical":"https:\/\/www.mpc.pr.gov.br\/index.php\/mpc-pr-inicia-serie-de-webinars-do-projeto-de-maturidade-do-controle-interno-com-capacitacao-sobre-lgpd\/","og_locale":"pt_BR","og_type":"article","og_title":"No dia 14, MPC-PR inicia s\u00e9rie de webinars do projeto de maturidade do controle interno com capacita\u00e7\u00e3o sobre LGPD - Minist\u00e9rio P\u00fablico de Contas do Estado do Paran\u00e1","og_description":"Primeiro encontro abordar\u00e1 a aplica\u00e7\u00e3o pr\u00e1tica da LGPD no cotidiano dos \u00f3rg\u00e3os p\u00fablicos e as orienta\u00e7\u00f5es da Autoridade Nacional de Prote\u00e7\u00e3o de Dados. O Minist\u00e9rio P\u00fablico de Contas do Paran\u00e1 (MPC-PR) realizar\u00e1, no dia 14 de setembro, das 14h \u00e0s 16h, o primeiro webinar de uma s\u00e9rie de capacita\u00e7\u00f5es voltadas ao fortalecimento da gest\u00e3o p\u00fablica [&hellip;]","og_url":"https:\/\/www.mpc.pr.gov.br\/index.php\/mpc-pr-inicia-serie-de-webinars-do-projeto-de-maturidade-do-controle-interno-com-capacitacao-sobre-lgpd\/","og_site_name":"Minist\u00e9rio P\u00fablico de Contas do Estado do Paran\u00e1","article_publisher":"https:\/\/www.facebook.com\/mpc.pr","article_published_time":"2026-09-04T19:14:20+00:00","article_modified_time":"2026-09-04T19:50:30+00:00","og_image":[{"width":560,"height":315,"url":"https:\/\/www.mpc.pr.gov.br\/wp-content\/uploads\/2026\/09\/Imagem-1o-webinar-Controle-Interno-02.png","type":"image\/png"}],"author":"Flavia Caroline Keretch","twitter_card":"summary_large_image","twitter_misc":{"Escrito por":"Flavia Caroline Keretch","Est. tempo de leitura":"3 minutos"},"schema":{"@context":"https:\/\/schema.org","@graph":[{"@type":"Article","@id":"https:\/\/www.mpc.pr.gov.br\/index.php\/mpc-pr-inicia-serie-de-webinars-do-projeto-de-maturidade-do-controle-interno-com-capacitacao-sobre-lgpd\/#article","isPartOf":{"@id":"https:\/\/www.mpc.pr.gov.br\/index.php\/mpc-pr-inicia-serie-de-webinars-do-projeto-de-maturidade-do-controle-interno-com-capacitacao-sobre-lgpd\/"},"author":{"name":"Flavia Caroline Keretch","@id":"https:\/\/www.mpc.pr.gov.br\/#\/schema\/person\/4084fe5515d992ac9ee5ac0edc7c923e"},"headline":"No dia 14, MPC-PR inicia s\u00e9rie de webinars do projeto de maturidade do controle interno com capacita\u00e7\u00e3o sobre LGPD","datePublished":"2026-09-04T19:14:20+00:00","dateModified":"2026-09-04T19:50:30+00:00","mainEntityOfPage":{"@id":"https:\/\/www.mpc.pr.gov.br\/index.php\/mpc-pr-inicia-serie-de-webinars-do-projeto-de-maturidade-do-controle-interno-com-capacitacao-sobre-lgpd\/"},"wordCount":623,"commentCount":0,"publisher":{"@id":"https:\/\/www.mpc.pr.gov.br\/#organization"},"image":{"@id":"https:\/\/www.mpc.pr.gov.br\/index.php\/mpc-pr-inicia-serie-de-webinars-do-projeto-de-maturidade-do-controle-interno-com-capacitacao-sobre-lgpd\/#primaryimage"},"thumbnailUrl":"https:\/\/www.mpc.pr.gov.br\/wp-content\/uploads\/2026\/09\/Imagem-1o-webinar-Controle-Interno-02.png","keywords":["LGPD","MPC-PR","webinar","Webin\u00e1rio"],"articleSection":["Destaques","Todas as not\u00edcias"],"inLanguage":"pt-BR","potentialAction":[{"@type":"CommentAction","name":"Comment","target":["https:\/\/www.mpc.pr.gov.br\/index.php\/mpc-pr-inicia-serie-de-webinars-do-projeto-de-maturidade-do-controle-interno-com-capacitacao-sobre-lgpd\/#respond"]}]},{"@type":"WebPage","@id":"https:\/\/www.mpc.pr.gov.br\/index.php\/mpc-pr-inicia-serie-de-webinars-do-projeto-de-maturidade-do-controle-interno-com-capacitacao-sobre-lgpd\/","url":"https:\/\/www.mpc.pr.gov.br\/index.php\/mpc-pr-inicia-serie-de-webinars-do-projeto-de-maturidade-do-controle-interno-com-capacitacao-sobre-lgpd\/","name":"No dia 14, MPC-PR inicia s\u00e9rie de webinars do projeto de maturidade do controle interno com capacita\u00e7\u00e3o sobre LGPD - Minist\u00e9rio P\u00fablico de Contas do Estado do Paran\u00e1","isPartOf":{"@id":"https:\/\/www.mpc.pr.gov.br\/#website"},"primaryImageOfPage":{"@id":"https:\/\/www.mpc.pr.gov.br\/index.php\/mpc-pr-inicia-serie-de-webinars-do-projeto-de-maturidade-do-controle-interno-com-capacitacao-sobre-lgpd\/#primaryimage"},"image":{"@id":"https:\/\/www.mpc.pr.gov.br\/index.php\/mpc-pr-inicia-serie-de-webinars-do-projeto-de-maturidade-do-controle-interno-com-capacitacao-sobre-lgpd\/#primaryimage"},"thumbnailUrl":"https:\/\/www.mpc.pr.gov.br\/wp-content\/uploads\/2026\/09\/Imagem-1o-webinar-Controle-Interno-02.png","datePublished":"2026-09-04T19:14:20+00:00","dateModified":"2026-09-04T19:50:30+00:00","breadcrumb":{"@id":"https:\/\/www.mpc.pr.gov.br\/index.php\/mpc-pr-inicia-serie-de-webinars-do-projeto-de-maturidade-do-controle-interno-com-capacitacao-sobre-lgpd\/#breadcrumb"},"inLanguage":"pt-BR","potentialAction":[{"@type":"ReadAction","target":["https:\/\/www.mpc.pr.gov.br\/index.php\/mpc-pr-inicia-serie-de-webinars-do-projeto-de-maturidade-do-controle-interno-com-capacitacao-sobre-lgpd\/"]}]},{"@type":"ImageObject","inLanguage":"pt-BR","@id":"https:\/\/www.mpc.pr.gov.br\/index.php\/mpc-pr-inicia-serie-de-webinars-do-projeto-de-maturidade-do-controle-interno-com-capacitacao-sobre-lgpd\/#primaryimage","url":"https:\/\/www.mpc.pr.gov.br\/wp-content\/uploads\/2026\/09\/Imagem-1o-webinar-Controle-Interno-02.png","contentUrl":"https:\/\/www.mpc.pr.gov.br\/wp-content\/uploads\/2026\/09\/Imagem-1o-webinar-Controle-Interno-02.png","width":560,"height":315},{"@type":"BreadcrumbList","@id":"https:\/\/www.mpc.pr.gov.br\/index.php\/mpc-pr-inicia-serie-de-webinars-do-projeto-de-maturidade-do-controle-interno-com-capacitacao-sobre-lgpd\/#breadcrumb","itemListElement":[{"@type":"ListItem","position":1,"name":"In\u00edcio","item":"https:\/\/www.mpc.pr.gov.br\/"},{"@type":"ListItem","position":2,"name":"No dia 14, MPC-PR inicia s\u00e9rie de webinars do projeto de maturidade do controle interno com capacita\u00e7\u00e3o sobre LGPD"}]},{"@type":"WebSite","@id":"https:\/\/www.mpc.pr.gov.br\/#website","url":"https:\/\/www.mpc.pr.gov.br\/","name":"Minist\u00e9rio P\u00fablico de Contas do Estado do Paran\u00e1","description":"","publisher":{"@id":"https:\/\/www.mpc.pr.gov.br\/#organization"},"potentialAction":[{"@type":"SearchAction","target":{"@type":"EntryPoint","urlTemplate":"https:\/\/www.mpc.pr.gov.br\/?s={search_term_string}"},"query-input":{"@type":"PropertyValueSpecification","valueRequired":true,"valueName":"search_term_string"}}],"inLanguage":"pt-BR"},{"@type":"Organization","@id":"https:\/\/www.mpc.pr.gov.br\/#organization","name":"Minist\u00e9rio P\u00fablico de Contas do Estado do Paran\u00e1","url":"https:\/\/www.mpc.pr.gov.br\/","logo":{"@type":"ImageObject","inLanguage":"pt-BR","@id":"https:\/\/www.mpc.pr.gov.br\/#\/schema\/logo\/image\/","url":"https:\/\/www.mpc.pr.gov.br\/wp-content\/uploads\/2020\/06\/99423647_1593460364143890_6706793420720963584_n-1-e1591387983167.png","contentUrl":"https:\/\/www.mpc.pr.gov.br\/wp-content\/uploads\/2020\/06\/99423647_1593460364143890_6706793420720963584_n-1-e1591387983167.png","width":243,"height":73,"caption":"Minist\u00e9rio P\u00fablico de Contas do Estado do Paran\u00e1"},"image":{"@id":"https:\/\/www.mpc.pr.gov.br\/#\/schema\/logo\/image\/"},"sameAs":["https:\/\/www.facebook.com\/mpc.pr","https:\/\/www.instagram.com\/mpc.pr\/?hl=pt-br","https:\/\/www.youtube.com\/channel\/UCHri5oEM8DV0ztX57E0sBSw"]},{"@type":"Person","@id":"https:\/\/www.mpc.pr.gov.br\/#\/schema\/person\/4084fe5515d992ac9ee5ac0edc7c923e","name":"Flavia Caroline Keretch","image":{"@type":"ImageObject","inLanguage":"pt-BR","@id":"https:\/\/secure.gravatar.com\/avatar\/f8f5aa59ebe95b97c20ecbb029835e10689f6124045a5ceae40e2f18aa741998?s=96&d=mm&r=g","url":"https:\/\/secure.gravatar.com\/avatar\/f8f5aa59ebe95b97c20ecbb029835e10689f6124045a5ceae40e2f18aa741998?s=96&d=mm&r=g","contentUrl":"https:\/\/secure.gravatar.com\/avatar\/f8f5aa59ebe95b97c20ecbb029835e10689f6124045a5ceae40e2f18aa741998?s=96&d=mm&r=g","caption":"Flavia Caroline Keretch"}}]}},"rttpg_featured_image_url":{"full":["https:\/\/www.mpc.pr.gov.br\/wp-content\/uploads\/2026\/09\/Imagem-1o-webinar-Controle-Interno-02.png",560,315,false],"landscape":["https:\/\/www.mpc.pr.gov.br\/wp-content\/uploads\/2026\/09\/Imagem-1o-webinar-Controle-Interno-02.png",560,315,false],"portraits":["https:\/\/www.mpc.pr.gov.br\/wp-content\/uploads\/2026\/09\/Imagem-1o-webinar-Controle-Interno-02.png",560,315,false],"thumbnail":["https:\/\/www.mpc.pr.gov.br\/wp-content\/uploads\/2026\/09\/Imagem-1o-webinar-Controle-Interno-02-150x150.png",150,150,true],"medium":["https:\/\/www.mpc.pr.gov.br\/wp-content\/uploads\/2026\/09\/Imagem-1o-webinar-Controle-Interno-02-300x169.png",300,169,true],"large":["https:\/\/www.mpc.pr.gov.br\/wp-content\/uploads\/2026\/09\/Imagem-1o-webinar-Controle-Interno-02.png",560,315,false],"1536x1536":["https:\/\/www.mpc.pr.gov.br\/wp-content\/uploads\/2026\/09\/Imagem-1o-webinar-Controle-Interno-02.png",560,315,false],"2048x2048":["https:\/\/www.mpc.pr.gov.br\/wp-content\/uploads\/2026\/09\/Imagem-1o-webinar-Controle-Interno-02.png",560,315,false],"ocean-thumb-m":["https:\/\/www.mpc.pr.gov.br\/wp-content\/uploads\/2026\/09\/Imagem-1o-webinar-Controle-Interno-02.png",560,315,false],"ocean-thumb-ml":["https:\/\/www.mpc.pr.gov.br\/wp-content\/uploads\/2026\/09\/Imagem-1o-webinar-Controle-Interno-02.png",560,315,false],"ocean-thumb-l":["https:\/\/www.mpc.pr.gov.br\/wp-content\/uploads\/2026\/09\/Imagem-1o-webinar-Controle-Interno-02.png",560,315,false]},"rttpg_author":{"display_name":"Flavia Caroline Keretch","author_link":"https:\/\/www.mpc.pr.gov.br\/index.php\/author\/flavia-caroline-keretch\/"},"rttpg_comment":0,"rttpg_category":"<a href=\"https:\/\/www.mpc.pr.gov.br\/index.php\/category\/destaques\/\" rel=\"category tag\">Destaques<\/a> <a href=\"https:\/\/www.mpc.pr.gov.br\/index.php\/category\/todas-as-noticias\/\" rel=\"category tag\">Todas as not\u00edcias<\/a>","rttpg_excerpt":"Primeiro encontro abordar\u00e1 a aplica\u00e7\u00e3o pr\u00e1tica da LGPD no cotidiano dos \u00f3rg\u00e3os p\u00fablicos e as orienta\u00e7\u00f5es da Autoridade Nacional de Prote\u00e7\u00e3o de Dados. O Minist\u00e9rio P\u00fablico de Contas do Paran\u00e1 (MPC-PR) realizar\u00e1, no dia 14 de setembro, das 14h \u00e0s 16h, o primeiro webinar de uma s\u00e9rie de capacita\u00e7\u00f5es voltadas ao fortalecimento da gest\u00e3o p\u00fablica&hellip;","_links":{"self":[{"href":"https:\/\/www.mpc.pr.gov.br\/index.php\/wp-json\/wp\/v2\/posts\/26564","targetHints":{"allow":["GET"]}}],"collection":[{"href":"https:\/\/www.mpc.pr.gov.br\/index.php\/wp-json\/wp\/v2\/posts"}],"about":[{"href":"https:\/\/www.mpc.pr.gov.br\/index.php\/wp-json\/wp\/v2\/types\/post"}],"author":[{"embeddable":true,"href":"https:\/\/www.mpc.pr.gov.br\/index.php\/wp-json\/wp\/v2\/users\/13"}],"replies":[{"embeddable":true,"href":"https:\/\/www.mpc.pr.gov.br\/index.php\/wp-json\/wp\/v2\/comments?post=26564"}],"version-history":[{"count":4,"href":"https:\/\/www.mpc.pr.gov.br\/index.php\/wp-json\/wp\/v2\/posts\/26564\/revisions"}],"predecessor-version":[{"id":26571,"href":"https:\/\/www.mpc.pr.gov.br\/index.php\/wp-json\/wp\/v2\/posts\/26564\/revisions\/26571"}],"wp:featuredmedia":[{"embeddable":true,"href":"https:\/\/www.mpc.pr.gov.br\/index.php\/wp-json\/wp\/v2\/media\/26570"}],"wp:attachment":[{"href":"https:\/\/www.mpc.pr.gov.br\/index.php\/wp-json\/wp\/v2\/media?parent=26564"}],"wp:term":[{"taxonomy":"category","embeddable":true,"href":"https:\/\/www.mpc.pr.gov.br\/index.php\/wp-json\/wp\/v2\/categories?post=26564"},{"taxonomy":"post_tag","embeddable":true,"href":"https:\/\/www.mpc.pr.gov.br\/index.php\/wp-json\/wp\/v2\/tags?post=26564"}],"curies":[{"name":"wp","href":"https:\/\/api.w.org\/{rel}","templated":true}]}}