{"id":2897,"date":"2013-12-06T14:28:22","date_gmt":"2013-12-06T14:28:22","guid":{"rendered":"http:\/\/www.mpc.pr.gov.br\/?p=2897"},"modified":"2013-12-06T14:28:22","modified_gmt":"2013-12-06T14:28:22","slug":"procurador-pede-a-suspensao-do-13-o-dos-vereadores","status":"publish","type":"post","link":"https:\/\/www.mpc.pr.gov.br\/index.php\/procurador-pede-a-suspensao-do-13-o-dos-vereadores\/","title":{"rendered":"Minist\u00e9rio P\u00fablico de Contas pede a suspens\u00e3o do 13.\u00ba dos vereadores"},"content":{"rendered":"<p style=\"text-align: justify;\">O procurador do Minist\u00e9rio P\u00fablico de Contas do Paran\u00e1, Gabriel Guy L\u00e9ger,\u00a0entrou com medida cautelar para que seja suspenso o pagamento do 13.\u00ba sal\u00e1rio aos vereadores da C\u00e2mara de Curitiba. O pedido foi protocolado na segunda-feira e encaminhado \u00e0 presid\u00eancia do Tribunal de Contas do Estado. At\u00e9 o momento, n\u00e3o houve decis\u00e3o.<\/p>\n<p style=\"text-align: justify;\">O respons\u00e1vel por decidir sobre o pedido de suspens\u00e3o do pagamento \u00e9 o conselheiro Ivan Bonilha, que \u00e9 o relator do caso. Por ser uma medida cautelar, \u00e9 poss\u00edvel que ele conceda a liminar para suspender o pagamento mesmo fora das sess\u00f5es do tribunal. Segundo a assessoria de imprensa do TCE, Bonilha est\u00e1 em viagem e ainda n\u00e3o recebeu o processo. Ele retorna hoje a Curitiba.<\/p>\n<p style=\"text-align: justify;\">Apesar de uma determina\u00e7\u00e3o do TCE que considera o pagamento irregular, o 13.\u00ba come\u00e7aria a ser pago aos vereadores pela primeira vez neste fim de ano. A cria\u00e7\u00e3o do sal\u00e1rio extra foi aprovada pela C\u00e2mara em 2011, mas s\u00f3 come\u00e7aria a valer agora, no primeiro ano da nova legislatura.<\/p>\n<p style=\"text-align: justify;\">Contudo, no entendimento do TCE, agentes pol\u00edticos n\u00e3o poderiam receber benef\u00edcios como o 13.\u00ba e abono de f\u00e9rias. Os vereadores argumentam que outros ocupantes de cargos eletivos \u2013 como deputados, secret\u00e1rios e senadores \u2013 recebem a remunera\u00e7\u00e3o extra de fim de ano.<\/p>\n<p style=\"text-align: justify;\">O 13.\u00ba sal\u00e1rio dos vereadores \u00e9 estipulado com base na remunera\u00e7\u00e3o de dezembro \u2013 R$ 10,2 mil a vereadores e R$ 13,2 mil ao presidente da C\u00e2mara. No total, s\u00f3 o pagamento do benef\u00edcio vai custar R$ 392,3 mil por ano aos cofres p\u00fablicos, considerando os vencimentos dos 38 vereadores.<\/p>\n<p style=\"text-align: justify;\">Fonte: Gazeta do Povo<\/p>\n","protected":false},"excerpt":{"rendered":"<p>O procurador do Minist\u00e9rio P\u00fablico de Contas do Paran\u00e1, Gabriel Guy L\u00e9ger,\u00a0entrou com medida cautelar para que seja suspenso o pagamento do 13.\u00ba sal\u00e1rio aos vereadores da C\u00e2mara de Curitiba. O pedido foi protocolado na segunda-feira e encaminhado \u00e0 presid\u00eancia do Tribunal de Contas do Estado. At\u00e9 o momento, n\u00e3o houve decis\u00e3o. O respons\u00e1vel por [&hellip;]<\/p>\n","protected":false},"author":2,"featured_media":2908,"comment_status":"open","ping_status":"open","sticky":false,"template":"","format":"standard","meta":{"_monsterinsights_skip_tracking":false,"_monsterinsights_sitenote_active":false,"_monsterinsights_sitenote_note":"","_monsterinsights_sitenote_category":0,"footnotes":""},"categories":[7,14],"tags":[],"class_list":["post-2897","post","type-post","status-publish","format-standard","has-post-thumbnail","hentry","category-todas-as-noticias","category-ultimas-noticias","entry","has-media"],"yoast_head":"<!-- This site is optimized with the Yoast SEO plugin v27.3 - https:\/\/yoast.com\/product\/yoast-seo-wordpress\/ -->\n<title>Minist\u00e9rio P\u00fablico de Contas pede a suspens\u00e3o do 13.\u00ba dos vereadores - Minist\u00e9rio P\u00fablico de Contas do Estado do Paran\u00e1<\/title>\n<meta name=\"robots\" content=\"index, follow, max-snippet:-1, max-image-preview:large, max-video-preview:-1\" \/>\n<link rel=\"canonical\" href=\"https:\/\/www.mpc.pr.gov.br\/index.php\/procurador-pede-a-suspensao-do-13-o-dos-vereadores\/\" \/>\n<meta property=\"og:locale\" content=\"pt_BR\" \/>\n<meta property=\"og:type\" content=\"article\" \/>\n<meta property=\"og:title\" content=\"Minist\u00e9rio P\u00fablico de Contas pede a suspens\u00e3o do 13.\u00ba dos vereadores - Minist\u00e9rio P\u00fablico de Contas do Estado do Paran\u00e1\" \/>\n<meta property=\"og:description\" content=\"O procurador do Minist\u00e9rio P\u00fablico de Contas do Paran\u00e1, Gabriel Guy L\u00e9ger,\u00a0entrou com medida cautelar para que seja suspenso o pagamento do 13.\u00ba sal\u00e1rio aos vereadores da C\u00e2mara de Curitiba. O pedido foi protocolado na segunda-feira e encaminhado \u00e0 presid\u00eancia do Tribunal de Contas do Estado. At\u00e9 o momento, n\u00e3o houve decis\u00e3o. O respons\u00e1vel por [&hellip;]\" \/>\n<meta property=\"og:url\" content=\"https:\/\/www.mpc.pr.gov.br\/index.php\/procurador-pede-a-suspensao-do-13-o-dos-vereadores\/\" \/>\n<meta property=\"og:site_name\" content=\"Minist\u00e9rio P\u00fablico de Contas do Estado do Paran\u00e1\" \/>\n<meta property=\"article:publisher\" content=\"https:\/\/www.facebook.com\/mpc.pr\" \/>\n<meta property=\"article:published_time\" content=\"2013-12-06T14:28:22+00:00\" \/>\n<meta name=\"author\" content=\"saulo.pivetta\" \/>\n<meta name=\"twitter:card\" content=\"summary_large_image\" \/>\n<meta name=\"twitter:label1\" content=\"Escrito por\" \/>\n\t<meta name=\"twitter:data1\" content=\"saulo.pivetta\" \/>\n\t<meta name=\"twitter:label2\" content=\"Est. tempo de leitura\" \/>\n\t<meta name=\"twitter:data2\" content=\"1 minuto\" \/>\n<script type=\"application\/ld+json\" class=\"yoast-schema-graph\">{\"@context\":\"https:\\\/\\\/schema.org\",\"@graph\":[{\"@type\":\"Article\",\"@id\":\"https:\\\/\\\/www.mpc.pr.gov.br\\\/index.php\\\/procurador-pede-a-suspensao-do-13-o-dos-vereadores\\\/#article\",\"isPartOf\":{\"@id\":\"https:\\\/\\\/www.mpc.pr.gov.br\\\/index.php\\\/procurador-pede-a-suspensao-do-13-o-dos-vereadores\\\/\"},\"author\":{\"name\":\"saulo.pivetta\",\"@id\":\"https:\\\/\\\/www.mpc.pr.gov.br\\\/#\\\/schema\\\/person\\\/9403b33fe345ff50fefc7930f6994ba1\"},\"headline\":\"Minist\u00e9rio P\u00fablico de Contas pede a suspens\u00e3o do 13.\u00ba dos vereadores\",\"datePublished\":\"2013-12-06T14:28:22+00:00\",\"mainEntityOfPage\":{\"@id\":\"https:\\\/\\\/www.mpc.pr.gov.br\\\/index.php\\\/procurador-pede-a-suspensao-do-13-o-dos-vereadores\\\/\"},\"wordCount\":290,\"commentCount\":0,\"publisher\":{\"@id\":\"https:\\\/\\\/www.mpc.pr.gov.br\\\/#organization\"},\"image\":{\"@id\":\"https:\\\/\\\/www.mpc.pr.gov.br\\\/index.php\\\/procurador-pede-a-suspensao-do-13-o-dos-vereadores\\\/#primaryimage\"},\"thumbnailUrl\":\"\",\"articleSection\":[\"Todas as not\u00edcias\",\"\u00daltimas not\u00edcias\"],\"inLanguage\":\"pt-BR\",\"potentialAction\":[{\"@type\":\"CommentAction\",\"name\":\"Comment\",\"target\":[\"https:\\\/\\\/www.mpc.pr.gov.br\\\/index.php\\\/procurador-pede-a-suspensao-do-13-o-dos-vereadores\\\/#respond\"]}]},{\"@type\":\"WebPage\",\"@id\":\"https:\\\/\\\/www.mpc.pr.gov.br\\\/index.php\\\/procurador-pede-a-suspensao-do-13-o-dos-vereadores\\\/\",\"url\":\"https:\\\/\\\/www.mpc.pr.gov.br\\\/index.php\\\/procurador-pede-a-suspensao-do-13-o-dos-vereadores\\\/\",\"name\":\"Minist\u00e9rio P\u00fablico de Contas pede a suspens\u00e3o do 13.\u00ba dos vereadores - Minist\u00e9rio P\u00fablico de Contas do Estado do Paran\u00e1\",\"isPartOf\":{\"@id\":\"https:\\\/\\\/www.mpc.pr.gov.br\\\/#website\"},\"primaryImageOfPage\":{\"@id\":\"https:\\\/\\\/www.mpc.pr.gov.br\\\/index.php\\\/procurador-pede-a-suspensao-do-13-o-dos-vereadores\\\/#primaryimage\"},\"image\":{\"@id\":\"https:\\\/\\\/www.mpc.pr.gov.br\\\/index.php\\\/procurador-pede-a-suspensao-do-13-o-dos-vereadores\\\/#primaryimage\"},\"thumbnailUrl\":\"\",\"datePublished\":\"2013-12-06T14:28:22+00:00\",\"breadcrumb\":{\"@id\":\"https:\\\/\\\/www.mpc.pr.gov.br\\\/index.php\\\/procurador-pede-a-suspensao-do-13-o-dos-vereadores\\\/#breadcrumb\"},\"inLanguage\":\"pt-BR\",\"potentialAction\":[{\"@type\":\"ReadAction\",\"target\":[\"https:\\\/\\\/www.mpc.pr.gov.br\\\/index.php\\\/procurador-pede-a-suspensao-do-13-o-dos-vereadores\\\/\"]}]},{\"@type\":\"ImageObject\",\"inLanguage\":\"pt-BR\",\"@id\":\"https:\\\/\\\/www.mpc.pr.gov.br\\\/index.php\\\/procurador-pede-a-suspensao-do-13-o-dos-vereadores\\\/#primaryimage\",\"url\":\"\",\"contentUrl\":\"\"},{\"@type\":\"BreadcrumbList\",\"@id\":\"https:\\\/\\\/www.mpc.pr.gov.br\\\/index.php\\\/procurador-pede-a-suspensao-do-13-o-dos-vereadores\\\/#breadcrumb\",\"itemListElement\":[{\"@type\":\"ListItem\",\"position\":1,\"name\":\"In\u00edcio\",\"item\":\"https:\\\/\\\/www.mpc.pr.gov.br\\\/\"},{\"@type\":\"ListItem\",\"position\":2,\"name\":\"Minist\u00e9rio P\u00fablico de Contas pede a suspens\u00e3o do 13.\u00ba dos vereadores\"}]},{\"@type\":\"WebSite\",\"@id\":\"https:\\\/\\\/www.mpc.pr.gov.br\\\/#website\",\"url\":\"https:\\\/\\\/www.mpc.pr.gov.br\\\/\",\"name\":\"Minist\u00e9rio P\u00fablico de Contas do Estado do Paran\u00e1\",\"description\":\"\",\"publisher\":{\"@id\":\"https:\\\/\\\/www.mpc.pr.gov.br\\\/#organization\"},\"potentialAction\":[{\"@type\":\"SearchAction\",\"target\":{\"@type\":\"EntryPoint\",\"urlTemplate\":\"https:\\\/\\\/www.mpc.pr.gov.br\\\/?s={search_term_string}\"},\"query-input\":{\"@type\":\"PropertyValueSpecification\",\"valueRequired\":true,\"valueName\":\"search_term_string\"}}],\"inLanguage\":\"pt-BR\"},{\"@type\":\"Organization\",\"@id\":\"https:\\\/\\\/www.mpc.pr.gov.br\\\/#organization\",\"name\":\"Minist\u00e9rio P\u00fablico de Contas do Estado do Paran\u00e1\",\"url\":\"https:\\\/\\\/www.mpc.pr.gov.br\\\/\",\"logo\":{\"@type\":\"ImageObject\",\"inLanguage\":\"pt-BR\",\"@id\":\"https:\\\/\\\/www.mpc.pr.gov.br\\\/#\\\/schema\\\/logo\\\/image\\\/\",\"url\":\"https:\\\/\\\/www.mpc.pr.gov.br\\\/wp-content\\\/uploads\\\/2020\\\/06\\\/99423647_1593460364143890_6706793420720963584_n-1-e1591387983167.png\",\"contentUrl\":\"https:\\\/\\\/www.mpc.pr.gov.br\\\/wp-content\\\/uploads\\\/2020\\\/06\\\/99423647_1593460364143890_6706793420720963584_n-1-e1591387983167.png\",\"width\":243,\"height\":73,\"caption\":\"Minist\u00e9rio P\u00fablico de Contas do Estado do Paran\u00e1\"},\"image\":{\"@id\":\"https:\\\/\\\/www.mpc.pr.gov.br\\\/#\\\/schema\\\/logo\\\/image\\\/\"},\"sameAs\":[\"https:\\\/\\\/www.facebook.com\\\/mpc.pr\",\"https:\\\/\\\/www.instagram.com\\\/mpc.pr\\\/?hl=pt-br\",\"https:\\\/\\\/www.youtube.com\\\/channel\\\/UCHri5oEM8DV0ztX57E0sBSw\"]},{\"@type\":\"Person\",\"@id\":\"https:\\\/\\\/www.mpc.pr.gov.br\\\/#\\\/schema\\\/person\\\/9403b33fe345ff50fefc7930f6994ba1\",\"name\":\"saulo.pivetta\",\"image\":{\"@type\":\"ImageObject\",\"inLanguage\":\"pt-BR\",\"@id\":\"https:\\\/\\\/secure.gravatar.com\\\/avatar\\\/?s=96&d=mm&r=g\",\"url\":\"https:\\\/\\\/secure.gravatar.com\\\/avatar\\\/?s=96&d=mm&r=g\",\"contentUrl\":\"https:\\\/\\\/secure.gravatar.com\\\/avatar\\\/?s=96&d=mm&r=g\",\"caption\":\"saulo.pivetta\"}}]}<\/script>\n<!-- \/ Yoast SEO plugin. -->","yoast_head_json":{"title":"Minist\u00e9rio P\u00fablico de Contas pede a suspens\u00e3o do 13.\u00ba dos vereadores - Minist\u00e9rio P\u00fablico de Contas do Estado do Paran\u00e1","robots":{"index":"index","follow":"follow","max-snippet":"max-snippet:-1","max-image-preview":"max-image-preview:large","max-video-preview":"max-video-preview:-1"},"canonical":"https:\/\/www.mpc.pr.gov.br\/index.php\/procurador-pede-a-suspensao-do-13-o-dos-vereadores\/","og_locale":"pt_BR","og_type":"article","og_title":"Minist\u00e9rio P\u00fablico de Contas pede a suspens\u00e3o do 13.\u00ba dos vereadores - Minist\u00e9rio P\u00fablico de Contas do Estado do Paran\u00e1","og_description":"O procurador do Minist\u00e9rio P\u00fablico de Contas do Paran\u00e1, Gabriel Guy L\u00e9ger,\u00a0entrou com medida cautelar para que seja suspenso o pagamento do 13.\u00ba sal\u00e1rio aos vereadores da C\u00e2mara de Curitiba. O pedido foi protocolado na segunda-feira e encaminhado \u00e0 presid\u00eancia do Tribunal de Contas do Estado. At\u00e9 o momento, n\u00e3o houve decis\u00e3o. O respons\u00e1vel por [&hellip;]","og_url":"https:\/\/www.mpc.pr.gov.br\/index.php\/procurador-pede-a-suspensao-do-13-o-dos-vereadores\/","og_site_name":"Minist\u00e9rio P\u00fablico de Contas do Estado do Paran\u00e1","article_publisher":"https:\/\/www.facebook.com\/mpc.pr","article_published_time":"2013-12-06T14:28:22+00:00","author":"saulo.pivetta","twitter_card":"summary_large_image","twitter_misc":{"Escrito por":"saulo.pivetta","Est. tempo de leitura":"1 minuto"},"schema":{"@context":"https:\/\/schema.org","@graph":[{"@type":"Article","@id":"https:\/\/www.mpc.pr.gov.br\/index.php\/procurador-pede-a-suspensao-do-13-o-dos-vereadores\/#article","isPartOf":{"@id":"https:\/\/www.mpc.pr.gov.br\/index.php\/procurador-pede-a-suspensao-do-13-o-dos-vereadores\/"},"author":{"name":"saulo.pivetta","@id":"https:\/\/www.mpc.pr.gov.br\/#\/schema\/person\/9403b33fe345ff50fefc7930f6994ba1"},"headline":"Minist\u00e9rio P\u00fablico de Contas pede a suspens\u00e3o do 13.\u00ba dos vereadores","datePublished":"2013-12-06T14:28:22+00:00","mainEntityOfPage":{"@id":"https:\/\/www.mpc.pr.gov.br\/index.php\/procurador-pede-a-suspensao-do-13-o-dos-vereadores\/"},"wordCount":290,"commentCount":0,"publisher":{"@id":"https:\/\/www.mpc.pr.gov.br\/#organization"},"image":{"@id":"https:\/\/www.mpc.pr.gov.br\/index.php\/procurador-pede-a-suspensao-do-13-o-dos-vereadores\/#primaryimage"},"thumbnailUrl":"","articleSection":["Todas as not\u00edcias","\u00daltimas not\u00edcias"],"inLanguage":"pt-BR","potentialAction":[{"@type":"CommentAction","name":"Comment","target":["https:\/\/www.mpc.pr.gov.br\/index.php\/procurador-pede-a-suspensao-do-13-o-dos-vereadores\/#respond"]}]},{"@type":"WebPage","@id":"https:\/\/www.mpc.pr.gov.br\/index.php\/procurador-pede-a-suspensao-do-13-o-dos-vereadores\/","url":"https:\/\/www.mpc.pr.gov.br\/index.php\/procurador-pede-a-suspensao-do-13-o-dos-vereadores\/","name":"Minist\u00e9rio P\u00fablico de Contas pede a suspens\u00e3o do 13.\u00ba dos vereadores - Minist\u00e9rio P\u00fablico de Contas do Estado do Paran\u00e1","isPartOf":{"@id":"https:\/\/www.mpc.pr.gov.br\/#website"},"primaryImageOfPage":{"@id":"https:\/\/www.mpc.pr.gov.br\/index.php\/procurador-pede-a-suspensao-do-13-o-dos-vereadores\/#primaryimage"},"image":{"@id":"https:\/\/www.mpc.pr.gov.br\/index.php\/procurador-pede-a-suspensao-do-13-o-dos-vereadores\/#primaryimage"},"thumbnailUrl":"","datePublished":"2013-12-06T14:28:22+00:00","breadcrumb":{"@id":"https:\/\/www.mpc.pr.gov.br\/index.php\/procurador-pede-a-suspensao-do-13-o-dos-vereadores\/#breadcrumb"},"inLanguage":"pt-BR","potentialAction":[{"@type":"ReadAction","target":["https:\/\/www.mpc.pr.gov.br\/index.php\/procurador-pede-a-suspensao-do-13-o-dos-vereadores\/"]}]},{"@type":"ImageObject","inLanguage":"pt-BR","@id":"https:\/\/www.mpc.pr.gov.br\/index.php\/procurador-pede-a-suspensao-do-13-o-dos-vereadores\/#primaryimage","url":"","contentUrl":""},{"@type":"BreadcrumbList","@id":"https:\/\/www.mpc.pr.gov.br\/index.php\/procurador-pede-a-suspensao-do-13-o-dos-vereadores\/#breadcrumb","itemListElement":[{"@type":"ListItem","position":1,"name":"In\u00edcio","item":"https:\/\/www.mpc.pr.gov.br\/"},{"@type":"ListItem","position":2,"name":"Minist\u00e9rio P\u00fablico de Contas pede a suspens\u00e3o do 13.\u00ba dos vereadores"}]},{"@type":"WebSite","@id":"https:\/\/www.mpc.pr.gov.br\/#website","url":"https:\/\/www.mpc.pr.gov.br\/","name":"Minist\u00e9rio P\u00fablico de Contas do Estado do Paran\u00e1","description":"","publisher":{"@id":"https:\/\/www.mpc.pr.gov.br\/#organization"},"potentialAction":[{"@type":"SearchAction","target":{"@type":"EntryPoint","urlTemplate":"https:\/\/www.mpc.pr.gov.br\/?s={search_term_string}"},"query-input":{"@type":"PropertyValueSpecification","valueRequired":true,"valueName":"search_term_string"}}],"inLanguage":"pt-BR"},{"@type":"Organization","@id":"https:\/\/www.mpc.pr.gov.br\/#organization","name":"Minist\u00e9rio P\u00fablico de Contas do Estado do Paran\u00e1","url":"https:\/\/www.mpc.pr.gov.br\/","logo":{"@type":"ImageObject","inLanguage":"pt-BR","@id":"https:\/\/www.mpc.pr.gov.br\/#\/schema\/logo\/image\/","url":"https:\/\/www.mpc.pr.gov.br\/wp-content\/uploads\/2020\/06\/99423647_1593460364143890_6706793420720963584_n-1-e1591387983167.png","contentUrl":"https:\/\/www.mpc.pr.gov.br\/wp-content\/uploads\/2020\/06\/99423647_1593460364143890_6706793420720963584_n-1-e1591387983167.png","width":243,"height":73,"caption":"Minist\u00e9rio P\u00fablico de Contas do Estado do Paran\u00e1"},"image":{"@id":"https:\/\/www.mpc.pr.gov.br\/#\/schema\/logo\/image\/"},"sameAs":["https:\/\/www.facebook.com\/mpc.pr","https:\/\/www.instagram.com\/mpc.pr\/?hl=pt-br","https:\/\/www.youtube.com\/channel\/UCHri5oEM8DV0ztX57E0sBSw"]},{"@type":"Person","@id":"https:\/\/www.mpc.pr.gov.br\/#\/schema\/person\/9403b33fe345ff50fefc7930f6994ba1","name":"saulo.pivetta","image":{"@type":"ImageObject","inLanguage":"pt-BR","@id":"https:\/\/secure.gravatar.com\/avatar\/?s=96&d=mm&r=g","url":"https:\/\/secure.gravatar.com\/avatar\/?s=96&d=mm&r=g","contentUrl":"https:\/\/secure.gravatar.com\/avatar\/?s=96&d=mm&r=g","caption":"saulo.pivetta"}}]}},"rttpg_featured_image_url":null,"rttpg_author":{"display_name":"saulo.pivetta","author_link":"https:\/\/www.mpc.pr.gov.br\/index.php\/author\/saulo-pivetta\/"},"rttpg_comment":0,"rttpg_category":"<a href=\"https:\/\/www.mpc.pr.gov.br\/index.php\/category\/todas-as-noticias\/\" rel=\"category tag\">Todas as not\u00edcias<\/a> <a href=\"https:\/\/www.mpc.pr.gov.br\/index.php\/category\/ultimas-noticias\/\" rel=\"category tag\">\u00daltimas not\u00edcias<\/a>","rttpg_excerpt":"O procurador do Minist\u00e9rio P\u00fablico de Contas do Paran\u00e1, Gabriel Guy L\u00e9ger,\u00a0entrou com medida cautelar para que seja suspenso o pagamento do 13.\u00ba sal\u00e1rio aos vereadores da C\u00e2mara de Curitiba. O pedido foi protocolado na segunda-feira e encaminhado \u00e0 presid\u00eancia do Tribunal de Contas do Estado. At\u00e9 o momento, n\u00e3o houve decis\u00e3o. O respons\u00e1vel por&hellip;","_links":{"self":[{"href":"https:\/\/www.mpc.pr.gov.br\/index.php\/wp-json\/wp\/v2\/posts\/2897","targetHints":{"allow":["GET"]}}],"collection":[{"href":"https:\/\/www.mpc.pr.gov.br\/index.php\/wp-json\/wp\/v2\/posts"}],"about":[{"href":"https:\/\/www.mpc.pr.gov.br\/index.php\/wp-json\/wp\/v2\/types\/post"}],"author":[{"embeddable":true,"href":"https:\/\/www.mpc.pr.gov.br\/index.php\/wp-json\/wp\/v2\/users\/2"}],"replies":[{"embeddable":true,"href":"https:\/\/www.mpc.pr.gov.br\/index.php\/wp-json\/wp\/v2\/comments?post=2897"}],"version-history":[{"count":0,"href":"https:\/\/www.mpc.pr.gov.br\/index.php\/wp-json\/wp\/v2\/posts\/2897\/revisions"}],"wp:featuredmedia":[{"embeddable":true,"href":"https:\/\/www.mpc.pr.gov.br\/index.php\/wp-json\/"}],"wp:attachment":[{"href":"https:\/\/www.mpc.pr.gov.br\/index.php\/wp-json\/wp\/v2\/media?parent=2897"}],"wp:term":[{"taxonomy":"category","embeddable":true,"href":"https:\/\/www.mpc.pr.gov.br\/index.php\/wp-json\/wp\/v2\/categories?post=2897"},{"taxonomy":"post_tag","embeddable":true,"href":"https:\/\/www.mpc.pr.gov.br\/index.php\/wp-json\/wp\/v2\/tags?post=2897"}],"curies":[{"name":"wp","href":"https:\/\/api.w.org\/{rel}","templated":true}]}}