{"id":3172,"date":"2013-11-13T04:24:36","date_gmt":"2013-11-13T04:24:36","guid":{"rendered":"http:\/\/www.mpc.pr.gov.br\/?p=3172"},"modified":"2013-11-13T04:24:36","modified_gmt":"2013-11-13T04:24:36","slug":"com-apoio-da-associacao-nacional-do-ministerio-publico-ampcon-sera-realizado-pela-primeira-vez-no-parana-o-premio-gestor-publico","status":"publish","type":"post","link":"https:\/\/www.mpc.pr.gov.br\/index.php\/com-apoio-da-associacao-nacional-do-ministerio-publico-ampcon-sera-realizado-pela-primeira-vez-no-parana-o-premio-gestor-publico\/","title":{"rendered":"Com apoio da Associa\u00e7\u00e3o Nacional do Minist\u00e9rio P\u00fablico (AMPCON), ser\u00e1 realizado pela primeira vez no Paran\u00e1 o Pr\u00eamio Gestor P\u00fablico."},"content":{"rendered":"<div id=\"id_53d1dbdea86ee2933421276\">Com apoio da Associa\u00e7\u00e3o Nacional do Minist\u00e9rio P\u00fablico (AMPCON), ser\u00e1 realizado pela primeira vez no Paran\u00e1 o Pr\u00eamio Gestor P\u00fablico.<\/div>\n<div>\nA comiss\u00e3o julgadora da comenda,\u00a0 organizada pelo SINDAFEP (Sindicato dos Auditores Fiscais da Receita do Estado), reuniu-se nesta segunda-feira, 11, para definir os vencedores do concurso que ser\u00e3o anunciados, em sess\u00e3o solene da Assembl\u00e9ia Legislativa do Estado, &#8230;no pr\u00f3ximo dia 03 de dezembro.<\/div>\n<div>\nRepresentando a AMPCON, o Procurador Michael Reiner, designado pelo Presidente Diogo Ringenberg para compor o comit\u00ea de julgamento, destacou que o evento tem por objetivo premiar boas pr\u00e1ticas de governo desenvolvidas por gestores municipais, divulgando-as para que outros munic\u00edpios repliquem estas a\u00e7\u00f5es em sua realidade e para que tamb\u00e9m se sintam motivados a participar, com a apresenta\u00e7\u00e3o de projetos inovadores e criativos, em prol de toda a sociedade.<br \/>\nEste ano, a \u00e1rea de destaque foi a da educa\u00e7\u00e3o.<\/div>\n<div>\nPara saber mais: <a href=\"http:\/\/l.facebook.com\/l.php?u=http%3A%2F%2Fwww.pgp-pr.org.br%2F&amp;h=5AQF5H0Qa&amp;enc=AZO-yxSO8Qud8IAkAvFZrKt1xrNpi-N-VF8m2Xs9rUv4v5CnVLJi44ZYnN7AwIAlk5nPo19dk2JBNkQFNYdMC8BYObu3UK5yuyjgnT5t-Uc5BEr85ux-O4gFoMfi7x-qqSsJuaL5KEc-sEN0XkDmo4yT&amp;s=1\" target=\"_blank\" rel=\"nofollow noopener noreferrer\">http:\/\/www.pgp-pr.org.br\/<\/a><\/div>\n<div><\/div>\n","protected":false},"excerpt":{"rendered":"<p>Com apoio da Associa\u00e7\u00e3o Nacional do Minist\u00e9rio P\u00fablico (AMPCON), ser\u00e1 realizado pela primeira vez no Paran\u00e1 o Pr\u00eamio Gestor P\u00fablico. A comiss\u00e3o julgadora da comenda,\u00a0 organizada pelo SINDAFEP (Sindicato dos Auditores Fiscais da Receita do Estado), reuniu-se nesta segunda-feira, 11, para definir os vencedores do concurso que ser\u00e3o anunciados, em sess\u00e3o solene da Assembl\u00e9ia Legislativa [&hellip;]<\/p>\n","protected":false},"author":3,"featured_media":0,"comment_status":"open","ping_status":"open","sticky":false,"template":"","format":"standard","meta":{"_monsterinsights_skip_tracking":false,"_monsterinsights_sitenote_active":false,"_monsterinsights_sitenote_note":"","_monsterinsights_sitenote_category":0,"footnotes":""},"categories":[15,7],"tags":[],"class_list":["post-3172","post","type-post","status-publish","format-standard","hentry","category-noticias-de-interesse","category-todas-as-noticias","entry"],"yoast_head":"<!-- This site is optimized with the Yoast SEO plugin v27.3 - https:\/\/yoast.com\/product\/yoast-seo-wordpress\/ -->\n<title>Com apoio da Associa\u00e7\u00e3o Nacional do Minist\u00e9rio P\u00fablico (AMPCON), ser\u00e1 realizado pela primeira vez no Paran\u00e1 o Pr\u00eamio Gestor P\u00fablico. - Minist\u00e9rio P\u00fablico de Contas do Estado do Paran\u00e1<\/title>\n<meta name=\"robots\" content=\"index, follow, max-snippet:-1, max-image-preview:large, max-video-preview:-1\" \/>\n<link rel=\"canonical\" href=\"https:\/\/www.mpc.pr.gov.br\/index.php\/com-apoio-da-associacao-nacional-do-ministerio-publico-ampcon-sera-realizado-pela-primeira-vez-no-parana-o-premio-gestor-publico\/\" \/>\n<meta property=\"og:locale\" content=\"pt_BR\" \/>\n<meta property=\"og:type\" content=\"article\" \/>\n<meta property=\"og:title\" content=\"Com apoio da Associa\u00e7\u00e3o Nacional do Minist\u00e9rio P\u00fablico (AMPCON), ser\u00e1 realizado pela primeira vez no Paran\u00e1 o Pr\u00eamio Gestor P\u00fablico. - Minist\u00e9rio P\u00fablico de Contas do Estado do Paran\u00e1\" \/>\n<meta property=\"og:description\" content=\"Com apoio da Associa\u00e7\u00e3o Nacional do Minist\u00e9rio P\u00fablico (AMPCON), ser\u00e1 realizado pela primeira vez no Paran\u00e1 o Pr\u00eamio Gestor P\u00fablico. A comiss\u00e3o julgadora da comenda,\u00a0 organizada pelo SINDAFEP (Sindicato dos Auditores Fiscais da Receita do Estado), reuniu-se nesta segunda-feira, 11, para definir os vencedores do concurso que ser\u00e3o anunciados, em sess\u00e3o solene da Assembl\u00e9ia Legislativa [&hellip;]\" \/>\n<meta property=\"og:url\" content=\"https:\/\/www.mpc.pr.gov.br\/index.php\/com-apoio-da-associacao-nacional-do-ministerio-publico-ampcon-sera-realizado-pela-primeira-vez-no-parana-o-premio-gestor-publico\/\" \/>\n<meta property=\"og:site_name\" content=\"Minist\u00e9rio P\u00fablico de Contas do Estado do Paran\u00e1\" \/>\n<meta property=\"article:publisher\" content=\"https:\/\/www.facebook.com\/mpc.pr\" \/>\n<meta property=\"article:published_time\" content=\"2013-11-13T04:24:36+00:00\" \/>\n<meta name=\"author\" content=\"michael.reiner\" \/>\n<meta name=\"twitter:card\" content=\"summary_large_image\" \/>\n<meta name=\"twitter:label1\" content=\"Escrito por\" \/>\n\t<meta name=\"twitter:data1\" content=\"michael.reiner\" \/>\n\t<meta name=\"twitter:label2\" content=\"Est. tempo de leitura\" \/>\n\t<meta name=\"twitter:data2\" content=\"1 minuto\" \/>\n<script type=\"application\/ld+json\" class=\"yoast-schema-graph\">{\"@context\":\"https:\\\/\\\/schema.org\",\"@graph\":[{\"@type\":\"Article\",\"@id\":\"https:\\\/\\\/www.mpc.pr.gov.br\\\/index.php\\\/com-apoio-da-associacao-nacional-do-ministerio-publico-ampcon-sera-realizado-pela-primeira-vez-no-parana-o-premio-gestor-publico\\\/#article\",\"isPartOf\":{\"@id\":\"https:\\\/\\\/www.mpc.pr.gov.br\\\/index.php\\\/com-apoio-da-associacao-nacional-do-ministerio-publico-ampcon-sera-realizado-pela-primeira-vez-no-parana-o-premio-gestor-publico\\\/\"},\"author\":{\"name\":\"michael.reiner\",\"@id\":\"https:\\\/\\\/www.mpc.pr.gov.br\\\/#\\\/schema\\\/person\\\/e6db2baa689b9b3b9e704ac0d26f7d3e\"},\"headline\":\"Com apoio da Associa\u00e7\u00e3o Nacional do Minist\u00e9rio P\u00fablico (AMPCON), ser\u00e1 realizado pela primeira vez no Paran\u00e1 o Pr\u00eamio Gestor P\u00fablico.\",\"datePublished\":\"2013-11-13T04:24:36+00:00\",\"mainEntityOfPage\":{\"@id\":\"https:\\\/\\\/www.mpc.pr.gov.br\\\/index.php\\\/com-apoio-da-associacao-nacional-do-ministerio-publico-ampcon-sera-realizado-pela-primeira-vez-no-parana-o-premio-gestor-publico\\\/\"},\"wordCount\":188,\"commentCount\":0,\"publisher\":{\"@id\":\"https:\\\/\\\/www.mpc.pr.gov.br\\\/#organization\"},\"articleSection\":[\"Not\u00edcias de Interesse\",\"Todas as not\u00edcias\"],\"inLanguage\":\"pt-BR\",\"potentialAction\":[{\"@type\":\"CommentAction\",\"name\":\"Comment\",\"target\":[\"https:\\\/\\\/www.mpc.pr.gov.br\\\/index.php\\\/com-apoio-da-associacao-nacional-do-ministerio-publico-ampcon-sera-realizado-pela-primeira-vez-no-parana-o-premio-gestor-publico\\\/#respond\"]}]},{\"@type\":\"WebPage\",\"@id\":\"https:\\\/\\\/www.mpc.pr.gov.br\\\/index.php\\\/com-apoio-da-associacao-nacional-do-ministerio-publico-ampcon-sera-realizado-pela-primeira-vez-no-parana-o-premio-gestor-publico\\\/\",\"url\":\"https:\\\/\\\/www.mpc.pr.gov.br\\\/index.php\\\/com-apoio-da-associacao-nacional-do-ministerio-publico-ampcon-sera-realizado-pela-primeira-vez-no-parana-o-premio-gestor-publico\\\/\",\"name\":\"Com apoio da Associa\u00e7\u00e3o Nacional do Minist\u00e9rio P\u00fablico (AMPCON), ser\u00e1 realizado pela primeira vez no Paran\u00e1 o Pr\u00eamio Gestor P\u00fablico. - Minist\u00e9rio P\u00fablico de Contas do Estado do Paran\u00e1\",\"isPartOf\":{\"@id\":\"https:\\\/\\\/www.mpc.pr.gov.br\\\/#website\"},\"datePublished\":\"2013-11-13T04:24:36+00:00\",\"breadcrumb\":{\"@id\":\"https:\\\/\\\/www.mpc.pr.gov.br\\\/index.php\\\/com-apoio-da-associacao-nacional-do-ministerio-publico-ampcon-sera-realizado-pela-primeira-vez-no-parana-o-premio-gestor-publico\\\/#breadcrumb\"},\"inLanguage\":\"pt-BR\",\"potentialAction\":[{\"@type\":\"ReadAction\",\"target\":[\"https:\\\/\\\/www.mpc.pr.gov.br\\\/index.php\\\/com-apoio-da-associacao-nacional-do-ministerio-publico-ampcon-sera-realizado-pela-primeira-vez-no-parana-o-premio-gestor-publico\\\/\"]}]},{\"@type\":\"BreadcrumbList\",\"@id\":\"https:\\\/\\\/www.mpc.pr.gov.br\\\/index.php\\\/com-apoio-da-associacao-nacional-do-ministerio-publico-ampcon-sera-realizado-pela-primeira-vez-no-parana-o-premio-gestor-publico\\\/#breadcrumb\",\"itemListElement\":[{\"@type\":\"ListItem\",\"position\":1,\"name\":\"In\u00edcio\",\"item\":\"https:\\\/\\\/www.mpc.pr.gov.br\\\/\"},{\"@type\":\"ListItem\",\"position\":2,\"name\":\"Com apoio da Associa\u00e7\u00e3o Nacional do Minist\u00e9rio P\u00fablico (AMPCON), ser\u00e1 realizado pela primeira vez no Paran\u00e1 o Pr\u00eamio Gestor P\u00fablico.\"}]},{\"@type\":\"WebSite\",\"@id\":\"https:\\\/\\\/www.mpc.pr.gov.br\\\/#website\",\"url\":\"https:\\\/\\\/www.mpc.pr.gov.br\\\/\",\"name\":\"Minist\u00e9rio P\u00fablico de Contas do Estado do Paran\u00e1\",\"description\":\"\",\"publisher\":{\"@id\":\"https:\\\/\\\/www.mpc.pr.gov.br\\\/#organization\"},\"potentialAction\":[{\"@type\":\"SearchAction\",\"target\":{\"@type\":\"EntryPoint\",\"urlTemplate\":\"https:\\\/\\\/www.mpc.pr.gov.br\\\/?s={search_term_string}\"},\"query-input\":{\"@type\":\"PropertyValueSpecification\",\"valueRequired\":true,\"valueName\":\"search_term_string\"}}],\"inLanguage\":\"pt-BR\"},{\"@type\":\"Organization\",\"@id\":\"https:\\\/\\\/www.mpc.pr.gov.br\\\/#organization\",\"name\":\"Minist\u00e9rio P\u00fablico de Contas do Estado do Paran\u00e1\",\"url\":\"https:\\\/\\\/www.mpc.pr.gov.br\\\/\",\"logo\":{\"@type\":\"ImageObject\",\"inLanguage\":\"pt-BR\",\"@id\":\"https:\\\/\\\/www.mpc.pr.gov.br\\\/#\\\/schema\\\/logo\\\/image\\\/\",\"url\":\"https:\\\/\\\/www.mpc.pr.gov.br\\\/wp-content\\\/uploads\\\/2020\\\/06\\\/99423647_1593460364143890_6706793420720963584_n-1-e1591387983167.png\",\"contentUrl\":\"https:\\\/\\\/www.mpc.pr.gov.br\\\/wp-content\\\/uploads\\\/2020\\\/06\\\/99423647_1593460364143890_6706793420720963584_n-1-e1591387983167.png\",\"width\":243,\"height\":73,\"caption\":\"Minist\u00e9rio P\u00fablico de Contas do Estado do Paran\u00e1\"},\"image\":{\"@id\":\"https:\\\/\\\/www.mpc.pr.gov.br\\\/#\\\/schema\\\/logo\\\/image\\\/\"},\"sameAs\":[\"https:\\\/\\\/www.facebook.com\\\/mpc.pr\",\"https:\\\/\\\/www.instagram.com\\\/mpc.pr\\\/?hl=pt-br\",\"https:\\\/\\\/www.youtube.com\\\/channel\\\/UCHri5oEM8DV0ztX57E0sBSw\"]},{\"@type\":\"Person\",\"@id\":\"https:\\\/\\\/www.mpc.pr.gov.br\\\/#\\\/schema\\\/person\\\/e6db2baa689b9b3b9e704ac0d26f7d3e\",\"name\":\"michael.reiner\",\"image\":{\"@type\":\"ImageObject\",\"inLanguage\":\"pt-BR\",\"@id\":\"https:\\\/\\\/secure.gravatar.com\\\/avatar\\\/?s=96&d=mm&r=g\",\"url\":\"https:\\\/\\\/secure.gravatar.com\\\/avatar\\\/?s=96&d=mm&r=g\",\"contentUrl\":\"https:\\\/\\\/secure.gravatar.com\\\/avatar\\\/?s=96&d=mm&r=g\",\"caption\":\"michael.reiner\"}}]}<\/script>\n<!-- \/ Yoast SEO plugin. -->","yoast_head_json":{"title":"Com apoio da Associa\u00e7\u00e3o Nacional do Minist\u00e9rio P\u00fablico (AMPCON), ser\u00e1 realizado pela primeira vez no Paran\u00e1 o Pr\u00eamio Gestor P\u00fablico. - Minist\u00e9rio P\u00fablico de Contas do Estado do Paran\u00e1","robots":{"index":"index","follow":"follow","max-snippet":"max-snippet:-1","max-image-preview":"max-image-preview:large","max-video-preview":"max-video-preview:-1"},"canonical":"https:\/\/www.mpc.pr.gov.br\/index.php\/com-apoio-da-associacao-nacional-do-ministerio-publico-ampcon-sera-realizado-pela-primeira-vez-no-parana-o-premio-gestor-publico\/","og_locale":"pt_BR","og_type":"article","og_title":"Com apoio da Associa\u00e7\u00e3o Nacional do Minist\u00e9rio P\u00fablico (AMPCON), ser\u00e1 realizado pela primeira vez no Paran\u00e1 o Pr\u00eamio Gestor P\u00fablico. - Minist\u00e9rio P\u00fablico de Contas do Estado do Paran\u00e1","og_description":"Com apoio da Associa\u00e7\u00e3o Nacional do Minist\u00e9rio P\u00fablico (AMPCON), ser\u00e1 realizado pela primeira vez no Paran\u00e1 o Pr\u00eamio Gestor P\u00fablico. A comiss\u00e3o julgadora da comenda,\u00a0 organizada pelo SINDAFEP (Sindicato dos Auditores Fiscais da Receita do Estado), reuniu-se nesta segunda-feira, 11, para definir os vencedores do concurso que ser\u00e3o anunciados, em sess\u00e3o solene da Assembl\u00e9ia Legislativa [&hellip;]","og_url":"https:\/\/www.mpc.pr.gov.br\/index.php\/com-apoio-da-associacao-nacional-do-ministerio-publico-ampcon-sera-realizado-pela-primeira-vez-no-parana-o-premio-gestor-publico\/","og_site_name":"Minist\u00e9rio P\u00fablico de Contas do Estado do Paran\u00e1","article_publisher":"https:\/\/www.facebook.com\/mpc.pr","article_published_time":"2013-11-13T04:24:36+00:00","author":"michael.reiner","twitter_card":"summary_large_image","twitter_misc":{"Escrito por":"michael.reiner","Est. tempo de leitura":"1 minuto"},"schema":{"@context":"https:\/\/schema.org","@graph":[{"@type":"Article","@id":"https:\/\/www.mpc.pr.gov.br\/index.php\/com-apoio-da-associacao-nacional-do-ministerio-publico-ampcon-sera-realizado-pela-primeira-vez-no-parana-o-premio-gestor-publico\/#article","isPartOf":{"@id":"https:\/\/www.mpc.pr.gov.br\/index.php\/com-apoio-da-associacao-nacional-do-ministerio-publico-ampcon-sera-realizado-pela-primeira-vez-no-parana-o-premio-gestor-publico\/"},"author":{"name":"michael.reiner","@id":"https:\/\/www.mpc.pr.gov.br\/#\/schema\/person\/e6db2baa689b9b3b9e704ac0d26f7d3e"},"headline":"Com apoio da Associa\u00e7\u00e3o Nacional do Minist\u00e9rio P\u00fablico (AMPCON), ser\u00e1 realizado pela primeira vez no Paran\u00e1 o Pr\u00eamio Gestor P\u00fablico.","datePublished":"2013-11-13T04:24:36+00:00","mainEntityOfPage":{"@id":"https:\/\/www.mpc.pr.gov.br\/index.php\/com-apoio-da-associacao-nacional-do-ministerio-publico-ampcon-sera-realizado-pela-primeira-vez-no-parana-o-premio-gestor-publico\/"},"wordCount":188,"commentCount":0,"publisher":{"@id":"https:\/\/www.mpc.pr.gov.br\/#organization"},"articleSection":["Not\u00edcias de Interesse","Todas as not\u00edcias"],"inLanguage":"pt-BR","potentialAction":[{"@type":"CommentAction","name":"Comment","target":["https:\/\/www.mpc.pr.gov.br\/index.php\/com-apoio-da-associacao-nacional-do-ministerio-publico-ampcon-sera-realizado-pela-primeira-vez-no-parana-o-premio-gestor-publico\/#respond"]}]},{"@type":"WebPage","@id":"https:\/\/www.mpc.pr.gov.br\/index.php\/com-apoio-da-associacao-nacional-do-ministerio-publico-ampcon-sera-realizado-pela-primeira-vez-no-parana-o-premio-gestor-publico\/","url":"https:\/\/www.mpc.pr.gov.br\/index.php\/com-apoio-da-associacao-nacional-do-ministerio-publico-ampcon-sera-realizado-pela-primeira-vez-no-parana-o-premio-gestor-publico\/","name":"Com apoio da Associa\u00e7\u00e3o Nacional do Minist\u00e9rio P\u00fablico (AMPCON), ser\u00e1 realizado pela primeira vez no Paran\u00e1 o Pr\u00eamio Gestor P\u00fablico. - Minist\u00e9rio P\u00fablico de Contas do Estado do Paran\u00e1","isPartOf":{"@id":"https:\/\/www.mpc.pr.gov.br\/#website"},"datePublished":"2013-11-13T04:24:36+00:00","breadcrumb":{"@id":"https:\/\/www.mpc.pr.gov.br\/index.php\/com-apoio-da-associacao-nacional-do-ministerio-publico-ampcon-sera-realizado-pela-primeira-vez-no-parana-o-premio-gestor-publico\/#breadcrumb"},"inLanguage":"pt-BR","potentialAction":[{"@type":"ReadAction","target":["https:\/\/www.mpc.pr.gov.br\/index.php\/com-apoio-da-associacao-nacional-do-ministerio-publico-ampcon-sera-realizado-pela-primeira-vez-no-parana-o-premio-gestor-publico\/"]}]},{"@type":"BreadcrumbList","@id":"https:\/\/www.mpc.pr.gov.br\/index.php\/com-apoio-da-associacao-nacional-do-ministerio-publico-ampcon-sera-realizado-pela-primeira-vez-no-parana-o-premio-gestor-publico\/#breadcrumb","itemListElement":[{"@type":"ListItem","position":1,"name":"In\u00edcio","item":"https:\/\/www.mpc.pr.gov.br\/"},{"@type":"ListItem","position":2,"name":"Com apoio da Associa\u00e7\u00e3o Nacional do Minist\u00e9rio P\u00fablico (AMPCON), ser\u00e1 realizado pela primeira vez no Paran\u00e1 o Pr\u00eamio Gestor P\u00fablico."}]},{"@type":"WebSite","@id":"https:\/\/www.mpc.pr.gov.br\/#website","url":"https:\/\/www.mpc.pr.gov.br\/","name":"Minist\u00e9rio P\u00fablico de Contas do Estado do Paran\u00e1","description":"","publisher":{"@id":"https:\/\/www.mpc.pr.gov.br\/#organization"},"potentialAction":[{"@type":"SearchAction","target":{"@type":"EntryPoint","urlTemplate":"https:\/\/www.mpc.pr.gov.br\/?s={search_term_string}"},"query-input":{"@type":"PropertyValueSpecification","valueRequired":true,"valueName":"search_term_string"}}],"inLanguage":"pt-BR"},{"@type":"Organization","@id":"https:\/\/www.mpc.pr.gov.br\/#organization","name":"Minist\u00e9rio P\u00fablico de Contas do Estado do Paran\u00e1","url":"https:\/\/www.mpc.pr.gov.br\/","logo":{"@type":"ImageObject","inLanguage":"pt-BR","@id":"https:\/\/www.mpc.pr.gov.br\/#\/schema\/logo\/image\/","url":"https:\/\/www.mpc.pr.gov.br\/wp-content\/uploads\/2020\/06\/99423647_1593460364143890_6706793420720963584_n-1-e1591387983167.png","contentUrl":"https:\/\/www.mpc.pr.gov.br\/wp-content\/uploads\/2020\/06\/99423647_1593460364143890_6706793420720963584_n-1-e1591387983167.png","width":243,"height":73,"caption":"Minist\u00e9rio P\u00fablico de Contas do Estado do Paran\u00e1"},"image":{"@id":"https:\/\/www.mpc.pr.gov.br\/#\/schema\/logo\/image\/"},"sameAs":["https:\/\/www.facebook.com\/mpc.pr","https:\/\/www.instagram.com\/mpc.pr\/?hl=pt-br","https:\/\/www.youtube.com\/channel\/UCHri5oEM8DV0ztX57E0sBSw"]},{"@type":"Person","@id":"https:\/\/www.mpc.pr.gov.br\/#\/schema\/person\/e6db2baa689b9b3b9e704ac0d26f7d3e","name":"michael.reiner","image":{"@type":"ImageObject","inLanguage":"pt-BR","@id":"https:\/\/secure.gravatar.com\/avatar\/?s=96&d=mm&r=g","url":"https:\/\/secure.gravatar.com\/avatar\/?s=96&d=mm&r=g","contentUrl":"https:\/\/secure.gravatar.com\/avatar\/?s=96&d=mm&r=g","caption":"michael.reiner"}}]}},"rttpg_featured_image_url":null,"rttpg_author":{"display_name":"michael.reiner","author_link":"https:\/\/www.mpc.pr.gov.br\/index.php\/author\/michael-reiner\/"},"rttpg_comment":0,"rttpg_category":"<a href=\"https:\/\/www.mpc.pr.gov.br\/index.php\/category\/noticias-de-interesse\/\" rel=\"category tag\">Not\u00edcias de Interesse<\/a> <a href=\"https:\/\/www.mpc.pr.gov.br\/index.php\/category\/todas-as-noticias\/\" rel=\"category tag\">Todas as not\u00edcias<\/a>","rttpg_excerpt":"Com apoio da Associa\u00e7\u00e3o Nacional do Minist\u00e9rio P\u00fablico (AMPCON), ser\u00e1 realizado pela primeira vez no Paran\u00e1 o Pr\u00eamio Gestor P\u00fablico. A comiss\u00e3o julgadora da comenda,\u00a0 organizada pelo SINDAFEP (Sindicato dos Auditores Fiscais da Receita do Estado), reuniu-se nesta segunda-feira, 11, para definir os vencedores do concurso que ser\u00e3o anunciados, em sess\u00e3o solene da Assembl\u00e9ia Legislativa&hellip;","_links":{"self":[{"href":"https:\/\/www.mpc.pr.gov.br\/index.php\/wp-json\/wp\/v2\/posts\/3172","targetHints":{"allow":["GET"]}}],"collection":[{"href":"https:\/\/www.mpc.pr.gov.br\/index.php\/wp-json\/wp\/v2\/posts"}],"about":[{"href":"https:\/\/www.mpc.pr.gov.br\/index.php\/wp-json\/wp\/v2\/types\/post"}],"author":[{"embeddable":true,"href":"https:\/\/www.mpc.pr.gov.br\/index.php\/wp-json\/wp\/v2\/users\/3"}],"replies":[{"embeddable":true,"href":"https:\/\/www.mpc.pr.gov.br\/index.php\/wp-json\/wp\/v2\/comments?post=3172"}],"version-history":[{"count":0,"href":"https:\/\/www.mpc.pr.gov.br\/index.php\/wp-json\/wp\/v2\/posts\/3172\/revisions"}],"wp:attachment":[{"href":"https:\/\/www.mpc.pr.gov.br\/index.php\/wp-json\/wp\/v2\/media?parent=3172"}],"wp:term":[{"taxonomy":"category","embeddable":true,"href":"https:\/\/www.mpc.pr.gov.br\/index.php\/wp-json\/wp\/v2\/categories?post=3172"},{"taxonomy":"post_tag","embeddable":true,"href":"https:\/\/www.mpc.pr.gov.br\/index.php\/wp-json\/wp\/v2\/tags?post=3172"}],"curies":[{"name":"wp","href":"https:\/\/api.w.org\/{rel}","templated":true}]}}