{"id":3356,"date":"2014-08-15T19:14:39","date_gmt":"2014-08-15T19:14:39","guid":{"rendered":"http:\/\/www.mpc.pr.gov.br\/?p=3356"},"modified":"2014-08-15T19:14:39","modified_gmt":"2014-08-15T19:14:39","slug":"representacao-do-ministerio-publico-de-contas-gera-a-anulacao-de-concurso-publico-em-iracema-do-oeste","status":"publish","type":"post","link":"https:\/\/www.mpc.pr.gov.br\/index.php\/representacao-do-ministerio-publico-de-contas-gera-a-anulacao-de-concurso-publico-em-iracema-do-oeste\/","title":{"rendered":"Representa\u00e7\u00e3o do Minist\u00e9rio P\u00fablico de Contas gera a anula\u00e7\u00e3o de concurso p\u00fablico em Iracema do Oeste"},"content":{"rendered":"<p style=\"text-align: justify;\">Representa\u00e7\u00e3o do Minist\u00e9rio P\u00fablico de Contas gera a anula\u00e7\u00e3o de concurso p\u00fablico em Iracema do Oeste.<\/p>\n<p style=\"text-align: justify;\">No prazo de 30 dias, a Prefeitura de Iracema do Oeste dever\u00e1 anular concurso p\u00fablico julgado irregular, por prever sal\u00e1rios de fun\u00e7\u00f5es de n\u00edvel superior em valores abaixo do mercado. A decis\u00e3o, tomada na sess\u00e3o de 31 de julho do Pleno do Tribunal de Contas do Estado do Paran\u00e1 (TCE-PR), confirma determina\u00e7\u00e3o anterior da Corregedoria-Geral da corte, que em 2013, quando o certame havia sido lan\u00e7ado, determinou sua suspens\u00e3o por medida cautelar.<\/p>\n<p style=\"text-align: justify;\">A decis\u00e3o atende Representa\u00e7\u00e3o do Minist\u00e9rio P\u00fablico de Contas (MPC), que apontou irregularidades em rela\u00e7\u00e3o aos sal\u00e1rios previstos no edital do Concurso P\u00fablico 001\/2013. A diferen\u00e7a entre os vencimentos dos cargos que exigiam ensino fundamental (como operador de p\u00e1 carregadeira) e curso superior (advogado, assistente social, engenheiro civil, farmac\u00eautico, fonoaudi\u00f3logo, m\u00e9dico e nutricionista) era de apenas R$ 270,36.<\/p>\n<p style=\"text-align: justify;\">No primeiro caso, o sal\u00e1rio alcan\u00e7ava R$ 1.560,72 e, nos demais, R$ 1.831,08. Na Representa\u00e7\u00e3o do MPC, o procurador Gabriel Guy L\u00e9ger apontou que a estipula\u00e7\u00e3o de sal\u00e1rios abaixo dos valores de mercado e dos pisos das respectivas categorias para os cargos de n\u00edvel superior viola a Constitui\u00e7\u00e3o Federal e a Constitui\u00e7\u00e3o Estadual, com o risco de o concurso n\u00e3o obter inscritos.<\/p>\n<p style=\"text-align: justify;\">Segundo o MPC, essa irregularidade ocultava a inten\u00e7\u00e3o da Prefeitura de manter &#8211; pela ocorr\u00eancia de concurso infrut\u00edfero &#8211; a terceiriza\u00e7\u00e3o ilegal de servi\u00e7os p\u00fablicos que vinha praticando. No ano de 2012, a administra\u00e7\u00e3o municipal manteve contrato de servi\u00e7os m\u00e9dicos com quatro empresas, com pagamentos mensais de R$ 3,1 mil a R$ 9,6 mil. Al\u00e9m disso, o s\u00f3cio de uma dessas empresas era o \u00fanico m\u00e9dico ocupante de cargo efetivo na prefeitura, o que contraria a Lei de Licita\u00e7\u00f5es (Lei 8.666\/93).<\/p>\n<p style=\"text-align: justify;\">Para prestar assessoria jur\u00eddica e cont\u00e1bil, o Munic\u00edpio pagava cerca de R$ 4,5 mil mensais a uma empresa. O pagamento por servi\u00e7os terceirizados em valor superior \u00e0 remunera\u00e7\u00e3o de servidor efetivo contraria o Prejulgado n\u00ba 6 do TCE-PR.<\/p>\n<p style=\"text-align: justify;\"><b>Multas<\/b><\/p>\n<p style=\"text-align: justify;\">A decis\u00e3o do Pleno do TCE pela anula\u00e7\u00e3o do concurso foi embasada na instru\u00e7\u00e3o da Diretoria de Controle de Atos de Pessoal (Dicap) e em parecer do MPC, autor da Representa\u00e7\u00e3o. O Tribunal aplicou cinco multas ao ex-prefeito Le\u00f4nidas Neubern Rodrigues Neto (gest\u00e3o 2009-2012), que totalizam R$ 7.254,90. Quatro das multas t\u00eam como causa a contrata\u00e7\u00e3o de tr\u00eas cl\u00ednicas m\u00e9dicas e a empresa de servi\u00e7os cont\u00e1beis e jur\u00eddicos &#8211; o que configurou terceiriza\u00e7\u00e3o ilegal de servi\u00e7os p\u00fablicos.<\/p>\n<p style=\"text-align: justify;\">O motivo da quinta multa foi a contrata\u00e7\u00e3o da cl\u00ednica que tinha como s\u00f3cio o m\u00e9dico servidor municipal. Essa multa, no valor de R$ 1.450,98, tamb\u00e9m foi aplicada ao atual prefeito de Iracema do Oeste, Donizete Lemos (2013-2016), que manteve a irregularidade na sua gest\u00e3o. As multas est\u00e3o previstas na Lei Org\u00e2nica do TCE (Lei Complementar Estadual 113\/2005).<\/p>\n<p style=\"text-align: justify;\">O Tribunal tamb\u00e9m determinou que, no prazo de 90 dias, o atual gestor adote medidas para equiparar as remunera\u00e7\u00f5es dos cargos do quadro de pessoal do Munic\u00edpio \u00e0s normas constitucionais. E, na sequ\u00eancia, abra novo concurso p\u00fablico. Outra determina\u00e7\u00e3o do \u00f3rg\u00e3o fiscalizador \u00e9 a ado\u00e7\u00e3o de medidas para encerrar a terceiriza\u00e7\u00e3o de servi\u00e7os m\u00e9dicos, cont\u00e1beis e jur\u00eddicos.<\/p>\n<p style=\"text-align: justify;\">C\u00f3pia dos autos ser\u00e1 encaminhada ao Minist\u00e9rio P\u00fablico Estadual, para a apura\u00e7\u00e3o de eventual pr\u00e1tica do crime de improbidade administrativa. Os gestores de Iracema do Oeste podem recorrer da decis\u00e3o, ap\u00f3s a publica\u00e7\u00e3o do ac\u00f3rd\u00e3o no Di\u00e1rio Eletr\u00f4nico do TCE. <b> Processo<\/b>: n\u00ba 486896\/13<\/p>\n<p style=\"text-align: justify;\"><b>Ac\u00f3rd\u00e3o<\/b>: n\u00ba 4433\/14 &#8211; Tribunal Pleno<\/p>\n<p style=\"text-align: justify;\"><b>Assunto<\/b>: Representa\u00e7\u00e3o do Minist\u00e9rio P\u00fablico de Contas do Paran\u00e1.<\/p>\n<p style=\"text-align: justify;\"><b>Entidade<\/b>: Munic\u00edpio de Iracema do Oeste <b>Interessados<\/b>: Donizete Lemos, Le\u00f4nidas Neubern Rodrigues Neto e Minist\u00e9rio P\u00fablico de Contas<\/p>\n<p style=\"text-align: justify;\"><b>Relator<\/b>: Conselheiro corregedor-geral Ivan Lelis Bonilha<\/p>\n<p style=\"text-align: justify;\">Fonte: TCE\/PR<\/p>\n","protected":false},"excerpt":{"rendered":"<p>Representa\u00e7\u00e3o do Minist\u00e9rio P\u00fablico de Contas gera a anula\u00e7\u00e3o de concurso p\u00fablico em Iracema do Oeste. No prazo de 30 dias, a Prefeitura de Iracema do Oeste dever\u00e1 anular concurso p\u00fablico julgado irregular, por prever sal\u00e1rios de fun\u00e7\u00f5es de n\u00edvel superior em valores abaixo do mercado. A decis\u00e3o, tomada na sess\u00e3o de 31 de julho [&hellip;]<\/p>\n","protected":false},"author":3,"featured_media":3362,"comment_status":"open","ping_status":"open","sticky":false,"template":"","format":"standard","meta":{"_monsterinsights_skip_tracking":false,"_monsterinsights_sitenote_active":false,"_monsterinsights_sitenote_note":"","_monsterinsights_sitenote_category":0,"footnotes":""},"categories":[15,7],"tags":[],"class_list":["post-3356","post","type-post","status-publish","format-standard","has-post-thumbnail","hentry","category-noticias-de-interesse","category-todas-as-noticias","entry","has-media"],"yoast_head":"<!-- This site is optimized with the Yoast SEO plugin v27.3 - https:\/\/yoast.com\/product\/yoast-seo-wordpress\/ -->\n<title>Representa\u00e7\u00e3o do Minist\u00e9rio P\u00fablico de Contas gera a anula\u00e7\u00e3o de concurso p\u00fablico em Iracema do Oeste - Minist\u00e9rio P\u00fablico de Contas do Estado do Paran\u00e1<\/title>\n<meta name=\"robots\" content=\"index, follow, max-snippet:-1, max-image-preview:large, max-video-preview:-1\" \/>\n<link rel=\"canonical\" href=\"https:\/\/www.mpc.pr.gov.br\/index.php\/representacao-do-ministerio-publico-de-contas-gera-a-anulacao-de-concurso-publico-em-iracema-do-oeste\/\" \/>\n<meta property=\"og:locale\" content=\"pt_BR\" \/>\n<meta property=\"og:type\" content=\"article\" \/>\n<meta property=\"og:title\" content=\"Representa\u00e7\u00e3o do Minist\u00e9rio P\u00fablico de Contas gera a anula\u00e7\u00e3o de concurso p\u00fablico em Iracema do Oeste - Minist\u00e9rio P\u00fablico de Contas do Estado do Paran\u00e1\" \/>\n<meta property=\"og:description\" content=\"Representa\u00e7\u00e3o do Minist\u00e9rio P\u00fablico de Contas gera a anula\u00e7\u00e3o de concurso p\u00fablico em Iracema do Oeste. No prazo de 30 dias, a Prefeitura de Iracema do Oeste dever\u00e1 anular concurso p\u00fablico julgado irregular, por prever sal\u00e1rios de fun\u00e7\u00f5es de n\u00edvel superior em valores abaixo do mercado. A decis\u00e3o, tomada na sess\u00e3o de 31 de julho [&hellip;]\" \/>\n<meta property=\"og:url\" content=\"https:\/\/www.mpc.pr.gov.br\/index.php\/representacao-do-ministerio-publico-de-contas-gera-a-anulacao-de-concurso-publico-em-iracema-do-oeste\/\" \/>\n<meta property=\"og:site_name\" content=\"Minist\u00e9rio P\u00fablico de Contas do Estado do Paran\u00e1\" \/>\n<meta property=\"article:publisher\" content=\"https:\/\/www.facebook.com\/mpc.pr\" \/>\n<meta property=\"article:published_time\" content=\"2014-08-15T19:14:39+00:00\" \/>\n<meta name=\"author\" content=\"michael.reiner\" \/>\n<meta name=\"twitter:card\" content=\"summary_large_image\" \/>\n<meta name=\"twitter:label1\" content=\"Escrito por\" \/>\n\t<meta name=\"twitter:data1\" content=\"michael.reiner\" \/>\n\t<meta name=\"twitter:label2\" content=\"Est. tempo de leitura\" \/>\n\t<meta name=\"twitter:data2\" content=\"3 minutos\" \/>\n<script type=\"application\/ld+json\" class=\"yoast-schema-graph\">{\"@context\":\"https:\\\/\\\/schema.org\",\"@graph\":[{\"@type\":\"Article\",\"@id\":\"https:\\\/\\\/www.mpc.pr.gov.br\\\/index.php\\\/representacao-do-ministerio-publico-de-contas-gera-a-anulacao-de-concurso-publico-em-iracema-do-oeste\\\/#article\",\"isPartOf\":{\"@id\":\"https:\\\/\\\/www.mpc.pr.gov.br\\\/index.php\\\/representacao-do-ministerio-publico-de-contas-gera-a-anulacao-de-concurso-publico-em-iracema-do-oeste\\\/\"},\"author\":{\"name\":\"michael.reiner\",\"@id\":\"https:\\\/\\\/www.mpc.pr.gov.br\\\/#\\\/schema\\\/person\\\/e6db2baa689b9b3b9e704ac0d26f7d3e\"},\"headline\":\"Representa\u00e7\u00e3o do Minist\u00e9rio P\u00fablico de Contas gera a anula\u00e7\u00e3o de concurso p\u00fablico em Iracema do Oeste\",\"datePublished\":\"2014-08-15T19:14:39+00:00\",\"mainEntityOfPage\":{\"@id\":\"https:\\\/\\\/www.mpc.pr.gov.br\\\/index.php\\\/representacao-do-ministerio-publico-de-contas-gera-a-anulacao-de-concurso-publico-em-iracema-do-oeste\\\/\"},\"wordCount\":717,\"commentCount\":0,\"publisher\":{\"@id\":\"https:\\\/\\\/www.mpc.pr.gov.br\\\/#organization\"},\"image\":{\"@id\":\"https:\\\/\\\/www.mpc.pr.gov.br\\\/index.php\\\/representacao-do-ministerio-publico-de-contas-gera-a-anulacao-de-concurso-publico-em-iracema-do-oeste\\\/#primaryimage\"},\"thumbnailUrl\":\"\",\"articleSection\":[\"Not\u00edcias de Interesse\",\"Todas as not\u00edcias\"],\"inLanguage\":\"pt-BR\",\"potentialAction\":[{\"@type\":\"CommentAction\",\"name\":\"Comment\",\"target\":[\"https:\\\/\\\/www.mpc.pr.gov.br\\\/index.php\\\/representacao-do-ministerio-publico-de-contas-gera-a-anulacao-de-concurso-publico-em-iracema-do-oeste\\\/#respond\"]}]},{\"@type\":\"WebPage\",\"@id\":\"https:\\\/\\\/www.mpc.pr.gov.br\\\/index.php\\\/representacao-do-ministerio-publico-de-contas-gera-a-anulacao-de-concurso-publico-em-iracema-do-oeste\\\/\",\"url\":\"https:\\\/\\\/www.mpc.pr.gov.br\\\/index.php\\\/representacao-do-ministerio-publico-de-contas-gera-a-anulacao-de-concurso-publico-em-iracema-do-oeste\\\/\",\"name\":\"Representa\u00e7\u00e3o do Minist\u00e9rio P\u00fablico de Contas gera a anula\u00e7\u00e3o de concurso p\u00fablico em Iracema do Oeste - Minist\u00e9rio P\u00fablico de Contas do Estado do Paran\u00e1\",\"isPartOf\":{\"@id\":\"https:\\\/\\\/www.mpc.pr.gov.br\\\/#website\"},\"primaryImageOfPage\":{\"@id\":\"https:\\\/\\\/www.mpc.pr.gov.br\\\/index.php\\\/representacao-do-ministerio-publico-de-contas-gera-a-anulacao-de-concurso-publico-em-iracema-do-oeste\\\/#primaryimage\"},\"image\":{\"@id\":\"https:\\\/\\\/www.mpc.pr.gov.br\\\/index.php\\\/representacao-do-ministerio-publico-de-contas-gera-a-anulacao-de-concurso-publico-em-iracema-do-oeste\\\/#primaryimage\"},\"thumbnailUrl\":\"\",\"datePublished\":\"2014-08-15T19:14:39+00:00\",\"breadcrumb\":{\"@id\":\"https:\\\/\\\/www.mpc.pr.gov.br\\\/index.php\\\/representacao-do-ministerio-publico-de-contas-gera-a-anulacao-de-concurso-publico-em-iracema-do-oeste\\\/#breadcrumb\"},\"inLanguage\":\"pt-BR\",\"potentialAction\":[{\"@type\":\"ReadAction\",\"target\":[\"https:\\\/\\\/www.mpc.pr.gov.br\\\/index.php\\\/representacao-do-ministerio-publico-de-contas-gera-a-anulacao-de-concurso-publico-em-iracema-do-oeste\\\/\"]}]},{\"@type\":\"ImageObject\",\"inLanguage\":\"pt-BR\",\"@id\":\"https:\\\/\\\/www.mpc.pr.gov.br\\\/index.php\\\/representacao-do-ministerio-publico-de-contas-gera-a-anulacao-de-concurso-publico-em-iracema-do-oeste\\\/#primaryimage\",\"url\":\"\",\"contentUrl\":\"\"},{\"@type\":\"BreadcrumbList\",\"@id\":\"https:\\\/\\\/www.mpc.pr.gov.br\\\/index.php\\\/representacao-do-ministerio-publico-de-contas-gera-a-anulacao-de-concurso-publico-em-iracema-do-oeste\\\/#breadcrumb\",\"itemListElement\":[{\"@type\":\"ListItem\",\"position\":1,\"name\":\"In\u00edcio\",\"item\":\"https:\\\/\\\/www.mpc.pr.gov.br\\\/\"},{\"@type\":\"ListItem\",\"position\":2,\"name\":\"Representa\u00e7\u00e3o do Minist\u00e9rio P\u00fablico de Contas gera a anula\u00e7\u00e3o de concurso p\u00fablico em Iracema do Oeste\"}]},{\"@type\":\"WebSite\",\"@id\":\"https:\\\/\\\/www.mpc.pr.gov.br\\\/#website\",\"url\":\"https:\\\/\\\/www.mpc.pr.gov.br\\\/\",\"name\":\"Minist\u00e9rio P\u00fablico de Contas do Estado do Paran\u00e1\",\"description\":\"\",\"publisher\":{\"@id\":\"https:\\\/\\\/www.mpc.pr.gov.br\\\/#organization\"},\"potentialAction\":[{\"@type\":\"SearchAction\",\"target\":{\"@type\":\"EntryPoint\",\"urlTemplate\":\"https:\\\/\\\/www.mpc.pr.gov.br\\\/?s={search_term_string}\"},\"query-input\":{\"@type\":\"PropertyValueSpecification\",\"valueRequired\":true,\"valueName\":\"search_term_string\"}}],\"inLanguage\":\"pt-BR\"},{\"@type\":\"Organization\",\"@id\":\"https:\\\/\\\/www.mpc.pr.gov.br\\\/#organization\",\"name\":\"Minist\u00e9rio P\u00fablico de Contas do Estado do Paran\u00e1\",\"url\":\"https:\\\/\\\/www.mpc.pr.gov.br\\\/\",\"logo\":{\"@type\":\"ImageObject\",\"inLanguage\":\"pt-BR\",\"@id\":\"https:\\\/\\\/www.mpc.pr.gov.br\\\/#\\\/schema\\\/logo\\\/image\\\/\",\"url\":\"https:\\\/\\\/www.mpc.pr.gov.br\\\/wp-content\\\/uploads\\\/2020\\\/06\\\/99423647_1593460364143890_6706793420720963584_n-1-e1591387983167.png\",\"contentUrl\":\"https:\\\/\\\/www.mpc.pr.gov.br\\\/wp-content\\\/uploads\\\/2020\\\/06\\\/99423647_1593460364143890_6706793420720963584_n-1-e1591387983167.png\",\"width\":243,\"height\":73,\"caption\":\"Minist\u00e9rio P\u00fablico de Contas do Estado do Paran\u00e1\"},\"image\":{\"@id\":\"https:\\\/\\\/www.mpc.pr.gov.br\\\/#\\\/schema\\\/logo\\\/image\\\/\"},\"sameAs\":[\"https:\\\/\\\/www.facebook.com\\\/mpc.pr\",\"https:\\\/\\\/www.instagram.com\\\/mpc.pr\\\/?hl=pt-br\",\"https:\\\/\\\/www.youtube.com\\\/channel\\\/UCHri5oEM8DV0ztX57E0sBSw\"]},{\"@type\":\"Person\",\"@id\":\"https:\\\/\\\/www.mpc.pr.gov.br\\\/#\\\/schema\\\/person\\\/e6db2baa689b9b3b9e704ac0d26f7d3e\",\"name\":\"michael.reiner\",\"image\":{\"@type\":\"ImageObject\",\"inLanguage\":\"pt-BR\",\"@id\":\"https:\\\/\\\/secure.gravatar.com\\\/avatar\\\/?s=96&d=mm&r=g\",\"url\":\"https:\\\/\\\/secure.gravatar.com\\\/avatar\\\/?s=96&d=mm&r=g\",\"contentUrl\":\"https:\\\/\\\/secure.gravatar.com\\\/avatar\\\/?s=96&d=mm&r=g\",\"caption\":\"michael.reiner\"}}]}<\/script>\n<!-- \/ Yoast SEO plugin. -->","yoast_head_json":{"title":"Representa\u00e7\u00e3o do Minist\u00e9rio P\u00fablico de Contas gera a anula\u00e7\u00e3o de concurso p\u00fablico em Iracema do Oeste - Minist\u00e9rio P\u00fablico de Contas do Estado do Paran\u00e1","robots":{"index":"index","follow":"follow","max-snippet":"max-snippet:-1","max-image-preview":"max-image-preview:large","max-video-preview":"max-video-preview:-1"},"canonical":"https:\/\/www.mpc.pr.gov.br\/index.php\/representacao-do-ministerio-publico-de-contas-gera-a-anulacao-de-concurso-publico-em-iracema-do-oeste\/","og_locale":"pt_BR","og_type":"article","og_title":"Representa\u00e7\u00e3o do Minist\u00e9rio P\u00fablico de Contas gera a anula\u00e7\u00e3o de concurso p\u00fablico em Iracema do Oeste - Minist\u00e9rio P\u00fablico de Contas do Estado do Paran\u00e1","og_description":"Representa\u00e7\u00e3o do Minist\u00e9rio P\u00fablico de Contas gera a anula\u00e7\u00e3o de concurso p\u00fablico em Iracema do Oeste. No prazo de 30 dias, a Prefeitura de Iracema do Oeste dever\u00e1 anular concurso p\u00fablico julgado irregular, por prever sal\u00e1rios de fun\u00e7\u00f5es de n\u00edvel superior em valores abaixo do mercado. A decis\u00e3o, tomada na sess\u00e3o de 31 de julho [&hellip;]","og_url":"https:\/\/www.mpc.pr.gov.br\/index.php\/representacao-do-ministerio-publico-de-contas-gera-a-anulacao-de-concurso-publico-em-iracema-do-oeste\/","og_site_name":"Minist\u00e9rio P\u00fablico de Contas do Estado do Paran\u00e1","article_publisher":"https:\/\/www.facebook.com\/mpc.pr","article_published_time":"2014-08-15T19:14:39+00:00","author":"michael.reiner","twitter_card":"summary_large_image","twitter_misc":{"Escrito por":"michael.reiner","Est. tempo de leitura":"3 minutos"},"schema":{"@context":"https:\/\/schema.org","@graph":[{"@type":"Article","@id":"https:\/\/www.mpc.pr.gov.br\/index.php\/representacao-do-ministerio-publico-de-contas-gera-a-anulacao-de-concurso-publico-em-iracema-do-oeste\/#article","isPartOf":{"@id":"https:\/\/www.mpc.pr.gov.br\/index.php\/representacao-do-ministerio-publico-de-contas-gera-a-anulacao-de-concurso-publico-em-iracema-do-oeste\/"},"author":{"name":"michael.reiner","@id":"https:\/\/www.mpc.pr.gov.br\/#\/schema\/person\/e6db2baa689b9b3b9e704ac0d26f7d3e"},"headline":"Representa\u00e7\u00e3o do Minist\u00e9rio P\u00fablico de Contas gera a anula\u00e7\u00e3o de concurso p\u00fablico em Iracema do Oeste","datePublished":"2014-08-15T19:14:39+00:00","mainEntityOfPage":{"@id":"https:\/\/www.mpc.pr.gov.br\/index.php\/representacao-do-ministerio-publico-de-contas-gera-a-anulacao-de-concurso-publico-em-iracema-do-oeste\/"},"wordCount":717,"commentCount":0,"publisher":{"@id":"https:\/\/www.mpc.pr.gov.br\/#organization"},"image":{"@id":"https:\/\/www.mpc.pr.gov.br\/index.php\/representacao-do-ministerio-publico-de-contas-gera-a-anulacao-de-concurso-publico-em-iracema-do-oeste\/#primaryimage"},"thumbnailUrl":"","articleSection":["Not\u00edcias de Interesse","Todas as not\u00edcias"],"inLanguage":"pt-BR","potentialAction":[{"@type":"CommentAction","name":"Comment","target":["https:\/\/www.mpc.pr.gov.br\/index.php\/representacao-do-ministerio-publico-de-contas-gera-a-anulacao-de-concurso-publico-em-iracema-do-oeste\/#respond"]}]},{"@type":"WebPage","@id":"https:\/\/www.mpc.pr.gov.br\/index.php\/representacao-do-ministerio-publico-de-contas-gera-a-anulacao-de-concurso-publico-em-iracema-do-oeste\/","url":"https:\/\/www.mpc.pr.gov.br\/index.php\/representacao-do-ministerio-publico-de-contas-gera-a-anulacao-de-concurso-publico-em-iracema-do-oeste\/","name":"Representa\u00e7\u00e3o do Minist\u00e9rio P\u00fablico de Contas gera a anula\u00e7\u00e3o de concurso p\u00fablico em Iracema do Oeste - Minist\u00e9rio P\u00fablico de Contas do Estado do Paran\u00e1","isPartOf":{"@id":"https:\/\/www.mpc.pr.gov.br\/#website"},"primaryImageOfPage":{"@id":"https:\/\/www.mpc.pr.gov.br\/index.php\/representacao-do-ministerio-publico-de-contas-gera-a-anulacao-de-concurso-publico-em-iracema-do-oeste\/#primaryimage"},"image":{"@id":"https:\/\/www.mpc.pr.gov.br\/index.php\/representacao-do-ministerio-publico-de-contas-gera-a-anulacao-de-concurso-publico-em-iracema-do-oeste\/#primaryimage"},"thumbnailUrl":"","datePublished":"2014-08-15T19:14:39+00:00","breadcrumb":{"@id":"https:\/\/www.mpc.pr.gov.br\/index.php\/representacao-do-ministerio-publico-de-contas-gera-a-anulacao-de-concurso-publico-em-iracema-do-oeste\/#breadcrumb"},"inLanguage":"pt-BR","potentialAction":[{"@type":"ReadAction","target":["https:\/\/www.mpc.pr.gov.br\/index.php\/representacao-do-ministerio-publico-de-contas-gera-a-anulacao-de-concurso-publico-em-iracema-do-oeste\/"]}]},{"@type":"ImageObject","inLanguage":"pt-BR","@id":"https:\/\/www.mpc.pr.gov.br\/index.php\/representacao-do-ministerio-publico-de-contas-gera-a-anulacao-de-concurso-publico-em-iracema-do-oeste\/#primaryimage","url":"","contentUrl":""},{"@type":"BreadcrumbList","@id":"https:\/\/www.mpc.pr.gov.br\/index.php\/representacao-do-ministerio-publico-de-contas-gera-a-anulacao-de-concurso-publico-em-iracema-do-oeste\/#breadcrumb","itemListElement":[{"@type":"ListItem","position":1,"name":"In\u00edcio","item":"https:\/\/www.mpc.pr.gov.br\/"},{"@type":"ListItem","position":2,"name":"Representa\u00e7\u00e3o do Minist\u00e9rio P\u00fablico de Contas gera a anula\u00e7\u00e3o de concurso p\u00fablico em Iracema do Oeste"}]},{"@type":"WebSite","@id":"https:\/\/www.mpc.pr.gov.br\/#website","url":"https:\/\/www.mpc.pr.gov.br\/","name":"Minist\u00e9rio P\u00fablico de Contas do Estado do Paran\u00e1","description":"","publisher":{"@id":"https:\/\/www.mpc.pr.gov.br\/#organization"},"potentialAction":[{"@type":"SearchAction","target":{"@type":"EntryPoint","urlTemplate":"https:\/\/www.mpc.pr.gov.br\/?s={search_term_string}"},"query-input":{"@type":"PropertyValueSpecification","valueRequired":true,"valueName":"search_term_string"}}],"inLanguage":"pt-BR"},{"@type":"Organization","@id":"https:\/\/www.mpc.pr.gov.br\/#organization","name":"Minist\u00e9rio P\u00fablico de Contas do Estado do Paran\u00e1","url":"https:\/\/www.mpc.pr.gov.br\/","logo":{"@type":"ImageObject","inLanguage":"pt-BR","@id":"https:\/\/www.mpc.pr.gov.br\/#\/schema\/logo\/image\/","url":"https:\/\/www.mpc.pr.gov.br\/wp-content\/uploads\/2020\/06\/99423647_1593460364143890_6706793420720963584_n-1-e1591387983167.png","contentUrl":"https:\/\/www.mpc.pr.gov.br\/wp-content\/uploads\/2020\/06\/99423647_1593460364143890_6706793420720963584_n-1-e1591387983167.png","width":243,"height":73,"caption":"Minist\u00e9rio P\u00fablico de Contas do Estado do Paran\u00e1"},"image":{"@id":"https:\/\/www.mpc.pr.gov.br\/#\/schema\/logo\/image\/"},"sameAs":["https:\/\/www.facebook.com\/mpc.pr","https:\/\/www.instagram.com\/mpc.pr\/?hl=pt-br","https:\/\/www.youtube.com\/channel\/UCHri5oEM8DV0ztX57E0sBSw"]},{"@type":"Person","@id":"https:\/\/www.mpc.pr.gov.br\/#\/schema\/person\/e6db2baa689b9b3b9e704ac0d26f7d3e","name":"michael.reiner","image":{"@type":"ImageObject","inLanguage":"pt-BR","@id":"https:\/\/secure.gravatar.com\/avatar\/?s=96&d=mm&r=g","url":"https:\/\/secure.gravatar.com\/avatar\/?s=96&d=mm&r=g","contentUrl":"https:\/\/secure.gravatar.com\/avatar\/?s=96&d=mm&r=g","caption":"michael.reiner"}}]}},"rttpg_featured_image_url":null,"rttpg_author":{"display_name":"michael.reiner","author_link":"https:\/\/www.mpc.pr.gov.br\/index.php\/author\/michael-reiner\/"},"rttpg_comment":0,"rttpg_category":"<a href=\"https:\/\/www.mpc.pr.gov.br\/index.php\/category\/noticias-de-interesse\/\" rel=\"category tag\">Not\u00edcias de Interesse<\/a> <a href=\"https:\/\/www.mpc.pr.gov.br\/index.php\/category\/todas-as-noticias\/\" rel=\"category tag\">Todas as not\u00edcias<\/a>","rttpg_excerpt":"Representa\u00e7\u00e3o do Minist\u00e9rio P\u00fablico de Contas gera a anula\u00e7\u00e3o de concurso p\u00fablico em Iracema do Oeste. No prazo de 30 dias, a Prefeitura de Iracema do Oeste dever\u00e1 anular concurso p\u00fablico julgado irregular, por prever sal\u00e1rios de fun\u00e7\u00f5es de n\u00edvel superior em valores abaixo do mercado. A decis\u00e3o, tomada na sess\u00e3o de 31 de julho&hellip;","_links":{"self":[{"href":"https:\/\/www.mpc.pr.gov.br\/index.php\/wp-json\/wp\/v2\/posts\/3356","targetHints":{"allow":["GET"]}}],"collection":[{"href":"https:\/\/www.mpc.pr.gov.br\/index.php\/wp-json\/wp\/v2\/posts"}],"about":[{"href":"https:\/\/www.mpc.pr.gov.br\/index.php\/wp-json\/wp\/v2\/types\/post"}],"author":[{"embeddable":true,"href":"https:\/\/www.mpc.pr.gov.br\/index.php\/wp-json\/wp\/v2\/users\/3"}],"replies":[{"embeddable":true,"href":"https:\/\/www.mpc.pr.gov.br\/index.php\/wp-json\/wp\/v2\/comments?post=3356"}],"version-history":[{"count":0,"href":"https:\/\/www.mpc.pr.gov.br\/index.php\/wp-json\/wp\/v2\/posts\/3356\/revisions"}],"wp:featuredmedia":[{"embeddable":true,"href":"https:\/\/www.mpc.pr.gov.br\/index.php\/wp-json\/"}],"wp:attachment":[{"href":"https:\/\/www.mpc.pr.gov.br\/index.php\/wp-json\/wp\/v2\/media?parent=3356"}],"wp:term":[{"taxonomy":"category","embeddable":true,"href":"https:\/\/www.mpc.pr.gov.br\/index.php\/wp-json\/wp\/v2\/categories?post=3356"},{"taxonomy":"post_tag","embeddable":true,"href":"https:\/\/www.mpc.pr.gov.br\/index.php\/wp-json\/wp\/v2\/tags?post=3356"}],"curies":[{"name":"wp","href":"https:\/\/api.w.org\/{rel}","templated":true}]}}