{"id":3461,"date":"2014-10-31T11:26:59","date_gmt":"2014-10-31T11:26:59","guid":{"rendered":"http:\/\/www.mpc.pr.gov.br\/?p=3461"},"modified":"2014-10-31T11:26:59","modified_gmt":"2014-10-31T11:26:59","slug":"rede-de-gestao-portal-da-transparencia-dos-municipios-e-lancado-no-mp-pr","status":"publish","type":"post","link":"https:\/\/www.mpc.pr.gov.br\/index.php\/rede-de-gestao-portal-da-transparencia-dos-municipios-e-lancado-no-mp-pr\/","title":{"rendered":"REDE DE GEST\u00c3O &#8211; \u201cPortal da Transpar\u00eancia dos Munic\u00edpios\u201d \u00e9 lan\u00e7ado no MP-PR"},"content":{"rendered":"<p dir=\"ltr\" style=\"text-align: justify;\">REDE DE GEST\u00c3O &#8211; \u201cPortal da Transpar\u00eancia dos Munic\u00edpios\u201d \u00e9 lan\u00e7ado no MP-PR<\/p>\n<p dir=\"ltr\" style=\"text-align: justify;\">O Minist\u00e9rio P\u00fablico de Contas do Paran\u00e1, integrante da Rede de Controle da Gest\u00e3o P\u00fablica, participou nesta quinta-feira do lan\u00e7amento do \u201cPortal da Transpar\u00eancia dos Munic\u00edpios\u201d.<\/p>\n<p dir=\"ltr\" style=\"text-align: justify;\">Cerca de quarenta munic\u00edpios do Paran\u00e1 j\u00e1 est\u00e3o em processo de adequa\u00e7\u00e3o de seus sites oficiais ao \u201cPortal da Transpar\u00eancia dos Munic\u00edpios do Paran\u00e1\u201d, lan\u00e7ado oficialmente nesta quinta-feira (30\/10), durante reuni\u00e3o da Rede de Controle da Gest\u00e3o P\u00fablica do Paran\u00e1, na sede do MP-PR. A ferramenta come\u00e7ou a ser implementada no final do ano passado, para dar suporte a prefeituras, c\u00e2maras e demais \u00f3rg\u00e3os p\u00fablicos de todo o estado na adequa\u00e7\u00e3o \u00e0s leis de transpar\u00eancia e de acesso \u00e0 informa\u00e7\u00e3o.<\/p>\n<p dir=\"ltr\" style=\"text-align: justify;\">O subprocurador-geral de Justi\u00e7a para Assuntos de Planejamento Institucional, Bruno Galati, secret\u00e1rio-executivo da Rede, apresentou a iniciativa, destacando a import\u00e2ncia desta nova ferramenta, fruto do trabalho integrado dos parceiros da Rede. \u201cO Paran\u00e1 \u00e9 hoje o \u00fanico estado que possui essa aproxima\u00e7\u00e3o entre as institui\u00e7\u00f5es, podendo assim desenvolver trabalhos de maneira mais eficiente\u201d, declarou.<\/p>\n<p dir=\"ltr\" style=\"text-align: justify;\">O procurador-geral de Justi\u00e7a, Gilberto Giacoia, elogiou o empenho da Rede, que, por meio de v\u00e1rias a\u00e7\u00f5es, tem buscado a melhoria da gest\u00e3o p\u00fablica. \u201cO esfor\u00e7o que fazemos aqui \u00e9 otimizar as estruturas p\u00fablicas\u201d, afirmou. Na sequ\u00eancia, Luiz Sorvos, presidente da Associa\u00e7\u00e3o dos Munic\u00edpios do Paran\u00e1, destacou a disposi\u00e7\u00e3o da entidade em colaborar para que o projeto seja bem-sucedido.<\/p>\n<p dir=\"ltr\" style=\"text-align: justify;\">A Rede<\/p>\n<p dir=\"ltr\" style=\"text-align: justify;\">Formada em 2012, a Rede de Controle da Gest\u00e3o P\u00fablica do Paran\u00e1 al\u00e9m de atuar de forma integrada no controle da gest\u00e3o p\u00fablica, tem por finalidade promover a integra\u00e7\u00e3o entre os diversos \u00f3rg\u00e3os de controle, a fim de desenvolver formas para um melhor diagn\u00f3stico, e o combate \u00e0 corrup\u00e7\u00e3o. Tamb\u00e9m visa o interc\u00e2mbio de experi\u00eancias e a troca de informa\u00e7\u00f5es e documentos entre as institui\u00e7\u00f5es participantes. Integram a Rede, al\u00e9m do Minist\u00e9rio P\u00fablico de Contas do Paran\u00e1, o Minist\u00e9rio P\u00fablico do Estado do Paran\u00e1, Minist\u00e9rio P\u00fablico Federal, Minist\u00e9rio P\u00fablico do Trabalho, Procuradoria-Geral do Estado, Advocacia-Geral da Uni\u00e3o, Companhia de Tecnologia da Informa\u00e7\u00e3o e Comunica\u00e7\u00e3o do Paran\u00e1, Controladoria-Geral da Uni\u00e3o, Departamento de Pol\u00edcia Federal, Receita Federal do Brasil, Tribunal de Contas do Paran\u00e1, Tribunal de Contas da Uni\u00e3o, Tribunal Regional Eleitoral e as Secretarias de Estado da Fazenda, da Justi\u00e7a, Cidadania e Direitos Humanos e da Seguran\u00e7a P\u00fablica.<\/p>\n<p dir=\"ltr\" style=\"text-align: center;\"><a href=\"http:\/\/www.mpc.pr.gov.br\/wp-content\/uploads\/2014\/10\/SUBPLAN_PORTAL4.jpeg\"><img fetchpriority=\"high\" decoding=\"async\" class=\"aligncenter size-full wp-image-3460\" alt=\"lan\u00e7amento do Portal da Transpar\u00eancia\" src=\"http:\/\/www.mpc.pr.gov.br\/wp-content\/uploads\/2014\/10\/SUBPLAN_PORTAL4.jpeg\" width=\"699\" height=\"466\" \/><\/a><\/p>\n","protected":false},"excerpt":{"rendered":"<p>REDE DE GEST\u00c3O &#8211; \u201cPortal da Transpar\u00eancia dos Munic\u00edpios\u201d \u00e9 lan\u00e7ado no MP-PR O Minist\u00e9rio P\u00fablico de Contas do Paran\u00e1, integrante da Rede de Controle da Gest\u00e3o P\u00fablica, participou nesta quinta-feira do lan\u00e7amento do \u201cPortal da Transpar\u00eancia dos Munic\u00edpios\u201d. Cerca de quarenta munic\u00edpios do Paran\u00e1 j\u00e1 est\u00e3o em processo de adequa\u00e7\u00e3o de seus sites oficiais [&hellip;]<\/p>\n","protected":false},"author":3,"featured_media":3460,"comment_status":"open","ping_status":"open","sticky":false,"template":"","format":"standard","meta":{"_monsterinsights_skip_tracking":false,"_monsterinsights_sitenote_active":false,"_monsterinsights_sitenote_note":"","_monsterinsights_sitenote_category":0,"footnotes":""},"categories":[7],"tags":[],"class_list":["post-3461","post","type-post","status-publish","format-standard","has-post-thumbnail","hentry","category-todas-as-noticias","entry","has-media"],"yoast_head":"<!-- This site is optimized with the Yoast SEO plugin v27.3 - https:\/\/yoast.com\/product\/yoast-seo-wordpress\/ -->\n<title>REDE DE GEST\u00c3O - \u201cPortal da Transpar\u00eancia dos Munic\u00edpios\u201d \u00e9 lan\u00e7ado no MP-PR - Minist\u00e9rio P\u00fablico de Contas do Estado do Paran\u00e1<\/title>\n<meta name=\"robots\" content=\"index, follow, max-snippet:-1, max-image-preview:large, max-video-preview:-1\" \/>\n<link rel=\"canonical\" href=\"https:\/\/www.mpc.pr.gov.br\/index.php\/rede-de-gestao-portal-da-transparencia-dos-municipios-e-lancado-no-mp-pr\/\" \/>\n<meta property=\"og:locale\" content=\"pt_BR\" \/>\n<meta property=\"og:type\" content=\"article\" \/>\n<meta property=\"og:title\" content=\"REDE DE GEST\u00c3O - \u201cPortal da Transpar\u00eancia dos Munic\u00edpios\u201d \u00e9 lan\u00e7ado no MP-PR - Minist\u00e9rio P\u00fablico de Contas do Estado do Paran\u00e1\" \/>\n<meta property=\"og:description\" content=\"REDE DE GEST\u00c3O &#8211; \u201cPortal da Transpar\u00eancia dos Munic\u00edpios\u201d \u00e9 lan\u00e7ado no MP-PR O Minist\u00e9rio P\u00fablico de Contas do Paran\u00e1, integrante da Rede de Controle da Gest\u00e3o P\u00fablica, participou nesta quinta-feira do lan\u00e7amento do \u201cPortal da Transpar\u00eancia dos Munic\u00edpios\u201d. Cerca de quarenta munic\u00edpios do Paran\u00e1 j\u00e1 est\u00e3o em processo de adequa\u00e7\u00e3o de seus sites oficiais [&hellip;]\" \/>\n<meta property=\"og:url\" content=\"https:\/\/www.mpc.pr.gov.br\/index.php\/rede-de-gestao-portal-da-transparencia-dos-municipios-e-lancado-no-mp-pr\/\" \/>\n<meta property=\"og:site_name\" content=\"Minist\u00e9rio P\u00fablico de Contas do Estado do Paran\u00e1\" \/>\n<meta property=\"article:publisher\" content=\"https:\/\/www.facebook.com\/mpc.pr\" \/>\n<meta property=\"article:published_time\" content=\"2014-10-31T11:26:59+00:00\" \/>\n<meta name=\"author\" content=\"michael.reiner\" \/>\n<meta name=\"twitter:card\" content=\"summary_large_image\" \/>\n<meta name=\"twitter:label1\" content=\"Escrito por\" \/>\n\t<meta name=\"twitter:data1\" content=\"michael.reiner\" \/>\n\t<meta name=\"twitter:label2\" content=\"Est. tempo de leitura\" \/>\n\t<meta name=\"twitter:data2\" content=\"2 minutos\" \/>\n<script type=\"application\/ld+json\" class=\"yoast-schema-graph\">{\"@context\":\"https:\\\/\\\/schema.org\",\"@graph\":[{\"@type\":\"Article\",\"@id\":\"https:\\\/\\\/www.mpc.pr.gov.br\\\/index.php\\\/rede-de-gestao-portal-da-transparencia-dos-municipios-e-lancado-no-mp-pr\\\/#article\",\"isPartOf\":{\"@id\":\"https:\\\/\\\/www.mpc.pr.gov.br\\\/index.php\\\/rede-de-gestao-portal-da-transparencia-dos-municipios-e-lancado-no-mp-pr\\\/\"},\"author\":{\"name\":\"michael.reiner\",\"@id\":\"https:\\\/\\\/www.mpc.pr.gov.br\\\/#\\\/schema\\\/person\\\/e6db2baa689b9b3b9e704ac0d26f7d3e\"},\"headline\":\"REDE DE GEST\u00c3O &#8211; \u201cPortal da Transpar\u00eancia dos Munic\u00edpios\u201d \u00e9 lan\u00e7ado no MP-PR\",\"datePublished\":\"2014-10-31T11:26:59+00:00\",\"mainEntityOfPage\":{\"@id\":\"https:\\\/\\\/www.mpc.pr.gov.br\\\/index.php\\\/rede-de-gestao-portal-da-transparencia-dos-municipios-e-lancado-no-mp-pr\\\/\"},\"wordCount\":465,\"commentCount\":0,\"publisher\":{\"@id\":\"https:\\\/\\\/www.mpc.pr.gov.br\\\/#organization\"},\"image\":{\"@id\":\"https:\\\/\\\/www.mpc.pr.gov.br\\\/index.php\\\/rede-de-gestao-portal-da-transparencia-dos-municipios-e-lancado-no-mp-pr\\\/#primaryimage\"},\"thumbnailUrl\":\"\",\"articleSection\":[\"Todas as not\u00edcias\"],\"inLanguage\":\"pt-BR\",\"potentialAction\":[{\"@type\":\"CommentAction\",\"name\":\"Comment\",\"target\":[\"https:\\\/\\\/www.mpc.pr.gov.br\\\/index.php\\\/rede-de-gestao-portal-da-transparencia-dos-municipios-e-lancado-no-mp-pr\\\/#respond\"]}]},{\"@type\":\"WebPage\",\"@id\":\"https:\\\/\\\/www.mpc.pr.gov.br\\\/index.php\\\/rede-de-gestao-portal-da-transparencia-dos-municipios-e-lancado-no-mp-pr\\\/\",\"url\":\"https:\\\/\\\/www.mpc.pr.gov.br\\\/index.php\\\/rede-de-gestao-portal-da-transparencia-dos-municipios-e-lancado-no-mp-pr\\\/\",\"name\":\"REDE DE GEST\u00c3O - \u201cPortal da Transpar\u00eancia dos Munic\u00edpios\u201d \u00e9 lan\u00e7ado no MP-PR - Minist\u00e9rio P\u00fablico de Contas do Estado do Paran\u00e1\",\"isPartOf\":{\"@id\":\"https:\\\/\\\/www.mpc.pr.gov.br\\\/#website\"},\"primaryImageOfPage\":{\"@id\":\"https:\\\/\\\/www.mpc.pr.gov.br\\\/index.php\\\/rede-de-gestao-portal-da-transparencia-dos-municipios-e-lancado-no-mp-pr\\\/#primaryimage\"},\"image\":{\"@id\":\"https:\\\/\\\/www.mpc.pr.gov.br\\\/index.php\\\/rede-de-gestao-portal-da-transparencia-dos-municipios-e-lancado-no-mp-pr\\\/#primaryimage\"},\"thumbnailUrl\":\"\",\"datePublished\":\"2014-10-31T11:26:59+00:00\",\"breadcrumb\":{\"@id\":\"https:\\\/\\\/www.mpc.pr.gov.br\\\/index.php\\\/rede-de-gestao-portal-da-transparencia-dos-municipios-e-lancado-no-mp-pr\\\/#breadcrumb\"},\"inLanguage\":\"pt-BR\",\"potentialAction\":[{\"@type\":\"ReadAction\",\"target\":[\"https:\\\/\\\/www.mpc.pr.gov.br\\\/index.php\\\/rede-de-gestao-portal-da-transparencia-dos-municipios-e-lancado-no-mp-pr\\\/\"]}]},{\"@type\":\"ImageObject\",\"inLanguage\":\"pt-BR\",\"@id\":\"https:\\\/\\\/www.mpc.pr.gov.br\\\/index.php\\\/rede-de-gestao-portal-da-transparencia-dos-municipios-e-lancado-no-mp-pr\\\/#primaryimage\",\"url\":\"\",\"contentUrl\":\"\"},{\"@type\":\"BreadcrumbList\",\"@id\":\"https:\\\/\\\/www.mpc.pr.gov.br\\\/index.php\\\/rede-de-gestao-portal-da-transparencia-dos-municipios-e-lancado-no-mp-pr\\\/#breadcrumb\",\"itemListElement\":[{\"@type\":\"ListItem\",\"position\":1,\"name\":\"In\u00edcio\",\"item\":\"https:\\\/\\\/www.mpc.pr.gov.br\\\/\"},{\"@type\":\"ListItem\",\"position\":2,\"name\":\"REDE DE GEST\u00c3O &#8211; \u201cPortal da Transpar\u00eancia dos Munic\u00edpios\u201d \u00e9 lan\u00e7ado no MP-PR\"}]},{\"@type\":\"WebSite\",\"@id\":\"https:\\\/\\\/www.mpc.pr.gov.br\\\/#website\",\"url\":\"https:\\\/\\\/www.mpc.pr.gov.br\\\/\",\"name\":\"Minist\u00e9rio P\u00fablico de Contas do Estado do Paran\u00e1\",\"description\":\"\",\"publisher\":{\"@id\":\"https:\\\/\\\/www.mpc.pr.gov.br\\\/#organization\"},\"potentialAction\":[{\"@type\":\"SearchAction\",\"target\":{\"@type\":\"EntryPoint\",\"urlTemplate\":\"https:\\\/\\\/www.mpc.pr.gov.br\\\/?s={search_term_string}\"},\"query-input\":{\"@type\":\"PropertyValueSpecification\",\"valueRequired\":true,\"valueName\":\"search_term_string\"}}],\"inLanguage\":\"pt-BR\"},{\"@type\":\"Organization\",\"@id\":\"https:\\\/\\\/www.mpc.pr.gov.br\\\/#organization\",\"name\":\"Minist\u00e9rio P\u00fablico de Contas do Estado do Paran\u00e1\",\"url\":\"https:\\\/\\\/www.mpc.pr.gov.br\\\/\",\"logo\":{\"@type\":\"ImageObject\",\"inLanguage\":\"pt-BR\",\"@id\":\"https:\\\/\\\/www.mpc.pr.gov.br\\\/#\\\/schema\\\/logo\\\/image\\\/\",\"url\":\"https:\\\/\\\/www.mpc.pr.gov.br\\\/wp-content\\\/uploads\\\/2020\\\/06\\\/99423647_1593460364143890_6706793420720963584_n-1-e1591387983167.png\",\"contentUrl\":\"https:\\\/\\\/www.mpc.pr.gov.br\\\/wp-content\\\/uploads\\\/2020\\\/06\\\/99423647_1593460364143890_6706793420720963584_n-1-e1591387983167.png\",\"width\":243,\"height\":73,\"caption\":\"Minist\u00e9rio P\u00fablico de Contas do Estado do Paran\u00e1\"},\"image\":{\"@id\":\"https:\\\/\\\/www.mpc.pr.gov.br\\\/#\\\/schema\\\/logo\\\/image\\\/\"},\"sameAs\":[\"https:\\\/\\\/www.facebook.com\\\/mpc.pr\",\"https:\\\/\\\/www.instagram.com\\\/mpc.pr\\\/?hl=pt-br\",\"https:\\\/\\\/www.youtube.com\\\/channel\\\/UCHri5oEM8DV0ztX57E0sBSw\"]},{\"@type\":\"Person\",\"@id\":\"https:\\\/\\\/www.mpc.pr.gov.br\\\/#\\\/schema\\\/person\\\/e6db2baa689b9b3b9e704ac0d26f7d3e\",\"name\":\"michael.reiner\",\"image\":{\"@type\":\"ImageObject\",\"inLanguage\":\"pt-BR\",\"@id\":\"https:\\\/\\\/secure.gravatar.com\\\/avatar\\\/?s=96&d=mm&r=g\",\"url\":\"https:\\\/\\\/secure.gravatar.com\\\/avatar\\\/?s=96&d=mm&r=g\",\"contentUrl\":\"https:\\\/\\\/secure.gravatar.com\\\/avatar\\\/?s=96&d=mm&r=g\",\"caption\":\"michael.reiner\"}}]}<\/script>\n<!-- \/ Yoast SEO plugin. -->","yoast_head_json":{"title":"REDE DE GEST\u00c3O - \u201cPortal da Transpar\u00eancia dos Munic\u00edpios\u201d \u00e9 lan\u00e7ado no MP-PR - Minist\u00e9rio P\u00fablico de Contas do Estado do Paran\u00e1","robots":{"index":"index","follow":"follow","max-snippet":"max-snippet:-1","max-image-preview":"max-image-preview:large","max-video-preview":"max-video-preview:-1"},"canonical":"https:\/\/www.mpc.pr.gov.br\/index.php\/rede-de-gestao-portal-da-transparencia-dos-municipios-e-lancado-no-mp-pr\/","og_locale":"pt_BR","og_type":"article","og_title":"REDE DE GEST\u00c3O - \u201cPortal da Transpar\u00eancia dos Munic\u00edpios\u201d \u00e9 lan\u00e7ado no MP-PR - Minist\u00e9rio P\u00fablico de Contas do Estado do Paran\u00e1","og_description":"REDE DE GEST\u00c3O &#8211; \u201cPortal da Transpar\u00eancia dos Munic\u00edpios\u201d \u00e9 lan\u00e7ado no MP-PR O Minist\u00e9rio P\u00fablico de Contas do Paran\u00e1, integrante da Rede de Controle da Gest\u00e3o P\u00fablica, participou nesta quinta-feira do lan\u00e7amento do \u201cPortal da Transpar\u00eancia dos Munic\u00edpios\u201d. Cerca de quarenta munic\u00edpios do Paran\u00e1 j\u00e1 est\u00e3o em processo de adequa\u00e7\u00e3o de seus sites oficiais [&hellip;]","og_url":"https:\/\/www.mpc.pr.gov.br\/index.php\/rede-de-gestao-portal-da-transparencia-dos-municipios-e-lancado-no-mp-pr\/","og_site_name":"Minist\u00e9rio P\u00fablico de Contas do Estado do Paran\u00e1","article_publisher":"https:\/\/www.facebook.com\/mpc.pr","article_published_time":"2014-10-31T11:26:59+00:00","author":"michael.reiner","twitter_card":"summary_large_image","twitter_misc":{"Escrito por":"michael.reiner","Est. tempo de leitura":"2 minutos"},"schema":{"@context":"https:\/\/schema.org","@graph":[{"@type":"Article","@id":"https:\/\/www.mpc.pr.gov.br\/index.php\/rede-de-gestao-portal-da-transparencia-dos-municipios-e-lancado-no-mp-pr\/#article","isPartOf":{"@id":"https:\/\/www.mpc.pr.gov.br\/index.php\/rede-de-gestao-portal-da-transparencia-dos-municipios-e-lancado-no-mp-pr\/"},"author":{"name":"michael.reiner","@id":"https:\/\/www.mpc.pr.gov.br\/#\/schema\/person\/e6db2baa689b9b3b9e704ac0d26f7d3e"},"headline":"REDE DE GEST\u00c3O &#8211; \u201cPortal da Transpar\u00eancia dos Munic\u00edpios\u201d \u00e9 lan\u00e7ado no MP-PR","datePublished":"2014-10-31T11:26:59+00:00","mainEntityOfPage":{"@id":"https:\/\/www.mpc.pr.gov.br\/index.php\/rede-de-gestao-portal-da-transparencia-dos-municipios-e-lancado-no-mp-pr\/"},"wordCount":465,"commentCount":0,"publisher":{"@id":"https:\/\/www.mpc.pr.gov.br\/#organization"},"image":{"@id":"https:\/\/www.mpc.pr.gov.br\/index.php\/rede-de-gestao-portal-da-transparencia-dos-municipios-e-lancado-no-mp-pr\/#primaryimage"},"thumbnailUrl":"","articleSection":["Todas as not\u00edcias"],"inLanguage":"pt-BR","potentialAction":[{"@type":"CommentAction","name":"Comment","target":["https:\/\/www.mpc.pr.gov.br\/index.php\/rede-de-gestao-portal-da-transparencia-dos-municipios-e-lancado-no-mp-pr\/#respond"]}]},{"@type":"WebPage","@id":"https:\/\/www.mpc.pr.gov.br\/index.php\/rede-de-gestao-portal-da-transparencia-dos-municipios-e-lancado-no-mp-pr\/","url":"https:\/\/www.mpc.pr.gov.br\/index.php\/rede-de-gestao-portal-da-transparencia-dos-municipios-e-lancado-no-mp-pr\/","name":"REDE DE GEST\u00c3O - \u201cPortal da Transpar\u00eancia dos Munic\u00edpios\u201d \u00e9 lan\u00e7ado no MP-PR - Minist\u00e9rio P\u00fablico de Contas do Estado do Paran\u00e1","isPartOf":{"@id":"https:\/\/www.mpc.pr.gov.br\/#website"},"primaryImageOfPage":{"@id":"https:\/\/www.mpc.pr.gov.br\/index.php\/rede-de-gestao-portal-da-transparencia-dos-municipios-e-lancado-no-mp-pr\/#primaryimage"},"image":{"@id":"https:\/\/www.mpc.pr.gov.br\/index.php\/rede-de-gestao-portal-da-transparencia-dos-municipios-e-lancado-no-mp-pr\/#primaryimage"},"thumbnailUrl":"","datePublished":"2014-10-31T11:26:59+00:00","breadcrumb":{"@id":"https:\/\/www.mpc.pr.gov.br\/index.php\/rede-de-gestao-portal-da-transparencia-dos-municipios-e-lancado-no-mp-pr\/#breadcrumb"},"inLanguage":"pt-BR","potentialAction":[{"@type":"ReadAction","target":["https:\/\/www.mpc.pr.gov.br\/index.php\/rede-de-gestao-portal-da-transparencia-dos-municipios-e-lancado-no-mp-pr\/"]}]},{"@type":"ImageObject","inLanguage":"pt-BR","@id":"https:\/\/www.mpc.pr.gov.br\/index.php\/rede-de-gestao-portal-da-transparencia-dos-municipios-e-lancado-no-mp-pr\/#primaryimage","url":"","contentUrl":""},{"@type":"BreadcrumbList","@id":"https:\/\/www.mpc.pr.gov.br\/index.php\/rede-de-gestao-portal-da-transparencia-dos-municipios-e-lancado-no-mp-pr\/#breadcrumb","itemListElement":[{"@type":"ListItem","position":1,"name":"In\u00edcio","item":"https:\/\/www.mpc.pr.gov.br\/"},{"@type":"ListItem","position":2,"name":"REDE DE GEST\u00c3O &#8211; \u201cPortal da Transpar\u00eancia dos Munic\u00edpios\u201d \u00e9 lan\u00e7ado no MP-PR"}]},{"@type":"WebSite","@id":"https:\/\/www.mpc.pr.gov.br\/#website","url":"https:\/\/www.mpc.pr.gov.br\/","name":"Minist\u00e9rio P\u00fablico de Contas do Estado do Paran\u00e1","description":"","publisher":{"@id":"https:\/\/www.mpc.pr.gov.br\/#organization"},"potentialAction":[{"@type":"SearchAction","target":{"@type":"EntryPoint","urlTemplate":"https:\/\/www.mpc.pr.gov.br\/?s={search_term_string}"},"query-input":{"@type":"PropertyValueSpecification","valueRequired":true,"valueName":"search_term_string"}}],"inLanguage":"pt-BR"},{"@type":"Organization","@id":"https:\/\/www.mpc.pr.gov.br\/#organization","name":"Minist\u00e9rio P\u00fablico de Contas do Estado do Paran\u00e1","url":"https:\/\/www.mpc.pr.gov.br\/","logo":{"@type":"ImageObject","inLanguage":"pt-BR","@id":"https:\/\/www.mpc.pr.gov.br\/#\/schema\/logo\/image\/","url":"https:\/\/www.mpc.pr.gov.br\/wp-content\/uploads\/2020\/06\/99423647_1593460364143890_6706793420720963584_n-1-e1591387983167.png","contentUrl":"https:\/\/www.mpc.pr.gov.br\/wp-content\/uploads\/2020\/06\/99423647_1593460364143890_6706793420720963584_n-1-e1591387983167.png","width":243,"height":73,"caption":"Minist\u00e9rio P\u00fablico de Contas do Estado do Paran\u00e1"},"image":{"@id":"https:\/\/www.mpc.pr.gov.br\/#\/schema\/logo\/image\/"},"sameAs":["https:\/\/www.facebook.com\/mpc.pr","https:\/\/www.instagram.com\/mpc.pr\/?hl=pt-br","https:\/\/www.youtube.com\/channel\/UCHri5oEM8DV0ztX57E0sBSw"]},{"@type":"Person","@id":"https:\/\/www.mpc.pr.gov.br\/#\/schema\/person\/e6db2baa689b9b3b9e704ac0d26f7d3e","name":"michael.reiner","image":{"@type":"ImageObject","inLanguage":"pt-BR","@id":"https:\/\/secure.gravatar.com\/avatar\/?s=96&d=mm&r=g","url":"https:\/\/secure.gravatar.com\/avatar\/?s=96&d=mm&r=g","contentUrl":"https:\/\/secure.gravatar.com\/avatar\/?s=96&d=mm&r=g","caption":"michael.reiner"}}]}},"rttpg_featured_image_url":null,"rttpg_author":{"display_name":"michael.reiner","author_link":"https:\/\/www.mpc.pr.gov.br\/index.php\/author\/michael-reiner\/"},"rttpg_comment":0,"rttpg_category":"<a href=\"https:\/\/www.mpc.pr.gov.br\/index.php\/category\/todas-as-noticias\/\" rel=\"category tag\">Todas as not\u00edcias<\/a>","rttpg_excerpt":"REDE DE GEST\u00c3O &#8211; \u201cPortal da Transpar\u00eancia dos Munic\u00edpios\u201d \u00e9 lan\u00e7ado no MP-PR O Minist\u00e9rio P\u00fablico de Contas do Paran\u00e1, integrante da Rede de Controle da Gest\u00e3o P\u00fablica, participou nesta quinta-feira do lan\u00e7amento do \u201cPortal da Transpar\u00eancia dos Munic\u00edpios\u201d. Cerca de quarenta munic\u00edpios do Paran\u00e1 j\u00e1 est\u00e3o em processo de adequa\u00e7\u00e3o de seus sites oficiais&hellip;","_links":{"self":[{"href":"https:\/\/www.mpc.pr.gov.br\/index.php\/wp-json\/wp\/v2\/posts\/3461","targetHints":{"allow":["GET"]}}],"collection":[{"href":"https:\/\/www.mpc.pr.gov.br\/index.php\/wp-json\/wp\/v2\/posts"}],"about":[{"href":"https:\/\/www.mpc.pr.gov.br\/index.php\/wp-json\/wp\/v2\/types\/post"}],"author":[{"embeddable":true,"href":"https:\/\/www.mpc.pr.gov.br\/index.php\/wp-json\/wp\/v2\/users\/3"}],"replies":[{"embeddable":true,"href":"https:\/\/www.mpc.pr.gov.br\/index.php\/wp-json\/wp\/v2\/comments?post=3461"}],"version-history":[{"count":0,"href":"https:\/\/www.mpc.pr.gov.br\/index.php\/wp-json\/wp\/v2\/posts\/3461\/revisions"}],"wp:featuredmedia":[{"embeddable":true,"href":"https:\/\/www.mpc.pr.gov.br\/index.php\/wp-json\/"}],"wp:attachment":[{"href":"https:\/\/www.mpc.pr.gov.br\/index.php\/wp-json\/wp\/v2\/media?parent=3461"}],"wp:term":[{"taxonomy":"category","embeddable":true,"href":"https:\/\/www.mpc.pr.gov.br\/index.php\/wp-json\/wp\/v2\/categories?post=3461"},{"taxonomy":"post_tag","embeddable":true,"href":"https:\/\/www.mpc.pr.gov.br\/index.php\/wp-json\/wp\/v2\/tags?post=3461"}],"curies":[{"name":"wp","href":"https:\/\/api.w.org\/{rel}","templated":true}]}}