{"id":3464,"date":"2014-11-04T18:59:26","date_gmt":"2014-11-04T18:59:26","guid":{"rendered":"http:\/\/www.mpc.pr.gov.br\/?p=3464"},"modified":"2014-11-04T18:59:26","modified_gmt":"2014-11-04T18:59:26","slug":"lancada-revista-do-ministerio-publico-de-contas-do-estado-do-parana","status":"publish","type":"post","link":"https:\/\/www.mpc.pr.gov.br\/index.php\/lancada-revista-do-ministerio-publico-de-contas-do-estado-do-parana\/","title":{"rendered":"Lan\u00e7ada Revista do Minist\u00e9rio P\u00fablico de Contas do Estado do Paran\u00e1"},"content":{"rendered":"<p style=\"text-align: justify;\">A Revista do Minist\u00e9rio P\u00fablico de Contas do Estado do Paran\u00e1 j\u00e1 est\u00e1 dispon\u00edvel.<\/p>\n<p style=\"text-align: justify;\">\u00a0O peri\u00f3dico nasce de uma iniciativa de integrar e promover o desenvolvimento de a\u00e7\u00f5es e estudos no \u00e2mbito do controle da Administra\u00e7\u00e3o P\u00fablica, sob o m\u00faltiplo enfoque da miss\u00e3o constitucional que \u00e9 deferida ao Minist\u00e9rio P\u00fablico brasileiro e aos seus ramos, bem como \u00e0 pesquisa acad\u00eamica multidisciplinar afeta ao vasto campo do Direito P\u00fablico.<\/p>\n<p style=\"text-align: justify;\">\u00a0Intenciona-se fomentar o debate n\u00e3o s\u00f3 sob o prisma jur\u00eddico, mas tamb\u00e9m buscar no campo econ\u00f4mico, social, cont\u00e1bil, filos\u00f3fico, administrativo e pol\u00edtico leituras atuais, multidisciplinares e provocativas acerca do Estado brasileiro, planejamento e pol\u00edticas p\u00fablicas.<\/p>\n<p style=\"text-align: justify;\">\u00a0O presente volume conta com contribui\u00e7\u00f5es de Eduardo Cambi, Rodrigo Lu\u00eds Kanayama, Diogo Luiz Cordeiro Rodrigue, Marcos N\u00f3brega, Ricardo Schneider Rodrigues, Alexandre Manir Figueiredo Sarquis, Renata Constante Cestari, Olympio de S\u00e1 Sotto Maior Neto, Glaydson Santo Soprani Massaria e Hugo Nigro Mazzilli.<\/p>\n<p style=\"text-align: justify;\">\u00a0A tiragem do peri\u00f3dico \u00e9 semestral e gratuita.<\/p>\n<p style=\"text-align: justify;\">\u00a0Acesse o conte\u00fado em:\u00a0<a href=\"http:\/\/mpc.pr.gov.br\/revista\/\">http:\/\/mpc.pr.gov.br\/revista\/<\/a><\/p>\n<p style=\"text-align: justify;\">Contato:\u00a0<a href=\"mailto:revista@mpc.pr.gov.br\">revista@mpc.pr.gov.br<\/a><\/p>\n<figure id=\"attachment_3465\" aria-describedby=\"caption-attachment-3465\" style=\"width: 451px\" class=\"wp-caption aligncenter\"><a href=\"http:\/\/www.mpc.pr.gov.br\/wp-content\/uploads\/2014\/11\/sumario.png\"><img fetchpriority=\"high\" decoding=\"async\" class=\"size-full wp-image-3465\" alt=\"Sum\u00e1rio\" src=\"http:\/\/www.mpc.pr.gov.br\/wp-content\/uploads\/2014\/11\/sumario.png\" width=\"451\" height=\"639\" \/><\/a><figcaption id=\"caption-attachment-3465\" class=\"wp-caption-text\">Sum\u00e1rio<\/figcaption><\/figure>\n","protected":false},"excerpt":{"rendered":"<p>A Revista do Minist\u00e9rio P\u00fablico de Contas do Estado do Paran\u00e1 j\u00e1 est\u00e1 dispon\u00edvel. \u00a0O peri\u00f3dico nasce de uma iniciativa de integrar e promover o desenvolvimento de a\u00e7\u00f5es e estudos no \u00e2mbito do controle da Administra\u00e7\u00e3o P\u00fablica, sob o m\u00faltiplo enfoque da miss\u00e3o constitucional que \u00e9 deferida ao Minist\u00e9rio P\u00fablico brasileiro e aos seus ramos, [&hellip;]<\/p>\n","protected":false},"author":3,"featured_media":3466,"comment_status":"open","ping_status":"open","sticky":false,"template":"","format":"standard","meta":{"_monsterinsights_skip_tracking":false,"_monsterinsights_sitenote_active":false,"_monsterinsights_sitenote_note":"","_monsterinsights_sitenote_category":0,"footnotes":""},"categories":[7],"tags":[],"class_list":["post-3464","post","type-post","status-publish","format-standard","has-post-thumbnail","hentry","category-todas-as-noticias","entry","has-media"],"yoast_head":"<!-- This site is optimized with the Yoast SEO plugin v27.3 - https:\/\/yoast.com\/product\/yoast-seo-wordpress\/ -->\n<title>Lan\u00e7ada Revista do Minist\u00e9rio P\u00fablico de Contas do Estado do Paran\u00e1 - Minist\u00e9rio P\u00fablico de Contas do Estado do Paran\u00e1<\/title>\n<meta name=\"robots\" content=\"index, follow, max-snippet:-1, max-image-preview:large, max-video-preview:-1\" \/>\n<link rel=\"canonical\" href=\"https:\/\/www.mpc.pr.gov.br\/index.php\/lancada-revista-do-ministerio-publico-de-contas-do-estado-do-parana\/\" \/>\n<meta property=\"og:locale\" content=\"pt_BR\" \/>\n<meta property=\"og:type\" content=\"article\" \/>\n<meta property=\"og:title\" content=\"Lan\u00e7ada Revista do Minist\u00e9rio P\u00fablico de Contas do Estado do Paran\u00e1 - Minist\u00e9rio P\u00fablico de Contas do Estado do Paran\u00e1\" \/>\n<meta property=\"og:description\" content=\"A Revista do Minist\u00e9rio P\u00fablico de Contas do Estado do Paran\u00e1 j\u00e1 est\u00e1 dispon\u00edvel. \u00a0O peri\u00f3dico nasce de uma iniciativa de integrar e promover o desenvolvimento de a\u00e7\u00f5es e estudos no \u00e2mbito do controle da Administra\u00e7\u00e3o P\u00fablica, sob o m\u00faltiplo enfoque da miss\u00e3o constitucional que \u00e9 deferida ao Minist\u00e9rio P\u00fablico brasileiro e aos seus ramos, [&hellip;]\" \/>\n<meta property=\"og:url\" content=\"https:\/\/www.mpc.pr.gov.br\/index.php\/lancada-revista-do-ministerio-publico-de-contas-do-estado-do-parana\/\" \/>\n<meta property=\"og:site_name\" content=\"Minist\u00e9rio P\u00fablico de Contas do Estado do Paran\u00e1\" \/>\n<meta property=\"article:publisher\" content=\"https:\/\/www.facebook.com\/mpc.pr\" \/>\n<meta property=\"article:published_time\" content=\"2014-11-04T18:59:26+00:00\" \/>\n<meta name=\"author\" content=\"michael.reiner\" \/>\n<meta name=\"twitter:card\" content=\"summary_large_image\" \/>\n<meta name=\"twitter:label1\" content=\"Escrito por\" \/>\n\t<meta name=\"twitter:data1\" content=\"michael.reiner\" \/>\n\t<meta name=\"twitter:label2\" content=\"Est. tempo de leitura\" \/>\n\t<meta name=\"twitter:data2\" content=\"1 minuto\" \/>\n<script type=\"application\/ld+json\" class=\"yoast-schema-graph\">{\"@context\":\"https:\\\/\\\/schema.org\",\"@graph\":[{\"@type\":\"Article\",\"@id\":\"https:\\\/\\\/www.mpc.pr.gov.br\\\/index.php\\\/lancada-revista-do-ministerio-publico-de-contas-do-estado-do-parana\\\/#article\",\"isPartOf\":{\"@id\":\"https:\\\/\\\/www.mpc.pr.gov.br\\\/index.php\\\/lancada-revista-do-ministerio-publico-de-contas-do-estado-do-parana\\\/\"},\"author\":{\"name\":\"michael.reiner\",\"@id\":\"https:\\\/\\\/www.mpc.pr.gov.br\\\/#\\\/schema\\\/person\\\/e6db2baa689b9b3b9e704ac0d26f7d3e\"},\"headline\":\"Lan\u00e7ada Revista do Minist\u00e9rio P\u00fablico de Contas do Estado do Paran\u00e1\",\"datePublished\":\"2014-11-04T18:59:26+00:00\",\"mainEntityOfPage\":{\"@id\":\"https:\\\/\\\/www.mpc.pr.gov.br\\\/index.php\\\/lancada-revista-do-ministerio-publico-de-contas-do-estado-do-parana\\\/\"},\"wordCount\":216,\"commentCount\":0,\"publisher\":{\"@id\":\"https:\\\/\\\/www.mpc.pr.gov.br\\\/#organization\"},\"image\":{\"@id\":\"https:\\\/\\\/www.mpc.pr.gov.br\\\/index.php\\\/lancada-revista-do-ministerio-publico-de-contas-do-estado-do-parana\\\/#primaryimage\"},\"thumbnailUrl\":\"\",\"articleSection\":[\"Todas as not\u00edcias\"],\"inLanguage\":\"pt-BR\",\"potentialAction\":[{\"@type\":\"CommentAction\",\"name\":\"Comment\",\"target\":[\"https:\\\/\\\/www.mpc.pr.gov.br\\\/index.php\\\/lancada-revista-do-ministerio-publico-de-contas-do-estado-do-parana\\\/#respond\"]}]},{\"@type\":\"WebPage\",\"@id\":\"https:\\\/\\\/www.mpc.pr.gov.br\\\/index.php\\\/lancada-revista-do-ministerio-publico-de-contas-do-estado-do-parana\\\/\",\"url\":\"https:\\\/\\\/www.mpc.pr.gov.br\\\/index.php\\\/lancada-revista-do-ministerio-publico-de-contas-do-estado-do-parana\\\/\",\"name\":\"Lan\u00e7ada Revista do Minist\u00e9rio P\u00fablico de Contas do Estado do Paran\u00e1 - Minist\u00e9rio P\u00fablico de Contas do Estado do Paran\u00e1\",\"isPartOf\":{\"@id\":\"https:\\\/\\\/www.mpc.pr.gov.br\\\/#website\"},\"primaryImageOfPage\":{\"@id\":\"https:\\\/\\\/www.mpc.pr.gov.br\\\/index.php\\\/lancada-revista-do-ministerio-publico-de-contas-do-estado-do-parana\\\/#primaryimage\"},\"image\":{\"@id\":\"https:\\\/\\\/www.mpc.pr.gov.br\\\/index.php\\\/lancada-revista-do-ministerio-publico-de-contas-do-estado-do-parana\\\/#primaryimage\"},\"thumbnailUrl\":\"\",\"datePublished\":\"2014-11-04T18:59:26+00:00\",\"breadcrumb\":{\"@id\":\"https:\\\/\\\/www.mpc.pr.gov.br\\\/index.php\\\/lancada-revista-do-ministerio-publico-de-contas-do-estado-do-parana\\\/#breadcrumb\"},\"inLanguage\":\"pt-BR\",\"potentialAction\":[{\"@type\":\"ReadAction\",\"target\":[\"https:\\\/\\\/www.mpc.pr.gov.br\\\/index.php\\\/lancada-revista-do-ministerio-publico-de-contas-do-estado-do-parana\\\/\"]}]},{\"@type\":\"ImageObject\",\"inLanguage\":\"pt-BR\",\"@id\":\"https:\\\/\\\/www.mpc.pr.gov.br\\\/index.php\\\/lancada-revista-do-ministerio-publico-de-contas-do-estado-do-parana\\\/#primaryimage\",\"url\":\"\",\"contentUrl\":\"\"},{\"@type\":\"BreadcrumbList\",\"@id\":\"https:\\\/\\\/www.mpc.pr.gov.br\\\/index.php\\\/lancada-revista-do-ministerio-publico-de-contas-do-estado-do-parana\\\/#breadcrumb\",\"itemListElement\":[{\"@type\":\"ListItem\",\"position\":1,\"name\":\"In\u00edcio\",\"item\":\"https:\\\/\\\/www.mpc.pr.gov.br\\\/\"},{\"@type\":\"ListItem\",\"position\":2,\"name\":\"Lan\u00e7ada Revista do Minist\u00e9rio P\u00fablico de Contas do Estado do Paran\u00e1\"}]},{\"@type\":\"WebSite\",\"@id\":\"https:\\\/\\\/www.mpc.pr.gov.br\\\/#website\",\"url\":\"https:\\\/\\\/www.mpc.pr.gov.br\\\/\",\"name\":\"Minist\u00e9rio P\u00fablico de Contas do Estado do Paran\u00e1\",\"description\":\"\",\"publisher\":{\"@id\":\"https:\\\/\\\/www.mpc.pr.gov.br\\\/#organization\"},\"potentialAction\":[{\"@type\":\"SearchAction\",\"target\":{\"@type\":\"EntryPoint\",\"urlTemplate\":\"https:\\\/\\\/www.mpc.pr.gov.br\\\/?s={search_term_string}\"},\"query-input\":{\"@type\":\"PropertyValueSpecification\",\"valueRequired\":true,\"valueName\":\"search_term_string\"}}],\"inLanguage\":\"pt-BR\"},{\"@type\":\"Organization\",\"@id\":\"https:\\\/\\\/www.mpc.pr.gov.br\\\/#organization\",\"name\":\"Minist\u00e9rio P\u00fablico de Contas do Estado do Paran\u00e1\",\"url\":\"https:\\\/\\\/www.mpc.pr.gov.br\\\/\",\"logo\":{\"@type\":\"ImageObject\",\"inLanguage\":\"pt-BR\",\"@id\":\"https:\\\/\\\/www.mpc.pr.gov.br\\\/#\\\/schema\\\/logo\\\/image\\\/\",\"url\":\"https:\\\/\\\/www.mpc.pr.gov.br\\\/wp-content\\\/uploads\\\/2020\\\/06\\\/99423647_1593460364143890_6706793420720963584_n-1-e1591387983167.png\",\"contentUrl\":\"https:\\\/\\\/www.mpc.pr.gov.br\\\/wp-content\\\/uploads\\\/2020\\\/06\\\/99423647_1593460364143890_6706793420720963584_n-1-e1591387983167.png\",\"width\":243,\"height\":73,\"caption\":\"Minist\u00e9rio P\u00fablico de Contas do Estado do Paran\u00e1\"},\"image\":{\"@id\":\"https:\\\/\\\/www.mpc.pr.gov.br\\\/#\\\/schema\\\/logo\\\/image\\\/\"},\"sameAs\":[\"https:\\\/\\\/www.facebook.com\\\/mpc.pr\",\"https:\\\/\\\/www.instagram.com\\\/mpc.pr\\\/?hl=pt-br\",\"https:\\\/\\\/www.youtube.com\\\/channel\\\/UCHri5oEM8DV0ztX57E0sBSw\"]},{\"@type\":\"Person\",\"@id\":\"https:\\\/\\\/www.mpc.pr.gov.br\\\/#\\\/schema\\\/person\\\/e6db2baa689b9b3b9e704ac0d26f7d3e\",\"name\":\"michael.reiner\",\"image\":{\"@type\":\"ImageObject\",\"inLanguage\":\"pt-BR\",\"@id\":\"https:\\\/\\\/secure.gravatar.com\\\/avatar\\\/?s=96&d=mm&r=g\",\"url\":\"https:\\\/\\\/secure.gravatar.com\\\/avatar\\\/?s=96&d=mm&r=g\",\"contentUrl\":\"https:\\\/\\\/secure.gravatar.com\\\/avatar\\\/?s=96&d=mm&r=g\",\"caption\":\"michael.reiner\"}}]}<\/script>\n<!-- \/ Yoast SEO plugin. -->","yoast_head_json":{"title":"Lan\u00e7ada Revista do Minist\u00e9rio P\u00fablico de Contas do Estado do Paran\u00e1 - Minist\u00e9rio P\u00fablico de Contas do Estado do Paran\u00e1","robots":{"index":"index","follow":"follow","max-snippet":"max-snippet:-1","max-image-preview":"max-image-preview:large","max-video-preview":"max-video-preview:-1"},"canonical":"https:\/\/www.mpc.pr.gov.br\/index.php\/lancada-revista-do-ministerio-publico-de-contas-do-estado-do-parana\/","og_locale":"pt_BR","og_type":"article","og_title":"Lan\u00e7ada Revista do Minist\u00e9rio P\u00fablico de Contas do Estado do Paran\u00e1 - Minist\u00e9rio P\u00fablico de Contas do Estado do Paran\u00e1","og_description":"A Revista do Minist\u00e9rio P\u00fablico de Contas do Estado do Paran\u00e1 j\u00e1 est\u00e1 dispon\u00edvel. \u00a0O peri\u00f3dico nasce de uma iniciativa de integrar e promover o desenvolvimento de a\u00e7\u00f5es e estudos no \u00e2mbito do controle da Administra\u00e7\u00e3o P\u00fablica, sob o m\u00faltiplo enfoque da miss\u00e3o constitucional que \u00e9 deferida ao Minist\u00e9rio P\u00fablico brasileiro e aos seus ramos, [&hellip;]","og_url":"https:\/\/www.mpc.pr.gov.br\/index.php\/lancada-revista-do-ministerio-publico-de-contas-do-estado-do-parana\/","og_site_name":"Minist\u00e9rio P\u00fablico de Contas do Estado do Paran\u00e1","article_publisher":"https:\/\/www.facebook.com\/mpc.pr","article_published_time":"2014-11-04T18:59:26+00:00","author":"michael.reiner","twitter_card":"summary_large_image","twitter_misc":{"Escrito por":"michael.reiner","Est. tempo de leitura":"1 minuto"},"schema":{"@context":"https:\/\/schema.org","@graph":[{"@type":"Article","@id":"https:\/\/www.mpc.pr.gov.br\/index.php\/lancada-revista-do-ministerio-publico-de-contas-do-estado-do-parana\/#article","isPartOf":{"@id":"https:\/\/www.mpc.pr.gov.br\/index.php\/lancada-revista-do-ministerio-publico-de-contas-do-estado-do-parana\/"},"author":{"name":"michael.reiner","@id":"https:\/\/www.mpc.pr.gov.br\/#\/schema\/person\/e6db2baa689b9b3b9e704ac0d26f7d3e"},"headline":"Lan\u00e7ada Revista do Minist\u00e9rio P\u00fablico de Contas do Estado do Paran\u00e1","datePublished":"2014-11-04T18:59:26+00:00","mainEntityOfPage":{"@id":"https:\/\/www.mpc.pr.gov.br\/index.php\/lancada-revista-do-ministerio-publico-de-contas-do-estado-do-parana\/"},"wordCount":216,"commentCount":0,"publisher":{"@id":"https:\/\/www.mpc.pr.gov.br\/#organization"},"image":{"@id":"https:\/\/www.mpc.pr.gov.br\/index.php\/lancada-revista-do-ministerio-publico-de-contas-do-estado-do-parana\/#primaryimage"},"thumbnailUrl":"","articleSection":["Todas as not\u00edcias"],"inLanguage":"pt-BR","potentialAction":[{"@type":"CommentAction","name":"Comment","target":["https:\/\/www.mpc.pr.gov.br\/index.php\/lancada-revista-do-ministerio-publico-de-contas-do-estado-do-parana\/#respond"]}]},{"@type":"WebPage","@id":"https:\/\/www.mpc.pr.gov.br\/index.php\/lancada-revista-do-ministerio-publico-de-contas-do-estado-do-parana\/","url":"https:\/\/www.mpc.pr.gov.br\/index.php\/lancada-revista-do-ministerio-publico-de-contas-do-estado-do-parana\/","name":"Lan\u00e7ada Revista do Minist\u00e9rio P\u00fablico de Contas do Estado do Paran\u00e1 - Minist\u00e9rio P\u00fablico de Contas do Estado do Paran\u00e1","isPartOf":{"@id":"https:\/\/www.mpc.pr.gov.br\/#website"},"primaryImageOfPage":{"@id":"https:\/\/www.mpc.pr.gov.br\/index.php\/lancada-revista-do-ministerio-publico-de-contas-do-estado-do-parana\/#primaryimage"},"image":{"@id":"https:\/\/www.mpc.pr.gov.br\/index.php\/lancada-revista-do-ministerio-publico-de-contas-do-estado-do-parana\/#primaryimage"},"thumbnailUrl":"","datePublished":"2014-11-04T18:59:26+00:00","breadcrumb":{"@id":"https:\/\/www.mpc.pr.gov.br\/index.php\/lancada-revista-do-ministerio-publico-de-contas-do-estado-do-parana\/#breadcrumb"},"inLanguage":"pt-BR","potentialAction":[{"@type":"ReadAction","target":["https:\/\/www.mpc.pr.gov.br\/index.php\/lancada-revista-do-ministerio-publico-de-contas-do-estado-do-parana\/"]}]},{"@type":"ImageObject","inLanguage":"pt-BR","@id":"https:\/\/www.mpc.pr.gov.br\/index.php\/lancada-revista-do-ministerio-publico-de-contas-do-estado-do-parana\/#primaryimage","url":"","contentUrl":""},{"@type":"BreadcrumbList","@id":"https:\/\/www.mpc.pr.gov.br\/index.php\/lancada-revista-do-ministerio-publico-de-contas-do-estado-do-parana\/#breadcrumb","itemListElement":[{"@type":"ListItem","position":1,"name":"In\u00edcio","item":"https:\/\/www.mpc.pr.gov.br\/"},{"@type":"ListItem","position":2,"name":"Lan\u00e7ada Revista do Minist\u00e9rio P\u00fablico de Contas do Estado do Paran\u00e1"}]},{"@type":"WebSite","@id":"https:\/\/www.mpc.pr.gov.br\/#website","url":"https:\/\/www.mpc.pr.gov.br\/","name":"Minist\u00e9rio P\u00fablico de Contas do Estado do Paran\u00e1","description":"","publisher":{"@id":"https:\/\/www.mpc.pr.gov.br\/#organization"},"potentialAction":[{"@type":"SearchAction","target":{"@type":"EntryPoint","urlTemplate":"https:\/\/www.mpc.pr.gov.br\/?s={search_term_string}"},"query-input":{"@type":"PropertyValueSpecification","valueRequired":true,"valueName":"search_term_string"}}],"inLanguage":"pt-BR"},{"@type":"Organization","@id":"https:\/\/www.mpc.pr.gov.br\/#organization","name":"Minist\u00e9rio P\u00fablico de Contas do Estado do Paran\u00e1","url":"https:\/\/www.mpc.pr.gov.br\/","logo":{"@type":"ImageObject","inLanguage":"pt-BR","@id":"https:\/\/www.mpc.pr.gov.br\/#\/schema\/logo\/image\/","url":"https:\/\/www.mpc.pr.gov.br\/wp-content\/uploads\/2020\/06\/99423647_1593460364143890_6706793420720963584_n-1-e1591387983167.png","contentUrl":"https:\/\/www.mpc.pr.gov.br\/wp-content\/uploads\/2020\/06\/99423647_1593460364143890_6706793420720963584_n-1-e1591387983167.png","width":243,"height":73,"caption":"Minist\u00e9rio P\u00fablico de Contas do Estado do Paran\u00e1"},"image":{"@id":"https:\/\/www.mpc.pr.gov.br\/#\/schema\/logo\/image\/"},"sameAs":["https:\/\/www.facebook.com\/mpc.pr","https:\/\/www.instagram.com\/mpc.pr\/?hl=pt-br","https:\/\/www.youtube.com\/channel\/UCHri5oEM8DV0ztX57E0sBSw"]},{"@type":"Person","@id":"https:\/\/www.mpc.pr.gov.br\/#\/schema\/person\/e6db2baa689b9b3b9e704ac0d26f7d3e","name":"michael.reiner","image":{"@type":"ImageObject","inLanguage":"pt-BR","@id":"https:\/\/secure.gravatar.com\/avatar\/?s=96&d=mm&r=g","url":"https:\/\/secure.gravatar.com\/avatar\/?s=96&d=mm&r=g","contentUrl":"https:\/\/secure.gravatar.com\/avatar\/?s=96&d=mm&r=g","caption":"michael.reiner"}}]}},"rttpg_featured_image_url":null,"rttpg_author":{"display_name":"michael.reiner","author_link":"https:\/\/www.mpc.pr.gov.br\/index.php\/author\/michael-reiner\/"},"rttpg_comment":0,"rttpg_category":"<a href=\"https:\/\/www.mpc.pr.gov.br\/index.php\/category\/todas-as-noticias\/\" rel=\"category tag\">Todas as not\u00edcias<\/a>","rttpg_excerpt":"A Revista do Minist\u00e9rio P\u00fablico de Contas do Estado do Paran\u00e1 j\u00e1 est\u00e1 dispon\u00edvel. \u00a0O peri\u00f3dico nasce de uma iniciativa de integrar e promover o desenvolvimento de a\u00e7\u00f5es e estudos no \u00e2mbito do controle da Administra\u00e7\u00e3o P\u00fablica, sob o m\u00faltiplo enfoque da miss\u00e3o constitucional que \u00e9 deferida ao Minist\u00e9rio P\u00fablico brasileiro e aos seus ramos,&hellip;","_links":{"self":[{"href":"https:\/\/www.mpc.pr.gov.br\/index.php\/wp-json\/wp\/v2\/posts\/3464","targetHints":{"allow":["GET"]}}],"collection":[{"href":"https:\/\/www.mpc.pr.gov.br\/index.php\/wp-json\/wp\/v2\/posts"}],"about":[{"href":"https:\/\/www.mpc.pr.gov.br\/index.php\/wp-json\/wp\/v2\/types\/post"}],"author":[{"embeddable":true,"href":"https:\/\/www.mpc.pr.gov.br\/index.php\/wp-json\/wp\/v2\/users\/3"}],"replies":[{"embeddable":true,"href":"https:\/\/www.mpc.pr.gov.br\/index.php\/wp-json\/wp\/v2\/comments?post=3464"}],"version-history":[{"count":0,"href":"https:\/\/www.mpc.pr.gov.br\/index.php\/wp-json\/wp\/v2\/posts\/3464\/revisions"}],"wp:featuredmedia":[{"embeddable":true,"href":"https:\/\/www.mpc.pr.gov.br\/index.php\/wp-json\/"}],"wp:attachment":[{"href":"https:\/\/www.mpc.pr.gov.br\/index.php\/wp-json\/wp\/v2\/media?parent=3464"}],"wp:term":[{"taxonomy":"category","embeddable":true,"href":"https:\/\/www.mpc.pr.gov.br\/index.php\/wp-json\/wp\/v2\/categories?post=3464"},{"taxonomy":"post_tag","embeddable":true,"href":"https:\/\/www.mpc.pr.gov.br\/index.php\/wp-json\/wp\/v2\/tags?post=3464"}],"curies":[{"name":"wp","href":"https:\/\/api.w.org\/{rel}","templated":true}]}}