{"id":3572,"date":"2015-02-27T14:47:04","date_gmt":"2015-02-27T14:47:04","guid":{"rendered":"http:\/\/www.mpc.pr.gov.br\/?p=3572"},"modified":"2015-02-27T14:47:04","modified_gmt":"2015-02-27T14:47:04","slug":"mpc-pr-realiza-a-primeira-reuniao-do-colegiado","status":"publish","type":"post","link":"https:\/\/www.mpc.pr.gov.br\/index.php\/mpc-pr-realiza-a-primeira-reuniao-do-colegiado\/","title":{"rendered":"MPC-PR realiza a primeira reuni\u00e3o do colegiado"},"content":{"rendered":"<p>&nbsp;<\/p>\n<p style=\"text-align: justify;\">Com a presen\u00e7a dos dez procuradores, o Minist\u00e9rio P\u00fablico de Contas, que atua junto ao TCE-PR, iniciou, no dia 12 de fevereiro, as atividades de 2015 do Col\u00e9gio de Procuradores, \u00f3rg\u00e3o m\u00e1ximo da institui\u00e7\u00e3o. A reuni\u00e3o foi realizada na sala do procurador-geral, Michael Reiner, que tamb\u00e9m preside o colegiado.<\/p>\n<p style=\"text-align: justify;\">As compet\u00eancias do Col\u00e9gio de Procuradores est\u00e3o estabelecidas nos 21 incisos do Artigo 22 do Regimento Interno do MPC-PR. J\u00e1 os artigos 23 e 24 estabelecem normas de funcionamento e organiza\u00e7\u00e3o do colegiado, que promove reuni\u00f5es mensais. As atas e delibera\u00e7\u00f5es s\u00e3o publicadas no <i>Di\u00e1rio Eletr\u00f4nico do TCE-PR <\/i>e no site do MPC-PR na internet.<\/p>\n<p style=\"text-align: justify;\">No primeiro encontro de 2015, Reiner destacou a participa\u00e7\u00e3o de todos os procuradores, embora o Regimento Interno faculte aos membros do colegiado o exerc\u00edcio das atividades durante os per\u00edodos de f\u00e9rias e licen\u00e7as.<\/p>\n<p style=\"text-align: justify;\">\u00a0<b>Delibera\u00e7\u00f5es<\/b><\/p>\n<p style=\"text-align: justify;\">\u00a0Na reuni\u00e3o de fevereiro foram eleitos e empossados dois novos membros do Conselho do MPC-PR: os procuradores Eliza Langner e Fl\u00e1vio Berti. Tamb\u00e9m foi aprovado o quadro geral de antiguidade dos membros da institui\u00e7\u00e3o.<\/p>\n<p style=\"text-align: justify;\">\u00a0Os procuradores tamb\u00e9m debateram medidas para fortalecer o controle externo da administra\u00e7\u00e3o p\u00fablica no Paran\u00e1. Uma dessas medidas foi o requerimento enviado ao presidente do TCE-PR, conselheiro Ivan Bonilha, no qual o MPC solicita a <strong>regulamenta\u00e7\u00e3o dos procedimentos de declara\u00e7\u00e3o de bens e rendas<\/strong> a serem apresentadas ao Tribunal pelas autoridades e os servidores p\u00fablicos municipais e estaduais, na forma das leis federais 8429\/92 e 8730\/93.<\/p>\n<p style=\"text-align: justify;\">\u201cO objetivo \u00e9 fixar normas sobre o exerc\u00edcio do <strong>controle da varia\u00e7\u00e3o patrimonial e de sinais de enriquecimento il\u00edcito dos agentes p\u00fablicos<\/strong>\u201d, explica Reiner. O procurador-geral informa que iniciativa semelhante adotada pela Controladoria-Geral do Munic\u00edpio de S\u00e3o Paulo resultou na pris\u00e3o de membros da quadrilha conhecida como \u201cM\u00e1fia do ISS\u201d na capital paulista.<\/p>\n<p style=\"text-align: justify;\"><b>Cargos comissionados<\/b><\/p>\n<p style=\"text-align: justify;\">Na reuni\u00e3o, o procurador-geral tamb\u00e9m detalhou a proposi\u00e7\u00e3o de prejulgado, feita em conjunto com o MP Estadual, para balizar a cria\u00e7\u00e3o e o exerc\u00edcio de cargos comissionados e fun\u00e7\u00f5es de confian\u00e7a na administra\u00e7\u00e3o p\u00fablica do Paran\u00e1. \u201cMPC e MPE devem adotar medidas concertadas quanto ao tema e o requerimento formulado prestigia a compet\u00eancia do TCE na fixa\u00e7\u00e3o de diretrizes sobre a aplica\u00e7\u00e3o do art. 37, V, da Constitui\u00e7\u00e3o Federal\u201d, afirma Reiner.<\/p>\n<p style=\"text-align: justify;\">A atua\u00e7\u00e3o do MPC na \u00e1rea educacional tamb\u00e9m constou da pauta da primeira reuni\u00e3o do ano. Entre os assuntos debatidos est\u00e3o a assinatura de novos Termos de Ajustamento de Conduta (TACs), linhas de a\u00e7\u00e3o frente ao recente Estatuto da Pessoa com Defici\u00eancia (Lei Estadual 18419\/15) no campo da administra\u00e7\u00e3o p\u00fablica e o cumprimento da Agenda de Obriga\u00e7\u00f5es pelos jurisdicionados do Tribunal.<\/p>\n<p style=\"text-align: justify;\"><a href=\"http:\/\/www.mpc.pr.gov.br\/wp-content\/uploads\/2015\/02\/colegio.png\"><img fetchpriority=\"high\" decoding=\"async\" class=\"aligncenter size-full wp-image-3574\" alt=\"colegio\" src=\"http:\/\/www.mpc.pr.gov.br\/wp-content\/uploads\/2015\/02\/colegio.png\" width=\"730\" height=\"374\" \/><\/a><\/p>\n<p style=\"text-align: justify;\">Fonte: DCS\/TCE-PR\/MPC-PR<\/p>\n<p>&nbsp;<\/p>\n<p>&nbsp;<\/p>\n","protected":false},"excerpt":{"rendered":"<p>&nbsp; Com a presen\u00e7a dos dez procuradores, o Minist\u00e9rio P\u00fablico de Contas, que atua junto ao TCE-PR, iniciou, no dia 12 de fevereiro, as atividades de 2015 do Col\u00e9gio de Procuradores, \u00f3rg\u00e3o m\u00e1ximo da institui\u00e7\u00e3o. A reuni\u00e3o foi realizada na sala do procurador-geral, Michael Reiner, que tamb\u00e9m preside o colegiado. As compet\u00eancias do Col\u00e9gio de [&hellip;]<\/p>\n","protected":false},"author":3,"featured_media":3574,"comment_status":"open","ping_status":"open","sticky":false,"template":"","format":"standard","meta":{"_monsterinsights_skip_tracking":false,"_monsterinsights_sitenote_active":false,"_monsterinsights_sitenote_note":"","_monsterinsights_sitenote_category":0,"footnotes":""},"categories":[7],"tags":[],"class_list":["post-3572","post","type-post","status-publish","format-standard","has-post-thumbnail","hentry","category-todas-as-noticias","entry","has-media"],"yoast_head":"<!-- This site is optimized with the Yoast SEO plugin v27.3 - https:\/\/yoast.com\/product\/yoast-seo-wordpress\/ -->\n<title>MPC-PR realiza a primeira reuni\u00e3o do colegiado - Minist\u00e9rio P\u00fablico de Contas do Estado do Paran\u00e1<\/title>\n<meta name=\"robots\" content=\"index, follow, max-snippet:-1, max-image-preview:large, max-video-preview:-1\" \/>\n<link rel=\"canonical\" href=\"https:\/\/www.mpc.pr.gov.br\/index.php\/mpc-pr-realiza-a-primeira-reuniao-do-colegiado\/\" \/>\n<meta property=\"og:locale\" content=\"pt_BR\" \/>\n<meta property=\"og:type\" content=\"article\" \/>\n<meta property=\"og:title\" content=\"MPC-PR realiza a primeira reuni\u00e3o do colegiado - Minist\u00e9rio P\u00fablico de Contas do Estado do Paran\u00e1\" \/>\n<meta property=\"og:description\" content=\"&nbsp; Com a presen\u00e7a dos dez procuradores, o Minist\u00e9rio P\u00fablico de Contas, que atua junto ao TCE-PR, iniciou, no dia 12 de fevereiro, as atividades de 2015 do Col\u00e9gio de Procuradores, \u00f3rg\u00e3o m\u00e1ximo da institui\u00e7\u00e3o. A reuni\u00e3o foi realizada na sala do procurador-geral, Michael Reiner, que tamb\u00e9m preside o colegiado. As compet\u00eancias do Col\u00e9gio de [&hellip;]\" \/>\n<meta property=\"og:url\" content=\"https:\/\/www.mpc.pr.gov.br\/index.php\/mpc-pr-realiza-a-primeira-reuniao-do-colegiado\/\" \/>\n<meta property=\"og:site_name\" content=\"Minist\u00e9rio P\u00fablico de Contas do Estado do Paran\u00e1\" \/>\n<meta property=\"article:publisher\" content=\"https:\/\/www.facebook.com\/mpc.pr\" \/>\n<meta property=\"article:published_time\" content=\"2015-02-27T14:47:04+00:00\" \/>\n<meta name=\"author\" content=\"michael.reiner\" \/>\n<meta name=\"twitter:card\" content=\"summary_large_image\" \/>\n<meta name=\"twitter:label1\" content=\"Escrito por\" \/>\n\t<meta name=\"twitter:data1\" content=\"michael.reiner\" \/>\n\t<meta name=\"twitter:label2\" content=\"Est. tempo de leitura\" \/>\n\t<meta name=\"twitter:data2\" content=\"2 minutos\" \/>\n<script type=\"application\/ld+json\" class=\"yoast-schema-graph\">{\"@context\":\"https:\\\/\\\/schema.org\",\"@graph\":[{\"@type\":\"Article\",\"@id\":\"https:\\\/\\\/www.mpc.pr.gov.br\\\/index.php\\\/mpc-pr-realiza-a-primeira-reuniao-do-colegiado\\\/#article\",\"isPartOf\":{\"@id\":\"https:\\\/\\\/www.mpc.pr.gov.br\\\/index.php\\\/mpc-pr-realiza-a-primeira-reuniao-do-colegiado\\\/\"},\"author\":{\"name\":\"michael.reiner\",\"@id\":\"https:\\\/\\\/www.mpc.pr.gov.br\\\/#\\\/schema\\\/person\\\/e6db2baa689b9b3b9e704ac0d26f7d3e\"},\"headline\":\"MPC-PR realiza a primeira reuni\u00e3o do colegiado\",\"datePublished\":\"2015-02-27T14:47:04+00:00\",\"mainEntityOfPage\":{\"@id\":\"https:\\\/\\\/www.mpc.pr.gov.br\\\/index.php\\\/mpc-pr-realiza-a-primeira-reuniao-do-colegiado\\\/\"},\"wordCount\":492,\"commentCount\":0,\"publisher\":{\"@id\":\"https:\\\/\\\/www.mpc.pr.gov.br\\\/#organization\"},\"image\":{\"@id\":\"https:\\\/\\\/www.mpc.pr.gov.br\\\/index.php\\\/mpc-pr-realiza-a-primeira-reuniao-do-colegiado\\\/#primaryimage\"},\"thumbnailUrl\":\"\",\"articleSection\":[\"Todas as not\u00edcias\"],\"inLanguage\":\"pt-BR\",\"potentialAction\":[{\"@type\":\"CommentAction\",\"name\":\"Comment\",\"target\":[\"https:\\\/\\\/www.mpc.pr.gov.br\\\/index.php\\\/mpc-pr-realiza-a-primeira-reuniao-do-colegiado\\\/#respond\"]}]},{\"@type\":\"WebPage\",\"@id\":\"https:\\\/\\\/www.mpc.pr.gov.br\\\/index.php\\\/mpc-pr-realiza-a-primeira-reuniao-do-colegiado\\\/\",\"url\":\"https:\\\/\\\/www.mpc.pr.gov.br\\\/index.php\\\/mpc-pr-realiza-a-primeira-reuniao-do-colegiado\\\/\",\"name\":\"MPC-PR realiza a primeira reuni\u00e3o do colegiado - Minist\u00e9rio P\u00fablico de Contas do Estado do Paran\u00e1\",\"isPartOf\":{\"@id\":\"https:\\\/\\\/www.mpc.pr.gov.br\\\/#website\"},\"primaryImageOfPage\":{\"@id\":\"https:\\\/\\\/www.mpc.pr.gov.br\\\/index.php\\\/mpc-pr-realiza-a-primeira-reuniao-do-colegiado\\\/#primaryimage\"},\"image\":{\"@id\":\"https:\\\/\\\/www.mpc.pr.gov.br\\\/index.php\\\/mpc-pr-realiza-a-primeira-reuniao-do-colegiado\\\/#primaryimage\"},\"thumbnailUrl\":\"\",\"datePublished\":\"2015-02-27T14:47:04+00:00\",\"breadcrumb\":{\"@id\":\"https:\\\/\\\/www.mpc.pr.gov.br\\\/index.php\\\/mpc-pr-realiza-a-primeira-reuniao-do-colegiado\\\/#breadcrumb\"},\"inLanguage\":\"pt-BR\",\"potentialAction\":[{\"@type\":\"ReadAction\",\"target\":[\"https:\\\/\\\/www.mpc.pr.gov.br\\\/index.php\\\/mpc-pr-realiza-a-primeira-reuniao-do-colegiado\\\/\"]}]},{\"@type\":\"ImageObject\",\"inLanguage\":\"pt-BR\",\"@id\":\"https:\\\/\\\/www.mpc.pr.gov.br\\\/index.php\\\/mpc-pr-realiza-a-primeira-reuniao-do-colegiado\\\/#primaryimage\",\"url\":\"\",\"contentUrl\":\"\"},{\"@type\":\"BreadcrumbList\",\"@id\":\"https:\\\/\\\/www.mpc.pr.gov.br\\\/index.php\\\/mpc-pr-realiza-a-primeira-reuniao-do-colegiado\\\/#breadcrumb\",\"itemListElement\":[{\"@type\":\"ListItem\",\"position\":1,\"name\":\"In\u00edcio\",\"item\":\"https:\\\/\\\/www.mpc.pr.gov.br\\\/\"},{\"@type\":\"ListItem\",\"position\":2,\"name\":\"MPC-PR realiza a primeira reuni\u00e3o do colegiado\"}]},{\"@type\":\"WebSite\",\"@id\":\"https:\\\/\\\/www.mpc.pr.gov.br\\\/#website\",\"url\":\"https:\\\/\\\/www.mpc.pr.gov.br\\\/\",\"name\":\"Minist\u00e9rio P\u00fablico de Contas do Estado do Paran\u00e1\",\"description\":\"\",\"publisher\":{\"@id\":\"https:\\\/\\\/www.mpc.pr.gov.br\\\/#organization\"},\"potentialAction\":[{\"@type\":\"SearchAction\",\"target\":{\"@type\":\"EntryPoint\",\"urlTemplate\":\"https:\\\/\\\/www.mpc.pr.gov.br\\\/?s={search_term_string}\"},\"query-input\":{\"@type\":\"PropertyValueSpecification\",\"valueRequired\":true,\"valueName\":\"search_term_string\"}}],\"inLanguage\":\"pt-BR\"},{\"@type\":\"Organization\",\"@id\":\"https:\\\/\\\/www.mpc.pr.gov.br\\\/#organization\",\"name\":\"Minist\u00e9rio P\u00fablico de Contas do Estado do Paran\u00e1\",\"url\":\"https:\\\/\\\/www.mpc.pr.gov.br\\\/\",\"logo\":{\"@type\":\"ImageObject\",\"inLanguage\":\"pt-BR\",\"@id\":\"https:\\\/\\\/www.mpc.pr.gov.br\\\/#\\\/schema\\\/logo\\\/image\\\/\",\"url\":\"https:\\\/\\\/www.mpc.pr.gov.br\\\/wp-content\\\/uploads\\\/2020\\\/06\\\/99423647_1593460364143890_6706793420720963584_n-1-e1591387983167.png\",\"contentUrl\":\"https:\\\/\\\/www.mpc.pr.gov.br\\\/wp-content\\\/uploads\\\/2020\\\/06\\\/99423647_1593460364143890_6706793420720963584_n-1-e1591387983167.png\",\"width\":243,\"height\":73,\"caption\":\"Minist\u00e9rio P\u00fablico de Contas do Estado do Paran\u00e1\"},\"image\":{\"@id\":\"https:\\\/\\\/www.mpc.pr.gov.br\\\/#\\\/schema\\\/logo\\\/image\\\/\"},\"sameAs\":[\"https:\\\/\\\/www.facebook.com\\\/mpc.pr\",\"https:\\\/\\\/www.instagram.com\\\/mpc.pr\\\/?hl=pt-br\",\"https:\\\/\\\/www.youtube.com\\\/channel\\\/UCHri5oEM8DV0ztX57E0sBSw\"]},{\"@type\":\"Person\",\"@id\":\"https:\\\/\\\/www.mpc.pr.gov.br\\\/#\\\/schema\\\/person\\\/e6db2baa689b9b3b9e704ac0d26f7d3e\",\"name\":\"michael.reiner\",\"image\":{\"@type\":\"ImageObject\",\"inLanguage\":\"pt-BR\",\"@id\":\"https:\\\/\\\/secure.gravatar.com\\\/avatar\\\/?s=96&d=mm&r=g\",\"url\":\"https:\\\/\\\/secure.gravatar.com\\\/avatar\\\/?s=96&d=mm&r=g\",\"contentUrl\":\"https:\\\/\\\/secure.gravatar.com\\\/avatar\\\/?s=96&d=mm&r=g\",\"caption\":\"michael.reiner\"}}]}<\/script>\n<!-- \/ Yoast SEO plugin. -->","yoast_head_json":{"title":"MPC-PR realiza a primeira reuni\u00e3o do colegiado - Minist\u00e9rio P\u00fablico de Contas do Estado do Paran\u00e1","robots":{"index":"index","follow":"follow","max-snippet":"max-snippet:-1","max-image-preview":"max-image-preview:large","max-video-preview":"max-video-preview:-1"},"canonical":"https:\/\/www.mpc.pr.gov.br\/index.php\/mpc-pr-realiza-a-primeira-reuniao-do-colegiado\/","og_locale":"pt_BR","og_type":"article","og_title":"MPC-PR realiza a primeira reuni\u00e3o do colegiado - Minist\u00e9rio P\u00fablico de Contas do Estado do Paran\u00e1","og_description":"&nbsp; Com a presen\u00e7a dos dez procuradores, o Minist\u00e9rio P\u00fablico de Contas, que atua junto ao TCE-PR, iniciou, no dia 12 de fevereiro, as atividades de 2015 do Col\u00e9gio de Procuradores, \u00f3rg\u00e3o m\u00e1ximo da institui\u00e7\u00e3o. A reuni\u00e3o foi realizada na sala do procurador-geral, Michael Reiner, que tamb\u00e9m preside o colegiado. As compet\u00eancias do Col\u00e9gio de [&hellip;]","og_url":"https:\/\/www.mpc.pr.gov.br\/index.php\/mpc-pr-realiza-a-primeira-reuniao-do-colegiado\/","og_site_name":"Minist\u00e9rio P\u00fablico de Contas do Estado do Paran\u00e1","article_publisher":"https:\/\/www.facebook.com\/mpc.pr","article_published_time":"2015-02-27T14:47:04+00:00","author":"michael.reiner","twitter_card":"summary_large_image","twitter_misc":{"Escrito por":"michael.reiner","Est. tempo de leitura":"2 minutos"},"schema":{"@context":"https:\/\/schema.org","@graph":[{"@type":"Article","@id":"https:\/\/www.mpc.pr.gov.br\/index.php\/mpc-pr-realiza-a-primeira-reuniao-do-colegiado\/#article","isPartOf":{"@id":"https:\/\/www.mpc.pr.gov.br\/index.php\/mpc-pr-realiza-a-primeira-reuniao-do-colegiado\/"},"author":{"name":"michael.reiner","@id":"https:\/\/www.mpc.pr.gov.br\/#\/schema\/person\/e6db2baa689b9b3b9e704ac0d26f7d3e"},"headline":"MPC-PR realiza a primeira reuni\u00e3o do colegiado","datePublished":"2015-02-27T14:47:04+00:00","mainEntityOfPage":{"@id":"https:\/\/www.mpc.pr.gov.br\/index.php\/mpc-pr-realiza-a-primeira-reuniao-do-colegiado\/"},"wordCount":492,"commentCount":0,"publisher":{"@id":"https:\/\/www.mpc.pr.gov.br\/#organization"},"image":{"@id":"https:\/\/www.mpc.pr.gov.br\/index.php\/mpc-pr-realiza-a-primeira-reuniao-do-colegiado\/#primaryimage"},"thumbnailUrl":"","articleSection":["Todas as not\u00edcias"],"inLanguage":"pt-BR","potentialAction":[{"@type":"CommentAction","name":"Comment","target":["https:\/\/www.mpc.pr.gov.br\/index.php\/mpc-pr-realiza-a-primeira-reuniao-do-colegiado\/#respond"]}]},{"@type":"WebPage","@id":"https:\/\/www.mpc.pr.gov.br\/index.php\/mpc-pr-realiza-a-primeira-reuniao-do-colegiado\/","url":"https:\/\/www.mpc.pr.gov.br\/index.php\/mpc-pr-realiza-a-primeira-reuniao-do-colegiado\/","name":"MPC-PR realiza a primeira reuni\u00e3o do colegiado - Minist\u00e9rio P\u00fablico de Contas do Estado do Paran\u00e1","isPartOf":{"@id":"https:\/\/www.mpc.pr.gov.br\/#website"},"primaryImageOfPage":{"@id":"https:\/\/www.mpc.pr.gov.br\/index.php\/mpc-pr-realiza-a-primeira-reuniao-do-colegiado\/#primaryimage"},"image":{"@id":"https:\/\/www.mpc.pr.gov.br\/index.php\/mpc-pr-realiza-a-primeira-reuniao-do-colegiado\/#primaryimage"},"thumbnailUrl":"","datePublished":"2015-02-27T14:47:04+00:00","breadcrumb":{"@id":"https:\/\/www.mpc.pr.gov.br\/index.php\/mpc-pr-realiza-a-primeira-reuniao-do-colegiado\/#breadcrumb"},"inLanguage":"pt-BR","potentialAction":[{"@type":"ReadAction","target":["https:\/\/www.mpc.pr.gov.br\/index.php\/mpc-pr-realiza-a-primeira-reuniao-do-colegiado\/"]}]},{"@type":"ImageObject","inLanguage":"pt-BR","@id":"https:\/\/www.mpc.pr.gov.br\/index.php\/mpc-pr-realiza-a-primeira-reuniao-do-colegiado\/#primaryimage","url":"","contentUrl":""},{"@type":"BreadcrumbList","@id":"https:\/\/www.mpc.pr.gov.br\/index.php\/mpc-pr-realiza-a-primeira-reuniao-do-colegiado\/#breadcrumb","itemListElement":[{"@type":"ListItem","position":1,"name":"In\u00edcio","item":"https:\/\/www.mpc.pr.gov.br\/"},{"@type":"ListItem","position":2,"name":"MPC-PR realiza a primeira reuni\u00e3o do colegiado"}]},{"@type":"WebSite","@id":"https:\/\/www.mpc.pr.gov.br\/#website","url":"https:\/\/www.mpc.pr.gov.br\/","name":"Minist\u00e9rio P\u00fablico de Contas do Estado do Paran\u00e1","description":"","publisher":{"@id":"https:\/\/www.mpc.pr.gov.br\/#organization"},"potentialAction":[{"@type":"SearchAction","target":{"@type":"EntryPoint","urlTemplate":"https:\/\/www.mpc.pr.gov.br\/?s={search_term_string}"},"query-input":{"@type":"PropertyValueSpecification","valueRequired":true,"valueName":"search_term_string"}}],"inLanguage":"pt-BR"},{"@type":"Organization","@id":"https:\/\/www.mpc.pr.gov.br\/#organization","name":"Minist\u00e9rio P\u00fablico de Contas do Estado do Paran\u00e1","url":"https:\/\/www.mpc.pr.gov.br\/","logo":{"@type":"ImageObject","inLanguage":"pt-BR","@id":"https:\/\/www.mpc.pr.gov.br\/#\/schema\/logo\/image\/","url":"https:\/\/www.mpc.pr.gov.br\/wp-content\/uploads\/2020\/06\/99423647_1593460364143890_6706793420720963584_n-1-e1591387983167.png","contentUrl":"https:\/\/www.mpc.pr.gov.br\/wp-content\/uploads\/2020\/06\/99423647_1593460364143890_6706793420720963584_n-1-e1591387983167.png","width":243,"height":73,"caption":"Minist\u00e9rio P\u00fablico de Contas do Estado do Paran\u00e1"},"image":{"@id":"https:\/\/www.mpc.pr.gov.br\/#\/schema\/logo\/image\/"},"sameAs":["https:\/\/www.facebook.com\/mpc.pr","https:\/\/www.instagram.com\/mpc.pr\/?hl=pt-br","https:\/\/www.youtube.com\/channel\/UCHri5oEM8DV0ztX57E0sBSw"]},{"@type":"Person","@id":"https:\/\/www.mpc.pr.gov.br\/#\/schema\/person\/e6db2baa689b9b3b9e704ac0d26f7d3e","name":"michael.reiner","image":{"@type":"ImageObject","inLanguage":"pt-BR","@id":"https:\/\/secure.gravatar.com\/avatar\/?s=96&d=mm&r=g","url":"https:\/\/secure.gravatar.com\/avatar\/?s=96&d=mm&r=g","contentUrl":"https:\/\/secure.gravatar.com\/avatar\/?s=96&d=mm&r=g","caption":"michael.reiner"}}]}},"rttpg_featured_image_url":null,"rttpg_author":{"display_name":"michael.reiner","author_link":"https:\/\/www.mpc.pr.gov.br\/index.php\/author\/michael-reiner\/"},"rttpg_comment":0,"rttpg_category":"<a href=\"https:\/\/www.mpc.pr.gov.br\/index.php\/category\/todas-as-noticias\/\" rel=\"category tag\">Todas as not\u00edcias<\/a>","rttpg_excerpt":"&nbsp; Com a presen\u00e7a dos dez procuradores, o Minist\u00e9rio P\u00fablico de Contas, que atua junto ao TCE-PR, iniciou, no dia 12 de fevereiro, as atividades de 2015 do Col\u00e9gio de Procuradores, \u00f3rg\u00e3o m\u00e1ximo da institui\u00e7\u00e3o. A reuni\u00e3o foi realizada na sala do procurador-geral, Michael Reiner, que tamb\u00e9m preside o colegiado. As compet\u00eancias do Col\u00e9gio de&hellip;","_links":{"self":[{"href":"https:\/\/www.mpc.pr.gov.br\/index.php\/wp-json\/wp\/v2\/posts\/3572","targetHints":{"allow":["GET"]}}],"collection":[{"href":"https:\/\/www.mpc.pr.gov.br\/index.php\/wp-json\/wp\/v2\/posts"}],"about":[{"href":"https:\/\/www.mpc.pr.gov.br\/index.php\/wp-json\/wp\/v2\/types\/post"}],"author":[{"embeddable":true,"href":"https:\/\/www.mpc.pr.gov.br\/index.php\/wp-json\/wp\/v2\/users\/3"}],"replies":[{"embeddable":true,"href":"https:\/\/www.mpc.pr.gov.br\/index.php\/wp-json\/wp\/v2\/comments?post=3572"}],"version-history":[{"count":0,"href":"https:\/\/www.mpc.pr.gov.br\/index.php\/wp-json\/wp\/v2\/posts\/3572\/revisions"}],"wp:featuredmedia":[{"embeddable":true,"href":"https:\/\/www.mpc.pr.gov.br\/index.php\/wp-json\/"}],"wp:attachment":[{"href":"https:\/\/www.mpc.pr.gov.br\/index.php\/wp-json\/wp\/v2\/media?parent=3572"}],"wp:term":[{"taxonomy":"category","embeddable":true,"href":"https:\/\/www.mpc.pr.gov.br\/index.php\/wp-json\/wp\/v2\/categories?post=3572"},{"taxonomy":"post_tag","embeddable":true,"href":"https:\/\/www.mpc.pr.gov.br\/index.php\/wp-json\/wp\/v2\/tags?post=3572"}],"curies":[{"name":"wp","href":"https:\/\/api.w.org\/{rel}","templated":true}]}}