{"id":3708,"date":"2015-05-20T02:12:17","date_gmt":"2015-05-20T02:12:17","guid":{"rendered":"http:\/\/www.mpc.pr.gov.br\/?p=3708"},"modified":"2015-05-20T02:12:17","modified_gmt":"2015-05-20T02:12:17","slug":"decisao-denegatoria-da-medida-cautelar-do-mpc-pr-reforma-da-previdencia-vai-para-homologacao-do-pleno-do-tce-nesta-quinta-feira","status":"publish","type":"post","link":"https:\/\/www.mpc.pr.gov.br\/index.php\/decisao-denegatoria-da-medida-cautelar-do-mpc-pr-reforma-da-previdencia-vai-para-homologacao-do-pleno-do-tce-nesta-quinta-feira\/","title":{"rendered":"Decis\u00e3o denegat\u00f3ria da Medida Cautelar do MPC-PR (reforma da previd\u00eancia) vai para homologa\u00e7\u00e3o do Pleno do TCE nesta quinta-feira"},"content":{"rendered":"<p style=\"text-align: justify;\"><span style=\"line-height: 1.5em;\">A Medida Cautelar do Minist\u00e9rio P\u00fablico de Contas do Estado do Paran\u00e1, cujo indeferimento e encerramento foi determinado pela Presid\u00eancia do Tribunal de Contas na \u00faltima sexta-feira, 15 de maio, vai para a homologa\u00e7\u00e3o do Tribunal Pleno em sess\u00e3o desta quinta-feira (21).<\/span><\/p>\n<p style=\"text-align: justify;\">O MPC, ao verificar a incompatibilidade da lei que reformulou a previd\u00eancia dos servidores estaduais com a LRF, com a Lei Geral dos Regimes Pr\u00f3prios de Previd\u00eancia e com as leis or\u00e7ament\u00e1rias do Estado do Paran\u00e1, solicitou a sua suspens\u00e3o cautelar. Tamb\u00e9m foi verificada a inconstitucionalidade das altera\u00e7\u00f5es em face do desiquil\u00edbrio or\u00e7ament\u00e1rio e financeiro gerado, mat\u00e9ria f\u00e1tica confirmada em Parecer T\u00e9cnico do Minist\u00e9rio da Previd\u00eancia Social (malferindo-se, assim, o artigo 40 da Constitui\u00e7\u00e3o Federal).<\/p>\n<p style=\"text-align: justify;\">Com o indeferimento do pedido, que deve ser examinado pelo Pleno da Corte de Contas (segundo o que disp\u00f5e o artigo 17 do seu Regimento Interno), as movimenta\u00e7\u00f5es de recursos do Fundo Previdenci\u00e1rio j\u00e1 foram iniciadas, o que levou o MPC a solicitar esclarecimentos da Secretaria de Fazenda e da Paran\u00e1Previd\u00eancia.<\/p>\n<p style=\"text-align: justify;\">Em tempestiva resposta, a entidade previdenci\u00e1ria discorreu acerca dos pontos levantados em conformidade com as informa\u00e7\u00f5es por ela detidas, inclusive no que se refere ao Termo Conjunto assinado pelos \u00f3rg\u00e3os aut\u00f4nomos e poderes do Estado.<\/p>\n<p style=\"text-align: justify;\">Aguarda-se, ainda, esclarecimentos por parte da Secretaria da Fazenda.<\/p>\n<p style=\"text-align: justify;\"><a href=\"http:\/\/www.mpc.pr.gov.br\/wp-content\/uploads\/2015\/05\/OF-RESP-PPREV.pdf\">Of\u00edcio Paran\u00e1Previd\u00eancia<\/a>.<\/p>\n<p style=\"text-align: center;\"><a href=\"http:\/\/www.mpc.pr.gov.br\/wp-content\/uploads\/2015\/05\/cautelar.jpg\"><img fetchpriority=\"high\" decoding=\"async\" class=\"aligncenter size-full wp-image-3709\" alt=\"cautelar\" src=\"http:\/\/www.mpc.pr.gov.br\/wp-content\/uploads\/2015\/05\/cautelar.jpg\" width=\"986\" height=\"434\" \/><\/a><\/p>\n","protected":false},"excerpt":{"rendered":"<p>A Medida Cautelar do Minist\u00e9rio P\u00fablico de Contas do Estado do Paran\u00e1, cujo indeferimento e encerramento foi determinado pela Presid\u00eancia do Tribunal de Contas na \u00faltima sexta-feira, 15 de maio, vai para a homologa\u00e7\u00e3o do Tribunal Pleno em sess\u00e3o desta quinta-feira (21). O MPC, ao verificar a incompatibilidade da lei que reformulou a previd\u00eancia dos [&hellip;]<\/p>\n","protected":false},"author":3,"featured_media":3709,"comment_status":"open","ping_status":"open","sticky":false,"template":"","format":"standard","meta":{"_monsterinsights_skip_tracking":false,"_monsterinsights_sitenote_active":false,"_monsterinsights_sitenote_note":"","_monsterinsights_sitenote_category":0,"footnotes":""},"categories":[7],"tags":[],"class_list":["post-3708","post","type-post","status-publish","format-standard","has-post-thumbnail","hentry","category-todas-as-noticias","entry","has-media"],"yoast_head":"<!-- This site is optimized with the Yoast SEO plugin v27.3 - https:\/\/yoast.com\/product\/yoast-seo-wordpress\/ -->\n<title>Decis\u00e3o denegat\u00f3ria da Medida Cautelar do MPC-PR (reforma da previd\u00eancia) vai para homologa\u00e7\u00e3o do Pleno do TCE nesta quinta-feira - Minist\u00e9rio P\u00fablico de Contas do Estado do Paran\u00e1<\/title>\n<meta name=\"robots\" content=\"index, follow, max-snippet:-1, max-image-preview:large, max-video-preview:-1\" \/>\n<link rel=\"canonical\" href=\"https:\/\/www.mpc.pr.gov.br\/index.php\/decisao-denegatoria-da-medida-cautelar-do-mpc-pr-reforma-da-previdencia-vai-para-homologacao-do-pleno-do-tce-nesta-quinta-feira\/\" \/>\n<meta property=\"og:locale\" content=\"pt_BR\" \/>\n<meta property=\"og:type\" content=\"article\" \/>\n<meta property=\"og:title\" content=\"Decis\u00e3o denegat\u00f3ria da Medida Cautelar do MPC-PR (reforma da previd\u00eancia) vai para homologa\u00e7\u00e3o do Pleno do TCE nesta quinta-feira - Minist\u00e9rio P\u00fablico de Contas do Estado do Paran\u00e1\" \/>\n<meta property=\"og:description\" content=\"A Medida Cautelar do Minist\u00e9rio P\u00fablico de Contas do Estado do Paran\u00e1, cujo indeferimento e encerramento foi determinado pela Presid\u00eancia do Tribunal de Contas na \u00faltima sexta-feira, 15 de maio, vai para a homologa\u00e7\u00e3o do Tribunal Pleno em sess\u00e3o desta quinta-feira (21). O MPC, ao verificar a incompatibilidade da lei que reformulou a previd\u00eancia dos [&hellip;]\" \/>\n<meta property=\"og:url\" content=\"https:\/\/www.mpc.pr.gov.br\/index.php\/decisao-denegatoria-da-medida-cautelar-do-mpc-pr-reforma-da-previdencia-vai-para-homologacao-do-pleno-do-tce-nesta-quinta-feira\/\" \/>\n<meta property=\"og:site_name\" content=\"Minist\u00e9rio P\u00fablico de Contas do Estado do Paran\u00e1\" \/>\n<meta property=\"article:publisher\" content=\"https:\/\/www.facebook.com\/mpc.pr\" \/>\n<meta property=\"article:published_time\" content=\"2015-05-20T02:12:17+00:00\" \/>\n<meta name=\"author\" content=\"michael.reiner\" \/>\n<meta name=\"twitter:card\" content=\"summary_large_image\" \/>\n<meta name=\"twitter:label1\" content=\"Escrito por\" \/>\n\t<meta name=\"twitter:data1\" content=\"michael.reiner\" \/>\n\t<meta name=\"twitter:label2\" content=\"Est. tempo de leitura\" \/>\n\t<meta name=\"twitter:data2\" content=\"1 minuto\" \/>\n<script type=\"application\/ld+json\" class=\"yoast-schema-graph\">{\"@context\":\"https:\\\/\\\/schema.org\",\"@graph\":[{\"@type\":\"Article\",\"@id\":\"https:\\\/\\\/www.mpc.pr.gov.br\\\/index.php\\\/decisao-denegatoria-da-medida-cautelar-do-mpc-pr-reforma-da-previdencia-vai-para-homologacao-do-pleno-do-tce-nesta-quinta-feira\\\/#article\",\"isPartOf\":{\"@id\":\"https:\\\/\\\/www.mpc.pr.gov.br\\\/index.php\\\/decisao-denegatoria-da-medida-cautelar-do-mpc-pr-reforma-da-previdencia-vai-para-homologacao-do-pleno-do-tce-nesta-quinta-feira\\\/\"},\"author\":{\"name\":\"michael.reiner\",\"@id\":\"https:\\\/\\\/www.mpc.pr.gov.br\\\/#\\\/schema\\\/person\\\/e6db2baa689b9b3b9e704ac0d26f7d3e\"},\"headline\":\"Decis\u00e3o denegat\u00f3ria da Medida Cautelar do MPC-PR (reforma da previd\u00eancia) vai para homologa\u00e7\u00e3o do Pleno do TCE nesta quinta-feira\",\"datePublished\":\"2015-05-20T02:12:17+00:00\",\"mainEntityOfPage\":{\"@id\":\"https:\\\/\\\/www.mpc.pr.gov.br\\\/index.php\\\/decisao-denegatoria-da-medida-cautelar-do-mpc-pr-reforma-da-previdencia-vai-para-homologacao-do-pleno-do-tce-nesta-quinta-feira\\\/\"},\"wordCount\":267,\"commentCount\":1,\"publisher\":{\"@id\":\"https:\\\/\\\/www.mpc.pr.gov.br\\\/#organization\"},\"image\":{\"@id\":\"https:\\\/\\\/www.mpc.pr.gov.br\\\/index.php\\\/decisao-denegatoria-da-medida-cautelar-do-mpc-pr-reforma-da-previdencia-vai-para-homologacao-do-pleno-do-tce-nesta-quinta-feira\\\/#primaryimage\"},\"thumbnailUrl\":\"\",\"articleSection\":[\"Todas as not\u00edcias\"],\"inLanguage\":\"pt-BR\",\"potentialAction\":[{\"@type\":\"CommentAction\",\"name\":\"Comment\",\"target\":[\"https:\\\/\\\/www.mpc.pr.gov.br\\\/index.php\\\/decisao-denegatoria-da-medida-cautelar-do-mpc-pr-reforma-da-previdencia-vai-para-homologacao-do-pleno-do-tce-nesta-quinta-feira\\\/#respond\"]}]},{\"@type\":\"WebPage\",\"@id\":\"https:\\\/\\\/www.mpc.pr.gov.br\\\/index.php\\\/decisao-denegatoria-da-medida-cautelar-do-mpc-pr-reforma-da-previdencia-vai-para-homologacao-do-pleno-do-tce-nesta-quinta-feira\\\/\",\"url\":\"https:\\\/\\\/www.mpc.pr.gov.br\\\/index.php\\\/decisao-denegatoria-da-medida-cautelar-do-mpc-pr-reforma-da-previdencia-vai-para-homologacao-do-pleno-do-tce-nesta-quinta-feira\\\/\",\"name\":\"Decis\u00e3o denegat\u00f3ria da Medida Cautelar do MPC-PR (reforma da previd\u00eancia) vai para homologa\u00e7\u00e3o do Pleno do TCE nesta quinta-feira - Minist\u00e9rio P\u00fablico de Contas do Estado do Paran\u00e1\",\"isPartOf\":{\"@id\":\"https:\\\/\\\/www.mpc.pr.gov.br\\\/#website\"},\"primaryImageOfPage\":{\"@id\":\"https:\\\/\\\/www.mpc.pr.gov.br\\\/index.php\\\/decisao-denegatoria-da-medida-cautelar-do-mpc-pr-reforma-da-previdencia-vai-para-homologacao-do-pleno-do-tce-nesta-quinta-feira\\\/#primaryimage\"},\"image\":{\"@id\":\"https:\\\/\\\/www.mpc.pr.gov.br\\\/index.php\\\/decisao-denegatoria-da-medida-cautelar-do-mpc-pr-reforma-da-previdencia-vai-para-homologacao-do-pleno-do-tce-nesta-quinta-feira\\\/#primaryimage\"},\"thumbnailUrl\":\"\",\"datePublished\":\"2015-05-20T02:12:17+00:00\",\"breadcrumb\":{\"@id\":\"https:\\\/\\\/www.mpc.pr.gov.br\\\/index.php\\\/decisao-denegatoria-da-medida-cautelar-do-mpc-pr-reforma-da-previdencia-vai-para-homologacao-do-pleno-do-tce-nesta-quinta-feira\\\/#breadcrumb\"},\"inLanguage\":\"pt-BR\",\"potentialAction\":[{\"@type\":\"ReadAction\",\"target\":[\"https:\\\/\\\/www.mpc.pr.gov.br\\\/index.php\\\/decisao-denegatoria-da-medida-cautelar-do-mpc-pr-reforma-da-previdencia-vai-para-homologacao-do-pleno-do-tce-nesta-quinta-feira\\\/\"]}]},{\"@type\":\"ImageObject\",\"inLanguage\":\"pt-BR\",\"@id\":\"https:\\\/\\\/www.mpc.pr.gov.br\\\/index.php\\\/decisao-denegatoria-da-medida-cautelar-do-mpc-pr-reforma-da-previdencia-vai-para-homologacao-do-pleno-do-tce-nesta-quinta-feira\\\/#primaryimage\",\"url\":\"\",\"contentUrl\":\"\"},{\"@type\":\"BreadcrumbList\",\"@id\":\"https:\\\/\\\/www.mpc.pr.gov.br\\\/index.php\\\/decisao-denegatoria-da-medida-cautelar-do-mpc-pr-reforma-da-previdencia-vai-para-homologacao-do-pleno-do-tce-nesta-quinta-feira\\\/#breadcrumb\",\"itemListElement\":[{\"@type\":\"ListItem\",\"position\":1,\"name\":\"In\u00edcio\",\"item\":\"https:\\\/\\\/www.mpc.pr.gov.br\\\/\"},{\"@type\":\"ListItem\",\"position\":2,\"name\":\"Decis\u00e3o denegat\u00f3ria da Medida Cautelar do MPC-PR (reforma da previd\u00eancia) vai para homologa\u00e7\u00e3o do Pleno do TCE nesta quinta-feira\"}]},{\"@type\":\"WebSite\",\"@id\":\"https:\\\/\\\/www.mpc.pr.gov.br\\\/#website\",\"url\":\"https:\\\/\\\/www.mpc.pr.gov.br\\\/\",\"name\":\"Minist\u00e9rio P\u00fablico de Contas do Estado do Paran\u00e1\",\"description\":\"\",\"publisher\":{\"@id\":\"https:\\\/\\\/www.mpc.pr.gov.br\\\/#organization\"},\"potentialAction\":[{\"@type\":\"SearchAction\",\"target\":{\"@type\":\"EntryPoint\",\"urlTemplate\":\"https:\\\/\\\/www.mpc.pr.gov.br\\\/?s={search_term_string}\"},\"query-input\":{\"@type\":\"PropertyValueSpecification\",\"valueRequired\":true,\"valueName\":\"search_term_string\"}}],\"inLanguage\":\"pt-BR\"},{\"@type\":\"Organization\",\"@id\":\"https:\\\/\\\/www.mpc.pr.gov.br\\\/#organization\",\"name\":\"Minist\u00e9rio P\u00fablico de Contas do Estado do Paran\u00e1\",\"url\":\"https:\\\/\\\/www.mpc.pr.gov.br\\\/\",\"logo\":{\"@type\":\"ImageObject\",\"inLanguage\":\"pt-BR\",\"@id\":\"https:\\\/\\\/www.mpc.pr.gov.br\\\/#\\\/schema\\\/logo\\\/image\\\/\",\"url\":\"https:\\\/\\\/www.mpc.pr.gov.br\\\/wp-content\\\/uploads\\\/2020\\\/06\\\/99423647_1593460364143890_6706793420720963584_n-1-e1591387983167.png\",\"contentUrl\":\"https:\\\/\\\/www.mpc.pr.gov.br\\\/wp-content\\\/uploads\\\/2020\\\/06\\\/99423647_1593460364143890_6706793420720963584_n-1-e1591387983167.png\",\"width\":243,\"height\":73,\"caption\":\"Minist\u00e9rio P\u00fablico de Contas do Estado do Paran\u00e1\"},\"image\":{\"@id\":\"https:\\\/\\\/www.mpc.pr.gov.br\\\/#\\\/schema\\\/logo\\\/image\\\/\"},\"sameAs\":[\"https:\\\/\\\/www.facebook.com\\\/mpc.pr\",\"https:\\\/\\\/www.instagram.com\\\/mpc.pr\\\/?hl=pt-br\",\"https:\\\/\\\/www.youtube.com\\\/channel\\\/UCHri5oEM8DV0ztX57E0sBSw\"]},{\"@type\":\"Person\",\"@id\":\"https:\\\/\\\/www.mpc.pr.gov.br\\\/#\\\/schema\\\/person\\\/e6db2baa689b9b3b9e704ac0d26f7d3e\",\"name\":\"michael.reiner\",\"image\":{\"@type\":\"ImageObject\",\"inLanguage\":\"pt-BR\",\"@id\":\"https:\\\/\\\/secure.gravatar.com\\\/avatar\\\/?s=96&d=mm&r=g\",\"url\":\"https:\\\/\\\/secure.gravatar.com\\\/avatar\\\/?s=96&d=mm&r=g\",\"contentUrl\":\"https:\\\/\\\/secure.gravatar.com\\\/avatar\\\/?s=96&d=mm&r=g\",\"caption\":\"michael.reiner\"}}]}<\/script>\n<!-- \/ Yoast SEO plugin. -->","yoast_head_json":{"title":"Decis\u00e3o denegat\u00f3ria da Medida Cautelar do MPC-PR (reforma da previd\u00eancia) vai para homologa\u00e7\u00e3o do Pleno do TCE nesta quinta-feira - Minist\u00e9rio P\u00fablico de Contas do Estado do Paran\u00e1","robots":{"index":"index","follow":"follow","max-snippet":"max-snippet:-1","max-image-preview":"max-image-preview:large","max-video-preview":"max-video-preview:-1"},"canonical":"https:\/\/www.mpc.pr.gov.br\/index.php\/decisao-denegatoria-da-medida-cautelar-do-mpc-pr-reforma-da-previdencia-vai-para-homologacao-do-pleno-do-tce-nesta-quinta-feira\/","og_locale":"pt_BR","og_type":"article","og_title":"Decis\u00e3o denegat\u00f3ria da Medida Cautelar do MPC-PR (reforma da previd\u00eancia) vai para homologa\u00e7\u00e3o do Pleno do TCE nesta quinta-feira - Minist\u00e9rio P\u00fablico de Contas do Estado do Paran\u00e1","og_description":"A Medida Cautelar do Minist\u00e9rio P\u00fablico de Contas do Estado do Paran\u00e1, cujo indeferimento e encerramento foi determinado pela Presid\u00eancia do Tribunal de Contas na \u00faltima sexta-feira, 15 de maio, vai para a homologa\u00e7\u00e3o do Tribunal Pleno em sess\u00e3o desta quinta-feira (21). O MPC, ao verificar a incompatibilidade da lei que reformulou a previd\u00eancia dos [&hellip;]","og_url":"https:\/\/www.mpc.pr.gov.br\/index.php\/decisao-denegatoria-da-medida-cautelar-do-mpc-pr-reforma-da-previdencia-vai-para-homologacao-do-pleno-do-tce-nesta-quinta-feira\/","og_site_name":"Minist\u00e9rio P\u00fablico de Contas do Estado do Paran\u00e1","article_publisher":"https:\/\/www.facebook.com\/mpc.pr","article_published_time":"2015-05-20T02:12:17+00:00","author":"michael.reiner","twitter_card":"summary_large_image","twitter_misc":{"Escrito por":"michael.reiner","Est. tempo de leitura":"1 minuto"},"schema":{"@context":"https:\/\/schema.org","@graph":[{"@type":"Article","@id":"https:\/\/www.mpc.pr.gov.br\/index.php\/decisao-denegatoria-da-medida-cautelar-do-mpc-pr-reforma-da-previdencia-vai-para-homologacao-do-pleno-do-tce-nesta-quinta-feira\/#article","isPartOf":{"@id":"https:\/\/www.mpc.pr.gov.br\/index.php\/decisao-denegatoria-da-medida-cautelar-do-mpc-pr-reforma-da-previdencia-vai-para-homologacao-do-pleno-do-tce-nesta-quinta-feira\/"},"author":{"name":"michael.reiner","@id":"https:\/\/www.mpc.pr.gov.br\/#\/schema\/person\/e6db2baa689b9b3b9e704ac0d26f7d3e"},"headline":"Decis\u00e3o denegat\u00f3ria da Medida Cautelar do MPC-PR (reforma da previd\u00eancia) vai para homologa\u00e7\u00e3o do Pleno do TCE nesta quinta-feira","datePublished":"2015-05-20T02:12:17+00:00","mainEntityOfPage":{"@id":"https:\/\/www.mpc.pr.gov.br\/index.php\/decisao-denegatoria-da-medida-cautelar-do-mpc-pr-reforma-da-previdencia-vai-para-homologacao-do-pleno-do-tce-nesta-quinta-feira\/"},"wordCount":267,"commentCount":1,"publisher":{"@id":"https:\/\/www.mpc.pr.gov.br\/#organization"},"image":{"@id":"https:\/\/www.mpc.pr.gov.br\/index.php\/decisao-denegatoria-da-medida-cautelar-do-mpc-pr-reforma-da-previdencia-vai-para-homologacao-do-pleno-do-tce-nesta-quinta-feira\/#primaryimage"},"thumbnailUrl":"","articleSection":["Todas as not\u00edcias"],"inLanguage":"pt-BR","potentialAction":[{"@type":"CommentAction","name":"Comment","target":["https:\/\/www.mpc.pr.gov.br\/index.php\/decisao-denegatoria-da-medida-cautelar-do-mpc-pr-reforma-da-previdencia-vai-para-homologacao-do-pleno-do-tce-nesta-quinta-feira\/#respond"]}]},{"@type":"WebPage","@id":"https:\/\/www.mpc.pr.gov.br\/index.php\/decisao-denegatoria-da-medida-cautelar-do-mpc-pr-reforma-da-previdencia-vai-para-homologacao-do-pleno-do-tce-nesta-quinta-feira\/","url":"https:\/\/www.mpc.pr.gov.br\/index.php\/decisao-denegatoria-da-medida-cautelar-do-mpc-pr-reforma-da-previdencia-vai-para-homologacao-do-pleno-do-tce-nesta-quinta-feira\/","name":"Decis\u00e3o denegat\u00f3ria da Medida Cautelar do MPC-PR (reforma da previd\u00eancia) vai para homologa\u00e7\u00e3o do Pleno do TCE nesta quinta-feira - Minist\u00e9rio P\u00fablico de Contas do Estado do Paran\u00e1","isPartOf":{"@id":"https:\/\/www.mpc.pr.gov.br\/#website"},"primaryImageOfPage":{"@id":"https:\/\/www.mpc.pr.gov.br\/index.php\/decisao-denegatoria-da-medida-cautelar-do-mpc-pr-reforma-da-previdencia-vai-para-homologacao-do-pleno-do-tce-nesta-quinta-feira\/#primaryimage"},"image":{"@id":"https:\/\/www.mpc.pr.gov.br\/index.php\/decisao-denegatoria-da-medida-cautelar-do-mpc-pr-reforma-da-previdencia-vai-para-homologacao-do-pleno-do-tce-nesta-quinta-feira\/#primaryimage"},"thumbnailUrl":"","datePublished":"2015-05-20T02:12:17+00:00","breadcrumb":{"@id":"https:\/\/www.mpc.pr.gov.br\/index.php\/decisao-denegatoria-da-medida-cautelar-do-mpc-pr-reforma-da-previdencia-vai-para-homologacao-do-pleno-do-tce-nesta-quinta-feira\/#breadcrumb"},"inLanguage":"pt-BR","potentialAction":[{"@type":"ReadAction","target":["https:\/\/www.mpc.pr.gov.br\/index.php\/decisao-denegatoria-da-medida-cautelar-do-mpc-pr-reforma-da-previdencia-vai-para-homologacao-do-pleno-do-tce-nesta-quinta-feira\/"]}]},{"@type":"ImageObject","inLanguage":"pt-BR","@id":"https:\/\/www.mpc.pr.gov.br\/index.php\/decisao-denegatoria-da-medida-cautelar-do-mpc-pr-reforma-da-previdencia-vai-para-homologacao-do-pleno-do-tce-nesta-quinta-feira\/#primaryimage","url":"","contentUrl":""},{"@type":"BreadcrumbList","@id":"https:\/\/www.mpc.pr.gov.br\/index.php\/decisao-denegatoria-da-medida-cautelar-do-mpc-pr-reforma-da-previdencia-vai-para-homologacao-do-pleno-do-tce-nesta-quinta-feira\/#breadcrumb","itemListElement":[{"@type":"ListItem","position":1,"name":"In\u00edcio","item":"https:\/\/www.mpc.pr.gov.br\/"},{"@type":"ListItem","position":2,"name":"Decis\u00e3o denegat\u00f3ria da Medida Cautelar do MPC-PR (reforma da previd\u00eancia) vai para homologa\u00e7\u00e3o do Pleno do TCE nesta quinta-feira"}]},{"@type":"WebSite","@id":"https:\/\/www.mpc.pr.gov.br\/#website","url":"https:\/\/www.mpc.pr.gov.br\/","name":"Minist\u00e9rio P\u00fablico de Contas do Estado do Paran\u00e1","description":"","publisher":{"@id":"https:\/\/www.mpc.pr.gov.br\/#organization"},"potentialAction":[{"@type":"SearchAction","target":{"@type":"EntryPoint","urlTemplate":"https:\/\/www.mpc.pr.gov.br\/?s={search_term_string}"},"query-input":{"@type":"PropertyValueSpecification","valueRequired":true,"valueName":"search_term_string"}}],"inLanguage":"pt-BR"},{"@type":"Organization","@id":"https:\/\/www.mpc.pr.gov.br\/#organization","name":"Minist\u00e9rio P\u00fablico de Contas do Estado do Paran\u00e1","url":"https:\/\/www.mpc.pr.gov.br\/","logo":{"@type":"ImageObject","inLanguage":"pt-BR","@id":"https:\/\/www.mpc.pr.gov.br\/#\/schema\/logo\/image\/","url":"https:\/\/www.mpc.pr.gov.br\/wp-content\/uploads\/2020\/06\/99423647_1593460364143890_6706793420720963584_n-1-e1591387983167.png","contentUrl":"https:\/\/www.mpc.pr.gov.br\/wp-content\/uploads\/2020\/06\/99423647_1593460364143890_6706793420720963584_n-1-e1591387983167.png","width":243,"height":73,"caption":"Minist\u00e9rio P\u00fablico de Contas do Estado do Paran\u00e1"},"image":{"@id":"https:\/\/www.mpc.pr.gov.br\/#\/schema\/logo\/image\/"},"sameAs":["https:\/\/www.facebook.com\/mpc.pr","https:\/\/www.instagram.com\/mpc.pr\/?hl=pt-br","https:\/\/www.youtube.com\/channel\/UCHri5oEM8DV0ztX57E0sBSw"]},{"@type":"Person","@id":"https:\/\/www.mpc.pr.gov.br\/#\/schema\/person\/e6db2baa689b9b3b9e704ac0d26f7d3e","name":"michael.reiner","image":{"@type":"ImageObject","inLanguage":"pt-BR","@id":"https:\/\/secure.gravatar.com\/avatar\/?s=96&d=mm&r=g","url":"https:\/\/secure.gravatar.com\/avatar\/?s=96&d=mm&r=g","contentUrl":"https:\/\/secure.gravatar.com\/avatar\/?s=96&d=mm&r=g","caption":"michael.reiner"}}]}},"rttpg_featured_image_url":null,"rttpg_author":{"display_name":"michael.reiner","author_link":"https:\/\/www.mpc.pr.gov.br\/index.php\/author\/michael-reiner\/"},"rttpg_comment":1,"rttpg_category":"<a href=\"https:\/\/www.mpc.pr.gov.br\/index.php\/category\/todas-as-noticias\/\" rel=\"category tag\">Todas as not\u00edcias<\/a>","rttpg_excerpt":"A Medida Cautelar do Minist\u00e9rio P\u00fablico de Contas do Estado do Paran\u00e1, cujo indeferimento e encerramento foi determinado pela Presid\u00eancia do Tribunal de Contas na \u00faltima sexta-feira, 15 de maio, vai para a homologa\u00e7\u00e3o do Tribunal Pleno em sess\u00e3o desta quinta-feira (21). O MPC, ao verificar a incompatibilidade da lei que reformulou a previd\u00eancia dos&hellip;","_links":{"self":[{"href":"https:\/\/www.mpc.pr.gov.br\/index.php\/wp-json\/wp\/v2\/posts\/3708","targetHints":{"allow":["GET"]}}],"collection":[{"href":"https:\/\/www.mpc.pr.gov.br\/index.php\/wp-json\/wp\/v2\/posts"}],"about":[{"href":"https:\/\/www.mpc.pr.gov.br\/index.php\/wp-json\/wp\/v2\/types\/post"}],"author":[{"embeddable":true,"href":"https:\/\/www.mpc.pr.gov.br\/index.php\/wp-json\/wp\/v2\/users\/3"}],"replies":[{"embeddable":true,"href":"https:\/\/www.mpc.pr.gov.br\/index.php\/wp-json\/wp\/v2\/comments?post=3708"}],"version-history":[{"count":0,"href":"https:\/\/www.mpc.pr.gov.br\/index.php\/wp-json\/wp\/v2\/posts\/3708\/revisions"}],"wp:featuredmedia":[{"embeddable":true,"href":"https:\/\/www.mpc.pr.gov.br\/index.php\/wp-json\/"}],"wp:attachment":[{"href":"https:\/\/www.mpc.pr.gov.br\/index.php\/wp-json\/wp\/v2\/media?parent=3708"}],"wp:term":[{"taxonomy":"category","embeddable":true,"href":"https:\/\/www.mpc.pr.gov.br\/index.php\/wp-json\/wp\/v2\/categories?post=3708"},{"taxonomy":"post_tag","embeddable":true,"href":"https:\/\/www.mpc.pr.gov.br\/index.php\/wp-json\/wp\/v2\/tags?post=3708"}],"curies":[{"name":"wp","href":"https:\/\/api.w.org\/{rel}","templated":true}]}}