{"id":3827,"date":"2015-08-18T01:46:49","date_gmt":"2015-08-18T01:46:49","guid":{"rendered":"http:\/\/www.mpc.pr.gov.br\/?p=3827"},"modified":"2015-08-18T01:46:49","modified_gmt":"2015-08-18T01:46:49","slug":"evento-do-mpt-acerca-dos-24-anos-da-lei-de-cotas-contara-com-palestra-de-procurador-do-mpc-pr","status":"publish","type":"post","link":"https:\/\/www.mpc.pr.gov.br\/index.php\/evento-do-mpt-acerca-dos-24-anos-da-lei-de-cotas-contara-com-palestra-de-procurador-do-mpc-pr\/","title":{"rendered":"Evento do MPT acerca dos 24 anos da Lei de Cotas contar\u00e1 com palestra de Procurador do MPC-PR"},"content":{"rendered":"<p style=\"text-align: center;\" align=\"center\"><b>&#8220;24 anos da Lei de Cotas&#8221;<\/b><\/p>\n<p style=\"text-align: justify;\">\u00a0O Minist\u00e9rio P\u00fablico de Contas do Paran\u00e1 participar\u00e1, no pr\u00f3ximo dia 21 de agosto (10 hs), do evento &#8220;24 ANOS DA LEI DE COTAS &#8211; Entendimento da Lei, seus Avan\u00e7os e Resultados&#8221;, promovido pelo MPT\/PR \u2013 9\u00aa. Regi\u00e3o.<br \/>\nO evento contar\u00e1 com a palestra do Procurador do MPC-PR\u00a0Gabriel Guy L\u00e9ger que abordar\u00e1 o tema &#8220;Acessibilidade enquanto politica publica&#8221;<\/p>\n<p style=\"text-align: justify;\">O semin\u00e1rio, promovido pela Comiss\u00e3o de Inser\u00e7\u00e3o da Pessoa com Defci\u00eancia no Mercado de Trabalho do F\u00f3rum do Meio Ambiente do Trabalho do MPT\/PR \u2013 9\u00aa. Regi\u00e3o e a Comiss\u00e3o de Acessibilidade do Tribunal Regional do Trabalho \u2013 9\u00aa. Regi\u00e3o, debate o marco legislativo da\u00a0 Lei de Cotas (8213\/91), que obriga as empresas com mais de 100 colaboradores a contratarem profissionais com defici\u00eancia. O encontro tem o objetivo de promover, fomentar e conscientizar a sociedade para o combate ao preconceito e a discrimina\u00e7\u00e3o de pessoas com defici\u00eancia e a sua inclus\u00e3o social, oferecendo espa\u00e7o de discuss\u00e3o e sensibiliza\u00e7\u00e3o sobre a tem\u00e1tica. Ser\u00e3o apresentadas informa\u00e7\u00f5es que clarifique e exemplifique de maneira pr\u00e1tica as formas e t\u00e9cnicas para a sua realiza\u00e7\u00e3o.<\/p>\n<p style=\"text-align: justify;\">Saiba mais:<\/p>\n<p style=\"text-align: justify;\">Data: 21 de agosto de 2015<\/p>\n<p style=\"text-align: justify;\">Local: Audit\u00f3rio do Minist\u00e9rio P\u00fablico do Trabalho \u2013 9\u00aa. Regi\u00e3o<\/p>\n<p style=\"text-align: justify;\">Endere\u00e7o: Rua Vicente Machado 84<\/p>\n<p style=\"text-align: justify;\">Hor\u00e1rio: 14h00 as 17h00<\/p>\n<p style=\"text-align: justify;\">Preletores Confirmados:<\/p>\n<p style=\"text-align: justify;\">\u00a0Ricardo Tadeu Marques da Fonseca &#8211; Desembargador MPT|PR &#8211; 9\u00aa Regi\u00e3o<\/p>\n<p style=\"text-align: justify;\">Tema: A Lei de Cotas: os resultados alcan\u00e7ados e as perspectiva para o futuro.<\/p>\n<p style=\"text-align: justify;\">\u00a0Procuradora Vanessa Bozza &#8211; Procuradora MPT|PR 9\u00aa Regi\u00e3o<\/p>\n<p style=\"text-align: justify;\">Tema: O papel do Minist\u00e9rio P\u00fablico em prol do cumprimento da Lei de Cotas \u2013 resultados e desafios<\/p>\n<p style=\"text-align: justify;\">\u00a0Gabriel Leger &#8211; Procurador Minist\u00e9rio P\u00fablico de Contas do Estado do Paran\u00e1<\/p>\n<p style=\"text-align: justify;\">Tema: Acessibilidade enquanto politica publica<\/p>\n<p style=\"text-align: justify;\">\u00a0Carlos Aparicio Clemente &#8211;\u00a0 Coordenador Espa\u00e7o Cidadania &#8211; Osasco\/SP<\/p>\n<p style=\"text-align: justify;\">Tema: Pesquisa e Livro &#8211; Trabalho de pessoas com defici\u00eancia e Lei de Cotas: Invisibilidade, resist\u00eancia e qualidade da inclus\u00e3o.<\/p>\n<p style=\"text-align: justify;\">Fonte: MPT com MPC-PR.<\/p>\n<p>\u00a0<a href=\"http:\/\/www.mpc.pr.gov.br\/wp-content\/uploads\/2015\/08\/FB_IMG_1439854979600.jpg\"><img fetchpriority=\"high\" decoding=\"async\" class=\"aligncenter size-full wp-image-3831\" alt=\"FB_IMG_1439854979600\" src=\"http:\/\/www.mpc.pr.gov.br\/wp-content\/uploads\/2015\/08\/FB_IMG_1439854979600.jpg\" width=\"567\" height=\"931\" \/><\/a><\/p>\n","protected":false},"excerpt":{"rendered":"<p>&#8220;24 anos da Lei de Cotas&#8221; \u00a0O Minist\u00e9rio P\u00fablico de Contas do Paran\u00e1 participar\u00e1, no pr\u00f3ximo dia 21 de agosto (10 hs), do evento &#8220;24 ANOS DA LEI DE COTAS &#8211; Entendimento da Lei, seus Avan\u00e7os e Resultados&#8221;, promovido pelo MPT\/PR \u2013 9\u00aa. Regi\u00e3o. O evento contar\u00e1 com a palestra do Procurador do MPC-PR\u00a0Gabriel Guy [&hellip;]<\/p>\n","protected":false},"author":3,"featured_media":0,"comment_status":"open","ping_status":"open","sticky":false,"template":"","format":"standard","meta":{"_monsterinsights_skip_tracking":false,"_monsterinsights_sitenote_active":false,"_monsterinsights_sitenote_note":"","_monsterinsights_sitenote_category":0,"footnotes":""},"categories":[7],"tags":[],"class_list":["post-3827","post","type-post","status-publish","format-standard","hentry","category-todas-as-noticias","entry"],"yoast_head":"<!-- This site is optimized with the Yoast SEO plugin v27.3 - https:\/\/yoast.com\/product\/yoast-seo-wordpress\/ -->\n<title>Evento do MPT acerca dos 24 anos da Lei de Cotas contar\u00e1 com palestra de Procurador do MPC-PR - Minist\u00e9rio P\u00fablico de Contas do Estado do Paran\u00e1<\/title>\n<meta name=\"robots\" content=\"index, follow, max-snippet:-1, max-image-preview:large, max-video-preview:-1\" \/>\n<link rel=\"canonical\" href=\"https:\/\/www.mpc.pr.gov.br\/index.php\/evento-do-mpt-acerca-dos-24-anos-da-lei-de-cotas-contara-com-palestra-de-procurador-do-mpc-pr\/\" \/>\n<meta property=\"og:locale\" content=\"pt_BR\" \/>\n<meta property=\"og:type\" content=\"article\" \/>\n<meta property=\"og:title\" content=\"Evento do MPT acerca dos 24 anos da Lei de Cotas contar\u00e1 com palestra de Procurador do MPC-PR - Minist\u00e9rio P\u00fablico de Contas do Estado do Paran\u00e1\" \/>\n<meta property=\"og:description\" content=\"&#8220;24 anos da Lei de Cotas&#8221; \u00a0O Minist\u00e9rio P\u00fablico de Contas do Paran\u00e1 participar\u00e1, no pr\u00f3ximo dia 21 de agosto (10 hs), do evento &#8220;24 ANOS DA LEI DE COTAS &#8211; Entendimento da Lei, seus Avan\u00e7os e Resultados&#8221;, promovido pelo MPT\/PR \u2013 9\u00aa. Regi\u00e3o. O evento contar\u00e1 com a palestra do Procurador do MPC-PR\u00a0Gabriel Guy [&hellip;]\" \/>\n<meta property=\"og:url\" content=\"https:\/\/www.mpc.pr.gov.br\/index.php\/evento-do-mpt-acerca-dos-24-anos-da-lei-de-cotas-contara-com-palestra-de-procurador-do-mpc-pr\/\" \/>\n<meta property=\"og:site_name\" content=\"Minist\u00e9rio P\u00fablico de Contas do Estado do Paran\u00e1\" \/>\n<meta property=\"article:publisher\" content=\"https:\/\/www.facebook.com\/mpc.pr\" \/>\n<meta property=\"article:published_time\" content=\"2015-08-18T01:46:49+00:00\" \/>\n<meta property=\"og:image\" content=\"http:\/\/www.mpc.pr.gov.br\/wp-content\/uploads\/2015\/08\/FB_IMG_1439854979600.jpg\" \/>\n<meta name=\"author\" content=\"michael.reiner\" \/>\n<meta name=\"twitter:card\" content=\"summary_large_image\" \/>\n<meta name=\"twitter:label1\" content=\"Escrito por\" \/>\n\t<meta name=\"twitter:data1\" content=\"michael.reiner\" \/>\n\t<meta name=\"twitter:label2\" content=\"Est. tempo de leitura\" \/>\n\t<meta name=\"twitter:data2\" content=\"2 minutos\" \/>\n<script type=\"application\/ld+json\" class=\"yoast-schema-graph\">{\"@context\":\"https:\\\/\\\/schema.org\",\"@graph\":[{\"@type\":\"Article\",\"@id\":\"https:\\\/\\\/www.mpc.pr.gov.br\\\/index.php\\\/evento-do-mpt-acerca-dos-24-anos-da-lei-de-cotas-contara-com-palestra-de-procurador-do-mpc-pr\\\/#article\",\"isPartOf\":{\"@id\":\"https:\\\/\\\/www.mpc.pr.gov.br\\\/index.php\\\/evento-do-mpt-acerca-dos-24-anos-da-lei-de-cotas-contara-com-palestra-de-procurador-do-mpc-pr\\\/\"},\"author\":{\"name\":\"michael.reiner\",\"@id\":\"https:\\\/\\\/www.mpc.pr.gov.br\\\/#\\\/schema\\\/person\\\/e6db2baa689b9b3b9e704ac0d26f7d3e\"},\"headline\":\"Evento do MPT acerca dos 24 anos da Lei de Cotas contar\u00e1 com palestra de Procurador do MPC-PR\",\"datePublished\":\"2015-08-18T01:46:49+00:00\",\"mainEntityOfPage\":{\"@id\":\"https:\\\/\\\/www.mpc.pr.gov.br\\\/index.php\\\/evento-do-mpt-acerca-dos-24-anos-da-lei-de-cotas-contara-com-palestra-de-procurador-do-mpc-pr\\\/\"},\"wordCount\":360,\"commentCount\":0,\"publisher\":{\"@id\":\"https:\\\/\\\/www.mpc.pr.gov.br\\\/#organization\"},\"image\":{\"@id\":\"https:\\\/\\\/www.mpc.pr.gov.br\\\/index.php\\\/evento-do-mpt-acerca-dos-24-anos-da-lei-de-cotas-contara-com-palestra-de-procurador-do-mpc-pr\\\/#primaryimage\"},\"thumbnailUrl\":\"http:\\\/\\\/www.mpc.pr.gov.br\\\/wp-content\\\/uploads\\\/2015\\\/08\\\/FB_IMG_1439854979600.jpg\",\"articleSection\":[\"Todas as not\u00edcias\"],\"inLanguage\":\"pt-BR\",\"potentialAction\":[{\"@type\":\"CommentAction\",\"name\":\"Comment\",\"target\":[\"https:\\\/\\\/www.mpc.pr.gov.br\\\/index.php\\\/evento-do-mpt-acerca-dos-24-anos-da-lei-de-cotas-contara-com-palestra-de-procurador-do-mpc-pr\\\/#respond\"]}]},{\"@type\":\"WebPage\",\"@id\":\"https:\\\/\\\/www.mpc.pr.gov.br\\\/index.php\\\/evento-do-mpt-acerca-dos-24-anos-da-lei-de-cotas-contara-com-palestra-de-procurador-do-mpc-pr\\\/\",\"url\":\"https:\\\/\\\/www.mpc.pr.gov.br\\\/index.php\\\/evento-do-mpt-acerca-dos-24-anos-da-lei-de-cotas-contara-com-palestra-de-procurador-do-mpc-pr\\\/\",\"name\":\"Evento do MPT acerca dos 24 anos da Lei de Cotas contar\u00e1 com palestra de Procurador do MPC-PR - Minist\u00e9rio P\u00fablico de Contas do Estado do Paran\u00e1\",\"isPartOf\":{\"@id\":\"https:\\\/\\\/www.mpc.pr.gov.br\\\/#website\"},\"primaryImageOfPage\":{\"@id\":\"https:\\\/\\\/www.mpc.pr.gov.br\\\/index.php\\\/evento-do-mpt-acerca-dos-24-anos-da-lei-de-cotas-contara-com-palestra-de-procurador-do-mpc-pr\\\/#primaryimage\"},\"image\":{\"@id\":\"https:\\\/\\\/www.mpc.pr.gov.br\\\/index.php\\\/evento-do-mpt-acerca-dos-24-anos-da-lei-de-cotas-contara-com-palestra-de-procurador-do-mpc-pr\\\/#primaryimage\"},\"thumbnailUrl\":\"http:\\\/\\\/www.mpc.pr.gov.br\\\/wp-content\\\/uploads\\\/2015\\\/08\\\/FB_IMG_1439854979600.jpg\",\"datePublished\":\"2015-08-18T01:46:49+00:00\",\"breadcrumb\":{\"@id\":\"https:\\\/\\\/www.mpc.pr.gov.br\\\/index.php\\\/evento-do-mpt-acerca-dos-24-anos-da-lei-de-cotas-contara-com-palestra-de-procurador-do-mpc-pr\\\/#breadcrumb\"},\"inLanguage\":\"pt-BR\",\"potentialAction\":[{\"@type\":\"ReadAction\",\"target\":[\"https:\\\/\\\/www.mpc.pr.gov.br\\\/index.php\\\/evento-do-mpt-acerca-dos-24-anos-da-lei-de-cotas-contara-com-palestra-de-procurador-do-mpc-pr\\\/\"]}]},{\"@type\":\"ImageObject\",\"inLanguage\":\"pt-BR\",\"@id\":\"https:\\\/\\\/www.mpc.pr.gov.br\\\/index.php\\\/evento-do-mpt-acerca-dos-24-anos-da-lei-de-cotas-contara-com-palestra-de-procurador-do-mpc-pr\\\/#primaryimage\",\"url\":\"http:\\\/\\\/www.mpc.pr.gov.br\\\/wp-content\\\/uploads\\\/2015\\\/08\\\/FB_IMG_1439854979600.jpg\",\"contentUrl\":\"http:\\\/\\\/www.mpc.pr.gov.br\\\/wp-content\\\/uploads\\\/2015\\\/08\\\/FB_IMG_1439854979600.jpg\"},{\"@type\":\"BreadcrumbList\",\"@id\":\"https:\\\/\\\/www.mpc.pr.gov.br\\\/index.php\\\/evento-do-mpt-acerca-dos-24-anos-da-lei-de-cotas-contara-com-palestra-de-procurador-do-mpc-pr\\\/#breadcrumb\",\"itemListElement\":[{\"@type\":\"ListItem\",\"position\":1,\"name\":\"In\u00edcio\",\"item\":\"https:\\\/\\\/www.mpc.pr.gov.br\\\/\"},{\"@type\":\"ListItem\",\"position\":2,\"name\":\"Evento do MPT acerca dos 24 anos da Lei de Cotas contar\u00e1 com palestra de Procurador do MPC-PR\"}]},{\"@type\":\"WebSite\",\"@id\":\"https:\\\/\\\/www.mpc.pr.gov.br\\\/#website\",\"url\":\"https:\\\/\\\/www.mpc.pr.gov.br\\\/\",\"name\":\"Minist\u00e9rio P\u00fablico de Contas do Estado do Paran\u00e1\",\"description\":\"\",\"publisher\":{\"@id\":\"https:\\\/\\\/www.mpc.pr.gov.br\\\/#organization\"},\"potentialAction\":[{\"@type\":\"SearchAction\",\"target\":{\"@type\":\"EntryPoint\",\"urlTemplate\":\"https:\\\/\\\/www.mpc.pr.gov.br\\\/?s={search_term_string}\"},\"query-input\":{\"@type\":\"PropertyValueSpecification\",\"valueRequired\":true,\"valueName\":\"search_term_string\"}}],\"inLanguage\":\"pt-BR\"},{\"@type\":\"Organization\",\"@id\":\"https:\\\/\\\/www.mpc.pr.gov.br\\\/#organization\",\"name\":\"Minist\u00e9rio P\u00fablico de Contas do Estado do Paran\u00e1\",\"url\":\"https:\\\/\\\/www.mpc.pr.gov.br\\\/\",\"logo\":{\"@type\":\"ImageObject\",\"inLanguage\":\"pt-BR\",\"@id\":\"https:\\\/\\\/www.mpc.pr.gov.br\\\/#\\\/schema\\\/logo\\\/image\\\/\",\"url\":\"https:\\\/\\\/www.mpc.pr.gov.br\\\/wp-content\\\/uploads\\\/2020\\\/06\\\/99423647_1593460364143890_6706793420720963584_n-1-e1591387983167.png\",\"contentUrl\":\"https:\\\/\\\/www.mpc.pr.gov.br\\\/wp-content\\\/uploads\\\/2020\\\/06\\\/99423647_1593460364143890_6706793420720963584_n-1-e1591387983167.png\",\"width\":243,\"height\":73,\"caption\":\"Minist\u00e9rio P\u00fablico de Contas do Estado do Paran\u00e1\"},\"image\":{\"@id\":\"https:\\\/\\\/www.mpc.pr.gov.br\\\/#\\\/schema\\\/logo\\\/image\\\/\"},\"sameAs\":[\"https:\\\/\\\/www.facebook.com\\\/mpc.pr\",\"https:\\\/\\\/www.instagram.com\\\/mpc.pr\\\/?hl=pt-br\",\"https:\\\/\\\/www.youtube.com\\\/channel\\\/UCHri5oEM8DV0ztX57E0sBSw\"]},{\"@type\":\"Person\",\"@id\":\"https:\\\/\\\/www.mpc.pr.gov.br\\\/#\\\/schema\\\/person\\\/e6db2baa689b9b3b9e704ac0d26f7d3e\",\"name\":\"michael.reiner\",\"image\":{\"@type\":\"ImageObject\",\"inLanguage\":\"pt-BR\",\"@id\":\"https:\\\/\\\/secure.gravatar.com\\\/avatar\\\/?s=96&d=mm&r=g\",\"url\":\"https:\\\/\\\/secure.gravatar.com\\\/avatar\\\/?s=96&d=mm&r=g\",\"contentUrl\":\"https:\\\/\\\/secure.gravatar.com\\\/avatar\\\/?s=96&d=mm&r=g\",\"caption\":\"michael.reiner\"}}]}<\/script>\n<!-- \/ Yoast SEO plugin. -->","yoast_head_json":{"title":"Evento do MPT acerca dos 24 anos da Lei de Cotas contar\u00e1 com palestra de Procurador do MPC-PR - Minist\u00e9rio P\u00fablico de Contas do Estado do Paran\u00e1","robots":{"index":"index","follow":"follow","max-snippet":"max-snippet:-1","max-image-preview":"max-image-preview:large","max-video-preview":"max-video-preview:-1"},"canonical":"https:\/\/www.mpc.pr.gov.br\/index.php\/evento-do-mpt-acerca-dos-24-anos-da-lei-de-cotas-contara-com-palestra-de-procurador-do-mpc-pr\/","og_locale":"pt_BR","og_type":"article","og_title":"Evento do MPT acerca dos 24 anos da Lei de Cotas contar\u00e1 com palestra de Procurador do MPC-PR - Minist\u00e9rio P\u00fablico de Contas do Estado do Paran\u00e1","og_description":"&#8220;24 anos da Lei de Cotas&#8221; \u00a0O Minist\u00e9rio P\u00fablico de Contas do Paran\u00e1 participar\u00e1, no pr\u00f3ximo dia 21 de agosto (10 hs), do evento &#8220;24 ANOS DA LEI DE COTAS &#8211; Entendimento da Lei, seus Avan\u00e7os e Resultados&#8221;, promovido pelo MPT\/PR \u2013 9\u00aa. Regi\u00e3o. O evento contar\u00e1 com a palestra do Procurador do MPC-PR\u00a0Gabriel Guy [&hellip;]","og_url":"https:\/\/www.mpc.pr.gov.br\/index.php\/evento-do-mpt-acerca-dos-24-anos-da-lei-de-cotas-contara-com-palestra-de-procurador-do-mpc-pr\/","og_site_name":"Minist\u00e9rio P\u00fablico de Contas do Estado do Paran\u00e1","article_publisher":"https:\/\/www.facebook.com\/mpc.pr","article_published_time":"2015-08-18T01:46:49+00:00","og_image":[{"url":"http:\/\/www.mpc.pr.gov.br\/wp-content\/uploads\/2015\/08\/FB_IMG_1439854979600.jpg","type":"","width":"","height":""}],"author":"michael.reiner","twitter_card":"summary_large_image","twitter_misc":{"Escrito por":"michael.reiner","Est. tempo de leitura":"2 minutos"},"schema":{"@context":"https:\/\/schema.org","@graph":[{"@type":"Article","@id":"https:\/\/www.mpc.pr.gov.br\/index.php\/evento-do-mpt-acerca-dos-24-anos-da-lei-de-cotas-contara-com-palestra-de-procurador-do-mpc-pr\/#article","isPartOf":{"@id":"https:\/\/www.mpc.pr.gov.br\/index.php\/evento-do-mpt-acerca-dos-24-anos-da-lei-de-cotas-contara-com-palestra-de-procurador-do-mpc-pr\/"},"author":{"name":"michael.reiner","@id":"https:\/\/www.mpc.pr.gov.br\/#\/schema\/person\/e6db2baa689b9b3b9e704ac0d26f7d3e"},"headline":"Evento do MPT acerca dos 24 anos da Lei de Cotas contar\u00e1 com palestra de Procurador do MPC-PR","datePublished":"2015-08-18T01:46:49+00:00","mainEntityOfPage":{"@id":"https:\/\/www.mpc.pr.gov.br\/index.php\/evento-do-mpt-acerca-dos-24-anos-da-lei-de-cotas-contara-com-palestra-de-procurador-do-mpc-pr\/"},"wordCount":360,"commentCount":0,"publisher":{"@id":"https:\/\/www.mpc.pr.gov.br\/#organization"},"image":{"@id":"https:\/\/www.mpc.pr.gov.br\/index.php\/evento-do-mpt-acerca-dos-24-anos-da-lei-de-cotas-contara-com-palestra-de-procurador-do-mpc-pr\/#primaryimage"},"thumbnailUrl":"http:\/\/www.mpc.pr.gov.br\/wp-content\/uploads\/2015\/08\/FB_IMG_1439854979600.jpg","articleSection":["Todas as not\u00edcias"],"inLanguage":"pt-BR","potentialAction":[{"@type":"CommentAction","name":"Comment","target":["https:\/\/www.mpc.pr.gov.br\/index.php\/evento-do-mpt-acerca-dos-24-anos-da-lei-de-cotas-contara-com-palestra-de-procurador-do-mpc-pr\/#respond"]}]},{"@type":"WebPage","@id":"https:\/\/www.mpc.pr.gov.br\/index.php\/evento-do-mpt-acerca-dos-24-anos-da-lei-de-cotas-contara-com-palestra-de-procurador-do-mpc-pr\/","url":"https:\/\/www.mpc.pr.gov.br\/index.php\/evento-do-mpt-acerca-dos-24-anos-da-lei-de-cotas-contara-com-palestra-de-procurador-do-mpc-pr\/","name":"Evento do MPT acerca dos 24 anos da Lei de Cotas contar\u00e1 com palestra de Procurador do MPC-PR - Minist\u00e9rio P\u00fablico de Contas do Estado do Paran\u00e1","isPartOf":{"@id":"https:\/\/www.mpc.pr.gov.br\/#website"},"primaryImageOfPage":{"@id":"https:\/\/www.mpc.pr.gov.br\/index.php\/evento-do-mpt-acerca-dos-24-anos-da-lei-de-cotas-contara-com-palestra-de-procurador-do-mpc-pr\/#primaryimage"},"image":{"@id":"https:\/\/www.mpc.pr.gov.br\/index.php\/evento-do-mpt-acerca-dos-24-anos-da-lei-de-cotas-contara-com-palestra-de-procurador-do-mpc-pr\/#primaryimage"},"thumbnailUrl":"http:\/\/www.mpc.pr.gov.br\/wp-content\/uploads\/2015\/08\/FB_IMG_1439854979600.jpg","datePublished":"2015-08-18T01:46:49+00:00","breadcrumb":{"@id":"https:\/\/www.mpc.pr.gov.br\/index.php\/evento-do-mpt-acerca-dos-24-anos-da-lei-de-cotas-contara-com-palestra-de-procurador-do-mpc-pr\/#breadcrumb"},"inLanguage":"pt-BR","potentialAction":[{"@type":"ReadAction","target":["https:\/\/www.mpc.pr.gov.br\/index.php\/evento-do-mpt-acerca-dos-24-anos-da-lei-de-cotas-contara-com-palestra-de-procurador-do-mpc-pr\/"]}]},{"@type":"ImageObject","inLanguage":"pt-BR","@id":"https:\/\/www.mpc.pr.gov.br\/index.php\/evento-do-mpt-acerca-dos-24-anos-da-lei-de-cotas-contara-com-palestra-de-procurador-do-mpc-pr\/#primaryimage","url":"http:\/\/www.mpc.pr.gov.br\/wp-content\/uploads\/2015\/08\/FB_IMG_1439854979600.jpg","contentUrl":"http:\/\/www.mpc.pr.gov.br\/wp-content\/uploads\/2015\/08\/FB_IMG_1439854979600.jpg"},{"@type":"BreadcrumbList","@id":"https:\/\/www.mpc.pr.gov.br\/index.php\/evento-do-mpt-acerca-dos-24-anos-da-lei-de-cotas-contara-com-palestra-de-procurador-do-mpc-pr\/#breadcrumb","itemListElement":[{"@type":"ListItem","position":1,"name":"In\u00edcio","item":"https:\/\/www.mpc.pr.gov.br\/"},{"@type":"ListItem","position":2,"name":"Evento do MPT acerca dos 24 anos da Lei de Cotas contar\u00e1 com palestra de Procurador do MPC-PR"}]},{"@type":"WebSite","@id":"https:\/\/www.mpc.pr.gov.br\/#website","url":"https:\/\/www.mpc.pr.gov.br\/","name":"Minist\u00e9rio P\u00fablico de Contas do Estado do Paran\u00e1","description":"","publisher":{"@id":"https:\/\/www.mpc.pr.gov.br\/#organization"},"potentialAction":[{"@type":"SearchAction","target":{"@type":"EntryPoint","urlTemplate":"https:\/\/www.mpc.pr.gov.br\/?s={search_term_string}"},"query-input":{"@type":"PropertyValueSpecification","valueRequired":true,"valueName":"search_term_string"}}],"inLanguage":"pt-BR"},{"@type":"Organization","@id":"https:\/\/www.mpc.pr.gov.br\/#organization","name":"Minist\u00e9rio P\u00fablico de Contas do Estado do Paran\u00e1","url":"https:\/\/www.mpc.pr.gov.br\/","logo":{"@type":"ImageObject","inLanguage":"pt-BR","@id":"https:\/\/www.mpc.pr.gov.br\/#\/schema\/logo\/image\/","url":"https:\/\/www.mpc.pr.gov.br\/wp-content\/uploads\/2020\/06\/99423647_1593460364143890_6706793420720963584_n-1-e1591387983167.png","contentUrl":"https:\/\/www.mpc.pr.gov.br\/wp-content\/uploads\/2020\/06\/99423647_1593460364143890_6706793420720963584_n-1-e1591387983167.png","width":243,"height":73,"caption":"Minist\u00e9rio P\u00fablico de Contas do Estado do Paran\u00e1"},"image":{"@id":"https:\/\/www.mpc.pr.gov.br\/#\/schema\/logo\/image\/"},"sameAs":["https:\/\/www.facebook.com\/mpc.pr","https:\/\/www.instagram.com\/mpc.pr\/?hl=pt-br","https:\/\/www.youtube.com\/channel\/UCHri5oEM8DV0ztX57E0sBSw"]},{"@type":"Person","@id":"https:\/\/www.mpc.pr.gov.br\/#\/schema\/person\/e6db2baa689b9b3b9e704ac0d26f7d3e","name":"michael.reiner","image":{"@type":"ImageObject","inLanguage":"pt-BR","@id":"https:\/\/secure.gravatar.com\/avatar\/?s=96&d=mm&r=g","url":"https:\/\/secure.gravatar.com\/avatar\/?s=96&d=mm&r=g","contentUrl":"https:\/\/secure.gravatar.com\/avatar\/?s=96&d=mm&r=g","caption":"michael.reiner"}}]}},"rttpg_featured_image_url":null,"rttpg_author":{"display_name":"michael.reiner","author_link":"https:\/\/www.mpc.pr.gov.br\/index.php\/author\/michael-reiner\/"},"rttpg_comment":0,"rttpg_category":"<a href=\"https:\/\/www.mpc.pr.gov.br\/index.php\/category\/todas-as-noticias\/\" rel=\"category tag\">Todas as not\u00edcias<\/a>","rttpg_excerpt":"&#8220;24 anos da Lei de Cotas&#8221; \u00a0O Minist\u00e9rio P\u00fablico de Contas do Paran\u00e1 participar\u00e1, no pr\u00f3ximo dia 21 de agosto (10 hs), do evento &#8220;24 ANOS DA LEI DE COTAS &#8211; Entendimento da Lei, seus Avan\u00e7os e Resultados&#8221;, promovido pelo MPT\/PR \u2013 9\u00aa. Regi\u00e3o. O evento contar\u00e1 com a palestra do Procurador do MPC-PR\u00a0Gabriel Guy&hellip;","_links":{"self":[{"href":"https:\/\/www.mpc.pr.gov.br\/index.php\/wp-json\/wp\/v2\/posts\/3827","targetHints":{"allow":["GET"]}}],"collection":[{"href":"https:\/\/www.mpc.pr.gov.br\/index.php\/wp-json\/wp\/v2\/posts"}],"about":[{"href":"https:\/\/www.mpc.pr.gov.br\/index.php\/wp-json\/wp\/v2\/types\/post"}],"author":[{"embeddable":true,"href":"https:\/\/www.mpc.pr.gov.br\/index.php\/wp-json\/wp\/v2\/users\/3"}],"replies":[{"embeddable":true,"href":"https:\/\/www.mpc.pr.gov.br\/index.php\/wp-json\/wp\/v2\/comments?post=3827"}],"version-history":[{"count":0,"href":"https:\/\/www.mpc.pr.gov.br\/index.php\/wp-json\/wp\/v2\/posts\/3827\/revisions"}],"wp:attachment":[{"href":"https:\/\/www.mpc.pr.gov.br\/index.php\/wp-json\/wp\/v2\/media?parent=3827"}],"wp:term":[{"taxonomy":"category","embeddable":true,"href":"https:\/\/www.mpc.pr.gov.br\/index.php\/wp-json\/wp\/v2\/categories?post=3827"},{"taxonomy":"post_tag","embeddable":true,"href":"https:\/\/www.mpc.pr.gov.br\/index.php\/wp-json\/wp\/v2\/tags?post=3827"}],"curies":[{"name":"wp","href":"https:\/\/api.w.org\/{rel}","templated":true}]}}