{"id":3851,"date":"2015-09-04T17:38:28","date_gmt":"2015-09-04T17:38:28","guid":{"rendered":"http:\/\/www.mpc.pr.gov.br\/?p=3851"},"modified":"2015-09-04T17:38:28","modified_gmt":"2015-09-04T17:38:28","slug":"mpc-e-reportagem-rpctv-globo-contratacao-irregular-da-saude","status":"publish","type":"post","link":"https:\/\/www.mpc.pr.gov.br\/index.php\/mpc-e-reportagem-rpctv-globo-contratacao-irregular-da-saude\/","title":{"rendered":"MPC e REPORTAGEM RPC\/TV GLOBO: contrata\u00e7\u00e3o irregular da \u201csa\u00fade\u201d"},"content":{"rendered":"<p style=\"text-align: justify;\">Nesta semana a RPC, filiada da TV Globo no Paran\u00e1, abordou importante tem\u00e1tica referente \u00e0 presta\u00e7\u00e3o de servi\u00e7os de sa\u00fade pelos munic\u00edpios paranaenses.<\/p>\n<p style=\"text-align: center;\"><a href=\"http:\/\/g1.globo.com\/pr\/parana\/bom-dia-pr\/videos\/t\/edicoes\/v\/entenda-o-que-a-legislacao-permite-nos-casos-de-contratos-efetuados-por-prefeituras\/4442885\/\"><img fetchpriority=\"high\" decoding=\"async\" class=\"aligncenter size-full wp-image-3852\" alt=\"RPC - SAUDE\" src=\"http:\/\/www.mpc.pr.gov.br\/wp-content\/uploads\/2015\/09\/RPC-SAUDE.png\" width=\"592\" height=\"346\" \/><\/a><\/p>\n<p style=\"text-align: justify;\">Na mat\u00e9ria s\u00e3o destacadas irregularidades atinentes \u00e0 contrata\u00e7\u00e3o de Organiza\u00e7\u00f5es Sociais de Interesse P\u00fablico (OSCIPs), em confronto com o que disp\u00f5e a legisla\u00e7\u00e3o, que veda a terceiriza\u00e7\u00e3o destas presta\u00e7\u00f5es, \u00e0 exce\u00e7\u00e3o dos servi\u00e7os complementares.<\/p>\n<p style=\"text-align: justify;\">Ouvido pela reportagem, o procurador do Minist\u00e9rio P\u00fablico de Contas (MPC-PR), Gabriel Guy L\u00e9ger,\u00a0esclarece as controv\u00e9rsias que t\u00eam sido objeto de atua\u00e7\u00e3o do Controle Externo.<\/p>\n<p style=\"text-align: justify;\">Confira:<\/p>\n<p style=\"text-align: justify;\"><a href=\"http:\/\/g1.globo.com\/pr\/parana\/bom-dia-pr\/videos\/t\/edicoes\/v\/entenda-o-que-a-legislacao-permite-nos-casos-de-contratos-efetuados-por-prefeituras\/4442885\/\">http:\/\/g1.globo.com\/pr\/parana\/bom-dia-pr\/videos\/t\/edicoes\/v\/entenda-o-que-a-legislacao-permite-nos-casos-de-contratos-efetuados-por-prefeituras\/4442885\/<\/a><\/p>\n<p style=\"text-align: justify;\">\n","protected":false},"excerpt":{"rendered":"<p>Nesta semana a RPC, filiada da TV Globo no Paran\u00e1, abordou importante tem\u00e1tica referente \u00e0 presta\u00e7\u00e3o de servi\u00e7os de sa\u00fade pelos munic\u00edpios paranaenses. Na mat\u00e9ria s\u00e3o destacadas irregularidades atinentes \u00e0 contrata\u00e7\u00e3o de Organiza\u00e7\u00f5es Sociais de Interesse P\u00fablico (OSCIPs), em confronto com o que disp\u00f5e a legisla\u00e7\u00e3o, que veda a terceiriza\u00e7\u00e3o destas presta\u00e7\u00f5es, \u00e0 exce\u00e7\u00e3o dos [&hellip;]<\/p>\n","protected":false},"author":3,"featured_media":3852,"comment_status":"open","ping_status":"open","sticky":false,"template":"","format":"standard","meta":{"_monsterinsights_skip_tracking":false,"_monsterinsights_sitenote_active":false,"_monsterinsights_sitenote_note":"","_monsterinsights_sitenote_category":0,"footnotes":""},"categories":[7],"tags":[],"class_list":["post-3851","post","type-post","status-publish","format-standard","has-post-thumbnail","hentry","category-todas-as-noticias","entry","has-media"],"yoast_head":"<!-- This site is optimized with the Yoast SEO plugin v27.3 - https:\/\/yoast.com\/product\/yoast-seo-wordpress\/ -->\n<title>MPC e REPORTAGEM RPC\/TV GLOBO: contrata\u00e7\u00e3o irregular da \u201csa\u00fade\u201d - Minist\u00e9rio P\u00fablico de Contas do Estado do Paran\u00e1<\/title>\n<meta name=\"robots\" content=\"index, follow, max-snippet:-1, max-image-preview:large, max-video-preview:-1\" \/>\n<link rel=\"canonical\" href=\"https:\/\/www.mpc.pr.gov.br\/index.php\/mpc-e-reportagem-rpctv-globo-contratacao-irregular-da-saude\/\" \/>\n<meta property=\"og:locale\" content=\"pt_BR\" \/>\n<meta property=\"og:type\" content=\"article\" \/>\n<meta property=\"og:title\" content=\"MPC e REPORTAGEM RPC\/TV GLOBO: contrata\u00e7\u00e3o irregular da \u201csa\u00fade\u201d - Minist\u00e9rio P\u00fablico de Contas do Estado do Paran\u00e1\" \/>\n<meta property=\"og:description\" content=\"Nesta semana a RPC, filiada da TV Globo no Paran\u00e1, abordou importante tem\u00e1tica referente \u00e0 presta\u00e7\u00e3o de servi\u00e7os de sa\u00fade pelos munic\u00edpios paranaenses. Na mat\u00e9ria s\u00e3o destacadas irregularidades atinentes \u00e0 contrata\u00e7\u00e3o de Organiza\u00e7\u00f5es Sociais de Interesse P\u00fablico (OSCIPs), em confronto com o que disp\u00f5e a legisla\u00e7\u00e3o, que veda a terceiriza\u00e7\u00e3o destas presta\u00e7\u00f5es, \u00e0 exce\u00e7\u00e3o dos [&hellip;]\" \/>\n<meta property=\"og:url\" content=\"https:\/\/www.mpc.pr.gov.br\/index.php\/mpc-e-reportagem-rpctv-globo-contratacao-irregular-da-saude\/\" \/>\n<meta property=\"og:site_name\" content=\"Minist\u00e9rio P\u00fablico de Contas do Estado do Paran\u00e1\" \/>\n<meta property=\"article:publisher\" content=\"https:\/\/www.facebook.com\/mpc.pr\" \/>\n<meta property=\"article:published_time\" content=\"2015-09-04T17:38:28+00:00\" \/>\n<meta name=\"author\" content=\"michael.reiner\" \/>\n<meta name=\"twitter:card\" content=\"summary_large_image\" \/>\n<meta name=\"twitter:label1\" content=\"Escrito por\" \/>\n\t<meta name=\"twitter:data1\" content=\"michael.reiner\" \/>\n\t<meta name=\"twitter:label2\" content=\"Est. tempo de leitura\" \/>\n\t<meta name=\"twitter:data2\" content=\"1 minuto\" \/>\n<script type=\"application\/ld+json\" class=\"yoast-schema-graph\">{\"@context\":\"https:\\\/\\\/schema.org\",\"@graph\":[{\"@type\":\"Article\",\"@id\":\"https:\\\/\\\/www.mpc.pr.gov.br\\\/index.php\\\/mpc-e-reportagem-rpctv-globo-contratacao-irregular-da-saude\\\/#article\",\"isPartOf\":{\"@id\":\"https:\\\/\\\/www.mpc.pr.gov.br\\\/index.php\\\/mpc-e-reportagem-rpctv-globo-contratacao-irregular-da-saude\\\/\"},\"author\":{\"name\":\"michael.reiner\",\"@id\":\"https:\\\/\\\/www.mpc.pr.gov.br\\\/#\\\/schema\\\/person\\\/e6db2baa689b9b3b9e704ac0d26f7d3e\"},\"headline\":\"MPC e REPORTAGEM RPC\\\/TV GLOBO: contrata\u00e7\u00e3o irregular da \u201csa\u00fade\u201d\",\"datePublished\":\"2015-09-04T17:38:28+00:00\",\"mainEntityOfPage\":{\"@id\":\"https:\\\/\\\/www.mpc.pr.gov.br\\\/index.php\\\/mpc-e-reportagem-rpctv-globo-contratacao-irregular-da-saude\\\/\"},\"wordCount\":127,\"commentCount\":0,\"publisher\":{\"@id\":\"https:\\\/\\\/www.mpc.pr.gov.br\\\/#organization\"},\"image\":{\"@id\":\"https:\\\/\\\/www.mpc.pr.gov.br\\\/index.php\\\/mpc-e-reportagem-rpctv-globo-contratacao-irregular-da-saude\\\/#primaryimage\"},\"thumbnailUrl\":\"\",\"articleSection\":[\"Todas as not\u00edcias\"],\"inLanguage\":\"pt-BR\",\"potentialAction\":[{\"@type\":\"CommentAction\",\"name\":\"Comment\",\"target\":[\"https:\\\/\\\/www.mpc.pr.gov.br\\\/index.php\\\/mpc-e-reportagem-rpctv-globo-contratacao-irregular-da-saude\\\/#respond\"]}]},{\"@type\":\"WebPage\",\"@id\":\"https:\\\/\\\/www.mpc.pr.gov.br\\\/index.php\\\/mpc-e-reportagem-rpctv-globo-contratacao-irregular-da-saude\\\/\",\"url\":\"https:\\\/\\\/www.mpc.pr.gov.br\\\/index.php\\\/mpc-e-reportagem-rpctv-globo-contratacao-irregular-da-saude\\\/\",\"name\":\"MPC e REPORTAGEM RPC\\\/TV GLOBO: contrata\u00e7\u00e3o irregular da \u201csa\u00fade\u201d - Minist\u00e9rio P\u00fablico de Contas do Estado do Paran\u00e1\",\"isPartOf\":{\"@id\":\"https:\\\/\\\/www.mpc.pr.gov.br\\\/#website\"},\"primaryImageOfPage\":{\"@id\":\"https:\\\/\\\/www.mpc.pr.gov.br\\\/index.php\\\/mpc-e-reportagem-rpctv-globo-contratacao-irregular-da-saude\\\/#primaryimage\"},\"image\":{\"@id\":\"https:\\\/\\\/www.mpc.pr.gov.br\\\/index.php\\\/mpc-e-reportagem-rpctv-globo-contratacao-irregular-da-saude\\\/#primaryimage\"},\"thumbnailUrl\":\"\",\"datePublished\":\"2015-09-04T17:38:28+00:00\",\"breadcrumb\":{\"@id\":\"https:\\\/\\\/www.mpc.pr.gov.br\\\/index.php\\\/mpc-e-reportagem-rpctv-globo-contratacao-irregular-da-saude\\\/#breadcrumb\"},\"inLanguage\":\"pt-BR\",\"potentialAction\":[{\"@type\":\"ReadAction\",\"target\":[\"https:\\\/\\\/www.mpc.pr.gov.br\\\/index.php\\\/mpc-e-reportagem-rpctv-globo-contratacao-irregular-da-saude\\\/\"]}]},{\"@type\":\"ImageObject\",\"inLanguage\":\"pt-BR\",\"@id\":\"https:\\\/\\\/www.mpc.pr.gov.br\\\/index.php\\\/mpc-e-reportagem-rpctv-globo-contratacao-irregular-da-saude\\\/#primaryimage\",\"url\":\"\",\"contentUrl\":\"\"},{\"@type\":\"BreadcrumbList\",\"@id\":\"https:\\\/\\\/www.mpc.pr.gov.br\\\/index.php\\\/mpc-e-reportagem-rpctv-globo-contratacao-irregular-da-saude\\\/#breadcrumb\",\"itemListElement\":[{\"@type\":\"ListItem\",\"position\":1,\"name\":\"In\u00edcio\",\"item\":\"https:\\\/\\\/www.mpc.pr.gov.br\\\/\"},{\"@type\":\"ListItem\",\"position\":2,\"name\":\"MPC e REPORTAGEM RPC\\\/TV GLOBO: contrata\u00e7\u00e3o irregular da \u201csa\u00fade\u201d\"}]},{\"@type\":\"WebSite\",\"@id\":\"https:\\\/\\\/www.mpc.pr.gov.br\\\/#website\",\"url\":\"https:\\\/\\\/www.mpc.pr.gov.br\\\/\",\"name\":\"Minist\u00e9rio P\u00fablico de Contas do Estado do Paran\u00e1\",\"description\":\"\",\"publisher\":{\"@id\":\"https:\\\/\\\/www.mpc.pr.gov.br\\\/#organization\"},\"potentialAction\":[{\"@type\":\"SearchAction\",\"target\":{\"@type\":\"EntryPoint\",\"urlTemplate\":\"https:\\\/\\\/www.mpc.pr.gov.br\\\/?s={search_term_string}\"},\"query-input\":{\"@type\":\"PropertyValueSpecification\",\"valueRequired\":true,\"valueName\":\"search_term_string\"}}],\"inLanguage\":\"pt-BR\"},{\"@type\":\"Organization\",\"@id\":\"https:\\\/\\\/www.mpc.pr.gov.br\\\/#organization\",\"name\":\"Minist\u00e9rio P\u00fablico de Contas do Estado do Paran\u00e1\",\"url\":\"https:\\\/\\\/www.mpc.pr.gov.br\\\/\",\"logo\":{\"@type\":\"ImageObject\",\"inLanguage\":\"pt-BR\",\"@id\":\"https:\\\/\\\/www.mpc.pr.gov.br\\\/#\\\/schema\\\/logo\\\/image\\\/\",\"url\":\"https:\\\/\\\/www.mpc.pr.gov.br\\\/wp-content\\\/uploads\\\/2020\\\/06\\\/99423647_1593460364143890_6706793420720963584_n-1-e1591387983167.png\",\"contentUrl\":\"https:\\\/\\\/www.mpc.pr.gov.br\\\/wp-content\\\/uploads\\\/2020\\\/06\\\/99423647_1593460364143890_6706793420720963584_n-1-e1591387983167.png\",\"width\":243,\"height\":73,\"caption\":\"Minist\u00e9rio P\u00fablico de Contas do Estado do Paran\u00e1\"},\"image\":{\"@id\":\"https:\\\/\\\/www.mpc.pr.gov.br\\\/#\\\/schema\\\/logo\\\/image\\\/\"},\"sameAs\":[\"https:\\\/\\\/www.facebook.com\\\/mpc.pr\",\"https:\\\/\\\/www.instagram.com\\\/mpc.pr\\\/?hl=pt-br\",\"https:\\\/\\\/www.youtube.com\\\/channel\\\/UCHri5oEM8DV0ztX57E0sBSw\"]},{\"@type\":\"Person\",\"@id\":\"https:\\\/\\\/www.mpc.pr.gov.br\\\/#\\\/schema\\\/person\\\/e6db2baa689b9b3b9e704ac0d26f7d3e\",\"name\":\"michael.reiner\",\"image\":{\"@type\":\"ImageObject\",\"inLanguage\":\"pt-BR\",\"@id\":\"https:\\\/\\\/secure.gravatar.com\\\/avatar\\\/?s=96&d=mm&r=g\",\"url\":\"https:\\\/\\\/secure.gravatar.com\\\/avatar\\\/?s=96&d=mm&r=g\",\"contentUrl\":\"https:\\\/\\\/secure.gravatar.com\\\/avatar\\\/?s=96&d=mm&r=g\",\"caption\":\"michael.reiner\"}}]}<\/script>\n<!-- \/ Yoast SEO plugin. -->","yoast_head_json":{"title":"MPC e REPORTAGEM RPC\/TV GLOBO: contrata\u00e7\u00e3o irregular da \u201csa\u00fade\u201d - Minist\u00e9rio P\u00fablico de Contas do Estado do Paran\u00e1","robots":{"index":"index","follow":"follow","max-snippet":"max-snippet:-1","max-image-preview":"max-image-preview:large","max-video-preview":"max-video-preview:-1"},"canonical":"https:\/\/www.mpc.pr.gov.br\/index.php\/mpc-e-reportagem-rpctv-globo-contratacao-irregular-da-saude\/","og_locale":"pt_BR","og_type":"article","og_title":"MPC e REPORTAGEM RPC\/TV GLOBO: contrata\u00e7\u00e3o irregular da \u201csa\u00fade\u201d - Minist\u00e9rio P\u00fablico de Contas do Estado do Paran\u00e1","og_description":"Nesta semana a RPC, filiada da TV Globo no Paran\u00e1, abordou importante tem\u00e1tica referente \u00e0 presta\u00e7\u00e3o de servi\u00e7os de sa\u00fade pelos munic\u00edpios paranaenses. Na mat\u00e9ria s\u00e3o destacadas irregularidades atinentes \u00e0 contrata\u00e7\u00e3o de Organiza\u00e7\u00f5es Sociais de Interesse P\u00fablico (OSCIPs), em confronto com o que disp\u00f5e a legisla\u00e7\u00e3o, que veda a terceiriza\u00e7\u00e3o destas presta\u00e7\u00f5es, \u00e0 exce\u00e7\u00e3o dos [&hellip;]","og_url":"https:\/\/www.mpc.pr.gov.br\/index.php\/mpc-e-reportagem-rpctv-globo-contratacao-irregular-da-saude\/","og_site_name":"Minist\u00e9rio P\u00fablico de Contas do Estado do Paran\u00e1","article_publisher":"https:\/\/www.facebook.com\/mpc.pr","article_published_time":"2015-09-04T17:38:28+00:00","author":"michael.reiner","twitter_card":"summary_large_image","twitter_misc":{"Escrito por":"michael.reiner","Est. tempo de leitura":"1 minuto"},"schema":{"@context":"https:\/\/schema.org","@graph":[{"@type":"Article","@id":"https:\/\/www.mpc.pr.gov.br\/index.php\/mpc-e-reportagem-rpctv-globo-contratacao-irregular-da-saude\/#article","isPartOf":{"@id":"https:\/\/www.mpc.pr.gov.br\/index.php\/mpc-e-reportagem-rpctv-globo-contratacao-irregular-da-saude\/"},"author":{"name":"michael.reiner","@id":"https:\/\/www.mpc.pr.gov.br\/#\/schema\/person\/e6db2baa689b9b3b9e704ac0d26f7d3e"},"headline":"MPC e REPORTAGEM RPC\/TV GLOBO: contrata\u00e7\u00e3o irregular da \u201csa\u00fade\u201d","datePublished":"2015-09-04T17:38:28+00:00","mainEntityOfPage":{"@id":"https:\/\/www.mpc.pr.gov.br\/index.php\/mpc-e-reportagem-rpctv-globo-contratacao-irregular-da-saude\/"},"wordCount":127,"commentCount":0,"publisher":{"@id":"https:\/\/www.mpc.pr.gov.br\/#organization"},"image":{"@id":"https:\/\/www.mpc.pr.gov.br\/index.php\/mpc-e-reportagem-rpctv-globo-contratacao-irregular-da-saude\/#primaryimage"},"thumbnailUrl":"","articleSection":["Todas as not\u00edcias"],"inLanguage":"pt-BR","potentialAction":[{"@type":"CommentAction","name":"Comment","target":["https:\/\/www.mpc.pr.gov.br\/index.php\/mpc-e-reportagem-rpctv-globo-contratacao-irregular-da-saude\/#respond"]}]},{"@type":"WebPage","@id":"https:\/\/www.mpc.pr.gov.br\/index.php\/mpc-e-reportagem-rpctv-globo-contratacao-irregular-da-saude\/","url":"https:\/\/www.mpc.pr.gov.br\/index.php\/mpc-e-reportagem-rpctv-globo-contratacao-irregular-da-saude\/","name":"MPC e REPORTAGEM RPC\/TV GLOBO: contrata\u00e7\u00e3o irregular da \u201csa\u00fade\u201d - Minist\u00e9rio P\u00fablico de Contas do Estado do Paran\u00e1","isPartOf":{"@id":"https:\/\/www.mpc.pr.gov.br\/#website"},"primaryImageOfPage":{"@id":"https:\/\/www.mpc.pr.gov.br\/index.php\/mpc-e-reportagem-rpctv-globo-contratacao-irregular-da-saude\/#primaryimage"},"image":{"@id":"https:\/\/www.mpc.pr.gov.br\/index.php\/mpc-e-reportagem-rpctv-globo-contratacao-irregular-da-saude\/#primaryimage"},"thumbnailUrl":"","datePublished":"2015-09-04T17:38:28+00:00","breadcrumb":{"@id":"https:\/\/www.mpc.pr.gov.br\/index.php\/mpc-e-reportagem-rpctv-globo-contratacao-irregular-da-saude\/#breadcrumb"},"inLanguage":"pt-BR","potentialAction":[{"@type":"ReadAction","target":["https:\/\/www.mpc.pr.gov.br\/index.php\/mpc-e-reportagem-rpctv-globo-contratacao-irregular-da-saude\/"]}]},{"@type":"ImageObject","inLanguage":"pt-BR","@id":"https:\/\/www.mpc.pr.gov.br\/index.php\/mpc-e-reportagem-rpctv-globo-contratacao-irregular-da-saude\/#primaryimage","url":"","contentUrl":""},{"@type":"BreadcrumbList","@id":"https:\/\/www.mpc.pr.gov.br\/index.php\/mpc-e-reportagem-rpctv-globo-contratacao-irregular-da-saude\/#breadcrumb","itemListElement":[{"@type":"ListItem","position":1,"name":"In\u00edcio","item":"https:\/\/www.mpc.pr.gov.br\/"},{"@type":"ListItem","position":2,"name":"MPC e REPORTAGEM RPC\/TV GLOBO: contrata\u00e7\u00e3o irregular da \u201csa\u00fade\u201d"}]},{"@type":"WebSite","@id":"https:\/\/www.mpc.pr.gov.br\/#website","url":"https:\/\/www.mpc.pr.gov.br\/","name":"Minist\u00e9rio P\u00fablico de Contas do Estado do Paran\u00e1","description":"","publisher":{"@id":"https:\/\/www.mpc.pr.gov.br\/#organization"},"potentialAction":[{"@type":"SearchAction","target":{"@type":"EntryPoint","urlTemplate":"https:\/\/www.mpc.pr.gov.br\/?s={search_term_string}"},"query-input":{"@type":"PropertyValueSpecification","valueRequired":true,"valueName":"search_term_string"}}],"inLanguage":"pt-BR"},{"@type":"Organization","@id":"https:\/\/www.mpc.pr.gov.br\/#organization","name":"Minist\u00e9rio P\u00fablico de Contas do Estado do Paran\u00e1","url":"https:\/\/www.mpc.pr.gov.br\/","logo":{"@type":"ImageObject","inLanguage":"pt-BR","@id":"https:\/\/www.mpc.pr.gov.br\/#\/schema\/logo\/image\/","url":"https:\/\/www.mpc.pr.gov.br\/wp-content\/uploads\/2020\/06\/99423647_1593460364143890_6706793420720963584_n-1-e1591387983167.png","contentUrl":"https:\/\/www.mpc.pr.gov.br\/wp-content\/uploads\/2020\/06\/99423647_1593460364143890_6706793420720963584_n-1-e1591387983167.png","width":243,"height":73,"caption":"Minist\u00e9rio P\u00fablico de Contas do Estado do Paran\u00e1"},"image":{"@id":"https:\/\/www.mpc.pr.gov.br\/#\/schema\/logo\/image\/"},"sameAs":["https:\/\/www.facebook.com\/mpc.pr","https:\/\/www.instagram.com\/mpc.pr\/?hl=pt-br","https:\/\/www.youtube.com\/channel\/UCHri5oEM8DV0ztX57E0sBSw"]},{"@type":"Person","@id":"https:\/\/www.mpc.pr.gov.br\/#\/schema\/person\/e6db2baa689b9b3b9e704ac0d26f7d3e","name":"michael.reiner","image":{"@type":"ImageObject","inLanguage":"pt-BR","@id":"https:\/\/secure.gravatar.com\/avatar\/?s=96&d=mm&r=g","url":"https:\/\/secure.gravatar.com\/avatar\/?s=96&d=mm&r=g","contentUrl":"https:\/\/secure.gravatar.com\/avatar\/?s=96&d=mm&r=g","caption":"michael.reiner"}}]}},"rttpg_featured_image_url":null,"rttpg_author":{"display_name":"michael.reiner","author_link":"https:\/\/www.mpc.pr.gov.br\/index.php\/author\/michael-reiner\/"},"rttpg_comment":0,"rttpg_category":"<a href=\"https:\/\/www.mpc.pr.gov.br\/index.php\/category\/todas-as-noticias\/\" rel=\"category tag\">Todas as not\u00edcias<\/a>","rttpg_excerpt":"Nesta semana a RPC, filiada da TV Globo no Paran\u00e1, abordou importante tem\u00e1tica referente \u00e0 presta\u00e7\u00e3o de servi\u00e7os de sa\u00fade pelos munic\u00edpios paranaenses. Na mat\u00e9ria s\u00e3o destacadas irregularidades atinentes \u00e0 contrata\u00e7\u00e3o de Organiza\u00e7\u00f5es Sociais de Interesse P\u00fablico (OSCIPs), em confronto com o que disp\u00f5e a legisla\u00e7\u00e3o, que veda a terceiriza\u00e7\u00e3o destas presta\u00e7\u00f5es, \u00e0 exce\u00e7\u00e3o dos&hellip;","_links":{"self":[{"href":"https:\/\/www.mpc.pr.gov.br\/index.php\/wp-json\/wp\/v2\/posts\/3851","targetHints":{"allow":["GET"]}}],"collection":[{"href":"https:\/\/www.mpc.pr.gov.br\/index.php\/wp-json\/wp\/v2\/posts"}],"about":[{"href":"https:\/\/www.mpc.pr.gov.br\/index.php\/wp-json\/wp\/v2\/types\/post"}],"author":[{"embeddable":true,"href":"https:\/\/www.mpc.pr.gov.br\/index.php\/wp-json\/wp\/v2\/users\/3"}],"replies":[{"embeddable":true,"href":"https:\/\/www.mpc.pr.gov.br\/index.php\/wp-json\/wp\/v2\/comments?post=3851"}],"version-history":[{"count":0,"href":"https:\/\/www.mpc.pr.gov.br\/index.php\/wp-json\/wp\/v2\/posts\/3851\/revisions"}],"wp:featuredmedia":[{"embeddable":true,"href":"https:\/\/www.mpc.pr.gov.br\/index.php\/wp-json\/"}],"wp:attachment":[{"href":"https:\/\/www.mpc.pr.gov.br\/index.php\/wp-json\/wp\/v2\/media?parent=3851"}],"wp:term":[{"taxonomy":"category","embeddable":true,"href":"https:\/\/www.mpc.pr.gov.br\/index.php\/wp-json\/wp\/v2\/categories?post=3851"},{"taxonomy":"post_tag","embeddable":true,"href":"https:\/\/www.mpc.pr.gov.br\/index.php\/wp-json\/wp\/v2\/tags?post=3851"}],"curies":[{"name":"wp","href":"https:\/\/api.w.org\/{rel}","templated":true}]}}