{"id":3886,"date":"2015-09-18T18:01:23","date_gmt":"2015-09-18T18:01:23","guid":{"rendered":"http:\/\/www.mpc.pr.gov.br\/?p=3886"},"modified":"2015-09-18T18:01:23","modified_gmt":"2015-09-18T18:01:23","slug":"mpc-pr-se-engaja-em-campanha-nacional-anticorrupcao","status":"publish","type":"post","link":"https:\/\/www.mpc.pr.gov.br\/index.php\/mpc-pr-se-engaja-em-campanha-nacional-anticorrupcao\/","title":{"rendered":"MPC-PR se engaja em campanha nacional anticorrup\u00e7\u00e3o"},"content":{"rendered":"<p>&nbsp;<\/p>\n<p>O Minist\u00e9rio P\u00fablico de Contas do Paran\u00e1 (MPC-PR) aderiu \u00e0 campanha nacional <i>Dez Medidas Contra a Corrup\u00e7\u00e3o<\/i>. O apoio j\u00e1 estava sendo realizado desde o in\u00edcio de agosto deste ano. J\u00e1 a campanha de coleta de assinaturas iniciou-se nesta quinta-feira (17). Na oportunidade, aproveitando a visita de membros do Conselho Nacional do Minist\u00e9rio P\u00fablico (CNMP) ao MPC-PR (<a href=\"http:\/\/www.mpc.pr.gov.br\/mpc-pr-recebe-visita-do-cnmp\/\">leia a not\u00edcia aqui<\/a>), prestigiaram a campanha o Conselheiro e Ouvidor Nacional do Minist\u00e9rio P\u00fablico S\u00e9rgio Ricardo de Souza e a Promotora de Justi\u00e7a do Esp\u00edrito Santo Luciana Chamoun (Membro Auxiliar\/CNMP).<\/p>\n<p>Lan\u00e7ada pelo Minist\u00e9rio P\u00fablico Federal, o movimento \u00e9 apartid\u00e1rio e tem o objetivo de angariar 1,5 milh\u00e3o de assinaturas de cidad\u00e3os para apresentar ao Congresso Nacional propostas de combate \u00e0 corrup\u00e7\u00e3o como um projeto de iniciativa popular.<\/p>\n<p>No MPC-PR foram feitas instala\u00e7\u00f5es para receber as assinaturas, bem como foi mobilizada uma equipe de volunt\u00e1rios para explicar aos interessados detalhes das medidas e levar a todos os servidores do Controle Externo o conhecimento desse movimento democr\u00e1tico e cidad\u00e3o, convidando-os a tamb\u00e9m serem multiplicadores de a\u00e7\u00f5es.<\/p>\n<p><a href=\"http:\/\/www.mpc.pr.gov.br\/mp-contra-a-corrupcao\/\">SAIBA MAIS SOBRE AS 10 MEDIDAS AQUI<\/a><\/p>\n<figure id=\"attachment_3888\" aria-describedby=\"caption-attachment-3888\" style=\"width: 614px\" class=\"wp-caption aligncenter\"><a href=\"http:\/\/www.mpc.pr.gov.br\/wp-content\/uploads\/2015\/09\/04cn.jpg\"><img fetchpriority=\"high\" decoding=\"async\" class=\" wp-image-3888 \" alt=\"#corrup\u00e7\u00e3oN\u00c3O\" src=\"http:\/\/www.mpc.pr.gov.br\/wp-content\/uploads\/2015\/09\/04cn-1024x617.jpg\" width=\"614\" height=\"370\" \/><\/a><figcaption id=\"caption-attachment-3888\" class=\"wp-caption-text\">#corrup\u00e7\u00e3oN\u00c3O<\/figcaption><\/figure>\n<p>&nbsp;<\/p>\n<figure id=\"attachment_3889\" aria-describedby=\"caption-attachment-3889\" style=\"width: 614px\" class=\"wp-caption aligncenter\"><a href=\"http:\/\/www.mpc.pr.gov.br\/wp-content\/uploads\/2015\/09\/01cn.jpg\"><img decoding=\"async\" class=\" wp-image-3889  \" alt=\"S\u00e9rgio Ricardo de Souza, Conselheiro do CNMP e Ouvidor Nacional do Minist\u00e9rio P\u00fablico (E) - Michael Richard Reiner, Procurador-Geral do MPC-PR (C) e Luciana Chamoun, Promotora de Justi\u00e7a do Esp\u00edrito Santo e  Membro Auxiliar do CNMP (D)\" src=\"http:\/\/www.mpc.pr.gov.br\/wp-content\/uploads\/2015\/09\/01cn-1024x638.jpg\" width=\"614\" height=\"383\" \/><\/a><figcaption id=\"caption-attachment-3889\" class=\"wp-caption-text\">S\u00e9rgio Ricardo de Souza, Conselheiro do CNMP e Ouvidor Nacional do Minist\u00e9rio P\u00fablico (E) &#8211; Michael Richard Reiner, Procurador-Geral do MPC-PR (C) e Luciana Chamoun, Promotora de Justi\u00e7a do Esp\u00edrito Santo e Membro Auxiliar do CNMP (D)<\/figcaption><\/figure>\n<p>&nbsp;<\/p>\n<p>&nbsp;<\/p>\n<figure id=\"attachment_3921\" aria-describedby=\"caption-attachment-3921\" style=\"width: 614px\" class=\"wp-caption aligncenter\"><a href=\"http:\/\/www.mpc.pr.gov.br\/wp-content\/uploads\/2015\/09\/03cn.jpg\"><img decoding=\"async\" class=\" wp-image-3921 \" alt=\"coleta de assinaturas na sede do MPC-PR\" src=\"http:\/\/www.mpc.pr.gov.br\/wp-content\/uploads\/2015\/09\/03cn-1024x689.jpg\" width=\"614\" height=\"413\" \/><\/a><figcaption id=\"caption-attachment-3921\" class=\"wp-caption-text\">coleta de assinaturas na sede do MPC-PR<\/figcaption><\/figure>\n<p>&nbsp;<\/p>\n<figure id=\"attachment_3919\" aria-describedby=\"caption-attachment-3919\" style=\"width: 614px\" class=\"wp-caption aligncenter\"><a href=\"http:\/\/www.mpc.pr.gov.br\/wp-content\/uploads\/2015\/09\/02cn.jpg\"><img loading=\"lazy\" decoding=\"async\" class=\" wp-image-3919    \" alt=\"Procuradores do MPC-PR no lan\u00e7amento da campanha da esquerda para a direita Juliana Sternadt Reiner - C\u00e9lia Rosana Moro Kansou - Val\u00e9ria Borba - Michael Richard Reiner - Katia Regina Puchaski\" src=\"http:\/\/www.mpc.pr.gov.br\/wp-content\/uploads\/2015\/09\/02cn-1024x597.jpg\" width=\"614\" height=\"358\" \/><\/a><figcaption id=\"caption-attachment-3919\" class=\"wp-caption-text\">Procuradores do MPC-PR no lan\u00e7amento da campanha<br \/>da esquerda para a direita<br \/>Juliana Sternadt Reiner &#8211; C\u00e9lia Rosana Moro Kansou &#8211; Val\u00e9ria Borba &#8211; Michael Richard Reiner &#8211; Katia Regina Puchaski<\/figcaption><\/figure>\n<p>&nbsp;<\/p>\n<p>&nbsp;<\/p>\n","protected":false},"excerpt":{"rendered":"<p>&nbsp; O Minist\u00e9rio P\u00fablico de Contas do Paran\u00e1 (MPC-PR) aderiu \u00e0 campanha nacional Dez Medidas Contra a Corrup\u00e7\u00e3o. O apoio j\u00e1 estava sendo realizado desde o in\u00edcio de agosto deste ano. J\u00e1 a campanha de coleta de assinaturas iniciou-se nesta quinta-feira (17). Na oportunidade, aproveitando a visita de membros do Conselho Nacional do Minist\u00e9rio P\u00fablico [&hellip;]<\/p>\n","protected":false},"author":3,"featured_media":3888,"comment_status":"open","ping_status":"open","sticky":false,"template":"","format":"standard","meta":{"_monsterinsights_skip_tracking":false,"_monsterinsights_sitenote_active":false,"_monsterinsights_sitenote_note":"","_monsterinsights_sitenote_category":0,"footnotes":""},"categories":[7],"tags":[],"class_list":["post-3886","post","type-post","status-publish","format-standard","has-post-thumbnail","hentry","category-todas-as-noticias","entry","has-media"],"yoast_head":"<!-- This site is optimized with the Yoast SEO plugin v27.3 - https:\/\/yoast.com\/product\/yoast-seo-wordpress\/ -->\n<title>MPC-PR se engaja em campanha nacional anticorrup\u00e7\u00e3o - Minist\u00e9rio P\u00fablico de Contas do Estado do Paran\u00e1<\/title>\n<meta name=\"robots\" content=\"index, follow, max-snippet:-1, max-image-preview:large, max-video-preview:-1\" \/>\n<link rel=\"canonical\" href=\"https:\/\/www.mpc.pr.gov.br\/index.php\/mpc-pr-se-engaja-em-campanha-nacional-anticorrupcao\/\" \/>\n<meta property=\"og:locale\" content=\"pt_BR\" \/>\n<meta property=\"og:type\" content=\"article\" \/>\n<meta property=\"og:title\" content=\"MPC-PR se engaja em campanha nacional anticorrup\u00e7\u00e3o - Minist\u00e9rio P\u00fablico de Contas do Estado do Paran\u00e1\" \/>\n<meta property=\"og:description\" content=\"&nbsp; O Minist\u00e9rio P\u00fablico de Contas do Paran\u00e1 (MPC-PR) aderiu \u00e0 campanha nacional Dez Medidas Contra a Corrup\u00e7\u00e3o. O apoio j\u00e1 estava sendo realizado desde o in\u00edcio de agosto deste ano. J\u00e1 a campanha de coleta de assinaturas iniciou-se nesta quinta-feira (17). Na oportunidade, aproveitando a visita de membros do Conselho Nacional do Minist\u00e9rio P\u00fablico [&hellip;]\" \/>\n<meta property=\"og:url\" content=\"https:\/\/www.mpc.pr.gov.br\/index.php\/mpc-pr-se-engaja-em-campanha-nacional-anticorrupcao\/\" \/>\n<meta property=\"og:site_name\" content=\"Minist\u00e9rio P\u00fablico de Contas do Estado do Paran\u00e1\" \/>\n<meta property=\"article:publisher\" content=\"https:\/\/www.facebook.com\/mpc.pr\" \/>\n<meta property=\"article:published_time\" content=\"2015-09-18T18:01:23+00:00\" \/>\n<meta name=\"author\" content=\"michael.reiner\" \/>\n<meta name=\"twitter:card\" content=\"summary_large_image\" \/>\n<meta name=\"twitter:label1\" content=\"Escrito por\" \/>\n\t<meta name=\"twitter:data1\" content=\"michael.reiner\" \/>\n\t<meta name=\"twitter:label2\" content=\"Est. tempo de leitura\" \/>\n\t<meta name=\"twitter:data2\" content=\"2 minutos\" \/>\n<script type=\"application\/ld+json\" class=\"yoast-schema-graph\">{\"@context\":\"https:\\\/\\\/schema.org\",\"@graph\":[{\"@type\":\"Article\",\"@id\":\"https:\\\/\\\/www.mpc.pr.gov.br\\\/index.php\\\/mpc-pr-se-engaja-em-campanha-nacional-anticorrupcao\\\/#article\",\"isPartOf\":{\"@id\":\"https:\\\/\\\/www.mpc.pr.gov.br\\\/index.php\\\/mpc-pr-se-engaja-em-campanha-nacional-anticorrupcao\\\/\"},\"author\":{\"name\":\"michael.reiner\",\"@id\":\"https:\\\/\\\/www.mpc.pr.gov.br\\\/#\\\/schema\\\/person\\\/e6db2baa689b9b3b9e704ac0d26f7d3e\"},\"headline\":\"MPC-PR se engaja em campanha nacional anticorrup\u00e7\u00e3o\",\"datePublished\":\"2015-09-18T18:01:23+00:00\",\"mainEntityOfPage\":{\"@id\":\"https:\\\/\\\/www.mpc.pr.gov.br\\\/index.php\\\/mpc-pr-se-engaja-em-campanha-nacional-anticorrupcao\\\/\"},\"wordCount\":326,\"commentCount\":1,\"publisher\":{\"@id\":\"https:\\\/\\\/www.mpc.pr.gov.br\\\/#organization\"},\"image\":{\"@id\":\"https:\\\/\\\/www.mpc.pr.gov.br\\\/index.php\\\/mpc-pr-se-engaja-em-campanha-nacional-anticorrupcao\\\/#primaryimage\"},\"thumbnailUrl\":\"\",\"articleSection\":[\"Todas as not\u00edcias\"],\"inLanguage\":\"pt-BR\",\"potentialAction\":[{\"@type\":\"CommentAction\",\"name\":\"Comment\",\"target\":[\"https:\\\/\\\/www.mpc.pr.gov.br\\\/index.php\\\/mpc-pr-se-engaja-em-campanha-nacional-anticorrupcao\\\/#respond\"]}]},{\"@type\":\"WebPage\",\"@id\":\"https:\\\/\\\/www.mpc.pr.gov.br\\\/index.php\\\/mpc-pr-se-engaja-em-campanha-nacional-anticorrupcao\\\/\",\"url\":\"https:\\\/\\\/www.mpc.pr.gov.br\\\/index.php\\\/mpc-pr-se-engaja-em-campanha-nacional-anticorrupcao\\\/\",\"name\":\"MPC-PR se engaja em campanha nacional anticorrup\u00e7\u00e3o - Minist\u00e9rio P\u00fablico de Contas do Estado do Paran\u00e1\",\"isPartOf\":{\"@id\":\"https:\\\/\\\/www.mpc.pr.gov.br\\\/#website\"},\"primaryImageOfPage\":{\"@id\":\"https:\\\/\\\/www.mpc.pr.gov.br\\\/index.php\\\/mpc-pr-se-engaja-em-campanha-nacional-anticorrupcao\\\/#primaryimage\"},\"image\":{\"@id\":\"https:\\\/\\\/www.mpc.pr.gov.br\\\/index.php\\\/mpc-pr-se-engaja-em-campanha-nacional-anticorrupcao\\\/#primaryimage\"},\"thumbnailUrl\":\"\",\"datePublished\":\"2015-09-18T18:01:23+00:00\",\"breadcrumb\":{\"@id\":\"https:\\\/\\\/www.mpc.pr.gov.br\\\/index.php\\\/mpc-pr-se-engaja-em-campanha-nacional-anticorrupcao\\\/#breadcrumb\"},\"inLanguage\":\"pt-BR\",\"potentialAction\":[{\"@type\":\"ReadAction\",\"target\":[\"https:\\\/\\\/www.mpc.pr.gov.br\\\/index.php\\\/mpc-pr-se-engaja-em-campanha-nacional-anticorrupcao\\\/\"]}]},{\"@type\":\"ImageObject\",\"inLanguage\":\"pt-BR\",\"@id\":\"https:\\\/\\\/www.mpc.pr.gov.br\\\/index.php\\\/mpc-pr-se-engaja-em-campanha-nacional-anticorrupcao\\\/#primaryimage\",\"url\":\"\",\"contentUrl\":\"\"},{\"@type\":\"BreadcrumbList\",\"@id\":\"https:\\\/\\\/www.mpc.pr.gov.br\\\/index.php\\\/mpc-pr-se-engaja-em-campanha-nacional-anticorrupcao\\\/#breadcrumb\",\"itemListElement\":[{\"@type\":\"ListItem\",\"position\":1,\"name\":\"In\u00edcio\",\"item\":\"https:\\\/\\\/www.mpc.pr.gov.br\\\/\"},{\"@type\":\"ListItem\",\"position\":2,\"name\":\"MPC-PR se engaja em campanha nacional anticorrup\u00e7\u00e3o\"}]},{\"@type\":\"WebSite\",\"@id\":\"https:\\\/\\\/www.mpc.pr.gov.br\\\/#website\",\"url\":\"https:\\\/\\\/www.mpc.pr.gov.br\\\/\",\"name\":\"Minist\u00e9rio P\u00fablico de Contas do Estado do Paran\u00e1\",\"description\":\"\",\"publisher\":{\"@id\":\"https:\\\/\\\/www.mpc.pr.gov.br\\\/#organization\"},\"potentialAction\":[{\"@type\":\"SearchAction\",\"target\":{\"@type\":\"EntryPoint\",\"urlTemplate\":\"https:\\\/\\\/www.mpc.pr.gov.br\\\/?s={search_term_string}\"},\"query-input\":{\"@type\":\"PropertyValueSpecification\",\"valueRequired\":true,\"valueName\":\"search_term_string\"}}],\"inLanguage\":\"pt-BR\"},{\"@type\":\"Organization\",\"@id\":\"https:\\\/\\\/www.mpc.pr.gov.br\\\/#organization\",\"name\":\"Minist\u00e9rio P\u00fablico de Contas do Estado do Paran\u00e1\",\"url\":\"https:\\\/\\\/www.mpc.pr.gov.br\\\/\",\"logo\":{\"@type\":\"ImageObject\",\"inLanguage\":\"pt-BR\",\"@id\":\"https:\\\/\\\/www.mpc.pr.gov.br\\\/#\\\/schema\\\/logo\\\/image\\\/\",\"url\":\"https:\\\/\\\/www.mpc.pr.gov.br\\\/wp-content\\\/uploads\\\/2020\\\/06\\\/99423647_1593460364143890_6706793420720963584_n-1-e1591387983167.png\",\"contentUrl\":\"https:\\\/\\\/www.mpc.pr.gov.br\\\/wp-content\\\/uploads\\\/2020\\\/06\\\/99423647_1593460364143890_6706793420720963584_n-1-e1591387983167.png\",\"width\":243,\"height\":73,\"caption\":\"Minist\u00e9rio P\u00fablico de Contas do Estado do Paran\u00e1\"},\"image\":{\"@id\":\"https:\\\/\\\/www.mpc.pr.gov.br\\\/#\\\/schema\\\/logo\\\/image\\\/\"},\"sameAs\":[\"https:\\\/\\\/www.facebook.com\\\/mpc.pr\",\"https:\\\/\\\/www.instagram.com\\\/mpc.pr\\\/?hl=pt-br\",\"https:\\\/\\\/www.youtube.com\\\/channel\\\/UCHri5oEM8DV0ztX57E0sBSw\"]},{\"@type\":\"Person\",\"@id\":\"https:\\\/\\\/www.mpc.pr.gov.br\\\/#\\\/schema\\\/person\\\/e6db2baa689b9b3b9e704ac0d26f7d3e\",\"name\":\"michael.reiner\",\"image\":{\"@type\":\"ImageObject\",\"inLanguage\":\"pt-BR\",\"@id\":\"https:\\\/\\\/secure.gravatar.com\\\/avatar\\\/?s=96&d=mm&r=g\",\"url\":\"https:\\\/\\\/secure.gravatar.com\\\/avatar\\\/?s=96&d=mm&r=g\",\"contentUrl\":\"https:\\\/\\\/secure.gravatar.com\\\/avatar\\\/?s=96&d=mm&r=g\",\"caption\":\"michael.reiner\"}}]}<\/script>\n<!-- \/ Yoast SEO plugin. -->","yoast_head_json":{"title":"MPC-PR se engaja em campanha nacional anticorrup\u00e7\u00e3o - Minist\u00e9rio P\u00fablico de Contas do Estado do Paran\u00e1","robots":{"index":"index","follow":"follow","max-snippet":"max-snippet:-1","max-image-preview":"max-image-preview:large","max-video-preview":"max-video-preview:-1"},"canonical":"https:\/\/www.mpc.pr.gov.br\/index.php\/mpc-pr-se-engaja-em-campanha-nacional-anticorrupcao\/","og_locale":"pt_BR","og_type":"article","og_title":"MPC-PR se engaja em campanha nacional anticorrup\u00e7\u00e3o - Minist\u00e9rio P\u00fablico de Contas do Estado do Paran\u00e1","og_description":"&nbsp; O Minist\u00e9rio P\u00fablico de Contas do Paran\u00e1 (MPC-PR) aderiu \u00e0 campanha nacional Dez Medidas Contra a Corrup\u00e7\u00e3o. O apoio j\u00e1 estava sendo realizado desde o in\u00edcio de agosto deste ano. J\u00e1 a campanha de coleta de assinaturas iniciou-se nesta quinta-feira (17). Na oportunidade, aproveitando a visita de membros do Conselho Nacional do Minist\u00e9rio P\u00fablico [&hellip;]","og_url":"https:\/\/www.mpc.pr.gov.br\/index.php\/mpc-pr-se-engaja-em-campanha-nacional-anticorrupcao\/","og_site_name":"Minist\u00e9rio P\u00fablico de Contas do Estado do Paran\u00e1","article_publisher":"https:\/\/www.facebook.com\/mpc.pr","article_published_time":"2015-09-18T18:01:23+00:00","author":"michael.reiner","twitter_card":"summary_large_image","twitter_misc":{"Escrito por":"michael.reiner","Est. tempo de leitura":"2 minutos"},"schema":{"@context":"https:\/\/schema.org","@graph":[{"@type":"Article","@id":"https:\/\/www.mpc.pr.gov.br\/index.php\/mpc-pr-se-engaja-em-campanha-nacional-anticorrupcao\/#article","isPartOf":{"@id":"https:\/\/www.mpc.pr.gov.br\/index.php\/mpc-pr-se-engaja-em-campanha-nacional-anticorrupcao\/"},"author":{"name":"michael.reiner","@id":"https:\/\/www.mpc.pr.gov.br\/#\/schema\/person\/e6db2baa689b9b3b9e704ac0d26f7d3e"},"headline":"MPC-PR se engaja em campanha nacional anticorrup\u00e7\u00e3o","datePublished":"2015-09-18T18:01:23+00:00","mainEntityOfPage":{"@id":"https:\/\/www.mpc.pr.gov.br\/index.php\/mpc-pr-se-engaja-em-campanha-nacional-anticorrupcao\/"},"wordCount":326,"commentCount":1,"publisher":{"@id":"https:\/\/www.mpc.pr.gov.br\/#organization"},"image":{"@id":"https:\/\/www.mpc.pr.gov.br\/index.php\/mpc-pr-se-engaja-em-campanha-nacional-anticorrupcao\/#primaryimage"},"thumbnailUrl":"","articleSection":["Todas as not\u00edcias"],"inLanguage":"pt-BR","potentialAction":[{"@type":"CommentAction","name":"Comment","target":["https:\/\/www.mpc.pr.gov.br\/index.php\/mpc-pr-se-engaja-em-campanha-nacional-anticorrupcao\/#respond"]}]},{"@type":"WebPage","@id":"https:\/\/www.mpc.pr.gov.br\/index.php\/mpc-pr-se-engaja-em-campanha-nacional-anticorrupcao\/","url":"https:\/\/www.mpc.pr.gov.br\/index.php\/mpc-pr-se-engaja-em-campanha-nacional-anticorrupcao\/","name":"MPC-PR se engaja em campanha nacional anticorrup\u00e7\u00e3o - Minist\u00e9rio P\u00fablico de Contas do Estado do Paran\u00e1","isPartOf":{"@id":"https:\/\/www.mpc.pr.gov.br\/#website"},"primaryImageOfPage":{"@id":"https:\/\/www.mpc.pr.gov.br\/index.php\/mpc-pr-se-engaja-em-campanha-nacional-anticorrupcao\/#primaryimage"},"image":{"@id":"https:\/\/www.mpc.pr.gov.br\/index.php\/mpc-pr-se-engaja-em-campanha-nacional-anticorrupcao\/#primaryimage"},"thumbnailUrl":"","datePublished":"2015-09-18T18:01:23+00:00","breadcrumb":{"@id":"https:\/\/www.mpc.pr.gov.br\/index.php\/mpc-pr-se-engaja-em-campanha-nacional-anticorrupcao\/#breadcrumb"},"inLanguage":"pt-BR","potentialAction":[{"@type":"ReadAction","target":["https:\/\/www.mpc.pr.gov.br\/index.php\/mpc-pr-se-engaja-em-campanha-nacional-anticorrupcao\/"]}]},{"@type":"ImageObject","inLanguage":"pt-BR","@id":"https:\/\/www.mpc.pr.gov.br\/index.php\/mpc-pr-se-engaja-em-campanha-nacional-anticorrupcao\/#primaryimage","url":"","contentUrl":""},{"@type":"BreadcrumbList","@id":"https:\/\/www.mpc.pr.gov.br\/index.php\/mpc-pr-se-engaja-em-campanha-nacional-anticorrupcao\/#breadcrumb","itemListElement":[{"@type":"ListItem","position":1,"name":"In\u00edcio","item":"https:\/\/www.mpc.pr.gov.br\/"},{"@type":"ListItem","position":2,"name":"MPC-PR se engaja em campanha nacional anticorrup\u00e7\u00e3o"}]},{"@type":"WebSite","@id":"https:\/\/www.mpc.pr.gov.br\/#website","url":"https:\/\/www.mpc.pr.gov.br\/","name":"Minist\u00e9rio P\u00fablico de Contas do Estado do Paran\u00e1","description":"","publisher":{"@id":"https:\/\/www.mpc.pr.gov.br\/#organization"},"potentialAction":[{"@type":"SearchAction","target":{"@type":"EntryPoint","urlTemplate":"https:\/\/www.mpc.pr.gov.br\/?s={search_term_string}"},"query-input":{"@type":"PropertyValueSpecification","valueRequired":true,"valueName":"search_term_string"}}],"inLanguage":"pt-BR"},{"@type":"Organization","@id":"https:\/\/www.mpc.pr.gov.br\/#organization","name":"Minist\u00e9rio P\u00fablico de Contas do Estado do Paran\u00e1","url":"https:\/\/www.mpc.pr.gov.br\/","logo":{"@type":"ImageObject","inLanguage":"pt-BR","@id":"https:\/\/www.mpc.pr.gov.br\/#\/schema\/logo\/image\/","url":"https:\/\/www.mpc.pr.gov.br\/wp-content\/uploads\/2020\/06\/99423647_1593460364143890_6706793420720963584_n-1-e1591387983167.png","contentUrl":"https:\/\/www.mpc.pr.gov.br\/wp-content\/uploads\/2020\/06\/99423647_1593460364143890_6706793420720963584_n-1-e1591387983167.png","width":243,"height":73,"caption":"Minist\u00e9rio P\u00fablico de Contas do Estado do Paran\u00e1"},"image":{"@id":"https:\/\/www.mpc.pr.gov.br\/#\/schema\/logo\/image\/"},"sameAs":["https:\/\/www.facebook.com\/mpc.pr","https:\/\/www.instagram.com\/mpc.pr\/?hl=pt-br","https:\/\/www.youtube.com\/channel\/UCHri5oEM8DV0ztX57E0sBSw"]},{"@type":"Person","@id":"https:\/\/www.mpc.pr.gov.br\/#\/schema\/person\/e6db2baa689b9b3b9e704ac0d26f7d3e","name":"michael.reiner","image":{"@type":"ImageObject","inLanguage":"pt-BR","@id":"https:\/\/secure.gravatar.com\/avatar\/?s=96&d=mm&r=g","url":"https:\/\/secure.gravatar.com\/avatar\/?s=96&d=mm&r=g","contentUrl":"https:\/\/secure.gravatar.com\/avatar\/?s=96&d=mm&r=g","caption":"michael.reiner"}}]}},"rttpg_featured_image_url":null,"rttpg_author":{"display_name":"michael.reiner","author_link":"https:\/\/www.mpc.pr.gov.br\/index.php\/author\/michael-reiner\/"},"rttpg_comment":1,"rttpg_category":"<a href=\"https:\/\/www.mpc.pr.gov.br\/index.php\/category\/todas-as-noticias\/\" rel=\"category tag\">Todas as not\u00edcias<\/a>","rttpg_excerpt":"&nbsp; O Minist\u00e9rio P\u00fablico de Contas do Paran\u00e1 (MPC-PR) aderiu \u00e0 campanha nacional Dez Medidas Contra a Corrup\u00e7\u00e3o. O apoio j\u00e1 estava sendo realizado desde o in\u00edcio de agosto deste ano. J\u00e1 a campanha de coleta de assinaturas iniciou-se nesta quinta-feira (17). Na oportunidade, aproveitando a visita de membros do Conselho Nacional do Minist\u00e9rio P\u00fablico&hellip;","_links":{"self":[{"href":"https:\/\/www.mpc.pr.gov.br\/index.php\/wp-json\/wp\/v2\/posts\/3886","targetHints":{"allow":["GET"]}}],"collection":[{"href":"https:\/\/www.mpc.pr.gov.br\/index.php\/wp-json\/wp\/v2\/posts"}],"about":[{"href":"https:\/\/www.mpc.pr.gov.br\/index.php\/wp-json\/wp\/v2\/types\/post"}],"author":[{"embeddable":true,"href":"https:\/\/www.mpc.pr.gov.br\/index.php\/wp-json\/wp\/v2\/users\/3"}],"replies":[{"embeddable":true,"href":"https:\/\/www.mpc.pr.gov.br\/index.php\/wp-json\/wp\/v2\/comments?post=3886"}],"version-history":[{"count":0,"href":"https:\/\/www.mpc.pr.gov.br\/index.php\/wp-json\/wp\/v2\/posts\/3886\/revisions"}],"wp:featuredmedia":[{"embeddable":true,"href":"https:\/\/www.mpc.pr.gov.br\/index.php\/wp-json\/"}],"wp:attachment":[{"href":"https:\/\/www.mpc.pr.gov.br\/index.php\/wp-json\/wp\/v2\/media?parent=3886"}],"wp:term":[{"taxonomy":"category","embeddable":true,"href":"https:\/\/www.mpc.pr.gov.br\/index.php\/wp-json\/wp\/v2\/categories?post=3886"},{"taxonomy":"post_tag","embeddable":true,"href":"https:\/\/www.mpc.pr.gov.br\/index.php\/wp-json\/wp\/v2\/tags?post=3886"}],"curies":[{"name":"wp","href":"https:\/\/api.w.org\/{rel}","templated":true}]}}