{"id":3931,"date":"2015-10-01T20:14:01","date_gmt":"2015-10-01T20:14:01","guid":{"rendered":"http:\/\/www.mpc.pr.gov.br\/?p=3931"},"modified":"2015-10-01T20:14:01","modified_gmt":"2015-10-01T20:14:01","slug":"mpc-solicita-transparencia-na-divulgacao-de-salarios-da-administracao-indireta","status":"publish","type":"post","link":"https:\/\/www.mpc.pr.gov.br\/index.php\/mpc-solicita-transparencia-na-divulgacao-de-salarios-da-administracao-indireta\/","title":{"rendered":"MPC solicita transpar\u00eancia na divulga\u00e7\u00e3o de sal\u00e1rios da administra\u00e7\u00e3o indireta"},"content":{"rendered":"<blockquote><p>O Minist\u00e9rio P\u00fablico de Contas do Estado do Paran\u00e1 (MPC-PR)\u00a0expediu, nesta quinta-feira (1\u00ba de outubro), of\u00edcios \u00e0s Inspetorias de Controle Externo do TCE-PR para que informem sobre a remunera\u00e7\u00e3o de agentes p\u00fablicos vinculados \u00e0s empresas p\u00fablicas, sociedades de economia mista, funda\u00e7\u00f5es e servi\u00e7os sociais aut\u00f4nomos integrantes da administra\u00e7\u00e3o p\u00fablica indireta do Estado do Paran\u00e1.<\/p><\/blockquote>\n<p>Na an\u00e1lise ministerial ficou evidenciado que referidas entidades n\u00e3o t\u00eam atendido, em sua plenitude, os comandos da LAI (Lei de Acesso \u00e0 Informa\u00e7\u00e3o &#8211; Lei Federal n\u00ba 12.527\/11), bem como entendimento do STF (Supremo Tribunal Federal) acerca do tema.<\/p>\n<p>Os principais obst\u00e1culos recaem sobre as verbas pagas aos dirigentes destas entidades, cuja preocupa\u00e7\u00e3o tem ocupado grande espa\u00e7o na opini\u00e3o p\u00fablica.<\/p>\n<p>Neste sentido, o \u201cMinist\u00e9rio P\u00fablico busca a plena aplica\u00e7\u00e3o da legisla\u00e7\u00e3o de reg\u00eancia e lan\u00e7ou m\u00e3o destes of\u00edcios para que as entidades sejam instadas pelo TCE a dar transpar\u00eancia de suas folhas de pagamento, essencial, inclusive, ao controle social\u201d, explicou o Procurador-Geral Michael Richard Reiner.<\/p>\n<p>\u201cNum segundo momento, de posse dos dados, ser\u00e1 poss\u00edvel fazer outra ordem de confer\u00eancias para, conforme o caso, ingressar com as medidas cab\u00edveis\u201d, completou.<\/p>\n<p><a href=\"http:\/\/www.mpc.pr.gov.br\/wp-content\/uploads\/2015\/10\/Of\u00edcio-INSPETORIAS-remunera\u00e7\u00e3o-administra\u00e7\u00e3o-indireta.pdf\"><b>CONSULTE AQUI OS TERMOS DO OF\u00cdCIO<\/b><\/a><\/p>\n<p>&nbsp;<\/p>\n<p>Segundo levantamento\u00a0 extra\u00eddo da internet, o seguinte retrato foi tirado quanto \u00e0 observ\u00e2ncia da transpar\u00eancia pela administra\u00e7\u00e3o indireta do Estado:<\/p>\n<p><b>Sanepar (Empresa Estatal)<\/b><\/p>\n<p>No site da Sanepar n\u00e3o h\u00e1 a divulga\u00e7\u00e3o de sal\u00e1rios. O Portal da Transpar\u00eancia da empresa divulga, apenas, os servidores que possuem fun\u00e7\u00e3o de chefia, sem esclarecer os valores das gratifica\u00e7\u00f5es. Em outro link \u00e9 poss\u00edvel verificar o custo total da folha, sem qualquer explica\u00e7\u00e3o adicional.<\/p>\n<p><b>Copel (Empresa Estatal)<\/b><\/p>\n<p>A Copel divulga apenas um quadro com o n\u00famero de funcion\u00e1rios da empresa, atualizado at\u00e9 30 de junho de 2015.<\/p>\n<table border=\"0\" cellspacing=\"0\" cellpadding=\"0\">\n<tbody>\n<tr>\n<td valign=\"top\">\n<p align=\"center\"><b>Carreira\/Empresa<\/b><\/p>\n<\/td>\n<td valign=\"top\">\n<p align=\"center\"><b>Holding<\/b><\/p>\n<\/td>\n<td valign=\"top\">\n<p align=\"center\"><b>Telecom<\/b><\/p>\n<\/td>\n<td valign=\"top\">\n<p align=\"center\"><b>Distribui\u00e7\u00e3o<\/b><\/p>\n<\/td>\n<td valign=\"top\">\n<p align=\"center\"><b>Gera\u00e7\u00e3o e Transmiss\u00e3o<\/b><\/p>\n<\/td>\n<td valign=\"top\">\n<p align=\"center\"><b>Participa\u00e7\u00f5es<\/b><\/p>\n<\/td>\n<td valign=\"top\">\n<p align=\"center\"><b>Renov\u00e1veis<\/b><\/p>\n<\/td>\n<td valign=\"top\">\n<p align=\"center\"><b>Total<\/b><\/p>\n<\/td>\n<\/tr>\n<tr>\n<td valign=\"top\">Profissional T\u00e9cnica de N\u00edvel M\u00e9dio<\/td>\n<td valign=\"top\">\n<p align=\"center\">4<\/p>\n<\/td>\n<td valign=\"top\">\n<p align=\"center\">214<\/p>\n<\/td>\n<td valign=\"top\">\n<p align=\"center\">1.239<\/p>\n<\/td>\n<td valign=\"top\">\n<p align=\"center\">615<\/p>\n<\/td>\n<td valign=\"top\">\n<p align=\"center\">&#8211;<\/p>\n<\/td>\n<td valign=\"top\">\n<p align=\"center\">3<\/p>\n<\/td>\n<td valign=\"top\">\n<p align=\"center\"><b>2.075<\/b><\/p>\n<\/td>\n<\/tr>\n<tr>\n<td valign=\"top\">Profissional de N\u00edvel M\u00e9dio<\/td>\n<td valign=\"top\">\n<p align=\"center\">103<\/p>\n<\/td>\n<td valign=\"top\">\n<p align=\"center\">213<\/p>\n<\/td>\n<td valign=\"top\">\n<p align=\"center\">4.187<\/p>\n<\/td>\n<td valign=\"top\">\n<p align=\"center\">393<\/p>\n<\/td>\n<td valign=\"top\">\n<p align=\"center\">6<\/p>\n<\/td>\n<td valign=\"top\">\n<p align=\"center\">18<\/p>\n<\/td>\n<td valign=\"top\">\n<p align=\"center\"><b>4.920<\/b><\/p>\n<\/td>\n<\/tr>\n<tr>\n<td valign=\"top\">Profissional de N\u00edvel Superior<\/td>\n<td valign=\"top\">\n<p align=\"center\">227<\/p>\n<\/td>\n<td valign=\"top\">\n<p align=\"center\">195<\/p>\n<\/td>\n<td valign=\"top\">\n<p align=\"center\">577<\/p>\n<\/td>\n<td valign=\"top\">\n<p align=\"center\">459<\/p>\n<\/td>\n<td valign=\"top\">\n<p align=\"center\">4<\/p>\n<\/td>\n<td valign=\"top\">\n<p align=\"center\">22<\/p>\n<\/td>\n<td valign=\"top\">\n<p align=\"center\"><b>1.484<\/b><\/p>\n<\/td>\n<\/tr>\n<tr>\n<td valign=\"top\">Operacional<\/td>\n<td valign=\"top\">\n<p align=\"center\">&#8211;<\/p>\n<\/td>\n<td valign=\"top\">\n<p align=\"center\">&#8211;<\/p>\n<\/td>\n<td valign=\"top\">\n<p align=\"center\">38<\/p>\n<\/td>\n<td valign=\"top\">\n<p align=\"center\">100<\/p>\n<\/td>\n<td valign=\"top\">\n<p align=\"center\">&#8211;<\/p>\n<\/td>\n<td valign=\"top\">\n<p align=\"center\">&#8211;<\/p>\n<\/td>\n<td valign=\"top\">\n<p align=\"center\"><b>138<\/b><\/p>\n<\/td>\n<\/tr>\n<tr>\n<td valign=\"top\"><b>Total<\/b><\/td>\n<td valign=\"top\">\n<p align=\"center\"><b>334<\/b><\/p>\n<\/td>\n<td valign=\"top\">\n<p align=\"center\"><b>622<\/b><\/p>\n<\/td>\n<td valign=\"top\">\n<p align=\"center\"><b>6.041<\/b><\/p>\n<\/td>\n<td valign=\"top\">\n<p align=\"center\"><b>1.562<\/b><\/p>\n<\/td>\n<td valign=\"top\">\n<p align=\"center\"><b>10<\/b><\/p>\n<\/td>\n<td valign=\"top\">\n<p align=\"center\"><b>43<\/b><\/p>\n<\/td>\n<td valign=\"top\">\n<p align=\"center\"><b>8.617<\/b><\/p>\n<\/td>\n<\/tr>\n<\/tbody>\n<\/table>\n<p><b>Celepar (Empresa Estatal)<\/b><\/p>\n<p>A Celepar divulga tabelas com os valores dos sal\u00e1rios e gratifica\u00e7\u00f5es. Por\u00e9m, a tabela \u00e9 inteira codificada, o que n\u00e3o permite vislumbrar a quantia auferida pelos seus diretores. A tabela que divulga o custo total da folha desta empresa n\u00e3o segrega qual seria o valor total, ao menos, que recebe o Conselho Diretor.<\/p>\n<p><b>Cohapar (Empresa Estatal)<\/b><\/p>\n<p>A Cohapar possui um link que permite o acesso \u00e0 remunera\u00e7\u00e3o dos empregados, desde que seja consignado o n\u00famero da matr\u00edcula do funcion\u00e1rio. Mesmo digitando uma matr\u00edcula aleatoriamente, verificou-se que sequer consta o nome ou cargo daquele que recebe o vencimento em quest\u00e3o.<\/p>\n<p><b>Compag\u00e1s (Empresa Estatal)<\/b><\/p>\n<p>Divulga rela\u00e7\u00e3o de servidores, admiss\u00f5es, desligamentos e di\u00e1rias, mas n\u00e3o a folha de pagamento. H\u00e1, tamb\u00e9m, a rela\u00e7\u00e3o geral de pessoal, sem consignar os valores que cada funcion\u00e1rio recebe.<\/p>\n<p><b>Ag\u00eancia Fomento (Empresa Estatal)<\/b><\/p>\n<p>A Ag\u00eancia de Fomento Paran\u00e1 divulga as movimenta\u00e7\u00f5es de pessoal. Ou seja, quando h\u00e1 demiss\u00e3o, \u00e9 posto no site, inclusive com o sal\u00e1rio do funcion\u00e1rio que ser\u00e1 desligado. Entretanto, os valores recebidos pelos demais funcion\u00e1rios n\u00e3o s\u00e3o divulgados.<\/p>\n<p><b>Paran\u00e1 Cidade (Servi\u00e7o Social Aut\u00f4nomo)<\/b><\/p>\n<p>S\u00e3o divulgados somente os funcion\u00e1rios efetivos e comissionados. Em qualquer dos casos n\u00e3o h\u00e1 esclarecimento acerca de remunera\u00e7\u00e3o.<\/p>\n<p>&nbsp;<\/p>\n<p>No Portal da Transpar\u00eancia do Estado do Paran\u00e1 \u00e9 poss\u00edvel realizar consulta da remunera\u00e7\u00e3o somente atrav\u00e9s do nome do funcion\u00e1rio das seguintes estatais: Celepar, Fomento Paran\u00e1, Ambiental Florestas, CEASA, Ferroeste, BADEP, APPA, Emater e Centro de Conven\u00e7\u00f5es. Embora seja poss\u00edvel consultar essas remunera\u00e7\u00f5es, desde que constem os nomes dos funcion\u00e1rios, nos sites dos respectivos entes isto \u00e9 imposs\u00edvel.\u00a0Ademais, por ordem judicial (anterior ao julgamento do STF), n\u00e3o s\u00e3o divulgados os sal\u00e1rios da COHAPAR, CODAPAR, MINEROPAR e TECPAR.<\/p>\n<p style=\"text-align: center;\"><a href=\"http:\/\/www.mpc.pr.gov.br\/wp-content\/uploads\/2015\/10\/transpar\u00eancia.jpg\"><img fetchpriority=\"high\" decoding=\"async\" class=\"aligncenter  wp-image-3933\" style=\"width: 683px; height: 377px;\" alt=\"transpar\u00eancia\" src=\"http:\/\/www.mpc.pr.gov.br\/wp-content\/uploads\/2015\/10\/transpar\u00eancia-1024x464.jpg\" width=\"1024\" height=\"464\" \/><\/a><\/p>\n","protected":false},"excerpt":{"rendered":"<p>O Minist\u00e9rio P\u00fablico de Contas do Estado do Paran\u00e1 (MPC-PR)\u00a0expediu, nesta quinta-feira (1\u00ba de outubro), of\u00edcios \u00e0s Inspetorias de Controle Externo do TCE-PR para que informem sobre a remunera\u00e7\u00e3o de agentes p\u00fablicos vinculados \u00e0s empresas p\u00fablicas, sociedades de economia mista, funda\u00e7\u00f5es e servi\u00e7os sociais aut\u00f4nomos integrantes da administra\u00e7\u00e3o p\u00fablica indireta do Estado do Paran\u00e1. Na [&hellip;]<\/p>\n","protected":false},"author":3,"featured_media":3933,"comment_status":"open","ping_status":"open","sticky":false,"template":"","format":"standard","meta":{"_monsterinsights_skip_tracking":false,"_monsterinsights_sitenote_active":false,"_monsterinsights_sitenote_note":"","_monsterinsights_sitenote_category":0,"footnotes":""},"categories":[15,7],"tags":[],"class_list":["post-3931","post","type-post","status-publish","format-standard","has-post-thumbnail","hentry","category-noticias-de-interesse","category-todas-as-noticias","entry","has-media"],"yoast_head":"<!-- This site is optimized with the Yoast SEO plugin v27.3 - https:\/\/yoast.com\/product\/yoast-seo-wordpress\/ -->\n<title>MPC solicita transpar\u00eancia na divulga\u00e7\u00e3o de sal\u00e1rios da administra\u00e7\u00e3o indireta - Minist\u00e9rio P\u00fablico de Contas do Estado do Paran\u00e1<\/title>\n<meta name=\"robots\" content=\"index, follow, max-snippet:-1, max-image-preview:large, max-video-preview:-1\" \/>\n<link rel=\"canonical\" href=\"https:\/\/www.mpc.pr.gov.br\/index.php\/mpc-solicita-transparencia-na-divulgacao-de-salarios-da-administracao-indireta\/\" \/>\n<meta property=\"og:locale\" content=\"pt_BR\" \/>\n<meta property=\"og:type\" content=\"article\" \/>\n<meta property=\"og:title\" content=\"MPC solicita transpar\u00eancia na divulga\u00e7\u00e3o de sal\u00e1rios da administra\u00e7\u00e3o indireta - Minist\u00e9rio P\u00fablico de Contas do Estado do Paran\u00e1\" \/>\n<meta property=\"og:description\" content=\"O Minist\u00e9rio P\u00fablico de Contas do Estado do Paran\u00e1 (MPC-PR)\u00a0expediu, nesta quinta-feira (1\u00ba de outubro), of\u00edcios \u00e0s Inspetorias de Controle Externo do TCE-PR para que informem sobre a remunera\u00e7\u00e3o de agentes p\u00fablicos vinculados \u00e0s empresas p\u00fablicas, sociedades de economia mista, funda\u00e7\u00f5es e servi\u00e7os sociais aut\u00f4nomos integrantes da administra\u00e7\u00e3o p\u00fablica indireta do Estado do Paran\u00e1. Na [&hellip;]\" \/>\n<meta property=\"og:url\" content=\"https:\/\/www.mpc.pr.gov.br\/index.php\/mpc-solicita-transparencia-na-divulgacao-de-salarios-da-administracao-indireta\/\" \/>\n<meta property=\"og:site_name\" content=\"Minist\u00e9rio P\u00fablico de Contas do Estado do Paran\u00e1\" \/>\n<meta property=\"article:publisher\" content=\"https:\/\/www.facebook.com\/mpc.pr\" \/>\n<meta property=\"article:published_time\" content=\"2015-10-01T20:14:01+00:00\" \/>\n<meta name=\"author\" content=\"michael.reiner\" \/>\n<meta name=\"twitter:card\" content=\"summary_large_image\" \/>\n<meta name=\"twitter:label1\" content=\"Escrito por\" \/>\n\t<meta name=\"twitter:data1\" content=\"michael.reiner\" \/>\n\t<meta name=\"twitter:label2\" content=\"Est. tempo de leitura\" \/>\n\t<meta name=\"twitter:data2\" content=\"3 minutos\" \/>\n<script type=\"application\/ld+json\" class=\"yoast-schema-graph\">{\"@context\":\"https:\\\/\\\/schema.org\",\"@graph\":[{\"@type\":\"Article\",\"@id\":\"https:\\\/\\\/www.mpc.pr.gov.br\\\/index.php\\\/mpc-solicita-transparencia-na-divulgacao-de-salarios-da-administracao-indireta\\\/#article\",\"isPartOf\":{\"@id\":\"https:\\\/\\\/www.mpc.pr.gov.br\\\/index.php\\\/mpc-solicita-transparencia-na-divulgacao-de-salarios-da-administracao-indireta\\\/\"},\"author\":{\"name\":\"michael.reiner\",\"@id\":\"https:\\\/\\\/www.mpc.pr.gov.br\\\/#\\\/schema\\\/person\\\/e6db2baa689b9b3b9e704ac0d26f7d3e\"},\"headline\":\"MPC solicita transpar\u00eancia na divulga\u00e7\u00e3o de sal\u00e1rios da administra\u00e7\u00e3o indireta\",\"datePublished\":\"2015-10-01T20:14:01+00:00\",\"mainEntityOfPage\":{\"@id\":\"https:\\\/\\\/www.mpc.pr.gov.br\\\/index.php\\\/mpc-solicita-transparencia-na-divulgacao-de-salarios-da-administracao-indireta\\\/\"},\"wordCount\":699,\"commentCount\":0,\"publisher\":{\"@id\":\"https:\\\/\\\/www.mpc.pr.gov.br\\\/#organization\"},\"image\":{\"@id\":\"https:\\\/\\\/www.mpc.pr.gov.br\\\/index.php\\\/mpc-solicita-transparencia-na-divulgacao-de-salarios-da-administracao-indireta\\\/#primaryimage\"},\"thumbnailUrl\":\"\",\"articleSection\":[\"Not\u00edcias de Interesse\",\"Todas as not\u00edcias\"],\"inLanguage\":\"pt-BR\",\"potentialAction\":[{\"@type\":\"CommentAction\",\"name\":\"Comment\",\"target\":[\"https:\\\/\\\/www.mpc.pr.gov.br\\\/index.php\\\/mpc-solicita-transparencia-na-divulgacao-de-salarios-da-administracao-indireta\\\/#respond\"]}]},{\"@type\":\"WebPage\",\"@id\":\"https:\\\/\\\/www.mpc.pr.gov.br\\\/index.php\\\/mpc-solicita-transparencia-na-divulgacao-de-salarios-da-administracao-indireta\\\/\",\"url\":\"https:\\\/\\\/www.mpc.pr.gov.br\\\/index.php\\\/mpc-solicita-transparencia-na-divulgacao-de-salarios-da-administracao-indireta\\\/\",\"name\":\"MPC solicita transpar\u00eancia na divulga\u00e7\u00e3o de sal\u00e1rios da administra\u00e7\u00e3o indireta - Minist\u00e9rio P\u00fablico de Contas do Estado do Paran\u00e1\",\"isPartOf\":{\"@id\":\"https:\\\/\\\/www.mpc.pr.gov.br\\\/#website\"},\"primaryImageOfPage\":{\"@id\":\"https:\\\/\\\/www.mpc.pr.gov.br\\\/index.php\\\/mpc-solicita-transparencia-na-divulgacao-de-salarios-da-administracao-indireta\\\/#primaryimage\"},\"image\":{\"@id\":\"https:\\\/\\\/www.mpc.pr.gov.br\\\/index.php\\\/mpc-solicita-transparencia-na-divulgacao-de-salarios-da-administracao-indireta\\\/#primaryimage\"},\"thumbnailUrl\":\"\",\"datePublished\":\"2015-10-01T20:14:01+00:00\",\"breadcrumb\":{\"@id\":\"https:\\\/\\\/www.mpc.pr.gov.br\\\/index.php\\\/mpc-solicita-transparencia-na-divulgacao-de-salarios-da-administracao-indireta\\\/#breadcrumb\"},\"inLanguage\":\"pt-BR\",\"potentialAction\":[{\"@type\":\"ReadAction\",\"target\":[\"https:\\\/\\\/www.mpc.pr.gov.br\\\/index.php\\\/mpc-solicita-transparencia-na-divulgacao-de-salarios-da-administracao-indireta\\\/\"]}]},{\"@type\":\"ImageObject\",\"inLanguage\":\"pt-BR\",\"@id\":\"https:\\\/\\\/www.mpc.pr.gov.br\\\/index.php\\\/mpc-solicita-transparencia-na-divulgacao-de-salarios-da-administracao-indireta\\\/#primaryimage\",\"url\":\"\",\"contentUrl\":\"\"},{\"@type\":\"BreadcrumbList\",\"@id\":\"https:\\\/\\\/www.mpc.pr.gov.br\\\/index.php\\\/mpc-solicita-transparencia-na-divulgacao-de-salarios-da-administracao-indireta\\\/#breadcrumb\",\"itemListElement\":[{\"@type\":\"ListItem\",\"position\":1,\"name\":\"In\u00edcio\",\"item\":\"https:\\\/\\\/www.mpc.pr.gov.br\\\/\"},{\"@type\":\"ListItem\",\"position\":2,\"name\":\"MPC solicita transpar\u00eancia na divulga\u00e7\u00e3o de sal\u00e1rios da administra\u00e7\u00e3o indireta\"}]},{\"@type\":\"WebSite\",\"@id\":\"https:\\\/\\\/www.mpc.pr.gov.br\\\/#website\",\"url\":\"https:\\\/\\\/www.mpc.pr.gov.br\\\/\",\"name\":\"Minist\u00e9rio P\u00fablico de Contas do Estado do Paran\u00e1\",\"description\":\"\",\"publisher\":{\"@id\":\"https:\\\/\\\/www.mpc.pr.gov.br\\\/#organization\"},\"potentialAction\":[{\"@type\":\"SearchAction\",\"target\":{\"@type\":\"EntryPoint\",\"urlTemplate\":\"https:\\\/\\\/www.mpc.pr.gov.br\\\/?s={search_term_string}\"},\"query-input\":{\"@type\":\"PropertyValueSpecification\",\"valueRequired\":true,\"valueName\":\"search_term_string\"}}],\"inLanguage\":\"pt-BR\"},{\"@type\":\"Organization\",\"@id\":\"https:\\\/\\\/www.mpc.pr.gov.br\\\/#organization\",\"name\":\"Minist\u00e9rio P\u00fablico de Contas do Estado do Paran\u00e1\",\"url\":\"https:\\\/\\\/www.mpc.pr.gov.br\\\/\",\"logo\":{\"@type\":\"ImageObject\",\"inLanguage\":\"pt-BR\",\"@id\":\"https:\\\/\\\/www.mpc.pr.gov.br\\\/#\\\/schema\\\/logo\\\/image\\\/\",\"url\":\"https:\\\/\\\/www.mpc.pr.gov.br\\\/wp-content\\\/uploads\\\/2020\\\/06\\\/99423647_1593460364143890_6706793420720963584_n-1-e1591387983167.png\",\"contentUrl\":\"https:\\\/\\\/www.mpc.pr.gov.br\\\/wp-content\\\/uploads\\\/2020\\\/06\\\/99423647_1593460364143890_6706793420720963584_n-1-e1591387983167.png\",\"width\":243,\"height\":73,\"caption\":\"Minist\u00e9rio P\u00fablico de Contas do Estado do Paran\u00e1\"},\"image\":{\"@id\":\"https:\\\/\\\/www.mpc.pr.gov.br\\\/#\\\/schema\\\/logo\\\/image\\\/\"},\"sameAs\":[\"https:\\\/\\\/www.facebook.com\\\/mpc.pr\",\"https:\\\/\\\/www.instagram.com\\\/mpc.pr\\\/?hl=pt-br\",\"https:\\\/\\\/www.youtube.com\\\/channel\\\/UCHri5oEM8DV0ztX57E0sBSw\"]},{\"@type\":\"Person\",\"@id\":\"https:\\\/\\\/www.mpc.pr.gov.br\\\/#\\\/schema\\\/person\\\/e6db2baa689b9b3b9e704ac0d26f7d3e\",\"name\":\"michael.reiner\",\"image\":{\"@type\":\"ImageObject\",\"inLanguage\":\"pt-BR\",\"@id\":\"https:\\\/\\\/secure.gravatar.com\\\/avatar\\\/?s=96&d=mm&r=g\",\"url\":\"https:\\\/\\\/secure.gravatar.com\\\/avatar\\\/?s=96&d=mm&r=g\",\"contentUrl\":\"https:\\\/\\\/secure.gravatar.com\\\/avatar\\\/?s=96&d=mm&r=g\",\"caption\":\"michael.reiner\"}}]}<\/script>\n<!-- \/ Yoast SEO plugin. -->","yoast_head_json":{"title":"MPC solicita transpar\u00eancia na divulga\u00e7\u00e3o de sal\u00e1rios da administra\u00e7\u00e3o indireta - Minist\u00e9rio P\u00fablico de Contas do Estado do Paran\u00e1","robots":{"index":"index","follow":"follow","max-snippet":"max-snippet:-1","max-image-preview":"max-image-preview:large","max-video-preview":"max-video-preview:-1"},"canonical":"https:\/\/www.mpc.pr.gov.br\/index.php\/mpc-solicita-transparencia-na-divulgacao-de-salarios-da-administracao-indireta\/","og_locale":"pt_BR","og_type":"article","og_title":"MPC solicita transpar\u00eancia na divulga\u00e7\u00e3o de sal\u00e1rios da administra\u00e7\u00e3o indireta - Minist\u00e9rio P\u00fablico de Contas do Estado do Paran\u00e1","og_description":"O Minist\u00e9rio P\u00fablico de Contas do Estado do Paran\u00e1 (MPC-PR)\u00a0expediu, nesta quinta-feira (1\u00ba de outubro), of\u00edcios \u00e0s Inspetorias de Controle Externo do TCE-PR para que informem sobre a remunera\u00e7\u00e3o de agentes p\u00fablicos vinculados \u00e0s empresas p\u00fablicas, sociedades de economia mista, funda\u00e7\u00f5es e servi\u00e7os sociais aut\u00f4nomos integrantes da administra\u00e7\u00e3o p\u00fablica indireta do Estado do Paran\u00e1. Na [&hellip;]","og_url":"https:\/\/www.mpc.pr.gov.br\/index.php\/mpc-solicita-transparencia-na-divulgacao-de-salarios-da-administracao-indireta\/","og_site_name":"Minist\u00e9rio P\u00fablico de Contas do Estado do Paran\u00e1","article_publisher":"https:\/\/www.facebook.com\/mpc.pr","article_published_time":"2015-10-01T20:14:01+00:00","author":"michael.reiner","twitter_card":"summary_large_image","twitter_misc":{"Escrito por":"michael.reiner","Est. tempo de leitura":"3 minutos"},"schema":{"@context":"https:\/\/schema.org","@graph":[{"@type":"Article","@id":"https:\/\/www.mpc.pr.gov.br\/index.php\/mpc-solicita-transparencia-na-divulgacao-de-salarios-da-administracao-indireta\/#article","isPartOf":{"@id":"https:\/\/www.mpc.pr.gov.br\/index.php\/mpc-solicita-transparencia-na-divulgacao-de-salarios-da-administracao-indireta\/"},"author":{"name":"michael.reiner","@id":"https:\/\/www.mpc.pr.gov.br\/#\/schema\/person\/e6db2baa689b9b3b9e704ac0d26f7d3e"},"headline":"MPC solicita transpar\u00eancia na divulga\u00e7\u00e3o de sal\u00e1rios da administra\u00e7\u00e3o indireta","datePublished":"2015-10-01T20:14:01+00:00","mainEntityOfPage":{"@id":"https:\/\/www.mpc.pr.gov.br\/index.php\/mpc-solicita-transparencia-na-divulgacao-de-salarios-da-administracao-indireta\/"},"wordCount":699,"commentCount":0,"publisher":{"@id":"https:\/\/www.mpc.pr.gov.br\/#organization"},"image":{"@id":"https:\/\/www.mpc.pr.gov.br\/index.php\/mpc-solicita-transparencia-na-divulgacao-de-salarios-da-administracao-indireta\/#primaryimage"},"thumbnailUrl":"","articleSection":["Not\u00edcias de Interesse","Todas as not\u00edcias"],"inLanguage":"pt-BR","potentialAction":[{"@type":"CommentAction","name":"Comment","target":["https:\/\/www.mpc.pr.gov.br\/index.php\/mpc-solicita-transparencia-na-divulgacao-de-salarios-da-administracao-indireta\/#respond"]}]},{"@type":"WebPage","@id":"https:\/\/www.mpc.pr.gov.br\/index.php\/mpc-solicita-transparencia-na-divulgacao-de-salarios-da-administracao-indireta\/","url":"https:\/\/www.mpc.pr.gov.br\/index.php\/mpc-solicita-transparencia-na-divulgacao-de-salarios-da-administracao-indireta\/","name":"MPC solicita transpar\u00eancia na divulga\u00e7\u00e3o de sal\u00e1rios da administra\u00e7\u00e3o indireta - Minist\u00e9rio P\u00fablico de Contas do Estado do Paran\u00e1","isPartOf":{"@id":"https:\/\/www.mpc.pr.gov.br\/#website"},"primaryImageOfPage":{"@id":"https:\/\/www.mpc.pr.gov.br\/index.php\/mpc-solicita-transparencia-na-divulgacao-de-salarios-da-administracao-indireta\/#primaryimage"},"image":{"@id":"https:\/\/www.mpc.pr.gov.br\/index.php\/mpc-solicita-transparencia-na-divulgacao-de-salarios-da-administracao-indireta\/#primaryimage"},"thumbnailUrl":"","datePublished":"2015-10-01T20:14:01+00:00","breadcrumb":{"@id":"https:\/\/www.mpc.pr.gov.br\/index.php\/mpc-solicita-transparencia-na-divulgacao-de-salarios-da-administracao-indireta\/#breadcrumb"},"inLanguage":"pt-BR","potentialAction":[{"@type":"ReadAction","target":["https:\/\/www.mpc.pr.gov.br\/index.php\/mpc-solicita-transparencia-na-divulgacao-de-salarios-da-administracao-indireta\/"]}]},{"@type":"ImageObject","inLanguage":"pt-BR","@id":"https:\/\/www.mpc.pr.gov.br\/index.php\/mpc-solicita-transparencia-na-divulgacao-de-salarios-da-administracao-indireta\/#primaryimage","url":"","contentUrl":""},{"@type":"BreadcrumbList","@id":"https:\/\/www.mpc.pr.gov.br\/index.php\/mpc-solicita-transparencia-na-divulgacao-de-salarios-da-administracao-indireta\/#breadcrumb","itemListElement":[{"@type":"ListItem","position":1,"name":"In\u00edcio","item":"https:\/\/www.mpc.pr.gov.br\/"},{"@type":"ListItem","position":2,"name":"MPC solicita transpar\u00eancia na divulga\u00e7\u00e3o de sal\u00e1rios da administra\u00e7\u00e3o indireta"}]},{"@type":"WebSite","@id":"https:\/\/www.mpc.pr.gov.br\/#website","url":"https:\/\/www.mpc.pr.gov.br\/","name":"Minist\u00e9rio P\u00fablico de Contas do Estado do Paran\u00e1","description":"","publisher":{"@id":"https:\/\/www.mpc.pr.gov.br\/#organization"},"potentialAction":[{"@type":"SearchAction","target":{"@type":"EntryPoint","urlTemplate":"https:\/\/www.mpc.pr.gov.br\/?s={search_term_string}"},"query-input":{"@type":"PropertyValueSpecification","valueRequired":true,"valueName":"search_term_string"}}],"inLanguage":"pt-BR"},{"@type":"Organization","@id":"https:\/\/www.mpc.pr.gov.br\/#organization","name":"Minist\u00e9rio P\u00fablico de Contas do Estado do Paran\u00e1","url":"https:\/\/www.mpc.pr.gov.br\/","logo":{"@type":"ImageObject","inLanguage":"pt-BR","@id":"https:\/\/www.mpc.pr.gov.br\/#\/schema\/logo\/image\/","url":"https:\/\/www.mpc.pr.gov.br\/wp-content\/uploads\/2020\/06\/99423647_1593460364143890_6706793420720963584_n-1-e1591387983167.png","contentUrl":"https:\/\/www.mpc.pr.gov.br\/wp-content\/uploads\/2020\/06\/99423647_1593460364143890_6706793420720963584_n-1-e1591387983167.png","width":243,"height":73,"caption":"Minist\u00e9rio P\u00fablico de Contas do Estado do Paran\u00e1"},"image":{"@id":"https:\/\/www.mpc.pr.gov.br\/#\/schema\/logo\/image\/"},"sameAs":["https:\/\/www.facebook.com\/mpc.pr","https:\/\/www.instagram.com\/mpc.pr\/?hl=pt-br","https:\/\/www.youtube.com\/channel\/UCHri5oEM8DV0ztX57E0sBSw"]},{"@type":"Person","@id":"https:\/\/www.mpc.pr.gov.br\/#\/schema\/person\/e6db2baa689b9b3b9e704ac0d26f7d3e","name":"michael.reiner","image":{"@type":"ImageObject","inLanguage":"pt-BR","@id":"https:\/\/secure.gravatar.com\/avatar\/?s=96&d=mm&r=g","url":"https:\/\/secure.gravatar.com\/avatar\/?s=96&d=mm&r=g","contentUrl":"https:\/\/secure.gravatar.com\/avatar\/?s=96&d=mm&r=g","caption":"michael.reiner"}}]}},"rttpg_featured_image_url":null,"rttpg_author":{"display_name":"michael.reiner","author_link":"https:\/\/www.mpc.pr.gov.br\/index.php\/author\/michael-reiner\/"},"rttpg_comment":0,"rttpg_category":"<a href=\"https:\/\/www.mpc.pr.gov.br\/index.php\/category\/noticias-de-interesse\/\" rel=\"category tag\">Not\u00edcias de Interesse<\/a> <a href=\"https:\/\/www.mpc.pr.gov.br\/index.php\/category\/todas-as-noticias\/\" rel=\"category tag\">Todas as not\u00edcias<\/a>","rttpg_excerpt":"O Minist\u00e9rio P\u00fablico de Contas do Estado do Paran\u00e1 (MPC-PR)\u00a0expediu, nesta quinta-feira (1\u00ba de outubro), of\u00edcios \u00e0s Inspetorias de Controle Externo do TCE-PR para que informem sobre a remunera\u00e7\u00e3o de agentes p\u00fablicos vinculados \u00e0s empresas p\u00fablicas, sociedades de economia mista, funda\u00e7\u00f5es e servi\u00e7os sociais aut\u00f4nomos integrantes da administra\u00e7\u00e3o p\u00fablica indireta do Estado do Paran\u00e1. Na&hellip;","_links":{"self":[{"href":"https:\/\/www.mpc.pr.gov.br\/index.php\/wp-json\/wp\/v2\/posts\/3931","targetHints":{"allow":["GET"]}}],"collection":[{"href":"https:\/\/www.mpc.pr.gov.br\/index.php\/wp-json\/wp\/v2\/posts"}],"about":[{"href":"https:\/\/www.mpc.pr.gov.br\/index.php\/wp-json\/wp\/v2\/types\/post"}],"author":[{"embeddable":true,"href":"https:\/\/www.mpc.pr.gov.br\/index.php\/wp-json\/wp\/v2\/users\/3"}],"replies":[{"embeddable":true,"href":"https:\/\/www.mpc.pr.gov.br\/index.php\/wp-json\/wp\/v2\/comments?post=3931"}],"version-history":[{"count":0,"href":"https:\/\/www.mpc.pr.gov.br\/index.php\/wp-json\/wp\/v2\/posts\/3931\/revisions"}],"wp:featuredmedia":[{"embeddable":true,"href":"https:\/\/www.mpc.pr.gov.br\/index.php\/wp-json\/"}],"wp:attachment":[{"href":"https:\/\/www.mpc.pr.gov.br\/index.php\/wp-json\/wp\/v2\/media?parent=3931"}],"wp:term":[{"taxonomy":"category","embeddable":true,"href":"https:\/\/www.mpc.pr.gov.br\/index.php\/wp-json\/wp\/v2\/categories?post=3931"},{"taxonomy":"post_tag","embeddable":true,"href":"https:\/\/www.mpc.pr.gov.br\/index.php\/wp-json\/wp\/v2\/tags?post=3931"}],"curies":[{"name":"wp","href":"https:\/\/api.w.org\/{rel}","templated":true}]}}