{"id":3978,"date":"2015-10-21T18:32:32","date_gmt":"2015-10-21T18:32:32","guid":{"rendered":"http:\/\/www.mpc.pr.gov.br\/?p=3978"},"modified":"2015-10-21T18:32:32","modified_gmt":"2015-10-21T18:32:32","slug":"ampcon-emite-nota-de-apoio-a-independencia-do-mpcpr-em-face-de-cancelamento-de-seu-concurso-pelo-tcepr","status":"publish","type":"post","link":"https:\/\/www.mpc.pr.gov.br\/index.php\/ampcon-emite-nota-de-apoio-a-independencia-do-mpcpr-em-face-de-cancelamento-de-seu-concurso-pelo-tcepr\/","title":{"rendered":"AMPCON emite nota de apoio \u00e0 independ\u00eancia do MPC\/PR, em face de cancelamento de seu concurso pelo TCE\/PR"},"content":{"rendered":"<p>A Associa\u00e7\u00e3o Nacional do Minist\u00e9rio P\u00fablico de Contas (AMPCON) emitiu nesta quarta-feira (21) \u201cNota de Apoio\u201d ao Minist\u00e9rio P\u00fablico de Contas do Paran\u00e1 (MPC-PR), \u00f3rg\u00e3o constitucional de controle externo e respons\u00e1vel pela fiscaliza\u00e7\u00e3o das contas p\u00fablicas de 399 munic\u00edpios e de toda a estrutura do governo do Estado do Paran\u00e1.<\/p>\n<p>A nota refere-se \u00e0 \u201c<i>recusa do Tribunal de Contas paranaense em autorizar o certame<\/i> [concurso p\u00fablico de membros do MPC], <i>e mais do que isso, em cancelar os procedimentos preparat\u00f3rios j\u00e1 autorizados de modo unilateral<\/i>\u201d.<\/p>\n<p>Para a AMPCON, a \u201c<i>deflagra\u00e7\u00e3o de concurso submete-se a um ju\u00edzo de conveni\u00eancia e oportunidade dos membros do MPC, sob pena de viola\u00e7\u00e3o de sua independ\u00eancia funcional<\/i>\u201d. Isto se d\u00e1 para que\u00a0n\u00e3o haja\u00a0amarra ou morda\u00e7a \u00e0\u00a0plena atividade ministerial.<\/p>\n<p>A nota ainda menciona que, para buscar assegurar as suas garantias, uma medida judicial teve que ser intentada perante o Tribunal de Justi\u00e7a paranaense.<\/p>\n<p>Saiba mais em: <a href=\"http:\/\/www.ampcon.org.br\">www.ampcon.org.br<\/a><\/p>\n<p><a href=\"http:\/\/www.mpc.pr.gov.br\/wp-content\/uploads\/2015\/10\/Nota-de-Apoio-\u00e0-Independ\u00eancia-do-MPC-PR.pdf\" target=\"_blank\" rel=\"noopener noreferrer\">Consulte o inteiro teor da nota aqui<\/a>.<\/p>\n<p style=\"text-align: center;\"><a href=\"http:\/\/www.mpc.pr.gov.br\/wp-content\/uploads\/2015\/10\/Nota-de-Apoio-AMPCON.jpg\"><img decoding=\"async\" class=\"aligncenter size-medium wp-image-3983\" alt=\"Nota de Apoio - AMPCON\" src=\"http:\/\/www.mpc.pr.gov.br\/wp-content\/uploads\/2015\/10\/Nota-de-Apoio-AMPCON-300x139.jpg\" width=\"300\" height=\"139\" \/><\/a><\/p>\n","protected":false},"excerpt":{"rendered":"<p>A Associa\u00e7\u00e3o Nacional do Minist\u00e9rio P\u00fablico de Contas (AMPCON) emitiu nesta quarta-feira (21) \u201cNota de Apoio\u201d ao Minist\u00e9rio P\u00fablico de Contas do Paran\u00e1 (MPC-PR), \u00f3rg\u00e3o constitucional de controle externo e respons\u00e1vel pela fiscaliza\u00e7\u00e3o das contas p\u00fablicas de 399 munic\u00edpios e de toda a estrutura do governo do Estado do Paran\u00e1. A nota refere-se \u00e0 \u201crecusa [&hellip;]<\/p>\n","protected":false},"author":3,"featured_media":3585,"comment_status":"open","ping_status":"open","sticky":false,"template":"","format":"standard","meta":{"_monsterinsights_skip_tracking":false,"_monsterinsights_sitenote_active":false,"_monsterinsights_sitenote_note":"","_monsterinsights_sitenote_category":0,"footnotes":""},"categories":[7],"tags":[],"class_list":["post-3978","post","type-post","status-publish","format-standard","has-post-thumbnail","hentry","category-todas-as-noticias","entry","has-media"],"yoast_head":"<!-- This site is optimized with the Yoast SEO plugin v27.3 - https:\/\/yoast.com\/product\/yoast-seo-wordpress\/ -->\n<title>AMPCON emite nota de apoio \u00e0 independ\u00eancia do MPC\/PR, em face de cancelamento de seu concurso pelo TCE\/PR - Minist\u00e9rio P\u00fablico de Contas do Estado do Paran\u00e1<\/title>\n<meta name=\"robots\" content=\"index, follow, max-snippet:-1, max-image-preview:large, max-video-preview:-1\" \/>\n<link rel=\"canonical\" href=\"https:\/\/www.mpc.pr.gov.br\/index.php\/ampcon-emite-nota-de-apoio-a-independencia-do-mpcpr-em-face-de-cancelamento-de-seu-concurso-pelo-tcepr\/\" \/>\n<meta property=\"og:locale\" content=\"pt_BR\" \/>\n<meta property=\"og:type\" content=\"article\" \/>\n<meta property=\"og:title\" content=\"AMPCON emite nota de apoio \u00e0 independ\u00eancia do MPC\/PR, em face de cancelamento de seu concurso pelo TCE\/PR - Minist\u00e9rio P\u00fablico de Contas do Estado do Paran\u00e1\" \/>\n<meta property=\"og:description\" content=\"A Associa\u00e7\u00e3o Nacional do Minist\u00e9rio P\u00fablico de Contas (AMPCON) emitiu nesta quarta-feira (21) \u201cNota de Apoio\u201d ao Minist\u00e9rio P\u00fablico de Contas do Paran\u00e1 (MPC-PR), \u00f3rg\u00e3o constitucional de controle externo e respons\u00e1vel pela fiscaliza\u00e7\u00e3o das contas p\u00fablicas de 399 munic\u00edpios e de toda a estrutura do governo do Estado do Paran\u00e1. A nota refere-se \u00e0 \u201crecusa [&hellip;]\" \/>\n<meta property=\"og:url\" content=\"https:\/\/www.mpc.pr.gov.br\/index.php\/ampcon-emite-nota-de-apoio-a-independencia-do-mpcpr-em-face-de-cancelamento-de-seu-concurso-pelo-tcepr\/\" \/>\n<meta property=\"og:site_name\" content=\"Minist\u00e9rio P\u00fablico de Contas do Estado do Paran\u00e1\" \/>\n<meta property=\"article:publisher\" content=\"https:\/\/www.facebook.com\/mpc.pr\" \/>\n<meta property=\"article:published_time\" content=\"2015-10-21T18:32:32+00:00\" \/>\n<meta name=\"author\" content=\"michael.reiner\" \/>\n<meta name=\"twitter:card\" content=\"summary_large_image\" \/>\n<meta name=\"twitter:label1\" content=\"Escrito por\" \/>\n\t<meta name=\"twitter:data1\" content=\"michael.reiner\" \/>\n\t<meta name=\"twitter:label2\" content=\"Est. tempo de leitura\" \/>\n\t<meta name=\"twitter:data2\" content=\"1 minuto\" \/>\n<script type=\"application\/ld+json\" class=\"yoast-schema-graph\">{\"@context\":\"https:\\\/\\\/schema.org\",\"@graph\":[{\"@type\":\"Article\",\"@id\":\"https:\\\/\\\/www.mpc.pr.gov.br\\\/index.php\\\/ampcon-emite-nota-de-apoio-a-independencia-do-mpcpr-em-face-de-cancelamento-de-seu-concurso-pelo-tcepr\\\/#article\",\"isPartOf\":{\"@id\":\"https:\\\/\\\/www.mpc.pr.gov.br\\\/index.php\\\/ampcon-emite-nota-de-apoio-a-independencia-do-mpcpr-em-face-de-cancelamento-de-seu-concurso-pelo-tcepr\\\/\"},\"author\":{\"name\":\"michael.reiner\",\"@id\":\"https:\\\/\\\/www.mpc.pr.gov.br\\\/#\\\/schema\\\/person\\\/e6db2baa689b9b3b9e704ac0d26f7d3e\"},\"headline\":\"AMPCON emite nota de apoio \u00e0 independ\u00eancia do MPC\\\/PR, em face de cancelamento de seu concurso pelo TCE\\\/PR\",\"datePublished\":\"2015-10-21T18:32:32+00:00\",\"mainEntityOfPage\":{\"@id\":\"https:\\\/\\\/www.mpc.pr.gov.br\\\/index.php\\\/ampcon-emite-nota-de-apoio-a-independencia-do-mpcpr-em-face-de-cancelamento-de-seu-concurso-pelo-tcepr\\\/\"},\"wordCount\":200,\"commentCount\":0,\"publisher\":{\"@id\":\"https:\\\/\\\/www.mpc.pr.gov.br\\\/#organization\"},\"image\":{\"@id\":\"https:\\\/\\\/www.mpc.pr.gov.br\\\/index.php\\\/ampcon-emite-nota-de-apoio-a-independencia-do-mpcpr-em-face-de-cancelamento-de-seu-concurso-pelo-tcepr\\\/#primaryimage\"},\"thumbnailUrl\":\"\",\"articleSection\":[\"Todas as not\u00edcias\"],\"inLanguage\":\"pt-BR\",\"potentialAction\":[{\"@type\":\"CommentAction\",\"name\":\"Comment\",\"target\":[\"https:\\\/\\\/www.mpc.pr.gov.br\\\/index.php\\\/ampcon-emite-nota-de-apoio-a-independencia-do-mpcpr-em-face-de-cancelamento-de-seu-concurso-pelo-tcepr\\\/#respond\"]}]},{\"@type\":\"WebPage\",\"@id\":\"https:\\\/\\\/www.mpc.pr.gov.br\\\/index.php\\\/ampcon-emite-nota-de-apoio-a-independencia-do-mpcpr-em-face-de-cancelamento-de-seu-concurso-pelo-tcepr\\\/\",\"url\":\"https:\\\/\\\/www.mpc.pr.gov.br\\\/index.php\\\/ampcon-emite-nota-de-apoio-a-independencia-do-mpcpr-em-face-de-cancelamento-de-seu-concurso-pelo-tcepr\\\/\",\"name\":\"AMPCON emite nota de apoio \u00e0 independ\u00eancia do MPC\\\/PR, em face de cancelamento de seu concurso pelo TCE\\\/PR - Minist\u00e9rio P\u00fablico de Contas do Estado do Paran\u00e1\",\"isPartOf\":{\"@id\":\"https:\\\/\\\/www.mpc.pr.gov.br\\\/#website\"},\"primaryImageOfPage\":{\"@id\":\"https:\\\/\\\/www.mpc.pr.gov.br\\\/index.php\\\/ampcon-emite-nota-de-apoio-a-independencia-do-mpcpr-em-face-de-cancelamento-de-seu-concurso-pelo-tcepr\\\/#primaryimage\"},\"image\":{\"@id\":\"https:\\\/\\\/www.mpc.pr.gov.br\\\/index.php\\\/ampcon-emite-nota-de-apoio-a-independencia-do-mpcpr-em-face-de-cancelamento-de-seu-concurso-pelo-tcepr\\\/#primaryimage\"},\"thumbnailUrl\":\"\",\"datePublished\":\"2015-10-21T18:32:32+00:00\",\"breadcrumb\":{\"@id\":\"https:\\\/\\\/www.mpc.pr.gov.br\\\/index.php\\\/ampcon-emite-nota-de-apoio-a-independencia-do-mpcpr-em-face-de-cancelamento-de-seu-concurso-pelo-tcepr\\\/#breadcrumb\"},\"inLanguage\":\"pt-BR\",\"potentialAction\":[{\"@type\":\"ReadAction\",\"target\":[\"https:\\\/\\\/www.mpc.pr.gov.br\\\/index.php\\\/ampcon-emite-nota-de-apoio-a-independencia-do-mpcpr-em-face-de-cancelamento-de-seu-concurso-pelo-tcepr\\\/\"]}]},{\"@type\":\"ImageObject\",\"inLanguage\":\"pt-BR\",\"@id\":\"https:\\\/\\\/www.mpc.pr.gov.br\\\/index.php\\\/ampcon-emite-nota-de-apoio-a-independencia-do-mpcpr-em-face-de-cancelamento-de-seu-concurso-pelo-tcepr\\\/#primaryimage\",\"url\":\"\",\"contentUrl\":\"\"},{\"@type\":\"BreadcrumbList\",\"@id\":\"https:\\\/\\\/www.mpc.pr.gov.br\\\/index.php\\\/ampcon-emite-nota-de-apoio-a-independencia-do-mpcpr-em-face-de-cancelamento-de-seu-concurso-pelo-tcepr\\\/#breadcrumb\",\"itemListElement\":[{\"@type\":\"ListItem\",\"position\":1,\"name\":\"In\u00edcio\",\"item\":\"https:\\\/\\\/www.mpc.pr.gov.br\\\/\"},{\"@type\":\"ListItem\",\"position\":2,\"name\":\"AMPCON emite nota de apoio \u00e0 independ\u00eancia do MPC\\\/PR, em face de cancelamento de seu concurso pelo TCE\\\/PR\"}]},{\"@type\":\"WebSite\",\"@id\":\"https:\\\/\\\/www.mpc.pr.gov.br\\\/#website\",\"url\":\"https:\\\/\\\/www.mpc.pr.gov.br\\\/\",\"name\":\"Minist\u00e9rio P\u00fablico de Contas do Estado do Paran\u00e1\",\"description\":\"\",\"publisher\":{\"@id\":\"https:\\\/\\\/www.mpc.pr.gov.br\\\/#organization\"},\"potentialAction\":[{\"@type\":\"SearchAction\",\"target\":{\"@type\":\"EntryPoint\",\"urlTemplate\":\"https:\\\/\\\/www.mpc.pr.gov.br\\\/?s={search_term_string}\"},\"query-input\":{\"@type\":\"PropertyValueSpecification\",\"valueRequired\":true,\"valueName\":\"search_term_string\"}}],\"inLanguage\":\"pt-BR\"},{\"@type\":\"Organization\",\"@id\":\"https:\\\/\\\/www.mpc.pr.gov.br\\\/#organization\",\"name\":\"Minist\u00e9rio P\u00fablico de Contas do Estado do Paran\u00e1\",\"url\":\"https:\\\/\\\/www.mpc.pr.gov.br\\\/\",\"logo\":{\"@type\":\"ImageObject\",\"inLanguage\":\"pt-BR\",\"@id\":\"https:\\\/\\\/www.mpc.pr.gov.br\\\/#\\\/schema\\\/logo\\\/image\\\/\",\"url\":\"https:\\\/\\\/www.mpc.pr.gov.br\\\/wp-content\\\/uploads\\\/2020\\\/06\\\/99423647_1593460364143890_6706793420720963584_n-1-e1591387983167.png\",\"contentUrl\":\"https:\\\/\\\/www.mpc.pr.gov.br\\\/wp-content\\\/uploads\\\/2020\\\/06\\\/99423647_1593460364143890_6706793420720963584_n-1-e1591387983167.png\",\"width\":243,\"height\":73,\"caption\":\"Minist\u00e9rio P\u00fablico de Contas do Estado do Paran\u00e1\"},\"image\":{\"@id\":\"https:\\\/\\\/www.mpc.pr.gov.br\\\/#\\\/schema\\\/logo\\\/image\\\/\"},\"sameAs\":[\"https:\\\/\\\/www.facebook.com\\\/mpc.pr\",\"https:\\\/\\\/www.instagram.com\\\/mpc.pr\\\/?hl=pt-br\",\"https:\\\/\\\/www.youtube.com\\\/channel\\\/UCHri5oEM8DV0ztX57E0sBSw\"]},{\"@type\":\"Person\",\"@id\":\"https:\\\/\\\/www.mpc.pr.gov.br\\\/#\\\/schema\\\/person\\\/e6db2baa689b9b3b9e704ac0d26f7d3e\",\"name\":\"michael.reiner\",\"image\":{\"@type\":\"ImageObject\",\"inLanguage\":\"pt-BR\",\"@id\":\"https:\\\/\\\/secure.gravatar.com\\\/avatar\\\/?s=96&d=mm&r=g\",\"url\":\"https:\\\/\\\/secure.gravatar.com\\\/avatar\\\/?s=96&d=mm&r=g\",\"contentUrl\":\"https:\\\/\\\/secure.gravatar.com\\\/avatar\\\/?s=96&d=mm&r=g\",\"caption\":\"michael.reiner\"}}]}<\/script>\n<!-- \/ Yoast SEO plugin. -->","yoast_head_json":{"title":"AMPCON emite nota de apoio \u00e0 independ\u00eancia do MPC\/PR, em face de cancelamento de seu concurso pelo TCE\/PR - Minist\u00e9rio P\u00fablico de Contas do Estado do Paran\u00e1","robots":{"index":"index","follow":"follow","max-snippet":"max-snippet:-1","max-image-preview":"max-image-preview:large","max-video-preview":"max-video-preview:-1"},"canonical":"https:\/\/www.mpc.pr.gov.br\/index.php\/ampcon-emite-nota-de-apoio-a-independencia-do-mpcpr-em-face-de-cancelamento-de-seu-concurso-pelo-tcepr\/","og_locale":"pt_BR","og_type":"article","og_title":"AMPCON emite nota de apoio \u00e0 independ\u00eancia do MPC\/PR, em face de cancelamento de seu concurso pelo TCE\/PR - Minist\u00e9rio P\u00fablico de Contas do Estado do Paran\u00e1","og_description":"A Associa\u00e7\u00e3o Nacional do Minist\u00e9rio P\u00fablico de Contas (AMPCON) emitiu nesta quarta-feira (21) \u201cNota de Apoio\u201d ao Minist\u00e9rio P\u00fablico de Contas do Paran\u00e1 (MPC-PR), \u00f3rg\u00e3o constitucional de controle externo e respons\u00e1vel pela fiscaliza\u00e7\u00e3o das contas p\u00fablicas de 399 munic\u00edpios e de toda a estrutura do governo do Estado do Paran\u00e1. A nota refere-se \u00e0 \u201crecusa [&hellip;]","og_url":"https:\/\/www.mpc.pr.gov.br\/index.php\/ampcon-emite-nota-de-apoio-a-independencia-do-mpcpr-em-face-de-cancelamento-de-seu-concurso-pelo-tcepr\/","og_site_name":"Minist\u00e9rio P\u00fablico de Contas do Estado do Paran\u00e1","article_publisher":"https:\/\/www.facebook.com\/mpc.pr","article_published_time":"2015-10-21T18:32:32+00:00","author":"michael.reiner","twitter_card":"summary_large_image","twitter_misc":{"Escrito por":"michael.reiner","Est. tempo de leitura":"1 minuto"},"schema":{"@context":"https:\/\/schema.org","@graph":[{"@type":"Article","@id":"https:\/\/www.mpc.pr.gov.br\/index.php\/ampcon-emite-nota-de-apoio-a-independencia-do-mpcpr-em-face-de-cancelamento-de-seu-concurso-pelo-tcepr\/#article","isPartOf":{"@id":"https:\/\/www.mpc.pr.gov.br\/index.php\/ampcon-emite-nota-de-apoio-a-independencia-do-mpcpr-em-face-de-cancelamento-de-seu-concurso-pelo-tcepr\/"},"author":{"name":"michael.reiner","@id":"https:\/\/www.mpc.pr.gov.br\/#\/schema\/person\/e6db2baa689b9b3b9e704ac0d26f7d3e"},"headline":"AMPCON emite nota de apoio \u00e0 independ\u00eancia do MPC\/PR, em face de cancelamento de seu concurso pelo TCE\/PR","datePublished":"2015-10-21T18:32:32+00:00","mainEntityOfPage":{"@id":"https:\/\/www.mpc.pr.gov.br\/index.php\/ampcon-emite-nota-de-apoio-a-independencia-do-mpcpr-em-face-de-cancelamento-de-seu-concurso-pelo-tcepr\/"},"wordCount":200,"commentCount":0,"publisher":{"@id":"https:\/\/www.mpc.pr.gov.br\/#organization"},"image":{"@id":"https:\/\/www.mpc.pr.gov.br\/index.php\/ampcon-emite-nota-de-apoio-a-independencia-do-mpcpr-em-face-de-cancelamento-de-seu-concurso-pelo-tcepr\/#primaryimage"},"thumbnailUrl":"","articleSection":["Todas as not\u00edcias"],"inLanguage":"pt-BR","potentialAction":[{"@type":"CommentAction","name":"Comment","target":["https:\/\/www.mpc.pr.gov.br\/index.php\/ampcon-emite-nota-de-apoio-a-independencia-do-mpcpr-em-face-de-cancelamento-de-seu-concurso-pelo-tcepr\/#respond"]}]},{"@type":"WebPage","@id":"https:\/\/www.mpc.pr.gov.br\/index.php\/ampcon-emite-nota-de-apoio-a-independencia-do-mpcpr-em-face-de-cancelamento-de-seu-concurso-pelo-tcepr\/","url":"https:\/\/www.mpc.pr.gov.br\/index.php\/ampcon-emite-nota-de-apoio-a-independencia-do-mpcpr-em-face-de-cancelamento-de-seu-concurso-pelo-tcepr\/","name":"AMPCON emite nota de apoio \u00e0 independ\u00eancia do MPC\/PR, em face de cancelamento de seu concurso pelo TCE\/PR - Minist\u00e9rio P\u00fablico de Contas do Estado do Paran\u00e1","isPartOf":{"@id":"https:\/\/www.mpc.pr.gov.br\/#website"},"primaryImageOfPage":{"@id":"https:\/\/www.mpc.pr.gov.br\/index.php\/ampcon-emite-nota-de-apoio-a-independencia-do-mpcpr-em-face-de-cancelamento-de-seu-concurso-pelo-tcepr\/#primaryimage"},"image":{"@id":"https:\/\/www.mpc.pr.gov.br\/index.php\/ampcon-emite-nota-de-apoio-a-independencia-do-mpcpr-em-face-de-cancelamento-de-seu-concurso-pelo-tcepr\/#primaryimage"},"thumbnailUrl":"","datePublished":"2015-10-21T18:32:32+00:00","breadcrumb":{"@id":"https:\/\/www.mpc.pr.gov.br\/index.php\/ampcon-emite-nota-de-apoio-a-independencia-do-mpcpr-em-face-de-cancelamento-de-seu-concurso-pelo-tcepr\/#breadcrumb"},"inLanguage":"pt-BR","potentialAction":[{"@type":"ReadAction","target":["https:\/\/www.mpc.pr.gov.br\/index.php\/ampcon-emite-nota-de-apoio-a-independencia-do-mpcpr-em-face-de-cancelamento-de-seu-concurso-pelo-tcepr\/"]}]},{"@type":"ImageObject","inLanguage":"pt-BR","@id":"https:\/\/www.mpc.pr.gov.br\/index.php\/ampcon-emite-nota-de-apoio-a-independencia-do-mpcpr-em-face-de-cancelamento-de-seu-concurso-pelo-tcepr\/#primaryimage","url":"","contentUrl":""},{"@type":"BreadcrumbList","@id":"https:\/\/www.mpc.pr.gov.br\/index.php\/ampcon-emite-nota-de-apoio-a-independencia-do-mpcpr-em-face-de-cancelamento-de-seu-concurso-pelo-tcepr\/#breadcrumb","itemListElement":[{"@type":"ListItem","position":1,"name":"In\u00edcio","item":"https:\/\/www.mpc.pr.gov.br\/"},{"@type":"ListItem","position":2,"name":"AMPCON emite nota de apoio \u00e0 independ\u00eancia do MPC\/PR, em face de cancelamento de seu concurso pelo TCE\/PR"}]},{"@type":"WebSite","@id":"https:\/\/www.mpc.pr.gov.br\/#website","url":"https:\/\/www.mpc.pr.gov.br\/","name":"Minist\u00e9rio P\u00fablico de Contas do Estado do Paran\u00e1","description":"","publisher":{"@id":"https:\/\/www.mpc.pr.gov.br\/#organization"},"potentialAction":[{"@type":"SearchAction","target":{"@type":"EntryPoint","urlTemplate":"https:\/\/www.mpc.pr.gov.br\/?s={search_term_string}"},"query-input":{"@type":"PropertyValueSpecification","valueRequired":true,"valueName":"search_term_string"}}],"inLanguage":"pt-BR"},{"@type":"Organization","@id":"https:\/\/www.mpc.pr.gov.br\/#organization","name":"Minist\u00e9rio P\u00fablico de Contas do Estado do Paran\u00e1","url":"https:\/\/www.mpc.pr.gov.br\/","logo":{"@type":"ImageObject","inLanguage":"pt-BR","@id":"https:\/\/www.mpc.pr.gov.br\/#\/schema\/logo\/image\/","url":"https:\/\/www.mpc.pr.gov.br\/wp-content\/uploads\/2020\/06\/99423647_1593460364143890_6706793420720963584_n-1-e1591387983167.png","contentUrl":"https:\/\/www.mpc.pr.gov.br\/wp-content\/uploads\/2020\/06\/99423647_1593460364143890_6706793420720963584_n-1-e1591387983167.png","width":243,"height":73,"caption":"Minist\u00e9rio P\u00fablico de Contas do Estado do Paran\u00e1"},"image":{"@id":"https:\/\/www.mpc.pr.gov.br\/#\/schema\/logo\/image\/"},"sameAs":["https:\/\/www.facebook.com\/mpc.pr","https:\/\/www.instagram.com\/mpc.pr\/?hl=pt-br","https:\/\/www.youtube.com\/channel\/UCHri5oEM8DV0ztX57E0sBSw"]},{"@type":"Person","@id":"https:\/\/www.mpc.pr.gov.br\/#\/schema\/person\/e6db2baa689b9b3b9e704ac0d26f7d3e","name":"michael.reiner","image":{"@type":"ImageObject","inLanguage":"pt-BR","@id":"https:\/\/secure.gravatar.com\/avatar\/?s=96&d=mm&r=g","url":"https:\/\/secure.gravatar.com\/avatar\/?s=96&d=mm&r=g","contentUrl":"https:\/\/secure.gravatar.com\/avatar\/?s=96&d=mm&r=g","caption":"michael.reiner"}}]}},"rttpg_featured_image_url":null,"rttpg_author":{"display_name":"michael.reiner","author_link":"https:\/\/www.mpc.pr.gov.br\/index.php\/author\/michael-reiner\/"},"rttpg_comment":0,"rttpg_category":"<a href=\"https:\/\/www.mpc.pr.gov.br\/index.php\/category\/todas-as-noticias\/\" rel=\"category tag\">Todas as not\u00edcias<\/a>","rttpg_excerpt":"A Associa\u00e7\u00e3o Nacional do Minist\u00e9rio P\u00fablico de Contas (AMPCON) emitiu nesta quarta-feira (21) \u201cNota de Apoio\u201d ao Minist\u00e9rio P\u00fablico de Contas do Paran\u00e1 (MPC-PR), \u00f3rg\u00e3o constitucional de controle externo e respons\u00e1vel pela fiscaliza\u00e7\u00e3o das contas p\u00fablicas de 399 munic\u00edpios e de toda a estrutura do governo do Estado do Paran\u00e1. A nota refere-se \u00e0 \u201crecusa&hellip;","_links":{"self":[{"href":"https:\/\/www.mpc.pr.gov.br\/index.php\/wp-json\/wp\/v2\/posts\/3978","targetHints":{"allow":["GET"]}}],"collection":[{"href":"https:\/\/www.mpc.pr.gov.br\/index.php\/wp-json\/wp\/v2\/posts"}],"about":[{"href":"https:\/\/www.mpc.pr.gov.br\/index.php\/wp-json\/wp\/v2\/types\/post"}],"author":[{"embeddable":true,"href":"https:\/\/www.mpc.pr.gov.br\/index.php\/wp-json\/wp\/v2\/users\/3"}],"replies":[{"embeddable":true,"href":"https:\/\/www.mpc.pr.gov.br\/index.php\/wp-json\/wp\/v2\/comments?post=3978"}],"version-history":[{"count":0,"href":"https:\/\/www.mpc.pr.gov.br\/index.php\/wp-json\/wp\/v2\/posts\/3978\/revisions"}],"wp:featuredmedia":[{"embeddable":true,"href":"https:\/\/www.mpc.pr.gov.br\/index.php\/wp-json\/"}],"wp:attachment":[{"href":"https:\/\/www.mpc.pr.gov.br\/index.php\/wp-json\/wp\/v2\/media?parent=3978"}],"wp:term":[{"taxonomy":"category","embeddable":true,"href":"https:\/\/www.mpc.pr.gov.br\/index.php\/wp-json\/wp\/v2\/categories?post=3978"},{"taxonomy":"post_tag","embeddable":true,"href":"https:\/\/www.mpc.pr.gov.br\/index.php\/wp-json\/wp\/v2\/tags?post=3978"}],"curies":[{"name":"wp","href":"https:\/\/api.w.org\/{rel}","templated":true}]}}