{"id":3991,"date":"2015-10-28T17:07:08","date_gmt":"2015-10-28T17:07:08","guid":{"rendered":"http:\/\/www.mpc.pr.gov.br\/?p=3991"},"modified":"2015-10-28T17:07:08","modified_gmt":"2015-10-28T17:07:08","slug":"vii-forum-nacional-de-procuradores-do-ministerio-publico-de-contas","status":"publish","type":"post","link":"https:\/\/www.mpc.pr.gov.br\/index.php\/vii-forum-nacional-de-procuradores-do-ministerio-publico-de-contas\/","title":{"rendered":"VII F\u00f3rum Nacional de Procuradores do Minist\u00e9rio P\u00fablico de Contas"},"content":{"rendered":"<p style=\"text-align: justify;\">Na ter\u00e7a-feira (03), acontece o VII F\u00f3rum Nacional de Procuradores do Minist\u00e9rio P\u00fablico de Contas. O evento ir\u00e1 abordar o assunto \u201cDa independ\u00eancia funcional \u00e0 autonomia institucional\u201d e ser\u00e1 dividido em tr\u00eas pain\u00e9is: \u201ca fun\u00e7\u00e3o fiscalizadora do Poder Legislativo\u201d, \u201cIndepend\u00eancia funcional e atua\u00e7\u00e3o integrada dos ramos aut\u00f4nomos do Minist\u00e9rio P\u00fablico brasileiro\u201d e \u201cControle jurisdicional dos atos administrativos\u201d.<\/p>\n<p style=\"text-align: justify;\"><meta name=\"GENERATOR\" content=\"MSHTML 11.00.9600.18015\" \/>O F\u00f3rum ser\u00e1 no Audit\u00f3rio do Pal\u00e1cio da Justi\u00e7a e\u00a0tem a parceria do Tribunal de Contas do Estado (TCE-RS), juntamente com a Associa\u00e7\u00e3o Nacional do Minist\u00e9rio P\u00fablico de Contas (AMPCON), e contar\u00e1 com a presen\u00e7a de renomados nomes, entre eles: Deputado Constituinte\u00a0Ibsen Pinheiro,\u00a0Senador Antonio Anastasia,\u00a0Senador Lasier Martins, Deputado Edson Brum, Juarez Freitas (jurista &#8211; UFRGS e PUC-RS), Jos\u00e9 Robalinho Cavalcanti (Presidente da ANPR), Vitor Hugo Azevedo Neto (vice-Presidente da CONAMP), Jo\u00e3o Ricardo Costa (Presidente da\u00a0AMB), Lenio Luiz Streck (jurista), Cezar Miola (Presidente TCE-RS), Jos\u00e9 Aquino Camargo (Presidente TJ-RS), Diogo Ringenberg (Presidente AMPCON), Ant\u00f4nio Cavalcante (Procurador-Geral &#8211; MPC-PA), Marcelo Dornelles (Procurador-Geral de Justi\u00e7a &#8211; MP-RS), Geraldo da Camino (Procurador-Geral &#8211; MPC-RS), Claudio Lamachia (vice-Presidente OAB &#8211; Conselho Federal), Cl\u00e1udia Fernanda Pereira (Procuradora-Geral MPC-DF), Nilton Leonel Arnecke Maria (Defensor P\u00fablico-Geral &#8211; RS) e J\u00falio Marcelo de Oliveira (Procurador do MPC\/TCU).<\/p>\n<p style=\"text-align: justify;\">As inscri\u00e7\u00f5es s\u00e3o gratuitas e podem ser realizadas\u00a0pela internet, atrav\u00e9s <a href=\"http:\/\/goo.gl\/oMLRWc\">deste link<\/a>.<\/p>\n<p style=\"text-align: justify;\"><a href=\"http:\/\/www.mpc.pr.gov.br\/wp-content\/uploads\/2015\/10\/FORUM-PROGRAMACAO.pdf\">Consulte a programa\u00e7\u00e3o (PDF)<\/a>.<\/p>\n<p style=\"text-align: justify;\">Fonte: TCE\/RS com MPC\/PR<\/p>\n<p><a href=\"http:\/\/www.mpc.pr.gov.br\/wp-content\/uploads\/2015\/10\/fofum-mpc.png\"><img fetchpriority=\"high\" decoding=\"async\" class=\"aligncenter size-medium wp-image-3994\" alt=\"fofum mpc\" src=\"http:\/\/www.mpc.pr.gov.br\/wp-content\/uploads\/2015\/10\/fofum-mpc-300x201.png\" width=\"300\" height=\"201\" \/><\/a><\/p>\n","protected":false},"excerpt":{"rendered":"<p>Na ter\u00e7a-feira (03), acontece o VII F\u00f3rum Nacional de Procuradores do Minist\u00e9rio P\u00fablico de Contas. O evento ir\u00e1 abordar o assunto \u201cDa independ\u00eancia funcional \u00e0 autonomia institucional\u201d e ser\u00e1 dividido em tr\u00eas pain\u00e9is: \u201ca fun\u00e7\u00e3o fiscalizadora do Poder Legislativo\u201d, \u201cIndepend\u00eancia funcional e atua\u00e7\u00e3o integrada dos ramos aut\u00f4nomos do Minist\u00e9rio P\u00fablico brasileiro\u201d e \u201cControle jurisdicional dos [&hellip;]<\/p>\n","protected":false},"author":3,"featured_media":3994,"comment_status":"open","ping_status":"open","sticky":false,"template":"","format":"standard","meta":{"_monsterinsights_skip_tracking":false,"_monsterinsights_sitenote_active":false,"_monsterinsights_sitenote_note":"","_monsterinsights_sitenote_category":0,"footnotes":""},"categories":[7],"tags":[],"class_list":["post-3991","post","type-post","status-publish","format-standard","has-post-thumbnail","hentry","category-todas-as-noticias","entry","has-media"],"yoast_head":"<!-- This site is optimized with the Yoast SEO plugin v27.3 - https:\/\/yoast.com\/product\/yoast-seo-wordpress\/ -->\n<title>VII F\u00f3rum Nacional de Procuradores do Minist\u00e9rio P\u00fablico de Contas - Minist\u00e9rio P\u00fablico de Contas do Estado do Paran\u00e1<\/title>\n<meta name=\"robots\" content=\"index, follow, max-snippet:-1, max-image-preview:large, max-video-preview:-1\" \/>\n<link rel=\"canonical\" href=\"https:\/\/www.mpc.pr.gov.br\/index.php\/vii-forum-nacional-de-procuradores-do-ministerio-publico-de-contas\/\" \/>\n<meta property=\"og:locale\" content=\"pt_BR\" \/>\n<meta property=\"og:type\" content=\"article\" \/>\n<meta property=\"og:title\" content=\"VII F\u00f3rum Nacional de Procuradores do Minist\u00e9rio P\u00fablico de Contas - Minist\u00e9rio P\u00fablico de Contas do Estado do Paran\u00e1\" \/>\n<meta property=\"og:description\" content=\"Na ter\u00e7a-feira (03), acontece o VII F\u00f3rum Nacional de Procuradores do Minist\u00e9rio P\u00fablico de Contas. O evento ir\u00e1 abordar o assunto \u201cDa independ\u00eancia funcional \u00e0 autonomia institucional\u201d e ser\u00e1 dividido em tr\u00eas pain\u00e9is: \u201ca fun\u00e7\u00e3o fiscalizadora do Poder Legislativo\u201d, \u201cIndepend\u00eancia funcional e atua\u00e7\u00e3o integrada dos ramos aut\u00f4nomos do Minist\u00e9rio P\u00fablico brasileiro\u201d e \u201cControle jurisdicional dos [&hellip;]\" \/>\n<meta property=\"og:url\" content=\"https:\/\/www.mpc.pr.gov.br\/index.php\/vii-forum-nacional-de-procuradores-do-ministerio-publico-de-contas\/\" \/>\n<meta property=\"og:site_name\" content=\"Minist\u00e9rio P\u00fablico de Contas do Estado do Paran\u00e1\" \/>\n<meta property=\"article:publisher\" content=\"https:\/\/www.facebook.com\/mpc.pr\" \/>\n<meta property=\"article:published_time\" content=\"2015-10-28T17:07:08+00:00\" \/>\n<meta name=\"author\" content=\"michael.reiner\" \/>\n<meta name=\"twitter:card\" content=\"summary_large_image\" \/>\n<meta name=\"twitter:label1\" content=\"Escrito por\" \/>\n\t<meta name=\"twitter:data1\" content=\"michael.reiner\" \/>\n\t<meta name=\"twitter:label2\" content=\"Est. tempo de leitura\" \/>\n\t<meta name=\"twitter:data2\" content=\"1 minuto\" \/>\n<script type=\"application\/ld+json\" class=\"yoast-schema-graph\">{\"@context\":\"https:\\\/\\\/schema.org\",\"@graph\":[{\"@type\":\"Article\",\"@id\":\"https:\\\/\\\/www.mpc.pr.gov.br\\\/index.php\\\/vii-forum-nacional-de-procuradores-do-ministerio-publico-de-contas\\\/#article\",\"isPartOf\":{\"@id\":\"https:\\\/\\\/www.mpc.pr.gov.br\\\/index.php\\\/vii-forum-nacional-de-procuradores-do-ministerio-publico-de-contas\\\/\"},\"author\":{\"name\":\"michael.reiner\",\"@id\":\"https:\\\/\\\/www.mpc.pr.gov.br\\\/#\\\/schema\\\/person\\\/e6db2baa689b9b3b9e704ac0d26f7d3e\"},\"headline\":\"VII F\u00f3rum Nacional de Procuradores do Minist\u00e9rio P\u00fablico de Contas\",\"datePublished\":\"2015-10-28T17:07:08+00:00\",\"mainEntityOfPage\":{\"@id\":\"https:\\\/\\\/www.mpc.pr.gov.br\\\/index.php\\\/vii-forum-nacional-de-procuradores-do-ministerio-publico-de-contas\\\/\"},\"wordCount\":266,\"commentCount\":0,\"publisher\":{\"@id\":\"https:\\\/\\\/www.mpc.pr.gov.br\\\/#organization\"},\"image\":{\"@id\":\"https:\\\/\\\/www.mpc.pr.gov.br\\\/index.php\\\/vii-forum-nacional-de-procuradores-do-ministerio-publico-de-contas\\\/#primaryimage\"},\"thumbnailUrl\":\"\",\"articleSection\":[\"Todas as not\u00edcias\"],\"inLanguage\":\"pt-BR\",\"potentialAction\":[{\"@type\":\"CommentAction\",\"name\":\"Comment\",\"target\":[\"https:\\\/\\\/www.mpc.pr.gov.br\\\/index.php\\\/vii-forum-nacional-de-procuradores-do-ministerio-publico-de-contas\\\/#respond\"]}]},{\"@type\":\"WebPage\",\"@id\":\"https:\\\/\\\/www.mpc.pr.gov.br\\\/index.php\\\/vii-forum-nacional-de-procuradores-do-ministerio-publico-de-contas\\\/\",\"url\":\"https:\\\/\\\/www.mpc.pr.gov.br\\\/index.php\\\/vii-forum-nacional-de-procuradores-do-ministerio-publico-de-contas\\\/\",\"name\":\"VII F\u00f3rum Nacional de Procuradores do Minist\u00e9rio P\u00fablico de Contas - Minist\u00e9rio P\u00fablico de Contas do Estado do Paran\u00e1\",\"isPartOf\":{\"@id\":\"https:\\\/\\\/www.mpc.pr.gov.br\\\/#website\"},\"primaryImageOfPage\":{\"@id\":\"https:\\\/\\\/www.mpc.pr.gov.br\\\/index.php\\\/vii-forum-nacional-de-procuradores-do-ministerio-publico-de-contas\\\/#primaryimage\"},\"image\":{\"@id\":\"https:\\\/\\\/www.mpc.pr.gov.br\\\/index.php\\\/vii-forum-nacional-de-procuradores-do-ministerio-publico-de-contas\\\/#primaryimage\"},\"thumbnailUrl\":\"\",\"datePublished\":\"2015-10-28T17:07:08+00:00\",\"breadcrumb\":{\"@id\":\"https:\\\/\\\/www.mpc.pr.gov.br\\\/index.php\\\/vii-forum-nacional-de-procuradores-do-ministerio-publico-de-contas\\\/#breadcrumb\"},\"inLanguage\":\"pt-BR\",\"potentialAction\":[{\"@type\":\"ReadAction\",\"target\":[\"https:\\\/\\\/www.mpc.pr.gov.br\\\/index.php\\\/vii-forum-nacional-de-procuradores-do-ministerio-publico-de-contas\\\/\"]}]},{\"@type\":\"ImageObject\",\"inLanguage\":\"pt-BR\",\"@id\":\"https:\\\/\\\/www.mpc.pr.gov.br\\\/index.php\\\/vii-forum-nacional-de-procuradores-do-ministerio-publico-de-contas\\\/#primaryimage\",\"url\":\"\",\"contentUrl\":\"\"},{\"@type\":\"BreadcrumbList\",\"@id\":\"https:\\\/\\\/www.mpc.pr.gov.br\\\/index.php\\\/vii-forum-nacional-de-procuradores-do-ministerio-publico-de-contas\\\/#breadcrumb\",\"itemListElement\":[{\"@type\":\"ListItem\",\"position\":1,\"name\":\"In\u00edcio\",\"item\":\"https:\\\/\\\/www.mpc.pr.gov.br\\\/\"},{\"@type\":\"ListItem\",\"position\":2,\"name\":\"VII F\u00f3rum Nacional de Procuradores do Minist\u00e9rio P\u00fablico de Contas\"}]},{\"@type\":\"WebSite\",\"@id\":\"https:\\\/\\\/www.mpc.pr.gov.br\\\/#website\",\"url\":\"https:\\\/\\\/www.mpc.pr.gov.br\\\/\",\"name\":\"Minist\u00e9rio P\u00fablico de Contas do Estado do Paran\u00e1\",\"description\":\"\",\"publisher\":{\"@id\":\"https:\\\/\\\/www.mpc.pr.gov.br\\\/#organization\"},\"potentialAction\":[{\"@type\":\"SearchAction\",\"target\":{\"@type\":\"EntryPoint\",\"urlTemplate\":\"https:\\\/\\\/www.mpc.pr.gov.br\\\/?s={search_term_string}\"},\"query-input\":{\"@type\":\"PropertyValueSpecification\",\"valueRequired\":true,\"valueName\":\"search_term_string\"}}],\"inLanguage\":\"pt-BR\"},{\"@type\":\"Organization\",\"@id\":\"https:\\\/\\\/www.mpc.pr.gov.br\\\/#organization\",\"name\":\"Minist\u00e9rio P\u00fablico de Contas do Estado do Paran\u00e1\",\"url\":\"https:\\\/\\\/www.mpc.pr.gov.br\\\/\",\"logo\":{\"@type\":\"ImageObject\",\"inLanguage\":\"pt-BR\",\"@id\":\"https:\\\/\\\/www.mpc.pr.gov.br\\\/#\\\/schema\\\/logo\\\/image\\\/\",\"url\":\"https:\\\/\\\/www.mpc.pr.gov.br\\\/wp-content\\\/uploads\\\/2020\\\/06\\\/99423647_1593460364143890_6706793420720963584_n-1-e1591387983167.png\",\"contentUrl\":\"https:\\\/\\\/www.mpc.pr.gov.br\\\/wp-content\\\/uploads\\\/2020\\\/06\\\/99423647_1593460364143890_6706793420720963584_n-1-e1591387983167.png\",\"width\":243,\"height\":73,\"caption\":\"Minist\u00e9rio P\u00fablico de Contas do Estado do Paran\u00e1\"},\"image\":{\"@id\":\"https:\\\/\\\/www.mpc.pr.gov.br\\\/#\\\/schema\\\/logo\\\/image\\\/\"},\"sameAs\":[\"https:\\\/\\\/www.facebook.com\\\/mpc.pr\",\"https:\\\/\\\/www.instagram.com\\\/mpc.pr\\\/?hl=pt-br\",\"https:\\\/\\\/www.youtube.com\\\/channel\\\/UCHri5oEM8DV0ztX57E0sBSw\"]},{\"@type\":\"Person\",\"@id\":\"https:\\\/\\\/www.mpc.pr.gov.br\\\/#\\\/schema\\\/person\\\/e6db2baa689b9b3b9e704ac0d26f7d3e\",\"name\":\"michael.reiner\",\"image\":{\"@type\":\"ImageObject\",\"inLanguage\":\"pt-BR\",\"@id\":\"https:\\\/\\\/secure.gravatar.com\\\/avatar\\\/?s=96&d=mm&r=g\",\"url\":\"https:\\\/\\\/secure.gravatar.com\\\/avatar\\\/?s=96&d=mm&r=g\",\"contentUrl\":\"https:\\\/\\\/secure.gravatar.com\\\/avatar\\\/?s=96&d=mm&r=g\",\"caption\":\"michael.reiner\"}}]}<\/script>\n<!-- \/ Yoast SEO plugin. -->","yoast_head_json":{"title":"VII F\u00f3rum Nacional de Procuradores do Minist\u00e9rio P\u00fablico de Contas - Minist\u00e9rio P\u00fablico de Contas do Estado do Paran\u00e1","robots":{"index":"index","follow":"follow","max-snippet":"max-snippet:-1","max-image-preview":"max-image-preview:large","max-video-preview":"max-video-preview:-1"},"canonical":"https:\/\/www.mpc.pr.gov.br\/index.php\/vii-forum-nacional-de-procuradores-do-ministerio-publico-de-contas\/","og_locale":"pt_BR","og_type":"article","og_title":"VII F\u00f3rum Nacional de Procuradores do Minist\u00e9rio P\u00fablico de Contas - Minist\u00e9rio P\u00fablico de Contas do Estado do Paran\u00e1","og_description":"Na ter\u00e7a-feira (03), acontece o VII F\u00f3rum Nacional de Procuradores do Minist\u00e9rio P\u00fablico de Contas. O evento ir\u00e1 abordar o assunto \u201cDa independ\u00eancia funcional \u00e0 autonomia institucional\u201d e ser\u00e1 dividido em tr\u00eas pain\u00e9is: \u201ca fun\u00e7\u00e3o fiscalizadora do Poder Legislativo\u201d, \u201cIndepend\u00eancia funcional e atua\u00e7\u00e3o integrada dos ramos aut\u00f4nomos do Minist\u00e9rio P\u00fablico brasileiro\u201d e \u201cControle jurisdicional dos [&hellip;]","og_url":"https:\/\/www.mpc.pr.gov.br\/index.php\/vii-forum-nacional-de-procuradores-do-ministerio-publico-de-contas\/","og_site_name":"Minist\u00e9rio P\u00fablico de Contas do Estado do Paran\u00e1","article_publisher":"https:\/\/www.facebook.com\/mpc.pr","article_published_time":"2015-10-28T17:07:08+00:00","author":"michael.reiner","twitter_card":"summary_large_image","twitter_misc":{"Escrito por":"michael.reiner","Est. tempo de leitura":"1 minuto"},"schema":{"@context":"https:\/\/schema.org","@graph":[{"@type":"Article","@id":"https:\/\/www.mpc.pr.gov.br\/index.php\/vii-forum-nacional-de-procuradores-do-ministerio-publico-de-contas\/#article","isPartOf":{"@id":"https:\/\/www.mpc.pr.gov.br\/index.php\/vii-forum-nacional-de-procuradores-do-ministerio-publico-de-contas\/"},"author":{"name":"michael.reiner","@id":"https:\/\/www.mpc.pr.gov.br\/#\/schema\/person\/e6db2baa689b9b3b9e704ac0d26f7d3e"},"headline":"VII F\u00f3rum Nacional de Procuradores do Minist\u00e9rio P\u00fablico de Contas","datePublished":"2015-10-28T17:07:08+00:00","mainEntityOfPage":{"@id":"https:\/\/www.mpc.pr.gov.br\/index.php\/vii-forum-nacional-de-procuradores-do-ministerio-publico-de-contas\/"},"wordCount":266,"commentCount":0,"publisher":{"@id":"https:\/\/www.mpc.pr.gov.br\/#organization"},"image":{"@id":"https:\/\/www.mpc.pr.gov.br\/index.php\/vii-forum-nacional-de-procuradores-do-ministerio-publico-de-contas\/#primaryimage"},"thumbnailUrl":"","articleSection":["Todas as not\u00edcias"],"inLanguage":"pt-BR","potentialAction":[{"@type":"CommentAction","name":"Comment","target":["https:\/\/www.mpc.pr.gov.br\/index.php\/vii-forum-nacional-de-procuradores-do-ministerio-publico-de-contas\/#respond"]}]},{"@type":"WebPage","@id":"https:\/\/www.mpc.pr.gov.br\/index.php\/vii-forum-nacional-de-procuradores-do-ministerio-publico-de-contas\/","url":"https:\/\/www.mpc.pr.gov.br\/index.php\/vii-forum-nacional-de-procuradores-do-ministerio-publico-de-contas\/","name":"VII F\u00f3rum Nacional de Procuradores do Minist\u00e9rio P\u00fablico de Contas - Minist\u00e9rio P\u00fablico de Contas do Estado do Paran\u00e1","isPartOf":{"@id":"https:\/\/www.mpc.pr.gov.br\/#website"},"primaryImageOfPage":{"@id":"https:\/\/www.mpc.pr.gov.br\/index.php\/vii-forum-nacional-de-procuradores-do-ministerio-publico-de-contas\/#primaryimage"},"image":{"@id":"https:\/\/www.mpc.pr.gov.br\/index.php\/vii-forum-nacional-de-procuradores-do-ministerio-publico-de-contas\/#primaryimage"},"thumbnailUrl":"","datePublished":"2015-10-28T17:07:08+00:00","breadcrumb":{"@id":"https:\/\/www.mpc.pr.gov.br\/index.php\/vii-forum-nacional-de-procuradores-do-ministerio-publico-de-contas\/#breadcrumb"},"inLanguage":"pt-BR","potentialAction":[{"@type":"ReadAction","target":["https:\/\/www.mpc.pr.gov.br\/index.php\/vii-forum-nacional-de-procuradores-do-ministerio-publico-de-contas\/"]}]},{"@type":"ImageObject","inLanguage":"pt-BR","@id":"https:\/\/www.mpc.pr.gov.br\/index.php\/vii-forum-nacional-de-procuradores-do-ministerio-publico-de-contas\/#primaryimage","url":"","contentUrl":""},{"@type":"BreadcrumbList","@id":"https:\/\/www.mpc.pr.gov.br\/index.php\/vii-forum-nacional-de-procuradores-do-ministerio-publico-de-contas\/#breadcrumb","itemListElement":[{"@type":"ListItem","position":1,"name":"In\u00edcio","item":"https:\/\/www.mpc.pr.gov.br\/"},{"@type":"ListItem","position":2,"name":"VII F\u00f3rum Nacional de Procuradores do Minist\u00e9rio P\u00fablico de Contas"}]},{"@type":"WebSite","@id":"https:\/\/www.mpc.pr.gov.br\/#website","url":"https:\/\/www.mpc.pr.gov.br\/","name":"Minist\u00e9rio P\u00fablico de Contas do Estado do Paran\u00e1","description":"","publisher":{"@id":"https:\/\/www.mpc.pr.gov.br\/#organization"},"potentialAction":[{"@type":"SearchAction","target":{"@type":"EntryPoint","urlTemplate":"https:\/\/www.mpc.pr.gov.br\/?s={search_term_string}"},"query-input":{"@type":"PropertyValueSpecification","valueRequired":true,"valueName":"search_term_string"}}],"inLanguage":"pt-BR"},{"@type":"Organization","@id":"https:\/\/www.mpc.pr.gov.br\/#organization","name":"Minist\u00e9rio P\u00fablico de Contas do Estado do Paran\u00e1","url":"https:\/\/www.mpc.pr.gov.br\/","logo":{"@type":"ImageObject","inLanguage":"pt-BR","@id":"https:\/\/www.mpc.pr.gov.br\/#\/schema\/logo\/image\/","url":"https:\/\/www.mpc.pr.gov.br\/wp-content\/uploads\/2020\/06\/99423647_1593460364143890_6706793420720963584_n-1-e1591387983167.png","contentUrl":"https:\/\/www.mpc.pr.gov.br\/wp-content\/uploads\/2020\/06\/99423647_1593460364143890_6706793420720963584_n-1-e1591387983167.png","width":243,"height":73,"caption":"Minist\u00e9rio P\u00fablico de Contas do Estado do Paran\u00e1"},"image":{"@id":"https:\/\/www.mpc.pr.gov.br\/#\/schema\/logo\/image\/"},"sameAs":["https:\/\/www.facebook.com\/mpc.pr","https:\/\/www.instagram.com\/mpc.pr\/?hl=pt-br","https:\/\/www.youtube.com\/channel\/UCHri5oEM8DV0ztX57E0sBSw"]},{"@type":"Person","@id":"https:\/\/www.mpc.pr.gov.br\/#\/schema\/person\/e6db2baa689b9b3b9e704ac0d26f7d3e","name":"michael.reiner","image":{"@type":"ImageObject","inLanguage":"pt-BR","@id":"https:\/\/secure.gravatar.com\/avatar\/?s=96&d=mm&r=g","url":"https:\/\/secure.gravatar.com\/avatar\/?s=96&d=mm&r=g","contentUrl":"https:\/\/secure.gravatar.com\/avatar\/?s=96&d=mm&r=g","caption":"michael.reiner"}}]}},"rttpg_featured_image_url":null,"rttpg_author":{"display_name":"michael.reiner","author_link":"https:\/\/www.mpc.pr.gov.br\/index.php\/author\/michael-reiner\/"},"rttpg_comment":0,"rttpg_category":"<a href=\"https:\/\/www.mpc.pr.gov.br\/index.php\/category\/todas-as-noticias\/\" rel=\"category tag\">Todas as not\u00edcias<\/a>","rttpg_excerpt":"Na ter\u00e7a-feira (03), acontece o VII F\u00f3rum Nacional de Procuradores do Minist\u00e9rio P\u00fablico de Contas. O evento ir\u00e1 abordar o assunto \u201cDa independ\u00eancia funcional \u00e0 autonomia institucional\u201d e ser\u00e1 dividido em tr\u00eas pain\u00e9is: \u201ca fun\u00e7\u00e3o fiscalizadora do Poder Legislativo\u201d, \u201cIndepend\u00eancia funcional e atua\u00e7\u00e3o integrada dos ramos aut\u00f4nomos do Minist\u00e9rio P\u00fablico brasileiro\u201d e \u201cControle jurisdicional dos&hellip;","_links":{"self":[{"href":"https:\/\/www.mpc.pr.gov.br\/index.php\/wp-json\/wp\/v2\/posts\/3991","targetHints":{"allow":["GET"]}}],"collection":[{"href":"https:\/\/www.mpc.pr.gov.br\/index.php\/wp-json\/wp\/v2\/posts"}],"about":[{"href":"https:\/\/www.mpc.pr.gov.br\/index.php\/wp-json\/wp\/v2\/types\/post"}],"author":[{"embeddable":true,"href":"https:\/\/www.mpc.pr.gov.br\/index.php\/wp-json\/wp\/v2\/users\/3"}],"replies":[{"embeddable":true,"href":"https:\/\/www.mpc.pr.gov.br\/index.php\/wp-json\/wp\/v2\/comments?post=3991"}],"version-history":[{"count":0,"href":"https:\/\/www.mpc.pr.gov.br\/index.php\/wp-json\/wp\/v2\/posts\/3991\/revisions"}],"wp:featuredmedia":[{"embeddable":true,"href":"https:\/\/www.mpc.pr.gov.br\/index.php\/wp-json\/"}],"wp:attachment":[{"href":"https:\/\/www.mpc.pr.gov.br\/index.php\/wp-json\/wp\/v2\/media?parent=3991"}],"wp:term":[{"taxonomy":"category","embeddable":true,"href":"https:\/\/www.mpc.pr.gov.br\/index.php\/wp-json\/wp\/v2\/categories?post=3991"},{"taxonomy":"post_tag","embeddable":true,"href":"https:\/\/www.mpc.pr.gov.br\/index.php\/wp-json\/wp\/v2\/tags?post=3991"}],"curies":[{"name":"wp","href":"https:\/\/api.w.org\/{rel}","templated":true}]}}