{"id":4080,"date":"2016-02-13T03:42:47","date_gmt":"2016-02-13T03:42:47","guid":{"rendered":"http:\/\/www.mpc.pr.gov.br\/?p=4080"},"modified":"2016-02-13T03:42:47","modified_gmt":"2016-02-13T03:42:47","slug":"relatorio-final-sobre-as-obras-da-copa-no-parana-sera-apreciado-pelo-tce-pr","status":"publish","type":"post","link":"https:\/\/www.mpc.pr.gov.br\/index.php\/relatorio-final-sobre-as-obras-da-copa-no-parana-sera-apreciado-pelo-tce-pr\/","title":{"rendered":"Relat\u00f3rio Final sobre as obras da Copa no Paran\u00e1 ser\u00e1 apreciado pelo TCE-PR"},"content":{"rendered":"<p>&nbsp;<\/p>\n<p style=\"text-align: justify;\">O Relat\u00f3rio Final das obras da Copa de 2014 (prot. n.\u00ba 88804-5\/15) foi encaminhado pelo MPC-PR, no in\u00edcio de fevereiro, ao gabinete do Conselheiro do TCE respons\u00e1vel por apresentar voto acerca dos levantamentos.<\/p>\n<p style=\"text-align: justify;\">O processo est\u00e1 instru\u00eddo com o Of\u00edcio DIFOP n\u00ba 64, de 09.11.2015, e o Relat\u00f3rio de n\u00ba 15, emitido em 30 de outubro de 2015 pela Comiss\u00e3o de Fiscaliza\u00e7\u00e3o constitu\u00edda pela Portaria n\u00ba 247, de 01.02.2011.<\/p>\n<p style=\"text-align: justify;\">O Relat\u00f3rio Final, de n\u00ba 15, consolida os procedimentos de fiscaliza\u00e7\u00e3o dos atos praticados pelo Estado do Paran\u00e1 e pelo Munic\u00edpio de Curitiba para o planejamento, contrata\u00e7\u00e3o e elabora\u00e7\u00e3o dos projetos e execu\u00e7\u00e3o das obras de mobilidade urbana constantes da Matriz de Responsabilidades celebrada entre o Governo do Estado do Paran\u00e1, Prefeitura Municipal de Curitiba e Minist\u00e9rio do Esporte.<\/p>\n<p style=\"text-align: justify;\">Destaca o documento apresentado que o Governo Federal, por meio do Of\u00edcio n\u00ba 159\/2014\/SE\/ME, de 19 de mar\u00e7o de 2014, firmado pela Secretaria Executiva do Minist\u00e9rio do Esporte, entendeu ser fundamental a continuidade das obras n\u00e3o terminadas at\u00e9 o in\u00edcio da competi\u00e7\u00e3o, para que se cumprisse o planejamento e se realizasse o legado pretendido, sobretudo no que diz respeito \u00e0 mobilidade urbana nas cidades que sediaram o evento.<\/p>\n<p style=\"text-align: justify;\">Em rela\u00e7\u00e3o \u00e0s obras municipais o Relat\u00f3rio Final destaca que em \u201cjunho de 2014, per\u00edodo do evento Copa do Mundo, a maioria das obras encontrava-se em condi\u00e7\u00f5es de uso, mas nem todos os servi\u00e7os contratados haviam sido plenamente conclu\u00eddos.<\/p>\n<p style=\"text-align: justify;\">Em setembro de 2015, decorridos 14 (quatorze) meses, constatou-se que, com exce\u00e7\u00e3o das obras de Requalifica\u00e7\u00e3o do Terminal Santa C\u00e2ndida e do Corredor Aeroporto \/ Rodoferrovi\u00e1ria (trecho 04), as obras municipais foram conclu\u00eddas, ainda que os termos de recebimento definitivo n\u00e3o tenham sido emitidos, havendo pend\u00eancias quanto \u00e0s altera\u00e7\u00f5es dos contratos de financiamento e quanto aos pagamentos finais para empresas contratadas.&#8221;<\/p>\n<p style=\"text-align: justify;\">O Minist\u00e9rio P\u00fablico de Contas, por seu Procurador Gabriel Guy Leger, emitiu o Parecer Ministerial n\u00ba 869\/16, no qual propugna que al\u00e9m da aprova\u00e7\u00e3o do Relat\u00f3rio, com a ado\u00e7\u00e3o das recomenda\u00e7\u00f5es, determina\u00e7\u00f5es e encaminhamentos sugeridos pela equipe t\u00e9cnica (vide o item abaixo), o Tribunal de Contas tamb\u00e9m instaure um procedimento de MONITORAMENTO (previsto no art. 259 do seu Regimento Interno) para o fim de se verificar o efetivo cumprimento da decis\u00e3o que vier a ser proferida, bem como dos resultados delas advindos; pugnando ao i. Relator que designe a unidade t\u00e9cnica competente para a realiza\u00e7\u00e3o deste acompanhamento e, adicionalmente, seja examinado pedido de instaura\u00e7\u00e3o de Tomada de Contas Extraordin\u00e1ria para o fim espec\u00edfico de se apurar o dano ao er\u00e1rio e respectivas responsabilidades, decorrentes da exclus\u00e3o de obras originariamente previstas na Matriz de Responsabilidades, cuja inexecu\u00e7\u00e3o representou o disp\u00eandio antiecon\u00f4mico de recursos p\u00fablicos na elabora\u00e7\u00e3o de Projetos que n\u00e3o se viabilizaram, em evidente preju\u00edzo \u00e0 melhoria da mobilidade urbana da cidade de Curitiba e Regi\u00e3o Metropolitana.<\/p>\n<p style=\"text-align: justify;\">Segundo constou do Relat\u00f3rio Final de Auditoria n\u00e3o se viabilizou os seguintes projetos:<\/p>\n<p style=\"text-align: justify;\">1. OBRA DO CORREDOR AVENIDA C\u00c2NDIDO DE ABREU, exclu\u00edda da Matriz de Responsabilidades por meio da Resolu\u00e7\u00e3o GECOPA n\u00ba 25, de 25\/11\/2013, publicada no DOU n\u00ba 228, Se\u00e7\u00e3o 1, p\u00e1ginas 100 e 101; que de acordo com o Relat\u00f3rio Final das Obras de Mobilidade Urbana do Projeto Copa 2014 \u201cdecorreu de defici\u00eancias na fase de planeamento\u201d, de responsabilidade do Munic\u00edpio de Curitiba;<\/p>\n<p style=\"text-align: justify;\">2. LOTE 02 LINHA VERDE SUL \u2013 PROJETO DE OBRAS DE ARTE ESPECIAL \u2013 Constru\u00e7\u00e3o da trincheira na linha verde sul, entre as Ruas Nicola Pelanda e Ant\u00f4nio Cl\u00e1udio e \u00a0\u2013 Amplia\u00e7\u00e3o da Trincheira da Av. Winston Churchill com a linha Verde Sul, de responsabilidade do Munic\u00edpio de Curitiba. O IPPUC, atrav\u00e9s do Of\u00edcio SIP n\u00ba 034\/2013, confirmou a exclus\u00e3o deste lote; que de acordo com o Relat\u00f3rio Final das Obras de Mobilidade Urbana do Projeto Copa 2014 tamb\u00e9m \u201cdecorreu de defici\u00eancias na fase de planeamento\u201d.<\/p>\n<p style=\"text-align: justify;\">3. OBRA DO CORREDOR METROPOLITANO, exclu\u00edda da Matriz de Responsabilidades por meio da Resolu\u00e7\u00e3o GECOPA n\u00ba 22 de 26\/12\/2012, cujo Termo Aditivo foi assinado em abril\/2013; que de acordo com o Relat\u00f3rio Final das Obras de Mobilidade Urbana do Projeto Copa 2014 decorreu da \u201csubavalia\u00e7\u00e3o dos prazos e valores necess\u00e1rios \u00e0 realiza\u00e7\u00e3o da obra\u201d, de responsabilidade do Estado do Paran\u00e1.<\/p>\n<p style=\"text-align: center;\"><a href=\"http:\/\/www.mpc.pr.gov.br\/wp-content\/uploads\/2016\/02\/1376935002135-copa-torcida-1.jpg\"><img decoding=\"async\" class=\"aligncenter size-medium wp-image-4081\" alt=\"1376935002135-copa-torcida-1\" src=\"http:\/\/www.mpc.pr.gov.br\/wp-content\/uploads\/2016\/02\/1376935002135-copa-torcida-1-300x164.jpg\" width=\"300\" height=\"164\" \/><\/a><\/p>\n<p>&nbsp;<\/p>\n<p>CONFIRA OS DEMAIS T\u00d3PICOS DO APANHADO T\u00c9CNICO ACERCA DAS OBRAS DA COPA\/2014<\/p>\n<p style=\"text-align: justify;\">A an\u00e1lise retrospectiva do contido nos relat\u00f3rios sobre as obras de mobilidade, emitidos desde 2012, leva \u00e0s seguintes constata\u00e7\u00f5es:<\/p>\n<p style=\"text-align: justify;\">1. Defici\u00eancias no planejamento das obras, iniciado cerca de quatro anos antes do evento Copa do Mundo 2014, implicaram valores e prazos de execu\u00e7\u00e3o subestimados;<\/p>\n<p style=\"text-align: justify;\">2. Ainda na fase de elabora\u00e7\u00e3o dos projetos, que em alguns casos consumiu de dois a tr\u00eas anos, os valores necess\u00e1rios \u00e0 realiza\u00e7\u00e3o das obras planejadas subiram significativamente. E novamente sofreram varia\u00e7\u00f5es quando da execu\u00e7\u00e3o das obras, considerando as diversas altera\u00e7\u00f5es que redundaram na formaliza\u00e7\u00e3o de termos aditivos. Estas varia\u00e7\u00f5es, em raz\u00e3o das regras de financiamento estabelecidas no PAC da COPA, tiveram que ser assumidas pela Administra\u00e7\u00e3o Municipal. Assim, o Munic\u00edpio, que ao firmar os contratos de financiamento em 2010 seria respons\u00e1vel por 5% dos recursos para execu\u00e7\u00e3o das obras, passou a arcar com cerca de 38%, o que representa, em valores atuais, R$ 125.831.149,91, al\u00e9m do valor do financiamento junto ao Governo Federal, que soma R$ 206.200.000,00. Logo, faz parte do legado o significativo aumento dos recursos financeiros ao longo do desenvolvimento das obras.<\/p>\n<p style=\"text-align: justify;\">3. Anteprojetos insuficientemente detalhados e sucessivas altera\u00e7\u00f5es de projeto, inclusive de grande porte como a substitui\u00e7\u00e3o de trincheira por viaduto estaiado na obra do Corredor Aeroporto\/Rodoferrovi\u00e1ria, contribu\u00edram para atrasos significativos do in\u00edcio da execu\u00e7\u00e3o das obras e para o aumento do valor dos investimentos e dos prazos de execu\u00e7\u00e3o;<\/p>\n<p>4. A previs\u00e3o de conclus\u00e3o das obras, que consta da Matriz de Responsabilidades de janeiro de 2010, n\u00e3o ultrapassava dezembro de 2012. Na realidade, esta previs\u00e3o n\u00e3o se concretizou em nenhuma das obras de mobilidade que tiveram atrasos de, no m\u00ednimo, um ano e meio;<\/p>\n<p style=\"text-align: justify;\">5. Do ponto de vista da efetividade das obras executadas, as defici\u00eancias e atrasos na fase de planejamento acarretaram em abandono de alternativas de maior impacto na solu\u00e7\u00e3o dos problemas de mobilidade de Curitiba. Exemplos disto s\u00e3o:<\/p>\n<p style=\"text-align: justify;\">(i) a manuten\u00e7\u00e3o das torres de distribui\u00e7\u00e3o de energia el\u00e9trica posicionadas no canteiro central do Corredor Aeroporto\/Rodoferrovi\u00e1ria que, pelo projeto inicial, seriam exclu\u00eddas com a execu\u00e7\u00e3o de cabeamento subterr\u00e2neo;<\/p>\n<p style=\"text-align: justify;\">(ii) a n\u00e3o execu\u00e7\u00e3o de viaduto ligando o Corredor Aeroporto\/Rodoferrovi\u00e1ria \u00e0 Av. Presidente Afonso Camargo, previsto no projeto inicial de Requalifica\u00e7\u00e3o da Rodoferrovi\u00e1ria, que alteraria o acesso dos \u00f4nibus ao complexo e reduziria o tr\u00e1fego do trajeto que passa pelo Viaduto do Colorado e<\/p>\n<p style=\"text-align: justify;\">(iii) a exclus\u00e3o das obras do Corredor da Avenida C\u00e2ndido de Abreu e Obras de Arte Especiais previstas no Lote 02 da Linha Verde Sul.<\/p>\n<p style=\"text-align: justify;\">6. O planejamento das a\u00e7\u00f5es n\u00e3o levou em conta a necessidade de manuten\u00e7\u00f5es preventivas e corretivas permanentes dos equipamentos, o que se mostra mais contundente nas obras de Requalifica\u00e7\u00e3o da Rodoferrovi\u00e1ria e do Sistema Integrado de Monitoramento. Equipamentos rec\u00e9m-entregues, j\u00e1 apresentam falhas de manuten\u00e7\u00e3o que podem, em longo prazo, trazer s\u00e9rias restri\u00e7\u00f5es de uso, comprometendo o pleno usufruto pela sociedade das benfeitorias deles advindas, motivo pelo qual se sugere determinar que o Munic\u00edpio providencie aloca\u00e7\u00e3o de recursos e formaliza\u00e7\u00e3o de procedimentos administrativos, que garantam a realiza\u00e7\u00e3o da manuten\u00e7\u00e3o adequada dos equipamentos.<\/p>\n<p style=\"text-align: justify;\">7. Fica evidente que os atrasos constantes nas obras de responsabilidade do Munic\u00edpio tiveram origem nas altera\u00e7\u00f5es de projeto e na necessidade de anu\u00eancia da Caixa Econ\u00f4mica Federal quanto \u00e0s modifica\u00e7\u00f5es realizadas. As consequ\u00eancias decorrentes desta pr\u00e1tica foram:<\/p>\n<p style=\"text-align: justify;\">i. n\u00e3o conclus\u00e3o das obras antes da realiza\u00e7\u00e3o da Copa do Mundo FIFA 2014;<\/p>\n<p style=\"text-align: justify;\">ii. interrup\u00e7\u00e3o de servi\u00e7os contratados;<\/p>\n<p>iii. diminui\u00e7\u00e3o do ritmo de servi\u00e7os das obras, inclusive com paralisa\u00e7\u00f5es;<\/p>\n<p style=\"text-align: justify;\">iv. celebra\u00e7\u00e3o de constantes Termos Aditivos de prorroga\u00e7\u00e3o de prazos;<\/p>\n<p>v. libera\u00e7\u00e3o de trechos das obras aos usu\u00e1rios com servi\u00e7os incompletos;<\/p>\n<p style=\"text-align: justify;\">vi. pagamento de faturas com atrasos;<\/p>\n<p style=\"text-align: justify;\">vii. aplica\u00e7\u00e3o de reajustes de pre\u00e7os, devido a prorroga\u00e7\u00f5es de prazo, sobre parcelas de servi\u00e7os que inicialmente n\u00e3o seriam reajustadas;<\/p>\n<p style=\"text-align: justify;\">viii. prorroga\u00e7\u00e3o reiterada dos prazos de conclus\u00e3o das obras;<\/p>\n<p style=\"text-align: justify;\">ix. insatisfa\u00e7\u00e3o dos usu\u00e1rios diante dos transtornos e preju\u00edzos causados ao com\u00e9rcio, moradores e benefici\u00e1rios em geral;<\/p>\n<p style=\"text-align: justify;\">Tais consequ\u00eancias, decorrentes dos atrasos nos prazos de execu\u00e7\u00e3o das obras, s\u00e3o de dif\u00edcil quantifica\u00e7\u00e3o financeira.<\/p>\n<p style=\"text-align: justify;\">8. Muito embora as obras estejam fisicamente conclu\u00eddas, com exce\u00e7\u00e3o do Terminal Santa C\u00e2ndida e do Trecho n. 04 do Corredor Aeroporto\/Rodoferrovi\u00e1ria, somente uma possui Termo de Recebimento Definitivo. Todas as outras aguardam avalia\u00e7\u00e3o final da Caixa Econ\u00f4mica Federal quanto aos aditivos realizados, para que sejam ent\u00e3o emitidas as medi\u00e7\u00f5es finais.<\/p>\n<p style=\"text-align: justify;\">Assim, sugere-se determinar ao Munic\u00edpio que:<\/p>\n<p>i. quando da realiza\u00e7\u00e3o das medi\u00e7\u00f5es finais das obras, observe as supress\u00f5es realizadas nos contratos das obras, de modo que o valor total medido acumulado e pago n\u00e3o ultrapasse o valor contratual formalizado mediante termos aditivos. O mesmo para os reajustes, cujos valores pagos acumulados n\u00e3o devem ultrapassar aqueles formalizados mediante aditivos ou apostilamentos;<\/p>\n<p>&nbsp;<\/p>\n<p>ii. encaminhe a este Tribunal, quando da conclus\u00e3o formal das obras, os respectivos Termos de Recebimento Definitivo, contendo o valor final (contrato, aditivos e reajustes) de cada uma das obras.\u201d<\/p>\n<p>&nbsp;<\/p>\n<p>Em rela\u00e7\u00e3o \u00e0s obras estaduais o Relat\u00f3rio Final consigna:<\/p>\n<p>&nbsp;<\/p>\n<p>De forma diversa das obras de responsabilidade do Munic\u00edpio de Curitiba, em junho de 2014, per\u00edodo do evento Copa do Mundo, nenhuma das obras estaduais estava conclu\u00edda, ainda que algumas estivessem em condi\u00e7\u00f5es de uso com restri\u00e7\u00f5es.<\/p>\n<p>&nbsp;<\/p>\n<p style=\"text-align: justify;\">Em setembro de 2015, constatou-se que n\u00e3o houve altera\u00e7\u00e3o significativa do quadro existente em novembro de 2014, per\u00edodo de nossa vistoria anterior, j\u00e1 que a evolu\u00e7\u00e3o f\u00edsica das obras foi pequena, sendo que, das 04 obras, somente um trecho (Rua da Pedreira) da obra Vias de Integra\u00e7\u00e3o Radial Metropolitanas foi conclu\u00eddo.<\/p>\n<p style=\"text-align: justify;\">A an\u00e1lise retrospectiva do contido nos relat\u00f3rios sobre as obras de mobilidade, emitidos desde 2012, leva \u00e0s seguintes constata\u00e7\u00f5es:<\/p>\n<p style=\"text-align: justify;\">1. As obras estaduais tamb\u00e9m apresentaram defici\u00eancias na fase de planejamento, e os contratos de financiamento para realiza\u00e7\u00e3o destas obras foram firmados em 2010, com base em or\u00e7amentos subestimados;<\/p>\n<p style=\"text-align: justify;\">2. Ainda na fase de elabora\u00e7\u00e3o dos projetos, que em alguns casos consumiu de dois a tr\u00eas anos, os valores necess\u00e1rios \u00e0 realiza\u00e7\u00e3o das obras planejadas subiram significativamente. E novamente sofreram varia\u00e7\u00f5es quando da execu\u00e7\u00e3o das obras, considerando as diversas altera\u00e7\u00f5es que redundaram na formaliza\u00e7\u00e3o de termos aditivos. Estas varia\u00e7\u00f5es, em raz\u00e3o das regras de financiamento estabelecidas no PAC da COPA, tiveram que ser assumidas pela Administra\u00e7\u00e3o Estadual. Assim, o Estado do Paran\u00e1 que, ao firmar os contratos de financiamento em 2010, seria respons\u00e1vel por 5% dos recursos para execu\u00e7\u00e3o das obras, passou a arcar com cerca de 36%, o que representa, em valores atuais, R$ 56.265.214,57, al\u00e9m do valor do financiamento junto ao Governo Federal, que soma R$ 98.800.000,00. Logo, faz parte do legado o significativo aumento dos recursos financeiros ao longo do desenvolvimento das obras.<\/p>\n<p style=\"text-align: justify;\">3. A varia\u00e7\u00e3o no valor necess\u00e1rio \u00e0 execu\u00e7\u00e3o da obra do Corredor Metropolitano foi de tal monta que, neste caso, a obra teve que ser exclu\u00edda da Matriz de Responsabilidades, pois o Estado do Paran\u00e1 n\u00e3o teria condi\u00e7\u00f5es de arcar com toda a diferen\u00e7a do valor da obra. Assim, a subavalia\u00e7\u00e3o dos prazos e valores necess\u00e1rios \u00e0 realiza\u00e7\u00e3o da obra redundou na frusta\u00e7\u00e3o deste projeto que traria evidentes benef\u00edcios \u00e0 mobilidade de toda a Regi\u00e3o Metropolitana de Curitiba;<\/p>\n<p style=\"text-align: justify;\">4. Em s\u00edntese, os or\u00e7amentos subestimados para execu\u00e7\u00e3o das obras estaduais, diante da adequa\u00e7\u00e3o dos projetos, desapropria\u00e7\u00f5es e a eleva\u00e7\u00e3o dos recursos necess\u00e1rios, podem ser apontados como raz\u00f5es para o lento ritmo de execu\u00e7\u00e3o das obras estaduais redundando na n\u00e3o conclus\u00e3o das mesmas, at\u00e9 a realiza\u00e7\u00e3o da Copa do Mundo de 2014, condi\u00e7\u00e3o agravada e continuada pela constante baixa capacidade de pagamento das obriga\u00e7\u00f5es assumidas pelo Estado do Paran\u00e1 junto a COMEC, situa\u00e7\u00e3o que permanece at\u00e9 a presente data.<\/p>\n<p style=\"text-align: justify;\">5. Em rela\u00e7\u00e3o ao Termo de Recebimento Provis\u00f3rio do trecho Rua da Pedreira, sugere-se determinar \u00e0 COMEC que providencie a sua imediata corre\u00e7\u00e3o, diante das constata\u00e7\u00f5es j\u00e1 relatadas, adequando-o ao valor, servi\u00e7os e quantidades preconizadas em contrato e aditivos, bem como que emita o Termo de Recebimento Definitivo da obra, mediante a realiza\u00e7\u00e3o de nova vistoria, a fim de se poder garantir a corre\u00e7\u00e3o dos defeitos observados no pavimento da obra e o efetivo pagamento das obriga\u00e7\u00f5es junto \u00e0 contratada, fatos estes que, quando ocorrerem, dever\u00e3o ser comunicados a este Tribunal de Contas.<\/p>\n<p style=\"text-align: justify;\">6. Para as demais obras de responsabilidade do Estado sugere-se determinar \u00e0 COMEC que encaminhe a este Tribunal, quando da conclus\u00e3o formal das obras, os respectivos Termos de Recebimento Definitivo contendo o valor final (contrato, aditivos e reajustes) de cada uma delas.<\/p>\n<p style=\"text-align: justify;\">7. Fica evidente que os atrasos constantes nas obras de responsabilidade do Estado, com interveni\u00eancia da COMEC, tiveram origem na inadimpl\u00eancia do poder p\u00fablico, isto \u00e9, na falta de aporte financeiro, com rela\u00e7\u00e3o \u00e0s obriga\u00e7\u00f5es de pagar aos prestadores de servi\u00e7os contratados para a execu\u00e7\u00e3o das obras.<\/p>\n<p style=\"text-align: justify;\">As consequ\u00eancias identificadas, em curto prazo, para estas obras diante desta pr\u00e1tica foram:<\/p>\n<p style=\"text-align: justify;\">i. n\u00e3o conclus\u00e3o das obras antes da realiza\u00e7\u00e3o da Copa do Mundo FIFA 2014;<\/p>\n<p style=\"text-align: justify;\">ii. realiza\u00e7\u00e3o de medi\u00e7\u00f5es com per\u00edodos superiores a 30 (trinta) dias, afrontando a previs\u00e3o contratual estabelecida;<\/p>\n<p style=\"text-align: justify;\">iii. interrup\u00e7\u00e3o constante de servi\u00e7os contratados;<\/p>\n<p style=\"text-align: justify;\">iv. diminui\u00e7\u00e3o do ritmo de servi\u00e7os das obras;<\/p>\n<p style=\"text-align: justify;\">v. celebra\u00e7\u00e3o de constantes Termos Aditivos de prorroga\u00e7\u00e3o de prazos;<\/p>\n<p style=\"text-align: justify;\">vi. libera\u00e7\u00e3o de trechos das obras aos usu\u00e1rios com servi\u00e7os incompletos e sinaliza\u00e7\u00f5es prec\u00e1rias;<\/p>\n<p>vii. pagamento de faturas com atrasos significativos.<\/p>\n<p style=\"text-align: justify;\">Em longo prazo, a recorrente inadimpl\u00eancia, n\u00e3o respeitando o direito do contratado de receber o pagamento, no prazo contratual, pelos servi\u00e7os realizados ou pelos bens entregues, obriga o pr\u00f3prio Estado a:<\/p>\n<p style=\"text-align: justify;\">i. aplicar reajustes de pre\u00e7os, devido a prorroga\u00e7\u00f5es de prazo, sobre parcelas de servi\u00e7os que inicialmente n\u00e3o seriam reajustadas;<\/p>\n<p style=\"text-align: justify;\">ii. aceitar a diminui\u00e7\u00e3o do ritmo das obras sem a possibilidade da aplica\u00e7\u00e3o de san\u00e7\u00f5es aos contratados pelos atrasos;<\/p>\n<p style=\"text-align: justify;\">iii. prorrogar reiteradamente os prazos de conclus\u00e3o das obras;<\/p>\n<p style=\"text-align: justify;\">iv. conviver com a insatisfa\u00e7\u00e3o dos usu\u00e1rios diante dos transtornos e preju\u00edzos causados ao com\u00e9rcio, moradores e benefici\u00e1rios em geral;<\/p>\n<p style=\"text-align: justify;\">Tais consequ\u00eancias, decorrentes dos atrasos nos prazos de execu\u00e7\u00e3o destas obras, s\u00e3o de dif\u00edcil mensura\u00e7\u00e3o. No sentido de minimizar tais transtornos, recomenda-se determinar ao Governo do Estado do Paran\u00e1, com conhecimento ao Minist\u00e9rio P\u00fablico, nos termos do Art. 45 da Lei de Responsabilidade Fiscal, que n\u00e3o sejam destinados recursos para novos projetos enquanto n\u00e3o forem contemplados todos os recursos para a conclus\u00e3o dessas obras, evitando-se que esta pr\u00e1tica se repita em todo o Estado do Paran\u00e1.<\/p>\n<p style=\"text-align: justify;\">Em consequ\u00eancia destes fatos, a equipe t\u00e9cnica subscritora do Relat\u00f3rio Final, de n\u00ba 15, \u00a0sugeriu ao Tribunal de Contas a emiss\u00e3o das seguintes recomenda\u00e7\u00f5es e determina\u00e7\u00f5es:<\/p>\n<p style=\"text-align: justify;\">RECOMENDA\u00c7\u00d5ES DE NATUREZA PREVENTIVA E DE CONTROLE INTERNO<\/p>\n<p>AO MUNIC\u00cdPIO DE CURITIBA<\/p>\n<p style=\"text-align: justify;\">01 &#8211; Que o Munic\u00edpio avalie o atual modelo de planejamento de obras, desde a concep\u00e7\u00e3o do projeto \u2013 a cargo do IPPUC, passando pela execu\u00e7\u00e3o \u2013 a cargo da SMOP &#8211; at\u00e9 a entrega e manuten\u00e7\u00e3o da benfeitoria constru\u00edda, de modo que haja previs\u00e3o integrada que aborde todas as etapas, incluindo n\u00e3o apenas o projeto da obra e a constru\u00e7\u00e3o em si, mas tamb\u00e9m o pessoal e os equipamentos necess\u00e1rios para operar e manter em plenas condi\u00e7\u00f5es de funcionamento o equipamento p\u00fablico a ser utilizado pela sociedade, proporcionando maior seguran\u00e7a na avalia\u00e7\u00e3o dos investimentos necess\u00e1rios, melhor avalia\u00e7\u00e3o dos riscos envolvidos em cada etapa e melhores estimativas de prazos para a implanta\u00e7\u00e3o daquilo que foi planejado.<\/p>\n<p style=\"text-align: justify;\">02 &#8211; Que o Munic\u00edpio, por meio do IPPUC, acompanhe e participe da execu\u00e7\u00e3o das obras por ele projetadas, possibilitando avalia\u00e7\u00f5es tempestivas e conjuntas de eventuais altera\u00e7\u00f5es de projeto, proporcionando maior celeridade para a resolu\u00e7\u00e3o de problemas de projeto e consequentemente \u00e0 execu\u00e7\u00e3o da obra.<\/p>\n<p style=\"text-align: justify;\">03 &#8211; Que o Munic\u00edpio promova capacita\u00e7\u00e3o continuada dos profissionais respons\u00e1veis pela elabora\u00e7\u00e3o, an\u00e1lise e aprova\u00e7\u00e3o de projetos de obras e servi\u00e7os de engenharia, melhorando a qualidade dos projetos e consequentemente das obras p\u00fablicas do Munic\u00edpio, evitando modifica\u00e7\u00f5es durante a realiza\u00e7\u00e3o das obras e prorroga\u00e7\u00f5es de seus prazos de execu\u00e7\u00e3o.<\/p>\n<p style=\"text-align: justify;\">AO ESTADO DO PARAN\u00c1<\/p>\n<p style=\"text-align: justify;\">01 &#8211; Que o Estado reavalie o atual modelo de planejamento de obras, de modo a adotar um planejamento integrado que aborde todas as etapas necess\u00e1rias, contemplando, al\u00e9m do projeto da obra, sua constru\u00e7\u00e3o, equipamentos, manuten\u00e7\u00e3o e pessoal necess\u00e1rio para operar e manter em plenas condi\u00e7\u00f5es de funcionamento o equipamento p\u00fablico a ser utilizado, garantindo maior seguran\u00e7a na avalia\u00e7\u00e3o dos investimentos necess\u00e1rios, melhor avalia\u00e7\u00e3o dos riscos envolvidos em cada etapa e melhores estimativas de prazos para a implanta\u00e7\u00e3o daquilo que foi planejado.<\/p>\n<p style=\"text-align: justify;\">02 &#8211; Que o Estado promova capacita\u00e7\u00e3o continuada dos profissionais respons\u00e1veis pela elabora\u00e7\u00e3o, an\u00e1lise e aprova\u00e7\u00e3o de projetos de obras e servi\u00e7os de engenharia, melhorando a qualidade dos projetos e consequentemente das obras p\u00fablicas estaduais, evitando modifica\u00e7\u00f5es durante a realiza\u00e7\u00e3o das obras e prorroga\u00e7\u00f5es de seus prazos de execu\u00e7\u00e3o.<\/p>\n<p style=\"text-align: justify;\">DETERMINA\u00c7\u00d5ES DECORRENTES DAS CONDI\u00c7\u00d5ES IDENTIFICADAS<\/p>\n<p>AO MUNIC\u00cdPIO DE CURITIBA<\/p>\n<p style=\"text-align: justify;\">01 &#8211; Que o Munic\u00edpio, quando da realiza\u00e7\u00e3o das medi\u00e7\u00f5es finais das obras, observe as supress\u00f5es realizadas nos contratos, de modo que o valor total medido acumulado e pago n\u00e3o ultrapasse o valor contratual formalizado mediante termos aditivos. O mesmo para os reajustes, cujos valores pagos acumulados n\u00e3o devem ultrapassar aqueles formalizados mediante aditivos ou apostilamento.<\/p>\n<p style=\"text-align: justify;\">02 &#8211; \u00a0Que o Munic\u00edpio encaminhe a este Tribunal, quando da conclus\u00e3o formal das obras, os respectivos Termos de Recebimento Definitivo contendo o valor final (contrato, aditivos e reajustes) de cada uma das obras.<\/p>\n<p style=\"text-align: justify;\">03 &#8211; Que o Munic\u00edpio providencie aloca\u00e7\u00e3o de recursos e formaliza\u00e7\u00e3o de procedimentos administrativos garantindo a realiza\u00e7\u00e3o de manuten\u00e7\u00e3o adequada dos equipamentos da Rodoferrovi\u00e1ria e do Sistema Integrado de Monitoramento, de modo a permitir o pleno usufruto dos mesmos pela sociedade, comunicando a este Tribunal as provid\u00eancias adotadas.<\/p>\n<p>AO ESTADO DO PARAN\u00c1<\/p>\n<p style=\"text-align: justify;\">01 &#8211; Que a COMEC providencie a imediata revis\u00e3o do Termo de Recebimento Provis\u00f3rio expedido para a Rua da Pedreira, adequando-o ao valor, servi\u00e7os e quantidades preconizadas em contrato e aditivos, bem como que emita Termo de Recebimento Definitivo da obra, mediante a realiza\u00e7\u00e3o de nova vistoria, a fim de garantir a corre\u00e7\u00e3o dos defeitos observados no pavimento da obra e o efetivo pagamento das obriga\u00e7\u00f5es junto \u00e0 contratada, fatos estes que, quando ocorrerem, dever\u00e3o ser comunicados a este Tribunal de Contas<\/p>\n<p style=\"text-align: justify;\">02 &#8211; Que a COMEC encaminhe a este Tribunal, quando da conclus\u00e3o formal das obras, os respectivos Termos de Recebimento Definitivo contendo o valor final (contrato, aditivos e reajustes) de cada uma delas.<\/p>\n<p style=\"text-align: justify;\">03 &#8211; Que o Governo do Estado do Paran\u00e1, nos termos do Art. 45 da Lei de Responsabilidade Fiscal, n\u00e3o destine recursos para novos projetos enquanto n\u00e3o forem contemplados todos os recursos necess\u00e1rios \u00e0 conclus\u00e3o das obras de mobilidade da COPA 2014, de responsabilidade da COMEC.<\/p>\n<p style=\"text-align: justify;\">Por fim, a equipe t\u00e9cnica sugeriu \u201cdar ci\u00eancia do conte\u00fado do presente Relat\u00f3rio ao Tribunal de Contas da Uni\u00e3o, ao Minist\u00e9rio dos Esportes, ao Minist\u00e9rio das Cidades, \u00e0 Caixa Econ\u00f4mica Federal e \u00e0 Controladoria Geral da Uni\u00e3o &#8211; CGU, \u00f3rg\u00e3os envolvidos com o controle e desenvolvimento das a\u00e7\u00f5es para a Copa do Mundo FIFA 2014\u201d e \u201cencaminhar o presente Relat\u00f3rio aos gestores do Governo Estadual, do Governo Municipal, ao Secret\u00e1rio Municipal de Urbanismo (Ex-Secret\u00e1rio Municipal da Copa do Mundo), \u00e0 Secretaria Municipal de Obras P\u00fablicas, \u00e0s Procuradorias Estadual e Municipal, ao Minist\u00e9rio P\u00fablico Estadual, ao Minist\u00e9rio P\u00fablico junto ao Tribunal de Contas do Estado do Paran\u00e1, \u00e0 Assembleia Legislativa do Estado, \u00e0\u00a0C\u00e2mara de Vereadores de Curitiba e aos gestores da COMEC, UTAG, IPPUC e URBS.\u201d<\/p>\n","protected":false},"excerpt":{"rendered":"<p>&nbsp; O Relat\u00f3rio Final das obras da Copa de 2014 (prot. n.\u00ba 88804-5\/15) foi encaminhado pelo MPC-PR, no in\u00edcio de fevereiro, ao gabinete do Conselheiro do TCE respons\u00e1vel por apresentar voto acerca dos levantamentos. O processo est\u00e1 instru\u00eddo com o Of\u00edcio DIFOP n\u00ba 64, de 09.11.2015, e o Relat\u00f3rio de n\u00ba 15, emitido em 30 [&hellip;]<\/p>\n","protected":false},"author":3,"featured_media":4083,"comment_status":"open","ping_status":"open","sticky":false,"template":"","format":"standard","meta":{"_monsterinsights_skip_tracking":false,"_monsterinsights_sitenote_active":false,"_monsterinsights_sitenote_note":"","_monsterinsights_sitenote_category":0,"footnotes":""},"categories":[7],"tags":[],"class_list":["post-4080","post","type-post","status-publish","format-standard","has-post-thumbnail","hentry","category-todas-as-noticias","entry","has-media"],"yoast_head":"<!-- This site is optimized with the Yoast SEO plugin v27.3 - https:\/\/yoast.com\/product\/yoast-seo-wordpress\/ -->\n<title>Relat\u00f3rio Final sobre as obras da Copa no Paran\u00e1 ser\u00e1 apreciado pelo TCE-PR - Minist\u00e9rio P\u00fablico de Contas do Estado do Paran\u00e1<\/title>\n<meta name=\"robots\" content=\"index, follow, max-snippet:-1, max-image-preview:large, max-video-preview:-1\" \/>\n<link rel=\"canonical\" href=\"https:\/\/www.mpc.pr.gov.br\/index.php\/relatorio-final-sobre-as-obras-da-copa-no-parana-sera-apreciado-pelo-tce-pr\/\" \/>\n<meta property=\"og:locale\" content=\"pt_BR\" \/>\n<meta property=\"og:type\" content=\"article\" \/>\n<meta property=\"og:title\" content=\"Relat\u00f3rio Final sobre as obras da Copa no Paran\u00e1 ser\u00e1 apreciado pelo TCE-PR - Minist\u00e9rio P\u00fablico de Contas do Estado do Paran\u00e1\" \/>\n<meta property=\"og:description\" content=\"&nbsp; O Relat\u00f3rio Final das obras da Copa de 2014 (prot. n.\u00ba 88804-5\/15) foi encaminhado pelo MPC-PR, no in\u00edcio de fevereiro, ao gabinete do Conselheiro do TCE respons\u00e1vel por apresentar voto acerca dos levantamentos. O processo est\u00e1 instru\u00eddo com o Of\u00edcio DIFOP n\u00ba 64, de 09.11.2015, e o Relat\u00f3rio de n\u00ba 15, emitido em 30 [&hellip;]\" \/>\n<meta property=\"og:url\" content=\"https:\/\/www.mpc.pr.gov.br\/index.php\/relatorio-final-sobre-as-obras-da-copa-no-parana-sera-apreciado-pelo-tce-pr\/\" \/>\n<meta property=\"og:site_name\" content=\"Minist\u00e9rio P\u00fablico de Contas do Estado do Paran\u00e1\" \/>\n<meta property=\"article:publisher\" content=\"https:\/\/www.facebook.com\/mpc.pr\" \/>\n<meta property=\"article:published_time\" content=\"2016-02-13T03:42:47+00:00\" \/>\n<meta name=\"author\" content=\"michael.reiner\" \/>\n<meta name=\"twitter:card\" content=\"summary_large_image\" \/>\n<meta name=\"twitter:label1\" content=\"Escrito por\" \/>\n\t<meta name=\"twitter:data1\" content=\"michael.reiner\" \/>\n\t<meta name=\"twitter:label2\" content=\"Est. tempo de leitura\" \/>\n\t<meta name=\"twitter:data2\" content=\"18 minutos\" \/>\n<script type=\"application\/ld+json\" class=\"yoast-schema-graph\">{\"@context\":\"https:\\\/\\\/schema.org\",\"@graph\":[{\"@type\":\"Article\",\"@id\":\"https:\\\/\\\/www.mpc.pr.gov.br\\\/index.php\\\/relatorio-final-sobre-as-obras-da-copa-no-parana-sera-apreciado-pelo-tce-pr\\\/#article\",\"isPartOf\":{\"@id\":\"https:\\\/\\\/www.mpc.pr.gov.br\\\/index.php\\\/relatorio-final-sobre-as-obras-da-copa-no-parana-sera-apreciado-pelo-tce-pr\\\/\"},\"author\":{\"name\":\"michael.reiner\",\"@id\":\"https:\\\/\\\/www.mpc.pr.gov.br\\\/#\\\/schema\\\/person\\\/e6db2baa689b9b3b9e704ac0d26f7d3e\"},\"headline\":\"Relat\u00f3rio Final sobre as obras da Copa no Paran\u00e1 ser\u00e1 apreciado pelo TCE-PR\",\"datePublished\":\"2016-02-13T03:42:47+00:00\",\"mainEntityOfPage\":{\"@id\":\"https:\\\/\\\/www.mpc.pr.gov.br\\\/index.php\\\/relatorio-final-sobre-as-obras-da-copa-no-parana-sera-apreciado-pelo-tce-pr\\\/\"},\"wordCount\":3558,\"commentCount\":0,\"publisher\":{\"@id\":\"https:\\\/\\\/www.mpc.pr.gov.br\\\/#organization\"},\"image\":{\"@id\":\"https:\\\/\\\/www.mpc.pr.gov.br\\\/index.php\\\/relatorio-final-sobre-as-obras-da-copa-no-parana-sera-apreciado-pelo-tce-pr\\\/#primaryimage\"},\"thumbnailUrl\":\"\",\"articleSection\":[\"Todas as not\u00edcias\"],\"inLanguage\":\"pt-BR\",\"potentialAction\":[{\"@type\":\"CommentAction\",\"name\":\"Comment\",\"target\":[\"https:\\\/\\\/www.mpc.pr.gov.br\\\/index.php\\\/relatorio-final-sobre-as-obras-da-copa-no-parana-sera-apreciado-pelo-tce-pr\\\/#respond\"]}]},{\"@type\":\"WebPage\",\"@id\":\"https:\\\/\\\/www.mpc.pr.gov.br\\\/index.php\\\/relatorio-final-sobre-as-obras-da-copa-no-parana-sera-apreciado-pelo-tce-pr\\\/\",\"url\":\"https:\\\/\\\/www.mpc.pr.gov.br\\\/index.php\\\/relatorio-final-sobre-as-obras-da-copa-no-parana-sera-apreciado-pelo-tce-pr\\\/\",\"name\":\"Relat\u00f3rio Final sobre as obras da Copa no Paran\u00e1 ser\u00e1 apreciado pelo TCE-PR - Minist\u00e9rio P\u00fablico de Contas do Estado do Paran\u00e1\",\"isPartOf\":{\"@id\":\"https:\\\/\\\/www.mpc.pr.gov.br\\\/#website\"},\"primaryImageOfPage\":{\"@id\":\"https:\\\/\\\/www.mpc.pr.gov.br\\\/index.php\\\/relatorio-final-sobre-as-obras-da-copa-no-parana-sera-apreciado-pelo-tce-pr\\\/#primaryimage\"},\"image\":{\"@id\":\"https:\\\/\\\/www.mpc.pr.gov.br\\\/index.php\\\/relatorio-final-sobre-as-obras-da-copa-no-parana-sera-apreciado-pelo-tce-pr\\\/#primaryimage\"},\"thumbnailUrl\":\"\",\"datePublished\":\"2016-02-13T03:42:47+00:00\",\"breadcrumb\":{\"@id\":\"https:\\\/\\\/www.mpc.pr.gov.br\\\/index.php\\\/relatorio-final-sobre-as-obras-da-copa-no-parana-sera-apreciado-pelo-tce-pr\\\/#breadcrumb\"},\"inLanguage\":\"pt-BR\",\"potentialAction\":[{\"@type\":\"ReadAction\",\"target\":[\"https:\\\/\\\/www.mpc.pr.gov.br\\\/index.php\\\/relatorio-final-sobre-as-obras-da-copa-no-parana-sera-apreciado-pelo-tce-pr\\\/\"]}]},{\"@type\":\"ImageObject\",\"inLanguage\":\"pt-BR\",\"@id\":\"https:\\\/\\\/www.mpc.pr.gov.br\\\/index.php\\\/relatorio-final-sobre-as-obras-da-copa-no-parana-sera-apreciado-pelo-tce-pr\\\/#primaryimage\",\"url\":\"\",\"contentUrl\":\"\"},{\"@type\":\"BreadcrumbList\",\"@id\":\"https:\\\/\\\/www.mpc.pr.gov.br\\\/index.php\\\/relatorio-final-sobre-as-obras-da-copa-no-parana-sera-apreciado-pelo-tce-pr\\\/#breadcrumb\",\"itemListElement\":[{\"@type\":\"ListItem\",\"position\":1,\"name\":\"In\u00edcio\",\"item\":\"https:\\\/\\\/www.mpc.pr.gov.br\\\/\"},{\"@type\":\"ListItem\",\"position\":2,\"name\":\"Relat\u00f3rio Final sobre as obras da Copa no Paran\u00e1 ser\u00e1 apreciado pelo TCE-PR\"}]},{\"@type\":\"WebSite\",\"@id\":\"https:\\\/\\\/www.mpc.pr.gov.br\\\/#website\",\"url\":\"https:\\\/\\\/www.mpc.pr.gov.br\\\/\",\"name\":\"Minist\u00e9rio P\u00fablico de Contas do Estado do Paran\u00e1\",\"description\":\"\",\"publisher\":{\"@id\":\"https:\\\/\\\/www.mpc.pr.gov.br\\\/#organization\"},\"potentialAction\":[{\"@type\":\"SearchAction\",\"target\":{\"@type\":\"EntryPoint\",\"urlTemplate\":\"https:\\\/\\\/www.mpc.pr.gov.br\\\/?s={search_term_string}\"},\"query-input\":{\"@type\":\"PropertyValueSpecification\",\"valueRequired\":true,\"valueName\":\"search_term_string\"}}],\"inLanguage\":\"pt-BR\"},{\"@type\":\"Organization\",\"@id\":\"https:\\\/\\\/www.mpc.pr.gov.br\\\/#organization\",\"name\":\"Minist\u00e9rio P\u00fablico de Contas do Estado do Paran\u00e1\",\"url\":\"https:\\\/\\\/www.mpc.pr.gov.br\\\/\",\"logo\":{\"@type\":\"ImageObject\",\"inLanguage\":\"pt-BR\",\"@id\":\"https:\\\/\\\/www.mpc.pr.gov.br\\\/#\\\/schema\\\/logo\\\/image\\\/\",\"url\":\"https:\\\/\\\/www.mpc.pr.gov.br\\\/wp-content\\\/uploads\\\/2020\\\/06\\\/99423647_1593460364143890_6706793420720963584_n-1-e1591387983167.png\",\"contentUrl\":\"https:\\\/\\\/www.mpc.pr.gov.br\\\/wp-content\\\/uploads\\\/2020\\\/06\\\/99423647_1593460364143890_6706793420720963584_n-1-e1591387983167.png\",\"width\":243,\"height\":73,\"caption\":\"Minist\u00e9rio P\u00fablico de Contas do Estado do Paran\u00e1\"},\"image\":{\"@id\":\"https:\\\/\\\/www.mpc.pr.gov.br\\\/#\\\/schema\\\/logo\\\/image\\\/\"},\"sameAs\":[\"https:\\\/\\\/www.facebook.com\\\/mpc.pr\",\"https:\\\/\\\/www.instagram.com\\\/mpc.pr\\\/?hl=pt-br\",\"https:\\\/\\\/www.youtube.com\\\/channel\\\/UCHri5oEM8DV0ztX57E0sBSw\"]},{\"@type\":\"Person\",\"@id\":\"https:\\\/\\\/www.mpc.pr.gov.br\\\/#\\\/schema\\\/person\\\/e6db2baa689b9b3b9e704ac0d26f7d3e\",\"name\":\"michael.reiner\",\"image\":{\"@type\":\"ImageObject\",\"inLanguage\":\"pt-BR\",\"@id\":\"https:\\\/\\\/secure.gravatar.com\\\/avatar\\\/?s=96&d=mm&r=g\",\"url\":\"https:\\\/\\\/secure.gravatar.com\\\/avatar\\\/?s=96&d=mm&r=g\",\"contentUrl\":\"https:\\\/\\\/secure.gravatar.com\\\/avatar\\\/?s=96&d=mm&r=g\",\"caption\":\"michael.reiner\"}}]}<\/script>\n<!-- \/ Yoast SEO plugin. -->","yoast_head_json":{"title":"Relat\u00f3rio Final sobre as obras da Copa no Paran\u00e1 ser\u00e1 apreciado pelo TCE-PR - Minist\u00e9rio P\u00fablico de Contas do Estado do Paran\u00e1","robots":{"index":"index","follow":"follow","max-snippet":"max-snippet:-1","max-image-preview":"max-image-preview:large","max-video-preview":"max-video-preview:-1"},"canonical":"https:\/\/www.mpc.pr.gov.br\/index.php\/relatorio-final-sobre-as-obras-da-copa-no-parana-sera-apreciado-pelo-tce-pr\/","og_locale":"pt_BR","og_type":"article","og_title":"Relat\u00f3rio Final sobre as obras da Copa no Paran\u00e1 ser\u00e1 apreciado pelo TCE-PR - Minist\u00e9rio P\u00fablico de Contas do Estado do Paran\u00e1","og_description":"&nbsp; O Relat\u00f3rio Final das obras da Copa de 2014 (prot. n.\u00ba 88804-5\/15) foi encaminhado pelo MPC-PR, no in\u00edcio de fevereiro, ao gabinete do Conselheiro do TCE respons\u00e1vel por apresentar voto acerca dos levantamentos. O processo est\u00e1 instru\u00eddo com o Of\u00edcio DIFOP n\u00ba 64, de 09.11.2015, e o Relat\u00f3rio de n\u00ba 15, emitido em 30 [&hellip;]","og_url":"https:\/\/www.mpc.pr.gov.br\/index.php\/relatorio-final-sobre-as-obras-da-copa-no-parana-sera-apreciado-pelo-tce-pr\/","og_site_name":"Minist\u00e9rio P\u00fablico de Contas do Estado do Paran\u00e1","article_publisher":"https:\/\/www.facebook.com\/mpc.pr","article_published_time":"2016-02-13T03:42:47+00:00","author":"michael.reiner","twitter_card":"summary_large_image","twitter_misc":{"Escrito por":"michael.reiner","Est. tempo de leitura":"18 minutos"},"schema":{"@context":"https:\/\/schema.org","@graph":[{"@type":"Article","@id":"https:\/\/www.mpc.pr.gov.br\/index.php\/relatorio-final-sobre-as-obras-da-copa-no-parana-sera-apreciado-pelo-tce-pr\/#article","isPartOf":{"@id":"https:\/\/www.mpc.pr.gov.br\/index.php\/relatorio-final-sobre-as-obras-da-copa-no-parana-sera-apreciado-pelo-tce-pr\/"},"author":{"name":"michael.reiner","@id":"https:\/\/www.mpc.pr.gov.br\/#\/schema\/person\/e6db2baa689b9b3b9e704ac0d26f7d3e"},"headline":"Relat\u00f3rio Final sobre as obras da Copa no Paran\u00e1 ser\u00e1 apreciado pelo TCE-PR","datePublished":"2016-02-13T03:42:47+00:00","mainEntityOfPage":{"@id":"https:\/\/www.mpc.pr.gov.br\/index.php\/relatorio-final-sobre-as-obras-da-copa-no-parana-sera-apreciado-pelo-tce-pr\/"},"wordCount":3558,"commentCount":0,"publisher":{"@id":"https:\/\/www.mpc.pr.gov.br\/#organization"},"image":{"@id":"https:\/\/www.mpc.pr.gov.br\/index.php\/relatorio-final-sobre-as-obras-da-copa-no-parana-sera-apreciado-pelo-tce-pr\/#primaryimage"},"thumbnailUrl":"","articleSection":["Todas as not\u00edcias"],"inLanguage":"pt-BR","potentialAction":[{"@type":"CommentAction","name":"Comment","target":["https:\/\/www.mpc.pr.gov.br\/index.php\/relatorio-final-sobre-as-obras-da-copa-no-parana-sera-apreciado-pelo-tce-pr\/#respond"]}]},{"@type":"WebPage","@id":"https:\/\/www.mpc.pr.gov.br\/index.php\/relatorio-final-sobre-as-obras-da-copa-no-parana-sera-apreciado-pelo-tce-pr\/","url":"https:\/\/www.mpc.pr.gov.br\/index.php\/relatorio-final-sobre-as-obras-da-copa-no-parana-sera-apreciado-pelo-tce-pr\/","name":"Relat\u00f3rio Final sobre as obras da Copa no Paran\u00e1 ser\u00e1 apreciado pelo TCE-PR - Minist\u00e9rio P\u00fablico de Contas do Estado do Paran\u00e1","isPartOf":{"@id":"https:\/\/www.mpc.pr.gov.br\/#website"},"primaryImageOfPage":{"@id":"https:\/\/www.mpc.pr.gov.br\/index.php\/relatorio-final-sobre-as-obras-da-copa-no-parana-sera-apreciado-pelo-tce-pr\/#primaryimage"},"image":{"@id":"https:\/\/www.mpc.pr.gov.br\/index.php\/relatorio-final-sobre-as-obras-da-copa-no-parana-sera-apreciado-pelo-tce-pr\/#primaryimage"},"thumbnailUrl":"","datePublished":"2016-02-13T03:42:47+00:00","breadcrumb":{"@id":"https:\/\/www.mpc.pr.gov.br\/index.php\/relatorio-final-sobre-as-obras-da-copa-no-parana-sera-apreciado-pelo-tce-pr\/#breadcrumb"},"inLanguage":"pt-BR","potentialAction":[{"@type":"ReadAction","target":["https:\/\/www.mpc.pr.gov.br\/index.php\/relatorio-final-sobre-as-obras-da-copa-no-parana-sera-apreciado-pelo-tce-pr\/"]}]},{"@type":"ImageObject","inLanguage":"pt-BR","@id":"https:\/\/www.mpc.pr.gov.br\/index.php\/relatorio-final-sobre-as-obras-da-copa-no-parana-sera-apreciado-pelo-tce-pr\/#primaryimage","url":"","contentUrl":""},{"@type":"BreadcrumbList","@id":"https:\/\/www.mpc.pr.gov.br\/index.php\/relatorio-final-sobre-as-obras-da-copa-no-parana-sera-apreciado-pelo-tce-pr\/#breadcrumb","itemListElement":[{"@type":"ListItem","position":1,"name":"In\u00edcio","item":"https:\/\/www.mpc.pr.gov.br\/"},{"@type":"ListItem","position":2,"name":"Relat\u00f3rio Final sobre as obras da Copa no Paran\u00e1 ser\u00e1 apreciado pelo TCE-PR"}]},{"@type":"WebSite","@id":"https:\/\/www.mpc.pr.gov.br\/#website","url":"https:\/\/www.mpc.pr.gov.br\/","name":"Minist\u00e9rio P\u00fablico de Contas do Estado do Paran\u00e1","description":"","publisher":{"@id":"https:\/\/www.mpc.pr.gov.br\/#organization"},"potentialAction":[{"@type":"SearchAction","target":{"@type":"EntryPoint","urlTemplate":"https:\/\/www.mpc.pr.gov.br\/?s={search_term_string}"},"query-input":{"@type":"PropertyValueSpecification","valueRequired":true,"valueName":"search_term_string"}}],"inLanguage":"pt-BR"},{"@type":"Organization","@id":"https:\/\/www.mpc.pr.gov.br\/#organization","name":"Minist\u00e9rio P\u00fablico de Contas do Estado do Paran\u00e1","url":"https:\/\/www.mpc.pr.gov.br\/","logo":{"@type":"ImageObject","inLanguage":"pt-BR","@id":"https:\/\/www.mpc.pr.gov.br\/#\/schema\/logo\/image\/","url":"https:\/\/www.mpc.pr.gov.br\/wp-content\/uploads\/2020\/06\/99423647_1593460364143890_6706793420720963584_n-1-e1591387983167.png","contentUrl":"https:\/\/www.mpc.pr.gov.br\/wp-content\/uploads\/2020\/06\/99423647_1593460364143890_6706793420720963584_n-1-e1591387983167.png","width":243,"height":73,"caption":"Minist\u00e9rio P\u00fablico de Contas do Estado do Paran\u00e1"},"image":{"@id":"https:\/\/www.mpc.pr.gov.br\/#\/schema\/logo\/image\/"},"sameAs":["https:\/\/www.facebook.com\/mpc.pr","https:\/\/www.instagram.com\/mpc.pr\/?hl=pt-br","https:\/\/www.youtube.com\/channel\/UCHri5oEM8DV0ztX57E0sBSw"]},{"@type":"Person","@id":"https:\/\/www.mpc.pr.gov.br\/#\/schema\/person\/e6db2baa689b9b3b9e704ac0d26f7d3e","name":"michael.reiner","image":{"@type":"ImageObject","inLanguage":"pt-BR","@id":"https:\/\/secure.gravatar.com\/avatar\/?s=96&d=mm&r=g","url":"https:\/\/secure.gravatar.com\/avatar\/?s=96&d=mm&r=g","contentUrl":"https:\/\/secure.gravatar.com\/avatar\/?s=96&d=mm&r=g","caption":"michael.reiner"}}]}},"rttpg_featured_image_url":null,"rttpg_author":{"display_name":"michael.reiner","author_link":"https:\/\/www.mpc.pr.gov.br\/index.php\/author\/michael-reiner\/"},"rttpg_comment":0,"rttpg_category":"<a href=\"https:\/\/www.mpc.pr.gov.br\/index.php\/category\/todas-as-noticias\/\" rel=\"category tag\">Todas as not\u00edcias<\/a>","rttpg_excerpt":"&nbsp; O Relat\u00f3rio Final das obras da Copa de 2014 (prot. n.\u00ba 88804-5\/15) foi encaminhado pelo MPC-PR, no in\u00edcio de fevereiro, ao gabinete do Conselheiro do TCE respons\u00e1vel por apresentar voto acerca dos levantamentos. O processo est\u00e1 instru\u00eddo com o Of\u00edcio DIFOP n\u00ba 64, de 09.11.2015, e o Relat\u00f3rio de n\u00ba 15, emitido em 30&hellip;","_links":{"self":[{"href":"https:\/\/www.mpc.pr.gov.br\/index.php\/wp-json\/wp\/v2\/posts\/4080","targetHints":{"allow":["GET"]}}],"collection":[{"href":"https:\/\/www.mpc.pr.gov.br\/index.php\/wp-json\/wp\/v2\/posts"}],"about":[{"href":"https:\/\/www.mpc.pr.gov.br\/index.php\/wp-json\/wp\/v2\/types\/post"}],"author":[{"embeddable":true,"href":"https:\/\/www.mpc.pr.gov.br\/index.php\/wp-json\/wp\/v2\/users\/3"}],"replies":[{"embeddable":true,"href":"https:\/\/www.mpc.pr.gov.br\/index.php\/wp-json\/wp\/v2\/comments?post=4080"}],"version-history":[{"count":0,"href":"https:\/\/www.mpc.pr.gov.br\/index.php\/wp-json\/wp\/v2\/posts\/4080\/revisions"}],"wp:featuredmedia":[{"embeddable":true,"href":"https:\/\/www.mpc.pr.gov.br\/index.php\/wp-json\/"}],"wp:attachment":[{"href":"https:\/\/www.mpc.pr.gov.br\/index.php\/wp-json\/wp\/v2\/media?parent=4080"}],"wp:term":[{"taxonomy":"category","embeddable":true,"href":"https:\/\/www.mpc.pr.gov.br\/index.php\/wp-json\/wp\/v2\/categories?post=4080"},{"taxonomy":"post_tag","embeddable":true,"href":"https:\/\/www.mpc.pr.gov.br\/index.php\/wp-json\/wp\/v2\/tags?post=4080"}],"curies":[{"name":"wp","href":"https:\/\/api.w.org\/{rel}","templated":true}]}}