{"id":4149,"date":"2016-04-14T12:58:23","date_gmt":"2016-04-14T12:58:23","guid":{"rendered":"http:\/\/www.mpc.pr.gov.br\/?p=4149"},"modified":"2016-04-14T12:58:23","modified_gmt":"2016-04-14T12:58:23","slug":"realizada-2a-reuniao-da-comissao-para-o-planejamneto-estrategico","status":"publish","type":"post","link":"https:\/\/www.mpc.pr.gov.br\/index.php\/realizada-2a-reuniao-da-comissao-para-o-planejamneto-estrategico\/","title":{"rendered":"Realizada 2\u00aa reuni\u00e3o da Comiss\u00e3o para o Planejamento Estrat\u00e9gico"},"content":{"rendered":"<p>Institu\u00edda pelo Ato de Designa\u00e7\u00e3o 46\/2016 MPC, o Grupo de Trabalho para o Planejamento Estrat\u00e9gico do Minist\u00e9rio P\u00fablico de Contas do Paran\u00e1 se reuniu na quarta-feira, 13 de abril de 2016, na parte da manh\u00e3, na sala do Procurador Geral. Estava em pauta a metodologia para a 1\u00aa etapa da elabora\u00e7\u00e3o do planejamento estrat\u00e9gico institucional, conhecida como &#8220;An\u00e1lise Ambiental&#8221;. Esta epata, tamb\u00e9m chamada &#8220;An\u00e1lise SWOT&#8221; (sigla em ingl\u00eas, que quer dizer &#8220;for\u00e7as&#8221;, &#8220;debilidades&#8221;, &#8220;oportunidades&#8221; e &#8220;amea\u00e7as&#8221;), consiste em analisar as circunst\u00e2ncias que interferem no ambiente institucional, tanto positiva quanto negativamente. A an\u00e1lise permite que a Institui\u00e7\u00e3o conhe\u00e7a seus pontos fortes, pontos fracos, amea\u00e7as e oportunidades, informa\u00e7\u00f5es essenciais para a elabora\u00e7\u00e3o do Planejamento Estrat\u00e9gico.\u00a0De acordo com Felipe Kafrouni, membro do Grupo de Trabalho, a an\u00e1lise do ambiente \u00e9 uma das etapas mais importantes do planejamento estrat\u00e9gico, pois a an\u00e1lise dos pontos positivos e negativos do ambiente institucional nos permite conhecer qual a estrat\u00e9gia a ser adotada, se ser\u00e1 estrat\u00e9gia de sobreviv\u00eancia, de defesa, de crescimento ou desenvolvimento.<\/p>\n<p style=\"text-align: center;\"><img fetchpriority=\"high\" decoding=\"async\" class=\"aligncenter\" alt=\"\" src=\"http:\/\/www.mpc.pr.gov.br\/wp-content\/uploads\/2016\/04\/IMG-20160414-WA0000.jpg\" width=\"759\" height=\"569\" \/><\/p>\n<p>Estiveram presentes a coordenadora do Grupo de Trabalho Doutora\u00a0Katia Regina Puchaski,\u00a0o Procurador Geral Doutor Fl\u00e1vio de Azambuja Berti, assim como os membros da equipe Felipe Kafrouni, Paulo Roberto Marques Fernandes,\u00a0Renata Brindaroli Zelinski e\u00a0Sirlei Volpato de Oliveira.\u00a0Ficou definido que a pr\u00f3xima reuni\u00e3o deve acontecer dia 27 de abril, quando ser\u00e3o discutidos os aspectos positivos e negativos do ambiente interno, relacionados aos recursos, capacidades e desempenho do MPC, al\u00e9m da elabora\u00e7\u00e3o do mapa dos <em>stakeholders<\/em> (partes interessadas) da atua\u00e7\u00e3o institucional.<\/p>\n","protected":false},"excerpt":{"rendered":"<p>Institu\u00edda pelo Ato de Designa\u00e7\u00e3o 46\/2016 MPC, o Grupo de Trabalho para o Planejamento Estrat\u00e9gico do Minist\u00e9rio P\u00fablico de Contas do Paran\u00e1 se reuniu na quarta-feira, 13 de abril de 2016, na parte da manh\u00e3, na sala do Procurador Geral. Estava em pauta a metodologia para a 1\u00aa etapa da elabora\u00e7\u00e3o do planejamento estrat\u00e9gico institucional, [&hellip;]<\/p>\n","protected":false},"author":2,"featured_media":4153,"comment_status":"open","ping_status":"open","sticky":false,"template":"","format":"standard","meta":{"_monsterinsights_skip_tracking":false,"_monsterinsights_sitenote_active":false,"_monsterinsights_sitenote_note":"","_monsterinsights_sitenote_category":0,"footnotes":""},"categories":[7],"tags":[],"class_list":["post-4149","post","type-post","status-publish","format-standard","has-post-thumbnail","hentry","category-todas-as-noticias","entry","has-media"],"yoast_head":"<!-- This site is optimized with the Yoast SEO plugin v27.3 - https:\/\/yoast.com\/product\/yoast-seo-wordpress\/ -->\n<title>Realizada 2\u00aa reuni\u00e3o da Comiss\u00e3o para o Planejamento Estrat\u00e9gico - Minist\u00e9rio P\u00fablico de Contas do Estado do Paran\u00e1<\/title>\n<meta name=\"robots\" content=\"index, follow, max-snippet:-1, max-image-preview:large, max-video-preview:-1\" \/>\n<link rel=\"canonical\" href=\"https:\/\/www.mpc.pr.gov.br\/index.php\/realizada-2a-reuniao-da-comissao-para-o-planejamneto-estrategico\/\" \/>\n<meta property=\"og:locale\" content=\"pt_BR\" \/>\n<meta property=\"og:type\" content=\"article\" \/>\n<meta property=\"og:title\" content=\"Realizada 2\u00aa reuni\u00e3o da Comiss\u00e3o para o Planejamento Estrat\u00e9gico - Minist\u00e9rio P\u00fablico de Contas do Estado do Paran\u00e1\" \/>\n<meta property=\"og:description\" content=\"Institu\u00edda pelo Ato de Designa\u00e7\u00e3o 46\/2016 MPC, o Grupo de Trabalho para o Planejamento Estrat\u00e9gico do Minist\u00e9rio P\u00fablico de Contas do Paran\u00e1 se reuniu na quarta-feira, 13 de abril de 2016, na parte da manh\u00e3, na sala do Procurador Geral. Estava em pauta a metodologia para a 1\u00aa etapa da elabora\u00e7\u00e3o do planejamento estrat\u00e9gico institucional, [&hellip;]\" \/>\n<meta property=\"og:url\" content=\"https:\/\/www.mpc.pr.gov.br\/index.php\/realizada-2a-reuniao-da-comissao-para-o-planejamneto-estrategico\/\" \/>\n<meta property=\"og:site_name\" content=\"Minist\u00e9rio P\u00fablico de Contas do Estado do Paran\u00e1\" \/>\n<meta property=\"article:publisher\" content=\"https:\/\/www.facebook.com\/mpc.pr\" \/>\n<meta property=\"article:published_time\" content=\"2016-04-14T12:58:23+00:00\" \/>\n<meta name=\"author\" content=\"saulo.pivetta\" \/>\n<meta name=\"twitter:card\" content=\"summary_large_image\" \/>\n<meta name=\"twitter:label1\" content=\"Escrito por\" \/>\n\t<meta name=\"twitter:data1\" content=\"saulo.pivetta\" \/>\n\t<meta name=\"twitter:label2\" content=\"Est. tempo de leitura\" \/>\n\t<meta name=\"twitter:data2\" content=\"1 minuto\" \/>\n<script type=\"application\/ld+json\" class=\"yoast-schema-graph\">{\"@context\":\"https:\\\/\\\/schema.org\",\"@graph\":[{\"@type\":\"Article\",\"@id\":\"https:\\\/\\\/www.mpc.pr.gov.br\\\/index.php\\\/realizada-2a-reuniao-da-comissao-para-o-planejamneto-estrategico\\\/#article\",\"isPartOf\":{\"@id\":\"https:\\\/\\\/www.mpc.pr.gov.br\\\/index.php\\\/realizada-2a-reuniao-da-comissao-para-o-planejamneto-estrategico\\\/\"},\"author\":{\"name\":\"saulo.pivetta\",\"@id\":\"https:\\\/\\\/www.mpc.pr.gov.br\\\/#\\\/schema\\\/person\\\/9403b33fe345ff50fefc7930f6994ba1\"},\"headline\":\"Realizada 2\u00aa reuni\u00e3o da Comiss\u00e3o para o Planejamento Estrat\u00e9gico\",\"datePublished\":\"2016-04-14T12:58:23+00:00\",\"mainEntityOfPage\":{\"@id\":\"https:\\\/\\\/www.mpc.pr.gov.br\\\/index.php\\\/realizada-2a-reuniao-da-comissao-para-o-planejamneto-estrategico\\\/\"},\"wordCount\":289,\"commentCount\":0,\"publisher\":{\"@id\":\"https:\\\/\\\/www.mpc.pr.gov.br\\\/#organization\"},\"image\":{\"@id\":\"https:\\\/\\\/www.mpc.pr.gov.br\\\/index.php\\\/realizada-2a-reuniao-da-comissao-para-o-planejamneto-estrategico\\\/#primaryimage\"},\"thumbnailUrl\":\"\",\"articleSection\":[\"Todas as not\u00edcias\"],\"inLanguage\":\"pt-BR\",\"potentialAction\":[{\"@type\":\"CommentAction\",\"name\":\"Comment\",\"target\":[\"https:\\\/\\\/www.mpc.pr.gov.br\\\/index.php\\\/realizada-2a-reuniao-da-comissao-para-o-planejamneto-estrategico\\\/#respond\"]}]},{\"@type\":\"WebPage\",\"@id\":\"https:\\\/\\\/www.mpc.pr.gov.br\\\/index.php\\\/realizada-2a-reuniao-da-comissao-para-o-planejamneto-estrategico\\\/\",\"url\":\"https:\\\/\\\/www.mpc.pr.gov.br\\\/index.php\\\/realizada-2a-reuniao-da-comissao-para-o-planejamneto-estrategico\\\/\",\"name\":\"Realizada 2\u00aa reuni\u00e3o da Comiss\u00e3o para o Planejamento Estrat\u00e9gico - Minist\u00e9rio P\u00fablico de Contas do Estado do Paran\u00e1\",\"isPartOf\":{\"@id\":\"https:\\\/\\\/www.mpc.pr.gov.br\\\/#website\"},\"primaryImageOfPage\":{\"@id\":\"https:\\\/\\\/www.mpc.pr.gov.br\\\/index.php\\\/realizada-2a-reuniao-da-comissao-para-o-planejamneto-estrategico\\\/#primaryimage\"},\"image\":{\"@id\":\"https:\\\/\\\/www.mpc.pr.gov.br\\\/index.php\\\/realizada-2a-reuniao-da-comissao-para-o-planejamneto-estrategico\\\/#primaryimage\"},\"thumbnailUrl\":\"\",\"datePublished\":\"2016-04-14T12:58:23+00:00\",\"breadcrumb\":{\"@id\":\"https:\\\/\\\/www.mpc.pr.gov.br\\\/index.php\\\/realizada-2a-reuniao-da-comissao-para-o-planejamneto-estrategico\\\/#breadcrumb\"},\"inLanguage\":\"pt-BR\",\"potentialAction\":[{\"@type\":\"ReadAction\",\"target\":[\"https:\\\/\\\/www.mpc.pr.gov.br\\\/index.php\\\/realizada-2a-reuniao-da-comissao-para-o-planejamneto-estrategico\\\/\"]}]},{\"@type\":\"ImageObject\",\"inLanguage\":\"pt-BR\",\"@id\":\"https:\\\/\\\/www.mpc.pr.gov.br\\\/index.php\\\/realizada-2a-reuniao-da-comissao-para-o-planejamneto-estrategico\\\/#primaryimage\",\"url\":\"\",\"contentUrl\":\"\"},{\"@type\":\"BreadcrumbList\",\"@id\":\"https:\\\/\\\/www.mpc.pr.gov.br\\\/index.php\\\/realizada-2a-reuniao-da-comissao-para-o-planejamneto-estrategico\\\/#breadcrumb\",\"itemListElement\":[{\"@type\":\"ListItem\",\"position\":1,\"name\":\"In\u00edcio\",\"item\":\"https:\\\/\\\/www.mpc.pr.gov.br\\\/\"},{\"@type\":\"ListItem\",\"position\":2,\"name\":\"Realizada 2\u00aa reuni\u00e3o da Comiss\u00e3o para o Planejamento Estrat\u00e9gico\"}]},{\"@type\":\"WebSite\",\"@id\":\"https:\\\/\\\/www.mpc.pr.gov.br\\\/#website\",\"url\":\"https:\\\/\\\/www.mpc.pr.gov.br\\\/\",\"name\":\"Minist\u00e9rio P\u00fablico de Contas do Estado do Paran\u00e1\",\"description\":\"\",\"publisher\":{\"@id\":\"https:\\\/\\\/www.mpc.pr.gov.br\\\/#organization\"},\"potentialAction\":[{\"@type\":\"SearchAction\",\"target\":{\"@type\":\"EntryPoint\",\"urlTemplate\":\"https:\\\/\\\/www.mpc.pr.gov.br\\\/?s={search_term_string}\"},\"query-input\":{\"@type\":\"PropertyValueSpecification\",\"valueRequired\":true,\"valueName\":\"search_term_string\"}}],\"inLanguage\":\"pt-BR\"},{\"@type\":\"Organization\",\"@id\":\"https:\\\/\\\/www.mpc.pr.gov.br\\\/#organization\",\"name\":\"Minist\u00e9rio P\u00fablico de Contas do Estado do Paran\u00e1\",\"url\":\"https:\\\/\\\/www.mpc.pr.gov.br\\\/\",\"logo\":{\"@type\":\"ImageObject\",\"inLanguage\":\"pt-BR\",\"@id\":\"https:\\\/\\\/www.mpc.pr.gov.br\\\/#\\\/schema\\\/logo\\\/image\\\/\",\"url\":\"https:\\\/\\\/www.mpc.pr.gov.br\\\/wp-content\\\/uploads\\\/2020\\\/06\\\/99423647_1593460364143890_6706793420720963584_n-1-e1591387983167.png\",\"contentUrl\":\"https:\\\/\\\/www.mpc.pr.gov.br\\\/wp-content\\\/uploads\\\/2020\\\/06\\\/99423647_1593460364143890_6706793420720963584_n-1-e1591387983167.png\",\"width\":243,\"height\":73,\"caption\":\"Minist\u00e9rio P\u00fablico de Contas do Estado do Paran\u00e1\"},\"image\":{\"@id\":\"https:\\\/\\\/www.mpc.pr.gov.br\\\/#\\\/schema\\\/logo\\\/image\\\/\"},\"sameAs\":[\"https:\\\/\\\/www.facebook.com\\\/mpc.pr\",\"https:\\\/\\\/www.instagram.com\\\/mpc.pr\\\/?hl=pt-br\",\"https:\\\/\\\/www.youtube.com\\\/channel\\\/UCHri5oEM8DV0ztX57E0sBSw\"]},{\"@type\":\"Person\",\"@id\":\"https:\\\/\\\/www.mpc.pr.gov.br\\\/#\\\/schema\\\/person\\\/9403b33fe345ff50fefc7930f6994ba1\",\"name\":\"saulo.pivetta\",\"image\":{\"@type\":\"ImageObject\",\"inLanguage\":\"pt-BR\",\"@id\":\"https:\\\/\\\/secure.gravatar.com\\\/avatar\\\/?s=96&d=mm&r=g\",\"url\":\"https:\\\/\\\/secure.gravatar.com\\\/avatar\\\/?s=96&d=mm&r=g\",\"contentUrl\":\"https:\\\/\\\/secure.gravatar.com\\\/avatar\\\/?s=96&d=mm&r=g\",\"caption\":\"saulo.pivetta\"}}]}<\/script>\n<!-- \/ Yoast SEO plugin. -->","yoast_head_json":{"title":"Realizada 2\u00aa reuni\u00e3o da Comiss\u00e3o para o Planejamento Estrat\u00e9gico - Minist\u00e9rio P\u00fablico de Contas do Estado do Paran\u00e1","robots":{"index":"index","follow":"follow","max-snippet":"max-snippet:-1","max-image-preview":"max-image-preview:large","max-video-preview":"max-video-preview:-1"},"canonical":"https:\/\/www.mpc.pr.gov.br\/index.php\/realizada-2a-reuniao-da-comissao-para-o-planejamneto-estrategico\/","og_locale":"pt_BR","og_type":"article","og_title":"Realizada 2\u00aa reuni\u00e3o da Comiss\u00e3o para o Planejamento Estrat\u00e9gico - Minist\u00e9rio P\u00fablico de Contas do Estado do Paran\u00e1","og_description":"Institu\u00edda pelo Ato de Designa\u00e7\u00e3o 46\/2016 MPC, o Grupo de Trabalho para o Planejamento Estrat\u00e9gico do Minist\u00e9rio P\u00fablico de Contas do Paran\u00e1 se reuniu na quarta-feira, 13 de abril de 2016, na parte da manh\u00e3, na sala do Procurador Geral. Estava em pauta a metodologia para a 1\u00aa etapa da elabora\u00e7\u00e3o do planejamento estrat\u00e9gico institucional, [&hellip;]","og_url":"https:\/\/www.mpc.pr.gov.br\/index.php\/realizada-2a-reuniao-da-comissao-para-o-planejamneto-estrategico\/","og_site_name":"Minist\u00e9rio P\u00fablico de Contas do Estado do Paran\u00e1","article_publisher":"https:\/\/www.facebook.com\/mpc.pr","article_published_time":"2016-04-14T12:58:23+00:00","author":"saulo.pivetta","twitter_card":"summary_large_image","twitter_misc":{"Escrito por":"saulo.pivetta","Est. tempo de leitura":"1 minuto"},"schema":{"@context":"https:\/\/schema.org","@graph":[{"@type":"Article","@id":"https:\/\/www.mpc.pr.gov.br\/index.php\/realizada-2a-reuniao-da-comissao-para-o-planejamneto-estrategico\/#article","isPartOf":{"@id":"https:\/\/www.mpc.pr.gov.br\/index.php\/realizada-2a-reuniao-da-comissao-para-o-planejamneto-estrategico\/"},"author":{"name":"saulo.pivetta","@id":"https:\/\/www.mpc.pr.gov.br\/#\/schema\/person\/9403b33fe345ff50fefc7930f6994ba1"},"headline":"Realizada 2\u00aa reuni\u00e3o da Comiss\u00e3o para o Planejamento Estrat\u00e9gico","datePublished":"2016-04-14T12:58:23+00:00","mainEntityOfPage":{"@id":"https:\/\/www.mpc.pr.gov.br\/index.php\/realizada-2a-reuniao-da-comissao-para-o-planejamneto-estrategico\/"},"wordCount":289,"commentCount":0,"publisher":{"@id":"https:\/\/www.mpc.pr.gov.br\/#organization"},"image":{"@id":"https:\/\/www.mpc.pr.gov.br\/index.php\/realizada-2a-reuniao-da-comissao-para-o-planejamneto-estrategico\/#primaryimage"},"thumbnailUrl":"","articleSection":["Todas as not\u00edcias"],"inLanguage":"pt-BR","potentialAction":[{"@type":"CommentAction","name":"Comment","target":["https:\/\/www.mpc.pr.gov.br\/index.php\/realizada-2a-reuniao-da-comissao-para-o-planejamneto-estrategico\/#respond"]}]},{"@type":"WebPage","@id":"https:\/\/www.mpc.pr.gov.br\/index.php\/realizada-2a-reuniao-da-comissao-para-o-planejamneto-estrategico\/","url":"https:\/\/www.mpc.pr.gov.br\/index.php\/realizada-2a-reuniao-da-comissao-para-o-planejamneto-estrategico\/","name":"Realizada 2\u00aa reuni\u00e3o da Comiss\u00e3o para o Planejamento Estrat\u00e9gico - Minist\u00e9rio P\u00fablico de Contas do Estado do Paran\u00e1","isPartOf":{"@id":"https:\/\/www.mpc.pr.gov.br\/#website"},"primaryImageOfPage":{"@id":"https:\/\/www.mpc.pr.gov.br\/index.php\/realizada-2a-reuniao-da-comissao-para-o-planejamneto-estrategico\/#primaryimage"},"image":{"@id":"https:\/\/www.mpc.pr.gov.br\/index.php\/realizada-2a-reuniao-da-comissao-para-o-planejamneto-estrategico\/#primaryimage"},"thumbnailUrl":"","datePublished":"2016-04-14T12:58:23+00:00","breadcrumb":{"@id":"https:\/\/www.mpc.pr.gov.br\/index.php\/realizada-2a-reuniao-da-comissao-para-o-planejamneto-estrategico\/#breadcrumb"},"inLanguage":"pt-BR","potentialAction":[{"@type":"ReadAction","target":["https:\/\/www.mpc.pr.gov.br\/index.php\/realizada-2a-reuniao-da-comissao-para-o-planejamneto-estrategico\/"]}]},{"@type":"ImageObject","inLanguage":"pt-BR","@id":"https:\/\/www.mpc.pr.gov.br\/index.php\/realizada-2a-reuniao-da-comissao-para-o-planejamneto-estrategico\/#primaryimage","url":"","contentUrl":""},{"@type":"BreadcrumbList","@id":"https:\/\/www.mpc.pr.gov.br\/index.php\/realizada-2a-reuniao-da-comissao-para-o-planejamneto-estrategico\/#breadcrumb","itemListElement":[{"@type":"ListItem","position":1,"name":"In\u00edcio","item":"https:\/\/www.mpc.pr.gov.br\/"},{"@type":"ListItem","position":2,"name":"Realizada 2\u00aa reuni\u00e3o da Comiss\u00e3o para o Planejamento Estrat\u00e9gico"}]},{"@type":"WebSite","@id":"https:\/\/www.mpc.pr.gov.br\/#website","url":"https:\/\/www.mpc.pr.gov.br\/","name":"Minist\u00e9rio P\u00fablico de Contas do Estado do Paran\u00e1","description":"","publisher":{"@id":"https:\/\/www.mpc.pr.gov.br\/#organization"},"potentialAction":[{"@type":"SearchAction","target":{"@type":"EntryPoint","urlTemplate":"https:\/\/www.mpc.pr.gov.br\/?s={search_term_string}"},"query-input":{"@type":"PropertyValueSpecification","valueRequired":true,"valueName":"search_term_string"}}],"inLanguage":"pt-BR"},{"@type":"Organization","@id":"https:\/\/www.mpc.pr.gov.br\/#organization","name":"Minist\u00e9rio P\u00fablico de Contas do Estado do Paran\u00e1","url":"https:\/\/www.mpc.pr.gov.br\/","logo":{"@type":"ImageObject","inLanguage":"pt-BR","@id":"https:\/\/www.mpc.pr.gov.br\/#\/schema\/logo\/image\/","url":"https:\/\/www.mpc.pr.gov.br\/wp-content\/uploads\/2020\/06\/99423647_1593460364143890_6706793420720963584_n-1-e1591387983167.png","contentUrl":"https:\/\/www.mpc.pr.gov.br\/wp-content\/uploads\/2020\/06\/99423647_1593460364143890_6706793420720963584_n-1-e1591387983167.png","width":243,"height":73,"caption":"Minist\u00e9rio P\u00fablico de Contas do Estado do Paran\u00e1"},"image":{"@id":"https:\/\/www.mpc.pr.gov.br\/#\/schema\/logo\/image\/"},"sameAs":["https:\/\/www.facebook.com\/mpc.pr","https:\/\/www.instagram.com\/mpc.pr\/?hl=pt-br","https:\/\/www.youtube.com\/channel\/UCHri5oEM8DV0ztX57E0sBSw"]},{"@type":"Person","@id":"https:\/\/www.mpc.pr.gov.br\/#\/schema\/person\/9403b33fe345ff50fefc7930f6994ba1","name":"saulo.pivetta","image":{"@type":"ImageObject","inLanguage":"pt-BR","@id":"https:\/\/secure.gravatar.com\/avatar\/?s=96&d=mm&r=g","url":"https:\/\/secure.gravatar.com\/avatar\/?s=96&d=mm&r=g","contentUrl":"https:\/\/secure.gravatar.com\/avatar\/?s=96&d=mm&r=g","caption":"saulo.pivetta"}}]}},"rttpg_featured_image_url":null,"rttpg_author":{"display_name":"saulo.pivetta","author_link":"https:\/\/www.mpc.pr.gov.br\/index.php\/author\/saulo-pivetta\/"},"rttpg_comment":0,"rttpg_category":"<a href=\"https:\/\/www.mpc.pr.gov.br\/index.php\/category\/todas-as-noticias\/\" rel=\"category tag\">Todas as not\u00edcias<\/a>","rttpg_excerpt":"Institu\u00edda pelo Ato de Designa\u00e7\u00e3o 46\/2016 MPC, o Grupo de Trabalho para o Planejamento Estrat\u00e9gico do Minist\u00e9rio P\u00fablico de Contas do Paran\u00e1 se reuniu na quarta-feira, 13 de abril de 2016, na parte da manh\u00e3, na sala do Procurador Geral. Estava em pauta a metodologia para a 1\u00aa etapa da elabora\u00e7\u00e3o do planejamento estrat\u00e9gico institucional,&hellip;","_links":{"self":[{"href":"https:\/\/www.mpc.pr.gov.br\/index.php\/wp-json\/wp\/v2\/posts\/4149","targetHints":{"allow":["GET"]}}],"collection":[{"href":"https:\/\/www.mpc.pr.gov.br\/index.php\/wp-json\/wp\/v2\/posts"}],"about":[{"href":"https:\/\/www.mpc.pr.gov.br\/index.php\/wp-json\/wp\/v2\/types\/post"}],"author":[{"embeddable":true,"href":"https:\/\/www.mpc.pr.gov.br\/index.php\/wp-json\/wp\/v2\/users\/2"}],"replies":[{"embeddable":true,"href":"https:\/\/www.mpc.pr.gov.br\/index.php\/wp-json\/wp\/v2\/comments?post=4149"}],"version-history":[{"count":0,"href":"https:\/\/www.mpc.pr.gov.br\/index.php\/wp-json\/wp\/v2\/posts\/4149\/revisions"}],"wp:featuredmedia":[{"embeddable":true,"href":"https:\/\/www.mpc.pr.gov.br\/index.php\/wp-json\/"}],"wp:attachment":[{"href":"https:\/\/www.mpc.pr.gov.br\/index.php\/wp-json\/wp\/v2\/media?parent=4149"}],"wp:term":[{"taxonomy":"category","embeddable":true,"href":"https:\/\/www.mpc.pr.gov.br\/index.php\/wp-json\/wp\/v2\/categories?post=4149"},{"taxonomy":"post_tag","embeddable":true,"href":"https:\/\/www.mpc.pr.gov.br\/index.php\/wp-json\/wp\/v2\/tags?post=4149"}],"curies":[{"name":"wp","href":"https:\/\/api.w.org\/{rel}","templated":true}]}}