{"id":4253,"date":"2016-06-30T15:14:29","date_gmt":"2016-06-30T15:14:29","guid":{"rendered":"http:\/\/www.mpc.pr.gov.br\/?p=4253"},"modified":"2016-06-30T15:14:29","modified_gmt":"2016-06-30T15:14:29","slug":"eu-luto-contra-a-cultura-da-corrupcao-curtiu-mude-de-perfil","status":"publish","type":"post","link":"https:\/\/www.mpc.pr.gov.br\/index.php\/eu-luto-contra-a-cultura-da-corrupcao-curtiu-mude-de-perfil\/","title":{"rendered":"Eu luto contra a cultura da corrup\u00e7\u00e3o &#8211; CURTIU? MUDE DE PERFIL!"},"content":{"rendered":"<p>Voc\u00ea, profissional, empres\u00e1rio, servidor p\u00fablico, empregado, jovem, adulto, idoso, homem, mulher, enfim, cidad\u00e3o de bem que n\u00e3o suporta mais a ordem de coisas em que o nosso pa\u00eds se afundou, PROTESTE adotando em seu perfil a afirma\u00e7\u00e3o de que voc\u00ea luta CONTRA A CULTURA DA CORRUP\u00c7\u00c3O.<\/p>\n<p>Estudo da Federa\u00e7\u00e3o das Ind\u00fastrias do Estado de S\u00e3o Paulo (Fiesp) apontou que aproximadamente 2,3% do Produto Interno Bruto (PIB) brasileiro \u2013 algo em torno de R$ 84,5 bilh\u00f5es anuais \u2013 s\u00e3o consumidos pela corrup\u00e7\u00e3o. A Controladoria-Geral da Uni\u00e3o (CGU) apurou que 25% dos recursos destinados pelo governo federal aos munic\u00edpios n\u00e3o chegam ao cidad\u00e3o, comprometendo a oferta e a qualidade dos servi\u00e7os p\u00fablicos.<\/p>\n<p>A Organiza\u00e7\u00e3o das Na\u00e7\u00f5es Unidades (ONU) considera esse problema um dos maiores obst\u00e1culos ao desenvolvimento econ\u00f4mico e social. Pelos c\u00e1lculos da entidade, US$ 1 trilh\u00e3o s\u00e3o pagos anualmente em suborno ao redor do mundo. O dinheiro desviado pela corrup\u00e7\u00e3o soma US$ 2,6 trilh\u00f5es anuais, mais de 5% do PIB mundial.<\/p>\n<p>Infelizmente a CULTURA DA CORRUP\u00c7\u00c3O est\u00e1 presente em todas as esferas de governo e em muitos atos da vida privada &#8211; pessoal e empresarial.<\/p>\n<p>A CONSCIENTIZA\u00c7\u00c3O \u00e9 um come\u00e7o!<\/p>\n<p>&#8220;<span style=\"text-decoration: underline;\">Eu luto contra a cultura da corrup\u00e7\u00e3o<\/span>&#8221; &#8211; <strong>CURTIU? MUDE DE PERFIL!<\/strong> <a href=\"http:\/\/twibbon.com\/support\/contra-cultura-da-corrup%C3%A7%C3%A3o\" target=\"_blank\" rel=\"noopener noreferrer\"><span style=\"text-decoration: underline;\"><strong>aqui<\/strong><\/span><\/a><\/p>\n<p>\u00c9 f\u00e1cil e r\u00e1pido!<\/p>\n<p>SUA IMAGEM DE PERFIL FICAR\u00c1 COM O PRIMEIRO PLANO NOS MOLDES DA SEGUNDA IMAGEM DO EXEMPLO:<\/p>\n<p><a href=\"http:\/\/twibbon.com\/support\/contra-cultura-da-corrup%C3%A7%C3%A3o\" target=\"_blank\" rel=\"noopener noreferrer\"><img decoding=\"async\" class=\"aligncenter  wp-image-4262\" style=\"width: 350px; height: 116px;\" alt=\"PERFIL CAMPA\" src=\"http:\/\/www.mpc.pr.gov.br\/wp-content\/uploads\/2016\/06\/PERFIL-CAMPA-300x96.jpg\" width=\"300\" height=\"96\" \/><\/a><\/p>\n<p style=\"text-align: center;\"><a href=\"http:\/\/twibbon.com\/support\/contra-cultura-da-corrup%C3%A7%C3%A3o\" target=\"_blank\" rel=\"noopener noreferrer\">\u00a0<\/a><a href=\"http:\/\/www.mpc.pr.gov.br\/wp-content\/uploads\/2016\/06\/CAMPANHA-LOGO.jpeg\"><img decoding=\"async\" class=\"aligncenter  wp-image-4266\" style=\"width: 446px; height: 179px;\" alt=\"CAMPANHA - LOGO\" src=\"http:\/\/www.mpc.pr.gov.br\/wp-content\/uploads\/2016\/06\/CAMPANHA-LOGO-300x110.jpeg\" width=\"300\" height=\"110\" \/><\/a><\/p>\n<p><a href=\"http:\/\/www.mpc.pr.gov.br\/wp-content\/uploads\/2016\/06\/Imagem-Perfil-MPC-PR-Luto-contra-a-Cultura-da-Corrup\u00e7\u00e3o-2.png\"><img decoding=\"async\" class=\"aligncenter size-medium wp-image-4252\" alt=\"Imagem Perfil MPC PR  - Luto contra a Cultura da Corrup\u00e7\u00e3o 2\" src=\"http:\/\/www.mpc.pr.gov.br\/wp-content\/uploads\/2016\/06\/Imagem-Perfil-MPC-PR-Luto-contra-a-Cultura-da-Corrup\u00e7\u00e3o-2.png\" width=\"1\" height=\"1\" \/><\/a><\/p>\n<p style=\"text-align: center;\"><a href=\"http:\/\/www.mpc.pr.gov.br\/wp-content\/uploads\/2016\/06\/Imagem-Perfil-MPC-PR-Luto-contra-a-Cultura-da-Corrup\u00e7\u00e3o-2.png\"><img decoding=\"async\" class=\"aligncenter size-medium wp-image-4252\" alt=\"Imagem Perfil MPC PR  - Luto contra a Cultura da Corrup\u00e7\u00e3o 2\" src=\"http:\/\/www.mpc.pr.gov.br\/wp-content\/uploads\/2016\/06\/Imagem-Perfil-MPC-PR-Luto-contra-a-Cultura-da-Corrup\u00e7\u00e3o-2.png\" width=\"1\" height=\"1\" \/><\/a><!--?xml:namespace prefix = \"o\" ns = \"urn:schemas-microsoft-com:office:office\" \/--><\/p>\n<p style=\"text-align: center;\"><a href=\"http:\/\/www.mpc.pr.gov.br\/wp-content\/uploads\/2016\/06\/Imagem-Perfil-MPC-PR-Luto-contra-a-Cultura-da-Corrup\u00e7\u00e3o-2.png\"><img decoding=\"async\" class=\"aligncenter size-medium wp-image-4252\" alt=\"Imagem Perfil MPC PR  - Luto contra a Cultura da Corrup\u00e7\u00e3o 2\" src=\"http:\/\/www.mpc.pr.gov.br\/wp-content\/uploads\/2016\/06\/Imagem-Perfil-MPC-PR-Luto-contra-a-Cultura-da-Corrup\u00e7\u00e3o-2.png\" width=\"1\" height=\"1\" \/><\/a><\/p>\n<p style=\"text-align: center;\"><a href=\"http:\/\/www.mpc.pr.gov.br\/wp-content\/uploads\/2016\/06\/Imagem-Perfil-MPC-PR-Luto-contra-a-Cultura-da-Corrup\u00e7\u00e3o-2.png\"><img decoding=\"async\" class=\"aligncenter size-medium wp-image-4252\" alt=\"Imagem Perfil MPC PR  - Luto contra a Cultura da Corrup\u00e7\u00e3o 2\" src=\"http:\/\/www.mpc.pr.gov.br\/wp-content\/uploads\/2016\/06\/Imagem-Perfil-MPC-PR-Luto-contra-a-Cultura-da-Corrup\u00e7\u00e3o-2.png\" width=\"1\" height=\"1\" \/><\/a><\/p>\n","protected":false},"excerpt":{"rendered":"<p>Voc\u00ea, profissional, empres\u00e1rio, servidor p\u00fablico, empregado, jovem, adulto, idoso, homem, mulher, enfim, cidad\u00e3o de bem que n\u00e3o suporta mais a ordem de coisas em que o nosso pa\u00eds se afundou, PROTESTE adotando em seu perfil a afirma\u00e7\u00e3o de que voc\u00ea luta CONTRA A CULTURA DA CORRUP\u00c7\u00c3O. Estudo da Federa\u00e7\u00e3o das Ind\u00fastrias do Estado de S\u00e3o [&hellip;]<\/p>\n","protected":false},"author":3,"featured_media":4273,"comment_status":"open","ping_status":"open","sticky":false,"template":"","format":"standard","meta":{"_monsterinsights_skip_tracking":false,"_monsterinsights_sitenote_active":false,"_monsterinsights_sitenote_note":"","_monsterinsights_sitenote_category":0,"footnotes":""},"categories":[7],"tags":[],"class_list":["post-4253","post","type-post","status-publish","format-standard","has-post-thumbnail","hentry","category-todas-as-noticias","entry","has-media"],"yoast_head":"<!-- This site is optimized with the Yoast SEO plugin v27.3 - https:\/\/yoast.com\/product\/yoast-seo-wordpress\/ -->\n<title>Eu luto contra a cultura da corrup\u00e7\u00e3o - CURTIU? MUDE DE PERFIL! - Minist\u00e9rio P\u00fablico de Contas do Estado do Paran\u00e1<\/title>\n<meta name=\"robots\" content=\"index, follow, max-snippet:-1, max-image-preview:large, max-video-preview:-1\" \/>\n<link rel=\"canonical\" href=\"https:\/\/www.mpc.pr.gov.br\/index.php\/eu-luto-contra-a-cultura-da-corrupcao-curtiu-mude-de-perfil\/\" \/>\n<meta property=\"og:locale\" content=\"pt_BR\" \/>\n<meta property=\"og:type\" content=\"article\" \/>\n<meta property=\"og:title\" content=\"Eu luto contra a cultura da corrup\u00e7\u00e3o - CURTIU? MUDE DE PERFIL! - Minist\u00e9rio P\u00fablico de Contas do Estado do Paran\u00e1\" \/>\n<meta property=\"og:description\" content=\"Voc\u00ea, profissional, empres\u00e1rio, servidor p\u00fablico, empregado, jovem, adulto, idoso, homem, mulher, enfim, cidad\u00e3o de bem que n\u00e3o suporta mais a ordem de coisas em que o nosso pa\u00eds se afundou, PROTESTE adotando em seu perfil a afirma\u00e7\u00e3o de que voc\u00ea luta CONTRA A CULTURA DA CORRUP\u00c7\u00c3O. Estudo da Federa\u00e7\u00e3o das Ind\u00fastrias do Estado de S\u00e3o [&hellip;]\" \/>\n<meta property=\"og:url\" content=\"https:\/\/www.mpc.pr.gov.br\/index.php\/eu-luto-contra-a-cultura-da-corrupcao-curtiu-mude-de-perfil\/\" \/>\n<meta property=\"og:site_name\" content=\"Minist\u00e9rio P\u00fablico de Contas do Estado do Paran\u00e1\" \/>\n<meta property=\"article:publisher\" content=\"https:\/\/www.facebook.com\/mpc.pr\" \/>\n<meta property=\"article:published_time\" content=\"2016-06-30T15:14:29+00:00\" \/>\n<meta name=\"author\" content=\"michael.reiner\" \/>\n<meta name=\"twitter:card\" content=\"summary_large_image\" \/>\n<meta name=\"twitter:label1\" content=\"Escrito por\" \/>\n\t<meta name=\"twitter:data1\" content=\"michael.reiner\" \/>\n\t<meta name=\"twitter:label2\" content=\"Est. tempo de leitura\" \/>\n\t<meta name=\"twitter:data2\" content=\"1 minuto\" \/>\n<script type=\"application\/ld+json\" class=\"yoast-schema-graph\">{\"@context\":\"https:\\\/\\\/schema.org\",\"@graph\":[{\"@type\":\"Article\",\"@id\":\"https:\\\/\\\/www.mpc.pr.gov.br\\\/index.php\\\/eu-luto-contra-a-cultura-da-corrupcao-curtiu-mude-de-perfil\\\/#article\",\"isPartOf\":{\"@id\":\"https:\\\/\\\/www.mpc.pr.gov.br\\\/index.php\\\/eu-luto-contra-a-cultura-da-corrupcao-curtiu-mude-de-perfil\\\/\"},\"author\":{\"name\":\"michael.reiner\",\"@id\":\"https:\\\/\\\/www.mpc.pr.gov.br\\\/#\\\/schema\\\/person\\\/e6db2baa689b9b3b9e704ac0d26f7d3e\"},\"headline\":\"Eu luto contra a cultura da corrup\u00e7\u00e3o &#8211; CURTIU? MUDE DE PERFIL!\",\"datePublished\":\"2016-06-30T15:14:29+00:00\",\"mainEntityOfPage\":{\"@id\":\"https:\\\/\\\/www.mpc.pr.gov.br\\\/index.php\\\/eu-luto-contra-a-cultura-da-corrupcao-curtiu-mude-de-perfil\\\/\"},\"wordCount\":259,\"commentCount\":0,\"publisher\":{\"@id\":\"https:\\\/\\\/www.mpc.pr.gov.br\\\/#organization\"},\"image\":{\"@id\":\"https:\\\/\\\/www.mpc.pr.gov.br\\\/index.php\\\/eu-luto-contra-a-cultura-da-corrupcao-curtiu-mude-de-perfil\\\/#primaryimage\"},\"thumbnailUrl\":\"\",\"articleSection\":[\"Todas as not\u00edcias\"],\"inLanguage\":\"pt-BR\",\"potentialAction\":[{\"@type\":\"CommentAction\",\"name\":\"Comment\",\"target\":[\"https:\\\/\\\/www.mpc.pr.gov.br\\\/index.php\\\/eu-luto-contra-a-cultura-da-corrupcao-curtiu-mude-de-perfil\\\/#respond\"]}]},{\"@type\":\"WebPage\",\"@id\":\"https:\\\/\\\/www.mpc.pr.gov.br\\\/index.php\\\/eu-luto-contra-a-cultura-da-corrupcao-curtiu-mude-de-perfil\\\/\",\"url\":\"https:\\\/\\\/www.mpc.pr.gov.br\\\/index.php\\\/eu-luto-contra-a-cultura-da-corrupcao-curtiu-mude-de-perfil\\\/\",\"name\":\"Eu luto contra a cultura da corrup\u00e7\u00e3o - CURTIU? MUDE DE PERFIL! - Minist\u00e9rio P\u00fablico de Contas do Estado do Paran\u00e1\",\"isPartOf\":{\"@id\":\"https:\\\/\\\/www.mpc.pr.gov.br\\\/#website\"},\"primaryImageOfPage\":{\"@id\":\"https:\\\/\\\/www.mpc.pr.gov.br\\\/index.php\\\/eu-luto-contra-a-cultura-da-corrupcao-curtiu-mude-de-perfil\\\/#primaryimage\"},\"image\":{\"@id\":\"https:\\\/\\\/www.mpc.pr.gov.br\\\/index.php\\\/eu-luto-contra-a-cultura-da-corrupcao-curtiu-mude-de-perfil\\\/#primaryimage\"},\"thumbnailUrl\":\"\",\"datePublished\":\"2016-06-30T15:14:29+00:00\",\"breadcrumb\":{\"@id\":\"https:\\\/\\\/www.mpc.pr.gov.br\\\/index.php\\\/eu-luto-contra-a-cultura-da-corrupcao-curtiu-mude-de-perfil\\\/#breadcrumb\"},\"inLanguage\":\"pt-BR\",\"potentialAction\":[{\"@type\":\"ReadAction\",\"target\":[\"https:\\\/\\\/www.mpc.pr.gov.br\\\/index.php\\\/eu-luto-contra-a-cultura-da-corrupcao-curtiu-mude-de-perfil\\\/\"]}]},{\"@type\":\"ImageObject\",\"inLanguage\":\"pt-BR\",\"@id\":\"https:\\\/\\\/www.mpc.pr.gov.br\\\/index.php\\\/eu-luto-contra-a-cultura-da-corrupcao-curtiu-mude-de-perfil\\\/#primaryimage\",\"url\":\"\",\"contentUrl\":\"\"},{\"@type\":\"BreadcrumbList\",\"@id\":\"https:\\\/\\\/www.mpc.pr.gov.br\\\/index.php\\\/eu-luto-contra-a-cultura-da-corrupcao-curtiu-mude-de-perfil\\\/#breadcrumb\",\"itemListElement\":[{\"@type\":\"ListItem\",\"position\":1,\"name\":\"In\u00edcio\",\"item\":\"https:\\\/\\\/www.mpc.pr.gov.br\\\/\"},{\"@type\":\"ListItem\",\"position\":2,\"name\":\"Eu luto contra a cultura da corrup\u00e7\u00e3o &#8211; CURTIU? MUDE DE PERFIL!\"}]},{\"@type\":\"WebSite\",\"@id\":\"https:\\\/\\\/www.mpc.pr.gov.br\\\/#website\",\"url\":\"https:\\\/\\\/www.mpc.pr.gov.br\\\/\",\"name\":\"Minist\u00e9rio P\u00fablico de Contas do Estado do Paran\u00e1\",\"description\":\"\",\"publisher\":{\"@id\":\"https:\\\/\\\/www.mpc.pr.gov.br\\\/#organization\"},\"potentialAction\":[{\"@type\":\"SearchAction\",\"target\":{\"@type\":\"EntryPoint\",\"urlTemplate\":\"https:\\\/\\\/www.mpc.pr.gov.br\\\/?s={search_term_string}\"},\"query-input\":{\"@type\":\"PropertyValueSpecification\",\"valueRequired\":true,\"valueName\":\"search_term_string\"}}],\"inLanguage\":\"pt-BR\"},{\"@type\":\"Organization\",\"@id\":\"https:\\\/\\\/www.mpc.pr.gov.br\\\/#organization\",\"name\":\"Minist\u00e9rio P\u00fablico de Contas do Estado do Paran\u00e1\",\"url\":\"https:\\\/\\\/www.mpc.pr.gov.br\\\/\",\"logo\":{\"@type\":\"ImageObject\",\"inLanguage\":\"pt-BR\",\"@id\":\"https:\\\/\\\/www.mpc.pr.gov.br\\\/#\\\/schema\\\/logo\\\/image\\\/\",\"url\":\"https:\\\/\\\/www.mpc.pr.gov.br\\\/wp-content\\\/uploads\\\/2020\\\/06\\\/99423647_1593460364143890_6706793420720963584_n-1-e1591387983167.png\",\"contentUrl\":\"https:\\\/\\\/www.mpc.pr.gov.br\\\/wp-content\\\/uploads\\\/2020\\\/06\\\/99423647_1593460364143890_6706793420720963584_n-1-e1591387983167.png\",\"width\":243,\"height\":73,\"caption\":\"Minist\u00e9rio P\u00fablico de Contas do Estado do Paran\u00e1\"},\"image\":{\"@id\":\"https:\\\/\\\/www.mpc.pr.gov.br\\\/#\\\/schema\\\/logo\\\/image\\\/\"},\"sameAs\":[\"https:\\\/\\\/www.facebook.com\\\/mpc.pr\",\"https:\\\/\\\/www.instagram.com\\\/mpc.pr\\\/?hl=pt-br\",\"https:\\\/\\\/www.youtube.com\\\/channel\\\/UCHri5oEM8DV0ztX57E0sBSw\"]},{\"@type\":\"Person\",\"@id\":\"https:\\\/\\\/www.mpc.pr.gov.br\\\/#\\\/schema\\\/person\\\/e6db2baa689b9b3b9e704ac0d26f7d3e\",\"name\":\"michael.reiner\",\"image\":{\"@type\":\"ImageObject\",\"inLanguage\":\"pt-BR\",\"@id\":\"https:\\\/\\\/secure.gravatar.com\\\/avatar\\\/?s=96&d=mm&r=g\",\"url\":\"https:\\\/\\\/secure.gravatar.com\\\/avatar\\\/?s=96&d=mm&r=g\",\"contentUrl\":\"https:\\\/\\\/secure.gravatar.com\\\/avatar\\\/?s=96&d=mm&r=g\",\"caption\":\"michael.reiner\"}}]}<\/script>\n<!-- \/ Yoast SEO plugin. -->","yoast_head_json":{"title":"Eu luto contra a cultura da corrup\u00e7\u00e3o - CURTIU? MUDE DE PERFIL! - Minist\u00e9rio P\u00fablico de Contas do Estado do Paran\u00e1","robots":{"index":"index","follow":"follow","max-snippet":"max-snippet:-1","max-image-preview":"max-image-preview:large","max-video-preview":"max-video-preview:-1"},"canonical":"https:\/\/www.mpc.pr.gov.br\/index.php\/eu-luto-contra-a-cultura-da-corrupcao-curtiu-mude-de-perfil\/","og_locale":"pt_BR","og_type":"article","og_title":"Eu luto contra a cultura da corrup\u00e7\u00e3o - CURTIU? MUDE DE PERFIL! - Minist\u00e9rio P\u00fablico de Contas do Estado do Paran\u00e1","og_description":"Voc\u00ea, profissional, empres\u00e1rio, servidor p\u00fablico, empregado, jovem, adulto, idoso, homem, mulher, enfim, cidad\u00e3o de bem que n\u00e3o suporta mais a ordem de coisas em que o nosso pa\u00eds se afundou, PROTESTE adotando em seu perfil a afirma\u00e7\u00e3o de que voc\u00ea luta CONTRA A CULTURA DA CORRUP\u00c7\u00c3O. Estudo da Federa\u00e7\u00e3o das Ind\u00fastrias do Estado de S\u00e3o [&hellip;]","og_url":"https:\/\/www.mpc.pr.gov.br\/index.php\/eu-luto-contra-a-cultura-da-corrupcao-curtiu-mude-de-perfil\/","og_site_name":"Minist\u00e9rio P\u00fablico de Contas do Estado do Paran\u00e1","article_publisher":"https:\/\/www.facebook.com\/mpc.pr","article_published_time":"2016-06-30T15:14:29+00:00","author":"michael.reiner","twitter_card":"summary_large_image","twitter_misc":{"Escrito por":"michael.reiner","Est. tempo de leitura":"1 minuto"},"schema":{"@context":"https:\/\/schema.org","@graph":[{"@type":"Article","@id":"https:\/\/www.mpc.pr.gov.br\/index.php\/eu-luto-contra-a-cultura-da-corrupcao-curtiu-mude-de-perfil\/#article","isPartOf":{"@id":"https:\/\/www.mpc.pr.gov.br\/index.php\/eu-luto-contra-a-cultura-da-corrupcao-curtiu-mude-de-perfil\/"},"author":{"name":"michael.reiner","@id":"https:\/\/www.mpc.pr.gov.br\/#\/schema\/person\/e6db2baa689b9b3b9e704ac0d26f7d3e"},"headline":"Eu luto contra a cultura da corrup\u00e7\u00e3o &#8211; CURTIU? MUDE DE PERFIL!","datePublished":"2016-06-30T15:14:29+00:00","mainEntityOfPage":{"@id":"https:\/\/www.mpc.pr.gov.br\/index.php\/eu-luto-contra-a-cultura-da-corrupcao-curtiu-mude-de-perfil\/"},"wordCount":259,"commentCount":0,"publisher":{"@id":"https:\/\/www.mpc.pr.gov.br\/#organization"},"image":{"@id":"https:\/\/www.mpc.pr.gov.br\/index.php\/eu-luto-contra-a-cultura-da-corrupcao-curtiu-mude-de-perfil\/#primaryimage"},"thumbnailUrl":"","articleSection":["Todas as not\u00edcias"],"inLanguage":"pt-BR","potentialAction":[{"@type":"CommentAction","name":"Comment","target":["https:\/\/www.mpc.pr.gov.br\/index.php\/eu-luto-contra-a-cultura-da-corrupcao-curtiu-mude-de-perfil\/#respond"]}]},{"@type":"WebPage","@id":"https:\/\/www.mpc.pr.gov.br\/index.php\/eu-luto-contra-a-cultura-da-corrupcao-curtiu-mude-de-perfil\/","url":"https:\/\/www.mpc.pr.gov.br\/index.php\/eu-luto-contra-a-cultura-da-corrupcao-curtiu-mude-de-perfil\/","name":"Eu luto contra a cultura da corrup\u00e7\u00e3o - CURTIU? MUDE DE PERFIL! - Minist\u00e9rio P\u00fablico de Contas do Estado do Paran\u00e1","isPartOf":{"@id":"https:\/\/www.mpc.pr.gov.br\/#website"},"primaryImageOfPage":{"@id":"https:\/\/www.mpc.pr.gov.br\/index.php\/eu-luto-contra-a-cultura-da-corrupcao-curtiu-mude-de-perfil\/#primaryimage"},"image":{"@id":"https:\/\/www.mpc.pr.gov.br\/index.php\/eu-luto-contra-a-cultura-da-corrupcao-curtiu-mude-de-perfil\/#primaryimage"},"thumbnailUrl":"","datePublished":"2016-06-30T15:14:29+00:00","breadcrumb":{"@id":"https:\/\/www.mpc.pr.gov.br\/index.php\/eu-luto-contra-a-cultura-da-corrupcao-curtiu-mude-de-perfil\/#breadcrumb"},"inLanguage":"pt-BR","potentialAction":[{"@type":"ReadAction","target":["https:\/\/www.mpc.pr.gov.br\/index.php\/eu-luto-contra-a-cultura-da-corrupcao-curtiu-mude-de-perfil\/"]}]},{"@type":"ImageObject","inLanguage":"pt-BR","@id":"https:\/\/www.mpc.pr.gov.br\/index.php\/eu-luto-contra-a-cultura-da-corrupcao-curtiu-mude-de-perfil\/#primaryimage","url":"","contentUrl":""},{"@type":"BreadcrumbList","@id":"https:\/\/www.mpc.pr.gov.br\/index.php\/eu-luto-contra-a-cultura-da-corrupcao-curtiu-mude-de-perfil\/#breadcrumb","itemListElement":[{"@type":"ListItem","position":1,"name":"In\u00edcio","item":"https:\/\/www.mpc.pr.gov.br\/"},{"@type":"ListItem","position":2,"name":"Eu luto contra a cultura da corrup\u00e7\u00e3o &#8211; CURTIU? MUDE DE PERFIL!"}]},{"@type":"WebSite","@id":"https:\/\/www.mpc.pr.gov.br\/#website","url":"https:\/\/www.mpc.pr.gov.br\/","name":"Minist\u00e9rio P\u00fablico de Contas do Estado do Paran\u00e1","description":"","publisher":{"@id":"https:\/\/www.mpc.pr.gov.br\/#organization"},"potentialAction":[{"@type":"SearchAction","target":{"@type":"EntryPoint","urlTemplate":"https:\/\/www.mpc.pr.gov.br\/?s={search_term_string}"},"query-input":{"@type":"PropertyValueSpecification","valueRequired":true,"valueName":"search_term_string"}}],"inLanguage":"pt-BR"},{"@type":"Organization","@id":"https:\/\/www.mpc.pr.gov.br\/#organization","name":"Minist\u00e9rio P\u00fablico de Contas do Estado do Paran\u00e1","url":"https:\/\/www.mpc.pr.gov.br\/","logo":{"@type":"ImageObject","inLanguage":"pt-BR","@id":"https:\/\/www.mpc.pr.gov.br\/#\/schema\/logo\/image\/","url":"https:\/\/www.mpc.pr.gov.br\/wp-content\/uploads\/2020\/06\/99423647_1593460364143890_6706793420720963584_n-1-e1591387983167.png","contentUrl":"https:\/\/www.mpc.pr.gov.br\/wp-content\/uploads\/2020\/06\/99423647_1593460364143890_6706793420720963584_n-1-e1591387983167.png","width":243,"height":73,"caption":"Minist\u00e9rio P\u00fablico de Contas do Estado do Paran\u00e1"},"image":{"@id":"https:\/\/www.mpc.pr.gov.br\/#\/schema\/logo\/image\/"},"sameAs":["https:\/\/www.facebook.com\/mpc.pr","https:\/\/www.instagram.com\/mpc.pr\/?hl=pt-br","https:\/\/www.youtube.com\/channel\/UCHri5oEM8DV0ztX57E0sBSw"]},{"@type":"Person","@id":"https:\/\/www.mpc.pr.gov.br\/#\/schema\/person\/e6db2baa689b9b3b9e704ac0d26f7d3e","name":"michael.reiner","image":{"@type":"ImageObject","inLanguage":"pt-BR","@id":"https:\/\/secure.gravatar.com\/avatar\/?s=96&d=mm&r=g","url":"https:\/\/secure.gravatar.com\/avatar\/?s=96&d=mm&r=g","contentUrl":"https:\/\/secure.gravatar.com\/avatar\/?s=96&d=mm&r=g","caption":"michael.reiner"}}]}},"rttpg_featured_image_url":null,"rttpg_author":{"display_name":"michael.reiner","author_link":"https:\/\/www.mpc.pr.gov.br\/index.php\/author\/michael-reiner\/"},"rttpg_comment":0,"rttpg_category":"<a href=\"https:\/\/www.mpc.pr.gov.br\/index.php\/category\/todas-as-noticias\/\" rel=\"category tag\">Todas as not\u00edcias<\/a>","rttpg_excerpt":"Voc\u00ea, profissional, empres\u00e1rio, servidor p\u00fablico, empregado, jovem, adulto, idoso, homem, mulher, enfim, cidad\u00e3o de bem que n\u00e3o suporta mais a ordem de coisas em que o nosso pa\u00eds se afundou, PROTESTE adotando em seu perfil a afirma\u00e7\u00e3o de que voc\u00ea luta CONTRA A CULTURA DA CORRUP\u00c7\u00c3O. Estudo da Federa\u00e7\u00e3o das Ind\u00fastrias do Estado de S\u00e3o&hellip;","_links":{"self":[{"href":"https:\/\/www.mpc.pr.gov.br\/index.php\/wp-json\/wp\/v2\/posts\/4253","targetHints":{"allow":["GET"]}}],"collection":[{"href":"https:\/\/www.mpc.pr.gov.br\/index.php\/wp-json\/wp\/v2\/posts"}],"about":[{"href":"https:\/\/www.mpc.pr.gov.br\/index.php\/wp-json\/wp\/v2\/types\/post"}],"author":[{"embeddable":true,"href":"https:\/\/www.mpc.pr.gov.br\/index.php\/wp-json\/wp\/v2\/users\/3"}],"replies":[{"embeddable":true,"href":"https:\/\/www.mpc.pr.gov.br\/index.php\/wp-json\/wp\/v2\/comments?post=4253"}],"version-history":[{"count":0,"href":"https:\/\/www.mpc.pr.gov.br\/index.php\/wp-json\/wp\/v2\/posts\/4253\/revisions"}],"wp:featuredmedia":[{"embeddable":true,"href":"https:\/\/www.mpc.pr.gov.br\/index.php\/wp-json\/"}],"wp:attachment":[{"href":"https:\/\/www.mpc.pr.gov.br\/index.php\/wp-json\/wp\/v2\/media?parent=4253"}],"wp:term":[{"taxonomy":"category","embeddable":true,"href":"https:\/\/www.mpc.pr.gov.br\/index.php\/wp-json\/wp\/v2\/categories?post=4253"},{"taxonomy":"post_tag","embeddable":true,"href":"https:\/\/www.mpc.pr.gov.br\/index.php\/wp-json\/wp\/v2\/tags?post=4253"}],"curies":[{"name":"wp","href":"https:\/\/api.w.org\/{rel}","templated":true}]}}