{"id":4316,"date":"2016-08-03T20:01:39","date_gmt":"2016-08-03T20:01:39","guid":{"rendered":"http:\/\/www.mpc.pr.gov.br\/?p=4316"},"modified":"2016-08-03T20:01:39","modified_gmt":"2016-08-03T20:01:39","slug":"mpc-questiona-normativas-atinentes-ao-exame-de-admissoes-de-pessoal-e-prestacoes-de-contas-de-2015","status":"publish","type":"post","link":"https:\/\/www.mpc.pr.gov.br\/index.php\/mpc-questiona-normativas-atinentes-ao-exame-de-admissoes-de-pessoal-e-prestacoes-de-contas-de-2015\/","title":{"rendered":"MPC questiona normativas atinentes ao exame de Admiss\u00f5es de Pessoal e Presta\u00e7\u00f5es de Contas de 2015"},"content":{"rendered":"<div align=\"justify\"><span style=\"font-family: Calibri,sans-serif; font-size: small;\">\u00a0<\/span><\/div>\n<div align=\"justify\"><span style=\"font-family: Calibri,sans-serif; font-size: small;\">O Minist\u00e9rio P\u00fablico de Contas firmou, em reuni\u00e3o colegiada do \u00faltimo dia 13 de junho, posi\u00e7\u00e3o acerca da nova sistem\u00e1tica do TCE-PR no exame de <b><span style=\"text-decoration: underline;\">Admiss\u00f5es de Pessoal<\/span><\/b> para fins de registro (legalidade de concursos p\u00fablicos\/testes seletivos realizados pela Administra\u00e7\u00e3o P\u00fablica).<\/span><\/div>\n<div align=\"justify\"><span style=\"font-family: Calibri,sans-serif; font-size: small;\">\u00a0<\/span><\/div>\n<div align=\"justify\"><span style=\"font-family: Calibri,sans-serif; font-size: small;\">Para o <i>parquet<\/i>, a Instru\u00e7\u00e3o Normativa 117\/16, do TCE-PR, apresenta ilegalidades e inconstitucionalidades ao impor, inclusive ao \u00f3rg\u00e3o ministerial, vincula\u00e7\u00f5es interpretativas para a aferi\u00e7\u00e3o da corre\u00e7\u00e3o de atos, tais como a incid\u00eancia de teses prescricionais e de seguran\u00e7a jur\u00eddica. <a href=\"http:\/\/www.mpc.pr.gov.br\/wp-content\/uploads\/2016\/08\/001-Parecer_ADMISSAO_IN_117.pdf\" target=\"_blank\" rel=\"noopener noreferrer\"><b>CONSULTE AQUI<\/b><\/a><\/span><\/div>\n<div align=\"justify\"><span style=\"font-family: Calibri,sans-serif; font-size: small;\">\u00a0<\/span><\/div>\n<div align=\"justify\"><span style=\"font-family: Calibri,sans-serif; font-size: small;\">Quanto \u00e0s <b><span style=\"text-decoration: underline;\">Presta\u00e7\u00f5es de Contas Anuais<\/span><\/b> do exerc\u00edcio de 2015, oriundas das entidades municipais, as 2\u00aa e 5.\u00aa Procuradorias de Contas t\u00eam apontado falhas na composi\u00e7\u00e3o e redu\u00e7\u00e3o do escopo, bem como a negativa de acesso, pelo MPC, \u00e0s informa\u00e7\u00f5es e aos dados relacionados a estas presta\u00e7\u00f5es de contas. Tamb\u00e9m s\u00e3o tecidas considera\u00e7\u00f5es sobre os limites e possibilidades de se estabelecer, indistintamente, a separa\u00e7\u00e3o entre \u201ccontas de governo\u201d e \u201ccontas de gest\u00e3o\u201d, inviabilizando uma manifesta\u00e7\u00e3o de m\u00e9rito do \u00f3rg\u00e3o.\u00a0 <a href=\"http:\/\/www.mpc.pr.gov.br\/wp-content\/uploads\/2016\/08\/002-EXEC-reg-2015.pdf\" target=\"_blank\" rel=\"noopener noreferrer\"><b>LEIA AQUI<\/b><\/a><\/span><\/div>\n<div align=\"justify\"><\/div>\n<div align=\"justify\"><\/div>\n<div align=\"justify\"><\/div>\n<div align=\"justify\"><a href=\"http:\/\/www.mpc.pr.gov.br\/wp-content\/uploads\/2016\/08\/20160803_151233.jpg\"><img decoding=\"async\" class=\"aligncenter size-medium wp-image-4317\" alt=\"20160803_151233\" src=\"http:\/\/www.mpc.pr.gov.br\/wp-content\/uploads\/2016\/08\/20160803_151233-300x142.jpg\" width=\"300\" height=\"142\" \/><\/a><\/div>\n","protected":false},"excerpt":{"rendered":"<p>\u00a0 O Minist\u00e9rio P\u00fablico de Contas firmou, em reuni\u00e3o colegiada do \u00faltimo dia 13 de junho, posi\u00e7\u00e3o acerca da nova sistem\u00e1tica do TCE-PR no exame de Admiss\u00f5es de Pessoal para fins de registro (legalidade de concursos p\u00fablicos\/testes seletivos realizados pela Administra\u00e7\u00e3o P\u00fablica). \u00a0 Para o parquet, a Instru\u00e7\u00e3o Normativa 117\/16, do TCE-PR, apresenta ilegalidades e [&hellip;]<\/p>\n","protected":false},"author":3,"featured_media":4317,"comment_status":"open","ping_status":"open","sticky":false,"template":"","format":"standard","meta":{"_monsterinsights_skip_tracking":false,"_monsterinsights_sitenote_active":false,"_monsterinsights_sitenote_note":"","_monsterinsights_sitenote_category":0,"footnotes":""},"categories":[7,14],"tags":[],"class_list":["post-4316","post","type-post","status-publish","format-standard","has-post-thumbnail","hentry","category-todas-as-noticias","category-ultimas-noticias","entry","has-media"],"yoast_head":"<!-- This site is optimized with the Yoast SEO plugin v27.3 - https:\/\/yoast.com\/product\/yoast-seo-wordpress\/ -->\n<title>MPC questiona normativas atinentes ao exame de Admiss\u00f5es de Pessoal e Presta\u00e7\u00f5es de Contas de 2015 - Minist\u00e9rio P\u00fablico de Contas do Estado do Paran\u00e1<\/title>\n<meta name=\"robots\" content=\"index, follow, max-snippet:-1, max-image-preview:large, max-video-preview:-1\" \/>\n<link rel=\"canonical\" href=\"https:\/\/www.mpc.pr.gov.br\/index.php\/mpc-questiona-normativas-atinentes-ao-exame-de-admissoes-de-pessoal-e-prestacoes-de-contas-de-2015\/\" \/>\n<meta property=\"og:locale\" content=\"pt_BR\" \/>\n<meta property=\"og:type\" content=\"article\" \/>\n<meta property=\"og:title\" content=\"MPC questiona normativas atinentes ao exame de Admiss\u00f5es de Pessoal e Presta\u00e7\u00f5es de Contas de 2015 - Minist\u00e9rio P\u00fablico de Contas do Estado do Paran\u00e1\" \/>\n<meta property=\"og:description\" content=\"\u00a0 O Minist\u00e9rio P\u00fablico de Contas firmou, em reuni\u00e3o colegiada do \u00faltimo dia 13 de junho, posi\u00e7\u00e3o acerca da nova sistem\u00e1tica do TCE-PR no exame de Admiss\u00f5es de Pessoal para fins de registro (legalidade de concursos p\u00fablicos\/testes seletivos realizados pela Administra\u00e7\u00e3o P\u00fablica). \u00a0 Para o parquet, a Instru\u00e7\u00e3o Normativa 117\/16, do TCE-PR, apresenta ilegalidades e [&hellip;]\" \/>\n<meta property=\"og:url\" content=\"https:\/\/www.mpc.pr.gov.br\/index.php\/mpc-questiona-normativas-atinentes-ao-exame-de-admissoes-de-pessoal-e-prestacoes-de-contas-de-2015\/\" \/>\n<meta property=\"og:site_name\" content=\"Minist\u00e9rio P\u00fablico de Contas do Estado do Paran\u00e1\" \/>\n<meta property=\"article:publisher\" content=\"https:\/\/www.facebook.com\/mpc.pr\" \/>\n<meta property=\"article:published_time\" content=\"2016-08-03T20:01:39+00:00\" \/>\n<meta name=\"author\" content=\"michael.reiner\" \/>\n<meta name=\"twitter:card\" content=\"summary_large_image\" \/>\n<meta name=\"twitter:label1\" content=\"Escrito por\" \/>\n\t<meta name=\"twitter:data1\" content=\"michael.reiner\" \/>\n\t<meta name=\"twitter:label2\" content=\"Est. tempo de leitura\" \/>\n\t<meta name=\"twitter:data2\" content=\"1 minuto\" \/>\n<script type=\"application\/ld+json\" class=\"yoast-schema-graph\">{\"@context\":\"https:\\\/\\\/schema.org\",\"@graph\":[{\"@type\":\"Article\",\"@id\":\"https:\\\/\\\/www.mpc.pr.gov.br\\\/index.php\\\/mpc-questiona-normativas-atinentes-ao-exame-de-admissoes-de-pessoal-e-prestacoes-de-contas-de-2015\\\/#article\",\"isPartOf\":{\"@id\":\"https:\\\/\\\/www.mpc.pr.gov.br\\\/index.php\\\/mpc-questiona-normativas-atinentes-ao-exame-de-admissoes-de-pessoal-e-prestacoes-de-contas-de-2015\\\/\"},\"author\":{\"name\":\"michael.reiner\",\"@id\":\"https:\\\/\\\/www.mpc.pr.gov.br\\\/#\\\/schema\\\/person\\\/e6db2baa689b9b3b9e704ac0d26f7d3e\"},\"headline\":\"MPC questiona normativas atinentes ao exame de Admiss\u00f5es de Pessoal e Presta\u00e7\u00f5es de Contas de 2015\",\"datePublished\":\"2016-08-03T20:01:39+00:00\",\"mainEntityOfPage\":{\"@id\":\"https:\\\/\\\/www.mpc.pr.gov.br\\\/index.php\\\/mpc-questiona-normativas-atinentes-ao-exame-de-admissoes-de-pessoal-e-prestacoes-de-contas-de-2015\\\/\"},\"wordCount\":208,\"commentCount\":0,\"publisher\":{\"@id\":\"https:\\\/\\\/www.mpc.pr.gov.br\\\/#organization\"},\"image\":{\"@id\":\"https:\\\/\\\/www.mpc.pr.gov.br\\\/index.php\\\/mpc-questiona-normativas-atinentes-ao-exame-de-admissoes-de-pessoal-e-prestacoes-de-contas-de-2015\\\/#primaryimage\"},\"thumbnailUrl\":\"\",\"articleSection\":[\"Todas as not\u00edcias\",\"\u00daltimas not\u00edcias\"],\"inLanguage\":\"pt-BR\",\"potentialAction\":[{\"@type\":\"CommentAction\",\"name\":\"Comment\",\"target\":[\"https:\\\/\\\/www.mpc.pr.gov.br\\\/index.php\\\/mpc-questiona-normativas-atinentes-ao-exame-de-admissoes-de-pessoal-e-prestacoes-de-contas-de-2015\\\/#respond\"]}]},{\"@type\":\"WebPage\",\"@id\":\"https:\\\/\\\/www.mpc.pr.gov.br\\\/index.php\\\/mpc-questiona-normativas-atinentes-ao-exame-de-admissoes-de-pessoal-e-prestacoes-de-contas-de-2015\\\/\",\"url\":\"https:\\\/\\\/www.mpc.pr.gov.br\\\/index.php\\\/mpc-questiona-normativas-atinentes-ao-exame-de-admissoes-de-pessoal-e-prestacoes-de-contas-de-2015\\\/\",\"name\":\"MPC questiona normativas atinentes ao exame de Admiss\u00f5es de Pessoal e Presta\u00e7\u00f5es de Contas de 2015 - Minist\u00e9rio P\u00fablico de Contas do Estado do Paran\u00e1\",\"isPartOf\":{\"@id\":\"https:\\\/\\\/www.mpc.pr.gov.br\\\/#website\"},\"primaryImageOfPage\":{\"@id\":\"https:\\\/\\\/www.mpc.pr.gov.br\\\/index.php\\\/mpc-questiona-normativas-atinentes-ao-exame-de-admissoes-de-pessoal-e-prestacoes-de-contas-de-2015\\\/#primaryimage\"},\"image\":{\"@id\":\"https:\\\/\\\/www.mpc.pr.gov.br\\\/index.php\\\/mpc-questiona-normativas-atinentes-ao-exame-de-admissoes-de-pessoal-e-prestacoes-de-contas-de-2015\\\/#primaryimage\"},\"thumbnailUrl\":\"\",\"datePublished\":\"2016-08-03T20:01:39+00:00\",\"breadcrumb\":{\"@id\":\"https:\\\/\\\/www.mpc.pr.gov.br\\\/index.php\\\/mpc-questiona-normativas-atinentes-ao-exame-de-admissoes-de-pessoal-e-prestacoes-de-contas-de-2015\\\/#breadcrumb\"},\"inLanguage\":\"pt-BR\",\"potentialAction\":[{\"@type\":\"ReadAction\",\"target\":[\"https:\\\/\\\/www.mpc.pr.gov.br\\\/index.php\\\/mpc-questiona-normativas-atinentes-ao-exame-de-admissoes-de-pessoal-e-prestacoes-de-contas-de-2015\\\/\"]}]},{\"@type\":\"ImageObject\",\"inLanguage\":\"pt-BR\",\"@id\":\"https:\\\/\\\/www.mpc.pr.gov.br\\\/index.php\\\/mpc-questiona-normativas-atinentes-ao-exame-de-admissoes-de-pessoal-e-prestacoes-de-contas-de-2015\\\/#primaryimage\",\"url\":\"\",\"contentUrl\":\"\"},{\"@type\":\"BreadcrumbList\",\"@id\":\"https:\\\/\\\/www.mpc.pr.gov.br\\\/index.php\\\/mpc-questiona-normativas-atinentes-ao-exame-de-admissoes-de-pessoal-e-prestacoes-de-contas-de-2015\\\/#breadcrumb\",\"itemListElement\":[{\"@type\":\"ListItem\",\"position\":1,\"name\":\"In\u00edcio\",\"item\":\"https:\\\/\\\/www.mpc.pr.gov.br\\\/\"},{\"@type\":\"ListItem\",\"position\":2,\"name\":\"MPC questiona normativas atinentes ao exame de Admiss\u00f5es de Pessoal e Presta\u00e7\u00f5es de Contas de 2015\"}]},{\"@type\":\"WebSite\",\"@id\":\"https:\\\/\\\/www.mpc.pr.gov.br\\\/#website\",\"url\":\"https:\\\/\\\/www.mpc.pr.gov.br\\\/\",\"name\":\"Minist\u00e9rio P\u00fablico de Contas do Estado do Paran\u00e1\",\"description\":\"\",\"publisher\":{\"@id\":\"https:\\\/\\\/www.mpc.pr.gov.br\\\/#organization\"},\"potentialAction\":[{\"@type\":\"SearchAction\",\"target\":{\"@type\":\"EntryPoint\",\"urlTemplate\":\"https:\\\/\\\/www.mpc.pr.gov.br\\\/?s={search_term_string}\"},\"query-input\":{\"@type\":\"PropertyValueSpecification\",\"valueRequired\":true,\"valueName\":\"search_term_string\"}}],\"inLanguage\":\"pt-BR\"},{\"@type\":\"Organization\",\"@id\":\"https:\\\/\\\/www.mpc.pr.gov.br\\\/#organization\",\"name\":\"Minist\u00e9rio P\u00fablico de Contas do Estado do Paran\u00e1\",\"url\":\"https:\\\/\\\/www.mpc.pr.gov.br\\\/\",\"logo\":{\"@type\":\"ImageObject\",\"inLanguage\":\"pt-BR\",\"@id\":\"https:\\\/\\\/www.mpc.pr.gov.br\\\/#\\\/schema\\\/logo\\\/image\\\/\",\"url\":\"https:\\\/\\\/www.mpc.pr.gov.br\\\/wp-content\\\/uploads\\\/2020\\\/06\\\/99423647_1593460364143890_6706793420720963584_n-1-e1591387983167.png\",\"contentUrl\":\"https:\\\/\\\/www.mpc.pr.gov.br\\\/wp-content\\\/uploads\\\/2020\\\/06\\\/99423647_1593460364143890_6706793420720963584_n-1-e1591387983167.png\",\"width\":243,\"height\":73,\"caption\":\"Minist\u00e9rio P\u00fablico de Contas do Estado do Paran\u00e1\"},\"image\":{\"@id\":\"https:\\\/\\\/www.mpc.pr.gov.br\\\/#\\\/schema\\\/logo\\\/image\\\/\"},\"sameAs\":[\"https:\\\/\\\/www.facebook.com\\\/mpc.pr\",\"https:\\\/\\\/www.instagram.com\\\/mpc.pr\\\/?hl=pt-br\",\"https:\\\/\\\/www.youtube.com\\\/channel\\\/UCHri5oEM8DV0ztX57E0sBSw\"]},{\"@type\":\"Person\",\"@id\":\"https:\\\/\\\/www.mpc.pr.gov.br\\\/#\\\/schema\\\/person\\\/e6db2baa689b9b3b9e704ac0d26f7d3e\",\"name\":\"michael.reiner\",\"image\":{\"@type\":\"ImageObject\",\"inLanguage\":\"pt-BR\",\"@id\":\"https:\\\/\\\/secure.gravatar.com\\\/avatar\\\/?s=96&d=mm&r=g\",\"url\":\"https:\\\/\\\/secure.gravatar.com\\\/avatar\\\/?s=96&d=mm&r=g\",\"contentUrl\":\"https:\\\/\\\/secure.gravatar.com\\\/avatar\\\/?s=96&d=mm&r=g\",\"caption\":\"michael.reiner\"}}]}<\/script>\n<!-- \/ Yoast SEO plugin. -->","yoast_head_json":{"title":"MPC questiona normativas atinentes ao exame de Admiss\u00f5es de Pessoal e Presta\u00e7\u00f5es de Contas de 2015 - Minist\u00e9rio P\u00fablico de Contas do Estado do Paran\u00e1","robots":{"index":"index","follow":"follow","max-snippet":"max-snippet:-1","max-image-preview":"max-image-preview:large","max-video-preview":"max-video-preview:-1"},"canonical":"https:\/\/www.mpc.pr.gov.br\/index.php\/mpc-questiona-normativas-atinentes-ao-exame-de-admissoes-de-pessoal-e-prestacoes-de-contas-de-2015\/","og_locale":"pt_BR","og_type":"article","og_title":"MPC questiona normativas atinentes ao exame de Admiss\u00f5es de Pessoal e Presta\u00e7\u00f5es de Contas de 2015 - Minist\u00e9rio P\u00fablico de Contas do Estado do Paran\u00e1","og_description":"\u00a0 O Minist\u00e9rio P\u00fablico de Contas firmou, em reuni\u00e3o colegiada do \u00faltimo dia 13 de junho, posi\u00e7\u00e3o acerca da nova sistem\u00e1tica do TCE-PR no exame de Admiss\u00f5es de Pessoal para fins de registro (legalidade de concursos p\u00fablicos\/testes seletivos realizados pela Administra\u00e7\u00e3o P\u00fablica). \u00a0 Para o parquet, a Instru\u00e7\u00e3o Normativa 117\/16, do TCE-PR, apresenta ilegalidades e [&hellip;]","og_url":"https:\/\/www.mpc.pr.gov.br\/index.php\/mpc-questiona-normativas-atinentes-ao-exame-de-admissoes-de-pessoal-e-prestacoes-de-contas-de-2015\/","og_site_name":"Minist\u00e9rio P\u00fablico de Contas do Estado do Paran\u00e1","article_publisher":"https:\/\/www.facebook.com\/mpc.pr","article_published_time":"2016-08-03T20:01:39+00:00","author":"michael.reiner","twitter_card":"summary_large_image","twitter_misc":{"Escrito por":"michael.reiner","Est. tempo de leitura":"1 minuto"},"schema":{"@context":"https:\/\/schema.org","@graph":[{"@type":"Article","@id":"https:\/\/www.mpc.pr.gov.br\/index.php\/mpc-questiona-normativas-atinentes-ao-exame-de-admissoes-de-pessoal-e-prestacoes-de-contas-de-2015\/#article","isPartOf":{"@id":"https:\/\/www.mpc.pr.gov.br\/index.php\/mpc-questiona-normativas-atinentes-ao-exame-de-admissoes-de-pessoal-e-prestacoes-de-contas-de-2015\/"},"author":{"name":"michael.reiner","@id":"https:\/\/www.mpc.pr.gov.br\/#\/schema\/person\/e6db2baa689b9b3b9e704ac0d26f7d3e"},"headline":"MPC questiona normativas atinentes ao exame de Admiss\u00f5es de Pessoal e Presta\u00e7\u00f5es de Contas de 2015","datePublished":"2016-08-03T20:01:39+00:00","mainEntityOfPage":{"@id":"https:\/\/www.mpc.pr.gov.br\/index.php\/mpc-questiona-normativas-atinentes-ao-exame-de-admissoes-de-pessoal-e-prestacoes-de-contas-de-2015\/"},"wordCount":208,"commentCount":0,"publisher":{"@id":"https:\/\/www.mpc.pr.gov.br\/#organization"},"image":{"@id":"https:\/\/www.mpc.pr.gov.br\/index.php\/mpc-questiona-normativas-atinentes-ao-exame-de-admissoes-de-pessoal-e-prestacoes-de-contas-de-2015\/#primaryimage"},"thumbnailUrl":"","articleSection":["Todas as not\u00edcias","\u00daltimas not\u00edcias"],"inLanguage":"pt-BR","potentialAction":[{"@type":"CommentAction","name":"Comment","target":["https:\/\/www.mpc.pr.gov.br\/index.php\/mpc-questiona-normativas-atinentes-ao-exame-de-admissoes-de-pessoal-e-prestacoes-de-contas-de-2015\/#respond"]}]},{"@type":"WebPage","@id":"https:\/\/www.mpc.pr.gov.br\/index.php\/mpc-questiona-normativas-atinentes-ao-exame-de-admissoes-de-pessoal-e-prestacoes-de-contas-de-2015\/","url":"https:\/\/www.mpc.pr.gov.br\/index.php\/mpc-questiona-normativas-atinentes-ao-exame-de-admissoes-de-pessoal-e-prestacoes-de-contas-de-2015\/","name":"MPC questiona normativas atinentes ao exame de Admiss\u00f5es de Pessoal e Presta\u00e7\u00f5es de Contas de 2015 - Minist\u00e9rio P\u00fablico de Contas do Estado do Paran\u00e1","isPartOf":{"@id":"https:\/\/www.mpc.pr.gov.br\/#website"},"primaryImageOfPage":{"@id":"https:\/\/www.mpc.pr.gov.br\/index.php\/mpc-questiona-normativas-atinentes-ao-exame-de-admissoes-de-pessoal-e-prestacoes-de-contas-de-2015\/#primaryimage"},"image":{"@id":"https:\/\/www.mpc.pr.gov.br\/index.php\/mpc-questiona-normativas-atinentes-ao-exame-de-admissoes-de-pessoal-e-prestacoes-de-contas-de-2015\/#primaryimage"},"thumbnailUrl":"","datePublished":"2016-08-03T20:01:39+00:00","breadcrumb":{"@id":"https:\/\/www.mpc.pr.gov.br\/index.php\/mpc-questiona-normativas-atinentes-ao-exame-de-admissoes-de-pessoal-e-prestacoes-de-contas-de-2015\/#breadcrumb"},"inLanguage":"pt-BR","potentialAction":[{"@type":"ReadAction","target":["https:\/\/www.mpc.pr.gov.br\/index.php\/mpc-questiona-normativas-atinentes-ao-exame-de-admissoes-de-pessoal-e-prestacoes-de-contas-de-2015\/"]}]},{"@type":"ImageObject","inLanguage":"pt-BR","@id":"https:\/\/www.mpc.pr.gov.br\/index.php\/mpc-questiona-normativas-atinentes-ao-exame-de-admissoes-de-pessoal-e-prestacoes-de-contas-de-2015\/#primaryimage","url":"","contentUrl":""},{"@type":"BreadcrumbList","@id":"https:\/\/www.mpc.pr.gov.br\/index.php\/mpc-questiona-normativas-atinentes-ao-exame-de-admissoes-de-pessoal-e-prestacoes-de-contas-de-2015\/#breadcrumb","itemListElement":[{"@type":"ListItem","position":1,"name":"In\u00edcio","item":"https:\/\/www.mpc.pr.gov.br\/"},{"@type":"ListItem","position":2,"name":"MPC questiona normativas atinentes ao exame de Admiss\u00f5es de Pessoal e Presta\u00e7\u00f5es de Contas de 2015"}]},{"@type":"WebSite","@id":"https:\/\/www.mpc.pr.gov.br\/#website","url":"https:\/\/www.mpc.pr.gov.br\/","name":"Minist\u00e9rio P\u00fablico de Contas do Estado do Paran\u00e1","description":"","publisher":{"@id":"https:\/\/www.mpc.pr.gov.br\/#organization"},"potentialAction":[{"@type":"SearchAction","target":{"@type":"EntryPoint","urlTemplate":"https:\/\/www.mpc.pr.gov.br\/?s={search_term_string}"},"query-input":{"@type":"PropertyValueSpecification","valueRequired":true,"valueName":"search_term_string"}}],"inLanguage":"pt-BR"},{"@type":"Organization","@id":"https:\/\/www.mpc.pr.gov.br\/#organization","name":"Minist\u00e9rio P\u00fablico de Contas do Estado do Paran\u00e1","url":"https:\/\/www.mpc.pr.gov.br\/","logo":{"@type":"ImageObject","inLanguage":"pt-BR","@id":"https:\/\/www.mpc.pr.gov.br\/#\/schema\/logo\/image\/","url":"https:\/\/www.mpc.pr.gov.br\/wp-content\/uploads\/2020\/06\/99423647_1593460364143890_6706793420720963584_n-1-e1591387983167.png","contentUrl":"https:\/\/www.mpc.pr.gov.br\/wp-content\/uploads\/2020\/06\/99423647_1593460364143890_6706793420720963584_n-1-e1591387983167.png","width":243,"height":73,"caption":"Minist\u00e9rio P\u00fablico de Contas do Estado do Paran\u00e1"},"image":{"@id":"https:\/\/www.mpc.pr.gov.br\/#\/schema\/logo\/image\/"},"sameAs":["https:\/\/www.facebook.com\/mpc.pr","https:\/\/www.instagram.com\/mpc.pr\/?hl=pt-br","https:\/\/www.youtube.com\/channel\/UCHri5oEM8DV0ztX57E0sBSw"]},{"@type":"Person","@id":"https:\/\/www.mpc.pr.gov.br\/#\/schema\/person\/e6db2baa689b9b3b9e704ac0d26f7d3e","name":"michael.reiner","image":{"@type":"ImageObject","inLanguage":"pt-BR","@id":"https:\/\/secure.gravatar.com\/avatar\/?s=96&d=mm&r=g","url":"https:\/\/secure.gravatar.com\/avatar\/?s=96&d=mm&r=g","contentUrl":"https:\/\/secure.gravatar.com\/avatar\/?s=96&d=mm&r=g","caption":"michael.reiner"}}]}},"rttpg_featured_image_url":null,"rttpg_author":{"display_name":"michael.reiner","author_link":"https:\/\/www.mpc.pr.gov.br\/index.php\/author\/michael-reiner\/"},"rttpg_comment":0,"rttpg_category":"<a href=\"https:\/\/www.mpc.pr.gov.br\/index.php\/category\/todas-as-noticias\/\" rel=\"category tag\">Todas as not\u00edcias<\/a> <a href=\"https:\/\/www.mpc.pr.gov.br\/index.php\/category\/ultimas-noticias\/\" rel=\"category tag\">\u00daltimas not\u00edcias<\/a>","rttpg_excerpt":"\u00a0 O Minist\u00e9rio P\u00fablico de Contas firmou, em reuni\u00e3o colegiada do \u00faltimo dia 13 de junho, posi\u00e7\u00e3o acerca da nova sistem\u00e1tica do TCE-PR no exame de Admiss\u00f5es de Pessoal para fins de registro (legalidade de concursos p\u00fablicos\/testes seletivos realizados pela Administra\u00e7\u00e3o P\u00fablica). \u00a0 Para o parquet, a Instru\u00e7\u00e3o Normativa 117\/16, do TCE-PR, apresenta ilegalidades e&hellip;","_links":{"self":[{"href":"https:\/\/www.mpc.pr.gov.br\/index.php\/wp-json\/wp\/v2\/posts\/4316","targetHints":{"allow":["GET"]}}],"collection":[{"href":"https:\/\/www.mpc.pr.gov.br\/index.php\/wp-json\/wp\/v2\/posts"}],"about":[{"href":"https:\/\/www.mpc.pr.gov.br\/index.php\/wp-json\/wp\/v2\/types\/post"}],"author":[{"embeddable":true,"href":"https:\/\/www.mpc.pr.gov.br\/index.php\/wp-json\/wp\/v2\/users\/3"}],"replies":[{"embeddable":true,"href":"https:\/\/www.mpc.pr.gov.br\/index.php\/wp-json\/wp\/v2\/comments?post=4316"}],"version-history":[{"count":0,"href":"https:\/\/www.mpc.pr.gov.br\/index.php\/wp-json\/wp\/v2\/posts\/4316\/revisions"}],"wp:featuredmedia":[{"embeddable":true,"href":"https:\/\/www.mpc.pr.gov.br\/index.php\/wp-json\/"}],"wp:attachment":[{"href":"https:\/\/www.mpc.pr.gov.br\/index.php\/wp-json\/wp\/v2\/media?parent=4316"}],"wp:term":[{"taxonomy":"category","embeddable":true,"href":"https:\/\/www.mpc.pr.gov.br\/index.php\/wp-json\/wp\/v2\/categories?post=4316"},{"taxonomy":"post_tag","embeddable":true,"href":"https:\/\/www.mpc.pr.gov.br\/index.php\/wp-json\/wp\/v2\/tags?post=4316"}],"curies":[{"name":"wp","href":"https:\/\/api.w.org\/{rel}","templated":true}]}}