{"id":4353,"date":"2016-08-18T17:30:54","date_gmt":"2016-08-18T17:30:54","guid":{"rendered":"http:\/\/www.mpc.pr.gov.br\/?p=4353"},"modified":"2016-08-18T17:30:54","modified_gmt":"2016-08-18T17:30:54","slug":"mpc-pr-refuta-criticas-sobre-nao-acompanhamento-de-execucoes-do-tce-pr","status":"publish","type":"post","link":"https:\/\/www.mpc.pr.gov.br\/index.php\/mpc-pr-refuta-criticas-sobre-nao-acompanhamento-de-execucoes-do-tce-pr\/","title":{"rendered":"MPC-PR refuta cr\u00edticas sobre n\u00e3o acompanhamento de execu\u00e7\u00f5es do TCE-PR"},"content":{"rendered":"<p style=\"text-align: justify;\">Em parecer exarado pelo Procurador Gabriel Guy L\u00e9ger sob o n\u00ba <a href=\"http:\/\/www.mpc.pr.gov.br\/wp-content\/uploads\/2016\/08\/Parecer-sobre-ALEGA\u00c7\u00d5ES-da-COEX-e-proposta-de-encerramento-de-dividas-n\u00e3o-inscritas.pdf\" target=\"_blank\" rel=\"noopener noreferrer\"><span style=\"text-decoration: underline;\">13.344\/16<\/span><\/a>, o Minist\u00e9rio P\u00fablico de Contas do Paran\u00e1 refuta\u00a0cr\u00edticas emitidas pela Coordenadoria de Execu\u00e7\u00f5es do TCE-PR sobre a falta de acompanhamento de execu\u00e7\u00e3o de decis\u00e3o do Tribunal proferida em 1996, a qual havia determinado o recolhimento de valores aos cofres p\u00fablicos em face de presta\u00e7\u00e3o de contas em aux\u00edlio financeiro desaprovada pela Corte.<\/p>\n<p style=\"text-align: justify;\">O MPC-PR argumenta que, ao contr\u00e1rio do defendido pela COEX, a \u00e9poca em que julgadas as contas ensejadoras da discuss\u00e3o, cabia \u00e0 Diretoria-Geral do TCE-PR promover as intima\u00e7\u00f5es e notifica\u00e7\u00f5es das partes para o cumprimento das decis\u00f5es da Corte, cabendo apenas supletivamente \u00e0 ent\u00e3o Procuradoria nos termos da antiga Lei Estadual 5.615\/67, na condi\u00e7\u00e3o de representante do Minist\u00e9rio P\u00fablico junto ao Tribunal, velar <span style=\"text-decoration: underline;\">supletivamente<\/span> pela execu\u00e7\u00e3o das decis\u00f5es do Tribunal.<\/p>\n<p style=\"text-align: justify;\">Ainda nos termos didaticamente expostos no parecer ministerial, foi somente no ano de 2002 com a edi\u00e7\u00e3o da Lei Estadual 13.951 que fixou a chefia do MPC\/PR em um de seus membros concursados, que este Minist\u00e9rio P\u00fablico\u00a0de Contas \u00a0passou a fazer um efetivo e sistem\u00e1tico acompanhamento das decis\u00f5es do Tribunal, sem preju\u00edzo das atribui\u00e7\u00f5es da Diretoria-Geral da Corte, fixadas em normativas internas e reafirmadas no Provimento n\u00ba 47\/2002, tais como a manuten\u00e7\u00e3o de cadastro atualizado dos executados, inclusive dos endere\u00e7os de seus domic\u00edlios, e do respectivo acompanhamento das inscri\u00e7\u00f5es em d\u00edvida ativa e execu\u00e7\u00f5es, pelo Estado e Munic\u00edpios.<\/p>\n<p style=\"text-align: center;\"><a href=\"http:\/\/www.mpc.pr.gov.br\/wp-content\/uploads\/2016\/08\/9080694980_476499506a.jpg\"><img fetchpriority=\"high\" decoding=\"async\" class=\"size-medium wp-image-4354 aligncenter\" alt=\"9080694980_476499506a\" src=\"http:\/\/www.mpc.pr.gov.br\/wp-content\/uploads\/2016\/08\/9080694980_476499506a-300x192.jpg\" width=\"300\" height=\"192\" \/><\/a><\/p>\n","protected":false},"excerpt":{"rendered":"<p>Em parecer exarado pelo Procurador Gabriel Guy L\u00e9ger sob o n\u00ba 13.344\/16, o Minist\u00e9rio P\u00fablico de Contas do Paran\u00e1 refuta\u00a0cr\u00edticas emitidas pela Coordenadoria de Execu\u00e7\u00f5es do TCE-PR sobre a falta de acompanhamento de execu\u00e7\u00e3o de decis\u00e3o do Tribunal proferida em 1996, a qual havia determinado o recolhimento de valores aos cofres p\u00fablicos em face de [&hellip;]<\/p>\n","protected":false},"author":4,"featured_media":4354,"comment_status":"open","ping_status":"open","sticky":false,"template":"","format":"standard","meta":{"_monsterinsights_skip_tracking":false,"_monsterinsights_sitenote_active":false,"_monsterinsights_sitenote_note":"","_monsterinsights_sitenote_category":0,"footnotes":""},"categories":[7,14],"tags":[],"class_list":["post-4353","post","type-post","status-publish","format-standard","has-post-thumbnail","hentry","category-todas-as-noticias","category-ultimas-noticias","entry","has-media"],"yoast_head":"<!-- This site is optimized with the Yoast SEO plugin v27.3 - https:\/\/yoast.com\/product\/yoast-seo-wordpress\/ -->\n<title>MPC-PR refuta cr\u00edticas sobre n\u00e3o acompanhamento de execu\u00e7\u00f5es do TCE-PR - Minist\u00e9rio P\u00fablico de Contas do Estado do Paran\u00e1<\/title>\n<meta name=\"robots\" content=\"index, follow, max-snippet:-1, max-image-preview:large, max-video-preview:-1\" \/>\n<link rel=\"canonical\" href=\"https:\/\/www.mpc.pr.gov.br\/index.php\/mpc-pr-refuta-criticas-sobre-nao-acompanhamento-de-execucoes-do-tce-pr\/\" \/>\n<meta property=\"og:locale\" content=\"pt_BR\" \/>\n<meta property=\"og:type\" content=\"article\" \/>\n<meta property=\"og:title\" content=\"MPC-PR refuta cr\u00edticas sobre n\u00e3o acompanhamento de execu\u00e7\u00f5es do TCE-PR - Minist\u00e9rio P\u00fablico de Contas do Estado do Paran\u00e1\" \/>\n<meta property=\"og:description\" content=\"Em parecer exarado pelo Procurador Gabriel Guy L\u00e9ger sob o n\u00ba 13.344\/16, o Minist\u00e9rio P\u00fablico de Contas do Paran\u00e1 refuta\u00a0cr\u00edticas emitidas pela Coordenadoria de Execu\u00e7\u00f5es do TCE-PR sobre a falta de acompanhamento de execu\u00e7\u00e3o de decis\u00e3o do Tribunal proferida em 1996, a qual havia determinado o recolhimento de valores aos cofres p\u00fablicos em face de [&hellip;]\" \/>\n<meta property=\"og:url\" content=\"https:\/\/www.mpc.pr.gov.br\/index.php\/mpc-pr-refuta-criticas-sobre-nao-acompanhamento-de-execucoes-do-tce-pr\/\" \/>\n<meta property=\"og:site_name\" content=\"Minist\u00e9rio P\u00fablico de Contas do Estado do Paran\u00e1\" \/>\n<meta property=\"article:publisher\" content=\"https:\/\/www.facebook.com\/mpc.pr\" \/>\n<meta property=\"article:published_time\" content=\"2016-08-18T17:30:54+00:00\" \/>\n<meta name=\"author\" content=\"suiane.oliveira\" \/>\n<meta name=\"twitter:card\" content=\"summary_large_image\" \/>\n<meta name=\"twitter:label1\" content=\"Escrito por\" \/>\n\t<meta name=\"twitter:data1\" content=\"suiane.oliveira\" \/>\n\t<meta name=\"twitter:label2\" content=\"Est. tempo de leitura\" \/>\n\t<meta name=\"twitter:data2\" content=\"1 minuto\" \/>\n<script type=\"application\/ld+json\" class=\"yoast-schema-graph\">{\"@context\":\"https:\\\/\\\/schema.org\",\"@graph\":[{\"@type\":\"Article\",\"@id\":\"https:\\\/\\\/www.mpc.pr.gov.br\\\/index.php\\\/mpc-pr-refuta-criticas-sobre-nao-acompanhamento-de-execucoes-do-tce-pr\\\/#article\",\"isPartOf\":{\"@id\":\"https:\\\/\\\/www.mpc.pr.gov.br\\\/index.php\\\/mpc-pr-refuta-criticas-sobre-nao-acompanhamento-de-execucoes-do-tce-pr\\\/\"},\"author\":{\"name\":\"suiane.oliveira\",\"@id\":\"https:\\\/\\\/www.mpc.pr.gov.br\\\/#\\\/schema\\\/person\\\/fcbc4260fccc8b55a21969df2a7a3241\"},\"headline\":\"MPC-PR refuta cr\u00edticas sobre n\u00e3o acompanhamento de execu\u00e7\u00f5es do TCE-PR\",\"datePublished\":\"2016-08-18T17:30:54+00:00\",\"mainEntityOfPage\":{\"@id\":\"https:\\\/\\\/www.mpc.pr.gov.br\\\/index.php\\\/mpc-pr-refuta-criticas-sobre-nao-acompanhamento-de-execucoes-do-tce-pr\\\/\"},\"wordCount\":275,\"commentCount\":0,\"publisher\":{\"@id\":\"https:\\\/\\\/www.mpc.pr.gov.br\\\/#organization\"},\"image\":{\"@id\":\"https:\\\/\\\/www.mpc.pr.gov.br\\\/index.php\\\/mpc-pr-refuta-criticas-sobre-nao-acompanhamento-de-execucoes-do-tce-pr\\\/#primaryimage\"},\"thumbnailUrl\":\"\",\"articleSection\":[\"Todas as not\u00edcias\",\"\u00daltimas not\u00edcias\"],\"inLanguage\":\"pt-BR\",\"potentialAction\":[{\"@type\":\"CommentAction\",\"name\":\"Comment\",\"target\":[\"https:\\\/\\\/www.mpc.pr.gov.br\\\/index.php\\\/mpc-pr-refuta-criticas-sobre-nao-acompanhamento-de-execucoes-do-tce-pr\\\/#respond\"]}]},{\"@type\":\"WebPage\",\"@id\":\"https:\\\/\\\/www.mpc.pr.gov.br\\\/index.php\\\/mpc-pr-refuta-criticas-sobre-nao-acompanhamento-de-execucoes-do-tce-pr\\\/\",\"url\":\"https:\\\/\\\/www.mpc.pr.gov.br\\\/index.php\\\/mpc-pr-refuta-criticas-sobre-nao-acompanhamento-de-execucoes-do-tce-pr\\\/\",\"name\":\"MPC-PR refuta cr\u00edticas sobre n\u00e3o acompanhamento de execu\u00e7\u00f5es do TCE-PR - Minist\u00e9rio P\u00fablico de Contas do Estado do Paran\u00e1\",\"isPartOf\":{\"@id\":\"https:\\\/\\\/www.mpc.pr.gov.br\\\/#website\"},\"primaryImageOfPage\":{\"@id\":\"https:\\\/\\\/www.mpc.pr.gov.br\\\/index.php\\\/mpc-pr-refuta-criticas-sobre-nao-acompanhamento-de-execucoes-do-tce-pr\\\/#primaryimage\"},\"image\":{\"@id\":\"https:\\\/\\\/www.mpc.pr.gov.br\\\/index.php\\\/mpc-pr-refuta-criticas-sobre-nao-acompanhamento-de-execucoes-do-tce-pr\\\/#primaryimage\"},\"thumbnailUrl\":\"\",\"datePublished\":\"2016-08-18T17:30:54+00:00\",\"breadcrumb\":{\"@id\":\"https:\\\/\\\/www.mpc.pr.gov.br\\\/index.php\\\/mpc-pr-refuta-criticas-sobre-nao-acompanhamento-de-execucoes-do-tce-pr\\\/#breadcrumb\"},\"inLanguage\":\"pt-BR\",\"potentialAction\":[{\"@type\":\"ReadAction\",\"target\":[\"https:\\\/\\\/www.mpc.pr.gov.br\\\/index.php\\\/mpc-pr-refuta-criticas-sobre-nao-acompanhamento-de-execucoes-do-tce-pr\\\/\"]}]},{\"@type\":\"ImageObject\",\"inLanguage\":\"pt-BR\",\"@id\":\"https:\\\/\\\/www.mpc.pr.gov.br\\\/index.php\\\/mpc-pr-refuta-criticas-sobre-nao-acompanhamento-de-execucoes-do-tce-pr\\\/#primaryimage\",\"url\":\"\",\"contentUrl\":\"\"},{\"@type\":\"BreadcrumbList\",\"@id\":\"https:\\\/\\\/www.mpc.pr.gov.br\\\/index.php\\\/mpc-pr-refuta-criticas-sobre-nao-acompanhamento-de-execucoes-do-tce-pr\\\/#breadcrumb\",\"itemListElement\":[{\"@type\":\"ListItem\",\"position\":1,\"name\":\"In\u00edcio\",\"item\":\"https:\\\/\\\/www.mpc.pr.gov.br\\\/\"},{\"@type\":\"ListItem\",\"position\":2,\"name\":\"MPC-PR refuta cr\u00edticas sobre n\u00e3o acompanhamento de execu\u00e7\u00f5es do TCE-PR\"}]},{\"@type\":\"WebSite\",\"@id\":\"https:\\\/\\\/www.mpc.pr.gov.br\\\/#website\",\"url\":\"https:\\\/\\\/www.mpc.pr.gov.br\\\/\",\"name\":\"Minist\u00e9rio P\u00fablico de Contas do Estado do Paran\u00e1\",\"description\":\"\",\"publisher\":{\"@id\":\"https:\\\/\\\/www.mpc.pr.gov.br\\\/#organization\"},\"potentialAction\":[{\"@type\":\"SearchAction\",\"target\":{\"@type\":\"EntryPoint\",\"urlTemplate\":\"https:\\\/\\\/www.mpc.pr.gov.br\\\/?s={search_term_string}\"},\"query-input\":{\"@type\":\"PropertyValueSpecification\",\"valueRequired\":true,\"valueName\":\"search_term_string\"}}],\"inLanguage\":\"pt-BR\"},{\"@type\":\"Organization\",\"@id\":\"https:\\\/\\\/www.mpc.pr.gov.br\\\/#organization\",\"name\":\"Minist\u00e9rio P\u00fablico de Contas do Estado do Paran\u00e1\",\"url\":\"https:\\\/\\\/www.mpc.pr.gov.br\\\/\",\"logo\":{\"@type\":\"ImageObject\",\"inLanguage\":\"pt-BR\",\"@id\":\"https:\\\/\\\/www.mpc.pr.gov.br\\\/#\\\/schema\\\/logo\\\/image\\\/\",\"url\":\"https:\\\/\\\/www.mpc.pr.gov.br\\\/wp-content\\\/uploads\\\/2020\\\/06\\\/99423647_1593460364143890_6706793420720963584_n-1-e1591387983167.png\",\"contentUrl\":\"https:\\\/\\\/www.mpc.pr.gov.br\\\/wp-content\\\/uploads\\\/2020\\\/06\\\/99423647_1593460364143890_6706793420720963584_n-1-e1591387983167.png\",\"width\":243,\"height\":73,\"caption\":\"Minist\u00e9rio P\u00fablico de Contas do Estado do Paran\u00e1\"},\"image\":{\"@id\":\"https:\\\/\\\/www.mpc.pr.gov.br\\\/#\\\/schema\\\/logo\\\/image\\\/\"},\"sameAs\":[\"https:\\\/\\\/www.facebook.com\\\/mpc.pr\",\"https:\\\/\\\/www.instagram.com\\\/mpc.pr\\\/?hl=pt-br\",\"https:\\\/\\\/www.youtube.com\\\/channel\\\/UCHri5oEM8DV0ztX57E0sBSw\"]},{\"@type\":\"Person\",\"@id\":\"https:\\\/\\\/www.mpc.pr.gov.br\\\/#\\\/schema\\\/person\\\/fcbc4260fccc8b55a21969df2a7a3241\",\"name\":\"suiane.oliveira\",\"image\":{\"@type\":\"ImageObject\",\"inLanguage\":\"pt-BR\",\"@id\":\"https:\\\/\\\/secure.gravatar.com\\\/avatar\\\/?s=96&d=mm&r=g\",\"url\":\"https:\\\/\\\/secure.gravatar.com\\\/avatar\\\/?s=96&d=mm&r=g\",\"contentUrl\":\"https:\\\/\\\/secure.gravatar.com\\\/avatar\\\/?s=96&d=mm&r=g\",\"caption\":\"suiane.oliveira\"}}]}<\/script>\n<!-- \/ Yoast SEO plugin. -->","yoast_head_json":{"title":"MPC-PR refuta cr\u00edticas sobre n\u00e3o acompanhamento de execu\u00e7\u00f5es do TCE-PR - Minist\u00e9rio P\u00fablico de Contas do Estado do Paran\u00e1","robots":{"index":"index","follow":"follow","max-snippet":"max-snippet:-1","max-image-preview":"max-image-preview:large","max-video-preview":"max-video-preview:-1"},"canonical":"https:\/\/www.mpc.pr.gov.br\/index.php\/mpc-pr-refuta-criticas-sobre-nao-acompanhamento-de-execucoes-do-tce-pr\/","og_locale":"pt_BR","og_type":"article","og_title":"MPC-PR refuta cr\u00edticas sobre n\u00e3o acompanhamento de execu\u00e7\u00f5es do TCE-PR - Minist\u00e9rio P\u00fablico de Contas do Estado do Paran\u00e1","og_description":"Em parecer exarado pelo Procurador Gabriel Guy L\u00e9ger sob o n\u00ba 13.344\/16, o Minist\u00e9rio P\u00fablico de Contas do Paran\u00e1 refuta\u00a0cr\u00edticas emitidas pela Coordenadoria de Execu\u00e7\u00f5es do TCE-PR sobre a falta de acompanhamento de execu\u00e7\u00e3o de decis\u00e3o do Tribunal proferida em 1996, a qual havia determinado o recolhimento de valores aos cofres p\u00fablicos em face de [&hellip;]","og_url":"https:\/\/www.mpc.pr.gov.br\/index.php\/mpc-pr-refuta-criticas-sobre-nao-acompanhamento-de-execucoes-do-tce-pr\/","og_site_name":"Minist\u00e9rio P\u00fablico de Contas do Estado do Paran\u00e1","article_publisher":"https:\/\/www.facebook.com\/mpc.pr","article_published_time":"2016-08-18T17:30:54+00:00","author":"suiane.oliveira","twitter_card":"summary_large_image","twitter_misc":{"Escrito por":"suiane.oliveira","Est. tempo de leitura":"1 minuto"},"schema":{"@context":"https:\/\/schema.org","@graph":[{"@type":"Article","@id":"https:\/\/www.mpc.pr.gov.br\/index.php\/mpc-pr-refuta-criticas-sobre-nao-acompanhamento-de-execucoes-do-tce-pr\/#article","isPartOf":{"@id":"https:\/\/www.mpc.pr.gov.br\/index.php\/mpc-pr-refuta-criticas-sobre-nao-acompanhamento-de-execucoes-do-tce-pr\/"},"author":{"name":"suiane.oliveira","@id":"https:\/\/www.mpc.pr.gov.br\/#\/schema\/person\/fcbc4260fccc8b55a21969df2a7a3241"},"headline":"MPC-PR refuta cr\u00edticas sobre n\u00e3o acompanhamento de execu\u00e7\u00f5es do TCE-PR","datePublished":"2016-08-18T17:30:54+00:00","mainEntityOfPage":{"@id":"https:\/\/www.mpc.pr.gov.br\/index.php\/mpc-pr-refuta-criticas-sobre-nao-acompanhamento-de-execucoes-do-tce-pr\/"},"wordCount":275,"commentCount":0,"publisher":{"@id":"https:\/\/www.mpc.pr.gov.br\/#organization"},"image":{"@id":"https:\/\/www.mpc.pr.gov.br\/index.php\/mpc-pr-refuta-criticas-sobre-nao-acompanhamento-de-execucoes-do-tce-pr\/#primaryimage"},"thumbnailUrl":"","articleSection":["Todas as not\u00edcias","\u00daltimas not\u00edcias"],"inLanguage":"pt-BR","potentialAction":[{"@type":"CommentAction","name":"Comment","target":["https:\/\/www.mpc.pr.gov.br\/index.php\/mpc-pr-refuta-criticas-sobre-nao-acompanhamento-de-execucoes-do-tce-pr\/#respond"]}]},{"@type":"WebPage","@id":"https:\/\/www.mpc.pr.gov.br\/index.php\/mpc-pr-refuta-criticas-sobre-nao-acompanhamento-de-execucoes-do-tce-pr\/","url":"https:\/\/www.mpc.pr.gov.br\/index.php\/mpc-pr-refuta-criticas-sobre-nao-acompanhamento-de-execucoes-do-tce-pr\/","name":"MPC-PR refuta cr\u00edticas sobre n\u00e3o acompanhamento de execu\u00e7\u00f5es do TCE-PR - Minist\u00e9rio P\u00fablico de Contas do Estado do Paran\u00e1","isPartOf":{"@id":"https:\/\/www.mpc.pr.gov.br\/#website"},"primaryImageOfPage":{"@id":"https:\/\/www.mpc.pr.gov.br\/index.php\/mpc-pr-refuta-criticas-sobre-nao-acompanhamento-de-execucoes-do-tce-pr\/#primaryimage"},"image":{"@id":"https:\/\/www.mpc.pr.gov.br\/index.php\/mpc-pr-refuta-criticas-sobre-nao-acompanhamento-de-execucoes-do-tce-pr\/#primaryimage"},"thumbnailUrl":"","datePublished":"2016-08-18T17:30:54+00:00","breadcrumb":{"@id":"https:\/\/www.mpc.pr.gov.br\/index.php\/mpc-pr-refuta-criticas-sobre-nao-acompanhamento-de-execucoes-do-tce-pr\/#breadcrumb"},"inLanguage":"pt-BR","potentialAction":[{"@type":"ReadAction","target":["https:\/\/www.mpc.pr.gov.br\/index.php\/mpc-pr-refuta-criticas-sobre-nao-acompanhamento-de-execucoes-do-tce-pr\/"]}]},{"@type":"ImageObject","inLanguage":"pt-BR","@id":"https:\/\/www.mpc.pr.gov.br\/index.php\/mpc-pr-refuta-criticas-sobre-nao-acompanhamento-de-execucoes-do-tce-pr\/#primaryimage","url":"","contentUrl":""},{"@type":"BreadcrumbList","@id":"https:\/\/www.mpc.pr.gov.br\/index.php\/mpc-pr-refuta-criticas-sobre-nao-acompanhamento-de-execucoes-do-tce-pr\/#breadcrumb","itemListElement":[{"@type":"ListItem","position":1,"name":"In\u00edcio","item":"https:\/\/www.mpc.pr.gov.br\/"},{"@type":"ListItem","position":2,"name":"MPC-PR refuta cr\u00edticas sobre n\u00e3o acompanhamento de execu\u00e7\u00f5es do TCE-PR"}]},{"@type":"WebSite","@id":"https:\/\/www.mpc.pr.gov.br\/#website","url":"https:\/\/www.mpc.pr.gov.br\/","name":"Minist\u00e9rio P\u00fablico de Contas do Estado do Paran\u00e1","description":"","publisher":{"@id":"https:\/\/www.mpc.pr.gov.br\/#organization"},"potentialAction":[{"@type":"SearchAction","target":{"@type":"EntryPoint","urlTemplate":"https:\/\/www.mpc.pr.gov.br\/?s={search_term_string}"},"query-input":{"@type":"PropertyValueSpecification","valueRequired":true,"valueName":"search_term_string"}}],"inLanguage":"pt-BR"},{"@type":"Organization","@id":"https:\/\/www.mpc.pr.gov.br\/#organization","name":"Minist\u00e9rio P\u00fablico de Contas do Estado do Paran\u00e1","url":"https:\/\/www.mpc.pr.gov.br\/","logo":{"@type":"ImageObject","inLanguage":"pt-BR","@id":"https:\/\/www.mpc.pr.gov.br\/#\/schema\/logo\/image\/","url":"https:\/\/www.mpc.pr.gov.br\/wp-content\/uploads\/2020\/06\/99423647_1593460364143890_6706793420720963584_n-1-e1591387983167.png","contentUrl":"https:\/\/www.mpc.pr.gov.br\/wp-content\/uploads\/2020\/06\/99423647_1593460364143890_6706793420720963584_n-1-e1591387983167.png","width":243,"height":73,"caption":"Minist\u00e9rio P\u00fablico de Contas do Estado do Paran\u00e1"},"image":{"@id":"https:\/\/www.mpc.pr.gov.br\/#\/schema\/logo\/image\/"},"sameAs":["https:\/\/www.facebook.com\/mpc.pr","https:\/\/www.instagram.com\/mpc.pr\/?hl=pt-br","https:\/\/www.youtube.com\/channel\/UCHri5oEM8DV0ztX57E0sBSw"]},{"@type":"Person","@id":"https:\/\/www.mpc.pr.gov.br\/#\/schema\/person\/fcbc4260fccc8b55a21969df2a7a3241","name":"suiane.oliveira","image":{"@type":"ImageObject","inLanguage":"pt-BR","@id":"https:\/\/secure.gravatar.com\/avatar\/?s=96&d=mm&r=g","url":"https:\/\/secure.gravatar.com\/avatar\/?s=96&d=mm&r=g","contentUrl":"https:\/\/secure.gravatar.com\/avatar\/?s=96&d=mm&r=g","caption":"suiane.oliveira"}}]}},"rttpg_featured_image_url":null,"rttpg_author":{"display_name":"suiane.oliveira","author_link":"https:\/\/www.mpc.pr.gov.br\/index.php\/author\/suiane-oliveira\/"},"rttpg_comment":0,"rttpg_category":"<a href=\"https:\/\/www.mpc.pr.gov.br\/index.php\/category\/todas-as-noticias\/\" rel=\"category tag\">Todas as not\u00edcias<\/a> <a href=\"https:\/\/www.mpc.pr.gov.br\/index.php\/category\/ultimas-noticias\/\" rel=\"category tag\">\u00daltimas not\u00edcias<\/a>","rttpg_excerpt":"Em parecer exarado pelo Procurador Gabriel Guy L\u00e9ger sob o n\u00ba 13.344\/16, o Minist\u00e9rio P\u00fablico de Contas do Paran\u00e1 refuta\u00a0cr\u00edticas emitidas pela Coordenadoria de Execu\u00e7\u00f5es do TCE-PR sobre a falta de acompanhamento de execu\u00e7\u00e3o de decis\u00e3o do Tribunal proferida em 1996, a qual havia determinado o recolhimento de valores aos cofres p\u00fablicos em face de&hellip;","_links":{"self":[{"href":"https:\/\/www.mpc.pr.gov.br\/index.php\/wp-json\/wp\/v2\/posts\/4353","targetHints":{"allow":["GET"]}}],"collection":[{"href":"https:\/\/www.mpc.pr.gov.br\/index.php\/wp-json\/wp\/v2\/posts"}],"about":[{"href":"https:\/\/www.mpc.pr.gov.br\/index.php\/wp-json\/wp\/v2\/types\/post"}],"author":[{"embeddable":true,"href":"https:\/\/www.mpc.pr.gov.br\/index.php\/wp-json\/wp\/v2\/users\/4"}],"replies":[{"embeddable":true,"href":"https:\/\/www.mpc.pr.gov.br\/index.php\/wp-json\/wp\/v2\/comments?post=4353"}],"version-history":[{"count":0,"href":"https:\/\/www.mpc.pr.gov.br\/index.php\/wp-json\/wp\/v2\/posts\/4353\/revisions"}],"wp:featuredmedia":[{"embeddable":true,"href":"https:\/\/www.mpc.pr.gov.br\/index.php\/wp-json\/"}],"wp:attachment":[{"href":"https:\/\/www.mpc.pr.gov.br\/index.php\/wp-json\/wp\/v2\/media?parent=4353"}],"wp:term":[{"taxonomy":"category","embeddable":true,"href":"https:\/\/www.mpc.pr.gov.br\/index.php\/wp-json\/wp\/v2\/categories?post=4353"},{"taxonomy":"post_tag","embeddable":true,"href":"https:\/\/www.mpc.pr.gov.br\/index.php\/wp-json\/wp\/v2\/tags?post=4353"}],"curies":[{"name":"wp","href":"https:\/\/api.w.org\/{rel}","templated":true}]}}