{"id":4392,"date":"2016-09-14T13:04:38","date_gmt":"2016-09-14T13:04:38","guid":{"rendered":"http:\/\/www.mpc.pr.gov.br\/?p=4392"},"modified":"2016-09-14T13:04:38","modified_gmt":"2016-09-14T13:04:38","slug":"tce-pr-aprova-contas-de-2015-do-governador","status":"publish","type":"post","link":"https:\/\/www.mpc.pr.gov.br\/index.php\/tce-pr-aprova-contas-de-2015-do-governador\/","title":{"rendered":"TCE-PR aprova contas de 2015 do Governador"},"content":{"rendered":"<p>Na sess\u00e3o do Pleno\u00a0de 13\/09\/16, o TCE-PR\u00a0decidiu aprovar as contas do Governo do Estado,\u00a0<em>contrario sensu\u00a0<\/em>do parecer emitido pela Procuradoria-Geral do Minist\u00e9rio P\u00fablico de Contas do Paran\u00e1, cujo teor havia apontado graves v\u00edcios de irregularidades cometidas durante o exerc\u00edcio de 2015 pelo Poder Executivo.<\/p>\n<p>As raz\u00f5es apontadas pelo MPC-PR n\u00e3o sensibilizaram o Plen\u00e1rio do Tribunal de Contas, a despeito dos argumentos lan\u00e7ados no parecer e defendidos oralmente na sess\u00e3o de julgamento. O assunto que mais chamou a aten\u00e7\u00e3o foi o d\u00e9ficit do Regime de Previd\u00eancia dos Servidores ap\u00f3s a transfer\u00eancia de mais de 30.000 servidores do Fundo Financeiro do Estado para o Fundo Previdenci\u00e1rio, em face de lei aprovada em 29\/04\/15, o que na pr\u00e1tica implicou em que a Paranaprevid\u00eancia arque com o pagamento de pens\u00f5es e aposentadorias de milhares de servidores que nunca contribu\u00edram para o regime. Estimativas otimistas d\u00e3o conta de que em 15 anos o sistema entrar\u00e1 em colapso. Afora isto, o parecer ministerial havia apontado a falta de repasse da contribui\u00e7\u00e3o patronal por parte do Estado, omiss\u00e3o esta que ensejaria a necessidade de reprimenda com a desaprova\u00e7\u00e3o das contas.<\/p>\n<p>Outros motivos apontados pelo Minist\u00e9rio P\u00fablico de Contas para decis\u00e3o diferente daquela adotada no Pleno foram a abertura de cr\u00e9ditos adicionais ao or\u00e7amento sem aprova\u00e7\u00e3o da Assembleia Legislativa, em ofensa direta ao artigo 167, VII da Constitui\u00e7\u00e3o Federal; o descumprimento de \u00edndices m\u00ednimos de gastos em ci\u00eancia e tecnologia &#8211; ofensa direta \u00e0 Constitui\u00e7\u00e3o do Estado do Paran\u00e1 -, e tamb\u00e9m descumprimento de \u00edndices m\u00ednimos de gastos\u00a0em sa\u00fade, dado que para atingir os 12% exigidos pela CF\/88 o Estado contabilizou despesas com o Hospital da Pol\u00edcia Militar e com o Plano de Sa\u00fade dos servidores p\u00fablicos do Estado, contrariando o texto da Lei Complementar 141\/12 &#8211; que impede que gastos n\u00e3o afetos \u00e0 programas de sa\u00fade de acesso universal sejam utilizados no c\u00f4mputo do \u00edndice m\u00ednimo exigido pela Constitui\u00e7\u00e3o Federal.<\/p>\n<p>Ainda, a falta de aporte de recursos e efetiva atua\u00e7\u00e3o dos Fundos Estaduais e os problemas e diverg\u00eancias nas informa\u00e7\u00f5es prestadas pelo sistema de contabilidade do Estado em rela\u00e7\u00e3o \u00e0 realidade constitu\u00edam-se em motivos para ju\u00edzo diverso daquele adotado pelo Tribunal de Contas.<\/p>\n<p>A decis\u00e3o plen\u00e1ria adotada no protocolo n\u00ba 330587\/16, ao aprovar as contas considerando os itens acima como simples ressalvas pass\u00edveis de recomenda\u00e7\u00f5es e determina\u00e7\u00f5es ao Poder Executivo, na pr\u00e1tica chancela os procedimentos adotados pelo Estado durante o ano de 2015, em contradi\u00e7\u00e3o ao que entende este Minist\u00e9rio P\u00fablico.<\/p>\n<p><a href=\"http:\/\/www.mpc.pr.gov.br\/wp-content\/uploads\/2016\/09\/bandeira-paran\u00e1.jpg\"><img fetchpriority=\"high\" decoding=\"async\" class=\"size-medium wp-image-4393 aligncenter\" alt=\"bandeira-parana\" src=\"http:\/\/www.mpc.pr.gov.br\/wp-content\/uploads\/2016\/09\/bandeira-paran\u00e1-300x200.jpg\" width=\"300\" height=\"200\" \/><\/a><\/p>\n","protected":false},"excerpt":{"rendered":"<p>Na sess\u00e3o do Pleno\u00a0de 13\/09\/16, o TCE-PR\u00a0decidiu aprovar as contas do Governo do Estado,\u00a0contrario sensu\u00a0do parecer emitido pela Procuradoria-Geral do Minist\u00e9rio P\u00fablico de Contas do Paran\u00e1, cujo teor havia apontado graves v\u00edcios de irregularidades cometidas durante o exerc\u00edcio de 2015 pelo Poder Executivo. As raz\u00f5es apontadas pelo MPC-PR n\u00e3o sensibilizaram o Plen\u00e1rio do Tribunal de [&hellip;]<\/p>\n","protected":false},"author":4,"featured_media":4393,"comment_status":"open","ping_status":"open","sticky":false,"template":"","format":"standard","meta":{"_monsterinsights_skip_tracking":false,"_monsterinsights_sitenote_active":false,"_monsterinsights_sitenote_note":"","_monsterinsights_sitenote_category":0,"footnotes":""},"categories":[7],"tags":[],"class_list":["post-4392","post","type-post","status-publish","format-standard","has-post-thumbnail","hentry","category-todas-as-noticias","entry","has-media"],"yoast_head":"<!-- This site is optimized with the Yoast SEO plugin v27.3 - https:\/\/yoast.com\/product\/yoast-seo-wordpress\/ -->\n<title>TCE-PR aprova contas de 2015 do Governador - Minist\u00e9rio P\u00fablico de Contas do Estado do Paran\u00e1<\/title>\n<meta name=\"robots\" content=\"index, follow, max-snippet:-1, max-image-preview:large, max-video-preview:-1\" \/>\n<link rel=\"canonical\" href=\"https:\/\/www.mpc.pr.gov.br\/index.php\/tce-pr-aprova-contas-de-2015-do-governador\/\" \/>\n<meta property=\"og:locale\" content=\"pt_BR\" \/>\n<meta property=\"og:type\" content=\"article\" \/>\n<meta property=\"og:title\" content=\"TCE-PR aprova contas de 2015 do Governador - Minist\u00e9rio P\u00fablico de Contas do Estado do Paran\u00e1\" \/>\n<meta property=\"og:description\" content=\"Na sess\u00e3o do Pleno\u00a0de 13\/09\/16, o TCE-PR\u00a0decidiu aprovar as contas do Governo do Estado,\u00a0contrario sensu\u00a0do parecer emitido pela Procuradoria-Geral do Minist\u00e9rio P\u00fablico de Contas do Paran\u00e1, cujo teor havia apontado graves v\u00edcios de irregularidades cometidas durante o exerc\u00edcio de 2015 pelo Poder Executivo. As raz\u00f5es apontadas pelo MPC-PR n\u00e3o sensibilizaram o Plen\u00e1rio do Tribunal de [&hellip;]\" \/>\n<meta property=\"og:url\" content=\"https:\/\/www.mpc.pr.gov.br\/index.php\/tce-pr-aprova-contas-de-2015-do-governador\/\" \/>\n<meta property=\"og:site_name\" content=\"Minist\u00e9rio P\u00fablico de Contas do Estado do Paran\u00e1\" \/>\n<meta property=\"article:publisher\" content=\"https:\/\/www.facebook.com\/mpc.pr\" \/>\n<meta property=\"article:published_time\" content=\"2016-09-14T13:04:38+00:00\" \/>\n<meta name=\"author\" content=\"suiane.oliveira\" \/>\n<meta name=\"twitter:card\" content=\"summary_large_image\" \/>\n<meta name=\"twitter:label1\" content=\"Escrito por\" \/>\n\t<meta name=\"twitter:data1\" content=\"suiane.oliveira\" \/>\n\t<meta name=\"twitter:label2\" content=\"Est. tempo de leitura\" \/>\n\t<meta name=\"twitter:data2\" content=\"2 minutos\" \/>\n<script type=\"application\/ld+json\" class=\"yoast-schema-graph\">{\"@context\":\"https:\\\/\\\/schema.org\",\"@graph\":[{\"@type\":\"Article\",\"@id\":\"https:\\\/\\\/www.mpc.pr.gov.br\\\/index.php\\\/tce-pr-aprova-contas-de-2015-do-governador\\\/#article\",\"isPartOf\":{\"@id\":\"https:\\\/\\\/www.mpc.pr.gov.br\\\/index.php\\\/tce-pr-aprova-contas-de-2015-do-governador\\\/\"},\"author\":{\"name\":\"suiane.oliveira\",\"@id\":\"https:\\\/\\\/www.mpc.pr.gov.br\\\/#\\\/schema\\\/person\\\/fcbc4260fccc8b55a21969df2a7a3241\"},\"headline\":\"TCE-PR aprova contas de 2015 do Governador\",\"datePublished\":\"2016-09-14T13:04:38+00:00\",\"mainEntityOfPage\":{\"@id\":\"https:\\\/\\\/www.mpc.pr.gov.br\\\/index.php\\\/tce-pr-aprova-contas-de-2015-do-governador\\\/\"},\"wordCount\":461,\"commentCount\":0,\"publisher\":{\"@id\":\"https:\\\/\\\/www.mpc.pr.gov.br\\\/#organization\"},\"image\":{\"@id\":\"https:\\\/\\\/www.mpc.pr.gov.br\\\/index.php\\\/tce-pr-aprova-contas-de-2015-do-governador\\\/#primaryimage\"},\"thumbnailUrl\":\"\",\"articleSection\":[\"Todas as not\u00edcias\"],\"inLanguage\":\"pt-BR\",\"potentialAction\":[{\"@type\":\"CommentAction\",\"name\":\"Comment\",\"target\":[\"https:\\\/\\\/www.mpc.pr.gov.br\\\/index.php\\\/tce-pr-aprova-contas-de-2015-do-governador\\\/#respond\"]}]},{\"@type\":\"WebPage\",\"@id\":\"https:\\\/\\\/www.mpc.pr.gov.br\\\/index.php\\\/tce-pr-aprova-contas-de-2015-do-governador\\\/\",\"url\":\"https:\\\/\\\/www.mpc.pr.gov.br\\\/index.php\\\/tce-pr-aprova-contas-de-2015-do-governador\\\/\",\"name\":\"TCE-PR aprova contas de 2015 do Governador - Minist\u00e9rio P\u00fablico de Contas do Estado do Paran\u00e1\",\"isPartOf\":{\"@id\":\"https:\\\/\\\/www.mpc.pr.gov.br\\\/#website\"},\"primaryImageOfPage\":{\"@id\":\"https:\\\/\\\/www.mpc.pr.gov.br\\\/index.php\\\/tce-pr-aprova-contas-de-2015-do-governador\\\/#primaryimage\"},\"image\":{\"@id\":\"https:\\\/\\\/www.mpc.pr.gov.br\\\/index.php\\\/tce-pr-aprova-contas-de-2015-do-governador\\\/#primaryimage\"},\"thumbnailUrl\":\"\",\"datePublished\":\"2016-09-14T13:04:38+00:00\",\"breadcrumb\":{\"@id\":\"https:\\\/\\\/www.mpc.pr.gov.br\\\/index.php\\\/tce-pr-aprova-contas-de-2015-do-governador\\\/#breadcrumb\"},\"inLanguage\":\"pt-BR\",\"potentialAction\":[{\"@type\":\"ReadAction\",\"target\":[\"https:\\\/\\\/www.mpc.pr.gov.br\\\/index.php\\\/tce-pr-aprova-contas-de-2015-do-governador\\\/\"]}]},{\"@type\":\"ImageObject\",\"inLanguage\":\"pt-BR\",\"@id\":\"https:\\\/\\\/www.mpc.pr.gov.br\\\/index.php\\\/tce-pr-aprova-contas-de-2015-do-governador\\\/#primaryimage\",\"url\":\"\",\"contentUrl\":\"\"},{\"@type\":\"BreadcrumbList\",\"@id\":\"https:\\\/\\\/www.mpc.pr.gov.br\\\/index.php\\\/tce-pr-aprova-contas-de-2015-do-governador\\\/#breadcrumb\",\"itemListElement\":[{\"@type\":\"ListItem\",\"position\":1,\"name\":\"In\u00edcio\",\"item\":\"https:\\\/\\\/www.mpc.pr.gov.br\\\/\"},{\"@type\":\"ListItem\",\"position\":2,\"name\":\"TCE-PR aprova contas de 2015 do Governador\"}]},{\"@type\":\"WebSite\",\"@id\":\"https:\\\/\\\/www.mpc.pr.gov.br\\\/#website\",\"url\":\"https:\\\/\\\/www.mpc.pr.gov.br\\\/\",\"name\":\"Minist\u00e9rio P\u00fablico de Contas do Estado do Paran\u00e1\",\"description\":\"\",\"publisher\":{\"@id\":\"https:\\\/\\\/www.mpc.pr.gov.br\\\/#organization\"},\"potentialAction\":[{\"@type\":\"SearchAction\",\"target\":{\"@type\":\"EntryPoint\",\"urlTemplate\":\"https:\\\/\\\/www.mpc.pr.gov.br\\\/?s={search_term_string}\"},\"query-input\":{\"@type\":\"PropertyValueSpecification\",\"valueRequired\":true,\"valueName\":\"search_term_string\"}}],\"inLanguage\":\"pt-BR\"},{\"@type\":\"Organization\",\"@id\":\"https:\\\/\\\/www.mpc.pr.gov.br\\\/#organization\",\"name\":\"Minist\u00e9rio P\u00fablico de Contas do Estado do Paran\u00e1\",\"url\":\"https:\\\/\\\/www.mpc.pr.gov.br\\\/\",\"logo\":{\"@type\":\"ImageObject\",\"inLanguage\":\"pt-BR\",\"@id\":\"https:\\\/\\\/www.mpc.pr.gov.br\\\/#\\\/schema\\\/logo\\\/image\\\/\",\"url\":\"https:\\\/\\\/www.mpc.pr.gov.br\\\/wp-content\\\/uploads\\\/2020\\\/06\\\/99423647_1593460364143890_6706793420720963584_n-1-e1591387983167.png\",\"contentUrl\":\"https:\\\/\\\/www.mpc.pr.gov.br\\\/wp-content\\\/uploads\\\/2020\\\/06\\\/99423647_1593460364143890_6706793420720963584_n-1-e1591387983167.png\",\"width\":243,\"height\":73,\"caption\":\"Minist\u00e9rio P\u00fablico de Contas do Estado do Paran\u00e1\"},\"image\":{\"@id\":\"https:\\\/\\\/www.mpc.pr.gov.br\\\/#\\\/schema\\\/logo\\\/image\\\/\"},\"sameAs\":[\"https:\\\/\\\/www.facebook.com\\\/mpc.pr\",\"https:\\\/\\\/www.instagram.com\\\/mpc.pr\\\/?hl=pt-br\",\"https:\\\/\\\/www.youtube.com\\\/channel\\\/UCHri5oEM8DV0ztX57E0sBSw\"]},{\"@type\":\"Person\",\"@id\":\"https:\\\/\\\/www.mpc.pr.gov.br\\\/#\\\/schema\\\/person\\\/fcbc4260fccc8b55a21969df2a7a3241\",\"name\":\"suiane.oliveira\",\"image\":{\"@type\":\"ImageObject\",\"inLanguage\":\"pt-BR\",\"@id\":\"https:\\\/\\\/secure.gravatar.com\\\/avatar\\\/?s=96&d=mm&r=g\",\"url\":\"https:\\\/\\\/secure.gravatar.com\\\/avatar\\\/?s=96&d=mm&r=g\",\"contentUrl\":\"https:\\\/\\\/secure.gravatar.com\\\/avatar\\\/?s=96&d=mm&r=g\",\"caption\":\"suiane.oliveira\"}}]}<\/script>\n<!-- \/ Yoast SEO plugin. -->","yoast_head_json":{"title":"TCE-PR aprova contas de 2015 do Governador - Minist\u00e9rio P\u00fablico de Contas do Estado do Paran\u00e1","robots":{"index":"index","follow":"follow","max-snippet":"max-snippet:-1","max-image-preview":"max-image-preview:large","max-video-preview":"max-video-preview:-1"},"canonical":"https:\/\/www.mpc.pr.gov.br\/index.php\/tce-pr-aprova-contas-de-2015-do-governador\/","og_locale":"pt_BR","og_type":"article","og_title":"TCE-PR aprova contas de 2015 do Governador - Minist\u00e9rio P\u00fablico de Contas do Estado do Paran\u00e1","og_description":"Na sess\u00e3o do Pleno\u00a0de 13\/09\/16, o TCE-PR\u00a0decidiu aprovar as contas do Governo do Estado,\u00a0contrario sensu\u00a0do parecer emitido pela Procuradoria-Geral do Minist\u00e9rio P\u00fablico de Contas do Paran\u00e1, cujo teor havia apontado graves v\u00edcios de irregularidades cometidas durante o exerc\u00edcio de 2015 pelo Poder Executivo. As raz\u00f5es apontadas pelo MPC-PR n\u00e3o sensibilizaram o Plen\u00e1rio do Tribunal de [&hellip;]","og_url":"https:\/\/www.mpc.pr.gov.br\/index.php\/tce-pr-aprova-contas-de-2015-do-governador\/","og_site_name":"Minist\u00e9rio P\u00fablico de Contas do Estado do Paran\u00e1","article_publisher":"https:\/\/www.facebook.com\/mpc.pr","article_published_time":"2016-09-14T13:04:38+00:00","author":"suiane.oliveira","twitter_card":"summary_large_image","twitter_misc":{"Escrito por":"suiane.oliveira","Est. tempo de leitura":"2 minutos"},"schema":{"@context":"https:\/\/schema.org","@graph":[{"@type":"Article","@id":"https:\/\/www.mpc.pr.gov.br\/index.php\/tce-pr-aprova-contas-de-2015-do-governador\/#article","isPartOf":{"@id":"https:\/\/www.mpc.pr.gov.br\/index.php\/tce-pr-aprova-contas-de-2015-do-governador\/"},"author":{"name":"suiane.oliveira","@id":"https:\/\/www.mpc.pr.gov.br\/#\/schema\/person\/fcbc4260fccc8b55a21969df2a7a3241"},"headline":"TCE-PR aprova contas de 2015 do Governador","datePublished":"2016-09-14T13:04:38+00:00","mainEntityOfPage":{"@id":"https:\/\/www.mpc.pr.gov.br\/index.php\/tce-pr-aprova-contas-de-2015-do-governador\/"},"wordCount":461,"commentCount":0,"publisher":{"@id":"https:\/\/www.mpc.pr.gov.br\/#organization"},"image":{"@id":"https:\/\/www.mpc.pr.gov.br\/index.php\/tce-pr-aprova-contas-de-2015-do-governador\/#primaryimage"},"thumbnailUrl":"","articleSection":["Todas as not\u00edcias"],"inLanguage":"pt-BR","potentialAction":[{"@type":"CommentAction","name":"Comment","target":["https:\/\/www.mpc.pr.gov.br\/index.php\/tce-pr-aprova-contas-de-2015-do-governador\/#respond"]}]},{"@type":"WebPage","@id":"https:\/\/www.mpc.pr.gov.br\/index.php\/tce-pr-aprova-contas-de-2015-do-governador\/","url":"https:\/\/www.mpc.pr.gov.br\/index.php\/tce-pr-aprova-contas-de-2015-do-governador\/","name":"TCE-PR aprova contas de 2015 do Governador - Minist\u00e9rio P\u00fablico de Contas do Estado do Paran\u00e1","isPartOf":{"@id":"https:\/\/www.mpc.pr.gov.br\/#website"},"primaryImageOfPage":{"@id":"https:\/\/www.mpc.pr.gov.br\/index.php\/tce-pr-aprova-contas-de-2015-do-governador\/#primaryimage"},"image":{"@id":"https:\/\/www.mpc.pr.gov.br\/index.php\/tce-pr-aprova-contas-de-2015-do-governador\/#primaryimage"},"thumbnailUrl":"","datePublished":"2016-09-14T13:04:38+00:00","breadcrumb":{"@id":"https:\/\/www.mpc.pr.gov.br\/index.php\/tce-pr-aprova-contas-de-2015-do-governador\/#breadcrumb"},"inLanguage":"pt-BR","potentialAction":[{"@type":"ReadAction","target":["https:\/\/www.mpc.pr.gov.br\/index.php\/tce-pr-aprova-contas-de-2015-do-governador\/"]}]},{"@type":"ImageObject","inLanguage":"pt-BR","@id":"https:\/\/www.mpc.pr.gov.br\/index.php\/tce-pr-aprova-contas-de-2015-do-governador\/#primaryimage","url":"","contentUrl":""},{"@type":"BreadcrumbList","@id":"https:\/\/www.mpc.pr.gov.br\/index.php\/tce-pr-aprova-contas-de-2015-do-governador\/#breadcrumb","itemListElement":[{"@type":"ListItem","position":1,"name":"In\u00edcio","item":"https:\/\/www.mpc.pr.gov.br\/"},{"@type":"ListItem","position":2,"name":"TCE-PR aprova contas de 2015 do Governador"}]},{"@type":"WebSite","@id":"https:\/\/www.mpc.pr.gov.br\/#website","url":"https:\/\/www.mpc.pr.gov.br\/","name":"Minist\u00e9rio P\u00fablico de Contas do Estado do Paran\u00e1","description":"","publisher":{"@id":"https:\/\/www.mpc.pr.gov.br\/#organization"},"potentialAction":[{"@type":"SearchAction","target":{"@type":"EntryPoint","urlTemplate":"https:\/\/www.mpc.pr.gov.br\/?s={search_term_string}"},"query-input":{"@type":"PropertyValueSpecification","valueRequired":true,"valueName":"search_term_string"}}],"inLanguage":"pt-BR"},{"@type":"Organization","@id":"https:\/\/www.mpc.pr.gov.br\/#organization","name":"Minist\u00e9rio P\u00fablico de Contas do Estado do Paran\u00e1","url":"https:\/\/www.mpc.pr.gov.br\/","logo":{"@type":"ImageObject","inLanguage":"pt-BR","@id":"https:\/\/www.mpc.pr.gov.br\/#\/schema\/logo\/image\/","url":"https:\/\/www.mpc.pr.gov.br\/wp-content\/uploads\/2020\/06\/99423647_1593460364143890_6706793420720963584_n-1-e1591387983167.png","contentUrl":"https:\/\/www.mpc.pr.gov.br\/wp-content\/uploads\/2020\/06\/99423647_1593460364143890_6706793420720963584_n-1-e1591387983167.png","width":243,"height":73,"caption":"Minist\u00e9rio P\u00fablico de Contas do Estado do Paran\u00e1"},"image":{"@id":"https:\/\/www.mpc.pr.gov.br\/#\/schema\/logo\/image\/"},"sameAs":["https:\/\/www.facebook.com\/mpc.pr","https:\/\/www.instagram.com\/mpc.pr\/?hl=pt-br","https:\/\/www.youtube.com\/channel\/UCHri5oEM8DV0ztX57E0sBSw"]},{"@type":"Person","@id":"https:\/\/www.mpc.pr.gov.br\/#\/schema\/person\/fcbc4260fccc8b55a21969df2a7a3241","name":"suiane.oliveira","image":{"@type":"ImageObject","inLanguage":"pt-BR","@id":"https:\/\/secure.gravatar.com\/avatar\/?s=96&d=mm&r=g","url":"https:\/\/secure.gravatar.com\/avatar\/?s=96&d=mm&r=g","contentUrl":"https:\/\/secure.gravatar.com\/avatar\/?s=96&d=mm&r=g","caption":"suiane.oliveira"}}]}},"rttpg_featured_image_url":null,"rttpg_author":{"display_name":"suiane.oliveira","author_link":"https:\/\/www.mpc.pr.gov.br\/index.php\/author\/suiane-oliveira\/"},"rttpg_comment":0,"rttpg_category":"<a href=\"https:\/\/www.mpc.pr.gov.br\/index.php\/category\/todas-as-noticias\/\" rel=\"category tag\">Todas as not\u00edcias<\/a>","rttpg_excerpt":"Na sess\u00e3o do Pleno\u00a0de 13\/09\/16, o TCE-PR\u00a0decidiu aprovar as contas do Governo do Estado,\u00a0contrario sensu\u00a0do parecer emitido pela Procuradoria-Geral do Minist\u00e9rio P\u00fablico de Contas do Paran\u00e1, cujo teor havia apontado graves v\u00edcios de irregularidades cometidas durante o exerc\u00edcio de 2015 pelo Poder Executivo. As raz\u00f5es apontadas pelo MPC-PR n\u00e3o sensibilizaram o Plen\u00e1rio do Tribunal de&hellip;","_links":{"self":[{"href":"https:\/\/www.mpc.pr.gov.br\/index.php\/wp-json\/wp\/v2\/posts\/4392","targetHints":{"allow":["GET"]}}],"collection":[{"href":"https:\/\/www.mpc.pr.gov.br\/index.php\/wp-json\/wp\/v2\/posts"}],"about":[{"href":"https:\/\/www.mpc.pr.gov.br\/index.php\/wp-json\/wp\/v2\/types\/post"}],"author":[{"embeddable":true,"href":"https:\/\/www.mpc.pr.gov.br\/index.php\/wp-json\/wp\/v2\/users\/4"}],"replies":[{"embeddable":true,"href":"https:\/\/www.mpc.pr.gov.br\/index.php\/wp-json\/wp\/v2\/comments?post=4392"}],"version-history":[{"count":0,"href":"https:\/\/www.mpc.pr.gov.br\/index.php\/wp-json\/wp\/v2\/posts\/4392\/revisions"}],"wp:featuredmedia":[{"embeddable":true,"href":"https:\/\/www.mpc.pr.gov.br\/index.php\/wp-json\/"}],"wp:attachment":[{"href":"https:\/\/www.mpc.pr.gov.br\/index.php\/wp-json\/wp\/v2\/media?parent=4392"}],"wp:term":[{"taxonomy":"category","embeddable":true,"href":"https:\/\/www.mpc.pr.gov.br\/index.php\/wp-json\/wp\/v2\/categories?post=4392"},{"taxonomy":"post_tag","embeddable":true,"href":"https:\/\/www.mpc.pr.gov.br\/index.php\/wp-json\/wp\/v2\/tags?post=4392"}],"curies":[{"name":"wp","href":"https:\/\/api.w.org\/{rel}","templated":true}]}}