{"id":4399,"date":"2016-09-22T12:37:15","date_gmt":"2016-09-22T12:37:15","guid":{"rendered":"http:\/\/www.mpc.pr.gov.br\/?p=4399"},"modified":"2016-09-22T12:37:15","modified_gmt":"2016-09-22T12:37:15","slug":"procurador-que-atuou-como-informante-no-julgamento-do-impeachment-estara-no-mpc-pr","status":"publish","type":"post","link":"https:\/\/www.mpc.pr.gov.br\/index.php\/procurador-que-atuou-como-informante-no-julgamento-do-impeachment-estara-no-mpc-pr\/","title":{"rendered":"Procurador que atuou como informante no julgamento do impeachment estar\u00e1 no MPC-PR"},"content":{"rendered":"<div align=\"justify\">\n<div align=\"justify\">O procurador <strong>J\u00falio Marcelo de Oliveira<\/strong>, do Minist\u00e9rio P\u00fablico de Contas que atua junto ao Tribunal de Contas da Uni\u00e3o (TCU), participar\u00e1 na manh\u00e3 da pr\u00f3xima segunda feira\u00a0(26\/09) do evento que marca o in\u00edcio das atividades do Centro de Estudos do Minist\u00e9rio P\u00fablico de Contas do Paran\u00e1.<\/div>\n<div align=\"justify\">O evento tamb\u00e9m retoma o projeto Di\u00e1logos com o MPC-PR, tendo por tema central \u201cReflex\u00f5es sobre a Lei de Responsabilidade Fiscal\u201d.<\/div>\n<div align=\"justify\">Participar\u00e3o como palestrantes\u00a0<strong>Rodrigo Kanayama<\/strong>, Professor de Direito Financeiro da UFPR, que falar\u00e1\u00a0\u201cSobre a Legalidade dos Cr\u00e9ditos Adicionais\u201d;\u00a0o Procurador do Minist\u00e9rio P\u00fablico de Contas do Paran\u00e1 <strong>Dr.<\/strong>\u00a0<strong>Elizeu de Moraes Corr\u00eaa<\/strong>, apresentando o\u00a0tema\u00a0\u201cA\u00a0Administra\u00e7\u00e3o Consensual e o Controle Externo\u201d, e ap\u00f3s a participa\u00e7\u00e3o do\u00a0Procurador J\u00falio Marcelo de Oliveira,\u00a0que falar\u00e1 sobre os\u00a0\u201cDesafios do Direito Financeiro em face da Crise Fiscal&#8221;,\u00a0haver\u00e1 uma rodada de debates.<\/div>\n<div align=\"justify\">O Centro de Estudos, coordenado pela Procuradora do MPC-PR<strong>\u00a0K\u00e1tia Regina Puchaski<\/strong>, tem por objetivo a promo\u00e7\u00e3o de cursos e semin\u00e1rios para o aperfei\u00e7oamento dos membros, servidores, assessores e estagi\u00e1rios da institui\u00e7\u00e3o. Ainda, visa\u00a0\u00e0 promo\u00e7\u00e3o peri\u00f3dica de estudos e pesquisas afetas ao controle externo da Administra\u00e7\u00e3o P\u00fablica, al\u00e9m da realiza\u00e7\u00e3o\u00a0de projetos e atividades de ensino e pesquisa relacionados \u00e0 atua\u00e7\u00e3o-fim do Minist\u00e9rio P\u00fablico de Contas.<\/div>\n<div align=\"justify\">J\u00e1 o projeto\u00a0Di\u00e1logos com o MPC-PR\u00a0tem por objetivo estabelecer maior aproxima\u00e7\u00e3o com a comunidade acad\u00eamica das faculdades de Direito do Paran\u00e1, levando informa\u00e7\u00f5es acerca das atividades exercidas pelo Tribunal de Contas no controle dos recursos p\u00fablicos e do desempenho do Minist\u00e9rio P\u00fablico que atua junto a essa Corte especializada.<\/div>\n<div align=\"justify\">Vale lembrar que o\u00a0Procurador J\u00falio Marcelo\u00a0de Oliveira atuou como informante no julgamento do processo de impeachment da ex-presidente Dilma Rousseff no Senado, ap\u00f3s ter seu parecer sobre as pedaladas fiscais utilizado como base para o pedido de afastamento.<\/div>\n<div align=\"justify\">Tendo em vista que est\u00e3o preenchidas todas\u00a0as vagas dispon\u00edveis\u00a0para participa\u00e7\u00f5es presenciais no evento, o MPC-PR\u00a0procurar\u00e1\u00a0viabilizar\u00a0a transmiss\u00e3o\u00a0online. O link ser\u00e1 oportunamente divulgado neste site.<\/div>\n<\/div>\n","protected":false},"excerpt":{"rendered":"<p>O procurador J\u00falio Marcelo de Oliveira, do Minist\u00e9rio P\u00fablico de Contas que atua junto ao Tribunal de Contas da Uni\u00e3o (TCU), participar\u00e1 na manh\u00e3 da pr\u00f3xima segunda feira\u00a0(26\/09) do evento que marca o in\u00edcio das atividades do Centro de Estudos do Minist\u00e9rio P\u00fablico de Contas do Paran\u00e1. O evento tamb\u00e9m retoma o projeto Di\u00e1logos com [&hellip;]<\/p>\n","protected":false},"author":4,"featured_media":4404,"comment_status":"open","ping_status":"open","sticky":false,"template":"","format":"standard","meta":{"_monsterinsights_skip_tracking":false,"_monsterinsights_sitenote_active":false,"_monsterinsights_sitenote_note":"","_monsterinsights_sitenote_category":0,"footnotes":""},"categories":[7],"tags":[],"class_list":["post-4399","post","type-post","status-publish","format-standard","has-post-thumbnail","hentry","category-todas-as-noticias","entry","has-media"],"yoast_head":"<!-- This site is optimized with the Yoast SEO plugin v27.3 - https:\/\/yoast.com\/product\/yoast-seo-wordpress\/ -->\n<title>Procurador que atuou como informante no julgamento do impeachment estar\u00e1 no MPC-PR - Minist\u00e9rio P\u00fablico de Contas do Estado do Paran\u00e1<\/title>\n<meta name=\"robots\" content=\"index, follow, max-snippet:-1, max-image-preview:large, max-video-preview:-1\" \/>\n<link rel=\"canonical\" href=\"https:\/\/www.mpc.pr.gov.br\/index.php\/procurador-que-atuou-como-informante-no-julgamento-do-impeachment-estara-no-mpc-pr\/\" \/>\n<meta property=\"og:locale\" content=\"pt_BR\" \/>\n<meta property=\"og:type\" content=\"article\" \/>\n<meta property=\"og:title\" content=\"Procurador que atuou como informante no julgamento do impeachment estar\u00e1 no MPC-PR - Minist\u00e9rio P\u00fablico de Contas do Estado do Paran\u00e1\" \/>\n<meta property=\"og:description\" content=\"O procurador J\u00falio Marcelo de Oliveira, do Minist\u00e9rio P\u00fablico de Contas que atua junto ao Tribunal de Contas da Uni\u00e3o (TCU), participar\u00e1 na manh\u00e3 da pr\u00f3xima segunda feira\u00a0(26\/09) do evento que marca o in\u00edcio das atividades do Centro de Estudos do Minist\u00e9rio P\u00fablico de Contas do Paran\u00e1. O evento tamb\u00e9m retoma o projeto Di\u00e1logos com [&hellip;]\" \/>\n<meta property=\"og:url\" content=\"https:\/\/www.mpc.pr.gov.br\/index.php\/procurador-que-atuou-como-informante-no-julgamento-do-impeachment-estara-no-mpc-pr\/\" \/>\n<meta property=\"og:site_name\" content=\"Minist\u00e9rio P\u00fablico de Contas do Estado do Paran\u00e1\" \/>\n<meta property=\"article:publisher\" content=\"https:\/\/www.facebook.com\/mpc.pr\" \/>\n<meta property=\"article:published_time\" content=\"2016-09-22T12:37:15+00:00\" \/>\n<meta name=\"author\" content=\"suiane.oliveira\" \/>\n<meta name=\"twitter:card\" content=\"summary_large_image\" \/>\n<meta name=\"twitter:label1\" content=\"Escrito por\" \/>\n\t<meta name=\"twitter:data1\" content=\"suiane.oliveira\" \/>\n\t<meta name=\"twitter:label2\" content=\"Est. tempo de leitura\" \/>\n\t<meta name=\"twitter:data2\" content=\"2 minutos\" \/>\n<script type=\"application\/ld+json\" class=\"yoast-schema-graph\">{\"@context\":\"https:\\\/\\\/schema.org\",\"@graph\":[{\"@type\":\"Article\",\"@id\":\"https:\\\/\\\/www.mpc.pr.gov.br\\\/index.php\\\/procurador-que-atuou-como-informante-no-julgamento-do-impeachment-estara-no-mpc-pr\\\/#article\",\"isPartOf\":{\"@id\":\"https:\\\/\\\/www.mpc.pr.gov.br\\\/index.php\\\/procurador-que-atuou-como-informante-no-julgamento-do-impeachment-estara-no-mpc-pr\\\/\"},\"author\":{\"name\":\"suiane.oliveira\",\"@id\":\"https:\\\/\\\/www.mpc.pr.gov.br\\\/#\\\/schema\\\/person\\\/fcbc4260fccc8b55a21969df2a7a3241\"},\"headline\":\"Procurador que atuou como informante no julgamento do impeachment estar\u00e1 no MPC-PR\",\"datePublished\":\"2016-09-22T12:37:15+00:00\",\"mainEntityOfPage\":{\"@id\":\"https:\\\/\\\/www.mpc.pr.gov.br\\\/index.php\\\/procurador-que-atuou-como-informante-no-julgamento-do-impeachment-estara-no-mpc-pr\\\/\"},\"wordCount\":384,\"commentCount\":0,\"publisher\":{\"@id\":\"https:\\\/\\\/www.mpc.pr.gov.br\\\/#organization\"},\"image\":{\"@id\":\"https:\\\/\\\/www.mpc.pr.gov.br\\\/index.php\\\/procurador-que-atuou-como-informante-no-julgamento-do-impeachment-estara-no-mpc-pr\\\/#primaryimage\"},\"thumbnailUrl\":\"\",\"articleSection\":[\"Todas as not\u00edcias\"],\"inLanguage\":\"pt-BR\",\"potentialAction\":[{\"@type\":\"CommentAction\",\"name\":\"Comment\",\"target\":[\"https:\\\/\\\/www.mpc.pr.gov.br\\\/index.php\\\/procurador-que-atuou-como-informante-no-julgamento-do-impeachment-estara-no-mpc-pr\\\/#respond\"]}]},{\"@type\":\"WebPage\",\"@id\":\"https:\\\/\\\/www.mpc.pr.gov.br\\\/index.php\\\/procurador-que-atuou-como-informante-no-julgamento-do-impeachment-estara-no-mpc-pr\\\/\",\"url\":\"https:\\\/\\\/www.mpc.pr.gov.br\\\/index.php\\\/procurador-que-atuou-como-informante-no-julgamento-do-impeachment-estara-no-mpc-pr\\\/\",\"name\":\"Procurador que atuou como informante no julgamento do impeachment estar\u00e1 no MPC-PR - Minist\u00e9rio P\u00fablico de Contas do Estado do Paran\u00e1\",\"isPartOf\":{\"@id\":\"https:\\\/\\\/www.mpc.pr.gov.br\\\/#website\"},\"primaryImageOfPage\":{\"@id\":\"https:\\\/\\\/www.mpc.pr.gov.br\\\/index.php\\\/procurador-que-atuou-como-informante-no-julgamento-do-impeachment-estara-no-mpc-pr\\\/#primaryimage\"},\"image\":{\"@id\":\"https:\\\/\\\/www.mpc.pr.gov.br\\\/index.php\\\/procurador-que-atuou-como-informante-no-julgamento-do-impeachment-estara-no-mpc-pr\\\/#primaryimage\"},\"thumbnailUrl\":\"\",\"datePublished\":\"2016-09-22T12:37:15+00:00\",\"breadcrumb\":{\"@id\":\"https:\\\/\\\/www.mpc.pr.gov.br\\\/index.php\\\/procurador-que-atuou-como-informante-no-julgamento-do-impeachment-estara-no-mpc-pr\\\/#breadcrumb\"},\"inLanguage\":\"pt-BR\",\"potentialAction\":[{\"@type\":\"ReadAction\",\"target\":[\"https:\\\/\\\/www.mpc.pr.gov.br\\\/index.php\\\/procurador-que-atuou-como-informante-no-julgamento-do-impeachment-estara-no-mpc-pr\\\/\"]}]},{\"@type\":\"ImageObject\",\"inLanguage\":\"pt-BR\",\"@id\":\"https:\\\/\\\/www.mpc.pr.gov.br\\\/index.php\\\/procurador-que-atuou-como-informante-no-julgamento-do-impeachment-estara-no-mpc-pr\\\/#primaryimage\",\"url\":\"\",\"contentUrl\":\"\"},{\"@type\":\"BreadcrumbList\",\"@id\":\"https:\\\/\\\/www.mpc.pr.gov.br\\\/index.php\\\/procurador-que-atuou-como-informante-no-julgamento-do-impeachment-estara-no-mpc-pr\\\/#breadcrumb\",\"itemListElement\":[{\"@type\":\"ListItem\",\"position\":1,\"name\":\"In\u00edcio\",\"item\":\"https:\\\/\\\/www.mpc.pr.gov.br\\\/\"},{\"@type\":\"ListItem\",\"position\":2,\"name\":\"Procurador que atuou como informante no julgamento do impeachment estar\u00e1 no MPC-PR\"}]},{\"@type\":\"WebSite\",\"@id\":\"https:\\\/\\\/www.mpc.pr.gov.br\\\/#website\",\"url\":\"https:\\\/\\\/www.mpc.pr.gov.br\\\/\",\"name\":\"Minist\u00e9rio P\u00fablico de Contas do Estado do Paran\u00e1\",\"description\":\"\",\"publisher\":{\"@id\":\"https:\\\/\\\/www.mpc.pr.gov.br\\\/#organization\"},\"potentialAction\":[{\"@type\":\"SearchAction\",\"target\":{\"@type\":\"EntryPoint\",\"urlTemplate\":\"https:\\\/\\\/www.mpc.pr.gov.br\\\/?s={search_term_string}\"},\"query-input\":{\"@type\":\"PropertyValueSpecification\",\"valueRequired\":true,\"valueName\":\"search_term_string\"}}],\"inLanguage\":\"pt-BR\"},{\"@type\":\"Organization\",\"@id\":\"https:\\\/\\\/www.mpc.pr.gov.br\\\/#organization\",\"name\":\"Minist\u00e9rio P\u00fablico de Contas do Estado do Paran\u00e1\",\"url\":\"https:\\\/\\\/www.mpc.pr.gov.br\\\/\",\"logo\":{\"@type\":\"ImageObject\",\"inLanguage\":\"pt-BR\",\"@id\":\"https:\\\/\\\/www.mpc.pr.gov.br\\\/#\\\/schema\\\/logo\\\/image\\\/\",\"url\":\"https:\\\/\\\/www.mpc.pr.gov.br\\\/wp-content\\\/uploads\\\/2020\\\/06\\\/99423647_1593460364143890_6706793420720963584_n-1-e1591387983167.png\",\"contentUrl\":\"https:\\\/\\\/www.mpc.pr.gov.br\\\/wp-content\\\/uploads\\\/2020\\\/06\\\/99423647_1593460364143890_6706793420720963584_n-1-e1591387983167.png\",\"width\":243,\"height\":73,\"caption\":\"Minist\u00e9rio P\u00fablico de Contas do Estado do Paran\u00e1\"},\"image\":{\"@id\":\"https:\\\/\\\/www.mpc.pr.gov.br\\\/#\\\/schema\\\/logo\\\/image\\\/\"},\"sameAs\":[\"https:\\\/\\\/www.facebook.com\\\/mpc.pr\",\"https:\\\/\\\/www.instagram.com\\\/mpc.pr\\\/?hl=pt-br\",\"https:\\\/\\\/www.youtube.com\\\/channel\\\/UCHri5oEM8DV0ztX57E0sBSw\"]},{\"@type\":\"Person\",\"@id\":\"https:\\\/\\\/www.mpc.pr.gov.br\\\/#\\\/schema\\\/person\\\/fcbc4260fccc8b55a21969df2a7a3241\",\"name\":\"suiane.oliveira\",\"image\":{\"@type\":\"ImageObject\",\"inLanguage\":\"pt-BR\",\"@id\":\"https:\\\/\\\/secure.gravatar.com\\\/avatar\\\/?s=96&d=mm&r=g\",\"url\":\"https:\\\/\\\/secure.gravatar.com\\\/avatar\\\/?s=96&d=mm&r=g\",\"contentUrl\":\"https:\\\/\\\/secure.gravatar.com\\\/avatar\\\/?s=96&d=mm&r=g\",\"caption\":\"suiane.oliveira\"}}]}<\/script>\n<!-- \/ Yoast SEO plugin. -->","yoast_head_json":{"title":"Procurador que atuou como informante no julgamento do impeachment estar\u00e1 no MPC-PR - Minist\u00e9rio P\u00fablico de Contas do Estado do Paran\u00e1","robots":{"index":"index","follow":"follow","max-snippet":"max-snippet:-1","max-image-preview":"max-image-preview:large","max-video-preview":"max-video-preview:-1"},"canonical":"https:\/\/www.mpc.pr.gov.br\/index.php\/procurador-que-atuou-como-informante-no-julgamento-do-impeachment-estara-no-mpc-pr\/","og_locale":"pt_BR","og_type":"article","og_title":"Procurador que atuou como informante no julgamento do impeachment estar\u00e1 no MPC-PR - Minist\u00e9rio P\u00fablico de Contas do Estado do Paran\u00e1","og_description":"O procurador J\u00falio Marcelo de Oliveira, do Minist\u00e9rio P\u00fablico de Contas que atua junto ao Tribunal de Contas da Uni\u00e3o (TCU), participar\u00e1 na manh\u00e3 da pr\u00f3xima segunda feira\u00a0(26\/09) do evento que marca o in\u00edcio das atividades do Centro de Estudos do Minist\u00e9rio P\u00fablico de Contas do Paran\u00e1. O evento tamb\u00e9m retoma o projeto Di\u00e1logos com [&hellip;]","og_url":"https:\/\/www.mpc.pr.gov.br\/index.php\/procurador-que-atuou-como-informante-no-julgamento-do-impeachment-estara-no-mpc-pr\/","og_site_name":"Minist\u00e9rio P\u00fablico de Contas do Estado do Paran\u00e1","article_publisher":"https:\/\/www.facebook.com\/mpc.pr","article_published_time":"2016-09-22T12:37:15+00:00","author":"suiane.oliveira","twitter_card":"summary_large_image","twitter_misc":{"Escrito por":"suiane.oliveira","Est. tempo de leitura":"2 minutos"},"schema":{"@context":"https:\/\/schema.org","@graph":[{"@type":"Article","@id":"https:\/\/www.mpc.pr.gov.br\/index.php\/procurador-que-atuou-como-informante-no-julgamento-do-impeachment-estara-no-mpc-pr\/#article","isPartOf":{"@id":"https:\/\/www.mpc.pr.gov.br\/index.php\/procurador-que-atuou-como-informante-no-julgamento-do-impeachment-estara-no-mpc-pr\/"},"author":{"name":"suiane.oliveira","@id":"https:\/\/www.mpc.pr.gov.br\/#\/schema\/person\/fcbc4260fccc8b55a21969df2a7a3241"},"headline":"Procurador que atuou como informante no julgamento do impeachment estar\u00e1 no MPC-PR","datePublished":"2016-09-22T12:37:15+00:00","mainEntityOfPage":{"@id":"https:\/\/www.mpc.pr.gov.br\/index.php\/procurador-que-atuou-como-informante-no-julgamento-do-impeachment-estara-no-mpc-pr\/"},"wordCount":384,"commentCount":0,"publisher":{"@id":"https:\/\/www.mpc.pr.gov.br\/#organization"},"image":{"@id":"https:\/\/www.mpc.pr.gov.br\/index.php\/procurador-que-atuou-como-informante-no-julgamento-do-impeachment-estara-no-mpc-pr\/#primaryimage"},"thumbnailUrl":"","articleSection":["Todas as not\u00edcias"],"inLanguage":"pt-BR","potentialAction":[{"@type":"CommentAction","name":"Comment","target":["https:\/\/www.mpc.pr.gov.br\/index.php\/procurador-que-atuou-como-informante-no-julgamento-do-impeachment-estara-no-mpc-pr\/#respond"]}]},{"@type":"WebPage","@id":"https:\/\/www.mpc.pr.gov.br\/index.php\/procurador-que-atuou-como-informante-no-julgamento-do-impeachment-estara-no-mpc-pr\/","url":"https:\/\/www.mpc.pr.gov.br\/index.php\/procurador-que-atuou-como-informante-no-julgamento-do-impeachment-estara-no-mpc-pr\/","name":"Procurador que atuou como informante no julgamento do impeachment estar\u00e1 no MPC-PR - Minist\u00e9rio P\u00fablico de Contas do Estado do Paran\u00e1","isPartOf":{"@id":"https:\/\/www.mpc.pr.gov.br\/#website"},"primaryImageOfPage":{"@id":"https:\/\/www.mpc.pr.gov.br\/index.php\/procurador-que-atuou-como-informante-no-julgamento-do-impeachment-estara-no-mpc-pr\/#primaryimage"},"image":{"@id":"https:\/\/www.mpc.pr.gov.br\/index.php\/procurador-que-atuou-como-informante-no-julgamento-do-impeachment-estara-no-mpc-pr\/#primaryimage"},"thumbnailUrl":"","datePublished":"2016-09-22T12:37:15+00:00","breadcrumb":{"@id":"https:\/\/www.mpc.pr.gov.br\/index.php\/procurador-que-atuou-como-informante-no-julgamento-do-impeachment-estara-no-mpc-pr\/#breadcrumb"},"inLanguage":"pt-BR","potentialAction":[{"@type":"ReadAction","target":["https:\/\/www.mpc.pr.gov.br\/index.php\/procurador-que-atuou-como-informante-no-julgamento-do-impeachment-estara-no-mpc-pr\/"]}]},{"@type":"ImageObject","inLanguage":"pt-BR","@id":"https:\/\/www.mpc.pr.gov.br\/index.php\/procurador-que-atuou-como-informante-no-julgamento-do-impeachment-estara-no-mpc-pr\/#primaryimage","url":"","contentUrl":""},{"@type":"BreadcrumbList","@id":"https:\/\/www.mpc.pr.gov.br\/index.php\/procurador-que-atuou-como-informante-no-julgamento-do-impeachment-estara-no-mpc-pr\/#breadcrumb","itemListElement":[{"@type":"ListItem","position":1,"name":"In\u00edcio","item":"https:\/\/www.mpc.pr.gov.br\/"},{"@type":"ListItem","position":2,"name":"Procurador que atuou como informante no julgamento do impeachment estar\u00e1 no MPC-PR"}]},{"@type":"WebSite","@id":"https:\/\/www.mpc.pr.gov.br\/#website","url":"https:\/\/www.mpc.pr.gov.br\/","name":"Minist\u00e9rio P\u00fablico de Contas do Estado do Paran\u00e1","description":"","publisher":{"@id":"https:\/\/www.mpc.pr.gov.br\/#organization"},"potentialAction":[{"@type":"SearchAction","target":{"@type":"EntryPoint","urlTemplate":"https:\/\/www.mpc.pr.gov.br\/?s={search_term_string}"},"query-input":{"@type":"PropertyValueSpecification","valueRequired":true,"valueName":"search_term_string"}}],"inLanguage":"pt-BR"},{"@type":"Organization","@id":"https:\/\/www.mpc.pr.gov.br\/#organization","name":"Minist\u00e9rio P\u00fablico de Contas do Estado do Paran\u00e1","url":"https:\/\/www.mpc.pr.gov.br\/","logo":{"@type":"ImageObject","inLanguage":"pt-BR","@id":"https:\/\/www.mpc.pr.gov.br\/#\/schema\/logo\/image\/","url":"https:\/\/www.mpc.pr.gov.br\/wp-content\/uploads\/2020\/06\/99423647_1593460364143890_6706793420720963584_n-1-e1591387983167.png","contentUrl":"https:\/\/www.mpc.pr.gov.br\/wp-content\/uploads\/2020\/06\/99423647_1593460364143890_6706793420720963584_n-1-e1591387983167.png","width":243,"height":73,"caption":"Minist\u00e9rio P\u00fablico de Contas do Estado do Paran\u00e1"},"image":{"@id":"https:\/\/www.mpc.pr.gov.br\/#\/schema\/logo\/image\/"},"sameAs":["https:\/\/www.facebook.com\/mpc.pr","https:\/\/www.instagram.com\/mpc.pr\/?hl=pt-br","https:\/\/www.youtube.com\/channel\/UCHri5oEM8DV0ztX57E0sBSw"]},{"@type":"Person","@id":"https:\/\/www.mpc.pr.gov.br\/#\/schema\/person\/fcbc4260fccc8b55a21969df2a7a3241","name":"suiane.oliveira","image":{"@type":"ImageObject","inLanguage":"pt-BR","@id":"https:\/\/secure.gravatar.com\/avatar\/?s=96&d=mm&r=g","url":"https:\/\/secure.gravatar.com\/avatar\/?s=96&d=mm&r=g","contentUrl":"https:\/\/secure.gravatar.com\/avatar\/?s=96&d=mm&r=g","caption":"suiane.oliveira"}}]}},"rttpg_featured_image_url":null,"rttpg_author":{"display_name":"suiane.oliveira","author_link":"https:\/\/www.mpc.pr.gov.br\/index.php\/author\/suiane-oliveira\/"},"rttpg_comment":0,"rttpg_category":"<a href=\"https:\/\/www.mpc.pr.gov.br\/index.php\/category\/todas-as-noticias\/\" rel=\"category tag\">Todas as not\u00edcias<\/a>","rttpg_excerpt":"O procurador J\u00falio Marcelo de Oliveira, do Minist\u00e9rio P\u00fablico de Contas que atua junto ao Tribunal de Contas da Uni\u00e3o (TCU), participar\u00e1 na manh\u00e3 da pr\u00f3xima segunda feira\u00a0(26\/09) do evento que marca o in\u00edcio das atividades do Centro de Estudos do Minist\u00e9rio P\u00fablico de Contas do Paran\u00e1. O evento tamb\u00e9m retoma o projeto Di\u00e1logos com&hellip;","_links":{"self":[{"href":"https:\/\/www.mpc.pr.gov.br\/index.php\/wp-json\/wp\/v2\/posts\/4399","targetHints":{"allow":["GET"]}}],"collection":[{"href":"https:\/\/www.mpc.pr.gov.br\/index.php\/wp-json\/wp\/v2\/posts"}],"about":[{"href":"https:\/\/www.mpc.pr.gov.br\/index.php\/wp-json\/wp\/v2\/types\/post"}],"author":[{"embeddable":true,"href":"https:\/\/www.mpc.pr.gov.br\/index.php\/wp-json\/wp\/v2\/users\/4"}],"replies":[{"embeddable":true,"href":"https:\/\/www.mpc.pr.gov.br\/index.php\/wp-json\/wp\/v2\/comments?post=4399"}],"version-history":[{"count":0,"href":"https:\/\/www.mpc.pr.gov.br\/index.php\/wp-json\/wp\/v2\/posts\/4399\/revisions"}],"wp:featuredmedia":[{"embeddable":true,"href":"https:\/\/www.mpc.pr.gov.br\/index.php\/wp-json\/"}],"wp:attachment":[{"href":"https:\/\/www.mpc.pr.gov.br\/index.php\/wp-json\/wp\/v2\/media?parent=4399"}],"wp:term":[{"taxonomy":"category","embeddable":true,"href":"https:\/\/www.mpc.pr.gov.br\/index.php\/wp-json\/wp\/v2\/categories?post=4399"},{"taxonomy":"post_tag","embeddable":true,"href":"https:\/\/www.mpc.pr.gov.br\/index.php\/wp-json\/wp\/v2\/tags?post=4399"}],"curies":[{"name":"wp","href":"https:\/\/api.w.org\/{rel}","templated":true}]}}