{"id":4508,"date":"2016-11-11T16:37:50","date_gmt":"2016-11-11T16:37:50","guid":{"rendered":"http:\/\/www.mpc.pr.gov.br\/?p=4508"},"modified":"2016-11-11T16:37:50","modified_gmt":"2016-11-11T16:37:50","slug":"prefeitos-que-reduzirem-servicos-de-saude-serao-responsabilizados","status":"publish","type":"post","link":"https:\/\/www.mpc.pr.gov.br\/index.php\/prefeitos-que-reduzirem-servicos-de-saude-serao-responsabilizados\/","title":{"rendered":"Prefeitos que reduzirem servi\u00e7os de sa\u00fade ser\u00e3o responsabilizados"},"content":{"rendered":"<p>O Estado do Paran\u00e1 pretende responsabilizar os Prefeitos que limitarem atendimentos e servi\u00e7os de sa\u00fade visando adequa\u00e7\u00e3o financeira e or\u00e7ament\u00e1ria no final da gest\u00e3o. \u00c9 o que afirmou Sezifredo Paz, diretor-geral da Secretaria de Estado da Sa\u00fade, durante encontro com secret\u00e1rios municipais da sa\u00fade em Curitiba na \u00faltima ter\u00e7a-feira (08).<!--?xml:namespace prefix = \"o\" ns = \"urn:schemas-microsoft-com:office:office\" \/--><\/p>\n<p>Para o diretor-geral, condutas que incluam a desmobiliza\u00e7\u00e3o de equipes e o fechamento de unidades ser\u00e3o consideradas inaceit\u00e1veis, uma vez que o servi\u00e7o da sa\u00fade deve ser continuamente promovido e n\u00e3o deve admitir esse tipo de corte em seu fornecimento.<\/p>\n<p>Paz salientou, ainda, que a popula\u00e7\u00e3o n\u00e3o pode ser prejudicada por conta do processo de transi\u00e7\u00e3o na gest\u00e3o de algumas prefeituras, e por isso a situa\u00e7\u00e3o deve ser monitorada pelas equipes regionais e eventuais irregularidades devem ser informadas ao Minist\u00e9rio P\u00fablico, que tomar\u00e1 as medidas cab\u00edveis.<\/p>\n<p>A fiscaliza\u00e7\u00e3o tamb\u00e9m ser\u00e1 de suma import\u00e2ncia por conta da chegada do ver\u00e3o e, consequentemente, do aumento do\u00a0risco de epidemias de dengue. O momento, portanto, \u00e9 de refor\u00e7ar as a\u00e7\u00f5es de preven\u00e7\u00e3o e promover cuidados cont\u00ednuos nas redes de sa\u00fade dos Munic\u00edpios.<\/p>\n","protected":false},"excerpt":{"rendered":"<p>O Estado do Paran\u00e1 pretende responsabilizar os Prefeitos que limitarem atendimentos e servi\u00e7os de sa\u00fade visando adequa\u00e7\u00e3o financeira e or\u00e7ament\u00e1ria no final da gest\u00e3o. \u00c9 o que afirmou Sezifredo Paz, diretor-geral da Secretaria de Estado da Sa\u00fade, durante encontro com secret\u00e1rios municipais da sa\u00fade em Curitiba na \u00faltima ter\u00e7a-feira (08). Para o diretor-geral, condutas que [&hellip;]<\/p>\n","protected":false},"author":4,"featured_media":4509,"comment_status":"open","ping_status":"open","sticky":false,"template":"","format":"standard","meta":{"_monsterinsights_skip_tracking":false,"_monsterinsights_sitenote_active":false,"_monsterinsights_sitenote_note":"","_monsterinsights_sitenote_category":0,"footnotes":""},"categories":[7,14],"tags":[],"class_list":["post-4508","post","type-post","status-publish","format-standard","has-post-thumbnail","hentry","category-todas-as-noticias","category-ultimas-noticias","entry","has-media"],"yoast_head":"<!-- This site is optimized with the Yoast SEO plugin v27.3 - https:\/\/yoast.com\/product\/yoast-seo-wordpress\/ -->\n<title>Prefeitos que reduzirem servi\u00e7os de sa\u00fade ser\u00e3o responsabilizados - Minist\u00e9rio P\u00fablico de Contas do Estado do Paran\u00e1<\/title>\n<meta name=\"robots\" content=\"index, follow, max-snippet:-1, max-image-preview:large, max-video-preview:-1\" \/>\n<link rel=\"canonical\" href=\"https:\/\/www.mpc.pr.gov.br\/index.php\/prefeitos-que-reduzirem-servicos-de-saude-serao-responsabilizados\/\" \/>\n<meta property=\"og:locale\" content=\"pt_BR\" \/>\n<meta property=\"og:type\" content=\"article\" \/>\n<meta property=\"og:title\" content=\"Prefeitos que reduzirem servi\u00e7os de sa\u00fade ser\u00e3o responsabilizados - Minist\u00e9rio P\u00fablico de Contas do Estado do Paran\u00e1\" \/>\n<meta property=\"og:description\" content=\"O Estado do Paran\u00e1 pretende responsabilizar os Prefeitos que limitarem atendimentos e servi\u00e7os de sa\u00fade visando adequa\u00e7\u00e3o financeira e or\u00e7ament\u00e1ria no final da gest\u00e3o. \u00c9 o que afirmou Sezifredo Paz, diretor-geral da Secretaria de Estado da Sa\u00fade, durante encontro com secret\u00e1rios municipais da sa\u00fade em Curitiba na \u00faltima ter\u00e7a-feira (08). Para o diretor-geral, condutas que [&hellip;]\" \/>\n<meta property=\"og:url\" content=\"https:\/\/www.mpc.pr.gov.br\/index.php\/prefeitos-que-reduzirem-servicos-de-saude-serao-responsabilizados\/\" \/>\n<meta property=\"og:site_name\" content=\"Minist\u00e9rio P\u00fablico de Contas do Estado do Paran\u00e1\" \/>\n<meta property=\"article:publisher\" content=\"https:\/\/www.facebook.com\/mpc.pr\" \/>\n<meta property=\"article:published_time\" content=\"2016-11-11T16:37:50+00:00\" \/>\n<meta name=\"author\" content=\"suiane.oliveira\" \/>\n<meta name=\"twitter:card\" content=\"summary_large_image\" \/>\n<meta name=\"twitter:label1\" content=\"Escrito por\" \/>\n\t<meta name=\"twitter:data1\" content=\"suiane.oliveira\" \/>\n\t<meta name=\"twitter:label2\" content=\"Est. tempo de leitura\" \/>\n\t<meta name=\"twitter:data2\" content=\"1 minuto\" \/>\n<script type=\"application\/ld+json\" class=\"yoast-schema-graph\">{\"@context\":\"https:\\\/\\\/schema.org\",\"@graph\":[{\"@type\":\"Article\",\"@id\":\"https:\\\/\\\/www.mpc.pr.gov.br\\\/index.php\\\/prefeitos-que-reduzirem-servicos-de-saude-serao-responsabilizados\\\/#article\",\"isPartOf\":{\"@id\":\"https:\\\/\\\/www.mpc.pr.gov.br\\\/index.php\\\/prefeitos-que-reduzirem-servicos-de-saude-serao-responsabilizados\\\/\"},\"author\":{\"name\":\"suiane.oliveira\",\"@id\":\"https:\\\/\\\/www.mpc.pr.gov.br\\\/#\\\/schema\\\/person\\\/fcbc4260fccc8b55a21969df2a7a3241\"},\"headline\":\"Prefeitos que reduzirem servi\u00e7os de sa\u00fade ser\u00e3o responsabilizados\",\"datePublished\":\"2016-11-11T16:37:50+00:00\",\"mainEntityOfPage\":{\"@id\":\"https:\\\/\\\/www.mpc.pr.gov.br\\\/index.php\\\/prefeitos-que-reduzirem-servicos-de-saude-serao-responsabilizados\\\/\"},\"wordCount\":221,\"commentCount\":0,\"publisher\":{\"@id\":\"https:\\\/\\\/www.mpc.pr.gov.br\\\/#organization\"},\"image\":{\"@id\":\"https:\\\/\\\/www.mpc.pr.gov.br\\\/index.php\\\/prefeitos-que-reduzirem-servicos-de-saude-serao-responsabilizados\\\/#primaryimage\"},\"thumbnailUrl\":\"\",\"articleSection\":[\"Todas as not\u00edcias\",\"\u00daltimas not\u00edcias\"],\"inLanguage\":\"pt-BR\",\"potentialAction\":[{\"@type\":\"CommentAction\",\"name\":\"Comment\",\"target\":[\"https:\\\/\\\/www.mpc.pr.gov.br\\\/index.php\\\/prefeitos-que-reduzirem-servicos-de-saude-serao-responsabilizados\\\/#respond\"]}]},{\"@type\":\"WebPage\",\"@id\":\"https:\\\/\\\/www.mpc.pr.gov.br\\\/index.php\\\/prefeitos-que-reduzirem-servicos-de-saude-serao-responsabilizados\\\/\",\"url\":\"https:\\\/\\\/www.mpc.pr.gov.br\\\/index.php\\\/prefeitos-que-reduzirem-servicos-de-saude-serao-responsabilizados\\\/\",\"name\":\"Prefeitos que reduzirem servi\u00e7os de sa\u00fade ser\u00e3o responsabilizados - Minist\u00e9rio P\u00fablico de Contas do Estado do Paran\u00e1\",\"isPartOf\":{\"@id\":\"https:\\\/\\\/www.mpc.pr.gov.br\\\/#website\"},\"primaryImageOfPage\":{\"@id\":\"https:\\\/\\\/www.mpc.pr.gov.br\\\/index.php\\\/prefeitos-que-reduzirem-servicos-de-saude-serao-responsabilizados\\\/#primaryimage\"},\"image\":{\"@id\":\"https:\\\/\\\/www.mpc.pr.gov.br\\\/index.php\\\/prefeitos-que-reduzirem-servicos-de-saude-serao-responsabilizados\\\/#primaryimage\"},\"thumbnailUrl\":\"\",\"datePublished\":\"2016-11-11T16:37:50+00:00\",\"breadcrumb\":{\"@id\":\"https:\\\/\\\/www.mpc.pr.gov.br\\\/index.php\\\/prefeitos-que-reduzirem-servicos-de-saude-serao-responsabilizados\\\/#breadcrumb\"},\"inLanguage\":\"pt-BR\",\"potentialAction\":[{\"@type\":\"ReadAction\",\"target\":[\"https:\\\/\\\/www.mpc.pr.gov.br\\\/index.php\\\/prefeitos-que-reduzirem-servicos-de-saude-serao-responsabilizados\\\/\"]}]},{\"@type\":\"ImageObject\",\"inLanguage\":\"pt-BR\",\"@id\":\"https:\\\/\\\/www.mpc.pr.gov.br\\\/index.php\\\/prefeitos-que-reduzirem-servicos-de-saude-serao-responsabilizados\\\/#primaryimage\",\"url\":\"\",\"contentUrl\":\"\"},{\"@type\":\"BreadcrumbList\",\"@id\":\"https:\\\/\\\/www.mpc.pr.gov.br\\\/index.php\\\/prefeitos-que-reduzirem-servicos-de-saude-serao-responsabilizados\\\/#breadcrumb\",\"itemListElement\":[{\"@type\":\"ListItem\",\"position\":1,\"name\":\"In\u00edcio\",\"item\":\"https:\\\/\\\/www.mpc.pr.gov.br\\\/\"},{\"@type\":\"ListItem\",\"position\":2,\"name\":\"Prefeitos que reduzirem servi\u00e7os de sa\u00fade ser\u00e3o responsabilizados\"}]},{\"@type\":\"WebSite\",\"@id\":\"https:\\\/\\\/www.mpc.pr.gov.br\\\/#website\",\"url\":\"https:\\\/\\\/www.mpc.pr.gov.br\\\/\",\"name\":\"Minist\u00e9rio P\u00fablico de Contas do Estado do Paran\u00e1\",\"description\":\"\",\"publisher\":{\"@id\":\"https:\\\/\\\/www.mpc.pr.gov.br\\\/#organization\"},\"potentialAction\":[{\"@type\":\"SearchAction\",\"target\":{\"@type\":\"EntryPoint\",\"urlTemplate\":\"https:\\\/\\\/www.mpc.pr.gov.br\\\/?s={search_term_string}\"},\"query-input\":{\"@type\":\"PropertyValueSpecification\",\"valueRequired\":true,\"valueName\":\"search_term_string\"}}],\"inLanguage\":\"pt-BR\"},{\"@type\":\"Organization\",\"@id\":\"https:\\\/\\\/www.mpc.pr.gov.br\\\/#organization\",\"name\":\"Minist\u00e9rio P\u00fablico de Contas do Estado do Paran\u00e1\",\"url\":\"https:\\\/\\\/www.mpc.pr.gov.br\\\/\",\"logo\":{\"@type\":\"ImageObject\",\"inLanguage\":\"pt-BR\",\"@id\":\"https:\\\/\\\/www.mpc.pr.gov.br\\\/#\\\/schema\\\/logo\\\/image\\\/\",\"url\":\"https:\\\/\\\/www.mpc.pr.gov.br\\\/wp-content\\\/uploads\\\/2020\\\/06\\\/99423647_1593460364143890_6706793420720963584_n-1-e1591387983167.png\",\"contentUrl\":\"https:\\\/\\\/www.mpc.pr.gov.br\\\/wp-content\\\/uploads\\\/2020\\\/06\\\/99423647_1593460364143890_6706793420720963584_n-1-e1591387983167.png\",\"width\":243,\"height\":73,\"caption\":\"Minist\u00e9rio P\u00fablico de Contas do Estado do Paran\u00e1\"},\"image\":{\"@id\":\"https:\\\/\\\/www.mpc.pr.gov.br\\\/#\\\/schema\\\/logo\\\/image\\\/\"},\"sameAs\":[\"https:\\\/\\\/www.facebook.com\\\/mpc.pr\",\"https:\\\/\\\/www.instagram.com\\\/mpc.pr\\\/?hl=pt-br\",\"https:\\\/\\\/www.youtube.com\\\/channel\\\/UCHri5oEM8DV0ztX57E0sBSw\"]},{\"@type\":\"Person\",\"@id\":\"https:\\\/\\\/www.mpc.pr.gov.br\\\/#\\\/schema\\\/person\\\/fcbc4260fccc8b55a21969df2a7a3241\",\"name\":\"suiane.oliveira\",\"image\":{\"@type\":\"ImageObject\",\"inLanguage\":\"pt-BR\",\"@id\":\"https:\\\/\\\/secure.gravatar.com\\\/avatar\\\/?s=96&d=mm&r=g\",\"url\":\"https:\\\/\\\/secure.gravatar.com\\\/avatar\\\/?s=96&d=mm&r=g\",\"contentUrl\":\"https:\\\/\\\/secure.gravatar.com\\\/avatar\\\/?s=96&d=mm&r=g\",\"caption\":\"suiane.oliveira\"}}]}<\/script>\n<!-- \/ Yoast SEO plugin. -->","yoast_head_json":{"title":"Prefeitos que reduzirem servi\u00e7os de sa\u00fade ser\u00e3o responsabilizados - Minist\u00e9rio P\u00fablico de Contas do Estado do Paran\u00e1","robots":{"index":"index","follow":"follow","max-snippet":"max-snippet:-1","max-image-preview":"max-image-preview:large","max-video-preview":"max-video-preview:-1"},"canonical":"https:\/\/www.mpc.pr.gov.br\/index.php\/prefeitos-que-reduzirem-servicos-de-saude-serao-responsabilizados\/","og_locale":"pt_BR","og_type":"article","og_title":"Prefeitos que reduzirem servi\u00e7os de sa\u00fade ser\u00e3o responsabilizados - Minist\u00e9rio P\u00fablico de Contas do Estado do Paran\u00e1","og_description":"O Estado do Paran\u00e1 pretende responsabilizar os Prefeitos que limitarem atendimentos e servi\u00e7os de sa\u00fade visando adequa\u00e7\u00e3o financeira e or\u00e7ament\u00e1ria no final da gest\u00e3o. \u00c9 o que afirmou Sezifredo Paz, diretor-geral da Secretaria de Estado da Sa\u00fade, durante encontro com secret\u00e1rios municipais da sa\u00fade em Curitiba na \u00faltima ter\u00e7a-feira (08). Para o diretor-geral, condutas que [&hellip;]","og_url":"https:\/\/www.mpc.pr.gov.br\/index.php\/prefeitos-que-reduzirem-servicos-de-saude-serao-responsabilizados\/","og_site_name":"Minist\u00e9rio P\u00fablico de Contas do Estado do Paran\u00e1","article_publisher":"https:\/\/www.facebook.com\/mpc.pr","article_published_time":"2016-11-11T16:37:50+00:00","author":"suiane.oliveira","twitter_card":"summary_large_image","twitter_misc":{"Escrito por":"suiane.oliveira","Est. tempo de leitura":"1 minuto"},"schema":{"@context":"https:\/\/schema.org","@graph":[{"@type":"Article","@id":"https:\/\/www.mpc.pr.gov.br\/index.php\/prefeitos-que-reduzirem-servicos-de-saude-serao-responsabilizados\/#article","isPartOf":{"@id":"https:\/\/www.mpc.pr.gov.br\/index.php\/prefeitos-que-reduzirem-servicos-de-saude-serao-responsabilizados\/"},"author":{"name":"suiane.oliveira","@id":"https:\/\/www.mpc.pr.gov.br\/#\/schema\/person\/fcbc4260fccc8b55a21969df2a7a3241"},"headline":"Prefeitos que reduzirem servi\u00e7os de sa\u00fade ser\u00e3o responsabilizados","datePublished":"2016-11-11T16:37:50+00:00","mainEntityOfPage":{"@id":"https:\/\/www.mpc.pr.gov.br\/index.php\/prefeitos-que-reduzirem-servicos-de-saude-serao-responsabilizados\/"},"wordCount":221,"commentCount":0,"publisher":{"@id":"https:\/\/www.mpc.pr.gov.br\/#organization"},"image":{"@id":"https:\/\/www.mpc.pr.gov.br\/index.php\/prefeitos-que-reduzirem-servicos-de-saude-serao-responsabilizados\/#primaryimage"},"thumbnailUrl":"","articleSection":["Todas as not\u00edcias","\u00daltimas not\u00edcias"],"inLanguage":"pt-BR","potentialAction":[{"@type":"CommentAction","name":"Comment","target":["https:\/\/www.mpc.pr.gov.br\/index.php\/prefeitos-que-reduzirem-servicos-de-saude-serao-responsabilizados\/#respond"]}]},{"@type":"WebPage","@id":"https:\/\/www.mpc.pr.gov.br\/index.php\/prefeitos-que-reduzirem-servicos-de-saude-serao-responsabilizados\/","url":"https:\/\/www.mpc.pr.gov.br\/index.php\/prefeitos-que-reduzirem-servicos-de-saude-serao-responsabilizados\/","name":"Prefeitos que reduzirem servi\u00e7os de sa\u00fade ser\u00e3o responsabilizados - Minist\u00e9rio P\u00fablico de Contas do Estado do Paran\u00e1","isPartOf":{"@id":"https:\/\/www.mpc.pr.gov.br\/#website"},"primaryImageOfPage":{"@id":"https:\/\/www.mpc.pr.gov.br\/index.php\/prefeitos-que-reduzirem-servicos-de-saude-serao-responsabilizados\/#primaryimage"},"image":{"@id":"https:\/\/www.mpc.pr.gov.br\/index.php\/prefeitos-que-reduzirem-servicos-de-saude-serao-responsabilizados\/#primaryimage"},"thumbnailUrl":"","datePublished":"2016-11-11T16:37:50+00:00","breadcrumb":{"@id":"https:\/\/www.mpc.pr.gov.br\/index.php\/prefeitos-que-reduzirem-servicos-de-saude-serao-responsabilizados\/#breadcrumb"},"inLanguage":"pt-BR","potentialAction":[{"@type":"ReadAction","target":["https:\/\/www.mpc.pr.gov.br\/index.php\/prefeitos-que-reduzirem-servicos-de-saude-serao-responsabilizados\/"]}]},{"@type":"ImageObject","inLanguage":"pt-BR","@id":"https:\/\/www.mpc.pr.gov.br\/index.php\/prefeitos-que-reduzirem-servicos-de-saude-serao-responsabilizados\/#primaryimage","url":"","contentUrl":""},{"@type":"BreadcrumbList","@id":"https:\/\/www.mpc.pr.gov.br\/index.php\/prefeitos-que-reduzirem-servicos-de-saude-serao-responsabilizados\/#breadcrumb","itemListElement":[{"@type":"ListItem","position":1,"name":"In\u00edcio","item":"https:\/\/www.mpc.pr.gov.br\/"},{"@type":"ListItem","position":2,"name":"Prefeitos que reduzirem servi\u00e7os de sa\u00fade ser\u00e3o responsabilizados"}]},{"@type":"WebSite","@id":"https:\/\/www.mpc.pr.gov.br\/#website","url":"https:\/\/www.mpc.pr.gov.br\/","name":"Minist\u00e9rio P\u00fablico de Contas do Estado do Paran\u00e1","description":"","publisher":{"@id":"https:\/\/www.mpc.pr.gov.br\/#organization"},"potentialAction":[{"@type":"SearchAction","target":{"@type":"EntryPoint","urlTemplate":"https:\/\/www.mpc.pr.gov.br\/?s={search_term_string}"},"query-input":{"@type":"PropertyValueSpecification","valueRequired":true,"valueName":"search_term_string"}}],"inLanguage":"pt-BR"},{"@type":"Organization","@id":"https:\/\/www.mpc.pr.gov.br\/#organization","name":"Minist\u00e9rio P\u00fablico de Contas do Estado do Paran\u00e1","url":"https:\/\/www.mpc.pr.gov.br\/","logo":{"@type":"ImageObject","inLanguage":"pt-BR","@id":"https:\/\/www.mpc.pr.gov.br\/#\/schema\/logo\/image\/","url":"https:\/\/www.mpc.pr.gov.br\/wp-content\/uploads\/2020\/06\/99423647_1593460364143890_6706793420720963584_n-1-e1591387983167.png","contentUrl":"https:\/\/www.mpc.pr.gov.br\/wp-content\/uploads\/2020\/06\/99423647_1593460364143890_6706793420720963584_n-1-e1591387983167.png","width":243,"height":73,"caption":"Minist\u00e9rio P\u00fablico de Contas do Estado do Paran\u00e1"},"image":{"@id":"https:\/\/www.mpc.pr.gov.br\/#\/schema\/logo\/image\/"},"sameAs":["https:\/\/www.facebook.com\/mpc.pr","https:\/\/www.instagram.com\/mpc.pr\/?hl=pt-br","https:\/\/www.youtube.com\/channel\/UCHri5oEM8DV0ztX57E0sBSw"]},{"@type":"Person","@id":"https:\/\/www.mpc.pr.gov.br\/#\/schema\/person\/fcbc4260fccc8b55a21969df2a7a3241","name":"suiane.oliveira","image":{"@type":"ImageObject","inLanguage":"pt-BR","@id":"https:\/\/secure.gravatar.com\/avatar\/?s=96&d=mm&r=g","url":"https:\/\/secure.gravatar.com\/avatar\/?s=96&d=mm&r=g","contentUrl":"https:\/\/secure.gravatar.com\/avatar\/?s=96&d=mm&r=g","caption":"suiane.oliveira"}}]}},"rttpg_featured_image_url":null,"rttpg_author":{"display_name":"suiane.oliveira","author_link":"https:\/\/www.mpc.pr.gov.br\/index.php\/author\/suiane-oliveira\/"},"rttpg_comment":0,"rttpg_category":"<a href=\"https:\/\/www.mpc.pr.gov.br\/index.php\/category\/todas-as-noticias\/\" rel=\"category tag\">Todas as not\u00edcias<\/a> <a href=\"https:\/\/www.mpc.pr.gov.br\/index.php\/category\/ultimas-noticias\/\" rel=\"category tag\">\u00daltimas not\u00edcias<\/a>","rttpg_excerpt":"O Estado do Paran\u00e1 pretende responsabilizar os Prefeitos que limitarem atendimentos e servi\u00e7os de sa\u00fade visando adequa\u00e7\u00e3o financeira e or\u00e7ament\u00e1ria no final da gest\u00e3o. \u00c9 o que afirmou Sezifredo Paz, diretor-geral da Secretaria de Estado da Sa\u00fade, durante encontro com secret\u00e1rios municipais da sa\u00fade em Curitiba na \u00faltima ter\u00e7a-feira (08). Para o diretor-geral, condutas que&hellip;","_links":{"self":[{"href":"https:\/\/www.mpc.pr.gov.br\/index.php\/wp-json\/wp\/v2\/posts\/4508","targetHints":{"allow":["GET"]}}],"collection":[{"href":"https:\/\/www.mpc.pr.gov.br\/index.php\/wp-json\/wp\/v2\/posts"}],"about":[{"href":"https:\/\/www.mpc.pr.gov.br\/index.php\/wp-json\/wp\/v2\/types\/post"}],"author":[{"embeddable":true,"href":"https:\/\/www.mpc.pr.gov.br\/index.php\/wp-json\/wp\/v2\/users\/4"}],"replies":[{"embeddable":true,"href":"https:\/\/www.mpc.pr.gov.br\/index.php\/wp-json\/wp\/v2\/comments?post=4508"}],"version-history":[{"count":0,"href":"https:\/\/www.mpc.pr.gov.br\/index.php\/wp-json\/wp\/v2\/posts\/4508\/revisions"}],"wp:featuredmedia":[{"embeddable":true,"href":"https:\/\/www.mpc.pr.gov.br\/index.php\/wp-json\/"}],"wp:attachment":[{"href":"https:\/\/www.mpc.pr.gov.br\/index.php\/wp-json\/wp\/v2\/media?parent=4508"}],"wp:term":[{"taxonomy":"category","embeddable":true,"href":"https:\/\/www.mpc.pr.gov.br\/index.php\/wp-json\/wp\/v2\/categories?post=4508"},{"taxonomy":"post_tag","embeddable":true,"href":"https:\/\/www.mpc.pr.gov.br\/index.php\/wp-json\/wp\/v2\/tags?post=4508"}],"curies":[{"name":"wp","href":"https:\/\/api.w.org\/{rel}","templated":true}]}}