{"id":4517,"date":"2016-11-24T14:36:36","date_gmt":"2016-11-24T14:36:36","guid":{"rendered":"http:\/\/www.mpc.pr.gov.br\/?p=4517"},"modified":"2016-11-24T14:36:36","modified_gmt":"2016-11-24T14:36:36","slug":"planejamento-estrategico-do-mpc-pr-avanca-mais-uma-etapa","status":"publish","type":"post","link":"https:\/\/www.mpc.pr.gov.br\/index.php\/planejamento-estrategico-do-mpc-pr-avanca-mais-uma-etapa\/","title":{"rendered":"Planejamento Estrat\u00e9gico do MPC-PR avan\u00e7a mais uma etapa"},"content":{"rendered":"<p>A Comiss\u00e3o de Planejamento Estrat\u00e9gico do MPC-PR concluiu, no in\u00edcio de setembro, as duas primeiras etapas do planejamento, definindo a sua identidade institucional e seu posicionamento estrat\u00e9gico.<\/p>\n<p>Foram estabelecidos os valores da institui\u00e7\u00e3o \u2013 proatividade, esp\u00edrito de equipe, comprometimento, impessoalidade, aprimoramento, contemporaneidade e integra\u00e7\u00e3o \u2013 e a vis\u00e3o do \u00f3rg\u00e3o, que pretende ser uma institui\u00e7\u00e3o transparente e acess\u00edvel \u00e0 popula\u00e7\u00e3o paranaense, com atua\u00e7\u00e3o integrada a \u00f3rg\u00e3os e entidades, visando \u00e0 efetividade do controle externo e social.<\/p>\n<p>As bases do planejamento estrat\u00e9gico em vias de elabora\u00e7\u00e3o pelo grupo de trabalho foram apresentadas ao Col\u00e9gio de Procuradores em 12 de setembro do corrente ano, tendo sido validadas as conclus\u00f5es a respeito do ambiente organizacional e tamb\u00e9m os valores e a vis\u00e3o contemplados pelo grupo.<\/p>\n<p>Nas pr\u00f3ximas etapas de elabora\u00e7\u00e3o do plano, com o uso da metodologia <i>BSC<\/i>, dever\u00e3o ser considerados os objetivos, as metas, os indicadores e as iniciativas estrat\u00e9gicas.<\/p>\n<p>Em desenvolvimento desde meados de abril e com reuni\u00f5es da comiss\u00e3o em todas as quarta-feiras, o novo Plano Estrat\u00e9gico dever\u00e1 ser conclu\u00eddo at\u00e9 o final do ano. Ap\u00f3s a conclus\u00e3o do plano, a equipe de trabalho concentrar\u00e1 esfor\u00e7os em projetos que dar\u00e3o suporte \u00e0 sua execu\u00e7\u00e3o.<\/p>\n<p>&nbsp;<\/p>\n","protected":false},"excerpt":{"rendered":"<p>A Comiss\u00e3o de Planejamento Estrat\u00e9gico do MPC-PR concluiu, no in\u00edcio de setembro, as duas primeiras etapas do planejamento, definindo a sua identidade institucional e seu posicionamento estrat\u00e9gico. Foram estabelecidos os valores da institui\u00e7\u00e3o \u2013 proatividade, esp\u00edrito de equipe, comprometimento, impessoalidade, aprimoramento, contemporaneidade e integra\u00e7\u00e3o \u2013 e a vis\u00e3o do \u00f3rg\u00e3o, que pretende ser uma institui\u00e7\u00e3o [&hellip;]<\/p>\n","protected":false},"author":4,"featured_media":4518,"comment_status":"open","ping_status":"open","sticky":false,"template":"","format":"standard","meta":{"_monsterinsights_skip_tracking":false,"_monsterinsights_sitenote_active":false,"_monsterinsights_sitenote_note":"","_monsterinsights_sitenote_category":0,"footnotes":""},"categories":[7],"tags":[],"class_list":["post-4517","post","type-post","status-publish","format-standard","has-post-thumbnail","hentry","category-todas-as-noticias","entry","has-media"],"yoast_head":"<!-- This site is optimized with the Yoast SEO plugin v27.3 - https:\/\/yoast.com\/product\/yoast-seo-wordpress\/ -->\n<title>Planejamento Estrat\u00e9gico do MPC-PR avan\u00e7a mais uma etapa - Minist\u00e9rio P\u00fablico de Contas do Estado do Paran\u00e1<\/title>\n<meta name=\"robots\" content=\"index, follow, max-snippet:-1, max-image-preview:large, max-video-preview:-1\" \/>\n<link rel=\"canonical\" href=\"https:\/\/www.mpc.pr.gov.br\/index.php\/planejamento-estrategico-do-mpc-pr-avanca-mais-uma-etapa\/\" \/>\n<meta property=\"og:locale\" content=\"pt_BR\" \/>\n<meta property=\"og:type\" content=\"article\" \/>\n<meta property=\"og:title\" content=\"Planejamento Estrat\u00e9gico do MPC-PR avan\u00e7a mais uma etapa - Minist\u00e9rio P\u00fablico de Contas do Estado do Paran\u00e1\" \/>\n<meta property=\"og:description\" content=\"A Comiss\u00e3o de Planejamento Estrat\u00e9gico do MPC-PR concluiu, no in\u00edcio de setembro, as duas primeiras etapas do planejamento, definindo a sua identidade institucional e seu posicionamento estrat\u00e9gico. Foram estabelecidos os valores da institui\u00e7\u00e3o \u2013 proatividade, esp\u00edrito de equipe, comprometimento, impessoalidade, aprimoramento, contemporaneidade e integra\u00e7\u00e3o \u2013 e a vis\u00e3o do \u00f3rg\u00e3o, que pretende ser uma institui\u00e7\u00e3o [&hellip;]\" \/>\n<meta property=\"og:url\" content=\"https:\/\/www.mpc.pr.gov.br\/index.php\/planejamento-estrategico-do-mpc-pr-avanca-mais-uma-etapa\/\" \/>\n<meta property=\"og:site_name\" content=\"Minist\u00e9rio P\u00fablico de Contas do Estado do Paran\u00e1\" \/>\n<meta property=\"article:publisher\" content=\"https:\/\/www.facebook.com\/mpc.pr\" \/>\n<meta property=\"article:published_time\" content=\"2016-11-24T14:36:36+00:00\" \/>\n<meta name=\"author\" content=\"suiane.oliveira\" \/>\n<meta name=\"twitter:card\" content=\"summary_large_image\" \/>\n<meta name=\"twitter:label1\" content=\"Escrito por\" \/>\n\t<meta name=\"twitter:data1\" content=\"suiane.oliveira\" \/>\n\t<meta name=\"twitter:label2\" content=\"Est. tempo de leitura\" \/>\n\t<meta name=\"twitter:data2\" content=\"1 minuto\" \/>\n<script type=\"application\/ld+json\" class=\"yoast-schema-graph\">{\"@context\":\"https:\\\/\\\/schema.org\",\"@graph\":[{\"@type\":\"Article\",\"@id\":\"https:\\\/\\\/www.mpc.pr.gov.br\\\/index.php\\\/planejamento-estrategico-do-mpc-pr-avanca-mais-uma-etapa\\\/#article\",\"isPartOf\":{\"@id\":\"https:\\\/\\\/www.mpc.pr.gov.br\\\/index.php\\\/planejamento-estrategico-do-mpc-pr-avanca-mais-uma-etapa\\\/\"},\"author\":{\"name\":\"suiane.oliveira\",\"@id\":\"https:\\\/\\\/www.mpc.pr.gov.br\\\/#\\\/schema\\\/person\\\/fcbc4260fccc8b55a21969df2a7a3241\"},\"headline\":\"Planejamento Estrat\u00e9gico do MPC-PR avan\u00e7a mais uma etapa\",\"datePublished\":\"2016-11-24T14:36:36+00:00\",\"mainEntityOfPage\":{\"@id\":\"https:\\\/\\\/www.mpc.pr.gov.br\\\/index.php\\\/planejamento-estrategico-do-mpc-pr-avanca-mais-uma-etapa\\\/\"},\"wordCount\":232,\"commentCount\":0,\"publisher\":{\"@id\":\"https:\\\/\\\/www.mpc.pr.gov.br\\\/#organization\"},\"image\":{\"@id\":\"https:\\\/\\\/www.mpc.pr.gov.br\\\/index.php\\\/planejamento-estrategico-do-mpc-pr-avanca-mais-uma-etapa\\\/#primaryimage\"},\"thumbnailUrl\":\"\",\"articleSection\":[\"Todas as not\u00edcias\"],\"inLanguage\":\"pt-BR\",\"potentialAction\":[{\"@type\":\"CommentAction\",\"name\":\"Comment\",\"target\":[\"https:\\\/\\\/www.mpc.pr.gov.br\\\/index.php\\\/planejamento-estrategico-do-mpc-pr-avanca-mais-uma-etapa\\\/#respond\"]}]},{\"@type\":\"WebPage\",\"@id\":\"https:\\\/\\\/www.mpc.pr.gov.br\\\/index.php\\\/planejamento-estrategico-do-mpc-pr-avanca-mais-uma-etapa\\\/\",\"url\":\"https:\\\/\\\/www.mpc.pr.gov.br\\\/index.php\\\/planejamento-estrategico-do-mpc-pr-avanca-mais-uma-etapa\\\/\",\"name\":\"Planejamento Estrat\u00e9gico do MPC-PR avan\u00e7a mais uma etapa - Minist\u00e9rio P\u00fablico de Contas do Estado do Paran\u00e1\",\"isPartOf\":{\"@id\":\"https:\\\/\\\/www.mpc.pr.gov.br\\\/#website\"},\"primaryImageOfPage\":{\"@id\":\"https:\\\/\\\/www.mpc.pr.gov.br\\\/index.php\\\/planejamento-estrategico-do-mpc-pr-avanca-mais-uma-etapa\\\/#primaryimage\"},\"image\":{\"@id\":\"https:\\\/\\\/www.mpc.pr.gov.br\\\/index.php\\\/planejamento-estrategico-do-mpc-pr-avanca-mais-uma-etapa\\\/#primaryimage\"},\"thumbnailUrl\":\"\",\"datePublished\":\"2016-11-24T14:36:36+00:00\",\"breadcrumb\":{\"@id\":\"https:\\\/\\\/www.mpc.pr.gov.br\\\/index.php\\\/planejamento-estrategico-do-mpc-pr-avanca-mais-uma-etapa\\\/#breadcrumb\"},\"inLanguage\":\"pt-BR\",\"potentialAction\":[{\"@type\":\"ReadAction\",\"target\":[\"https:\\\/\\\/www.mpc.pr.gov.br\\\/index.php\\\/planejamento-estrategico-do-mpc-pr-avanca-mais-uma-etapa\\\/\"]}]},{\"@type\":\"ImageObject\",\"inLanguage\":\"pt-BR\",\"@id\":\"https:\\\/\\\/www.mpc.pr.gov.br\\\/index.php\\\/planejamento-estrategico-do-mpc-pr-avanca-mais-uma-etapa\\\/#primaryimage\",\"url\":\"\",\"contentUrl\":\"\"},{\"@type\":\"BreadcrumbList\",\"@id\":\"https:\\\/\\\/www.mpc.pr.gov.br\\\/index.php\\\/planejamento-estrategico-do-mpc-pr-avanca-mais-uma-etapa\\\/#breadcrumb\",\"itemListElement\":[{\"@type\":\"ListItem\",\"position\":1,\"name\":\"In\u00edcio\",\"item\":\"https:\\\/\\\/www.mpc.pr.gov.br\\\/\"},{\"@type\":\"ListItem\",\"position\":2,\"name\":\"Planejamento Estrat\u00e9gico do MPC-PR avan\u00e7a mais uma etapa\"}]},{\"@type\":\"WebSite\",\"@id\":\"https:\\\/\\\/www.mpc.pr.gov.br\\\/#website\",\"url\":\"https:\\\/\\\/www.mpc.pr.gov.br\\\/\",\"name\":\"Minist\u00e9rio P\u00fablico de Contas do Estado do Paran\u00e1\",\"description\":\"\",\"publisher\":{\"@id\":\"https:\\\/\\\/www.mpc.pr.gov.br\\\/#organization\"},\"potentialAction\":[{\"@type\":\"SearchAction\",\"target\":{\"@type\":\"EntryPoint\",\"urlTemplate\":\"https:\\\/\\\/www.mpc.pr.gov.br\\\/?s={search_term_string}\"},\"query-input\":{\"@type\":\"PropertyValueSpecification\",\"valueRequired\":true,\"valueName\":\"search_term_string\"}}],\"inLanguage\":\"pt-BR\"},{\"@type\":\"Organization\",\"@id\":\"https:\\\/\\\/www.mpc.pr.gov.br\\\/#organization\",\"name\":\"Minist\u00e9rio P\u00fablico de Contas do Estado do Paran\u00e1\",\"url\":\"https:\\\/\\\/www.mpc.pr.gov.br\\\/\",\"logo\":{\"@type\":\"ImageObject\",\"inLanguage\":\"pt-BR\",\"@id\":\"https:\\\/\\\/www.mpc.pr.gov.br\\\/#\\\/schema\\\/logo\\\/image\\\/\",\"url\":\"https:\\\/\\\/www.mpc.pr.gov.br\\\/wp-content\\\/uploads\\\/2020\\\/06\\\/99423647_1593460364143890_6706793420720963584_n-1-e1591387983167.png\",\"contentUrl\":\"https:\\\/\\\/www.mpc.pr.gov.br\\\/wp-content\\\/uploads\\\/2020\\\/06\\\/99423647_1593460364143890_6706793420720963584_n-1-e1591387983167.png\",\"width\":243,\"height\":73,\"caption\":\"Minist\u00e9rio P\u00fablico de Contas do Estado do Paran\u00e1\"},\"image\":{\"@id\":\"https:\\\/\\\/www.mpc.pr.gov.br\\\/#\\\/schema\\\/logo\\\/image\\\/\"},\"sameAs\":[\"https:\\\/\\\/www.facebook.com\\\/mpc.pr\",\"https:\\\/\\\/www.instagram.com\\\/mpc.pr\\\/?hl=pt-br\",\"https:\\\/\\\/www.youtube.com\\\/channel\\\/UCHri5oEM8DV0ztX57E0sBSw\"]},{\"@type\":\"Person\",\"@id\":\"https:\\\/\\\/www.mpc.pr.gov.br\\\/#\\\/schema\\\/person\\\/fcbc4260fccc8b55a21969df2a7a3241\",\"name\":\"suiane.oliveira\",\"image\":{\"@type\":\"ImageObject\",\"inLanguage\":\"pt-BR\",\"@id\":\"https:\\\/\\\/secure.gravatar.com\\\/avatar\\\/?s=96&d=mm&r=g\",\"url\":\"https:\\\/\\\/secure.gravatar.com\\\/avatar\\\/?s=96&d=mm&r=g\",\"contentUrl\":\"https:\\\/\\\/secure.gravatar.com\\\/avatar\\\/?s=96&d=mm&r=g\",\"caption\":\"suiane.oliveira\"}}]}<\/script>\n<!-- \/ Yoast SEO plugin. -->","yoast_head_json":{"title":"Planejamento Estrat\u00e9gico do MPC-PR avan\u00e7a mais uma etapa - Minist\u00e9rio P\u00fablico de Contas do Estado do Paran\u00e1","robots":{"index":"index","follow":"follow","max-snippet":"max-snippet:-1","max-image-preview":"max-image-preview:large","max-video-preview":"max-video-preview:-1"},"canonical":"https:\/\/www.mpc.pr.gov.br\/index.php\/planejamento-estrategico-do-mpc-pr-avanca-mais-uma-etapa\/","og_locale":"pt_BR","og_type":"article","og_title":"Planejamento Estrat\u00e9gico do MPC-PR avan\u00e7a mais uma etapa - Minist\u00e9rio P\u00fablico de Contas do Estado do Paran\u00e1","og_description":"A Comiss\u00e3o de Planejamento Estrat\u00e9gico do MPC-PR concluiu, no in\u00edcio de setembro, as duas primeiras etapas do planejamento, definindo a sua identidade institucional e seu posicionamento estrat\u00e9gico. Foram estabelecidos os valores da institui\u00e7\u00e3o \u2013 proatividade, esp\u00edrito de equipe, comprometimento, impessoalidade, aprimoramento, contemporaneidade e integra\u00e7\u00e3o \u2013 e a vis\u00e3o do \u00f3rg\u00e3o, que pretende ser uma institui\u00e7\u00e3o [&hellip;]","og_url":"https:\/\/www.mpc.pr.gov.br\/index.php\/planejamento-estrategico-do-mpc-pr-avanca-mais-uma-etapa\/","og_site_name":"Minist\u00e9rio P\u00fablico de Contas do Estado do Paran\u00e1","article_publisher":"https:\/\/www.facebook.com\/mpc.pr","article_published_time":"2016-11-24T14:36:36+00:00","author":"suiane.oliveira","twitter_card":"summary_large_image","twitter_misc":{"Escrito por":"suiane.oliveira","Est. tempo de leitura":"1 minuto"},"schema":{"@context":"https:\/\/schema.org","@graph":[{"@type":"Article","@id":"https:\/\/www.mpc.pr.gov.br\/index.php\/planejamento-estrategico-do-mpc-pr-avanca-mais-uma-etapa\/#article","isPartOf":{"@id":"https:\/\/www.mpc.pr.gov.br\/index.php\/planejamento-estrategico-do-mpc-pr-avanca-mais-uma-etapa\/"},"author":{"name":"suiane.oliveira","@id":"https:\/\/www.mpc.pr.gov.br\/#\/schema\/person\/fcbc4260fccc8b55a21969df2a7a3241"},"headline":"Planejamento Estrat\u00e9gico do MPC-PR avan\u00e7a mais uma etapa","datePublished":"2016-11-24T14:36:36+00:00","mainEntityOfPage":{"@id":"https:\/\/www.mpc.pr.gov.br\/index.php\/planejamento-estrategico-do-mpc-pr-avanca-mais-uma-etapa\/"},"wordCount":232,"commentCount":0,"publisher":{"@id":"https:\/\/www.mpc.pr.gov.br\/#organization"},"image":{"@id":"https:\/\/www.mpc.pr.gov.br\/index.php\/planejamento-estrategico-do-mpc-pr-avanca-mais-uma-etapa\/#primaryimage"},"thumbnailUrl":"","articleSection":["Todas as not\u00edcias"],"inLanguage":"pt-BR","potentialAction":[{"@type":"CommentAction","name":"Comment","target":["https:\/\/www.mpc.pr.gov.br\/index.php\/planejamento-estrategico-do-mpc-pr-avanca-mais-uma-etapa\/#respond"]}]},{"@type":"WebPage","@id":"https:\/\/www.mpc.pr.gov.br\/index.php\/planejamento-estrategico-do-mpc-pr-avanca-mais-uma-etapa\/","url":"https:\/\/www.mpc.pr.gov.br\/index.php\/planejamento-estrategico-do-mpc-pr-avanca-mais-uma-etapa\/","name":"Planejamento Estrat\u00e9gico do MPC-PR avan\u00e7a mais uma etapa - Minist\u00e9rio P\u00fablico de Contas do Estado do Paran\u00e1","isPartOf":{"@id":"https:\/\/www.mpc.pr.gov.br\/#website"},"primaryImageOfPage":{"@id":"https:\/\/www.mpc.pr.gov.br\/index.php\/planejamento-estrategico-do-mpc-pr-avanca-mais-uma-etapa\/#primaryimage"},"image":{"@id":"https:\/\/www.mpc.pr.gov.br\/index.php\/planejamento-estrategico-do-mpc-pr-avanca-mais-uma-etapa\/#primaryimage"},"thumbnailUrl":"","datePublished":"2016-11-24T14:36:36+00:00","breadcrumb":{"@id":"https:\/\/www.mpc.pr.gov.br\/index.php\/planejamento-estrategico-do-mpc-pr-avanca-mais-uma-etapa\/#breadcrumb"},"inLanguage":"pt-BR","potentialAction":[{"@type":"ReadAction","target":["https:\/\/www.mpc.pr.gov.br\/index.php\/planejamento-estrategico-do-mpc-pr-avanca-mais-uma-etapa\/"]}]},{"@type":"ImageObject","inLanguage":"pt-BR","@id":"https:\/\/www.mpc.pr.gov.br\/index.php\/planejamento-estrategico-do-mpc-pr-avanca-mais-uma-etapa\/#primaryimage","url":"","contentUrl":""},{"@type":"BreadcrumbList","@id":"https:\/\/www.mpc.pr.gov.br\/index.php\/planejamento-estrategico-do-mpc-pr-avanca-mais-uma-etapa\/#breadcrumb","itemListElement":[{"@type":"ListItem","position":1,"name":"In\u00edcio","item":"https:\/\/www.mpc.pr.gov.br\/"},{"@type":"ListItem","position":2,"name":"Planejamento Estrat\u00e9gico do MPC-PR avan\u00e7a mais uma etapa"}]},{"@type":"WebSite","@id":"https:\/\/www.mpc.pr.gov.br\/#website","url":"https:\/\/www.mpc.pr.gov.br\/","name":"Minist\u00e9rio P\u00fablico de Contas do Estado do Paran\u00e1","description":"","publisher":{"@id":"https:\/\/www.mpc.pr.gov.br\/#organization"},"potentialAction":[{"@type":"SearchAction","target":{"@type":"EntryPoint","urlTemplate":"https:\/\/www.mpc.pr.gov.br\/?s={search_term_string}"},"query-input":{"@type":"PropertyValueSpecification","valueRequired":true,"valueName":"search_term_string"}}],"inLanguage":"pt-BR"},{"@type":"Organization","@id":"https:\/\/www.mpc.pr.gov.br\/#organization","name":"Minist\u00e9rio P\u00fablico de Contas do Estado do Paran\u00e1","url":"https:\/\/www.mpc.pr.gov.br\/","logo":{"@type":"ImageObject","inLanguage":"pt-BR","@id":"https:\/\/www.mpc.pr.gov.br\/#\/schema\/logo\/image\/","url":"https:\/\/www.mpc.pr.gov.br\/wp-content\/uploads\/2020\/06\/99423647_1593460364143890_6706793420720963584_n-1-e1591387983167.png","contentUrl":"https:\/\/www.mpc.pr.gov.br\/wp-content\/uploads\/2020\/06\/99423647_1593460364143890_6706793420720963584_n-1-e1591387983167.png","width":243,"height":73,"caption":"Minist\u00e9rio P\u00fablico de Contas do Estado do Paran\u00e1"},"image":{"@id":"https:\/\/www.mpc.pr.gov.br\/#\/schema\/logo\/image\/"},"sameAs":["https:\/\/www.facebook.com\/mpc.pr","https:\/\/www.instagram.com\/mpc.pr\/?hl=pt-br","https:\/\/www.youtube.com\/channel\/UCHri5oEM8DV0ztX57E0sBSw"]},{"@type":"Person","@id":"https:\/\/www.mpc.pr.gov.br\/#\/schema\/person\/fcbc4260fccc8b55a21969df2a7a3241","name":"suiane.oliveira","image":{"@type":"ImageObject","inLanguage":"pt-BR","@id":"https:\/\/secure.gravatar.com\/avatar\/?s=96&d=mm&r=g","url":"https:\/\/secure.gravatar.com\/avatar\/?s=96&d=mm&r=g","contentUrl":"https:\/\/secure.gravatar.com\/avatar\/?s=96&d=mm&r=g","caption":"suiane.oliveira"}}]}},"rttpg_featured_image_url":null,"rttpg_author":{"display_name":"suiane.oliveira","author_link":"https:\/\/www.mpc.pr.gov.br\/index.php\/author\/suiane-oliveira\/"},"rttpg_comment":0,"rttpg_category":"<a href=\"https:\/\/www.mpc.pr.gov.br\/index.php\/category\/todas-as-noticias\/\" rel=\"category tag\">Todas as not\u00edcias<\/a>","rttpg_excerpt":"A Comiss\u00e3o de Planejamento Estrat\u00e9gico do MPC-PR concluiu, no in\u00edcio de setembro, as duas primeiras etapas do planejamento, definindo a sua identidade institucional e seu posicionamento estrat\u00e9gico. Foram estabelecidos os valores da institui\u00e7\u00e3o \u2013 proatividade, esp\u00edrito de equipe, comprometimento, impessoalidade, aprimoramento, contemporaneidade e integra\u00e7\u00e3o \u2013 e a vis\u00e3o do \u00f3rg\u00e3o, que pretende ser uma institui\u00e7\u00e3o&hellip;","_links":{"self":[{"href":"https:\/\/www.mpc.pr.gov.br\/index.php\/wp-json\/wp\/v2\/posts\/4517","targetHints":{"allow":["GET"]}}],"collection":[{"href":"https:\/\/www.mpc.pr.gov.br\/index.php\/wp-json\/wp\/v2\/posts"}],"about":[{"href":"https:\/\/www.mpc.pr.gov.br\/index.php\/wp-json\/wp\/v2\/types\/post"}],"author":[{"embeddable":true,"href":"https:\/\/www.mpc.pr.gov.br\/index.php\/wp-json\/wp\/v2\/users\/4"}],"replies":[{"embeddable":true,"href":"https:\/\/www.mpc.pr.gov.br\/index.php\/wp-json\/wp\/v2\/comments?post=4517"}],"version-history":[{"count":0,"href":"https:\/\/www.mpc.pr.gov.br\/index.php\/wp-json\/wp\/v2\/posts\/4517\/revisions"}],"wp:featuredmedia":[{"embeddable":true,"href":"https:\/\/www.mpc.pr.gov.br\/index.php\/wp-json\/"}],"wp:attachment":[{"href":"https:\/\/www.mpc.pr.gov.br\/index.php\/wp-json\/wp\/v2\/media?parent=4517"}],"wp:term":[{"taxonomy":"category","embeddable":true,"href":"https:\/\/www.mpc.pr.gov.br\/index.php\/wp-json\/wp\/v2\/categories?post=4517"},{"taxonomy":"post_tag","embeddable":true,"href":"https:\/\/www.mpc.pr.gov.br\/index.php\/wp-json\/wp\/v2\/tags?post=4517"}],"curies":[{"name":"wp","href":"https:\/\/api.w.org\/{rel}","templated":true}]}}