{"id":4608,"date":"2017-01-20T18:21:37","date_gmt":"2017-01-20T20:21:37","guid":{"rendered":"http:\/\/www.mpc.pr.gov.br\/?p=4608"},"modified":"2023-08-10T16:42:40","modified_gmt":"2023-08-10T19:42:40","slug":"oficina-de-musica-de-curitiba-mp-de-contas-investiga-motivos-e-repercussoes-do-cancelamento","status":"publish","type":"post","link":"https:\/\/www.mpc.pr.gov.br\/index.php\/oficina-de-musica-de-curitiba-mp-de-contas-investiga-motivos-e-repercussoes-do-cancelamento\/","title":{"rendered":"Oficina de M\u00fasica de Curitiba: MP de Contas investiga motivos e repercuss\u00f5es do cancelamento"},"content":{"rendered":"<p style=\"text-align: justify;\">Evento tradicional da cidade, a 35\u00aa Oficina de M\u00fasica de Curitiba foi suspensa e n\u00e3o tem data para ocorrer. De acordo com a previs\u00e3o inicial, as atividades durariam de 7 a 29 de janeiro.<\/p>\n<p style=\"text-align: justify;\">A Oficina acontece desde 1983 e representa um dos mais importantes eventos de m\u00fasica da Am\u00e9rica Latina, promovendo in\u00fameras atividades destinadas ao desenvolvimento acad\u00eamico e profissional de brasileiros e estrangeiros. As mais variadas vertentes musicais s\u00e3o contempladas e valorizadas: desde a m\u00fasica erudita at\u00e9 as produ\u00e7\u00f5es voltadas ao universo infantil, passando pela m\u00fasica popular brasileira, dentre outras.<\/p>\n<p style=\"text-align: justify;\">Mais de uma centena de cursos seriam oferecidos, e para os quais j\u00e1 haviam se inscrito cerca de 2 mil alunos, provenientes de in\u00fameros pa\u00edses da Am\u00e9rica Latina e da Europa.<\/p>\n<p style=\"text-align: justify;\">Como o evento j\u00e1 estava programado, inclusive com destina\u00e7\u00e3o or\u00e7ament\u00e1ria aprovada, o MP de Contas enviou of\u00edcio ao Prefeito Municipal, Rafael Greca, e ao Secret\u00e1rio de Governo, Luiz Fernando Jamur, em que s\u00e3o questionados os motivos do cancelamento, bem como se houve uma estimativa sobre o impacto financeiro que a decis\u00e3o acarretar\u00e1 nos cofres p\u00fablicos.<\/p>\n<p style=\"text-align: justify;\">As informa\u00e7\u00f5es s\u00e3o relevantes para verificar se houve um adequado dimensionamento a respeito dos recursos j\u00e1 gastos pelo Munic\u00edpio com o planejamento do evento, bem como da queda de arrecada\u00e7\u00e3o de receita tribut\u00e1ria que decorrer\u00e1 do arrefecimento da atividade hoteleira e de outros setores do com\u00e9rcio local que se preparavam para receber os m\u00fasicos e turistas.<\/p>\n<p style=\"text-align: justify;\">Tamb\u00e9m \u00e9 questionada a destina\u00e7\u00e3o que ser\u00e1 dada aos recursos or\u00e7ament\u00e1rios que n\u00e3o ser\u00e3o mais aplicados no evento.<\/p>\n<p style=\"text-align: justify;\">As informa\u00e7\u00f5es dever\u00e3o ser prestadas at\u00e9 20 de fevereiro.<\/p>\n","protected":false},"excerpt":{"rendered":"<p>Evento tradicional da cidade, a 35\u00aa Oficina de M\u00fasica de Curitiba foi suspensa e n\u00e3o tem data para ocorrer. De acordo com a previs\u00e3o inicial, as atividades durariam de 7 a 29 de janeiro. A Oficina acontece desde 1983 e representa um dos mais importantes eventos de m\u00fasica da Am\u00e9rica Latina, promovendo in\u00fameras atividades destinadas [&hellip;]<\/p>\n","protected":false},"author":4,"featured_media":4609,"comment_status":"open","ping_status":"open","sticky":false,"template":"","format":"standard","meta":{"_monsterinsights_skip_tracking":false,"_monsterinsights_sitenote_active":false,"_monsterinsights_sitenote_note":"","_monsterinsights_sitenote_category":0,"footnotes":""},"categories":[7],"tags":[],"class_list":["post-4608","post","type-post","status-publish","format-standard","has-post-thumbnail","hentry","category-todas-as-noticias","entry","has-media"],"yoast_head":"<!-- This site is optimized with the Yoast SEO plugin v27.3 - https:\/\/yoast.com\/product\/yoast-seo-wordpress\/ -->\n<title>Oficina de M\u00fasica de Curitiba: MP de Contas investiga motivos e repercuss\u00f5es do cancelamento - Minist\u00e9rio P\u00fablico de Contas do Estado do Paran\u00e1<\/title>\n<meta name=\"robots\" content=\"index, follow, max-snippet:-1, max-image-preview:large, max-video-preview:-1\" \/>\n<link rel=\"canonical\" href=\"https:\/\/www.mpc.pr.gov.br\/index.php\/oficina-de-musica-de-curitiba-mp-de-contas-investiga-motivos-e-repercussoes-do-cancelamento\/\" \/>\n<meta property=\"og:locale\" content=\"pt_BR\" \/>\n<meta property=\"og:type\" content=\"article\" \/>\n<meta property=\"og:title\" content=\"Oficina de M\u00fasica de Curitiba: MP de Contas investiga motivos e repercuss\u00f5es do cancelamento - Minist\u00e9rio P\u00fablico de Contas do Estado do Paran\u00e1\" \/>\n<meta property=\"og:description\" content=\"Evento tradicional da cidade, a 35\u00aa Oficina de M\u00fasica de Curitiba foi suspensa e n\u00e3o tem data para ocorrer. De acordo com a previs\u00e3o inicial, as atividades durariam de 7 a 29 de janeiro. A Oficina acontece desde 1983 e representa um dos mais importantes eventos de m\u00fasica da Am\u00e9rica Latina, promovendo in\u00fameras atividades destinadas [&hellip;]\" \/>\n<meta property=\"og:url\" content=\"https:\/\/www.mpc.pr.gov.br\/index.php\/oficina-de-musica-de-curitiba-mp-de-contas-investiga-motivos-e-repercussoes-do-cancelamento\/\" \/>\n<meta property=\"og:site_name\" content=\"Minist\u00e9rio P\u00fablico de Contas do Estado do Paran\u00e1\" \/>\n<meta property=\"article:publisher\" content=\"https:\/\/www.facebook.com\/mpc.pr\" \/>\n<meta property=\"article:published_time\" content=\"2017-01-20T20:21:37+00:00\" \/>\n<meta property=\"article:modified_time\" content=\"2023-08-10T19:42:40+00:00\" \/>\n<meta name=\"author\" content=\"suiane.oliveira\" \/>\n<meta name=\"twitter:card\" content=\"summary_large_image\" \/>\n<meta name=\"twitter:label1\" content=\"Escrito por\" \/>\n\t<meta name=\"twitter:data1\" content=\"suiane.oliveira\" \/>\n\t<meta name=\"twitter:label2\" content=\"Est. tempo de leitura\" \/>\n\t<meta name=\"twitter:data2\" content=\"1 minuto\" \/>\n<script type=\"application\/ld+json\" class=\"yoast-schema-graph\">{\"@context\":\"https:\\\/\\\/schema.org\",\"@graph\":[{\"@type\":\"Article\",\"@id\":\"https:\\\/\\\/www.mpc.pr.gov.br\\\/index.php\\\/oficina-de-musica-de-curitiba-mp-de-contas-investiga-motivos-e-repercussoes-do-cancelamento\\\/#article\",\"isPartOf\":{\"@id\":\"https:\\\/\\\/www.mpc.pr.gov.br\\\/index.php\\\/oficina-de-musica-de-curitiba-mp-de-contas-investiga-motivos-e-repercussoes-do-cancelamento\\\/\"},\"author\":{\"name\":\"suiane.oliveira\",\"@id\":\"https:\\\/\\\/www.mpc.pr.gov.br\\\/#\\\/schema\\\/person\\\/fcbc4260fccc8b55a21969df2a7a3241\"},\"headline\":\"Oficina de M\u00fasica de Curitiba: MP de Contas investiga motivos e repercuss\u00f5es do cancelamento\",\"datePublished\":\"2017-01-20T20:21:37+00:00\",\"dateModified\":\"2023-08-10T19:42:40+00:00\",\"mainEntityOfPage\":{\"@id\":\"https:\\\/\\\/www.mpc.pr.gov.br\\\/index.php\\\/oficina-de-musica-de-curitiba-mp-de-contas-investiga-motivos-e-repercussoes-do-cancelamento\\\/\"},\"wordCount\":306,\"commentCount\":0,\"publisher\":{\"@id\":\"https:\\\/\\\/www.mpc.pr.gov.br\\\/#organization\"},\"image\":{\"@id\":\"https:\\\/\\\/www.mpc.pr.gov.br\\\/index.php\\\/oficina-de-musica-de-curitiba-mp-de-contas-investiga-motivos-e-repercussoes-do-cancelamento\\\/#primaryimage\"},\"thumbnailUrl\":\"\",\"articleSection\":[\"Todas as not\u00edcias\"],\"inLanguage\":\"pt-BR\",\"potentialAction\":[{\"@type\":\"CommentAction\",\"name\":\"Comment\",\"target\":[\"https:\\\/\\\/www.mpc.pr.gov.br\\\/index.php\\\/oficina-de-musica-de-curitiba-mp-de-contas-investiga-motivos-e-repercussoes-do-cancelamento\\\/#respond\"]}]},{\"@type\":\"WebPage\",\"@id\":\"https:\\\/\\\/www.mpc.pr.gov.br\\\/index.php\\\/oficina-de-musica-de-curitiba-mp-de-contas-investiga-motivos-e-repercussoes-do-cancelamento\\\/\",\"url\":\"https:\\\/\\\/www.mpc.pr.gov.br\\\/index.php\\\/oficina-de-musica-de-curitiba-mp-de-contas-investiga-motivos-e-repercussoes-do-cancelamento\\\/\",\"name\":\"Oficina de M\u00fasica de Curitiba: MP de Contas investiga motivos e repercuss\u00f5es do cancelamento - Minist\u00e9rio P\u00fablico de Contas do Estado do Paran\u00e1\",\"isPartOf\":{\"@id\":\"https:\\\/\\\/www.mpc.pr.gov.br\\\/#website\"},\"primaryImageOfPage\":{\"@id\":\"https:\\\/\\\/www.mpc.pr.gov.br\\\/index.php\\\/oficina-de-musica-de-curitiba-mp-de-contas-investiga-motivos-e-repercussoes-do-cancelamento\\\/#primaryimage\"},\"image\":{\"@id\":\"https:\\\/\\\/www.mpc.pr.gov.br\\\/index.php\\\/oficina-de-musica-de-curitiba-mp-de-contas-investiga-motivos-e-repercussoes-do-cancelamento\\\/#primaryimage\"},\"thumbnailUrl\":\"\",\"datePublished\":\"2017-01-20T20:21:37+00:00\",\"dateModified\":\"2023-08-10T19:42:40+00:00\",\"breadcrumb\":{\"@id\":\"https:\\\/\\\/www.mpc.pr.gov.br\\\/index.php\\\/oficina-de-musica-de-curitiba-mp-de-contas-investiga-motivos-e-repercussoes-do-cancelamento\\\/#breadcrumb\"},\"inLanguage\":\"pt-BR\",\"potentialAction\":[{\"@type\":\"ReadAction\",\"target\":[\"https:\\\/\\\/www.mpc.pr.gov.br\\\/index.php\\\/oficina-de-musica-de-curitiba-mp-de-contas-investiga-motivos-e-repercussoes-do-cancelamento\\\/\"]}]},{\"@type\":\"ImageObject\",\"inLanguage\":\"pt-BR\",\"@id\":\"https:\\\/\\\/www.mpc.pr.gov.br\\\/index.php\\\/oficina-de-musica-de-curitiba-mp-de-contas-investiga-motivos-e-repercussoes-do-cancelamento\\\/#primaryimage\",\"url\":\"\",\"contentUrl\":\"\"},{\"@type\":\"BreadcrumbList\",\"@id\":\"https:\\\/\\\/www.mpc.pr.gov.br\\\/index.php\\\/oficina-de-musica-de-curitiba-mp-de-contas-investiga-motivos-e-repercussoes-do-cancelamento\\\/#breadcrumb\",\"itemListElement\":[{\"@type\":\"ListItem\",\"position\":1,\"name\":\"In\u00edcio\",\"item\":\"https:\\\/\\\/www.mpc.pr.gov.br\\\/\"},{\"@type\":\"ListItem\",\"position\":2,\"name\":\"Oficina de M\u00fasica de Curitiba: MP de Contas investiga motivos e repercuss\u00f5es do cancelamento\"}]},{\"@type\":\"WebSite\",\"@id\":\"https:\\\/\\\/www.mpc.pr.gov.br\\\/#website\",\"url\":\"https:\\\/\\\/www.mpc.pr.gov.br\\\/\",\"name\":\"Minist\u00e9rio P\u00fablico de Contas do Estado do Paran\u00e1\",\"description\":\"\",\"publisher\":{\"@id\":\"https:\\\/\\\/www.mpc.pr.gov.br\\\/#organization\"},\"potentialAction\":[{\"@type\":\"SearchAction\",\"target\":{\"@type\":\"EntryPoint\",\"urlTemplate\":\"https:\\\/\\\/www.mpc.pr.gov.br\\\/?s={search_term_string}\"},\"query-input\":{\"@type\":\"PropertyValueSpecification\",\"valueRequired\":true,\"valueName\":\"search_term_string\"}}],\"inLanguage\":\"pt-BR\"},{\"@type\":\"Organization\",\"@id\":\"https:\\\/\\\/www.mpc.pr.gov.br\\\/#organization\",\"name\":\"Minist\u00e9rio P\u00fablico de Contas do Estado do Paran\u00e1\",\"url\":\"https:\\\/\\\/www.mpc.pr.gov.br\\\/\",\"logo\":{\"@type\":\"ImageObject\",\"inLanguage\":\"pt-BR\",\"@id\":\"https:\\\/\\\/www.mpc.pr.gov.br\\\/#\\\/schema\\\/logo\\\/image\\\/\",\"url\":\"https:\\\/\\\/www.mpc.pr.gov.br\\\/wp-content\\\/uploads\\\/2020\\\/06\\\/99423647_1593460364143890_6706793420720963584_n-1-e1591387983167.png\",\"contentUrl\":\"https:\\\/\\\/www.mpc.pr.gov.br\\\/wp-content\\\/uploads\\\/2020\\\/06\\\/99423647_1593460364143890_6706793420720963584_n-1-e1591387983167.png\",\"width\":243,\"height\":73,\"caption\":\"Minist\u00e9rio P\u00fablico de Contas do Estado do Paran\u00e1\"},\"image\":{\"@id\":\"https:\\\/\\\/www.mpc.pr.gov.br\\\/#\\\/schema\\\/logo\\\/image\\\/\"},\"sameAs\":[\"https:\\\/\\\/www.facebook.com\\\/mpc.pr\",\"https:\\\/\\\/www.instagram.com\\\/mpc.pr\\\/?hl=pt-br\",\"https:\\\/\\\/www.youtube.com\\\/channel\\\/UCHri5oEM8DV0ztX57E0sBSw\"]},{\"@type\":\"Person\",\"@id\":\"https:\\\/\\\/www.mpc.pr.gov.br\\\/#\\\/schema\\\/person\\\/fcbc4260fccc8b55a21969df2a7a3241\",\"name\":\"suiane.oliveira\",\"image\":{\"@type\":\"ImageObject\",\"inLanguage\":\"pt-BR\",\"@id\":\"https:\\\/\\\/secure.gravatar.com\\\/avatar\\\/?s=96&d=mm&r=g\",\"url\":\"https:\\\/\\\/secure.gravatar.com\\\/avatar\\\/?s=96&d=mm&r=g\",\"contentUrl\":\"https:\\\/\\\/secure.gravatar.com\\\/avatar\\\/?s=96&d=mm&r=g\",\"caption\":\"suiane.oliveira\"}}]}<\/script>\n<!-- \/ Yoast SEO plugin. -->","yoast_head_json":{"title":"Oficina de M\u00fasica de Curitiba: MP de Contas investiga motivos e repercuss\u00f5es do cancelamento - Minist\u00e9rio P\u00fablico de Contas do Estado do Paran\u00e1","robots":{"index":"index","follow":"follow","max-snippet":"max-snippet:-1","max-image-preview":"max-image-preview:large","max-video-preview":"max-video-preview:-1"},"canonical":"https:\/\/www.mpc.pr.gov.br\/index.php\/oficina-de-musica-de-curitiba-mp-de-contas-investiga-motivos-e-repercussoes-do-cancelamento\/","og_locale":"pt_BR","og_type":"article","og_title":"Oficina de M\u00fasica de Curitiba: MP de Contas investiga motivos e repercuss\u00f5es do cancelamento - Minist\u00e9rio P\u00fablico de Contas do Estado do Paran\u00e1","og_description":"Evento tradicional da cidade, a 35\u00aa Oficina de M\u00fasica de Curitiba foi suspensa e n\u00e3o tem data para ocorrer. De acordo com a previs\u00e3o inicial, as atividades durariam de 7 a 29 de janeiro. A Oficina acontece desde 1983 e representa um dos mais importantes eventos de m\u00fasica da Am\u00e9rica Latina, promovendo in\u00fameras atividades destinadas [&hellip;]","og_url":"https:\/\/www.mpc.pr.gov.br\/index.php\/oficina-de-musica-de-curitiba-mp-de-contas-investiga-motivos-e-repercussoes-do-cancelamento\/","og_site_name":"Minist\u00e9rio P\u00fablico de Contas do Estado do Paran\u00e1","article_publisher":"https:\/\/www.facebook.com\/mpc.pr","article_published_time":"2017-01-20T20:21:37+00:00","article_modified_time":"2023-08-10T19:42:40+00:00","author":"suiane.oliveira","twitter_card":"summary_large_image","twitter_misc":{"Escrito por":"suiane.oliveira","Est. tempo de leitura":"1 minuto"},"schema":{"@context":"https:\/\/schema.org","@graph":[{"@type":"Article","@id":"https:\/\/www.mpc.pr.gov.br\/index.php\/oficina-de-musica-de-curitiba-mp-de-contas-investiga-motivos-e-repercussoes-do-cancelamento\/#article","isPartOf":{"@id":"https:\/\/www.mpc.pr.gov.br\/index.php\/oficina-de-musica-de-curitiba-mp-de-contas-investiga-motivos-e-repercussoes-do-cancelamento\/"},"author":{"name":"suiane.oliveira","@id":"https:\/\/www.mpc.pr.gov.br\/#\/schema\/person\/fcbc4260fccc8b55a21969df2a7a3241"},"headline":"Oficina de M\u00fasica de Curitiba: MP de Contas investiga motivos e repercuss\u00f5es do cancelamento","datePublished":"2017-01-20T20:21:37+00:00","dateModified":"2023-08-10T19:42:40+00:00","mainEntityOfPage":{"@id":"https:\/\/www.mpc.pr.gov.br\/index.php\/oficina-de-musica-de-curitiba-mp-de-contas-investiga-motivos-e-repercussoes-do-cancelamento\/"},"wordCount":306,"commentCount":0,"publisher":{"@id":"https:\/\/www.mpc.pr.gov.br\/#organization"},"image":{"@id":"https:\/\/www.mpc.pr.gov.br\/index.php\/oficina-de-musica-de-curitiba-mp-de-contas-investiga-motivos-e-repercussoes-do-cancelamento\/#primaryimage"},"thumbnailUrl":"","articleSection":["Todas as not\u00edcias"],"inLanguage":"pt-BR","potentialAction":[{"@type":"CommentAction","name":"Comment","target":["https:\/\/www.mpc.pr.gov.br\/index.php\/oficina-de-musica-de-curitiba-mp-de-contas-investiga-motivos-e-repercussoes-do-cancelamento\/#respond"]}]},{"@type":"WebPage","@id":"https:\/\/www.mpc.pr.gov.br\/index.php\/oficina-de-musica-de-curitiba-mp-de-contas-investiga-motivos-e-repercussoes-do-cancelamento\/","url":"https:\/\/www.mpc.pr.gov.br\/index.php\/oficina-de-musica-de-curitiba-mp-de-contas-investiga-motivos-e-repercussoes-do-cancelamento\/","name":"Oficina de M\u00fasica de Curitiba: MP de Contas investiga motivos e repercuss\u00f5es do cancelamento - Minist\u00e9rio P\u00fablico de Contas do Estado do Paran\u00e1","isPartOf":{"@id":"https:\/\/www.mpc.pr.gov.br\/#website"},"primaryImageOfPage":{"@id":"https:\/\/www.mpc.pr.gov.br\/index.php\/oficina-de-musica-de-curitiba-mp-de-contas-investiga-motivos-e-repercussoes-do-cancelamento\/#primaryimage"},"image":{"@id":"https:\/\/www.mpc.pr.gov.br\/index.php\/oficina-de-musica-de-curitiba-mp-de-contas-investiga-motivos-e-repercussoes-do-cancelamento\/#primaryimage"},"thumbnailUrl":"","datePublished":"2017-01-20T20:21:37+00:00","dateModified":"2023-08-10T19:42:40+00:00","breadcrumb":{"@id":"https:\/\/www.mpc.pr.gov.br\/index.php\/oficina-de-musica-de-curitiba-mp-de-contas-investiga-motivos-e-repercussoes-do-cancelamento\/#breadcrumb"},"inLanguage":"pt-BR","potentialAction":[{"@type":"ReadAction","target":["https:\/\/www.mpc.pr.gov.br\/index.php\/oficina-de-musica-de-curitiba-mp-de-contas-investiga-motivos-e-repercussoes-do-cancelamento\/"]}]},{"@type":"ImageObject","inLanguage":"pt-BR","@id":"https:\/\/www.mpc.pr.gov.br\/index.php\/oficina-de-musica-de-curitiba-mp-de-contas-investiga-motivos-e-repercussoes-do-cancelamento\/#primaryimage","url":"","contentUrl":""},{"@type":"BreadcrumbList","@id":"https:\/\/www.mpc.pr.gov.br\/index.php\/oficina-de-musica-de-curitiba-mp-de-contas-investiga-motivos-e-repercussoes-do-cancelamento\/#breadcrumb","itemListElement":[{"@type":"ListItem","position":1,"name":"In\u00edcio","item":"https:\/\/www.mpc.pr.gov.br\/"},{"@type":"ListItem","position":2,"name":"Oficina de M\u00fasica de Curitiba: MP de Contas investiga motivos e repercuss\u00f5es do cancelamento"}]},{"@type":"WebSite","@id":"https:\/\/www.mpc.pr.gov.br\/#website","url":"https:\/\/www.mpc.pr.gov.br\/","name":"Minist\u00e9rio P\u00fablico de Contas do Estado do Paran\u00e1","description":"","publisher":{"@id":"https:\/\/www.mpc.pr.gov.br\/#organization"},"potentialAction":[{"@type":"SearchAction","target":{"@type":"EntryPoint","urlTemplate":"https:\/\/www.mpc.pr.gov.br\/?s={search_term_string}"},"query-input":{"@type":"PropertyValueSpecification","valueRequired":true,"valueName":"search_term_string"}}],"inLanguage":"pt-BR"},{"@type":"Organization","@id":"https:\/\/www.mpc.pr.gov.br\/#organization","name":"Minist\u00e9rio P\u00fablico de Contas do Estado do Paran\u00e1","url":"https:\/\/www.mpc.pr.gov.br\/","logo":{"@type":"ImageObject","inLanguage":"pt-BR","@id":"https:\/\/www.mpc.pr.gov.br\/#\/schema\/logo\/image\/","url":"https:\/\/www.mpc.pr.gov.br\/wp-content\/uploads\/2020\/06\/99423647_1593460364143890_6706793420720963584_n-1-e1591387983167.png","contentUrl":"https:\/\/www.mpc.pr.gov.br\/wp-content\/uploads\/2020\/06\/99423647_1593460364143890_6706793420720963584_n-1-e1591387983167.png","width":243,"height":73,"caption":"Minist\u00e9rio P\u00fablico de Contas do Estado do Paran\u00e1"},"image":{"@id":"https:\/\/www.mpc.pr.gov.br\/#\/schema\/logo\/image\/"},"sameAs":["https:\/\/www.facebook.com\/mpc.pr","https:\/\/www.instagram.com\/mpc.pr\/?hl=pt-br","https:\/\/www.youtube.com\/channel\/UCHri5oEM8DV0ztX57E0sBSw"]},{"@type":"Person","@id":"https:\/\/www.mpc.pr.gov.br\/#\/schema\/person\/fcbc4260fccc8b55a21969df2a7a3241","name":"suiane.oliveira","image":{"@type":"ImageObject","inLanguage":"pt-BR","@id":"https:\/\/secure.gravatar.com\/avatar\/?s=96&d=mm&r=g","url":"https:\/\/secure.gravatar.com\/avatar\/?s=96&d=mm&r=g","contentUrl":"https:\/\/secure.gravatar.com\/avatar\/?s=96&d=mm&r=g","caption":"suiane.oliveira"}}]}},"rttpg_featured_image_url":null,"rttpg_author":{"display_name":"suiane.oliveira","author_link":"https:\/\/www.mpc.pr.gov.br\/index.php\/author\/suiane-oliveira\/"},"rttpg_comment":0,"rttpg_category":"<a href=\"https:\/\/www.mpc.pr.gov.br\/index.php\/category\/todas-as-noticias\/\" rel=\"category tag\">Todas as not\u00edcias<\/a>","rttpg_excerpt":"Evento tradicional da cidade, a 35\u00aa Oficina de M\u00fasica de Curitiba foi suspensa e n\u00e3o tem data para ocorrer. De acordo com a previs\u00e3o inicial, as atividades durariam de 7 a 29 de janeiro. A Oficina acontece desde 1983 e representa um dos mais importantes eventos de m\u00fasica da Am\u00e9rica Latina, promovendo in\u00fameras atividades destinadas&hellip;","_links":{"self":[{"href":"https:\/\/www.mpc.pr.gov.br\/index.php\/wp-json\/wp\/v2\/posts\/4608","targetHints":{"allow":["GET"]}}],"collection":[{"href":"https:\/\/www.mpc.pr.gov.br\/index.php\/wp-json\/wp\/v2\/posts"}],"about":[{"href":"https:\/\/www.mpc.pr.gov.br\/index.php\/wp-json\/wp\/v2\/types\/post"}],"author":[{"embeddable":true,"href":"https:\/\/www.mpc.pr.gov.br\/index.php\/wp-json\/wp\/v2\/users\/4"}],"replies":[{"embeddable":true,"href":"https:\/\/www.mpc.pr.gov.br\/index.php\/wp-json\/wp\/v2\/comments?post=4608"}],"version-history":[{"count":1,"href":"https:\/\/www.mpc.pr.gov.br\/index.php\/wp-json\/wp\/v2\/posts\/4608\/revisions"}],"predecessor-version":[{"id":16291,"href":"https:\/\/www.mpc.pr.gov.br\/index.php\/wp-json\/wp\/v2\/posts\/4608\/revisions\/16291"}],"wp:featuredmedia":[{"embeddable":true,"href":"https:\/\/www.mpc.pr.gov.br\/index.php\/wp-json\/"}],"wp:attachment":[{"href":"https:\/\/www.mpc.pr.gov.br\/index.php\/wp-json\/wp\/v2\/media?parent=4608"}],"wp:term":[{"taxonomy":"category","embeddable":true,"href":"https:\/\/www.mpc.pr.gov.br\/index.php\/wp-json\/wp\/v2\/categories?post=4608"},{"taxonomy":"post_tag","embeddable":true,"href":"https:\/\/www.mpc.pr.gov.br\/index.php\/wp-json\/wp\/v2\/tags?post=4608"}],"curies":[{"name":"wp","href":"https:\/\/api.w.org\/{rel}","templated":true}]}}