{"id":4693,"date":"2017-03-30T16:56:22","date_gmt":"2017-03-30T19:56:22","guid":{"rendered":"http:\/\/www.mpc.pr.gov.br\/?p=4693"},"modified":"2023-08-10T16:41:58","modified_gmt":"2023-08-10T19:41:58","slug":"nota-oficial-da-associacao-nacional-do-mp-de-contas-sobre-a-operacao-quinto-do-ouro","status":"publish","type":"post","link":"https:\/\/www.mpc.pr.gov.br\/index.php\/nota-oficial-da-associacao-nacional-do-mp-de-contas-sobre-a-operacao-quinto-do-ouro\/","title":{"rendered":"Nota oficial da Associa\u00e7\u00e3o Nacional do MP de Contas sobre a opera\u00e7\u00e3o &#8220;O Quinto do Ouro&#8221;"},"content":{"rendered":"<p style=\"text-align: justify;\">NOTA OFICIAL &#8211; PRIS\u00d5ES DE CONSELHEIROS NO TCE-RJ<\/p>\n<p style=\"text-align: justify;\">Em rela\u00e7\u00e3o \u00e0s not\u00edcias veiculadas na imprensa no dia de hoje (29.3.2017) relativas \u00e0 Opera\u00e7\u00e3o Quinto do Ouro, que resultou na pris\u00e3o tempor\u00e1ria de cinco conselheiros e de um ex-conselheiro do Tribunal de Contas do Estado do Rio de Janeiro (TCE-RJ), a Associa\u00e7\u00e3o Nacional do Minist\u00e9rio P\u00fablico de Contas (AMPCON), sem fazer qualquer julgamento antecipado sobre a conduta das personalidades envolvidas, manifesta seu integral apoio aos procedimentos de investiga\u00e7\u00e3o necess\u00e1rios para a completa elucida\u00e7\u00e3o dos fatos que conduziram \u00e0 referida opera\u00e7\u00e3o.<br \/>\nA import\u00e2ncia do Controle Externo da Administra\u00e7\u00e3o P\u00fablica para o pa\u00eds imp\u00f5e que sobre as Cortes de Contas n\u00e3o paire nenhuma sombra de d\u00favida sobre a idoneidade de seus membros e de seus servidores, assim como tamb\u00e9m ocorre com o Minist\u00e9rio P\u00fablico de Contas.<\/p>\n<p style=\"text-align: justify;\">As circunst\u00e2ncias que levaram ao envolvimento de membros do TCE\/RJ na referida opera\u00e7\u00e3o suscitam uma vez mais a necessidade inadi\u00e1vel de reforma dos crit\u00e9rios de indica\u00e7\u00e3o e composi\u00e7\u00e3o dos Tribunais de Contas. O modelo estabelecido pela Constitui\u00e7\u00e3o da Rep\u00fablica, com a preponder\u00e2ncia de indica\u00e7\u00f5es pol\u00edticas sobre as de natureza t\u00e9cnica, tem-se revelado, em sua concreta experi\u00eancia hist\u00f3rica, incapaz de conferir a estes \u00f3rg\u00e3os o perfil de atua\u00e7\u00e3o rigorosa que a sociedade brasileira quer, espera e exige.<\/p>\n<p style=\"text-align: justify;\">A realidade nacional exige austeridade e responsabilidade com os gastos p\u00fablicos. \u00c9 justamente por isso que se deve fortalecer a atividade de controle e de fiscaliza\u00e7\u00e3o dos gastos governamentais, cobrando dos \u00f3rg\u00e3os de Controle Externo efici\u00eancia, lisura, t\u00e9cnica e moralidade na sua atua\u00e7\u00e3o.<\/p>\n<p style=\"text-align: justify;\">Nesse sentido, a AMPCON sugeriu ao Congresso Nacional proposta de emenda constitucional, acolhida pela Frente Parlamentar de Combate \u00e0 Corrup\u00e7\u00e3o, materializada na PEC 329\/2013 que \u201cAltera a forma de composi\u00e7\u00e3o dos Tribunais de Contas; submete os membros do Minist\u00e9rio P\u00fablico de Contas ao Conselho Nacional do Minist\u00e9rio P\u00fablico &#8211; CNMP e os Conselheiros e Ministros dos Tribunais de Contas ao Conselho Nacional de Justi\u00e7a &#8211; CNJ e d\u00e1 outras provid\u00eancias\u201d, sob a relatoria do Deputado Federal Alessandro Mol\u00f3n.<\/p>\n<p style=\"text-align: justify;\">Tamb\u00e9m a PEC 40\/2016 do Senado apresenta importantes avan\u00e7os para o Controle Externo. A AMPCON confia que a reuni\u00e3o e aprova\u00e7\u00e3o dessas propostas pelo Congresso Nacional elevar\u00e1 o padr\u00e3o do Controle Externo da Administra\u00e7\u00e3o P\u00fablica ao patamar que nossa sociedade merece.<\/p>\n<p style=\"text-align: justify;\">Por fim, a AMPCON manifesta seu rep\u00fadio a toda e qualquer conduta ilegal que possa ocorrer nos tribunais de contas e renova o compromisso do Minist\u00e9rio P\u00fablico de Contas na defesa da sociedade, especialmente no que tange ao correto emprego dos recursos p\u00fablicos.<\/p>\n<p style=\"text-align: justify;\"><a href=\"http:\/\/www.mpc.pr.gov.br\/wp-content\/uploads\/2016\/12\/nota-ampcon-repudio_0.jpg\"><img fetchpriority=\"high\" decoding=\"async\" class=\"alignnone size-medium wp-image-4553\" src=\"http:\/\/www.mpc.pr.gov.br\/wp-content\/uploads\/2016\/12\/nota-ampcon-repudio_0-300x192.jpg\" alt=\"nota-ampcon-repudio_0\" width=\"300\" height=\"192\" \/><\/a><\/p>\n","protected":false},"excerpt":{"rendered":"<p>NOTA OFICIAL &#8211; PRIS\u00d5ES DE CONSELHEIROS NO TCE-RJ Em rela\u00e7\u00e3o \u00e0s not\u00edcias veiculadas na imprensa no dia de hoje (29.3.2017) relativas \u00e0 Opera\u00e7\u00e3o Quinto do Ouro, que resultou na pris\u00e3o tempor\u00e1ria de cinco conselheiros e de um ex-conselheiro do Tribunal de Contas do Estado do Rio de Janeiro (TCE-RJ), a Associa\u00e7\u00e3o Nacional do Minist\u00e9rio P\u00fablico [&hellip;]<\/p>\n","protected":false},"author":4,"featured_media":4697,"comment_status":"open","ping_status":"open","sticky":false,"template":"","format":"standard","meta":{"_monsterinsights_skip_tracking":false,"_monsterinsights_sitenote_active":false,"_monsterinsights_sitenote_note":"","_monsterinsights_sitenote_category":0,"footnotes":""},"categories":[7,14],"tags":[],"class_list":["post-4693","post","type-post","status-publish","format-standard","has-post-thumbnail","hentry","category-todas-as-noticias","category-ultimas-noticias","entry","has-media"],"yoast_head":"<!-- This site is optimized with the Yoast SEO plugin v27.3 - https:\/\/yoast.com\/product\/yoast-seo-wordpress\/ -->\n<title>Nota oficial da Associa\u00e7\u00e3o Nacional do MP de Contas sobre a opera\u00e7\u00e3o &quot;O Quinto do Ouro&quot; - Minist\u00e9rio P\u00fablico de Contas do Estado do Paran\u00e1<\/title>\n<meta name=\"robots\" content=\"index, follow, max-snippet:-1, max-image-preview:large, max-video-preview:-1\" \/>\n<link rel=\"canonical\" href=\"https:\/\/www.mpc.pr.gov.br\/index.php\/nota-oficial-da-associacao-nacional-do-mp-de-contas-sobre-a-operacao-quinto-do-ouro\/\" \/>\n<meta property=\"og:locale\" content=\"pt_BR\" \/>\n<meta property=\"og:type\" content=\"article\" \/>\n<meta property=\"og:title\" content=\"Nota oficial da Associa\u00e7\u00e3o Nacional do MP de Contas sobre a opera\u00e7\u00e3o &quot;O Quinto do Ouro&quot; - Minist\u00e9rio P\u00fablico de Contas do Estado do Paran\u00e1\" \/>\n<meta property=\"og:description\" content=\"NOTA OFICIAL &#8211; PRIS\u00d5ES DE CONSELHEIROS NO TCE-RJ Em rela\u00e7\u00e3o \u00e0s not\u00edcias veiculadas na imprensa no dia de hoje (29.3.2017) relativas \u00e0 Opera\u00e7\u00e3o Quinto do Ouro, que resultou na pris\u00e3o tempor\u00e1ria de cinco conselheiros e de um ex-conselheiro do Tribunal de Contas do Estado do Rio de Janeiro (TCE-RJ), a Associa\u00e7\u00e3o Nacional do Minist\u00e9rio P\u00fablico [&hellip;]\" \/>\n<meta property=\"og:url\" content=\"https:\/\/www.mpc.pr.gov.br\/index.php\/nota-oficial-da-associacao-nacional-do-mp-de-contas-sobre-a-operacao-quinto-do-ouro\/\" \/>\n<meta property=\"og:site_name\" content=\"Minist\u00e9rio P\u00fablico de Contas do Estado do Paran\u00e1\" \/>\n<meta property=\"article:publisher\" content=\"https:\/\/www.facebook.com\/mpc.pr\" \/>\n<meta property=\"article:published_time\" content=\"2017-03-30T19:56:22+00:00\" \/>\n<meta property=\"article:modified_time\" content=\"2023-08-10T19:41:58+00:00\" \/>\n<meta name=\"author\" content=\"suiane.oliveira\" \/>\n<meta name=\"twitter:card\" content=\"summary_large_image\" \/>\n<meta name=\"twitter:label1\" content=\"Escrito por\" \/>\n\t<meta name=\"twitter:data1\" content=\"suiane.oliveira\" \/>\n\t<meta name=\"twitter:label2\" content=\"Est. tempo de leitura\" \/>\n\t<meta name=\"twitter:data2\" content=\"2 minutos\" \/>\n<script type=\"application\/ld+json\" class=\"yoast-schema-graph\">{\"@context\":\"https:\\\/\\\/schema.org\",\"@graph\":[{\"@type\":\"Article\",\"@id\":\"https:\\\/\\\/www.mpc.pr.gov.br\\\/index.php\\\/nota-oficial-da-associacao-nacional-do-mp-de-contas-sobre-a-operacao-quinto-do-ouro\\\/#article\",\"isPartOf\":{\"@id\":\"https:\\\/\\\/www.mpc.pr.gov.br\\\/index.php\\\/nota-oficial-da-associacao-nacional-do-mp-de-contas-sobre-a-operacao-quinto-do-ouro\\\/\"},\"author\":{\"name\":\"suiane.oliveira\",\"@id\":\"https:\\\/\\\/www.mpc.pr.gov.br\\\/#\\\/schema\\\/person\\\/fcbc4260fccc8b55a21969df2a7a3241\"},\"headline\":\"Nota oficial da Associa\u00e7\u00e3o Nacional do MP de Contas sobre a opera\u00e7\u00e3o &#8220;O Quinto do Ouro&#8221;\",\"datePublished\":\"2017-03-30T19:56:22+00:00\",\"dateModified\":\"2023-08-10T19:41:58+00:00\",\"mainEntityOfPage\":{\"@id\":\"https:\\\/\\\/www.mpc.pr.gov.br\\\/index.php\\\/nota-oficial-da-associacao-nacional-do-mp-de-contas-sobre-a-operacao-quinto-do-ouro\\\/\"},\"wordCount\":491,\"commentCount\":0,\"publisher\":{\"@id\":\"https:\\\/\\\/www.mpc.pr.gov.br\\\/#organization\"},\"image\":{\"@id\":\"https:\\\/\\\/www.mpc.pr.gov.br\\\/index.php\\\/nota-oficial-da-associacao-nacional-do-mp-de-contas-sobre-a-operacao-quinto-do-ouro\\\/#primaryimage\"},\"thumbnailUrl\":\"\",\"articleSection\":[\"Todas as not\u00edcias\",\"\u00daltimas not\u00edcias\"],\"inLanguage\":\"pt-BR\",\"potentialAction\":[{\"@type\":\"CommentAction\",\"name\":\"Comment\",\"target\":[\"https:\\\/\\\/www.mpc.pr.gov.br\\\/index.php\\\/nota-oficial-da-associacao-nacional-do-mp-de-contas-sobre-a-operacao-quinto-do-ouro\\\/#respond\"]}]},{\"@type\":\"WebPage\",\"@id\":\"https:\\\/\\\/www.mpc.pr.gov.br\\\/index.php\\\/nota-oficial-da-associacao-nacional-do-mp-de-contas-sobre-a-operacao-quinto-do-ouro\\\/\",\"url\":\"https:\\\/\\\/www.mpc.pr.gov.br\\\/index.php\\\/nota-oficial-da-associacao-nacional-do-mp-de-contas-sobre-a-operacao-quinto-do-ouro\\\/\",\"name\":\"Nota oficial da Associa\u00e7\u00e3o Nacional do MP de Contas sobre a opera\u00e7\u00e3o \\\"O Quinto do Ouro\\\" - Minist\u00e9rio P\u00fablico de Contas do Estado do Paran\u00e1\",\"isPartOf\":{\"@id\":\"https:\\\/\\\/www.mpc.pr.gov.br\\\/#website\"},\"primaryImageOfPage\":{\"@id\":\"https:\\\/\\\/www.mpc.pr.gov.br\\\/index.php\\\/nota-oficial-da-associacao-nacional-do-mp-de-contas-sobre-a-operacao-quinto-do-ouro\\\/#primaryimage\"},\"image\":{\"@id\":\"https:\\\/\\\/www.mpc.pr.gov.br\\\/index.php\\\/nota-oficial-da-associacao-nacional-do-mp-de-contas-sobre-a-operacao-quinto-do-ouro\\\/#primaryimage\"},\"thumbnailUrl\":\"\",\"datePublished\":\"2017-03-30T19:56:22+00:00\",\"dateModified\":\"2023-08-10T19:41:58+00:00\",\"breadcrumb\":{\"@id\":\"https:\\\/\\\/www.mpc.pr.gov.br\\\/index.php\\\/nota-oficial-da-associacao-nacional-do-mp-de-contas-sobre-a-operacao-quinto-do-ouro\\\/#breadcrumb\"},\"inLanguage\":\"pt-BR\",\"potentialAction\":[{\"@type\":\"ReadAction\",\"target\":[\"https:\\\/\\\/www.mpc.pr.gov.br\\\/index.php\\\/nota-oficial-da-associacao-nacional-do-mp-de-contas-sobre-a-operacao-quinto-do-ouro\\\/\"]}]},{\"@type\":\"ImageObject\",\"inLanguage\":\"pt-BR\",\"@id\":\"https:\\\/\\\/www.mpc.pr.gov.br\\\/index.php\\\/nota-oficial-da-associacao-nacional-do-mp-de-contas-sobre-a-operacao-quinto-do-ouro\\\/#primaryimage\",\"url\":\"\",\"contentUrl\":\"\"},{\"@type\":\"BreadcrumbList\",\"@id\":\"https:\\\/\\\/www.mpc.pr.gov.br\\\/index.php\\\/nota-oficial-da-associacao-nacional-do-mp-de-contas-sobre-a-operacao-quinto-do-ouro\\\/#breadcrumb\",\"itemListElement\":[{\"@type\":\"ListItem\",\"position\":1,\"name\":\"In\u00edcio\",\"item\":\"https:\\\/\\\/www.mpc.pr.gov.br\\\/\"},{\"@type\":\"ListItem\",\"position\":2,\"name\":\"Nota oficial da Associa\u00e7\u00e3o Nacional do MP de Contas sobre a opera\u00e7\u00e3o &#8220;O Quinto do Ouro&#8221;\"}]},{\"@type\":\"WebSite\",\"@id\":\"https:\\\/\\\/www.mpc.pr.gov.br\\\/#website\",\"url\":\"https:\\\/\\\/www.mpc.pr.gov.br\\\/\",\"name\":\"Minist\u00e9rio P\u00fablico de Contas do Estado do Paran\u00e1\",\"description\":\"\",\"publisher\":{\"@id\":\"https:\\\/\\\/www.mpc.pr.gov.br\\\/#organization\"},\"potentialAction\":[{\"@type\":\"SearchAction\",\"target\":{\"@type\":\"EntryPoint\",\"urlTemplate\":\"https:\\\/\\\/www.mpc.pr.gov.br\\\/?s={search_term_string}\"},\"query-input\":{\"@type\":\"PropertyValueSpecification\",\"valueRequired\":true,\"valueName\":\"search_term_string\"}}],\"inLanguage\":\"pt-BR\"},{\"@type\":\"Organization\",\"@id\":\"https:\\\/\\\/www.mpc.pr.gov.br\\\/#organization\",\"name\":\"Minist\u00e9rio P\u00fablico de Contas do Estado do Paran\u00e1\",\"url\":\"https:\\\/\\\/www.mpc.pr.gov.br\\\/\",\"logo\":{\"@type\":\"ImageObject\",\"inLanguage\":\"pt-BR\",\"@id\":\"https:\\\/\\\/www.mpc.pr.gov.br\\\/#\\\/schema\\\/logo\\\/image\\\/\",\"url\":\"https:\\\/\\\/www.mpc.pr.gov.br\\\/wp-content\\\/uploads\\\/2020\\\/06\\\/99423647_1593460364143890_6706793420720963584_n-1-e1591387983167.png\",\"contentUrl\":\"https:\\\/\\\/www.mpc.pr.gov.br\\\/wp-content\\\/uploads\\\/2020\\\/06\\\/99423647_1593460364143890_6706793420720963584_n-1-e1591387983167.png\",\"width\":243,\"height\":73,\"caption\":\"Minist\u00e9rio P\u00fablico de Contas do Estado do Paran\u00e1\"},\"image\":{\"@id\":\"https:\\\/\\\/www.mpc.pr.gov.br\\\/#\\\/schema\\\/logo\\\/image\\\/\"},\"sameAs\":[\"https:\\\/\\\/www.facebook.com\\\/mpc.pr\",\"https:\\\/\\\/www.instagram.com\\\/mpc.pr\\\/?hl=pt-br\",\"https:\\\/\\\/www.youtube.com\\\/channel\\\/UCHri5oEM8DV0ztX57E0sBSw\"]},{\"@type\":\"Person\",\"@id\":\"https:\\\/\\\/www.mpc.pr.gov.br\\\/#\\\/schema\\\/person\\\/fcbc4260fccc8b55a21969df2a7a3241\",\"name\":\"suiane.oliveira\",\"image\":{\"@type\":\"ImageObject\",\"inLanguage\":\"pt-BR\",\"@id\":\"https:\\\/\\\/secure.gravatar.com\\\/avatar\\\/?s=96&d=mm&r=g\",\"url\":\"https:\\\/\\\/secure.gravatar.com\\\/avatar\\\/?s=96&d=mm&r=g\",\"contentUrl\":\"https:\\\/\\\/secure.gravatar.com\\\/avatar\\\/?s=96&d=mm&r=g\",\"caption\":\"suiane.oliveira\"}}]}<\/script>\n<!-- \/ Yoast SEO plugin. -->","yoast_head_json":{"title":"Nota oficial da Associa\u00e7\u00e3o Nacional do MP de Contas sobre a opera\u00e7\u00e3o \"O Quinto do Ouro\" - Minist\u00e9rio P\u00fablico de Contas do Estado do Paran\u00e1","robots":{"index":"index","follow":"follow","max-snippet":"max-snippet:-1","max-image-preview":"max-image-preview:large","max-video-preview":"max-video-preview:-1"},"canonical":"https:\/\/www.mpc.pr.gov.br\/index.php\/nota-oficial-da-associacao-nacional-do-mp-de-contas-sobre-a-operacao-quinto-do-ouro\/","og_locale":"pt_BR","og_type":"article","og_title":"Nota oficial da Associa\u00e7\u00e3o Nacional do MP de Contas sobre a opera\u00e7\u00e3o \"O Quinto do Ouro\" - Minist\u00e9rio P\u00fablico de Contas do Estado do Paran\u00e1","og_description":"NOTA OFICIAL &#8211; PRIS\u00d5ES DE CONSELHEIROS NO TCE-RJ Em rela\u00e7\u00e3o \u00e0s not\u00edcias veiculadas na imprensa no dia de hoje (29.3.2017) relativas \u00e0 Opera\u00e7\u00e3o Quinto do Ouro, que resultou na pris\u00e3o tempor\u00e1ria de cinco conselheiros e de um ex-conselheiro do Tribunal de Contas do Estado do Rio de Janeiro (TCE-RJ), a Associa\u00e7\u00e3o Nacional do Minist\u00e9rio P\u00fablico [&hellip;]","og_url":"https:\/\/www.mpc.pr.gov.br\/index.php\/nota-oficial-da-associacao-nacional-do-mp-de-contas-sobre-a-operacao-quinto-do-ouro\/","og_site_name":"Minist\u00e9rio P\u00fablico de Contas do Estado do Paran\u00e1","article_publisher":"https:\/\/www.facebook.com\/mpc.pr","article_published_time":"2017-03-30T19:56:22+00:00","article_modified_time":"2023-08-10T19:41:58+00:00","author":"suiane.oliveira","twitter_card":"summary_large_image","twitter_misc":{"Escrito por":"suiane.oliveira","Est. tempo de leitura":"2 minutos"},"schema":{"@context":"https:\/\/schema.org","@graph":[{"@type":"Article","@id":"https:\/\/www.mpc.pr.gov.br\/index.php\/nota-oficial-da-associacao-nacional-do-mp-de-contas-sobre-a-operacao-quinto-do-ouro\/#article","isPartOf":{"@id":"https:\/\/www.mpc.pr.gov.br\/index.php\/nota-oficial-da-associacao-nacional-do-mp-de-contas-sobre-a-operacao-quinto-do-ouro\/"},"author":{"name":"suiane.oliveira","@id":"https:\/\/www.mpc.pr.gov.br\/#\/schema\/person\/fcbc4260fccc8b55a21969df2a7a3241"},"headline":"Nota oficial da Associa\u00e7\u00e3o Nacional do MP de Contas sobre a opera\u00e7\u00e3o &#8220;O Quinto do Ouro&#8221;","datePublished":"2017-03-30T19:56:22+00:00","dateModified":"2023-08-10T19:41:58+00:00","mainEntityOfPage":{"@id":"https:\/\/www.mpc.pr.gov.br\/index.php\/nota-oficial-da-associacao-nacional-do-mp-de-contas-sobre-a-operacao-quinto-do-ouro\/"},"wordCount":491,"commentCount":0,"publisher":{"@id":"https:\/\/www.mpc.pr.gov.br\/#organization"},"image":{"@id":"https:\/\/www.mpc.pr.gov.br\/index.php\/nota-oficial-da-associacao-nacional-do-mp-de-contas-sobre-a-operacao-quinto-do-ouro\/#primaryimage"},"thumbnailUrl":"","articleSection":["Todas as not\u00edcias","\u00daltimas not\u00edcias"],"inLanguage":"pt-BR","potentialAction":[{"@type":"CommentAction","name":"Comment","target":["https:\/\/www.mpc.pr.gov.br\/index.php\/nota-oficial-da-associacao-nacional-do-mp-de-contas-sobre-a-operacao-quinto-do-ouro\/#respond"]}]},{"@type":"WebPage","@id":"https:\/\/www.mpc.pr.gov.br\/index.php\/nota-oficial-da-associacao-nacional-do-mp-de-contas-sobre-a-operacao-quinto-do-ouro\/","url":"https:\/\/www.mpc.pr.gov.br\/index.php\/nota-oficial-da-associacao-nacional-do-mp-de-contas-sobre-a-operacao-quinto-do-ouro\/","name":"Nota oficial da Associa\u00e7\u00e3o Nacional do MP de Contas sobre a opera\u00e7\u00e3o \"O Quinto do Ouro\" - Minist\u00e9rio P\u00fablico de Contas do Estado do Paran\u00e1","isPartOf":{"@id":"https:\/\/www.mpc.pr.gov.br\/#website"},"primaryImageOfPage":{"@id":"https:\/\/www.mpc.pr.gov.br\/index.php\/nota-oficial-da-associacao-nacional-do-mp-de-contas-sobre-a-operacao-quinto-do-ouro\/#primaryimage"},"image":{"@id":"https:\/\/www.mpc.pr.gov.br\/index.php\/nota-oficial-da-associacao-nacional-do-mp-de-contas-sobre-a-operacao-quinto-do-ouro\/#primaryimage"},"thumbnailUrl":"","datePublished":"2017-03-30T19:56:22+00:00","dateModified":"2023-08-10T19:41:58+00:00","breadcrumb":{"@id":"https:\/\/www.mpc.pr.gov.br\/index.php\/nota-oficial-da-associacao-nacional-do-mp-de-contas-sobre-a-operacao-quinto-do-ouro\/#breadcrumb"},"inLanguage":"pt-BR","potentialAction":[{"@type":"ReadAction","target":["https:\/\/www.mpc.pr.gov.br\/index.php\/nota-oficial-da-associacao-nacional-do-mp-de-contas-sobre-a-operacao-quinto-do-ouro\/"]}]},{"@type":"ImageObject","inLanguage":"pt-BR","@id":"https:\/\/www.mpc.pr.gov.br\/index.php\/nota-oficial-da-associacao-nacional-do-mp-de-contas-sobre-a-operacao-quinto-do-ouro\/#primaryimage","url":"","contentUrl":""},{"@type":"BreadcrumbList","@id":"https:\/\/www.mpc.pr.gov.br\/index.php\/nota-oficial-da-associacao-nacional-do-mp-de-contas-sobre-a-operacao-quinto-do-ouro\/#breadcrumb","itemListElement":[{"@type":"ListItem","position":1,"name":"In\u00edcio","item":"https:\/\/www.mpc.pr.gov.br\/"},{"@type":"ListItem","position":2,"name":"Nota oficial da Associa\u00e7\u00e3o Nacional do MP de Contas sobre a opera\u00e7\u00e3o &#8220;O Quinto do Ouro&#8221;"}]},{"@type":"WebSite","@id":"https:\/\/www.mpc.pr.gov.br\/#website","url":"https:\/\/www.mpc.pr.gov.br\/","name":"Minist\u00e9rio P\u00fablico de Contas do Estado do Paran\u00e1","description":"","publisher":{"@id":"https:\/\/www.mpc.pr.gov.br\/#organization"},"potentialAction":[{"@type":"SearchAction","target":{"@type":"EntryPoint","urlTemplate":"https:\/\/www.mpc.pr.gov.br\/?s={search_term_string}"},"query-input":{"@type":"PropertyValueSpecification","valueRequired":true,"valueName":"search_term_string"}}],"inLanguage":"pt-BR"},{"@type":"Organization","@id":"https:\/\/www.mpc.pr.gov.br\/#organization","name":"Minist\u00e9rio P\u00fablico de Contas do Estado do Paran\u00e1","url":"https:\/\/www.mpc.pr.gov.br\/","logo":{"@type":"ImageObject","inLanguage":"pt-BR","@id":"https:\/\/www.mpc.pr.gov.br\/#\/schema\/logo\/image\/","url":"https:\/\/www.mpc.pr.gov.br\/wp-content\/uploads\/2020\/06\/99423647_1593460364143890_6706793420720963584_n-1-e1591387983167.png","contentUrl":"https:\/\/www.mpc.pr.gov.br\/wp-content\/uploads\/2020\/06\/99423647_1593460364143890_6706793420720963584_n-1-e1591387983167.png","width":243,"height":73,"caption":"Minist\u00e9rio P\u00fablico de Contas do Estado do Paran\u00e1"},"image":{"@id":"https:\/\/www.mpc.pr.gov.br\/#\/schema\/logo\/image\/"},"sameAs":["https:\/\/www.facebook.com\/mpc.pr","https:\/\/www.instagram.com\/mpc.pr\/?hl=pt-br","https:\/\/www.youtube.com\/channel\/UCHri5oEM8DV0ztX57E0sBSw"]},{"@type":"Person","@id":"https:\/\/www.mpc.pr.gov.br\/#\/schema\/person\/fcbc4260fccc8b55a21969df2a7a3241","name":"suiane.oliveira","image":{"@type":"ImageObject","inLanguage":"pt-BR","@id":"https:\/\/secure.gravatar.com\/avatar\/?s=96&d=mm&r=g","url":"https:\/\/secure.gravatar.com\/avatar\/?s=96&d=mm&r=g","contentUrl":"https:\/\/secure.gravatar.com\/avatar\/?s=96&d=mm&r=g","caption":"suiane.oliveira"}}]}},"rttpg_featured_image_url":null,"rttpg_author":{"display_name":"suiane.oliveira","author_link":"https:\/\/www.mpc.pr.gov.br\/index.php\/author\/suiane-oliveira\/"},"rttpg_comment":0,"rttpg_category":"<a href=\"https:\/\/www.mpc.pr.gov.br\/index.php\/category\/todas-as-noticias\/\" rel=\"category tag\">Todas as not\u00edcias<\/a> <a href=\"https:\/\/www.mpc.pr.gov.br\/index.php\/category\/ultimas-noticias\/\" rel=\"category tag\">\u00daltimas not\u00edcias<\/a>","rttpg_excerpt":"NOTA OFICIAL &#8211; PRIS\u00d5ES DE CONSELHEIROS NO TCE-RJ Em rela\u00e7\u00e3o \u00e0s not\u00edcias veiculadas na imprensa no dia de hoje (29.3.2017) relativas \u00e0 Opera\u00e7\u00e3o Quinto do Ouro, que resultou na pris\u00e3o tempor\u00e1ria de cinco conselheiros e de um ex-conselheiro do Tribunal de Contas do Estado do Rio de Janeiro (TCE-RJ), a Associa\u00e7\u00e3o Nacional do Minist\u00e9rio P\u00fablico&hellip;","_links":{"self":[{"href":"https:\/\/www.mpc.pr.gov.br\/index.php\/wp-json\/wp\/v2\/posts\/4693","targetHints":{"allow":["GET"]}}],"collection":[{"href":"https:\/\/www.mpc.pr.gov.br\/index.php\/wp-json\/wp\/v2\/posts"}],"about":[{"href":"https:\/\/www.mpc.pr.gov.br\/index.php\/wp-json\/wp\/v2\/types\/post"}],"author":[{"embeddable":true,"href":"https:\/\/www.mpc.pr.gov.br\/index.php\/wp-json\/wp\/v2\/users\/4"}],"replies":[{"embeddable":true,"href":"https:\/\/www.mpc.pr.gov.br\/index.php\/wp-json\/wp\/v2\/comments?post=4693"}],"version-history":[{"count":1,"href":"https:\/\/www.mpc.pr.gov.br\/index.php\/wp-json\/wp\/v2\/posts\/4693\/revisions"}],"predecessor-version":[{"id":16286,"href":"https:\/\/www.mpc.pr.gov.br\/index.php\/wp-json\/wp\/v2\/posts\/4693\/revisions\/16286"}],"wp:featuredmedia":[{"embeddable":true,"href":"https:\/\/www.mpc.pr.gov.br\/index.php\/wp-json\/"}],"wp:attachment":[{"href":"https:\/\/www.mpc.pr.gov.br\/index.php\/wp-json\/wp\/v2\/media?parent=4693"}],"wp:term":[{"taxonomy":"category","embeddable":true,"href":"https:\/\/www.mpc.pr.gov.br\/index.php\/wp-json\/wp\/v2\/categories?post=4693"},{"taxonomy":"post_tag","embeddable":true,"href":"https:\/\/www.mpc.pr.gov.br\/index.php\/wp-json\/wp\/v2\/tags?post=4693"}],"curies":[{"name":"wp","href":"https:\/\/api.w.org\/{rel}","templated":true}]}}