{"id":4718,"date":"2017-04-09T18:08:38","date_gmt":"2017-04-09T18:08:38","guid":{"rendered":"http:\/\/www.mpc.pr.gov.br\/?p=4718"},"modified":"2017-04-09T18:08:38","modified_gmt":"2017-04-09T18:08:38","slug":"carreira-nacional-do-ministerio-publico-de-contas-e-tema-de-livro-lancado-pela-editora-forum","status":"publish","type":"post","link":"https:\/\/www.mpc.pr.gov.br\/index.php\/carreira-nacional-do-ministerio-publico-de-contas-e-tema-de-livro-lancado-pela-editora-forum\/","title":{"rendered":"CARREIRA NACIONAL DO MINIST\u00c9RIO P\u00daBLICO DE CONTAS \u00c9 TEMA DE LIVRO DA EDITORA F\u00d3RUM"},"content":{"rendered":"<p>A Associa\u00e7\u00e3o Nacional do Minist\u00e9rio P\u00fablico de Contas (AMPCON) lan\u00e7ou, pela Editora F\u00f3rum, obra que examina o regime jur\u00eddico do MP de Contas.<\/p>\n<p>Ao final de diversos estudos, \u00e9 apresentada uma proposta para transformar o Minist\u00e9rio P\u00fablico de Contas em uma INSTITUI\u00c7\u00c3O NACIONAL (<a href=\"http:\/\/www.mpc.pr.gov.br\/wp-content\/uploads\/2017\/04\/MPC-NACIONAL.pdf\">acesse aqui a justificativa e a proposta<\/a>).<\/p>\n<p>Tamb\u00e9m \u00e9 referenciada no fasc\u00edculo a <a href=\"http:\/\/www.camara.gov.br\/proposicoesWeb\/fichadetramitacao?idProposicao=597232\">PEC 329\/13 <\/a>que, atualmente, est\u00e1 no cerne das discuss\u00f5es para a modifica\u00e7\u00e3o dos Tribunais de Contas brasileiros.<\/p>\n<p>O livro conta com trabalhos assinados por Carlos AYRES BRITTO, Uadi BULOS, Juarez FREITAS, Jos\u00e9 N\u00c9RI DA SILVEIRA, Carlos M\u00e1rio VELLOSO, Patrick MESQUITA, Diogo RINGENBERG, Gabriel L\u00e9ger, Ta\u00eds Schilling FERRAZ e Michael Richard REINER.<\/p>\n<p>Acesse o\u00a0livro da editora <a href=\"http:\/\/loja.editoraforum.com.br\/ministerio-publico-de-contas-perspectivas-doutrinarias-do-seu-estatuto-juridico?search=minist%C3%A9rio%20p%C3%BAblico\">AQUI<\/a>.<\/p>\n<p><a href=\"http:\/\/www.mpc.pr.gov.br\/wp-content\/uploads\/2017\/04\/MPC-NACIONAL.pdf\">PROPOSTA E JUSTIFICATIVA EM PDF<\/a>\u00a0&#8211; Carreira Nacional do Minist\u00e9rio P\u00fablico de Contas<\/p>\n<p>&nbsp;<\/p>\n<p><strong>PROPOSTA DE EMENDA \u00c0 CONSTITUI\u00c7\u00c3O N\u00ba___ , DE 201_<\/strong><\/p>\n<p><strong>\u00a0<\/strong><\/p>\n<p>Altera a estrutura do Minist\u00e9rio P\u00fablico de Contas brasileiro e d\u00e1 outras provid\u00eancias.<\/p>\n<p>&nbsp;<\/p>\n<p>As Mesas da C\u00e2mara dos Deputados e do Senado Federal, nos termos do \u00a7 3\u00ba do art. 60 da Constitui\u00e7\u00e3o Federal, promulgam a seguinte Emenda ao texto constitucional:<\/p>\n<p><strong>Art. 1\u00ba<\/strong> \u00c9 acrescentada no inciso I do art. 128, da Constitui\u00e7\u00e3o Federal, a al\u00ednea <em>e<\/em>, nos seguintes termos:<\/p>\n<p>\u201cArt. 128. &#8230;&#8230;&#8230;&#8230;&#8230;&#8230;&#8230;&#8230;&#8230;&#8230;&#8230;&#8230;&#8230;&#8230;&#8230;&#8230;&#8230;&#8230;&#8230;&#8230;&#8230;&#8230;&#8230;&#8230;&#8230;&#8230;&#8230;&#8230;&#8230;&#8230;&#8230;&#8230;&#8230;..<\/p>\n<p>I &#8211; &#8230;&#8230;&#8230;&#8230;&#8230;&#8230;&#8230;&#8230;&#8230;&#8230;&#8230;&#8230;&#8230;&#8230;&#8230;&#8230;&#8230;&#8230;&#8230;&#8230;&#8230;&#8230;&#8230;&#8230;&#8230;&#8230;&#8230;&#8230;&#8230;&#8230;&#8230;&#8230;&#8230;&#8230;&#8230;&#8230;&#8230;&#8230;&#8230;<\/p>\n<ol>\n<li>e) o Minist\u00e9rio P\u00fablico de Contas;\u201d<\/li>\n<\/ol>\n<p><strong>Art. 2\u00ba<\/strong> Inclua-se um inciso, a ser enumerado como IX com a reda\u00e7\u00e3o seguinte, passando o atual inciso IX para inciso X, no art. 129 da Constitui\u00e7\u00e3o Federal:<\/p>\n<p>\u201cArt. 129. &#8230;&#8230;&#8230;&#8230;&#8230;&#8230;&#8230;&#8230;&#8230;&#8230;&#8230;&#8230;&#8230;&#8230;&#8230;&#8230;&#8230;&#8230;&#8230;&#8230;&#8230;&#8230;&#8230;&#8230;&#8230;&#8230;&#8230;&#8230;&#8230;&#8230;&#8230;&#8230;&#8230;..<\/p>\n<p>IX \u2013 atuar no controle externo da administra\u00e7\u00e3o p\u00fablica;\u201d<\/p>\n<p><strong>Art. 3\u00ba <\/strong>Fica revogado o art. 130 da Constitui\u00e7\u00e3o Federal.<\/p>\n<p><strong>Art. 4\u00ba <\/strong>Passam os atuais procuradores do Minist\u00e9rio P\u00fablico de Contas que oficiam junto aos Tribunais de Contas da Uni\u00e3o, dos Estados, do Distrito Federal, dos Munic\u00edpios e de Munic\u00edpios, onde houver, a integrar o ramo de que trata o art. 128, I, <em>e<\/em>, da Constitui\u00e7\u00e3o Federal, respeitadas as garantias previstas no seu \u00a75\u00ba, aplicando-se, no que couber, enquanto n\u00e3o sobrevenha a regulamenta\u00e7\u00e3o legal de sua estrutura, a forma de organiza\u00e7\u00e3o dos demais ramos do Minist\u00e9rio P\u00fablico da Uni\u00e3o.<\/p>\n<p><strong>Par\u00e1grafo \u00fanico.<\/strong> Fica assegurada, at\u00e9 a implementa\u00e7\u00e3o da estrutura substitutiva de que trata este artigo, a presta\u00e7\u00e3o dos servi\u00e7os auxiliares existentes, ao encargo dos \u00f3rg\u00e3os de origem.<\/p>\n<p><strong>Art. 5\u00ba<\/strong>. Enquanto lei complementar n\u00e3o disciplinar novo limite de despesa total com pessoal do Minist\u00e9rio P\u00fablico da Uni\u00e3o decorrente da modifica\u00e7\u00e3o promovida por esta Emenda Constitucional, fica ele acrescido, para os fins do disposto no <em>caput<\/em> do art. 169 da Constitui\u00e7\u00e3o, da al\u00edquota de 0,08% (zero virgula zero oito por cento).<\/p>\n<p><strong>\u00a0\u00a0\u00a0\u00a0\u00a0\u00a0\u00a0\u00a0\u00a0\u00a0\u00a0 Art. 6\u00ba<\/strong> Esta Emenda Constitucional entra em vigor na data da sua publica\u00e7\u00e3o.<\/p>\n<p>&nbsp;<\/p>\n<p><img decoding=\"async\" class=\"aligncenter\" src=\"http:\/\/www.mpc.pr.gov.br\/wp-content\/uploads\/2017\/04\/MinisterioPublicoDeContas.png\" \/><\/p>\n","protected":false},"excerpt":{"rendered":"<p>A Associa\u00e7\u00e3o Nacional do Minist\u00e9rio P\u00fablico de Contas (AMPCON) lan\u00e7ou, pela Editora F\u00f3rum, obra que examina o regime jur\u00eddico do MP de Contas. Ao final de diversos estudos, \u00e9 apresentada uma proposta para transformar o Minist\u00e9rio P\u00fablico de Contas em uma INSTITUI\u00c7\u00c3O NACIONAL (acesse aqui a justificativa e a proposta). Tamb\u00e9m \u00e9 referenciada no fasc\u00edculo [&hellip;]<\/p>\n","protected":false},"author":3,"featured_media":4721,"comment_status":"open","ping_status":"open","sticky":false,"template":"","format":"standard","meta":{"_monsterinsights_skip_tracking":false,"_monsterinsights_sitenote_active":false,"_monsterinsights_sitenote_note":"","_monsterinsights_sitenote_category":0,"footnotes":""},"categories":[15,7,14],"tags":[],"class_list":["post-4718","post","type-post","status-publish","format-standard","has-post-thumbnail","hentry","category-noticias-de-interesse","category-todas-as-noticias","category-ultimas-noticias","entry","has-media"],"yoast_head":"<!-- This site is optimized with the Yoast SEO plugin v27.3 - https:\/\/yoast.com\/product\/yoast-seo-wordpress\/ -->\n<title>CARREIRA NACIONAL DO MINIST\u00c9RIO P\u00daBLICO DE CONTAS \u00c9 TEMA DE LIVRO DA EDITORA F\u00d3RUM - Minist\u00e9rio P\u00fablico de Contas do Estado do Paran\u00e1<\/title>\n<meta name=\"robots\" content=\"index, follow, max-snippet:-1, max-image-preview:large, max-video-preview:-1\" \/>\n<link rel=\"canonical\" href=\"https:\/\/www.mpc.pr.gov.br\/index.php\/carreira-nacional-do-ministerio-publico-de-contas-e-tema-de-livro-lancado-pela-editora-forum\/\" \/>\n<meta property=\"og:locale\" content=\"pt_BR\" \/>\n<meta property=\"og:type\" content=\"article\" \/>\n<meta property=\"og:title\" content=\"CARREIRA NACIONAL DO MINIST\u00c9RIO P\u00daBLICO DE CONTAS \u00c9 TEMA DE LIVRO DA EDITORA F\u00d3RUM - Minist\u00e9rio P\u00fablico de Contas do Estado do Paran\u00e1\" \/>\n<meta property=\"og:description\" content=\"A Associa\u00e7\u00e3o Nacional do Minist\u00e9rio P\u00fablico de Contas (AMPCON) lan\u00e7ou, pela Editora F\u00f3rum, obra que examina o regime jur\u00eddico do MP de Contas. Ao final de diversos estudos, \u00e9 apresentada uma proposta para transformar o Minist\u00e9rio P\u00fablico de Contas em uma INSTITUI\u00c7\u00c3O NACIONAL (acesse aqui a justificativa e a proposta). Tamb\u00e9m \u00e9 referenciada no fasc\u00edculo [&hellip;]\" \/>\n<meta property=\"og:url\" content=\"https:\/\/www.mpc.pr.gov.br\/index.php\/carreira-nacional-do-ministerio-publico-de-contas-e-tema-de-livro-lancado-pela-editora-forum\/\" \/>\n<meta property=\"og:site_name\" content=\"Minist\u00e9rio P\u00fablico de Contas do Estado do Paran\u00e1\" \/>\n<meta property=\"article:publisher\" content=\"https:\/\/www.facebook.com\/mpc.pr\" \/>\n<meta property=\"article:published_time\" content=\"2017-04-09T18:08:38+00:00\" \/>\n<meta name=\"author\" content=\"michael.reiner\" \/>\n<meta name=\"twitter:card\" content=\"summary_large_image\" \/>\n<meta name=\"twitter:label1\" content=\"Escrito por\" \/>\n\t<meta name=\"twitter:data1\" content=\"michael.reiner\" \/>\n\t<meta name=\"twitter:label2\" content=\"Est. tempo de leitura\" \/>\n\t<meta name=\"twitter:data2\" content=\"2 minutos\" \/>\n<script type=\"application\/ld+json\" class=\"yoast-schema-graph\">{\"@context\":\"https:\\\/\\\/schema.org\",\"@graph\":[{\"@type\":\"Article\",\"@id\":\"https:\\\/\\\/www.mpc.pr.gov.br\\\/index.php\\\/carreira-nacional-do-ministerio-publico-de-contas-e-tema-de-livro-lancado-pela-editora-forum\\\/#article\",\"isPartOf\":{\"@id\":\"https:\\\/\\\/www.mpc.pr.gov.br\\\/index.php\\\/carreira-nacional-do-ministerio-publico-de-contas-e-tema-de-livro-lancado-pela-editora-forum\\\/\"},\"author\":{\"name\":\"michael.reiner\",\"@id\":\"https:\\\/\\\/www.mpc.pr.gov.br\\\/#\\\/schema\\\/person\\\/e6db2baa689b9b3b9e704ac0d26f7d3e\"},\"headline\":\"CARREIRA NACIONAL DO MINIST\u00c9RIO P\u00daBLICO DE CONTAS \u00c9 TEMA DE LIVRO DA EDITORA F\u00d3RUM\",\"datePublished\":\"2017-04-09T18:08:38+00:00\",\"mainEntityOfPage\":{\"@id\":\"https:\\\/\\\/www.mpc.pr.gov.br\\\/index.php\\\/carreira-nacional-do-ministerio-publico-de-contas-e-tema-de-livro-lancado-pela-editora-forum\\\/\"},\"wordCount\":477,\"commentCount\":0,\"publisher\":{\"@id\":\"https:\\\/\\\/www.mpc.pr.gov.br\\\/#organization\"},\"image\":{\"@id\":\"https:\\\/\\\/www.mpc.pr.gov.br\\\/index.php\\\/carreira-nacional-do-ministerio-publico-de-contas-e-tema-de-livro-lancado-pela-editora-forum\\\/#primaryimage\"},\"thumbnailUrl\":\"\",\"articleSection\":[\"Not\u00edcias de Interesse\",\"Todas as not\u00edcias\",\"\u00daltimas not\u00edcias\"],\"inLanguage\":\"pt-BR\",\"potentialAction\":[{\"@type\":\"CommentAction\",\"name\":\"Comment\",\"target\":[\"https:\\\/\\\/www.mpc.pr.gov.br\\\/index.php\\\/carreira-nacional-do-ministerio-publico-de-contas-e-tema-de-livro-lancado-pela-editora-forum\\\/#respond\"]}]},{\"@type\":\"WebPage\",\"@id\":\"https:\\\/\\\/www.mpc.pr.gov.br\\\/index.php\\\/carreira-nacional-do-ministerio-publico-de-contas-e-tema-de-livro-lancado-pela-editora-forum\\\/\",\"url\":\"https:\\\/\\\/www.mpc.pr.gov.br\\\/index.php\\\/carreira-nacional-do-ministerio-publico-de-contas-e-tema-de-livro-lancado-pela-editora-forum\\\/\",\"name\":\"CARREIRA NACIONAL DO MINIST\u00c9RIO P\u00daBLICO DE CONTAS \u00c9 TEMA DE LIVRO DA EDITORA F\u00d3RUM - Minist\u00e9rio P\u00fablico de Contas do Estado do Paran\u00e1\",\"isPartOf\":{\"@id\":\"https:\\\/\\\/www.mpc.pr.gov.br\\\/#website\"},\"primaryImageOfPage\":{\"@id\":\"https:\\\/\\\/www.mpc.pr.gov.br\\\/index.php\\\/carreira-nacional-do-ministerio-publico-de-contas-e-tema-de-livro-lancado-pela-editora-forum\\\/#primaryimage\"},\"image\":{\"@id\":\"https:\\\/\\\/www.mpc.pr.gov.br\\\/index.php\\\/carreira-nacional-do-ministerio-publico-de-contas-e-tema-de-livro-lancado-pela-editora-forum\\\/#primaryimage\"},\"thumbnailUrl\":\"\",\"datePublished\":\"2017-04-09T18:08:38+00:00\",\"breadcrumb\":{\"@id\":\"https:\\\/\\\/www.mpc.pr.gov.br\\\/index.php\\\/carreira-nacional-do-ministerio-publico-de-contas-e-tema-de-livro-lancado-pela-editora-forum\\\/#breadcrumb\"},\"inLanguage\":\"pt-BR\",\"potentialAction\":[{\"@type\":\"ReadAction\",\"target\":[\"https:\\\/\\\/www.mpc.pr.gov.br\\\/index.php\\\/carreira-nacional-do-ministerio-publico-de-contas-e-tema-de-livro-lancado-pela-editora-forum\\\/\"]}]},{\"@type\":\"ImageObject\",\"inLanguage\":\"pt-BR\",\"@id\":\"https:\\\/\\\/www.mpc.pr.gov.br\\\/index.php\\\/carreira-nacional-do-ministerio-publico-de-contas-e-tema-de-livro-lancado-pela-editora-forum\\\/#primaryimage\",\"url\":\"\",\"contentUrl\":\"\"},{\"@type\":\"BreadcrumbList\",\"@id\":\"https:\\\/\\\/www.mpc.pr.gov.br\\\/index.php\\\/carreira-nacional-do-ministerio-publico-de-contas-e-tema-de-livro-lancado-pela-editora-forum\\\/#breadcrumb\",\"itemListElement\":[{\"@type\":\"ListItem\",\"position\":1,\"name\":\"In\u00edcio\",\"item\":\"https:\\\/\\\/www.mpc.pr.gov.br\\\/\"},{\"@type\":\"ListItem\",\"position\":2,\"name\":\"CARREIRA NACIONAL DO MINIST\u00c9RIO P\u00daBLICO DE CONTAS \u00c9 TEMA DE LIVRO DA EDITORA F\u00d3RUM\"}]},{\"@type\":\"WebSite\",\"@id\":\"https:\\\/\\\/www.mpc.pr.gov.br\\\/#website\",\"url\":\"https:\\\/\\\/www.mpc.pr.gov.br\\\/\",\"name\":\"Minist\u00e9rio P\u00fablico de Contas do Estado do Paran\u00e1\",\"description\":\"\",\"publisher\":{\"@id\":\"https:\\\/\\\/www.mpc.pr.gov.br\\\/#organization\"},\"potentialAction\":[{\"@type\":\"SearchAction\",\"target\":{\"@type\":\"EntryPoint\",\"urlTemplate\":\"https:\\\/\\\/www.mpc.pr.gov.br\\\/?s={search_term_string}\"},\"query-input\":{\"@type\":\"PropertyValueSpecification\",\"valueRequired\":true,\"valueName\":\"search_term_string\"}}],\"inLanguage\":\"pt-BR\"},{\"@type\":\"Organization\",\"@id\":\"https:\\\/\\\/www.mpc.pr.gov.br\\\/#organization\",\"name\":\"Minist\u00e9rio P\u00fablico de Contas do Estado do Paran\u00e1\",\"url\":\"https:\\\/\\\/www.mpc.pr.gov.br\\\/\",\"logo\":{\"@type\":\"ImageObject\",\"inLanguage\":\"pt-BR\",\"@id\":\"https:\\\/\\\/www.mpc.pr.gov.br\\\/#\\\/schema\\\/logo\\\/image\\\/\",\"url\":\"https:\\\/\\\/www.mpc.pr.gov.br\\\/wp-content\\\/uploads\\\/2020\\\/06\\\/99423647_1593460364143890_6706793420720963584_n-1-e1591387983167.png\",\"contentUrl\":\"https:\\\/\\\/www.mpc.pr.gov.br\\\/wp-content\\\/uploads\\\/2020\\\/06\\\/99423647_1593460364143890_6706793420720963584_n-1-e1591387983167.png\",\"width\":243,\"height\":73,\"caption\":\"Minist\u00e9rio P\u00fablico de Contas do Estado do Paran\u00e1\"},\"image\":{\"@id\":\"https:\\\/\\\/www.mpc.pr.gov.br\\\/#\\\/schema\\\/logo\\\/image\\\/\"},\"sameAs\":[\"https:\\\/\\\/www.facebook.com\\\/mpc.pr\",\"https:\\\/\\\/www.instagram.com\\\/mpc.pr\\\/?hl=pt-br\",\"https:\\\/\\\/www.youtube.com\\\/channel\\\/UCHri5oEM8DV0ztX57E0sBSw\"]},{\"@type\":\"Person\",\"@id\":\"https:\\\/\\\/www.mpc.pr.gov.br\\\/#\\\/schema\\\/person\\\/e6db2baa689b9b3b9e704ac0d26f7d3e\",\"name\":\"michael.reiner\",\"image\":{\"@type\":\"ImageObject\",\"inLanguage\":\"pt-BR\",\"@id\":\"https:\\\/\\\/secure.gravatar.com\\\/avatar\\\/?s=96&d=mm&r=g\",\"url\":\"https:\\\/\\\/secure.gravatar.com\\\/avatar\\\/?s=96&d=mm&r=g\",\"contentUrl\":\"https:\\\/\\\/secure.gravatar.com\\\/avatar\\\/?s=96&d=mm&r=g\",\"caption\":\"michael.reiner\"}}]}<\/script>\n<!-- \/ Yoast SEO plugin. -->","yoast_head_json":{"title":"CARREIRA NACIONAL DO MINIST\u00c9RIO P\u00daBLICO DE CONTAS \u00c9 TEMA DE LIVRO DA EDITORA F\u00d3RUM - Minist\u00e9rio P\u00fablico de Contas do Estado do Paran\u00e1","robots":{"index":"index","follow":"follow","max-snippet":"max-snippet:-1","max-image-preview":"max-image-preview:large","max-video-preview":"max-video-preview:-1"},"canonical":"https:\/\/www.mpc.pr.gov.br\/index.php\/carreira-nacional-do-ministerio-publico-de-contas-e-tema-de-livro-lancado-pela-editora-forum\/","og_locale":"pt_BR","og_type":"article","og_title":"CARREIRA NACIONAL DO MINIST\u00c9RIO P\u00daBLICO DE CONTAS \u00c9 TEMA DE LIVRO DA EDITORA F\u00d3RUM - Minist\u00e9rio P\u00fablico de Contas do Estado do Paran\u00e1","og_description":"A Associa\u00e7\u00e3o Nacional do Minist\u00e9rio P\u00fablico de Contas (AMPCON) lan\u00e7ou, pela Editora F\u00f3rum, obra que examina o regime jur\u00eddico do MP de Contas. Ao final de diversos estudos, \u00e9 apresentada uma proposta para transformar o Minist\u00e9rio P\u00fablico de Contas em uma INSTITUI\u00c7\u00c3O NACIONAL (acesse aqui a justificativa e a proposta). Tamb\u00e9m \u00e9 referenciada no fasc\u00edculo [&hellip;]","og_url":"https:\/\/www.mpc.pr.gov.br\/index.php\/carreira-nacional-do-ministerio-publico-de-contas-e-tema-de-livro-lancado-pela-editora-forum\/","og_site_name":"Minist\u00e9rio P\u00fablico de Contas do Estado do Paran\u00e1","article_publisher":"https:\/\/www.facebook.com\/mpc.pr","article_published_time":"2017-04-09T18:08:38+00:00","author":"michael.reiner","twitter_card":"summary_large_image","twitter_misc":{"Escrito por":"michael.reiner","Est. tempo de leitura":"2 minutos"},"schema":{"@context":"https:\/\/schema.org","@graph":[{"@type":"Article","@id":"https:\/\/www.mpc.pr.gov.br\/index.php\/carreira-nacional-do-ministerio-publico-de-contas-e-tema-de-livro-lancado-pela-editora-forum\/#article","isPartOf":{"@id":"https:\/\/www.mpc.pr.gov.br\/index.php\/carreira-nacional-do-ministerio-publico-de-contas-e-tema-de-livro-lancado-pela-editora-forum\/"},"author":{"name":"michael.reiner","@id":"https:\/\/www.mpc.pr.gov.br\/#\/schema\/person\/e6db2baa689b9b3b9e704ac0d26f7d3e"},"headline":"CARREIRA NACIONAL DO MINIST\u00c9RIO P\u00daBLICO DE CONTAS \u00c9 TEMA DE LIVRO DA EDITORA F\u00d3RUM","datePublished":"2017-04-09T18:08:38+00:00","mainEntityOfPage":{"@id":"https:\/\/www.mpc.pr.gov.br\/index.php\/carreira-nacional-do-ministerio-publico-de-contas-e-tema-de-livro-lancado-pela-editora-forum\/"},"wordCount":477,"commentCount":0,"publisher":{"@id":"https:\/\/www.mpc.pr.gov.br\/#organization"},"image":{"@id":"https:\/\/www.mpc.pr.gov.br\/index.php\/carreira-nacional-do-ministerio-publico-de-contas-e-tema-de-livro-lancado-pela-editora-forum\/#primaryimage"},"thumbnailUrl":"","articleSection":["Not\u00edcias de Interesse","Todas as not\u00edcias","\u00daltimas not\u00edcias"],"inLanguage":"pt-BR","potentialAction":[{"@type":"CommentAction","name":"Comment","target":["https:\/\/www.mpc.pr.gov.br\/index.php\/carreira-nacional-do-ministerio-publico-de-contas-e-tema-de-livro-lancado-pela-editora-forum\/#respond"]}]},{"@type":"WebPage","@id":"https:\/\/www.mpc.pr.gov.br\/index.php\/carreira-nacional-do-ministerio-publico-de-contas-e-tema-de-livro-lancado-pela-editora-forum\/","url":"https:\/\/www.mpc.pr.gov.br\/index.php\/carreira-nacional-do-ministerio-publico-de-contas-e-tema-de-livro-lancado-pela-editora-forum\/","name":"CARREIRA NACIONAL DO MINIST\u00c9RIO P\u00daBLICO DE CONTAS \u00c9 TEMA DE LIVRO DA EDITORA F\u00d3RUM - Minist\u00e9rio P\u00fablico de Contas do Estado do Paran\u00e1","isPartOf":{"@id":"https:\/\/www.mpc.pr.gov.br\/#website"},"primaryImageOfPage":{"@id":"https:\/\/www.mpc.pr.gov.br\/index.php\/carreira-nacional-do-ministerio-publico-de-contas-e-tema-de-livro-lancado-pela-editora-forum\/#primaryimage"},"image":{"@id":"https:\/\/www.mpc.pr.gov.br\/index.php\/carreira-nacional-do-ministerio-publico-de-contas-e-tema-de-livro-lancado-pela-editora-forum\/#primaryimage"},"thumbnailUrl":"","datePublished":"2017-04-09T18:08:38+00:00","breadcrumb":{"@id":"https:\/\/www.mpc.pr.gov.br\/index.php\/carreira-nacional-do-ministerio-publico-de-contas-e-tema-de-livro-lancado-pela-editora-forum\/#breadcrumb"},"inLanguage":"pt-BR","potentialAction":[{"@type":"ReadAction","target":["https:\/\/www.mpc.pr.gov.br\/index.php\/carreira-nacional-do-ministerio-publico-de-contas-e-tema-de-livro-lancado-pela-editora-forum\/"]}]},{"@type":"ImageObject","inLanguage":"pt-BR","@id":"https:\/\/www.mpc.pr.gov.br\/index.php\/carreira-nacional-do-ministerio-publico-de-contas-e-tema-de-livro-lancado-pela-editora-forum\/#primaryimage","url":"","contentUrl":""},{"@type":"BreadcrumbList","@id":"https:\/\/www.mpc.pr.gov.br\/index.php\/carreira-nacional-do-ministerio-publico-de-contas-e-tema-de-livro-lancado-pela-editora-forum\/#breadcrumb","itemListElement":[{"@type":"ListItem","position":1,"name":"In\u00edcio","item":"https:\/\/www.mpc.pr.gov.br\/"},{"@type":"ListItem","position":2,"name":"CARREIRA NACIONAL DO MINIST\u00c9RIO P\u00daBLICO DE CONTAS \u00c9 TEMA DE LIVRO DA EDITORA F\u00d3RUM"}]},{"@type":"WebSite","@id":"https:\/\/www.mpc.pr.gov.br\/#website","url":"https:\/\/www.mpc.pr.gov.br\/","name":"Minist\u00e9rio P\u00fablico de Contas do Estado do Paran\u00e1","description":"","publisher":{"@id":"https:\/\/www.mpc.pr.gov.br\/#organization"},"potentialAction":[{"@type":"SearchAction","target":{"@type":"EntryPoint","urlTemplate":"https:\/\/www.mpc.pr.gov.br\/?s={search_term_string}"},"query-input":{"@type":"PropertyValueSpecification","valueRequired":true,"valueName":"search_term_string"}}],"inLanguage":"pt-BR"},{"@type":"Organization","@id":"https:\/\/www.mpc.pr.gov.br\/#organization","name":"Minist\u00e9rio P\u00fablico de Contas do Estado do Paran\u00e1","url":"https:\/\/www.mpc.pr.gov.br\/","logo":{"@type":"ImageObject","inLanguage":"pt-BR","@id":"https:\/\/www.mpc.pr.gov.br\/#\/schema\/logo\/image\/","url":"https:\/\/www.mpc.pr.gov.br\/wp-content\/uploads\/2020\/06\/99423647_1593460364143890_6706793420720963584_n-1-e1591387983167.png","contentUrl":"https:\/\/www.mpc.pr.gov.br\/wp-content\/uploads\/2020\/06\/99423647_1593460364143890_6706793420720963584_n-1-e1591387983167.png","width":243,"height":73,"caption":"Minist\u00e9rio P\u00fablico de Contas do Estado do Paran\u00e1"},"image":{"@id":"https:\/\/www.mpc.pr.gov.br\/#\/schema\/logo\/image\/"},"sameAs":["https:\/\/www.facebook.com\/mpc.pr","https:\/\/www.instagram.com\/mpc.pr\/?hl=pt-br","https:\/\/www.youtube.com\/channel\/UCHri5oEM8DV0ztX57E0sBSw"]},{"@type":"Person","@id":"https:\/\/www.mpc.pr.gov.br\/#\/schema\/person\/e6db2baa689b9b3b9e704ac0d26f7d3e","name":"michael.reiner","image":{"@type":"ImageObject","inLanguage":"pt-BR","@id":"https:\/\/secure.gravatar.com\/avatar\/?s=96&d=mm&r=g","url":"https:\/\/secure.gravatar.com\/avatar\/?s=96&d=mm&r=g","contentUrl":"https:\/\/secure.gravatar.com\/avatar\/?s=96&d=mm&r=g","caption":"michael.reiner"}}]}},"rttpg_featured_image_url":null,"rttpg_author":{"display_name":"michael.reiner","author_link":"https:\/\/www.mpc.pr.gov.br\/index.php\/author\/michael-reiner\/"},"rttpg_comment":0,"rttpg_category":"<a href=\"https:\/\/www.mpc.pr.gov.br\/index.php\/category\/noticias-de-interesse\/\" rel=\"category tag\">Not\u00edcias de Interesse<\/a> <a href=\"https:\/\/www.mpc.pr.gov.br\/index.php\/category\/todas-as-noticias\/\" rel=\"category tag\">Todas as not\u00edcias<\/a> <a href=\"https:\/\/www.mpc.pr.gov.br\/index.php\/category\/ultimas-noticias\/\" rel=\"category tag\">\u00daltimas not\u00edcias<\/a>","rttpg_excerpt":"A Associa\u00e7\u00e3o Nacional do Minist\u00e9rio P\u00fablico de Contas (AMPCON) lan\u00e7ou, pela Editora F\u00f3rum, obra que examina o regime jur\u00eddico do MP de Contas. Ao final de diversos estudos, \u00e9 apresentada uma proposta para transformar o Minist\u00e9rio P\u00fablico de Contas em uma INSTITUI\u00c7\u00c3O NACIONAL (acesse aqui a justificativa e a proposta). Tamb\u00e9m \u00e9 referenciada no fasc\u00edculo&hellip;","_links":{"self":[{"href":"https:\/\/www.mpc.pr.gov.br\/index.php\/wp-json\/wp\/v2\/posts\/4718","targetHints":{"allow":["GET"]}}],"collection":[{"href":"https:\/\/www.mpc.pr.gov.br\/index.php\/wp-json\/wp\/v2\/posts"}],"about":[{"href":"https:\/\/www.mpc.pr.gov.br\/index.php\/wp-json\/wp\/v2\/types\/post"}],"author":[{"embeddable":true,"href":"https:\/\/www.mpc.pr.gov.br\/index.php\/wp-json\/wp\/v2\/users\/3"}],"replies":[{"embeddable":true,"href":"https:\/\/www.mpc.pr.gov.br\/index.php\/wp-json\/wp\/v2\/comments?post=4718"}],"version-history":[{"count":0,"href":"https:\/\/www.mpc.pr.gov.br\/index.php\/wp-json\/wp\/v2\/posts\/4718\/revisions"}],"wp:featuredmedia":[{"embeddable":true,"href":"https:\/\/www.mpc.pr.gov.br\/index.php\/wp-json\/"}],"wp:attachment":[{"href":"https:\/\/www.mpc.pr.gov.br\/index.php\/wp-json\/wp\/v2\/media?parent=4718"}],"wp:term":[{"taxonomy":"category","embeddable":true,"href":"https:\/\/www.mpc.pr.gov.br\/index.php\/wp-json\/wp\/v2\/categories?post=4718"},{"taxonomy":"post_tag","embeddable":true,"href":"https:\/\/www.mpc.pr.gov.br\/index.php\/wp-json\/wp\/v2\/tags?post=4718"}],"curies":[{"name":"wp","href":"https:\/\/api.w.org\/{rel}","templated":true}]}}