{"id":4758,"date":"2017-05-08T10:30:09","date_gmt":"2017-05-08T13:30:09","guid":{"rendered":"http:\/\/www.mpc.pr.gov.br\/?p=4758"},"modified":"2017-05-08T10:30:09","modified_gmt":"2017-05-08T13:30:09","slug":"ausencia-de-copia-do-ato-de-inativacao-inicial-nao-justifica-negativa-de-registro-de-posterior-revisao-de-proventos-defende-o-mp-de-contas","status":"publish","type":"post","link":"https:\/\/www.mpc.pr.gov.br\/index.php\/ausencia-de-copia-do-ato-de-inativacao-inicial-nao-justifica-negativa-de-registro-de-posterior-revisao-de-proventos-defende-o-mp-de-contas\/","title":{"rendered":"Aus\u00eancia de c\u00f3pia do ato de inativa\u00e7\u00e3o inicial n\u00e3o justifica negativa de registro de revis\u00e3o de proventos, defende o MP de Contas"},"content":{"rendered":"<p>O Procurador Gabriel Guy L\u00e9ger discorda do posicionamento da Coordenadoria de Fiscaliza\u00e7\u00e3o de Atos de Pessoal (COFAP) pela negativa de registro de ato de revis\u00e3o de proventos de aposentadoria, refutando seu argumento de omiss\u00e3o da Paran\u00e1 Previd\u00eancia (PRPREV) em enviar c\u00f3pia do ato de aposenta\u00e7\u00e3o inicial, vez que este j\u00e1 havia sido registrado via Sistema de Atos de Pessoal (SIAP).<\/p>\n<p>A unidade t\u00e9cnica respons\u00e1vel pelo caso apontou que o PRPREV n\u00e3o juntou aos autos o processo original de inativa\u00e7\u00e3o do servidor, um militar aposentado, o que impediria a verifica\u00e7\u00e3o de corre\u00e7\u00e3o do c\u00e1lculo da revis\u00e3o de proventos.<\/p>\n<p>Com base em uma pesquisa no sistema de tr\u00e2mite processual, a procuradoria teve acesso aos autos n\u00ba 483831\/14 (Requerimento de An\u00e1lise T\u00e9cnica), que tratam do exame de legalidade da aposentadoria original do militar. O benef\u00edcio foi concedido pela \u201cCertid\u00e3o de Registro de Benef\u00edcio n\u00b0 2629\/15-DICAP\u201d, e foi registrada automaticamente pelo SIAP, sem tramitar pelo MP de Contas do Paran\u00e1.<\/p>\n<p>A partir da an\u00e1lise desse documento e das provas anexas nos autos do processo, o MP de Contas opina que seja aceito o ato revisional, sem preju\u00edzo de que se recomende \u00e0 COFAP o aprimoramento de seu sistema de checagem dos processos automaticamente registrados pelo SIAP.<\/p>\n<p>O Parecer Ministerial n\u00b0 2728\/17 pode ser acessado na integra <a href=\"http:\/\/www.mpc.pr.gov.br\/wp-content\/uploads\/2017\/05\/Revis\u00e3o-de-Proventos-COFAP-pela-negativa-sem-verificar-anterior-registro-SIAP.pdf\" target=\"_blank\" rel=\"noopener noreferrer\">aqui<\/a>.<\/p>\n","protected":false},"excerpt":{"rendered":"<p>O Procurador Gabriel Guy L\u00e9ger discorda do posicionamento da Coordenadoria de Fiscaliza\u00e7\u00e3o de Atos de Pessoal (COFAP) pela negativa de registro de ato de revis\u00e3o de proventos de aposentadoria, refutando seu argumento de omiss\u00e3o da Paran\u00e1 Previd\u00eancia (PRPREV) em enviar c\u00f3pia do ato de aposenta\u00e7\u00e3o inicial, vez que este j\u00e1 havia sido registrado via Sistema [&hellip;]<\/p>\n","protected":false},"author":5,"featured_media":3062,"comment_status":"open","ping_status":"open","sticky":false,"template":"","format":"standard","meta":{"_monsterinsights_skip_tracking":false,"_monsterinsights_sitenote_active":false,"_monsterinsights_sitenote_note":"","_monsterinsights_sitenote_category":0,"footnotes":""},"categories":[7,14],"tags":[],"class_list":["post-4758","post","type-post","status-publish","format-standard","has-post-thumbnail","hentry","category-todas-as-noticias","category-ultimas-noticias","entry","has-media"],"yoast_head":"<!-- This site is optimized with the Yoast SEO plugin v27.3 - https:\/\/yoast.com\/product\/yoast-seo-wordpress\/ -->\n<title>Aus\u00eancia de c\u00f3pia do ato de inativa\u00e7\u00e3o inicial n\u00e3o justifica negativa de registro de revis\u00e3o de proventos, defende o MP de Contas - Minist\u00e9rio P\u00fablico de Contas do Estado do Paran\u00e1<\/title>\n<meta name=\"robots\" content=\"index, follow, max-snippet:-1, max-image-preview:large, max-video-preview:-1\" \/>\n<link rel=\"canonical\" href=\"https:\/\/www.mpc.pr.gov.br\/index.php\/ausencia-de-copia-do-ato-de-inativacao-inicial-nao-justifica-negativa-de-registro-de-posterior-revisao-de-proventos-defende-o-mp-de-contas\/\" \/>\n<meta property=\"og:locale\" content=\"pt_BR\" \/>\n<meta property=\"og:type\" content=\"article\" \/>\n<meta property=\"og:title\" content=\"Aus\u00eancia de c\u00f3pia do ato de inativa\u00e7\u00e3o inicial n\u00e3o justifica negativa de registro de revis\u00e3o de proventos, defende o MP de Contas - Minist\u00e9rio P\u00fablico de Contas do Estado do Paran\u00e1\" \/>\n<meta property=\"og:description\" content=\"O Procurador Gabriel Guy L\u00e9ger discorda do posicionamento da Coordenadoria de Fiscaliza\u00e7\u00e3o de Atos de Pessoal (COFAP) pela negativa de registro de ato de revis\u00e3o de proventos de aposentadoria, refutando seu argumento de omiss\u00e3o da Paran\u00e1 Previd\u00eancia (PRPREV) em enviar c\u00f3pia do ato de aposenta\u00e7\u00e3o inicial, vez que este j\u00e1 havia sido registrado via Sistema [&hellip;]\" \/>\n<meta property=\"og:url\" content=\"https:\/\/www.mpc.pr.gov.br\/index.php\/ausencia-de-copia-do-ato-de-inativacao-inicial-nao-justifica-negativa-de-registro-de-posterior-revisao-de-proventos-defende-o-mp-de-contas\/\" \/>\n<meta property=\"og:site_name\" content=\"Minist\u00e9rio P\u00fablico de Contas do Estado do Paran\u00e1\" \/>\n<meta property=\"article:publisher\" content=\"https:\/\/www.facebook.com\/mpc.pr\" \/>\n<meta property=\"article:published_time\" content=\"2017-05-08T13:30:09+00:00\" \/>\n<meta name=\"author\" content=\"giovanna.faria\" \/>\n<meta name=\"twitter:card\" content=\"summary_large_image\" \/>\n<meta name=\"twitter:label1\" content=\"Escrito por\" \/>\n\t<meta name=\"twitter:data1\" content=\"giovanna.faria\" \/>\n\t<meta name=\"twitter:label2\" content=\"Est. tempo de leitura\" \/>\n\t<meta name=\"twitter:data2\" content=\"1 minuto\" \/>\n<script type=\"application\/ld+json\" class=\"yoast-schema-graph\">{\"@context\":\"https:\\\/\\\/schema.org\",\"@graph\":[{\"@type\":\"Article\",\"@id\":\"https:\\\/\\\/www.mpc.pr.gov.br\\\/index.php\\\/ausencia-de-copia-do-ato-de-inativacao-inicial-nao-justifica-negativa-de-registro-de-posterior-revisao-de-proventos-defende-o-mp-de-contas\\\/#article\",\"isPartOf\":{\"@id\":\"https:\\\/\\\/www.mpc.pr.gov.br\\\/index.php\\\/ausencia-de-copia-do-ato-de-inativacao-inicial-nao-justifica-negativa-de-registro-de-posterior-revisao-de-proventos-defende-o-mp-de-contas\\\/\"},\"author\":{\"name\":\"giovanna.faria\",\"@id\":\"https:\\\/\\\/www.mpc.pr.gov.br\\\/#\\\/schema\\\/person\\\/d0c5cf9ebb4d8be833c419f3538cf751\"},\"headline\":\"Aus\u00eancia de c\u00f3pia do ato de inativa\u00e7\u00e3o inicial n\u00e3o justifica negativa de registro de revis\u00e3o de proventos, defende o MP de Contas\",\"datePublished\":\"2017-05-08T13:30:09+00:00\",\"mainEntityOfPage\":{\"@id\":\"https:\\\/\\\/www.mpc.pr.gov.br\\\/index.php\\\/ausencia-de-copia-do-ato-de-inativacao-inicial-nao-justifica-negativa-de-registro-de-posterior-revisao-de-proventos-defende-o-mp-de-contas\\\/\"},\"wordCount\":260,\"commentCount\":0,\"publisher\":{\"@id\":\"https:\\\/\\\/www.mpc.pr.gov.br\\\/#organization\"},\"image\":{\"@id\":\"https:\\\/\\\/www.mpc.pr.gov.br\\\/index.php\\\/ausencia-de-copia-do-ato-de-inativacao-inicial-nao-justifica-negativa-de-registro-de-posterior-revisao-de-proventos-defende-o-mp-de-contas\\\/#primaryimage\"},\"thumbnailUrl\":\"\",\"articleSection\":[\"Todas as not\u00edcias\",\"\u00daltimas not\u00edcias\"],\"inLanguage\":\"pt-BR\",\"potentialAction\":[{\"@type\":\"CommentAction\",\"name\":\"Comment\",\"target\":[\"https:\\\/\\\/www.mpc.pr.gov.br\\\/index.php\\\/ausencia-de-copia-do-ato-de-inativacao-inicial-nao-justifica-negativa-de-registro-de-posterior-revisao-de-proventos-defende-o-mp-de-contas\\\/#respond\"]}]},{\"@type\":\"WebPage\",\"@id\":\"https:\\\/\\\/www.mpc.pr.gov.br\\\/index.php\\\/ausencia-de-copia-do-ato-de-inativacao-inicial-nao-justifica-negativa-de-registro-de-posterior-revisao-de-proventos-defende-o-mp-de-contas\\\/\",\"url\":\"https:\\\/\\\/www.mpc.pr.gov.br\\\/index.php\\\/ausencia-de-copia-do-ato-de-inativacao-inicial-nao-justifica-negativa-de-registro-de-posterior-revisao-de-proventos-defende-o-mp-de-contas\\\/\",\"name\":\"Aus\u00eancia de c\u00f3pia do ato de inativa\u00e7\u00e3o inicial n\u00e3o justifica negativa de registro de revis\u00e3o de proventos, defende o MP de Contas - Minist\u00e9rio P\u00fablico de Contas do Estado do Paran\u00e1\",\"isPartOf\":{\"@id\":\"https:\\\/\\\/www.mpc.pr.gov.br\\\/#website\"},\"primaryImageOfPage\":{\"@id\":\"https:\\\/\\\/www.mpc.pr.gov.br\\\/index.php\\\/ausencia-de-copia-do-ato-de-inativacao-inicial-nao-justifica-negativa-de-registro-de-posterior-revisao-de-proventos-defende-o-mp-de-contas\\\/#primaryimage\"},\"image\":{\"@id\":\"https:\\\/\\\/www.mpc.pr.gov.br\\\/index.php\\\/ausencia-de-copia-do-ato-de-inativacao-inicial-nao-justifica-negativa-de-registro-de-posterior-revisao-de-proventos-defende-o-mp-de-contas\\\/#primaryimage\"},\"thumbnailUrl\":\"\",\"datePublished\":\"2017-05-08T13:30:09+00:00\",\"breadcrumb\":{\"@id\":\"https:\\\/\\\/www.mpc.pr.gov.br\\\/index.php\\\/ausencia-de-copia-do-ato-de-inativacao-inicial-nao-justifica-negativa-de-registro-de-posterior-revisao-de-proventos-defende-o-mp-de-contas\\\/#breadcrumb\"},\"inLanguage\":\"pt-BR\",\"potentialAction\":[{\"@type\":\"ReadAction\",\"target\":[\"https:\\\/\\\/www.mpc.pr.gov.br\\\/index.php\\\/ausencia-de-copia-do-ato-de-inativacao-inicial-nao-justifica-negativa-de-registro-de-posterior-revisao-de-proventos-defende-o-mp-de-contas\\\/\"]}]},{\"@type\":\"ImageObject\",\"inLanguage\":\"pt-BR\",\"@id\":\"https:\\\/\\\/www.mpc.pr.gov.br\\\/index.php\\\/ausencia-de-copia-do-ato-de-inativacao-inicial-nao-justifica-negativa-de-registro-de-posterior-revisao-de-proventos-defende-o-mp-de-contas\\\/#primaryimage\",\"url\":\"\",\"contentUrl\":\"\"},{\"@type\":\"BreadcrumbList\",\"@id\":\"https:\\\/\\\/www.mpc.pr.gov.br\\\/index.php\\\/ausencia-de-copia-do-ato-de-inativacao-inicial-nao-justifica-negativa-de-registro-de-posterior-revisao-de-proventos-defende-o-mp-de-contas\\\/#breadcrumb\",\"itemListElement\":[{\"@type\":\"ListItem\",\"position\":1,\"name\":\"In\u00edcio\",\"item\":\"https:\\\/\\\/www.mpc.pr.gov.br\\\/\"},{\"@type\":\"ListItem\",\"position\":2,\"name\":\"Aus\u00eancia de c\u00f3pia do ato de inativa\u00e7\u00e3o inicial n\u00e3o justifica negativa de registro de revis\u00e3o de proventos, defende o MP de Contas\"}]},{\"@type\":\"WebSite\",\"@id\":\"https:\\\/\\\/www.mpc.pr.gov.br\\\/#website\",\"url\":\"https:\\\/\\\/www.mpc.pr.gov.br\\\/\",\"name\":\"Minist\u00e9rio P\u00fablico de Contas do Estado do Paran\u00e1\",\"description\":\"\",\"publisher\":{\"@id\":\"https:\\\/\\\/www.mpc.pr.gov.br\\\/#organization\"},\"potentialAction\":[{\"@type\":\"SearchAction\",\"target\":{\"@type\":\"EntryPoint\",\"urlTemplate\":\"https:\\\/\\\/www.mpc.pr.gov.br\\\/?s={search_term_string}\"},\"query-input\":{\"@type\":\"PropertyValueSpecification\",\"valueRequired\":true,\"valueName\":\"search_term_string\"}}],\"inLanguage\":\"pt-BR\"},{\"@type\":\"Organization\",\"@id\":\"https:\\\/\\\/www.mpc.pr.gov.br\\\/#organization\",\"name\":\"Minist\u00e9rio P\u00fablico de Contas do Estado do Paran\u00e1\",\"url\":\"https:\\\/\\\/www.mpc.pr.gov.br\\\/\",\"logo\":{\"@type\":\"ImageObject\",\"inLanguage\":\"pt-BR\",\"@id\":\"https:\\\/\\\/www.mpc.pr.gov.br\\\/#\\\/schema\\\/logo\\\/image\\\/\",\"url\":\"https:\\\/\\\/www.mpc.pr.gov.br\\\/wp-content\\\/uploads\\\/2020\\\/06\\\/99423647_1593460364143890_6706793420720963584_n-1-e1591387983167.png\",\"contentUrl\":\"https:\\\/\\\/www.mpc.pr.gov.br\\\/wp-content\\\/uploads\\\/2020\\\/06\\\/99423647_1593460364143890_6706793420720963584_n-1-e1591387983167.png\",\"width\":243,\"height\":73,\"caption\":\"Minist\u00e9rio P\u00fablico de Contas do Estado do Paran\u00e1\"},\"image\":{\"@id\":\"https:\\\/\\\/www.mpc.pr.gov.br\\\/#\\\/schema\\\/logo\\\/image\\\/\"},\"sameAs\":[\"https:\\\/\\\/www.facebook.com\\\/mpc.pr\",\"https:\\\/\\\/www.instagram.com\\\/mpc.pr\\\/?hl=pt-br\",\"https:\\\/\\\/www.youtube.com\\\/channel\\\/UCHri5oEM8DV0ztX57E0sBSw\"]},{\"@type\":\"Person\",\"@id\":\"https:\\\/\\\/www.mpc.pr.gov.br\\\/#\\\/schema\\\/person\\\/d0c5cf9ebb4d8be833c419f3538cf751\",\"name\":\"giovanna.faria\",\"image\":{\"@type\":\"ImageObject\",\"inLanguage\":\"pt-BR\",\"@id\":\"https:\\\/\\\/secure.gravatar.com\\\/avatar\\\/?s=96&d=mm&r=g\",\"url\":\"https:\\\/\\\/secure.gravatar.com\\\/avatar\\\/?s=96&d=mm&r=g\",\"contentUrl\":\"https:\\\/\\\/secure.gravatar.com\\\/avatar\\\/?s=96&d=mm&r=g\",\"caption\":\"giovanna.faria\"}}]}<\/script>\n<!-- \/ Yoast SEO plugin. -->","yoast_head_json":{"title":"Aus\u00eancia de c\u00f3pia do ato de inativa\u00e7\u00e3o inicial n\u00e3o justifica negativa de registro de revis\u00e3o de proventos, defende o MP de Contas - Minist\u00e9rio P\u00fablico de Contas do Estado do Paran\u00e1","robots":{"index":"index","follow":"follow","max-snippet":"max-snippet:-1","max-image-preview":"max-image-preview:large","max-video-preview":"max-video-preview:-1"},"canonical":"https:\/\/www.mpc.pr.gov.br\/index.php\/ausencia-de-copia-do-ato-de-inativacao-inicial-nao-justifica-negativa-de-registro-de-posterior-revisao-de-proventos-defende-o-mp-de-contas\/","og_locale":"pt_BR","og_type":"article","og_title":"Aus\u00eancia de c\u00f3pia do ato de inativa\u00e7\u00e3o inicial n\u00e3o justifica negativa de registro de revis\u00e3o de proventos, defende o MP de Contas - Minist\u00e9rio P\u00fablico de Contas do Estado do Paran\u00e1","og_description":"O Procurador Gabriel Guy L\u00e9ger discorda do posicionamento da Coordenadoria de Fiscaliza\u00e7\u00e3o de Atos de Pessoal (COFAP) pela negativa de registro de ato de revis\u00e3o de proventos de aposentadoria, refutando seu argumento de omiss\u00e3o da Paran\u00e1 Previd\u00eancia (PRPREV) em enviar c\u00f3pia do ato de aposenta\u00e7\u00e3o inicial, vez que este j\u00e1 havia sido registrado via Sistema [&hellip;]","og_url":"https:\/\/www.mpc.pr.gov.br\/index.php\/ausencia-de-copia-do-ato-de-inativacao-inicial-nao-justifica-negativa-de-registro-de-posterior-revisao-de-proventos-defende-o-mp-de-contas\/","og_site_name":"Minist\u00e9rio P\u00fablico de Contas do Estado do Paran\u00e1","article_publisher":"https:\/\/www.facebook.com\/mpc.pr","article_published_time":"2017-05-08T13:30:09+00:00","author":"giovanna.faria","twitter_card":"summary_large_image","twitter_misc":{"Escrito por":"giovanna.faria","Est. tempo de leitura":"1 minuto"},"schema":{"@context":"https:\/\/schema.org","@graph":[{"@type":"Article","@id":"https:\/\/www.mpc.pr.gov.br\/index.php\/ausencia-de-copia-do-ato-de-inativacao-inicial-nao-justifica-negativa-de-registro-de-posterior-revisao-de-proventos-defende-o-mp-de-contas\/#article","isPartOf":{"@id":"https:\/\/www.mpc.pr.gov.br\/index.php\/ausencia-de-copia-do-ato-de-inativacao-inicial-nao-justifica-negativa-de-registro-de-posterior-revisao-de-proventos-defende-o-mp-de-contas\/"},"author":{"name":"giovanna.faria","@id":"https:\/\/www.mpc.pr.gov.br\/#\/schema\/person\/d0c5cf9ebb4d8be833c419f3538cf751"},"headline":"Aus\u00eancia de c\u00f3pia do ato de inativa\u00e7\u00e3o inicial n\u00e3o justifica negativa de registro de revis\u00e3o de proventos, defende o MP de Contas","datePublished":"2017-05-08T13:30:09+00:00","mainEntityOfPage":{"@id":"https:\/\/www.mpc.pr.gov.br\/index.php\/ausencia-de-copia-do-ato-de-inativacao-inicial-nao-justifica-negativa-de-registro-de-posterior-revisao-de-proventos-defende-o-mp-de-contas\/"},"wordCount":260,"commentCount":0,"publisher":{"@id":"https:\/\/www.mpc.pr.gov.br\/#organization"},"image":{"@id":"https:\/\/www.mpc.pr.gov.br\/index.php\/ausencia-de-copia-do-ato-de-inativacao-inicial-nao-justifica-negativa-de-registro-de-posterior-revisao-de-proventos-defende-o-mp-de-contas\/#primaryimage"},"thumbnailUrl":"","articleSection":["Todas as not\u00edcias","\u00daltimas not\u00edcias"],"inLanguage":"pt-BR","potentialAction":[{"@type":"CommentAction","name":"Comment","target":["https:\/\/www.mpc.pr.gov.br\/index.php\/ausencia-de-copia-do-ato-de-inativacao-inicial-nao-justifica-negativa-de-registro-de-posterior-revisao-de-proventos-defende-o-mp-de-contas\/#respond"]}]},{"@type":"WebPage","@id":"https:\/\/www.mpc.pr.gov.br\/index.php\/ausencia-de-copia-do-ato-de-inativacao-inicial-nao-justifica-negativa-de-registro-de-posterior-revisao-de-proventos-defende-o-mp-de-contas\/","url":"https:\/\/www.mpc.pr.gov.br\/index.php\/ausencia-de-copia-do-ato-de-inativacao-inicial-nao-justifica-negativa-de-registro-de-posterior-revisao-de-proventos-defende-o-mp-de-contas\/","name":"Aus\u00eancia de c\u00f3pia do ato de inativa\u00e7\u00e3o inicial n\u00e3o justifica negativa de registro de revis\u00e3o de proventos, defende o MP de Contas - Minist\u00e9rio P\u00fablico de Contas do Estado do Paran\u00e1","isPartOf":{"@id":"https:\/\/www.mpc.pr.gov.br\/#website"},"primaryImageOfPage":{"@id":"https:\/\/www.mpc.pr.gov.br\/index.php\/ausencia-de-copia-do-ato-de-inativacao-inicial-nao-justifica-negativa-de-registro-de-posterior-revisao-de-proventos-defende-o-mp-de-contas\/#primaryimage"},"image":{"@id":"https:\/\/www.mpc.pr.gov.br\/index.php\/ausencia-de-copia-do-ato-de-inativacao-inicial-nao-justifica-negativa-de-registro-de-posterior-revisao-de-proventos-defende-o-mp-de-contas\/#primaryimage"},"thumbnailUrl":"","datePublished":"2017-05-08T13:30:09+00:00","breadcrumb":{"@id":"https:\/\/www.mpc.pr.gov.br\/index.php\/ausencia-de-copia-do-ato-de-inativacao-inicial-nao-justifica-negativa-de-registro-de-posterior-revisao-de-proventos-defende-o-mp-de-contas\/#breadcrumb"},"inLanguage":"pt-BR","potentialAction":[{"@type":"ReadAction","target":["https:\/\/www.mpc.pr.gov.br\/index.php\/ausencia-de-copia-do-ato-de-inativacao-inicial-nao-justifica-negativa-de-registro-de-posterior-revisao-de-proventos-defende-o-mp-de-contas\/"]}]},{"@type":"ImageObject","inLanguage":"pt-BR","@id":"https:\/\/www.mpc.pr.gov.br\/index.php\/ausencia-de-copia-do-ato-de-inativacao-inicial-nao-justifica-negativa-de-registro-de-posterior-revisao-de-proventos-defende-o-mp-de-contas\/#primaryimage","url":"","contentUrl":""},{"@type":"BreadcrumbList","@id":"https:\/\/www.mpc.pr.gov.br\/index.php\/ausencia-de-copia-do-ato-de-inativacao-inicial-nao-justifica-negativa-de-registro-de-posterior-revisao-de-proventos-defende-o-mp-de-contas\/#breadcrumb","itemListElement":[{"@type":"ListItem","position":1,"name":"In\u00edcio","item":"https:\/\/www.mpc.pr.gov.br\/"},{"@type":"ListItem","position":2,"name":"Aus\u00eancia de c\u00f3pia do ato de inativa\u00e7\u00e3o inicial n\u00e3o justifica negativa de registro de revis\u00e3o de proventos, defende o MP de Contas"}]},{"@type":"WebSite","@id":"https:\/\/www.mpc.pr.gov.br\/#website","url":"https:\/\/www.mpc.pr.gov.br\/","name":"Minist\u00e9rio P\u00fablico de Contas do Estado do Paran\u00e1","description":"","publisher":{"@id":"https:\/\/www.mpc.pr.gov.br\/#organization"},"potentialAction":[{"@type":"SearchAction","target":{"@type":"EntryPoint","urlTemplate":"https:\/\/www.mpc.pr.gov.br\/?s={search_term_string}"},"query-input":{"@type":"PropertyValueSpecification","valueRequired":true,"valueName":"search_term_string"}}],"inLanguage":"pt-BR"},{"@type":"Organization","@id":"https:\/\/www.mpc.pr.gov.br\/#organization","name":"Minist\u00e9rio P\u00fablico de Contas do Estado do Paran\u00e1","url":"https:\/\/www.mpc.pr.gov.br\/","logo":{"@type":"ImageObject","inLanguage":"pt-BR","@id":"https:\/\/www.mpc.pr.gov.br\/#\/schema\/logo\/image\/","url":"https:\/\/www.mpc.pr.gov.br\/wp-content\/uploads\/2020\/06\/99423647_1593460364143890_6706793420720963584_n-1-e1591387983167.png","contentUrl":"https:\/\/www.mpc.pr.gov.br\/wp-content\/uploads\/2020\/06\/99423647_1593460364143890_6706793420720963584_n-1-e1591387983167.png","width":243,"height":73,"caption":"Minist\u00e9rio P\u00fablico de Contas do Estado do Paran\u00e1"},"image":{"@id":"https:\/\/www.mpc.pr.gov.br\/#\/schema\/logo\/image\/"},"sameAs":["https:\/\/www.facebook.com\/mpc.pr","https:\/\/www.instagram.com\/mpc.pr\/?hl=pt-br","https:\/\/www.youtube.com\/channel\/UCHri5oEM8DV0ztX57E0sBSw"]},{"@type":"Person","@id":"https:\/\/www.mpc.pr.gov.br\/#\/schema\/person\/d0c5cf9ebb4d8be833c419f3538cf751","name":"giovanna.faria","image":{"@type":"ImageObject","inLanguage":"pt-BR","@id":"https:\/\/secure.gravatar.com\/avatar\/?s=96&d=mm&r=g","url":"https:\/\/secure.gravatar.com\/avatar\/?s=96&d=mm&r=g","contentUrl":"https:\/\/secure.gravatar.com\/avatar\/?s=96&d=mm&r=g","caption":"giovanna.faria"}}]}},"rttpg_featured_image_url":null,"rttpg_author":{"display_name":"giovanna.faria","author_link":"https:\/\/www.mpc.pr.gov.br\/index.php\/author\/giovanna-faria\/"},"rttpg_comment":0,"rttpg_category":"<a href=\"https:\/\/www.mpc.pr.gov.br\/index.php\/category\/todas-as-noticias\/\" rel=\"category tag\">Todas as not\u00edcias<\/a> <a href=\"https:\/\/www.mpc.pr.gov.br\/index.php\/category\/ultimas-noticias\/\" rel=\"category tag\">\u00daltimas not\u00edcias<\/a>","rttpg_excerpt":"O Procurador Gabriel Guy L\u00e9ger discorda do posicionamento da Coordenadoria de Fiscaliza\u00e7\u00e3o de Atos de Pessoal (COFAP) pela negativa de registro de ato de revis\u00e3o de proventos de aposentadoria, refutando seu argumento de omiss\u00e3o da Paran\u00e1 Previd\u00eancia (PRPREV) em enviar c\u00f3pia do ato de aposenta\u00e7\u00e3o inicial, vez que este j\u00e1 havia sido registrado via Sistema&hellip;","_links":{"self":[{"href":"https:\/\/www.mpc.pr.gov.br\/index.php\/wp-json\/wp\/v2\/posts\/4758","targetHints":{"allow":["GET"]}}],"collection":[{"href":"https:\/\/www.mpc.pr.gov.br\/index.php\/wp-json\/wp\/v2\/posts"}],"about":[{"href":"https:\/\/www.mpc.pr.gov.br\/index.php\/wp-json\/wp\/v2\/types\/post"}],"author":[{"embeddable":true,"href":"https:\/\/www.mpc.pr.gov.br\/index.php\/wp-json\/wp\/v2\/users\/5"}],"replies":[{"embeddable":true,"href":"https:\/\/www.mpc.pr.gov.br\/index.php\/wp-json\/wp\/v2\/comments?post=4758"}],"version-history":[{"count":0,"href":"https:\/\/www.mpc.pr.gov.br\/index.php\/wp-json\/wp\/v2\/posts\/4758\/revisions"}],"wp:featuredmedia":[{"embeddable":true,"href":"https:\/\/www.mpc.pr.gov.br\/index.php\/wp-json\/"}],"wp:attachment":[{"href":"https:\/\/www.mpc.pr.gov.br\/index.php\/wp-json\/wp\/v2\/media?parent=4758"}],"wp:term":[{"taxonomy":"category","embeddable":true,"href":"https:\/\/www.mpc.pr.gov.br\/index.php\/wp-json\/wp\/v2\/categories?post=4758"},{"taxonomy":"post_tag","embeddable":true,"href":"https:\/\/www.mpc.pr.gov.br\/index.php\/wp-json\/wp\/v2\/tags?post=4758"}],"curies":[{"name":"wp","href":"https:\/\/api.w.org\/{rel}","templated":true}]}}