{"id":4768,"date":"2017-05-10T11:40:44","date_gmt":"2017-05-10T14:40:44","guid":{"rendered":"http:\/\/www.mpc.pr.gov.br\/?p=4768"},"modified":"2017-05-10T11:40:44","modified_gmt":"2017-05-10T14:40:44","slug":"mp-de-contas-cobra-esclarecimentos-da-paranaprevidencia-sobre-concessao-irregular-de-beneficio","status":"publish","type":"post","link":"https:\/\/www.mpc.pr.gov.br\/index.php\/mp-de-contas-cobra-esclarecimentos-da-paranaprevidencia-sobre-concessao-irregular-de-beneficio\/","title":{"rendered":"MP de Contas cobra esclarecimentos da ParanaPrevid\u00eancia sobre concess\u00e3o irregular de benef\u00edcio"},"content":{"rendered":"<p style=\"text-align: justify; line-height: 150%; background: white;\"><span style=\"color: #333333; font-family: georgia, palatino, serif;\">Procurador Gabriel Guy L\u00e9ger apresentou parecer que questiona a solu\u00e7\u00e3o de continuidade das contribui\u00e7\u00f5es e consequente pens\u00e3o concedida \u00e0 vi\u00fava de servidor p\u00fablico, em raz\u00e3o do descumprimento da\u00a0Lei Estadual n\u00b0 14.805\/05 e termos da\u00a0 A\u00e7\u00e3o Direta de Inconstitucionalidade (ADI) 2791\/PR.<\/span><\/p>\n<p style=\"text-align: justify; line-height: 150%;\"><span style=\"color: #333333; font-family: georgia, palatino, serif;\">O questionamento se baseia no fato de que o servidor parou de contribuir para a previd\u00eancia no per\u00edodo de setembro de 2006 a setembro de 2007, totalizando 12 meses. E, de acordo com a Lei Estadual n\u00b0 14.805\/05, nos artigos 5\u00b0 e 6\u00b0, os servidores p\u00fablicos de foro extrajudicial que deixarem de contribuir por tr\u00eas meses consecutivos ter\u00e3o canceladas suas inscri\u00e7\u00f5es, e uma vez exclu\u00eddos do regime pr\u00f3prio por inadimplemento n\u00e3o poder\u00e3o mais ser reintegrados. <\/span><\/p>\n<p style=\"text-align: justify; line-height: 150%; background: white;\"><span style=\"color: #333333; font-family: georgia, palatino, serif;\">Al\u00e9m disso, levando-se em conta os termos da ADI n\u00b0 2791, julgada pelo Supremo Tribunal Federal (STF) em 2006, cabe \u00e0 ParanaPrevid\u00eancia explicar qual o fundamento legal usado para permitir a concess\u00e3o do benef\u00edcio e a comprova\u00e7\u00e3o da n\u00e3o vincula\u00e7\u00e3o do servidor ao Regime Geral de Previd\u00eancia Social\/INSS.<\/span><\/p>\n<p style=\"text-align: justify; line-height: 150%; background: white;\"><span style=\"color: #333333; font-family: georgia, palatino, serif;\">Com base nesses termos, o MP de Contas do Paran\u00e1 pede a realiza\u00e7\u00e3o de dilig\u00eancia \u00e0 ParanaPrevid\u00eancia, para que esclare\u00e7a por qual motivo a inscri\u00e7\u00e3o do servidor p\u00fablico junto \u00e0 institui\u00e7\u00e3o previdenci\u00e1ria n\u00e3o foi cancelada.<\/span><\/p>\n<p style=\"text-align: justify; line-height: 150%; background: white;\"><span style=\"color: #333333; font-family: georgia, palatino, serif;\">O Parecer ministerial n\u00b0 17674\/16 pode ser conferido <a href=\"http:\/\/www.mpc.pr.gov.br\/wp-content\/uploads\/2017\/05\/Parecer-n\u00b0-1767416.pdf\" target=\"_blank\" rel=\"noopener noreferrer\">aqui<\/a>.<\/span><\/p>\n","protected":false},"excerpt":{"rendered":"<p>Procurador Gabriel Guy L\u00e9ger apresentou parecer que questiona a solu\u00e7\u00e3o de continuidade das contribui\u00e7\u00f5es e consequente pens\u00e3o concedida \u00e0 vi\u00fava de servidor p\u00fablico, em raz\u00e3o do descumprimento da\u00a0Lei Estadual n\u00b0 14.805\/05 e termos da\u00a0 A\u00e7\u00e3o Direta de Inconstitucionalidade (ADI) 2791\/PR. O questionamento se baseia no fato de que o servidor parou de contribuir para a [&hellip;]<\/p>\n","protected":false},"author":5,"featured_media":3672,"comment_status":"open","ping_status":"open","sticky":false,"template":"","format":"standard","meta":{"_monsterinsights_skip_tracking":false,"_monsterinsights_sitenote_active":false,"_monsterinsights_sitenote_note":"","_monsterinsights_sitenote_category":0,"footnotes":""},"categories":[7,14],"tags":[],"class_list":["post-4768","post","type-post","status-publish","format-standard","has-post-thumbnail","hentry","category-todas-as-noticias","category-ultimas-noticias","entry","has-media"],"yoast_head":"<!-- This site is optimized with the Yoast SEO plugin v27.3 - https:\/\/yoast.com\/product\/yoast-seo-wordpress\/ -->\n<title>MP de Contas cobra esclarecimentos da ParanaPrevid\u00eancia sobre concess\u00e3o irregular de benef\u00edcio - Minist\u00e9rio P\u00fablico de Contas do Estado do Paran\u00e1<\/title>\n<meta name=\"robots\" content=\"index, follow, max-snippet:-1, max-image-preview:large, max-video-preview:-1\" \/>\n<link rel=\"canonical\" href=\"https:\/\/www.mpc.pr.gov.br\/index.php\/mp-de-contas-cobra-esclarecimentos-da-paranaprevidencia-sobre-concessao-irregular-de-beneficio\/\" \/>\n<meta property=\"og:locale\" content=\"pt_BR\" \/>\n<meta property=\"og:type\" content=\"article\" \/>\n<meta property=\"og:title\" content=\"MP de Contas cobra esclarecimentos da ParanaPrevid\u00eancia sobre concess\u00e3o irregular de benef\u00edcio - Minist\u00e9rio P\u00fablico de Contas do Estado do Paran\u00e1\" \/>\n<meta property=\"og:description\" content=\"Procurador Gabriel Guy L\u00e9ger apresentou parecer que questiona a solu\u00e7\u00e3o de continuidade das contribui\u00e7\u00f5es e consequente pens\u00e3o concedida \u00e0 vi\u00fava de servidor p\u00fablico, em raz\u00e3o do descumprimento da\u00a0Lei Estadual n\u00b0 14.805\/05 e termos da\u00a0 A\u00e7\u00e3o Direta de Inconstitucionalidade (ADI) 2791\/PR. O questionamento se baseia no fato de que o servidor parou de contribuir para a [&hellip;]\" \/>\n<meta property=\"og:url\" content=\"https:\/\/www.mpc.pr.gov.br\/index.php\/mp-de-contas-cobra-esclarecimentos-da-paranaprevidencia-sobre-concessao-irregular-de-beneficio\/\" \/>\n<meta property=\"og:site_name\" content=\"Minist\u00e9rio P\u00fablico de Contas do Estado do Paran\u00e1\" \/>\n<meta property=\"article:publisher\" content=\"https:\/\/www.facebook.com\/mpc.pr\" \/>\n<meta property=\"article:published_time\" content=\"2017-05-10T14:40:44+00:00\" \/>\n<meta name=\"author\" content=\"giovanna.faria\" \/>\n<meta name=\"twitter:card\" content=\"summary_large_image\" \/>\n<meta name=\"twitter:label1\" content=\"Escrito por\" \/>\n\t<meta name=\"twitter:data1\" content=\"giovanna.faria\" \/>\n\t<meta name=\"twitter:label2\" content=\"Est. tempo de leitura\" \/>\n\t<meta name=\"twitter:data2\" content=\"1 minuto\" \/>\n<script type=\"application\/ld+json\" class=\"yoast-schema-graph\">{\"@context\":\"https:\\\/\\\/schema.org\",\"@graph\":[{\"@type\":\"Article\",\"@id\":\"https:\\\/\\\/www.mpc.pr.gov.br\\\/index.php\\\/mp-de-contas-cobra-esclarecimentos-da-paranaprevidencia-sobre-concessao-irregular-de-beneficio\\\/#article\",\"isPartOf\":{\"@id\":\"https:\\\/\\\/www.mpc.pr.gov.br\\\/index.php\\\/mp-de-contas-cobra-esclarecimentos-da-paranaprevidencia-sobre-concessao-irregular-de-beneficio\\\/\"},\"author\":{\"name\":\"giovanna.faria\",\"@id\":\"https:\\\/\\\/www.mpc.pr.gov.br\\\/#\\\/schema\\\/person\\\/d0c5cf9ebb4d8be833c419f3538cf751\"},\"headline\":\"MP de Contas cobra esclarecimentos da ParanaPrevid\u00eancia sobre concess\u00e3o irregular de benef\u00edcio\",\"datePublished\":\"2017-05-10T14:40:44+00:00\",\"mainEntityOfPage\":{\"@id\":\"https:\\\/\\\/www.mpc.pr.gov.br\\\/index.php\\\/mp-de-contas-cobra-esclarecimentos-da-paranaprevidencia-sobre-concessao-irregular-de-beneficio\\\/\"},\"wordCount\":245,\"commentCount\":0,\"publisher\":{\"@id\":\"https:\\\/\\\/www.mpc.pr.gov.br\\\/#organization\"},\"image\":{\"@id\":\"https:\\\/\\\/www.mpc.pr.gov.br\\\/index.php\\\/mp-de-contas-cobra-esclarecimentos-da-paranaprevidencia-sobre-concessao-irregular-de-beneficio\\\/#primaryimage\"},\"thumbnailUrl\":\"\",\"articleSection\":[\"Todas as not\u00edcias\",\"\u00daltimas not\u00edcias\"],\"inLanguage\":\"pt-BR\",\"potentialAction\":[{\"@type\":\"CommentAction\",\"name\":\"Comment\",\"target\":[\"https:\\\/\\\/www.mpc.pr.gov.br\\\/index.php\\\/mp-de-contas-cobra-esclarecimentos-da-paranaprevidencia-sobre-concessao-irregular-de-beneficio\\\/#respond\"]}]},{\"@type\":\"WebPage\",\"@id\":\"https:\\\/\\\/www.mpc.pr.gov.br\\\/index.php\\\/mp-de-contas-cobra-esclarecimentos-da-paranaprevidencia-sobre-concessao-irregular-de-beneficio\\\/\",\"url\":\"https:\\\/\\\/www.mpc.pr.gov.br\\\/index.php\\\/mp-de-contas-cobra-esclarecimentos-da-paranaprevidencia-sobre-concessao-irregular-de-beneficio\\\/\",\"name\":\"MP de Contas cobra esclarecimentos da ParanaPrevid\u00eancia sobre concess\u00e3o irregular de benef\u00edcio - Minist\u00e9rio P\u00fablico de Contas do Estado do Paran\u00e1\",\"isPartOf\":{\"@id\":\"https:\\\/\\\/www.mpc.pr.gov.br\\\/#website\"},\"primaryImageOfPage\":{\"@id\":\"https:\\\/\\\/www.mpc.pr.gov.br\\\/index.php\\\/mp-de-contas-cobra-esclarecimentos-da-paranaprevidencia-sobre-concessao-irregular-de-beneficio\\\/#primaryimage\"},\"image\":{\"@id\":\"https:\\\/\\\/www.mpc.pr.gov.br\\\/index.php\\\/mp-de-contas-cobra-esclarecimentos-da-paranaprevidencia-sobre-concessao-irregular-de-beneficio\\\/#primaryimage\"},\"thumbnailUrl\":\"\",\"datePublished\":\"2017-05-10T14:40:44+00:00\",\"breadcrumb\":{\"@id\":\"https:\\\/\\\/www.mpc.pr.gov.br\\\/index.php\\\/mp-de-contas-cobra-esclarecimentos-da-paranaprevidencia-sobre-concessao-irregular-de-beneficio\\\/#breadcrumb\"},\"inLanguage\":\"pt-BR\",\"potentialAction\":[{\"@type\":\"ReadAction\",\"target\":[\"https:\\\/\\\/www.mpc.pr.gov.br\\\/index.php\\\/mp-de-contas-cobra-esclarecimentos-da-paranaprevidencia-sobre-concessao-irregular-de-beneficio\\\/\"]}]},{\"@type\":\"ImageObject\",\"inLanguage\":\"pt-BR\",\"@id\":\"https:\\\/\\\/www.mpc.pr.gov.br\\\/index.php\\\/mp-de-contas-cobra-esclarecimentos-da-paranaprevidencia-sobre-concessao-irregular-de-beneficio\\\/#primaryimage\",\"url\":\"\",\"contentUrl\":\"\"},{\"@type\":\"BreadcrumbList\",\"@id\":\"https:\\\/\\\/www.mpc.pr.gov.br\\\/index.php\\\/mp-de-contas-cobra-esclarecimentos-da-paranaprevidencia-sobre-concessao-irregular-de-beneficio\\\/#breadcrumb\",\"itemListElement\":[{\"@type\":\"ListItem\",\"position\":1,\"name\":\"In\u00edcio\",\"item\":\"https:\\\/\\\/www.mpc.pr.gov.br\\\/\"},{\"@type\":\"ListItem\",\"position\":2,\"name\":\"MP de Contas cobra esclarecimentos da ParanaPrevid\u00eancia sobre concess\u00e3o irregular de benef\u00edcio\"}]},{\"@type\":\"WebSite\",\"@id\":\"https:\\\/\\\/www.mpc.pr.gov.br\\\/#website\",\"url\":\"https:\\\/\\\/www.mpc.pr.gov.br\\\/\",\"name\":\"Minist\u00e9rio P\u00fablico de Contas do Estado do Paran\u00e1\",\"description\":\"\",\"publisher\":{\"@id\":\"https:\\\/\\\/www.mpc.pr.gov.br\\\/#organization\"},\"potentialAction\":[{\"@type\":\"SearchAction\",\"target\":{\"@type\":\"EntryPoint\",\"urlTemplate\":\"https:\\\/\\\/www.mpc.pr.gov.br\\\/?s={search_term_string}\"},\"query-input\":{\"@type\":\"PropertyValueSpecification\",\"valueRequired\":true,\"valueName\":\"search_term_string\"}}],\"inLanguage\":\"pt-BR\"},{\"@type\":\"Organization\",\"@id\":\"https:\\\/\\\/www.mpc.pr.gov.br\\\/#organization\",\"name\":\"Minist\u00e9rio P\u00fablico de Contas do Estado do Paran\u00e1\",\"url\":\"https:\\\/\\\/www.mpc.pr.gov.br\\\/\",\"logo\":{\"@type\":\"ImageObject\",\"inLanguage\":\"pt-BR\",\"@id\":\"https:\\\/\\\/www.mpc.pr.gov.br\\\/#\\\/schema\\\/logo\\\/image\\\/\",\"url\":\"https:\\\/\\\/www.mpc.pr.gov.br\\\/wp-content\\\/uploads\\\/2020\\\/06\\\/99423647_1593460364143890_6706793420720963584_n-1-e1591387983167.png\",\"contentUrl\":\"https:\\\/\\\/www.mpc.pr.gov.br\\\/wp-content\\\/uploads\\\/2020\\\/06\\\/99423647_1593460364143890_6706793420720963584_n-1-e1591387983167.png\",\"width\":243,\"height\":73,\"caption\":\"Minist\u00e9rio P\u00fablico de Contas do Estado do Paran\u00e1\"},\"image\":{\"@id\":\"https:\\\/\\\/www.mpc.pr.gov.br\\\/#\\\/schema\\\/logo\\\/image\\\/\"},\"sameAs\":[\"https:\\\/\\\/www.facebook.com\\\/mpc.pr\",\"https:\\\/\\\/www.instagram.com\\\/mpc.pr\\\/?hl=pt-br\",\"https:\\\/\\\/www.youtube.com\\\/channel\\\/UCHri5oEM8DV0ztX57E0sBSw\"]},{\"@type\":\"Person\",\"@id\":\"https:\\\/\\\/www.mpc.pr.gov.br\\\/#\\\/schema\\\/person\\\/d0c5cf9ebb4d8be833c419f3538cf751\",\"name\":\"giovanna.faria\",\"image\":{\"@type\":\"ImageObject\",\"inLanguage\":\"pt-BR\",\"@id\":\"https:\\\/\\\/secure.gravatar.com\\\/avatar\\\/?s=96&d=mm&r=g\",\"url\":\"https:\\\/\\\/secure.gravatar.com\\\/avatar\\\/?s=96&d=mm&r=g\",\"contentUrl\":\"https:\\\/\\\/secure.gravatar.com\\\/avatar\\\/?s=96&d=mm&r=g\",\"caption\":\"giovanna.faria\"}}]}<\/script>\n<!-- \/ Yoast SEO plugin. -->","yoast_head_json":{"title":"MP de Contas cobra esclarecimentos da ParanaPrevid\u00eancia sobre concess\u00e3o irregular de benef\u00edcio - Minist\u00e9rio P\u00fablico de Contas do Estado do Paran\u00e1","robots":{"index":"index","follow":"follow","max-snippet":"max-snippet:-1","max-image-preview":"max-image-preview:large","max-video-preview":"max-video-preview:-1"},"canonical":"https:\/\/www.mpc.pr.gov.br\/index.php\/mp-de-contas-cobra-esclarecimentos-da-paranaprevidencia-sobre-concessao-irregular-de-beneficio\/","og_locale":"pt_BR","og_type":"article","og_title":"MP de Contas cobra esclarecimentos da ParanaPrevid\u00eancia sobre concess\u00e3o irregular de benef\u00edcio - Minist\u00e9rio P\u00fablico de Contas do Estado do Paran\u00e1","og_description":"Procurador Gabriel Guy L\u00e9ger apresentou parecer que questiona a solu\u00e7\u00e3o de continuidade das contribui\u00e7\u00f5es e consequente pens\u00e3o concedida \u00e0 vi\u00fava de servidor p\u00fablico, em raz\u00e3o do descumprimento da\u00a0Lei Estadual n\u00b0 14.805\/05 e termos da\u00a0 A\u00e7\u00e3o Direta de Inconstitucionalidade (ADI) 2791\/PR. O questionamento se baseia no fato de que o servidor parou de contribuir para a [&hellip;]","og_url":"https:\/\/www.mpc.pr.gov.br\/index.php\/mp-de-contas-cobra-esclarecimentos-da-paranaprevidencia-sobre-concessao-irregular-de-beneficio\/","og_site_name":"Minist\u00e9rio P\u00fablico de Contas do Estado do Paran\u00e1","article_publisher":"https:\/\/www.facebook.com\/mpc.pr","article_published_time":"2017-05-10T14:40:44+00:00","author":"giovanna.faria","twitter_card":"summary_large_image","twitter_misc":{"Escrito por":"giovanna.faria","Est. tempo de leitura":"1 minuto"},"schema":{"@context":"https:\/\/schema.org","@graph":[{"@type":"Article","@id":"https:\/\/www.mpc.pr.gov.br\/index.php\/mp-de-contas-cobra-esclarecimentos-da-paranaprevidencia-sobre-concessao-irregular-de-beneficio\/#article","isPartOf":{"@id":"https:\/\/www.mpc.pr.gov.br\/index.php\/mp-de-contas-cobra-esclarecimentos-da-paranaprevidencia-sobre-concessao-irregular-de-beneficio\/"},"author":{"name":"giovanna.faria","@id":"https:\/\/www.mpc.pr.gov.br\/#\/schema\/person\/d0c5cf9ebb4d8be833c419f3538cf751"},"headline":"MP de Contas cobra esclarecimentos da ParanaPrevid\u00eancia sobre concess\u00e3o irregular de benef\u00edcio","datePublished":"2017-05-10T14:40:44+00:00","mainEntityOfPage":{"@id":"https:\/\/www.mpc.pr.gov.br\/index.php\/mp-de-contas-cobra-esclarecimentos-da-paranaprevidencia-sobre-concessao-irregular-de-beneficio\/"},"wordCount":245,"commentCount":0,"publisher":{"@id":"https:\/\/www.mpc.pr.gov.br\/#organization"},"image":{"@id":"https:\/\/www.mpc.pr.gov.br\/index.php\/mp-de-contas-cobra-esclarecimentos-da-paranaprevidencia-sobre-concessao-irregular-de-beneficio\/#primaryimage"},"thumbnailUrl":"","articleSection":["Todas as not\u00edcias","\u00daltimas not\u00edcias"],"inLanguage":"pt-BR","potentialAction":[{"@type":"CommentAction","name":"Comment","target":["https:\/\/www.mpc.pr.gov.br\/index.php\/mp-de-contas-cobra-esclarecimentos-da-paranaprevidencia-sobre-concessao-irregular-de-beneficio\/#respond"]}]},{"@type":"WebPage","@id":"https:\/\/www.mpc.pr.gov.br\/index.php\/mp-de-contas-cobra-esclarecimentos-da-paranaprevidencia-sobre-concessao-irregular-de-beneficio\/","url":"https:\/\/www.mpc.pr.gov.br\/index.php\/mp-de-contas-cobra-esclarecimentos-da-paranaprevidencia-sobre-concessao-irregular-de-beneficio\/","name":"MP de Contas cobra esclarecimentos da ParanaPrevid\u00eancia sobre concess\u00e3o irregular de benef\u00edcio - Minist\u00e9rio P\u00fablico de Contas do Estado do Paran\u00e1","isPartOf":{"@id":"https:\/\/www.mpc.pr.gov.br\/#website"},"primaryImageOfPage":{"@id":"https:\/\/www.mpc.pr.gov.br\/index.php\/mp-de-contas-cobra-esclarecimentos-da-paranaprevidencia-sobre-concessao-irregular-de-beneficio\/#primaryimage"},"image":{"@id":"https:\/\/www.mpc.pr.gov.br\/index.php\/mp-de-contas-cobra-esclarecimentos-da-paranaprevidencia-sobre-concessao-irregular-de-beneficio\/#primaryimage"},"thumbnailUrl":"","datePublished":"2017-05-10T14:40:44+00:00","breadcrumb":{"@id":"https:\/\/www.mpc.pr.gov.br\/index.php\/mp-de-contas-cobra-esclarecimentos-da-paranaprevidencia-sobre-concessao-irregular-de-beneficio\/#breadcrumb"},"inLanguage":"pt-BR","potentialAction":[{"@type":"ReadAction","target":["https:\/\/www.mpc.pr.gov.br\/index.php\/mp-de-contas-cobra-esclarecimentos-da-paranaprevidencia-sobre-concessao-irregular-de-beneficio\/"]}]},{"@type":"ImageObject","inLanguage":"pt-BR","@id":"https:\/\/www.mpc.pr.gov.br\/index.php\/mp-de-contas-cobra-esclarecimentos-da-paranaprevidencia-sobre-concessao-irregular-de-beneficio\/#primaryimage","url":"","contentUrl":""},{"@type":"BreadcrumbList","@id":"https:\/\/www.mpc.pr.gov.br\/index.php\/mp-de-contas-cobra-esclarecimentos-da-paranaprevidencia-sobre-concessao-irregular-de-beneficio\/#breadcrumb","itemListElement":[{"@type":"ListItem","position":1,"name":"In\u00edcio","item":"https:\/\/www.mpc.pr.gov.br\/"},{"@type":"ListItem","position":2,"name":"MP de Contas cobra esclarecimentos da ParanaPrevid\u00eancia sobre concess\u00e3o irregular de benef\u00edcio"}]},{"@type":"WebSite","@id":"https:\/\/www.mpc.pr.gov.br\/#website","url":"https:\/\/www.mpc.pr.gov.br\/","name":"Minist\u00e9rio P\u00fablico de Contas do Estado do Paran\u00e1","description":"","publisher":{"@id":"https:\/\/www.mpc.pr.gov.br\/#organization"},"potentialAction":[{"@type":"SearchAction","target":{"@type":"EntryPoint","urlTemplate":"https:\/\/www.mpc.pr.gov.br\/?s={search_term_string}"},"query-input":{"@type":"PropertyValueSpecification","valueRequired":true,"valueName":"search_term_string"}}],"inLanguage":"pt-BR"},{"@type":"Organization","@id":"https:\/\/www.mpc.pr.gov.br\/#organization","name":"Minist\u00e9rio P\u00fablico de Contas do Estado do Paran\u00e1","url":"https:\/\/www.mpc.pr.gov.br\/","logo":{"@type":"ImageObject","inLanguage":"pt-BR","@id":"https:\/\/www.mpc.pr.gov.br\/#\/schema\/logo\/image\/","url":"https:\/\/www.mpc.pr.gov.br\/wp-content\/uploads\/2020\/06\/99423647_1593460364143890_6706793420720963584_n-1-e1591387983167.png","contentUrl":"https:\/\/www.mpc.pr.gov.br\/wp-content\/uploads\/2020\/06\/99423647_1593460364143890_6706793420720963584_n-1-e1591387983167.png","width":243,"height":73,"caption":"Minist\u00e9rio P\u00fablico de Contas do Estado do Paran\u00e1"},"image":{"@id":"https:\/\/www.mpc.pr.gov.br\/#\/schema\/logo\/image\/"},"sameAs":["https:\/\/www.facebook.com\/mpc.pr","https:\/\/www.instagram.com\/mpc.pr\/?hl=pt-br","https:\/\/www.youtube.com\/channel\/UCHri5oEM8DV0ztX57E0sBSw"]},{"@type":"Person","@id":"https:\/\/www.mpc.pr.gov.br\/#\/schema\/person\/d0c5cf9ebb4d8be833c419f3538cf751","name":"giovanna.faria","image":{"@type":"ImageObject","inLanguage":"pt-BR","@id":"https:\/\/secure.gravatar.com\/avatar\/?s=96&d=mm&r=g","url":"https:\/\/secure.gravatar.com\/avatar\/?s=96&d=mm&r=g","contentUrl":"https:\/\/secure.gravatar.com\/avatar\/?s=96&d=mm&r=g","caption":"giovanna.faria"}}]}},"rttpg_featured_image_url":null,"rttpg_author":{"display_name":"giovanna.faria","author_link":"https:\/\/www.mpc.pr.gov.br\/index.php\/author\/giovanna-faria\/"},"rttpg_comment":0,"rttpg_category":"<a href=\"https:\/\/www.mpc.pr.gov.br\/index.php\/category\/todas-as-noticias\/\" rel=\"category tag\">Todas as not\u00edcias<\/a> <a href=\"https:\/\/www.mpc.pr.gov.br\/index.php\/category\/ultimas-noticias\/\" rel=\"category tag\">\u00daltimas not\u00edcias<\/a>","rttpg_excerpt":"Procurador Gabriel Guy L\u00e9ger apresentou parecer que questiona a solu\u00e7\u00e3o de continuidade das contribui\u00e7\u00f5es e consequente pens\u00e3o concedida \u00e0 vi\u00fava de servidor p\u00fablico, em raz\u00e3o do descumprimento da\u00a0Lei Estadual n\u00b0 14.805\/05 e termos da\u00a0 A\u00e7\u00e3o Direta de Inconstitucionalidade (ADI) 2791\/PR. O questionamento se baseia no fato de que o servidor parou de contribuir para a&hellip;","_links":{"self":[{"href":"https:\/\/www.mpc.pr.gov.br\/index.php\/wp-json\/wp\/v2\/posts\/4768","targetHints":{"allow":["GET"]}}],"collection":[{"href":"https:\/\/www.mpc.pr.gov.br\/index.php\/wp-json\/wp\/v2\/posts"}],"about":[{"href":"https:\/\/www.mpc.pr.gov.br\/index.php\/wp-json\/wp\/v2\/types\/post"}],"author":[{"embeddable":true,"href":"https:\/\/www.mpc.pr.gov.br\/index.php\/wp-json\/wp\/v2\/users\/5"}],"replies":[{"embeddable":true,"href":"https:\/\/www.mpc.pr.gov.br\/index.php\/wp-json\/wp\/v2\/comments?post=4768"}],"version-history":[{"count":0,"href":"https:\/\/www.mpc.pr.gov.br\/index.php\/wp-json\/wp\/v2\/posts\/4768\/revisions"}],"wp:featuredmedia":[{"embeddable":true,"href":"https:\/\/www.mpc.pr.gov.br\/index.php\/wp-json\/"}],"wp:attachment":[{"href":"https:\/\/www.mpc.pr.gov.br\/index.php\/wp-json\/wp\/v2\/media?parent=4768"}],"wp:term":[{"taxonomy":"category","embeddable":true,"href":"https:\/\/www.mpc.pr.gov.br\/index.php\/wp-json\/wp\/v2\/categories?post=4768"},{"taxonomy":"post_tag","embeddable":true,"href":"https:\/\/www.mpc.pr.gov.br\/index.php\/wp-json\/wp\/v2\/tags?post=4768"}],"curies":[{"name":"wp","href":"https:\/\/api.w.org\/{rel}","templated":true}]}}