{"id":4808,"date":"2017-05-17T10:05:55","date_gmt":"2017-05-17T13:05:55","guid":{"rendered":"http:\/\/www.mpc.pr.gov.br\/?p=4808"},"modified":"2017-05-17T10:05:55","modified_gmt":"2017-05-17T13:05:55","slug":"procurador-geral-debate-com-promotores-de-justica-recomendacao-do-cnmp-sobre-gastos-com-saude","status":"publish","type":"post","link":"https:\/\/www.mpc.pr.gov.br\/index.php\/procurador-geral-debate-com-promotores-de-justica-recomendacao-do-cnmp-sobre-gastos-com-saude\/","title":{"rendered":"Procurador-Geral debate com Promotores de Justi\u00e7a recomenda\u00e7\u00e3o do CNMP sobre gastos com sa\u00fade"},"content":{"rendered":"<p>No \u00faltimo dia 16 de maio o Procurador-Geral do MP de Contas do Paran\u00e1, Dr. Fl\u00e1vio de Azambuja Berti, esteve em reuni\u00e3o com o Procurador de Justi\u00e7a Dr. Marco Antonio Teixeira, Coordenador do Centro de Apoio Operacional das Promotorias de\u00a0Prote\u00e7\u00e3o \u00e0 Sa\u00fade, e com a Promotora de Justi\u00e7a Dra. Maria Cec\u00edlia Delisi Rosa Pereira, integrante do Centro de Apoio Operacional das Promotorias de Prote\u00e7\u00e3o ao Patrim\u00f4nio P\u00fablico e \u00e0 Ordem Tribut\u00e1ria. Ambos os \u00f3rg\u00e3os integram o Minist\u00e9rio P\u00fablico do Estado do Paran\u00e1. Tamb\u00e9m participaram da reuni\u00e3o o Secret\u00e1rio-Geral do MP de Contas do Paran\u00e1, Dr. Paulo Roberto Marques Fernandes, e o Promotor de Justi\u00e7a Dr. Marcelo Paulo Maggio, integrante do CAOP Sa\u00fade.<\/p>\n<p>A reuni\u00e3o destinou-se a debater a fiscaliza\u00e7\u00e3o sobre os gastos com sa\u00fade\u00a0a partir das diretrizes da Recomenda\u00e7\u00e3o\u00a0n\u00ba 48\/2016, do Conselho Nacional do Minist\u00e9rio P\u00fablico. O novo marco normativo de fiscaliza\u00e7\u00e3o dos gastos com sa\u00fade amplia o escopo de an\u00e1lise \u00a0das Promotorias de Justi\u00e7a, abrangendo desde o acompanhamento da elabora\u00e7\u00e3o e aprova\u00e7\u00e3o das leis or\u00e7ament\u00e1rias, at\u00e9 a contabiliza\u00e7\u00e3o e divulga\u00e7\u00e3o dos dados relativos \u00e0 execu\u00e7\u00e3o or\u00e7ament\u00e1ria. O novo marco normativo busca garantir o cumprimento da Lei Complementar n\u00ba 141\/2012, que define par\u00e2metros m\u00ednimos\u00a0em a\u00e7\u00f5es e servi\u00e7os de sa\u00fade, e tamb\u00e9m delimita em termos qualitativos quais despesas podem ser consideradas para c\u00f4mputo do \u00edndice.<\/p>\n<p>A \u00edntegra da Resolu\u00e7\u00e3o pode ser conferida <a href=\"http:\/\/www.mpc.pr.gov.br\/wp-content\/uploads\/2017\/05\/RECOMENDAO-48-2016.pdf\"><strong>aqui<\/strong><\/a>.<\/p>\n","protected":false},"excerpt":{"rendered":"<p>No \u00faltimo dia 16 de maio o Procurador-Geral do MP de Contas do Paran\u00e1, Dr. Fl\u00e1vio de Azambuja Berti, esteve em reuni\u00e3o com o Procurador de Justi\u00e7a Dr. Marco Antonio Teixeira, Coordenador do Centro de Apoio Operacional das Promotorias de\u00a0Prote\u00e7\u00e3o \u00e0 Sa\u00fade, e com a Promotora de Justi\u00e7a Dra. Maria Cec\u00edlia Delisi Rosa Pereira, integrante [&hellip;]<\/p>\n","protected":false},"author":2,"featured_media":4811,"comment_status":"open","ping_status":"open","sticky":false,"template":"","format":"standard","meta":{"_monsterinsights_skip_tracking":false,"_monsterinsights_sitenote_active":false,"_monsterinsights_sitenote_note":"","_monsterinsights_sitenote_category":0,"footnotes":""},"categories":[15,7,14],"tags":[],"class_list":["post-4808","post","type-post","status-publish","format-standard","has-post-thumbnail","hentry","category-noticias-de-interesse","category-todas-as-noticias","category-ultimas-noticias","entry","has-media"],"yoast_head":"<!-- This site is optimized with the Yoast SEO plugin v27.3 - https:\/\/yoast.com\/product\/yoast-seo-wordpress\/ -->\n<title>Procurador-Geral debate com Promotores de Justi\u00e7a recomenda\u00e7\u00e3o do CNMP sobre gastos com sa\u00fade - Minist\u00e9rio P\u00fablico de Contas do Estado do Paran\u00e1<\/title>\n<meta name=\"robots\" content=\"index, follow, max-snippet:-1, max-image-preview:large, max-video-preview:-1\" \/>\n<link rel=\"canonical\" href=\"https:\/\/www.mpc.pr.gov.br\/index.php\/procurador-geral-debate-com-promotores-de-justica-recomendacao-do-cnmp-sobre-gastos-com-saude\/\" \/>\n<meta property=\"og:locale\" content=\"pt_BR\" \/>\n<meta property=\"og:type\" content=\"article\" \/>\n<meta property=\"og:title\" content=\"Procurador-Geral debate com Promotores de Justi\u00e7a recomenda\u00e7\u00e3o do CNMP sobre gastos com sa\u00fade - Minist\u00e9rio P\u00fablico de Contas do Estado do Paran\u00e1\" \/>\n<meta property=\"og:description\" content=\"No \u00faltimo dia 16 de maio o Procurador-Geral do MP de Contas do Paran\u00e1, Dr. Fl\u00e1vio de Azambuja Berti, esteve em reuni\u00e3o com o Procurador de Justi\u00e7a Dr. Marco Antonio Teixeira, Coordenador do Centro de Apoio Operacional das Promotorias de\u00a0Prote\u00e7\u00e3o \u00e0 Sa\u00fade, e com a Promotora de Justi\u00e7a Dra. Maria Cec\u00edlia Delisi Rosa Pereira, integrante [&hellip;]\" \/>\n<meta property=\"og:url\" content=\"https:\/\/www.mpc.pr.gov.br\/index.php\/procurador-geral-debate-com-promotores-de-justica-recomendacao-do-cnmp-sobre-gastos-com-saude\/\" \/>\n<meta property=\"og:site_name\" content=\"Minist\u00e9rio P\u00fablico de Contas do Estado do Paran\u00e1\" \/>\n<meta property=\"article:publisher\" content=\"https:\/\/www.facebook.com\/mpc.pr\" \/>\n<meta property=\"article:published_time\" content=\"2017-05-17T13:05:55+00:00\" \/>\n<meta name=\"author\" content=\"saulo.pivetta\" \/>\n<meta name=\"twitter:card\" content=\"summary_large_image\" \/>\n<meta name=\"twitter:label1\" content=\"Escrito por\" \/>\n\t<meta name=\"twitter:data1\" content=\"saulo.pivetta\" \/>\n\t<meta name=\"twitter:label2\" content=\"Est. tempo de leitura\" \/>\n\t<meta name=\"twitter:data2\" content=\"1 minuto\" \/>\n<script type=\"application\/ld+json\" class=\"yoast-schema-graph\">{\"@context\":\"https:\\\/\\\/schema.org\",\"@graph\":[{\"@type\":\"Article\",\"@id\":\"https:\\\/\\\/www.mpc.pr.gov.br\\\/index.php\\\/procurador-geral-debate-com-promotores-de-justica-recomendacao-do-cnmp-sobre-gastos-com-saude\\\/#article\",\"isPartOf\":{\"@id\":\"https:\\\/\\\/www.mpc.pr.gov.br\\\/index.php\\\/procurador-geral-debate-com-promotores-de-justica-recomendacao-do-cnmp-sobre-gastos-com-saude\\\/\"},\"author\":{\"name\":\"saulo.pivetta\",\"@id\":\"https:\\\/\\\/www.mpc.pr.gov.br\\\/#\\\/schema\\\/person\\\/9403b33fe345ff50fefc7930f6994ba1\"},\"headline\":\"Procurador-Geral debate com Promotores de Justi\u00e7a recomenda\u00e7\u00e3o do CNMP sobre gastos com sa\u00fade\",\"datePublished\":\"2017-05-17T13:05:55+00:00\",\"mainEntityOfPage\":{\"@id\":\"https:\\\/\\\/www.mpc.pr.gov.br\\\/index.php\\\/procurador-geral-debate-com-promotores-de-justica-recomendacao-do-cnmp-sobre-gastos-com-saude\\\/\"},\"wordCount\":282,\"commentCount\":0,\"publisher\":{\"@id\":\"https:\\\/\\\/www.mpc.pr.gov.br\\\/#organization\"},\"image\":{\"@id\":\"https:\\\/\\\/www.mpc.pr.gov.br\\\/index.php\\\/procurador-geral-debate-com-promotores-de-justica-recomendacao-do-cnmp-sobre-gastos-com-saude\\\/#primaryimage\"},\"thumbnailUrl\":\"\",\"articleSection\":[\"Not\u00edcias de Interesse\",\"Todas as not\u00edcias\",\"\u00daltimas not\u00edcias\"],\"inLanguage\":\"pt-BR\",\"potentialAction\":[{\"@type\":\"CommentAction\",\"name\":\"Comment\",\"target\":[\"https:\\\/\\\/www.mpc.pr.gov.br\\\/index.php\\\/procurador-geral-debate-com-promotores-de-justica-recomendacao-do-cnmp-sobre-gastos-com-saude\\\/#respond\"]}]},{\"@type\":\"WebPage\",\"@id\":\"https:\\\/\\\/www.mpc.pr.gov.br\\\/index.php\\\/procurador-geral-debate-com-promotores-de-justica-recomendacao-do-cnmp-sobre-gastos-com-saude\\\/\",\"url\":\"https:\\\/\\\/www.mpc.pr.gov.br\\\/index.php\\\/procurador-geral-debate-com-promotores-de-justica-recomendacao-do-cnmp-sobre-gastos-com-saude\\\/\",\"name\":\"Procurador-Geral debate com Promotores de Justi\u00e7a recomenda\u00e7\u00e3o do CNMP sobre gastos com sa\u00fade - Minist\u00e9rio P\u00fablico de Contas do Estado do Paran\u00e1\",\"isPartOf\":{\"@id\":\"https:\\\/\\\/www.mpc.pr.gov.br\\\/#website\"},\"primaryImageOfPage\":{\"@id\":\"https:\\\/\\\/www.mpc.pr.gov.br\\\/index.php\\\/procurador-geral-debate-com-promotores-de-justica-recomendacao-do-cnmp-sobre-gastos-com-saude\\\/#primaryimage\"},\"image\":{\"@id\":\"https:\\\/\\\/www.mpc.pr.gov.br\\\/index.php\\\/procurador-geral-debate-com-promotores-de-justica-recomendacao-do-cnmp-sobre-gastos-com-saude\\\/#primaryimage\"},\"thumbnailUrl\":\"\",\"datePublished\":\"2017-05-17T13:05:55+00:00\",\"breadcrumb\":{\"@id\":\"https:\\\/\\\/www.mpc.pr.gov.br\\\/index.php\\\/procurador-geral-debate-com-promotores-de-justica-recomendacao-do-cnmp-sobre-gastos-com-saude\\\/#breadcrumb\"},\"inLanguage\":\"pt-BR\",\"potentialAction\":[{\"@type\":\"ReadAction\",\"target\":[\"https:\\\/\\\/www.mpc.pr.gov.br\\\/index.php\\\/procurador-geral-debate-com-promotores-de-justica-recomendacao-do-cnmp-sobre-gastos-com-saude\\\/\"]}]},{\"@type\":\"ImageObject\",\"inLanguage\":\"pt-BR\",\"@id\":\"https:\\\/\\\/www.mpc.pr.gov.br\\\/index.php\\\/procurador-geral-debate-com-promotores-de-justica-recomendacao-do-cnmp-sobre-gastos-com-saude\\\/#primaryimage\",\"url\":\"\",\"contentUrl\":\"\"},{\"@type\":\"BreadcrumbList\",\"@id\":\"https:\\\/\\\/www.mpc.pr.gov.br\\\/index.php\\\/procurador-geral-debate-com-promotores-de-justica-recomendacao-do-cnmp-sobre-gastos-com-saude\\\/#breadcrumb\",\"itemListElement\":[{\"@type\":\"ListItem\",\"position\":1,\"name\":\"In\u00edcio\",\"item\":\"https:\\\/\\\/www.mpc.pr.gov.br\\\/\"},{\"@type\":\"ListItem\",\"position\":2,\"name\":\"Procurador-Geral debate com Promotores de Justi\u00e7a recomenda\u00e7\u00e3o do CNMP sobre gastos com sa\u00fade\"}]},{\"@type\":\"WebSite\",\"@id\":\"https:\\\/\\\/www.mpc.pr.gov.br\\\/#website\",\"url\":\"https:\\\/\\\/www.mpc.pr.gov.br\\\/\",\"name\":\"Minist\u00e9rio P\u00fablico de Contas do Estado do Paran\u00e1\",\"description\":\"\",\"publisher\":{\"@id\":\"https:\\\/\\\/www.mpc.pr.gov.br\\\/#organization\"},\"potentialAction\":[{\"@type\":\"SearchAction\",\"target\":{\"@type\":\"EntryPoint\",\"urlTemplate\":\"https:\\\/\\\/www.mpc.pr.gov.br\\\/?s={search_term_string}\"},\"query-input\":{\"@type\":\"PropertyValueSpecification\",\"valueRequired\":true,\"valueName\":\"search_term_string\"}}],\"inLanguage\":\"pt-BR\"},{\"@type\":\"Organization\",\"@id\":\"https:\\\/\\\/www.mpc.pr.gov.br\\\/#organization\",\"name\":\"Minist\u00e9rio P\u00fablico de Contas do Estado do Paran\u00e1\",\"url\":\"https:\\\/\\\/www.mpc.pr.gov.br\\\/\",\"logo\":{\"@type\":\"ImageObject\",\"inLanguage\":\"pt-BR\",\"@id\":\"https:\\\/\\\/www.mpc.pr.gov.br\\\/#\\\/schema\\\/logo\\\/image\\\/\",\"url\":\"https:\\\/\\\/www.mpc.pr.gov.br\\\/wp-content\\\/uploads\\\/2020\\\/06\\\/99423647_1593460364143890_6706793420720963584_n-1-e1591387983167.png\",\"contentUrl\":\"https:\\\/\\\/www.mpc.pr.gov.br\\\/wp-content\\\/uploads\\\/2020\\\/06\\\/99423647_1593460364143890_6706793420720963584_n-1-e1591387983167.png\",\"width\":243,\"height\":73,\"caption\":\"Minist\u00e9rio P\u00fablico de Contas do Estado do Paran\u00e1\"},\"image\":{\"@id\":\"https:\\\/\\\/www.mpc.pr.gov.br\\\/#\\\/schema\\\/logo\\\/image\\\/\"},\"sameAs\":[\"https:\\\/\\\/www.facebook.com\\\/mpc.pr\",\"https:\\\/\\\/www.instagram.com\\\/mpc.pr\\\/?hl=pt-br\",\"https:\\\/\\\/www.youtube.com\\\/channel\\\/UCHri5oEM8DV0ztX57E0sBSw\"]},{\"@type\":\"Person\",\"@id\":\"https:\\\/\\\/www.mpc.pr.gov.br\\\/#\\\/schema\\\/person\\\/9403b33fe345ff50fefc7930f6994ba1\",\"name\":\"saulo.pivetta\",\"image\":{\"@type\":\"ImageObject\",\"inLanguage\":\"pt-BR\",\"@id\":\"https:\\\/\\\/secure.gravatar.com\\\/avatar\\\/?s=96&d=mm&r=g\",\"url\":\"https:\\\/\\\/secure.gravatar.com\\\/avatar\\\/?s=96&d=mm&r=g\",\"contentUrl\":\"https:\\\/\\\/secure.gravatar.com\\\/avatar\\\/?s=96&d=mm&r=g\",\"caption\":\"saulo.pivetta\"}}]}<\/script>\n<!-- \/ Yoast SEO plugin. -->","yoast_head_json":{"title":"Procurador-Geral debate com Promotores de Justi\u00e7a recomenda\u00e7\u00e3o do CNMP sobre gastos com sa\u00fade - Minist\u00e9rio P\u00fablico de Contas do Estado do Paran\u00e1","robots":{"index":"index","follow":"follow","max-snippet":"max-snippet:-1","max-image-preview":"max-image-preview:large","max-video-preview":"max-video-preview:-1"},"canonical":"https:\/\/www.mpc.pr.gov.br\/index.php\/procurador-geral-debate-com-promotores-de-justica-recomendacao-do-cnmp-sobre-gastos-com-saude\/","og_locale":"pt_BR","og_type":"article","og_title":"Procurador-Geral debate com Promotores de Justi\u00e7a recomenda\u00e7\u00e3o do CNMP sobre gastos com sa\u00fade - Minist\u00e9rio P\u00fablico de Contas do Estado do Paran\u00e1","og_description":"No \u00faltimo dia 16 de maio o Procurador-Geral do MP de Contas do Paran\u00e1, Dr. Fl\u00e1vio de Azambuja Berti, esteve em reuni\u00e3o com o Procurador de Justi\u00e7a Dr. Marco Antonio Teixeira, Coordenador do Centro de Apoio Operacional das Promotorias de\u00a0Prote\u00e7\u00e3o \u00e0 Sa\u00fade, e com a Promotora de Justi\u00e7a Dra. Maria Cec\u00edlia Delisi Rosa Pereira, integrante [&hellip;]","og_url":"https:\/\/www.mpc.pr.gov.br\/index.php\/procurador-geral-debate-com-promotores-de-justica-recomendacao-do-cnmp-sobre-gastos-com-saude\/","og_site_name":"Minist\u00e9rio P\u00fablico de Contas do Estado do Paran\u00e1","article_publisher":"https:\/\/www.facebook.com\/mpc.pr","article_published_time":"2017-05-17T13:05:55+00:00","author":"saulo.pivetta","twitter_card":"summary_large_image","twitter_misc":{"Escrito por":"saulo.pivetta","Est. tempo de leitura":"1 minuto"},"schema":{"@context":"https:\/\/schema.org","@graph":[{"@type":"Article","@id":"https:\/\/www.mpc.pr.gov.br\/index.php\/procurador-geral-debate-com-promotores-de-justica-recomendacao-do-cnmp-sobre-gastos-com-saude\/#article","isPartOf":{"@id":"https:\/\/www.mpc.pr.gov.br\/index.php\/procurador-geral-debate-com-promotores-de-justica-recomendacao-do-cnmp-sobre-gastos-com-saude\/"},"author":{"name":"saulo.pivetta","@id":"https:\/\/www.mpc.pr.gov.br\/#\/schema\/person\/9403b33fe345ff50fefc7930f6994ba1"},"headline":"Procurador-Geral debate com Promotores de Justi\u00e7a recomenda\u00e7\u00e3o do CNMP sobre gastos com sa\u00fade","datePublished":"2017-05-17T13:05:55+00:00","mainEntityOfPage":{"@id":"https:\/\/www.mpc.pr.gov.br\/index.php\/procurador-geral-debate-com-promotores-de-justica-recomendacao-do-cnmp-sobre-gastos-com-saude\/"},"wordCount":282,"commentCount":0,"publisher":{"@id":"https:\/\/www.mpc.pr.gov.br\/#organization"},"image":{"@id":"https:\/\/www.mpc.pr.gov.br\/index.php\/procurador-geral-debate-com-promotores-de-justica-recomendacao-do-cnmp-sobre-gastos-com-saude\/#primaryimage"},"thumbnailUrl":"","articleSection":["Not\u00edcias de Interesse","Todas as not\u00edcias","\u00daltimas not\u00edcias"],"inLanguage":"pt-BR","potentialAction":[{"@type":"CommentAction","name":"Comment","target":["https:\/\/www.mpc.pr.gov.br\/index.php\/procurador-geral-debate-com-promotores-de-justica-recomendacao-do-cnmp-sobre-gastos-com-saude\/#respond"]}]},{"@type":"WebPage","@id":"https:\/\/www.mpc.pr.gov.br\/index.php\/procurador-geral-debate-com-promotores-de-justica-recomendacao-do-cnmp-sobre-gastos-com-saude\/","url":"https:\/\/www.mpc.pr.gov.br\/index.php\/procurador-geral-debate-com-promotores-de-justica-recomendacao-do-cnmp-sobre-gastos-com-saude\/","name":"Procurador-Geral debate com Promotores de Justi\u00e7a recomenda\u00e7\u00e3o do CNMP sobre gastos com sa\u00fade - Minist\u00e9rio P\u00fablico de Contas do Estado do Paran\u00e1","isPartOf":{"@id":"https:\/\/www.mpc.pr.gov.br\/#website"},"primaryImageOfPage":{"@id":"https:\/\/www.mpc.pr.gov.br\/index.php\/procurador-geral-debate-com-promotores-de-justica-recomendacao-do-cnmp-sobre-gastos-com-saude\/#primaryimage"},"image":{"@id":"https:\/\/www.mpc.pr.gov.br\/index.php\/procurador-geral-debate-com-promotores-de-justica-recomendacao-do-cnmp-sobre-gastos-com-saude\/#primaryimage"},"thumbnailUrl":"","datePublished":"2017-05-17T13:05:55+00:00","breadcrumb":{"@id":"https:\/\/www.mpc.pr.gov.br\/index.php\/procurador-geral-debate-com-promotores-de-justica-recomendacao-do-cnmp-sobre-gastos-com-saude\/#breadcrumb"},"inLanguage":"pt-BR","potentialAction":[{"@type":"ReadAction","target":["https:\/\/www.mpc.pr.gov.br\/index.php\/procurador-geral-debate-com-promotores-de-justica-recomendacao-do-cnmp-sobre-gastos-com-saude\/"]}]},{"@type":"ImageObject","inLanguage":"pt-BR","@id":"https:\/\/www.mpc.pr.gov.br\/index.php\/procurador-geral-debate-com-promotores-de-justica-recomendacao-do-cnmp-sobre-gastos-com-saude\/#primaryimage","url":"","contentUrl":""},{"@type":"BreadcrumbList","@id":"https:\/\/www.mpc.pr.gov.br\/index.php\/procurador-geral-debate-com-promotores-de-justica-recomendacao-do-cnmp-sobre-gastos-com-saude\/#breadcrumb","itemListElement":[{"@type":"ListItem","position":1,"name":"In\u00edcio","item":"https:\/\/www.mpc.pr.gov.br\/"},{"@type":"ListItem","position":2,"name":"Procurador-Geral debate com Promotores de Justi\u00e7a recomenda\u00e7\u00e3o do CNMP sobre gastos com sa\u00fade"}]},{"@type":"WebSite","@id":"https:\/\/www.mpc.pr.gov.br\/#website","url":"https:\/\/www.mpc.pr.gov.br\/","name":"Minist\u00e9rio P\u00fablico de Contas do Estado do Paran\u00e1","description":"","publisher":{"@id":"https:\/\/www.mpc.pr.gov.br\/#organization"},"potentialAction":[{"@type":"SearchAction","target":{"@type":"EntryPoint","urlTemplate":"https:\/\/www.mpc.pr.gov.br\/?s={search_term_string}"},"query-input":{"@type":"PropertyValueSpecification","valueRequired":true,"valueName":"search_term_string"}}],"inLanguage":"pt-BR"},{"@type":"Organization","@id":"https:\/\/www.mpc.pr.gov.br\/#organization","name":"Minist\u00e9rio P\u00fablico de Contas do Estado do Paran\u00e1","url":"https:\/\/www.mpc.pr.gov.br\/","logo":{"@type":"ImageObject","inLanguage":"pt-BR","@id":"https:\/\/www.mpc.pr.gov.br\/#\/schema\/logo\/image\/","url":"https:\/\/www.mpc.pr.gov.br\/wp-content\/uploads\/2020\/06\/99423647_1593460364143890_6706793420720963584_n-1-e1591387983167.png","contentUrl":"https:\/\/www.mpc.pr.gov.br\/wp-content\/uploads\/2020\/06\/99423647_1593460364143890_6706793420720963584_n-1-e1591387983167.png","width":243,"height":73,"caption":"Minist\u00e9rio P\u00fablico de Contas do Estado do Paran\u00e1"},"image":{"@id":"https:\/\/www.mpc.pr.gov.br\/#\/schema\/logo\/image\/"},"sameAs":["https:\/\/www.facebook.com\/mpc.pr","https:\/\/www.instagram.com\/mpc.pr\/?hl=pt-br","https:\/\/www.youtube.com\/channel\/UCHri5oEM8DV0ztX57E0sBSw"]},{"@type":"Person","@id":"https:\/\/www.mpc.pr.gov.br\/#\/schema\/person\/9403b33fe345ff50fefc7930f6994ba1","name":"saulo.pivetta","image":{"@type":"ImageObject","inLanguage":"pt-BR","@id":"https:\/\/secure.gravatar.com\/avatar\/?s=96&d=mm&r=g","url":"https:\/\/secure.gravatar.com\/avatar\/?s=96&d=mm&r=g","contentUrl":"https:\/\/secure.gravatar.com\/avatar\/?s=96&d=mm&r=g","caption":"saulo.pivetta"}}]}},"rttpg_featured_image_url":null,"rttpg_author":{"display_name":"saulo.pivetta","author_link":"https:\/\/www.mpc.pr.gov.br\/index.php\/author\/saulo-pivetta\/"},"rttpg_comment":0,"rttpg_category":"<a href=\"https:\/\/www.mpc.pr.gov.br\/index.php\/category\/noticias-de-interesse\/\" rel=\"category tag\">Not\u00edcias de Interesse<\/a> <a href=\"https:\/\/www.mpc.pr.gov.br\/index.php\/category\/todas-as-noticias\/\" rel=\"category tag\">Todas as not\u00edcias<\/a> <a href=\"https:\/\/www.mpc.pr.gov.br\/index.php\/category\/ultimas-noticias\/\" rel=\"category tag\">\u00daltimas not\u00edcias<\/a>","rttpg_excerpt":"No \u00faltimo dia 16 de maio o Procurador-Geral do MP de Contas do Paran\u00e1, Dr. Fl\u00e1vio de Azambuja Berti, esteve em reuni\u00e3o com o Procurador de Justi\u00e7a Dr. Marco Antonio Teixeira, Coordenador do Centro de Apoio Operacional das Promotorias de\u00a0Prote\u00e7\u00e3o \u00e0 Sa\u00fade, e com a Promotora de Justi\u00e7a Dra. Maria Cec\u00edlia Delisi Rosa Pereira, integrante&hellip;","_links":{"self":[{"href":"https:\/\/www.mpc.pr.gov.br\/index.php\/wp-json\/wp\/v2\/posts\/4808","targetHints":{"allow":["GET"]}}],"collection":[{"href":"https:\/\/www.mpc.pr.gov.br\/index.php\/wp-json\/wp\/v2\/posts"}],"about":[{"href":"https:\/\/www.mpc.pr.gov.br\/index.php\/wp-json\/wp\/v2\/types\/post"}],"author":[{"embeddable":true,"href":"https:\/\/www.mpc.pr.gov.br\/index.php\/wp-json\/wp\/v2\/users\/2"}],"replies":[{"embeddable":true,"href":"https:\/\/www.mpc.pr.gov.br\/index.php\/wp-json\/wp\/v2\/comments?post=4808"}],"version-history":[{"count":0,"href":"https:\/\/www.mpc.pr.gov.br\/index.php\/wp-json\/wp\/v2\/posts\/4808\/revisions"}],"wp:featuredmedia":[{"embeddable":true,"href":"https:\/\/www.mpc.pr.gov.br\/index.php\/wp-json\/"}],"wp:attachment":[{"href":"https:\/\/www.mpc.pr.gov.br\/index.php\/wp-json\/wp\/v2\/media?parent=4808"}],"wp:term":[{"taxonomy":"category","embeddable":true,"href":"https:\/\/www.mpc.pr.gov.br\/index.php\/wp-json\/wp\/v2\/categories?post=4808"},{"taxonomy":"post_tag","embeddable":true,"href":"https:\/\/www.mpc.pr.gov.br\/index.php\/wp-json\/wp\/v2\/tags?post=4808"}],"curies":[{"name":"wp","href":"https:\/\/api.w.org\/{rel}","templated":true}]}}