{"id":4854,"date":"2017-05-26T10:32:38","date_gmt":"2017-05-26T13:32:38","guid":{"rendered":"http:\/\/www.mpc.pr.gov.br\/?p=4854"},"modified":"2017-05-26T10:32:38","modified_gmt":"2017-05-26T13:32:38","slug":"mp-de-contas-questiona-decisao-de-tce-pr-que-julgou-regulares-as-contas-de-guarapuava","status":"publish","type":"post","link":"https:\/\/www.mpc.pr.gov.br\/index.php\/mp-de-contas-questiona-decisao-de-tce-pr-que-julgou-regulares-as-contas-de-guarapuava\/","title":{"rendered":"MP de Contas questiona decis\u00e3o de TCE-PR que julgou regulares as contas de Guarapuava"},"content":{"rendered":"<p>O Minist\u00e9rio P\u00fablico de Contas interp\u00f4s Recurso de Revista questionando decis\u00e3o do Tribunal de Contas do Estado do Paran\u00e1 (TCE-PR) que julgou regulares as contas do munic\u00edpio de Guarapuava, referentes ao exerc\u00edcio de 2008.<\/p>\n<p>O MP de Contas, em conformidade com a unidade t\u00e9cnica,\u00a0manifestou-se pela irregularidade das contas em raz\u00e3o da aus\u00eancia de reten\u00e7\u00e3o das contribui\u00e7\u00f5es previdenci\u00e1rias dos agentes pol\u00edticos ao INSS, pelo fato de que as despesas com publicidade no ano eleitoral excederam em muito \u00e0 m\u00e9dia dos \u00faltimos tr\u00eas anos e pelo ac\u00famulo de cargos do Vice-Prefeito, Sr. Jorge Luis Massaro, que exercia tamb\u00e9m a fun\u00e7\u00e3o de m\u00e9dico junto ao Estado.<\/p>\n<p>Por\u00e9m, em julgamento na Segunda C\u00e2mara, o Conselheiro Ivan Lelis Bonilha prop\u00f4s a invers\u00e3o do \u00f4nus probat\u00f3rio, estabelecendo que compete \u00e0 unidade t\u00e9cnica fazer a an\u00e1lise individual do teor dos gastos para verificar a ocorr\u00eancia de interesse social das despesas. O voto foi acolhido pelos de mais julgadores.<\/p>\n<p>A 5. Procuradoria de Contas, no entanto, aponta uma discrep\u00e2ncia com o entendimento prevalecente, pois a Diretoria de Contas Municipais, desde suas primeiras manifesta\u00e7\u00f5es, apontou que cabe ao gestor municipal respons\u00e1vel encaminhar documentos ou esclarecimentos imprescind\u00edveis ao saneamento da impropriedade e n\u00e3o \u00e0 unidade t\u00e9cnica.<\/p>\n<p>Al\u00e9m disso, na primeira Instru\u00e7\u00e3o a unidade t\u00e9cnica j\u00e1 havia indicado que havia um gasto acima do permitido que, de acordo com o artigo 73, VII, da Lei n\u00ba 9.504\/97, veda aos agentes p\u00fablicos a realiza\u00e7\u00e3o de despesas com publicidade que excedam a m\u00e9dia dos gastos nos tr\u00eas anos anteriores ao do pleito ou no \u00faltimo ano imediatamente anterior \u00e0 elei\u00e7\u00e3o. Os c\u00e1lculos demonstraram que a m\u00e9dia dos gastos dos \u00faltimos tr\u00eas anos foi de R$ 682.208,64, enquanto que os gastos do exerc\u00edcio de 2008 perfizeram R$ 1.780.853,64.<\/p>\n<p>Os interessados se manifestaram pela regulariza\u00e7\u00e3o desse item, justificando que as publicidades tiveram natureza informativa, educacional e social. Por\u00e9m, mesmo feito o rec\u00e1lculo, excluindo essas despesas de car\u00e1ter institucional,\u00a0os valores obtidos foram de R$421.539,71 e R$1.596.818,73 respectivamente, sendo este \u00faltimo valor R$ 1.175.279,02 superior \u00e0 m\u00e9dia dos tr\u00eas \u00faltimos anos com propaganda institucional, mantendo-se assim as irregularidades.<\/p>\n<p>Vale ressaltar que em caso semelhante, julgado no \u00faltimo dia 19, o Pleno acatou o recurso do MP de Contas sobre as irregularidades das contas do munic\u00edpio de Jacarezinho, no qual o relator do processo, conselheiro Fabio Camargo, destacou que os gastos com publicidade no ano eleitoral foram cerca de 96% superiores \u00e0 m\u00e9dia dos gastos nos tr\u00eas anos anteriores. E enfatizou que n\u00e3o h\u00e1 como desconsiderar o significativo acr\u00e9scimo de R$ 57.291,86 na publicidade em ano eleitoral \u2013 bastante inferior ao de Guarapuava que foi de R$ 1.175.279,02 &#8211; pois esse valor supera, em muito, as despesas de R$ 35.270,00 declaradas pela campanha da ent\u00e3o prefeita \u00e0 Justi\u00e7a Eleitoral.<\/p>\n<p>Quanto \u00e0 quest\u00e3o da falta de reten\u00e7\u00e3o das contribui\u00e7\u00f5es dos agentes p\u00fablicos ao INSS, o MP de Contas tamb\u00e9m pede revis\u00e3o, uma vez que nenhum dos documentos apresentados comprova os devidos recolhimentos no exerc\u00edcio de 2008, a despeito das alega\u00e7\u00f5es de que o Prefeito e o Vice-Prefeito contribu\u00edram pelo valor do teto previdenci\u00e1rio ao INSS em fun\u00e7\u00e3o de atividades empresariais. Al\u00e9m disso, os documentos encaminhados pelo Sr. Massaro comprovam justamente que ele n\u00e3o realizou recolhimento ao INSS no exerc\u00edcio de 2008.<\/p>\n<p>Outro ponto de desacordo \u00e9 referente ao ac\u00famulo de cargos, tamb\u00e9m envolvendo o Sr. Massaro. Baseando-se nos termos j\u00e1 definidos pelo Supremo Tribunal Federal (STF), em A\u00e7\u00e3o Direta de Inconstitucionalidade (ADI 199\/PE), a regra do artigo 38, II, da CF\/88 \u00e9 extens\u00edvel ao Vice-Prefeito, comprovando que a conduta do Sr. Massaro, de se manter no exerc\u00edcio de seu cargo de M\u00e9dico percebendo as duas remunera\u00e7\u00f5es atentou contra o texto constitucional, motivo pelo qual n\u00e3o se mostra adequada a mera convers\u00e3o em ressalva, pois se percebe no caso um dano ao er\u00e1rio.<\/p>\n<p>Dessa forma, al\u00e9m da revis\u00e3o dos itens j\u00e1 expostos, o MP de Contas tamb\u00e9m solicita a instaura\u00e7\u00e3o de Tomada de Contas Extraordin\u00e1ria e encaminhamento de c\u00f3pias ao Minist\u00e9rio P\u00fablico Estadual.<\/p>\n<p>Para acessar o Recurso de Revista na \u00edntegra, <a href=\"http:\/\/www.mpc.pr.gov.br\/wp-content\/uploads\/2017\/05\/Recurso-de-Revista-Guarapuava.pdf\">clique aqui<\/a>.<\/p>\n","protected":false},"excerpt":{"rendered":"<p>O Minist\u00e9rio P\u00fablico de Contas interp\u00f4s Recurso de Revista questionando decis\u00e3o do Tribunal de Contas do Estado do Paran\u00e1 (TCE-PR) que julgou regulares as contas do munic\u00edpio de Guarapuava, referentes ao exerc\u00edcio de 2008. O MP de Contas, em conformidade com a unidade t\u00e9cnica,\u00a0manifestou-se pela irregularidade das contas em raz\u00e3o da aus\u00eancia de reten\u00e7\u00e3o das [&hellip;]<\/p>\n","protected":false},"author":5,"featured_media":4856,"comment_status":"open","ping_status":"open","sticky":false,"template":"","format":"standard","meta":{"_monsterinsights_skip_tracking":false,"_monsterinsights_sitenote_active":false,"_monsterinsights_sitenote_note":"","_monsterinsights_sitenote_category":0,"footnotes":""},"categories":[7,14],"tags":[],"class_list":["post-4854","post","type-post","status-publish","format-standard","has-post-thumbnail","hentry","category-todas-as-noticias","category-ultimas-noticias","entry","has-media"],"yoast_head":"<!-- This site is optimized with the Yoast SEO plugin v27.3 - https:\/\/yoast.com\/product\/yoast-seo-wordpress\/ -->\n<title>MP de Contas questiona decis\u00e3o de TCE-PR que julgou regulares as contas de Guarapuava - Minist\u00e9rio P\u00fablico de Contas do Estado do Paran\u00e1<\/title>\n<meta name=\"robots\" content=\"index, follow, max-snippet:-1, max-image-preview:large, max-video-preview:-1\" \/>\n<link rel=\"canonical\" href=\"https:\/\/www.mpc.pr.gov.br\/index.php\/mp-de-contas-questiona-decisao-de-tce-pr-que-julgou-regulares-as-contas-de-guarapuava\/\" \/>\n<meta property=\"og:locale\" content=\"pt_BR\" \/>\n<meta property=\"og:type\" content=\"article\" \/>\n<meta property=\"og:title\" content=\"MP de Contas questiona decis\u00e3o de TCE-PR que julgou regulares as contas de Guarapuava - Minist\u00e9rio P\u00fablico de Contas do Estado do Paran\u00e1\" \/>\n<meta property=\"og:description\" content=\"O Minist\u00e9rio P\u00fablico de Contas interp\u00f4s Recurso de Revista questionando decis\u00e3o do Tribunal de Contas do Estado do Paran\u00e1 (TCE-PR) que julgou regulares as contas do munic\u00edpio de Guarapuava, referentes ao exerc\u00edcio de 2008. O MP de Contas, em conformidade com a unidade t\u00e9cnica,\u00a0manifestou-se pela irregularidade das contas em raz\u00e3o da aus\u00eancia de reten\u00e7\u00e3o das [&hellip;]\" \/>\n<meta property=\"og:url\" content=\"https:\/\/www.mpc.pr.gov.br\/index.php\/mp-de-contas-questiona-decisao-de-tce-pr-que-julgou-regulares-as-contas-de-guarapuava\/\" \/>\n<meta property=\"og:site_name\" content=\"Minist\u00e9rio P\u00fablico de Contas do Estado do Paran\u00e1\" \/>\n<meta property=\"article:publisher\" content=\"https:\/\/www.facebook.com\/mpc.pr\" \/>\n<meta property=\"article:published_time\" content=\"2017-05-26T13:32:38+00:00\" \/>\n<meta name=\"author\" content=\"giovanna.faria\" \/>\n<meta name=\"twitter:card\" content=\"summary_large_image\" \/>\n<meta name=\"twitter:label1\" content=\"Escrito por\" \/>\n\t<meta name=\"twitter:data1\" content=\"giovanna.faria\" \/>\n\t<meta name=\"twitter:label2\" content=\"Est. tempo de leitura\" \/>\n\t<meta name=\"twitter:data2\" content=\"4 minutos\" \/>\n<script type=\"application\/ld+json\" class=\"yoast-schema-graph\">{\"@context\":\"https:\\\/\\\/schema.org\",\"@graph\":[{\"@type\":\"Article\",\"@id\":\"https:\\\/\\\/www.mpc.pr.gov.br\\\/index.php\\\/mp-de-contas-questiona-decisao-de-tce-pr-que-julgou-regulares-as-contas-de-guarapuava\\\/#article\",\"isPartOf\":{\"@id\":\"https:\\\/\\\/www.mpc.pr.gov.br\\\/index.php\\\/mp-de-contas-questiona-decisao-de-tce-pr-que-julgou-regulares-as-contas-de-guarapuava\\\/\"},\"author\":{\"name\":\"giovanna.faria\",\"@id\":\"https:\\\/\\\/www.mpc.pr.gov.br\\\/#\\\/schema\\\/person\\\/d0c5cf9ebb4d8be833c419f3538cf751\"},\"headline\":\"MP de Contas questiona decis\u00e3o de TCE-PR que julgou regulares as contas de Guarapuava\",\"datePublished\":\"2017-05-26T13:32:38+00:00\",\"mainEntityOfPage\":{\"@id\":\"https:\\\/\\\/www.mpc.pr.gov.br\\\/index.php\\\/mp-de-contas-questiona-decisao-de-tce-pr-que-julgou-regulares-as-contas-de-guarapuava\\\/\"},\"wordCount\":743,\"commentCount\":0,\"publisher\":{\"@id\":\"https:\\\/\\\/www.mpc.pr.gov.br\\\/#organization\"},\"image\":{\"@id\":\"https:\\\/\\\/www.mpc.pr.gov.br\\\/index.php\\\/mp-de-contas-questiona-decisao-de-tce-pr-que-julgou-regulares-as-contas-de-guarapuava\\\/#primaryimage\"},\"thumbnailUrl\":\"\",\"articleSection\":[\"Todas as not\u00edcias\",\"\u00daltimas not\u00edcias\"],\"inLanguage\":\"pt-BR\",\"potentialAction\":[{\"@type\":\"CommentAction\",\"name\":\"Comment\",\"target\":[\"https:\\\/\\\/www.mpc.pr.gov.br\\\/index.php\\\/mp-de-contas-questiona-decisao-de-tce-pr-que-julgou-regulares-as-contas-de-guarapuava\\\/#respond\"]}]},{\"@type\":\"WebPage\",\"@id\":\"https:\\\/\\\/www.mpc.pr.gov.br\\\/index.php\\\/mp-de-contas-questiona-decisao-de-tce-pr-que-julgou-regulares-as-contas-de-guarapuava\\\/\",\"url\":\"https:\\\/\\\/www.mpc.pr.gov.br\\\/index.php\\\/mp-de-contas-questiona-decisao-de-tce-pr-que-julgou-regulares-as-contas-de-guarapuava\\\/\",\"name\":\"MP de Contas questiona decis\u00e3o de TCE-PR que julgou regulares as contas de Guarapuava - Minist\u00e9rio P\u00fablico de Contas do Estado do Paran\u00e1\",\"isPartOf\":{\"@id\":\"https:\\\/\\\/www.mpc.pr.gov.br\\\/#website\"},\"primaryImageOfPage\":{\"@id\":\"https:\\\/\\\/www.mpc.pr.gov.br\\\/index.php\\\/mp-de-contas-questiona-decisao-de-tce-pr-que-julgou-regulares-as-contas-de-guarapuava\\\/#primaryimage\"},\"image\":{\"@id\":\"https:\\\/\\\/www.mpc.pr.gov.br\\\/index.php\\\/mp-de-contas-questiona-decisao-de-tce-pr-que-julgou-regulares-as-contas-de-guarapuava\\\/#primaryimage\"},\"thumbnailUrl\":\"\",\"datePublished\":\"2017-05-26T13:32:38+00:00\",\"breadcrumb\":{\"@id\":\"https:\\\/\\\/www.mpc.pr.gov.br\\\/index.php\\\/mp-de-contas-questiona-decisao-de-tce-pr-que-julgou-regulares-as-contas-de-guarapuava\\\/#breadcrumb\"},\"inLanguage\":\"pt-BR\",\"potentialAction\":[{\"@type\":\"ReadAction\",\"target\":[\"https:\\\/\\\/www.mpc.pr.gov.br\\\/index.php\\\/mp-de-contas-questiona-decisao-de-tce-pr-que-julgou-regulares-as-contas-de-guarapuava\\\/\"]}]},{\"@type\":\"ImageObject\",\"inLanguage\":\"pt-BR\",\"@id\":\"https:\\\/\\\/www.mpc.pr.gov.br\\\/index.php\\\/mp-de-contas-questiona-decisao-de-tce-pr-que-julgou-regulares-as-contas-de-guarapuava\\\/#primaryimage\",\"url\":\"\",\"contentUrl\":\"\"},{\"@type\":\"BreadcrumbList\",\"@id\":\"https:\\\/\\\/www.mpc.pr.gov.br\\\/index.php\\\/mp-de-contas-questiona-decisao-de-tce-pr-que-julgou-regulares-as-contas-de-guarapuava\\\/#breadcrumb\",\"itemListElement\":[{\"@type\":\"ListItem\",\"position\":1,\"name\":\"In\u00edcio\",\"item\":\"https:\\\/\\\/www.mpc.pr.gov.br\\\/\"},{\"@type\":\"ListItem\",\"position\":2,\"name\":\"MP de Contas questiona decis\u00e3o de TCE-PR que julgou regulares as contas de Guarapuava\"}]},{\"@type\":\"WebSite\",\"@id\":\"https:\\\/\\\/www.mpc.pr.gov.br\\\/#website\",\"url\":\"https:\\\/\\\/www.mpc.pr.gov.br\\\/\",\"name\":\"Minist\u00e9rio P\u00fablico de Contas do Estado do Paran\u00e1\",\"description\":\"\",\"publisher\":{\"@id\":\"https:\\\/\\\/www.mpc.pr.gov.br\\\/#organization\"},\"potentialAction\":[{\"@type\":\"SearchAction\",\"target\":{\"@type\":\"EntryPoint\",\"urlTemplate\":\"https:\\\/\\\/www.mpc.pr.gov.br\\\/?s={search_term_string}\"},\"query-input\":{\"@type\":\"PropertyValueSpecification\",\"valueRequired\":true,\"valueName\":\"search_term_string\"}}],\"inLanguage\":\"pt-BR\"},{\"@type\":\"Organization\",\"@id\":\"https:\\\/\\\/www.mpc.pr.gov.br\\\/#organization\",\"name\":\"Minist\u00e9rio P\u00fablico de Contas do Estado do Paran\u00e1\",\"url\":\"https:\\\/\\\/www.mpc.pr.gov.br\\\/\",\"logo\":{\"@type\":\"ImageObject\",\"inLanguage\":\"pt-BR\",\"@id\":\"https:\\\/\\\/www.mpc.pr.gov.br\\\/#\\\/schema\\\/logo\\\/image\\\/\",\"url\":\"https:\\\/\\\/www.mpc.pr.gov.br\\\/wp-content\\\/uploads\\\/2020\\\/06\\\/99423647_1593460364143890_6706793420720963584_n-1-e1591387983167.png\",\"contentUrl\":\"https:\\\/\\\/www.mpc.pr.gov.br\\\/wp-content\\\/uploads\\\/2020\\\/06\\\/99423647_1593460364143890_6706793420720963584_n-1-e1591387983167.png\",\"width\":243,\"height\":73,\"caption\":\"Minist\u00e9rio P\u00fablico de Contas do Estado do Paran\u00e1\"},\"image\":{\"@id\":\"https:\\\/\\\/www.mpc.pr.gov.br\\\/#\\\/schema\\\/logo\\\/image\\\/\"},\"sameAs\":[\"https:\\\/\\\/www.facebook.com\\\/mpc.pr\",\"https:\\\/\\\/www.instagram.com\\\/mpc.pr\\\/?hl=pt-br\",\"https:\\\/\\\/www.youtube.com\\\/channel\\\/UCHri5oEM8DV0ztX57E0sBSw\"]},{\"@type\":\"Person\",\"@id\":\"https:\\\/\\\/www.mpc.pr.gov.br\\\/#\\\/schema\\\/person\\\/d0c5cf9ebb4d8be833c419f3538cf751\",\"name\":\"giovanna.faria\",\"image\":{\"@type\":\"ImageObject\",\"inLanguage\":\"pt-BR\",\"@id\":\"https:\\\/\\\/secure.gravatar.com\\\/avatar\\\/?s=96&d=mm&r=g\",\"url\":\"https:\\\/\\\/secure.gravatar.com\\\/avatar\\\/?s=96&d=mm&r=g\",\"contentUrl\":\"https:\\\/\\\/secure.gravatar.com\\\/avatar\\\/?s=96&d=mm&r=g\",\"caption\":\"giovanna.faria\"}}]}<\/script>\n<!-- \/ Yoast SEO plugin. -->","yoast_head_json":{"title":"MP de Contas questiona decis\u00e3o de TCE-PR que julgou regulares as contas de Guarapuava - Minist\u00e9rio P\u00fablico de Contas do Estado do Paran\u00e1","robots":{"index":"index","follow":"follow","max-snippet":"max-snippet:-1","max-image-preview":"max-image-preview:large","max-video-preview":"max-video-preview:-1"},"canonical":"https:\/\/www.mpc.pr.gov.br\/index.php\/mp-de-contas-questiona-decisao-de-tce-pr-que-julgou-regulares-as-contas-de-guarapuava\/","og_locale":"pt_BR","og_type":"article","og_title":"MP de Contas questiona decis\u00e3o de TCE-PR que julgou regulares as contas de Guarapuava - Minist\u00e9rio P\u00fablico de Contas do Estado do Paran\u00e1","og_description":"O Minist\u00e9rio P\u00fablico de Contas interp\u00f4s Recurso de Revista questionando decis\u00e3o do Tribunal de Contas do Estado do Paran\u00e1 (TCE-PR) que julgou regulares as contas do munic\u00edpio de Guarapuava, referentes ao exerc\u00edcio de 2008. O MP de Contas, em conformidade com a unidade t\u00e9cnica,\u00a0manifestou-se pela irregularidade das contas em raz\u00e3o da aus\u00eancia de reten\u00e7\u00e3o das [&hellip;]","og_url":"https:\/\/www.mpc.pr.gov.br\/index.php\/mp-de-contas-questiona-decisao-de-tce-pr-que-julgou-regulares-as-contas-de-guarapuava\/","og_site_name":"Minist\u00e9rio P\u00fablico de Contas do Estado do Paran\u00e1","article_publisher":"https:\/\/www.facebook.com\/mpc.pr","article_published_time":"2017-05-26T13:32:38+00:00","author":"giovanna.faria","twitter_card":"summary_large_image","twitter_misc":{"Escrito por":"giovanna.faria","Est. tempo de leitura":"4 minutos"},"schema":{"@context":"https:\/\/schema.org","@graph":[{"@type":"Article","@id":"https:\/\/www.mpc.pr.gov.br\/index.php\/mp-de-contas-questiona-decisao-de-tce-pr-que-julgou-regulares-as-contas-de-guarapuava\/#article","isPartOf":{"@id":"https:\/\/www.mpc.pr.gov.br\/index.php\/mp-de-contas-questiona-decisao-de-tce-pr-que-julgou-regulares-as-contas-de-guarapuava\/"},"author":{"name":"giovanna.faria","@id":"https:\/\/www.mpc.pr.gov.br\/#\/schema\/person\/d0c5cf9ebb4d8be833c419f3538cf751"},"headline":"MP de Contas questiona decis\u00e3o de TCE-PR que julgou regulares as contas de Guarapuava","datePublished":"2017-05-26T13:32:38+00:00","mainEntityOfPage":{"@id":"https:\/\/www.mpc.pr.gov.br\/index.php\/mp-de-contas-questiona-decisao-de-tce-pr-que-julgou-regulares-as-contas-de-guarapuava\/"},"wordCount":743,"commentCount":0,"publisher":{"@id":"https:\/\/www.mpc.pr.gov.br\/#organization"},"image":{"@id":"https:\/\/www.mpc.pr.gov.br\/index.php\/mp-de-contas-questiona-decisao-de-tce-pr-que-julgou-regulares-as-contas-de-guarapuava\/#primaryimage"},"thumbnailUrl":"","articleSection":["Todas as not\u00edcias","\u00daltimas not\u00edcias"],"inLanguage":"pt-BR","potentialAction":[{"@type":"CommentAction","name":"Comment","target":["https:\/\/www.mpc.pr.gov.br\/index.php\/mp-de-contas-questiona-decisao-de-tce-pr-que-julgou-regulares-as-contas-de-guarapuava\/#respond"]}]},{"@type":"WebPage","@id":"https:\/\/www.mpc.pr.gov.br\/index.php\/mp-de-contas-questiona-decisao-de-tce-pr-que-julgou-regulares-as-contas-de-guarapuava\/","url":"https:\/\/www.mpc.pr.gov.br\/index.php\/mp-de-contas-questiona-decisao-de-tce-pr-que-julgou-regulares-as-contas-de-guarapuava\/","name":"MP de Contas questiona decis\u00e3o de TCE-PR que julgou regulares as contas de Guarapuava - Minist\u00e9rio P\u00fablico de Contas do Estado do Paran\u00e1","isPartOf":{"@id":"https:\/\/www.mpc.pr.gov.br\/#website"},"primaryImageOfPage":{"@id":"https:\/\/www.mpc.pr.gov.br\/index.php\/mp-de-contas-questiona-decisao-de-tce-pr-que-julgou-regulares-as-contas-de-guarapuava\/#primaryimage"},"image":{"@id":"https:\/\/www.mpc.pr.gov.br\/index.php\/mp-de-contas-questiona-decisao-de-tce-pr-que-julgou-regulares-as-contas-de-guarapuava\/#primaryimage"},"thumbnailUrl":"","datePublished":"2017-05-26T13:32:38+00:00","breadcrumb":{"@id":"https:\/\/www.mpc.pr.gov.br\/index.php\/mp-de-contas-questiona-decisao-de-tce-pr-que-julgou-regulares-as-contas-de-guarapuava\/#breadcrumb"},"inLanguage":"pt-BR","potentialAction":[{"@type":"ReadAction","target":["https:\/\/www.mpc.pr.gov.br\/index.php\/mp-de-contas-questiona-decisao-de-tce-pr-que-julgou-regulares-as-contas-de-guarapuava\/"]}]},{"@type":"ImageObject","inLanguage":"pt-BR","@id":"https:\/\/www.mpc.pr.gov.br\/index.php\/mp-de-contas-questiona-decisao-de-tce-pr-que-julgou-regulares-as-contas-de-guarapuava\/#primaryimage","url":"","contentUrl":""},{"@type":"BreadcrumbList","@id":"https:\/\/www.mpc.pr.gov.br\/index.php\/mp-de-contas-questiona-decisao-de-tce-pr-que-julgou-regulares-as-contas-de-guarapuava\/#breadcrumb","itemListElement":[{"@type":"ListItem","position":1,"name":"In\u00edcio","item":"https:\/\/www.mpc.pr.gov.br\/"},{"@type":"ListItem","position":2,"name":"MP de Contas questiona decis\u00e3o de TCE-PR que julgou regulares as contas de Guarapuava"}]},{"@type":"WebSite","@id":"https:\/\/www.mpc.pr.gov.br\/#website","url":"https:\/\/www.mpc.pr.gov.br\/","name":"Minist\u00e9rio P\u00fablico de Contas do Estado do Paran\u00e1","description":"","publisher":{"@id":"https:\/\/www.mpc.pr.gov.br\/#organization"},"potentialAction":[{"@type":"SearchAction","target":{"@type":"EntryPoint","urlTemplate":"https:\/\/www.mpc.pr.gov.br\/?s={search_term_string}"},"query-input":{"@type":"PropertyValueSpecification","valueRequired":true,"valueName":"search_term_string"}}],"inLanguage":"pt-BR"},{"@type":"Organization","@id":"https:\/\/www.mpc.pr.gov.br\/#organization","name":"Minist\u00e9rio P\u00fablico de Contas do Estado do Paran\u00e1","url":"https:\/\/www.mpc.pr.gov.br\/","logo":{"@type":"ImageObject","inLanguage":"pt-BR","@id":"https:\/\/www.mpc.pr.gov.br\/#\/schema\/logo\/image\/","url":"https:\/\/www.mpc.pr.gov.br\/wp-content\/uploads\/2020\/06\/99423647_1593460364143890_6706793420720963584_n-1-e1591387983167.png","contentUrl":"https:\/\/www.mpc.pr.gov.br\/wp-content\/uploads\/2020\/06\/99423647_1593460364143890_6706793420720963584_n-1-e1591387983167.png","width":243,"height":73,"caption":"Minist\u00e9rio P\u00fablico de Contas do Estado do Paran\u00e1"},"image":{"@id":"https:\/\/www.mpc.pr.gov.br\/#\/schema\/logo\/image\/"},"sameAs":["https:\/\/www.facebook.com\/mpc.pr","https:\/\/www.instagram.com\/mpc.pr\/?hl=pt-br","https:\/\/www.youtube.com\/channel\/UCHri5oEM8DV0ztX57E0sBSw"]},{"@type":"Person","@id":"https:\/\/www.mpc.pr.gov.br\/#\/schema\/person\/d0c5cf9ebb4d8be833c419f3538cf751","name":"giovanna.faria","image":{"@type":"ImageObject","inLanguage":"pt-BR","@id":"https:\/\/secure.gravatar.com\/avatar\/?s=96&d=mm&r=g","url":"https:\/\/secure.gravatar.com\/avatar\/?s=96&d=mm&r=g","contentUrl":"https:\/\/secure.gravatar.com\/avatar\/?s=96&d=mm&r=g","caption":"giovanna.faria"}}]}},"rttpg_featured_image_url":null,"rttpg_author":{"display_name":"giovanna.faria","author_link":"https:\/\/www.mpc.pr.gov.br\/index.php\/author\/giovanna-faria\/"},"rttpg_comment":0,"rttpg_category":"<a href=\"https:\/\/www.mpc.pr.gov.br\/index.php\/category\/todas-as-noticias\/\" rel=\"category tag\">Todas as not\u00edcias<\/a> <a href=\"https:\/\/www.mpc.pr.gov.br\/index.php\/category\/ultimas-noticias\/\" rel=\"category tag\">\u00daltimas not\u00edcias<\/a>","rttpg_excerpt":"O Minist\u00e9rio P\u00fablico de Contas interp\u00f4s Recurso de Revista questionando decis\u00e3o do Tribunal de Contas do Estado do Paran\u00e1 (TCE-PR) que julgou regulares as contas do munic\u00edpio de Guarapuava, referentes ao exerc\u00edcio de 2008. O MP de Contas, em conformidade com a unidade t\u00e9cnica,\u00a0manifestou-se pela irregularidade das contas em raz\u00e3o da aus\u00eancia de reten\u00e7\u00e3o das&hellip;","_links":{"self":[{"href":"https:\/\/www.mpc.pr.gov.br\/index.php\/wp-json\/wp\/v2\/posts\/4854","targetHints":{"allow":["GET"]}}],"collection":[{"href":"https:\/\/www.mpc.pr.gov.br\/index.php\/wp-json\/wp\/v2\/posts"}],"about":[{"href":"https:\/\/www.mpc.pr.gov.br\/index.php\/wp-json\/wp\/v2\/types\/post"}],"author":[{"embeddable":true,"href":"https:\/\/www.mpc.pr.gov.br\/index.php\/wp-json\/wp\/v2\/users\/5"}],"replies":[{"embeddable":true,"href":"https:\/\/www.mpc.pr.gov.br\/index.php\/wp-json\/wp\/v2\/comments?post=4854"}],"version-history":[{"count":0,"href":"https:\/\/www.mpc.pr.gov.br\/index.php\/wp-json\/wp\/v2\/posts\/4854\/revisions"}],"wp:featuredmedia":[{"embeddable":true,"href":"https:\/\/www.mpc.pr.gov.br\/index.php\/wp-json\/"}],"wp:attachment":[{"href":"https:\/\/www.mpc.pr.gov.br\/index.php\/wp-json\/wp\/v2\/media?parent=4854"}],"wp:term":[{"taxonomy":"category","embeddable":true,"href":"https:\/\/www.mpc.pr.gov.br\/index.php\/wp-json\/wp\/v2\/categories?post=4854"},{"taxonomy":"post_tag","embeddable":true,"href":"https:\/\/www.mpc.pr.gov.br\/index.php\/wp-json\/wp\/v2\/tags?post=4854"}],"curies":[{"name":"wp","href":"https:\/\/api.w.org\/{rel}","templated":true}]}}