{"id":4871,"date":"2017-05-29T12:13:58","date_gmt":"2017-05-29T15:13:58","guid":{"rendered":"http:\/\/www.mpc.pr.gov.br\/?p=4871"},"modified":"2017-05-29T12:13:58","modified_gmt":"2017-05-29T15:13:58","slug":"reforma-nos-tribunais-de-contas-sera-pauta-no-forum-de-debates-de-direito-financeiro","status":"publish","type":"post","link":"https:\/\/www.mpc.pr.gov.br\/index.php\/reforma-nos-tribunais-de-contas-sera-pauta-no-forum-de-debates-de-direito-financeiro\/","title":{"rendered":"Reforma nos Tribunais de Contas ser\u00e1 pauta no F\u00f3rum de Debates de Direito Financeiro"},"content":{"rendered":"<p>Considerando os recentes epis\u00f3dios de corrup\u00e7\u00e3o envolvendo atos e contratos que s\u00e3o fiscalizados pelos Tribunais de Contas, o F\u00f3rum de Debates de Direito Financeiro ter\u00e1 como pauta nesta segunda-feira, 29, o novo modelo de fiscaliza\u00e7\u00e3o e controle de gastos p\u00fablicos.<\/p>\n<p>A necessidade desse debate reacendeu ap\u00f3s den\u00fancias de corrup\u00e7\u00e3o que, supostamente, envolveram os pr\u00f3prios membros destas Cortes, como no Estado do Rio de Janeiro onde cinco dos sete conselheiros foram afastados e presos. Tamb\u00e9m se somam ao debate a necessidade de mudan\u00e7a no sistema de fiscaliza\u00e7\u00e3o e controles das contas p\u00fablicas, concebido no s\u00e9culo XIX e mantido at\u00e9 hoje sem praticamente nenhuma altera\u00e7\u00e3o.<\/p>\n<p>Entre os debatedores estar\u00e3o presentes: J\u00falio Marcelo, presidente da Associa\u00e7\u00e3o Nacional do Minist\u00e9rio P\u00fablico de Contas (AMPCON) e Roberto Livianu, presidente do Instituto N\u00e3o Aceito Corrup\u00e7\u00e3o (INAC).<\/p>\n<p>Tamb\u00e9m estar\u00e3o presentes Lucieni Pereira, presidente da Associa\u00e7\u00e3o da Auditoria de Controle Externo do Tribunal de Contas da Uni\u00e3o (AUD-TCU), Valdecir Pascoal, presidente da Associa\u00e7\u00e3o dos Membros dos Tribunais de Contas do Brasil (ATRICON) e Alexandre Sarquis, representante da Associa\u00e7\u00e3o Nacional dos Ministros e Conselheiros-Substitutos dos Tribunais de Contas (AUDICON). O evento \u00e9 coordenado por Heleno Torres, professor do Departamento de Direito Econ\u00f4mico, Financeiro e Tribut\u00e1rio da FD-USP.<\/p>\n<p>A discuss\u00e3o ser\u00e1 realizada hoje, 29, no Sal\u00e3o Nobre da Faculdade de Direito da Universidade de S\u00e3o Paulo (USP) \u00e0s 19 horas.<\/p>\n<p>A participa\u00e7\u00e3o tamb\u00e9m poder\u00e1 ser virtual. Para acessar, clique <a href=\"http:\/\/iptv.usp.br\/portal\/transmission.action?idItem=36880\">aqui<\/a>.<\/p>\n","protected":false},"excerpt":{"rendered":"<p>Considerando os recentes epis\u00f3dios de corrup\u00e7\u00e3o envolvendo atos e contratos que s\u00e3o fiscalizados pelos Tribunais de Contas, o F\u00f3rum de Debates de Direito Financeiro ter\u00e1 como pauta nesta segunda-feira, 29, o novo modelo de fiscaliza\u00e7\u00e3o e controle de gastos p\u00fablicos. A necessidade desse debate reacendeu ap\u00f3s den\u00fancias de corrup\u00e7\u00e3o que, supostamente, envolveram os pr\u00f3prios membros [&hellip;]<\/p>\n","protected":false},"author":5,"featured_media":4872,"comment_status":"open","ping_status":"open","sticky":false,"template":"","format":"standard","meta":{"_monsterinsights_skip_tracking":false,"_monsterinsights_sitenote_active":false,"_monsterinsights_sitenote_note":"","_monsterinsights_sitenote_category":0,"footnotes":""},"categories":[15,7,14],"tags":[],"class_list":["post-4871","post","type-post","status-publish","format-standard","has-post-thumbnail","hentry","category-noticias-de-interesse","category-todas-as-noticias","category-ultimas-noticias","entry","has-media"],"yoast_head":"<!-- This site is optimized with the Yoast SEO plugin v27.3 - https:\/\/yoast.com\/product\/yoast-seo-wordpress\/ -->\n<title>Reforma nos Tribunais de Contas ser\u00e1 pauta no F\u00f3rum de Debates de Direito Financeiro - Minist\u00e9rio P\u00fablico de Contas do Estado do Paran\u00e1<\/title>\n<meta name=\"robots\" content=\"index, follow, max-snippet:-1, max-image-preview:large, max-video-preview:-1\" \/>\n<link rel=\"canonical\" href=\"https:\/\/www.mpc.pr.gov.br\/index.php\/reforma-nos-tribunais-de-contas-sera-pauta-no-forum-de-debates-de-direito-financeiro\/\" \/>\n<meta property=\"og:locale\" content=\"pt_BR\" \/>\n<meta property=\"og:type\" content=\"article\" \/>\n<meta property=\"og:title\" content=\"Reforma nos Tribunais de Contas ser\u00e1 pauta no F\u00f3rum de Debates de Direito Financeiro - Minist\u00e9rio P\u00fablico de Contas do Estado do Paran\u00e1\" \/>\n<meta property=\"og:description\" content=\"Considerando os recentes epis\u00f3dios de corrup\u00e7\u00e3o envolvendo atos e contratos que s\u00e3o fiscalizados pelos Tribunais de Contas, o F\u00f3rum de Debates de Direito Financeiro ter\u00e1 como pauta nesta segunda-feira, 29, o novo modelo de fiscaliza\u00e7\u00e3o e controle de gastos p\u00fablicos. A necessidade desse debate reacendeu ap\u00f3s den\u00fancias de corrup\u00e7\u00e3o que, supostamente, envolveram os pr\u00f3prios membros [&hellip;]\" \/>\n<meta property=\"og:url\" content=\"https:\/\/www.mpc.pr.gov.br\/index.php\/reforma-nos-tribunais-de-contas-sera-pauta-no-forum-de-debates-de-direito-financeiro\/\" \/>\n<meta property=\"og:site_name\" content=\"Minist\u00e9rio P\u00fablico de Contas do Estado do Paran\u00e1\" \/>\n<meta property=\"article:publisher\" content=\"https:\/\/www.facebook.com\/mpc.pr\" \/>\n<meta property=\"article:published_time\" content=\"2017-05-29T15:13:58+00:00\" \/>\n<meta name=\"author\" content=\"giovanna.faria\" \/>\n<meta name=\"twitter:card\" content=\"summary_large_image\" \/>\n<meta name=\"twitter:label1\" content=\"Escrito por\" \/>\n\t<meta name=\"twitter:data1\" content=\"giovanna.faria\" \/>\n\t<meta name=\"twitter:label2\" content=\"Est. tempo de leitura\" \/>\n\t<meta name=\"twitter:data2\" content=\"1 minuto\" \/>\n<script type=\"application\/ld+json\" class=\"yoast-schema-graph\">{\"@context\":\"https:\\\/\\\/schema.org\",\"@graph\":[{\"@type\":\"Article\",\"@id\":\"https:\\\/\\\/www.mpc.pr.gov.br\\\/index.php\\\/reforma-nos-tribunais-de-contas-sera-pauta-no-forum-de-debates-de-direito-financeiro\\\/#article\",\"isPartOf\":{\"@id\":\"https:\\\/\\\/www.mpc.pr.gov.br\\\/index.php\\\/reforma-nos-tribunais-de-contas-sera-pauta-no-forum-de-debates-de-direito-financeiro\\\/\"},\"author\":{\"name\":\"giovanna.faria\",\"@id\":\"https:\\\/\\\/www.mpc.pr.gov.br\\\/#\\\/schema\\\/person\\\/d0c5cf9ebb4d8be833c419f3538cf751\"},\"headline\":\"Reforma nos Tribunais de Contas ser\u00e1 pauta no F\u00f3rum de Debates de Direito Financeiro\",\"datePublished\":\"2017-05-29T15:13:58+00:00\",\"mainEntityOfPage\":{\"@id\":\"https:\\\/\\\/www.mpc.pr.gov.br\\\/index.php\\\/reforma-nos-tribunais-de-contas-sera-pauta-no-forum-de-debates-de-direito-financeiro\\\/\"},\"wordCount\":277,\"commentCount\":0,\"publisher\":{\"@id\":\"https:\\\/\\\/www.mpc.pr.gov.br\\\/#organization\"},\"image\":{\"@id\":\"https:\\\/\\\/www.mpc.pr.gov.br\\\/index.php\\\/reforma-nos-tribunais-de-contas-sera-pauta-no-forum-de-debates-de-direito-financeiro\\\/#primaryimage\"},\"thumbnailUrl\":\"\",\"articleSection\":[\"Not\u00edcias de Interesse\",\"Todas as not\u00edcias\",\"\u00daltimas not\u00edcias\"],\"inLanguage\":\"pt-BR\",\"potentialAction\":[{\"@type\":\"CommentAction\",\"name\":\"Comment\",\"target\":[\"https:\\\/\\\/www.mpc.pr.gov.br\\\/index.php\\\/reforma-nos-tribunais-de-contas-sera-pauta-no-forum-de-debates-de-direito-financeiro\\\/#respond\"]}]},{\"@type\":\"WebPage\",\"@id\":\"https:\\\/\\\/www.mpc.pr.gov.br\\\/index.php\\\/reforma-nos-tribunais-de-contas-sera-pauta-no-forum-de-debates-de-direito-financeiro\\\/\",\"url\":\"https:\\\/\\\/www.mpc.pr.gov.br\\\/index.php\\\/reforma-nos-tribunais-de-contas-sera-pauta-no-forum-de-debates-de-direito-financeiro\\\/\",\"name\":\"Reforma nos Tribunais de Contas ser\u00e1 pauta no F\u00f3rum de Debates de Direito Financeiro - Minist\u00e9rio P\u00fablico de Contas do Estado do Paran\u00e1\",\"isPartOf\":{\"@id\":\"https:\\\/\\\/www.mpc.pr.gov.br\\\/#website\"},\"primaryImageOfPage\":{\"@id\":\"https:\\\/\\\/www.mpc.pr.gov.br\\\/index.php\\\/reforma-nos-tribunais-de-contas-sera-pauta-no-forum-de-debates-de-direito-financeiro\\\/#primaryimage\"},\"image\":{\"@id\":\"https:\\\/\\\/www.mpc.pr.gov.br\\\/index.php\\\/reforma-nos-tribunais-de-contas-sera-pauta-no-forum-de-debates-de-direito-financeiro\\\/#primaryimage\"},\"thumbnailUrl\":\"\",\"datePublished\":\"2017-05-29T15:13:58+00:00\",\"breadcrumb\":{\"@id\":\"https:\\\/\\\/www.mpc.pr.gov.br\\\/index.php\\\/reforma-nos-tribunais-de-contas-sera-pauta-no-forum-de-debates-de-direito-financeiro\\\/#breadcrumb\"},\"inLanguage\":\"pt-BR\",\"potentialAction\":[{\"@type\":\"ReadAction\",\"target\":[\"https:\\\/\\\/www.mpc.pr.gov.br\\\/index.php\\\/reforma-nos-tribunais-de-contas-sera-pauta-no-forum-de-debates-de-direito-financeiro\\\/\"]}]},{\"@type\":\"ImageObject\",\"inLanguage\":\"pt-BR\",\"@id\":\"https:\\\/\\\/www.mpc.pr.gov.br\\\/index.php\\\/reforma-nos-tribunais-de-contas-sera-pauta-no-forum-de-debates-de-direito-financeiro\\\/#primaryimage\",\"url\":\"\",\"contentUrl\":\"\"},{\"@type\":\"BreadcrumbList\",\"@id\":\"https:\\\/\\\/www.mpc.pr.gov.br\\\/index.php\\\/reforma-nos-tribunais-de-contas-sera-pauta-no-forum-de-debates-de-direito-financeiro\\\/#breadcrumb\",\"itemListElement\":[{\"@type\":\"ListItem\",\"position\":1,\"name\":\"In\u00edcio\",\"item\":\"https:\\\/\\\/www.mpc.pr.gov.br\\\/\"},{\"@type\":\"ListItem\",\"position\":2,\"name\":\"Reforma nos Tribunais de Contas ser\u00e1 pauta no F\u00f3rum de Debates de Direito Financeiro\"}]},{\"@type\":\"WebSite\",\"@id\":\"https:\\\/\\\/www.mpc.pr.gov.br\\\/#website\",\"url\":\"https:\\\/\\\/www.mpc.pr.gov.br\\\/\",\"name\":\"Minist\u00e9rio P\u00fablico de Contas do Estado do Paran\u00e1\",\"description\":\"\",\"publisher\":{\"@id\":\"https:\\\/\\\/www.mpc.pr.gov.br\\\/#organization\"},\"potentialAction\":[{\"@type\":\"SearchAction\",\"target\":{\"@type\":\"EntryPoint\",\"urlTemplate\":\"https:\\\/\\\/www.mpc.pr.gov.br\\\/?s={search_term_string}\"},\"query-input\":{\"@type\":\"PropertyValueSpecification\",\"valueRequired\":true,\"valueName\":\"search_term_string\"}}],\"inLanguage\":\"pt-BR\"},{\"@type\":\"Organization\",\"@id\":\"https:\\\/\\\/www.mpc.pr.gov.br\\\/#organization\",\"name\":\"Minist\u00e9rio P\u00fablico de Contas do Estado do Paran\u00e1\",\"url\":\"https:\\\/\\\/www.mpc.pr.gov.br\\\/\",\"logo\":{\"@type\":\"ImageObject\",\"inLanguage\":\"pt-BR\",\"@id\":\"https:\\\/\\\/www.mpc.pr.gov.br\\\/#\\\/schema\\\/logo\\\/image\\\/\",\"url\":\"https:\\\/\\\/www.mpc.pr.gov.br\\\/wp-content\\\/uploads\\\/2020\\\/06\\\/99423647_1593460364143890_6706793420720963584_n-1-e1591387983167.png\",\"contentUrl\":\"https:\\\/\\\/www.mpc.pr.gov.br\\\/wp-content\\\/uploads\\\/2020\\\/06\\\/99423647_1593460364143890_6706793420720963584_n-1-e1591387983167.png\",\"width\":243,\"height\":73,\"caption\":\"Minist\u00e9rio P\u00fablico de Contas do Estado do Paran\u00e1\"},\"image\":{\"@id\":\"https:\\\/\\\/www.mpc.pr.gov.br\\\/#\\\/schema\\\/logo\\\/image\\\/\"},\"sameAs\":[\"https:\\\/\\\/www.facebook.com\\\/mpc.pr\",\"https:\\\/\\\/www.instagram.com\\\/mpc.pr\\\/?hl=pt-br\",\"https:\\\/\\\/www.youtube.com\\\/channel\\\/UCHri5oEM8DV0ztX57E0sBSw\"]},{\"@type\":\"Person\",\"@id\":\"https:\\\/\\\/www.mpc.pr.gov.br\\\/#\\\/schema\\\/person\\\/d0c5cf9ebb4d8be833c419f3538cf751\",\"name\":\"giovanna.faria\",\"image\":{\"@type\":\"ImageObject\",\"inLanguage\":\"pt-BR\",\"@id\":\"https:\\\/\\\/secure.gravatar.com\\\/avatar\\\/?s=96&d=mm&r=g\",\"url\":\"https:\\\/\\\/secure.gravatar.com\\\/avatar\\\/?s=96&d=mm&r=g\",\"contentUrl\":\"https:\\\/\\\/secure.gravatar.com\\\/avatar\\\/?s=96&d=mm&r=g\",\"caption\":\"giovanna.faria\"}}]}<\/script>\n<!-- \/ Yoast SEO plugin. -->","yoast_head_json":{"title":"Reforma nos Tribunais de Contas ser\u00e1 pauta no F\u00f3rum de Debates de Direito Financeiro - Minist\u00e9rio P\u00fablico de Contas do Estado do Paran\u00e1","robots":{"index":"index","follow":"follow","max-snippet":"max-snippet:-1","max-image-preview":"max-image-preview:large","max-video-preview":"max-video-preview:-1"},"canonical":"https:\/\/www.mpc.pr.gov.br\/index.php\/reforma-nos-tribunais-de-contas-sera-pauta-no-forum-de-debates-de-direito-financeiro\/","og_locale":"pt_BR","og_type":"article","og_title":"Reforma nos Tribunais de Contas ser\u00e1 pauta no F\u00f3rum de Debates de Direito Financeiro - Minist\u00e9rio P\u00fablico de Contas do Estado do Paran\u00e1","og_description":"Considerando os recentes epis\u00f3dios de corrup\u00e7\u00e3o envolvendo atos e contratos que s\u00e3o fiscalizados pelos Tribunais de Contas, o F\u00f3rum de Debates de Direito Financeiro ter\u00e1 como pauta nesta segunda-feira, 29, o novo modelo de fiscaliza\u00e7\u00e3o e controle de gastos p\u00fablicos. A necessidade desse debate reacendeu ap\u00f3s den\u00fancias de corrup\u00e7\u00e3o que, supostamente, envolveram os pr\u00f3prios membros [&hellip;]","og_url":"https:\/\/www.mpc.pr.gov.br\/index.php\/reforma-nos-tribunais-de-contas-sera-pauta-no-forum-de-debates-de-direito-financeiro\/","og_site_name":"Minist\u00e9rio P\u00fablico de Contas do Estado do Paran\u00e1","article_publisher":"https:\/\/www.facebook.com\/mpc.pr","article_published_time":"2017-05-29T15:13:58+00:00","author":"giovanna.faria","twitter_card":"summary_large_image","twitter_misc":{"Escrito por":"giovanna.faria","Est. tempo de leitura":"1 minuto"},"schema":{"@context":"https:\/\/schema.org","@graph":[{"@type":"Article","@id":"https:\/\/www.mpc.pr.gov.br\/index.php\/reforma-nos-tribunais-de-contas-sera-pauta-no-forum-de-debates-de-direito-financeiro\/#article","isPartOf":{"@id":"https:\/\/www.mpc.pr.gov.br\/index.php\/reforma-nos-tribunais-de-contas-sera-pauta-no-forum-de-debates-de-direito-financeiro\/"},"author":{"name":"giovanna.faria","@id":"https:\/\/www.mpc.pr.gov.br\/#\/schema\/person\/d0c5cf9ebb4d8be833c419f3538cf751"},"headline":"Reforma nos Tribunais de Contas ser\u00e1 pauta no F\u00f3rum de Debates de Direito Financeiro","datePublished":"2017-05-29T15:13:58+00:00","mainEntityOfPage":{"@id":"https:\/\/www.mpc.pr.gov.br\/index.php\/reforma-nos-tribunais-de-contas-sera-pauta-no-forum-de-debates-de-direito-financeiro\/"},"wordCount":277,"commentCount":0,"publisher":{"@id":"https:\/\/www.mpc.pr.gov.br\/#organization"},"image":{"@id":"https:\/\/www.mpc.pr.gov.br\/index.php\/reforma-nos-tribunais-de-contas-sera-pauta-no-forum-de-debates-de-direito-financeiro\/#primaryimage"},"thumbnailUrl":"","articleSection":["Not\u00edcias de Interesse","Todas as not\u00edcias","\u00daltimas not\u00edcias"],"inLanguage":"pt-BR","potentialAction":[{"@type":"CommentAction","name":"Comment","target":["https:\/\/www.mpc.pr.gov.br\/index.php\/reforma-nos-tribunais-de-contas-sera-pauta-no-forum-de-debates-de-direito-financeiro\/#respond"]}]},{"@type":"WebPage","@id":"https:\/\/www.mpc.pr.gov.br\/index.php\/reforma-nos-tribunais-de-contas-sera-pauta-no-forum-de-debates-de-direito-financeiro\/","url":"https:\/\/www.mpc.pr.gov.br\/index.php\/reforma-nos-tribunais-de-contas-sera-pauta-no-forum-de-debates-de-direito-financeiro\/","name":"Reforma nos Tribunais de Contas ser\u00e1 pauta no F\u00f3rum de Debates de Direito Financeiro - Minist\u00e9rio P\u00fablico de Contas do Estado do Paran\u00e1","isPartOf":{"@id":"https:\/\/www.mpc.pr.gov.br\/#website"},"primaryImageOfPage":{"@id":"https:\/\/www.mpc.pr.gov.br\/index.php\/reforma-nos-tribunais-de-contas-sera-pauta-no-forum-de-debates-de-direito-financeiro\/#primaryimage"},"image":{"@id":"https:\/\/www.mpc.pr.gov.br\/index.php\/reforma-nos-tribunais-de-contas-sera-pauta-no-forum-de-debates-de-direito-financeiro\/#primaryimage"},"thumbnailUrl":"","datePublished":"2017-05-29T15:13:58+00:00","breadcrumb":{"@id":"https:\/\/www.mpc.pr.gov.br\/index.php\/reforma-nos-tribunais-de-contas-sera-pauta-no-forum-de-debates-de-direito-financeiro\/#breadcrumb"},"inLanguage":"pt-BR","potentialAction":[{"@type":"ReadAction","target":["https:\/\/www.mpc.pr.gov.br\/index.php\/reforma-nos-tribunais-de-contas-sera-pauta-no-forum-de-debates-de-direito-financeiro\/"]}]},{"@type":"ImageObject","inLanguage":"pt-BR","@id":"https:\/\/www.mpc.pr.gov.br\/index.php\/reforma-nos-tribunais-de-contas-sera-pauta-no-forum-de-debates-de-direito-financeiro\/#primaryimage","url":"","contentUrl":""},{"@type":"BreadcrumbList","@id":"https:\/\/www.mpc.pr.gov.br\/index.php\/reforma-nos-tribunais-de-contas-sera-pauta-no-forum-de-debates-de-direito-financeiro\/#breadcrumb","itemListElement":[{"@type":"ListItem","position":1,"name":"In\u00edcio","item":"https:\/\/www.mpc.pr.gov.br\/"},{"@type":"ListItem","position":2,"name":"Reforma nos Tribunais de Contas ser\u00e1 pauta no F\u00f3rum de Debates de Direito Financeiro"}]},{"@type":"WebSite","@id":"https:\/\/www.mpc.pr.gov.br\/#website","url":"https:\/\/www.mpc.pr.gov.br\/","name":"Minist\u00e9rio P\u00fablico de Contas do Estado do Paran\u00e1","description":"","publisher":{"@id":"https:\/\/www.mpc.pr.gov.br\/#organization"},"potentialAction":[{"@type":"SearchAction","target":{"@type":"EntryPoint","urlTemplate":"https:\/\/www.mpc.pr.gov.br\/?s={search_term_string}"},"query-input":{"@type":"PropertyValueSpecification","valueRequired":true,"valueName":"search_term_string"}}],"inLanguage":"pt-BR"},{"@type":"Organization","@id":"https:\/\/www.mpc.pr.gov.br\/#organization","name":"Minist\u00e9rio P\u00fablico de Contas do Estado do Paran\u00e1","url":"https:\/\/www.mpc.pr.gov.br\/","logo":{"@type":"ImageObject","inLanguage":"pt-BR","@id":"https:\/\/www.mpc.pr.gov.br\/#\/schema\/logo\/image\/","url":"https:\/\/www.mpc.pr.gov.br\/wp-content\/uploads\/2020\/06\/99423647_1593460364143890_6706793420720963584_n-1-e1591387983167.png","contentUrl":"https:\/\/www.mpc.pr.gov.br\/wp-content\/uploads\/2020\/06\/99423647_1593460364143890_6706793420720963584_n-1-e1591387983167.png","width":243,"height":73,"caption":"Minist\u00e9rio P\u00fablico de Contas do Estado do Paran\u00e1"},"image":{"@id":"https:\/\/www.mpc.pr.gov.br\/#\/schema\/logo\/image\/"},"sameAs":["https:\/\/www.facebook.com\/mpc.pr","https:\/\/www.instagram.com\/mpc.pr\/?hl=pt-br","https:\/\/www.youtube.com\/channel\/UCHri5oEM8DV0ztX57E0sBSw"]},{"@type":"Person","@id":"https:\/\/www.mpc.pr.gov.br\/#\/schema\/person\/d0c5cf9ebb4d8be833c419f3538cf751","name":"giovanna.faria","image":{"@type":"ImageObject","inLanguage":"pt-BR","@id":"https:\/\/secure.gravatar.com\/avatar\/?s=96&d=mm&r=g","url":"https:\/\/secure.gravatar.com\/avatar\/?s=96&d=mm&r=g","contentUrl":"https:\/\/secure.gravatar.com\/avatar\/?s=96&d=mm&r=g","caption":"giovanna.faria"}}]}},"rttpg_featured_image_url":null,"rttpg_author":{"display_name":"giovanna.faria","author_link":"https:\/\/www.mpc.pr.gov.br\/index.php\/author\/giovanna-faria\/"},"rttpg_comment":0,"rttpg_category":"<a href=\"https:\/\/www.mpc.pr.gov.br\/index.php\/category\/noticias-de-interesse\/\" rel=\"category tag\">Not\u00edcias de Interesse<\/a> <a href=\"https:\/\/www.mpc.pr.gov.br\/index.php\/category\/todas-as-noticias\/\" rel=\"category tag\">Todas as not\u00edcias<\/a> <a href=\"https:\/\/www.mpc.pr.gov.br\/index.php\/category\/ultimas-noticias\/\" rel=\"category tag\">\u00daltimas not\u00edcias<\/a>","rttpg_excerpt":"Considerando os recentes epis\u00f3dios de corrup\u00e7\u00e3o envolvendo atos e contratos que s\u00e3o fiscalizados pelos Tribunais de Contas, o F\u00f3rum de Debates de Direito Financeiro ter\u00e1 como pauta nesta segunda-feira, 29, o novo modelo de fiscaliza\u00e7\u00e3o e controle de gastos p\u00fablicos. A necessidade desse debate reacendeu ap\u00f3s den\u00fancias de corrup\u00e7\u00e3o que, supostamente, envolveram os pr\u00f3prios membros&hellip;","_links":{"self":[{"href":"https:\/\/www.mpc.pr.gov.br\/index.php\/wp-json\/wp\/v2\/posts\/4871","targetHints":{"allow":["GET"]}}],"collection":[{"href":"https:\/\/www.mpc.pr.gov.br\/index.php\/wp-json\/wp\/v2\/posts"}],"about":[{"href":"https:\/\/www.mpc.pr.gov.br\/index.php\/wp-json\/wp\/v2\/types\/post"}],"author":[{"embeddable":true,"href":"https:\/\/www.mpc.pr.gov.br\/index.php\/wp-json\/wp\/v2\/users\/5"}],"replies":[{"embeddable":true,"href":"https:\/\/www.mpc.pr.gov.br\/index.php\/wp-json\/wp\/v2\/comments?post=4871"}],"version-history":[{"count":0,"href":"https:\/\/www.mpc.pr.gov.br\/index.php\/wp-json\/wp\/v2\/posts\/4871\/revisions"}],"wp:featuredmedia":[{"embeddable":true,"href":"https:\/\/www.mpc.pr.gov.br\/index.php\/wp-json\/"}],"wp:attachment":[{"href":"https:\/\/www.mpc.pr.gov.br\/index.php\/wp-json\/wp\/v2\/media?parent=4871"}],"wp:term":[{"taxonomy":"category","embeddable":true,"href":"https:\/\/www.mpc.pr.gov.br\/index.php\/wp-json\/wp\/v2\/categories?post=4871"},{"taxonomy":"post_tag","embeddable":true,"href":"https:\/\/www.mpc.pr.gov.br\/index.php\/wp-json\/wp\/v2\/tags?post=4871"}],"curies":[{"name":"wp","href":"https:\/\/api.w.org\/{rel}","templated":true}]}}